{"id":42744,"date":"2025-08-28T06:00:00","date_gmt":"2025-08-28T12:00:00","guid":{"rendered":"https:\/\/soymigrante.com\/revista\/?p=42744"},"modified":"2025-08-27T22:29:12","modified_gmt":"2025-08-28T04:29:12","slug":"que-dice-tu-cabello-de-ti-estilos-que-revelan-la-personalidad","status":"publish","type":"post","link":"https:\/\/soymigrante.com\/revista\/que-dice-tu-cabello-de-ti-estilos-que-revelan-la-personalidad\/","title":{"rendered":"\u00bfQu\u00e9 dice tu cabello de ti? Estilos que revelan la personalidad"},"content":{"rendered":"\t\t<div data-elementor-type=\"wp-post\" data-elementor-id=\"42744\" class=\"elementor elementor-42744\" data-elementor-post-type=\"post\">\n\t\t\t\t<div data-particle_enable=\"false\" data-particle-mobile-disabled=\"false\" class=\"elementor-element elementor-element-2bb2200 e-flex e-con-boxed e-con e-parent\" data-id=\"2bb2200\" data-element_type=\"container\" data-e-type=\"container\">\n\t\t\t\t\t<div class=\"e-con-inner\">\n\t\t\t\t<div class=\"elementor-element elementor-element-4ca665b elementor-widget elementor-widget-heading\" data-id=\"4ca665b\" data-element_type=\"widget\" data-e-type=\"widget\" data-widget_type=\"heading.default\">\n\t\t\t\t\t<h2 class=\"elementor-heading-title elementor-size-default\">Tu cabello tambi\u00e9n puede dar un mensaje de ti, estos estilos pueden revelar algo acerca de tu personalidad. <\/h2>\t\t\t\t<\/div>\n\t\t\t\t\t<\/div>\n\t\t\t\t<\/div>\n\t\t<div data-particle_enable=\"false\" data-particle-mobile-disabled=\"false\" class=\"elementor-element elementor-element-d6faea9 e-flex e-con-boxed e-con e-parent\" data-id=\"d6faea9\" data-element_type=\"container\" data-e-type=\"container\">\n\t\t\t\t\t<div class=\"e-con-inner\">\n\t\t\t\t<div class=\"elementor-element elementor-element-e511e96 elementor-widget elementor-widget-text-editor\" data-id=\"e511e96\" data-element_type=\"widget\" data-e-type=\"widget\" data-widget_type=\"text-editor.default\">\n\t\t\t\t\t\t\t\t\t<p>El cabello es una carta de presentaci\u00f3n, y aunque muchas veces los hombres no le dedican tanta atenci\u00f3n como las mujeres, la forma en que lo llevan puede decir mucho de su personalidad, estilo de vida y hasta de su manera de relacionarse con los dem\u00e1s. <a href=\"https:\/\/soymigrante.com\/revista\/alternativas-naturales-para-prevenir-la-caida-del-cabello\/\" target=\"_blank\" rel=\"noopener\">Especialistas en imagen coinciden en que el cabello no solo es est\u00e9tica, tambi\u00e9n proyecta actitudes y rasgos de car\u00e1cter.<\/a><\/p>\t\t\t\t\t\t\t\t<\/div>\n\t\t\t\t\t<\/div>\n\t\t\t\t<\/div>\n\t\t<div data-particle_enable=\"false\" data-particle-mobile-disabled=\"false\" class=\"elementor-element elementor-element-2b73933 e-flex e-con-boxed e-con e-parent\" data-id=\"2b73933\" data-element_type=\"container\" data-e-type=\"container\">\n\t\t\t\t\t<div class=\"e-con-inner\">\n\t\t\t\t<div class=\"elementor-element elementor-element-acf6dc3 elementor-widget elementor-widget-heading\" data-id=\"acf6dc3\" data-element_type=\"widget\" data-e-type=\"widget\" data-widget_type=\"heading.default\">\n\t\t\t\t\t<h3 class=\"elementor-heading-title elementor-size-default\">Cabello corto: practicidad y enfoque<\/h3>\t\t\t\t<\/div>\n\t\t\t\t\t<\/div>\n\t\t\t\t<\/div>\n\t\t<div data-particle_enable=\"false\" data-particle-mobile-disabled=\"false\" class=\"elementor-element elementor-element-2e7f6a3 e-flex e-con-boxed e-con e-parent\" data-id=\"2e7f6a3\" data-element_type=\"container\" data-e-type=\"container\">\n\t\t\t\t\t<div class=\"e-con-inner\">\n\t\t\t\t<div class=\"elementor-element elementor-element-5329fc1 elementor-widget elementor-widget-text-editor\" data-id=\"5329fc1\" data-element_type=\"widget\" data-e-type=\"widget\" data-widget_type=\"text-editor.default\">\n\t\t\t\t\t\t\t\t\t<p>El cabello corto es el estilo m\u00e1s com\u00fan entre los hombres, asociado con practicidad y disciplina. Quienes lo usan suelen ser personas enfocadas, con rutinas bien establecidas y un estilo de vida din\u00e1mico. Seg\u00fan expertos en imagen, el corte corto transmite seriedad, responsabilidad y limpieza.<br \/>Adem\u00e1s, es el preferido por quienes no quieren invertir demasiado tiempo en peinarse, pero que buscan proyectar seguridad y profesionalismo.<\/p>\t\t\t\t\t\t\t\t<\/div>\n\t\t\t\t\t<\/div>\n\t\t\t\t<\/div>\n\t\t<div data-particle_enable=\"false\" data-particle-mobile-disabled=\"false\" class=\"elementor-element elementor-element-0b0f6ed e-flex e-con-boxed e-con e-parent\" data-id=\"0b0f6ed\" data-element_type=\"container\" data-e-type=\"container\">\n\t\t\t\t\t<div class=\"e-con-inner\">\n\t\t\t\t<div class=\"elementor-element elementor-element-4db9150 elementor-widget elementor-widget-image\" data-id=\"4db9150\" data-element_type=\"widget\" data-e-type=\"widget\" data-widget_type=\"image.default\">\n\t\t\t\t\t\t\t\t\t\t\t\t<figure class=\"wp-caption\">\n\t\t\t\t\t\t\t\t\t\t<img fetchpriority=\"high\" decoding=\"async\" width=\"1024\" height=\"682\" src=\"https:\/\/soymigrante.com\/revista\/wp-content\/uploads\/2025\/08\/cabello-hombr3es-1-1024x682.jpeg\" class=\"attachment-large size-large wp-image-42755\" alt=\"Cabello, hombre, peinado, joven, cuidado del cabello, estilo, barba, manos, barber\u00eda, higiene, belleza masculina, cabello corto, grooming, barber shop, cuidado personal, modelo, moda, tendencia, est\u00e9tica, salud capilar.\" srcset=\"https:\/\/soymigrante.com\/revista\/wp-content\/uploads\/2025\/08\/cabello-hombr3es-1-1024x682.jpeg 1024w, https:\/\/soymigrante.com\/revista\/wp-content\/uploads\/2025\/08\/cabello-hombr3es-1-300x200.jpeg 300w, https:\/\/soymigrante.com\/revista\/wp-content\/uploads\/2025\/08\/cabello-hombr3es-1-768x512.jpeg 768w, https:\/\/soymigrante.com\/revista\/wp-content\/uploads\/2025\/08\/cabello-hombr3es-1-1536x1023.jpeg 1536w, https:\/\/soymigrante.com\/revista\/wp-content\/uploads\/2025\/08\/cabello-hombr3es-1-750x500.webp 750w, https:\/\/soymigrante.com\/revista\/wp-content\/uploads\/2025\/08\/cabello-hombr3es-1-1140x760.webp 1140w, https:\/\/soymigrante.com\/revista\/wp-content\/uploads\/2025\/08\/cabello-hombr3es-1.webp 1600w\" sizes=\"(max-width: 1024px) 100vw, 1024px\" title=\"El cabello corto es m\u00e1s f\u00e1cil de peinar. (Foto: Envato) \u2013 SoyMigrante.com REVISTA\" \/>\t\t\t\t\t\t\t\t\t\t\t<figcaption class=\"widget-image-caption wp-caption-text\">Un joven con cabello corto y cuidado, pein\u00e1ndose con peine y secador, representando tendencias de moda y cuidado personal para hombres en una imagen moderna y estilizada.<\/figcaption>\n\t\t\t\t\t\t\t\t\t\t<\/figure>\n\t\t\t\t\t\t\t\t\t<\/div>\n\t\t\t\t\t<\/div>\n\t\t\t\t<\/div>\n\t\t<div data-particle_enable=\"false\" data-particle-mobile-disabled=\"false\" class=\"elementor-element elementor-element-8aa8a49 e-flex e-con-boxed e-con e-parent\" data-id=\"8aa8a49\" data-element_type=\"container\" data-e-type=\"container\">\n\t\t\t\t\t<div class=\"e-con-inner\">\n\t\t\t\t<div class=\"elementor-element elementor-element-47e2c82 elementor-widget elementor-widget-heading\" data-id=\"47e2c82\" data-element_type=\"widget\" data-e-type=\"widget\" data-widget_type=\"heading.default\">\n\t\t\t\t\t<h3 class=\"elementor-heading-title elementor-size-default\">Cabello largo: creatividad y libertad<\/h3>\t\t\t\t<\/div>\n\t\t\t\t\t<\/div>\n\t\t\t\t<\/div>\n\t\t<div data-particle_enable=\"false\" data-particle-mobile-disabled=\"false\" class=\"elementor-element elementor-element-5fadecb e-flex e-con-boxed e-con e-parent\" data-id=\"5fadecb\" data-element_type=\"container\" data-e-type=\"container\">\n\t\t\t\t\t<div class=\"e-con-inner\">\n\t\t\t\t<div class=\"elementor-element elementor-element-294eacf elementor-widget elementor-widget-text-editor\" data-id=\"294eacf\" data-element_type=\"widget\" data-e-type=\"widget\" data-widget_type=\"text-editor.default\">\n\t\t\t\t\t\t\t\t\t<p>Los hombres que llevan el cabello largo suelen asociarse con personalidades creativas, libres y poco convencionales. Este estilo proyecta apertura, rebeld\u00eda y una fuerte individualidad.<br \/>Quienes optan por el cabello largo no temen desafiar estereotipos y, en muchos casos, buscan expresar su autenticidad. Es com\u00fan ver este estilo en artistas, m\u00fasicos y hombres con inclinaciones hacia actividades creativas o espirituales.<\/p>\t\t\t\t\t\t\t\t<\/div>\n\t\t\t\t\t<\/div>\n\t\t\t\t<\/div>\n\t\t<div data-particle_enable=\"false\" data-particle-mobile-disabled=\"false\" class=\"elementor-element elementor-element-b16a5c9 e-flex e-con-boxed e-con e-parent\" data-id=\"b16a5c9\" data-element_type=\"container\" data-e-type=\"container\">\n\t\t\t\t\t<div class=\"e-con-inner\">\n\t\t\t\t<div class=\"elementor-element elementor-element-2e1f2f0 elementor-widget elementor-widget-heading\" data-id=\"2e1f2f0\" data-element_type=\"widget\" data-e-type=\"widget\" data-widget_type=\"heading.default\">\n\t\t\t\t\t<h3 class=\"elementor-heading-title elementor-size-default\">Cabello medio: equilibrio y versatilidad<\/h3>\t\t\t\t<\/div>\n\t\t\t\t\t<\/div>\n\t\t\t\t<\/div>\n\t\t<div data-particle_enable=\"false\" data-particle-mobile-disabled=\"false\" class=\"elementor-element elementor-element-8b46b9e e-flex e-con-boxed e-con e-parent\" data-id=\"8b46b9e\" data-element_type=\"container\" data-e-type=\"container\">\n\t\t\t\t\t<div class=\"e-con-inner\">\n\t\t\t\t<div class=\"elementor-element elementor-element-060be76 elementor-widget elementor-widget-text-editor\" data-id=\"060be76\" data-element_type=\"widget\" data-e-type=\"widget\" data-widget_type=\"text-editor.default\">\n\t\t\t\t\t\t\t\t\t<p>El cabello de longitud media combina lo mejor de ambos mundos. Proyecta a un hombre vers\u00e1til, que se adapta a diferentes entornos y que le gusta cuidar su imagen, pero sin extremos. Este estilo se asocia con quienes valoran el equilibrio entre la formalidad y la expresi\u00f3n personal.<br \/>Suele estar presente en hombres que disfrutan experimentar con su apariencia y que, a la vez, buscan un look moderno sin perder practicidad.<\/p>\t\t\t\t\t\t\t\t<\/div>\n\t\t\t\t\t<\/div>\n\t\t\t\t<\/div>\n\t\t<div data-particle_enable=\"false\" data-particle-mobile-disabled=\"false\" class=\"elementor-element elementor-element-00ade36 e-flex e-con-boxed e-con e-parent\" data-id=\"00ade36\" data-element_type=\"container\" data-e-type=\"container\">\n\t\t\t\t\t<div class=\"e-con-inner\">\n\t\t\t\t<div class=\"elementor-element elementor-element-38ba42a elementor-widget elementor-widget-image\" data-id=\"38ba42a\" data-element_type=\"widget\" data-e-type=\"widget\" data-widget_type=\"image.default\">\n\t\t\t\t\t\t\t\t\t\t\t\t<figure class=\"wp-caption\">\n\t\t\t\t\t\t\t\t\t\t<img decoding=\"async\" width=\"1024\" height=\"877\" src=\"https:\/\/soymigrante.com\/revista\/wp-content\/uploads\/2025\/08\/cabello-hombres-3-1024x877.jpeg\" class=\"attachment-large size-large wp-image-42756\" alt=\"Cabello largo y barba en un hombre con perfil en fondo blanco.\" srcset=\"https:\/\/soymigrante.com\/revista\/wp-content\/uploads\/2025\/08\/cabello-hombres-3-1024x877.jpeg 1024w, https:\/\/soymigrante.com\/revista\/wp-content\/uploads\/2025\/08\/cabello-hombres-3-300x257.jpeg 300w, https:\/\/soymigrante.com\/revista\/wp-content\/uploads\/2025\/08\/cabello-hombres-3-768x658.jpeg 768w, https:\/\/soymigrante.com\/revista\/wp-content\/uploads\/2025\/08\/cabello-hombres-3-1536x1315.jpeg 1536w, https:\/\/soymigrante.com\/revista\/wp-content\/uploads\/2025\/08\/cabello-hombres-3-750x642.webp 750w, https:\/\/soymigrante.com\/revista\/wp-content\/uploads\/2025\/08\/cabello-hombres-3-1140x976.webp 1140w, https:\/\/soymigrante.com\/revista\/wp-content\/uploads\/2025\/08\/cabello-hombres-3.webp 1600w\" sizes=\"(max-width: 1024px) 100vw, 1024px\" title=\"El cabello es un reflejo de tu personalidad. (Foto: Envato) \u2013 SoyMigrante.com REVISTA\" \/>\t\t\t\t\t\t\t\t\t\t\t<figcaption class=\"widget-image-caption wp-caption-text\">Hombre con cabello largo y barba en perfil, promoviendo contenido sobre migrantes y cultura en SoyMigrante.com Revista.<\/figcaption>\n\t\t\t\t\t\t\t\t\t\t<\/figure>\n\t\t\t\t\t\t\t\t\t<\/div>\n\t\t\t\t\t<\/div>\n\t\t\t\t<\/div>\n\t\t<div data-particle_enable=\"false\" data-particle-mobile-disabled=\"false\" class=\"elementor-element elementor-element-d732f07 e-flex e-con-boxed e-con e-parent\" data-id=\"d732f07\" data-element_type=\"container\" data-e-type=\"container\">\n\t\t\t\t\t<div class=\"e-con-inner\">\n\t\t\t\t<div class=\"elementor-element elementor-element-af75bd1 elementor-widget elementor-widget-heading\" data-id=\"af75bd1\" data-element_type=\"widget\" data-e-type=\"widget\" data-widget_type=\"heading.default\">\n\t\t\t\t\t<h3 class=\"elementor-heading-title elementor-size-default\">M\u00e1s que un estilo, un reflejo de ti<\/h3>\t\t\t\t<\/div>\n\t\t\t\t\t<\/div>\n\t\t\t\t<\/div>\n\t\t<div data-particle_enable=\"false\" data-particle-mobile-disabled=\"false\" class=\"elementor-element elementor-element-888fca3 e-flex e-con-boxed e-con e-parent\" data-id=\"888fca3\" data-element_type=\"container\" data-e-type=\"container\">\n\t\t\t\t\t<div class=\"e-con-inner\">\n\t\t\t\t<div class=\"elementor-element elementor-element-6569931 elementor-widget elementor-widget-text-editor\" data-id=\"6569931\" data-element_type=\"widget\" data-e-type=\"widget\" data-widget_type=\"text-editor.default\">\n\t\t\t\t\t\t\t\t\t<p>Aunque el corte de cabello no define la personalidad de manera absoluta, s\u00ed se convierte en un elemento de comunicaci\u00f3n no verbal que puede influir en c\u00f3mo otros perciben a un hombre. <a href=\"https:\/\/soymigrante.com\/revista\/alternativas-naturales-para-prevenir-la-caida-del-cabello\/\" target=\"_blank\" rel=\"noopener\">La psicolog\u00eda de la imagen sugiere que el cabello es un s\u00edmbolo de identidad, poder y actitud.<\/a><br \/>En pocas palabras, tu cabello habla incluso antes de que lo hagas.<\/p>\t\t\t\t\t\t\t\t<\/div>\n\t\t\t\t\t<\/div>\n\t\t\t\t<\/div>\n\t\t<div data-particle_enable=\"false\" data-particle-mobile-disabled=\"false\" class=\"elementor-element elementor-element-e15e049 e-flex e-con-boxed e-con e-parent\" data-id=\"e15e049\" data-element_type=\"container\" data-e-type=\"container\">\n\t\t\t\t\t<div class=\"e-con-inner\">\n\t\t\t\t<div class=\"elementor-element elementor-element-8dccd1c elementor-widget elementor-widget-heading\" data-id=\"8dccd1c\" data-element_type=\"widget\" data-e-type=\"widget\" data-widget_type=\"heading.default\">\n\t\t\t\t\t<h2 class=\"elementor-heading-title elementor-size-default\">Conoce esta informaci\u00f3n que te puede servir...<\/h2>\t\t\t\t<\/div>\n\t\t\t\t\t<\/div>\n\t\t\t\t<\/div>\n\t\t<div data-particle_enable=\"false\" data-particle-mobile-disabled=\"false\" class=\"elementor-element elementor-element-6365c6b e-flex e-con-boxed e-con e-parent\" data-id=\"6365c6b\" data-element_type=\"container\" data-e-type=\"container\">\n\t\t\t\t\t<div class=\"e-con-inner\">\n\t\t\t\t<div class=\"elementor-element elementor-element-1065cc3 elementor-grid-eael-col-3 elementor-grid-tablet-eael-col-2 elementor-grid-mobile-eael-col-1 elementor-widget elementor-widget-eael-post-grid\" data-id=\"1065cc3\" data-element_type=\"widget\" data-e-type=\"widget\" data-settings=\"{&quot;eael_post_grid_columns&quot;:&quot;eael-col-3&quot;,&quot;eael_post_grid_columns_tablet&quot;:&quot;eael-col-2&quot;,&quot;eael_post_grid_columns_mobile&quot;:&quot;eael-col-1&quot;}\" data-widget_type=\"eael-post-grid.default\">\n\t\t\t\t\t<div id=\"eael-post-grid-1065cc3\" class=\"eael-post-grid-container\">\n            <div class=\"eael-post-grid eael-post-appender eael-post-appender-1065cc3 eael-post-grid-style-one\" data-layout-mode=\"masonry\"><article class=\"eael-grid-post  eael-post-grid-column eael-pg-post-42120 category-salud-fisica tags-salud-fisica\" data-id=\"42120\">\n        <div class=\"eael-grid-post-holder\">\n            <div class=\"eael-grid-post-holder-inner\"><div class=\"eael-entry-media\"><div class=\"eael-entry-overlay fade-in\"><i class=\"far fa-hand-pointer\" aria-hidden=\"true\"><\/i><a href=\"https:\/\/soymigrante.com\/revista\/alternativas-naturales-para-prevenir-la-caida-del-cabello\/\"><\/a><\/div><div class=\"eael-entry-thumbnail \">\n                <img decoding=\"async\" width=\"1024\" height=\"1024\" src=\"https:\/\/soymigrante.com\/revista\/wp-content\/uploads\/2025\/08\/caida-del-cabello-3-e1755219477982-1024x1024.jpg\" class=\"attachment-large size-large wp-image-42121\" alt=\"Cabello suelto mujer mirando tel\u00e9fono m\u00f3vil alerta tensi\u00f3n preocupaci\u00f3n revista soy migrante.\" srcset=\"https:\/\/soymigrante.com\/revista\/wp-content\/uploads\/2025\/08\/caida-del-cabello-3-e1755219477982-1024x1024.jpg 1024w, https:\/\/soymigrante.com\/revista\/wp-content\/uploads\/2025\/08\/caida-del-cabello-3-e1755219477982-300x300.jpg 300w, https:\/\/soymigrante.com\/revista\/wp-content\/uploads\/2025\/08\/caida-del-cabello-3-e1755219477982-150x150.jpg 150w, https:\/\/soymigrante.com\/revista\/wp-content\/uploads\/2025\/08\/caida-del-cabello-3-e1755219477982-768x768.jpg 768w, https:\/\/soymigrante.com\/revista\/wp-content\/uploads\/2025\/08\/caida-del-cabello-3-e1755219477982-75x75.webp 75w, https:\/\/soymigrante.com\/revista\/wp-content\/uploads\/2025\/08\/caida-del-cabello-3-e1755219477982-750x750.webp 750w, https:\/\/soymigrante.com\/revista\/wp-content\/uploads\/2025\/08\/caida-del-cabello-3-e1755219477982-1140x1140.webp 1140w, https:\/\/soymigrante.com\/revista\/wp-content\/uploads\/2025\/08\/caida-del-cabello-3-e1755219477982.webp 1524w\" sizes=\"(max-width: 1024px) 100vw, 1024px\" \/>\n            <\/div>\n        <\/div><div class=\"eael-entry-wrapper\"><header class=\"eael-entry-header\"><h2 class=\"eael-entry-title\"><a class=\"eael-grid-post-link\" href=\"https:\/\/soymigrante.com\/revista\/alternativas-naturales-para-prevenir-la-caida-del-cabello\/\" title=\"Alternativas naturales para prevenir la ca\u00edda del cabello\">Alternativas naturales para prevenir la ca\u00edda del cabello<\/a><\/h2><\/header><div class=\"eael-entry-content\">\n                        <div class=\"eael-grid-post-excerpt\"><a href=\"https:\/\/soymigrante.com\/revista\/alternativas-naturales-para-prevenir-la-caida-del-cabello\/\" class=\"eael-post-elements-readmore-btn\">CONOCE SU HISTORIA <\/a><\/div>\n                    <\/div><\/div><\/div>\n        <\/div>\n    <\/article><article class=\"eael-grid-post  eael-post-grid-column eael-pg-post-10283 category-bienestar\" data-id=\"10283\">\n        <div class=\"eael-grid-post-holder\">\n            <div class=\"eael-grid-post-holder-inner\"><div class=\"eael-entry-media\"><div class=\"eael-entry-overlay fade-in\"><i class=\"far fa-hand-pointer\" aria-hidden=\"true\"><\/i><a href=\"https:\/\/soymigrante.com\/revista\/cuida-tu-nutricion-al-evitar-o-reducir-el-consumo-de-estos-7-alimentos-ultraprocesados\/\"><\/a><\/div><div class=\"eael-entry-thumbnail \">\n                <img loading=\"lazy\" decoding=\"async\" width=\"443\" height=\"440\" src=\"https:\/\/soymigrante.com\/revista\/wp-content\/uploads\/2024\/10\/alimentos-ultra-procesados-2-e1728916546558.webp\" class=\"attachment-large size-large wp-image-10324\" alt=\"Comida r\u00e1pida y snacks de juguete con tem\u00e1tica de alimentos, sushi, hot dog, pizza, hamburguesa, y m\u00e1s, ilustraci\u00f3n de alimentos en miniatura.\" srcset=\"https:\/\/soymigrante.com\/revista\/wp-content\/uploads\/2024\/10\/alimentos-ultra-procesados-2-e1728916546558.webp 443w, https:\/\/soymigrante.com\/revista\/wp-content\/uploads\/2024\/10\/alimentos-ultra-procesados-2-e1728916546558-300x298.webp 300w, https:\/\/soymigrante.com\/revista\/wp-content\/uploads\/2024\/10\/alimentos-ultra-procesados-2-e1728916546558-150x150.webp 150w, https:\/\/soymigrante.com\/revista\/wp-content\/uploads\/2024\/10\/alimentos-ultra-procesados-2-e1728916546558-75x75.webp 75w\" sizes=\"(max-width: 443px) 100vw, 443px\" \/>\n            <\/div>\n        <\/div><div class=\"eael-entry-wrapper\"><header class=\"eael-entry-header\"><h2 class=\"eael-entry-title\"><a class=\"eael-grid-post-link\" href=\"https:\/\/soymigrante.com\/revista\/cuida-tu-nutricion-al-evitar-o-reducir-el-consumo-de-estos-7-alimentos-ultraprocesados\/\" title=\"Cuida tu nutrici\u00f3n al reducir el consumo de 7 alimentos ultraprocesados\">Cuida tu nutrici\u00f3n al reducir el consumo de 7 alimentos ultraprocesados<\/a><\/h2><\/header><div class=\"eael-entry-content\">\n                        <div class=\"eael-grid-post-excerpt\"><a href=\"https:\/\/soymigrante.com\/revista\/cuida-tu-nutricion-al-evitar-o-reducir-el-consumo-de-estos-7-alimentos-ultraprocesados\/\" class=\"eael-post-elements-readmore-btn\">CONOCE SU HISTORIA <\/a><\/div>\n                    <\/div><\/div><\/div>\n        <\/div>\n    <\/article><article class=\"eael-grid-post  eael-post-grid-column eael-pg-post-35960 category-guate-nuestra tags-mercado-emprendedores\" data-id=\"35960\">\n        <div class=\"eael-grid-post-holder\">\n            <div class=\"eael-grid-post-holder-inner\"><div class=\"eael-entry-media\"><div class=\"eael-entry-overlay fade-in\"><i class=\"far fa-hand-pointer\" aria-hidden=\"true\"><\/i><a href=\"https:\/\/soymigrante.com\/revista\/la-magia-de-naara-brilla-en-el-cabello-y-ahora-esta-en-soymigrante-com-mercado\/\"><\/a><\/div><div class=\"eael-entry-thumbnail \">\n                <img loading=\"lazy\" decoding=\"async\" width=\"1024\" height=\"1024\" src=\"https:\/\/soymigrante.com\/revista\/wp-content\/uploads\/2025\/06\/naara-emprendedora-mercado-3-1024x1024.png\" class=\"attachment-large size-large wp-image-36050\" alt=\"Mariposa digital de colores rosa, azul, verde y negro con mujer sonriendo en primer plano, fondo verde intenso, para revista SoyMigrante.com, destacando migrantes y cultura.\" srcset=\"https:\/\/soymigrante.com\/revista\/wp-content\/uploads\/2025\/06\/naara-emprendedora-mercado-3-1024x1024.png 1024w, https:\/\/soymigrante.com\/revista\/wp-content\/uploads\/2025\/06\/naara-emprendedora-mercado-3-300x300.png 300w, https:\/\/soymigrante.com\/revista\/wp-content\/uploads\/2025\/06\/naara-emprendedora-mercado-3-150x150.png 150w, https:\/\/soymigrante.com\/revista\/wp-content\/uploads\/2025\/06\/naara-emprendedora-mercado-3-768x768.png 768w, https:\/\/soymigrante.com\/revista\/wp-content\/uploads\/2025\/06\/naara-emprendedora-mercado-3-75x75.webp 75w, https:\/\/soymigrante.com\/revista\/wp-content\/uploads\/2025\/06\/naara-emprendedora-mercado-3-750x750.webp 750w, https:\/\/soymigrante.com\/revista\/wp-content\/uploads\/2025\/06\/naara-emprendedora-mercado-3.webp 1120w\" sizes=\"(max-width: 1024px) 100vw, 1024px\" \/>\n            <\/div>\n        <\/div><div class=\"eael-entry-wrapper\"><header class=\"eael-entry-header\"><h2 class=\"eael-entry-title\"><a class=\"eael-grid-post-link\" href=\"https:\/\/soymigrante.com\/revista\/la-magia-de-naara-brilla-en-el-cabello-y-ahora-esta-en-soymigrante-com-mercado\/\" title=\"La magia de Naara brilla en el cabello y ahora est\u00e1 en SoyMigrante.com MERCADO\">La magia de Naara brilla en el cabello y ahora est\u00e1 en SoyMigrante.com MERCADO<\/a><\/h2><\/header><div class=\"eael-entry-content\">\n                        <div class=\"eael-grid-post-excerpt\"><a href=\"https:\/\/soymigrante.com\/revista\/la-magia-de-naara-brilla-en-el-cabello-y-ahora-esta-en-soymigrante-com-mercado\/\" class=\"eael-post-elements-readmore-btn\">CONOCE SU HISTORIA <\/a><\/div>\n                    <\/div><\/div><\/div>\n        <\/div>\n    <\/article><\/div>\n            <div class=\"clearfix\"><\/div>\n        <\/div>\t\t\t\t<\/div>\n\t\t\t\t\t<\/div>\n\t\t\t\t<\/div>\n\t\t\t\t<\/div>\n\t\t","protected":false},"excerpt":{"rendered":"<p>Tu cabello tambi\u00e9n puede dar un mensaje de ti, estos estilos pueden revelar algo acerca de tu personalidad. El cabello es una carta de presentaci\u00f3n, y aunque muchas veces los hombres no le dedican tanta atenci\u00f3n como las mujeres, la forma en que lo llevan puede decir mucho de su personalidad, estilo de vida y [&hellip;]<\/p>\n","protected":false},"author":19,"featured_media":42973,"comment_status":"open","ping_status":"open","sticky":false,"template":"","format":"standard","meta":{"_acf_changed":false,"_eb_attr":"","footnotes":""},"categories":[55],"tags":[],"class_list":["post-42744","post","type-post","status-publish","format-standard","has-post-thumbnail","hentry","category-bienestar"],"acf":[],"aioseo_notices":[],"aioseo_head":"\n\t\t<!-- All in One SEO Pro 4.9.6.2 - aioseo.com -->\n\t<meta name=\"description\" content=\"La l\u00ednea de productos naturales para el cabello Naara lleva el nombre de su fundadora. Surgi\u00f3 a partir del cari\u00f1o y el cuidado de mam\u00e1. Y ahora tiene tienda digital\" \/>\n\t<meta name=\"robots\" content=\"max-snippet:-1, max-image-preview:large, max-video-preview:-1\" \/>\n\t<meta name=\"author\" content=\"SoyMigrante.com REVISTA\"\/>\n\t<link rel=\"canonical\" href=\"https:\/\/soymigrante.com\/revista\/la-magia-de-naara-brilla-en-el-cabello-y-ahora-esta-en-soymigrante-com-mercado\/\" \/>\n\t<meta name=\"generator\" content=\"All in One SEO Pro (AIOSEO) 4.9.6.2\" \/>\n\n\t\t<link rel=\"preconnect\" href=\"https:\/\/fonts.googleapis.com\" crossorigin>\n<link rel=\"preconnect\" href=\"https:\/\/fonts.gstatic.com\" crossorigin>\n\t\t<meta property=\"og:locale\" content=\"es_ES\" \/>\n\t\t<meta property=\"og:site_name\" content=\"SoyMigrante.com REVISTA \u2013 Nuestra misi\u00f3n es reconocer y dignificar al migrante.\" \/>\n\t\t<meta property=\"og:type\" content=\"article\" \/>\n\t\t<meta property=\"og:title\" content=\"La magia de Naara brilla en el cabello y est\u00e1 en MERCADO\" \/>\n\t\t<meta property=\"og:description\" content=\"La l\u00ednea de productos naturales para el cabello Naara lleva el nombre de su fundadora. Surgi\u00f3 a partir del cari\u00f1o y el cuidado de mam\u00e1. Y ahora tiene tienda digital\" \/>\n\t\t<meta property=\"og:url\" content=\"https:\/\/soymigrante.com\/revista\/la-magia-de-naara-brilla-en-el-cabello-y-ahora-esta-en-soymigrante-com-mercado\/\" \/>\n\t\t<meta property=\"og:image\" content=\"https:\/\/soymigrante.com\/revista\/wp-content\/uploads\/2025\/06\/naara-emprendedora-mercado-3.webp\" \/>\n\t\t<meta property=\"og:image:secure_url\" content=\"https:\/\/soymigrante.com\/revista\/wp-content\/uploads\/2025\/06\/naara-emprendedora-mercado-3.webp\" \/>\n\t\t<meta property=\"og:image:width\" content=\"1120\" \/>\n\t\t<meta property=\"og:image:height\" content=\"1120\" \/>\n\t\t<meta property=\"article:published_time\" content=\"2025-06-11T10:00:00+00:00\" \/>\n\t\t<meta property=\"article:modified_time\" content=\"2025-09-25T22:04:17+00:00\" \/>\n\t\t<meta property=\"article:publisher\" content=\"https:\/\/www.facebook.com\/soymigrantecom\" \/>\n\t\t<meta name=\"twitter:card\" content=\"summary_large_image\" \/>\n\t\t<meta name=\"twitter:site\" content=\"@SoyMigrante_com\" \/>\n\t\t<meta name=\"twitter:title\" content=\"La magia de Naara brilla en el cabello y est\u00e1 en MERCADO\" \/>\n\t\t<meta name=\"twitter:description\" content=\"La l\u00ednea de productos naturales para el cabello Naara lleva el nombre de su fundadora. Surgi\u00f3 a partir del cari\u00f1o y el cuidado de mam\u00e1. Y ahora tiene tienda digital\" \/>\n\t\t<meta name=\"twitter:creator\" content=\"@SoyMigrante_com\" \/>\n\t\t<meta name=\"twitter:image\" content=\"https:\/\/soymigrante.com\/revista\/wp-content\/uploads\/2025\/06\/naara-emprendedora-mercado-3.webp\" \/>\n\t\t<!-- All in One SEO Pro -->\r\n\t\t<title>La magia de Naara brilla en el cabello y est\u00e1 en MERCADO<\/title>\n\n","aioseo_head_json":{"title":"La magia de Naara brilla en el cabello y est\u00e1 en MERCADO","description":"La l\u00ednea de productos naturales para el cabello Naara lleva el nombre de su fundadora. Surgi\u00f3 a partir del cari\u00f1o y el cuidado de mam\u00e1. Y ahora tiene tienda digital","canonical_url":"https:\/\/soymigrante.com\/revista\/la-magia-de-naara-brilla-en-el-cabello-y-ahora-esta-en-soymigrante-com-mercado\/","robots":"max-snippet:-1, max-image-preview:large, max-video-preview:-1","keywords":"","webmasterTools":{"miscellaneous":"&lt;link rel=\"preconnect\" href=\"https:\/\/fonts.googleapis.com\" crossorigin&gt;\n&lt;link rel=\"preconnect\" href=\"https:\/\/fonts.gstatic.com\" crossorigin&gt;"},"schema":null,"og:locale":"es_ES","og:site_name":"SoyMigrante.com REVISTA \u2013 Nuestra misi\u00f3n es reconocer y dignificar al migrante.","og:type":"article","og:title":"La magia de Naara brilla en el cabello y est\u00e1 en MERCADO","og:description":"La l\u00ednea de productos naturales para el cabello Naara lleva el nombre de su fundadora. Surgi\u00f3 a partir del cari\u00f1o y el cuidado de mam\u00e1. Y ahora tiene tienda digital","og:url":"https:\/\/soymigrante.com\/revista\/la-magia-de-naara-brilla-en-el-cabello-y-ahora-esta-en-soymigrante-com-mercado\/","og:image":"https:\/\/soymigrante.com\/revista\/wp-content\/uploads\/2025\/06\/naara-emprendedora-mercado-3.webp","og:image:secure_url":"https:\/\/soymigrante.com\/revista\/wp-content\/uploads\/2025\/06\/naara-emprendedora-mercado-3.webp","og:image:width":1120,"og:image:height":1120,"article:published_time":"2025-06-11T10:00:00+00:00","article:modified_time":"2025-09-25T22:04:17+00:00","article:publisher":"https:\/\/www.facebook.com\/soymigrantecom","twitter:card":"summary_large_image","twitter:site":"@SoyMigrante_com","twitter:title":"La magia de Naara brilla en el cabello y est\u00e1 en MERCADO","twitter:description":"La l\u00ednea de productos naturales para el cabello Naara lleva el nombre de su fundadora. Surgi\u00f3 a partir del cari\u00f1o y el cuidado de mam\u00e1. Y ahora tiene tienda digital","twitter:creator":"@SoyMigrante_com","twitter:image":"https:\/\/soymigrante.com\/revista\/wp-content\/uploads\/2025\/06\/naara-emprendedora-mercado-3.webp"},"aioseo_meta_data":{"post_id":"42744","title":null,"description":"Tu cabello tambi\u00e9n puede dar un mensaje de ti, estos estilos pueden revelar algo acerca de tu personalidad.","keywords":null,"keyphrases":{"focus":{"keyphrase":"cabello","score":87,"analysis":{"keyphraseInTitle":{"score":9,"maxScore":9,"error":0},"keyphraseInDescription":{"score":9,"maxScore":9,"error":0},"keyphraseLength":{"score":9,"maxScore":9,"error":0,"length":1},"keyphraseInURL":{"score":5,"maxScore":5,"error":0},"keyphraseInIntroduction":{"score":9,"maxScore":9,"error":0},"keyphraseInSubHeadings":{"score":9,"maxScore":9,"error":0},"keyphraseInImageAlt":{"score":9,"maxScore":9,"error":0},"keywordDensity":{"type":"high","score":0,"maxScore":9,"error":1}}},"additional":[{"keyphrase":"personalidad","score":100,"analysis":{"keyphraseInDescription":{"score":9,"maxScore":9,"error":0},"keyphraseLength":{"score":9,"maxScore":9,"error":0,"length":1},"keyphraseInIntroduction":{"score":9,"maxScore":9,"error":0},"keyphraseInImageAlt":{"score":9,"maxScore":9,"error":0},"keywordDensity":{"type":"best","score":9,"maxScore":9,"error":0}}}]},"primary_term":null,"canonical_url":null,"og_title":null,"og_description":null,"og_object_type":"default","og_image_type":"default","og_image_url":null,"og_image_width":null,"og_image_height":null,"og_image_custom_url":null,"og_image_custom_fields":null,"og_video":"","og_custom_url":null,"og_article_section":null,"og_article_tags":null,"twitter_use_og":false,"twitter_card":"default","twitter_image_type":"default","twitter_image_url":null,"twitter_image_custom_url":null,"twitter_image_custom_fields":null,"twitter_title":null,"twitter_description":null,"schema":{"blockGraphs":[],"customGraphs":[],"default":{"data":{"Article":[],"Course":[],"Dataset":[],"FAQPage":[],"Movie":[],"Person":[],"Product":[],"ProductReview":[],"Car":[],"Recipe":[],"Service":[],"SoftwareApplication":[],"WebPage":[]},"graphName":"none","isEnabled":true},"graphs":[]},"schema_type":"default","schema_type_options":null,"pillar_content":false,"robots_default":true,"robots_noindex":false,"robots_noarchive":false,"robots_nosnippet":false,"robots_nofollow":false,"robots_noimageindex":false,"robots_noodp":false,"robots_notranslate":false,"robots_max_snippet":"-1","robots_max_videopreview":"-1","robots_max_imagepreview":"large","priority":null,"frequency":"default","local_seo":null,"seo_analyzer_scan_date":"2025-10-09 08:04:38","breadcrumb_settings":null,"limit_modified_date":false,"reviewed_by":"0","open_ai":null,"ai":{"faqs":[],"keyPoints":[],"titles":[],"descriptions":[],"socialPosts":{"email":[],"linkedin":[],"twitter":[],"facebook":[],"instagram":[]}},"created":"2025-08-26 20:59:07","updated":"2026-02-05 04:27:52"},"aioseo_breadcrumb":"<div class=\"aioseo-breadcrumbs\"><span class=\"aioseo-breadcrumb\">\n\t<a href=\"https:\/\/soymigrante.com\/revista\" title=\"Home\">Home<\/a>\n<\/span><span class=\"aioseo-breadcrumb-separator\">\u00bb<\/span><span class=\"aioseo-breadcrumb\">\n\t<a href=\"https:\/\/soymigrante.com\/revista\/category\/bienestar\/\" title=\"Bienestar\">Bienestar<\/a>\n<\/span><span class=\"aioseo-breadcrumb-separator\">\u00bb<\/span><span class=\"aioseo-breadcrumb\">\n\t\u00bfQu\u00e9 dice tu cabello de ti? Estilos que revelan la personalidad\n<\/span><\/div>","aioseo_breadcrumb_json":[{"label":"Home","link":"https:\/\/soymigrante.com\/revista"},{"label":"Bienestar","link":"https:\/\/soymigrante.com\/revista\/category\/bienestar\/"},{"label":"\u00bfQu\u00e9 dice tu cabello de ti? Estilos que revelan la personalidad","link":"https:\/\/soymigrante.com\/revista\/que-dice-tu-cabello-de-ti-estilos-que-revelan-la-personalidad\/"}],"_links":{"self":[{"href":"https:\/\/soymigrante.com\/revista\/wp-json\/wp\/v2\/posts\/42744","targetHints":{"allow":["GET"]}}],"collection":[{"href":"https:\/\/soymigrante.com\/revista\/wp-json\/wp\/v2\/posts"}],"about":[{"href":"https:\/\/soymigrante.com\/revista\/wp-json\/wp\/v2\/types\/post"}],"author":[{"embeddable":true,"href":"https:\/\/soymigrante.com\/revista\/wp-json\/wp\/v2\/users\/19"}],"replies":[{"embeddable":true,"href":"https:\/\/soymigrante.com\/revista\/wp-json\/wp\/v2\/comments?post=42744"}],"version-history":[{"count":12,"href":"https:\/\/soymigrante.com\/revista\/wp-json\/wp\/v2\/posts\/42744\/revisions"}],"predecessor-version":[{"id":42974,"href":"https:\/\/soymigrante.com\/revista\/wp-json\/wp\/v2\/posts\/42744\/revisions\/42974"}],"wp:featuredmedia":[{"embeddable":true,"href":"https:\/\/soymigrante.com\/revista\/wp-json\/wp\/v2\/media\/42973"}],"wp:attachment":[{"href":"https:\/\/soymigrante.com\/revista\/wp-json\/wp\/v2\/media?parent=42744"}],"wp:term":[{"taxonomy":"category","embeddable":true,"href":"https:\/\/soymigrante.com\/revista\/wp-json\/wp\/v2\/categories?post=42744"},{"taxonomy":"post_tag","embeddable":true,"href":"https:\/\/soymigrante.com\/revista\/wp-json\/wp\/v2\/tags?post=42744"}],"curies":[{"name":"wp","href":"https:\/\/api.w.org\/{rel}","templated":true}]}}