{"id":42734,"date":"2025-08-26T15:18:14","date_gmt":"2025-08-26T21:18:14","guid":{"rendered":"https:\/\/soymigrante.com\/revista\/?p=42734"},"modified":"2025-08-26T15:18:26","modified_gmt":"2025-08-26T21:18:26","slug":"que-guatemaltecos-recibiran-el-premio-visionarios-por-sus-aportes-al-pais","status":"publish","type":"post","link":"https:\/\/soymigrante.com\/revista\/que-guatemaltecos-recibiran-el-premio-visionarios-por-sus-aportes-al-pais\/","title":{"rendered":"\u00bfQu\u00e9 guatemaltecos recibir\u00e1n el premio Visionarios por sus aportes al pa\u00eds?"},"content":{"rendered":"\t\t<div data-elementor-type=\"wp-post\" data-elementor-id=\"42734\" class=\"elementor elementor-42734\" data-elementor-post-type=\"post\">\n\t\t\t\t<div data-particle_enable=\"false\" data-particle-mobile-disabled=\"false\" class=\"elementor-element elementor-element-dc51088 e-flex e-con-boxed e-con e-parent\" data-id=\"dc51088\" data-element_type=\"container\" data-e-type=\"container\">\n\t\t\t\t\t<div class=\"e-con-inner\">\n\t\t\t\t<div class=\"elementor-element elementor-element-1dffafd elementor-widget elementor-widget-heading\" data-id=\"1dffafd\" data-element_type=\"widget\" data-e-type=\"widget\" data-widget_type=\"heading.default\">\n\t\t\t\t\t<h2 class=\"elementor-heading-title elementor-size-default\">La Fundaci\u00f3n Luis von Ahn, del empresario tecnol\u00f3gico, destac\u00f3 a cinco guatemaltecos por sus aportes en salud, educaci\u00f3n, artes y desarrollo. Son un modelo a seguir. <\/h2>\t\t\t\t<\/div>\n\t\t\t\t\t<\/div>\n\t\t\t\t<\/div>\n\t\t<div data-particle_enable=\"false\" data-particle-mobile-disabled=\"false\" class=\"elementor-element elementor-element-4ee7770 e-flex e-con-boxed e-con e-parent\" data-id=\"4ee7770\" data-element_type=\"container\" data-e-type=\"container\">\n\t\t\t\t\t<div class=\"e-con-inner\">\n\t\t\t\t<div class=\"elementor-element elementor-element-acc2362 elementor-widget elementor-widget-text-editor\" data-id=\"acc2362\" data-element_type=\"widget\" data-e-type=\"widget\" data-widget_type=\"text-editor.default\">\n\t\t\t\t\t\t\t\t\t<p>La <a href=\"https:\/\/www.luisvonahnfoundation.org\/\">Fundaci\u00f3n Luis von Ahn<\/a> otorg\u00f3 cinco reconocimientos del Premio Visionario 2025, a guatemaltecos y guatemaltecas cuyas trayectorias reflejan compromiso, innovaci\u00f3n y liderazgo para transformar el pa\u00eds. El premio reconoce y estimula aportes\u00a0 cuya visi\u00f3n y acciones aportan al desarrollo de una <a href=\"https:\/\/soymigrante.com\/revista\/22-departamentos-de-guatemala-un-corazon-multicultural-compartido\/\">Guatemala<\/a> m\u00e1s justa, inclusiva y sostenible.<\/p><p>Se valora el enfoque de servicio a\u00a0 mujeres, ni\u00f1as, educaci\u00f3n, igualdad de g\u00e9nero, conservaci\u00f3n del medio ambiente y fortalecimiento de la democracia. Los galardones ser\u00e1n entregados en una ceremonia en noviembre.\u00a0 A continuaci\u00f3n los ganadores del premio 2025.<\/p>\t\t\t\t\t\t\t\t<\/div>\n\t\t\t\t\t<\/div>\n\t\t\t\t<\/div>\n\t\t<div data-particle_enable=\"false\" data-particle-mobile-disabled=\"false\" class=\"elementor-element elementor-element-14a1b49 e-flex e-con-boxed e-con e-parent\" data-id=\"14a1b49\" data-element_type=\"container\" data-e-type=\"container\">\n\t\t\t\t\t<div class=\"e-con-inner\">\n\t\t\t\t<div class=\"elementor-element elementor-element-b0fb360 elementor-widget elementor-widget-html\" data-id=\"b0fb360\" data-element_type=\"widget\" data-e-type=\"widget\" data-widget_type=\"html.default\">\n\t\t\t\t\t<iframe src=\"https:\/\/www.facebook.com\/plugins\/video.php?height=476&href=https%3A%2F%2Fwww.facebook.com%2Freel%2F527961842545612%2F&show_text=true&width=476&t=0\" width=\"476\" height=\"591\" style=\"border:none;overflow:hidden\" scrolling=\"no\" frameborder=\"0\" allowfullscreen=\"true\" allow=\"autoplay; clipboard-write; encrypted-media; picture-in-picture; web-share\" allowFullScreen=\"true\"><\/iframe>\t\t\t\t<\/div>\n\t\t\t\t\t<\/div>\n\t\t\t\t<\/div>\n\t\t<div data-particle_enable=\"false\" data-particle-mobile-disabled=\"false\" class=\"elementor-element elementor-element-77b2f83 e-flex e-con-boxed e-con e-parent\" data-id=\"77b2f83\" data-element_type=\"container\" data-e-type=\"container\">\n\t\t\t\t\t<div class=\"e-con-inner\">\n\t\t\t\t<div class=\"elementor-element elementor-element-290ab1c elementor-widget elementor-widget-text-editor\" data-id=\"290ab1c\" data-element_type=\"widget\" data-e-type=\"widget\" data-widget_type=\"text-editor.default\">\n\t\t\t\t\t\t\t\t\t<h3>Lideresa social\u00a0 maya Mayra Pop\u00a0<\/h3><p>Mayra Pop, maya q&#8217;eqchi&#8217; originaria de <a href=\"https:\/\/soymigrante.com\/revista\/departamentos-de-guatemala-alta-verapaz-mosaico-cultural-y-natural\/\">Alta Verapaz<\/a>,\u00a0 ha destacado por su lucha contra el matrimonio infantil forzado y se ha convertido en un s\u00edmbolo de empoderamiento femenino. A trav\u00e9s de FUNDAECO, promueve educaci\u00f3n ambiental, ense\u00f1ando la importancia de proteger la biodiversidad.\u00a0<\/p><p>Su historia inspira especialmente a mujeres e ind\u00edgenas, demostrando que es posible desafiar barreras y construir futuros con prop\u00f3sito. Recientemente se gradu\u00f3 de Ingeniera Forestal.<\/p>\t\t\t\t\t\t\t\t<\/div>\n\t\t\t\t\t<\/div>\n\t\t\t\t<\/div>\n\t\t<div data-particle_enable=\"false\" data-particle-mobile-disabled=\"false\" class=\"elementor-element elementor-element-512cf6a e-flex e-con-boxed e-con e-parent\" data-id=\"512cf6a\" data-element_type=\"container\" data-e-type=\"container\">\n\t\t\t\t\t<div class=\"e-con-inner\">\n\t\t\t\t<div class=\"elementor-element elementor-element-2ca1db3 elementor-widget elementor-widget-html\" data-id=\"2ca1db3\" data-element_type=\"widget\" data-e-type=\"widget\" data-widget_type=\"html.default\">\n\t\t\t\t\t<iframe width=\"560\" height=\"415\" src=\"https:\/\/www.youtube.com\/embed\/qoEmiMttdr4?si=wzta-VPd2Q5dsmk4&amp;start=144\" title=\"YouTube video player\" frameborder=\"0\" allow=\"accelerometer; autoplay; clipboard-write; encrypted-media; gyroscope; picture-in-picture; web-share\" referrerpolicy=\"strict-origin-when-cross-origin\" allowfullscreen><\/iframe>\t\t\t\t<\/div>\n\t\t\t\t\t<\/div>\n\t\t\t\t<\/div>\n\t\t<div data-particle_enable=\"false\" data-particle-mobile-disabled=\"false\" class=\"elementor-element elementor-element-e50267e e-flex e-con-boxed e-con e-parent\" data-id=\"e50267e\" data-element_type=\"container\" data-e-type=\"container\">\n\t\t\t\t\t<div class=\"e-con-inner\">\n\t\t\t\t<div class=\"elementor-element elementor-element-64c1378 elementor-widget elementor-widget-text-editor\" data-id=\"64c1378\" data-element_type=\"widget\" data-e-type=\"widget\" data-widget_type=\"text-editor.default\">\n\t\t\t\t\t\t\t\t\t<h3>M\u00e9dica y soci\u00f3loga Mirna Montenegro<\/h3><p>Egresada de la Universidad de San Carlos de Guatemala (Usac), con Posgrado en Administraci\u00f3n de Empresas y \u00b7 Maestr\u00eda en Salud P\u00fablica con \u00e9nfasis en Epidemiolog\u00eda en la Escuela de Posgrados de la Usac.<\/p><p>Pionera en el trabajo de incidencia para la legislaci\u00f3n a favor de la salud de las ni\u00f1as y mujeres, ha participado en la configuraci\u00f3n de iniciativas de ley para la protecci\u00f3n de la salud materna.<\/p>\t\t\t\t\t\t\t\t<\/div>\n\t\t\t\t\t<\/div>\n\t\t\t\t<\/div>\n\t\t<div data-particle_enable=\"false\" data-particle-mobile-disabled=\"false\" class=\"elementor-element elementor-element-2391a7d e-flex e-con-boxed e-con e-parent\" data-id=\"2391a7d\" data-element_type=\"container\" data-e-type=\"container\">\n\t\t\t\t\t<div class=\"e-con-inner\">\n\t\t\t\t<div class=\"elementor-element elementor-element-d386f99 elementor-widget elementor-widget-html\" data-id=\"d386f99\" data-element_type=\"widget\" data-e-type=\"widget\" data-widget_type=\"html.default\">\n\t\t\t\t\t<iframe width=\"560\" height=\"415\" src=\"https:\/\/www.youtube.com\/embed\/zj_k13FxFUQ?si=RIyJtHskKZ4pHcSO&amp;start=144\" title=\"YouTube video player\" frameborder=\"0\" allow=\"accelerometer; autoplay; clipboard-write; encrypted-media; gyroscope; picture-in-picture; web-share\" referrerpolicy=\"strict-origin-when-cross-origin\" allowfullscreen><\/iframe>\t\t\t\t<\/div>\n\t\t\t\t\t<\/div>\n\t\t\t\t<\/div>\n\t\t<div data-particle_enable=\"false\" data-particle-mobile-disabled=\"false\" class=\"elementor-element elementor-element-339dcdd e-flex e-con-boxed e-con e-parent\" data-id=\"339dcdd\" data-element_type=\"container\" data-e-type=\"container\">\n\t\t\t\t\t<div class=\"e-con-inner\">\n\t\t\t\t<div class=\"elementor-element elementor-element-a9a0442 elementor-widget elementor-widget-text-editor\" data-id=\"a9a0442\" data-element_type=\"widget\" data-e-type=\"widget\" data-widget_type=\"text-editor.default\">\n\t\t\t\t\t\t\t\t\t<h3>Cineasta Jayro Bustamante&nbsp;<\/h3>\n<p>Originario de Ciudad de Guatemala, Bustamante estudi\u00f3 comunicaci\u00f3n social en la Universidad de San Carlos y <a href=\"https:\/\/soymigrante.com\/revista\/actor-migrante-maya-dionicio-virvez-visita-su-tierra-santa-eulalia-y-anima-vocaciones-de-cine\/\">cine<\/a> en Par\u00eds y Roma. En 2009 fund\u00f3 \u201cLa Casa de Producci\u00f3n\u201d, promoviendo el cine independiente en la regi\u00f3n. . Su debut, Ixcanul (2015), gan\u00f3 el Oso de Plata en Berl\u00edn y m\u00e1s de 60 premios internacionales. En 2018 cre\u00f3 Les Films Du Volcan y la Fundaci\u00f3n Ixcanul para fomentar el cine educativo.&nbsp;<\/p>\n<p>Obras como <i>Temblores<\/i> y <i>La Llorona<\/i> (2019), esta \u00faltima nominada al Globo de Oro, han consolidado su trayectoria. Su pel\u00edcula <i>Rita <\/i>(2024) marc\u00f3 la primera coproducci\u00f3n guatemalteca con Hollywood. Actualmente trabaja en varios proyectos, incluyendo El Sombrer\u00f3n, previsto para filmarse a finales de 2025&nbsp;<\/p>\t\t\t\t\t\t\t\t<\/div>\n\t\t\t\t\t<\/div>\n\t\t\t\t<\/div>\n\t\t<div data-particle_enable=\"false\" data-particle-mobile-disabled=\"false\" class=\"elementor-element elementor-element-052ec52 e-flex e-con-boxed e-con e-parent\" data-id=\"052ec52\" data-element_type=\"container\" data-e-type=\"container\">\n\t\t\t\t\t<div class=\"e-con-inner\">\n\t\t\t\t<div class=\"elementor-element elementor-element-4783816 elementor-widget elementor-widget-video\" data-id=\"4783816\" data-element_type=\"widget\" data-e-type=\"widget\" data-settings=\"{&quot;youtube_url&quot;:&quot;https:\\\/\\\/youtube.com\\\/shorts\\\/QOlcrHjbn6s?si=f9mSCDBdH9n1Hjwb&quot;,&quot;video_type&quot;:&quot;youtube&quot;,&quot;controls&quot;:&quot;yes&quot;}\" data-widget_type=\"video.default\">\n\t\t\t\t\t\t\t<div class=\"elementor-wrapper elementor-open-inline\">\n\t\t\t<div class=\"elementor-video\"><\/div>\t\t<\/div>\n\t\t\t\t\t\t<\/div>\n\t\t\t\t\t<\/div>\n\t\t\t\t<\/div>\n\t\t<div data-particle_enable=\"false\" data-particle-mobile-disabled=\"false\" class=\"elementor-element elementor-element-28269f7 e-flex e-con-boxed e-con e-parent\" data-id=\"28269f7\" data-element_type=\"container\" data-e-type=\"container\">\n\t\t\t\t\t<div class=\"e-con-inner\">\n\t\t\t\t<div class=\"elementor-element elementor-element-708cb28 elementor-widget elementor-widget-text-editor\" data-id=\"708cb28\" data-element_type=\"widget\" data-e-type=\"widget\" data-widget_type=\"text-editor.default\">\n\t\t\t\t\t\t\t\t\t<h3>M\u00e9dica y cient\u00edfica Alejandra Paniagua<\/h3><p>Especializada en salud p\u00fablica y epidemiolog\u00eda, Paniagua realiza un posdoctorado en epidemiolog\u00eda psiqui\u00e1trica en la Universidad de Columbia, <a href=\"https:\/\/soymigrante.com\/revista\/migrante-bilma-dalila-pedro-desde-nueva-generacion-maya-a-nueva-york\/\">Nueva York<\/a>. Su investigaci\u00f3n colabora con comunidades ind\u00edgenas mayas, cient\u00edficos y personas con experiencia vivida para crear programas de salud mental accesibles e inclusivos.\u00a0<\/p><p>Es cofundadora y presidenta de la Asociaci\u00f3n para la Salud Mental en Guatemala, donde impulsa capacitaci\u00f3n, pol\u00edticas p\u00fablicas y programas orientados a fortalecer la recuperaci\u00f3n emocional de individuos y familias\u00a0<\/p>\t\t\t\t\t\t\t\t<\/div>\n\t\t\t\t\t<\/div>\n\t\t\t\t<\/div>\n\t\t<div data-particle_enable=\"false\" data-particle-mobile-disabled=\"false\" class=\"elementor-element elementor-element-de4959d e-flex e-con-boxed e-con e-parent\" data-id=\"de4959d\" data-element_type=\"container\" data-e-type=\"container\">\n\t\t\t\t\t<div class=\"e-con-inner\">\n\t\t\t\t<div class=\"elementor-element elementor-element-625802d elementor-widget elementor-widget-video\" data-id=\"625802d\" data-element_type=\"widget\" data-e-type=\"widget\" data-settings=\"{&quot;youtube_url&quot;:&quot;https:\\\/\\\/youtube.com\\\/shorts\\\/jVMNIyF4Kdo?si=kgB-jgzq0cwazlOo&quot;,&quot;video_type&quot;:&quot;youtube&quot;,&quot;controls&quot;:&quot;yes&quot;}\" data-widget_type=\"video.default\">\n\t\t\t\t\t\t\t<div class=\"elementor-wrapper elementor-open-inline\">\n\t\t\t<div class=\"elementor-video\"><\/div>\t\t<\/div>\n\t\t\t\t\t\t<\/div>\n\t\t\t\t\t<\/div>\n\t\t\t\t<\/div>\n\t\t<div data-particle_enable=\"false\" data-particle-mobile-disabled=\"false\" class=\"elementor-element elementor-element-aee5f22 e-flex e-con-boxed e-con e-parent\" data-id=\"aee5f22\" data-element_type=\"container\" data-e-type=\"container\">\n\t\t\t\t\t<div class=\"e-con-inner\">\n\t\t\t\t<div class=\"elementor-element elementor-element-e902c4a elementor-widget elementor-widget-text-editor\" data-id=\"e902c4a\" data-element_type=\"widget\" data-e-type=\"widget\" data-widget_type=\"text-editor.default\">\n\t\t\t\t\t\t\t\t\t<h3>Educador\u00a0 comunitario Edwin Xol\u00a0<\/h3><p>Originario de aldea Punta Brava,<a href=\"https:\/\/soymigrante.com\/revista\/departamentos-de-guatemala-izabal-es-la-puerta-del-caribe\/\"> Izabal,<\/a> Xol curs\u00f3 Administraci\u00f3n de Empresas en la UFM y realiz\u00f3 un posgrado en Espa\u00f1a. En 2014 regres\u00f3 para fundar el Instituto Puente, una instituci\u00f3n educativa que ofrece formaci\u00f3n secundaria en Izabal y Alta Verapaz, amplificando oportunidades para j\u00f3venes rurales\u00a0<\/p>\t\t\t\t\t\t\t\t<\/div>\n\t\t\t\t\t<\/div>\n\t\t\t\t<\/div>\n\t\t<div data-particle_enable=\"false\" data-particle-mobile-disabled=\"false\" class=\"elementor-element elementor-element-999de67 e-flex e-con-boxed e-con e-parent\" data-id=\"999de67\" data-element_type=\"container\" data-e-type=\"container\">\n\t\t\t\t\t<div class=\"e-con-inner\">\n\t\t\t\t<div class=\"elementor-element elementor-element-635a566 elementor-widget elementor-widget-heading\" data-id=\"635a566\" data-element_type=\"widget\" data-e-type=\"widget\" data-widget_type=\"heading.default\">\n\t\t\t\t\t<h2 class=\"elementor-heading-title elementor-size-default\">Guatemala, pa\u00eds de talentos y valores<\/h2>\t\t\t\t<\/div>\n\t\t\t\t\t<\/div>\n\t\t\t\t<\/div>\n\t\t<div data-particle_enable=\"false\" data-particle-mobile-disabled=\"false\" class=\"elementor-element elementor-element-5dfad7a e-flex e-con-boxed e-con e-parent\" data-id=\"5dfad7a\" data-element_type=\"container\" data-e-type=\"container\">\n\t\t\t\t\t<div class=\"e-con-inner\">\n\t\t\t\t<div class=\"elementor-element elementor-element-e4b085d elementor-grid-eael-col-3 elementor-grid-tablet-eael-col-2 elementor-grid-mobile-eael-col-1 elementor-widget elementor-widget-eael-post-grid\" data-id=\"e4b085d\" data-element_type=\"widget\" data-e-type=\"widget\" data-settings=\"{&quot;eael_post_grid_columns&quot;:&quot;eael-col-3&quot;,&quot;eael_post_grid_columns_tablet&quot;:&quot;eael-col-2&quot;,&quot;eael_post_grid_columns_mobile&quot;:&quot;eael-col-1&quot;}\" data-widget_type=\"eael-post-grid.default\">\n\t\t\t\t\t<div id=\"eael-post-grid-e4b085d\" class=\"eael-post-grid-container\">\n            <div class=\"eael-post-grid eael-post-appender eael-post-appender-e4b085d eael-post-grid-style-one\" data-layout-mode=\"masonry\"><article class=\"eael-grid-post  eael-post-grid-column eael-pg-post-26587 category-exitos\" data-id=\"26587\">\n        <div class=\"eael-grid-post-holder\">\n            <div class=\"eael-grid-post-holder-inner\"><div class=\"eael-entry-media\"><div class=\"eael-entry-overlay fade-in\"><i class=\"far fa-hand-pointer\" aria-hidden=\"true\"><\/i><a href=\"https:\/\/soymigrante.com\/revista\/carla-esquivel-guatemalteca-defiende-la-dignidad-de-las-trabajadoras-de-casa-en-connecticut\/\"><\/a><\/div><div class=\"eael-entry-thumbnail \">\n                <img fetchpriority=\"high\" decoding=\"async\" width=\"1024\" height=\"1022\" src=\"https:\/\/soymigrante.com\/revista\/wp-content\/uploads\/2025\/02\/carla-esquivel-1-e1740765756368-1024x1022.jpg\" class=\"attachment-large size-large wp-image-26603\" alt=\"Vendedora con alas de mariposa en protesta frente a la Casa Blanca, representando la comunidad migrante en Estados Unidos. Imagen de activismo y derechos migratorios.\" srcset=\"https:\/\/soymigrante.com\/revista\/wp-content\/uploads\/2025\/02\/carla-esquivel-1-e1740765756368-1024x1022.jpg 1024w, https:\/\/soymigrante.com\/revista\/wp-content\/uploads\/2025\/02\/carla-esquivel-1-e1740765756368-300x300.jpg 300w, https:\/\/soymigrante.com\/revista\/wp-content\/uploads\/2025\/02\/carla-esquivel-1-e1740765756368-150x150.jpg 150w, https:\/\/soymigrante.com\/revista\/wp-content\/uploads\/2025\/02\/carla-esquivel-1-e1740765756368-768x766.jpg 768w, https:\/\/soymigrante.com\/revista\/wp-content\/uploads\/2025\/02\/carla-esquivel-1-e1740765756368-75x75.webp 75w, https:\/\/soymigrante.com\/revista\/wp-content\/uploads\/2025\/02\/carla-esquivel-1-e1740765756368-750x748.webp 750w, https:\/\/soymigrante.com\/revista\/wp-content\/uploads\/2025\/02\/carla-esquivel-1-e1740765756368-1140x1137.webp 1140w, https:\/\/soymigrante.com\/revista\/wp-content\/uploads\/2025\/02\/carla-esquivel-1-e1740765756368.webp 1316w\" sizes=\"(max-width: 1024px) 100vw, 1024px\" \/>\n            <\/div>\n        <\/div><div class=\"eael-entry-wrapper\"><header class=\"eael-entry-header\"><h2 class=\"eael-entry-title\"><a class=\"eael-grid-post-link\" href=\"https:\/\/soymigrante.com\/revista\/carla-esquivel-guatemalteca-defiende-la-dignidad-de-las-trabajadoras-de-casa-en-connecticut\/\" title=\"Carla Esquivel, guatemalteca, defiende la dignidad de las trabajadoras de casa en Connecticut\">Carla Esquivel, guatemalteca, defiende la dignidad de las trabajadoras de casa en Connecticut<\/a><\/h2><\/header><div class=\"eael-entry-content\">\n                        <div class=\"eael-grid-post-excerpt\"><a href=\"https:\/\/soymigrante.com\/revista\/carla-esquivel-guatemalteca-defiende-la-dignidad-de-las-trabajadoras-de-casa-en-connecticut\/\" class=\"eael-post-elements-readmore-btn\">CONOCE SU HISTORIA <\/a><\/div>\n                    <\/div><\/div><\/div>\n        <\/div>\n    <\/article><article class=\"eael-grid-post  eael-post-grid-column eael-pg-post-35884 category-exitos-guatemala\" data-id=\"35884\">\n        <div class=\"eael-grid-post-holder\">\n            <div class=\"eael-grid-post-holder-inner\"><div class=\"eael-entry-media\"><div class=\"eael-entry-overlay fade-in\"><i class=\"far fa-hand-pointer\" aria-hidden=\"true\"><\/i><a href=\"https:\/\/soymigrante.com\/revista\/abogada-guatemalteca-ana-gabriela-urizar-orienta-defiende-y-dignifica-a-migrantes-hispanos\/\"><\/a><\/div><div class=\"eael-entry-thumbnail \">\n                <img decoding=\"async\" width=\"1024\" height=\"1024\" src=\"https:\/\/soymigrante.com\/revista\/wp-content\/uploads\/2025\/06\/ana-gabriela-urizar-abogada-migratoria-guatemalteca-ny-1024x1024.png\" class=\"attachment-large size-large wp-image-35886\" alt=\"Migrante mujer profesional en oficina, libertad y empoderamiento, homenaje a la comunidad migrante en revista SoyMigrante.com.\" srcset=\"https:\/\/soymigrante.com\/revista\/wp-content\/uploads\/2025\/06\/ana-gabriela-urizar-abogada-migratoria-guatemalteca-ny-1024x1024.png 1024w, https:\/\/soymigrante.com\/revista\/wp-content\/uploads\/2025\/06\/ana-gabriela-urizar-abogada-migratoria-guatemalteca-ny-300x300.png 300w, https:\/\/soymigrante.com\/revista\/wp-content\/uploads\/2025\/06\/ana-gabriela-urizar-abogada-migratoria-guatemalteca-ny-150x150.png 150w, https:\/\/soymigrante.com\/revista\/wp-content\/uploads\/2025\/06\/ana-gabriela-urizar-abogada-migratoria-guatemalteca-ny-768x768.png 768w, https:\/\/soymigrante.com\/revista\/wp-content\/uploads\/2025\/06\/ana-gabriela-urizar-abogada-migratoria-guatemalteca-ny-75x75.webp 75w, https:\/\/soymigrante.com\/revista\/wp-content\/uploads\/2025\/06\/ana-gabriela-urizar-abogada-migratoria-guatemalteca-ny-750x750.webp 750w, https:\/\/soymigrante.com\/revista\/wp-content\/uploads\/2025\/06\/ana-gabriela-urizar-abogada-migratoria-guatemalteca-ny.webp 1120w\" sizes=\"(max-width: 1024px) 100vw, 1024px\" \/>\n            <\/div>\n        <\/div><div class=\"eael-entry-wrapper\"><header class=\"eael-entry-header\"><h2 class=\"eael-entry-title\"><a class=\"eael-grid-post-link\" href=\"https:\/\/soymigrante.com\/revista\/abogada-guatemalteca-ana-gabriela-urizar-orienta-defiende-y-dignifica-a-migrantes-hispanos\/\" title=\"Abogada guatemalteca Ana Gabriela Ur\u00edzar orienta, defiende y dignifica a migrantes hispanos\">Abogada guatemalteca Ana Gabriela Ur\u00edzar orienta, defiende y dignifica a migrantes hispanos<\/a><\/h2><\/header><div class=\"eael-entry-content\">\n                        <div class=\"eael-grid-post-excerpt\"><a href=\"https:\/\/soymigrante.com\/revista\/abogada-guatemalteca-ana-gabriela-urizar-orienta-defiende-y-dignifica-a-migrantes-hispanos\/\" class=\"eael-post-elements-readmore-btn\">CONOCE SU HISTORIA <\/a><\/div>\n                    <\/div><\/div><\/div>\n        <\/div>\n    <\/article><article class=\"eael-grid-post  eael-post-grid-column eael-pg-post-8258 category-exitos\" data-id=\"8258\">\n        <div class=\"eael-grid-post-holder\">\n            <div class=\"eael-grid-post-holder-inner\"><div class=\"eael-entry-media\"><div class=\"eael-entry-overlay fade-in\"><i class=\"far fa-hand-pointer\" aria-hidden=\"true\"><\/i><a href=\"https:\/\/soymigrante.com\/revista\/jose-coronado-dreamer-guatemalteco-y-graduado-de-harvard-apoya-tps-para-migrantes\/\"><\/a><\/div><div class=\"eael-entry-thumbnail \">\n                <img decoding=\"async\" width=\"608\" height=\"602\" src=\"https:\/\/soymigrante.com\/revista\/wp-content\/uploads\/2024\/08\/jose-gonzalo-coronado.webp\" class=\"attachment-large size-large wp-image-8259\" alt=\"Trabajador migrante en protesta en M\u00e9xico, derechos laborales, inmigrantes, movilizaci\u00f3n social, SoyMigrante.com REVISTA.\" srcset=\"https:\/\/soymigrante.com\/revista\/wp-content\/uploads\/2024\/08\/jose-gonzalo-coronado.webp 608w, https:\/\/soymigrante.com\/revista\/wp-content\/uploads\/2024\/08\/jose-gonzalo-coronado-300x297.webp 300w, https:\/\/soymigrante.com\/revista\/wp-content\/uploads\/2024\/08\/jose-gonzalo-coronado-150x150.webp 150w, https:\/\/soymigrante.com\/revista\/wp-content\/uploads\/2024\/08\/jose-gonzalo-coronado-75x75.webp 75w\" sizes=\"(max-width: 608px) 100vw, 608px\" \/>\n            <\/div>\n        <\/div><div class=\"eael-entry-wrapper\"><header class=\"eael-entry-header\"><h2 class=\"eael-entry-title\"><a class=\"eael-grid-post-link\" href=\"https:\/\/soymigrante.com\/revista\/jose-coronado-dreamer-guatemalteco-y-graduado-de-harvard-apoya-tps-para-migrantes\/\" title=\"Jos\u00e9 Coronado,  dreamer guatemalteco y graduado de Harvard, apoya TPS para compatriotas\">Jos\u00e9 Coronado,  dreamer guatemalteco y graduado de Harvard, apoya TPS para compatriotas<\/a><\/h2><\/header><div class=\"eael-entry-content\">\n                        <div class=\"eael-grid-post-excerpt\"><a href=\"https:\/\/soymigrante.com\/revista\/jose-coronado-dreamer-guatemalteco-y-graduado-de-harvard-apoya-tps-para-migrantes\/\" class=\"eael-post-elements-readmore-btn\">CONOCE SU HISTORIA <\/a><\/div>\n                    <\/div><\/div><\/div>\n        <\/div>\n    <\/article><\/div>\n            <div class=\"clearfix\"><\/div>\n        <\/div>\t\t\t\t<\/div>\n\t\t\t\t\t<\/div>\n\t\t\t\t<\/div>\n\t\t\t\t<\/div>\n\t\t","protected":false},"excerpt":{"rendered":"<p>La Fundaci\u00f3n Luis von Ahn, del empresario tecnol\u00f3gico, destac\u00f3 a cinco guatemaltecos por sus aportes en salud, educaci\u00f3n, artes y desarrollo. Son un modelo a seguir. La Fundaci\u00f3n Luis von Ahn otorg\u00f3 cinco reconocimientos del Premio Visionario 2025, a guatemaltecos y guatemaltecas cuyas trayectorias reflejan compromiso, innovaci\u00f3n y liderazgo para transformar el pa\u00eds. El premio [&hellip;]<\/p>\n","protected":false},"author":7,"featured_media":42735,"comment_status":"open","ping_status":"open","sticky":false,"template":"","format":"standard","meta":{"_acf_changed":false,"_eb_attr":"","footnotes":""},"categories":[54],"tags":[],"class_list":["post-42734","post","type-post","status-publish","format-standard","has-post-thumbnail","hentry","category-estamos-unidos"],"acf":[],"aioseo_notices":[],"aioseo_head":"\n\t\t<!-- All in One SEO Pro 4.9.6.2 - aioseo.com -->\n\t<meta name=\"description\" content=\"Estudi\u00f3 Matem\u00e1tica y Literatura en Harvard, trabaja como analista del \u00e1rea ambiental y por convicci\u00f3n de su propia vivencia migrante, apoya el TPS para Guatemala. Esta es su historia.\" \/>\n\t<meta name=\"robots\" content=\"max-snippet:-1, max-image-preview:large, max-video-preview:-1\" \/>\n\t<meta name=\"author\" content=\"Gustavo Montenegro\"\/>\n\t<link rel=\"canonical\" href=\"https:\/\/soymigrante.com\/revista\/jose-coronado-dreamer-guatemalteco-y-graduado-de-harvard-apoya-tps-para-migrantes\/\" \/>\n\t<meta name=\"generator\" content=\"All in One SEO Pro (AIOSEO) 4.9.6.2\" \/>\n\n\t\t<link rel=\"preconnect\" href=\"https:\/\/fonts.googleapis.com\" crossorigin>\n<link rel=\"preconnect\" href=\"https:\/\/fonts.gstatic.com\" crossorigin>\n\t\t<meta property=\"og:locale\" content=\"es_ES\" \/>\n\t\t<meta property=\"og:site_name\" content=\"SoyMigrante.com REVISTA \u2013 Nuestra misi\u00f3n es reconocer y dignificar al migrante.\" \/>\n\t\t<meta property=\"og:type\" content=\"article\" \/>\n\t\t<meta property=\"og:title\" content=\"Dreamer guatemalteco egresado de Harvard impulsa TPS\" \/>\n\t\t<meta property=\"og:description\" content=\"Estudi\u00f3 Matem\u00e1tica y Literatura en Harvard, trabaja como analista del \u00e1rea ambiental y por convicci\u00f3n de su propia vivencia migrante, apoya el TPS para Guatemala. Esta es su historia.\" \/>\n\t\t<meta property=\"og:url\" content=\"https:\/\/soymigrante.com\/revista\/jose-coronado-dreamer-guatemalteco-y-graduado-de-harvard-apoya-tps-para-migrantes\/\" \/>\n\t\t<meta property=\"og:image\" content=\"https:\/\/soymigrante.com\/revista\/wp-content\/uploads\/2024\/08\/jose-gonzalo-coronado.webp\" \/>\n\t\t<meta property=\"og:image:secure_url\" content=\"https:\/\/soymigrante.com\/revista\/wp-content\/uploads\/2024\/08\/jose-gonzalo-coronado.webp\" \/>\n\t\t<meta property=\"og:image:width\" content=\"608\" \/>\n\t\t<meta property=\"og:image:height\" content=\"602\" \/>\n\t\t<meta property=\"article:published_time\" content=\"2024-08-22T02:31:02+00:00\" \/>\n\t\t<meta property=\"article:modified_time\" content=\"2024-11-01T07:43:29+00:00\" \/>\n\t\t<meta property=\"article:publisher\" content=\"https:\/\/www.facebook.com\/soymigrantecom\" \/>\n\t\t<meta name=\"twitter:card\" content=\"summary_large_image\" \/>\n\t\t<meta name=\"twitter:site\" content=\"@SoyMigrante_com\" \/>\n\t\t<meta name=\"twitter:title\" content=\"Dreamer guatemalteco egresado de Harvard impulsa TPS\" \/>\n\t\t<meta name=\"twitter:description\" content=\"Estudi\u00f3 Matem\u00e1tica y Literatura en Harvard, trabaja como analista del \u00e1rea ambiental y por convicci\u00f3n de su propia vivencia migrante, apoya el TPS para Guatemala. Esta es su historia.\" \/>\n\t\t<meta name=\"twitter:creator\" content=\"@SoyMigrante_com\" \/>\n\t\t<meta name=\"twitter:image\" content=\"https:\/\/soymigrante.com\/revista\/wp-content\/uploads\/2024\/08\/jose-gonzalo-coronado.webp\" \/>\n\t\t<!-- All in One SEO Pro -->\r\n\t\t<title>Dreamer guatemalteco egresado de Harvard impulsa TPS<\/title>\n\n","aioseo_head_json":{"title":"Dreamer guatemalteco egresado de Harvard impulsa TPS","description":"Estudi\u00f3 Matem\u00e1tica y Literatura en Harvard, trabaja como analista del \u00e1rea ambiental y por convicci\u00f3n de su propia vivencia migrante, apoya el TPS para Guatemala. Esta es su historia.","canonical_url":"https:\/\/soymigrante.com\/revista\/jose-coronado-dreamer-guatemalteco-y-graduado-de-harvard-apoya-tps-para-migrantes\/","robots":"max-snippet:-1, max-image-preview:large, max-video-preview:-1","keywords":"","webmasterTools":{"miscellaneous":"&lt;link rel=\"preconnect\" href=\"https:\/\/fonts.googleapis.com\" crossorigin&gt;\n&lt;link rel=\"preconnect\" href=\"https:\/\/fonts.gstatic.com\" crossorigin&gt;"},"schema":null,"og:locale":"es_ES","og:site_name":"SoyMigrante.com REVISTA \u2013 Nuestra misi\u00f3n es reconocer y dignificar al migrante.","og:type":"article","og:title":"Dreamer guatemalteco egresado de Harvard impulsa TPS","og:description":"Estudi\u00f3 Matem\u00e1tica y Literatura en Harvard, trabaja como analista del \u00e1rea ambiental y por convicci\u00f3n de su propia vivencia migrante, apoya el TPS para Guatemala. Esta es su historia.","og:url":"https:\/\/soymigrante.com\/revista\/jose-coronado-dreamer-guatemalteco-y-graduado-de-harvard-apoya-tps-para-migrantes\/","og:image":"https:\/\/soymigrante.com\/revista\/wp-content\/uploads\/2024\/08\/jose-gonzalo-coronado.webp","og:image:secure_url":"https:\/\/soymigrante.com\/revista\/wp-content\/uploads\/2024\/08\/jose-gonzalo-coronado.webp","og:image:width":608,"og:image:height":602,"article:published_time":"2024-08-22T02:31:02+00:00","article:modified_time":"2024-11-01T07:43:29+00:00","article:publisher":"https:\/\/www.facebook.com\/soymigrantecom","twitter:card":"summary_large_image","twitter:site":"@SoyMigrante_com","twitter:title":"Dreamer guatemalteco egresado de Harvard impulsa TPS","twitter:description":"Estudi\u00f3 Matem\u00e1tica y Literatura en Harvard, trabaja como analista del \u00e1rea ambiental y por convicci\u00f3n de su propia vivencia migrante, apoya el TPS para Guatemala. Esta es su historia.","twitter:creator":"@SoyMigrante_com","twitter:image":"https:\/\/soymigrante.com\/revista\/wp-content\/uploads\/2024\/08\/jose-gonzalo-coronado.webp"},"aioseo_meta_data":{"post_id":"42734","title":"Premian a 5 guatemaltecos por sus aportes Visionarios al pa\u00eds","description":"Fundaci\u00f3n del empresario tecnol\u00f3gico Luis von Ahn galardona aportes en artes, ciencia y proyecci\u00f3n social de 5 guatemaltecos. Conoce quienes son y sus logros.","keywords":null,"keyphrases":{"focus":{"keyphrase":"Guatemaltecos","score":78,"analysis":{"keyphraseInTitle":{"score":9,"maxScore":9,"error":0},"keyphraseInDescription":{"score":9,"maxScore":9,"error":0},"keyphraseLength":{"score":9,"maxScore":9,"error":0,"length":1},"keyphraseInURL":{"score":5,"maxScore":5,"error":0},"keyphraseInIntroduction":{"score":9,"maxScore":9,"error":0},"keyphraseInSubHeadings":{"score":3,"maxScore":9,"error":1},"keyphraseInImageAlt":{"score":9,"maxScore":9,"error":0},"keywordDensity":{"score":0,"type":"low","maxScore":9,"error":1}}},"additional":[{"keyphrase":"Pa\u00eds","score":53,"analysis":{"keyphraseInDescription":{"score":3,"maxScore":9,"error":1},"keyphraseLength":{"score":9,"maxScore":9,"error":0,"length":2},"keyphraseInIntroduction":{"score":9,"maxScore":9,"error":0},"keyphraseInImageAlt":{"score":3,"maxScore":9,"error":1},"keywordDensity":{"score":0,"type":"low","maxScore":9,"error":1}}}]},"primary_term":null,"canonical_url":null,"og_title":null,"og_description":null,"og_object_type":"default","og_image_type":"default","og_image_url":null,"og_image_width":null,"og_image_height":null,"og_image_custom_url":null,"og_image_custom_fields":null,"og_video":"","og_custom_url":null,"og_article_section":null,"og_article_tags":null,"twitter_use_og":false,"twitter_card":"default","twitter_image_type":"default","twitter_image_url":null,"twitter_image_custom_url":null,"twitter_image_custom_fields":null,"twitter_title":null,"twitter_description":null,"schema":{"blockGraphs":[],"customGraphs":[],"default":{"data":{"Article":[],"Course":[],"Dataset":[],"FAQPage":[],"Movie":[],"Person":[],"Product":[],"ProductReview":[],"Car":[],"Recipe":[],"Service":[],"SoftwareApplication":[],"WebPage":[]},"graphName":"none","isEnabled":true},"graphs":[]},"schema_type":"default","schema_type_options":null,"pillar_content":false,"robots_default":true,"robots_noindex":false,"robots_noarchive":false,"robots_nosnippet":false,"robots_nofollow":false,"robots_noimageindex":false,"robots_noodp":false,"robots_notranslate":false,"robots_max_snippet":"-1","robots_max_videopreview":"-1","robots_max_imagepreview":"large","priority":null,"frequency":"default","local_seo":null,"seo_analyzer_scan_date":"2025-10-09 07:56:22","breadcrumb_settings":null,"limit_modified_date":false,"reviewed_by":"0","open_ai":null,"ai":{"faqs":[],"keyPoints":[],"titles":[],"descriptions":[],"socialPosts":{"email":[],"linkedin":[],"twitter":[],"facebook":[],"instagram":[]}},"created":"2025-08-26 20:15:40","updated":"2026-02-05 04:23:30"},"aioseo_breadcrumb":"<div class=\"aioseo-breadcrumbs\"><span class=\"aioseo-breadcrumb\">\n\t<a href=\"https:\/\/soymigrante.com\/revista\" title=\"Home\">Home<\/a>\n<\/span><span class=\"aioseo-breadcrumb-separator\">\u00bb<\/span><span class=\"aioseo-breadcrumb\">\n\t<a href=\"https:\/\/soymigrante.com\/revista\/category\/estamos-unidos\/\" title=\"Estamos Unidos\">Estamos Unidos<\/a>\n<\/span><span class=\"aioseo-breadcrumb-separator\">\u00bb<\/span><span class=\"aioseo-breadcrumb\">\n\t\u00bfQu\u00e9 guatemaltecos recibir\u00e1n el premio Visionarios por sus aportes al pa\u00eds?\n<\/span><\/div>","aioseo_breadcrumb_json":[{"label":"Home","link":"https:\/\/soymigrante.com\/revista"},{"label":"Estamos Unidos","link":"https:\/\/soymigrante.com\/revista\/category\/estamos-unidos\/"},{"label":"\u00bfQu\u00e9 guatemaltecos recibir\u00e1n el premio Visionarios por sus aportes al pa\u00eds?","link":"https:\/\/soymigrante.com\/revista\/que-guatemaltecos-recibiran-el-premio-visionarios-por-sus-aportes-al-pais\/"}],"_links":{"self":[{"href":"https:\/\/soymigrante.com\/revista\/wp-json\/wp\/v2\/posts\/42734","targetHints":{"allow":["GET"]}}],"collection":[{"href":"https:\/\/soymigrante.com\/revista\/wp-json\/wp\/v2\/posts"}],"about":[{"href":"https:\/\/soymigrante.com\/revista\/wp-json\/wp\/v2\/types\/post"}],"author":[{"embeddable":true,"href":"https:\/\/soymigrante.com\/revista\/wp-json\/wp\/v2\/users\/7"}],"replies":[{"embeddable":true,"href":"https:\/\/soymigrante.com\/revista\/wp-json\/wp\/v2\/comments?post=42734"}],"version-history":[{"count":9,"href":"https:\/\/soymigrante.com\/revista\/wp-json\/wp\/v2\/posts\/42734\/revisions"}],"predecessor-version":[{"id":42748,"href":"https:\/\/soymigrante.com\/revista\/wp-json\/wp\/v2\/posts\/42734\/revisions\/42748"}],"wp:featuredmedia":[{"embeddable":true,"href":"https:\/\/soymigrante.com\/revista\/wp-json\/wp\/v2\/media\/42735"}],"wp:attachment":[{"href":"https:\/\/soymigrante.com\/revista\/wp-json\/wp\/v2\/media?parent=42734"}],"wp:term":[{"taxonomy":"category","embeddable":true,"href":"https:\/\/soymigrante.com\/revista\/wp-json\/wp\/v2\/categories?post=42734"},{"taxonomy":"post_tag","embeddable":true,"href":"https:\/\/soymigrante.com\/revista\/wp-json\/wp\/v2\/tags?post=42734"}],"curies":[{"name":"wp","href":"https:\/\/api.w.org\/{rel}","templated":true}]}}