{"id":42664,"date":"2025-08-27T04:00:00","date_gmt":"2025-08-27T10:00:00","guid":{"rendered":"https:\/\/soymigrante.com\/revista\/?p=42664"},"modified":"2025-08-27T08:55:34","modified_gmt":"2025-08-27T14:55:34","slug":"en-verdad-existe-el-nino-interior-y-como-cuidarlo","status":"publish","type":"post","link":"https:\/\/soymigrante.com\/revista\/en-verdad-existe-el-nino-interior-y-como-cuidarlo\/","title":{"rendered":"\u00bfEn verdad existe el ni\u00f1o interior y como cuidarlo?"},"content":{"rendered":"\t\t<div data-elementor-type=\"wp-post\" data-elementor-id=\"42664\" class=\"elementor elementor-42664\" data-elementor-post-type=\"post\">\n\t\t\t\t<div data-particle_enable=\"false\" data-particle-mobile-disabled=\"false\" class=\"elementor-element elementor-element-6b0a076 e-flex e-con-boxed e-con e-parent\" data-id=\"6b0a076\" data-element_type=\"container\" data-e-type=\"container\">\n\t\t\t\t\t<div class=\"e-con-inner\">\n\t\t\t\t<div class=\"elementor-element elementor-element-11b492b elementor-widget elementor-widget-heading\" data-id=\"11b492b\" data-element_type=\"widget\" data-e-type=\"widget\" data-widget_type=\"heading.default\">\n\t\t\t\t\t<h2 class=\"elementor-heading-title elementor-size-default\">Muchas personas se han cuestionado si el ni\u00f1o interior existe, pero los profesionales te lo pueden explicar. <\/h2>\t\t\t\t<\/div>\n\t\t\t\t\t<\/div>\n\t\t\t\t<\/div>\n\t\t<div data-particle_enable=\"false\" data-particle-mobile-disabled=\"false\" class=\"elementor-element elementor-element-3b033af e-flex e-con-boxed e-con e-parent\" data-id=\"3b033af\" data-element_type=\"container\" data-e-type=\"container\">\n\t\t\t\t\t<div class=\"e-con-inner\">\n\t\t\t\t<div class=\"elementor-element elementor-element-f178f5b elementor-widget elementor-widget-text-editor\" data-id=\"f178f5b\" data-element_type=\"widget\" data-e-type=\"widget\" data-widget_type=\"text-editor.default\">\n\t\t\t\t\t\t\t\t\t<p><a href=\"https:\/\/soymigrante.com\/revista\/como-brindar-seguridad-a-nuestros-hijos-claves-desde-la-psicologia\/\" target=\"_blank\" rel=\"noopener\">En los \u00faltimos a\u00f1os, la expresi\u00f3n \u201csanar al ni\u00f1o interior\u201d se ha vuelto com\u00fan en conversaciones sobre salud emocional y desarrollo personal.<\/a> Pero, \u00bfqu\u00e9 significa realmente este concepto? \u00bfEs solo una met\u00e1fora o tiene sustento psicol\u00f3gico?<\/p>\t\t\t\t\t\t\t\t<\/div>\n\t\t\t\t\t<\/div>\n\t\t\t\t<\/div>\n\t\t<div data-particle_enable=\"false\" data-particle-mobile-disabled=\"false\" class=\"elementor-element elementor-element-6b697d5 e-flex e-con-boxed e-con e-parent\" data-id=\"6b697d5\" data-element_type=\"container\" data-e-type=\"container\">\n\t\t\t\t\t<div class=\"e-con-inner\">\n\t\t\t\t<div class=\"elementor-element elementor-element-21e1dde elementor-widget elementor-widget-heading\" data-id=\"21e1dde\" data-element_type=\"widget\" data-e-type=\"widget\" data-widget_type=\"heading.default\">\n\t\t\t\t\t<h3 class=\"elementor-heading-title elementor-size-default\">\u00bfQu\u00e9 es el \u201cni\u00f1o interior\u201d?<\/h3>\t\t\t\t<\/div>\n\t\t\t\t\t<\/div>\n\t\t\t\t<\/div>\n\t\t<div data-particle_enable=\"false\" data-particle-mobile-disabled=\"false\" class=\"elementor-element elementor-element-35b3e3a e-flex e-con-boxed e-con e-parent\" data-id=\"35b3e3a\" data-element_type=\"container\" data-e-type=\"container\">\n\t\t\t\t\t<div class=\"e-con-inner\">\n\t\t\t\t<div class=\"elementor-element elementor-element-1a71af3 elementor-widget elementor-widget-text-editor\" data-id=\"1a71af3\" data-element_type=\"widget\" data-e-type=\"widget\" data-widget_type=\"text-editor.default\">\n\t\t\t\t\t\t\t\t\t<p>El \u201cni\u00f1o interior\u201d es un concepto utilizado en psicolog\u00eda y desarrollo personal para referirse a la parte emocional de cada persona que guarda recuerdos, experiencias y heridas de la infancia. No se trata de un ni\u00f1o real dentro de nosotros, sino de un s\u00edmbolo que ayuda a conectar con esas vivencias pasadas que influyen en nuestra vida adulta.<\/p>\t\t\t\t\t\t\t\t<\/div>\n\t\t\t\t\t<\/div>\n\t\t\t\t<\/div>\n\t\t<div data-particle_enable=\"false\" data-particle-mobile-disabled=\"false\" class=\"elementor-element elementor-element-59c6b81 e-flex e-con-boxed e-con e-parent\" data-id=\"59c6b81\" data-element_type=\"container\" data-e-type=\"container\">\n\t\t\t\t\t<div class=\"e-con-inner\">\n\t\t\t\t<div class=\"elementor-element elementor-element-67f1c73 elementor-widget elementor-widget-heading\" data-id=\"67f1c73\" data-element_type=\"widget\" data-e-type=\"widget\" data-widget_type=\"heading.default\">\n\t\t\t\t\t<h3 class=\"elementor-heading-title elementor-size-default\">\u00bfRealmente existe o es solo una idea simb\u00f3lica?<\/h3>\t\t\t\t<\/div>\n\t\t\t\t\t<\/div>\n\t\t\t\t<\/div>\n\t\t<div data-particle_enable=\"false\" data-particle-mobile-disabled=\"false\" class=\"elementor-element elementor-element-d748066 e-flex e-con-boxed e-con e-parent\" data-id=\"d748066\" data-element_type=\"container\" data-e-type=\"container\">\n\t\t\t\t\t<div class=\"e-con-inner\">\n\t\t\t\t<div class=\"elementor-element elementor-element-b8585cf elementor-widget elementor-widget-text-editor\" data-id=\"b8585cf\" data-element_type=\"widget\" data-e-type=\"widget\" data-widget_type=\"text-editor.default\">\n\t\t\t\t\t\t\t\t\t<p>Profesionales de la psicolog\u00eda explican que el ni\u00f1o interior no es una entidad f\u00edsica ni biol\u00f3gica, sino una representaci\u00f3n emocional. Seg\u00fan terapeutas, reconocer al ni\u00f1o interior es una forma de trabajar con memorias de la infancia que quedaron grabadas en el subconsciente y que pueden afectar la manera en que nos relacionamos, tomamos decisiones o gestionamos emociones.<\/p>\t\t\t\t\t\t\t\t<\/div>\n\t\t\t\t\t<\/div>\n\t\t\t\t<\/div>\n\t\t<div data-particle_enable=\"false\" data-particle-mobile-disabled=\"false\" class=\"elementor-element elementor-element-bc7a108 e-flex e-con-boxed e-con e-parent\" data-id=\"bc7a108\" data-element_type=\"container\" data-e-type=\"container\">\n\t\t\t\t\t<div class=\"e-con-inner\">\n\t\t\t\t<div class=\"elementor-element elementor-element-d316fb1 elementor-widget elementor-widget-image\" data-id=\"d316fb1\" data-element_type=\"widget\" data-e-type=\"widget\" data-widget_type=\"image.default\">\n\t\t\t\t\t\t\t\t\t\t\t\t<figure class=\"wp-caption\">\n\t\t\t\t\t\t\t\t\t\t<img fetchpriority=\"high\" decoding=\"async\" width=\"768\" height=\"768\" src=\"https:\/\/soymigrante.com\/revista\/wp-content\/uploads\/2025\/08\/nino-interior-1.webp\" class=\"attachment-large size-large wp-image-42672\" alt=\"Pensamiento profundo y crecimiento personal en la comunidad de SoyMigrante.com REVISTA.\" srcset=\"https:\/\/soymigrante.com\/revista\/wp-content\/uploads\/2025\/08\/nino-interior-1.webp 1024w, https:\/\/soymigrante.com\/revista\/wp-content\/uploads\/2025\/08\/nino-interior-1-300x300.jpg 300w, https:\/\/soymigrante.com\/revista\/wp-content\/uploads\/2025\/08\/nino-interior-1-150x150.jpg 150w, https:\/\/soymigrante.com\/revista\/wp-content\/uploads\/2025\/08\/nino-interior-1-768x768.jpg 768w, https:\/\/soymigrante.com\/revista\/wp-content\/uploads\/2025\/08\/nino-interior-1-75x75.webp 75w, https:\/\/soymigrante.com\/revista\/wp-content\/uploads\/2025\/08\/nino-interior-1-750x750.webp 750w\" sizes=\"(max-width: 768px) 100vw, 768px\" title=\"El ni\u00f1o interior puede definir tu futuro. (Foto: Envato) \u2013 SoyMigrante.com REVISTA\" \/>\t\t\t\t\t\t\t\t\t\t\t<figcaption class=\"widget-image-caption wp-caption-text\">Ilustraci\u00f3n digital de una figura reflexiva con un beb\u00e9, simbolizando introspecci\u00f3n y desarrollo emocional en la migraci\u00f3n.<\/figcaption>\n\t\t\t\t\t\t\t\t\t\t<\/figure>\n\t\t\t\t\t\t\t\t\t<\/div>\n\t\t\t\t\t<\/div>\n\t\t\t\t<\/div>\n\t\t<div data-particle_enable=\"false\" data-particle-mobile-disabled=\"false\" class=\"elementor-element elementor-element-1f036f6 e-flex e-con-boxed e-con e-parent\" data-id=\"1f036f6\" data-element_type=\"container\" data-e-type=\"container\">\n\t\t\t\t\t<div class=\"e-con-inner\">\n\t\t\t\t<div class=\"elementor-element elementor-element-464f5b2 elementor-widget elementor-widget-heading\" data-id=\"464f5b2\" data-element_type=\"widget\" data-e-type=\"widget\" data-widget_type=\"heading.default\">\n\t\t\t\t\t<h3 class=\"elementor-heading-title elementor-size-default\">\u00bfPor qu\u00e9 es importante hablar del ni\u00f1o interior?<\/h3>\t\t\t\t<\/div>\n\t\t\t\t\t<\/div>\n\t\t\t\t<\/div>\n\t\t<div data-particle_enable=\"false\" data-particle-mobile-disabled=\"false\" class=\"elementor-element elementor-element-1aada57 e-flex e-con-boxed e-con e-parent\" data-id=\"1aada57\" data-element_type=\"container\" data-e-type=\"container\">\n\t\t\t\t\t<div class=\"e-con-inner\">\n\t\t\t\t<div class=\"elementor-element elementor-element-be660a6 elementor-widget elementor-widget-text-editor\" data-id=\"be660a6\" data-element_type=\"widget\" data-e-type=\"widget\" data-widget_type=\"text-editor.default\">\n\t\t\t\t\t\t\t\t\t<p>Porque muchas heridas no resueltas de la ni\u00f1ez, como el abandono, la falta de cari\u00f1o o situaciones de violencia, pueden manifestarse en la adultez como baja autoestima, miedo al rechazo, dificultad para poner l\u00edmites o relaciones t\u00f3xicas. <a href=\"https:\/\/soymigrante.com\/revista\/como-brindar-seguridad-a-nuestros-hijos-claves-desde-la-psicologia\/\" target=\"_blank\" rel=\"noopener\">Trabajar con el ni\u00f1o interior permite identificar esas heridas y comenzar un proceso de sanaci\u00f3n.<\/a><\/p>\t\t\t\t\t\t\t\t<\/div>\n\t\t\t\t\t<\/div>\n\t\t\t\t<\/div>\n\t\t<div data-particle_enable=\"false\" data-particle-mobile-disabled=\"false\" class=\"elementor-element elementor-element-3d27801 e-flex e-con-boxed e-con e-parent\" data-id=\"3d27801\" data-element_type=\"container\" data-e-type=\"container\">\n\t\t\t\t\t<div class=\"e-con-inner\">\n\t\t\t\t<div class=\"elementor-element elementor-element-accaf73 elementor-widget elementor-widget-heading\" data-id=\"accaf73\" data-element_type=\"widget\" data-e-type=\"widget\" data-widget_type=\"heading.default\">\n\t\t\t\t\t<h3 class=\"elementor-heading-title elementor-size-default\">\u00bfQu\u00e9 dicen los psic\u00f3logos sobre \u201csanar al ni\u00f1o interior\u201d?<\/h3>\t\t\t\t<\/div>\n\t\t\t\t\t<\/div>\n\t\t\t\t<\/div>\n\t\t<div data-particle_enable=\"false\" data-particle-mobile-disabled=\"false\" class=\"elementor-element elementor-element-bbb9409 e-flex e-con-boxed e-con e-parent\" data-id=\"bbb9409\" data-element_type=\"container\" data-e-type=\"container\">\n\t\t\t\t\t<div class=\"e-con-inner\">\n\t\t\t\t<div class=\"elementor-element elementor-element-11fd0fc elementor-widget elementor-widget-text-editor\" data-id=\"11fd0fc\" data-element_type=\"widget\" data-e-type=\"widget\" data-widget_type=\"text-editor.default\">\n\t\t\t\t\t\t\t\t\t<div>Psic\u00f3logos y terapeutas coinciden en que este tipo de terapia ayuda a:<\/div><div>\u2022Reconocer emociones reprimidas.<\/div><div>\u2022Darle voz a experiencias que no pudieron expresarse en la infancia.<\/div><div>\u2022Aprender a cuidarse y a validarse a uno mismo.<\/div><div>\u2022Fortalecer la autoestima y mejorar las relaciones interpersonales.<\/div>\t\t\t\t\t\t\t\t<\/div>\n\t\t\t\t\t<\/div>\n\t\t\t\t<\/div>\n\t\t<div data-particle_enable=\"false\" data-particle-mobile-disabled=\"false\" class=\"elementor-element elementor-element-93085e5 e-flex e-con-boxed e-con e-parent\" data-id=\"93085e5\" data-element_type=\"container\" data-e-type=\"container\">\n\t\t\t\t\t<div class=\"e-con-inner\">\n\t\t\t\t<div class=\"elementor-element elementor-element-d626b71 elementor-widget elementor-widget-image\" data-id=\"d626b71\" data-element_type=\"widget\" data-e-type=\"widget\" data-widget_type=\"image.default\">\n\t\t\t\t\t\t\t\t\t\t\t\t<figure class=\"wp-caption\">\n\t\t\t\t\t\t\t\t\t\t<img decoding=\"async\" width=\"768\" height=\"509\" src=\"https:\/\/soymigrante.com\/revista\/wp-content\/uploads\/2025\/08\/nino-interior-4-1024x678.jpg\" class=\"attachment-large size-large wp-image-42671\" alt=\"Ni\u00f1o contemplando pensativo, expresi\u00f3n reflexiva en un primer plano en blanco y negro para revista SoyMigrante.com.\" srcset=\"https:\/\/soymigrante.com\/revista\/wp-content\/uploads\/2025\/08\/nino-interior-4-1024x678.jpg 1024w, https:\/\/soymigrante.com\/revista\/wp-content\/uploads\/2025\/08\/nino-interior-4-300x199.jpg 300w, https:\/\/soymigrante.com\/revista\/wp-content\/uploads\/2025\/08\/nino-interior-4-768x508.jpg 768w, https:\/\/soymigrante.com\/revista\/wp-content\/uploads\/2025\/08\/nino-interior-4-1536x1017.jpg 1536w, https:\/\/soymigrante.com\/revista\/wp-content\/uploads\/2025\/08\/nino-interior-4-750x496.webp 750w, https:\/\/soymigrante.com\/revista\/wp-content\/uploads\/2025\/08\/nino-interior-4-1140x755.webp 1140w, https:\/\/soymigrante.com\/revista\/wp-content\/uploads\/2025\/08\/nino-interior-4.webp 1920w\" sizes=\"(max-width: 768px) 100vw, 768px\" title=\"Sanar las heridas del pasado es algo que te ayudar\u00e1 para el futuro. (Foto: Envato) \u2013 SoyMigrante.com REVISTA\" \/>\t\t\t\t\t\t\t\t\t\t\t<figcaption class=\"widget-image-caption wp-caption-text\">Joven sentado pensativo, en gris, imagen para art\u00edculo sobre migraci\u00f3n y derechos humanos en SoyMigrante.<\/figcaption>\n\t\t\t\t\t\t\t\t\t\t<\/figure>\n\t\t\t\t\t\t\t\t\t<\/div>\n\t\t\t\t\t<\/div>\n\t\t\t\t<\/div>\n\t\t<div data-particle_enable=\"false\" data-particle-mobile-disabled=\"false\" class=\"elementor-element elementor-element-5afe3ad e-flex e-con-boxed e-con e-parent\" data-id=\"5afe3ad\" data-element_type=\"container\" data-e-type=\"container\">\n\t\t\t\t\t<div class=\"e-con-inner\">\n\t\t\t\t<div class=\"elementor-element elementor-element-9ab5279 elementor-widget elementor-widget-heading\" data-id=\"9ab5279\" data-element_type=\"widget\" data-e-type=\"widget\" data-widget_type=\"heading.default\">\n\t\t\t\t\t<h3 class=\"elementor-heading-title elementor-size-default\">\u00bfC\u00f3mo se puede trabajar con el ni\u00f1o interior?<\/h3>\t\t\t\t<\/div>\n\t\t\t\t\t<\/div>\n\t\t\t\t<\/div>\n\t\t<div data-particle_enable=\"false\" data-particle-mobile-disabled=\"false\" class=\"elementor-element elementor-element-e98c1e7 e-flex e-con-boxed e-con e-parent\" data-id=\"e98c1e7\" data-element_type=\"container\" data-e-type=\"container\">\n\t\t\t\t\t<div class=\"e-con-inner\">\n\t\t\t\t<div class=\"elementor-element elementor-element-4b569e7 elementor-widget elementor-widget-text-editor\" data-id=\"4b569e7\" data-element_type=\"widget\" data-e-type=\"widget\" data-widget_type=\"text-editor.default\">\n\t\t\t\t\t\t\t\t\t<div>Existen diferentes t\u00e9cnicas:<\/div><div><strong>\u2022Terapia psicol\u00f3gica<\/strong>: con acompa\u00f1amiento profesional para explorar recuerdos y emociones.<\/div><div><strong>\u2022Escritura terap\u00e9utica<\/strong>: redactar cartas al \u201cni\u00f1o interior\u201d como una forma de di\u00e1logo interno.<\/div><div><strong>\u2022Meditaci\u00f3n y visualizaci\u00f3n:<\/strong> ejercicios guiados para reconectar con esa parte sensible y vulnerable.<\/div><div><strong>\u2022Autocuidado consciente:<\/strong> aprender a tratarse con amabilidad, <a href=\"https:\/\/soymigrante.com\/revista\/como-brindar-seguridad-a-nuestros-hijos-claves-desde-la-psicologia\/\" target=\"_blank\" rel=\"noopener\">como lo har\u00edamos con un ni\u00f1o.<\/a><\/div>\t\t\t\t\t\t\t\t<\/div>\n\t\t\t\t\t<\/div>\n\t\t\t\t<\/div>\n\t\t<div data-particle_enable=\"false\" data-particle-mobile-disabled=\"false\" class=\"elementor-element elementor-element-f565038 e-flex e-con-boxed e-con e-parent\" data-id=\"f565038\" data-element_type=\"container\" data-e-type=\"container\">\n\t\t\t\t\t<div class=\"e-con-inner\">\n\t\t\t\t<div class=\"elementor-element elementor-element-4792e81 elementor-widget elementor-widget-heading\" data-id=\"4792e81\" data-element_type=\"widget\" data-e-type=\"widget\" data-widget_type=\"heading.default\">\n\t\t\t\t\t<h3 class=\"elementor-heading-title elementor-size-default\">\u00bfEs un recurso v\u00e1lido en la psicolog\u00eda cient\u00edfica?<\/h3>\t\t\t\t<\/div>\n\t\t\t\t\t<\/div>\n\t\t\t\t<\/div>\n\t\t<div data-particle_enable=\"false\" data-particle-mobile-disabled=\"false\" class=\"elementor-element elementor-element-b6310ff e-flex e-con-boxed e-con e-parent\" data-id=\"b6310ff\" data-element_type=\"container\" data-e-type=\"container\">\n\t\t\t\t\t<div class=\"e-con-inner\">\n\t\t\t\t<div class=\"elementor-element elementor-element-d46b4ee elementor-widget elementor-widget-text-editor\" data-id=\"d46b4ee\" data-element_type=\"widget\" data-e-type=\"widget\" data-widget_type=\"text-editor.default\">\n\t\t\t\t\t\t\t\t\t<p>Algunos psic\u00f3logos consideran el \u201cni\u00f1o interior\u201d m\u00e1s como una herramienta terap\u00e9utica que como un t\u00e9rmino cient\u00edfico. Sin embargo, reconocen que ha sido \u00fatil en procesos de terapia gest\u00e1ltica, psicolog\u00eda humanista y enfoques de trauma, porque permite que las personas comprendan mejor sus emociones y necesidades no satisfechas.<\/p><p><a href=\"https:\/\/soymigrante.com\/revista\/como-brindar-seguridad-a-nuestros-hijos-claves-desde-la-psicologia\/\" target=\"_blank\" rel=\"noopener\">El ni\u00f1o interior no es un ser real dentro de nosotros, sino un recurso psicol\u00f3gico que ayuda a trabajar con experiencias de la ni\u00f1ez<\/a> que todav\u00eda influyen en la vida adulta. Los profesionales coinciden en que reconocerlo y sanarlo puede ser un paso clave hacia una mejor salud emocional.<\/p>\t\t\t\t\t\t\t\t<\/div>\n\t\t\t\t\t<\/div>\n\t\t\t\t<\/div>\n\t\t<div data-particle_enable=\"false\" data-particle-mobile-disabled=\"false\" class=\"elementor-element elementor-element-4d243b5 e-flex e-con-boxed e-con e-parent\" data-id=\"4d243b5\" data-element_type=\"container\" data-e-type=\"container\">\n\t\t\t\t\t<div class=\"e-con-inner\">\n\t\t\t\t<div class=\"elementor-element elementor-element-361be50 elementor-widget elementor-widget-heading\" data-id=\"361be50\" data-element_type=\"widget\" data-e-type=\"widget\" data-widget_type=\"heading.default\">\n\t\t\t\t\t<h2 class=\"elementor-heading-title elementor-size-default\">Conoce estos temas que te pueden interesar...<\/h2>\t\t\t\t<\/div>\n\t\t\t\t\t<\/div>\n\t\t\t\t<\/div>\n\t\t<div data-particle_enable=\"false\" data-particle-mobile-disabled=\"false\" class=\"elementor-element elementor-element-3cb2918 e-flex e-con-boxed e-con e-parent\" data-id=\"3cb2918\" data-element_type=\"container\" data-e-type=\"container\">\n\t\t\t\t\t<div class=\"e-con-inner\">\n\t\t\t\t<div class=\"elementor-element elementor-element-13be8e7 elementor-grid-eael-col-3 elementor-grid-tablet-eael-col-2 elementor-grid-mobile-eael-col-1 elementor-invisible elementor-widget elementor-widget-eael-post-grid\" data-id=\"13be8e7\" data-element_type=\"widget\" data-e-type=\"widget\" data-settings=\"{&quot;eael_post_grid_columns&quot;:&quot;eael-col-3&quot;,&quot;_animation&quot;:&quot;rollIn&quot;,&quot;eael_post_grid_columns_tablet&quot;:&quot;eael-col-2&quot;,&quot;eael_post_grid_columns_mobile&quot;:&quot;eael-col-1&quot;}\" data-widget_type=\"eael-post-grid.default\">\n\t\t\t\t\t<div id=\"eael-post-grid-13be8e7\" class=\"eael-post-grid-container\">\n            <div class=\"eael-post-grid eael-post-appender eael-post-appender-13be8e7 eael-post-grid-style-one\" data-layout-mode=\"masonry\"><article class=\"eael-grid-post  eael-post-grid-column eael-pg-post-8905 category-bienestar\" data-id=\"8905\">\n        <div class=\"eael-grid-post-holder\">\n            <div class=\"eael-grid-post-holder-inner\"><div class=\"eael-entry-media\"><div class=\"eael-entry-overlay fade-in\"><i class=\"far fa-hand-pointer\" aria-hidden=\"true\"><\/i><a href=\"https:\/\/soymigrante.com\/revista\/como-lidiar-con-el-choque-cultural-en-ninos-y-jovenes-al-llegar-a-usa\/\"><\/a><\/div><div class=\"eael-entry-thumbnail \">\n                <img decoding=\"async\" width=\"891\" height=\"891\" src=\"https:\/\/soymigrante.com\/revista\/wp-content\/uploads\/2024\/09\/ninos-hispanos-migrantes.webp\" class=\"attachment-large size-large wp-image-8919\" alt=\"Estudiantes escolares en aula, leyendo y estudiando juntas en un ambiente educativo, promoviendo el aprendizaje y la inclusi\u00f3n en la comunidad escolar.\" srcset=\"https:\/\/soymigrante.com\/revista\/wp-content\/uploads\/2024\/09\/ninos-hispanos-migrantes.webp 891w, https:\/\/soymigrante.com\/revista\/wp-content\/uploads\/2024\/09\/ninos-hispanos-migrantes-300x300.webp 300w, https:\/\/soymigrante.com\/revista\/wp-content\/uploads\/2024\/09\/ninos-hispanos-migrantes-150x150.webp 150w, https:\/\/soymigrante.com\/revista\/wp-content\/uploads\/2024\/09\/ninos-hispanos-migrantes-768x768.webp 768w, https:\/\/soymigrante.com\/revista\/wp-content\/uploads\/2024\/09\/ninos-hispanos-migrantes-75x75.webp 75w, https:\/\/soymigrante.com\/revista\/wp-content\/uploads\/2024\/09\/ninos-hispanos-migrantes-750x750.webp 750w\" sizes=\"(max-width: 891px) 100vw, 891px\" \/>\n            <\/div>\n        <\/div><div class=\"eael-entry-wrapper\"><header class=\"eael-entry-header\"><h2 class=\"eael-entry-title\"><a class=\"eael-grid-post-link\" href=\"https:\/\/soymigrante.com\/revista\/como-lidiar-con-el-choque-cultural-en-ninos-y-jovenes-al-llegar-a-usa\/\" title=\"C\u00f3mo lidiar con el choque cultural en ni\u00f1os y j\u00f3venes al llegar a USA\">C\u00f3mo lidiar con el choque cultural en ni\u00f1os y j\u00f3venes al llegar a USA<\/a><\/h2><\/header><div class=\"eael-entry-content\">\n                        <div class=\"eael-grid-post-excerpt\"><a href=\"https:\/\/soymigrante.com\/revista\/como-lidiar-con-el-choque-cultural-en-ninos-y-jovenes-al-llegar-a-usa\/\" class=\"eael-post-elements-readmore-btn\">CONOCE SU HISTORIA <\/a><\/div>\n                    <\/div><\/div><\/div>\n        <\/div>\n    <\/article><article class=\"eael-grid-post  eael-post-grid-column eael-pg-post-6871 category-bienestar\" data-id=\"6871\">\n        <div class=\"eael-grid-post-holder\">\n            <div class=\"eael-grid-post-holder-inner\"><div class=\"eael-entry-media\"><div class=\"eael-entry-overlay fade-in\"><i class=\"far fa-hand-pointer\" aria-hidden=\"true\"><\/i><a href=\"https:\/\/soymigrante.com\/revista\/como-ensenar-a-los-ninos-a-reconocer-y-vencer-la-frustracion\/\"><\/a><\/div><div class=\"eael-entry-thumbnail \">\n                <img loading=\"lazy\" decoding=\"async\" width=\"1024\" height=\"1024\" src=\"https:\/\/soymigrante.com\/revista\/wp-content\/uploads\/2024\/06\/footballer-5010770_1280-e1718137863274-1024x1024.webp\" class=\"attachment-large size-large wp-image-6877\" alt=\"Ni\u00f1o jugando al f\u00fatbol en un campo al aire libre durante un partido infantil de deporte.\" srcset=\"https:\/\/soymigrante.com\/revista\/wp-content\/uploads\/2024\/06\/footballer-5010770_1280-e1718137863274-1024x1024.webp 1024w, https:\/\/soymigrante.com\/revista\/wp-content\/uploads\/2024\/06\/footballer-5010770_1280-e1718137863274-300x300.webp 300w, https:\/\/soymigrante.com\/revista\/wp-content\/uploads\/2024\/06\/footballer-5010770_1280-e1718137863274-150x150.webp 150w, https:\/\/soymigrante.com\/revista\/wp-content\/uploads\/2024\/06\/footballer-5010770_1280-e1718137863274-768x768.webp 768w, https:\/\/soymigrante.com\/revista\/wp-content\/uploads\/2024\/06\/footballer-5010770_1280-e1718137863274-75x75.webp 75w, https:\/\/soymigrante.com\/revista\/wp-content\/uploads\/2024\/06\/footballer-5010770_1280-e1718137863274-750x750.webp 750w, https:\/\/soymigrante.com\/revista\/wp-content\/uploads\/2024\/06\/footballer-5010770_1280-e1718137863274.webp 1124w\" sizes=\"(max-width: 1024px) 100vw, 1024px\" \/>\n            <\/div>\n        <\/div><div class=\"eael-entry-wrapper\"><header class=\"eael-entry-header\"><h2 class=\"eael-entry-title\"><a class=\"eael-grid-post-link\" href=\"https:\/\/soymigrante.com\/revista\/como-ensenar-a-los-ninos-a-reconocer-y-vencer-la-frustracion\/\" title=\"Como ense\u00f1ar a los ni\u00f1os a reconocer y vencer la frustraci\u00f3n\">Como ense\u00f1ar a los ni\u00f1os a reconocer y vencer la frustraci\u00f3n<\/a><\/h2><\/header><div class=\"eael-entry-content\">\n                        <div class=\"eael-grid-post-excerpt\"><a href=\"https:\/\/soymigrante.com\/revista\/como-ensenar-a-los-ninos-a-reconocer-y-vencer-la-frustracion\/\" class=\"eael-post-elements-readmore-btn\">CONOCE SU HISTORIA <\/a><\/div>\n                    <\/div><\/div><\/div>\n        <\/div>\n    <\/article><article class=\"eael-grid-post  eael-post-grid-column eael-pg-post-8629 category-salud-emocional tags-salud-emocional\" data-id=\"8629\">\n        <div class=\"eael-grid-post-holder\">\n            <div class=\"eael-grid-post-holder-inner\"><div class=\"eael-entry-media\"><div class=\"eael-entry-overlay fade-in\"><i class=\"far fa-hand-pointer\" aria-hidden=\"true\"><\/i><a href=\"https:\/\/soymigrante.com\/revista\/consejos-para-ayudar-a-enfrentar-el-duelo-migratorio-en-ninos\/\"><\/a><\/div><div class=\"eael-entry-thumbnail \">\n                <img loading=\"lazy\" decoding=\"async\" width=\"1024\" height=\"1024\" src=\"https:\/\/soymigrante.com\/revista\/wp-content\/uploads\/2024\/08\/Consejos-para-ayudar-a-enfrentar-el-duelo-migratorio-en-ninos2-scaled-e1725058578930-1024x1024.webp\" class=\"attachment-large size-large wp-image-8630\" alt=\"Perro de raza Golden Retriever con ni\u00f1a peque\u00f1a caminando por sendero de tierra, imagen en blanco y negro, enfoque en amistad y compa\u00f1\u00eda entre ni\u00f1os y mascotas.\" srcset=\"https:\/\/soymigrante.com\/revista\/wp-content\/uploads\/2024\/08\/Consejos-para-ayudar-a-enfrentar-el-duelo-migratorio-en-ninos2-scaled-e1725058578930-1024x1024.webp 1024w, https:\/\/soymigrante.com\/revista\/wp-content\/uploads\/2024\/08\/Consejos-para-ayudar-a-enfrentar-el-duelo-migratorio-en-ninos2-scaled-e1725058578930-300x300.webp 300w, https:\/\/soymigrante.com\/revista\/wp-content\/uploads\/2024\/08\/Consejos-para-ayudar-a-enfrentar-el-duelo-migratorio-en-ninos2-scaled-e1725058578930-150x150.webp 150w, https:\/\/soymigrante.com\/revista\/wp-content\/uploads\/2024\/08\/Consejos-para-ayudar-a-enfrentar-el-duelo-migratorio-en-ninos2-scaled-e1725058578930-768x768.webp 768w, https:\/\/soymigrante.com\/revista\/wp-content\/uploads\/2024\/08\/Consejos-para-ayudar-a-enfrentar-el-duelo-migratorio-en-ninos2-scaled-e1725058578930-75x75.webp 75w, https:\/\/soymigrante.com\/revista\/wp-content\/uploads\/2024\/08\/Consejos-para-ayudar-a-enfrentar-el-duelo-migratorio-en-ninos2-scaled-e1725058578930-750x750.webp 750w, https:\/\/soymigrante.com\/revista\/wp-content\/uploads\/2024\/08\/Consejos-para-ayudar-a-enfrentar-el-duelo-migratorio-en-ninos2-scaled-e1725058578930-1140x1140.webp 1140w, https:\/\/soymigrante.com\/revista\/wp-content\/uploads\/2024\/08\/Consejos-para-ayudar-a-enfrentar-el-duelo-migratorio-en-ninos2-scaled-e1725058578930.webp 1200w\" sizes=\"(max-width: 1024px) 100vw, 1024px\" \/>\n            <\/div>\n        <\/div><div class=\"eael-entry-wrapper\"><header class=\"eael-entry-header\"><h2 class=\"eael-entry-title\"><a class=\"eael-grid-post-link\" href=\"https:\/\/soymigrante.com\/revista\/consejos-para-ayudar-a-enfrentar-el-duelo-migratorio-en-ninos\/\" title=\"Consejos para ayudar a enfrentar el duelo migratorio en ni\u00f1os\">Consejos para ayudar a enfrentar el duelo migratorio en ni\u00f1os<\/a><\/h2><\/header><div class=\"eael-entry-content\">\n                        <div class=\"eael-grid-post-excerpt\"><a href=\"https:\/\/soymigrante.com\/revista\/consejos-para-ayudar-a-enfrentar-el-duelo-migratorio-en-ninos\/\" class=\"eael-post-elements-readmore-btn\">CONOCE SU HISTORIA <\/a><\/div>\n                    <\/div><\/div><\/div>\n        <\/div>\n    <\/article><\/div>\n            <div class=\"clearfix\"><\/div>\n        <\/div>\t\t\t\t<\/div>\n\t\t\t\t\t<\/div>\n\t\t\t\t<\/div>\n\t\t\t\t<\/div>\n\t\t","protected":false},"excerpt":{"rendered":"<p>Muchas personas se han cuestionado si el ni\u00f1o interior existe, pero los profesionales te lo pueden explicar. En los \u00faltimos a\u00f1os, la expresi\u00f3n \u201csanar al ni\u00f1o interior\u201d se ha vuelto com\u00fan en conversaciones sobre salud emocional y desarrollo personal. Pero, \u00bfqu\u00e9 significa realmente este concepto? \u00bfEs solo una met\u00e1fora o tiene sustento psicol\u00f3gico? \u00bfQu\u00e9 es [&hellip;]<\/p>\n","protected":false},"author":19,"featured_media":42672,"comment_status":"open","ping_status":"open","sticky":false,"template":"","format":"standard","meta":{"_acf_changed":false,"_eb_attr":"","footnotes":""},"categories":[259],"tags":[],"class_list":["post-42664","post","type-post","status-publish","format-standard","has-post-thumbnail","hentry","category-salud-emocional"],"acf":[],"aioseo_notices":[],"aioseo_head":"\n\t\t<!-- All in One SEO Pro 4.9.6.2 - aioseo.com -->\n\t<meta name=\"description\" content=\"Ante la falta de oportunidades, trabajo o ayuda social en varios pa\u00edses, las personas se ven forzadas a migrar, pero eso puede causar un impacto en las personas cercanas, especialmente los ni\u00f1os, tanto si migran juntos como si se quedna en el pa\u00eds. Estas son algunas claves para enfrentarlo. En Guatemala hay algunos ni\u00f1os, ni\u00f1as\" \/>\n\t<meta name=\"robots\" content=\"max-snippet:-1, max-image-preview:large, max-video-preview:-1\" \/>\n\t<meta name=\"author\" content=\"Marysabel Aldana\"\/>\n\t<link rel=\"canonical\" href=\"https:\/\/soymigrante.com\/revista\/en-verdad-existe-el-nino-interior-y-como-cuidarlo\/\" \/>\n\t<meta name=\"generator\" content=\"All in One SEO Pro (AIOSEO) 4.9.6.2\" \/>\n\n\t\t<link rel=\"preconnect\" href=\"https:\/\/fonts.googleapis.com\" crossorigin>\n<link rel=\"preconnect\" href=\"https:\/\/fonts.gstatic.com\" crossorigin>\n\t\t<meta property=\"og:locale\" content=\"es_ES\" \/>\n\t\t<meta property=\"og:site_name\" content=\"SoyMigrante.com REVISTA \u2013 Nuestra misi\u00f3n es reconocer y dignificar al migrante.\" \/>\n\t\t<meta property=\"og:type\" content=\"article\" \/>\n\t\t<meta property=\"og:title\" content=\"\u00bfEn verdad existe el ni\u00f1o interior y como cuidarlo?\" \/>\n\t\t<meta property=\"og:description\" content=\"Muchas personas se han cuestionado si el ni\u00f1o interior existe. Los profesionales tienen algunas claves para poder identificarlo y cuidarlo.\" \/>\n\t\t<meta property=\"og:url\" content=\"https:\/\/soymigrante.com\/revista\/en-verdad-existe-el-nino-interior-y-como-cuidarlo\/\" \/>\n\t\t<meta property=\"og:image\" content=\"https:\/\/soymigrante.com\/revista\/wp-content\/uploads\/2025\/08\/nino-interior-1.webp\" \/>\n\t\t<meta property=\"og:image:secure_url\" content=\"https:\/\/soymigrante.com\/revista\/wp-content\/uploads\/2025\/08\/nino-interior-1.webp\" \/>\n\t\t<meta property=\"og:image:width\" content=\"1024\" \/>\n\t\t<meta property=\"og:image:height\" content=\"1024\" \/>\n\t\t<meta property=\"article:published_time\" content=\"2025-08-27T10:00:00+00:00\" \/>\n\t\t<meta property=\"article:modified_time\" content=\"2025-08-27T14:55:34+00:00\" \/>\n\t\t<meta property=\"article:publisher\" content=\"https:\/\/www.facebook.com\/soymigrantecom\" \/>\n\t\t<meta name=\"twitter:card\" content=\"summary_large_image\" \/>\n\t\t<meta name=\"twitter:site\" content=\"@SoyMigrante_com\" \/>\n\t\t<meta name=\"twitter:title\" content=\"\u00bfEn verdad existe el ni\u00f1o interior y como cuidarlo?\" \/>\n\t\t<meta name=\"twitter:description\" content=\"Muchas personas se han cuestionado si el ni\u00f1o interior existe. Los profesionales tienen algunas claves para poder identificarlo y cuidarlo.\" \/>\n\t\t<meta name=\"twitter:creator\" content=\"@SoyMigrante_com\" \/>\n\t\t<meta name=\"twitter:image\" content=\"https:\/\/soymigrante.com\/revista\/wp-content\/uploads\/2025\/08\/nino-interior-1.webp\" \/>\n\t\t<!-- All in One SEO Pro -->\r\n\t\t<title>\u00bfEn verdad existe el ni\u00f1o interior y como cuidarlo?<\/title>\n\n","aioseo_head_json":{"title":"\u00bfEn verdad existe el ni\u00f1o interior y como cuidarlo?","description":"Muchas personas se han cuestionado si el ni\u00f1o interior existe. Los profesionales tienen algunas claves para poder identificarlo y cuidarlo.","canonical_url":"https:\/\/soymigrante.com\/revista\/en-verdad-existe-el-nino-interior-y-como-cuidarlo\/","robots":"max-snippet:-1, max-image-preview:large, max-video-preview:-1","keywords":"","webmasterTools":{"miscellaneous":"&lt;link rel=\"preconnect\" href=\"https:\/\/fonts.googleapis.com\" crossorigin&gt;\n&lt;link rel=\"preconnect\" href=\"https:\/\/fonts.gstatic.com\" crossorigin&gt;"},"schema":null,"og:locale":"es_ES","og:site_name":"SoyMigrante.com REVISTA \u2013 Nuestra misi\u00f3n es reconocer y dignificar al migrante.","og:type":"article","og:title":"\u00bfEn verdad existe el ni\u00f1o interior y como cuidarlo?","og:description":"Muchas personas se han cuestionado si el ni\u00f1o interior existe. Los profesionales tienen algunas claves para poder identificarlo y cuidarlo.","og:url":"https:\/\/soymigrante.com\/revista\/en-verdad-existe-el-nino-interior-y-como-cuidarlo\/","og:image":"https:\/\/soymigrante.com\/revista\/wp-content\/uploads\/2025\/08\/nino-interior-1.webp","og:image:secure_url":"https:\/\/soymigrante.com\/revista\/wp-content\/uploads\/2025\/08\/nino-interior-1.webp","og:image:width":1024,"og:image:height":1024,"article:published_time":"2025-08-27T10:00:00+00:00","article:modified_time":"2025-08-27T14:55:34+00:00","article:publisher":"https:\/\/www.facebook.com\/soymigrantecom","twitter:card":"summary_large_image","twitter:site":"@SoyMigrante_com","twitter:title":"\u00bfEn verdad existe el ni\u00f1o interior y como cuidarlo?","twitter:description":"Muchas personas se han cuestionado si el ni\u00f1o interior existe. Los profesionales tienen algunas claves para poder identificarlo y cuidarlo.","twitter:creator":"@SoyMigrante_com","twitter:image":"https:\/\/soymigrante.com\/revista\/wp-content\/uploads\/2025\/08\/nino-interior-1.webp"},"aioseo_meta_data":{"post_id":"42664","title":null,"description":"Muchas personas se han cuestionado si el ni\u00f1o interior existe. Los profesionales tienen algunas claves para poder identificarlo y cuidarlo.","keywords":null,"keyphrases":{"focus":{"keyphrase":"ni\u00f1o","score":87,"analysis":{"keyphraseInTitle":{"score":9,"maxScore":9,"error":0},"keyphraseInDescription":{"score":9,"maxScore":9,"error":0},"keyphraseLength":{"score":9,"maxScore":9,"error":0,"length":2},"keyphraseInURL":{"score":5,"maxScore":5,"error":0},"keyphraseInIntroduction":{"score":9,"maxScore":9,"error":0},"keyphraseInSubHeadings":{"score":9,"maxScore":9,"error":0},"keyphraseInImageAlt":{"score":9,"maxScore":9,"error":0},"keywordDensity":{"type":"high","score":0,"maxScore":9,"error":1}}},"additional":[{"keyphrase":"interior","score":100,"analysis":{"keyphraseInDescription":{"score":9,"maxScore":9,"error":0},"keyphraseLength":{"score":9,"maxScore":9,"error":0,"length":1},"keyphraseInIntroduction":{"score":9,"maxScore":9,"error":0},"keyphraseInImageAlt":{"score":9,"maxScore":9,"error":0},"keywordDensity":{"type":"best","score":9,"maxScore":9,"error":0}}}]},"primary_term":null,"canonical_url":null,"og_title":null,"og_description":null,"og_object_type":"default","og_image_type":"default","og_image_url":null,"og_image_width":null,"og_image_height":null,"og_image_custom_url":null,"og_image_custom_fields":null,"og_video":"","og_custom_url":null,"og_article_section":null,"og_article_tags":null,"twitter_use_og":false,"twitter_card":"default","twitter_image_type":"default","twitter_image_url":null,"twitter_image_custom_url":null,"twitter_image_custom_fields":null,"twitter_title":null,"twitter_description":null,"schema":{"blockGraphs":[],"customGraphs":[],"default":{"data":{"Article":[],"Course":[],"Dataset":[],"FAQPage":[],"Movie":[],"Person":[],"Product":[],"ProductReview":[],"Car":[],"Recipe":[],"Service":[],"SoftwareApplication":[],"WebPage":[]},"graphName":"none","isEnabled":true},"graphs":[]},"schema_type":"default","schema_type_options":null,"pillar_content":false,"robots_default":true,"robots_noindex":false,"robots_noarchive":false,"robots_nosnippet":false,"robots_nofollow":false,"robots_noimageindex":false,"robots_noodp":false,"robots_notranslate":false,"robots_max_snippet":"-1","robots_max_videopreview":"-1","robots_max_imagepreview":"large","priority":null,"frequency":"default","local_seo":null,"seo_analyzer_scan_date":"2025-10-09 07:58:25","breadcrumb_settings":null,"limit_modified_date":false,"reviewed_by":"0","open_ai":null,"ai":{"faqs":[],"keyPoints":[],"titles":[],"descriptions":[],"socialPosts":{"email":[],"linkedin":[],"twitter":[],"facebook":[],"instagram":[]}},"created":"2025-08-25 21:54:16","updated":"2026-02-05 04:23:30"},"aioseo_breadcrumb":"<div class=\"aioseo-breadcrumbs\"><span class=\"aioseo-breadcrumb\">\n\t<a href=\"https:\/\/soymigrante.com\/revista\" title=\"Home\">Home<\/a>\n<\/span><span class=\"aioseo-breadcrumb-separator\">\u00bb<\/span><span class=\"aioseo-breadcrumb\">\n\t<a href=\"https:\/\/soymigrante.com\/revista\/category\/bienestar\/\" title=\"Bienestar\">Bienestar<\/a>\n<\/span><span class=\"aioseo-breadcrumb-separator\">\u00bb<\/span><span class=\"aioseo-breadcrumb\">\n\t<a href=\"https:\/\/soymigrante.com\/revista\/category\/bienestar\/salud-emocional\/\" title=\"Salud Emocional\">Salud Emocional<\/a>\n<\/span><span class=\"aioseo-breadcrumb-separator\">\u00bb<\/span><span class=\"aioseo-breadcrumb\">\n\t\u00bfEn verdad existe el ni\u00f1o interior y como cuidarlo?\n<\/span><\/div>","aioseo_breadcrumb_json":[{"label":"Home","link":"https:\/\/soymigrante.com\/revista"},{"label":"Bienestar","link":"https:\/\/soymigrante.com\/revista\/category\/bienestar\/"},{"label":"Salud Emocional","link":"https:\/\/soymigrante.com\/revista\/category\/bienestar\/salud-emocional\/"},{"label":"\u00bfEn verdad existe el ni\u00f1o interior y como cuidarlo?","link":"https:\/\/soymigrante.com\/revista\/en-verdad-existe-el-nino-interior-y-como-cuidarlo\/"}],"_links":{"self":[{"href":"https:\/\/soymigrante.com\/revista\/wp-json\/wp\/v2\/posts\/42664","targetHints":{"allow":["GET"]}}],"collection":[{"href":"https:\/\/soymigrante.com\/revista\/wp-json\/wp\/v2\/posts"}],"about":[{"href":"https:\/\/soymigrante.com\/revista\/wp-json\/wp\/v2\/types\/post"}],"author":[{"embeddable":true,"href":"https:\/\/soymigrante.com\/revista\/wp-json\/wp\/v2\/users\/19"}],"replies":[{"embeddable":true,"href":"https:\/\/soymigrante.com\/revista\/wp-json\/wp\/v2\/comments?post=42664"}],"version-history":[{"count":15,"href":"https:\/\/soymigrante.com\/revista\/wp-json\/wp\/v2\/posts\/42664\/revisions"}],"predecessor-version":[{"id":42819,"href":"https:\/\/soymigrante.com\/revista\/wp-json\/wp\/v2\/posts\/42664\/revisions\/42819"}],"wp:featuredmedia":[{"embeddable":true,"href":"https:\/\/soymigrante.com\/revista\/wp-json\/wp\/v2\/media\/42672"}],"wp:attachment":[{"href":"https:\/\/soymigrante.com\/revista\/wp-json\/wp\/v2\/media?parent=42664"}],"wp:term":[{"taxonomy":"category","embeddable":true,"href":"https:\/\/soymigrante.com\/revista\/wp-json\/wp\/v2\/categories?post=42664"},{"taxonomy":"post_tag","embeddable":true,"href":"https:\/\/soymigrante.com\/revista\/wp-json\/wp\/v2\/tags?post=42664"}],"curies":[{"name":"wp","href":"https:\/\/api.w.org\/{rel}","templated":true}]}}