{"id":4263,"date":"2024-01-08T12:34:57","date_gmt":"2024-01-08T18:34:57","guid":{"rendered":"https:\/\/soymigrante.com\/revista\/?p=4263"},"modified":"2024-07-31T11:50:42","modified_gmt":"2024-07-31T17:50:42","slug":"migrantes-guatemaltecos-alcanzan-nuevo-record-de-remesas-en-2023-us18-mil-804-millones","status":"publish","type":"post","link":"https:\/\/soymigrante.com\/revista\/migrantes-guatemaltecos-alcanzan-nuevo-record-de-remesas-en-2023-us18-mil-804-millones\/","title":{"rendered":"Migrantes guatemaltecos alcanzan nuevo r\u00e9cord de remesas en 2023: US19 mil 804 millones"},"content":{"rendered":"\t\t<div data-elementor-type=\"wp-post\" data-elementor-id=\"4263\" class=\"elementor elementor-4263\" data-elementor-post-type=\"post\">\n\t\t\t\t\t\t<section data-particle_enable=\"false\" data-particle-mobile-disabled=\"false\" class=\"elementor-section elementor-top-section elementor-element elementor-element-56cdd1b elementor-section-boxed elementor-section-height-default elementor-section-height-default\" data-id=\"56cdd1b\" data-element_type=\"section\" data-e-type=\"section\">\n\t\t\t\t\t\t<div class=\"elementor-container elementor-column-gap-default\">\n\t\t\t\t\t<div class=\"elementor-column elementor-col-100 elementor-top-column elementor-element elementor-element-19bcbfc\" data-id=\"19bcbfc\" data-element_type=\"column\" data-e-type=\"column\">\n\t\t\t<div class=\"elementor-widget-wrap elementor-element-populated\">\n\t\t\t\t\t\t<div class=\"elementor-element elementor-element-5a548f0 elementor-widget elementor-widget-heading\" data-id=\"5a548f0\" data-element_type=\"widget\" data-e-type=\"widget\" data-widget_type=\"heading.default\">\n\t\t\t\t\t<h1 class=\"elementor-heading-title elementor-size-default\"><span style=\"font-size: 39.04px\">Esfuerzo personal desde Estados Unidos para ayuda de gasto familiar se convierte en masivo env\u00edo de remesas a todo el pa\u00eds  y un creciente pilar econ\u00f3mico de Guatemala que vuelve a alcanzar nuevo m\u00e1ximo en 2023.<\/span><\/h1>\t\t\t\t<\/div>\n\t\t\t\t\t<\/div>\n\t\t<\/div>\n\t\t\t\t\t<\/div>\n\t\t<\/section>\n\t\t\t\t<section data-particle_enable=\"false\" data-particle-mobile-disabled=\"false\" class=\"elementor-section elementor-top-section elementor-element elementor-element-4c15560 elementor-section-boxed elementor-section-height-default elementor-section-height-default\" data-id=\"4c15560\" data-element_type=\"section\" data-e-type=\"section\">\n\t\t\t\t\t\t<div class=\"elementor-container elementor-column-gap-default\">\n\t\t\t\t\t<div class=\"elementor-column elementor-col-100 elementor-top-column elementor-element elementor-element-5837a14\" data-id=\"5837a14\" data-element_type=\"column\" data-e-type=\"column\">\n\t\t\t<div class=\"elementor-widget-wrap elementor-element-populated\">\n\t\t\t\t\t\t<div class=\"elementor-element elementor-element-3ac0846 elementor-widget elementor-widget-facebook-embed\" data-id=\"3ac0846\" data-element_type=\"widget\" data-e-type=\"widget\" data-widget_type=\"facebook-embed.default\">\n\t\t\t\t\t<div style=\"min-height: 1px\" class=\"elementor-facebook-widget fb-post\" data-href=\"https:\/\/www.facebook.com\/soymigrantecom\/posts\/pfbid0cYBwgEzQfXDHa42v1chZ61zPG7eq7rSyRw1Ej5wVGUZFSNtWhkufYoHERtUGSJyfl\" data-show-text=\"false\"><\/div>\t\t\t\t<\/div>\n\t\t\t\t\t<\/div>\n\t\t<\/div>\n\t\t\t\t\t<\/div>\n\t\t<\/section>\n\t\t\t\t<section data-particle_enable=\"false\" data-particle-mobile-disabled=\"false\" class=\"elementor-section elementor-top-section elementor-element elementor-element-b7bfad2 elementor-section-boxed elementor-section-height-default elementor-section-height-default\" data-id=\"b7bfad2\" data-element_type=\"section\" data-e-type=\"section\">\n\t\t\t\t\t\t<div class=\"elementor-container elementor-column-gap-default\">\n\t\t\t\t\t<div class=\"elementor-column elementor-col-100 elementor-top-column elementor-element elementor-element-5872ed8\" data-id=\"5872ed8\" data-element_type=\"column\" data-e-type=\"column\">\n\t\t\t<div class=\"elementor-widget-wrap elementor-element-populated\">\n\t\t\t\t\t\t<div class=\"elementor-element elementor-element-214082a elementor-widget elementor-widget-text-editor\" data-id=\"214082a\" data-element_type=\"widget\" data-e-type=\"widget\" data-widget_type=\"text-editor.default\">\n\t\t\t\t\t\t\t\t\t<p>Los migrantes guatemaltecos establecen un <strong>nuevo r\u00e9cord hist\u00f3rico<\/strong> anual de env\u00edo de <strong>remesas<\/strong>: durante el a\u00f1o <strong>2023<\/strong> enviaron a Guatemala <strong>US$19,804 millones de d\u00f3lares<\/strong>.\u00a0<\/p><p>Superan as\u00ed los USS18,040 millones de 2022 y los US$15 mil 295 millones de 2021!, con lo cual <strong>aportan cada a\u00f1o la quinta parte de la producci\u00f3n econ\u00f3mica nacional<\/strong>.<\/p>\t\t\t\t\t\t\t\t<\/div>\n\t\t\t\t\t<\/div>\n\t\t<\/div>\n\t\t\t\t\t<\/div>\n\t\t<\/section>\n\t\t\t\t<section data-particle_enable=\"false\" data-particle-mobile-disabled=\"false\" class=\"elementor-section elementor-top-section elementor-element elementor-element-c4bcec3 elementor-section-boxed elementor-section-height-default elementor-section-height-default\" data-id=\"c4bcec3\" data-element_type=\"section\" data-e-type=\"section\">\n\t\t\t\t\t\t<div class=\"elementor-container elementor-column-gap-default\">\n\t\t\t\t\t<div class=\"elementor-column elementor-col-100 elementor-top-column elementor-element elementor-element-4039151\" data-id=\"4039151\" data-element_type=\"column\" data-e-type=\"column\">\n\t\t\t<div class=\"elementor-widget-wrap elementor-element-populated\">\n\t\t\t\t\t\t<div class=\"elementor-element elementor-element-38dbe03 elementor-widget elementor-widget-heading\" data-id=\"38dbe03\" data-element_type=\"widget\" data-e-type=\"widget\" data-widget_type=\"heading.default\">\n\t\t\t\t\t<h2 class=\"elementor-heading-title elementor-size-default\">Millonaria cifra que sale del coraz\u00f3n<\/h2>\t\t\t\t<\/div>\n\t\t\t\t\t<\/div>\n\t\t<\/div>\n\t\t\t\t\t<\/div>\n\t\t<\/section>\n\t\t\t\t<section data-particle_enable=\"false\" data-particle-mobile-disabled=\"false\" class=\"elementor-section elementor-top-section elementor-element elementor-element-e92e706 elementor-section-boxed elementor-section-height-default elementor-section-height-default\" data-id=\"e92e706\" data-element_type=\"section\" data-e-type=\"section\">\n\t\t\t\t\t\t<div class=\"elementor-container elementor-column-gap-default\">\n\t\t\t\t\t<div class=\"elementor-column elementor-col-100 elementor-top-column elementor-element elementor-element-ba4dd27\" data-id=\"ba4dd27\" data-element_type=\"column\" data-e-type=\"column\">\n\t\t\t<div class=\"elementor-widget-wrap elementor-element-populated\">\n\t\t\t\t\t\t<div class=\"elementor-element elementor-element-f489199 elementor-widget elementor-widget-text-editor\" data-id=\"f489199\" data-element_type=\"widget\" data-e-type=\"widget\" data-widget_type=\"text-editor.default\">\n\t\t\t\t\t\t\t\t\t<p><span style=\"color: var( --e-global-color-text );\">Esta colosal cifra, los <strong>US$19,804 millones de d\u00f3lares enviados<\/strong> durante 2023, <strong>surge de<\/strong> un compromiso de <strong>amor<\/strong> y <strong>solidaridad<\/strong> de cada migrante <strong>con sus seres queridos en Guatemala<\/strong>. Seg\u00fan la Encuesta de Remesas 2022, se calcula que <strong>al menos 1.9 millones de migrantes guatemaltecos radicados en Estados Unidos env\u00edan remesas<\/strong> peri\u00f3dicamente.\u00a0\u00a0<\/span><\/p><p><strong>Para reunir el dinero<\/strong> para el env\u00edo de remesas, <strong>los migrantes tienen usualmente dos empleos y a veces tres empleos,<\/strong> ya que deben costear sus gastos de vivienda, alimentaci\u00f3n, transporte, equipo, impuestos, a lo cual se suma la remesa quincenal o mensual.<\/p>\t\t\t\t\t\t\t\t<\/div>\n\t\t\t\t\t<\/div>\n\t\t<\/div>\n\t\t\t\t\t<\/div>\n\t\t<\/section>\n\t\t\t\t<section data-particle_enable=\"false\" data-particle-mobile-disabled=\"false\" class=\"elementor-section elementor-top-section elementor-element elementor-element-1f60472 elementor-section-boxed elementor-section-height-default elementor-section-height-default\" data-id=\"1f60472\" data-element_type=\"section\" data-e-type=\"section\">\n\t\t\t\t\t\t<div class=\"elementor-container elementor-column-gap-default\">\n\t\t\t\t\t<div class=\"elementor-column elementor-col-100 elementor-top-column elementor-element elementor-element-4f6e334\" data-id=\"4f6e334\" data-element_type=\"column\" data-e-type=\"column\">\n\t\t\t<div class=\"elementor-widget-wrap elementor-element-populated\">\n\t\t\t\t\t\t<div class=\"elementor-element elementor-element-d0aa40b elementor-widget elementor-widget-image\" data-id=\"d0aa40b\" data-element_type=\"widget\" data-e-type=\"widget\" data-widget_type=\"image.default\">\n\t\t\t\t\t\t\t\t\t\t\t\t<figure class=\"wp-caption\">\n\t\t\t\t\t\t\t\t\t\t<img fetchpriority=\"high\" decoding=\"async\" width=\"768\" height=\"813\" src=\"https:\/\/soymigrante.com\/revista\/wp-content\/uploads\/2024\/01\/mejia-1-967x1024.webp\" class=\"attachment-large size-large wp-image-4268\" alt=\"\" srcset=\"https:\/\/soymigrante.com\/revista\/wp-content\/uploads\/2024\/01\/mejia-1-967x1024.webp 967w, https:\/\/soymigrante.com\/revista\/wp-content\/uploads\/2024\/01\/mejia-1-283x300.webp 283w, https:\/\/soymigrante.com\/revista\/wp-content\/uploads\/2024\/01\/mejia-1-768x813.webp 768w, https:\/\/soymigrante.com\/revista\/wp-content\/uploads\/2024\/01\/mejia-1-750x794.webp 750w, https:\/\/soymigrante.com\/revista\/wp-content\/uploads\/2024\/01\/mejia-1-1140x1207.webp 1140w, https:\/\/soymigrante.com\/revista\/wp-content\/uploads\/2024\/01\/mejia-1.webp 1200w\" sizes=\"(max-width: 768px) 100vw, 768px\" title=\"Trabajo fuerte para pagar gastos, deudas y apoyar a la familia en guatemala con remesas. Adolfo, originario de San Juan Sacatep\u00e9quez, labora en construcci\u00f3n. \u2013 SoyMigrante.com REVISTA\" \/>\t\t\t\t\t\t\t\t\t\t\t<figcaption class=\"widget-image-caption wp-caption-text\">Trabajo fuerte para pagar gastos, deudas y apoyar a la familia en guatemala con remesas. Adolfo, originario de San Juan Sacatep\u00e9quez, labora en construcci\u00f3n.<\/figcaption>\n\t\t\t\t\t\t\t\t\t\t<\/figure>\n\t\t\t\t\t\t\t\t\t<\/div>\n\t\t\t\t\t<\/div>\n\t\t<\/div>\n\t\t\t\t\t<\/div>\n\t\t<\/section>\n\t\t\t\t<section data-particle_enable=\"false\" data-particle-mobile-disabled=\"false\" class=\"elementor-section elementor-top-section elementor-element elementor-element-391e07f elementor-section-boxed elementor-section-height-default elementor-section-height-default\" data-id=\"391e07f\" data-element_type=\"section\" data-e-type=\"section\">\n\t\t\t\t\t\t<div class=\"elementor-container elementor-column-gap-default\">\n\t\t\t\t\t<div class=\"elementor-column elementor-col-100 elementor-top-column elementor-element elementor-element-397a941\" data-id=\"397a941\" data-element_type=\"column\" data-e-type=\"column\">\n\t\t\t<div class=\"elementor-widget-wrap elementor-element-populated\">\n\t\t\t\t\t\t<div class=\"elementor-element elementor-element-73ccf31 elementor-widget elementor-widget-heading\" data-id=\"73ccf31\" data-element_type=\"widget\" data-e-type=\"widget\" data-widget_type=\"heading.default\">\n\t\t\t\t\t<h2 class=\"elementor-heading-title elementor-size-default\">Testimonios de esfuerzo, con amor a seres queridos pero lejos de ellos<\/h2>\t\t\t\t<\/div>\n\t\t\t\t\t<\/div>\n\t\t<\/div>\n\t\t\t\t\t<\/div>\n\t\t<\/section>\n\t\t\t\t<section data-particle_enable=\"false\" data-particle-mobile-disabled=\"false\" class=\"elementor-section elementor-top-section elementor-element elementor-element-cba6417 elementor-section-boxed elementor-section-height-default elementor-section-height-default\" data-id=\"cba6417\" data-element_type=\"section\" data-e-type=\"section\">\n\t\t\t\t\t\t<div class=\"elementor-container elementor-column-gap-default\">\n\t\t\t\t\t<div class=\"elementor-column elementor-col-100 elementor-top-column elementor-element elementor-element-99c1980\" data-id=\"99c1980\" data-element_type=\"column\" data-e-type=\"column\">\n\t\t\t<div class=\"elementor-widget-wrap elementor-element-populated\">\n\t\t\t\t\t\t<div class=\"elementor-element elementor-element-8101ae6 elementor-widget elementor-widget-text-editor\" data-id=\"8101ae6\" data-element_type=\"widget\" data-e-type=\"widget\" data-widget_type=\"text-editor.default\">\n\t\t\t\t\t\t\t\t\t<p><strong>&#8220;Trabajo siete d\u00edas a la semana&#8221;<\/strong>:\u00a0<span style=\"color: var( --e-global-color-text );\">As\u00ed lo cuenta el migrante guatemalteco U.M, radicado en la costa este: <strong>&#8220;Tal vez no env\u00edo una gran cantidad, pero a\u00fan as\u00ed lleva sacrificio. Tratamos de sufragar necesidades que en nuestro pa\u00eds familiares no pueden cubrir, pero lo logran por medio de las remesas que mi persona env\u00eda&#8221;<\/strong>, comparte.\u00a0<\/span><\/p><p><strong>&#8220;Trabajo los siete d\u00edas de la semana, para poder enviar esa peque\u00f1a remesa a mis familiares. Ac\u00e1 en Estados Unidos tenemos gastos, pagos de renta, pagos de carro, de seguro. Nos levantamos a las tres de la ma\u00f1ana y regresamos a casa hasta la hora que Dios nos disponga, para poder hacer ese aporte&#8221;<\/strong><\/p><p><span style=\"color: var( --e-global-color-text );\">R.G. vive en California y trabaja en un hospital, pero tambi\u00e9n hace turnos de Uber y delivery de comida para poder enviar una remesa a su familia. <strong>\u201cHay meses duros, como cuando toca declarar los impuestos o pagar el permiso de circulaci\u00f3n del carro. Pero ayudo a mis padres en Guatemala, que ya est\u00e1n mayores\u201d<\/strong>, dice.<\/span><\/p><p>El migrante A.M. trabaja actualmente en el \u00e1rea de Washington D.C., en el rubro de construcci\u00f3n. <strong>&#8220;Yo no pagu\u00e9 por el viaje, pero muchos compa\u00f1eros deben enviar la remesa para ayudar a la familia, pero tambi\u00e9n para pagar la deuda de haber podido llegar aqu\u00ed. Yo ahora hago dos trabajos, empiezo a las 6 de la ma\u00f1ana y termino a las 9 de la noche, para poder reunir los recursos para pagar los gastos de casa, carro, impuestos&#8230; y aparte poder mandar algo a la casa en Guatemala&#8221;<\/strong>.<\/p><p>Y as\u00ed se multiplican las historias.<\/p>\t\t\t\t\t\t\t\t<\/div>\n\t\t\t\t\t<\/div>\n\t\t<\/div>\n\t\t\t\t\t<\/div>\n\t\t<\/section>\n\t\t\t\t<section data-particle_enable=\"false\" data-particle-mobile-disabled=\"false\" class=\"elementor-section elementor-top-section elementor-element elementor-element-6faed8a elementor-section-boxed elementor-section-height-default elementor-section-height-default\" data-id=\"6faed8a\" data-element_type=\"section\" data-e-type=\"section\">\n\t\t\t\t\t\t<div class=\"elementor-container elementor-column-gap-default\">\n\t\t\t\t\t<div class=\"elementor-column elementor-col-100 elementor-top-column elementor-element elementor-element-de092d1\" data-id=\"de092d1\" data-element_type=\"column\" data-e-type=\"column\">\n\t\t\t<div class=\"elementor-widget-wrap elementor-element-populated\">\n\t\t\t\t\t\t<div class=\"elementor-element elementor-element-89a1cb9 elementor-widget elementor-widget-image\" data-id=\"89a1cb9\" data-element_type=\"widget\" data-e-type=\"widget\" data-widget_type=\"image.default\">\n\t\t\t\t\t\t\t\t\t\t\t\t<figure class=\"wp-caption\">\n\t\t\t\t\t\t\t\t\t\t<img decoding=\"async\" width=\"768\" height=\"768\" src=\"https:\/\/soymigrante.com\/revista\/wp-content\/uploads\/2023\/12\/trabajos-de-construcicion.webp\" class=\"attachment-large size-large wp-image-4145\" alt=\"TRABAJO DE CONSTRUCCI\u00d3N\" srcset=\"https:\/\/soymigrante.com\/revista\/wp-content\/uploads\/2023\/12\/trabajos-de-construcicion.webp 800w, https:\/\/soymigrante.com\/revista\/wp-content\/uploads\/2023\/12\/trabajos-de-construcicion-300x300.webp 300w, https:\/\/soymigrante.com\/revista\/wp-content\/uploads\/2023\/12\/trabajos-de-construcicion-150x150.webp 150w, https:\/\/soymigrante.com\/revista\/wp-content\/uploads\/2023\/12\/trabajos-de-construcicion-768x768.webp 768w, https:\/\/soymigrante.com\/revista\/wp-content\/uploads\/2023\/12\/trabajos-de-construcicion-75x75.webp 75w, https:\/\/soymigrante.com\/revista\/wp-content\/uploads\/2023\/12\/trabajos-de-construcicion-750x750.webp 750w, https:\/\/soymigrante.com\/revista\/wp-content\/uploads\/2023\/12\/trabajos-de-construcicion-600x600.webp 600w\" sizes=\"(max-width: 768px) 100vw, 768px\" title=\"trabajos de construcicion \u2013 SoyMigrante.com REVISTA\" \/>\t\t\t\t\t\t\t\t\t\t\t<figcaption class=\"widget-image-caption wp-caption-text\">La labor de construcci\u00f3n es una de las m\u00e1s frecuentes pero a menudo es necesario aprender nuevas t\u00e9cnicas y adquirir herramienta propia.<\/figcaption>\n\t\t\t\t\t\t\t\t\t\t<\/figure>\n\t\t\t\t\t\t\t\t\t<\/div>\n\t\t\t\t\t<\/div>\n\t\t<\/div>\n\t\t\t\t\t<\/div>\n\t\t<\/section>\n\t\t\t\t<section data-particle_enable=\"false\" data-particle-mobile-disabled=\"false\" class=\"elementor-section elementor-top-section elementor-element elementor-element-69d4912 elementor-section-boxed elementor-section-height-default elementor-section-height-default\" data-id=\"69d4912\" data-element_type=\"section\" data-e-type=\"section\">\n\t\t\t\t\t\t<div class=\"elementor-container elementor-column-gap-default\">\n\t\t\t\t\t<div class=\"elementor-column elementor-col-100 elementor-top-column elementor-element elementor-element-b1b8bba\" data-id=\"b1b8bba\" data-element_type=\"column\" data-e-type=\"column\">\n\t\t\t<div class=\"elementor-widget-wrap elementor-element-populated\">\n\t\t\t\t\t\t<div class=\"elementor-element elementor-element-bce7eee elementor-widget elementor-widget-heading\" data-id=\"bce7eee\" data-element_type=\"widget\" data-e-type=\"widget\" data-widget_type=\"heading.default\">\n\t\t\t\t\t<h2 class=\"elementor-heading-title elementor-size-default\">Un monto impresionante <\/h2>\t\t\t\t<\/div>\n\t\t\t\t\t<\/div>\n\t\t<\/div>\n\t\t\t\t\t<\/div>\n\t\t<\/section>\n\t\t\t\t<section data-particle_enable=\"false\" data-particle-mobile-disabled=\"false\" class=\"elementor-section elementor-top-section elementor-element elementor-element-ab8f4fe elementor-section-boxed elementor-section-height-default elementor-section-height-default\" data-id=\"ab8f4fe\" data-element_type=\"section\" data-e-type=\"section\">\n\t\t\t\t\t\t<div class=\"elementor-container elementor-column-gap-default\">\n\t\t\t\t\t<div class=\"elementor-column elementor-col-100 elementor-top-column elementor-element elementor-element-7317e52\" data-id=\"7317e52\" data-element_type=\"column\" data-e-type=\"column\">\n\t\t\t<div class=\"elementor-widget-wrap elementor-element-populated\">\n\t\t\t\t\t\t<div class=\"elementor-element elementor-element-89145ad elementor-widget elementor-widget-text-editor\" data-id=\"89145ad\" data-element_type=\"widget\" data-e-type=\"widget\" data-widget_type=\"text-editor.default\">\n\t\t\t\t\t\t\t\t\t<p><span style=\"color: var( --e-global-color-text );\">El <strong>crecimiento<\/strong> del env\u00edo de remesas enviadas por migrantes guatemaltecos <strong>es exponencial:<\/strong> <\/span><\/p><ul><li><span style=\"color: var( --e-global-color-text );\">Hace 20 a\u00f1os, en 2004, el monto total de remesas era de US$2 mil 550 millones de d\u00f3lares. <\/span><\/li><li><span style=\"color: var( --e-global-color-text );\">Hace 10 a\u00f1os en 2014, alcanzaba los US$5 mil 544. <\/span>Esta cifra se duplic\u00f3 solo en 5 a\u00f1os.<\/li><\/ul><p>En 2020, el a\u00f1o de la pandemia, ya fueron US$11,340 millones de d\u00f3lares, fruto de grandes esfuerzos como ya se ha hecho notar. Ahora, estuvo cerca de duplicarse la cifra en 2023.<\/p>\t\t\t\t\t\t\t\t<\/div>\n\t\t\t\t\t<\/div>\n\t\t<\/div>\n\t\t\t\t\t<\/div>\n\t\t<\/section>\n\t\t\t\t<section data-particle_enable=\"false\" data-particle-mobile-disabled=\"false\" class=\"elementor-section elementor-top-section elementor-element elementor-element-41d2cad elementor-section-boxed elementor-section-height-default elementor-section-height-default\" data-id=\"41d2cad\" data-element_type=\"section\" data-e-type=\"section\">\n\t\t\t\t\t\t<div class=\"elementor-container elementor-column-gap-default\">\n\t\t\t\t\t<div class=\"elementor-column elementor-col-100 elementor-top-column elementor-element elementor-element-2e0b4b9\" data-id=\"2e0b4b9\" data-element_type=\"column\" data-e-type=\"column\">\n\t\t\t<div class=\"elementor-widget-wrap elementor-element-populated\">\n\t\t\t\t\t\t<div class=\"elementor-element elementor-element-e6da21d elementor-widget elementor-widget-image\" data-id=\"e6da21d\" data-element_type=\"widget\" data-e-type=\"widget\" data-widget_type=\"image.default\">\n\t\t\t\t\t\t\t\t\t\t\t\t<figure class=\"wp-caption\">\n\t\t\t\t\t\t\t\t\t\t<img decoding=\"async\" width=\"768\" height=\"424\" src=\"https:\/\/soymigrante.com\/revista\/wp-content\/uploads\/2024\/01\/Captura-de-pantalla-2024-01-08-122954-1024x565.webp\" class=\"attachment-large size-large wp-image-4269\" alt=\"\" srcset=\"https:\/\/soymigrante.com\/revista\/wp-content\/uploads\/2024\/01\/Captura-de-pantalla-2024-01-08-122954-1024x565.webp 1024w, https:\/\/soymigrante.com\/revista\/wp-content\/uploads\/2024\/01\/Captura-de-pantalla-2024-01-08-122954-300x166.webp 300w, https:\/\/soymigrante.com\/revista\/wp-content\/uploads\/2024\/01\/Captura-de-pantalla-2024-01-08-122954-768x424.webp 768w, https:\/\/soymigrante.com\/revista\/wp-content\/uploads\/2024\/01\/Captura-de-pantalla-2024-01-08-122954-750x414.jpg 750w, https:\/\/soymigrante.com\/revista\/wp-content\/uploads\/2024\/01\/Captura-de-pantalla-2024-01-08-122954-1140x630.jpg 1140w, https:\/\/soymigrante.com\/revista\/wp-content\/uploads\/2024\/01\/Captura-de-pantalla-2024-01-08-122954.webp 1235w\" sizes=\"(max-width: 768px) 100vw, 768px\" title=\"Estados con m\u00e1s migrantes guatemaltecos y que son los mayores emisores de remesas a Guatemala. Imagen del informe de la Encuesta de Remesas de la Organizaci\u00f3n Internacinoal para las Migraciones, OIM. \u2013 SoyMigrante.com REVISTA\" \/>\t\t\t\t\t\t\t\t\t\t\t<figcaption class=\"widget-image-caption wp-caption-text\">Estados con m\u00e1s migrantes guatemaltecos y que son los mayores emisores de remesas a Guatemala. Imagen del informe de la Encuesta de Remesas de la Organizaci\u00f3n Internacinoal para las Migraciones, OIM.<\/figcaption>\n\t\t\t\t\t\t\t\t\t\t<\/figure>\n\t\t\t\t\t\t\t\t\t<\/div>\n\t\t\t\t\t<\/div>\n\t\t<\/div>\n\t\t\t\t\t<\/div>\n\t\t<\/section>\n\t\t\t\t<section data-particle_enable=\"false\" data-particle-mobile-disabled=\"false\" class=\"elementor-section elementor-top-section elementor-element elementor-element-ebae26f elementor-section-boxed elementor-section-height-default elementor-section-height-default\" data-id=\"ebae26f\" data-element_type=\"section\" data-e-type=\"section\">\n\t\t\t\t\t\t<div class=\"elementor-container elementor-column-gap-default\">\n\t\t\t\t\t<div class=\"elementor-column elementor-col-100 elementor-top-column elementor-element elementor-element-7fc593d\" data-id=\"7fc593d\" data-element_type=\"column\" data-e-type=\"column\">\n\t\t\t<div class=\"elementor-widget-wrap elementor-element-populated\">\n\t\t\t\t\t\t<div class=\"elementor-element elementor-element-5987487 elementor-widget elementor-widget-heading\" data-id=\"5987487\" data-element_type=\"widget\" data-e-type=\"widget\" data-widget_type=\"heading.default\">\n\t\t\t\t\t<h2 class=\"elementor-heading-title elementor-size-default\">\u00bfDe d\u00f3nde provienen las remesas?<\/h2>\t\t\t\t<\/div>\n\t\t\t\t\t<\/div>\n\t\t<\/div>\n\t\t\t\t\t<\/div>\n\t\t<\/section>\n\t\t\t\t<section data-particle_enable=\"false\" data-particle-mobile-disabled=\"false\" class=\"elementor-section elementor-top-section elementor-element elementor-element-438202e elementor-section-boxed elementor-section-height-default elementor-section-height-default\" data-id=\"438202e\" data-element_type=\"section\" data-e-type=\"section\">\n\t\t\t\t\t\t<div class=\"elementor-container elementor-column-gap-default\">\n\t\t\t\t\t<div class=\"elementor-column elementor-col-100 elementor-top-column elementor-element elementor-element-e6ec959\" data-id=\"e6ec959\" data-element_type=\"column\" data-e-type=\"column\">\n\t\t\t<div class=\"elementor-widget-wrap elementor-element-populated\">\n\t\t\t\t\t\t<div class=\"elementor-element elementor-element-7c8cefd elementor-widget elementor-widget-text-editor\" data-id=\"7c8cefd\" data-element_type=\"widget\" data-e-type=\"widget\" data-widget_type=\"text-editor.default\">\n\t\t\t\t\t\t\t\t\t<p><span style=\"color: var( --e-global-color-text );\">Seg\u00fan la m\u00e1s reciente encuesta de remesas de la Organizaci\u00f3n Internacional de las Migraciones, publicada en 2022, el <strong>27.5% de remesas son enviadas por guatemaltecos en California<\/strong>.\u00a0\u00a0<\/span><span style=\"color: var( --e-global-color-text );\">El segundo lugar de mayor env\u00edo es <strong>Nueva York, con un 13.6%<\/strong> y el tercero es <strong>Florida, con un 8.9%<\/strong>. En cuarto lugar est\u00e1 el Estado de <strong>Texas, con 7.7%<\/strong>. Despu\u00e9s vienen <strong>Virginia, con 3.9% y Georgia con 3.8%<\/strong>, seg\u00fan la OIM.<\/span><\/p>\t\t\t\t\t\t\t\t<\/div>\n\t\t\t\t\t<\/div>\n\t\t<\/div>\n\t\t\t\t\t<\/div>\n\t\t<\/section>\n\t\t\t\t<section data-particle_enable=\"false\" data-particle-mobile-disabled=\"false\" class=\"elementor-section elementor-top-section elementor-element elementor-element-b7ee8ac elementor-section-boxed elementor-section-height-default elementor-section-height-default\" data-id=\"b7ee8ac\" data-element_type=\"section\" data-e-type=\"section\">\n\t\t\t\t\t\t<div class=\"elementor-container elementor-column-gap-default\">\n\t\t\t\t\t<div class=\"elementor-column elementor-col-100 elementor-top-column elementor-element elementor-element-e2923b1\" data-id=\"e2923b1\" data-element_type=\"column\" data-e-type=\"column\">\n\t\t\t<div class=\"elementor-widget-wrap elementor-element-populated\">\n\t\t\t\t\t\t<div class=\"elementor-element elementor-element-24bd705 elementor-widget elementor-widget-image\" data-id=\"24bd705\" data-element_type=\"widget\" data-e-type=\"widget\" data-widget_type=\"image.default\">\n\t\t\t\t\t\t\t\t\t\t\t\t<figure class=\"wp-caption\">\n\t\t\t\t\t\t\t\t\t\t<img loading=\"lazy\" decoding=\"async\" width=\"768\" height=\"517\" src=\"https:\/\/soymigrante.com\/revista\/wp-content\/uploads\/2024\/01\/Captura-de-pantalla-2024-01-08-123939.webp\" class=\"attachment-large size-large wp-image-4270\" alt=\"\" srcset=\"https:\/\/soymigrante.com\/revista\/wp-content\/uploads\/2024\/01\/Captura-de-pantalla-2024-01-08-123939.webp 1008w, https:\/\/soymigrante.com\/revista\/wp-content\/uploads\/2024\/01\/Captura-de-pantalla-2024-01-08-123939-300x202.webp 300w, https:\/\/soymigrante.com\/revista\/wp-content\/uploads\/2024\/01\/Captura-de-pantalla-2024-01-08-123939-768x517.webp 768w, https:\/\/soymigrante.com\/revista\/wp-content\/uploads\/2024\/01\/Captura-de-pantalla-2024-01-08-123939-750x504.jpg 750w\" sizes=\"(max-width: 768px) 100vw, 768px\" title=\"Recepci\u00f3n de remesas por departamento, seg\u00fan el informe de la Encuesta de Remesas 2022, de la Organizaci\u00f3n Internacional de las Migraciones. Ilustraci\u00f3n tomada del informe de OIM \u2013 SoyMigrante.com REVISTA\" \/>\t\t\t\t\t\t\t\t\t\t\t<figcaption class=\"widget-image-caption wp-caption-text\">Recepci\u00f3n de remesas por departamento, seg\u00fan el informe de la Encuesta de Remesas 2022, de la Organizaci\u00f3n Internacional de las Migraciones. Ilustraci\u00f3n tomada del informe de OIM<\/figcaption>\n\t\t\t\t\t\t\t\t\t\t<\/figure>\n\t\t\t\t\t\t\t\t\t<\/div>\n\t\t\t\t\t<\/div>\n\t\t<\/div>\n\t\t\t\t\t<\/div>\n\t\t<\/section>\n\t\t\t\t<section data-particle_enable=\"false\" data-particle-mobile-disabled=\"false\" class=\"elementor-section elementor-top-section elementor-element elementor-element-3f40b6d elementor-section-boxed elementor-section-height-default elementor-section-height-default\" data-id=\"3f40b6d\" data-element_type=\"section\" data-e-type=\"section\">\n\t\t\t\t\t\t<div class=\"elementor-container elementor-column-gap-default\">\n\t\t\t\t\t<div class=\"elementor-column elementor-col-100 elementor-top-column elementor-element elementor-element-c761e2b\" data-id=\"c761e2b\" data-element_type=\"column\" data-e-type=\"column\">\n\t\t\t<div class=\"elementor-widget-wrap elementor-element-populated\">\n\t\t\t\t\t\t<div class=\"elementor-element elementor-element-c449cd8 elementor-widget elementor-widget-heading\" data-id=\"c449cd8\" data-element_type=\"widget\" data-e-type=\"widget\" data-widget_type=\"heading.default\">\n\t\t\t\t\t<h2 class=\"elementor-heading-title elementor-size-default\">\u00bfA d\u00f3nde llegan las remesas? <\/h2>\t\t\t\t<\/div>\n\t\t\t\t\t<\/div>\n\t\t<\/div>\n\t\t\t\t\t<\/div>\n\t\t<\/section>\n\t\t\t\t<section data-particle_enable=\"false\" data-particle-mobile-disabled=\"false\" class=\"elementor-section elementor-top-section elementor-element elementor-element-10ec4f6 elementor-section-boxed elementor-section-height-default elementor-section-height-default\" data-id=\"10ec4f6\" data-element_type=\"section\" data-e-type=\"section\">\n\t\t\t\t\t\t<div class=\"elementor-container elementor-column-gap-default\">\n\t\t\t\t\t<div class=\"elementor-column elementor-col-100 elementor-top-column elementor-element elementor-element-745af2c\" data-id=\"745af2c\" data-element_type=\"column\" data-e-type=\"column\">\n\t\t\t<div class=\"elementor-widget-wrap elementor-element-populated\">\n\t\t\t\t\t\t<div class=\"elementor-element elementor-element-5b985a9 elementor-widget elementor-widget-text-editor\" data-id=\"5b985a9\" data-element_type=\"widget\" data-e-type=\"widget\" data-widget_type=\"text-editor.default\">\n\t\t\t\t\t\t\t\t\t<p><span style=\"color: var( --e-global-color-text );\">Seg\u00fan estad\u00edsticas de la OIM los departamentos que m\u00e1s beneficiarios de remesas son: <strong>Guatemala (26.2 %), Quich\u00e9 (8.9 %), Quetzaltenango (7.0 %), Huehuetenango (5.8 %) y San Marcos (5.1 %); le siguen, Chimaltenango y Alta Verapaz (4.7 % y 4.1 %, respectivamente.<\/strong>) El resto de departamentos tienen porcentajes entre\u00a0 2.0 % y 3.0 %.<\/span><\/p><p><strong>Hasta un 40% de guatemaltecos se benefician<\/strong> directamente con las remesas.<\/p><p>El <strong>58% de los receptores<\/strong> de remesas en Guatemala son <strong>mujeres<\/strong>.<\/p>\t\t\t\t\t\t\t\t<\/div>\n\t\t\t\t\t<\/div>\n\t\t<\/div>\n\t\t\t\t\t<\/div>\n\t\t<\/section>\n\t\t\t\t<section data-particle_enable=\"false\" data-particle-mobile-disabled=\"false\" class=\"elementor-section elementor-top-section elementor-element elementor-element-67e81a0 elementor-section-boxed elementor-section-height-default elementor-section-height-default\" data-id=\"67e81a0\" data-element_type=\"section\" data-e-type=\"section\">\n\t\t\t\t\t\t<div class=\"elementor-container elementor-column-gap-default\">\n\t\t\t\t\t<div class=\"elementor-column elementor-col-100 elementor-top-column elementor-element elementor-element-bf3e541\" data-id=\"bf3e541\" data-element_type=\"column\" data-e-type=\"column\">\n\t\t\t<div class=\"elementor-widget-wrap elementor-element-populated\">\n\t\t\t\t\t\t<div class=\"elementor-element elementor-element-b92b91e elementor--h-position-left elementor--v-position-middle elementor-arrows-position-inside elementor-pagination-position-inside elementor-invisible elementor-widget elementor-widget-slides\" data-id=\"b92b91e\" data-element_type=\"widget\" data-e-type=\"widget\" data-settings=\"{&quot;_animation&quot;:&quot;slideInUp&quot;,&quot;navigation&quot;:&quot;both&quot;,&quot;autoplay&quot;:&quot;yes&quot;,&quot;pause_on_hover&quot;:&quot;yes&quot;,&quot;pause_on_interaction&quot;:&quot;yes&quot;,&quot;autoplay_speed&quot;:5000,&quot;infinite&quot;:&quot;yes&quot;,&quot;transition&quot;:&quot;slide&quot;,&quot;transition_speed&quot;:500}\" data-widget_type=\"slides.default\">\n\t\t\t\t\t\t\t\t\t\t<div class=\"elementor-slides-wrapper elementor-main-swiper swiper\" role=\"region\" aria-roledescription=\"carousel\" aria-label=\"Diapositivas\" dir=\"ltr\" data-animation=\"fadeInUp\">\n\t\t\t\t<div class=\"swiper-wrapper elementor-slides\">\n\t\t\t\t\t\t\t\t\t\t<div class=\"elementor-repeater-item-b91c0be swiper-slide\" role=\"group\" aria-roledescription=\"slide\"><div class=\"swiper-slide-bg\" role=\"img\" aria-label=\"Captura de pantalla 2024-01-08 124513\"><\/div><div class=\"swiper-slide-inner\" ><div class=\"swiper-slide-contents\"><div class=\"elementor-slide-heading\">Q152,490,000,000<\/div><div class=\"elementor-slide-description\">Es al aproximado en quetzales de las remesas enviadadas por migrantes guatemaltecos durante todo el  2023. Son Q26 mil millones m\u00e1s que el presupuesto nacional del Estado vigente en 2024<\/div><\/div><\/div><\/div>\t\t\t\t<\/div>\n\t\t\t\t\t\t\t<\/div>\n\t\t\t\t\t\t\t\t<\/div>\n\t\t\t\t\t<\/div>\n\t\t<\/div>\n\t\t\t\t\t<\/div>\n\t\t<\/section>\n\t\t\t\t<section data-particle_enable=\"false\" data-particle-mobile-disabled=\"false\" class=\"elementor-section elementor-top-section elementor-element elementor-element-c649a05 elementor-section-boxed elementor-section-height-default elementor-section-height-default\" data-id=\"c649a05\" data-element_type=\"section\" data-e-type=\"section\">\n\t\t\t\t\t\t<div class=\"elementor-container elementor-column-gap-default\">\n\t\t\t\t\t<div class=\"elementor-column elementor-col-100 elementor-top-column elementor-element elementor-element-142ae96\" data-id=\"142ae96\" data-element_type=\"column\" data-e-type=\"column\">\n\t\t\t<div class=\"elementor-widget-wrap elementor-element-populated\">\n\t\t\t\t\t\t<div class=\"elementor-element elementor-element-fb9e501 elementor-widget elementor-widget-heading\" data-id=\"fb9e501\" data-element_type=\"widget\" data-e-type=\"widget\" data-widget_type=\"heading.default\">\n\t\t\t\t\t<h2 class=\"elementor-heading-title elementor-size-default\">\u00bfA qu\u00e9 se destinan las remesas? <\/h2>\t\t\t\t<\/div>\n\t\t\t\t\t<\/div>\n\t\t<\/div>\n\t\t\t\t\t<\/div>\n\t\t<\/section>\n\t\t\t\t<section data-particle_enable=\"false\" data-particle-mobile-disabled=\"false\" class=\"elementor-section elementor-top-section elementor-element elementor-element-822b780 elementor-section-boxed elementor-section-height-default elementor-section-height-default\" data-id=\"822b780\" data-element_type=\"section\" data-e-type=\"section\">\n\t\t\t\t\t\t<div class=\"elementor-container elementor-column-gap-default\">\n\t\t\t\t\t<div class=\"elementor-column elementor-col-100 elementor-top-column elementor-element elementor-element-8eff3f8\" data-id=\"8eff3f8\" data-element_type=\"column\" data-e-type=\"column\">\n\t\t\t<div class=\"elementor-widget-wrap elementor-element-populated\">\n\t\t\t\t\t\t<div class=\"elementor-element elementor-element-51beafa elementor-widget elementor-widget-text-editor\" data-id=\"51beafa\" data-element_type=\"widget\" data-e-type=\"widget\" data-widget_type=\"text-editor.default\">\n\t\t\t\t\t\t\t\t\t<p><span style=\"color: var( --e-global-color-text );\">Seg\u00fan estad\u00edsticas de la Encuesta de Remesas 2022 de la OIM, el m\u00e1s reciente estudio al respecto: <\/span><strong>de cada 100 d\u00f3lares en remesas<\/strong><span style=\"color: var( --e-global-color-text );\"> estos son los principales rubros en que se utilizan en Guatemala:<\/span><\/p><ul><li><span style=\"color: var( --e-global-color-text );\"><strong>44 d\u00f3lares<\/strong> se dedican a consumo, del cual los principales rubros son: <\/span><ul><li><span style=\"color: var( --e-global-color-text );\">17 d\u00f3lares a la alimentaci\u00f3n; <\/span><\/li><li><span style=\"color: var( --e-global-color-text );\">9 d\u00f3lares a pago de\u00a0 vivienda, <\/span><\/li><li><span style=\"color: var( --e-global-color-text );\">4 d\u00f3lares transporte y el resto otros gastos. <\/span><\/li><\/ul><\/li><li><strong>29 d\u00f3lares<\/strong> van a ahorro bancario y pagos de pr\u00e9stamos, que a veces son bancarios y otras veces son hipotecas o cr\u00e9ditos\u00a0 adquiridos\u00a0 para financiar el viaje del migrante a Estados Unidos.<\/li><li><strong>14 d\u00f3lares<\/strong> van a emprendimientos, compra de mercader\u00eda o materias primas, equipos, pagos de alquiler de locales y salarios.<\/li><li><strong>8.3 d\u00f3lares<\/strong> se utilizan en servicios de salud, generalmente consultas m\u00e9dicas y ex\u00e1menes.<\/li><li><strong>4.7 d\u00f3lares<\/strong> se emplean para pagos de educaci\u00f3n en todos los niveles.<\/li><\/ul>\t\t\t\t\t\t\t\t<\/div>\n\t\t\t\t\t<\/div>\n\t\t<\/div>\n\t\t\t\t\t<\/div>\n\t\t<\/section>\n\t\t\t\t<section data-particle_enable=\"false\" data-particle-mobile-disabled=\"false\" class=\"elementor-section elementor-top-section elementor-element elementor-element-becd5cf elementor-section-boxed elementor-section-height-default elementor-section-height-default\" data-id=\"becd5cf\" data-element_type=\"section\" data-e-type=\"section\">\n\t\t\t\t\t\t<div class=\"elementor-container elementor-column-gap-default\">\n\t\t\t\t\t<div class=\"elementor-column elementor-col-100 elementor-top-column elementor-element elementor-element-8459a36\" data-id=\"8459a36\" data-element_type=\"column\" data-e-type=\"column\">\n\t\t\t<div class=\"elementor-widget-wrap elementor-element-populated\">\n\t\t\t\t\t\t<div class=\"elementor-element elementor-element-8863f9b elementor-widget elementor-widget-image\" data-id=\"8863f9b\" data-element_type=\"widget\" data-e-type=\"widget\" data-widget_type=\"image.default\">\n\t\t\t\t\t\t\t\t\t\t\t\t<figure class=\"wp-caption\">\n\t\t\t\t\t\t\t\t\t\t<img loading=\"lazy\" decoding=\"async\" width=\"768\" height=\"450\" src=\"https:\/\/soymigrante.com\/revista\/wp-content\/uploads\/2023\/06\/protesta-1024x600.webp\" class=\"attachment-large size-large wp-image-1686\" alt=\"Guatemaltecos participan el 30 de junio en las protestas contra la ley antimigrante SB1718\" srcset=\"https:\/\/soymigrante.com\/revista\/wp-content\/uploads\/2023\/06\/protesta-1024x600.webp 1024w, https:\/\/soymigrante.com\/revista\/wp-content\/uploads\/2023\/06\/protesta-300x176.webp 300w, https:\/\/soymigrante.com\/revista\/wp-content\/uploads\/2023\/06\/protesta-768x450.webp 768w, https:\/\/soymigrante.com\/revista\/wp-content\/uploads\/2023\/06\/protesta-1536x899.webp 1536w, https:\/\/soymigrante.com\/revista\/wp-content\/uploads\/2023\/06\/protesta-750x439.webp 750w, https:\/\/soymigrante.com\/revista\/wp-content\/uploads\/2023\/06\/protesta-1140x667.webp 1140w, https:\/\/soymigrante.com\/revista\/wp-content\/uploads\/2023\/06\/protesta.webp 1561w\" sizes=\"(max-width: 768px) 100vw, 768px\" title=\"Guatemaltecos participan el 30 de junio en las protestas contra la ley antimigrante SB1718 \u2013 SoyMigrante.com REVISTA\" \/>\t\t\t\t\t\t\t\t\t\t\t<figcaption class=\"widget-image-caption wp-caption-text\">Guatemaltecos participan el 30 de junio en las protestas contra la ley antimigrante SB1718<\/figcaption>\n\t\t\t\t\t\t\t\t\t\t<\/figure>\n\t\t\t\t\t\t\t\t\t<\/div>\n\t\t\t\t\t<\/div>\n\t\t<\/div>\n\t\t\t\t\t<\/div>\n\t\t<\/section>\n\t\t\t\t<section data-particle_enable=\"false\" data-particle-mobile-disabled=\"false\" class=\"elementor-section elementor-top-section elementor-element elementor-element-f5c37bb elementor-section-boxed elementor-section-height-default elementor-section-height-default\" data-id=\"f5c37bb\" data-element_type=\"section\" data-e-type=\"section\">\n\t\t\t\t\t\t<div class=\"elementor-container elementor-column-gap-default\">\n\t\t\t\t\t<div class=\"elementor-column elementor-col-100 elementor-top-column elementor-element elementor-element-36efe94\" data-id=\"36efe94\" data-element_type=\"column\" data-e-type=\"column\">\n\t\t\t<div class=\"elementor-widget-wrap elementor-element-populated\">\n\t\t\t\t\t\t<div class=\"elementor-element elementor-element-42a863e elementor-widget elementor-widget-heading\" data-id=\"42a863e\" data-element_type=\"widget\" data-e-type=\"widget\" data-widget_type=\"heading.default\">\n\t\t\t\t\t<h2 class=\"elementor-heading-title elementor-size-default\">Migrantes guatemaltecos necesitan m\u00e1s y mejor apoyo del Estado<\/h2>\t\t\t\t<\/div>\n\t\t\t\t\t<\/div>\n\t\t<\/div>\n\t\t\t\t\t<\/div>\n\t\t<\/section>\n\t\t\t\t<section data-particle_enable=\"false\" data-particle-mobile-disabled=\"false\" class=\"elementor-section elementor-top-section elementor-element elementor-element-e90ae8f elementor-section-boxed elementor-section-height-default elementor-section-height-default\" data-id=\"e90ae8f\" data-element_type=\"section\" data-e-type=\"section\">\n\t\t\t\t\t\t<div class=\"elementor-container elementor-column-gap-default\">\n\t\t\t\t\t<div class=\"elementor-column elementor-col-100 elementor-top-column elementor-element elementor-element-51fed43\" data-id=\"51fed43\" data-element_type=\"column\" data-e-type=\"column\">\n\t\t\t<div class=\"elementor-widget-wrap elementor-element-populated\">\n\t\t\t\t\t\t<div class=\"elementor-element elementor-element-2c71c3b elementor-widget elementor-widget-text-editor\" data-id=\"2c71c3b\" data-element_type=\"widget\" data-e-type=\"widget\" data-widget_type=\"text-editor.default\">\n\t\t\t\t\t\t\t\t\t<p><span style=\"color: var( --e-global-color-text );\"><strong>La gran mayor\u00eda de migrantes que env\u00edan remesas no tienen un estatus legal.<\/strong> Los<strong> gobiernos de Guatemala no han sido capaces de gestionar un Estatus de Protecci\u00f3n Temporal, o TPS<\/strong>, para asegurar mejores posibilidades de regularizaci\u00f3n. <strong>Las acciones gubernamentales han sido escasas y d\u00e9biles ante leyes antimigrantes emitidas por estados como Florida y Texas<\/strong>.<\/span><\/p><p>Los servicios de atenci\u00f3n consular son distantes o los tr\u00e1mites de documentos pueden prolongarse demasiado, seg\u00fan el Estado donde se encuentran: son quejas frecuentes de connacionales en Estados Unidos, quienes consideran que con el aporte econ\u00f3mico de remesas merecen una mejor atenci\u00f3n del gobierno guatemalteco.<\/p><p>Por el lado de <strong>Estados Unidos,<\/strong> que<strong> demanda mano de obra<\/strong> sobre todo para tareas agr\u00edcolas, se <strong>han ofrecido varios programas de visas de trabajo temporal. Esta modalidad podr\u00eda ampliarse<\/strong> para generar oportunidades de trabajo y superaci\u00f3n econ\u00f3mica legal en EE.UU., sin que se rompan las familias, fortaleciendo su fuerza productiva y a la vez apoyando a la econom\u00eda de pa\u00edses emisores de migrantes, tal como lo expresa Andrew Seele el presidente de Migration Policy en su m\u00e1s reciente art\u00edculo publicado en Wall Street Journal.<\/p>\t\t\t\t\t\t\t\t<\/div>\n\t\t\t\t\t<\/div>\n\t\t<\/div>\n\t\t\t\t\t<\/div>\n\t\t<\/section>\n\t\t\t\t<section data-particle_enable=\"false\" data-particle-mobile-disabled=\"false\" class=\"elementor-section elementor-top-section elementor-element elementor-element-4140903 elementor-section-boxed elementor-section-height-default elementor-section-height-default\" data-id=\"4140903\" data-element_type=\"section\" data-e-type=\"section\">\n\t\t\t\t\t\t<div class=\"elementor-container elementor-column-gap-default\">\n\t\t\t\t\t<div class=\"elementor-column elementor-col-100 elementor-top-column elementor-element elementor-element-472f7da\" data-id=\"472f7da\" data-element_type=\"column\" data-e-type=\"column\">\n\t\t\t<div class=\"elementor-widget-wrap elementor-element-populated\">\n\t\t\t\t\t\t<div class=\"elementor-element elementor-element-05fc2dc elementor-headline--style-highlight elementor-widget elementor-widget-animated-headline\" data-id=\"05fc2dc\" data-element_type=\"widget\" data-e-type=\"widget\" data-settings=\"{&quot;highlighted_text&quot;:&quot;guatemaltecos de pleno derecho&quot;,&quot;headline_style&quot;:&quot;highlight&quot;,&quot;marker&quot;:&quot;circle&quot;,&quot;loop&quot;:&quot;yes&quot;,&quot;highlight_animation_duration&quot;:1200,&quot;highlight_iteration_delay&quot;:8000}\" data-widget_type=\"animated-headline.default\">\n\t\t\t\t\t\t\t<h3 class=\"elementor-headline\">\n\t\t\t\t\t<span class=\"elementor-headline-plain-text elementor-headline-text-wrapper\">M\u00e1s que remesas, los migrantes son padres, hijos, hermanos  <\/span>\n\t\t\t\t<span class=\"elementor-headline-dynamic-wrapper elementor-headline-text-wrapper\">\n\t\t\t\t\t<span class=\"elementor-headline-dynamic-text elementor-headline-text-active\">guatemaltecos de pleno derecho<\/span>\n\t\t\t\t<\/span>\n\t\t\t\t\t<span class=\"elementor-headline-plain-text elementor-headline-text-wrapper\">por lo cual merecen ser atendidos con calidad y  apoyados con dignidad por parte del Estado<\/span>\n\t\t\t\t\t<\/h3>\n\t\t\t\t\t\t<\/div>\n\t\t\t\t\t<\/div>\n\t\t<\/div>\n\t\t\t\t\t<\/div>\n\t\t<\/section>\n\t\t\t\t<section data-particle_enable=\"false\" data-particle-mobile-disabled=\"false\" class=\"elementor-section elementor-top-section elementor-element elementor-element-c493f7a elementor-section-boxed elementor-section-height-default elementor-section-height-default\" data-id=\"c493f7a\" data-element_type=\"section\" data-e-type=\"section\">\n\t\t\t\t\t\t<div class=\"elementor-container elementor-column-gap-default\">\n\t\t\t\t\t<div class=\"elementor-column elementor-col-100 elementor-top-column elementor-element elementor-element-76ed6da\" data-id=\"76ed6da\" data-element_type=\"column\" data-e-type=\"column\">\n\t\t\t<div class=\"elementor-widget-wrap elementor-element-populated\">\n\t\t\t\t\t\t<div class=\"elementor-element elementor-element-fa59741 elementor-grid-eael-col-1 elementor-grid-tablet-eael-col-2 elementor-grid-mobile-eael-col-1 elementor-widget elementor-widget-eael-post-grid\" data-id=\"fa59741\" data-element_type=\"widget\" data-e-type=\"widget\" data-settings=\"{&quot;eael_post_grid_columns&quot;:&quot;eael-col-1&quot;,&quot;eael_post_grid_columns_tablet&quot;:&quot;eael-col-2&quot;,&quot;eael_post_grid_columns_mobile&quot;:&quot;eael-col-1&quot;}\" data-widget_type=\"eael-post-grid.default\">\n\t\t\t\t\t<div id=\"eael-post-grid-fa59741\" class=\"eael-post-grid-container\">\n            <div class=\"eael-post-grid eael-post-appender eael-post-appender-fa59741 eael-post-grid-style-one\" data-layout-mode=\"masonry\"><article class=\"eael-grid-post  eael-post-grid-column eael-pg-post-4262 category-estamos-unidos\" data-id=\"4262\">\n        <div class=\"eael-grid-post-holder\">\n            <div class=\"eael-grid-post-holder-inner\"><div class=\"eael-entry-media\"><div class=\"eael-entry-overlay fade-in\"><i class=\"fas fa-long-arrow-alt-right\" aria-hidden=\"true\"><\/i><a href=\"https:\/\/soymigrante.com\/revista\/editorial-la-guatemala-migrante-trabaja-aporta-ama-y-vuela-alto\/\"><\/a><\/div><div class=\"eael-entry-thumbnail \">\n                <img loading=\"lazy\" decoding=\"async\" width=\"300\" height=\"190\" src=\"https:\/\/soymigrante.com\/revista\/wp-content\/uploads\/2024\/01\/Captura-de-pantalla-2024-01-08-132346-300x190.webp\" class=\"attachment-medium size-medium wp-image-4276\" alt=\"\" srcset=\"https:\/\/soymigrante.com\/revista\/wp-content\/uploads\/2024\/01\/Captura-de-pantalla-2024-01-08-132346-300x190.webp 300w, https:\/\/soymigrante.com\/revista\/wp-content\/uploads\/2024\/01\/Captura-de-pantalla-2024-01-08-132346-1024x650.webp 1024w, https:\/\/soymigrante.com\/revista\/wp-content\/uploads\/2024\/01\/Captura-de-pantalla-2024-01-08-132346-768x487.webp 768w, https:\/\/soymigrante.com\/revista\/wp-content\/uploads\/2024\/01\/Captura-de-pantalla-2024-01-08-132346-750x476.webp 750w, https:\/\/soymigrante.com\/revista\/wp-content\/uploads\/2024\/01\/Captura-de-pantalla-2024-01-08-132346-1140x724.webp 1140w, https:\/\/soymigrante.com\/revista\/wp-content\/uploads\/2024\/01\/Captura-de-pantalla-2024-01-08-132346.webp 1262w\" sizes=\"(max-width: 300px) 100vw, 300px\" \/>\n            <\/div>\n        <\/div><div class=\"eael-entry-wrapper\"><header class=\"eael-entry-header\"><h2 class=\"eael-entry-title\"><a class=\"eael-grid-post-link\" href=\"https:\/\/soymigrante.com\/revista\/editorial-la-guatemala-migrante-trabaja-aporta-ama-y-vuela-alto\/\" title=\"EDITORIAL: La Guatemala migrante  trabaja, aporta, ama y vuela alto\">EDITORIAL: La Guatemala migrante  trabaja, aporta, ama y vuela alto<\/a><\/h2><\/header><div class=\"eael-entry-content\">\n                        <div class=\"eael-grid-post-excerpt\"><a href=\"https:\/\/soymigrante.com\/revista\/editorial-la-guatemala-migrante-trabaja-aporta-ama-y-vuela-alto\/\" class=\"eael-post-elements-readmore-btn\">Leer m\u00e1s<\/a><\/div>\n                    <\/div><\/div><\/div>\n        <\/div>\n    <\/article><\/div>\n            <div class=\"clearfix\"><\/div>\n        <\/div>\t\t\t\t<\/div>\n\t\t\t\t\t<\/div>\n\t\t<\/div>\n\t\t\t\t\t<\/div>\n\t\t<\/section>\n\t\t\t\t<\/div>\n\t\t","protected":false},"excerpt":{"rendered":"<p>Esfuerzo personal desde Estados Unidos para ayuda de gasto familiar se convierte en masivo env\u00edo de remesas a todo el pa\u00eds y un creciente pilar econ\u00f3mico de Guatemala que vuelve a alcanzar nuevo m\u00e1ximo en 2023. Los migrantes guatemaltecos establecen un nuevo r\u00e9cord hist\u00f3rico anual de env\u00edo de remesas: durante el a\u00f1o 2023 enviaron a [&hellip;]<\/p>\n","protected":false},"author":7,"featured_media":4266,"comment_status":"open","ping_status":"open","sticky":false,"template":"","format":"standard","meta":{"_acf_changed":false,"_eb_attr":"","footnotes":""},"categories":[54],"tags":[84],"class_list":["post-4263","post","type-post","status-publish","format-standard","has-post-thumbnail","hentry","category-estamos-unidos","tag-remesas-migrantes"],"acf":[],"aioseo_notices":[],"aioseo_head":"\n\t\t<!-- All in One SEO Pro 4.9.6.2 - aioseo.com -->\n\t<meta name=\"description\" content=\"La dignidad no tiene precio. El amor a la familia, a la comunidad y a la Patria no se pueden comprar ni vender. Cada remesa migrante contiene esfuerzo, sacrificio, amor y tristeza por una separaci\u00f3n, lo cual hace a\u00fan m\u00e1s valioso el aporte r\u00e9cord de 2023. Un gran \u00e9xito, un gran logro, una nueva marca\" \/>\n\t<meta name=\"robots\" content=\"max-snippet:-1, max-image-preview:large, max-video-preview:-1\" \/>\n\t<meta name=\"author\" content=\"Gustavo Montenegro\"\/>\n\t<link rel=\"canonical\" href=\"https:\/\/soymigrante.com\/revista\/migrantes-guatemaltecos-alcanzan-nuevo-record-de-remesas-en-2023-us18-mil-804-millones\/\" \/>\n\t<meta name=\"generator\" content=\"All in One SEO Pro (AIOSEO) 4.9.6.2\" \/>\n\n\t\t<link rel=\"preconnect\" href=\"https:\/\/fonts.googleapis.com\" crossorigin>\n<link rel=\"preconnect\" href=\"https:\/\/fonts.gstatic.com\" crossorigin>\n\t\t<meta property=\"og:locale\" content=\"es_ES\" \/>\n\t\t<meta property=\"og:site_name\" content=\"SoyMigrante.com REVISTA \u2013 Nuestra misi\u00f3n es reconocer y dignificar al migrante.\" \/>\n\t\t<meta property=\"og:type\" content=\"article\" \/>\n\t\t<meta property=\"og:title\" content=\"Migrantes guatemaltecos alcanzan nuevo r\u00e9cord de remesas en 2023: US19 mil 804 millones\" \/>\n\t\t<meta property=\"og:description\" content=\"Esfuerzo personal desde Estados Unidos para ayuda de gasto familiar se convierte en masivo env\u00edo de remesas a todo el pa\u00eds y un creciente pilar econ\u00f3mico de Guatemala que vuelve a alcanzar nuevo m\u00e1ximo en 2023. Los migrantes guatemaltecos establecen un nuevo r\u00e9cord hist\u00f3rico anual de env\u00edo de remesas: durante el a\u00f1o 2023 enviaron a\" \/>\n\t\t<meta property=\"og:url\" content=\"https:\/\/soymigrante.com\/revista\/migrantes-guatemaltecos-alcanzan-nuevo-record-de-remesas-en-2023-us18-mil-804-millones\/\" \/>\n\t\t<meta property=\"og:image\" content=\"https:\/\/soymigrante.com\/revista\/wp-content\/uploads\/2024\/01\/mejia.webp\" \/>\n\t\t<meta property=\"og:image:secure_url\" content=\"https:\/\/soymigrante.com\/revista\/wp-content\/uploads\/2024\/01\/mejia.webp\" \/>\n\t\t<meta property=\"og:image:width\" content=\"1200\" \/>\n\t\t<meta property=\"og:image:height\" content=\"1271\" \/>\n\t\t<meta property=\"article:published_time\" content=\"2024-01-08T18:34:57+00:00\" \/>\n\t\t<meta property=\"article:modified_time\" content=\"2024-07-31T17:50:42+00:00\" \/>\n\t\t<meta property=\"article:publisher\" content=\"https:\/\/www.facebook.com\/soymigrantecom\" \/>\n\t\t<meta name=\"twitter:card\" content=\"summary_large_image\" \/>\n\t\t<meta name=\"twitter:site\" content=\"@SoyMigrante_com\" \/>\n\t\t<meta name=\"twitter:title\" content=\"Migrantes guatemaltecos alcanzan nuevo r\u00e9cord de remesas en 2023: US19 mil 804 millones\" \/>\n\t\t<meta name=\"twitter:description\" content=\"Esfuerzo personal desde Estados Unidos para ayuda de gasto familiar se convierte en masivo env\u00edo de remesas a todo el pa\u00eds y un creciente pilar econ\u00f3mico de Guatemala que vuelve a alcanzar nuevo m\u00e1ximo en 2023. Los migrantes guatemaltecos establecen un nuevo r\u00e9cord hist\u00f3rico anual de env\u00edo de remesas: durante el a\u00f1o 2023 enviaron a\" \/>\n\t\t<meta name=\"twitter:creator\" content=\"@SoyMigrante_com\" \/>\n\t\t<meta name=\"twitter:image\" content=\"https:\/\/soymigrante.com\/revista\/wp-content\/uploads\/2024\/01\/mejia.webp\" \/>\n\t\t<!-- All in One SEO Pro -->\r\n\t\t<title>Migrantes guatemaltecos alcanzan nuevo r\u00e9cord de remesas en 2023: US19 mil 804 millones<\/title>\n\n","aioseo_head_json":{"title":"Migrantes guatemaltecos alcanzan nuevo r\u00e9cord de remesas en 2023: US19 mil 804 millones","description":"Esfuerzo personal desde Estados Unidos para ayuda de gasto familiar se convierte en masivo env\u00edo de remesas a todo el pa\u00eds y un creciente pilar econ\u00f3mico de Guatemala que vuelve a alcanzar nuevo m\u00e1ximo en 2023. Los migrantes guatemaltecos establecen un nuevo r\u00e9cord hist\u00f3rico anual de env\u00edo de remesas: durante el a\u00f1o 2023 enviaron a","canonical_url":"https:\/\/soymigrante.com\/revista\/migrantes-guatemaltecos-alcanzan-nuevo-record-de-remesas-en-2023-us18-mil-804-millones\/","robots":"max-snippet:-1, max-image-preview:large, max-video-preview:-1","keywords":"","webmasterTools":{"miscellaneous":"&lt;link rel=\"preconnect\" href=\"https:\/\/fonts.googleapis.com\" crossorigin&gt;\n&lt;link rel=\"preconnect\" href=\"https:\/\/fonts.gstatic.com\" crossorigin&gt;"},"schema":null,"og:locale":"es_ES","og:site_name":"SoyMigrante.com REVISTA \u2013 Nuestra misi\u00f3n es reconocer y dignificar al migrante.","og:type":"article","og:title":"Migrantes guatemaltecos alcanzan nuevo r\u00e9cord de remesas en 2023: US19 mil 804 millones","og:description":"Esfuerzo personal desde Estados Unidos para ayuda de gasto familiar se convierte en masivo env\u00edo de remesas a todo el pa\u00eds y un creciente pilar econ\u00f3mico de Guatemala que vuelve a alcanzar nuevo m\u00e1ximo en 2023. Los migrantes guatemaltecos establecen un nuevo r\u00e9cord hist\u00f3rico anual de env\u00edo de remesas: durante el a\u00f1o 2023 enviaron a","og:url":"https:\/\/soymigrante.com\/revista\/migrantes-guatemaltecos-alcanzan-nuevo-record-de-remesas-en-2023-us18-mil-804-millones\/","og:image":"https:\/\/soymigrante.com\/revista\/wp-content\/uploads\/2024\/01\/mejia.webp","og:image:secure_url":"https:\/\/soymigrante.com\/revista\/wp-content\/uploads\/2024\/01\/mejia.webp","og:image:width":1200,"og:image:height":1271,"article:published_time":"2024-01-08T18:34:57+00:00","article:modified_time":"2024-07-31T17:50:42+00:00","article:publisher":"https:\/\/www.facebook.com\/soymigrantecom","twitter:card":"summary_large_image","twitter:site":"@SoyMigrante_com","twitter:title":"Migrantes guatemaltecos alcanzan nuevo r\u00e9cord de remesas en 2023: US19 mil 804 millones","twitter:description":"Esfuerzo personal desde Estados Unidos para ayuda de gasto familiar se convierte en masivo env\u00edo de remesas a todo el pa\u00eds y un creciente pilar econ\u00f3mico de Guatemala que vuelve a alcanzar nuevo m\u00e1ximo en 2023. Los migrantes guatemaltecos establecen un nuevo r\u00e9cord hist\u00f3rico anual de env\u00edo de remesas: durante el a\u00f1o 2023 enviaron a","twitter:creator":"@SoyMigrante_com","twitter:image":"https:\/\/soymigrante.com\/revista\/wp-content\/uploads\/2024\/01\/mejia.webp"},"aioseo_meta_data":{"post_id":"4263","title":null,"description":null,"keywords":[],"keyphrases":{"focus":{"keyphrase":"Remesas","score":91,"analysis":{"keyphraseInTitle":{"score":9,"maxScore":9,"error":0},"keyphraseInDescription":{"score":9,"maxScore":9,"error":0},"keyphraseLength":{"score":9,"maxScore":9,"error":0,"length":1},"keyphraseInURL":{"score":5,"maxScore":5,"error":0},"keyphraseInIntroduction":{"score":9,"maxScore":9,"error":0},"keyphraseInSubHeadings":{"score":9,"maxScore":9,"error":0},"keyphraseInImageAlt":{"score":3,"maxScore":9,"error":1},"keywordDensity":{"type":"best","score":9,"maxScore":9,"error":0}}},"additional":[]},"primary_term":null,"canonical_url":null,"og_title":null,"og_description":null,"og_object_type":"default","og_image_type":"default","og_image_url":null,"og_image_width":null,"og_image_height":null,"og_image_custom_url":null,"og_image_custom_fields":null,"og_video":"","og_custom_url":null,"og_article_section":null,"og_article_tags":[],"twitter_use_og":false,"twitter_card":"default","twitter_image_type":"default","twitter_image_url":null,"twitter_image_custom_url":null,"twitter_image_custom_fields":null,"twitter_title":null,"twitter_description":null,"schema":{"blockGraphs":[],"customGraphs":[],"default":{"data":{"Article":[],"Course":[],"Dataset":[],"FAQPage":[],"Movie":[],"Person":[],"Product":[],"ProductReview":[],"Car":[],"Recipe":[],"Service":[],"SoftwareApplication":[],"WebPage":[]},"graphName":"BlogPosting","isEnabled":true},"graphs":[]},"schema_type":"default","schema_type_options":null,"pillar_content":false,"robots_default":true,"robots_noindex":false,"robots_noarchive":false,"robots_nosnippet":false,"robots_nofollow":false,"robots_noimageindex":false,"robots_noodp":false,"robots_notranslate":false,"robots_max_snippet":"-1","robots_max_videopreview":"-1","robots_max_imagepreview":"large","priority":null,"frequency":"default","local_seo":null,"seo_analyzer_scan_date":"2025-10-08 20:57:15","breadcrumb_settings":null,"limit_modified_date":false,"reviewed_by":null,"open_ai":null,"ai":null,"created":"2024-01-08 17:55:52","updated":"2026-02-04 10:22:17"},"aioseo_breadcrumb":"<div class=\"aioseo-breadcrumbs\"><span class=\"aioseo-breadcrumb\">\n\t<a href=\"https:\/\/soymigrante.com\/revista\" title=\"Home\">Home<\/a>\n<\/span><span class=\"aioseo-breadcrumb-separator\">\u00bb<\/span><span class=\"aioseo-breadcrumb\">\n\t<a href=\"https:\/\/soymigrante.com\/revista\/category\/estamos-unidos\/\" title=\"Estamos Unidos\">Estamos Unidos<\/a>\n<\/span><span class=\"aioseo-breadcrumb-separator\">\u00bb<\/span><span class=\"aioseo-breadcrumb\">\n\tMigrantes guatemaltecos alcanzan nuevo r\u00e9cord de remesas en 2023: US19 mil 804 millones\n<\/span><\/div>","aioseo_breadcrumb_json":[{"label":"Home","link":"https:\/\/soymigrante.com\/revista"},{"label":"Estamos Unidos","link":"https:\/\/soymigrante.com\/revista\/category\/estamos-unidos\/"},{"label":"Migrantes guatemaltecos alcanzan nuevo r\u00e9cord de remesas en 2023: US19 mil 804 millones","link":"https:\/\/soymigrante.com\/revista\/migrantes-guatemaltecos-alcanzan-nuevo-record-de-remesas-en-2023-us18-mil-804-millones\/"}],"_links":{"self":[{"href":"https:\/\/soymigrante.com\/revista\/wp-json\/wp\/v2\/posts\/4263","targetHints":{"allow":["GET"]}}],"collection":[{"href":"https:\/\/soymigrante.com\/revista\/wp-json\/wp\/v2\/posts"}],"about":[{"href":"https:\/\/soymigrante.com\/revista\/wp-json\/wp\/v2\/types\/post"}],"author":[{"embeddable":true,"href":"https:\/\/soymigrante.com\/revista\/wp-json\/wp\/v2\/users\/7"}],"replies":[{"embeddable":true,"href":"https:\/\/soymigrante.com\/revista\/wp-json\/wp\/v2\/comments?post=4263"}],"version-history":[{"count":0,"href":"https:\/\/soymigrante.com\/revista\/wp-json\/wp\/v2\/posts\/4263\/revisions"}],"wp:featuredmedia":[{"embeddable":true,"href":"https:\/\/soymigrante.com\/revista\/wp-json\/wp\/v2\/media\/4266"}],"wp:attachment":[{"href":"https:\/\/soymigrante.com\/revista\/wp-json\/wp\/v2\/media?parent=4263"}],"wp:term":[{"taxonomy":"category","embeddable":true,"href":"https:\/\/soymigrante.com\/revista\/wp-json\/wp\/v2\/categories?post=4263"},{"taxonomy":"post_tag","embeddable":true,"href":"https:\/\/soymigrante.com\/revista\/wp-json\/wp\/v2\/tags?post=4263"}],"curies":[{"name":"wp","href":"https:\/\/api.w.org\/{rel}","templated":true}]}}