{"id":4262,"date":"2024-01-08T13:45:28","date_gmt":"2024-01-08T19:45:28","guid":{"rendered":"https:\/\/soymigrante.com\/revista\/?p=4262"},"modified":"2024-07-27T22:30:58","modified_gmt":"2024-07-28T04:30:58","slug":"editorial-la-guatemala-migrante-trabaja-aporta-ama-y-vuela-alto","status":"publish","type":"post","link":"https:\/\/soymigrante.com\/revista\/editorial-la-guatemala-migrante-trabaja-aporta-ama-y-vuela-alto\/","title":{"rendered":"EDITORIAL: La Guatemala migrante  trabaja, aporta, ama y vuela alto"},"content":{"rendered":"\t\t<div data-elementor-type=\"wp-post\" data-elementor-id=\"4262\" class=\"elementor elementor-4262\" data-elementor-post-type=\"post\">\n\t\t\t\t\t\t<section data-particle_enable=\"false\" data-particle-mobile-disabled=\"false\" class=\"elementor-section elementor-top-section elementor-element elementor-element-9d8c1bd elementor-section-boxed elementor-section-height-default elementor-section-height-default\" data-id=\"9d8c1bd\" data-element_type=\"section\" data-e-type=\"section\">\n\t\t\t\t\t\t<div class=\"elementor-container elementor-column-gap-default\">\n\t\t\t\t\t<div class=\"elementor-column elementor-col-100 elementor-top-column elementor-element elementor-element-742a01b\" data-id=\"742a01b\" data-element_type=\"column\" data-e-type=\"column\">\n\t\t\t<div class=\"elementor-widget-wrap elementor-element-populated\">\n\t\t\t\t\t\t<div class=\"elementor-element elementor-element-8675c55 elementor-widget elementor-widget-heading\" data-id=\"8675c55\" data-element_type=\"widget\" data-e-type=\"widget\" data-widget_type=\"heading.default\">\n\t\t\t\t\t<h2 class=\"elementor-heading-title elementor-size-default\">La dignidad no tiene precio. El amor a la familia, a la comunidad y a la Patria no se pueden comprar ni vender. Cada remesa migrante contiene esfuerzo, sacrificio, amor y tristeza por una separaci\u00f3n, lo cual hace a\u00fan m\u00e1s valioso el aporte r\u00e9cord de 2023.<br><\/h2>\t\t\t\t<\/div>\n\t\t\t\t\t<\/div>\n\t\t<\/div>\n\t\t\t\t\t<\/div>\n\t\t<\/section>\n\t\t\t\t<section data-particle_enable=\"false\" data-particle-mobile-disabled=\"false\" class=\"elementor-section elementor-top-section elementor-element elementor-element-e7b9cb9 elementor-section-boxed elementor-section-height-default elementor-section-height-default\" data-id=\"e7b9cb9\" data-element_type=\"section\" data-e-type=\"section\">\n\t\t\t\t\t\t<div class=\"elementor-container elementor-column-gap-default\">\n\t\t\t\t\t<div class=\"elementor-column elementor-col-100 elementor-top-column elementor-element elementor-element-4fd90b7\" data-id=\"4fd90b7\" data-element_type=\"column\" data-e-type=\"column\">\n\t\t\t<div class=\"elementor-widget-wrap elementor-element-populated\">\n\t\t\t\t\t\t<div class=\"elementor-element elementor-element-e4b05b8 elementor-widget elementor-widget-image\" data-id=\"e4b05b8\" data-element_type=\"widget\" data-e-type=\"widget\" data-widget_type=\"image.default\">\n\t\t\t\t\t\t\t\t\t\t\t\t<figure class=\"wp-caption\">\n\t\t\t\t\t\t\t\t\t\t<img fetchpriority=\"high\" decoding=\"async\" width=\"768\" height=\"488\" src=\"https:\/\/soymigrante.com\/revista\/wp-content\/uploads\/2024\/01\/Captura-de-pantalla-2024-01-08-132346-1024x650.webp\" class=\"attachment-large size-large wp-image-4276\" alt=\"\" srcset=\"https:\/\/soymigrante.com\/revista\/wp-content\/uploads\/2024\/01\/Captura-de-pantalla-2024-01-08-132346-1024x650.webp 1024w, https:\/\/soymigrante.com\/revista\/wp-content\/uploads\/2024\/01\/Captura-de-pantalla-2024-01-08-132346-300x190.webp 300w, https:\/\/soymigrante.com\/revista\/wp-content\/uploads\/2024\/01\/Captura-de-pantalla-2024-01-08-132346-768x487.webp 768w, https:\/\/soymigrante.com\/revista\/wp-content\/uploads\/2024\/01\/Captura-de-pantalla-2024-01-08-132346-750x476.webp 750w, https:\/\/soymigrante.com\/revista\/wp-content\/uploads\/2024\/01\/Captura-de-pantalla-2024-01-08-132346-1140x724.webp 1140w, https:\/\/soymigrante.com\/revista\/wp-content\/uploads\/2024\/01\/Captura-de-pantalla-2024-01-08-132346.webp 1262w\" sizes=\"(max-width: 768px) 100vw, 768px\" title=\"Quetzal en vuelo m\u00e1gico, pintura del artista momosteco Alexander Ambrocio \u2013 SoyMigrante.com REVISTA\" \/>\t\t\t\t\t\t\t\t\t\t\t<figcaption class=\"widget-image-caption wp-caption-text\">Quetzal en vuelo m\u00e1gico, pintura del artista momosteco Alexander Ambrocio<\/figcaption>\n\t\t\t\t\t\t\t\t\t\t<\/figure>\n\t\t\t\t\t\t\t\t\t<\/div>\n\t\t\t\t\t<\/div>\n\t\t<\/div>\n\t\t\t\t\t<\/div>\n\t\t<\/section>\n\t\t\t\t<section data-particle_enable=\"false\" data-particle-mobile-disabled=\"false\" class=\"elementor-section elementor-top-section elementor-element elementor-element-939d389 elementor-section-boxed elementor-section-height-default elementor-section-height-default\" data-id=\"939d389\" data-element_type=\"section\" data-e-type=\"section\">\n\t\t\t\t\t\t<div class=\"elementor-container elementor-column-gap-default\">\n\t\t\t\t\t<div class=\"elementor-column elementor-col-100 elementor-top-column elementor-element elementor-element-6ccd6f1\" data-id=\"6ccd6f1\" data-element_type=\"column\" data-e-type=\"column\">\n\t\t\t<div class=\"elementor-widget-wrap elementor-element-populated\">\n\t\t\t\t\t\t<div class=\"elementor-element elementor-element-5538a48 elementor-widget elementor-widget-text-editor\" data-id=\"5538a48\" data-element_type=\"widget\" data-e-type=\"widget\" data-widget_type=\"text-editor.default\">\n\t\t\t\t\t\t\t\t\t<p>Un gran \u00e9xito, un gran logro, una nueva marca hist\u00f3rica de env\u00edo de remesas tienen por debajo una gran tragedia, un enorme dolor, un incre\u00edble sacrificio a causa de las oportunidades que no se pudieron tener en suelo guatemalteco.<\/p><p>Esos US$19 mil 840 millones enviados durante el 2023\u00a0 establecen un r\u00e9cord impresionante, testimonio del talento, la dedicaci\u00f3n y la capacidad de trabajo de los migrantes guatemaltecos. Lamentablemente una inmensa mayor\u00eda tiene una situaci\u00f3n migratoria irregular en la Uni\u00f3n Americana, a lo cual se suman los a\u00fan insuficientes servicios de atenci\u00f3n y apoyo consular por parte del Estado de Guatemala.<\/p><p>Y es que a pesar de las crecientes cifras,\u00a0 sigue estancada la inversi\u00f3n de los gobiernos en mejorar la infraestructura y la tecnolog\u00eda de atenci\u00f3n migrante. Candidatos van y vienen ofreciendo de todo, incluso reciben apoyos econ\u00f3micos para campa\u00f1a pero una vez en el poder han dejado de lado lo ofrecido.\u00a0<\/p><p>A las puertas de un nuevo gobierno es de esperar que se concrete la transformaci\u00f3n del servicio consular para corresponder en algo el enorme aporte de remesas.<\/p>\t\t\t\t\t\t\t\t<\/div>\n\t\t\t\t\t<\/div>\n\t\t<\/div>\n\t\t\t\t\t<\/div>\n\t\t<\/section>\n\t\t\t\t<section data-particle_enable=\"false\" data-particle-mobile-disabled=\"false\" class=\"elementor-section elementor-top-section elementor-element elementor-element-d5f1cbe elementor-section-boxed elementor-section-height-default elementor-section-height-default\" data-id=\"d5f1cbe\" data-element_type=\"section\" data-e-type=\"section\">\n\t\t\t\t\t\t<div class=\"elementor-container elementor-column-gap-default\">\n\t\t\t\t\t<div class=\"elementor-column elementor-col-100 elementor-top-column elementor-element elementor-element-d84a0cf\" data-id=\"d84a0cf\" data-element_type=\"column\" data-e-type=\"column\">\n\t\t\t<div class=\"elementor-widget-wrap elementor-element-populated\">\n\t\t\t\t\t\t<div class=\"elementor-element elementor-element-8678b3f elementor-widget elementor-widget-image\" data-id=\"8678b3f\" data-element_type=\"widget\" data-e-type=\"widget\" data-widget_type=\"image.default\">\n\t\t\t\t\t\t\t\t\t\t\t\t<figure class=\"wp-caption\">\n\t\t\t\t\t\t\t\t\t\t<img decoding=\"async\" width=\"768\" height=\"304\" src=\"https:\/\/soymigrante.com\/revista\/wp-content\/uploads\/2024\/01\/Captura-de-pantalla-2024-01-08-115809.webp\" class=\"attachment-large size-large wp-image-4264\" alt=\"\" srcset=\"https:\/\/soymigrante.com\/revista\/wp-content\/uploads\/2024\/01\/Captura-de-pantalla-2024-01-08-115809.webp 952w, https:\/\/soymigrante.com\/revista\/wp-content\/uploads\/2024\/01\/Captura-de-pantalla-2024-01-08-115809-300x119.webp 300w, https:\/\/soymigrante.com\/revista\/wp-content\/uploads\/2024\/01\/Captura-de-pantalla-2024-01-08-115809-768x304.webp 768w, https:\/\/soymigrante.com\/revista\/wp-content\/uploads\/2024\/01\/Captura-de-pantalla-2024-01-08-115809-750x297.webp 750w\" sizes=\"(max-width: 768px) 100vw, 768px\" title=\"El Quetzal simboliza ese gran anhelo guatemalteco de volar cada vez m\u00e1s alto, en alas del desarrollo humano sostenible. Las remesas de migrantes contribuyen a ello pero a la vez exhiben la falta de oportunidades econ\u00f3micas  que a\u00fan persisten. (Pintura del artista momosteco Alex\u00e1nder Ambrocio)  https:\/\/www.facebook.com\/artes.ambrocio \u2013 SoyMigrante.com REVISTA\" \/>\t\t\t\t\t\t\t\t\t\t\t<figcaption class=\"widget-image-caption wp-caption-text\">El Quetzal simboliza ese gran anhelo guatemalteco de volar cada vez m\u00e1s alto, en alas del desarrollo humano sostenible. Las remesas de migrantes contribuyen a ello pero a la vez exhiben la falta de oportunidades econ\u00f3micas  que a\u00fan persisten. (Pintura del artista momosteco Alex\u00e1nder Ambrocio)  https:\/\/www.facebook.com\/artes.ambrocio<\/figcaption>\n\t\t\t\t\t\t\t\t\t\t<\/figure>\n\t\t\t\t\t\t\t\t\t<\/div>\n\t\t\t\t\t<\/div>\n\t\t<\/div>\n\t\t\t\t\t<\/div>\n\t\t<\/section>\n\t\t\t\t<section data-particle_enable=\"false\" data-particle-mobile-disabled=\"false\" class=\"elementor-section elementor-top-section elementor-element elementor-element-c88d3cb elementor-section-boxed elementor-section-height-default elementor-section-height-default\" data-id=\"c88d3cb\" data-element_type=\"section\" data-e-type=\"section\">\n\t\t\t\t\t\t<div class=\"elementor-container elementor-column-gap-default\">\n\t\t\t\t\t<div class=\"elementor-column elementor-col-100 elementor-top-column elementor-element elementor-element-086ea55\" data-id=\"086ea55\" data-element_type=\"column\" data-e-type=\"column\">\n\t\t\t<div class=\"elementor-widget-wrap elementor-element-populated\">\n\t\t\t\t\t\t<div class=\"elementor-element elementor-element-4b19479 elementor-widget elementor-widget-heading\" data-id=\"4b19479\" data-element_type=\"widget\" data-e-type=\"widget\" data-widget_type=\"heading.default\">\n\t\t\t\t\t<h1 class=\"elementor-heading-title elementor-size-default\">Alto costo en vidas y salida de talentos<\/h1>\t\t\t\t<\/div>\n\t\t\t\t\t<\/div>\n\t\t<\/div>\n\t\t\t\t\t<\/div>\n\t\t<\/section>\n\t\t\t\t<section data-particle_enable=\"false\" data-particle-mobile-disabled=\"false\" class=\"elementor-section elementor-top-section elementor-element elementor-element-5e2657b elementor-section-boxed elementor-section-height-default elementor-section-height-default\" data-id=\"5e2657b\" data-element_type=\"section\" data-e-type=\"section\">\n\t\t\t\t\t\t<div class=\"elementor-container elementor-column-gap-default\">\n\t\t\t\t\t<div class=\"elementor-column elementor-col-100 elementor-top-column elementor-element elementor-element-e12266b\" data-id=\"e12266b\" data-element_type=\"column\" data-e-type=\"column\">\n\t\t\t<div class=\"elementor-widget-wrap elementor-element-populated\">\n\t\t\t\t\t\t<div class=\"elementor-element elementor-element-700aca1 elementor-widget elementor-widget-text-editor\" data-id=\"700aca1\" data-element_type=\"widget\" data-e-type=\"widget\" data-widget_type=\"text-editor.default\">\n\t\t\t\t\t\t\t\t\t<p>Cientos de guatemaltecos han perecido en ruta a Estados Unidos a manos de bandas criminales, explotados por tratantes de personas, perdidos en el cruce del desierto, encerrados en furgones o fallecidos en accidentes viales. A su vez, quienes logran atravesar la frontera viven con el temor constante de ser capturados y deportados. Se arriesgan porque en sus aldeas y municipios no hay oportunidades de empleo, prevalecen las extorsiones o son v\u00edctimas de otras formas de violencia. No se van porque quieran, sino por necesidad de brindar un mejor porvenir a su familia.<\/p><p>Deben tener dos y tres empleos para sobrevivir y poder enviar esa remesa. Deben madrugar a las 3 de la ma\u00f1ana y regresar a las 11 de la noche. Deben el viaje y tienen que pagar duros pr\u00e9stamos adquiridos. Y todo eso lo hacen por amor de padre, de madre, de hermano, de hijo de una patria hermosa a la que a\u00f1oran y a la cual sue\u00f1an volver alg\u00fan d\u00eda. Muchos j\u00f3venes en edad productiva traspasan la frontera entre la incertidumbre y la esperanza.<\/p><p>En una ciudad distante despiertan otro d\u00eda, otra semana, otro mes. Por eso SoyMigrante.com surgi\u00f3 para resaltar ese esfuerzo cotidiano, ese esp\u00edritu de superaci\u00f3n, para integrar a esa Guatemala Migrante que brilla con dignidad a miles de millas de la Tierra del Quetzal.<\/p><p>Gracias a cada migrante por su esfuerzo convertido en pilar de la econom\u00eda familiar, comunitaria y nacional.<\/p>\t\t\t\t\t\t\t\t<\/div>\n\t\t\t\t\t<\/div>\n\t\t<\/div>\n\t\t\t\t\t<\/div>\n\t\t<\/section>\n\t\t\t\t<section data-particle_enable=\"false\" data-particle-mobile-disabled=\"false\" class=\"elementor-section elementor-top-section elementor-element elementor-element-ef406f5 elementor-section-boxed elementor-section-height-default elementor-section-height-default\" data-id=\"ef406f5\" data-element_type=\"section\" data-e-type=\"section\">\n\t\t\t\t\t\t<div class=\"elementor-container elementor-column-gap-default\">\n\t\t\t\t\t<div class=\"elementor-column elementor-col-100 elementor-top-column elementor-element elementor-element-8bcbc90\" data-id=\"8bcbc90\" data-element_type=\"column\" data-e-type=\"column\">\n\t\t\t<div class=\"elementor-widget-wrap elementor-element-populated\">\n\t\t\t\t\t\t<div class=\"elementor-element elementor-element-cc1b715 elementor-headline--style-highlight elementor-widget elementor-widget-animated-headline\" data-id=\"cc1b715\" data-element_type=\"widget\" data-e-type=\"widget\" data-settings=\"{&quot;highlighted_text&quot;:&quot;\\u00a1y cuenta much\\u00edsimo!&quot;,&quot;headline_style&quot;:&quot;highlight&quot;,&quot;marker&quot;:&quot;circle&quot;,&quot;loop&quot;:&quot;yes&quot;,&quot;highlight_animation_duration&quot;:1200,&quot;highlight_iteration_delay&quot;:8000}\" data-widget_type=\"animated-headline.default\">\n\t\t\t\t\t\t\t<h3 class=\"elementor-headline\">\n\t\t\t\t\t<span class=\"elementor-headline-plain-text elementor-headline-text-wrapper\">Aqu\u00ed en SoyMigrante.com cada migrante cuenta<\/span>\n\t\t\t\t<span class=\"elementor-headline-dynamic-wrapper elementor-headline-text-wrapper\">\n\t\t\t\t\t<span class=\"elementor-headline-dynamic-text elementor-headline-text-active\">\u00a1y cuenta much\u00edsimo!<\/span>\n\t\t\t\t<\/span>\n\t\t\t\t\t<span class=\"elementor-headline-plain-text elementor-headline-text-wrapper\"> <\/span>\n\t\t\t\t\t<\/h3>\n\t\t\t\t\t\t<\/div>\n\t\t\t\t\t<\/div>\n\t\t<\/div>\n\t\t\t\t\t<\/div>\n\t\t<\/section>\n\t\t\t\t<section data-particle_enable=\"false\" data-particle-mobile-disabled=\"false\" class=\"elementor-section elementor-top-section elementor-element elementor-element-eacb456 elementor-section-boxed elementor-section-height-default elementor-section-height-default\" data-id=\"eacb456\" data-element_type=\"section\" data-e-type=\"section\">\n\t\t\t\t\t\t<div class=\"elementor-container elementor-column-gap-default\">\n\t\t\t\t\t<div class=\"elementor-column elementor-col-100 elementor-top-column elementor-element elementor-element-b3af139\" data-id=\"b3af139\" data-element_type=\"column\" data-e-type=\"column\">\n\t\t\t<div class=\"elementor-widget-wrap elementor-element-populated\">\n\t\t\t\t\t\t<div class=\"elementor-element elementor-element-8918cde elementor-widget elementor-widget-video\" data-id=\"8918cde\" data-element_type=\"widget\" data-e-type=\"widget\" data-settings=\"{&quot;youtube_url&quot;:&quot;https:\\\/\\\/www.youtube.com\\\/watch?v=7g4NuZfwHa0&quot;,&quot;autoplay&quot;:&quot;yes&quot;,&quot;video_type&quot;:&quot;youtube&quot;,&quot;controls&quot;:&quot;yes&quot;}\" data-widget_type=\"video.default\">\n\t\t\t\t\t\t\t<div class=\"elementor-wrapper elementor-open-inline\">\n\t\t\t<div class=\"elementor-video\"><\/div>\t\t<\/div>\n\t\t\t\t\t\t<\/div>\n\t\t\t\t\t<\/div>\n\t\t<\/div>\n\t\t\t\t\t<\/div>\n\t\t<\/section>\n\t\t\t\t<section data-particle_enable=\"false\" data-particle-mobile-disabled=\"false\" class=\"elementor-section elementor-top-section elementor-element elementor-element-9af8507 elementor-section-boxed elementor-section-height-default elementor-section-height-default\" data-id=\"9af8507\" data-element_type=\"section\" data-e-type=\"section\">\n\t\t\t\t\t\t<div class=\"elementor-container elementor-column-gap-default\">\n\t\t\t\t\t<div class=\"elementor-column elementor-col-100 elementor-top-column elementor-element elementor-element-2c22483\" data-id=\"2c22483\" data-element_type=\"column\" data-e-type=\"column\">\n\t\t\t<div class=\"elementor-widget-wrap elementor-element-populated\">\n\t\t\t\t\t\t<div class=\"elementor-element elementor-element-22c4dad elementor-widget-divider--view-line elementor-widget elementor-widget-divider\" data-id=\"22c4dad\" data-element_type=\"widget\" data-e-type=\"widget\" data-widget_type=\"divider.default\">\n\t\t\t\t\t\t\t<div class=\"elementor-divider\">\n\t\t\t<span class=\"elementor-divider-separator\">\n\t\t\t\t\t\t<\/span>\n\t\t<\/div>\n\t\t\t\t\t\t<\/div>\n\t\t\t\t\t<\/div>\n\t\t<\/div>\n\t\t\t\t\t<\/div>\n\t\t<\/section>\n\t\t\t\t<section data-particle_enable=\"false\" data-particle-mobile-disabled=\"false\" class=\"elementor-section elementor-top-section elementor-element elementor-element-4b49fd7 elementor-section-boxed elementor-section-height-default elementor-section-height-default\" data-id=\"4b49fd7\" data-element_type=\"section\" data-e-type=\"section\">\n\t\t\t\t\t\t<div class=\"elementor-container elementor-column-gap-default\">\n\t\t\t\t\t<div class=\"elementor-column elementor-col-100 elementor-top-column elementor-element elementor-element-5c5e3a0\" data-id=\"5c5e3a0\" data-element_type=\"column\" data-e-type=\"column\">\n\t\t\t<div class=\"elementor-widget-wrap elementor-element-populated\">\n\t\t\t\t\t\t<div class=\"elementor-element elementor-element-3a0cc2d elementor-widget elementor-widget-heading\" data-id=\"3a0cc2d\" data-element_type=\"widget\" data-e-type=\"widget\" data-widget_type=\"heading.default\">\n\t\t\t\t\t<h2 class=\"elementor-heading-title elementor-size-default\">M\u00e1s sobre las remesas migrantes del a\u00f1o 2023<\/h2>\t\t\t\t<\/div>\n\t\t\t\t\t<\/div>\n\t\t<\/div>\n\t\t\t\t\t<\/div>\n\t\t<\/section>\n\t\t\t\t<section data-particle_enable=\"false\" data-particle-mobile-disabled=\"false\" class=\"elementor-section elementor-top-section elementor-element elementor-element-a49b550 elementor-section-boxed elementor-section-height-default elementor-section-height-default\" data-id=\"a49b550\" data-element_type=\"section\" data-e-type=\"section\">\n\t\t\t\t\t\t<div class=\"elementor-container elementor-column-gap-default\">\n\t\t\t\t\t<div class=\"elementor-column elementor-col-100 elementor-top-column elementor-element elementor-element-5cc1c6e\" data-id=\"5cc1c6e\" data-element_type=\"column\" data-e-type=\"column\">\n\t\t\t<div class=\"elementor-widget-wrap elementor-element-populated\">\n\t\t\t\t\t\t<div class=\"elementor-element elementor-element-e0dda4a elementor-grid-eael-col-1 elementor-grid-tablet-eael-col-2 elementor-grid-mobile-eael-col-1 elementor-widget elementor-widget-eael-post-grid\" data-id=\"e0dda4a\" data-element_type=\"widget\" data-e-type=\"widget\" data-settings=\"{&quot;eael_post_grid_columns&quot;:&quot;eael-col-1&quot;,&quot;eael_post_grid_columns_tablet&quot;:&quot;eael-col-2&quot;,&quot;eael_post_grid_columns_mobile&quot;:&quot;eael-col-1&quot;}\" data-widget_type=\"eael-post-grid.default\">\n\t\t\t\t\t<div id=\"eael-post-grid-e0dda4a\" class=\"eael-post-grid-container\">\n            <div class=\"eael-post-grid eael-post-appender eael-post-appender-e0dda4a eael-post-grid-style-one\" data-layout-mode=\"masonry\"><article class=\"eael-grid-post  eael-post-grid-column eael-pg-post-4263 category-estamos-unidos tags-remesas-migrantes\" data-id=\"4263\">\n        <div class=\"eael-grid-post-holder\">\n            <div class=\"eael-grid-post-holder-inner\"><div class=\"eael-entry-media\"><div class=\"eael-entry-overlay fade-in\"><i class=\"fas fa-long-arrow-alt-right\" aria-hidden=\"true\"><\/i><a href=\"https:\/\/soymigrante.com\/revista\/migrantes-guatemaltecos-alcanzan-nuevo-record-de-remesas-en-2023-us18-mil-804-millones\/\"><\/a><\/div><div class=\"eael-entry-thumbnail eael-image-ratio\">\n                <img decoding=\"async\" width=\"283\" height=\"300\" src=\"https:\/\/soymigrante.com\/revista\/wp-content\/uploads\/2024\/01\/mejia-283x300.webp\" class=\"attachment-medium size-medium wp-image-4266\" alt=\"\" srcset=\"https:\/\/soymigrante.com\/revista\/wp-content\/uploads\/2024\/01\/mejia-283x300.webp 283w, https:\/\/soymigrante.com\/revista\/wp-content\/uploads\/2024\/01\/mejia-967x1024.webp 967w, https:\/\/soymigrante.com\/revista\/wp-content\/uploads\/2024\/01\/mejia-768x813.webp 768w, https:\/\/soymigrante.com\/revista\/wp-content\/uploads\/2024\/01\/mejia-750x794.webp 750w, https:\/\/soymigrante.com\/revista\/wp-content\/uploads\/2024\/01\/mejia-1140x1207.webp 1140w, https:\/\/soymigrante.com\/revista\/wp-content\/uploads\/2024\/01\/mejia.webp 1200w\" sizes=\"(max-width: 283px) 100vw, 283px\" \/>\n            <\/div>\n        <\/div><div class=\"eael-entry-wrapper\"><header class=\"eael-entry-header\"><h2 class=\"eael-entry-title\"><a class=\"eael-grid-post-link\" href=\"https:\/\/soymigrante.com\/revista\/migrantes-guatemaltecos-alcanzan-nuevo-record-de-remesas-en-2023-us18-mil-804-millones\/\" title=\"Migrantes guatemaltecos alcanzan nuevo r\u00e9cord de remesas en 2023: US19 mil 804 millones\">Migrantes guatemaltecos alcanzan nuevo r\u00e9cord de remesas en 2023: US19 mil 804 millones<\/a><\/h2><\/header><div class=\"eael-entry-content\">\n                        <div class=\"eael-grid-post-excerpt\"><p>Esfuerzo personal desde Estados Unidos para ayuda de gasto familiar se convierte en masivo env\u00edo de remesas a todo el pa\u00eds y un creciente pilar econ\u00f3mico de Guatemala que vuelve a alcanzar nuevo m\u00e1ximo en 2023. Los migrantes guatemaltecos establecen un nuevo r\u00e9cord...<\/p><a href=\"https:\/\/soymigrante.com\/revista\/migrantes-guatemaltecos-alcanzan-nuevo-record-de-remesas-en-2023-us18-mil-804-millones\/\" class=\"eael-post-elements-readmore-btn\">Leer m\u00e1s<\/a><\/div>\n                    <\/div><\/div><\/div>\n        <\/div>\n    <\/article><\/div>\n            <div class=\"clearfix\"><\/div>\n        <\/div>\t\t\t\t<\/div>\n\t\t\t\t\t<\/div>\n\t\t<\/div>\n\t\t\t\t\t<\/div>\n\t\t<\/section>\n\t\t\t\t<\/div>\n\t\t","protected":false},"excerpt":{"rendered":"<p>La dignidad no tiene precio. El amor a la familia, a la comunidad y a la Patria no se pueden comprar ni vender. Cada remesa migrante contiene esfuerzo, sacrificio, amor y tristeza por una separaci\u00f3n, lo cual hace a\u00fan m\u00e1s valioso el aporte r\u00e9cord de 2023. Quetzal en vuelo m\u00e1gico, pintura del artista momosteco Alexander [&hellip;]<\/p>\n","protected":false},"author":1,"featured_media":4276,"comment_status":"open","ping_status":"open","sticky":false,"template":"","format":"standard","meta":{"_acf_changed":false,"_eb_attr":"","footnotes":""},"categories":[54],"tags":[],"class_list":["post-4262","post","type-post","status-publish","format-standard","has-post-thumbnail","hentry","category-estamos-unidos"],"acf":[],"aioseo_notices":[],"aioseo_head":"\n\t\t<!-- All in One SEO Pro 4.9.6.2 - aioseo.com -->\n\t<meta name=\"description\" content=\"Esfuerzo personal desde Estados Unidos para ayuda de gasto familiar se convierte en masivo env\u00edo de remesas a todo el pa\u00eds y un creciente pilar econ\u00f3mico de Guatemala que vuelve a alcanzar nuevo m\u00e1ximo en 2023. Los migrantes guatemaltecos establecen un nuevo r\u00e9cord hist\u00f3rico anual de env\u00edo de remesas: durante el a\u00f1o 2023 enviaron a\" \/>\n\t<meta name=\"robots\" content=\"max-snippet:-1, max-image-preview:large, max-video-preview:-1\" \/>\n\t<meta name=\"author\" content=\"SoyMigrante.com REVISTA\"\/>\n\t<link rel=\"canonical\" href=\"https:\/\/soymigrante.com\/revista\/editorial-la-guatemala-migrante-trabaja-aporta-ama-y-vuela-alto\/\" \/>\n\t<meta name=\"generator\" content=\"All in One SEO Pro (AIOSEO) 4.9.6.2\" \/>\n\n\t\t<link rel=\"preconnect\" href=\"https:\/\/fonts.googleapis.com\" crossorigin>\n<link rel=\"preconnect\" href=\"https:\/\/fonts.gstatic.com\" crossorigin>\n\t\t<meta property=\"og:locale\" content=\"es_ES\" \/>\n\t\t<meta property=\"og:site_name\" content=\"SoyMigrante.com REVISTA \u2013 Nuestra misi\u00f3n es reconocer y dignificar al migrante.\" \/>\n\t\t<meta property=\"og:type\" content=\"article\" \/>\n\t\t<meta property=\"og:title\" content=\"EDITORIAL: La Guatemala migrante trabaja, aporta, ama y vuela alto\" \/>\n\t\t<meta property=\"og:description\" content=\"La dignidad no tiene precio. El amor a la familia, a la comunidad y a la Patria no se pueden comprar ni vender. Cada remesa migrante contiene esfuerzo, sacrificio, amor y tristeza por una separaci\u00f3n, lo cual hace a\u00fan m\u00e1s valioso el aporte r\u00e9cord de 2023. Un gran \u00e9xito, un gran logro, una nueva marca\" \/>\n\t\t<meta property=\"og:url\" content=\"https:\/\/soymigrante.com\/revista\/editorial-la-guatemala-migrante-trabaja-aporta-ama-y-vuela-alto\/\" \/>\n\t\t<meta property=\"og:image\" content=\"https:\/\/soymigrante.com\/revista\/wp-content\/uploads\/2024\/01\/Captura-de-pantalla-2024-01-08-132346.webp\" \/>\n\t\t<meta property=\"og:image:secure_url\" content=\"https:\/\/soymigrante.com\/revista\/wp-content\/uploads\/2024\/01\/Captura-de-pantalla-2024-01-08-132346.webp\" \/>\n\t\t<meta property=\"og:image:width\" content=\"1262\" \/>\n\t\t<meta property=\"og:image:height\" content=\"801\" \/>\n\t\t<meta property=\"article:published_time\" content=\"2024-01-08T19:45:28+00:00\" \/>\n\t\t<meta property=\"article:modified_time\" content=\"2024-07-28T04:30:58+00:00\" \/>\n\t\t<meta property=\"article:publisher\" content=\"https:\/\/www.facebook.com\/soymigrantecom\" \/>\n\t\t<meta name=\"twitter:card\" content=\"summary_large_image\" \/>\n\t\t<meta name=\"twitter:site\" content=\"@SoyMigrante_com\" \/>\n\t\t<meta name=\"twitter:title\" content=\"EDITORIAL: La Guatemala migrante trabaja, aporta, ama y vuela alto\" \/>\n\t\t<meta name=\"twitter:description\" content=\"La dignidad no tiene precio. El amor a la familia, a la comunidad y a la Patria no se pueden comprar ni vender. Cada remesa migrante contiene esfuerzo, sacrificio, amor y tristeza por una separaci\u00f3n, lo cual hace a\u00fan m\u00e1s valioso el aporte r\u00e9cord de 2023. Un gran \u00e9xito, un gran logro, una nueva marca\" \/>\n\t\t<meta name=\"twitter:creator\" content=\"@SoyMigrante_com\" \/>\n\t\t<meta name=\"twitter:image\" content=\"https:\/\/soymigrante.com\/revista\/wp-content\/uploads\/2024\/01\/Captura-de-pantalla-2024-01-08-132346.webp\" \/>\n\t\t<!-- All in One SEO Pro -->\r\n\t\t<title>EDITORIAL: La Guatemala migrante trabaja, aporta, ama y vuela alto<\/title>\n\n","aioseo_head_json":{"title":"EDITORIAL: La Guatemala migrante trabaja, aporta, ama y vuela alto","description":"La dignidad no tiene precio. El amor a la familia, a la comunidad y a la Patria no se pueden comprar ni vender. Cada remesa migrante contiene esfuerzo, sacrificio, amor y tristeza por una separaci\u00f3n, lo cual hace a\u00fan m\u00e1s valioso el aporte r\u00e9cord de 2023. Un gran \u00e9xito, un gran logro, una nueva marca","canonical_url":"https:\/\/soymigrante.com\/revista\/editorial-la-guatemala-migrante-trabaja-aporta-ama-y-vuela-alto\/","robots":"max-snippet:-1, max-image-preview:large, max-video-preview:-1","keywords":"","webmasterTools":{"miscellaneous":"&lt;link rel=\"preconnect\" href=\"https:\/\/fonts.googleapis.com\" crossorigin&gt;\n&lt;link rel=\"preconnect\" href=\"https:\/\/fonts.gstatic.com\" crossorigin&gt;"},"schema":null,"og:locale":"es_ES","og:site_name":"SoyMigrante.com REVISTA \u2013 Nuestra misi\u00f3n es reconocer y dignificar al migrante.","og:type":"article","og:title":"EDITORIAL: La Guatemala migrante trabaja, aporta, ama y vuela alto","og:description":"La dignidad no tiene precio. El amor a la familia, a la comunidad y a la Patria no se pueden comprar ni vender. Cada remesa migrante contiene esfuerzo, sacrificio, amor y tristeza por una separaci\u00f3n, lo cual hace a\u00fan m\u00e1s valioso el aporte r\u00e9cord de 2023. Un gran \u00e9xito, un gran logro, una nueva marca","og:url":"https:\/\/soymigrante.com\/revista\/editorial-la-guatemala-migrante-trabaja-aporta-ama-y-vuela-alto\/","og:image":"https:\/\/soymigrante.com\/revista\/wp-content\/uploads\/2024\/01\/Captura-de-pantalla-2024-01-08-132346.webp","og:image:secure_url":"https:\/\/soymigrante.com\/revista\/wp-content\/uploads\/2024\/01\/Captura-de-pantalla-2024-01-08-132346.webp","og:image:width":1262,"og:image:height":801,"article:published_time":"2024-01-08T19:45:28+00:00","article:modified_time":"2024-07-28T04:30:58+00:00","article:publisher":"https:\/\/www.facebook.com\/soymigrantecom","twitter:card":"summary_large_image","twitter:site":"@SoyMigrante_com","twitter:title":"EDITORIAL: La Guatemala migrante trabaja, aporta, ama y vuela alto","twitter:description":"La dignidad no tiene precio. El amor a la familia, a la comunidad y a la Patria no se pueden comprar ni vender. Cada remesa migrante contiene esfuerzo, sacrificio, amor y tristeza por una separaci\u00f3n, lo cual hace a\u00fan m\u00e1s valioso el aporte r\u00e9cord de 2023. Un gran \u00e9xito, un gran logro, una nueva marca","twitter:creator":"@SoyMigrante_com","twitter:image":"https:\/\/soymigrante.com\/revista\/wp-content\/uploads\/2024\/01\/Captura-de-pantalla-2024-01-08-132346.webp"},"aioseo_meta_data":{"post_id":"4262","title":null,"description":null,"keywords":[],"keyphrases":{"focus":{"keyphrase":"Migrante","score":82,"analysis":{"keyphraseInTitle":{"score":9,"maxScore":9,"error":0},"keyphraseInDescription":{"score":9,"maxScore":9,"error":0},"keyphraseLength":{"score":9,"maxScore":9,"error":0,"length":1},"keyphraseInURL":{"score":5,"maxScore":5,"error":0},"keyphraseInIntroduction":{"score":3,"maxScore":9,"error":1},"keyphraseInSubHeadings":{"score":9,"maxScore":9,"error":0},"keyphraseInImageAlt":{"score":3,"maxScore":9,"error":1},"keywordDensity":{"type":"best","score":9,"maxScore":9,"error":0}}},"additional":[]},"primary_term":null,"canonical_url":null,"og_title":null,"og_description":null,"og_object_type":"default","og_image_type":"default","og_image_url":null,"og_image_width":null,"og_image_height":null,"og_image_custom_url":null,"og_image_custom_fields":null,"og_video":"","og_custom_url":null,"og_article_section":null,"og_article_tags":[],"twitter_use_og":false,"twitter_card":"default","twitter_image_type":"default","twitter_image_url":null,"twitter_image_custom_url":null,"twitter_image_custom_fields":null,"twitter_title":null,"twitter_description":null,"schema":{"blockGraphs":[],"customGraphs":[],"default":{"data":{"Article":[],"Course":[],"Dataset":[],"FAQPage":[],"Movie":[],"Person":[],"Product":[],"ProductReview":[],"Car":[],"Recipe":[],"Service":[],"SoftwareApplication":[],"WebPage":[]},"graphName":"BlogPosting","isEnabled":true},"graphs":[]},"schema_type":"default","schema_type_options":null,"pillar_content":false,"robots_default":true,"robots_noindex":false,"robots_noarchive":false,"robots_nosnippet":false,"robots_nofollow":false,"robots_noimageindex":false,"robots_noodp":false,"robots_notranslate":false,"robots_max_snippet":"-1","robots_max_videopreview":"-1","robots_max_imagepreview":"large","priority":null,"frequency":"default","local_seo":null,"seo_analyzer_scan_date":"2025-10-08 20:59:15","breadcrumb_settings":null,"limit_modified_date":false,"reviewed_by":null,"open_ai":null,"ai":null,"created":"2024-01-08 17:51:57","updated":"2026-02-04 10:22:17"},"aioseo_breadcrumb":"<div class=\"aioseo-breadcrumbs\"><span class=\"aioseo-breadcrumb\">\n\t<a href=\"https:\/\/soymigrante.com\/revista\" title=\"Home\">Home<\/a>\n<\/span><span class=\"aioseo-breadcrumb-separator\">\u00bb<\/span><span class=\"aioseo-breadcrumb\">\n\t<a href=\"https:\/\/soymigrante.com\/revista\/category\/estamos-unidos\/\" title=\"Estamos Unidos\">Estamos Unidos<\/a>\n<\/span><span class=\"aioseo-breadcrumb-separator\">\u00bb<\/span><span class=\"aioseo-breadcrumb\">\n\tEDITORIAL: La Guatemala migrante  trabaja, aporta, ama y vuela alto\n<\/span><\/div>","aioseo_breadcrumb_json":[{"label":"Home","link":"https:\/\/soymigrante.com\/revista"},{"label":"Estamos Unidos","link":"https:\/\/soymigrante.com\/revista\/category\/estamos-unidos\/"},{"label":"EDITORIAL: La Guatemala migrante  trabaja, aporta, ama y vuela alto","link":"https:\/\/soymigrante.com\/revista\/editorial-la-guatemala-migrante-trabaja-aporta-ama-y-vuela-alto\/"}],"_links":{"self":[{"href":"https:\/\/soymigrante.com\/revista\/wp-json\/wp\/v2\/posts\/4262","targetHints":{"allow":["GET"]}}],"collection":[{"href":"https:\/\/soymigrante.com\/revista\/wp-json\/wp\/v2\/posts"}],"about":[{"href":"https:\/\/soymigrante.com\/revista\/wp-json\/wp\/v2\/types\/post"}],"author":[{"embeddable":true,"href":"https:\/\/soymigrante.com\/revista\/wp-json\/wp\/v2\/users\/1"}],"replies":[{"embeddable":true,"href":"https:\/\/soymigrante.com\/revista\/wp-json\/wp\/v2\/comments?post=4262"}],"version-history":[{"count":0,"href":"https:\/\/soymigrante.com\/revista\/wp-json\/wp\/v2\/posts\/4262\/revisions"}],"wp:featuredmedia":[{"embeddable":true,"href":"https:\/\/soymigrante.com\/revista\/wp-json\/wp\/v2\/media\/4276"}],"wp:attachment":[{"href":"https:\/\/soymigrante.com\/revista\/wp-json\/wp\/v2\/media?parent=4262"}],"wp:term":[{"taxonomy":"category","embeddable":true,"href":"https:\/\/soymigrante.com\/revista\/wp-json\/wp\/v2\/categories?post=4262"},{"taxonomy":"post_tag","embeddable":true,"href":"https:\/\/soymigrante.com\/revista\/wp-json\/wp\/v2\/tags?post=4262"}],"curies":[{"name":"wp","href":"https:\/\/api.w.org\/{rel}","templated":true}]}}