{"id":42574,"date":"2025-08-23T11:02:35","date_gmt":"2025-08-23T17:02:35","guid":{"rendered":"https:\/\/soymigrante.com\/revista\/?p=42574"},"modified":"2025-08-23T11:03:02","modified_gmt":"2025-08-23T17:03:02","slug":"museo-ferrocarril-guatemala-viaje-tiempo-patrimonio","status":"publish","type":"post","link":"https:\/\/soymigrante.com\/revista\/museo-ferrocarril-guatemala-viaje-tiempo-patrimonio\/","title":{"rendered":"Viaje en el tiempo a bordo del Museo del Ferrocarril de Guatemala"},"content":{"rendered":"\t\t<div data-elementor-type=\"wp-post\" data-elementor-id=\"42574\" class=\"elementor elementor-42574\" data-elementor-post-type=\"post\">\n\t\t\t\t<div data-particle_enable=\"false\" data-particle-mobile-disabled=\"false\" class=\"elementor-element elementor-element-1a3bf4c e-flex e-con-boxed e-con e-parent\" data-id=\"1a3bf4c\" data-element_type=\"container\" data-e-type=\"container\">\n\t\t\t\t\t<div class=\"e-con-inner\">\n\t\t\t\t<div class=\"elementor-element elementor-element-57f0678 elementor-widget elementor-widget-heading\" data-id=\"57f0678\" data-element_type=\"widget\" data-e-type=\"widget\" data-widget_type=\"heading.default\">\n\t\t\t\t\t<h2 class=\"elementor-heading-title elementor-size-default\">El Museo del Ferrocarril es un viaje al pasado, sobre rieles que resuena en el presente.<\/h2>\t\t\t\t<\/div>\n\t\t\t\t\t<\/div>\n\t\t\t\t<\/div>\n\t\t<div data-particle_enable=\"false\" data-particle-mobile-disabled=\"false\" class=\"elementor-element elementor-element-980be10 e-flex e-con-boxed e-con e-parent\" data-id=\"980be10\" data-element_type=\"container\" data-e-type=\"container\">\n\t\t\t\t\t<div class=\"e-con-inner\">\n\t\t\t\t<div class=\"elementor-element elementor-element-24ba4d1 elementor-widget elementor-widget-text-editor\" data-id=\"24ba4d1\" data-element_type=\"widget\" data-e-type=\"widget\" data-widget_type=\"text-editor.default\">\n\t\t\t\t\t\t\t\t\t<p>Ubicado en la antigua Estaci\u00f3n Central de Ferrocarriles de Guatemala, en la 9\u00aa avenida 18-03 de la zona 1 capitalina, <a href=\"https:\/\/www.facebook.com\/museo.ferrocarril\" target=\"_blank\" rel=\"noopener\">el Museo del Ferrocarril ocupa un edificio levantado entre 1884 y 1908.<\/a> Reconstruido tras los terremotos de 1917\u20131918, el inmueble fue declarado Patrimonio Cultural de la Naci\u00f3n en 1995 por su valor hist\u00f3rico, arquitect\u00f3nico y simb\u00f3lico.<\/p>\t\t\t\t\t\t\t\t<\/div>\n\t\t\t\t\t<\/div>\n\t\t\t\t<\/div>\n\t\t<div data-particle_enable=\"false\" data-particle-mobile-disabled=\"false\" class=\"elementor-element elementor-element-abf41ed e-flex e-con-boxed e-con e-parent\" data-id=\"abf41ed\" data-element_type=\"container\" data-e-type=\"container\">\n\t\t\t\t\t<div class=\"e-con-inner\">\n\t\t\t\t<div class=\"elementor-element elementor-element-36a9c84 elementor-invisible elementor-widget elementor-widget-facebook-embed\" data-id=\"36a9c84\" data-element_type=\"widget\" data-e-type=\"widget\" data-settings=\"{&quot;_animation&quot;:&quot;zoomInDown&quot;}\" data-widget_type=\"facebook-embed.default\">\n\t\t\t\t\t<div style=\"min-height: 1px\" class=\"elementor-facebook-widget fb-post\" data-href=\"https:\/\/www.facebook.com\/photo.php?fbid=778688414407945&#038;set=pb.100068003813365.-2207520000&#038;type=3\" data-show-text=\"false\"><\/div>\t\t\t\t<\/div>\n\t\t\t\t\t<\/div>\n\t\t\t\t<\/div>\n\t\t<div data-particle_enable=\"false\" data-particle-mobile-disabled=\"false\" class=\"elementor-element elementor-element-a131066 e-flex e-con-boxed e-con e-parent\" data-id=\"a131066\" data-element_type=\"container\" data-e-type=\"container\">\n\t\t\t\t\t<div class=\"e-con-inner\">\n\t\t\t\t<div class=\"elementor-element elementor-element-a3ece2d elementor-widget elementor-widget-heading\" data-id=\"a3ece2d\" data-element_type=\"widget\" data-e-type=\"widget\" data-widget_type=\"heading.default\">\n\t\t\t\t\t<h3 class=\"elementor-heading-title elementor-size-default\">El origen de la preservaci\u00f3n<\/h3>\t\t\t\t<\/div>\n\t\t\t\t\t<\/div>\n\t\t\t\t<\/div>\n\t\t<div data-particle_enable=\"false\" data-particle-mobile-disabled=\"false\" class=\"elementor-element elementor-element-814553f e-flex e-con-boxed e-con e-parent\" data-id=\"814553f\" data-element_type=\"container\" data-e-type=\"container\">\n\t\t\t\t\t<div class=\"e-con-inner\">\n\t\t\t\t<div class=\"elementor-element elementor-element-e87025b elementor-widget elementor-widget-text-editor\" data-id=\"e87025b\" data-element_type=\"widget\" data-e-type=\"widget\" data-widget_type=\"text-editor.default\">\n\t\t\t\t\t\t\t\t\t<p>La idea de crear un museo surgi\u00f3 durante el declive del sistema ferroviario en los a\u00f1os 1990. Ante la posibilidad de que piezas clave fueran vendidas como chatarra o exportadas \u2014como la locomotora de vapor N.\u00ba 205 en 1991\u2014, trabajadores y aficionados formaron la Asociaci\u00f3n de Amigos del Ferrocarril. <a href=\"https:\/\/www.facebook.com\/museo.ferrocarril\" target=\"_blank\" rel=\"noopener\">Reunieron m\u00e1s de 800 firmas para evitar la p\u00e9rdida de este patrimonio y lograron que la locomotora fuera conservada dentro de lo que hoy es el museo.<\/a><\/p><p>En 1996\u20131997, ocurri\u00f3 otro episodio emblem\u00e1tico: los trabajadores se opusieron al traslado al exterior de la locomotora N.\u00ba 34 (de 1897), declarando: \u201cLa 34 \u00fanicamente saldr\u00eda del patio de FEGUA sobre nuestros cad\u00e1veres\u201d, lo que consolid\u00f3 la identidad del museo como s\u00edmbolo de la resistencia cultural.<\/p><p>En respuesta a esta movilizaci\u00f3n social, el proyecto del Dr. Arturo Gramajo Mondal se articul\u00f3 con el Ministerio de Cultura y Deportes, y gracias tambi\u00e9n al apoyo de Henry Posner III y la Fundaci\u00f3n de Amigos del Ferrocarril, se concret\u00f3 la idea y la infraestructura del museo. El museo abri\u00f3 sus puertas oficialmente el 8 de enero de 2004, constituy\u00e9ndose tambi\u00e9n como Centro Cultural FEGUA.<\/p>\t\t\t\t\t\t\t\t<\/div>\n\t\t\t\t\t<\/div>\n\t\t\t\t<\/div>\n\t\t<div data-particle_enable=\"false\" data-particle-mobile-disabled=\"false\" class=\"elementor-element elementor-element-9507429 e-flex e-con-boxed e-con e-parent\" data-id=\"9507429\" data-element_type=\"container\" data-e-type=\"container\">\n\t\t\t\t\t<div class=\"e-con-inner\">\n\t\t\t\t<div class=\"elementor-element elementor-element-9f5d210 elementor-invisible elementor-widget elementor-widget-facebook-embed\" data-id=\"9f5d210\" data-element_type=\"widget\" data-e-type=\"widget\" data-settings=\"{&quot;_animation&quot;:&quot;zoomInDown&quot;}\" data-widget_type=\"facebook-embed.default\">\n\t\t\t\t\t<div style=\"min-height: 1px\" class=\"elementor-facebook-widget fb-post\" data-href=\"https:\/\/www.facebook.com\/photo.php?fbid=836808291929290&#038;set=pb.100068003813365.-2207520000&#038;type=3\" data-show-text=\"false\"><\/div>\t\t\t\t<\/div>\n\t\t\t\t\t<\/div>\n\t\t\t\t<\/div>\n\t\t<div data-particle_enable=\"false\" data-particle-mobile-disabled=\"false\" class=\"elementor-element elementor-element-e50e8ec e-flex e-con-boxed e-con e-parent\" data-id=\"e50e8ec\" data-element_type=\"container\" data-e-type=\"container\">\n\t\t\t\t\t<div class=\"e-con-inner\">\n\t\t\t\t<div class=\"elementor-element elementor-element-23a6071 elementor-widget elementor-widget-heading\" data-id=\"23a6071\" data-element_type=\"widget\" data-e-type=\"widget\" data-widget_type=\"heading.default\">\n\t\t\t\t\t<h3 class=\"elementor-heading-title elementor-size-default\">Colecciones que relatan tres \u00e9pocas<\/h3>\t\t\t\t<\/div>\n\t\t\t\t\t<\/div>\n\t\t\t\t<\/div>\n\t\t<div data-particle_enable=\"false\" data-particle-mobile-disabled=\"false\" class=\"elementor-element elementor-element-9b5311a e-flex e-con-boxed e-con e-parent\" data-id=\"9b5311a\" data-element_type=\"container\" data-e-type=\"container\">\n\t\t\t\t\t<div class=\"e-con-inner\">\n\t\t\t\t<div class=\"elementor-element elementor-element-dfe2430 elementor-widget elementor-widget-text-editor\" data-id=\"dfe2430\" data-element_type=\"widget\" data-e-type=\"widget\" data-widget_type=\"text-editor.default\">\n\t\t\t\t\t\t\t\t\t<div>El museo est\u00e1 organizado en tres grandes etapas del desarrollo ferroviario:<\/div><div>\u20221880 a 1928: representada por la locomotora de vapor N.\u00ba 34.<\/div><div>\u20221928 a 1950: con locomotoras N.\u00ba 204 y 205.<\/div><div>\u20221950 a 1972: donde figura la locomotora di\u00e9sel N.\u00ba 606, restaurada por trabajadores de FEGUA.<\/div><div>\u00a0<\/div><div>Tambi\u00e9n destacan varias piezas \u00fanicas, como el vag\u00f3n presidencial \u201cMichatoya\u201d (1938), el ejecutivo \u201cGuastatoya\u201d (1896) y el elegante \u201cManagu\u00e1\u201d (1903), usados por presidentes y altos mandos ferroviarios.<\/div><div>\u00a0<\/div><div>Sumado a esto, el p\u00fablico puede recorrer el coche-restaurante de 1937, vagones de pasajeros y de carga, <a href=\"https:\/\/www.facebook.com\/museo.ferrocarril\" target=\"_blank\" rel=\"noopener\">as\u00ed como salas ambientadas con oficinas de boleter\u00eda, tel\u00e9grafos, mobiliario, cajas fuertes, y hasta una recreaci\u00f3n del Hotel Zacapa.<\/a><\/div>\t\t\t\t\t\t\t\t<\/div>\n\t\t\t\t\t<\/div>\n\t\t\t\t<\/div>\n\t\t<div data-particle_enable=\"false\" data-particle-mobile-disabled=\"false\" class=\"elementor-element elementor-element-4f995b5 e-flex e-con-boxed e-con e-parent\" data-id=\"4f995b5\" data-element_type=\"container\" data-e-type=\"container\">\n\t\t\t\t\t<div class=\"e-con-inner\">\n\t\t\t\t<div class=\"elementor-element elementor-element-19d818b elementor-invisible elementor-widget elementor-widget-facebook-embed\" data-id=\"19d818b\" data-element_type=\"widget\" data-e-type=\"widget\" data-settings=\"{&quot;_animation&quot;:&quot;zoomInDown&quot;}\" data-widget_type=\"facebook-embed.default\">\n\t\t\t\t\t<div style=\"min-height: 1px\" class=\"elementor-facebook-widget fb-post\" data-href=\"https:\/\/www.facebook.com\/photo.php?fbid=824464583163661&#038;set=pb.100068003813365.-2207520000&#038;type=3\" data-show-text=\"false\"><\/div>\t\t\t\t<\/div>\n\t\t\t\t\t<\/div>\n\t\t\t\t<\/div>\n\t\t<div data-particle_enable=\"false\" data-particle-mobile-disabled=\"false\" class=\"elementor-element elementor-element-cf97a01 e-flex e-con-boxed e-con e-parent\" data-id=\"cf97a01\" data-element_type=\"container\" data-e-type=\"container\">\n\t\t\t\t\t<div class=\"e-con-inner\">\n\t\t\t\t<div class=\"elementor-element elementor-element-f0ceb76 elementor-widget elementor-widget-heading\" data-id=\"f0ceb76\" data-element_type=\"widget\" data-e-type=\"widget\" data-widget_type=\"heading.default\">\n\t\t\t\t\t<h3 class=\"elementor-heading-title elementor-size-default\">M\u00e1s que un museo: un centro cultural vivo<\/h3>\t\t\t\t<\/div>\n\t\t\t\t\t<\/div>\n\t\t\t\t<\/div>\n\t\t<div data-particle_enable=\"false\" data-particle-mobile-disabled=\"false\" class=\"elementor-element elementor-element-1891b02 e-flex e-con-boxed e-con e-parent\" data-id=\"1891b02\" data-element_type=\"container\" data-e-type=\"container\">\n\t\t\t\t\t<div class=\"e-con-inner\">\n\t\t\t\t<div class=\"elementor-element elementor-element-ec8e67a elementor-widget elementor-widget-text-editor\" data-id=\"ec8e67a\" data-element_type=\"widget\" data-e-type=\"widget\" data-widget_type=\"text-editor.default\">\n\t\t\t\t\t\t\t\t\t<p>Adem\u00e1s de preservar piezas hist\u00f3ricas, el museo act\u00faa como espacio cultural din\u00e1mico. <a href=\"https:\/\/www.facebook.com\/museo.ferrocarril\" target=\"_blank\" rel=\"noopener\">Forma parte del Centro Cultural FEGUA, que incluye tambi\u00e9n el museo en Zacapa.<\/a> Ofrece visitas guiadas, talleres, exposiciones, eventos teatrales, bibliotecas itinerantes y cuentacuentos para ni\u00f1os, j\u00f3venes y familias.<\/p>\t\t\t\t\t\t\t\t<\/div>\n\t\t\t\t\t<\/div>\n\t\t\t\t<\/div>\n\t\t<div data-particle_enable=\"false\" data-particle-mobile-disabled=\"false\" class=\"elementor-element elementor-element-a41fd79 e-flex e-con-boxed e-con e-parent\" data-id=\"a41fd79\" data-element_type=\"container\" data-e-type=\"container\">\n\t\t\t\t\t<div class=\"e-con-inner\">\n\t\t\t\t<div class=\"elementor-element elementor-element-8480657 elementor-widget elementor-widget-heading\" data-id=\"8480657\" data-element_type=\"widget\" data-e-type=\"widget\" data-widget_type=\"heading.default\">\n\t\t\t\t\t<h3 class=\"elementor-heading-title elementor-size-default\">Horarios y entrada<\/h3>\t\t\t\t<\/div>\n\t\t\t\t\t<\/div>\n\t\t\t\t<\/div>\n\t\t<div data-particle_enable=\"false\" data-particle-mobile-disabled=\"false\" class=\"elementor-element elementor-element-56cfe2d e-flex e-con-boxed e-con e-parent\" data-id=\"56cfe2d\" data-element_type=\"container\" data-e-type=\"container\">\n\t\t\t\t\t<div class=\"e-con-inner\">\n\t\t\t\t<div class=\"elementor-element elementor-element-33e72ee elementor-widget elementor-widget-text-editor\" data-id=\"33e72ee\" data-element_type=\"widget\" data-e-type=\"widget\" data-widget_type=\"text-editor.default\">\n\t\t\t\t\t\t\t\t\t<div><strong>Ciudad de Guatemala:<\/strong><\/div><div>\u2022Martes a viernes: 9:00 \u2013 16:00 (o 16:30 seg\u00fan fuente).<\/div><div>\u2022S\u00e1bados y domingos: 10:00 \u2013 16:00 (o 16:30).<\/div><div>\u2022Entrada general: Q 2.00; ni\u00f1os hasta 12 a\u00f1os: Q 1.00; adultos mayores y personas con discapacidad: gratis.<\/div><div>\u00a0<\/div><div><strong>Zacapa:<\/strong><\/div><div>\u2022Abre desde el 8 de enero de 2004 en la antigua estaci\u00f3n ferroviaria, con entrada gratuita. Exhibe herramientas, vagones, tanques, mobiliario, telegraf\u00eda, equipo m\u00e9dico, archivos y m\u00e1s.<\/div>\t\t\t\t\t\t\t\t<\/div>\n\t\t\t\t\t<\/div>\n\t\t\t\t<\/div>\n\t\t<div data-particle_enable=\"false\" data-particle-mobile-disabled=\"false\" class=\"elementor-element elementor-element-1034ed4 e-flex e-con-boxed e-con e-parent\" data-id=\"1034ed4\" data-element_type=\"container\" data-e-type=\"container\">\n\t\t\t\t\t<div class=\"e-con-inner\">\n\t\t\t\t<div class=\"elementor-element elementor-element-ae03f71 elementor-invisible elementor-widget elementor-widget-facebook-embed\" data-id=\"ae03f71\" data-element_type=\"widget\" data-e-type=\"widget\" data-settings=\"{&quot;_animation&quot;:&quot;zoomInDown&quot;}\" data-widget_type=\"facebook-embed.default\">\n\t\t\t\t\t<div style=\"min-height: 1px\" class=\"elementor-facebook-widget fb-post\" data-href=\"https:\/\/www.facebook.com\/photo.php?fbid=804339768509476&#038;set=pb.100068003813365.-2207520000&#038;type=3\" data-show-text=\"false\"><\/div>\t\t\t\t<\/div>\n\t\t\t\t\t<\/div>\n\t\t\t\t<\/div>\n\t\t<div data-particle_enable=\"false\" data-particle-mobile-disabled=\"false\" class=\"elementor-element elementor-element-0bf5519 e-flex e-con-boxed e-con e-parent\" data-id=\"0bf5519\" data-element_type=\"container\" data-e-type=\"container\">\n\t\t\t\t\t<div class=\"e-con-inner\">\n\t\t\t\t<div class=\"elementor-element elementor-element-2e36e98 elementor-widget elementor-widget-text-editor\" data-id=\"2e36e98\" data-element_type=\"widget\" data-e-type=\"widget\" data-widget_type=\"text-editor.default\">\n\t\t\t\t\t\t\t\t\t<p><a href=\"https:\/\/www.facebook.com\/museo.ferrocarril\" target=\"_blank\" rel=\"noopener\">El Museo del Ferrocarril de Guatemala es un espacio singular que combina el rescate del patrimonio ferroviario con una activa vocaci\u00f3n cultural.<\/a> Es testimonio del pasado econ\u00f3mico y social del pa\u00eds, pero tambi\u00e9n un punto de encuentro para reflexionar, aprender y recordar el poder de la historia construida colectivamente. Un lugar imperdible para quienes quieran conectar con el pulso de la Guatemala del siglo XIX y XX.<\/p>\t\t\t\t\t\t\t\t<\/div>\n\t\t\t\t\t<\/div>\n\t\t\t\t<\/div>\n\t\t<div data-particle_enable=\"false\" data-particle-mobile-disabled=\"false\" class=\"elementor-element elementor-element-4dac9c8 e-flex e-con-boxed e-con e-parent\" data-id=\"4dac9c8\" data-element_type=\"container\" data-e-type=\"container\">\n\t\t\t\t\t<div class=\"e-con-inner\">\n\t\t\t\t<div class=\"elementor-element elementor-element-904a2d8 elementor-invisible elementor-widget elementor-widget-facebook-embed\" data-id=\"904a2d8\" data-element_type=\"widget\" data-e-type=\"widget\" data-settings=\"{&quot;_animation&quot;:&quot;zoomInDown&quot;}\" data-widget_type=\"facebook-embed.default\">\n\t\t\t\t\t<div style=\"min-height: 1px\" class=\"elementor-facebook-widget fb-post\" data-href=\"https:\/\/www.facebook.com\/photo.php?fbid=794849606125159&#038;set=pb.100068003813365.-2207520000&#038;type=3\" data-show-text=\"false\"><\/div>\t\t\t\t<\/div>\n\t\t\t\t\t<\/div>\n\t\t\t\t<\/div>\n\t\t<div data-particle_enable=\"false\" data-particle-mobile-disabled=\"false\" class=\"elementor-element elementor-element-f248e1f e-flex e-con-boxed e-con e-parent\" data-id=\"f248e1f\" data-element_type=\"container\" data-e-type=\"container\">\n\t\t\t\t\t<div class=\"e-con-inner\">\n\t\t\t\t<div class=\"elementor-element elementor-element-3979ba4 elementor-widget elementor-widget-heading\" data-id=\"3979ba4\" data-element_type=\"widget\" data-e-type=\"widget\" data-widget_type=\"heading.default\">\n\t\t\t\t\t<h2 class=\"elementor-heading-title elementor-size-default\">Conoce m\u00e1s lugares de Guatemala, ac\u00e1...<\/h2>\t\t\t\t<\/div>\n\t\t\t\t\t<\/div>\n\t\t\t\t<\/div>\n\t\t<div data-particle_enable=\"false\" data-particle-mobile-disabled=\"false\" class=\"elementor-element elementor-element-ffa0ceb e-flex e-con-boxed e-con e-parent\" data-id=\"ffa0ceb\" data-element_type=\"container\" data-e-type=\"container\">\n\t\t\t\t\t<div class=\"e-con-inner\">\n\t\t\t\t<div class=\"elementor-element elementor-element-8597942 elementor-grid-eael-col-3 elementor-grid-tablet-eael-col-2 elementor-grid-mobile-eael-col-1 elementor-invisible elementor-widget elementor-widget-eael-post-grid\" data-id=\"8597942\" data-element_type=\"widget\" data-e-type=\"widget\" data-settings=\"{&quot;eael_post_grid_columns&quot;:&quot;eael-col-3&quot;,&quot;_animation&quot;:&quot;rollIn&quot;,&quot;eael_post_grid_columns_tablet&quot;:&quot;eael-col-2&quot;,&quot;eael_post_grid_columns_mobile&quot;:&quot;eael-col-1&quot;}\" data-widget_type=\"eael-post-grid.default\">\n\t\t\t\t\t<div id=\"eael-post-grid-8597942\" class=\"eael-post-grid-container\">\n            <div class=\"eael-post-grid eael-post-appender eael-post-appender-8597942 eael-post-grid-style-one\" data-layout-mode=\"masonry\"><article class=\"eael-grid-post  eael-post-grid-column eael-pg-post-24919 category-guate-nuestra\" data-id=\"24919\">\n        <div class=\"eael-grid-post-holder\">\n            <div class=\"eael-grid-post-holder-inner\"><div class=\"eael-entry-media\"><div class=\"eael-entry-overlay fade-in\"><i class=\"far fa-hand-pointer\" aria-hidden=\"true\"><\/i><a href=\"https:\/\/soymigrante.com\/revista\/siete-lugares-perfectos-para-una-boda-en-guatemala\/\"><\/a><\/div><div class=\"eael-entry-thumbnail \">\n                <img fetchpriority=\"high\" decoding=\"async\" width=\"525\" height=\"521\" src=\"https:\/\/soymigrante.com\/revista\/wp-content\/uploads\/2025\/02\/foto-boda-jorge-ortiz.webp\" class=\"attachment-large size-large wp-image-25103\" alt=\"Familia en la playa al atardecer, silueta de un padre y su hija, momentos emotivos y cercanos, relaci\u00f3n familiar, amor y cari\u00f1o en la naturaleza, imagen rom\u00e1ntica y tierna en la playa en sunset.\" srcset=\"https:\/\/soymigrante.com\/revista\/wp-content\/uploads\/2025\/02\/foto-boda-jorge-ortiz.webp 525w, https:\/\/soymigrante.com\/revista\/wp-content\/uploads\/2025\/02\/foto-boda-jorge-ortiz-300x298.png 300w, https:\/\/soymigrante.com\/revista\/wp-content\/uploads\/2025\/02\/foto-boda-jorge-ortiz-150x150.png 150w, https:\/\/soymigrante.com\/revista\/wp-content\/uploads\/2025\/02\/foto-boda-jorge-ortiz-75x75.webp 75w\" sizes=\"(max-width: 525px) 100vw, 525px\" \/>\n            <\/div>\n        <\/div><div class=\"eael-entry-wrapper\"><header class=\"eael-entry-header\"><h2 class=\"eael-entry-title\"><a class=\"eael-grid-post-link\" href=\"https:\/\/soymigrante.com\/revista\/siete-lugares-perfectos-para-una-boda-en-guatemala\/\" title=\"Siete lugares perfectos para una boda en Guatemala\">Siete lugares perfectos para una boda en Guatemala<\/a><\/h2><\/header><div class=\"eael-entry-content\">\n                        <div class=\"eael-grid-post-excerpt\"><a href=\"https:\/\/soymigrante.com\/revista\/siete-lugares-perfectos-para-una-boda-en-guatemala\/\" class=\"eael-post-elements-readmore-btn\">CONOCE SU HISTORIA <\/a><\/div>\n                    <\/div><\/div><\/div>\n        <\/div>\n    <\/article><article class=\"eael-grid-post  eael-post-grid-column eael-pg-post-26550 category-guate-nuestra\" data-id=\"26550\">\n        <div class=\"eael-grid-post-holder\">\n            <div class=\"eael-grid-post-holder-inner\"><div class=\"eael-entry-media\"><div class=\"eael-entry-overlay fade-in\"><i class=\"far fa-hand-pointer\" aria-hidden=\"true\"><\/i><a href=\"https:\/\/soymigrante.com\/revista\/la-catarata-mas-alta-de-guatemala-y-de-toda-c-a-esta-en-san-marcos-como-se-llama\/\"><\/a><\/div><div class=\"eael-entry-thumbnail \">\n                <img decoding=\"async\" width=\"1024\" height=\"576\" src=\"https:\/\/soymigrante.com\/revista\/wp-content\/uploads\/2025\/02\/Cataratas-La-Igualdad--1024x576.jpeg\" class=\"attachment-large size-large wp-image-26551\" alt=\"Cascada en un entorno natural, rodeada de vegetaci\u00f3n exuberante y paredes rocosas, ideal para deportes de aventura y turismo ecol\u00f3gico.\" srcset=\"https:\/\/soymigrante.com\/revista\/wp-content\/uploads\/2025\/02\/Cataratas-La-Igualdad--1024x576.jpeg 1024w, https:\/\/soymigrante.com\/revista\/wp-content\/uploads\/2025\/02\/Cataratas-La-Igualdad--300x169.jpeg 300w, https:\/\/soymigrante.com\/revista\/wp-content\/uploads\/2025\/02\/Cataratas-La-Igualdad--768x432.jpeg 768w, https:\/\/soymigrante.com\/revista\/wp-content\/uploads\/2025\/02\/Cataratas-La-Igualdad--1536x864.jpeg 1536w, https:\/\/soymigrante.com\/revista\/wp-content\/uploads\/2025\/02\/Cataratas-La-Igualdad--2048x1152.jpeg 2048w, https:\/\/soymigrante.com\/revista\/wp-content\/uploads\/2025\/02\/Cataratas-La-Igualdad--750x422.webp 750w, https:\/\/soymigrante.com\/revista\/wp-content\/uploads\/2025\/02\/Cataratas-La-Igualdad--1140x641.webp 1140w, https:\/\/soymigrante.com\/revista\/wp-content\/uploads\/2025\/02\/Cataratas-La-Igualdad-.webp 1920w\" sizes=\"(max-width: 1024px) 100vw, 1024px\" \/>\n            <\/div>\n        <\/div><div class=\"eael-entry-wrapper\"><header class=\"eael-entry-header\"><h2 class=\"eael-entry-title\"><a class=\"eael-grid-post-link\" href=\"https:\/\/soymigrante.com\/revista\/la-catarata-mas-alta-de-guatemala-y-de-toda-c-a-esta-en-san-marcos-como-se-llama\/\" title=\"La catarata m\u00e1s alta de Guatemala y de toda C.A. est\u00e1 en San Marcos \u00bfC\u00f3mo se llama?\">La catarata m\u00e1s alta de Guatemala y de toda C.A. est\u00e1 en San Marcos \u00bfC\u00f3mo se llama?<\/a><\/h2><\/header><div class=\"eael-entry-content\">\n                        <div class=\"eael-grid-post-excerpt\"><a href=\"https:\/\/soymigrante.com\/revista\/la-catarata-mas-alta-de-guatemala-y-de-toda-c-a-esta-en-san-marcos-como-se-llama\/\" class=\"eael-post-elements-readmore-btn\">CONOCE SU HISTORIA <\/a><\/div>\n                    <\/div><\/div><\/div>\n        <\/div>\n    <\/article><article class=\"eael-grid-post  eael-post-grid-column eael-pg-post-40976 category-guate-nuestra\" data-id=\"40976\">\n        <div class=\"eael-grid-post-holder\">\n            <div class=\"eael-grid-post-holder-inner\"><div class=\"eael-entry-media\"><div class=\"eael-entry-overlay fade-in\"><i class=\"far fa-hand-pointer\" aria-hidden=\"true\"><\/i><a href=\"https:\/\/soymigrante.com\/revista\/catedral-metropolitana-de-guatemala-historia-fe-y-paz-en-el-corazon-de-la-capital\/\"><\/a><\/div><div class=\"eael-entry-thumbnail \">\n                <img decoding=\"async\" width=\"504\" height=\"504\" src=\"https:\/\/soymigrante.com\/revista\/wp-content\/uploads\/2025\/07\/Catedral-metropolitana-3-e1753996409329.webp\" class=\"attachment-large size-large wp-image-40977\" alt=\"Majestuosa fachada de una catedral colonial en una ciudad hist\u00f3rica, con torres gemelas y un cielo nublado, representando arquitectura religiosa y patrimonio cultural en Latinoam\u00e9rica.\" srcset=\"https:\/\/soymigrante.com\/revista\/wp-content\/uploads\/2025\/07\/Catedral-metropolitana-3-e1753996409329.webp 504w, https:\/\/soymigrante.com\/revista\/wp-content\/uploads\/2025\/07\/Catedral-metropolitana-3-e1753996409329-300x300.webp 300w, https:\/\/soymigrante.com\/revista\/wp-content\/uploads\/2025\/07\/Catedral-metropolitana-3-e1753996409329-150x150.webp 150w, https:\/\/soymigrante.com\/revista\/wp-content\/uploads\/2025\/07\/Catedral-metropolitana-3-e1753996409329-75x75.webp 75w\" sizes=\"(max-width: 504px) 100vw, 504px\" \/>\n            <\/div>\n        <\/div><div class=\"eael-entry-wrapper\"><header class=\"eael-entry-header\"><h2 class=\"eael-entry-title\"><a class=\"eael-grid-post-link\" href=\"https:\/\/soymigrante.com\/revista\/catedral-metropolitana-de-guatemala-historia-fe-y-paz-en-el-corazon-de-la-capital\/\" title=\"Catedral Metropolitana de Guatemala: historia, fe y paz en el coraz\u00f3n de la capital\">Catedral Metropolitana de Guatemala: historia, fe y paz en el coraz\u00f3n de la capital<\/a><\/h2><\/header><div class=\"eael-entry-content\">\n                        <div class=\"eael-grid-post-excerpt\"><a href=\"https:\/\/soymigrante.com\/revista\/catedral-metropolitana-de-guatemala-historia-fe-y-paz-en-el-corazon-de-la-capital\/\" class=\"eael-post-elements-readmore-btn\">CONOCE SU HISTORIA <\/a><\/div>\n                    <\/div><\/div><\/div>\n        <\/div>\n    <\/article><\/div>\n            <div class=\"clearfix\"><\/div>\n        <\/div>\t\t\t\t<\/div>\n\t\t\t\t\t<\/div>\n\t\t\t\t<\/div>\n\t\t\t\t<\/div>\n\t\t","protected":false},"excerpt":{"rendered":"<p>El Museo del Ferrocarril es un viaje al pasado, sobre rieles que resuena en el presente. Ubicado en la antigua Estaci\u00f3n Central de Ferrocarriles de Guatemala, en la 9\u00aa avenida 18-03 de la zona 1 capitalina, el Museo del Ferrocarril ocupa un edificio levantado entre 1884 y 1908. Reconstruido tras los terremotos de 1917\u20131918, el [&hellip;]<\/p>\n","protected":false},"author":19,"featured_media":42575,"comment_status":"open","ping_status":"open","sticky":false,"template":"","format":"standard","meta":{"_acf_changed":false,"_eb_attr":"","footnotes":""},"categories":[58],"tags":[],"class_list":["post-42574","post","type-post","status-publish","format-standard","has-post-thumbnail","hentry","category-guate-nuestra"],"acf":[],"aioseo_notices":[],"aioseo_head":"\n\t\t<!-- All in One SEO Pro 4.9.6.2 - aioseo.com -->\n\t<meta name=\"description\" content=\"La Catedral Metropolitana tiene m\u00e1s de 200 a\u00f1os de historia. Es el coraz\u00f3n de la fe de la arquidi\u00f3cesis pero tambi\u00e9n es un museo viviente y joya arquitect\u00f3nica\" \/>\n\t<meta name=\"robots\" content=\"max-snippet:-1, max-image-preview:large, max-video-preview:-1\" \/>\n\t<meta name=\"author\" content=\"Marysabel Aldana\"\/>\n\t<link rel=\"canonical\" href=\"https:\/\/soymigrante.com\/revista\/catedral-metropolitana-de-guatemala-historia-fe-y-paz-en-el-corazon-de-la-capital\/\" \/>\n\t<meta name=\"generator\" content=\"All in One SEO Pro (AIOSEO) 4.9.6.2\" \/>\n\n\t\t<link rel=\"preconnect\" href=\"https:\/\/fonts.googleapis.com\" crossorigin>\n<link rel=\"preconnect\" href=\"https:\/\/fonts.gstatic.com\" crossorigin>\n\t\t<meta property=\"og:locale\" content=\"es_ES\" \/>\n\t\t<meta property=\"og:site_name\" content=\"SoyMigrante.com REVISTA \u2013 Nuestra misi\u00f3n es reconocer y dignificar al migrante.\" \/>\n\t\t<meta property=\"og:type\" content=\"article\" \/>\n\t\t<meta property=\"og:title\" content=\"Catedral Metropolitana de Guatemala: historia, fe y paz en el coraz\u00f3n de la capital\" \/>\n\t\t<meta property=\"og:description\" content=\"La Catedral Metropolitana tiene m\u00e1s de 200 a\u00f1os de historia. Es el coraz\u00f3n de la fe de la arquidi\u00f3cesis pero tambi\u00e9n es un museo viviente y joya arquitect\u00f3nica\" \/>\n\t\t<meta property=\"og:url\" content=\"https:\/\/soymigrante.com\/revista\/catedral-metropolitana-de-guatemala-historia-fe-y-paz-en-el-corazon-de-la-capital\/\" \/>\n\t\t<meta property=\"og:image\" content=\"https:\/\/soymigrante.com\/revista\/wp-content\/uploads\/2025\/07\/Catedral-metropolitana-3-e1753996409329.webp\" \/>\n\t\t<meta property=\"og:image:secure_url\" content=\"https:\/\/soymigrante.com\/revista\/wp-content\/uploads\/2025\/07\/Catedral-metropolitana-3-e1753996409329.webp\" \/>\n\t\t<meta property=\"og:image:width\" content=\"504\" \/>\n\t\t<meta property=\"og:image:height\" content=\"504\" \/>\n\t\t<meta property=\"article:published_time\" content=\"2025-08-01T14:00:00+00:00\" \/>\n\t\t<meta property=\"article:modified_time\" content=\"2025-08-01T02:34:38+00:00\" \/>\n\t\t<meta property=\"article:publisher\" content=\"https:\/\/www.facebook.com\/soymigrantecom\" \/>\n\t\t<meta name=\"twitter:card\" content=\"summary_large_image\" \/>\n\t\t<meta name=\"twitter:site\" content=\"@SoyMigrante_com\" \/>\n\t\t<meta name=\"twitter:title\" content=\"Catedral Metropolitana de Guatemala: historia, fe y paz en el coraz\u00f3n de la capital\" \/>\n\t\t<meta name=\"twitter:description\" content=\"La Catedral Metropolitana tiene m\u00e1s de 200 a\u00f1os de historia. Es el coraz\u00f3n de la fe de la arquidi\u00f3cesis pero tambi\u00e9n es un museo viviente y joya arquitect\u00f3nica\" \/>\n\t\t<meta name=\"twitter:creator\" content=\"@SoyMigrante_com\" \/>\n\t\t<meta name=\"twitter:image\" content=\"https:\/\/soymigrante.com\/revista\/wp-content\/uploads\/2025\/07\/Catedral-metropolitana-3-e1753996409329.webp\" \/>\n\t\t<!-- All in One SEO Pro -->\r\n\t\t<title>Catedral Metropolitana de Guatemala: historia, fe y paz en el coraz\u00f3n de la capital<\/title>\n\n","aioseo_head_json":{"title":"Catedral Metropolitana de Guatemala: historia, fe y paz en el coraz\u00f3n de la capital","description":"La Catedral Metropolitana tiene m\u00e1s de 200 a\u00f1os de historia. Es el coraz\u00f3n de la fe de la arquidi\u00f3cesis pero tambi\u00e9n es un museo viviente y joya arquitect\u00f3nica","canonical_url":"https:\/\/soymigrante.com\/revista\/catedral-metropolitana-de-guatemala-historia-fe-y-paz-en-el-corazon-de-la-capital\/","robots":"max-snippet:-1, max-image-preview:large, max-video-preview:-1","keywords":"","webmasterTools":{"miscellaneous":"&lt;link rel=\"preconnect\" href=\"https:\/\/fonts.googleapis.com\" crossorigin&gt;\n&lt;link rel=\"preconnect\" href=\"https:\/\/fonts.gstatic.com\" crossorigin&gt;"},"schema":null,"og:locale":"es_ES","og:site_name":"SoyMigrante.com REVISTA \u2013 Nuestra misi\u00f3n es reconocer y dignificar al migrante.","og:type":"article","og:title":"Catedral Metropolitana de Guatemala: historia, fe y paz en el coraz\u00f3n de la capital","og:description":"La Catedral Metropolitana tiene m\u00e1s de 200 a\u00f1os de historia. Es el coraz\u00f3n de la fe de la arquidi\u00f3cesis pero tambi\u00e9n es un museo viviente y joya arquitect\u00f3nica","og:url":"https:\/\/soymigrante.com\/revista\/catedral-metropolitana-de-guatemala-historia-fe-y-paz-en-el-corazon-de-la-capital\/","og:image":"https:\/\/soymigrante.com\/revista\/wp-content\/uploads\/2025\/07\/Catedral-metropolitana-3-e1753996409329.webp","og:image:secure_url":"https:\/\/soymigrante.com\/revista\/wp-content\/uploads\/2025\/07\/Catedral-metropolitana-3-e1753996409329.webp","og:image:width":504,"og:image:height":504,"article:published_time":"2025-08-01T14:00:00+00:00","article:modified_time":"2025-08-01T02:34:38+00:00","article:publisher":"https:\/\/www.facebook.com\/soymigrantecom","twitter:card":"summary_large_image","twitter:site":"@SoyMigrante_com","twitter:title":"Catedral Metropolitana de Guatemala: historia, fe y paz en el coraz\u00f3n de la capital","twitter:description":"La Catedral Metropolitana tiene m\u00e1s de 200 a\u00f1os de historia. Es el coraz\u00f3n de la fe de la arquidi\u00f3cesis pero tambi\u00e9n es un museo viviente y joya arquitect\u00f3nica","twitter:creator":"@SoyMigrante_com","twitter:image":"https:\/\/soymigrante.com\/revista\/wp-content\/uploads\/2025\/07\/Catedral-metropolitana-3-e1753996409329.webp"},"aioseo_meta_data":{"post_id":"42574","title":null,"description":"El Museo del Ferrocarril es un viaje al pasado, sobre rieles que resuena en el presente de Guatemala.","keywords":null,"keyphrases":{"focus":{"keyphrase":"Museo del ferrocarril","score":63,"analysis":{"keyphraseInTitle":{"score":9,"maxScore":9,"error":0},"keyphraseInDescription":{"score":9,"maxScore":9,"error":0},"keyphraseLength":{"score":9,"maxScore":9,"error":0,"length":3},"keyphraseInURL":{"score":1,"maxScore":5,"error":1},"keyphraseInIntroduction":{"score":9,"maxScore":9,"error":0},"keyphraseInSubHeadings":{"score":3,"maxScore":9,"error":1},"keyphraseInImageAlt":{"score":3,"maxScore":9,"error":1},"keywordDensity":{"score":0,"type":"low","maxScore":9,"error":1}}},"additional":[{"keyphrase":"Guatemala","score":100,"analysis":{"keyphraseInDescription":{"score":9,"maxScore":9,"error":0},"keyphraseLength":{"score":9,"maxScore":9,"error":0,"length":1},"keyphraseInIntroduction":{"score":9,"maxScore":9,"error":0},"keyphraseInImageAlt":{"score":9,"maxScore":9,"error":0},"keywordDensity":{"type":"best","score":9,"maxScore":9,"error":0}}}]},"primary_term":null,"canonical_url":null,"og_title":null,"og_description":null,"og_object_type":"default","og_image_type":"default","og_image_url":null,"og_image_width":null,"og_image_height":null,"og_image_custom_url":null,"og_image_custom_fields":null,"og_video":"","og_custom_url":null,"og_article_section":null,"og_article_tags":null,"twitter_use_og":false,"twitter_card":"default","twitter_image_type":"default","twitter_image_url":null,"twitter_image_custom_url":null,"twitter_image_custom_fields":null,"twitter_title":null,"twitter_description":null,"schema":{"blockGraphs":[],"customGraphs":[],"default":{"data":{"Article":[],"Course":[],"Dataset":[],"FAQPage":[],"Movie":[],"Person":[],"Product":[],"ProductReview":[],"Car":[],"Recipe":[],"Service":[],"SoftwareApplication":[],"WebPage":[]},"graphName":"none","isEnabled":true},"graphs":[]},"schema_type":"default","schema_type_options":null,"pillar_content":false,"robots_default":true,"robots_noindex":false,"robots_noarchive":false,"robots_nosnippet":false,"robots_nofollow":false,"robots_noimageindex":false,"robots_noodp":false,"robots_notranslate":false,"robots_max_snippet":"-1","robots_max_videopreview":"-1","robots_max_imagepreview":"large","priority":null,"frequency":"default","local_seo":null,"seo_analyzer_scan_date":"2025-10-09 07:54:47","breadcrumb_settings":null,"limit_modified_date":false,"reviewed_by":"0","open_ai":null,"ai":{"faqs":[],"keyPoints":[],"titles":[],"descriptions":[],"socialPosts":{"email":[],"linkedin":[],"twitter":[],"facebook":[],"instagram":[]}},"created":"2025-08-22 20:40:48","updated":"2026-02-05 04:23:28"},"aioseo_breadcrumb":"<div class=\"aioseo-breadcrumbs\"><span class=\"aioseo-breadcrumb\">\n\t<a href=\"https:\/\/soymigrante.com\/revista\" title=\"Home\">Home<\/a>\n<\/span><span class=\"aioseo-breadcrumb-separator\">\u00bb<\/span><span class=\"aioseo-breadcrumb\">\n\t<a href=\"https:\/\/soymigrante.com\/revista\/category\/guate-nuestra\/\" title=\"Guate Nuestra\">Guate Nuestra<\/a>\n<\/span><span class=\"aioseo-breadcrumb-separator\">\u00bb<\/span><span class=\"aioseo-breadcrumb\">\n\tViaje en el tiempo a bordo del Museo del Ferrocarril de Guatemala\n<\/span><\/div>","aioseo_breadcrumb_json":[{"label":"Home","link":"https:\/\/soymigrante.com\/revista"},{"label":"Guate Nuestra","link":"https:\/\/soymigrante.com\/revista\/category\/guate-nuestra\/"},{"label":"Viaje en el tiempo a bordo del Museo del Ferrocarril de Guatemala","link":"https:\/\/soymigrante.com\/revista\/museo-ferrocarril-guatemala-viaje-tiempo-patrimonio\/"}],"_links":{"self":[{"href":"https:\/\/soymigrante.com\/revista\/wp-json\/wp\/v2\/posts\/42574","targetHints":{"allow":["GET"]}}],"collection":[{"href":"https:\/\/soymigrante.com\/revista\/wp-json\/wp\/v2\/posts"}],"about":[{"href":"https:\/\/soymigrante.com\/revista\/wp-json\/wp\/v2\/types\/post"}],"author":[{"embeddable":true,"href":"https:\/\/soymigrante.com\/revista\/wp-json\/wp\/v2\/users\/19"}],"replies":[{"embeddable":true,"href":"https:\/\/soymigrante.com\/revista\/wp-json\/wp\/v2\/comments?post=42574"}],"version-history":[{"count":17,"href":"https:\/\/soymigrante.com\/revista\/wp-json\/wp\/v2\/posts\/42574\/revisions"}],"predecessor-version":[{"id":42608,"href":"https:\/\/soymigrante.com\/revista\/wp-json\/wp\/v2\/posts\/42574\/revisions\/42608"}],"wp:featuredmedia":[{"embeddable":true,"href":"https:\/\/soymigrante.com\/revista\/wp-json\/wp\/v2\/media\/42575"}],"wp:attachment":[{"href":"https:\/\/soymigrante.com\/revista\/wp-json\/wp\/v2\/media?parent=42574"}],"wp:term":[{"taxonomy":"category","embeddable":true,"href":"https:\/\/soymigrante.com\/revista\/wp-json\/wp\/v2\/categories?post=42574"},{"taxonomy":"post_tag","embeddable":true,"href":"https:\/\/soymigrante.com\/revista\/wp-json\/wp\/v2\/tags?post=42574"}],"curies":[{"name":"wp","href":"https:\/\/api.w.org\/{rel}","templated":true}]}}