{"id":42434,"date":"2025-08-22T05:35:44","date_gmt":"2025-08-22T11:35:44","guid":{"rendered":"https:\/\/soymigrante.com\/revista\/?p=42434"},"modified":"2025-08-22T05:35:56","modified_gmt":"2025-08-22T11:35:56","slug":"la-basilica-de-esquipulas-tesoro-colonial-de-fe-y-amor","status":"publish","type":"post","link":"https:\/\/soymigrante.com\/revista\/la-basilica-de-esquipulas-tesoro-colonial-de-fe-y-amor\/","title":{"rendered":"La Bas\u00edlica de Esquipulas, tesoro colonial de fe y amor"},"content":{"rendered":"\t\t<div data-elementor-type=\"wp-post\" data-elementor-id=\"42434\" class=\"elementor elementor-42434\" data-elementor-post-type=\"post\">\n\t\t\t\t<div data-particle_enable=\"false\" data-particle-mobile-disabled=\"false\" class=\"elementor-element elementor-element-288ab28 e-flex e-con-boxed e-con e-parent\" data-id=\"288ab28\" data-element_type=\"container\" data-e-type=\"container\">\n\t\t\t\t\t<div class=\"e-con-inner\">\n\t\t\t\t<div class=\"elementor-element elementor-element-d349f19 elementor-widget elementor-widget-heading\" data-id=\"d349f19\" data-element_type=\"widget\" data-e-type=\"widget\" data-widget_type=\"heading.default\">\n\t\t\t\t\t<h2 class=\"elementor-heading-title elementor-size-default\">La Bas\u00edlica de Esquipulas es un tesoro colonial, en el coraz\u00f3n del oriente guatemalteco, marcado por la fe.<\/h2>\t\t\t\t<\/div>\n\t\t\t\t\t<\/div>\n\t\t\t\t<\/div>\n\t\t<div data-particle_enable=\"false\" data-particle-mobile-disabled=\"false\" class=\"elementor-element elementor-element-baaae49 e-flex e-con-boxed e-con e-parent\" data-id=\"baaae49\" data-element_type=\"container\" data-e-type=\"container\">\n\t\t\t\t\t<div class=\"e-con-inner\">\n\t\t\t\t<div class=\"elementor-element elementor-element-584d9ff elementor-widget elementor-widget-text-editor\" data-id=\"584d9ff\" data-element_type=\"widget\" data-e-type=\"widget\" data-widget_type=\"text-editor.default\">\n\t\t\t\t\t\t\t\t\t<p>En el coraz\u00f3n del oriente de Guatemala, en la ciudad de Esquipulas, Chiquimula, se levanta uno de los templos m\u00e1s emblem\u00e1ticos y visitados de Centroam\u00e9rica: <a href=\"https:\/\/soymigrante.com\/revista\/cristo-esquipulas-veneracion-migrantes-basilica-estados-unidos-guatemala\/\" target=\"_blank\" rel=\"noopener\">la Bas\u00edlica del Cristo Negro, un \u00edcono de fe,<\/a> arte colonial y tradici\u00f3n que atrae a miles de peregrinos cada a\u00f1o.<\/p>\t\t\t\t\t\t\t\t<\/div>\n\t\t\t\t\t<\/div>\n\t\t\t\t<\/div>\n\t\t<div data-particle_enable=\"false\" data-particle-mobile-disabled=\"false\" class=\"elementor-element elementor-element-373439d e-flex e-con-boxed e-con e-parent\" data-id=\"373439d\" data-element_type=\"container\" data-e-type=\"container\">\n\t\t\t\t\t<div class=\"e-con-inner\">\n\t\t\t\t<div class=\"elementor-element elementor-element-4152ede elementor-widget elementor-widget-heading\" data-id=\"4152ede\" data-element_type=\"widget\" data-e-type=\"widget\" data-widget_type=\"heading.default\">\n\t\t\t\t\t<h3 class=\"elementor-heading-title elementor-size-default\">Un templo con siglos de historia<\/h3>\t\t\t\t<\/div>\n\t\t\t\t\t<\/div>\n\t\t\t\t<\/div>\n\t\t<div data-particle_enable=\"false\" data-particle-mobile-disabled=\"false\" class=\"elementor-element elementor-element-bac04e1 e-flex e-con-boxed e-con e-parent\" data-id=\"bac04e1\" data-element_type=\"container\" data-e-type=\"container\">\n\t\t\t\t\t<div class=\"e-con-inner\">\n\t\t\t\t<div class=\"elementor-element elementor-element-3c15019 elementor-widget elementor-widget-text-editor\" data-id=\"3c15019\" data-element_type=\"widget\" data-e-type=\"widget\" data-widget_type=\"text-editor.default\">\n\t\t\t\t\t\t\t\t\t<p>La historia de este santuario se remonta al siglo XVI, cuando en 1594 el escultor Quirio Cata\u00f1o tall\u00f3 la imagen del <a href=\"https:\/\/soymigrante.com\/revista\/cristo-esquipulas-veneracion-migrantes-basilica-estados-unidos-guatemala\/\" target=\"_blank\" rel=\"noopener\">Cristo Negro de Esquipulas,<\/a> por encargo de devotos locales.<\/p><p>La devoci\u00f3n creci\u00f3 r\u00e1pidamente, y el templo original pronto result\u00f3 peque\u00f1o. Fue entonces que en 1759 se inaugur\u00f3 la actual Bas\u00edlica, dise\u00f1ada por el arquitecto guatemalteco Felipe Jos\u00e9 de Porres, convirti\u00e9ndose en una de las joyas arquitect\u00f3nicas coloniales m\u00e1s importantes de Am\u00e9rica.<\/p>\t\t\t\t\t\t\t\t<\/div>\n\t\t\t\t\t<\/div>\n\t\t\t\t<\/div>\n\t\t<div data-particle_enable=\"false\" data-particle-mobile-disabled=\"false\" class=\"elementor-element elementor-element-db0a2cb e-flex e-con-boxed e-con e-parent\" data-id=\"db0a2cb\" data-element_type=\"container\" data-e-type=\"container\">\n\t\t\t\t\t<div class=\"e-con-inner\">\n\t\t\t\t<div class=\"elementor-element elementor-element-bc7bf66 elementor-widget elementor-widget-image\" data-id=\"bc7bf66\" data-element_type=\"widget\" data-e-type=\"widget\" data-widget_type=\"image.default\">\n\t\t\t\t\t\t\t\t\t\t\t\t<figure class=\"wp-caption\">\n\t\t\t\t\t\t\t\t\t\t<img fetchpriority=\"high\" decoding=\"async\" width=\"768\" height=\"576\" src=\"https:\/\/soymigrante.com\/revista\/wp-content\/uploads\/2025\/08\/basilica-de-esquipulas-2-1024x768.jpg\" class=\"attachment-large size-large wp-image-42441\" alt=\"Imponente iglesia colonial blanca en una pintoresca ciudad mexicana, rodeada de turistas y locales disfrutando de la arquitectura y cultura local.\" srcset=\"https:\/\/soymigrante.com\/revista\/wp-content\/uploads\/2025\/08\/basilica-de-esquipulas-2-1024x768.jpg 1024w, https:\/\/soymigrante.com\/revista\/wp-content\/uploads\/2025\/08\/basilica-de-esquipulas-2-300x225.jpg 300w, https:\/\/soymigrante.com\/revista\/wp-content\/uploads\/2025\/08\/basilica-de-esquipulas-2-768x576.jpg 768w, https:\/\/soymigrante.com\/revista\/wp-content\/uploads\/2025\/08\/basilica-de-esquipulas-2-1536x1152.jpg 1536w, https:\/\/soymigrante.com\/revista\/wp-content\/uploads\/2025\/08\/basilica-de-esquipulas-2-2048x1536.jpg 2048w, https:\/\/soymigrante.com\/revista\/wp-content\/uploads\/2025\/08\/basilica-de-esquipulas-2-750x563.webp 750w, https:\/\/soymigrante.com\/revista\/wp-content\/uploads\/2025\/08\/basilica-de-esquipulas-2-1140x855.webp 1140w, https:\/\/soymigrante.com\/revista\/wp-content\/uploads\/2025\/08\/basilica-de-esquipulas-2-scaled.webp 1920w\" sizes=\"(max-width: 768px) 100vw, 768px\" title=\"La Bas\u00edlica de Esquipulas es visitada por miles de personas. (Foto: INGUAT) \u2013 SoyMigrante.com REVISTA\" \/>\t\t\t\t\t\t\t\t\t\t\t<figcaption class=\"widget-image-caption wp-caption-text\">Fachada de una iglesia colonial en un d\u00eda soleado con turistas en las escalinatas, destacando el patrimonio cultural y tur\u00edstico de M\u00e9xico.<\/figcaption>\n\t\t\t\t\t\t\t\t\t\t<\/figure>\n\t\t\t\t\t\t\t\t\t<\/div>\n\t\t\t\t\t<\/div>\n\t\t\t\t<\/div>\n\t\t<div data-particle_enable=\"false\" data-particle-mobile-disabled=\"false\" class=\"elementor-element elementor-element-20c226b e-flex e-con-boxed e-con e-parent\" data-id=\"20c226b\" data-element_type=\"container\" data-e-type=\"container\">\n\t\t\t\t\t<div class=\"e-con-inner\">\n\t\t\t\t<div class=\"elementor-element elementor-element-19811dd elementor-widget elementor-widget-heading\" data-id=\"19811dd\" data-element_type=\"widget\" data-e-type=\"widget\" data-widget_type=\"heading.default\">\n\t\t\t\t\t<h3 class=\"elementor-heading-title elementor-size-default\">El Cristo Negro y sus mitos<\/h3>\t\t\t\t<\/div>\n\t\t\t\t\t<\/div>\n\t\t\t\t<\/div>\n\t\t<div data-particle_enable=\"false\" data-particle-mobile-disabled=\"false\" class=\"elementor-element elementor-element-c453123 e-flex e-con-boxed e-con e-parent\" data-id=\"c453123\" data-element_type=\"container\" data-e-type=\"container\">\n\t\t\t\t\t<div class=\"e-con-inner\">\n\t\t\t\t<div class=\"elementor-element elementor-element-ae9c8b0 elementor-widget elementor-widget-text-editor\" data-id=\"ae9c8b0\" data-element_type=\"widget\" data-e-type=\"widget\" data-widget_type=\"text-editor.default\">\n\t\t\t\t\t\t\t\t\t<p>La figura central,<a href=\"https:\/\/soymigrante.com\/revista\/cristo-esquipulas-veneracion-migrantes-basilica-estados-unidos-guatemala\/\" target=\"_blank\" rel=\"noopener\"> el Cristo Negro, est\u00e1 envuelta en mitos y leyendas.<\/a> Muchos fieles aseguran que sus milagros abarcan desde sanaciones hasta la protecci\u00f3n de viajeros y migrantes.<\/p><p>El color oscuro de la imagen, producto de la madera y el paso de los siglos, ha dado lugar a creencias populares que refuerzan el misticismo de la devoci\u00f3n. Para algunos, su mirada parece cambiar dependiendo del \u00e1ngulo, un detalle que aviva a\u00fan m\u00e1s la fe de los visitantes.<\/p>\t\t\t\t\t\t\t\t<\/div>\n\t\t\t\t\t<\/div>\n\t\t\t\t<\/div>\n\t\t<div data-particle_enable=\"false\" data-particle-mobile-disabled=\"false\" class=\"elementor-element elementor-element-127f107 e-flex e-con-boxed e-con e-parent\" data-id=\"127f107\" data-element_type=\"container\" data-e-type=\"container\">\n\t\t\t\t\t<div class=\"e-con-inner\">\n\t\t\t\t<div class=\"elementor-element elementor-element-6c90f3c elementor-widget elementor-widget-image\" data-id=\"6c90f3c\" data-element_type=\"widget\" data-e-type=\"widget\" data-widget_type=\"image.default\">\n\t\t\t\t\t\t\t\t\t\t\t\t<figure class=\"wp-caption\">\n\t\t\t\t\t\t\t\t\t\t<img decoding=\"async\" width=\"768\" height=\"576\" src=\"https:\/\/soymigrante.com\/revista\/wp-content\/uploads\/2025\/08\/basilica-de-esquipulas-5.webp\" class=\"attachment-large size-large wp-image-42442\" alt=\"Cristo de la Catedral de Antigua Guatemala en exhibici\u00f3n dentro de una vitrina, acompa\u00f1ado por figuras religiosas y un entorno hist\u00f3rico que refleja la riqueza cultural y religiosa de la regi\u00f3n.\" srcset=\"https:\/\/soymigrante.com\/revista\/wp-content\/uploads\/2025\/08\/basilica-de-esquipulas-5.webp 1024w, https:\/\/soymigrante.com\/revista\/wp-content\/uploads\/2025\/08\/basilica-de-esquipulas-5-300x225.jpg 300w, https:\/\/soymigrante.com\/revista\/wp-content\/uploads\/2025\/08\/basilica-de-esquipulas-5-768x576.jpg 768w, https:\/\/soymigrante.com\/revista\/wp-content\/uploads\/2025\/08\/basilica-de-esquipulas-5-750x563.webp 750w\" sizes=\"(max-width: 768px) 100vw, 768px\" title=\"El Cristo Negro es venerado por los milagros que ha hecho. (Foto: INGUAT) \u2013 SoyMigrante.com REVISTA\" \/>\t\t\t\t\t\t\t\t\t\t\t<figcaption class=\"widget-image-caption wp-caption-text\">Cristo de Antigua Guatemala en exposici\u00f3n en una vitrina de oro con figuras religiosas y detalles hist\u00f3ricos, resaltando el patrimonio cultural y tur\u00edstico de la ciudad, ideal para contenido SEO sobre arte religioso y turismo cultural en Guatemala.<\/figcaption>\n\t\t\t\t\t\t\t\t\t\t<\/figure>\n\t\t\t\t\t\t\t\t\t<\/div>\n\t\t\t\t\t<\/div>\n\t\t\t\t<\/div>\n\t\t<div data-particle_enable=\"false\" data-particle-mobile-disabled=\"false\" class=\"elementor-element elementor-element-f437469 e-flex e-con-boxed e-con e-parent\" data-id=\"f437469\" data-element_type=\"container\" data-e-type=\"container\">\n\t\t\t\t\t<div class=\"e-con-inner\">\n\t\t\t\t<div class=\"elementor-element elementor-element-2fa921e elementor-widget elementor-widget-heading\" data-id=\"2fa921e\" data-element_type=\"widget\" data-e-type=\"widget\" data-widget_type=\"heading.default\">\n\t\t\t\t\t<h3 class=\"elementor-heading-title elementor-size-default\">Restauraciones y preservaci\u00f3n<\/h3>\t\t\t\t<\/div>\n\t\t\t\t\t<\/div>\n\t\t\t\t<\/div>\n\t\t<div data-particle_enable=\"false\" data-particle-mobile-disabled=\"false\" class=\"elementor-element elementor-element-c79bfde e-flex e-con-boxed e-con e-parent\" data-id=\"c79bfde\" data-element_type=\"container\" data-e-type=\"container\">\n\t\t\t\t\t<div class=\"e-con-inner\">\n\t\t\t\t<div class=\"elementor-element elementor-element-f7d707a elementor-widget elementor-widget-text-editor\" data-id=\"f7d707a\" data-element_type=\"widget\" data-e-type=\"widget\" data-widget_type=\"text-editor.default\">\n\t\t\t\t\t\t\t\t\t<p>A lo largo de los a\u00f1os, la Bas\u00edlica ha recibido m\u00faltiples restauraciones para conservar su esplendor. Una de las m\u00e1s significativas fue la intervenci\u00f3n en los a\u00f1os sesenta, cuando se reforz\u00f3 su estructura para soportar los movimientos s\u00edsmicos de la regi\u00f3n.<\/p><p>Tambi\u00e9n se han hecho trabajos en la imagen del <a href=\"https:\/\/soymigrante.com\/revista\/cristo-esquipulas-veneracion-migrantes-basilica-estados-unidos-guatemala\/\" target=\"_blank\" rel=\"noopener\">Cristo Negro, siempre con extremo cuidado para no alterar su esencia.<\/a> Actualmente, el templo es protegido como patrimonio cultural y religioso de Guatemala.<\/p>\t\t\t\t\t\t\t\t<\/div>\n\t\t\t\t\t<\/div>\n\t\t\t\t<\/div>\n\t\t<div data-particle_enable=\"false\" data-particle-mobile-disabled=\"false\" class=\"elementor-element elementor-element-77f70db e-flex e-con-boxed e-con e-parent\" data-id=\"77f70db\" data-element_type=\"container\" data-e-type=\"container\">\n\t\t\t\t\t<div class=\"e-con-inner\">\n\t\t\t\t<div class=\"elementor-element elementor-element-447564b elementor-widget elementor-widget-heading\" data-id=\"447564b\" data-element_type=\"widget\" data-e-type=\"widget\" data-widget_type=\"heading.default\">\n\t\t\t\t\t<h3 class=\"elementor-heading-title elementor-size-default\">Un destino de multitudes<\/h3>\t\t\t\t<\/div>\n\t\t\t\t\t<\/div>\n\t\t\t\t<\/div>\n\t\t<div data-particle_enable=\"false\" data-particle-mobile-disabled=\"false\" class=\"elementor-element elementor-element-55346a3 e-flex e-con-boxed e-con e-parent\" data-id=\"55346a3\" data-element_type=\"container\" data-e-type=\"container\">\n\t\t\t\t\t<div class=\"e-con-inner\">\n\t\t\t\t<div class=\"elementor-element elementor-element-51fa863 elementor-widget elementor-widget-text-editor\" data-id=\"51fa863\" data-element_type=\"widget\" data-e-type=\"widget\" data-widget_type=\"text-editor.default\">\n\t\t\t\t\t\t\t\t\t<p>Cada a\u00f1o, especialmente en enero durante la fiesta patronal del Cristo Negro (15 de enero), m\u00e1s de un mill\u00f3n de peregrinos visitan la Bas\u00edlica, provenientes no solo de Guatemala, sino tambi\u00e9n de El Salvador, Honduras, M\u00e9xico y Estados Unidos.<\/p><p><a href=\"https:\/\/soymigrante.com\/revista\/cristo-esquipulas-veneracion-migrantes-basilica-estados-unidos-guatemala\/\" target=\"_blank\" rel=\"noopener\">Muchos llegan caminando largas distancias, cumpliendo promesas o buscando un milagro.<\/a> La fe popular convierte a Esquipulas en uno de los centros de peregrinaci\u00f3n m\u00e1s grandes de Am\u00e9rica Latina.<\/p>\t\t\t\t\t\t\t\t<\/div>\n\t\t\t\t\t<\/div>\n\t\t\t\t<\/div>\n\t\t<div data-particle_enable=\"false\" data-particle-mobile-disabled=\"false\" class=\"elementor-element elementor-element-b939a1e e-flex e-con-boxed e-con e-parent\" data-id=\"b939a1e\" data-element_type=\"container\" data-e-type=\"container\">\n\t\t\t\t\t<div class=\"e-con-inner\">\n\t\t\t\t<div class=\"elementor-element elementor-element-3485610 elementor-widget elementor-widget-image\" data-id=\"3485610\" data-element_type=\"widget\" data-e-type=\"widget\" data-widget_type=\"image.default\">\n\t\t\t\t\t\t\t\t\t\t\t\t<figure class=\"wp-caption\">\n\t\t\t\t\t\t\t\t\t\t<img decoding=\"async\" width=\"768\" height=\"576\" src=\"https:\/\/soymigrante.com\/revista\/wp-content\/uploads\/2025\/08\/Basilica-de-esquipulas-3-1024x768.jpg\" class=\"attachment-large size-large wp-image-42443\" alt=\"Majestuosa iglesia colonial blanca en un d\u00eda nublado, con turistas y visitantes en las escalinatas, destacando la arquitectura religiosa y cultural en un destino tur\u00edstico en M\u00e9xico.\" srcset=\"https:\/\/soymigrante.com\/revista\/wp-content\/uploads\/2025\/08\/Basilica-de-esquipulas-3-1024x768.jpg 1024w, https:\/\/soymigrante.com\/revista\/wp-content\/uploads\/2025\/08\/Basilica-de-esquipulas-3-300x225.jpg 300w, https:\/\/soymigrante.com\/revista\/wp-content\/uploads\/2025\/08\/Basilica-de-esquipulas-3-768x576.jpg 768w, https:\/\/soymigrante.com\/revista\/wp-content\/uploads\/2025\/08\/Basilica-de-esquipulas-3-1536x1152.jpg 1536w, https:\/\/soymigrante.com\/revista\/wp-content\/uploads\/2025\/08\/Basilica-de-esquipulas-3-750x563.webp 750w, https:\/\/soymigrante.com\/revista\/wp-content\/uploads\/2025\/08\/Basilica-de-esquipulas-3-1140x855.webp 1140w, https:\/\/soymigrante.com\/revista\/wp-content\/uploads\/2025\/08\/Basilica-de-esquipulas-3.webp 1600w\" sizes=\"(max-width: 768px) 100vw, 768px\" title=\"La Bas\u00edlica de Esquipulas es una de las m\u00e1s visitadas de Guatemala. (Foto: INGUAT) \u2013 SoyMigrante.com REVISTA\" \/>\t\t\t\t\t\t\t\t\t\t\t<figcaption class=\"widget-image-caption wp-caption-text\">La Bas\u00edlica de Esquipulas es una de las m\u00e1s visitadas de Guatemala. (Foto: INGUAT)<\/figcaption>\n\t\t\t\t\t\t\t\t\t\t<\/figure>\n\t\t\t\t\t\t\t\t\t<\/div>\n\t\t\t\t\t<\/div>\n\t\t\t\t<\/div>\n\t\t<div data-particle_enable=\"false\" data-particle-mobile-disabled=\"false\" class=\"elementor-element elementor-element-3104e4d e-flex e-con-boxed e-con e-parent\" data-id=\"3104e4d\" data-element_type=\"container\" data-e-type=\"container\">\n\t\t\t\t\t<div class=\"e-con-inner\">\n\t\t\t\t<div class=\"elementor-element elementor-element-5df29a0 elementor-widget elementor-widget-heading\" data-id=\"5df29a0\" data-element_type=\"widget\" data-e-type=\"widget\" data-widget_type=\"heading.default\">\n\t\t\t\t\t<h3 class=\"elementor-heading-title elementor-size-default\">Su principal atractivo<\/h3>\t\t\t\t<\/div>\n\t\t\t\t\t<\/div>\n\t\t\t\t<\/div>\n\t\t<div data-particle_enable=\"false\" data-particle-mobile-disabled=\"false\" class=\"elementor-element elementor-element-58777e7 e-flex e-con-boxed e-con e-parent\" data-id=\"58777e7\" data-element_type=\"container\" data-e-type=\"container\">\n\t\t\t\t\t<div class=\"e-con-inner\">\n\t\t\t\t<div class=\"elementor-element elementor-element-5496291 elementor-widget elementor-widget-text-editor\" data-id=\"5496291\" data-element_type=\"widget\" data-e-type=\"widget\" data-widget_type=\"text-editor.default\">\n\t\t\t\t\t\t\t\t\t<p>El gran atractivo de la Bas\u00edlica es, sin duda,<a href=\"https:\/\/soymigrante.com\/revista\/cristo-esquipulas-veneracion-migrantes-basilica-estados-unidos-guatemala\/\" target=\"_blank\" rel=\"noopener\"> el Cristo Negro, venerado en un altar especial que est\u00e1 enmarcado por la majestuosidad del templo barroco.<\/a> Sin embargo, la experiencia va m\u00e1s all\u00e1: el ambiente de devoci\u00f3n, los cantos, el incienso, los rezos y las procesiones crean una atm\u00f3sfera \u00fanica que mezcla la tradici\u00f3n cat\u00f3lica con la identidad cultural de los pueblos centroamericanos.<\/p>\t\t\t\t\t\t\t\t<\/div>\n\t\t\t\t\t<\/div>\n\t\t\t\t<\/div>\n\t\t<div data-particle_enable=\"false\" data-particle-mobile-disabled=\"false\" class=\"elementor-element elementor-element-0926cb9 e-flex e-con-boxed e-con e-parent\" data-id=\"0926cb9\" data-element_type=\"container\" data-e-type=\"container\">\n\t\t\t\t\t<div class=\"e-con-inner\">\n\t\t\t\t<div class=\"elementor-element elementor-element-e84229b elementor-widget elementor-widget-heading\" data-id=\"e84229b\" data-element_type=\"widget\" data-e-type=\"widget\" data-widget_type=\"heading.default\">\n\t\t\t\t\t<h3 class=\"elementor-heading-title elementor-size-default\">Tesoro del oriente<\/h3>\t\t\t\t<\/div>\n\t\t\t\t\t<\/div>\n\t\t\t\t<\/div>\n\t\t<div data-particle_enable=\"false\" data-particle-mobile-disabled=\"false\" class=\"elementor-element elementor-element-80b6905 e-flex e-con-boxed e-con e-parent\" data-id=\"80b6905\" data-element_type=\"container\" data-e-type=\"container\">\n\t\t\t\t\t<div class=\"e-con-inner\">\n\t\t\t\t<div class=\"elementor-element elementor-element-3659c03 elementor-widget elementor-widget-text-editor\" data-id=\"3659c03\" data-element_type=\"widget\" data-e-type=\"widget\" data-widget_type=\"text-editor.default\">\n\t\t\t\t\t\t\t\t\t<p><a href=\"https:\/\/soymigrante.com\/revista\/cristo-esquipulas-veneracion-migrantes-basilica-estados-unidos-guatemala\/\" target=\"_blank\" rel=\"noopener\">La Bas\u00edlica de Esquipulas no es solo un templo, es un s\u00edmbolo de unidad y fe que ha sobrevivido al paso de los siglos<\/a>, manteniendo viva una de las devociones m\u00e1s grandes del continente. Para los guatemaltecos y miles de peregrinos, visitar este santuario es m\u00e1s que un viaje religioso: es un encuentro con la historia, la tradici\u00f3n y la esperanza.<\/p>\t\t\t\t\t\t\t\t<\/div>\n\t\t\t\t\t<\/div>\n\t\t\t\t<\/div>\n\t\t<div data-particle_enable=\"false\" data-particle-mobile-disabled=\"false\" class=\"elementor-element elementor-element-f928206 e-flex e-con-boxed e-con e-parent\" data-id=\"f928206\" data-element_type=\"container\" data-e-type=\"container\">\n\t\t\t\t\t<div class=\"e-con-inner\">\n\t\t\t\t<div class=\"elementor-element elementor-element-822634b elementor-widget elementor-widget-heading\" data-id=\"822634b\" data-element_type=\"widget\" data-e-type=\"widget\" data-widget_type=\"heading.default\">\n\t\t\t\t\t<h2 class=\"elementor-heading-title elementor-size-default\">Conoce m\u00e1s de otros lugares impresionantes, ac\u00e1...<\/h2>\t\t\t\t<\/div>\n\t\t\t\t\t<\/div>\n\t\t\t\t<\/div>\n\t\t<div data-particle_enable=\"false\" data-particle-mobile-disabled=\"false\" class=\"elementor-element elementor-element-aa842d7 e-flex e-con-boxed e-con e-parent\" data-id=\"aa842d7\" data-element_type=\"container\" data-e-type=\"container\">\n\t\t\t\t\t<div class=\"e-con-inner\">\n\t\t\t\t<div class=\"elementor-element elementor-element-3b491a6 elementor-grid-eael-col-3 elementor-grid-tablet-eael-col-2 elementor-grid-mobile-eael-col-1 elementor-invisible elementor-widget elementor-widget-eael-post-grid\" data-id=\"3b491a6\" data-element_type=\"widget\" data-e-type=\"widget\" data-settings=\"{&quot;eael_post_grid_columns&quot;:&quot;eael-col-3&quot;,&quot;_animation&quot;:&quot;rollIn&quot;,&quot;eael_post_grid_columns_tablet&quot;:&quot;eael-col-2&quot;,&quot;eael_post_grid_columns_mobile&quot;:&quot;eael-col-1&quot;}\" data-widget_type=\"eael-post-grid.default\">\n\t\t\t\t\t<div id=\"eael-post-grid-3b491a6\" class=\"eael-post-grid-container\">\n            <div class=\"eael-post-grid eael-post-appender eael-post-appender-3b491a6 eael-post-grid-style-one\" data-layout-mode=\"masonry\"><article class=\"eael-grid-post  eael-post-grid-column eael-pg-post-37741 category-guate-nuestra\" data-id=\"37741\">\n        <div class=\"eael-grid-post-holder\">\n            <div class=\"eael-grid-post-holder-inner\"><div class=\"eael-entry-media\"><div class=\"eael-entry-overlay fade-in\"><i class=\"far fa-hand-pointer\" aria-hidden=\"true\"><\/i><a href=\"https:\/\/soymigrante.com\/revista\/el-calvario-de-antigua-guatemala-una-joya-de-fe\/\"><\/a><\/div><div class=\"eael-entry-thumbnail \">\n                <img loading=\"lazy\" decoding=\"async\" width=\"316\" height=\"316\" src=\"https:\/\/soymigrante.com\/revista\/wp-content\/uploads\/2025\/06\/el-calvario-1-e1750872413599.webp\" class=\"attachment-large size-large wp-image-37742\" alt=\"Fachada de una iglesia colonial en Guatemala con monta\u00f1as en el fondo, resaltando su arquitectura colorida y historia cultural.\" srcset=\"https:\/\/soymigrante.com\/revista\/wp-content\/uploads\/2025\/06\/el-calvario-1-e1750872413599.webp 316w, https:\/\/soymigrante.com\/revista\/wp-content\/uploads\/2025\/06\/el-calvario-1-e1750872413599-300x300.webp 300w, https:\/\/soymigrante.com\/revista\/wp-content\/uploads\/2025\/06\/el-calvario-1-e1750872413599-150x150.webp 150w, https:\/\/soymigrante.com\/revista\/wp-content\/uploads\/2025\/06\/el-calvario-1-e1750872413599-75x75.webp 75w\" sizes=\"(max-width: 316px) 100vw, 316px\" \/>\n            <\/div>\n        <\/div><div class=\"eael-entry-wrapper\"><header class=\"eael-entry-header\"><h2 class=\"eael-entry-title\"><a class=\"eael-grid-post-link\" href=\"https:\/\/soymigrante.com\/revista\/el-calvario-de-antigua-guatemala-una-joya-de-fe\/\" title=\"El Calvario de Antigua Guatemala: una joya de fe\">El Calvario de Antigua Guatemala: una joya de fe<\/a><\/h2><\/header><div class=\"eael-entry-content\">\n                        <div class=\"eael-grid-post-excerpt\"><a href=\"https:\/\/soymigrante.com\/revista\/el-calvario-de-antigua-guatemala-una-joya-de-fe\/\" class=\"eael-post-elements-readmore-btn\">CONOCE SU HISTORIA <\/a><\/div>\n                    <\/div><\/div><\/div>\n        <\/div>\n    <\/article><article class=\"eael-grid-post  eael-post-grid-column eael-pg-post-40114 category-guate-nuestra\" data-id=\"40114\">\n        <div class=\"eael-grid-post-holder\">\n            <div class=\"eael-grid-post-holder-inner\"><div class=\"eael-entry-media\"><div class=\"eael-entry-overlay fade-in\"><i class=\"far fa-hand-pointer\" aria-hidden=\"true\"><\/i><a href=\"https:\/\/soymigrante.com\/revista\/la-merced-de-antigua-guatemala-y-una-misteriosa-leyenda\/\"><\/a><\/div><div class=\"eael-entry-thumbnail \">\n                <img loading=\"lazy\" decoding=\"async\" width=\"1024\" height=\"717\" src=\"https:\/\/soymigrante.com\/revista\/wp-content\/uploads\/2025\/07\/Terror-y-belleza-en-La-Merced1-1024x717.jpeg\" class=\"attachment-large size-large wp-image-40115\" alt=\"Catedral de noche en un pueblo colonial con estructura hist\u00f3rica en el centro, iluminada, con una cruz en primer plano y \u00e1rboles a su alrededor.\" srcset=\"https:\/\/soymigrante.com\/revista\/wp-content\/uploads\/2025\/07\/Terror-y-belleza-en-La-Merced1-1024x717.jpeg 1024w, https:\/\/soymigrante.com\/revista\/wp-content\/uploads\/2025\/07\/Terror-y-belleza-en-La-Merced1-300x210.jpeg 300w, https:\/\/soymigrante.com\/revista\/wp-content\/uploads\/2025\/07\/Terror-y-belleza-en-La-Merced1-768x538.jpeg 768w, https:\/\/soymigrante.com\/revista\/wp-content\/uploads\/2025\/07\/Terror-y-belleza-en-La-Merced1-750x525.webp 750w, https:\/\/soymigrante.com\/revista\/wp-content\/uploads\/2025\/07\/Terror-y-belleza-en-La-Merced1-1140x798.webp 1140w, https:\/\/soymigrante.com\/revista\/wp-content\/uploads\/2025\/07\/Terror-y-belleza-en-La-Merced1.webp 1280w\" sizes=\"(max-width: 1024px) 100vw, 1024px\" \/>\n            <\/div>\n        <\/div><div class=\"eael-entry-wrapper\"><header class=\"eael-entry-header\"><h2 class=\"eael-entry-title\"><a class=\"eael-grid-post-link\" href=\"https:\/\/soymigrante.com\/revista\/la-merced-de-antigua-guatemala-y-una-misteriosa-leyenda\/\" title=\"La Merced de Antigua Guatemala y una misteriosa leyenda\">La Merced de Antigua Guatemala y una misteriosa leyenda<\/a><\/h2><\/header><div class=\"eael-entry-content\">\n                        <div class=\"eael-grid-post-excerpt\"><a href=\"https:\/\/soymigrante.com\/revista\/la-merced-de-antigua-guatemala-y-una-misteriosa-leyenda\/\" class=\"eael-post-elements-readmore-btn\">CONOCE SU HISTORIA <\/a><\/div>\n                    <\/div><\/div><\/div>\n        <\/div>\n    <\/article><article class=\"eael-grid-post  eael-post-grid-column eael-pg-post-40976 category-guate-nuestra\" data-id=\"40976\">\n        <div class=\"eael-grid-post-holder\">\n            <div class=\"eael-grid-post-holder-inner\"><div class=\"eael-entry-media\"><div class=\"eael-entry-overlay fade-in\"><i class=\"far fa-hand-pointer\" aria-hidden=\"true\"><\/i><a href=\"https:\/\/soymigrante.com\/revista\/catedral-metropolitana-de-guatemala-historia-fe-y-paz-en-el-corazon-de-la-capital\/\"><\/a><\/div><div class=\"eael-entry-thumbnail \">\n                <img loading=\"lazy\" decoding=\"async\" width=\"504\" height=\"504\" src=\"https:\/\/soymigrante.com\/revista\/wp-content\/uploads\/2025\/07\/Catedral-metropolitana-3-e1753996409329.webp\" class=\"attachment-large size-large wp-image-40977\" alt=\"Majestuosa fachada de una catedral colonial en una ciudad hist\u00f3rica, con torres gemelas y un cielo nublado, representando arquitectura religiosa y patrimonio cultural en Latinoam\u00e9rica.\" srcset=\"https:\/\/soymigrante.com\/revista\/wp-content\/uploads\/2025\/07\/Catedral-metropolitana-3-e1753996409329.webp 504w, https:\/\/soymigrante.com\/revista\/wp-content\/uploads\/2025\/07\/Catedral-metropolitana-3-e1753996409329-300x300.webp 300w, https:\/\/soymigrante.com\/revista\/wp-content\/uploads\/2025\/07\/Catedral-metropolitana-3-e1753996409329-150x150.webp 150w, https:\/\/soymigrante.com\/revista\/wp-content\/uploads\/2025\/07\/Catedral-metropolitana-3-e1753996409329-75x75.webp 75w\" sizes=\"(max-width: 504px) 100vw, 504px\" \/>\n            <\/div>\n        <\/div><div class=\"eael-entry-wrapper\"><header class=\"eael-entry-header\"><h2 class=\"eael-entry-title\"><a class=\"eael-grid-post-link\" href=\"https:\/\/soymigrante.com\/revista\/catedral-metropolitana-de-guatemala-historia-fe-y-paz-en-el-corazon-de-la-capital\/\" title=\"Catedral Metropolitana de Guatemala: historia, fe y paz en el coraz\u00f3n de la capital\">Catedral Metropolitana de Guatemala: historia, fe y paz en el coraz\u00f3n de la capital<\/a><\/h2><\/header><div class=\"eael-entry-content\">\n                        <div class=\"eael-grid-post-excerpt\"><a href=\"https:\/\/soymigrante.com\/revista\/catedral-metropolitana-de-guatemala-historia-fe-y-paz-en-el-corazon-de-la-capital\/\" class=\"eael-post-elements-readmore-btn\">CONOCE SU HISTORIA <\/a><\/div>\n                    <\/div><\/div><\/div>\n        <\/div>\n    <\/article><\/div>\n            <div class=\"clearfix\"><\/div>\n        <\/div>\t\t\t\t<\/div>\n\t\t\t\t\t<\/div>\n\t\t\t\t<\/div>\n\t\t\t\t<\/div>\n\t\t","protected":false},"excerpt":{"rendered":"<p>La Bas\u00edlica de Esquipulas es un tesoro colonial, en el coraz\u00f3n del oriente guatemalteco, marcado por la fe. En el coraz\u00f3n del oriente de Guatemala, en la ciudad de Esquipulas, Chiquimula, se levanta uno de los templos m\u00e1s emblem\u00e1ticos y visitados de Centroam\u00e9rica: la Bas\u00edlica del Cristo Negro, un \u00edcono de fe, arte colonial y [&hellip;]<\/p>\n","protected":false},"author":19,"featured_media":42435,"comment_status":"open","ping_status":"open","sticky":false,"template":"","format":"standard","meta":{"_acf_changed":false,"_eb_attr":"","footnotes":""},"categories":[58],"tags":[],"class_list":["post-42434","post","type-post","status-publish","format-standard","has-post-thumbnail","hentry","category-guate-nuestra"],"acf":[],"aioseo_notices":[],"aioseo_head":"\n\t\t<!-- All in One SEO Pro 4.9.6.2 - aioseo.com -->\n\t<meta name=\"description\" content=\"La Catedral Metropolitana tiene m\u00e1s de 200 a\u00f1os de historia. Es el coraz\u00f3n de la fe de la arquidi\u00f3cesis pero tambi\u00e9n es un museo viviente y joya arquitect\u00f3nica\" \/>\n\t<meta name=\"robots\" content=\"max-snippet:-1, max-image-preview:large, max-video-preview:-1\" \/>\n\t<meta name=\"author\" content=\"Marysabel Aldana\"\/>\n\t<link rel=\"canonical\" href=\"https:\/\/soymigrante.com\/revista\/catedral-metropolitana-de-guatemala-historia-fe-y-paz-en-el-corazon-de-la-capital\/\" \/>\n\t<meta name=\"generator\" content=\"All in One SEO Pro (AIOSEO) 4.9.6.2\" \/>\n\n\t\t<link rel=\"preconnect\" href=\"https:\/\/fonts.googleapis.com\" crossorigin>\n<link rel=\"preconnect\" href=\"https:\/\/fonts.gstatic.com\" crossorigin>\n\t\t<meta property=\"og:locale\" content=\"es_ES\" \/>\n\t\t<meta property=\"og:site_name\" content=\"SoyMigrante.com REVISTA \u2013 Nuestra misi\u00f3n es reconocer y dignificar al migrante.\" \/>\n\t\t<meta property=\"og:type\" content=\"article\" \/>\n\t\t<meta property=\"og:title\" content=\"Catedral Metropolitana de Guatemala: historia, fe y paz en el coraz\u00f3n de la capital\" \/>\n\t\t<meta property=\"og:description\" content=\"La Catedral Metropolitana tiene m\u00e1s de 200 a\u00f1os de historia. Es el coraz\u00f3n de la fe de la arquidi\u00f3cesis pero tambi\u00e9n es un museo viviente y joya arquitect\u00f3nica\" \/>\n\t\t<meta property=\"og:url\" content=\"https:\/\/soymigrante.com\/revista\/catedral-metropolitana-de-guatemala-historia-fe-y-paz-en-el-corazon-de-la-capital\/\" \/>\n\t\t<meta property=\"og:image\" content=\"https:\/\/soymigrante.com\/revista\/wp-content\/uploads\/2025\/07\/Catedral-metropolitana-3-e1753996409329.webp\" \/>\n\t\t<meta property=\"og:image:secure_url\" content=\"https:\/\/soymigrante.com\/revista\/wp-content\/uploads\/2025\/07\/Catedral-metropolitana-3-e1753996409329.webp\" \/>\n\t\t<meta property=\"og:image:width\" content=\"504\" \/>\n\t\t<meta property=\"og:image:height\" content=\"504\" \/>\n\t\t<meta property=\"article:published_time\" content=\"2025-08-01T14:00:00+00:00\" \/>\n\t\t<meta property=\"article:modified_time\" content=\"2025-08-01T02:34:38+00:00\" \/>\n\t\t<meta property=\"article:publisher\" content=\"https:\/\/www.facebook.com\/soymigrantecom\" \/>\n\t\t<meta name=\"twitter:card\" content=\"summary_large_image\" \/>\n\t\t<meta name=\"twitter:site\" content=\"@SoyMigrante_com\" \/>\n\t\t<meta name=\"twitter:title\" content=\"Catedral Metropolitana de Guatemala: historia, fe y paz en el coraz\u00f3n de la capital\" \/>\n\t\t<meta name=\"twitter:description\" content=\"La Catedral Metropolitana tiene m\u00e1s de 200 a\u00f1os de historia. Es el coraz\u00f3n de la fe de la arquidi\u00f3cesis pero tambi\u00e9n es un museo viviente y joya arquitect\u00f3nica\" \/>\n\t\t<meta name=\"twitter:creator\" content=\"@SoyMigrante_com\" \/>\n\t\t<meta name=\"twitter:image\" content=\"https:\/\/soymigrante.com\/revista\/wp-content\/uploads\/2025\/07\/Catedral-metropolitana-3-e1753996409329.webp\" \/>\n\t\t<!-- All in One SEO Pro -->\r\n\t\t<title>Catedral Metropolitana de Guatemala: historia, fe y paz en el coraz\u00f3n de la capital<\/title>\n\n","aioseo_head_json":{"title":"Catedral Metropolitana de Guatemala: historia, fe y paz en el coraz\u00f3n de la capital","description":"La Catedral Metropolitana tiene m\u00e1s de 200 a\u00f1os de historia. Es el coraz\u00f3n de la fe de la arquidi\u00f3cesis pero tambi\u00e9n es un museo viviente y joya arquitect\u00f3nica","canonical_url":"https:\/\/soymigrante.com\/revista\/catedral-metropolitana-de-guatemala-historia-fe-y-paz-en-el-corazon-de-la-capital\/","robots":"max-snippet:-1, max-image-preview:large, max-video-preview:-1","keywords":"","webmasterTools":{"miscellaneous":"&lt;link rel=\"preconnect\" href=\"https:\/\/fonts.googleapis.com\" crossorigin&gt;\n&lt;link rel=\"preconnect\" href=\"https:\/\/fonts.gstatic.com\" crossorigin&gt;"},"schema":null,"og:locale":"es_ES","og:site_name":"SoyMigrante.com REVISTA \u2013 Nuestra misi\u00f3n es reconocer y dignificar al migrante.","og:type":"article","og:title":"Catedral Metropolitana de Guatemala: historia, fe y paz en el coraz\u00f3n de la capital","og:description":"La Catedral Metropolitana tiene m\u00e1s de 200 a\u00f1os de historia. Es el coraz\u00f3n de la fe de la arquidi\u00f3cesis pero tambi\u00e9n es un museo viviente y joya arquitect\u00f3nica","og:url":"https:\/\/soymigrante.com\/revista\/catedral-metropolitana-de-guatemala-historia-fe-y-paz-en-el-corazon-de-la-capital\/","og:image":"https:\/\/soymigrante.com\/revista\/wp-content\/uploads\/2025\/07\/Catedral-metropolitana-3-e1753996409329.webp","og:image:secure_url":"https:\/\/soymigrante.com\/revista\/wp-content\/uploads\/2025\/07\/Catedral-metropolitana-3-e1753996409329.webp","og:image:width":504,"og:image:height":504,"article:published_time":"2025-08-01T14:00:00+00:00","article:modified_time":"2025-08-01T02:34:38+00:00","article:publisher":"https:\/\/www.facebook.com\/soymigrantecom","twitter:card":"summary_large_image","twitter:site":"@SoyMigrante_com","twitter:title":"Catedral Metropolitana de Guatemala: historia, fe y paz en el coraz\u00f3n de la capital","twitter:description":"La Catedral Metropolitana tiene m\u00e1s de 200 a\u00f1os de historia. Es el coraz\u00f3n de la fe de la arquidi\u00f3cesis pero tambi\u00e9n es un museo viviente y joya arquitect\u00f3nica","twitter:creator":"@SoyMigrante_com","twitter:image":"https:\/\/soymigrante.com\/revista\/wp-content\/uploads\/2025\/07\/Catedral-metropolitana-3-e1753996409329.webp"},"aioseo_meta_data":{"post_id":"42434","title":null,"description":"Millones de corazones devotos han llegado a este inmenso relicario colonial que resguarda la imagen del Santo Cristo de Esquipulas, en Chiquimula.","keywords":null,"keyphrases":{"focus":{"keyphrase":"Bas\u00edlica","score":82,"analysis":{"keyphraseInTitle":{"score":9,"maxScore":9,"error":0},"keyphraseInDescription":{"score":3,"maxScore":9,"error":1},"keyphraseLength":{"score":9,"maxScore":9,"error":0,"length":2},"keyphraseInURL":{"score":5,"maxScore":5,"error":0},"keyphraseInIntroduction":{"score":9,"maxScore":9,"error":0},"keyphraseInSubHeadings":{"score":3,"maxScore":9,"error":1},"keyphraseInImageAlt":{"score":9,"maxScore":9,"error":0},"keywordDensity":{"type":"best","score":9,"maxScore":9,"error":0}}},"additional":[{"keyphrase":"Esquipulas","score":100,"analysis":{"keyphraseInDescription":{"score":9,"maxScore":9,"error":0},"keyphraseLength":{"score":9,"maxScore":9,"error":0,"length":1},"keyphraseInIntroduction":{"score":9,"maxScore":9,"error":0},"keyphraseInImageAlt":{"score":9,"maxScore":9,"error":0},"keywordDensity":{"type":"best","score":9,"maxScore":9,"error":0}}},{"keyphrase":"Oriente","score":53,"analysis":{"keyphraseInDescription":{"score":3,"maxScore":9,"error":1},"keyphraseLength":{"score":9,"maxScore":9,"error":0,"length":1},"keyphraseInIntroduction":{"score":9,"maxScore":9,"error":0},"keyphraseInImageAlt":{"score":3,"maxScore":9,"error":1},"keywordDensity":{"score":0,"type":"low","maxScore":9,"error":1}}}]},"primary_term":null,"canonical_url":null,"og_title":null,"og_description":null,"og_object_type":"default","og_image_type":"default","og_image_url":null,"og_image_width":null,"og_image_height":null,"og_image_custom_url":null,"og_image_custom_fields":null,"og_video":"","og_custom_url":null,"og_article_section":null,"og_article_tags":null,"twitter_use_og":false,"twitter_card":"default","twitter_image_type":"default","twitter_image_url":null,"twitter_image_custom_url":null,"twitter_image_custom_fields":null,"twitter_title":null,"twitter_description":null,"schema":{"blockGraphs":[],"customGraphs":[],"default":{"data":{"Article":[],"Course":[],"Dataset":[],"FAQPage":[],"Movie":[],"Person":[],"Product":[],"ProductReview":[],"Car":[],"Recipe":[],"Service":[],"SoftwareApplication":[],"WebPage":[]},"graphName":"none","isEnabled":true},"graphs":[]},"schema_type":"default","schema_type_options":null,"pillar_content":false,"robots_default":true,"robots_noindex":false,"robots_noarchive":false,"robots_nosnippet":false,"robots_nofollow":false,"robots_noimageindex":false,"robots_noodp":false,"robots_notranslate":false,"robots_max_snippet":"-1","robots_max_videopreview":"-1","robots_max_imagepreview":"large","priority":null,"frequency":"default","local_seo":null,"seo_analyzer_scan_date":"2025-10-09 07:50:14","breadcrumb_settings":null,"limit_modified_date":false,"reviewed_by":"0","open_ai":null,"ai":{"faqs":[],"keyPoints":[],"titles":[],"descriptions":[],"socialPosts":{"email":[],"linkedin":[],"twitter":[],"facebook":[],"instagram":[]}},"created":"2025-08-21 18:46:30","updated":"2026-02-05 04:21:51"},"aioseo_breadcrumb":"<div class=\"aioseo-breadcrumbs\"><span class=\"aioseo-breadcrumb\">\n\t<a href=\"https:\/\/soymigrante.com\/revista\" title=\"Home\">Home<\/a>\n<\/span><span class=\"aioseo-breadcrumb-separator\">\u00bb<\/span><span class=\"aioseo-breadcrumb\">\n\t<a href=\"https:\/\/soymigrante.com\/revista\/category\/guate-nuestra\/\" title=\"Guate Nuestra\">Guate Nuestra<\/a>\n<\/span><span class=\"aioseo-breadcrumb-separator\">\u00bb<\/span><span class=\"aioseo-breadcrumb\">\n\tLa Bas\u00edlica de Esquipulas, tesoro colonial de fe y amor\n<\/span><\/div>","aioseo_breadcrumb_json":[{"label":"Home","link":"https:\/\/soymigrante.com\/revista"},{"label":"Guate Nuestra","link":"https:\/\/soymigrante.com\/revista\/category\/guate-nuestra\/"},{"label":"La Bas\u00edlica de Esquipulas, tesoro colonial de fe y amor","link":"https:\/\/soymigrante.com\/revista\/la-basilica-de-esquipulas-tesoro-colonial-de-fe-y-amor\/"}],"_links":{"self":[{"href":"https:\/\/soymigrante.com\/revista\/wp-json\/wp\/v2\/posts\/42434","targetHints":{"allow":["GET"]}}],"collection":[{"href":"https:\/\/soymigrante.com\/revista\/wp-json\/wp\/v2\/posts"}],"about":[{"href":"https:\/\/soymigrante.com\/revista\/wp-json\/wp\/v2\/types\/post"}],"author":[{"embeddable":true,"href":"https:\/\/soymigrante.com\/revista\/wp-json\/wp\/v2\/users\/19"}],"replies":[{"embeddable":true,"href":"https:\/\/soymigrante.com\/revista\/wp-json\/wp\/v2\/comments?post=42434"}],"version-history":[{"count":17,"href":"https:\/\/soymigrante.com\/revista\/wp-json\/wp\/v2\/posts\/42434\/revisions"}],"predecessor-version":[{"id":42493,"href":"https:\/\/soymigrante.com\/revista\/wp-json\/wp\/v2\/posts\/42434\/revisions\/42493"}],"wp:featuredmedia":[{"embeddable":true,"href":"https:\/\/soymigrante.com\/revista\/wp-json\/wp\/v2\/media\/42435"}],"wp:attachment":[{"href":"https:\/\/soymigrante.com\/revista\/wp-json\/wp\/v2\/media?parent=42434"}],"wp:term":[{"taxonomy":"category","embeddable":true,"href":"https:\/\/soymigrante.com\/revista\/wp-json\/wp\/v2\/categories?post=42434"},{"taxonomy":"post_tag","embeddable":true,"href":"https:\/\/soymigrante.com\/revista\/wp-json\/wp\/v2\/tags?post=42434"}],"curies":[{"name":"wp","href":"https:\/\/api.w.org\/{rel}","templated":true}]}}