{"id":42425,"date":"2025-08-22T08:11:03","date_gmt":"2025-08-22T14:11:03","guid":{"rendered":"https:\/\/soymigrante.com\/revista\/?p=42425"},"modified":"2025-08-29T16:12:03","modified_gmt":"2025-08-29T22:12:03","slug":"personajes-del-popol-vuh-la-gran-abuela-ixmucane","status":"publish","type":"post","link":"https:\/\/soymigrante.com\/revista\/personajes-del-popol-vuh-la-gran-abuela-ixmucane\/","title":{"rendered":"Personajes del Popol Vuh: la gran abuela Ixmucan\u00e9"},"content":{"rendered":"\t\t<div data-elementor-type=\"wp-post\" data-elementor-id=\"42425\" class=\"elementor elementor-42425\" data-elementor-post-type=\"post\">\n\t\t\t\t<div data-particle_enable=\"false\" data-particle-mobile-disabled=\"false\" class=\"elementor-element elementor-element-25c36d7 e-flex e-con-boxed e-con e-parent\" data-id=\"25c36d7\" data-element_type=\"container\" data-e-type=\"container\">\n\t\t\t\t\t<div class=\"e-con-inner\">\n\t\t\t\t<div class=\"elementor-element elementor-element-fb7181e elementor-widget elementor-widget-heading\" data-id=\"fb7181e\" data-element_type=\"widget\" data-e-type=\"widget\" data-widget_type=\"heading.default\">\n\t\t\t\t\t<h2 class=\"elementor-heading-title elementor-size-default\">Ixmucan\u00e9 es la abuela de los gemelos h\u00e9roes Hunahp\u00fa e Ixbalanqu\u00e9, pero tambi\u00e9n part\u00edcipe de la creaci\u00f3n de los Hombres de Ma\u00edz pues moli\u00f3 los granos de ma\u00edz para preparar la masa. <\/h2>\t\t\t\t<\/div>\n\t\t\t\t<div class=\"elementor-element elementor-element-ec48299 elementor-widget elementor-widget-html\" data-id=\"ec48299\" data-element_type=\"widget\" data-e-type=\"widget\" data-widget_type=\"html.default\">\n\t\t\t\t\t<div id=\"buzzsprout-player-17716811\"><\/div><script src=\"https:\/\/www.buzzsprout.com\/2444168\/episodes\/17716811-ixmucane-la-gran-abuela-del-popol-vuh.js?container_id=buzzsprout-player-17716811&player=small\" type=\"text\/javascript\" charset=\"utf-8\"><\/script>\t\t\t\t<\/div>\n\t\t\t\t\t<\/div>\n\t\t\t\t<\/div>\n\t\t<div data-particle_enable=\"false\" data-particle-mobile-disabled=\"false\" class=\"elementor-element elementor-element-8e2c695 e-flex e-con-boxed e-con e-parent\" data-id=\"8e2c695\" data-element_type=\"container\" data-e-type=\"container\">\n\t\t\t\t\t<div class=\"e-con-inner\">\n\t\t\t\t<div class=\"elementor-element elementor-element-94bc015 elementor-widget elementor-widget-text-editor\" data-id=\"94bc015\" data-element_type=\"widget\" data-e-type=\"widget\" data-widget_type=\"text-editor.default\">\n\t\t\t\t\t\t\t\t\t<p>En el coraz\u00f3n del Popol Vuh, libro sagrado de los mayas , la figura de Ixmucan\u00e9 emerge como una de las m\u00e1s entra\u00f1ables y profundas.\u00a0 No es guerrera ni soberana, pero s\u00ed madre ancestral, consejera y generadora de vida.<\/p><p>Ella acompa\u00f1a el destino de <a href=\"https:\/\/soymigrante.com\/revista\/personajes-del-popol-vuh-hun-hunahpu-y-vucub-hunahpu-los-primeros-hermanos\/\">sus hijos Hun Hunahp\u00fa y Vucub Hunahp\u00fa,<\/a> primero y despu\u00e9s de sus nietos, <a href=\"https:\/\/soymigrante.com\/revista\/personajes-del-popol-vuh-hunahpu-e-ixbalanque-los-heroes-gemelos\/\">los h\u00e9roes gemelos Hunahp\u00fa e Ixbalanqu\u00e9,<\/a> pero tambi\u00e9n el origen mismo de los hombres creados a partir de masa de ma\u00edz, que Ixmucan\u00e9 prepar\u00f3 a pedido de los creadores.\u00a0 Su esposo es <a href=\"https:\/\/soymigrante.com\/revista\/personajes-del-popol-vuh-xpiyacoc-el-primer-y-gran-abuelo\/\">Xpiyacoc<\/a>, en una dualidad muy propia de la cosmovisi\u00f3n maya.<\/p><p><i>Y juntamente es dicho y hablado de aquella\u00a0abuela y aquel abuelo que se llamaban <a href=\"https:\/\/soymigrante.com\/revista\/personajes-del-popol-vuh-xpiyacoc-el-primer-y-gran-abuelo\/\">Xpiyacoc<\/a> e Ixmucan\u00e9,\u00a0nombres propios amparadores y cubridores, dos veces abuela\u00a0y dos veces abuelo son dichos en las historias quich\u00e9s.<\/i>\u00a0<\/p>\t\t\t\t\t\t\t\t<\/div>\n\t\t\t\t\t<\/div>\n\t\t\t\t<\/div>\n\t\t<div data-particle_enable=\"false\" data-particle-mobile-disabled=\"false\" class=\"elementor-element elementor-element-3c10ba1 e-flex e-con-boxed e-con e-parent\" data-id=\"3c10ba1\" data-element_type=\"container\" data-e-type=\"container\">\n\t\t\t\t\t<div class=\"e-con-inner\">\n\t\t\t\t<div class=\"elementor-element elementor-element-4f41202 elementor-widget elementor-widget-image\" data-id=\"4f41202\" data-element_type=\"widget\" data-e-type=\"widget\" data-widget_type=\"image.default\">\n\t\t\t\t\t\t\t\t\t\t\t\t<figure class=\"wp-caption\">\n\t\t\t\t\t\t\t\t\t\t<img fetchpriority=\"high\" decoding=\"async\" width=\"1024\" height=\"576\" src=\"https:\/\/soymigrante.com\/revista\/wp-content\/uploads\/2025\/08\/ixmucane-e-ixpiyacoc-los-primeros-abuelos-popol-vuh-1024x576.png\" class=\"attachment-large size-large wp-image-42501\" alt=\"Ancianos mayas contemplando una pir\u00e1mide en un ambiente m\u00edtico con cielo rosado y estrellas, representando cultura, historia y legado ancestral en el mundo maya.\" srcset=\"https:\/\/soymigrante.com\/revista\/wp-content\/uploads\/2025\/08\/ixmucane-e-ixpiyacoc-los-primeros-abuelos-popol-vuh-1024x576.png 1024w, https:\/\/soymigrante.com\/revista\/wp-content\/uploads\/2025\/08\/ixmucane-e-ixpiyacoc-los-primeros-abuelos-popol-vuh-300x169.png 300w, https:\/\/soymigrante.com\/revista\/wp-content\/uploads\/2025\/08\/ixmucane-e-ixpiyacoc-los-primeros-abuelos-popol-vuh-768x432.png 768w, https:\/\/soymigrante.com\/revista\/wp-content\/uploads\/2025\/08\/ixmucane-e-ixpiyacoc-los-primeros-abuelos-popol-vuh-1536x864.png 1536w, https:\/\/soymigrante.com\/revista\/wp-content\/uploads\/2025\/08\/ixmucane-e-ixpiyacoc-los-primeros-abuelos-popol-vuh-750x422.webp 750w, https:\/\/soymigrante.com\/revista\/wp-content\/uploads\/2025\/08\/ixmucane-e-ixpiyacoc-los-primeros-abuelos-popol-vuh-1140x641.webp 1140w, https:\/\/soymigrante.com\/revista\/wp-content\/uploads\/2025\/08\/ixmucane-e-ixpiyacoc-los-primeros-abuelos-popol-vuh.webp 1820w\" sizes=\"(max-width: 1024px) 100vw, 1024px\" title=\"&quot;Entonces se lo dijeron a Xpiyacoc y a Xmucan\u00e9, despu\u00e9s fue dicho aquello a los adivinos, Abuela del Sol y de la Luna, que as\u00ed eran llamados por los hacedores y fabricadores. Estos eran los nombres de Xpiyacoc y Xmucan\u00e9&quot;: cita textual del Popol Vuh sobre los primeros abuelos. Imagen generada con IA con base en textos del libro sagrado maya., \u2013 SoyMigrante.com REVISTA\" \/>\t\t\t\t\t\t\t\t\t\t\t<figcaption class=\"widget-image-caption wp-caption-text\">Ancianos mayas en un entorno m\u00edstico observando una pir\u00e1mide antigua bajo un cielo rosado, simbolizando la sabidur\u00eda ancestral, cultura y historia del M\u00e9xico ancestral y el mundo maya.<\/figcaption>\n\t\t\t\t\t\t\t\t\t\t<\/figure>\n\t\t\t\t\t\t\t\t\t<\/div>\n\t\t\t\t\t<\/div>\n\t\t\t\t<\/div>\n\t\t<div data-particle_enable=\"false\" data-particle-mobile-disabled=\"false\" class=\"elementor-element elementor-element-bf67d43 e-flex e-con-boxed e-con e-parent\" data-id=\"bf67d43\" data-element_type=\"container\" data-e-type=\"container\">\n\t\t\t\t\t<div class=\"e-con-inner\">\n\t\t\t\t<div class=\"elementor-element elementor-element-2da1df7 elementor-widget elementor-widget-heading\" data-id=\"2da1df7\" data-element_type=\"widget\" data-e-type=\"widget\" data-widget_type=\"heading.default\">\n\t\t\t\t\t<h3 class=\"elementor-heading-title elementor-size-default\">Ixmucan\u00e9 acompa\u00f1a a sus hijos y nietos<\/h3>\t\t\t\t<\/div>\n\t\t\t\t\t<\/div>\n\t\t\t\t<\/div>\n\t\t<div data-particle_enable=\"false\" data-particle-mobile-disabled=\"false\" class=\"elementor-element elementor-element-c30a982 e-flex e-con-boxed e-con e-parent\" data-id=\"c30a982\" data-element_type=\"container\" data-e-type=\"container\">\n\t\t\t\t\t<div class=\"e-con-inner\">\n\t\t\t\t<div class=\"elementor-element elementor-element-5ba8718 elementor-widget elementor-widget-text-editor\" data-id=\"5ba8718\" data-element_type=\"widget\" data-e-type=\"widget\" data-widget_type=\"text-editor.default\">\n\t\t\t\t\t\t\t\t\t<p>Ixmucan\u00e9 es la madre de <a href=\"https:\/\/soymigrante.com\/revista\/personajes-del-popol-vuh-hun-hunahpu-y-vucub-hunahpu-los-primeros-hermanos\/\">Hun Hunahp\u00fa y de Vucub Hunahp<\/a>\u00fa, los primeros hermanos y primeros jugadores de pelota maya.\u00a0 Cuando <a href=\"https:\/\/soymigrante.com\/revista\/personajes-del-popol-vuh-los-senores-de-xibalba-el-inframundo-maya\/\">los se\u00f1ores de Xibalb\u00e1<\/a> env\u00edan emisarios para invitarlos a ir al inframundo, ella llora, se preocupa.<\/p><p><i>&#8220;Entonces\u00a0\u00a0se fueron a su casa y le dijeron a su madre, porque ya estaba\u00a0muerto su padre: &#8216;Madre, nosotros vamos&#8230; La pelota de hule la\u00a0fueron a colgar en el tapanco de la casa, y volviendo dijeron:\u00a0\u201cVolveremos a jugar\u201d.\u00a0 A sus hijos, <a href=\"https:\/\/soymigrante.com\/revista\/personajes-del-popol-vuh-hun-batz-y-hun-chouen-son-convertidos-en-monos-por-envidiosos\/\">Hun Batz y Hun Chouen<\/a>,\u00a0les dijeron: \u201cEntret\u00e9nganse en tocar la flauta, en\u00a0cantar, en pintar&#8230;qu\u00e9dense y den calor a nuestra casa, den calorel coraz\u00f3n de la abuela\u201d.\u00a0<\/i><\/p><p><i>Avisando esto, estaba muy tierno el coraz\u00f3n de su madre Ixmucan\u00e9\u00a0y lloraba. &#8216;No llores, no te aflijas&#8217;, le dijeron. \u201cNosotros\u00a0vamos, no moriremos\u201d; y entonces <a href=\"https:\/\/soymigrante.com\/revista\/personajes-del-popol-vuh-hun-hunahpu-y-vucub-hunahpu-los-primeros-hermanos\/\">se fueron Hun Hunahp\u00fa\u00a0y Vucub Hunahp\u00fa&#8221;.<\/a><\/i><\/p>\t\t\t\t\t\t\t\t<\/div>\n\t\t\t\t\t<\/div>\n\t\t\t\t<\/div>\n\t\t<div data-particle_enable=\"false\" data-particle-mobile-disabled=\"false\" class=\"elementor-element elementor-element-fcd0890 e-flex e-con-boxed e-con e-parent\" data-id=\"fcd0890\" data-element_type=\"container\" data-e-type=\"container\">\n\t\t\t\t\t<div class=\"e-con-inner\">\n\t\t\t\t<div class=\"elementor-element elementor-element-799b0cd elementor-widget elementor-widget-image\" data-id=\"799b0cd\" data-element_type=\"widget\" data-e-type=\"widget\" data-widget_type=\"image.default\">\n\t\t\t\t\t\t\t\t\t\t\t\t<figure class=\"wp-caption\">\n\t\t\t\t\t\t\t\t\t\t<img decoding=\"async\" width=\"1024\" height=\"576\" src=\"https:\/\/soymigrante.com\/revista\/wp-content\/uploads\/2025\/08\/ixmucane-madre-y-abuela-popol-vuh-1024x576.png\" class=\"attachment-large size-large wp-image-42502\" alt=\"Anciana ind\u00edgena en un paisaje rural al atardecer, con monta\u00f1as y mujeres en trajes tradicionales en el fondo, simbolizando la cultura y las tradiciones de los pueblos originarios.\" srcset=\"https:\/\/soymigrante.com\/revista\/wp-content\/uploads\/2025\/08\/ixmucane-madre-y-abuela-popol-vuh-1024x576.png 1024w, https:\/\/soymigrante.com\/revista\/wp-content\/uploads\/2025\/08\/ixmucane-madre-y-abuela-popol-vuh-300x169.png 300w, https:\/\/soymigrante.com\/revista\/wp-content\/uploads\/2025\/08\/ixmucane-madre-y-abuela-popol-vuh-768x432.png 768w, https:\/\/soymigrante.com\/revista\/wp-content\/uploads\/2025\/08\/ixmucane-madre-y-abuela-popol-vuh-1536x864.png 1536w, https:\/\/soymigrante.com\/revista\/wp-content\/uploads\/2025\/08\/ixmucane-madre-y-abuela-popol-vuh-2048x1152.png 2048w, https:\/\/soymigrante.com\/revista\/wp-content\/uploads\/2025\/08\/ixmucane-madre-y-abuela-popol-vuh-750x422.webp 750w, https:\/\/soymigrante.com\/revista\/wp-content\/uploads\/2025\/08\/ixmucane-madre-y-abuela-popol-vuh-1140x641.webp 1140w, https:\/\/soymigrante.com\/revista\/wp-content\/uploads\/2025\/08\/ixmucane-madre-y-abuela-popol-vuh-scaled.webp 1920w\" sizes=\"(max-width: 1024px) 100vw, 1024px\" title=\"El Popol Vuh relata c\u00f3mo Ixmucan\u00e9 ses preocupa y llora cuando parten sus hijos Hun Hunahp\u00fa y Vucub Hunahp\u00fa para enfrentar a los se\u00f1ores del inframundo. Despu\u00e9s, vuelve a angustiarse cuando los se\u00f1ores oscuros retan a sus nietos, Hunahpu e Ixbalanqu\u00e9. (Imagen generada con IA, con base en textos del Popol Wuj, libro sagrado de los mayas) \u2013 SoyMigrante.com REVISTA\" \/>\t\t\t\t\t\t\t\t\t\t\t<figcaption class=\"widget-image-caption wp-caption-text\">Mujer ind\u00edgena en un paisaje del atardecer con monta\u00f1as y mujeres en trajes tradicionales en el fondo, reflejando la cultura ind\u00edgena y la vida rural.<\/figcaption>\n\t\t\t\t\t\t\t\t\t\t<\/figure>\n\t\t\t\t\t\t\t\t\t<\/div>\n\t\t\t\t\t<\/div>\n\t\t\t\t<\/div>\n\t\t<div data-particle_enable=\"false\" data-particle-mobile-disabled=\"false\" class=\"elementor-element elementor-element-3da992b e-flex e-con-boxed e-con e-parent\" data-id=\"3da992b\" data-element_type=\"container\" data-e-type=\"container\">\n\t\t\t\t\t<div class=\"e-con-inner\">\n\t\t\t\t<div class=\"elementor-element elementor-element-8cbfba5 elementor-widget elementor-widget-heading\" data-id=\"8cbfba5\" data-element_type=\"widget\" data-e-type=\"widget\" data-widget_type=\"heading.default\">\n\t\t\t\t\t<h3 class=\"elementor-heading-title elementor-size-default\">Ixmucan\u00e9 es guardiana del linaje sagrado <\/h3>\t\t\t\t<\/div>\n\t\t\t\t\t<\/div>\n\t\t\t\t<\/div>\n\t\t<div data-particle_enable=\"false\" data-particle-mobile-disabled=\"false\" class=\"elementor-element elementor-element-c17d43f e-flex e-con-boxed e-con e-parent\" data-id=\"c17d43f\" data-element_type=\"container\" data-e-type=\"container\">\n\t\t\t\t\t<div class=\"e-con-inner\">\n\t\t\t\t<div class=\"elementor-element elementor-element-11f62a2 elementor-widget elementor-widget-text-editor\" data-id=\"11f62a2\" data-element_type=\"widget\" data-e-type=\"widget\" data-widget_type=\"text-editor.default\">\n\t\t\t\t\t\t\t\t\t<p><a href=\"https:\/\/soymigrante.com\/revista\/personajes-del-popol-vuh-hun-hunahpu-y-vucub-hunahpu-los-primeros-hermanos\/\">Los primeros hermanos son derrotados<\/a>&nbsp;por los <a href=\"https:\/\/soymigrante.com\/revista\/personajes-del-popol-vuh-los-senores-de-xibalba-el-inframundo-maya\/\">se\u00f1ores de Xibalb\u00e1<\/a> y mueren. Ixmucan\u00e9 queda como la matriarca del linaje, portadora de la memoria y guardiana de la vida pues como dice el texto, el abuelo<a href=\"https:\/\/soymigrante.com\/revista\/personajes-del-popol-vuh-xpiyacoc-el-primer-y-gran-abuelo\/\"> Xpiyacoc<\/a> ya hab\u00eda muerto.<\/p>\n<p>Cuando<a href=\"https:\/\/soymigrante.com\/revista\/personajes-del-popol-vuh-la-princesa-ixquic-del-inframundo-a-la-vida\/\"> la princesa Ixquic<\/a> escapa de <a href=\"https:\/\/soymigrante.com\/revista\/personajes-del-popol-vuh-los-senores-de-xibalba-el-inframundo-maya\/\">Xibalb\u00e1<\/a> llega a buscar a la abuela. Ixquic iba embarazada de <a href=\"https:\/\/soymigrante.com\/revista\/personajes-del-popol-vuh-hunahpu-e-ixbalanque-los-heroes-gemelos\/\">los gemelos h\u00e9roes Hunahp\u00fa e Ixbalanqu\u00e9,<\/a> hijos de Hun Hunahp\u00fa. Al inicio, la abuela&nbsp; la recibe con desconfianza.<\/p>\n<p><i>\u201cNo es verdad lo que dices. Anda, vete; no eres la madre de mis nietos.\u201d&nbsp;<\/i><\/p>\n<p>Solo despu\u00e9s de que<a href=\"https:\/\/soymigrante.com\/revista\/personajes-del-popol-vuh-la-princesa-ixquic-del-inframundo-a-la-vida\/\"> Ixquic<\/a> supera la prueba de llenar una red con mazorcas de ma\u00edz recogidas milagrosamente de una sola milpa, Ixmucan\u00e9 acepta la verdad y la recibe:<\/p>\n<p><i>\u201cVerdaderamente son mis nietos, y t\u00fa eres su madre.\u201d&nbsp;<\/i><\/p>\n<p>A partir de entonces,&nbsp; Ixmucan\u00e9 figura se convierte en sost\u00e9n silencioso y consejera de los h\u00e9roes en su lucha contra los <a href=\"https:\/\/soymigrante.com\/revista\/personajes-del-popol-vuh-los-senores-de-xibalba-el-inframundo-maya\/\">se\u00f1ores de Xibalb\u00e1.<\/a>&nbsp;<\/p>\t\t\t\t\t\t\t\t<\/div>\n\t\t\t\t\t<\/div>\n\t\t\t\t<\/div>\n\t\t<div data-particle_enable=\"false\" data-particle-mobile-disabled=\"false\" class=\"elementor-element elementor-element-ff3a1ca e-flex e-con-boxed e-con e-parent\" data-id=\"ff3a1ca\" data-element_type=\"container\" data-e-type=\"container\">\n\t\t\t\t\t<div class=\"e-con-inner\">\n\t\t\t\t<div class=\"elementor-element elementor-element-6060add elementor-widget elementor-widget-image\" data-id=\"6060add\" data-element_type=\"widget\" data-e-type=\"widget\" data-widget_type=\"image.default\">\n\t\t\t\t\t\t\t\t\t\t\t\t<figure class=\"wp-caption\">\n\t\t\t\t\t\t\t\t\t\t<img decoding=\"async\" width=\"1024\" height=\"576\" src=\"https:\/\/soymigrante.com\/revista\/wp-content\/uploads\/2025\/08\/abuela-ixmucane-6-1024x576.png\" class=\"attachment-large size-large wp-image-42503\" alt=\"Anciana ind\u00edgena cosechando ma\u00edz en un campo de cultivo, reflejando tradici\u00f3n y cultura rural en Am\u00e9rica Latina.\" srcset=\"https:\/\/soymigrante.com\/revista\/wp-content\/uploads\/2025\/08\/abuela-ixmucane-6-1024x576.png 1024w, https:\/\/soymigrante.com\/revista\/wp-content\/uploads\/2025\/08\/abuela-ixmucane-6-300x169.png 300w, https:\/\/soymigrante.com\/revista\/wp-content\/uploads\/2025\/08\/abuela-ixmucane-6-768x432.png 768w, https:\/\/soymigrante.com\/revista\/wp-content\/uploads\/2025\/08\/abuela-ixmucane-6-1536x864.png 1536w, https:\/\/soymigrante.com\/revista\/wp-content\/uploads\/2025\/08\/abuela-ixmucane-6-750x422.png 750w, https:\/\/soymigrante.com\/revista\/wp-content\/uploads\/2025\/08\/abuela-ixmucane-6-1140x641.png 1140w, https:\/\/soymigrante.com\/revista\/wp-content\/uploads\/2025\/08\/abuela-ixmucane-6.webp 1820w\" sizes=\"(max-width: 1024px) 100vw, 1024px\" title=\"La abuela Ixmucan\u00e9 recibe y cuida a la princes Ixquic, quien da a luz a los gemelos h\u00e9roes Hunahp\u00fa e Ixbalanqu\u00e9. (Imagen generada con IA a partir de textos del Popol Wuj, libro sagrado de los mayas) \u2013 SoyMigrante.com REVISTA\" \/>\t\t\t\t\t\t\t\t\t\t\t<figcaption class=\"widget-image-caption wp-caption-text\">Mujer embarazada en un campo de ma\u00edz, simbolizando la fertilidad y el legado cultural de las comunidades originarias.<\/figcaption>\n\t\t\t\t\t\t\t\t\t\t<\/figure>\n\t\t\t\t\t\t\t\t\t<\/div>\n\t\t\t\t\t<\/div>\n\t\t\t\t<\/div>\n\t\t<div data-particle_enable=\"false\" data-particle-mobile-disabled=\"false\" class=\"elementor-element elementor-element-845a909 e-flex e-con-boxed e-con e-parent\" data-id=\"845a909\" data-element_type=\"container\" data-e-type=\"container\">\n\t\t\t\t\t<div class=\"e-con-inner\">\n\t\t\t\t<div class=\"elementor-element elementor-element-39f5116 elementor-widget elementor-widget-heading\" data-id=\"39f5116\" data-element_type=\"widget\" data-e-type=\"widget\" data-widget_type=\"heading.default\">\n\t\t\t\t\t<h3 class=\"elementor-heading-title elementor-size-default\">Ixmucan\u00e9 se angustia ante un nuevo reto del inframundo<\/h3>\t\t\t\t<\/div>\n\t\t\t\t\t<\/div>\n\t\t\t\t<\/div>\n\t\t<div data-particle_enable=\"false\" data-particle-mobile-disabled=\"false\" class=\"elementor-element elementor-element-eaa496c e-flex e-con-boxed e-con e-parent\" data-id=\"eaa496c\" data-element_type=\"container\" data-e-type=\"container\">\n\t\t\t\t\t<div class=\"e-con-inner\">\n\t\t\t\t<div class=\"elementor-element elementor-element-4d0d8ca elementor-widget elementor-widget-text-editor\" data-id=\"4d0d8ca\" data-element_type=\"widget\" data-e-type=\"widget\" data-widget_type=\"text-editor.default\">\n\t\t\t\t\t\t\t\t\t<p>Ixmucan\u00e9 recibe a los mensajeros, enviados otra vez por<a href=\"https:\/\/soymigrante.com\/revista\/personajes-del-popol-vuh-los-senores-de-xibalba-el-inframundo-maya\/\"> los se\u00f1ores del Inframundo<\/a> para invitar a <a href=\"https:\/\/soymigrante.com\/revista\/personajes-del-popol-vuh-hunahpu-e-ixbalanque-los-heroes-gemelos\/\">Hunahp\u00fa e Ixbalanqu\u00e9<\/a>, sus nietos.<\/p><p><i>&#8220;Ixmucan\u00e9 estaba lavando cuando llegaron los mensajeros de<br \/>Xibalb\u00e1, y dijeron: &#8216;Dicen los Se\u00f1ores que vengan los muchachos a Xibalb\u00e1, y este t\u00e9rmino les dan de siete d\u00edas en que los\u00a0esperan&#8217;. Esto le fue dicho a Xmucan\u00e9. Est\u00e1 bien, dijo ella, ir\u00e1n all\u00e1\u2026 ir\u00e1n all\u00e1, se\u00f1ores mensajeros\u201d&#8230;<\/i><\/p><p><i>Se afligi\u00f3 la abuela: \u201c\u00bfC\u00f3mo enviar\u00e9 a llamar a mis nietos?, \u00bfqu\u00e9 dir\u00e9 tocante a su llamada?, de verdad,\u00a0as\u00ed vinieron los mensajeros antiguamente cuando vinieron\u00a0por sus padres\u201d, dijo la vieja, muy tierna, se entr\u00f3 en su casa\u00a0ella sola&#8221;.<\/i><\/p><p>Pero a\u00fan a pesar de su preocupaci\u00f3n, Ixmucan\u00e9 envi\u00f3 el aviso a sus nietos Hunahp\u00fa e Ixbalanqu\u00e9 con ayuda de un piojo; el piojo iba lento y fue ayudado por un sapo, que lo trag\u00f3. Al sapo lo trag\u00f3 una culebra. Y la culebra fue llevada por un p\u00e1jaro. As\u00ed lleg\u00f3 el reto de <a href=\"https:\/\/soymigrante.com\/revista\/personajes-del-popol-vuh-los-senores-de-xibalba-el-inframundo-maya\/\">Xibalb\u00e1<\/a> a los <a href=\"https:\/\/soymigrante.com\/revista\/personajes-del-popol-vuh-hunahpu-e-ixbalanque-los-heroes-gemelos\/\">h\u00e9roes gemelos, que lograron derrotar al inframundo.\u00a0<\/a><\/p>\t\t\t\t\t\t\t\t<\/div>\n\t\t\t\t\t<\/div>\n\t\t\t\t<\/div>\n\t\t<div data-particle_enable=\"false\" data-particle-mobile-disabled=\"false\" class=\"elementor-element elementor-element-02e36d0 e-flex e-con-boxed e-con e-parent\" data-id=\"02e36d0\" data-element_type=\"container\" data-e-type=\"container\">\n\t\t\t\t\t<div class=\"e-con-inner\">\n\t\t\t\t<div class=\"elementor-element elementor-element-4f1e8b2 elementor-widget elementor-widget-image\" data-id=\"4f1e8b2\" data-element_type=\"widget\" data-e-type=\"widget\" data-widget_type=\"image.default\">\n\t\t\t\t\t\t\t\t\t\t\t\t<figure class=\"wp-caption\">\n\t\t\t\t\t\t\t\t\t\t<img loading=\"lazy\" decoding=\"async\" width=\"1024\" height=\"559\" src=\"https:\/\/soymigrante.com\/revista\/wp-content\/uploads\/2025\/08\/ixmucane-abuela-popol-vuh-1024x559.png\" class=\"attachment-large size-large wp-image-42504\" alt=\"Anciana ind\u00edgena cultivando ma\u00edz bajo un cielo estrellado, representando la cultura y tradici\u00f3n mexicana en el campo con simbolismo de esperanza y ra\u00edces ancestrales.\" srcset=\"https:\/\/soymigrante.com\/revista\/wp-content\/uploads\/2025\/08\/ixmucane-abuela-popol-vuh-1024x559.png 1024w, https:\/\/soymigrante.com\/revista\/wp-content\/uploads\/2025\/08\/ixmucane-abuela-popol-vuh-300x164.png 300w, https:\/\/soymigrante.com\/revista\/wp-content\/uploads\/2025\/08\/ixmucane-abuela-popol-vuh-768x419.png 768w, https:\/\/soymigrante.com\/revista\/wp-content\/uploads\/2025\/08\/ixmucane-abuela-popol-vuh-750x409.png 750w, https:\/\/soymigrante.com\/revista\/wp-content\/uploads\/2025\/08\/ixmucane-abuela-popol-vuh-1140x622.png 1140w, https:\/\/soymigrante.com\/revista\/wp-content\/uploads\/2025\/08\/ixmucane-abuela-popol-vuh.webp 1408w\" sizes=\"(max-width: 1024px) 100vw, 1024px\" title=\"Ixmucan\u00e9 es madre de Hun Hunahp\u00fa y abuela de los gemelos Hunahp\u00fa e Ixbalanqu\u00e9. Pero tambi\u00e9n es procreadora de la vida, al haberse encargado de moler los granos de ma\u00edz blanco y amarillo para crear la masa con la cual los dioses creadores formaron a los Hombres de Ma\u00edz. (Imagen generada con IA a partir de textos del Popol Vuh) \u2013 SoyMigrante.com REVISTA\" \/>\t\t\t\t\t\t\t\t\t\t\t<figcaption class=\"widget-image-caption wp-caption-text\">Mujer ind\u00edgena en el campo cultivando ma\u00edz bajo un cielo estrellado, reflejando la riqueza cultural y el trabajo agr\u00edcola tradicional en M\u00e9xico.<\/figcaption>\n\t\t\t\t\t\t\t\t\t\t<\/figure>\n\t\t\t\t\t\t\t\t\t<\/div>\n\t\t\t\t\t<\/div>\n\t\t\t\t<\/div>\n\t\t<div data-particle_enable=\"false\" data-particle-mobile-disabled=\"false\" class=\"elementor-element elementor-element-a4a588e e-flex e-con-boxed e-con e-parent\" data-id=\"a4a588e\" data-element_type=\"container\" data-e-type=\"container\">\n\t\t\t\t\t<div class=\"e-con-inner\">\n\t\t\t\t<div class=\"elementor-element elementor-element-6f26827 elementor-widget elementor-widget-heading\" data-id=\"6f26827\" data-element_type=\"widget\" data-e-type=\"widget\" data-widget_type=\"heading.default\">\n\t\t\t\t\t<h3 class=\"elementor-heading-title elementor-size-default\">Ixmucan\u00e9 prepara la masa de los hombres de ma\u00edz<\/h3>\t\t\t\t<\/div>\n\t\t\t\t\t<\/div>\n\t\t\t\t<\/div>\n\t\t<div data-particle_enable=\"false\" data-particle-mobile-disabled=\"false\" class=\"elementor-element elementor-element-5b3a20b e-flex e-con-boxed e-con e-parent\" data-id=\"5b3a20b\" data-element_type=\"container\" data-e-type=\"container\">\n\t\t\t\t\t<div class=\"e-con-inner\">\n\t\t\t\t<div class=\"elementor-element elementor-element-3617bef elementor-widget elementor-widget-text-editor\" data-id=\"3617bef\" data-element_type=\"widget\" data-e-type=\"widget\" data-widget_type=\"text-editor.default\">\n\t\t\t\t\t\t\t\t\t<p>Ixmucan\u00e9 tambi\u00e9n desempe\u00f1a un papel fundamental en la creaci\u00f3n de la humanidad. Es ella quien muele el ma\u00edz amarillo y blanco para formar la carne y la sangre de los primeros hombres:<\/p><p><i>\u201cY moli\u00f3 la abuela Ixmucan\u00e9 nueve c\u00e1ntaros de ma\u00edz amarillo y de ma\u00edz blanco, y de all\u00ed sali\u00f3 la carne y la sangre del hombre.\u201d\u00a0<\/i><\/p><p>De este modo, Ixmucan\u00e9 no es solo abuela de los grandes h\u00e9roes que derrotaron a Xiubalb\u00e1, sino madre de la humanidad entera, pues sus manos dieron forma al hombre de ma\u00edz, fundamento de la vida y de la cosmovisi\u00f3n maya. Ixmucan\u00e9 encarna la madre tierra, la semilla y la cosecha; es s\u00edmbolo de sabidur\u00eda, alimento de la tierra y protecci\u00f3n. Su amor y abnegaci\u00f3n sostienen toda una epopeya.<\/p>\t\t\t\t\t\t\t\t<\/div>\n\t\t\t\t\t<\/div>\n\t\t\t\t<\/div>\n\t\t<div data-particle_enable=\"false\" data-particle-mobile-disabled=\"false\" class=\"elementor-element elementor-element-15515c5 e-flex e-con-boxed e-con e-parent\" data-id=\"15515c5\" data-element_type=\"container\" data-e-type=\"container\">\n\t\t\t\t\t<div class=\"e-con-inner\">\n\t\t\t\t<div class=\"elementor-element elementor-element-1738373 elementor-widget elementor-widget-video\" data-id=\"1738373\" data-element_type=\"widget\" data-e-type=\"widget\" data-settings=\"{&quot;video_type&quot;:&quot;hosted&quot;,&quot;mute&quot;:&quot;yes&quot;,&quot;controls&quot;:&quot;yes&quot;}\" data-widget_type=\"video.default\">\n\t\t\t\t\t\t\t<div class=\"e-hosted-video elementor-wrapper elementor-open-inline\">\n\t\t\t\t\t<video class=\"elementor-video\" src=\"https:\/\/soymigrante.com\/revista\/wp-content\/uploads\/2025\/08\/abuela-ixmucane-1.mp4\" controls=\"\" preload=\"metadata\" muted=\"muted\" controlsList=\"nodownload\"><\/video>\n\t\t\t\t<\/div>\n\t\t\t\t\t\t<\/div>\n\t\t\t\t\t<\/div>\n\t\t\t\t<\/div>\n\t\t<div data-particle_enable=\"false\" data-particle-mobile-disabled=\"false\" class=\"elementor-element elementor-element-ad42628 e-flex e-con-boxed e-con e-parent\" data-id=\"ad42628\" data-element_type=\"container\" data-e-type=\"container\">\n\t\t\t\t\t<div class=\"e-con-inner\">\n\t\t\t\t<div class=\"elementor-element elementor-element-7e45a35 elementor-widget elementor-widget-heading\" data-id=\"7e45a35\" data-element_type=\"widget\" data-e-type=\"widget\" data-widget_type=\"heading.default\">\n\t\t\t\t\t<h2 class=\"elementor-heading-title elementor-size-default\">Apasionante cosmovisi\u00f3n en el libro sagrado maya<\/h2>\t\t\t\t<\/div>\n\t\t\t\t\t<\/div>\n\t\t\t\t<\/div>\n\t\t<div data-particle_enable=\"false\" data-particle-mobile-disabled=\"false\" class=\"elementor-element elementor-element-47ca1f3 e-flex e-con-boxed e-con e-parent\" data-id=\"47ca1f3\" data-element_type=\"container\" data-e-type=\"container\">\n\t\t\t\t\t<div class=\"e-con-inner\">\n\t\t\t\t<div class=\"elementor-element elementor-element-24dee0c elementor-grid-eael-col-3 elementor-grid-tablet-eael-col-2 elementor-grid-mobile-eael-col-1 elementor-invisible elementor-widget elementor-widget-eael-post-grid\" data-id=\"24dee0c\" data-element_type=\"widget\" data-e-type=\"widget\" data-settings=\"{&quot;eael_post_grid_columns&quot;:&quot;eael-col-3&quot;,&quot;_animation&quot;:&quot;rollIn&quot;,&quot;eael_post_grid_columns_tablet&quot;:&quot;eael-col-2&quot;,&quot;eael_post_grid_columns_mobile&quot;:&quot;eael-col-1&quot;}\" data-widget_type=\"eael-post-grid.default\">\n\t\t\t\t\t<div id=\"eael-post-grid-24dee0c\" class=\"eael-post-grid-container\">\n            <div class=\"eael-post-grid eael-post-appender eael-post-appender-24dee0c eael-post-grid-style-one\" data-layout-mode=\"masonry\"><article class=\"eael-grid-post  eael-post-grid-column eael-pg-post-39092 category-guate-nuestra tags-personajes-del-popol-vuh\" data-id=\"39092\">\n        <div class=\"eael-grid-post-holder\">\n            <div class=\"eael-grid-post-holder-inner\"><div class=\"eael-entry-media\"><div class=\"eael-entry-overlay fade-in\"><i class=\"far fa-hand-pointer\" aria-hidden=\"true\"><\/i><a href=\"https:\/\/soymigrante.com\/revista\/personajes-del-popol-vuh-el-gran-zipacna\/\"><\/a><\/div><div class=\"eael-entry-thumbnail \">\n                <img loading=\"lazy\" decoding=\"async\" width=\"591\" height=\"591\" src=\"https:\/\/soymigrante.com\/revista\/wp-content\/uploads\/2025\/07\/popol-vuh-personajes-zipacna-c.webp\" class=\"attachment-large size-large wp-image-39101\" alt=\"M\u00e1scara tradicional ind\u00edgena con figura m\u00edstica, simbolizando cultura ancestral y conexi\u00f3n con la naturaleza en Am\u00e9rica Latina.\" srcset=\"https:\/\/soymigrante.com\/revista\/wp-content\/uploads\/2025\/07\/popol-vuh-personajes-zipacna-c.webp 591w, https:\/\/soymigrante.com\/revista\/wp-content\/uploads\/2025\/07\/popol-vuh-personajes-zipacna-c-300x300.jpg 300w, https:\/\/soymigrante.com\/revista\/wp-content\/uploads\/2025\/07\/popol-vuh-personajes-zipacna-c-150x150.jpg 150w, https:\/\/soymigrante.com\/revista\/wp-content\/uploads\/2025\/07\/popol-vuh-personajes-zipacna-c-75x75.webp 75w\" sizes=\"(max-width: 591px) 100vw, 591px\" \/>\n            <\/div>\n        <\/div><div class=\"eael-entry-wrapper\"><header class=\"eael-entry-header\"><h2 class=\"eael-entry-title\"><a class=\"eael-grid-post-link\" href=\"https:\/\/soymigrante.com\/revista\/personajes-del-popol-vuh-el-gran-zipacna\/\" title=\"El poderoso Zipacn\u00e1 tambi\u00e9n produce sismos y derrumbes, seg\u00fan el Popol Vuh\">El poderoso Zipacn\u00e1 tambi\u00e9n produce sismos y derrumbes, seg\u00fan el Popol Vuh<\/a><\/h2><\/header><div class=\"eael-entry-content\">\n                        <div class=\"eael-grid-post-excerpt\"><a href=\"https:\/\/soymigrante.com\/revista\/personajes-del-popol-vuh-el-gran-zipacna\/\" class=\"eael-post-elements-readmore-btn\">CONOCE SU HISTORIA <\/a><\/div>\n                    <\/div><\/div><\/div>\n        <\/div>\n    <\/article><article class=\"eael-grid-post  eael-post-grid-column eael-pg-post-39432 category-guate-nuestra tags-personajes-del-popol-vuh\" data-id=\"39432\">\n        <div class=\"eael-grid-post-holder\">\n            <div class=\"eael-grid-post-holder-inner\"><div class=\"eael-entry-media\"><div class=\"eael-entry-overlay fade-in\"><i class=\"far fa-hand-pointer\" aria-hidden=\"true\"><\/i><a href=\"https:\/\/soymigrante.com\/revista\/personajes-del-popol-vuh-la-derrota-del-soberbio-vucub-caquix\/\"><\/a><\/div><div class=\"eael-entry-thumbnail \">\n                <img loading=\"lazy\" decoding=\"async\" width=\"696\" height=\"696\" src=\"https:\/\/soymigrante.com\/revista\/wp-content\/uploads\/2025\/07\/popol-vuh-personajes-vucub-caquix-5.webp\" class=\"attachment-large size-large wp-image-39465\" alt=\"Viento con ave mitol\u00f3gica azteca, arte digital de cultura ind\u00edgena mexicana en estilo fantasioso y mitol\u00f3gico.\" srcset=\"https:\/\/soymigrante.com\/revista\/wp-content\/uploads\/2025\/07\/popol-vuh-personajes-vucub-caquix-5.webp 696w, https:\/\/soymigrante.com\/revista\/wp-content\/uploads\/2025\/07\/popol-vuh-personajes-vucub-caquix-5-300x300.jpg 300w, https:\/\/soymigrante.com\/revista\/wp-content\/uploads\/2025\/07\/popol-vuh-personajes-vucub-caquix-5-150x150.jpg 150w, https:\/\/soymigrante.com\/revista\/wp-content\/uploads\/2025\/07\/popol-vuh-personajes-vucub-caquix-5-75x75.webp 75w\" sizes=\"(max-width: 696px) 100vw, 696px\" \/>\n            <\/div>\n        <\/div><div class=\"eael-entry-wrapper\"><header class=\"eael-entry-header\"><h2 class=\"eael-entry-title\"><a class=\"eael-grid-post-link\" href=\"https:\/\/soymigrante.com\/revista\/personajes-del-popol-vuh-la-derrota-del-soberbio-vucub-caquix\/\" title=\"Personajes del Popol Vuh: la derrota del soberbio Vucub Caquix, padre de Cabrak\u00e1n y Zipacn\u00e1\">Personajes del Popol Vuh: la derrota del soberbio Vucub Caquix, padre de Cabrak\u00e1n y Zipacn\u00e1<\/a><\/h2><\/header><div class=\"eael-entry-content\">\n                        <div class=\"eael-grid-post-excerpt\"><a href=\"https:\/\/soymigrante.com\/revista\/personajes-del-popol-vuh-la-derrota-del-soberbio-vucub-caquix\/\" class=\"eael-post-elements-readmore-btn\">CONOCE SU HISTORIA <\/a><\/div>\n                    <\/div><\/div><\/div>\n        <\/div>\n    <\/article><article class=\"eael-grid-post  eael-post-grid-column eael-pg-post-41986 category-guate-nuestra tags-personajes-del-popol-vuh\" data-id=\"41986\">\n        <div class=\"eael-grid-post-holder\">\n            <div class=\"eael-grid-post-holder-inner\"><div class=\"eael-entry-media\"><div class=\"eael-entry-overlay fade-in\"><i class=\"far fa-hand-pointer\" aria-hidden=\"true\"><\/i><a href=\"https:\/\/soymigrante.com\/revista\/personajes-del-popol-vuh-los-senores-de-xibalba-el-inframundo-maya\/\"><\/a><\/div><div class=\"eael-entry-thumbnail \">\n                <img loading=\"lazy\" decoding=\"async\" width=\"919\" height=\"929\" src=\"https:\/\/soymigrante.com\/revista\/wp-content\/uploads\/2025\/08\/popol-vuh-wuj-personajes-senores-de-Xibalba-soymigrante-6.webp\" class=\"attachment-large size-large wp-image-41992\" alt=\"Ancestros ind\u00edgenas mayas con vestimentas tradicionales y rasgos de animales con m\u00e1scara en una escena cultural en la selva.\" srcset=\"https:\/\/soymigrante.com\/revista\/wp-content\/uploads\/2025\/08\/popol-vuh-wuj-personajes-senores-de-Xibalba-soymigrante-6.webp 919w, https:\/\/soymigrante.com\/revista\/wp-content\/uploads\/2025\/08\/popol-vuh-wuj-personajes-senores-de-Xibalba-soymigrante-6-297x300.jpg 297w, https:\/\/soymigrante.com\/revista\/wp-content\/uploads\/2025\/08\/popol-vuh-wuj-personajes-senores-de-Xibalba-soymigrante-6-768x776.jpg 768w, https:\/\/soymigrante.com\/revista\/wp-content\/uploads\/2025\/08\/popol-vuh-wuj-personajes-senores-de-Xibalba-soymigrante-6-75x75.webp 75w, https:\/\/soymigrante.com\/revista\/wp-content\/uploads\/2025\/08\/popol-vuh-wuj-personajes-senores-de-Xibalba-soymigrante-6-750x758.webp 750w\" sizes=\"(max-width: 919px) 100vw, 919px\" \/>\n            <\/div>\n        <\/div><div class=\"eael-entry-wrapper\"><header class=\"eael-entry-header\"><h2 class=\"eael-entry-title\"><a class=\"eael-grid-post-link\" href=\"https:\/\/soymigrante.com\/revista\/personajes-del-popol-vuh-los-senores-de-xibalba-el-inframundo-maya\/\" title=\"Personajes del Popol Vuh: Los se\u00f1ores de Xibalb\u00e1, el inframundo maya\">Personajes del Popol Vuh: Los se\u00f1ores de Xibalb\u00e1, el inframundo maya<\/a><\/h2><\/header><div class=\"eael-entry-content\">\n                        <div class=\"eael-grid-post-excerpt\"><a href=\"https:\/\/soymigrante.com\/revista\/personajes-del-popol-vuh-los-senores-de-xibalba-el-inframundo-maya\/\" class=\"eael-post-elements-readmore-btn\">CONOCE SU HISTORIA <\/a><\/div>\n                    <\/div><\/div><\/div>\n        <\/div>\n    <\/article><\/div>\n            <div class=\"clearfix\"><\/div>\n        <\/div>            <div class=\"eael-load-more-button-wrap eael-force-hide\">\n                <button class=\"eael-load-more-button\" id=\"eael-load-more-btn-24dee0c\" data-widget-id=\"24dee0c\" data-widget=\"24dee0c\" data-page-id=\"42425\" data-template=\"{&quot;dir&quot;:&quot;lite&quot;,&quot;file_name&quot;:&quot;one.php&quot;,&quot;name&quot;:&quot;Post-Grid&quot;}\" data-class=\"Essential_Addons_Elementor\\Elements\\Post_Grid\" data-layout=\"masonry\" data-page=\"1\" data-args=\"orderby=rand&amp;order=desc&amp;ignore_sticky_posts=1&amp;post_status=publish&amp;posts_per_page=3&amp;offset=0&amp;post_type=post&amp;tax_query%5B0%5D%5Btaxonomy%5D=post_tag&amp;tax_query%5B0%5D%5Bfield%5D=term_id&amp;tax_query%5B0%5D%5Bterms%5D%5B0%5D=257&amp;tax_query%5Brelation%5D=AND\" data-max-page=\"4\">\n                    <span class=\"eael-btn-loader button__loader\"><\/span>\n                    <span class=\"eael_load_more_text\">Load More<\/span>\n                <\/button>\n            <\/div>\n            \t\t\t\t<\/div>\n\t\t\t\t\t<\/div>\n\t\t\t\t<\/div>\n\t\t\t\t<\/div>\n\t\t","protected":false},"excerpt":{"rendered":"<p>Ixmucan\u00e9 es la abuela de los gemelos h\u00e9roes Hunahp\u00fa e Ixbalanqu\u00e9, pero tambi\u00e9n part\u00edcipe de la creaci\u00f3n de los Hombres de Ma\u00edz pues moli\u00f3 los granos de ma\u00edz para preparar la masa. En el coraz\u00f3n del Popol Vuh, libro sagrado de los mayas , la figura de Ixmucan\u00e9 emerge como una de las m\u00e1s entra\u00f1ables [&hellip;]<\/p>\n","protected":false},"author":7,"featured_media":42595,"comment_status":"open","ping_status":"open","sticky":false,"template":"","format":"standard","meta":{"_acf_changed":false,"_eb_attr":"","footnotes":""},"categories":[58],"tags":[257],"class_list":["post-42425","post","type-post","status-publish","format-standard","has-post-thumbnail","hentry","category-guate-nuestra","tag-personajes-del-popol-vuh"],"acf":[],"aioseo_notices":[],"aioseo_head":"\n\t\t<!-- All in One SEO Pro 4.9.6.2 - aioseo.com -->\n\t<meta name=\"description\" content=\"Lugar de tinieblas y miedo bajo tierra: Xibalb\u00e1 era el inframundo maya. Estaba gobernado por Hun Cam\u00e9 y Vucub Cam\u00e9, as\u00ed como otros 10 se\u00f1ores del mal.\" \/>\n\t<meta name=\"robots\" content=\"max-snippet:-1, max-image-preview:large, max-video-preview:-1\" \/>\n\t<meta name=\"author\" content=\"Gustavo Montenegro\"\/>\n\t<link rel=\"canonical\" href=\"https:\/\/soymigrante.com\/revista\/personajes-del-popol-vuh-los-senores-de-xibalba-el-inframundo-maya\/\" \/>\n\t<meta name=\"generator\" content=\"All in One SEO Pro (AIOSEO) 4.9.6.2\" \/>\n\n\t\t<link rel=\"preconnect\" href=\"https:\/\/fonts.googleapis.com\" crossorigin>\n<link rel=\"preconnect\" href=\"https:\/\/fonts.gstatic.com\" crossorigin>\n\t\t<meta property=\"og:locale\" content=\"es_ES\" \/>\n\t\t<meta property=\"og:site_name\" content=\"SoyMigrante.com REVISTA \u2013 Nuestra misi\u00f3n es reconocer y dignificar al migrante.\" \/>\n\t\t<meta property=\"og:type\" content=\"article\" \/>\n\t\t<meta property=\"og:title\" content=\"Personajes del Popol Vuh: los se\u00f1ores de Xibalb\u00e1\" \/>\n\t\t<meta property=\"og:description\" content=\"Lugar de tinieblas y miedo bajo tierra: Xibalb\u00e1 era el inframundo maya. Estaba gobernado por Hun Cam\u00e9 y Vucub Cam\u00e9, as\u00ed como otros 10 se\u00f1ores del mal.\" \/>\n\t\t<meta property=\"og:url\" content=\"https:\/\/soymigrante.com\/revista\/personajes-del-popol-vuh-los-senores-de-xibalba-el-inframundo-maya\/\" \/>\n\t\t<meta property=\"og:image\" content=\"https:\/\/soymigrante.com\/revista\/wp-content\/uploads\/2025\/08\/popol-vuh-wuj-personajes-senores-de-Xibalba-soymigrante-6.webp\" \/>\n\t\t<meta property=\"og:image:secure_url\" content=\"https:\/\/soymigrante.com\/revista\/wp-content\/uploads\/2025\/08\/popol-vuh-wuj-personajes-senores-de-Xibalba-soymigrante-6.webp\" \/>\n\t\t<meta property=\"og:image:width\" content=\"919\" \/>\n\t\t<meta property=\"og:image:height\" content=\"929\" \/>\n\t\t<meta property=\"article:published_time\" content=\"2025-08-13T23:18:11+00:00\" \/>\n\t\t<meta property=\"article:modified_time\" content=\"2025-08-14T01:46:54+00:00\" \/>\n\t\t<meta property=\"article:publisher\" content=\"https:\/\/www.facebook.com\/soymigrantecom\" \/>\n\t\t<meta name=\"twitter:card\" content=\"summary_large_image\" \/>\n\t\t<meta name=\"twitter:site\" content=\"@SoyMigrante_com\" \/>\n\t\t<meta name=\"twitter:title\" content=\"Personajes del Popol Vuh: los se\u00f1ores de Xibalb\u00e1\" \/>\n\t\t<meta name=\"twitter:description\" content=\"Lugar de tinieblas y miedo bajo tierra: Xibalb\u00e1 era el inframundo maya. Estaba gobernado por Hun Cam\u00e9 y Vucub Cam\u00e9, as\u00ed como otros 10 se\u00f1ores del mal.\" \/>\n\t\t<meta name=\"twitter:creator\" content=\"@SoyMigrante_com\" \/>\n\t\t<meta name=\"twitter:image\" content=\"https:\/\/soymigrante.com\/revista\/wp-content\/uploads\/2025\/08\/popol-vuh-wuj-personajes-senores-de-Xibalba-soymigrante-6.webp\" \/>\n\t\t<!-- All in One SEO Pro -->\r\n\t\t<title>Personajes del Popol Vuh: los se\u00f1ores de Xibalb\u00e1<\/title>\n\n","aioseo_head_json":{"title":"Personajes del Popol Vuh: los se\u00f1ores de Xibalb\u00e1","description":"Lugar de tinieblas y miedo bajo tierra: Xibalb\u00e1 era el inframundo maya. Estaba gobernado por Hun Cam\u00e9 y Vucub Cam\u00e9, as\u00ed como otros 10 se\u00f1ores del mal.","canonical_url":"https:\/\/soymigrante.com\/revista\/personajes-del-popol-vuh-los-senores-de-xibalba-el-inframundo-maya\/","robots":"max-snippet:-1, max-image-preview:large, max-video-preview:-1","keywords":"","webmasterTools":{"miscellaneous":"&lt;link rel=\"preconnect\" href=\"https:\/\/fonts.googleapis.com\" crossorigin&gt;\n&lt;link rel=\"preconnect\" href=\"https:\/\/fonts.gstatic.com\" crossorigin&gt;"},"schema":null,"og:locale":"es_ES","og:site_name":"SoyMigrante.com REVISTA \u2013 Nuestra misi\u00f3n es reconocer y dignificar al migrante.","og:type":"article","og:title":"Personajes del Popol Vuh: los se\u00f1ores de Xibalb\u00e1","og:description":"Lugar de tinieblas y miedo bajo tierra: Xibalb\u00e1 era el inframundo maya. Estaba gobernado por Hun Cam\u00e9 y Vucub Cam\u00e9, as\u00ed como otros 10 se\u00f1ores del mal.","og:url":"https:\/\/soymigrante.com\/revista\/personajes-del-popol-vuh-los-senores-de-xibalba-el-inframundo-maya\/","og:image":"https:\/\/soymigrante.com\/revista\/wp-content\/uploads\/2025\/08\/popol-vuh-wuj-personajes-senores-de-Xibalba-soymigrante-6.webp","og:image:secure_url":"https:\/\/soymigrante.com\/revista\/wp-content\/uploads\/2025\/08\/popol-vuh-wuj-personajes-senores-de-Xibalba-soymigrante-6.webp","og:image:width":919,"og:image:height":929,"article:published_time":"2025-08-13T23:18:11+00:00","article:modified_time":"2025-08-14T01:46:54+00:00","article:publisher":"https:\/\/www.facebook.com\/soymigrantecom","twitter:card":"summary_large_image","twitter:site":"@SoyMigrante_com","twitter:title":"Personajes del Popol Vuh: los se\u00f1ores de Xibalb\u00e1","twitter:description":"Lugar de tinieblas y miedo bajo tierra: Xibalb\u00e1 era el inframundo maya. Estaba gobernado por Hun Cam\u00e9 y Vucub Cam\u00e9, as\u00ed como otros 10 se\u00f1ores del mal.","twitter:creator":"@SoyMigrante_com","twitter:image":"https:\/\/soymigrante.com\/revista\/wp-content\/uploads\/2025\/08\/popol-vuh-wuj-personajes-senores-de-Xibalba-soymigrante-6.webp"},"aioseo_meta_data":{"post_id":"42425","title":null,"description":"Madre de Hun Hunahp\u00fa y abuela de los gemelos h\u00e9roes Hunahp\u00fa e Ixbalanqu\u00e9, la abuela Ixmucan\u00e9 prepar\u00f3 la masa con que se hicieron los hombres de ma\u00edz. Conoce m\u00e1s.","keywords":null,"keyphrases":{"focus":{"keyphrase":"Popol Vuh","score":0,"analysis":[]}},"primary_term":null,"canonical_url":null,"og_title":null,"og_description":null,"og_object_type":"default","og_image_type":"default","og_image_url":null,"og_image_width":null,"og_image_height":null,"og_image_custom_url":null,"og_image_custom_fields":null,"og_video":"","og_custom_url":null,"og_article_section":null,"og_article_tags":null,"twitter_use_og":false,"twitter_card":"default","twitter_image_type":"default","twitter_image_url":null,"twitter_image_custom_url":null,"twitter_image_custom_fields":null,"twitter_title":null,"twitter_description":null,"schema":{"blockGraphs":[],"customGraphs":[],"default":{"data":{"Article":[],"Course":[],"Dataset":[],"FAQPage":[],"Movie":[],"Person":[],"Product":[],"ProductReview":[],"Car":[],"Recipe":[],"Service":[],"SoftwareApplication":[],"WebPage":[]},"graphName":"none","isEnabled":true},"graphs":[]},"schema_type":"default","schema_type_options":null,"pillar_content":false,"robots_default":true,"robots_noindex":false,"robots_noarchive":false,"robots_nosnippet":false,"robots_nofollow":false,"robots_noimageindex":false,"robots_noodp":false,"robots_notranslate":false,"robots_max_snippet":"-1","robots_max_videopreview":"-1","robots_max_imagepreview":"large","priority":null,"frequency":"default","local_seo":null,"seo_analyzer_scan_date":"2026-01-12 20:56:24","breadcrumb_settings":null,"limit_modified_date":false,"reviewed_by":"0","open_ai":null,"ai":{"faqs":[],"keyPoints":[],"titles":[],"descriptions":[],"socialPosts":{"email":[],"linkedin":[],"twitter":[],"facebook":[],"instagram":[]}},"created":"2025-08-21 05:19:57","updated":"2026-02-05 04:21:52"},"aioseo_breadcrumb":"<div class=\"aioseo-breadcrumbs\"><span class=\"aioseo-breadcrumb\">\n\t<a href=\"https:\/\/soymigrante.com\/revista\" title=\"Home\">Home<\/a>\n<\/span><span class=\"aioseo-breadcrumb-separator\">\u00bb<\/span><span class=\"aioseo-breadcrumb\">\n\t<a href=\"https:\/\/soymigrante.com\/revista\/category\/guate-nuestra\/\" title=\"Guate Nuestra\">Guate Nuestra<\/a>\n<\/span><span class=\"aioseo-breadcrumb-separator\">\u00bb<\/span><span class=\"aioseo-breadcrumb\">\n\tPersonajes del Popol Vuh: la gran abuela Ixmucan\u00e9\n<\/span><\/div>","aioseo_breadcrumb_json":[{"label":"Home","link":"https:\/\/soymigrante.com\/revista"},{"label":"Guate Nuestra","link":"https:\/\/soymigrante.com\/revista\/category\/guate-nuestra\/"},{"label":"Personajes del Popol Vuh: la gran abuela Ixmucan\u00e9","link":"https:\/\/soymigrante.com\/revista\/personajes-del-popol-vuh-la-gran-abuela-ixmucane\/"}],"_links":{"self":[{"href":"https:\/\/soymigrante.com\/revista\/wp-json\/wp\/v2\/posts\/42425","targetHints":{"allow":["GET"]}}],"collection":[{"href":"https:\/\/soymigrante.com\/revista\/wp-json\/wp\/v2\/posts"}],"about":[{"href":"https:\/\/soymigrante.com\/revista\/wp-json\/wp\/v2\/types\/post"}],"author":[{"embeddable":true,"href":"https:\/\/soymigrante.com\/revista\/wp-json\/wp\/v2\/users\/7"}],"replies":[{"embeddable":true,"href":"https:\/\/soymigrante.com\/revista\/wp-json\/wp\/v2\/comments?post=42425"}],"version-history":[{"count":23,"href":"https:\/\/soymigrante.com\/revista\/wp-json\/wp\/v2\/posts\/42425\/revisions"}],"predecessor-version":[{"id":43198,"href":"https:\/\/soymigrante.com\/revista\/wp-json\/wp\/v2\/posts\/42425\/revisions\/43198"}],"wp:featuredmedia":[{"embeddable":true,"href":"https:\/\/soymigrante.com\/revista\/wp-json\/wp\/v2\/media\/42595"}],"wp:attachment":[{"href":"https:\/\/soymigrante.com\/revista\/wp-json\/wp\/v2\/media?parent=42425"}],"wp:term":[{"taxonomy":"category","embeddable":true,"href":"https:\/\/soymigrante.com\/revista\/wp-json\/wp\/v2\/categories?post=42425"},{"taxonomy":"post_tag","embeddable":true,"href":"https:\/\/soymigrante.com\/revista\/wp-json\/wp\/v2\/tags?post=42425"}],"curies":[{"name":"wp","href":"https:\/\/api.w.org\/{rel}","templated":true}]}}