{"id":42412,"date":"2025-08-21T04:00:00","date_gmt":"2025-08-21T10:00:00","guid":{"rendered":"https:\/\/soymigrante.com\/revista\/?p=42412"},"modified":"2025-08-22T10:12:06","modified_gmt":"2025-08-22T16:12:06","slug":"cafe-pineda-cultivado-en-las-montanas-de-santa-rosa-por-4-generaciones","status":"publish","type":"post","link":"https:\/\/soymigrante.com\/revista\/cafe-pineda-cultivado-en-las-montanas-de-santa-rosa-por-4-generaciones\/","title":{"rendered":"Caf\u00e9 Pineda, cultivado en las monta\u00f1as de Santa Rosa por 4 generaciones, est\u00e1 en MERCADO"},"content":{"rendered":"\t\t<div data-elementor-type=\"wp-post\" data-elementor-id=\"42412\" class=\"elementor elementor-42412\" data-elementor-post-type=\"post\">\n\t\t\t\t<div data-particle_enable=\"false\" data-particle-mobile-disabled=\"false\" class=\"elementor-element elementor-element-7720239 e-flex e-con-boxed e-con e-parent\" data-id=\"7720239\" data-element_type=\"container\" data-e-type=\"container\">\n\t\t\t\t\t<div class=\"e-con-inner\">\n\t\t\t\t<div class=\"elementor-element elementor-element-1c37e05 elementor-widget elementor-widget-heading\" data-id=\"1c37e05\" data-element_type=\"widget\" data-e-type=\"widget\" data-widget_type=\"heading.default\">\n\t\t\t\t\t<h2 class=\"elementor-heading-title elementor-size-default\">Caf\u00e9 cultivado en las monta\u00f1as de Ixhuat\u00e1n, Santa Rosa y cuidadosamente procesado est\u00e1 disponible para toda Guatemala. Esta es su historia y la del emprendedor Enmer Aguilar, que ahora est\u00e1 en MERCADO<\/h2>\t\t\t\t<\/div>\n\t\t\t\t<div class=\"elementor-element elementor-element-82a70d4 elementor-widget elementor-widget-html\" data-id=\"82a70d4\" data-element_type=\"widget\" data-e-type=\"widget\" data-widget_type=\"html.default\">\n\t\t\t\t\t<div id=\"buzzsprout-player-17717091\"><\/div><script src=\"https:\/\/www.buzzsprout.com\/2444168\/episodes\/17717091-cafe-pineda-de-las-montanas-de-oriente-hasta-tu-taza-y-tu-casa.js?container_id=buzzsprout-player-17717091&player=small\" type=\"text\/javascript\" charset=\"utf-8\"><\/script>\t\t\t\t<\/div>\n\t\t\t\t\t<\/div>\n\t\t\t\t<\/div>\n\t\t<div data-particle_enable=\"false\" data-particle-mobile-disabled=\"false\" class=\"elementor-element elementor-element-6d1d486 e-flex e-con-boxed e-con e-parent\" data-id=\"6d1d486\" data-element_type=\"container\" data-e-type=\"container\">\n\t\t\t\t\t<div class=\"e-con-inner\">\n\t\t\t\t<div class=\"elementor-element elementor-element-50d8f83 elementor-widget elementor-widget-text-editor\" data-id=\"50d8f83\" data-element_type=\"widget\" data-e-type=\"widget\" data-widget_type=\"text-editor.default\">\n\t\t\t\t\t\t\t\t\t<p>\u201cAproximadamente entre 1900 y 1905 empez\u00f3 mi bisabuelo a sembrar caf\u00e9\u201d, recuerda Enmer Aguilar, cuarta generaci\u00f3n de caficultores de la aldea San Jos\u00e9 Pineda, en Santa Mar\u00eda Ixhuat\u00e1n, <a href=\"https:\/\/soymigrante.com\/revista\/departamentos-de-guatemala-santa-rosa-es-considerado-el-centro-de-las-americas\/\">Santa Rosa<\/a>.\u00a0\u201cDespu\u00e9s mi abuelo sigui\u00f3 ese trabajo y esa cultura. Su nombre, Antonio Aguilar; mi pap\u00e1 se llama Medardo Aguilar y yo soy Enmer Aguilar\u201d.<\/p><p>En 2008, en plena crisis de ca\u00edda de los precios del <a href=\"https:\/\/soymigrante.com\/revista\/cafe-de-guatemala-preguntas-y-respuestas\/\">caf\u00e9, <\/a>Enmer decidi\u00f3 empezar a tostar y moler: es decir ya no solo vender el grano en pergamino o en oro. As\u00ed cre\u00f3<a href=\"https:\/\/soymigrante.com\/mercado\/marketplace\/cafepineda?srsltid=AfmBOorYKayRkacpV1Stbpy4-ULW9xBsSoM_H_TkLmqPXZmJdW6sVfBI\"> Caf\u00e9 Pineda,<\/a> cuyo nombre refiere al lugar en cuyas monta\u00f1as se cultiva.<\/p><p>Ahora\u00a0\u00a0<strong><a href=\"https:\/\/soymigrante.com\/mercado\/marketplace\/cafepineda?srsltid=AfmBOorYKayRkacpV1Stbpy4-ULW9xBsSoM_H_TkLmqPXZmJdW6sVfBI\">Caf\u00e9 Pineda<\/a><\/strong>, es una marca sin\u00f3nimo de alta calidad, exquisita y arom\u00e1tica bebida, con tradici\u00f3n de 4 generaciones presente con su tienda digital en\u00a0\u00a0<a href=\"https:\/\/soymigrante.com\/mercado\" target=\"_blank\" rel=\"noopener\"><strong>SoyMigrante.com MERCADO<\/strong><\/a>, la plataforma que conecta a emprendedores y compradores de toda Guatemala, dinamizando la econom\u00eda de las comunidades y ofreciendo herramientas log\u00edsticas y tecnol\u00f3gicas de punta para el comercio electr\u00f3nico.\u00a0 Y esta es su historia.<\/p>\t\t\t\t\t\t\t\t<\/div>\n\t\t\t\t\t<\/div>\n\t\t\t\t<\/div>\n\t\t<div data-particle_enable=\"false\" data-particle-mobile-disabled=\"false\" class=\"elementor-element elementor-element-9cdc399 e-flex e-con-boxed e-con e-parent\" data-id=\"9cdc399\" data-element_type=\"container\" data-e-type=\"container\">\n\t\t\t\t\t<div class=\"e-con-inner\">\n\t\t\t\t<div class=\"elementor-element elementor-element-7d788aa elementor-widget elementor-widget-image\" data-id=\"7d788aa\" data-element_type=\"widget\" data-e-type=\"widget\" data-widget_type=\"image.default\">\n\t\t\t\t\t\t\t\t\t\t\t\t<figure class=\"wp-caption\">\n\t\t\t\t\t\t\t\t\t\t<img fetchpriority=\"high\" decoding=\"async\" width=\"768\" height=\"512\" src=\"https:\/\/soymigrante.com\/revista\/wp-content\/uploads\/2025\/08\/enmer-aguilar-cafe-pineda-mercado-1024x683.png\" class=\"attachment-large size-large wp-image-42416\" alt=\"Molino de caf\u00e9 industrial en planta de producci\u00f3n con hombre en primer plano en interior de f\u00e1brica de caf\u00e9.\" srcset=\"https:\/\/soymigrante.com\/revista\/wp-content\/uploads\/2025\/08\/enmer-aguilar-cafe-pineda-mercado-1024x683.png 1024w, https:\/\/soymigrante.com\/revista\/wp-content\/uploads\/2025\/08\/enmer-aguilar-cafe-pineda-mercado-300x200.png 300w, https:\/\/soymigrante.com\/revista\/wp-content\/uploads\/2025\/08\/enmer-aguilar-cafe-pineda-mercado-768x512.png 768w, https:\/\/soymigrante.com\/revista\/wp-content\/uploads\/2025\/08\/enmer-aguilar-cafe-pineda-mercado-1536x1024.png 1536w, https:\/\/soymigrante.com\/revista\/wp-content\/uploads\/2025\/08\/enmer-aguilar-cafe-pineda-mercado-750x500.png 750w, https:\/\/soymigrante.com\/revista\/wp-content\/uploads\/2025\/08\/enmer-aguilar-cafe-pineda-mercado-1140x760.png 1140w, https:\/\/soymigrante.com\/revista\/wp-content\/uploads\/2025\/08\/enmer-aguilar-cafe-pineda-mercado.webp 1642w\" sizes=\"(max-width: 768px) 100vw, 768px\" title=\"Enmer Aguilar est\u00e1 presente en cada fase del proceso del caf\u00e9: desde la siembra hasta el empaque final, en una aut\u00e9ntica industria artesanal surgida en las monta\u00f1as de Ixhuat\u00e1n, Santa Rosa. (Foto Abel Ju\u00e1rez) \u2013 SoyMigrante.com REVISTA\" \/>\t\t\t\t\t\t\t\t\t\t\t<figcaption class=\"widget-image-caption wp-caption-text\">Una imagen que muestra la maquinaria y el ambiente de una planta de procesamiento de caf\u00e9, resaltando la labor de los productores migrantes.<\/figcaption>\n\t\t\t\t\t\t\t\t\t\t<\/figure>\n\t\t\t\t\t\t\t\t\t<\/div>\n\t\t\t\t\t<\/div>\n\t\t\t\t<\/div>\n\t\t<div data-particle_enable=\"false\" data-particle-mobile-disabled=\"false\" class=\"elementor-element elementor-element-cff2feb e-flex e-con-boxed e-con e-parent\" data-id=\"cff2feb\" data-element_type=\"container\" data-e-type=\"container\">\n\t\t\t\t\t<div class=\"e-con-inner\">\n\t\t\t\t<div class=\"elementor-element elementor-element-f87cb9a elementor-widget elementor-widget-heading\" data-id=\"f87cb9a\" data-element_type=\"widget\" data-e-type=\"widget\" data-widget_type=\"heading.default\">\n\t\t\t\t\t<h3 class=\"elementor-heading-title elementor-size-default\">Tradici\u00f3n de cuatro generaciones<\/h3>\t\t\t\t<\/div>\n\t\t\t\t\t<\/div>\n\t\t\t\t<\/div>\n\t\t<div data-particle_enable=\"false\" data-particle-mobile-disabled=\"false\" class=\"elementor-element elementor-element-18c0ee3 e-flex e-con-boxed e-con e-parent\" data-id=\"18c0ee3\" data-element_type=\"container\" data-e-type=\"container\">\n\t\t\t\t\t<div class=\"e-con-inner\">\n\t\t\t\t<div class=\"elementor-element elementor-element-f9fc041 elementor-widget elementor-widget-text-editor\" data-id=\"f9fc041\" data-element_type=\"widget\" data-e-type=\"widget\" data-widget_type=\"text-editor.default\">\n\t\t\t\t\t\t\t\t\t<p>Desde los 14 a\u00f1os, Enmer, aprendi\u00f3 de su padre a cortar el caf\u00e9, seleccionar la semilla y plantarla en alm\u00e1cigos, preparar la tierra para la siembra y darle seguimiento al cuidado.\u00a0 \u201cYa que la planta va creciendo, conforme pasa el tiempo hay que irla podando, de esa manera vuelve a nacerle ramas y sigue la producci\u00f3n\u201d, explica.<\/p><p>Por muchos a\u00f1os solo vend\u00eda grano maduro. Pero los precios del caf\u00e9 empezaron a decaer.\u00a0 En 2008 Enmer, ingeniero civil de profesi\u00f3n, tom\u00f3 una decisi\u00f3n que cambiar\u00eda el rumbo de la finca familiar: \u201cYo tom\u00e9 la decisi\u00f3n en 2008 de hacer este proceso. No sab\u00eda nada del proceso de tostado y molido, pero\u00a0 empec\u00e9 a investigar, a aprender y en este tiempo hemos mejorado \u201d<\/p>\t\t\t\t\t\t\t\t<\/div>\n\t\t\t\t\t<\/div>\n\t\t\t\t<\/div>\n\t\t<div data-particle_enable=\"false\" data-particle-mobile-disabled=\"false\" class=\"elementor-element elementor-element-3d143a5 e-flex e-con-boxed e-con e-parent\" data-id=\"3d143a5\" data-element_type=\"container\" data-e-type=\"container\">\n\t\t\t\t\t<div class=\"e-con-inner\">\n\t\t\t\t<div class=\"elementor-element elementor-element-22153ae elementor-widget elementor-widget-image\" data-id=\"22153ae\" data-element_type=\"widget\" data-e-type=\"widget\" data-widget_type=\"image.default\">\n\t\t\t\t\t\t\t\t\t\t\t\t<figure class=\"wp-caption\">\n\t\t\t\t\t\t\t\t\t\t\t<a href=\"https:\/\/soymigrante.com\/mercado\/marketplace\/cafepineda?srsltid=AfmBOorYKayRkacpV1Stbpy4-ULW9xBsSoM_H_TkLmqPXZmJdW6sVfBI\">\n\t\t\t\t\t\t\t<img decoding=\"async\" width=\"768\" height=\"303\" src=\"https:\/\/soymigrante.com\/revista\/wp-content\/uploads\/2025\/08\/cafe-pineda-2-1024x404.png\" class=\"attachment-large size-large wp-image-42417\" alt=\"Caf\u00e9 Pineda de Guatemala, granos de caf\u00e9 arom\u00e1ticos y frescos, ideal para preparar una taza de caf\u00e9 aut\u00e9ntico y de calidad. Productos de caf\u00e9 guatemalteco en diferentes presentaciones.\" srcset=\"https:\/\/soymigrante.com\/revista\/wp-content\/uploads\/2025\/08\/cafe-pineda-2-1024x404.png 1024w, https:\/\/soymigrante.com\/revista\/wp-content\/uploads\/2025\/08\/cafe-pineda-2-300x118.png 300w, https:\/\/soymigrante.com\/revista\/wp-content\/uploads\/2025\/08\/cafe-pineda-2-768x303.png 768w, https:\/\/soymigrante.com\/revista\/wp-content\/uploads\/2025\/08\/cafe-pineda-2-1536x606.png 1536w, https:\/\/soymigrante.com\/revista\/wp-content\/uploads\/2025\/08\/cafe-pineda-2-2048x808.png 2048w, https:\/\/soymigrante.com\/revista\/wp-content\/uploads\/2025\/08\/cafe-pineda-2-750x296.png 750w, https:\/\/soymigrante.com\/revista\/wp-content\/uploads\/2025\/08\/cafe-pineda-2-1140x450.png 1140w, https:\/\/soymigrante.com\/revista\/wp-content\/uploads\/2025\/08\/cafe-pineda-2.webp 1920w\" sizes=\"(max-width: 768px) 100vw, 768px\" title=\"SoyMigrante.com MERCADO. Haz tu pedido y disfruta el exquisito sabor y aroma del Oriente de Guatemala. CLIC EN LA IMAGEN. \u2013 SoyMigrante.com REVISTA\" \/>\t\t\t\t\t\t\t\t<\/a>\n\t\t\t\t\t\t\t\t\t\t\t<figcaption class=\"widget-image-caption wp-caption-text\">Disfruta del caf\u00e9 de Guatemala con Caf\u00e9 Pineda, que ofrece granos seleccionados y frescos, perfectos para amantes del caf\u00e9 que buscan sabor y tradici\u00f3n. Compra en SoyMigrante.com Revista, especialista en productos de Guatemala.<\/figcaption>\n\t\t\t\t\t\t\t\t\t\t<\/figure>\n\t\t\t\t\t\t\t\t\t<\/div>\n\t\t\t\t\t<\/div>\n\t\t\t\t<\/div>\n\t\t<div data-particle_enable=\"false\" data-particle-mobile-disabled=\"false\" class=\"elementor-element elementor-element-67b3538 e-flex e-con-boxed e-con e-parent\" data-id=\"67b3538\" data-element_type=\"container\" data-e-type=\"container\">\n\t\t\t\t\t<div class=\"e-con-inner\">\n\t\t\t\t<div class=\"elementor-element elementor-element-fd35fd0 elementor-widget elementor-widget-heading\" data-id=\"fd35fd0\" data-element_type=\"widget\" data-e-type=\"widget\" data-widget_type=\"heading.default\">\n\t\t\t\t\t<h3 class=\"elementor-heading-title elementor-size-default\">Ning\u00fan comienzo es f\u00e1cil, pero se debe hacer<\/h3>\t\t\t\t<\/div>\n\t\t\t\t\t<\/div>\n\t\t\t\t<\/div>\n\t\t<div data-particle_enable=\"false\" data-particle-mobile-disabled=\"false\" class=\"elementor-element elementor-element-554b93d e-flex e-con-boxed e-con e-parent\" data-id=\"554b93d\" data-element_type=\"container\" data-e-type=\"container\">\n\t\t\t\t\t<div class=\"e-con-inner\">\n\t\t\t\t<div class=\"elementor-element elementor-element-54f80d2 elementor-widget elementor-widget-text-editor\" data-id=\"54f80d2\" data-element_type=\"widget\" data-e-type=\"widget\" data-widget_type=\"text-editor.default\">\n\t\t\t\t\t\t\t\t\t<p>\u201cMe recuerdo que la primera inversi\u00f3n que hice en beneficiarel caf\u00e9 en pergamino fueron 12 quintales de caf\u00e9 maduro, que produjeron aproximadamente 3 quintales de pergamino. Ese fue el primer a\u00f1o, fue en 2008. Me fue bien porque vend\u00ed todo el caf\u00e9.\u201d A\u00fan no llegaba el tueste.<\/p><p>Con la emoci\u00f3n de quien se lanza a un camino desconocido, Enmer reconoce:\u00a0\u201cHa sido enriquecedor conocer los procesos de beneficiado y tostado del caf\u00e9. Por esto hoy tenemos dos variedades, el normal y el honey, que\u00a0 produce un sabor muy especial&#8221;.<\/p><p>Esa experiencia lo hizo valorar a\u00fan m\u00e1s cada etapa del proceso. \u201cDe 380 libras de caf\u00e9 maduro llegamos a 58 o 60 libras de caf\u00e9 tostado. Pr\u00e1cticamente se reduce a una quinta parte, pero esa es la alta calidad que entregamos en cada taza.\u201d<\/p>\t\t\t\t\t\t\t\t<\/div>\n\t\t\t\t\t<\/div>\n\t\t\t\t<\/div>\n\t\t<div data-particle_enable=\"false\" data-particle-mobile-disabled=\"false\" class=\"elementor-element elementor-element-c9a3420 e-flex e-con-boxed e-con e-parent\" data-id=\"c9a3420\" data-element_type=\"container\" data-e-type=\"container\">\n\t\t\t\t\t<div class=\"e-con-inner\">\n\t\t\t\t<div class=\"elementor-element elementor-element-c833b14 elementor-widget elementor-widget-html\" data-id=\"c833b14\" data-element_type=\"widget\" data-e-type=\"widget\" data-widget_type=\"html.default\">\n\t\t\t\t\t<iframe src=\"https:\/\/www.facebook.com\/plugins\/video.php?height=476&href=https%3A%2F%2Fwww.facebook.com%2F379284516188246%2Fvideos%2F359677248025730%2F&show_text=false&width=476&t=0\" width=\"476\" height=\"476\" style=\"border:none;overflow:hidden\" scrolling=\"no\" frameborder=\"0\" allowfullscreen=\"true\" allow=\"autoplay; clipboard-write; encrypted-media; picture-in-picture; web-share\" allowFullScreen=\"true\"><\/iframe>\t\t\t\t<\/div>\n\t\t\t\t\t<\/div>\n\t\t\t\t<\/div>\n\t\t<div data-particle_enable=\"false\" data-particle-mobile-disabled=\"false\" class=\"elementor-element elementor-element-7b242a2 e-flex e-con-boxed e-con e-parent\" data-id=\"7b242a2\" data-element_type=\"container\" data-e-type=\"container\">\n\t\t\t\t\t<div class=\"e-con-inner\">\n\t\t\t\t<div class=\"elementor-element elementor-element-acf7fe4 elementor-widget elementor-widget-heading\" data-id=\"acf7fe4\" data-element_type=\"widget\" data-e-type=\"widget\" data-widget_type=\"heading.default\">\n\t\t\t\t\t<h3 class=\"elementor-heading-title elementor-size-default\">Exquisito sabor disponible ahora en l\u00ednea<\/h3>\t\t\t\t<\/div>\n\t\t\t\t\t<\/div>\n\t\t\t\t<\/div>\n\t\t<div data-particle_enable=\"false\" data-particle-mobile-disabled=\"false\" class=\"elementor-element elementor-element-4827638 e-flex e-con-boxed e-con e-parent\" data-id=\"4827638\" data-element_type=\"container\" data-e-type=\"container\">\n\t\t\t\t\t<div class=\"e-con-inner\">\n\t\t\t\t<div class=\"elementor-element elementor-element-1decbba elementor-widget elementor-widget-text-editor\" data-id=\"1decbba\" data-element_type=\"widget\" data-e-type=\"widget\" data-widget_type=\"text-editor.default\">\n\t\t\t\t\t\t\t\t\t<p>El recorrido de Caf\u00e9 Pineda se suma a la riqueza de las\u00a0<a href=\"https:\/\/soymigrante.com\/revista\/cafe-de-guatemala-y-sus-10-regiones-de-cultivo-cada-una-con-sabor-y-aroma-propio\" target=\"_blank\" rel=\"noopener\">10 regiones de caf\u00e9 de Guatemala<\/a>, cada una con un perfil de sabor y aroma propio, que hacen del pa\u00eds un referente mundial, como explica otra nota de SoyMigrante,\u00a0<a href=\"https:\/\/soymigrante.com\/revista\/cafe-de-guatemala-preguntas-y-respuestas\/\" target=\"_blank\" rel=\"noopener\">\u00bfpor qu\u00e9 el caf\u00e9 de Guatemala es tan famoso, exquisito y variado?<\/a>,<\/p><p>La respuesta est\u00e1 en la combinaci\u00f3n de tradici\u00f3n, microclimas y el trabajo de familias como la de Enmer. Hoy, <strong>Caf\u00e9 Pineda<\/strong> es la suma de tradici\u00f3n e innovaci\u00f3n, un legado familiar que se ha mantenido por cuatro generaciones y que hoy, junto a su esposa Marlyin, se proyecta hacia el futuro con el respaldo de la tecnolog\u00eda y tambi\u00e9n las opiniones de sus compradores.\u00a0<\/p><p>Quien degusta una taza de este caf\u00e9 no solo disfruta de su aroma y sabor, sino de una historia de esfuerzo y perseverancia. Usted puede hacer sus pedidos de <strong>Caf\u00e9 Pineda<\/strong> directamente a trav\u00e9s de\u00a0<a href=\"https:\/\/soymigrante.com\/mercado\" target=\"_blank\" rel=\"noopener\"><strong>SoyMigrante.com MERCADO<\/strong><\/a>\u00a0y ser parte de esta cadena de valor que conecta tradici\u00f3n, calidad y comunidad.<\/p>\t\t\t\t\t\t\t\t<\/div>\n\t\t\t\t\t<\/div>\n\t\t\t\t<\/div>\n\t\t<div data-particle_enable=\"false\" data-particle-mobile-disabled=\"false\" class=\"elementor-element elementor-element-577dc12 e-flex e-con-boxed e-con e-parent\" data-id=\"577dc12\" data-element_type=\"container\" data-e-type=\"container\">\n\t\t\t\t\t<div class=\"e-con-inner\">\n\t\t\t\t<div class=\"elementor-element elementor-element-202252c elementor-widget elementor-widget-image\" data-id=\"202252c\" data-element_type=\"widget\" data-e-type=\"widget\" data-widget_type=\"image.default\">\n\t\t\t\t\t\t\t\t\t\t\t\t<figure class=\"wp-caption\">\n\t\t\t\t\t\t\t\t\t\t<img decoding=\"async\" width=\"768\" height=\"662\" src=\"https:\/\/soymigrante.com\/revista\/wp-content\/uploads\/2025\/08\/Captura-de-pantalla-2025-08-20-201708-1024x883.png\" class=\"attachment-large size-large wp-image-42418\" alt=\"Suave y arom\u00e1tico caf\u00e9 tostado y molido, ideal para preparar en altura, en paquete de 460 gramos, 100% puro y natural, perfecto para amantes del caf\u00e9 de calidad.\" srcset=\"https:\/\/soymigrante.com\/revista\/wp-content\/uploads\/2025\/08\/Captura-de-pantalla-2025-08-20-201708-1024x883.png 1024w, https:\/\/soymigrante.com\/revista\/wp-content\/uploads\/2025\/08\/Captura-de-pantalla-2025-08-20-201708-300x259.png 300w, https:\/\/soymigrante.com\/revista\/wp-content\/uploads\/2025\/08\/Captura-de-pantalla-2025-08-20-201708-768x662.png 768w, https:\/\/soymigrante.com\/revista\/wp-content\/uploads\/2025\/08\/Captura-de-pantalla-2025-08-20-201708-750x646.webp 750w, https:\/\/soymigrante.com\/revista\/wp-content\/uploads\/2025\/08\/Captura-de-pantalla-2025-08-20-201708-1140x982.webp 1140w, https:\/\/soymigrante.com\/revista\/wp-content\/uploads\/2025\/08\/Captura-de-pantalla-2025-08-20-201708.webp 1187w\" sizes=\"(max-width: 768px) 100vw, 768px\" title=\"Caf\u00e9 Pineda cuenta con todas las autorizaciones y protocolos sanitarios, y  de calidad, incluso para exportar su producto. Ello forma parte de la estrategia decrecimiento trazada por Enmer Aguilar. \u2013 SoyMigrante.com REVISTA\" \/>\t\t\t\t\t\t\t\t\t\t\t<figcaption class=\"widget-image-caption wp-caption-text\">Disfruta del caf\u00e9 tostado y molido de alta calidad de Caf\u00e9 Pineda, elaborado con granos 100% puros y naturales, ideal para preparar en altura, en envase de 460g, para un sabor intenso y aut\u00e9ntico.<\/figcaption>\n\t\t\t\t\t\t\t\t\t\t<\/figure>\n\t\t\t\t\t\t\t\t\t<\/div>\n\t\t\t\t\t<\/div>\n\t\t\t\t<\/div>\n\t\t<div data-particle_enable=\"false\" data-particle-mobile-disabled=\"false\" class=\"elementor-element elementor-element-d395cfb e-flex e-con-boxed e-con e-parent\" data-id=\"d395cfb\" data-element_type=\"container\" data-e-type=\"container\">\n\t\t\t\t\t<div class=\"e-con-inner\">\n\t\t\t\t<div class=\"elementor-element elementor-element-caa72c6 elementor-widget elementor-widget-heading\" data-id=\"caa72c6\" data-element_type=\"widget\" data-e-type=\"widget\" data-widget_type=\"heading.default\">\n\t\t\t\t\t<h2 class=\"elementor-heading-title elementor-size-default\">M\u00e1s emprendimientos llenos de sabor guatemalteco<\/h2>\t\t\t\t<\/div>\n\t\t\t\t\t<\/div>\n\t\t\t\t<\/div>\n\t\t<div data-particle_enable=\"false\" data-particle-mobile-disabled=\"false\" class=\"elementor-element elementor-element-3c4eec0 e-flex e-con-boxed e-con e-parent\" data-id=\"3c4eec0\" data-element_type=\"container\" data-e-type=\"container\">\n\t\t\t\t\t<div class=\"e-con-inner\">\n\t\t\t\t<div class=\"elementor-element elementor-element-b253c74 elementor-grid-eael-col-3 elementor-grid-tablet-eael-col-2 elementor-grid-mobile-eael-col-1 elementor-invisible elementor-widget elementor-widget-eael-post-grid\" data-id=\"b253c74\" data-element_type=\"widget\" data-e-type=\"widget\" data-settings=\"{&quot;eael_post_grid_columns&quot;:&quot;eael-col-3&quot;,&quot;_animation&quot;:&quot;rollIn&quot;,&quot;eael_post_grid_columns_tablet&quot;:&quot;eael-col-2&quot;,&quot;eael_post_grid_columns_mobile&quot;:&quot;eael-col-1&quot;}\" data-widget_type=\"eael-post-grid.default\">\n\t\t\t\t\t<div id=\"eael-post-grid-b253c74\" class=\"eael-post-grid-container\">\n            <div class=\"eael-post-grid eael-post-appender eael-post-appender-b253c74 eael-post-grid-style-one\" data-layout-mode=\"masonry\"><article class=\"eael-grid-post  eael-post-grid-column eael-pg-post-6083 category-exitos\" data-id=\"6083\">\n        <div class=\"eael-grid-post-holder\">\n            <div class=\"eael-grid-post-holder-inner\"><div class=\"eael-entry-media\"><div class=\"eael-entry-overlay fade-in\"><i class=\"far fa-hand-pointer\" aria-hidden=\"true\"><\/i><a href=\"https:\/\/soymigrante.com\/revista\/cafe-zamora-florece-en-oregon-con-grano-migrante-de-santa-rosa-guatemala\/\"><\/a><\/div><div class=\"eael-entry-thumbnail \">\n                <img loading=\"lazy\" decoding=\"async\" width=\"748\" height=\"736\" src=\"https:\/\/soymigrante.com\/revista\/wp-content\/uploads\/2024\/04\/hector-zamora.webp\" class=\"attachment-large size-large wp-image-6114\" alt=\"Retrato de un joven y una mujer en un parque con \u00e1rboles en flor, celebrando la cultura y comunidad migrante en una sensaci\u00f3n de uni\u00f3n y alegr\u00eda.\" srcset=\"https:\/\/soymigrante.com\/revista\/wp-content\/uploads\/2024\/04\/hector-zamora.webp 748w, https:\/\/soymigrante.com\/revista\/wp-content\/uploads\/2024\/04\/hector-zamora-300x295.webp 300w, https:\/\/soymigrante.com\/revista\/wp-content\/uploads\/2024\/04\/hector-zamora-75x75.webp 75w\" sizes=\"(max-width: 748px) 100vw, 748px\" \/>\n            <\/div>\n        <\/div><div class=\"eael-entry-wrapper\"><header class=\"eael-entry-header\"><h2 class=\"eael-entry-title\"><a class=\"eael-grid-post-link\" href=\"https:\/\/soymigrante.com\/revista\/cafe-zamora-florece-en-oregon-con-grano-migrante-de-santa-rosa-guatemala\/\" title=\"Hector Mej\u00eda y caf\u00e9 Zamora llevan el sabor de Santa Rosa a \u00d3regon y m\u00e1s all\u00e1\">Hector Mej\u00eda y caf\u00e9 Zamora llevan el sabor de Santa Rosa a \u00d3regon y m\u00e1s all\u00e1<\/a><\/h2><\/header><div class=\"eael-entry-content\">\n                        <div class=\"eael-grid-post-excerpt\"><a href=\"https:\/\/soymigrante.com\/revista\/cafe-zamora-florece-en-oregon-con-grano-migrante-de-santa-rosa-guatemala\/\" class=\"eael-post-elements-readmore-btn\">CONOCE SU HISTORIA <\/a><\/div>\n                    <\/div><\/div><\/div>\n        <\/div>\n    <\/article><article class=\"eael-grid-post  eael-post-grid-column eael-pg-post-39764 category-guate-nuestra tags-mercado-emprendedores\" data-id=\"39764\">\n        <div class=\"eael-grid-post-holder\">\n            <div class=\"eael-grid-post-holder-inner\"><div class=\"eael-entry-media\"><div class=\"eael-entry-overlay fade-in\"><i class=\"far fa-hand-pointer\" aria-hidden=\"true\"><\/i><a href=\"https:\/\/soymigrante.com\/revista\/emprendedora-cristina-contreras-convirtio-sus-cualidades-en-menjurjes-tienda-digital-en-mercado\/\"><\/a><\/div><div class=\"eael-entry-thumbnail \">\n                <img loading=\"lazy\" decoding=\"async\" width=\"1024\" height=\"1024\" src=\"https:\/\/soymigrante.com\/revista\/wp-content\/uploads\/2025\/07\/menjurjes-tienda-en-soymigrante.com-mercado-1024x1024.png\" class=\"attachment-large size-large wp-image-39859\" alt=\"Aceite de cilantro y chile de Chilete en botellas grandes con etiquetado de SoyMigrante.com revista, mujer sonriente en fondo de madera mostrando productos tradicionales de la gastronom\u00eda peruana.\" srcset=\"https:\/\/soymigrante.com\/revista\/wp-content\/uploads\/2025\/07\/menjurjes-tienda-en-soymigrante.com-mercado-1024x1024.png 1024w, https:\/\/soymigrante.com\/revista\/wp-content\/uploads\/2025\/07\/menjurjes-tienda-en-soymigrante.com-mercado-300x300.png 300w, https:\/\/soymigrante.com\/revista\/wp-content\/uploads\/2025\/07\/menjurjes-tienda-en-soymigrante.com-mercado-150x150.png 150w, https:\/\/soymigrante.com\/revista\/wp-content\/uploads\/2025\/07\/menjurjes-tienda-en-soymigrante.com-mercado-768x768.png 768w, https:\/\/soymigrante.com\/revista\/wp-content\/uploads\/2025\/07\/menjurjes-tienda-en-soymigrante.com-mercado-75x75.webp 75w, https:\/\/soymigrante.com\/revista\/wp-content\/uploads\/2025\/07\/menjurjes-tienda-en-soymigrante.com-mercado-750x750.webp 750w, https:\/\/soymigrante.com\/revista\/wp-content\/uploads\/2025\/07\/menjurjes-tienda-en-soymigrante.com-mercado.webp 1080w\" sizes=\"(max-width: 1024px) 100vw, 1024px\" \/>\n            <\/div>\n        <\/div><div class=\"eael-entry-wrapper\"><header class=\"eael-entry-header\"><h2 class=\"eael-entry-title\"><a class=\"eael-grid-post-link\" href=\"https:\/\/soymigrante.com\/revista\/emprendedora-cristina-contreras-convirtio-sus-cualidades-en-menjurjes-tienda-digital-en-mercado\/\" title=\"Emprendedora Cristina Contreras convirti\u00f3 sus cualidades en Menjurjes, aceites saborizados a la venta en MERCADO\">Emprendedora Cristina Contreras convirti\u00f3 sus cualidades en Menjurjes, aceites saborizados a la venta en MERCADO<\/a><\/h2><\/header><div class=\"eael-entry-content\">\n                        <div class=\"eael-grid-post-excerpt\"><a href=\"https:\/\/soymigrante.com\/revista\/emprendedora-cristina-contreras-convirtio-sus-cualidades-en-menjurjes-tienda-digital-en-mercado\/\" class=\"eael-post-elements-readmore-btn\">CONOCE SU HISTORIA <\/a><\/div>\n                    <\/div><\/div><\/div>\n        <\/div>\n    <\/article><article class=\"eael-grid-post  eael-post-grid-column eael-pg-post-33668 category-guate-nuestra tags-mercado-emprendedores\" data-id=\"33668\">\n        <div class=\"eael-grid-post-holder\">\n            <div class=\"eael-grid-post-holder-inner\"><div class=\"eael-entry-media\"><div class=\"eael-entry-overlay fade-in\"><i class=\"far fa-hand-pointer\" aria-hidden=\"true\"><\/i><a href=\"https:\/\/soymigrante.com\/revista\/adolfo-figueroa-dio-un-giro-a-su-profesion-de-ingeniero-para-elaborar-las-espumillas-brothaus\/\"><\/a><\/div><div class=\"eael-entry-thumbnail \">\n                <img loading=\"lazy\" decoding=\"async\" width=\"768\" height=\"1024\" src=\"https:\/\/soymigrante.com\/revista\/wp-content\/uploads\/2025\/05\/Adolfo-Figueroa2-768x1024.jpeg\" class=\"attachment-large size-large wp-image-33669\" alt=\"Recetas tradicionales mexicanas preparadas por migrantes en un ambiente de cocina comunitaria, resaltando la cultura, uni\u00f3n y el trabajo en equipo.\" srcset=\"https:\/\/soymigrante.com\/revista\/wp-content\/uploads\/2025\/05\/Adolfo-Figueroa2-768x1024.jpeg 768w, https:\/\/soymigrante.com\/revista\/wp-content\/uploads\/2025\/05\/Adolfo-Figueroa2-225x300.jpeg 225w, https:\/\/soymigrante.com\/revista\/wp-content\/uploads\/2025\/05\/Adolfo-Figueroa2-750x1000.jpeg 750w, https:\/\/soymigrante.com\/revista\/wp-content\/uploads\/2025\/05\/Adolfo-Figueroa2.webp 960w\" sizes=\"(max-width: 768px) 100vw, 768px\" \/>\n            <\/div>\n        <\/div><div class=\"eael-entry-wrapper\"><header class=\"eael-entry-header\"><h2 class=\"eael-entry-title\"><a class=\"eael-grid-post-link\" href=\"https:\/\/soymigrante.com\/revista\/adolfo-figueroa-dio-un-giro-a-su-profesion-de-ingeniero-para-elaborar-las-espumillas-brothaus\/\" title=\"Adolfo Figueroa dio un giro a su profesi\u00f3n de ingeniero para elaborar las espumillas Brothaus\">Adolfo Figueroa dio un giro a su profesi\u00f3n de ingeniero para elaborar las espumillas Brothaus<\/a><\/h2><\/header><div class=\"eael-entry-content\">\n                        <div class=\"eael-grid-post-excerpt\"><a href=\"https:\/\/soymigrante.com\/revista\/adolfo-figueroa-dio-un-giro-a-su-profesion-de-ingeniero-para-elaborar-las-espumillas-brothaus\/\" class=\"eael-post-elements-readmore-btn\">CONOCE SU HISTORIA <\/a><\/div>\n                    <\/div><\/div><\/div>\n        <\/div>\n    <\/article><\/div>\n            <div class=\"clearfix\"><\/div>\n        <\/div>\t\t\t\t<\/div>\n\t\t\t\t\t<\/div>\n\t\t\t\t<\/div>\n\t\t\t\t<\/div>\n\t\t","protected":false},"excerpt":{"rendered":"<p>Caf\u00e9 cultivado en las monta\u00f1as de Ixhuat\u00e1n, Santa Rosa y cuidadosamente procesado est\u00e1 disponible para toda Guatemala. Esta es su historia y la del emprendedor Enmer Aguilar, que ahora est\u00e1 en MERCADO \u201cAproximadamente entre 1900 y 1905 empez\u00f3 mi bisabuelo a sembrar caf\u00e9\u201d, recuerda Enmer Aguilar, cuarta generaci\u00f3n de caficultores de la aldea San Jos\u00e9 [&hellip;]<\/p>\n","protected":false},"author":7,"featured_media":42413,"comment_status":"open","ping_status":"open","sticky":false,"template":"","format":"standard","meta":{"_acf_changed":false,"_eb_attr":"","footnotes":""},"categories":[58],"tags":[130],"class_list":["post-42412","post","type-post","status-publish","format-standard","has-post-thumbnail","hentry","category-guate-nuestra","tag-mercado-emprendedores"],"acf":[],"aioseo_notices":[],"aioseo_head":"\n\t\t<!-- All in One SEO Pro 4.9.6.2 - aioseo.com -->\n\t<meta name=\"description\" content=\"Adolfo Figueroa es un ingeniero qu\u00edmico que convirti\u00f3 su sue\u00f1o en espumillas guatemaltecas. Las ofrece en muchos sabores,a trav\u00e9s de SoyMigrante.com MERCADO.\" \/>\n\t<meta name=\"robots\" content=\"max-snippet:-1, max-image-preview:large, max-video-preview:-1\" \/>\n\t<meta name=\"author\" content=\"Marysabel Aldana\"\/>\n\t<link rel=\"canonical\" href=\"https:\/\/soymigrante.com\/revista\/adolfo-figueroa-dio-un-giro-a-su-profesion-de-ingeniero-para-elaborar-las-espumillas-brothaus\/\" \/>\n\t<meta name=\"generator\" content=\"All in One SEO Pro (AIOSEO) 4.9.6.2\" \/>\n\n\t\t<link rel=\"preconnect\" href=\"https:\/\/fonts.googleapis.com\" crossorigin>\n<link rel=\"preconnect\" href=\"https:\/\/fonts.gstatic.com\" crossorigin>\n\t\t<meta property=\"og:locale\" content=\"es_ES\" \/>\n\t\t<meta property=\"og:site_name\" content=\"SoyMigrante.com REVISTA \u2013 Nuestra misi\u00f3n es reconocer y dignificar al migrante.\" \/>\n\t\t<meta property=\"og:type\" content=\"article\" \/>\n\t\t<meta property=\"og:title\" content=\"Las espumillas artesanales Brothaus de Mixco est\u00e1n en MERCADO\" \/>\n\t\t<meta property=\"og:description\" content=\"Adolfo Figueroa es un ingeniero qu\u00edmico que convirti\u00f3 su sue\u00f1o en espumillas guatemaltecas. Las ofrece en muchos sabores,a trav\u00e9s de SoyMigrante.com MERCADO.\" \/>\n\t\t<meta property=\"og:url\" content=\"https:\/\/soymigrante.com\/revista\/adolfo-figueroa-dio-un-giro-a-su-profesion-de-ingeniero-para-elaborar-las-espumillas-brothaus\/\" \/>\n\t\t<meta property=\"og:image\" content=\"https:\/\/soymigrante.com\/revista\/wp-content\/uploads\/2025\/05\/Adolfo-Figueroa2.webp\" \/>\n\t\t<meta property=\"og:image:secure_url\" content=\"https:\/\/soymigrante.com\/revista\/wp-content\/uploads\/2025\/05\/Adolfo-Figueroa2.webp\" \/>\n\t\t<meta property=\"og:image:width\" content=\"960\" \/>\n\t\t<meta property=\"og:image:height\" content=\"1280\" \/>\n\t\t<meta property=\"article:published_time\" content=\"2025-05-16T14:45:56+00:00\" \/>\n\t\t<meta property=\"article:modified_time\" content=\"2025-05-16T17:28:37+00:00\" \/>\n\t\t<meta property=\"article:publisher\" content=\"https:\/\/www.facebook.com\/soymigrantecom\" \/>\n\t\t<meta name=\"twitter:card\" content=\"summary_large_image\" \/>\n\t\t<meta name=\"twitter:site\" content=\"@SoyMigrante_com\" \/>\n\t\t<meta name=\"twitter:title\" content=\"Las espumillas artesanales Brothaus de Mixco est\u00e1n en MERCADO\" \/>\n\t\t<meta name=\"twitter:description\" content=\"Adolfo Figueroa es un ingeniero qu\u00edmico que convirti\u00f3 su sue\u00f1o en espumillas guatemaltecas. Las ofrece en muchos sabores,a trav\u00e9s de SoyMigrante.com MERCADO.\" \/>\n\t\t<meta name=\"twitter:creator\" content=\"@SoyMigrante_com\" \/>\n\t\t<meta name=\"twitter:image\" content=\"https:\/\/soymigrante.com\/revista\/wp-content\/uploads\/2025\/05\/Adolfo-Figueroa2.webp\" \/>\n\t\t<!-- All in One SEO Pro -->\r\n\t\t<title>Las espumillas artesanales Brothaus de Mixco est\u00e1n en MERCADO<\/title>\n\n","aioseo_head_json":{"title":"Las espumillas artesanales Brothaus de Mixco est\u00e1n en MERCADO","description":"Adolfo Figueroa es un ingeniero qu\u00edmico que convirti\u00f3 su sue\u00f1o en espumillas guatemaltecas. Las ofrece en muchos sabores,a trav\u00e9s de SoyMigrante.com MERCADO.","canonical_url":"https:\/\/soymigrante.com\/revista\/adolfo-figueroa-dio-un-giro-a-su-profesion-de-ingeniero-para-elaborar-las-espumillas-brothaus\/","robots":"max-snippet:-1, max-image-preview:large, max-video-preview:-1","keywords":"","webmasterTools":{"miscellaneous":"&lt;link rel=\"preconnect\" href=\"https:\/\/fonts.googleapis.com\" crossorigin&gt;\n&lt;link rel=\"preconnect\" href=\"https:\/\/fonts.gstatic.com\" crossorigin&gt;"},"schema":null,"og:locale":"es_ES","og:site_name":"SoyMigrante.com REVISTA \u2013 Nuestra misi\u00f3n es reconocer y dignificar al migrante.","og:type":"article","og:title":"Las espumillas artesanales Brothaus de Mixco est\u00e1n en MERCADO","og:description":"Adolfo Figueroa es un ingeniero qu\u00edmico que convirti\u00f3 su sue\u00f1o en espumillas guatemaltecas. Las ofrece en muchos sabores,a trav\u00e9s de SoyMigrante.com MERCADO.","og:url":"https:\/\/soymigrante.com\/revista\/adolfo-figueroa-dio-un-giro-a-su-profesion-de-ingeniero-para-elaborar-las-espumillas-brothaus\/","og:image":"https:\/\/soymigrante.com\/revista\/wp-content\/uploads\/2025\/05\/Adolfo-Figueroa2.webp","og:image:secure_url":"https:\/\/soymigrante.com\/revista\/wp-content\/uploads\/2025\/05\/Adolfo-Figueroa2.webp","og:image:width":960,"og:image:height":1280,"article:published_time":"2025-05-16T14:45:56+00:00","article:modified_time":"2025-05-16T17:28:37+00:00","article:publisher":"https:\/\/www.facebook.com\/soymigrantecom","twitter:card":"summary_large_image","twitter:site":"@SoyMigrante_com","twitter:title":"Las espumillas artesanales Brothaus de Mixco est\u00e1n en MERCADO","twitter:description":"Adolfo Figueroa es un ingeniero qu\u00edmico que convirti\u00f3 su sue\u00f1o en espumillas guatemaltecas. Las ofrece en muchos sabores,a trav\u00e9s de SoyMigrante.com MERCADO.","twitter:creator":"@SoyMigrante_com","twitter:image":"https:\/\/soymigrante.com\/revista\/wp-content\/uploads\/2025\/05\/Adolfo-Figueroa2.webp"},"aioseo_meta_data":{"post_id":"42412","title":"Caf\u00e9 Pineda: tradici\u00f3n de 4 generaciones llega a MERCADO","description":"Caf\u00e9 Pineda ofrece su exquisito aroma y cultura centenaria de cultivo en su tienda electr\u00f3nica de SoyMigrante.com MERCADO. Pru\u00e9ba y comprueba su calidad","keywords":null,"keyphrases":{"focus":{"keyphrase":"Caf\u00e9","score":78,"analysis":{"keyphraseInTitle":{"score":9,"maxScore":9,"error":0},"keyphraseInDescription":{"score":9,"maxScore":9,"error":0},"keyphraseLength":{"score":9,"maxScore":9,"error":0,"length":1},"keyphraseInURL":{"score":5,"maxScore":5,"error":0},"keyphraseInIntroduction":{"score":9,"maxScore":9,"error":0},"keyphraseInSubHeadings":{"score":3,"maxScore":9,"error":1},"keyphraseInImageAlt":{"score":9,"maxScore":9,"error":0},"keywordDensity":{"type":"high","score":0,"maxScore":9,"error":1}}},"additional":[{"keyphrase":"Mercado","score":87,"analysis":{"keyphraseInDescription":{"score":9,"maxScore":9,"error":0},"keyphraseLength":{"score":9,"maxScore":9,"error":0,"length":1},"keyphraseInIntroduction":{"score":3,"maxScore":9,"error":1},"keyphraseInImageAlt":{"score":9,"maxScore":9,"error":0},"keywordDensity":{"type":"best","score":9,"maxScore":9,"error":0}}},{"keyphrase":"Santa Rosa","score":67,"analysis":{"keyphraseInDescription":{"score":3,"maxScore":9,"error":1},"keyphraseLength":{"score":9,"maxScore":9,"error":0,"length":2},"keyphraseInIntroduction":{"score":9,"maxScore":9,"error":0},"keyphraseInImageAlt":{"score":9,"maxScore":9,"error":0},"keywordDensity":{"score":0,"type":"low","maxScore":9,"error":1}}}]},"primary_term":null,"canonical_url":null,"og_title":null,"og_description":null,"og_object_type":"default","og_image_type":"default","og_image_url":null,"og_image_width":null,"og_image_height":null,"og_image_custom_url":null,"og_image_custom_fields":null,"og_video":"","og_custom_url":null,"og_article_section":null,"og_article_tags":null,"twitter_use_og":false,"twitter_card":"default","twitter_image_type":"default","twitter_image_url":null,"twitter_image_custom_url":null,"twitter_image_custom_fields":null,"twitter_title":null,"twitter_description":null,"schema":{"blockGraphs":[],"customGraphs":[],"default":{"data":{"Article":[],"Course":[],"Dataset":[],"FAQPage":[],"Movie":[],"Person":[],"Product":[],"ProductReview":[],"Car":[],"Recipe":[],"Service":[],"SoftwareApplication":[],"WebPage":[]},"graphName":"none","isEnabled":true},"graphs":[]},"schema_type":"default","schema_type_options":null,"pillar_content":false,"robots_default":true,"robots_noindex":false,"robots_noarchive":false,"robots_nosnippet":false,"robots_nofollow":false,"robots_noimageindex":false,"robots_noodp":false,"robots_notranslate":false,"robots_max_snippet":"-1","robots_max_videopreview":"-1","robots_max_imagepreview":"large","priority":null,"frequency":"default","local_seo":null,"seo_analyzer_scan_date":"2025-10-09 07:48:30","breadcrumb_settings":null,"limit_modified_date":false,"reviewed_by":"0","open_ai":null,"ai":{"faqs":[],"keyPoints":[],"titles":[],"descriptions":[],"socialPosts":{"email":[],"linkedin":[],"twitter":[],"facebook":[],"instagram":[]}},"created":"2025-08-21 02:09:20","updated":"2026-02-05 04:21:50"},"aioseo_breadcrumb":"<div class=\"aioseo-breadcrumbs\"><span class=\"aioseo-breadcrumb\">\n\t<a href=\"https:\/\/soymigrante.com\/revista\" title=\"Home\">Home<\/a>\n<\/span><span class=\"aioseo-breadcrumb-separator\">\u00bb<\/span><span class=\"aioseo-breadcrumb\">\n\t<a href=\"https:\/\/soymigrante.com\/revista\/category\/guate-nuestra\/\" title=\"Guate Nuestra\">Guate Nuestra<\/a>\n<\/span><span class=\"aioseo-breadcrumb-separator\">\u00bb<\/span><span class=\"aioseo-breadcrumb\">\n\tCaf\u00e9 Pineda, cultivado en las monta\u00f1as de Santa Rosa por 4 generaciones, est\u00e1 en MERCADO\n<\/span><\/div>","aioseo_breadcrumb_json":[{"label":"Home","link":"https:\/\/soymigrante.com\/revista"},{"label":"Guate Nuestra","link":"https:\/\/soymigrante.com\/revista\/category\/guate-nuestra\/"},{"label":"Caf\u00e9 Pineda, cultivado en las monta\u00f1as de Santa Rosa por 4 generaciones, est\u00e1 en MERCADO","link":"https:\/\/soymigrante.com\/revista\/cafe-pineda-cultivado-en-las-montanas-de-santa-rosa-por-4-generaciones\/"}],"_links":{"self":[{"href":"https:\/\/soymigrante.com\/revista\/wp-json\/wp\/v2\/posts\/42412","targetHints":{"allow":["GET"]}}],"collection":[{"href":"https:\/\/soymigrante.com\/revista\/wp-json\/wp\/v2\/posts"}],"about":[{"href":"https:\/\/soymigrante.com\/revista\/wp-json\/wp\/v2\/types\/post"}],"author":[{"embeddable":true,"href":"https:\/\/soymigrante.com\/revista\/wp-json\/wp\/v2\/users\/7"}],"replies":[{"embeddable":true,"href":"https:\/\/soymigrante.com\/revista\/wp-json\/wp\/v2\/comments?post=42412"}],"version-history":[{"count":12,"href":"https:\/\/soymigrante.com\/revista\/wp-json\/wp\/v2\/posts\/42412\/revisions"}],"predecessor-version":[{"id":42524,"href":"https:\/\/soymigrante.com\/revista\/wp-json\/wp\/v2\/posts\/42412\/revisions\/42524"}],"wp:featuredmedia":[{"embeddable":true,"href":"https:\/\/soymigrante.com\/revista\/wp-json\/wp\/v2\/media\/42413"}],"wp:attachment":[{"href":"https:\/\/soymigrante.com\/revista\/wp-json\/wp\/v2\/media?parent=42412"}],"wp:term":[{"taxonomy":"category","embeddable":true,"href":"https:\/\/soymigrante.com\/revista\/wp-json\/wp\/v2\/categories?post=42412"},{"taxonomy":"post_tag","embeddable":true,"href":"https:\/\/soymigrante.com\/revista\/wp-json\/wp\/v2\/tags?post=42412"}],"curies":[{"name":"wp","href":"https:\/\/api.w.org\/{rel}","templated":true}]}}