{"id":42397,"date":"2025-08-20T17:45:08","date_gmt":"2025-08-20T23:45:08","guid":{"rendered":"https:\/\/soymigrante.com\/revista\/?p=42397"},"modified":"2025-08-20T17:45:19","modified_gmt":"2025-08-20T23:45:19","slug":"el-festival-del-pepian-en-chimaltenango-tradicion-que-se-saborea","status":"publish","type":"post","link":"https:\/\/soymigrante.com\/revista\/el-festival-del-pepian-en-chimaltenango-tradicion-que-se-saborea\/","title":{"rendered":"El Festival del Pepi\u00e1n en Chimaltenango: tradici\u00f3n que se saborea"},"content":{"rendered":"\t\t<div data-elementor-type=\"wp-post\" data-elementor-id=\"42397\" class=\"elementor elementor-42397\" data-elementor-post-type=\"post\">\n\t\t\t\t<div data-particle_enable=\"false\" data-particle-mobile-disabled=\"false\" class=\"elementor-element elementor-element-1efcc7f e-flex e-con-boxed e-con e-parent\" data-id=\"1efcc7f\" data-element_type=\"container\" data-e-type=\"container\">\n\t\t\t\t\t<div class=\"e-con-inner\">\n\t\t\t\t<div class=\"elementor-element elementor-element-af6cb24 elementor-widget elementor-widget-heading\" data-id=\"af6cb24\" data-element_type=\"widget\" data-e-type=\"widget\" data-widget_type=\"heading.default\">\n\t\t\t\t\t<h2 class=\"elementor-heading-title elementor-size-default\">El Festival del Pepi\u00e1n en Chimaltenango es un momento de tradici\u00f3n que saborea lo m\u00e1s rico de la gastronom\u00eda. \n<\/h2>\t\t\t\t<\/div>\n\t\t\t\t\t<\/div>\n\t\t\t\t<\/div>\n\t\t<div data-particle_enable=\"false\" data-particle-mobile-disabled=\"false\" class=\"elementor-element elementor-element-6ae5eba e-flex e-con-boxed e-con e-parent\" data-id=\"6ae5eba\" data-element_type=\"container\" data-e-type=\"container\">\n\t\t\t\t\t<div class=\"e-con-inner\">\n\t\t\t\t<div class=\"elementor-element elementor-element-176ca63 elementor-widget elementor-widget-text-editor\" data-id=\"176ca63\" data-element_type=\"widget\" data-e-type=\"widget\" data-widget_type=\"text-editor.default\">\n\t\t\t\t\t\t\t\t\t<p>Si hay un platillo que identifica a Guatemala y que no puede faltar en las mesas chapinas, es el pepi\u00e1n. Y en Chimaltenango, este sabor cobra vida con un festival que a\u00f1o con a\u00f1o re\u00fane a familias, cocineras tradicionales, turistas y amantes de la buena comida.<\/p><p><a href=\"https:\/\/www.facebook.com\/profile.php?id=100094578232475\" target=\"_blank\" rel=\"noopener\">El Festival del Pepi\u00e1n es un evento que no solo celebra este recado t\u00edpico<\/a>, sino tambi\u00e9n la riqueza cultural de la regi\u00f3n. Caminar entre los puestos es toda una experiencia: se puede ver c\u00f3mo las cocineras preparan el espeso recado a base de tomate, miltomate, chiles y semillas, acompa\u00f1ado de pollo, res o cerdo, y servido con arroz y tortillas reci\u00e9n salidas del comal.<\/p>\t\t\t\t\t\t\t\t<\/div>\n\t\t\t\t\t<\/div>\n\t\t\t\t<\/div>\n\t\t<div data-particle_enable=\"false\" data-particle-mobile-disabled=\"false\" class=\"elementor-element elementor-element-fb7c5be e-flex e-con-boxed e-con e-parent\" data-id=\"fb7c5be\" data-element_type=\"container\" data-e-type=\"container\">\n\t\t\t\t\t<div class=\"e-con-inner\">\n\t\t\t\t<div class=\"elementor-element elementor-element-7ed9678 elementor-widget elementor-widget-image\" data-id=\"7ed9678\" data-element_type=\"widget\" data-e-type=\"widget\" data-widget_type=\"image.default\">\n\t\t\t\t\t\t\t\t\t\t\t\t<figure class=\"wp-caption\">\n\t\t\t\t\t\t\t\t\t\t<img fetchpriority=\"high\" decoding=\"async\" width=\"768\" height=\"512\" src=\"https:\/\/soymigrante.com\/revista\/wp-content\/uploads\/2025\/08\/festival-del-pepian-3-1024x683.jpg\" class=\"attachment-large size-large wp-image-42401\" alt=\"Arraial de comida tradicional mexicana en un plato de barro con guarniciones y decoraci\u00f3n cultural.\" srcset=\"https:\/\/soymigrante.com\/revista\/wp-content\/uploads\/2025\/08\/festival-del-pepian-3-1024x683.jpg 1024w, https:\/\/soymigrante.com\/revista\/wp-content\/uploads\/2025\/08\/festival-del-pepian-3-300x200.jpg 300w, https:\/\/soymigrante.com\/revista\/wp-content\/uploads\/2025\/08\/festival-del-pepian-3-768x512.jpg 768w, https:\/\/soymigrante.com\/revista\/wp-content\/uploads\/2025\/08\/festival-del-pepian-3-750x500.webp 750w, https:\/\/soymigrante.com\/revista\/wp-content\/uploads\/2025\/08\/festival-del-pepian-3.webp 1080w\" sizes=\"(max-width: 768px) 100vw, 768px\" title=\"El Festival del Pepi\u00e1n es de los m\u00e1s esperados en el a\u00f1o, por su sabor. (Foto: Facebook, Festival del Pepi\u00e1n) \u2013 SoyMigrante.com REVISTA\" \/>\t\t\t\t\t\t\t\t\t\t\t<figcaption class=\"widget-image-caption wp-caption-text\">Plato t\u00edpico mexicano presentado en cer\u00e1mica con ingredientes frescos y coloridos, ideal para los amantes de la gastronom\u00eda mexicana en SoyMigrante.com Revista.<\/figcaption>\n\t\t\t\t\t\t\t\t\t\t<\/figure>\n\t\t\t\t\t\t\t\t\t<\/div>\n\t\t\t\t\t<\/div>\n\t\t\t\t<\/div>\n\t\t<div data-particle_enable=\"false\" data-particle-mobile-disabled=\"false\" class=\"elementor-element elementor-element-0ac6a17 e-flex e-con-boxed e-con e-parent\" data-id=\"0ac6a17\" data-element_type=\"container\" data-e-type=\"container\">\n\t\t\t\t\t<div class=\"e-con-inner\">\n\t\t\t\t<div class=\"elementor-element elementor-element-68dda66 elementor-widget elementor-widget-heading\" data-id=\"68dda66\" data-element_type=\"widget\" data-e-type=\"widget\" data-widget_type=\"heading.default\">\n\t\t\t\t\t<h3 class=\"elementor-heading-title elementor-size-default\">\u00bfCu\u00e1ndo se har\u00e1 el festival?<\/h3>\t\t\t\t<\/div>\n\t\t\t\t\t<\/div>\n\t\t\t\t<\/div>\n\t\t<div data-particle_enable=\"false\" data-particle-mobile-disabled=\"false\" class=\"elementor-element elementor-element-834bf16 e-flex e-con-boxed e-con e-parent\" data-id=\"834bf16\" data-element_type=\"container\" data-e-type=\"container\">\n\t\t\t\t\t<div class=\"e-con-inner\">\n\t\t\t\t<div class=\"elementor-element elementor-element-d3ab113 elementor-widget elementor-widget-text-editor\" data-id=\"d3ab113\" data-element_type=\"widget\" data-e-type=\"widget\" data-widget_type=\"text-editor.default\">\n\t\t\t\t\t\t\t\t\t<p>El Festival del Pepi\u00e1n se realizar\u00e1 el 31 de agosto, de 10:00 a 16:00, en la Plaza Real de Chimaltenango.<\/p>\t\t\t\t\t\t\t\t<\/div>\n\t\t\t\t\t<\/div>\n\t\t\t\t<\/div>\n\t\t<div data-particle_enable=\"false\" data-particle-mobile-disabled=\"false\" class=\"elementor-element elementor-element-7ed3738 e-flex e-con-boxed e-con e-parent\" data-id=\"7ed3738\" data-element_type=\"container\" data-e-type=\"container\">\n\t\t\t\t\t<div class=\"e-con-inner\">\n\t\t\t\t<div class=\"elementor-element elementor-element-a8961b2 elementor-widget elementor-widget-heading\" data-id=\"a8961b2\" data-element_type=\"widget\" data-e-type=\"widget\" data-widget_type=\"heading.default\">\n\t\t\t\t\t<h3 class=\"elementor-heading-title elementor-size-default\">\u00bfQu\u00e9 se puede encontrar?<\/h3>\t\t\t\t<\/div>\n\t\t\t\t\t<\/div>\n\t\t\t\t<\/div>\n\t\t<div data-particle_enable=\"false\" data-particle-mobile-disabled=\"false\" class=\"elementor-element elementor-element-c09401e e-flex e-con-boxed e-con e-parent\" data-id=\"c09401e\" data-element_type=\"container\" data-e-type=\"container\">\n\t\t\t\t\t<div class=\"e-con-inner\">\n\t\t\t\t<div class=\"elementor-element elementor-element-d0c2633 elementor-widget elementor-widget-text-editor\" data-id=\"d0c2633\" data-element_type=\"widget\" data-e-type=\"widget\" data-widget_type=\"text-editor.default\">\n\t\t\t\t\t\t\t\t\t<div><a href=\"https:\/\/www.facebook.com\/profile.php?id=100094578232475\" target=\"_blank\" rel=\"noopener\">Adem\u00e1s de degustar pepi\u00e1n en sus diferentes versiones, los visitantes disfrutan de<\/a>:<\/div><div>\u2022Concursos gastron\u00f3micos, donde se premia al mejor pepi\u00e1n.<\/div><div>\u2022Artesan\u00edas locales, desde tejidos hasta cer\u00e1mica.<\/div><div>\u2022M\u00fasica y bailes folcl\u00f3ricos, que llenan de alegr\u00eda el ambiente.<\/div><div>\u2022Postres tradicionales, como rellenitos, bu\u00f1uelos y atoles.<\/div><div>\u2022Actividades familiares, ideales para pasar un d\u00eda completo en comunidad.<\/div>\t\t\t\t\t\t\t\t<\/div>\n\t\t\t\t\t<\/div>\n\t\t\t\t<\/div>\n\t\t<div data-particle_enable=\"false\" data-particle-mobile-disabled=\"false\" class=\"elementor-element elementor-element-2e5660a e-flex e-con-boxed e-con e-parent\" data-id=\"2e5660a\" data-element_type=\"container\" data-e-type=\"container\">\n\t\t\t\t\t<div class=\"e-con-inner\">\n\t\t\t\t<div class=\"elementor-element elementor-element-5a82744 elementor-widget elementor-widget-image\" data-id=\"5a82744\" data-element_type=\"widget\" data-e-type=\"widget\" data-widget_type=\"image.default\">\n\t\t\t\t\t\t\t\t\t\t\t\t<figure class=\"wp-caption\">\n\t\t\t\t\t\t\t\t\t\t<img decoding=\"async\" width=\"736\" height=\"1000\" src=\"https:\/\/soymigrante.com\/revista\/wp-content\/uploads\/2025\/08\/festival-del-pepian-4.webp\" class=\"attachment-large size-large wp-image-42402\" alt=\"Vendedora en puesto de artesan\u00edas y cer\u00e1mica tradicional mexicana en feria cultural con decoraciones coloridas y productos artesanales en el stand.\" srcset=\"https:\/\/soymigrante.com\/revista\/wp-content\/uploads\/2025\/08\/festival-del-pepian-4.webp 736w, https:\/\/soymigrante.com\/revista\/wp-content\/uploads\/2025\/08\/festival-del-pepian-4-221x300.jpg 221w\" sizes=\"(max-width: 736px) 100vw, 736px\" title=\"Este ser\u00e1 el quinto festival del Pepi\u00e1n. (Foto: Festival del Pepi\u00e1n en Facebook) \u2013 SoyMigrante.com REVISTA\" \/>\t\t\t\t\t\t\t\t\t\t\t<figcaption class=\"widget-image-caption wp-caption-text\">Explora la cultura mexicana con artesan\u00edas y cer\u00e1mica en feria tradicional en SoyMigrante.com REVISTA.<\/figcaption>\n\t\t\t\t\t\t\t\t\t\t<\/figure>\n\t\t\t\t\t\t\t\t\t<\/div>\n\t\t\t\t\t<\/div>\n\t\t\t\t<\/div>\n\t\t<div data-particle_enable=\"false\" data-particle-mobile-disabled=\"false\" class=\"elementor-element elementor-element-0e2ea21 e-flex e-con-boxed e-con e-parent\" data-id=\"0e2ea21\" data-element_type=\"container\" data-e-type=\"container\">\n\t\t\t\t\t<div class=\"e-con-inner\">\n\t\t\t\t<div class=\"elementor-element elementor-element-d5c34b3 elementor-widget elementor-widget-text-editor\" data-id=\"d5c34b3\" data-element_type=\"widget\" data-e-type=\"widget\" data-widget_type=\"text-editor.default\">\n\t\t\t\t\t\t\t\t\t<p><a href=\"https:\/\/www.facebook.com\/profile.php?id=100094578232475\" target=\"_blank\" rel=\"noopener\">Los organizadores destacan que este festival es una forma de mantener vivas las tradiciones<\/a> y darle valor al trabajo de las mujeres y hombres que conservan las recetas de generaci\u00f3n en generaci\u00f3n.<\/p><p>El pepi\u00e1n, declarado Patrimonio Cultural Intangible de la Naci\u00f3n, no es solo comida: es historia, identidad y sabor que nos conecta con nuestras ra\u00edces.<\/p>\t\t\t\t\t\t\t\t<\/div>\n\t\t\t\t\t<\/div>\n\t\t\t\t<\/div>\n\t\t<div data-particle_enable=\"false\" data-particle-mobile-disabled=\"false\" class=\"elementor-element elementor-element-a2ce3b8 e-flex e-con-boxed e-con e-parent\" data-id=\"a2ce3b8\" data-element_type=\"container\" data-e-type=\"container\">\n\t\t\t\t\t<div class=\"e-con-inner\">\n\t\t\t\t<div class=\"elementor-element elementor-element-4ae0b85 elementor-widget elementor-widget-image\" data-id=\"4ae0b85\" data-element_type=\"widget\" data-e-type=\"widget\" data-widget_type=\"image.default\">\n\t\t\t\t\t\t\t\t\t\t\t\t<figure class=\"wp-caption\">\n\t\t\t\t\t\t\t\t\t\t<img decoding=\"async\" width=\"768\" height=\"576\" src=\"https:\/\/soymigrante.com\/revista\/wp-content\/uploads\/2025\/08\/festival-del-pepian-5.webp\" class=\"attachment-large size-large wp-image-42403\" alt=\"Chile tradicional preparado en una olla grande en un puesto de comida en un evento cultural. Persona sonriendo con delantal, rodeada de productos aut\u00f3ctonos y ambiente festivo.\" srcset=\"https:\/\/soymigrante.com\/revista\/wp-content\/uploads\/2025\/08\/festival-del-pepian-5.webp 960w, https:\/\/soymigrante.com\/revista\/wp-content\/uploads\/2025\/08\/festival-del-pepian-5-300x225.jpg 300w, https:\/\/soymigrante.com\/revista\/wp-content\/uploads\/2025\/08\/festival-del-pepian-5-768x576.jpg 768w, https:\/\/soymigrante.com\/revista\/wp-content\/uploads\/2025\/08\/festival-del-pepian-5-750x563.jpg 750w\" sizes=\"(max-width: 768px) 100vw, 768px\" title=\"El Festival del Pepi\u00e1n atrae a cientos de visitantes. (Foto: Festival del Pepi\u00e1n en Facebook) \u2013 SoyMigrante.com REVISTA\" \/>\t\t\t\t\t\t\t\t\t\t\t<figcaption class=\"widget-image-caption wp-caption-text\">Disfruta de la gastronom\u00eda mexicana en la feria cultural con exquisito mole preparado por una chef amante de la gastronom\u00eda tradicional.<\/figcaption>\n\t\t\t\t\t\t\t\t\t\t<\/figure>\n\t\t\t\t\t\t\t\t\t<\/div>\n\t\t\t\t\t<\/div>\n\t\t\t\t<\/div>\n\t\t<div data-particle_enable=\"false\" data-particle-mobile-disabled=\"false\" class=\"elementor-element elementor-element-fc60aee e-flex e-con-boxed e-con e-parent\" data-id=\"fc60aee\" data-element_type=\"container\" data-e-type=\"container\">\n\t\t\t\t\t<div class=\"e-con-inner\">\n\t\t\t\t<div class=\"elementor-element elementor-element-94a7a25 elementor-widget elementor-widget-text-editor\" data-id=\"94a7a25\" data-element_type=\"widget\" data-e-type=\"widget\" data-widget_type=\"text-editor.default\">\n\t\t\t\t\t\t\t\t\t<p>As\u00ed que si visitas Chimaltenango durante el festival, <a href=\"https:\/\/www.facebook.com\/profile.php?id=100094578232475\" target=\"_blank\" rel=\"noopener\">prep\u00e1rate para comer bien, disfrutar de la m\u00fasica, llevarte recuerdos artesanales y, sobre todo, vivir una fiesta<\/a> al puro estilo chap\u00edn.<\/p>\t\t\t\t\t\t\t\t<\/div>\n\t\t\t\t\t<\/div>\n\t\t\t\t<\/div>\n\t\t<div data-particle_enable=\"false\" data-particle-mobile-disabled=\"false\" class=\"elementor-element elementor-element-236df41 e-flex e-con-boxed e-con e-parent\" data-id=\"236df41\" data-element_type=\"container\" data-e-type=\"container\">\n\t\t\t\t\t<div class=\"e-con-inner\">\n\t\t\t\t<div class=\"elementor-element elementor-element-42b86c7 elementor-widget elementor-widget-heading\" data-id=\"42b86c7\" data-element_type=\"widget\" data-e-type=\"widget\" data-widget_type=\"heading.default\">\n\t\t\t\t\t<h2 class=\"elementor-heading-title elementor-size-default\">Conoce m\u00e1s informaci\u00f3n que te podr\u00eda interesar...<\/h2>\t\t\t\t<\/div>\n\t\t\t\t\t<\/div>\n\t\t\t\t<\/div>\n\t\t<div data-particle_enable=\"false\" data-particle-mobile-disabled=\"false\" class=\"elementor-element elementor-element-5260673 e-flex e-con-boxed e-con e-parent\" data-id=\"5260673\" data-element_type=\"container\" data-e-type=\"container\">\n\t\t\t\t\t<div class=\"e-con-inner\">\n\t\t\t\t<div class=\"elementor-element elementor-element-eaebee6 elementor-grid-eael-col-3 elementor-grid-tablet-eael-col-2 elementor-grid-mobile-eael-col-1 elementor-invisible elementor-widget elementor-widget-eael-post-grid\" data-id=\"eaebee6\" data-element_type=\"widget\" data-e-type=\"widget\" data-settings=\"{&quot;eael_post_grid_columns&quot;:&quot;eael-col-3&quot;,&quot;_animation&quot;:&quot;rollIn&quot;,&quot;eael_post_grid_columns_tablet&quot;:&quot;eael-col-2&quot;,&quot;eael_post_grid_columns_mobile&quot;:&quot;eael-col-1&quot;}\" data-widget_type=\"eael-post-grid.default\">\n\t\t\t\t\t<div id=\"eael-post-grid-eaebee6\" class=\"eael-post-grid-container\">\n            <div class=\"eael-post-grid eael-post-appender eael-post-appender-eaebee6 eael-post-grid-style-one\" data-layout-mode=\"masonry\"><article class=\"eael-grid-post  eael-post-grid-column eael-pg-post-20002 category-guate-nuestra tags-mercado-emprendedores\" data-id=\"20002\">\n        <div class=\"eael-grid-post-holder\">\n            <div class=\"eael-grid-post-holder-inner\"><div class=\"eael-entry-media\"><div class=\"eael-entry-overlay fade-in\"><i class=\"far fa-hand-pointer\" aria-hidden=\"true\"><\/i><a href=\"https:\/\/soymigrante.com\/revista\/el-arte-del-bonsai-la-pasion-que-cultiva-jeconias-guzman-esta-ahora-en-mercado\/\"><\/a><\/div><div class=\"eael-entry-thumbnail \">\n                <img loading=\"lazy\" decoding=\"async\" width=\"720\" height=\"723\" src=\"https:\/\/soymigrante.com\/revista\/wp-content\/uploads\/2025\/01\/El-arte-del-bonsa\u0301i-la-pasio\u0301n-que-cultiva-Jeconias-Guzma\u0301n3-e1736435304627.webp\" class=\"attachment-large size-large wp-image-20004\" alt=\"El arte del bons\u00e1i: la pasi\u00f3n que cultiva Jeconias Guzm\u00e1n\" \/>\n            <\/div>\n        <\/div><div class=\"eael-entry-wrapper\"><header class=\"eael-entry-header\"><h2 class=\"eael-entry-title\"><a class=\"eael-grid-post-link\" href=\"https:\/\/soymigrante.com\/revista\/el-arte-del-bonsai-la-pasion-que-cultiva-jeconias-guzman-esta-ahora-en-mercado\/\" title=\"El arte vivo del Bonsai es cultivado por Jecon\u00edas Guzm\u00e1n en Chimaltenango y est\u00e1 en MERCADO\">El arte vivo del Bonsai es cultivado por Jecon\u00edas Guzm\u00e1n en Chimaltenango y est\u00e1 en MERCADO<\/a><\/h2><\/header><div class=\"eael-entry-content\">\n                        <div class=\"eael-grid-post-excerpt\"><a href=\"https:\/\/soymigrante.com\/revista\/el-arte-del-bonsai-la-pasion-que-cultiva-jeconias-guzman-esta-ahora-en-mercado\/\" class=\"eael-post-elements-readmore-btn\">CONOCE SU HISTORIA <\/a><\/div>\n                    <\/div><\/div><\/div>\n        <\/div>\n    <\/article><article class=\"eael-grid-post  eael-post-grid-column eael-pg-post-6251 category-recetas-guatemaltecas\" data-id=\"6251\">\n        <div class=\"eael-grid-post-holder\">\n            <div class=\"eael-grid-post-holder-inner\"><div class=\"eael-entry-media\"><div class=\"eael-entry-overlay fade-in\"><i class=\"far fa-hand-pointer\" aria-hidden=\"true\"><\/i><a href=\"https:\/\/soymigrante.com\/revista\/recetas-chapinas-pepian-quetzalteco-receta-tradicional-2\/\"><\/a><\/div><div class=\"eael-entry-thumbnail \">\n                <img loading=\"lazy\" decoding=\"async\" width=\"960\" height=\"720\" src=\"https:\/\/soymigrante.com\/revista\/wp-content\/uploads\/2024\/05\/Ajonjoli-miltomate-y-pepitoria-son-algunos-ingredientes-del-pepian-quetzalteco.webp\" class=\"attachment-large size-large wp-image-6253\" alt=\"Gracias por la imagen y el contexto. Aqu\u00ed tienes los textos SEO solicitados:.\" srcset=\"https:\/\/soymigrante.com\/revista\/wp-content\/uploads\/2024\/05\/Ajonjoli-miltomate-y-pepitoria-son-algunos-ingredientes-del-pepian-quetzalteco.webp 960w, https:\/\/soymigrante.com\/revista\/wp-content\/uploads\/2024\/05\/Ajonjoli-miltomate-y-pepitoria-son-algunos-ingredientes-del-pepian-quetzalteco-300x225.webp 300w, https:\/\/soymigrante.com\/revista\/wp-content\/uploads\/2024\/05\/Ajonjoli-miltomate-y-pepitoria-son-algunos-ingredientes-del-pepian-quetzalteco-768x576.webp 768w, https:\/\/soymigrante.com\/revista\/wp-content\/uploads\/2024\/05\/Ajonjoli-miltomate-y-pepitoria-son-algunos-ingredientes-del-pepian-quetzalteco-750x563.jpg 750w\" sizes=\"(max-width: 960px) 100vw, 960px\" \/>\n            <\/div>\n        <\/div><div class=\"eael-entry-wrapper\"><header class=\"eael-entry-header\"><h2 class=\"eael-entry-title\"><a class=\"eael-grid-post-link\" href=\"https:\/\/soymigrante.com\/revista\/recetas-chapinas-pepian-quetzalteco-receta-tradicional-2\/\" title=\"Recetas chapinas: pepi\u00e1n quetzalteco es delicia ceremonial\">Recetas chapinas: pepi\u00e1n quetzalteco es delicia ceremonial<\/a><\/h2><\/header><div class=\"eael-entry-content\">\n                        <div class=\"eael-grid-post-excerpt\"><a href=\"https:\/\/soymigrante.com\/revista\/recetas-chapinas-pepian-quetzalteco-receta-tradicional-2\/\" class=\"eael-post-elements-readmore-btn\">CONOCE SU HISTORIA <\/a><\/div>\n                    <\/div><\/div><\/div>\n        <\/div>\n    <\/article><article class=\"eael-grid-post  eael-post-grid-column eael-pg-post-17968 category-guate-nuestra tags-departamentos-de-guatemala\" data-id=\"17968\">\n        <div class=\"eael-grid-post-holder\">\n            <div class=\"eael-grid-post-holder-inner\"><div class=\"eael-entry-media\"><div class=\"eael-entry-overlay fade-in\"><i class=\"far fa-hand-pointer\" aria-hidden=\"true\"><\/i><a href=\"https:\/\/soymigrante.com\/revista\/departamentos-de-guatemala-chimaltenango-tiene-montanas-tradicion-y-la-primera-capital-de-guatemala\/\"><\/a><\/div><div class=\"eael-entry-thumbnail \">\n                <img loading=\"lazy\" decoding=\"async\" width=\"1024\" height=\"1024\" src=\"https:\/\/soymigrante.com\/revista\/wp-content\/uploads\/2024\/12\/eduardo-cot-patzun-cuadrada-1024x1024.jpg\" class=\"attachment-large size-large wp-image-18646\" alt=\"Nube cubriendo monta\u00f1as al amanecer en un paisaje rural con volcanes, cielo colorido y casas en primer plano, resaltando la belleza natural y cultural de Guatemala.\" srcset=\"https:\/\/soymigrante.com\/revista\/wp-content\/uploads\/2024\/12\/eduardo-cot-patzun-cuadrada-1024x1024.jpg 1024w, https:\/\/soymigrante.com\/revista\/wp-content\/uploads\/2024\/12\/eduardo-cot-patzun-cuadrada-300x300.jpg 300w, https:\/\/soymigrante.com\/revista\/wp-content\/uploads\/2024\/12\/eduardo-cot-patzun-cuadrada-150x150.jpg 150w, https:\/\/soymigrante.com\/revista\/wp-content\/uploads\/2024\/12\/eduardo-cot-patzun-cuadrada-768x768.jpg 768w, https:\/\/soymigrante.com\/revista\/wp-content\/uploads\/2024\/12\/eduardo-cot-patzun-cuadrada-75x75.webp 75w, https:\/\/soymigrante.com\/revista\/wp-content\/uploads\/2024\/12\/eduardo-cot-patzun-cuadrada-750x750.webp 750w, https:\/\/soymigrante.com\/revista\/wp-content\/uploads\/2024\/12\/eduardo-cot-patzun-cuadrada.webp 1059w\" sizes=\"(max-width: 1024px) 100vw, 1024px\" \/>\n            <\/div>\n        <\/div><div class=\"eael-entry-wrapper\"><header class=\"eael-entry-header\"><h2 class=\"eael-entry-title\"><a class=\"eael-grid-post-link\" href=\"https:\/\/soymigrante.com\/revista\/departamentos-de-guatemala-chimaltenango-tiene-montanas-tradicion-y-la-primera-capital-de-guatemala\/\" title=\"Departamentos de Guatemala: Chimaltenango tiene monta\u00f1as, tradici\u00f3n y la primera capital de Guatemala\">Departamentos de Guatemala: Chimaltenango tiene monta\u00f1as, tradici\u00f3n y la primera capital de Guatemala<\/a><\/h2><\/header><div class=\"eael-entry-content\">\n                        <div class=\"eael-grid-post-excerpt\"><a href=\"https:\/\/soymigrante.com\/revista\/departamentos-de-guatemala-chimaltenango-tiene-montanas-tradicion-y-la-primera-capital-de-guatemala\/\" class=\"eael-post-elements-readmore-btn\">CONOCE SU HISTORIA <\/a><\/div>\n                    <\/div><\/div><\/div>\n        <\/div>\n    <\/article><\/div>\n            <div class=\"clearfix\"><\/div>\n        <\/div>\t\t\t\t<\/div>\n\t\t\t\t\t<\/div>\n\t\t\t\t<\/div>\n\t\t\t\t<\/div>\n\t\t","protected":false},"excerpt":{"rendered":"<p>El Festival del Pepi\u00e1n en Chimaltenango es un momento de tradici\u00f3n que saborea lo m\u00e1s rico de la gastronom\u00eda. Si hay un platillo que identifica a Guatemala y que no puede faltar en las mesas chapinas, es el pepi\u00e1n. Y en Chimaltenango, este sabor cobra vida con un festival que a\u00f1o con a\u00f1o re\u00fane a [&hellip;]<\/p>\n","protected":false},"author":19,"featured_media":42410,"comment_status":"open","ping_status":"open","sticky":false,"template":"","format":"standard","meta":{"_acf_changed":false,"_eb_attr":"","footnotes":""},"categories":[58],"tags":[],"class_list":["post-42397","post","type-post","status-publish","format-standard","has-post-thumbnail","hentry","category-guate-nuestra"],"acf":[],"aioseo_notices":[],"aioseo_head":"\n\t\t<!-- All in One SEO Pro 4.9.6.2 - aioseo.com -->\n\t<meta name=\"description\" content=\"Chimaltenango es departamento lleno de historia, costumbres, naturaleza y su atractiva frescura monta\u00f1osa le provee de un gran potencial ecotur\u00edstico.\" \/>\n\t<meta name=\"robots\" content=\"max-snippet:-1, max-image-preview:large, max-video-preview:-1\" \/>\n\t<meta name=\"author\" content=\"Marysabel Aldana\"\/>\n\t<link rel=\"canonical\" href=\"https:\/\/soymigrante.com\/revista\/departamentos-de-guatemala-chimaltenango-tiene-montanas-tradicion-y-la-primera-capital-de-guatemala\/\" \/>\n\t<meta name=\"generator\" content=\"All in One SEO Pro (AIOSEO) 4.9.6.2\" \/>\n\n\t\t<link rel=\"preconnect\" href=\"https:\/\/fonts.googleapis.com\" crossorigin>\n<link rel=\"preconnect\" href=\"https:\/\/fonts.gstatic.com\" crossorigin>\n\t\t<meta property=\"og:locale\" content=\"es_ES\" \/>\n\t\t<meta property=\"og:site_name\" content=\"SoyMigrante.com REVISTA \u2013 Nuestra misi\u00f3n es reconocer y dignificar al migrante.\" \/>\n\t\t<meta property=\"og:type\" content=\"article\" \/>\n\t\t<meta property=\"og:title\" content=\"Chimaltenango tiene monta\u00f1as, tradici\u00f3n y la primera capital\" \/>\n\t\t<meta property=\"og:description\" content=\"Chimaltenango es departamento lleno de historia, costumbres, naturaleza y su atractiva frescura monta\u00f1osa le provee de un gran potencial ecotur\u00edstico.\" \/>\n\t\t<meta property=\"og:url\" content=\"https:\/\/soymigrante.com\/revista\/departamentos-de-guatemala-chimaltenango-tiene-montanas-tradicion-y-la-primera-capital-de-guatemala\/\" \/>\n\t\t<meta property=\"og:image\" content=\"https:\/\/soymigrante.com\/revista\/wp-content\/uploads\/2024\/12\/eduardo-cot-patzun-cuadrada.webp\" \/>\n\t\t<meta property=\"og:image:secure_url\" content=\"https:\/\/soymigrante.com\/revista\/wp-content\/uploads\/2024\/12\/eduardo-cot-patzun-cuadrada.webp\" \/>\n\t\t<meta property=\"og:image:width\" content=\"1059\" \/>\n\t\t<meta property=\"og:image:height\" content=\"1059\" \/>\n\t\t<meta property=\"article:published_time\" content=\"2024-12-31T00:15:53+00:00\" \/>\n\t\t<meta property=\"article:modified_time\" content=\"2025-03-04T18:36:11+00:00\" \/>\n\t\t<meta property=\"article:publisher\" content=\"https:\/\/www.facebook.com\/soymigrantecom\" \/>\n\t\t<meta name=\"twitter:card\" content=\"summary_large_image\" \/>\n\t\t<meta name=\"twitter:site\" content=\"@SoyMigrante_com\" \/>\n\t\t<meta name=\"twitter:title\" content=\"Chimaltenango tiene monta\u00f1as, tradici\u00f3n y la primera capital\" \/>\n\t\t<meta name=\"twitter:description\" content=\"Chimaltenango es departamento lleno de historia, costumbres, naturaleza y su atractiva frescura monta\u00f1osa le provee de un gran potencial ecotur\u00edstico.\" \/>\n\t\t<meta name=\"twitter:creator\" content=\"@SoyMigrante_com\" \/>\n\t\t<meta name=\"twitter:image\" content=\"https:\/\/soymigrante.com\/revista\/wp-content\/uploads\/2024\/12\/eduardo-cot-patzun-cuadrada.webp\" \/>\n\t\t<!-- All in One SEO Pro -->\r\n\t\t<title>Chimaltenango tiene monta\u00f1as, tradici\u00f3n y la primera capital<\/title>\n\n","aioseo_head_json":{"title":"Chimaltenango tiene monta\u00f1as, tradici\u00f3n y la primera capital","description":"Chimaltenango es departamento lleno de historia, costumbres, naturaleza y su atractiva frescura monta\u00f1osa le provee de un gran potencial ecotur\u00edstico.","canonical_url":"https:\/\/soymigrante.com\/revista\/departamentos-de-guatemala-chimaltenango-tiene-montanas-tradicion-y-la-primera-capital-de-guatemala\/","robots":"max-snippet:-1, max-image-preview:large, max-video-preview:-1","keywords":"","webmasterTools":{"miscellaneous":"&lt;link rel=\"preconnect\" href=\"https:\/\/fonts.googleapis.com\" crossorigin&gt;\n&lt;link rel=\"preconnect\" href=\"https:\/\/fonts.gstatic.com\" crossorigin&gt;"},"schema":null,"og:locale":"es_ES","og:site_name":"SoyMigrante.com REVISTA \u2013 Nuestra misi\u00f3n es reconocer y dignificar al migrante.","og:type":"article","og:title":"Chimaltenango tiene monta\u00f1as, tradici\u00f3n y la primera capital","og:description":"Chimaltenango es departamento lleno de historia, costumbres, naturaleza y su atractiva frescura monta\u00f1osa le provee de un gran potencial ecotur\u00edstico.","og:url":"https:\/\/soymigrante.com\/revista\/departamentos-de-guatemala-chimaltenango-tiene-montanas-tradicion-y-la-primera-capital-de-guatemala\/","og:image":"https:\/\/soymigrante.com\/revista\/wp-content\/uploads\/2024\/12\/eduardo-cot-patzun-cuadrada.webp","og:image:secure_url":"https:\/\/soymigrante.com\/revista\/wp-content\/uploads\/2024\/12\/eduardo-cot-patzun-cuadrada.webp","og:image:width":1059,"og:image:height":1059,"article:published_time":"2024-12-31T00:15:53+00:00","article:modified_time":"2025-03-04T18:36:11+00:00","article:publisher":"https:\/\/www.facebook.com\/soymigrantecom","twitter:card":"summary_large_image","twitter:site":"@SoyMigrante_com","twitter:title":"Chimaltenango tiene monta\u00f1as, tradici\u00f3n y la primera capital","twitter:description":"Chimaltenango es departamento lleno de historia, costumbres, naturaleza y su atractiva frescura monta\u00f1osa le provee de un gran potencial ecotur\u00edstico.","twitter:creator":"@SoyMigrante_com","twitter:image":"https:\/\/soymigrante.com\/revista\/wp-content\/uploads\/2024\/12\/eduardo-cot-patzun-cuadrada.webp"},"aioseo_meta_data":{"post_id":"42397","title":null,"description":"El Festival del Pepi\u00e1n en Chimaltenango es un momento de tradici\u00f3n que saborea lo m\u00e1s rico de la gastronom\u00eda.","keywords":null,"keyphrases":{"focus":{"keyphrase":"Festival del pepi\u00e1n","score":82,"analysis":{"keyphraseInTitle":{"score":9,"maxScore":9,"error":0},"keyphraseInDescription":{"score":9,"maxScore":9,"error":0},"keyphraseLength":{"score":9,"maxScore":9,"error":0,"length":4},"keyphraseInURL":{"score":5,"maxScore":5,"error":0},"keyphraseInIntroduction":{"score":3,"maxScore":9,"error":1},"keyphraseInSubHeadings":{"score":3,"maxScore":9,"error":1},"keyphraseInImageAlt":{"score":9,"maxScore":9,"error":0},"keywordDensity":{"type":"best","score":9,"maxScore":9,"error":0}}},"additional":[{"keyphrase":"Chimaltenango","score":100,"analysis":{"keyphraseInDescription":{"score":9,"maxScore":9,"error":0},"keyphraseLength":{"score":9,"maxScore":9,"error":0,"length":1},"keyphraseInIntroduction":{"score":9,"maxScore":9,"error":0},"keyphraseInImageAlt":{"score":9,"maxScore":9,"error":0},"keywordDensity":{"type":"best","score":9,"maxScore":9,"error":0}}}]},"primary_term":null,"canonical_url":null,"og_title":null,"og_description":null,"og_object_type":"default","og_image_type":"default","og_image_url":null,"og_image_width":null,"og_image_height":null,"og_image_custom_url":null,"og_image_custom_fields":null,"og_video":"","og_custom_url":null,"og_article_section":null,"og_article_tags":null,"twitter_use_og":false,"twitter_card":"default","twitter_image_type":"default","twitter_image_url":null,"twitter_image_custom_url":null,"twitter_image_custom_fields":null,"twitter_title":null,"twitter_description":null,"schema":{"blockGraphs":[],"customGraphs":[],"default":{"data":{"Article":[],"Course":[],"Dataset":[],"FAQPage":[],"Movie":[],"Person":[],"Product":[],"ProductReview":[],"Car":[],"Recipe":[],"Service":[],"SoftwareApplication":[],"WebPage":[]},"graphName":"none","isEnabled":true},"graphs":[]},"schema_type":"default","schema_type_options":null,"pillar_content":false,"robots_default":true,"robots_noindex":false,"robots_noarchive":false,"robots_nosnippet":false,"robots_nofollow":false,"robots_noimageindex":false,"robots_noodp":false,"robots_notranslate":false,"robots_max_snippet":"-1","robots_max_videopreview":"-1","robots_max_imagepreview":"large","priority":null,"frequency":"default","local_seo":null,"seo_analyzer_scan_date":"2025-10-09 07:48:28","breadcrumb_settings":null,"limit_modified_date":false,"reviewed_by":"0","open_ai":null,"ai":{"faqs":[],"keyPoints":[],"titles":[],"descriptions":[],"socialPosts":{"email":[],"linkedin":[],"twitter":[],"facebook":[],"instagram":[]}},"created":"2025-08-20 19:26:15","updated":"2026-02-05 04:21:50"},"aioseo_breadcrumb":"<div class=\"aioseo-breadcrumbs\"><span class=\"aioseo-breadcrumb\">\n\t<a href=\"https:\/\/soymigrante.com\/revista\" title=\"Home\">Home<\/a>\n<\/span><span class=\"aioseo-breadcrumb-separator\">\u00bb<\/span><span class=\"aioseo-breadcrumb\">\n\t<a href=\"https:\/\/soymigrante.com\/revista\/category\/guate-nuestra\/\" title=\"Guate Nuestra\">Guate Nuestra<\/a>\n<\/span><span class=\"aioseo-breadcrumb-separator\">\u00bb<\/span><span class=\"aioseo-breadcrumb\">\n\tEl Festival del Pepi\u00e1n en Chimaltenango: tradici\u00f3n que se saborea\n<\/span><\/div>","aioseo_breadcrumb_json":[{"label":"Home","link":"https:\/\/soymigrante.com\/revista"},{"label":"Guate Nuestra","link":"https:\/\/soymigrante.com\/revista\/category\/guate-nuestra\/"},{"label":"El Festival del Pepi\u00e1n en Chimaltenango: tradici\u00f3n que se saborea","link":"https:\/\/soymigrante.com\/revista\/el-festival-del-pepian-en-chimaltenango-tradicion-que-se-saborea\/"}],"_links":{"self":[{"href":"https:\/\/soymigrante.com\/revista\/wp-json\/wp\/v2\/posts\/42397","targetHints":{"allow":["GET"]}}],"collection":[{"href":"https:\/\/soymigrante.com\/revista\/wp-json\/wp\/v2\/posts"}],"about":[{"href":"https:\/\/soymigrante.com\/revista\/wp-json\/wp\/v2\/types\/post"}],"author":[{"embeddable":true,"href":"https:\/\/soymigrante.com\/revista\/wp-json\/wp\/v2\/users\/19"}],"replies":[{"embeddable":true,"href":"https:\/\/soymigrante.com\/revista\/wp-json\/wp\/v2\/comments?post=42397"}],"version-history":[{"count":7,"href":"https:\/\/soymigrante.com\/revista\/wp-json\/wp\/v2\/posts\/42397\/revisions"}],"predecessor-version":[{"id":42411,"href":"https:\/\/soymigrante.com\/revista\/wp-json\/wp\/v2\/posts\/42397\/revisions\/42411"}],"wp:featuredmedia":[{"embeddable":true,"href":"https:\/\/soymigrante.com\/revista\/wp-json\/wp\/v2\/media\/42410"}],"wp:attachment":[{"href":"https:\/\/soymigrante.com\/revista\/wp-json\/wp\/v2\/media?parent=42397"}],"wp:term":[{"taxonomy":"category","embeddable":true,"href":"https:\/\/soymigrante.com\/revista\/wp-json\/wp\/v2\/categories?post=42397"},{"taxonomy":"post_tag","embeddable":true,"href":"https:\/\/soymigrante.com\/revista\/wp-json\/wp\/v2\/tags?post=42397"}],"curies":[{"name":"wp","href":"https:\/\/api.w.org\/{rel}","templated":true}]}}