{"id":42375,"date":"2025-08-21T11:14:06","date_gmt":"2025-08-21T17:14:06","guid":{"rendered":"https:\/\/soymigrante.com\/revista\/?p=42375"},"modified":"2025-08-27T11:21:59","modified_gmt":"2025-08-27T17:21:59","slug":"mucho-ojo-senales-de-una-pareja-potencialmente-violenta","status":"publish","type":"post","link":"https:\/\/soymigrante.com\/revista\/mucho-ojo-senales-de-una-pareja-potencialmente-violenta\/","title":{"rendered":"\u00a1Mucho ojo! Se\u00f1ales de  una pareja potencialmente violenta"},"content":{"rendered":"\t\t<div data-elementor-type=\"wp-post\" data-elementor-id=\"42375\" class=\"elementor elementor-42375\" data-elementor-post-type=\"post\">\n\t\t\t\t<div data-particle_enable=\"false\" data-particle-mobile-disabled=\"false\" class=\"elementor-element elementor-element-dfecac3 e-flex e-con-boxed e-con e-parent\" data-id=\"dfecac3\" data-element_type=\"container\" data-e-type=\"container\">\n\t\t\t\t\t<div class=\"e-con-inner\">\n\t\t\t\t<div class=\"elementor-element elementor-element-0ca45af elementor-widget elementor-widget-heading\" data-id=\"0ca45af\" data-element_type=\"widget\" data-e-type=\"widget\" data-widget_type=\"heading.default\">\n\t\t\t\t\t<h2 class=\"elementor-heading-title elementor-size-default\">Las se\u00f1ales de estar con una pareja violenta, algunas veces no son claras, pero estas se\u00f1ales te pueden ayudar. <\/h2>\t\t\t\t<\/div>\n\t\t\t\t\t<\/div>\n\t\t\t\t<\/div>\n\t\t<div data-particle_enable=\"false\" data-particle-mobile-disabled=\"false\" class=\"elementor-element elementor-element-e766d3d e-flex e-con-boxed e-con e-parent\" data-id=\"e766d3d\" data-element_type=\"container\" data-e-type=\"container\">\n\t\t\t\t\t<div class=\"e-con-inner\">\n\t\t\t\t<div class=\"elementor-element elementor-element-fc0750a elementor-widget elementor-widget-text-editor\" data-id=\"fc0750a\" data-element_type=\"widget\" data-e-type=\"widget\" data-widget_type=\"text-editor.default\">\n\t\t\t\t\t\t\t\t\t<p><a href=\"https:\/\/soymigrante.com\/revista\/consejos-para-parejas-migrantes-no-discutir-o-tratar-temas-delicados-frente-a-los-hijos\/\" target=\"_blank\" rel=\"noopener\">La violencia en las relaciones de pareja no siempre se manifiesta con golpes desde el inicio<\/a>. Muchas veces comienza con actitudes sutiles que, poco a poco, van escalando hasta convertirse en agresiones f\u00edsicas, emocionales o psicol\u00f3gicas.<\/p><p>Reconocer las se\u00f1ales a tiempo puede salvar vidas y abrir la puerta para pedir ayuda.<\/p>\t\t\t\t\t\t\t\t<\/div>\n\t\t\t\t\t<\/div>\n\t\t\t\t<\/div>\n\t\t<div data-particle_enable=\"false\" data-particle-mobile-disabled=\"false\" class=\"elementor-element elementor-element-2728df2 e-flex e-con-boxed e-con e-parent\" data-id=\"2728df2\" data-element_type=\"container\" data-e-type=\"container\">\n\t\t\t\t\t<div class=\"e-con-inner\">\n\t\t\t\t<div class=\"elementor-element elementor-element-424aef0 elementor-widget elementor-widget-text-editor\" data-id=\"424aef0\" data-element_type=\"widget\" data-e-type=\"widget\" data-widget_type=\"text-editor.default\">\n\t\t\t\t\t\t\t\t\t<p>De acuerdo con la especialista, Andrea Molina, en atenci\u00f3n a v\u00edctimas, estas son siete se\u00f1ales claras de que podr\u00edas estar en una relaci\u00f3n violenta:<\/p>\t\t\t\t\t\t\t\t<\/div>\n\t\t\t\t\t<\/div>\n\t\t\t\t<\/div>\n\t\t<div data-particle_enable=\"false\" data-particle-mobile-disabled=\"false\" class=\"elementor-element elementor-element-74fed29 e-flex e-con-boxed e-con e-parent\" data-id=\"74fed29\" data-element_type=\"container\" data-e-type=\"container\">\n\t\t\t\t\t<div class=\"e-con-inner\">\n\t\t\t\t<div class=\"elementor-element elementor-element-f6d8370 elementor-widget elementor-widget-image\" data-id=\"f6d8370\" data-element_type=\"widget\" data-e-type=\"widget\" data-widget_type=\"image.default\">\n\t\t\t\t\t\t\t\t\t\t\t\t<figure class=\"wp-caption\">\n\t\t\t\t\t\t\t\t\t\t<img fetchpriority=\"high\" decoding=\"async\" width=\"768\" height=\"512\" src=\"https:\/\/soymigrante.com\/revista\/wp-content\/uploads\/2025\/08\/Senales-de-estar-con-una-pareja-violenta-y-como-reconocerlo3-1024x682.jpeg\" class=\"attachment-large size-large wp-image-42386\" alt=\"Violencia dom\u00e9stica, agresi\u00f3n en el hogar, conflicto familiar, discusi\u00f3n en pareja, mujer asustada, hombre enojado, tensi\u00f3n emocional, violencia psicol\u00f3gica, violencia de g\u00e9nero, conflicto de pareja, agresi\u00f3n en casa, violencia y abuso, expresi\u00f3n de miedo, problemas familiares, inseguridad, violencia verbal, violencia f\u00edsica, agresiones en relaciones, problem\u00e1tica familiar.\" srcset=\"https:\/\/soymigrante.com\/revista\/wp-content\/uploads\/2025\/08\/Senales-de-estar-con-una-pareja-violenta-y-como-reconocerlo3-1024x682.jpeg 1024w, https:\/\/soymigrante.com\/revista\/wp-content\/uploads\/2025\/08\/Senales-de-estar-con-una-pareja-violenta-y-como-reconocerlo3-300x200.jpeg 300w, https:\/\/soymigrante.com\/revista\/wp-content\/uploads\/2025\/08\/Senales-de-estar-con-una-pareja-violenta-y-como-reconocerlo3-768x512.jpeg 768w, https:\/\/soymigrante.com\/revista\/wp-content\/uploads\/2025\/08\/Senales-de-estar-con-una-pareja-violenta-y-como-reconocerlo3-1536x1023.jpeg 1536w, https:\/\/soymigrante.com\/revista\/wp-content\/uploads\/2025\/08\/Senales-de-estar-con-una-pareja-violenta-y-como-reconocerlo3-750x500.webp 750w, https:\/\/soymigrante.com\/revista\/wp-content\/uploads\/2025\/08\/Senales-de-estar-con-una-pareja-violenta-y-como-reconocerlo3-1140x760.webp 1140w, https:\/\/soymigrante.com\/revista\/wp-content\/uploads\/2025\/08\/Senales-de-estar-con-una-pareja-violenta-y-como-reconocerlo3.webp 1600w\" sizes=\"(max-width: 768px) 100vw, 768px\" title=\"Si los signos no se detectan a tiempo se volver\u00e1 m\u00e1s peligrosa la reuni\u00f3n. (Foto: ENVATO) \u2013 SoyMigrante.com REVISTA\" \/>\t\t\t\t\t\t\t\t\t\t\t<figcaption class=\"widget-image-caption wp-caption-text\">Una pareja en discusi\u00f3n acalorada en la sala de una casa moderna, mostrando tensi\u00f3n emocional y conflicto en el entorno familiar.<\/figcaption>\n\t\t\t\t\t\t\t\t\t\t<\/figure>\n\t\t\t\t\t\t\t\t\t<\/div>\n\t\t\t\t\t<\/div>\n\t\t\t\t<\/div>\n\t\t<div data-particle_enable=\"false\" data-particle-mobile-disabled=\"false\" class=\"elementor-element elementor-element-a34e2ba e-flex e-con-boxed e-con e-parent\" data-id=\"a34e2ba\" data-element_type=\"container\" data-e-type=\"container\">\n\t\t\t\t\t<div class=\"e-con-inner\">\n\t\t\t\t<div class=\"elementor-element elementor-element-b288415 elementor-widget elementor-widget-heading\" data-id=\"b288415\" data-element_type=\"widget\" data-e-type=\"widget\" data-widget_type=\"heading.default\">\n\t\t\t\t\t<h3 class=\"elementor-heading-title elementor-size-default\">1.\tControl excesivo<\/h3>\t\t\t\t<\/div>\n\t\t\t\t\t<\/div>\n\t\t\t\t<\/div>\n\t\t<div data-particle_enable=\"false\" data-particle-mobile-disabled=\"false\" class=\"elementor-element elementor-element-37ea937 e-flex e-con-boxed e-con e-parent\" data-id=\"37ea937\" data-element_type=\"container\" data-e-type=\"container\">\n\t\t\t\t\t<div class=\"e-con-inner\">\n\t\t\t\t<div class=\"elementor-element elementor-element-59782d5 elementor-widget elementor-widget-text-editor\" data-id=\"59782d5\" data-element_type=\"widget\" data-e-type=\"widget\" data-widget_type=\"text-editor.default\">\n\t\t\t\t\t\t\t\t\t<p>Tu pareja decide con qui\u00e9n hablas, c\u00f3mo te vistes, <a href=\"https:\/\/soymigrante.com\/revista\/consejos-para-parejas-migrantes-no-discutir-o-tratar-temas-delicados-frente-a-los-hijos\/\" target=\"_blank\" rel=\"noopener\">a d\u00f3nde vas o incluso controla tu dinero.<\/a><\/p>\t\t\t\t\t\t\t\t<\/div>\n\t\t\t\t\t<\/div>\n\t\t\t\t<\/div>\n\t\t<div data-particle_enable=\"false\" data-particle-mobile-disabled=\"false\" class=\"elementor-element elementor-element-db25ee2 e-flex e-con-boxed e-con e-parent\" data-id=\"db25ee2\" data-element_type=\"container\" data-e-type=\"container\">\n\t\t\t\t\t<div class=\"e-con-inner\">\n\t\t\t\t<div class=\"elementor-element elementor-element-ae5737e elementor-widget elementor-widget-heading\" data-id=\"ae5737e\" data-element_type=\"widget\" data-e-type=\"widget\" data-widget_type=\"heading.default\">\n\t\t\t\t\t<h3 class=\"elementor-heading-title elementor-size-default\">2.\tAislamiento<\/h3>\t\t\t\t<\/div>\n\t\t\t\t\t<\/div>\n\t\t\t\t<\/div>\n\t\t<div data-particle_enable=\"false\" data-particle-mobile-disabled=\"false\" class=\"elementor-element elementor-element-2bc4922 e-flex e-con-boxed e-con e-parent\" data-id=\"2bc4922\" data-element_type=\"container\" data-e-type=\"container\">\n\t\t\t\t\t<div class=\"e-con-inner\">\n\t\t\t\t<div class=\"elementor-element elementor-element-dac976d elementor-widget elementor-widget-text-editor\" data-id=\"dac976d\" data-element_type=\"widget\" data-e-type=\"widget\" data-widget_type=\"text-editor.default\">\n\t\t\t\t\t\t\t\t\t<p>Te aleja de tu familia y amistades bajo excusas como \u201csolo quiero estar contigo\u201d o \u201cellos no te entienden\u201d.<\/p>\t\t\t\t\t\t\t\t<\/div>\n\t\t\t\t\t<\/div>\n\t\t\t\t<\/div>\n\t\t<div data-particle_enable=\"false\" data-particle-mobile-disabled=\"false\" class=\"elementor-element elementor-element-21265d0 e-flex e-con-boxed e-con e-parent\" data-id=\"21265d0\" data-element_type=\"container\" data-e-type=\"container\">\n\t\t\t\t\t<div class=\"e-con-inner\">\n\t\t\t\t<div class=\"elementor-element elementor-element-2baad57 elementor-widget elementor-widget-heading\" data-id=\"2baad57\" data-element_type=\"widget\" data-e-type=\"widget\" data-widget_type=\"heading.default\">\n\t\t\t\t\t<h3 class=\"elementor-heading-title elementor-size-default\">3.\tCelos constantes<\/h3>\t\t\t\t<\/div>\n\t\t\t\t\t<\/div>\n\t\t\t\t<\/div>\n\t\t<div data-particle_enable=\"false\" data-particle-mobile-disabled=\"false\" class=\"elementor-element elementor-element-4dde17b e-flex e-con-boxed e-con e-parent\" data-id=\"4dde17b\" data-element_type=\"container\" data-e-type=\"container\">\n\t\t\t\t\t<div class=\"e-con-inner\">\n\t\t\t\t<div class=\"elementor-element elementor-element-a8aa7f6 elementor-widget elementor-widget-text-editor\" data-id=\"a8aa7f6\" data-element_type=\"widget\" data-e-type=\"widget\" data-widget_type=\"text-editor.default\">\n\t\t\t\t\t\t\t\t\t<p>Los celos son disfrazados como amor, pero se convierten en prohibiciones y acusaciones injustificadas.<\/p>\t\t\t\t\t\t\t\t<\/div>\n\t\t\t\t\t<\/div>\n\t\t\t\t<\/div>\n\t\t<div data-particle_enable=\"false\" data-particle-mobile-disabled=\"false\" class=\"elementor-element elementor-element-7c91c2d e-flex e-con-boxed e-con e-parent\" data-id=\"7c91c2d\" data-element_type=\"container\" data-e-type=\"container\">\n\t\t\t\t\t<div class=\"e-con-inner\">\n\t\t\t\t<div class=\"elementor-element elementor-element-892495d elementor-grid-eael-col-1 elementor-grid-tablet-eael-col-2 elementor-grid-mobile-eael-col-1 elementor-invisible elementor-widget elementor-widget-eael-post-grid\" data-id=\"892495d\" data-element_type=\"widget\" data-e-type=\"widget\" data-settings=\"{&quot;eael_post_grid_columns&quot;:&quot;eael-col-1&quot;,&quot;_animation&quot;:&quot;rollIn&quot;,&quot;eael_post_grid_columns_tablet&quot;:&quot;eael-col-2&quot;,&quot;eael_post_grid_columns_mobile&quot;:&quot;eael-col-1&quot;}\" data-widget_type=\"eael-post-grid.default\">\n\t\t\t\t\t<div id=\"eael-post-grid-892495d\" class=\"eael-post-grid-container\">\n            <div class=\"eael-post-grid eael-post-appender eael-post-appender-892495d eael-post-grid-style-one\" data-layout-mode=\"masonry\"><article class=\"eael-grid-post  eael-post-grid-column eael-pg-post-35778 category-salud-emocional tags-salud-emocional\" data-id=\"35778\">\n        <div class=\"eael-grid-post-holder\">\n            <div class=\"eael-grid-post-holder-inner\"><div class=\"eael-entry-media\"><div class=\"eael-entry-overlay fade-in\"><i class=\"far fa-hand-pointer\" aria-hidden=\"true\"><\/i><a href=\"https:\/\/soymigrante.com\/revista\/como-manejar-la-ira-es-una-emocion-humana-pero-se-debe-saber-controlar-y-canalizar\/\"><\/a><\/div><div class=\"eael-entry-thumbnail eael-image-ratio\">\n                <img decoding=\"async\" width=\"1024\" height=\"576\" src=\"https:\/\/soymigrante.com\/revista\/wp-content\/uploads\/2025\/06\/Como-manejar-la-ira-Recomendaciones-para-controlar-una-emocion-natural-1-1024x576.jpeg\" class=\"attachment-large size-large wp-image-35779\" alt=\"Ansiedad, estres, mujer gritando, expresi\u00f3n de sufrimiento, salud mental, bienestar emocional.\" \/>\n            <\/div>\n        <\/div><div class=\"eael-entry-wrapper\"><header class=\"eael-entry-header\"><h2 class=\"eael-entry-title\"><a class=\"eael-grid-post-link\" href=\"https:\/\/soymigrante.com\/revista\/como-manejar-la-ira-es-una-emocion-humana-pero-se-debe-saber-controlar-y-canalizar\/\" title=\"\u00bfC\u00f3mo manejar la ira? Es una emoci\u00f3n humana pero se debe saber controlar y canalizar\">\u00bfC\u00f3mo manejar la ira? Es una emoci\u00f3n humana pero se debe saber controlar y canalizar<\/a><\/h2><\/header><div class=\"eael-entry-content\">\n                        <div class=\"eael-grid-post-excerpt\"><a href=\"https:\/\/soymigrante.com\/revista\/como-manejar-la-ira-es-una-emocion-humana-pero-se-debe-saber-controlar-y-canalizar\/\" class=\"eael-post-elements-readmore-btn\">CONOCE SU HISTORIA <\/a><\/div>\n                    <\/div><\/div><\/div>\n        <\/div>\n    <\/article><\/div>\n            <div class=\"clearfix\"><\/div>\n        <\/div>\t\t\t\t<\/div>\n\t\t\t\t\t<\/div>\n\t\t\t\t<\/div>\n\t\t<div data-particle_enable=\"false\" data-particle-mobile-disabled=\"false\" class=\"elementor-element elementor-element-35c0160 e-flex e-con-boxed e-con e-parent\" data-id=\"35c0160\" data-element_type=\"container\" data-e-type=\"container\">\n\t\t\t\t\t<div class=\"e-con-inner\">\n\t\t\t\t<div class=\"elementor-element elementor-element-015737d elementor-widget elementor-widget-heading\" data-id=\"015737d\" data-element_type=\"widget\" data-e-type=\"widget\" data-widget_type=\"heading.default\">\n\t\t\t\t\t<h3 class=\"elementor-heading-title elementor-size-default\">4.\tInsultos o humillaciones<\/h3>\t\t\t\t<\/div>\n\t\t\t\t\t<\/div>\n\t\t\t\t<\/div>\n\t\t<div data-particle_enable=\"false\" data-particle-mobile-disabled=\"false\" class=\"elementor-element elementor-element-310b003 e-flex e-con-boxed e-con e-parent\" data-id=\"310b003\" data-element_type=\"container\" data-e-type=\"container\">\n\t\t\t\t\t<div class=\"e-con-inner\">\n\t\t\t\t<div class=\"elementor-element elementor-element-84a6a1c elementor-widget elementor-widget-text-editor\" data-id=\"84a6a1c\" data-element_type=\"widget\" data-e-type=\"widget\" data-widget_type=\"text-editor.default\">\n\t\t\t\t\t\t\t\t\t<p>Las palabras hirientes, burlas o comentarios que menosprecian tu forma de ser,<a href=\"https:\/\/soymigrante.com\/revista\/consejos-para-parejas-migrantes-no-discutir-o-tratar-temas-delicados-frente-a-los-hijos\/\" target=\"_blank\" rel=\"noopener\"> tu cuerpo o tus logros son violencia verbal.<\/a><\/p>\t\t\t\t\t\t\t\t<\/div>\n\t\t\t\t\t<\/div>\n\t\t\t\t<\/div>\n\t\t<div data-particle_enable=\"false\" data-particle-mobile-disabled=\"false\" class=\"elementor-element elementor-element-b304364 e-flex e-con-boxed e-con e-parent\" data-id=\"b304364\" data-element_type=\"container\" data-e-type=\"container\">\n\t\t\t\t\t<div class=\"e-con-inner\">\n\t\t\t\t<div class=\"elementor-element elementor-element-39d3b83 elementor-widget elementor-widget-heading\" data-id=\"39d3b83\" data-element_type=\"widget\" data-e-type=\"widget\" data-widget_type=\"heading.default\">\n\t\t\t\t\t<h3 class=\"elementor-heading-title elementor-size-default\">5.\tManipulaci\u00f3n emocional<\/h3>\t\t\t\t<\/div>\n\t\t\t\t\t<\/div>\n\t\t\t\t<\/div>\n\t\t<div data-particle_enable=\"false\" data-particle-mobile-disabled=\"false\" class=\"elementor-element elementor-element-5b4ac5c e-flex e-con-boxed e-con e-parent\" data-id=\"5b4ac5c\" data-element_type=\"container\" data-e-type=\"container\">\n\t\t\t\t\t<div class=\"e-con-inner\">\n\t\t\t\t<div class=\"elementor-element elementor-element-92d54de elementor-widget elementor-widget-text-editor\" data-id=\"92d54de\" data-element_type=\"widget\" data-e-type=\"widget\" data-widget_type=\"text-editor.default\">\n\t\t\t\t\t\t\t\t\t<p>Te culpa de sus enojos, te hace sentir responsable de su mal humor o de lo que ocurre en la relaci\u00f3n.<\/p>\t\t\t\t\t\t\t\t<\/div>\n\t\t\t\t\t<\/div>\n\t\t\t\t<\/div>\n\t\t<div data-particle_enable=\"false\" data-particle-mobile-disabled=\"false\" class=\"elementor-element elementor-element-9979634 e-flex e-con-boxed e-con e-parent\" data-id=\"9979634\" data-element_type=\"container\" data-e-type=\"container\">\n\t\t\t\t\t<div class=\"e-con-inner\">\n\t\t\t\t<div class=\"elementor-element elementor-element-4930e40 elementor-widget elementor-widget-heading\" data-id=\"4930e40\" data-element_type=\"widget\" data-e-type=\"widget\" data-widget_type=\"heading.default\">\n\t\t\t\t\t<h3 class=\"elementor-heading-title elementor-size-default\">6.\tAmenazas<\/h3>\t\t\t\t<\/div>\n\t\t\t\t\t<\/div>\n\t\t\t\t<\/div>\n\t\t<div data-particle_enable=\"false\" data-particle-mobile-disabled=\"false\" class=\"elementor-element elementor-element-9a56671 e-flex e-con-boxed e-con e-parent\" data-id=\"9a56671\" data-element_type=\"container\" data-e-type=\"container\">\n\t\t\t\t\t<div class=\"e-con-inner\">\n\t\t\t\t<div class=\"elementor-element elementor-element-62c16f8 elementor-widget elementor-widget-text-editor\" data-id=\"62c16f8\" data-element_type=\"widget\" data-e-type=\"widget\" data-widget_type=\"text-editor.default\">\n\t\t\t\t\t\t\t\t\t<p>Ya sea de dejarte, hacerte da\u00f1o o incluso de atentar contra s\u00ed mismo, las amenazas son una forma de ejercer control.<\/p>\t\t\t\t\t\t\t\t<\/div>\n\t\t\t\t\t<\/div>\n\t\t\t\t<\/div>\n\t\t<div data-particle_enable=\"false\" data-particle-mobile-disabled=\"false\" class=\"elementor-element elementor-element-35eac7c e-flex e-con-boxed e-con e-parent\" data-id=\"35eac7c\" data-element_type=\"container\" data-e-type=\"container\">\n\t\t\t\t\t<div class=\"e-con-inner\">\n\t\t\t\t<div class=\"elementor-element elementor-element-5987423 elementor-widget elementor-widget-heading\" data-id=\"5987423\" data-element_type=\"widget\" data-e-type=\"widget\" data-widget_type=\"heading.default\">\n\t\t\t\t\t<h3 class=\"elementor-heading-title elementor-size-default\">7.\tAgresiones f\u00edsicas<\/h3>\t\t\t\t<\/div>\n\t\t\t\t\t<\/div>\n\t\t\t\t<\/div>\n\t\t<div data-particle_enable=\"false\" data-particle-mobile-disabled=\"false\" class=\"elementor-element elementor-element-0961805 e-flex e-con-boxed e-con e-parent\" data-id=\"0961805\" data-element_type=\"container\" data-e-type=\"container\">\n\t\t\t\t\t<div class=\"e-con-inner\">\n\t\t\t\t<div class=\"elementor-element elementor-element-e4d8c27 elementor-widget elementor-widget-text-editor\" data-id=\"e4d8c27\" data-element_type=\"widget\" data-e-type=\"widget\" data-widget_type=\"text-editor.default\">\n\t\t\t\t\t\t\t\t\t<p>Aunque empiecen con empujones o jalones, son una clara se\u00f1al de peligro y suelen ir en aumento con el tiempo.<\/p>\t\t\t\t\t\t\t\t<\/div>\n\t\t\t\t\t<\/div>\n\t\t\t\t<\/div>\n\t\t<div data-particle_enable=\"false\" data-particle-mobile-disabled=\"false\" class=\"elementor-element elementor-element-09d2195 e-flex e-con-boxed e-con e-parent\" data-id=\"09d2195\" data-element_type=\"container\" data-e-type=\"container\">\n\t\t\t\t\t<div class=\"e-con-inner\">\n\t\t\t\t<div class=\"elementor-element elementor-element-4c1e523 elementor-widget elementor-widget-text-editor\" data-id=\"4c1e523\" data-element_type=\"widget\" data-e-type=\"widget\" data-widget_type=\"text-editor.default\">\n\t\t\t\t\t\t\t\t\t<p>La experta advierte que <a href=\"https:\/\/soymigrante.com\/revista\/consejos-para-parejas-migrantes-no-discutir-o-tratar-temas-delicados-frente-a-los-hijos\/\" target=\"_blank\" rel=\"noopener\">normalizar estas conductas puede llevar a que la violencia escal<\/a>e y ponga en riesgo la integridad de la persona afectada.<\/p>\t\t\t\t\t\t\t\t<\/div>\n\t\t\t\t\t<\/div>\n\t\t\t\t<\/div>\n\t\t<div data-particle_enable=\"false\" data-particle-mobile-disabled=\"false\" class=\"elementor-element elementor-element-aa2cebf e-flex e-con-boxed e-con e-parent\" data-id=\"aa2cebf\" data-element_type=\"container\" data-e-type=\"container\">\n\t\t\t\t\t<div class=\"e-con-inner\">\n\t\t\t\t<div class=\"elementor-element elementor-element-55503df elementor-widget elementor-widget-image\" data-id=\"55503df\" data-element_type=\"widget\" data-e-type=\"widget\" data-widget_type=\"image.default\">\n\t\t\t\t\t\t\t\t\t\t\t\t<figure class=\"wp-caption\">\n\t\t\t\t\t\t\t\t\t\t<img decoding=\"async\" width=\"768\" height=\"512\" src=\"https:\/\/soymigrante.com\/revista\/wp-content\/uploads\/2025\/08\/Senales-de-estar-con-una-pareja-violenta-y-como-reconocerlo4-1024x682.jpeg\" class=\"attachment-large size-large wp-image-42387\" alt=\"Un hombre agrediendo a una mujer en una discusi\u00f3n, mostrando tensi\u00f3n y conflicto, en un fondo neutral.\" srcset=\"https:\/\/soymigrante.com\/revista\/wp-content\/uploads\/2025\/08\/Senales-de-estar-con-una-pareja-violenta-y-como-reconocerlo4-1024x682.jpeg 1024w, https:\/\/soymigrante.com\/revista\/wp-content\/uploads\/2025\/08\/Senales-de-estar-con-una-pareja-violenta-y-como-reconocerlo4-300x200.jpeg 300w, https:\/\/soymigrante.com\/revista\/wp-content\/uploads\/2025\/08\/Senales-de-estar-con-una-pareja-violenta-y-como-reconocerlo4-768x512.jpeg 768w, https:\/\/soymigrante.com\/revista\/wp-content\/uploads\/2025\/08\/Senales-de-estar-con-una-pareja-violenta-y-como-reconocerlo4-1536x1023.jpeg 1536w, https:\/\/soymigrante.com\/revista\/wp-content\/uploads\/2025\/08\/Senales-de-estar-con-una-pareja-violenta-y-como-reconocerlo4-750x500.webp 750w, https:\/\/soymigrante.com\/revista\/wp-content\/uploads\/2025\/08\/Senales-de-estar-con-una-pareja-violenta-y-como-reconocerlo4-1140x760.webp 1140w, https:\/\/soymigrante.com\/revista\/wp-content\/uploads\/2025\/08\/Senales-de-estar-con-una-pareja-violenta-y-como-reconocerlo4.webp 1600w\" sizes=\"(max-width: 768px) 100vw, 768px\" title=\"Salir de una relaci\u00f3n abusiva te puede salvar la vida. (Foto: ENVATO) \u2013 SoyMigrante.com REVISTA\" \/>\t\t\t\t\t\t\t\t\t\t\t<figcaption class=\"widget-image-caption wp-caption-text\">Una mujer y un hombre en medio de una discusi\u00f3n acalorada, expresando frustraci\u00f3n y enojo en un entorno neutral para una tem\u00e1tica de conflictos y emociones.<\/figcaption>\n\t\t\t\t\t\t\t\t\t\t<\/figure>\n\t\t\t\t\t\t\t\t\t<\/div>\n\t\t\t\t\t<\/div>\n\t\t\t\t<\/div>\n\t\t<div data-particle_enable=\"false\" data-particle-mobile-disabled=\"false\" class=\"elementor-element elementor-element-acd5fdf e-flex e-con-boxed e-con e-parent\" data-id=\"acd5fdf\" data-element_type=\"container\" data-e-type=\"container\">\n\t\t\t\t\t<div class=\"e-con-inner\">\n\t\t\t\t<div class=\"elementor-element elementor-element-27b998b elementor-widget elementor-widget-heading\" data-id=\"27b998b\" data-element_type=\"widget\" data-e-type=\"widget\" data-widget_type=\"heading.default\">\n\t\t\t\t\t<h3 class=\"elementor-heading-title elementor-size-default\">\u00bfQu\u00e9 hacer si identificas estas se\u00f1ales?<\/h3>\t\t\t\t<\/div>\n\t\t\t\t\t<\/div>\n\t\t\t\t<\/div>\n\t\t<div data-particle_enable=\"false\" data-particle-mobile-disabled=\"false\" class=\"elementor-element elementor-element-67100e2 e-flex e-con-boxed e-con e-parent\" data-id=\"67100e2\" data-element_type=\"container\" data-e-type=\"container\">\n\t\t\t\t\t<div class=\"e-con-inner\">\n\t\t\t\t<div class=\"elementor-element elementor-element-6857ce7 elementor-widget elementor-widget-text-editor\" data-id=\"6857ce7\" data-element_type=\"widget\" data-e-type=\"widget\" data-widget_type=\"text-editor.default\">\n\t\t\t\t\t\t\t\t\t<p><a href=\"https:\/\/soymigrante.com\/revista\/consejos-para-parejas-migrantes-no-discutir-o-tratar-temas-delicados-frente-a-los-hijos\/\" target=\"_blank\" rel=\"noopener\">Si reconoces alguno de estos comportamientos en tu relaci\u00f3n, es importante buscar apoyo.<\/a> Puedes acudir a familiares de confianza, organizaciones de atenci\u00f3n a mujeres v\u00edctimas de violencia o llamar a n\u00fameros de emergencia en tu pa\u00eds.<\/p><p>En Guatemala, el n\u00famero 1572 de la Secretar\u00eda contra la Violencia Sexual, Explotaci\u00f3n y Trata de Personas (SVET) est\u00e1 disponible para orientaci\u00f3n, al igual que el 110 de la PNC en casos de emergencia.<\/p><p>En Estados Unidos se debe llamar al 911, ellos brindar\u00e1n ayuda y atenci\u00f3n primaria.<\/p><p><a href=\"https:\/\/soymigrante.com\/revista\/consejos-para-parejas-migrantes-no-discutir-o-tratar-temas-delicados-frente-a-los-hijos\/\" target=\"_blank\" rel=\"noopener\">Detectar la violencia a tiempo es el primer paso para salir de un c\u00edrculo da\u00f1ino<\/a>. Recordar que el amor nunca debe doler ni limitar es fundamental para construir relaciones sanas y seguras.<\/p>\t\t\t\t\t\t\t\t<\/div>\n\t\t\t\t\t<\/div>\n\t\t\t\t<\/div>\n\t\t<div data-particle_enable=\"false\" data-particle-mobile-disabled=\"false\" class=\"elementor-element elementor-element-433d306 e-flex e-con-boxed e-con e-parent\" data-id=\"433d306\" data-element_type=\"container\" data-e-type=\"container\">\n\t\t\t\t\t<div class=\"e-con-inner\">\n\t\t\t\t<div class=\"elementor-element elementor-element-7e8487a elementor-widget elementor-widget-heading\" data-id=\"7e8487a\" data-element_type=\"widget\" data-e-type=\"widget\" data-widget_type=\"heading.default\">\n\t\t\t\t\t<h2 class=\"elementor-heading-title elementor-size-default\">Estos temas te pueden interesar...<\/h2>\t\t\t\t<\/div>\n\t\t\t\t\t<\/div>\n\t\t\t\t<\/div>\n\t\t<div data-particle_enable=\"false\" data-particle-mobile-disabled=\"false\" class=\"elementor-element elementor-element-fef77e9 e-flex e-con-boxed e-con e-parent\" data-id=\"fef77e9\" data-element_type=\"container\" data-e-type=\"container\">\n\t\t\t\t\t<div class=\"e-con-inner\">\n\t\t\t\t<div class=\"elementor-element elementor-element-2c5dbbd elementor-grid-eael-col-3 elementor-grid-tablet-eael-col-2 elementor-grid-mobile-eael-col-1 elementor-invisible elementor-widget elementor-widget-eael-post-grid\" data-id=\"2c5dbbd\" data-element_type=\"widget\" data-e-type=\"widget\" data-settings=\"{&quot;eael_post_grid_columns&quot;:&quot;eael-col-3&quot;,&quot;_animation&quot;:&quot;rollIn&quot;,&quot;eael_post_grid_columns_tablet&quot;:&quot;eael-col-2&quot;,&quot;eael_post_grid_columns_mobile&quot;:&quot;eael-col-1&quot;}\" data-widget_type=\"eael-post-grid.default\">\n\t\t\t\t\t<div id=\"eael-post-grid-2c5dbbd\" class=\"eael-post-grid-container\">\n            <div class=\"eael-post-grid eael-post-appender eael-post-appender-2c5dbbd eael-post-grid-style-one\" data-layout-mode=\"masonry\"><article class=\"eael-grid-post  eael-post-grid-column eael-pg-post-7919 category-guate-nuestra\" data-id=\"7919\">\n        <div class=\"eael-grid-post-holder\">\n            <div class=\"eael-grid-post-holder-inner\"><div class=\"eael-entry-media\"><div class=\"eael-entry-overlay fade-in\"><i class=\"far fa-hand-pointer\" aria-hidden=\"true\"><\/i><a href=\"https:\/\/soymigrante.com\/revista\/tantas-parejas-suenan-con-celebrar-sus-bodas-en-antigua-guatemala\/\"><\/a><\/div><div class=\"eael-entry-thumbnail \">\n                <img loading=\"lazy\" decoding=\"async\" width=\"1024\" height=\"681\" src=\"https:\/\/soymigrante.com\/revista\/wp-content\/uploads\/2024\/08\/boda-ana-melissa-wedding-guatemala-1024x681.webp\" class=\"attachment-large size-large wp-image-7954\" alt=\"Elegante pareja de reci\u00e9n casados en sesi\u00f3n fotogr\u00e1fica con coche cl\u00e1sico blanco, fondo de arquitectura hist\u00f3rica, celebraci\u00f3n de amor y cultura en M\u00e9xico.\" srcset=\"https:\/\/soymigrante.com\/revista\/wp-content\/uploads\/2024\/08\/boda-ana-melissa-wedding-guatemala-1024x681.webp 1024w, https:\/\/soymigrante.com\/revista\/wp-content\/uploads\/2024\/08\/boda-ana-melissa-wedding-guatemala-300x200.webp 300w, https:\/\/soymigrante.com\/revista\/wp-content\/uploads\/2024\/08\/boda-ana-melissa-wedding-guatemala-768x511.webp 768w, https:\/\/soymigrante.com\/revista\/wp-content\/uploads\/2024\/08\/boda-ana-melissa-wedding-guatemala-750x499.webp 750w, https:\/\/soymigrante.com\/revista\/wp-content\/uploads\/2024\/08\/boda-ana-melissa-wedding-guatemala-1140x758.webp 1140w, https:\/\/soymigrante.com\/revista\/wp-content\/uploads\/2024\/08\/boda-ana-melissa-wedding-guatemala.webp 1440w\" sizes=\"(max-width: 1024px) 100vw, 1024px\" \/>\n            <\/div>\n        <\/div><div class=\"eael-entry-wrapper\"><header class=\"eael-entry-header\"><h2 class=\"eael-entry-title\"><a class=\"eael-grid-post-link\" href=\"https:\/\/soymigrante.com\/revista\/tantas-parejas-suenan-con-celebrar-sus-bodas-en-antigua-guatemala\/\" title=\"Tantas parejas sue\u00f1an con celebrar sus bodas en Antigua Guatemala\">Tantas parejas sue\u00f1an con celebrar sus bodas en Antigua Guatemala<\/a><\/h2><\/header><div class=\"eael-entry-content\">\n                        <div class=\"eael-grid-post-excerpt\"><a href=\"https:\/\/soymigrante.com\/revista\/tantas-parejas-suenan-con-celebrar-sus-bodas-en-antigua-guatemala\/\" class=\"eael-post-elements-readmore-btn\">CONOCE SU HISTORIA <\/a><\/div>\n                    <\/div><\/div><\/div>\n        <\/div>\n    <\/article><article class=\"eael-grid-post  eael-post-grid-column eael-pg-post-1413 category-en-familia\" data-id=\"1413\">\n        <div class=\"eael-grid-post-holder\">\n            <div class=\"eael-grid-post-holder-inner\"><div class=\"eael-entry-media\"><div class=\"eael-entry-overlay fade-in\"><i class=\"far fa-hand-pointer\" aria-hidden=\"true\"><\/i><a href=\"https:\/\/soymigrante.com\/revista\/consejos-para-parejas-migrantes-no-discutir-o-tratar-temas-delicados-frente-a-los-hijos\/\"><\/a><\/div><div class=\"eael-entry-thumbnail \">\n                <img loading=\"lazy\" decoding=\"async\" width=\"1024\" height=\"659\" src=\"https:\/\/soymigrante.com\/revista\/wp-content\/uploads\/2023\/06\/Las-discusiones-de-padres-frente-a-los-hijos-son-inconvenientes-y-daninas-2-1024x659.webp\" class=\"attachment-large size-large wp-image-1418\" alt=\"\" srcset=\"https:\/\/soymigrante.com\/revista\/wp-content\/uploads\/2023\/06\/Las-discusiones-de-padres-frente-a-los-hijos-son-inconvenientes-y-daninas-2-1024x659.webp 1024w, https:\/\/soymigrante.com\/revista\/wp-content\/uploads\/2023\/06\/Las-discusiones-de-padres-frente-a-los-hijos-son-inconvenientes-y-daninas-2-300x193.webp 300w, https:\/\/soymigrante.com\/revista\/wp-content\/uploads\/2023\/06\/Las-discusiones-de-padres-frente-a-los-hijos-son-inconvenientes-y-daninas-2-768x494.webp 768w, https:\/\/soymigrante.com\/revista\/wp-content\/uploads\/2023\/06\/Las-discusiones-de-padres-frente-a-los-hijos-son-inconvenientes-y-daninas-2-750x483.webp 750w, https:\/\/soymigrante.com\/revista\/wp-content\/uploads\/2023\/06\/Las-discusiones-de-padres-frente-a-los-hijos-son-inconvenientes-y-daninas-2-1140x734.webp 1140w, https:\/\/soymigrante.com\/revista\/wp-content\/uploads\/2023\/06\/Las-discusiones-de-padres-frente-a-los-hijos-son-inconvenientes-y-daninas-2.webp 1345w\" sizes=\"(max-width: 1024px) 100vw, 1024px\" \/>\n            <\/div>\n        <\/div><div class=\"eael-entry-wrapper\"><header class=\"eael-entry-header\"><h2 class=\"eael-entry-title\"><a class=\"eael-grid-post-link\" href=\"https:\/\/soymigrante.com\/revista\/consejos-para-parejas-migrantes-no-discutir-o-tratar-temas-delicados-frente-a-los-hijos\/\" title=\"Claves para abordar temas y situaciones dif\u00edciles en pareja\">Claves para abordar temas y situaciones dif\u00edciles en pareja<\/a><\/h2><\/header><div class=\"eael-entry-content\">\n                        <div class=\"eael-grid-post-excerpt\"><a href=\"https:\/\/soymigrante.com\/revista\/consejos-para-parejas-migrantes-no-discutir-o-tratar-temas-delicados-frente-a-los-hijos\/\" class=\"eael-post-elements-readmore-btn\">CONOCE SU HISTORIA <\/a><\/div>\n                    <\/div><\/div><\/div>\n        <\/div>\n    <\/article><article class=\"eael-grid-post  eael-post-grid-column eael-pg-post-9035 category-guate-nuestra\" data-id=\"9035\">\n        <div class=\"eael-grid-post-holder\">\n            <div class=\"eael-grid-post-holder-inner\"><div class=\"eael-entry-media\"><div class=\"eael-entry-overlay fade-in\"><i class=\"far fa-hand-pointer\" aria-hidden=\"true\"><\/i><a href=\"https:\/\/soymigrante.com\/revista\/la-emotiva-experiencia-de-captar-a-una-pareja-quetzal-en-guatemala\/\"><\/a><\/div><div class=\"eael-entry-thumbnail \">\n                <img loading=\"lazy\" decoding=\"async\" width=\"1024\" height=\"1024\" src=\"https:\/\/soymigrante.com\/revista\/wp-content\/uploads\/2024\/09\/macho-quetzal-jose-antonio-perico-soy-migrante3-1-1024x1024.webp\" class=\"attachment-large size-large wp-image-9054\" alt=\"Bucico en la selva amaz\u00f3nica, s\u00edmbolo de la biodiversidad y protecci\u00f3n del medio ambiente en las comunidades migrantes de Am\u00e9rica Latina.\" srcset=\"https:\/\/soymigrante.com\/revista\/wp-content\/uploads\/2024\/09\/macho-quetzal-jose-antonio-perico-soy-migrante3-1-1024x1024.webp 1024w, https:\/\/soymigrante.com\/revista\/wp-content\/uploads\/2024\/09\/macho-quetzal-jose-antonio-perico-soy-migrante3-1-300x300.webp 300w, https:\/\/soymigrante.com\/revista\/wp-content\/uploads\/2024\/09\/macho-quetzal-jose-antonio-perico-soy-migrante3-1-150x150.webp 150w, https:\/\/soymigrante.com\/revista\/wp-content\/uploads\/2024\/09\/macho-quetzal-jose-antonio-perico-soy-migrante3-1-768x768.webp 768w, https:\/\/soymigrante.com\/revista\/wp-content\/uploads\/2024\/09\/macho-quetzal-jose-antonio-perico-soy-migrante3-1-75x75.webp 75w, https:\/\/soymigrante.com\/revista\/wp-content\/uploads\/2024\/09\/macho-quetzal-jose-antonio-perico-soy-migrante3-1-750x750.webp 750w, https:\/\/soymigrante.com\/revista\/wp-content\/uploads\/2024\/09\/macho-quetzal-jose-antonio-perico-soy-migrante3-1-1140x1140.webp 1140w, https:\/\/soymigrante.com\/revista\/wp-content\/uploads\/2024\/09\/macho-quetzal-jose-antonio-perico-soy-migrante3-1.webp 1366w\" sizes=\"(max-width: 1024px) 100vw, 1024px\" \/>\n            <\/div>\n        <\/div><div class=\"eael-entry-wrapper\"><header class=\"eael-entry-header\"><h2 class=\"eael-entry-title\"><a class=\"eael-grid-post-link\" href=\"https:\/\/soymigrante.com\/revista\/la-emotiva-experiencia-de-captar-a-una-pareja-quetzal-en-guatemala\/\" title=\"La emotiva experiencia de captar a una pareja Quetzal en Guatemala\">La emotiva experiencia de captar a una pareja Quetzal en Guatemala<\/a><\/h2><\/header><div class=\"eael-entry-content\">\n                        <div class=\"eael-grid-post-excerpt\"><a href=\"https:\/\/soymigrante.com\/revista\/la-emotiva-experiencia-de-captar-a-una-pareja-quetzal-en-guatemala\/\" class=\"eael-post-elements-readmore-btn\">CONOCE SU HISTORIA <\/a><\/div>\n                    <\/div><\/div><\/div>\n        <\/div>\n    <\/article><\/div>\n            <div class=\"clearfix\"><\/div>\n        <\/div>\t\t\t\t<\/div>\n\t\t\t\t\t<\/div>\n\t\t\t\t<\/div>\n\t\t\t\t<\/div>\n\t\t","protected":false},"excerpt":{"rendered":"<p>Las se\u00f1ales de estar con una pareja violenta, algunas veces no son claras, pero estas se\u00f1ales te pueden ayudar. La violencia en las relaciones de pareja no siempre se manifiesta con golpes desde el inicio. Muchas veces comienza con actitudes sutiles que, poco a poco, van escalando hasta convertirse en agresiones f\u00edsicas, emocionales o psicol\u00f3gicas. [&hellip;]<\/p>\n","protected":false},"author":19,"featured_media":9958,"comment_status":"open","ping_status":"open","sticky":false,"template":"","format":"standard","meta":{"_acf_changed":false,"_eb_attr":"","footnotes":""},"categories":[259],"tags":[260],"class_list":["post-42375","post","type-post","status-publish","format-standard","has-post-thumbnail","hentry","category-salud-emocional","tag-salud-emocional"],"acf":[],"aioseo_notices":[],"aioseo_head":"\n\t\t<!-- All in One SEO Pro 4.9.6.2 - aioseo.com -->\n\t<meta name=\"description\" content=\"Este 2024, el fot\u00f3grafo momosteco Jos\u00e9 Antonio Peric\u00f3 tuvo la oportunidad de captar a una pareja Quetzal en San Rafael Pie de la Cuesta, San Marcos.\" \/>\n\t<meta name=\"robots\" content=\"max-snippet:-1, max-image-preview:large, max-video-preview:-1\" \/>\n\t<meta name=\"author\" content=\"Beatriz Tercero\"\/>\n\t<link rel=\"canonical\" href=\"https:\/\/soymigrante.com\/revista\/la-emotiva-experiencia-de-captar-a-una-pareja-quetzal-en-guatemala\/\" \/>\n\t<meta name=\"generator\" content=\"All in One SEO Pro (AIOSEO) 4.9.6.2\" \/>\n\n\t\t<link rel=\"preconnect\" href=\"https:\/\/fonts.googleapis.com\" crossorigin>\n<link rel=\"preconnect\" href=\"https:\/\/fonts.gstatic.com\" crossorigin>\n\t\t<meta property=\"og:locale\" content=\"es_ES\" \/>\n\t\t<meta property=\"og:site_name\" content=\"SoyMigrante.com REVISTA \u2013 Nuestra misi\u00f3n es reconocer y dignificar al migrante.\" \/>\n\t\t<meta property=\"og:type\" content=\"article\" \/>\n\t\t<meta property=\"og:title\" content=\"La inigualable experiencia de captar al Quetzal en Guatemala\" \/>\n\t\t<meta property=\"og:description\" content=\"Este 2024, el fot\u00f3grafo momosteco Jos\u00e9 Antonio Peric\u00f3 tuvo la oportunidad de captar a una pareja Quetzal en San Rafael Pie de la Cuesta, San Marcos.\" \/>\n\t\t<meta property=\"og:url\" content=\"https:\/\/soymigrante.com\/revista\/la-emotiva-experiencia-de-captar-a-una-pareja-quetzal-en-guatemala\/\" \/>\n\t\t<meta property=\"og:image\" content=\"https:\/\/soymigrante.com\/revista\/wp-content\/uploads\/2024\/09\/macho-quetzal-jose-antonio-perico-soy-migrante3-1.webp\" \/>\n\t\t<meta property=\"og:image:secure_url\" content=\"https:\/\/soymigrante.com\/revista\/wp-content\/uploads\/2024\/09\/macho-quetzal-jose-antonio-perico-soy-migrante3-1.webp\" \/>\n\t\t<meta property=\"og:image:width\" content=\"1366\" \/>\n\t\t<meta property=\"og:image:height\" content=\"1366\" \/>\n\t\t<meta property=\"article:published_time\" content=\"2024-12-15T11:00:00+00:00\" \/>\n\t\t<meta property=\"article:modified_time\" content=\"2024-12-15T01:59:02+00:00\" \/>\n\t\t<meta property=\"article:publisher\" content=\"https:\/\/www.facebook.com\/soymigrantecom\" \/>\n\t\t<meta name=\"twitter:card\" content=\"summary_large_image\" \/>\n\t\t<meta name=\"twitter:site\" content=\"@SoyMigrante_com\" \/>\n\t\t<meta name=\"twitter:title\" content=\"La inigualable experiencia de captar al Quetzal en Guatemala\" \/>\n\t\t<meta name=\"twitter:description\" content=\"Este 2024, el fot\u00f3grafo momosteco Jos\u00e9 Antonio Peric\u00f3 tuvo la oportunidad de captar a una pareja Quetzal en San Rafael Pie de la Cuesta, San Marcos.\" \/>\n\t\t<meta name=\"twitter:creator\" content=\"@SoyMigrante_com\" \/>\n\t\t<meta name=\"twitter:image\" content=\"https:\/\/soymigrante.com\/revista\/wp-content\/uploads\/2024\/09\/macho-quetzal-jose-antonio-perico-soy-migrante3-1.webp\" \/>\n\t\t<!-- All in One SEO Pro -->\r\n\t\t<title>La inigualable experiencia de captar al Quetzal en Guatemala<\/title>\n\n","aioseo_head_json":{"title":"La inigualable experiencia de captar al Quetzal en Guatemala","description":"Este 2024, el fot\u00f3grafo momosteco Jos\u00e9 Antonio Peric\u00f3 tuvo la oportunidad de captar a una pareja Quetzal en San Rafael Pie de la Cuesta, San Marcos.","canonical_url":"https:\/\/soymigrante.com\/revista\/la-emotiva-experiencia-de-captar-a-una-pareja-quetzal-en-guatemala\/","robots":"max-snippet:-1, max-image-preview:large, max-video-preview:-1","keywords":"","webmasterTools":{"miscellaneous":"&lt;link rel=\"preconnect\" href=\"https:\/\/fonts.googleapis.com\" crossorigin&gt;\n&lt;link rel=\"preconnect\" href=\"https:\/\/fonts.gstatic.com\" crossorigin&gt;"},"schema":null,"og:locale":"es_ES","og:site_name":"SoyMigrante.com REVISTA \u2013 Nuestra misi\u00f3n es reconocer y dignificar al migrante.","og:type":"article","og:title":"La inigualable experiencia de captar al Quetzal en Guatemala","og:description":"Este 2024, el fot\u00f3grafo momosteco Jos\u00e9 Antonio Peric\u00f3 tuvo la oportunidad de captar a una pareja Quetzal en San Rafael Pie de la Cuesta, San Marcos.","og:url":"https:\/\/soymigrante.com\/revista\/la-emotiva-experiencia-de-captar-a-una-pareja-quetzal-en-guatemala\/","og:image":"https:\/\/soymigrante.com\/revista\/wp-content\/uploads\/2024\/09\/macho-quetzal-jose-antonio-perico-soy-migrante3-1.webp","og:image:secure_url":"https:\/\/soymigrante.com\/revista\/wp-content\/uploads\/2024\/09\/macho-quetzal-jose-antonio-perico-soy-migrante3-1.webp","og:image:width":1366,"og:image:height":1366,"article:published_time":"2024-12-15T11:00:00+00:00","article:modified_time":"2024-12-15T01:59:02+00:00","article:publisher":"https:\/\/www.facebook.com\/soymigrantecom","twitter:card":"summary_large_image","twitter:site":"@SoyMigrante_com","twitter:title":"La inigualable experiencia de captar al Quetzal en Guatemala","twitter:description":"Este 2024, el fot\u00f3grafo momosteco Jos\u00e9 Antonio Peric\u00f3 tuvo la oportunidad de captar a una pareja Quetzal en San Rafael Pie de la Cuesta, San Marcos.","twitter:creator":"@SoyMigrante_com","twitter:image":"https:\/\/soymigrante.com\/revista\/wp-content\/uploads\/2024\/09\/macho-quetzal-jose-antonio-perico-soy-migrante3-1.webp"},"aioseo_meta_data":{"post_id":"42375","title":null,"description":"Las se\u00f1ales de estar con una pareja violenta, algunas veces no son claras, pero estas se\u00f1ales te pueden ayudar.","keywords":null,"keyphrases":{"focus":{"keyphrase":"Pareja","score":91,"analysis":{"keyphraseInTitle":{"score":9,"maxScore":9,"error":0},"keyphraseInDescription":{"score":9,"maxScore":9,"error":0},"keyphraseLength":{"score":9,"maxScore":9,"error":0,"length":1},"keyphraseInURL":{"score":5,"maxScore":5,"error":0},"keyphraseInIntroduction":{"score":9,"maxScore":9,"error":0},"keyphraseInSubHeadings":{"score":3,"maxScore":9,"error":1},"keyphraseInImageAlt":{"score":9,"maxScore":9,"error":0},"keywordDensity":{"type":"best","score":9,"maxScore":9,"error":0}}},"additional":[{"keyphrase":"Violenta","score":53,"analysis":{"keyphraseInDescription":{"score":9,"maxScore":9,"error":0},"keyphraseLength":{"score":9,"maxScore":9,"error":0,"length":1},"keyphraseInIntroduction":{"score":3,"maxScore":9,"error":1},"keyphraseInImageAlt":{"score":3,"maxScore":9,"error":1},"keywordDensity":{"score":0,"type":"low","maxScore":9,"error":1}}},{"keyphrase":"se\u00f1ales","score":73,"analysis":{"keyphraseInDescription":{"score":9,"maxScore":9,"error":0},"keyphraseLength":{"score":9,"maxScore":9,"error":0,"length":2},"keyphraseInIntroduction":{"score":3,"maxScore":9,"error":1},"keyphraseInImageAlt":{"score":3,"maxScore":9,"error":1},"keywordDensity":{"type":"best","score":9,"maxScore":9,"error":0}}}]},"primary_term":null,"canonical_url":null,"og_title":null,"og_description":null,"og_object_type":"default","og_image_type":"default","og_image_url":null,"og_image_width":null,"og_image_height":null,"og_image_custom_url":null,"og_image_custom_fields":null,"og_video":"","og_custom_url":null,"og_article_section":null,"og_article_tags":null,"twitter_use_og":false,"twitter_card":"default","twitter_image_type":"default","twitter_image_url":null,"twitter_image_custom_url":null,"twitter_image_custom_fields":null,"twitter_title":null,"twitter_description":null,"schema":{"blockGraphs":[],"customGraphs":[],"default":{"data":{"Article":[],"Course":[],"Dataset":[],"FAQPage":[],"Movie":[],"Person":[],"Product":[],"ProductReview":[],"Car":[],"Recipe":[],"Service":[],"SoftwareApplication":[],"WebPage":[]},"graphName":"none","isEnabled":true},"graphs":[]},"schema_type":"default","schema_type_options":null,"pillar_content":false,"robots_default":true,"robots_noindex":false,"robots_noarchive":false,"robots_nosnippet":false,"robots_nofollow":false,"robots_noimageindex":false,"robots_noodp":false,"robots_notranslate":false,"robots_max_snippet":"-1","robots_max_videopreview":"-1","robots_max_imagepreview":"large","priority":null,"frequency":"default","local_seo":null,"seo_analyzer_scan_date":"2025-10-09 07:48:31","breadcrumb_settings":null,"limit_modified_date":false,"reviewed_by":"0","open_ai":null,"ai":{"faqs":[],"keyPoints":[],"titles":[],"descriptions":[],"socialPosts":{"email":[],"linkedin":[],"twitter":[],"facebook":[],"instagram":[]}},"created":"2025-08-20 18:31:34","updated":"2026-02-05 04:21:51"},"aioseo_breadcrumb":"<div class=\"aioseo-breadcrumbs\"><span class=\"aioseo-breadcrumb\">\n\t<a href=\"https:\/\/soymigrante.com\/revista\" title=\"Home\">Home<\/a>\n<\/span><span class=\"aioseo-breadcrumb-separator\">\u00bb<\/span><span class=\"aioseo-breadcrumb\">\n\t<a href=\"https:\/\/soymigrante.com\/revista\/category\/bienestar\/\" title=\"Bienestar\">Bienestar<\/a>\n<\/span><span class=\"aioseo-breadcrumb-separator\">\u00bb<\/span><span class=\"aioseo-breadcrumb\">\n\t<a href=\"https:\/\/soymigrante.com\/revista\/category\/bienestar\/salud-emocional\/\" title=\"Salud Emocional\">Salud Emocional<\/a>\n<\/span><span class=\"aioseo-breadcrumb-separator\">\u00bb<\/span><span class=\"aioseo-breadcrumb\">\n\t\u00a1Mucho ojo! Se\u00f1ales de  una pareja potencialmente violenta\n<\/span><\/div>","aioseo_breadcrumb_json":[{"label":"Home","link":"https:\/\/soymigrante.com\/revista"},{"label":"Bienestar","link":"https:\/\/soymigrante.com\/revista\/category\/bienestar\/"},{"label":"Salud Emocional","link":"https:\/\/soymigrante.com\/revista\/category\/bienestar\/salud-emocional\/"},{"label":"\u00a1Mucho ojo! Se\u00f1ales de  una pareja potencialmente violenta","link":"https:\/\/soymigrante.com\/revista\/mucho-ojo-senales-de-una-pareja-potencialmente-violenta\/"}],"_links":{"self":[{"href":"https:\/\/soymigrante.com\/revista\/wp-json\/wp\/v2\/posts\/42375","targetHints":{"allow":["GET"]}}],"collection":[{"href":"https:\/\/soymigrante.com\/revista\/wp-json\/wp\/v2\/posts"}],"about":[{"href":"https:\/\/soymigrante.com\/revista\/wp-json\/wp\/v2\/types\/post"}],"author":[{"embeddable":true,"href":"https:\/\/soymigrante.com\/revista\/wp-json\/wp\/v2\/users\/19"}],"replies":[{"embeddable":true,"href":"https:\/\/soymigrante.com\/revista\/wp-json\/wp\/v2\/comments?post=42375"}],"version-history":[{"count":15,"href":"https:\/\/soymigrante.com\/revista\/wp-json\/wp\/v2\/posts\/42375\/revisions"}],"predecessor-version":[{"id":42843,"href":"https:\/\/soymigrante.com\/revista\/wp-json\/wp\/v2\/posts\/42375\/revisions\/42843"}],"wp:featuredmedia":[{"embeddable":true,"href":"https:\/\/soymigrante.com\/revista\/wp-json\/wp\/v2\/media\/9958"}],"wp:attachment":[{"href":"https:\/\/soymigrante.com\/revista\/wp-json\/wp\/v2\/media?parent=42375"}],"wp:term":[{"taxonomy":"category","embeddable":true,"href":"https:\/\/soymigrante.com\/revista\/wp-json\/wp\/v2\/categories?post=42375"},{"taxonomy":"post_tag","embeddable":true,"href":"https:\/\/soymigrante.com\/revista\/wp-json\/wp\/v2\/tags?post=42375"}],"curies":[{"name":"wp","href":"https:\/\/api.w.org\/{rel}","templated":true}]}}