{"id":42333,"date":"2026-02-19T18:02:52","date_gmt":"2026-02-20T00:02:52","guid":{"rendered":"https:\/\/soymigrante.com\/revista\/?p=42333"},"modified":"2026-02-19T18:02:59","modified_gmt":"2026-02-20T00:02:59","slug":"murales-mayas-del-sitio-san-bartolo-peten-tienen-2-mil-anos-los-conoces","status":"publish","type":"post","link":"https:\/\/soymigrante.com\/revista\/murales-mayas-del-sitio-san-bartolo-peten-tienen-2-mil-anos-los-conoces\/","title":{"rendered":"Los murales mayas del sitio San Bartolo, Pet\u00e9n, son una verdadera joya de 2 mil a\u00f1os"},"content":{"rendered":"\t\t<div data-elementor-type=\"wp-post\" data-elementor-id=\"42333\" class=\"elementor elementor-42333\" data-elementor-post-type=\"post\">\n\t\t\t\t<div data-particle_enable=\"false\" data-particle-mobile-disabled=\"false\" class=\"elementor-element elementor-element-acc6057 e-flex e-con-boxed e-con e-parent\" data-id=\"acc6057\" data-element_type=\"container\" data-e-type=\"container\">\n\t\t\t\t\t<div class=\"e-con-inner\">\n\t\t\t\t<div class=\"elementor-element elementor-element-80cb06c elementor-widget elementor-widget-heading\" data-id=\"80cb06c\" data-element_type=\"widget\" data-e-type=\"widget\" data-widget_type=\"heading.default\">\n\t\t\t\t\t<h2 class=\"elementor-heading-title elementor-size-default\">En la exhuberante selva petenera se encuentra una de las joyas mayas m\u00e1s fascinantes: los murales del sitio San Bartolo, que datan del a\u00f1o 100 antes de Cristo. Todo guatemalteco deber\u00eda conocerlos.<\/h2>\t\t\t\t<\/div>\n\t\t\t\t\t<\/div>\n\t\t\t\t<\/div>\n\t\t<div data-particle_enable=\"false\" data-particle-mobile-disabled=\"false\" class=\"elementor-element elementor-element-2f2d7d2 e-flex e-con-boxed e-con e-parent\" data-id=\"2f2d7d2\" data-element_type=\"container\" data-e-type=\"container\">\n\t\t\t\t\t<div class=\"e-con-inner\">\n\t\t\t\t<div class=\"elementor-element elementor-element-1e52ada elementor-widget elementor-widget-text-editor\" data-id=\"1e52ada\" data-element_type=\"widget\" data-e-type=\"widget\" data-widget_type=\"text-editor.default\">\n\t\t\t\t\t\t\t\t\t<p>En 2001 el arque\u00f3logo estadounidense William Saturno, estaba cansado, un poco molesto y con mucho calor en la selva petenera. Hab\u00eda ido a buscar una inscripciones de glifos en un sitio maya de <a href=\"https:\/\/soymigrante.com\/revista\/departamentos-de-guatemala-peten-es-un-baul-de-tesoros-prehispanicos-y-ecologicos\/\">Pet\u00e9n<\/a> y no encontr\u00f3 nada. No ten\u00edan agua y el equipo de apoyo fue a buscar alg\u00fan mananantial. Mientras tanto se sent\u00f3 a descansar en una zanja abierta por &#8220;huecheros&#8221; o sea saqueadores de piezas mayas, en un mont\u00edculo.<\/p><p>Y mientras descansaba, decidi\u00f3 explorar la fosa y encontr\u00f3 algo interesante: un mural que representa una ceremonia en la cual el Dios del Ma\u00edz participa. Fue as\u00ed como este cient\u00edfico, investigador del museo Peabody de Arqueolog\u00eda se top\u00f3 con uno de los<a href=\"https:\/\/soymigrante.com\/revista\/joyas-mayas-migrantes-incensario-con-antepasado-y-concha-marina-en-baltimore\/\"> hallazgos m\u00e1s incre\u00edble<\/a>s de toda la arqueolog\u00eda maya: los fascinantes murales de San Bartolo cuya exploraci\u00f3n inici\u00f3 en 2002.<\/p><p>Esta pintura es la m\u00e1s antigua y mejor conservada de toda Mesoam\u00e9rica. Data del a\u00f1o 100 antes de Cristo.<\/p>\t\t\t\t\t\t\t\t<\/div>\n\t\t\t\t\t<\/div>\n\t\t\t\t<\/div>\n\t\t<div data-particle_enable=\"false\" data-particle-mobile-disabled=\"false\" class=\"elementor-element elementor-element-182855d e-flex e-con-boxed e-con e-parent\" data-id=\"182855d\" data-element_type=\"container\" data-e-type=\"container\">\n\t\t\t\t\t<div class=\"e-con-inner\">\n\t\t\t\t<div class=\"elementor-element elementor-element-9041d87 elementor-widget elementor-widget-image\" data-id=\"9041d87\" data-element_type=\"widget\" data-e-type=\"widget\" data-widget_type=\"image.default\">\n\t\t\t\t\t\t\t\t\t\t\t\t<figure class=\"wp-caption\">\n\t\t\t\t\t\t\t\t\t\t<img fetchpriority=\"high\" decoding=\"async\" width=\"1024\" height=\"255\" src=\"https:\/\/soymigrante.com\/revista\/wp-content\/uploads\/2025\/08\/bartolo_norte-1024x255.jpg\" class=\"attachment-large size-large wp-image-42351\" alt=\"Relevancia: La imagen es relevante para la revista SoyMigrante.com, que trata temas de migraci\u00f3n, cultura y experiencias de los migrantes en diferentes comunidades.\" srcset=\"https:\/\/soymigrante.com\/revista\/wp-content\/uploads\/2025\/08\/bartolo_norte-1024x255.jpg 1024w, https:\/\/soymigrante.com\/revista\/wp-content\/uploads\/2025\/08\/bartolo_norte-300x75.jpg 300w, https:\/\/soymigrante.com\/revista\/wp-content\/uploads\/2025\/08\/bartolo_norte-768x191.jpg 768w, https:\/\/soymigrante.com\/revista\/wp-content\/uploads\/2025\/08\/bartolo_norte-750x187.jpg 750w, https:\/\/soymigrante.com\/revista\/wp-content\/uploads\/2025\/08\/bartolo_norte-1140x284.jpg 1140w, https:\/\/soymigrante.com\/revista\/wp-content\/uploads\/2025\/08\/bartolo_norte.webp 1200w\" sizes=\"(max-width: 1024px) 100vw, 1024px\" title=\"Mural de San Bartolo norte. Se puede ver la ceremonia que se efect\u00faa. El Dios del Ma\u00edz, marcado por la flecha, tambi\u00e9n participa. Dibujo de Heather Hurst. \u2013 SoyMigrante.com REVISTA\" \/>\t\t\t\t\t\t\t\t\t\t\t<figcaption class=\"widget-image-caption wp-caption-text\">Leyenda: Mujer ind\u00edgena con instrumentos, personajes ancestrales y elementos culturales en una ilustraci\u00f3n colorida y detallada.<\/figcaption>\n\t\t\t\t\t\t\t\t\t\t<\/figure>\n\t\t\t\t\t\t\t\t\t<\/div>\n\t\t\t\t\t<\/div>\n\t\t\t\t<\/div>\n\t\t<div data-particle_enable=\"false\" data-particle-mobile-disabled=\"false\" class=\"elementor-element elementor-element-32ec868 e-flex e-con-boxed e-con e-parent\" data-id=\"32ec868\" data-element_type=\"container\" data-e-type=\"container\">\n\t\t\t\t\t<div class=\"e-con-inner\">\n\t\t\t\t<div class=\"elementor-element elementor-element-4b3ee64 elementor-widget elementor-widget-heading\" data-id=\"4b3ee64\" data-element_type=\"widget\" data-e-type=\"widget\" data-widget_type=\"heading.default\">\n\t\t\t\t\t<h3 class=\"elementor-heading-title elementor-size-default\">\u00bfPor qu\u00e9 es la pintura m\u00e1s importante de toda la regi\u00f3n?<\/h3>\t\t\t\t<\/div>\n\t\t\t\t\t<\/div>\n\t\t\t\t<\/div>\n\t\t<div data-particle_enable=\"false\" data-particle-mobile-disabled=\"false\" class=\"elementor-element elementor-element-fba4b3a e-flex e-con-boxed e-con e-parent\" data-id=\"fba4b3a\" data-element_type=\"container\" data-e-type=\"container\">\n\t\t\t\t\t<div class=\"e-con-inner\">\n\t\t\t\t<div class=\"elementor-element elementor-element-e972fc7 elementor-widget elementor-widget-text-editor\" data-id=\"e972fc7\" data-element_type=\"widget\" data-e-type=\"widget\" data-widget_type=\"text-editor.default\">\n\t\t\t\t\t\t\t\t\t<p><b>1. Primero por su antig\u00fcedad<\/b>: 2 mil a\u00f1os. Mientras que otros murales mayas conocidos, como los de Bonampak en M\u00e9xico, pertenecen al per\u00edodo Cl\u00e1sico (siglo VIII d.C.), los de San Bartolo son del Precl\u00e1sico Tard\u00edo, es decir, varios siglos anteriores, posiblemente 100 antes de Cristo.\u00a0 Esto muestra que los mayas ya hab\u00edan alcanzado un alt\u00edsimo nivel art\u00edstico y simb\u00f3lico mucho antes de lo que se pensaba.<\/p><p><b>2. Excelente conservaci\u00f3n. <\/b>A pesar de tener m\u00e1s de dos mil a\u00f1os, los murales permanecen casi intactos, con colores vivos y trazos delicados que permiten apreciar escenas completas. Son un caso \u00fanico en la regi\u00f3n, ya que en la mayor\u00eda de sitios arqueol\u00f3gicos solo se conservan fragmentos. De hecho, son los muros norte y occidente los que se pueden ver. El mural oriente solo est\u00e1 en fragmentos que los arque\u00f3logos encontraron.<\/p>\t\t\t\t\t\t\t\t<\/div>\n\t\t\t\t\t<\/div>\n\t\t\t\t<\/div>\n\t\t<div data-particle_enable=\"false\" data-particle-mobile-disabled=\"false\" class=\"elementor-element elementor-element-94fa513 e-flex e-con-boxed e-con e-parent\" data-id=\"94fa513\" data-element_type=\"container\" data-e-type=\"container\">\n\t\t\t\t\t<div class=\"e-con-inner\">\n\t\t\t\t<div class=\"elementor-element elementor-element-6de0252 elementor-widget elementor-widget-image\" data-id=\"6de0252\" data-element_type=\"widget\" data-e-type=\"widget\" data-widget_type=\"image.default\">\n\t\t\t\t\t\t\t\t\t\t\t\t<figure class=\"wp-caption\">\n\t\t\t\t\t\t\t\t\t\t<img decoding=\"async\" width=\"293\" height=\"433\" src=\"https:\/\/soymigrante.com\/revista\/wp-content\/uploads\/2025\/08\/SBmural.jpg\" class=\"attachment-large size-large wp-image-42352\" alt=\"Reproducci\u00f3n de una pintura prehisp\u00e1nica mexicana que presenta un dios o figura mitol\u00f3gica con detalles ornamentales y simbolismos culturales. Esta imagen refleja la riqueza del arte ind\u00edgena y su historia en M\u00e9xico.\" srcset=\"https:\/\/soymigrante.com\/revista\/wp-content\/uploads\/2025\/08\/SBmural.jpg 293w, https:\/\/soymigrante.com\/revista\/wp-content\/uploads\/2025\/08\/SBmural-203x300.jpg 203w\" sizes=\"(max-width: 293px) 100vw, 293px\" title=\"Vista de una de las figuras de uno de los murales de San Bartolo, descubiertos por el arque\u00f3logo estadounidense William Saturno. (Fotograf\u00eda Mesoweb) \u2013 SoyMigrante.com REVISTA\" \/>\t\t\t\t\t\t\t\t\t\t\t<figcaption class=\"widget-image-caption wp-caption-text\">Pintura mural azteca de diosa guerrera, s\u00edmbolos tradicionales, arte ind\u00edgena, patrimonio cultural mexicano, historia prehisp\u00e1nica, cultura ancestral, arte mural hist\u00f3rico.<\/figcaption>\n\t\t\t\t\t\t\t\t\t\t<\/figure>\n\t\t\t\t\t\t\t\t\t<\/div>\n\t\t\t\t\t<\/div>\n\t\t\t\t<\/div>\n\t\t<div data-particle_enable=\"false\" data-particle-mobile-disabled=\"false\" class=\"elementor-element elementor-element-a3ae82b e-flex e-con-boxed e-con e-parent\" data-id=\"a3ae82b\" data-element_type=\"container\" data-e-type=\"container\">\n\t\t\t\t\t<div class=\"e-con-inner\">\n\t\t\t\t<div class=\"elementor-element elementor-element-b3cca93 elementor-widget elementor-widget-text-editor\" data-id=\"b3cca93\" data-element_type=\"widget\" data-e-type=\"widget\" data-widget_type=\"text-editor.default\">\n\t\t\t\t\t\t\t\t\t<p><span style=\"font-family: Roboto, sans-serif; font-size: 22px; font-style: normal; font-variant-ligatures: normal; font-variant-caps: normal;\"><b>3. Alta calidad.<\/b><\/span><span style=\"font-family: Roboto, sans-serif; font-size: 22px; font-style: normal; font-variant-ligatures: normal; font-variant-caps: normal; font-weight: 400;\"> Las figuras muestran proporci\u00f3n, movimiento y expresividad, con un refinamiento que rivaliza con las grandes tradiciones pict\u00f3ricas de la antig\u00fcedad mundial. Esto demuestra que la pintura mural no era un arte secundario, sino un medio central de expresi\u00f3n cultural maya.<\/span><\/p>\n<p><b>4. Por su alto valor simb\u00f3lico y narrativo<\/b>. Los murales son como un c\u00f3dice pintado en piedra, que combina religi\u00f3n, mito y pol\u00edtica. A trav\u00e9s de im\u00e1genes, los mayas transmitieron su visi\u00f3n del cosmos, sus dioses y el papel del rey como mediador entre el mundo humano y el divino.<\/p>\t\t\t\t\t\t\t\t<\/div>\n\t\t\t\t\t<\/div>\n\t\t\t\t<\/div>\n\t\t<div data-particle_enable=\"false\" data-particle-mobile-disabled=\"false\" class=\"elementor-element elementor-element-fbeeaf1 e-flex e-con-boxed e-con e-parent\" data-id=\"fbeeaf1\" data-element_type=\"container\" data-e-type=\"container\">\n\t\t\t\t\t<div class=\"e-con-inner\">\n\t\t\t\t<div class=\"elementor-element elementor-element-1add11d elementor-widget elementor-widget-heading\" data-id=\"1add11d\" data-element_type=\"widget\" data-e-type=\"widget\" data-widget_type=\"heading.default\">\n\t\t\t\t\t<h3 class=\"elementor-heading-title elementor-size-default\">El arque\u00f3logo William Saturno, descubridor, explica los murales <\/h3>\t\t\t\t<\/div>\n\t\t\t\t\t<\/div>\n\t\t\t\t<\/div>\n\t\t<div data-particle_enable=\"false\" data-particle-mobile-disabled=\"false\" class=\"elementor-element elementor-element-3f0c6ac e-flex e-con-boxed e-con e-parent\" data-id=\"3f0c6ac\" data-element_type=\"container\" data-e-type=\"container\">\n\t\t\t\t\t<div class=\"e-con-inner\">\n\t\t\t\t<div class=\"elementor-element elementor-element-3c787b9 elementor-widget elementor-widget-html\" data-id=\"3c787b9\" data-element_type=\"widget\" data-e-type=\"widget\" data-widget_type=\"html.default\">\n\t\t\t\t\t<iframe  src=\"https:\/\/newmedia.ufm.edu\/embed\/?pe=eyJlbWJlZElEIjoxNjI4Nn0=\" frameborder=\"0\" width=\"600\" height=\"420\" allowfullscreen><\/iframe>\t\t\t\t<\/div>\n\t\t\t\t\t<\/div>\n\t\t\t\t<\/div>\n\t\t<div data-particle_enable=\"false\" data-particle-mobile-disabled=\"false\" class=\"elementor-element elementor-element-b1eb82d e-flex e-con-boxed e-con e-parent\" data-id=\"b1eb82d\" data-element_type=\"container\" data-e-type=\"container\">\n\t\t\t\t\t<div class=\"e-con-inner\">\n\t\t\t\t<div class=\"elementor-element elementor-element-20b7baf elementor-widget elementor-widget-heading\" data-id=\"20b7baf\" data-element_type=\"widget\" data-e-type=\"widget\" data-widget_type=\"heading.default\">\n\t\t\t\t\t<h3 class=\"elementor-heading-title elementor-size-default\">\u00bfQu\u00e9 significan los murales de San Bartolo?<\/h3>\t\t\t\t<\/div>\n\t\t\t\t\t<\/div>\n\t\t\t\t<\/div>\n\t\t<div data-particle_enable=\"false\" data-particle-mobile-disabled=\"false\" class=\"elementor-element elementor-element-294691d e-flex e-con-boxed e-con e-parent\" data-id=\"294691d\" data-element_type=\"container\" data-e-type=\"container\">\n\t\t\t\t\t<div class=\"e-con-inner\">\n\t\t\t\t<div class=\"elementor-element elementor-element-d233443 elementor-widget elementor-widget-text-editor\" data-id=\"d233443\" data-element_type=\"widget\" data-e-type=\"widget\" data-widget_type=\"text-editor.default\">\n\t\t\t\t\t\t\t\t\t<p>Los murales ocupan las paredes de la llamada Pir\u00e1mide de las Pinturas y narran episodios m\u00edticos y rituales que revelan las ra\u00edces de la cosmovisi\u00f3n maya:<\/p><p>1. <b>El mito de la creaci\u00f3n: <\/b>una de las escenas muestra al dios del ma\u00edz emergiendo de una monta\u00f1a o \u00e1rbol sagrado, lo cual alude al origen de la humanidad a partir del ma\u00edz, tal como relata el Popol Vuh.<\/p>\t\t\t\t\t\t\t\t<\/div>\n\t\t\t\t\t<\/div>\n\t\t\t\t<\/div>\n\t\t<div data-particle_enable=\"false\" data-particle-mobile-disabled=\"false\" class=\"elementor-element elementor-element-1c1649f e-flex e-con-boxed e-con e-parent\" data-id=\"1c1649f\" data-element_type=\"container\" data-e-type=\"container\">\n\t\t\t\t\t<div class=\"e-con-inner\">\n\t\t\t\t<div class=\"elementor-element elementor-element-05009da elementor-widget elementor-widget-text-editor\" data-id=\"05009da\" data-element_type=\"widget\" data-e-type=\"widget\" data-widget_type=\"text-editor.default\">\n\t\t\t\t\t\t\t\t\t<p>2. El sacrificio y la sangre como ofrenda: se observan figuras realizando autosacrificios, derramando sangre para mantener el equilibrio del universo. La sangre, en la cosmovisi\u00f3n maya, era el alimento de los dioses.<\/p>\t\t\t\t\t\t\t\t<\/div>\n\t\t\t\t\t<\/div>\n\t\t\t\t<\/div>\n\t\t<div data-particle_enable=\"false\" data-particle-mobile-disabled=\"false\" class=\"elementor-element elementor-element-fe17f51 e-flex e-con-boxed e-con e-parent\" data-id=\"fe17f51\" data-element_type=\"container\" data-e-type=\"container\">\n\t\t\t\t\t<div class=\"e-con-inner\">\n\t\t\t\t<div class=\"elementor-element elementor-element-8f9cfc1 elementor-widget elementor-widget-html\" data-id=\"8f9cfc1\" data-element_type=\"widget\" data-e-type=\"widget\" data-widget_type=\"html.default\">\n\t\t\t\t\t<iframe width=\"560\" height=\"315\" src=\"https:\/\/www.youtube.com\/embed\/ZGMRZ29lug4?si=HN6-r2Nd86uUBDj9\" title=\"YouTube video player\" frameborder=\"0\" allow=\"accelerometer; autoplay; clipboard-write; encrypted-media; gyroscope; picture-in-picture; web-share\" referrerpolicy=\"strict-origin-when-cross-origin\" allowfullscreen><\/iframe>\t\t\t\t<\/div>\n\t\t\t\t\t<\/div>\n\t\t\t\t<\/div>\n\t\t<div data-particle_enable=\"false\" data-particle-mobile-disabled=\"false\" class=\"elementor-element elementor-element-06a6159 e-flex e-con-boxed e-con e-parent\" data-id=\"06a6159\" data-element_type=\"container\" data-e-type=\"container\">\n\t\t\t\t\t<div class=\"e-con-inner\">\n\t\t\t\t<div class=\"elementor-element elementor-element-0895539 elementor-widget elementor-widget-text-editor\" data-id=\"0895539\" data-element_type=\"widget\" data-e-type=\"widget\" data-widget_type=\"text-editor.default\">\n\t\t\t\t\t\t\t\t\t<p>3. El \u00e1rbol del mundo: un eje c\u00f3smico que conecta el inframundo, la tierra y el cielo, con aves y deidades en lo alto, representando la uni\u00f3n de los planos del universo.<\/p><p>4. La legitimidad del poder: en otra pared se representa la coronaci\u00f3n de un rey, acompa\u00f1ado por deidades. Esto muestra que la realeza se conceb\u00eda como un mandato divino, validado por los dioses desde los or\u00edgenes de la civilizaci\u00f3n.<\/p>\t\t\t\t\t\t\t\t<\/div>\n\t\t\t\t\t<\/div>\n\t\t\t\t<\/div>\n\t\t<div data-particle_enable=\"false\" data-particle-mobile-disabled=\"false\" class=\"elementor-element elementor-element-a341093 e-flex e-con-boxed e-con e-parent\" data-id=\"a341093\" data-element_type=\"container\" data-e-type=\"container\">\n\t\t\t\t\t<div class=\"e-con-inner\">\n\t\t\t\t<div class=\"elementor-element elementor-element-5325f0d elementor-arrows-position-inside elementor-pagination-position-outside elementor-widget elementor-widget-image-carousel\" data-id=\"5325f0d\" data-element_type=\"widget\" data-e-type=\"widget\" data-settings=\"{&quot;slides_to_show&quot;:&quot;1&quot;,&quot;navigation&quot;:&quot;both&quot;,&quot;autoplay&quot;:&quot;yes&quot;,&quot;pause_on_hover&quot;:&quot;yes&quot;,&quot;pause_on_interaction&quot;:&quot;yes&quot;,&quot;autoplay_speed&quot;:5000,&quot;infinite&quot;:&quot;yes&quot;,&quot;effect&quot;:&quot;slide&quot;,&quot;speed&quot;:500}\" data-widget_type=\"image-carousel.default\">\n\t\t\t\t\t\t\t<div class=\"elementor-image-carousel-wrapper swiper\" role=\"region\" aria-roledescription=\"carousel\" aria-label=\"Carrusel de im\u00e1genes\" dir=\"ltr\">\n\t\t\t<div class=\"elementor-image-carousel swiper-wrapper\" aria-live=\"off\">\n\t\t\t\t\t\t\t\t<div class=\"swiper-slide\" role=\"group\" aria-roledescription=\"slide\" aria-label=\"1 de 3\"><figure class=\"swiper-slide-inner\"><img decoding=\"async\" class=\"swiper-slide-image\" src=\"https:\/\/soymigrante.com\/revista\/wp-content\/uploads\/2025\/08\/murales-san-bartolo-9.webp\" alt=\"Ritos tradicionales de danza y arte en ceremonia en mural Azteca colorido y detallado para revista SoyMigrante.com REVISTA.\" \/><\/figure><\/div><div class=\"swiper-slide\" role=\"group\" aria-roledescription=\"slide\" aria-label=\"2 de 3\"><figure class=\"swiper-slide-inner\"><img decoding=\"async\" class=\"swiper-slide-image\" src=\"https:\/\/soymigrante.com\/revista\/wp-content\/uploads\/2025\/08\/murales-san-bartolo-10.webp\" alt=\"Dibujo de arte tradicional maya en tonos rojos y negros en una pared, representando escenas culturales y ceremoniales antiguas con personajes folcl\u00f3ricos y elementos simb\u00f3licos.\" \/><\/figure><\/div><div class=\"swiper-slide\" role=\"group\" aria-roledescription=\"slide\" aria-label=\"3 de 3\"><figure class=\"swiper-slide-inner\"><img decoding=\"async\" class=\"swiper-slide-image\" src=\"https:\/\/soymigrante.com\/revista\/wp-content\/uploads\/2025\/08\/murales-san-bartolo-11.webp\" alt=\"Espect\u00e1culo tradicional maya en la cer\u00e1mica, representando danza, m\u00fasica y cultura ind\u00edgena y migrante, con detalles en rojo, negro y crema, en estilo ancestral y contempor\u00e1neo.\" \/><\/figure><\/div>\t\t\t<\/div>\n\t\t\t\t\t\t\t\t\t\t\t\t<div class=\"elementor-swiper-button elementor-swiper-button-prev\" role=\"button\" tabindex=\"0\">\n\t\t\t\t\t\t<i aria-hidden=\"true\" class=\"eicon-chevron-left\"><\/i>\t\t\t\t\t<\/div>\n\t\t\t\t\t<div class=\"elementor-swiper-button elementor-swiper-button-next\" role=\"button\" tabindex=\"0\">\n\t\t\t\t\t\t<i aria-hidden=\"true\" class=\"eicon-chevron-right\"><\/i>\t\t\t\t\t<\/div>\n\t\t\t\t\n\t\t\t\t\t\t\t\t\t<div class=\"swiper-pagination\"><\/div>\n\t\t\t\t\t\t\t\t\t<\/div>\n\t\t\t\t\t\t<\/div>\n\t\t\t\t\t<\/div>\n\t\t\t\t<\/div>\n\t\t<div data-particle_enable=\"false\" data-particle-mobile-disabled=\"false\" class=\"elementor-element elementor-element-e60ffc5 e-flex e-con-boxed e-con e-parent\" data-id=\"e60ffc5\" data-element_type=\"container\" data-e-type=\"container\">\n\t\t\t\t\t<div class=\"e-con-inner\">\n\t\t\t\t<div class=\"elementor-element elementor-element-c487afe elementor-widget elementor-widget-heading\" data-id=\"c487afe\" data-element_type=\"widget\" data-e-type=\"widget\" data-widget_type=\"heading.default\">\n\t\t\t\t\t<h3 class=\"elementor-heading-title elementor-size-default\">Tesoro de Guatemala para la humanidad<\/h3>\t\t\t\t<\/div>\n\t\t\t\t\t<\/div>\n\t\t\t\t<\/div>\n\t\t<div data-particle_enable=\"false\" data-particle-mobile-disabled=\"false\" class=\"elementor-element elementor-element-e003397 e-flex e-con-boxed e-con e-parent\" data-id=\"e003397\" data-element_type=\"container\" data-e-type=\"container\">\n\t\t\t\t\t<div class=\"e-con-inner\">\n\t\t\t\t<div class=\"elementor-element elementor-element-17b8dd8 elementor-widget elementor-widget-text-editor\" data-id=\"17b8dd8\" data-element_type=\"widget\" data-e-type=\"widget\" data-widget_type=\"text-editor.default\">\n\t\t\t\t\t\t\t\t\t<p>Los murales de San Bartolo son sobresalientes porque combinan antig\u00fcedad, belleza y profundidad simb\u00f3lica. No solo son la pintura mural m\u00e1s importante de Guatemala, sino que est\u00e1n al nivel de las grandes obras del arte universal, al narrar, con color y trazo, c\u00f3mo entend\u00edan los mayas el origen del mundo y la funci\u00f3n sagrada de sus gobernantes.<\/p><p>Hoy, su preservaci\u00f3n representa un reto, pues la fragilidad del estuco y los pigmentos requiere constante cuidado. Sin embargo, cada escena contin\u00faa hablando, m\u00e1s de dos mil a\u00f1os despu\u00e9s, de un pueblo cuya visi\u00f3n del cosmos sigue viva en la memoria cultural de Guatemala.<\/p><p>Los murales de San Bartolo deber\u00edan ser mostrados, ense\u00f1ados y valorados en todas las escuelas de Guatemala, para aumentar su conocimiento y motivar el orgullo por la civilizaci\u00f3n maya.<\/p>\t\t\t\t\t\t\t\t<\/div>\n\t\t\t\t\t<\/div>\n\t\t\t\t<\/div>\n\t\t<div data-particle_enable=\"false\" data-particle-mobile-disabled=\"false\" class=\"elementor-element elementor-element-d202cbf e-flex e-con-boxed e-con e-parent\" data-id=\"d202cbf\" data-element_type=\"container\" data-e-type=\"container\">\n\t\t\t\t\t<div class=\"e-con-inner\">\n\t\t\t\t<div class=\"elementor-element elementor-element-1e25165 elementor-widget elementor-widget-heading\" data-id=\"1e25165\" data-element_type=\"widget\" data-e-type=\"widget\" data-widget_type=\"heading.default\">\n\t\t\t\t\t<h2 class=\"elementor-heading-title elementor-size-default\">Guatemala: relicario de tesoros mayas<\/h2>\t\t\t\t<\/div>\n\t\t\t\t\t<\/div>\n\t\t\t\t<\/div>\n\t\t<div data-particle_enable=\"false\" data-particle-mobile-disabled=\"false\" class=\"elementor-element elementor-element-972d1b4 e-flex e-con-boxed e-con e-parent\" data-id=\"972d1b4\" data-element_type=\"container\" data-e-type=\"container\">\n\t\t\t\t\t<div class=\"e-con-inner\">\n\t\t\t\t<div class=\"elementor-element elementor-element-a3f13fa elementor-grid-eael-col-3 elementor-grid-tablet-eael-col-2 elementor-grid-mobile-eael-col-1 elementor-invisible elementor-widget elementor-widget-eael-post-grid\" data-id=\"a3f13fa\" data-element_type=\"widget\" data-e-type=\"widget\" data-settings=\"{&quot;eael_post_grid_columns&quot;:&quot;eael-col-3&quot;,&quot;_animation&quot;:&quot;rollIn&quot;,&quot;eael_post_grid_columns_tablet&quot;:&quot;eael-col-2&quot;,&quot;eael_post_grid_columns_mobile&quot;:&quot;eael-col-1&quot;}\" data-widget_type=\"eael-post-grid.default\">\n\t\t\t\t\t<div id=\"eael-post-grid-a3f13fa\" class=\"eael-post-grid-container\">\n            <div class=\"eael-post-grid eael-post-appender eael-post-appender-a3f13fa eael-post-grid-style-one\" data-layout-mode=\"masonry\"><article class=\"eael-grid-post  eael-post-grid-column eael-pg-post-1536 category-guate-nuestra\" data-id=\"1536\">\n        <div class=\"eael-grid-post-holder\">\n            <div class=\"eael-grid-post-holder-inner\"><div class=\"eael-entry-media\"><div class=\"eael-entry-overlay fade-in\"><i class=\"far fa-hand-pointer\" aria-hidden=\"true\"><\/i><a href=\"https:\/\/soymigrante.com\/revista\/7-datos-que-ya-sabias-o-quiza-no-sobre-el-gran-jaguar-y-tikal\/\"><\/a><\/div><div class=\"eael-entry-thumbnail \">\n                <img decoding=\"async\" width=\"1024\" height=\"475\" src=\"https:\/\/soymigrante.com\/revista\/wp-content\/uploads\/2023\/06\/Captura-de-pantalla-2023-06-21-143338-1024x475.webp\" class=\"attachment-large size-large wp-image-1538\" alt=\"Tikal: 7 datos que ya sab\u00edas (o quiz\u00e1 no) sobre el Templo I o Gran Jaguar\" srcset=\"https:\/\/soymigrante.com\/revista\/wp-content\/uploads\/2023\/06\/Captura-de-pantalla-2023-06-21-143338-1024x475.webp 1024w, https:\/\/soymigrante.com\/revista\/wp-content\/uploads\/2023\/06\/Captura-de-pantalla-2023-06-21-143338-300x139.webp 300w, https:\/\/soymigrante.com\/revista\/wp-content\/uploads\/2023\/06\/Captura-de-pantalla-2023-06-21-143338-768x356.webp 768w, https:\/\/soymigrante.com\/revista\/wp-content\/uploads\/2023\/06\/Captura-de-pantalla-2023-06-21-143338-750x348.webp 750w, https:\/\/soymigrante.com\/revista\/wp-content\/uploads\/2023\/06\/Captura-de-pantalla-2023-06-21-143338-1140x529.webp 1140w, https:\/\/soymigrante.com\/revista\/wp-content\/uploads\/2023\/06\/Captura-de-pantalla-2023-06-21-143338.webp 1427w\" sizes=\"(max-width: 1024px) 100vw, 1024px\" \/>\n            <\/div>\n        <\/div><div class=\"eael-entry-wrapper\"><header class=\"eael-entry-header\"><h2 class=\"eael-entry-title\"><a class=\"eael-grid-post-link\" href=\"https:\/\/soymigrante.com\/revista\/7-datos-que-ya-sabias-o-quiza-no-sobre-el-gran-jaguar-y-tikal\/\" title=\"Tikal: 7 datos que ya sab\u00edas (o quiz\u00e1 no) sobre el Templo I o Gran Jaguar\">Tikal: 7 datos que ya sab\u00edas (o quiz\u00e1 no) sobre el Templo I o Gran Jaguar<\/a><\/h2><\/header><div class=\"eael-entry-content\">\n                        <div class=\"eael-grid-post-excerpt\"><a href=\"https:\/\/soymigrante.com\/revista\/7-datos-que-ya-sabias-o-quiza-no-sobre-el-gran-jaguar-y-tikal\/\" class=\"eael-post-elements-readmore-btn\">CONOCE SU HISTORIA <\/a><\/div>\n                    <\/div><\/div><\/div>\n        <\/div>\n    <\/article><article class=\"eael-grid-post  eael-post-grid-column eael-pg-post-21323 category-guate-nuestra\" data-id=\"21323\">\n        <div class=\"eael-grid-post-holder\">\n            <div class=\"eael-grid-post-holder-inner\"><div class=\"eael-entry-media\"><div class=\"eael-entry-overlay fade-in\"><i class=\"far fa-hand-pointer\" aria-hidden=\"true\"><\/i><a href=\"https:\/\/soymigrante.com\/revista\/cuando-fue-fundada-gumarcaaj-la-antigua-capital-del-reino-kiche-preguntas-y-respuestas\/\"><\/a><\/div><div class=\"eael-entry-thumbnail \">\n                <img loading=\"lazy\" decoding=\"async\" width=\"722\" height=\"722\" src=\"https:\/\/soymigrante.com\/revista\/wp-content\/uploads\/2025\/01\/gumarcaaj.webp\" class=\"attachment-large size-large wp-image-21602\" alt=\"Restos arqueol\u00f3gicos y estructura antigua en un entorno boscoso, hallazgos hist\u00f3ricos y culturales en la selva, vestigios de civilizaciones antiguas en un paisaje natural.\" srcset=\"https:\/\/soymigrante.com\/revista\/wp-content\/uploads\/2025\/01\/gumarcaaj.webp 722w, https:\/\/soymigrante.com\/revista\/wp-content\/uploads\/2025\/01\/gumarcaaj-300x300.jpg 300w, https:\/\/soymigrante.com\/revista\/wp-content\/uploads\/2025\/01\/gumarcaaj-150x150.jpg 150w, https:\/\/soymigrante.com\/revista\/wp-content\/uploads\/2025\/01\/gumarcaaj-75x75.webp 75w\" sizes=\"(max-width: 722px) 100vw, 722px\" \/>\n            <\/div>\n        <\/div><div class=\"eael-entry-wrapper\"><header class=\"eael-entry-header\"><h2 class=\"eael-entry-title\"><a class=\"eael-grid-post-link\" href=\"https:\/\/soymigrante.com\/revista\/cuando-fue-fundada-gumarcaaj-la-antigua-capital-del-reino-kiche-preguntas-y-respuestas\/\" title=\"\u00bfCu\u00e1ndo fue fundada Gumarcaaj, la antigua capital del reino k&#8217;iche&#8217;? Preguntas y respuestas.\">\u00bfCu\u00e1ndo fue fundada Gumarcaaj, la antigua capital del reino k&#8217;iche&#8217;? Preguntas y respuestas.<\/a><\/h2><\/header><div class=\"eael-entry-content\">\n                        <div class=\"eael-grid-post-excerpt\"><a href=\"https:\/\/soymigrante.com\/revista\/cuando-fue-fundada-gumarcaaj-la-antigua-capital-del-reino-kiche-preguntas-y-respuestas\/\" class=\"eael-post-elements-readmore-btn\">CONOCE SU HISTORIA <\/a><\/div>\n                    <\/div><\/div><\/div>\n        <\/div>\n    <\/article><article class=\"eael-grid-post  eael-post-grid-column eael-pg-post-6808 category-guate-nuestra\" data-id=\"6808\">\n        <div class=\"eael-grid-post-holder\">\n            <div class=\"eael-grid-post-holder-inner\"><div class=\"eael-entry-media\"><div class=\"eael-entry-overlay fade-in\"><i class=\"far fa-hand-pointer\" aria-hidden=\"true\"><\/i><a href=\"https:\/\/soymigrante.com\/revista\/la-danta-de-el-mirador-la-mayor-piramide-del-mundo-7-datos\/\"><\/a><\/div><div class=\"eael-entry-thumbnail \">\n                <img loading=\"lazy\" decoding=\"async\" width=\"466\" height=\"466\" src=\"https:\/\/soymigrante.com\/revista\/wp-content\/uploads\/2024\/06\/la-danta.webp\" class=\"attachment-large size-large wp-image-6810\" alt=\"Formaci\u00f3n geol\u00f3gica con formaciones destacadas en un paisaje \u00e1rido, resaltando la belleza natural y la importancia del medio ambiente en el contexto de la migraci\u00f3n y la cultura.\" srcset=\"https:\/\/soymigrante.com\/revista\/wp-content\/uploads\/2024\/06\/la-danta.webp 466w, https:\/\/soymigrante.com\/revista\/wp-content\/uploads\/2024\/06\/la-danta-300x300.webp 300w, https:\/\/soymigrante.com\/revista\/wp-content\/uploads\/2024\/06\/la-danta-150x150.webp 150w, https:\/\/soymigrante.com\/revista\/wp-content\/uploads\/2024\/06\/la-danta-75x75.webp 75w\" sizes=\"(max-width: 466px) 100vw, 466px\" \/>\n            <\/div>\n        <\/div><div class=\"eael-entry-wrapper\"><header class=\"eael-entry-header\"><h2 class=\"eael-entry-title\"><a class=\"eael-grid-post-link\" href=\"https:\/\/soymigrante.com\/revista\/la-danta-de-el-mirador-la-mayor-piramide-del-mundo-7-datos\/\" title=\"La Danta de El Mirador, la mayor pir\u00e1mide del mundo: 7 datos\">La Danta de El Mirador, la mayor pir\u00e1mide del mundo: 7 datos<\/a><\/h2><\/header><div class=\"eael-entry-content\">\n                        <div class=\"eael-grid-post-excerpt\"><a href=\"https:\/\/soymigrante.com\/revista\/la-danta-de-el-mirador-la-mayor-piramide-del-mundo-7-datos\/\" class=\"eael-post-elements-readmore-btn\">CONOCE SU HISTORIA <\/a><\/div>\n                    <\/div><\/div><\/div>\n        <\/div>\n    <\/article><\/div>\n            <div class=\"clearfix\"><\/div>\n        <\/div>\t\t\t\t<\/div>\n\t\t\t\t\t<\/div>\n\t\t\t\t<\/div>\n\t\t\t\t<\/div>\n\t\t","protected":false},"excerpt":{"rendered":"<p>En la exhuberante selva petenera se encuentra una de las joyas mayas m\u00e1s fascinantes: los murales del sitio San Bartolo, que datan del a\u00f1o 100 antes de Cristo. Todo guatemalteco deber\u00eda conocerlos. En 2001 el arque\u00f3logo estadounidense William Saturno, estaba cansado, un poco molesto y con mucho calor en la selva petenera. Hab\u00eda ido a [&hellip;]<\/p>\n","protected":false},"author":7,"featured_media":42334,"comment_status":"open","ping_status":"open","sticky":false,"template":"","format":"standard","meta":{"_acf_changed":false,"_eb_attr":"","footnotes":""},"categories":[58],"tags":[],"class_list":["post-42333","post","type-post","status-publish","format-standard","has-post-thumbnail","hentry","category-guate-nuestra"],"acf":[],"aioseo_notices":[],"aioseo_head":"\n\t\t<!-- All in One SEO Pro 4.9.6.2 - aioseo.com -->\n\t<meta name=\"description\" content=\"La gigantesca pir\u00e1mide La Danta y la antigua ciudad maya de El Mirador en Pet\u00e9n, Guatemala, son s\u00edmbolos de la magnificencia prehisp\u00e1nica: un tesoro cultural, arqueol\u00f3gico y natural que debe ser protegido y conservado. El sitio El Mirador, en el norte de Pet\u00e9n, Guatemala, se encuentra dentro de una cuenca considerada como la Cuna de Es un s\u00edmbolo de la magnificencia maya preshisp\u00e1nica. La Danta es considerada la pir\u00e1mite m\u00e1s grande del mundo, pero en El Mirador hay mucho m\u00e1s. Conoce m\u00e1s.\" \/>\n\t<meta name=\"robots\" content=\"max-snippet:-1, max-image-preview:large, max-video-preview:-1\" \/>\n\t<meta name=\"author\" content=\"Gustavo Montenegro\"\/>\n\t<link rel=\"canonical\" href=\"https:\/\/soymigrante.com\/revista\/murales-mayas-del-sitio-san-bartolo-peten-tienen-2-mil-anos-los-conoces\/\" \/>\n\t<meta name=\"generator\" content=\"All in One SEO Pro (AIOSEO) 4.9.6.2\" \/>\n\n\t\t<link rel=\"preconnect\" href=\"https:\/\/fonts.googleapis.com\" crossorigin>\n<link rel=\"preconnect\" href=\"https:\/\/fonts.gstatic.com\" crossorigin>\n\t\t<meta property=\"og:locale\" content=\"es_ES\" \/>\n\t\t<meta property=\"og:site_name\" content=\"SoyMigrante.com REVISTA \u2013 Nuestra misi\u00f3n es reconocer y dignificar al migrante.\" \/>\n\t\t<meta property=\"og:type\" content=\"article\" \/>\n\t\t<meta property=\"og:title\" content=\"Murales mayas de sitio San Bartolo, Pet\u00e9n, tienen 2 mil a\u00f1os\" \/>\n\t\t<meta property=\"og:description\" content=\"Descubiertos en 2001 por el arque\u00f3logo William SAturno, casi por casualidad, son las pinturas murales mayas m\u00e1s antiguas. Conoce y admira su belleza y misterio.\" \/>\n\t\t<meta property=\"og:url\" content=\"https:\/\/soymigrante.com\/revista\/murales-mayas-del-sitio-san-bartolo-peten-tienen-2-mil-anos-los-conoces\/\" \/>\n\t\t<meta property=\"og:image\" content=\"https:\/\/soymigrante.com\/revista\/wp-content\/uploads\/2025\/08\/mural-san-bartolo-cuadrado.png\" \/>\n\t\t<meta property=\"og:image:secure_url\" content=\"https:\/\/soymigrante.com\/revista\/wp-content\/uploads\/2025\/08\/mural-san-bartolo-cuadrado.png\" \/>\n\t\t<meta property=\"og:image:width\" content=\"563\" \/>\n\t\t<meta property=\"og:image:height\" content=\"563\" \/>\n\t\t<meta property=\"article:published_time\" content=\"2026-02-20T00:02:52+00:00\" \/>\n\t\t<meta property=\"article:modified_time\" content=\"2026-02-20T00:02:59+00:00\" \/>\n\t\t<meta property=\"article:publisher\" content=\"https:\/\/www.facebook.com\/soymigrantecom\" \/>\n\t\t<meta name=\"twitter:card\" content=\"summary_large_image\" \/>\n\t\t<meta name=\"twitter:site\" content=\"@SoyMigrante_com\" \/>\n\t\t<meta name=\"twitter:title\" content=\"Murales mayas de sitio San Bartolo, Pet\u00e9n, tienen 2 mil a\u00f1os\" \/>\n\t\t<meta name=\"twitter:description\" content=\"Descubiertos en 2001 por el arque\u00f3logo William SAturno, casi por casualidad, son las pinturas murales mayas m\u00e1s antiguas. Conoce y admira su belleza y misterio.\" \/>\n\t\t<meta name=\"twitter:creator\" content=\"@SoyMigrante_com\" \/>\n\t\t<meta name=\"twitter:image\" content=\"https:\/\/soymigrante.com\/revista\/wp-content\/uploads\/2025\/08\/mural-san-bartolo-cuadrado.png\" \/>\n\t\t<!-- All in One SEO Pro -->\r\n\t\t<title>Murales mayas de sitio San Bartolo, Pet\u00e9n, tienen 2 mil a\u00f1os<\/title>\n\n","aioseo_head_json":{"title":"Murales mayas de sitio San Bartolo, Pet\u00e9n, tienen 2 mil a\u00f1os","description":"Descubiertos en 2001 por el arque\u00f3logo William SAturno, casi por casualidad, son las pinturas murales mayas m\u00e1s antiguas. Conoce y admira su belleza y misterio.","canonical_url":"https:\/\/soymigrante.com\/revista\/murales-mayas-del-sitio-san-bartolo-peten-tienen-2-mil-anos-los-conoces\/","robots":"max-snippet:-1, max-image-preview:large, max-video-preview:-1","keywords":"","webmasterTools":{"miscellaneous":"&lt;link rel=\"preconnect\" href=\"https:\/\/fonts.googleapis.com\" crossorigin&gt;\n&lt;link rel=\"preconnect\" href=\"https:\/\/fonts.gstatic.com\" crossorigin&gt;"},"schema":null,"og:locale":"es_ES","og:site_name":"SoyMigrante.com REVISTA \u2013 Nuestra misi\u00f3n es reconocer y dignificar al migrante.","og:type":"article","og:title":"Murales mayas de sitio San Bartolo, Pet\u00e9n, tienen 2 mil a\u00f1os","og:description":"Descubiertos en 2001 por el arque\u00f3logo William SAturno, casi por casualidad, son las pinturas murales mayas m\u00e1s antiguas. Conoce y admira su belleza y misterio.","og:url":"https:\/\/soymigrante.com\/revista\/murales-mayas-del-sitio-san-bartolo-peten-tienen-2-mil-anos-los-conoces\/","og:image":"https:\/\/soymigrante.com\/revista\/wp-content\/uploads\/2025\/08\/mural-san-bartolo-cuadrado.png","og:image:secure_url":"https:\/\/soymigrante.com\/revista\/wp-content\/uploads\/2025\/08\/mural-san-bartolo-cuadrado.png","og:image:width":563,"og:image:height":563,"article:published_time":"2026-02-20T00:02:52+00:00","article:modified_time":"2026-02-20T00:02:59+00:00","article:publisher":"https:\/\/www.facebook.com\/soymigrantecom","twitter:card":"summary_large_image","twitter:site":"@SoyMigrante_com","twitter:title":"Murales mayas de sitio San Bartolo, Pet\u00e9n, tienen 2 mil a\u00f1os","twitter:description":"Descubiertos en 2001 por el arque\u00f3logo William SAturno, casi por casualidad, son las pinturas murales mayas m\u00e1s antiguas. Conoce y admira su belleza y misterio.","twitter:creator":"@SoyMigrante_com","twitter:image":"https:\/\/soymigrante.com\/revista\/wp-content\/uploads\/2025\/08\/mural-san-bartolo-cuadrado.png"},"aioseo_meta_data":{"post_id":"42333","title":"Murales mayas de sitio San Bartolo, Pet\u00e9n, tienen 2 mil a\u00f1os","description":"Descubiertos en 2001 por el arque\u00f3logo William SAturno, casi por casualidad, son las pinturas murales mayas m\u00e1s antiguas. Conoce y admira su belleza y misterio.","keywords":null,"keyphrases":{"focus":{"keyphrase":"Mayas","score":82,"analysis":{"keyphraseInTitle":{"score":9,"maxScore":9,"error":0},"keyphraseInDescription":{"score":9,"maxScore":9,"error":0},"keyphraseLength":{"score":9,"maxScore":9,"error":0,"length":1},"keyphraseInURL":{"score":5,"maxScore":5,"error":0},"keyphraseInIntroduction":{"score":9,"maxScore":9,"error":0},"keyphraseInSubHeadings":{"score":3,"maxScore":9,"error":1},"keyphraseInImageAlt":{"score":3,"maxScore":9,"error":1},"keywordDensity":{"type":"best","score":9,"maxScore":9,"error":0}}},"additional":[{"keyphrase":"San Bartolo","score":73,"analysis":{"keyphraseInDescription":{"score":3,"maxScore":9,"error":1},"keyphraseLength":{"score":9,"maxScore":9,"error":0,"length":2},"keyphraseInIntroduction":{"score":3,"maxScore":9,"error":1},"keyphraseInImageAlt":{"score":9,"maxScore":9,"error":0},"keywordDensity":{"type":"best","score":9,"maxScore":9,"error":0}}},{"keyphrase":"Pet\u00e9n","score":53,"analysis":{"keyphraseInDescription":{"score":3,"maxScore":9,"error":1},"keyphraseLength":{"score":9,"maxScore":9,"error":0,"length":2},"keyphraseInIntroduction":{"score":9,"maxScore":9,"error":0},"keyphraseInImageAlt":{"score":3,"maxScore":9,"error":1},"keywordDensity":{"score":0,"type":"low","maxScore":9,"error":1}}},{"keyphrase":"Murales","score":87,"analysis":{"keyphraseInDescription":{"score":9,"maxScore":9,"error":0},"keyphraseLength":{"score":9,"maxScore":9,"error":0,"length":1},"keyphraseInIntroduction":{"score":3,"maxScore":9,"error":1},"keyphraseInImageAlt":{"score":9,"maxScore":9,"error":0},"keywordDensity":{"type":"best","score":9,"maxScore":9,"error":0}}}]},"primary_term":null,"canonical_url":null,"og_title":null,"og_description":null,"og_object_type":"default","og_image_type":"default","og_image_url":null,"og_image_width":null,"og_image_height":null,"og_image_custom_url":null,"og_image_custom_fields":null,"og_video":"","og_custom_url":null,"og_article_section":null,"og_article_tags":null,"twitter_use_og":false,"twitter_card":"default","twitter_image_type":"default","twitter_image_url":null,"twitter_image_custom_url":null,"twitter_image_custom_fields":null,"twitter_title":null,"twitter_description":null,"schema":{"blockGraphs":[],"customGraphs":[],"default":{"data":{"Article":[],"Course":[],"Dataset":[],"FAQPage":[],"Movie":[],"Person":[],"Product":[],"ProductReview":[],"Car":[],"Recipe":[],"Service":[],"SoftwareApplication":[],"WebPage":[]},"graphName":"NewsArticle","isEnabled":true},"graphs":[]},"schema_type":"default","schema_type_options":null,"pillar_content":false,"robots_default":true,"robots_noindex":false,"robots_noarchive":false,"robots_nosnippet":false,"robots_nofollow":false,"robots_noimageindex":false,"robots_noodp":false,"robots_notranslate":false,"robots_max_snippet":"-1","robots_max_videopreview":"-1","robots_max_imagepreview":"large","priority":null,"frequency":"default","local_seo":null,"seo_analyzer_scan_date":null,"breadcrumb_settings":null,"limit_modified_date":false,"reviewed_by":"0","open_ai":null,"ai":{"faqs":[],"keyPoints":[],"titles":[],"descriptions":[],"socialPosts":{"email":[],"linkedin":[],"twitter":[],"facebook":[],"instagram":[]}},"created":"2025-08-19 02:42:23","updated":"2026-03-06 15:45:42"},"aioseo_breadcrumb":"<div class=\"aioseo-breadcrumbs\"><span class=\"aioseo-breadcrumb\">\n\t<a href=\"https:\/\/soymigrante.com\/revista\" title=\"Home\">Home<\/a>\n<\/span><span class=\"aioseo-breadcrumb-separator\">\u00bb<\/span><span class=\"aioseo-breadcrumb\">\n\t<a href=\"https:\/\/soymigrante.com\/revista\/category\/guate-nuestra\/\" title=\"Guate Nuestra\">Guate Nuestra<\/a>\n<\/span><span class=\"aioseo-breadcrumb-separator\">\u00bb<\/span><span class=\"aioseo-breadcrumb\">\n\tLos murales mayas del sitio San Bartolo, Pet\u00e9n, son una verdadera joya de 2 mil a\u00f1os\n<\/span><\/div>","aioseo_breadcrumb_json":[{"label":"Home","link":"https:\/\/soymigrante.com\/revista"},{"label":"Guate Nuestra","link":"https:\/\/soymigrante.com\/revista\/category\/guate-nuestra\/"},{"label":"Los murales mayas del sitio San Bartolo, Pet\u00e9n, son una verdadera joya de 2 mil a\u00f1os","link":"https:\/\/soymigrante.com\/revista\/murales-mayas-del-sitio-san-bartolo-peten-tienen-2-mil-anos-los-conoces\/"}],"_links":{"self":[{"href":"https:\/\/soymigrante.com\/revista\/wp-json\/wp\/v2\/posts\/42333","targetHints":{"allow":["GET"]}}],"collection":[{"href":"https:\/\/soymigrante.com\/revista\/wp-json\/wp\/v2\/posts"}],"about":[{"href":"https:\/\/soymigrante.com\/revista\/wp-json\/wp\/v2\/types\/post"}],"author":[{"embeddable":true,"href":"https:\/\/soymigrante.com\/revista\/wp-json\/wp\/v2\/users\/7"}],"replies":[{"embeddable":true,"href":"https:\/\/soymigrante.com\/revista\/wp-json\/wp\/v2\/comments?post=42333"}],"version-history":[{"count":23,"href":"https:\/\/soymigrante.com\/revista\/wp-json\/wp\/v2\/posts\/42333\/revisions"}],"predecessor-version":[{"id":52709,"href":"https:\/\/soymigrante.com\/revista\/wp-json\/wp\/v2\/posts\/42333\/revisions\/52709"}],"wp:featuredmedia":[{"embeddable":true,"href":"https:\/\/soymigrante.com\/revista\/wp-json\/wp\/v2\/media\/42334"}],"wp:attachment":[{"href":"https:\/\/soymigrante.com\/revista\/wp-json\/wp\/v2\/media?parent=42333"}],"wp:term":[{"taxonomy":"category","embeddable":true,"href":"https:\/\/soymigrante.com\/revista\/wp-json\/wp\/v2\/categories?post=42333"},{"taxonomy":"post_tag","embeddable":true,"href":"https:\/\/soymigrante.com\/revista\/wp-json\/wp\/v2\/tags?post=42333"}],"curies":[{"name":"wp","href":"https:\/\/api.w.org\/{rel}","templated":true}]}}