{"id":42295,"date":"2025-08-19T04:00:00","date_gmt":"2025-08-19T10:00:00","guid":{"rendered":"https:\/\/soymigrante.com\/revista\/?p=42295"},"modified":"2025-08-18T20:15:13","modified_gmt":"2025-08-19T02:15:13","slug":"5-productos-de-soymigrante-com-mercado-perfectos-para-relajarte","status":"publish","type":"post","link":"https:\/\/soymigrante.com\/revista\/5-productos-de-soymigrante-com-mercado-perfectos-para-relajarte\/","title":{"rendered":"5 productos de  SoyMigrante.com MERCADO perfectos para relajarte"},"content":{"rendered":"\t\t<div data-elementor-type=\"wp-post\" data-elementor-id=\"42295\" class=\"elementor elementor-42295\" data-elementor-post-type=\"post\">\n\t\t\t\t<div data-particle_enable=\"false\" data-particle-mobile-disabled=\"false\" class=\"elementor-element elementor-element-f7fee68 e-flex e-con-boxed e-con e-parent\" data-id=\"f7fee68\" data-element_type=\"container\" data-e-type=\"container\">\n\t\t\t\t\t<div class=\"e-con-inner\">\n\t\t\t\t<div class=\"elementor-element elementor-element-b35b0b9 elementor-widget elementor-widget-heading\" data-id=\"b35b0b9\" data-element_type=\"widget\" data-e-type=\"widget\" data-widget_type=\"heading.default\">\n\t\t\t\t\t<h2 class=\"elementor-heading-title elementor-size-default\">Los productos de MERCADO de SoyMigrante.com son de calidad, pero estos te quedar\u00e1n perfectos para relajarte. \n<\/h2>\t\t\t\t<\/div>\n\t\t\t\t\t<\/div>\n\t\t\t\t<\/div>\n\t\t<div data-particle_enable=\"false\" data-particle-mobile-disabled=\"false\" class=\"elementor-element elementor-element-fb01651 e-flex e-con-boxed e-con e-parent\" data-id=\"fb01651\" data-element_type=\"container\" data-e-type=\"container\">\n\t\t\t\t\t<div class=\"e-con-inner\">\n\t\t\t\t<div class=\"elementor-element elementor-element-2c88902 elementor-widget elementor-widget-text-editor\" data-id=\"2c88902\" data-element_type=\"widget\" data-e-type=\"widget\" data-widget_type=\"text-editor.default\">\n\t\t\t\t\t\t\t\t\t<p>El portal <a href=\"https:\/\/soymigrante.com\/mercado\/\" target=\"_blank\" rel=\"noopener\">MERCADO de SoyMigrante.com<\/a> ofrece una gran variedad de art\u00edculos creados por emprendedores, y entre ellos destacan opciones ideales para regalar o simplemente consentirte.<\/p><p>Estos cinco productos son perfectos para encontrar momentos de paz y relajaci\u00f3n en medio de la rutina.<\/p>\t\t\t\t\t\t\t\t<\/div>\n\t\t\t\t\t<\/div>\n\t\t\t\t<\/div>\n\t\t<div data-particle_enable=\"false\" data-particle-mobile-disabled=\"false\" class=\"elementor-element elementor-element-35f09db e-flex e-con-boxed e-con e-parent\" data-id=\"35f09db\" data-element_type=\"container\" data-e-type=\"container\">\n\t\t\t\t\t<div class=\"e-con-inner\">\n\t\t\t\t<div class=\"elementor-element elementor-element-75f2bc8 elementor-widget elementor-widget-heading\" data-id=\"75f2bc8\" data-element_type=\"widget\" data-e-type=\"widget\" data-widget_type=\"heading.default\">\n\t\t\t\t\t<h3 class=\"elementor-heading-title elementor-size-default\">1. Vela con olor a caf\u00e9<\/h3>\t\t\t\t<\/div>\n\t\t\t\t\t<\/div>\n\t\t\t\t<\/div>\n\t\t<div data-particle_enable=\"false\" data-particle-mobile-disabled=\"false\" class=\"elementor-element elementor-element-ae64a92 e-flex e-con-boxed e-con e-parent\" data-id=\"ae64a92\" data-element_type=\"container\" data-e-type=\"container\">\n\t\t\t\t\t<div class=\"e-con-inner\">\n\t\t\t\t<div class=\"elementor-element elementor-element-9ddcbc0 elementor-widget elementor-widget-text-editor\" data-id=\"9ddcbc0\" data-element_type=\"widget\" data-e-type=\"widget\" data-widget_type=\"text-editor.default\">\n\t\t\t\t\t\t\t\t\t<p><a href=\"https:\/\/soymigrante.com\/mercado\/vela-aromatizante-de-cafe-\" target=\"_blank\" rel=\"noopener\">El aroma del caf\u00e9 no solo despierta, tambi\u00e9n puede ayudar a calmar la ansiedad.<\/a> Esta vela arom\u00e1tica combina el calor de la luz con un perfume envolvente que genera tranquilidad y bienestar en el ambiente, convirti\u00e9ndose en una aliada para quienes buscan equilibrio emocional.<\/p>\t\t\t\t\t\t\t\t<\/div>\n\t\t\t\t\t<\/div>\n\t\t\t\t<\/div>\n\t\t<div data-particle_enable=\"false\" data-particle-mobile-disabled=\"false\" class=\"elementor-element elementor-element-854357f e-flex e-con-boxed e-con e-parent\" data-id=\"854357f\" data-element_type=\"container\" data-e-type=\"container\">\n\t\t\t\t\t<div class=\"e-con-inner\">\n\t\t\t\t<div class=\"elementor-element elementor-element-3242f0f elementor-widget elementor-widget-image\" data-id=\"3242f0f\" data-element_type=\"widget\" data-e-type=\"widget\" data-widget_type=\"image.default\">\n\t\t\t\t\t\t\t\t\t\t\t\t<figure class=\"wp-caption\">\n\t\t\t\t\t\t\t\t\t\t\t<a href=\"https:\/\/soymigrante.com\/mercado\/vela-aromatizante-de-cafe-\">\n\t\t\t\t\t\t\t<img fetchpriority=\"high\" decoding=\"async\" width=\"768\" height=\"466\" src=\"https:\/\/soymigrante.com\/revista\/wp-content\/uploads\/2025\/08\/Captura-de-pantalla-2025-08-18-130126-1024x621.png\" class=\"attachment-large size-large wp-image-42305\" alt=\"Vela aromatizante de caf\u00e9, producto artesanal con aroma a caf\u00e9, ideal para decorar y ambientar espacios en Guatemala, disponible en tienda online SoyMigrante.com REVISTA.\" srcset=\"https:\/\/soymigrante.com\/revista\/wp-content\/uploads\/2025\/08\/Captura-de-pantalla-2025-08-18-130126-1024x621.png 1024w, https:\/\/soymigrante.com\/revista\/wp-content\/uploads\/2025\/08\/Captura-de-pantalla-2025-08-18-130126-300x182.png 300w, https:\/\/soymigrante.com\/revista\/wp-content\/uploads\/2025\/08\/Captura-de-pantalla-2025-08-18-130126-768x466.png 768w, https:\/\/soymigrante.com\/revista\/wp-content\/uploads\/2025\/08\/Captura-de-pantalla-2025-08-18-130126-750x455.webp 750w, https:\/\/soymigrante.com\/revista\/wp-content\/uploads\/2025\/08\/Captura-de-pantalla-2025-08-18-130126-1140x691.webp 1140w, https:\/\/soymigrante.com\/revista\/wp-content\/uploads\/2025\/08\/Captura-de-pantalla-2025-08-18-130126.webp 1465w\" sizes=\"(max-width: 768px) 100vw, 768px\" title=\"La vela ayudar\u00e1 a mejorar el ambiente. (Foto: Captura de pantalla) \u2013 SoyMigrante.com REVISTA\" \/>\t\t\t\t\t\t\t\t<\/a>\n\t\t\t\t\t\t\t\t\t\t\t<figcaption class=\"widget-image-caption wp-caption-text\">Vela aromatizante de caf\u00e9 en frasco de vidrio con aroma a caf\u00e9, perfecta para decorar y aromatizar en hogares y oficinas, elaborada por Marca Alegr\u00eda y vendida en SoyMigrante.com REVISTA.<\/figcaption>\n\t\t\t\t\t\t\t\t\t\t<\/figure>\n\t\t\t\t\t\t\t\t\t<\/div>\n\t\t\t\t\t<\/div>\n\t\t\t\t<\/div>\n\t\t<div data-particle_enable=\"false\" data-particle-mobile-disabled=\"false\" class=\"elementor-element elementor-element-d7fb2ab e-flex e-con-boxed e-con e-parent\" data-id=\"d7fb2ab\" data-element_type=\"container\" data-e-type=\"container\">\n\t\t\t\t\t<div class=\"e-con-inner\">\n\t\t\t\t<div class=\"elementor-element elementor-element-79b77d0 elementor-widget elementor-widget-heading\" data-id=\"79b77d0\" data-element_type=\"widget\" data-e-type=\"widget\" data-widget_type=\"heading.default\">\n\t\t\t\t\t<h3 class=\"elementor-heading-title elementor-size-default\">2. Crema exfoliante<\/h3>\t\t\t\t<\/div>\n\t\t\t\t\t<\/div>\n\t\t\t\t<\/div>\n\t\t<div data-particle_enable=\"false\" data-particle-mobile-disabled=\"false\" class=\"elementor-element elementor-element-0d26f2b e-flex e-con-boxed e-con e-parent\" data-id=\"0d26f2b\" data-element_type=\"container\" data-e-type=\"container\">\n\t\t\t\t\t<div class=\"e-con-inner\">\n\t\t\t\t<div class=\"elementor-element elementor-element-cd368ea elementor-widget elementor-widget-text-editor\" data-id=\"cd368ea\" data-element_type=\"widget\" data-e-type=\"widget\" data-widget_type=\"text-editor.default\">\n\t\t\t\t\t\t\t\t\t<p><a href=\"https:\/\/soymigrante.com\/mercado\/crema-exfoliante-de-60-ml-\" target=\"_blank\" rel=\"noopener\">Ideal para masajes relajantes, esta crema exfoliante limpia y suaviza la piel<\/a> al mismo tiempo que alivia la tensi\u00f3n acumulada. Puede usarse en casa, sola o acompa\u00f1ada, para disfrutar de un momento de autocuidado que revitaliza tanto el cuerpo como la mente.<\/p>\t\t\t\t\t\t\t\t<\/div>\n\t\t\t\t\t<\/div>\n\t\t\t\t<\/div>\n\t\t<div data-particle_enable=\"false\" data-particle-mobile-disabled=\"false\" class=\"elementor-element elementor-element-e93be61 e-flex e-con-boxed e-con e-parent\" data-id=\"e93be61\" data-element_type=\"container\" data-e-type=\"container\">\n\t\t\t\t\t<div class=\"e-con-inner\">\n\t\t\t\t<div class=\"elementor-element elementor-element-54623a0 elementor-widget elementor-widget-image\" data-id=\"54623a0\" data-element_type=\"widget\" data-e-type=\"widget\" data-widget_type=\"image.default\">\n\t\t\t\t\t\t\t\t\t\t\t\t<figure class=\"wp-caption\">\n\t\t\t\t\t\t\t\t\t\t\t<a href=\"https:\/\/soymigrante.com\/mercado\/crema-exfoliante-de-60-ml-\">\n\t\t\t\t\t\t\t<img decoding=\"async\" width=\"768\" height=\"509\" src=\"https:\/\/soymigrante.com\/revista\/wp-content\/uploads\/2025\/08\/Captura-de-pantalla-2025-08-18-130107-1024x678.png\" class=\"attachment-large size-large wp-image-42309\" alt=\"Crema exfoliante de 60 ml, producto de belleza y cuidado personal, vendido por SoyMigrante.com, ideal para regenerar la piel y exfoliar de forma natural.\" srcset=\"https:\/\/soymigrante.com\/revista\/wp-content\/uploads\/2025\/08\/Captura-de-pantalla-2025-08-18-130107-1024x678.png 1024w, https:\/\/soymigrante.com\/revista\/wp-content\/uploads\/2025\/08\/Captura-de-pantalla-2025-08-18-130107-300x199.png 300w, https:\/\/soymigrante.com\/revista\/wp-content\/uploads\/2025\/08\/Captura-de-pantalla-2025-08-18-130107-768x509.png 768w, https:\/\/soymigrante.com\/revista\/wp-content\/uploads\/2025\/08\/Captura-de-pantalla-2025-08-18-130107-750x497.webp 750w, https:\/\/soymigrante.com\/revista\/wp-content\/uploads\/2025\/08\/Captura-de-pantalla-2025-08-18-130107-1140x755.webp 1140w, https:\/\/soymigrante.com\/revista\/wp-content\/uploads\/2025\/08\/Captura-de-pantalla-2025-08-18-130107.webp 1303w\" sizes=\"(max-width: 768px) 100vw, 768px\" title=\"La crema ayudar\u00e1 a tener una piel m\u00e1s bonita. (Foto: Captura de pantalla) \u2013 SoyMigrante.com REVISTA\" \/>\t\t\t\t\t\t\t\t<\/a>\n\t\t\t\t\t\t\t\t\t\t\t<figcaption class=\"widget-image-caption wp-caption-text\">Una crema exfoliante de 60 ml con bomba dispensadora, perfecta para eliminar c\u00e9lulas muertas y mejorar la textura de la piel. Disponible en SoyMigrante.com para cuidado y belleza natural.<\/figcaption>\n\t\t\t\t\t\t\t\t\t\t<\/figure>\n\t\t\t\t\t\t\t\t\t<\/div>\n\t\t\t\t\t<\/div>\n\t\t\t\t<\/div>\n\t\t<div data-particle_enable=\"false\" data-particle-mobile-disabled=\"false\" class=\"elementor-element elementor-element-514764c e-flex e-con-boxed e-con e-parent\" data-id=\"514764c\" data-element_type=\"container\" data-e-type=\"container\">\n\t\t\t\t\t<div class=\"e-con-inner\">\n\t\t\t\t<div class=\"elementor-element elementor-element-6df9755 elementor-widget elementor-widget-heading\" data-id=\"6df9755\" data-element_type=\"widget\" data-e-type=\"widget\" data-widget_type=\"heading.default\">\n\t\t\t\t\t<h3 class=\"elementor-heading-title elementor-size-default\">3. Infusi\u00f3n de manzana con canela<\/h3>\t\t\t\t<\/div>\n\t\t\t\t\t<\/div>\n\t\t\t\t<\/div>\n\t\t<div data-particle_enable=\"false\" data-particle-mobile-disabled=\"false\" class=\"elementor-element elementor-element-6701a9e e-flex e-con-boxed e-con e-parent\" data-id=\"6701a9e\" data-element_type=\"container\" data-e-type=\"container\">\n\t\t\t\t\t<div class=\"e-con-inner\">\n\t\t\t\t<div class=\"elementor-element elementor-element-d464742 elementor-widget elementor-widget-text-editor\" data-id=\"d464742\" data-element_type=\"widget\" data-e-type=\"widget\" data-widget_type=\"text-editor.default\">\n\t\t\t\t\t\t\t\t\t<p><a href=\"https:\/\/soymigrante.com\/mercado\/infusin-de-manzana-canela-113-gramos\" target=\"_blank\" rel=\"noopener\">El t\u00e9 de manzana con canela es reconocido por sus propiedades relajantes y su delicioso sabor.<\/a> Esta infusi\u00f3n ayuda a reducir el estr\u00e9s y brinda una sensaci\u00f3n de calma despu\u00e9s de un d\u00eda agitado. Perfecta para acompa\u00f1ar la lectura de un libro o una charla tranquila.<\/p>\t\t\t\t\t\t\t\t<\/div>\n\t\t\t\t\t<\/div>\n\t\t\t\t<\/div>\n\t\t<div data-particle_enable=\"false\" data-particle-mobile-disabled=\"false\" class=\"elementor-element elementor-element-f85af89 e-flex e-con-boxed e-con e-parent\" data-id=\"f85af89\" data-element_type=\"container\" data-e-type=\"container\">\n\t\t\t\t\t<div class=\"e-con-inner\">\n\t\t\t\t<div class=\"elementor-element elementor-element-9d60cf8 elementor-widget elementor-widget-image\" data-id=\"9d60cf8\" data-element_type=\"widget\" data-e-type=\"widget\" data-widget_type=\"image.default\">\n\t\t\t\t\t\t\t\t\t\t\t\t<figure class=\"wp-caption\">\n\t\t\t\t\t\t\t\t\t\t\t<a href=\"https:\/\/soymigrante.com\/mercado\/infusin-de-manzana-canela-113-gramos\">\n\t\t\t\t\t\t\t<img decoding=\"async\" width=\"768\" height=\"478\" src=\"https:\/\/soymigrante.com\/revista\/wp-content\/uploads\/2025\/08\/Captura-de-pantalla-2025-08-18-130050-1024x637.png\" class=\"attachment-large size-large wp-image-42310\" alt=\"Atractiva taza de infusi\u00f3n de manzana canela de 113 gramos, ideal para disfrutar de sabores naturales y frescos, perfecta para amantes de las infusiones saludables y arom\u00e1ticas.\" srcset=\"https:\/\/soymigrante.com\/revista\/wp-content\/uploads\/2025\/08\/Captura-de-pantalla-2025-08-18-130050-1024x637.png 1024w, https:\/\/soymigrante.com\/revista\/wp-content\/uploads\/2025\/08\/Captura-de-pantalla-2025-08-18-130050-300x186.png 300w, https:\/\/soymigrante.com\/revista\/wp-content\/uploads\/2025\/08\/Captura-de-pantalla-2025-08-18-130050-768x477.png 768w, https:\/\/soymigrante.com\/revista\/wp-content\/uploads\/2025\/08\/Captura-de-pantalla-2025-08-18-130050-750x466.webp 750w, https:\/\/soymigrante.com\/revista\/wp-content\/uploads\/2025\/08\/Captura-de-pantalla-2025-08-18-130050-1140x709.webp 1140w, https:\/\/soymigrante.com\/revista\/wp-content\/uploads\/2025\/08\/Captura-de-pantalla-2025-08-18-130050.webp 1406w\" sizes=\"(max-width: 768px) 100vw, 768px\" title=\"La infusi\u00f3n, tambi\u00e9n ayuda a mejorar la digesti\u00f3n. (Foto: captura de pantalla) \u2013 SoyMigrante.com REVISTA\" \/>\t\t\t\t\t\t\t\t<\/a>\n\t\t\t\t\t\t\t\t\t\t\t<figcaption class=\"widget-image-caption wp-caption-text\">Infusi\u00f3n de manzana canela 113 gramos, taza de t\u00e9 con sabor natural y fresco, perfecta para promover h\u00e1bitos saludables y disfrutar de infusiones arom\u00e1ticas, ideal para amantes de las bebidas naturales.<\/figcaption>\n\t\t\t\t\t\t\t\t\t\t<\/figure>\n\t\t\t\t\t\t\t\t\t<\/div>\n\t\t\t\t\t<\/div>\n\t\t\t\t<\/div>\n\t\t<div data-particle_enable=\"false\" data-particle-mobile-disabled=\"false\" class=\"elementor-element elementor-element-9e93a1e e-flex e-con-boxed e-con e-parent\" data-id=\"9e93a1e\" data-element_type=\"container\" data-e-type=\"container\">\n\t\t\t\t\t<div class=\"e-con-inner\">\n\t\t\t\t<div class=\"elementor-element elementor-element-07e6121 elementor-widget elementor-widget-heading\" data-id=\"07e6121\" data-element_type=\"widget\" data-e-type=\"widget\" data-widget_type=\"heading.default\">\n\t\t\t\t\t<h3 class=\"elementor-heading-title elementor-size-default\">4. Antifaz relleno de semillas<\/h3>\t\t\t\t<\/div>\n\t\t\t\t\t<\/div>\n\t\t\t\t<\/div>\n\t\t<div data-particle_enable=\"false\" data-particle-mobile-disabled=\"false\" class=\"elementor-element elementor-element-29a08d7 e-flex e-con-boxed e-con e-parent\" data-id=\"29a08d7\" data-element_type=\"container\" data-e-type=\"container\">\n\t\t\t\t\t<div class=\"e-con-inner\">\n\t\t\t\t<div class=\"elementor-element elementor-element-1cbca59 elementor-widget elementor-widget-text-editor\" data-id=\"1cbca59\" data-element_type=\"widget\" data-e-type=\"widget\" data-widget_type=\"text-editor.default\">\n\t\t\t\t\t\t\t\t\t<p>Un accesorio sencillo, pero poderoso.<a href=\"https:\/\/soymigrante.com\/mercado\/antifaz-de-relajacion-cubierto-de-semillas\" target=\"_blank\" rel=\"noopener\"> Este antifaz, elaborado con semillas naturales, ofrece frescura y descanso al colocarlo sobre los ojos<\/a>. Es ideal para calmar el cansancio, desconectarse de la luz y conseguir un sue\u00f1o m\u00e1s reparador.<\/p>\t\t\t\t\t\t\t\t<\/div>\n\t\t\t\t\t<\/div>\n\t\t\t\t<\/div>\n\t\t<div data-particle_enable=\"false\" data-particle-mobile-disabled=\"false\" class=\"elementor-element elementor-element-0887526 e-flex e-con-boxed e-con e-parent\" data-id=\"0887526\" data-element_type=\"container\" data-e-type=\"container\">\n\t\t\t\t\t<div class=\"e-con-inner\">\n\t\t\t\t<div class=\"elementor-element elementor-element-24d1536 elementor-widget elementor-widget-image\" data-id=\"24d1536\" data-element_type=\"widget\" data-e-type=\"widget\" data-widget_type=\"image.default\">\n\t\t\t\t\t\t\t\t\t\t\t\t<figure class=\"wp-caption\">\n\t\t\t\t\t\t\t\t\t\t\t<a href=\"https:\/\/soymigrante.com\/mercado\/antifaz-de-relajacion-cubierto-de-semillas\">\n\t\t\t\t\t\t\t<img loading=\"lazy\" decoding=\"async\" width=\"768\" height=\"431\" src=\"https:\/\/soymigrante.com\/revista\/wp-content\/uploads\/2025\/08\/Captura-de-pantalla-2025-08-18-130036-1024x574.png\" class=\"attachment-large size-large wp-image-42311\" alt=\"Alto_text: Antifaz de relajaci\u00f3n cubre semillas, ideal para descanso y meditaci\u00f3n, color a cuadros en tonos suaves, accesorios de belleza natural y bienestar.\" srcset=\"https:\/\/soymigrante.com\/revista\/wp-content\/uploads\/2025\/08\/Captura-de-pantalla-2025-08-18-130036-1024x574.png 1024w, https:\/\/soymigrante.com\/revista\/wp-content\/uploads\/2025\/08\/Captura-de-pantalla-2025-08-18-130036-300x168.png 300w, https:\/\/soymigrante.com\/revista\/wp-content\/uploads\/2025\/08\/Captura-de-pantalla-2025-08-18-130036-768x430.png 768w, https:\/\/soymigrante.com\/revista\/wp-content\/uploads\/2025\/08\/Captura-de-pantalla-2025-08-18-130036-750x420.png 750w, https:\/\/soymigrante.com\/revista\/wp-content\/uploads\/2025\/08\/Captura-de-pantalla-2025-08-18-130036-1140x639.png 1140w, https:\/\/soymigrante.com\/revista\/wp-content\/uploads\/2025\/08\/Captura-de-pantalla-2025-08-18-130036.webp 1458w\" sizes=\"(max-width: 768px) 100vw, 768px\" title=\"Este antifaz sirve para disminuir los dolores de cabeza. (Foto: Captura de pantalla) \u2013 SoyMigrante.com REVISTA\" \/>\t\t\t\t\t\t\t\t<\/a>\n\t\t\t\t\t\t\t\t\t\t\t<figcaption class=\"widget-image-caption wp-caption-text\">Caption: Antifaz de relajaci\u00f3n cubre semillas, perfecto para aliviar el estr\u00e9s y mejorar el descanso, con dise\u00f1o en tonos pastel y textura suave, ideal para uso en terapias de relajaci\u00f3n y cuidado personal.<\/figcaption>\n\t\t\t\t\t\t\t\t\t\t<\/figure>\n\t\t\t\t\t\t\t\t\t<\/div>\n\t\t\t\t\t<\/div>\n\t\t\t\t<\/div>\n\t\t<div data-particle_enable=\"false\" data-particle-mobile-disabled=\"false\" class=\"elementor-element elementor-element-20d8226 e-flex e-con-boxed e-con e-parent\" data-id=\"20d8226\" data-element_type=\"container\" data-e-type=\"container\">\n\t\t\t\t\t<div class=\"e-con-inner\">\n\t\t\t\t<div class=\"elementor-element elementor-element-5bb4d49 elementor-widget elementor-widget-heading\" data-id=\"5bb4d49\" data-element_type=\"widget\" data-e-type=\"widget\" data-widget_type=\"heading.default\">\n\t\t\t\t\t<h3 class=\"elementor-heading-title elementor-size-default\">5. Hamaca port\u00e1til<\/h3>\t\t\t\t<\/div>\n\t\t\t\t\t<\/div>\n\t\t\t\t<\/div>\n\t\t<div data-particle_enable=\"false\" data-particle-mobile-disabled=\"false\" class=\"elementor-element elementor-element-3685636 e-flex e-con-boxed e-con e-parent\" data-id=\"3685636\" data-element_type=\"container\" data-e-type=\"container\">\n\t\t\t\t\t<div class=\"e-con-inner\">\n\t\t\t\t<div class=\"elementor-element elementor-element-bae3a44 elementor-widget elementor-widget-text-editor\" data-id=\"bae3a44\" data-element_type=\"widget\" data-e-type=\"widget\" data-widget_type=\"text-editor.default\">\n\t\t\t\t\t\t\t\t\t<p><a href=\"https:\/\/soymigrante.com\/mercado\/hamaca-de-hilo-canamo-sin-madera\" target=\"_blank\" rel=\"noopener\">Para los que disfrutan descansar al aire libre o transformar un rinc\u00f3n de su casa en un espacio de relajaci\u00f3n,<\/a> la hamaca port\u00e1til es una excelente opci\u00f3n. F\u00e1cil de colocar y transportar, permite balancearse suavemente mientras el cuerpo se libera del estr\u00e9s cotidiano.<\/p>\t\t\t\t\t\t\t\t<\/div>\n\t\t\t\t\t<\/div>\n\t\t\t\t<\/div>\n\t\t<div data-particle_enable=\"false\" data-particle-mobile-disabled=\"false\" class=\"elementor-element elementor-element-b40debc e-flex e-con-boxed e-con e-parent\" data-id=\"b40debc\" data-element_type=\"container\" data-e-type=\"container\">\n\t\t\t\t\t<div class=\"e-con-inner\">\n\t\t\t\t<div class=\"elementor-element elementor-element-9fdf197 elementor-widget elementor-widget-image\" data-id=\"9fdf197\" data-element_type=\"widget\" data-e-type=\"widget\" data-widget_type=\"image.default\">\n\t\t\t\t\t\t\t\t\t\t\t\t<figure class=\"wp-caption\">\n\t\t\t\t\t\t\t\t\t\t\t<a href=\"https:\/\/soymigrante.com\/mercado\/hamaca-de-hilo-canamo-sin-madera\">\n\t\t\t\t\t\t\t<img loading=\"lazy\" decoding=\"async\" width=\"768\" height=\"503\" src=\"https:\/\/soymigrante.com\/revista\/wp-content\/uploads\/2025\/08\/Captura-de-pantalla-2025-08-18-130020-1024x671.png\" class=\"attachment-large size-large wp-image-42313\" alt=\"Hamac de hilo c\u00e1\u00f1amo sin madera en paisaje natural con \u00e1rboles y cielo azul, resistente y ecol\u00f3gico. Ideal para decorar espacios exteriores y relajarse en comodidad, fabricado con c\u00e1\u00f1amo natural.\" srcset=\"https:\/\/soymigrante.com\/revista\/wp-content\/uploads\/2025\/08\/Captura-de-pantalla-2025-08-18-130020-1024x671.png 1024w, https:\/\/soymigrante.com\/revista\/wp-content\/uploads\/2025\/08\/Captura-de-pantalla-2025-08-18-130020-300x197.png 300w, https:\/\/soymigrante.com\/revista\/wp-content\/uploads\/2025\/08\/Captura-de-pantalla-2025-08-18-130020-768x503.png 768w, https:\/\/soymigrante.com\/revista\/wp-content\/uploads\/2025\/08\/Captura-de-pantalla-2025-08-18-130020-750x491.webp 750w, https:\/\/soymigrante.com\/revista\/wp-content\/uploads\/2025\/08\/Captura-de-pantalla-2025-08-18-130020-1140x747.webp 1140w, https:\/\/soymigrante.com\/revista\/wp-content\/uploads\/2025\/08\/Captura-de-pantalla-2025-08-18-130020.webp 1374w\" sizes=\"(max-width: 768px) 100vw, 768px\" title=\"La hamaca se puede colocar en un lugar de la casa para relajarse. (Foto: Captura de pantalla) \u2013 SoyMigrante.com REVISTA\" \/>\t\t\t\t\t\t\t\t<\/a>\n\t\t\t\t\t\t\t\t\t\t\t<figcaption class=\"widget-image-caption wp-caption-text\">Hamaca ecol\u00f3gica de hilo de c\u00e1\u00f1amo sin madera, perfecta para exterior y decoraciones naturales, asegura comodidad y durabilidad con materiales sostenibles.<\/figcaption>\n\t\t\t\t\t\t\t\t\t\t<\/figure>\n\t\t\t\t\t\t\t\t\t<\/div>\n\t\t\t\t\t<\/div>\n\t\t\t\t<\/div>\n\t\t<div data-particle_enable=\"false\" data-particle-mobile-disabled=\"false\" class=\"elementor-element elementor-element-b77ca9e e-flex e-con-boxed e-con e-parent\" data-id=\"b77ca9e\" data-element_type=\"container\" data-e-type=\"container\">\n\t\t\t\t\t<div class=\"e-con-inner\">\n\t\t\t\t<div class=\"elementor-element elementor-element-fabbbf3 elementor-widget elementor-widget-heading\" data-id=\"fabbbf3\" data-element_type=\"widget\" data-e-type=\"widget\" data-widget_type=\"heading.default\">\n\t\t\t\t\t<h2 class=\"elementor-heading-title elementor-size-default\">Conoce otros productos que te pueden interesar...<\/h2>\t\t\t\t<\/div>\n\t\t\t\t\t<\/div>\n\t\t\t\t<\/div>\n\t\t<div data-particle_enable=\"false\" data-particle-mobile-disabled=\"false\" class=\"elementor-element elementor-element-5004252 e-flex e-con-boxed e-con e-parent\" data-id=\"5004252\" data-element_type=\"container\" data-e-type=\"container\">\n\t\t\t\t\t<div class=\"e-con-inner\">\n\t\t\t\t<div class=\"elementor-element elementor-element-505b1bb elementor-grid-eael-col-3 elementor-grid-tablet-eael-col-2 elementor-grid-mobile-eael-col-1 elementor-invisible elementor-widget elementor-widget-eael-post-grid\" data-id=\"505b1bb\" data-element_type=\"widget\" data-e-type=\"widget\" data-settings=\"{&quot;eael_post_grid_columns&quot;:&quot;eael-col-3&quot;,&quot;_animation&quot;:&quot;rollIn&quot;,&quot;eael_post_grid_columns_tablet&quot;:&quot;eael-col-2&quot;,&quot;eael_post_grid_columns_mobile&quot;:&quot;eael-col-1&quot;}\" data-widget_type=\"eael-post-grid.default\">\n\t\t\t\t\t<div id=\"eael-post-grid-505b1bb\" class=\"eael-post-grid-container\">\n            <div class=\"eael-post-grid eael-post-appender eael-post-appender-505b1bb eael-post-grid-style-one\" data-layout-mode=\"masonry\"><article class=\"eael-grid-post  eael-post-grid-column eael-pg-post-41883 category-guate-nuestra tags-mercado-emprendedores\" data-id=\"41883\">\n        <div class=\"eael-grid-post-holder\">\n            <div class=\"eael-grid-post-holder-inner\"><div class=\"eael-entry-media\"><div class=\"eael-entry-overlay fade-in\"><i class=\"far fa-hand-pointer\" aria-hidden=\"true\"><\/i><a href=\"https:\/\/soymigrante.com\/revista\/waykan-store-impulsa-tradicion-talento-y-creatividad-de-tejedoras-mayas-y-ya-esta-en-mercado\/\"><\/a><\/div><div class=\"eael-entry-thumbnail \">\n                <img loading=\"lazy\" decoding=\"async\" width=\"1024\" height=\"1024\" src=\"https:\/\/soymigrante.com\/revista\/wp-content\/uploads\/2025\/08\/DSC_6852-scaled-e1755099552542-1024x1024.webp\" class=\"attachment-large size-large wp-image-41976\" alt=\"Traje tradicional mexicano con tejidos coloridos en tienda de artesan\u00edas mexicanas, mujer mostrando textiles artesanales en establecimiento de comercio en M\u00e9xico, cultura y tradici\u00f3n textil.\" srcset=\"https:\/\/soymigrante.com\/revista\/wp-content\/uploads\/2025\/08\/DSC_6852-scaled-e1755099552542-1024x1024.webp 1024w, https:\/\/soymigrante.com\/revista\/wp-content\/uploads\/2025\/08\/DSC_6852-scaled-e1755099552542-300x300.webp 300w, https:\/\/soymigrante.com\/revista\/wp-content\/uploads\/2025\/08\/DSC_6852-scaled-e1755099552542-150x150.webp 150w, https:\/\/soymigrante.com\/revista\/wp-content\/uploads\/2025\/08\/DSC_6852-scaled-e1755099552542-768x768.webp 768w, https:\/\/soymigrante.com\/revista\/wp-content\/uploads\/2025\/08\/DSC_6852-scaled-e1755099552542-75x75.webp 75w, https:\/\/soymigrante.com\/revista\/wp-content\/uploads\/2025\/08\/DSC_6852-scaled-e1755099552542-750x750.webp 750w, https:\/\/soymigrante.com\/revista\/wp-content\/uploads\/2025\/08\/DSC_6852-scaled-e1755099552542-1140x1140.webp 1140w, https:\/\/soymigrante.com\/revista\/wp-content\/uploads\/2025\/08\/DSC_6852-scaled-e1755099552542.webp 1277w\" sizes=\"(max-width: 1024px) 100vw, 1024px\" \/>\n            <\/div>\n        <\/div><div class=\"eael-entry-wrapper\"><header class=\"eael-entry-header\"><h2 class=\"eael-entry-title\"><a class=\"eael-grid-post-link\" href=\"https:\/\/soymigrante.com\/revista\/waykan-store-impulsa-tradicion-talento-y-creatividad-de-tejedoras-mayas-y-ya-esta-en-mercado\/\" title=\"Waykan Store impulsa tradici\u00f3n, talento y creatividad de tejedoras mayas y ya est\u00e1 en MERCADO\">Waykan Store impulsa tradici\u00f3n, talento y creatividad de tejedoras mayas y ya est\u00e1 en MERCADO<\/a><\/h2><\/header><div class=\"eael-entry-content\">\n                        <div class=\"eael-grid-post-excerpt\"><a href=\"https:\/\/soymigrante.com\/revista\/waykan-store-impulsa-tradicion-talento-y-creatividad-de-tejedoras-mayas-y-ya-esta-en-mercado\/\" class=\"eael-post-elements-readmore-btn\">CONOCE SU HISTORIA <\/a><\/div>\n                    <\/div><\/div><\/div>\n        <\/div>\n    <\/article><article class=\"eael-grid-post  eael-post-grid-column eael-pg-post-41543 category-guate-nuestra tags-mercado-emprendedores\" data-id=\"41543\">\n        <div class=\"eael-grid-post-holder\">\n            <div class=\"eael-grid-post-holder-inner\"><div class=\"eael-entry-media\"><div class=\"eael-entry-overlay fade-in\"><i class=\"far fa-hand-pointer\" aria-hidden=\"true\"><\/i><a href=\"https:\/\/soymigrante.com\/revista\/vanessa-tuy-y-un-arte-terapeutico-sus-mandalas-tejidos-estan-en-mercado\/\"><\/a><\/div><div class=\"eael-entry-thumbnail \">\n                <img loading=\"lazy\" decoding=\"async\" width=\"703\" height=\"1024\" src=\"https:\/\/soymigrante.com\/revista\/wp-content\/uploads\/2025\/08\/Vanessa-Tuy-y-su-arte-sanador-5-703x1024.jpeg\" class=\"attachment-large size-large wp-image-41544\" alt=\"Cr\u00e1neo azteca hecho a mano con detalles coloridos, tradici\u00f3n y cultura mexicana, elaborado con t\u00e9cnicas artesanales para exhibici\u00f3n y coleccionismo.\" srcset=\"https:\/\/soymigrante.com\/revista\/wp-content\/uploads\/2025\/08\/Vanessa-Tuy-y-su-arte-sanador-5-703x1024.jpeg 703w, https:\/\/soymigrante.com\/revista\/wp-content\/uploads\/2025\/08\/Vanessa-Tuy-y-su-arte-sanador-5-206x300.jpeg 206w, https:\/\/soymigrante.com\/revista\/wp-content\/uploads\/2025\/08\/Vanessa-Tuy-y-su-arte-sanador-5-768x1118.jpeg 768w, https:\/\/soymigrante.com\/revista\/wp-content\/uploads\/2025\/08\/Vanessa-Tuy-y-su-arte-sanador-5-750x1092.webp 750w, https:\/\/soymigrante.com\/revista\/wp-content\/uploads\/2025\/08\/Vanessa-Tuy-y-su-arte-sanador-5.webp 879w\" sizes=\"(max-width: 703px) 100vw, 703px\" \/>\n            <\/div>\n        <\/div><div class=\"eael-entry-wrapper\"><header class=\"eael-entry-header\"><h2 class=\"eael-entry-title\"><a class=\"eael-grid-post-link\" href=\"https:\/\/soymigrante.com\/revista\/vanessa-tuy-y-un-arte-terapeutico-sus-mandalas-tejidos-estan-en-mercado\/\" title=\"Vanessa Tuy y un arte terap\u00e9utico: sus mandalas tejidos est\u00e1n en MERCADO\">Vanessa Tuy y un arte terap\u00e9utico: sus mandalas tejidos est\u00e1n en MERCADO<\/a><\/h2><\/header><div class=\"eael-entry-content\">\n                        <div class=\"eael-grid-post-excerpt\"><a href=\"https:\/\/soymigrante.com\/revista\/vanessa-tuy-y-un-arte-terapeutico-sus-mandalas-tejidos-estan-en-mercado\/\" class=\"eael-post-elements-readmore-btn\">CONOCE SU HISTORIA <\/a><\/div>\n                    <\/div><\/div><\/div>\n        <\/div>\n    <\/article><article class=\"eael-grid-post  eael-post-grid-column eael-pg-post-42094 category-guate-nuestra\" data-id=\"42094\">\n        <div class=\"eael-grid-post-holder\">\n            <div class=\"eael-grid-post-holder-inner\"><div class=\"eael-entry-media\"><div class=\"eael-entry-overlay fade-in\"><i class=\"far fa-hand-pointer\" aria-hidden=\"true\"><\/i><a href=\"https:\/\/soymigrante.com\/revista\/5-productos-muy-originales-que-puedes-encontrar-en-mercado-para-regalar-o-regalarte\/\"><\/a><\/div><div class=\"eael-entry-thumbnail \">\n                <img loading=\"lazy\" decoding=\"async\" width=\"567\" height=\"552\" src=\"https:\/\/soymigrante.com\/revista\/wp-content\/uploads\/2025\/08\/Captura-de-pantalla-2025-08-14-205643.webp\" class=\"attachment-large size-large wp-image-42165\" alt=\"Tarjeta de cr\u00e9dito y smartphone en una tienda en l\u00ednea, compras digitales, comercio electr\u00f3nico, pago con tarjeta, tecnolog\u00eda de pagos, relevante para Revista SoyMigrante.com.\" srcset=\"https:\/\/soymigrante.com\/revista\/wp-content\/uploads\/2025\/08\/Captura-de-pantalla-2025-08-14-205643.webp 567w, https:\/\/soymigrante.com\/revista\/wp-content\/uploads\/2025\/08\/Captura-de-pantalla-2025-08-14-205643-300x292.png 300w\" sizes=\"(max-width: 567px) 100vw, 567px\" \/>\n            <\/div>\n        <\/div><div class=\"eael-entry-wrapper\"><header class=\"eael-entry-header\"><h2 class=\"eael-entry-title\"><a class=\"eael-grid-post-link\" href=\"https:\/\/soymigrante.com\/revista\/5-productos-muy-originales-que-puedes-encontrar-en-mercado-para-regalar-o-regalarte\/\" title=\"5 productos muy originales que puedes encontrar en MERCADO, para regalar o regalarte\">5 productos muy originales que puedes encontrar en MERCADO, para regalar o regalarte<\/a><\/h2><\/header><div class=\"eael-entry-content\">\n                        <div class=\"eael-grid-post-excerpt\"><a href=\"https:\/\/soymigrante.com\/revista\/5-productos-muy-originales-que-puedes-encontrar-en-mercado-para-regalar-o-regalarte\/\" class=\"eael-post-elements-readmore-btn\">CONOCE SU HISTORIA <\/a><\/div>\n                    <\/div><\/div><\/div>\n        <\/div>\n    <\/article><\/div>\n            <div class=\"clearfix\"><\/div>\n        <\/div>\t\t\t\t<\/div>\n\t\t\t\t\t<\/div>\n\t\t\t\t<\/div>\n\t\t\t\t<\/div>\n\t\t","protected":false},"excerpt":{"rendered":"<p>Los productos de MERCADO de SoyMigrante.com son de calidad, pero estos te quedar\u00e1n perfectos para relajarte. El portal MERCADO de SoyMigrante.com ofrece una gran variedad de art\u00edculos creados por emprendedores, y entre ellos destacan opciones ideales para regalar o simplemente consentirte. Estos cinco productos son perfectos para encontrar momentos de paz y relajaci\u00f3n en medio [&hellip;]<\/p>\n","protected":false},"author":19,"featured_media":42296,"comment_status":"open","ping_status":"open","sticky":false,"template":"","format":"standard","meta":{"_acf_changed":false,"_eb_attr":"","footnotes":""},"categories":[58],"tags":[],"class_list":["post-42295","post","type-post","status-publish","format-standard","has-post-thumbnail","hentry","category-guate-nuestra"],"acf":[],"aioseo_notices":[],"aioseo_head":"\n\t\t<!-- All in One SEO Pro 4.9.6.2 - aioseo.com -->\n\t<meta name=\"description\" content=\"Los productos de MERCADO son muy especiales, la mayor\u00eda hechos a manos, pero 5 destacan por su peculiaridad.\" \/>\n\t<meta name=\"robots\" content=\"max-snippet:-1, max-image-preview:large, max-video-preview:-1\" \/>\n\t<meta name=\"author\" content=\"Marysabel Aldana\"\/>\n\t<link rel=\"canonical\" href=\"https:\/\/soymigrante.com\/revista\/5-productos-muy-originales-que-puedes-encontrar-en-mercado-para-regalar-o-regalarte\/\" \/>\n\t<meta name=\"generator\" content=\"All in One SEO Pro (AIOSEO) 4.9.6.2\" \/>\n\n\t\t<link rel=\"preconnect\" href=\"https:\/\/fonts.googleapis.com\" crossorigin>\n<link rel=\"preconnect\" href=\"https:\/\/fonts.gstatic.com\" crossorigin>\n\t\t<meta property=\"og:locale\" content=\"es_ES\" \/>\n\t\t<meta property=\"og:site_name\" content=\"SoyMigrante.com REVISTA \u2013 Nuestra misi\u00f3n es reconocer y dignificar al migrante.\" \/>\n\t\t<meta property=\"og:type\" content=\"article\" \/>\n\t\t<meta property=\"og:title\" content=\"5 productos muy originales que puedes hallar en MERCADO\" \/>\n\t\t<meta property=\"og:description\" content=\"Los productos de MERCADO son muy especiales, la mayor\u00eda hechos a manos, pero 5 destacan por su peculiaridad.\" \/>\n\t\t<meta property=\"og:url\" content=\"https:\/\/soymigrante.com\/revista\/5-productos-muy-originales-que-puedes-encontrar-en-mercado-para-regalar-o-regalarte\/\" \/>\n\t\t<meta property=\"og:image\" content=\"https:\/\/soymigrante.com\/revista\/wp-content\/uploads\/2025\/08\/Captura-de-pantalla-2025-08-14-205643.webp\" \/>\n\t\t<meta property=\"og:image:secure_url\" content=\"https:\/\/soymigrante.com\/revista\/wp-content\/uploads\/2025\/08\/Captura-de-pantalla-2025-08-14-205643.webp\" \/>\n\t\t<meta property=\"og:image:width\" content=\"567\" \/>\n\t\t<meta property=\"og:image:height\" content=\"552\" \/>\n\t\t<meta property=\"article:published_time\" content=\"2025-08-15T12:00:00+00:00\" \/>\n\t\t<meta property=\"article:modified_time\" content=\"2026-03-05T21:51:11+00:00\" \/>\n\t\t<meta property=\"article:publisher\" content=\"https:\/\/www.facebook.com\/soymigrantecom\" \/>\n\t\t<meta name=\"twitter:card\" content=\"summary_large_image\" \/>\n\t\t<meta name=\"twitter:site\" content=\"@SoyMigrante_com\" \/>\n\t\t<meta name=\"twitter:title\" content=\"5 productos muy originales que puedes hallar en MERCADO\" \/>\n\t\t<meta name=\"twitter:description\" content=\"Los productos de MERCADO son muy especiales, la mayor\u00eda hechos a manos, pero 5 destacan por su peculiaridad.\" \/>\n\t\t<meta name=\"twitter:creator\" content=\"@SoyMigrante_com\" \/>\n\t\t<meta name=\"twitter:image\" content=\"https:\/\/soymigrante.com\/revista\/wp-content\/uploads\/2025\/08\/Captura-de-pantalla-2025-08-14-205643.webp\" \/>\n\t\t<!-- All in One SEO Pro -->\r\n\t\t<title>5 productos muy originales que puedes hallar en MERCADO<\/title>\n\n","aioseo_head_json":{"title":"5 productos muy originales que puedes hallar en MERCADO","description":"Los productos de MERCADO son muy especiales, la mayor\u00eda hechos a manos, pero 5 destacan por su peculiaridad.","canonical_url":"https:\/\/soymigrante.com\/revista\/5-productos-muy-originales-que-puedes-encontrar-en-mercado-para-regalar-o-regalarte\/","robots":"max-snippet:-1, max-image-preview:large, max-video-preview:-1","keywords":"","webmasterTools":{"miscellaneous":"&lt;link rel=\"preconnect\" href=\"https:\/\/fonts.googleapis.com\" crossorigin&gt;\n&lt;link rel=\"preconnect\" href=\"https:\/\/fonts.gstatic.com\" crossorigin&gt;"},"schema":null,"og:locale":"es_ES","og:site_name":"SoyMigrante.com REVISTA \u2013 Nuestra misi\u00f3n es reconocer y dignificar al migrante.","og:type":"article","og:title":"5 productos muy originales que puedes hallar en MERCADO","og:description":"Los productos de MERCADO son muy especiales, la mayor\u00eda hechos a manos, pero 5 destacan por su peculiaridad.","og:url":"https:\/\/soymigrante.com\/revista\/5-productos-muy-originales-que-puedes-encontrar-en-mercado-para-regalar-o-regalarte\/","og:image":"https:\/\/soymigrante.com\/revista\/wp-content\/uploads\/2025\/08\/Captura-de-pantalla-2025-08-14-205643.webp","og:image:secure_url":"https:\/\/soymigrante.com\/revista\/wp-content\/uploads\/2025\/08\/Captura-de-pantalla-2025-08-14-205643.webp","og:image:width":567,"og:image:height":552,"article:published_time":"2025-08-15T12:00:00+00:00","article:modified_time":"2026-03-05T21:51:11+00:00","article:publisher":"https:\/\/www.facebook.com\/soymigrantecom","twitter:card":"summary_large_image","twitter:site":"@SoyMigrante_com","twitter:title":"5 productos muy originales que puedes hallar en MERCADO","twitter:description":"Los productos de MERCADO son muy especiales, la mayor\u00eda hechos a manos, pero 5 destacan por su peculiaridad.","twitter:creator":"@SoyMigrante_com","twitter:image":"https:\/\/soymigrante.com\/revista\/wp-content\/uploads\/2025\/08\/Captura-de-pantalla-2025-08-14-205643.webp"},"aioseo_meta_data":{"post_id":"42295","title":null,"description":"Los productos de MERCADO de SoyMigrante.com son de calidad, pero estos te quedar\u00e1n perfectos para relajarte.","keywords":null,"keyphrases":{"focus":{"keyphrase":"Mercado","score":100,"analysis":{"keyphraseInTitle":{"score":9,"maxScore":9,"error":0},"keyphraseInDescription":{"score":9,"maxScore":9,"error":0},"keyphraseLength":{"score":9,"maxScore":9,"error":0,"length":1},"keyphraseInURL":{"score":5,"maxScore":5,"error":0},"keyphraseInIntroduction":{"score":9,"maxScore":9,"error":0},"keyphraseInSubHeadings":{"score":9,"maxScore":9,"error":0},"keyphraseInImageAlt":{"score":9,"maxScore":9,"error":0},"keywordDensity":{"type":"best","score":9,"maxScore":9,"error":0}}},"additional":[{"keyphrase":"productos","score":73,"analysis":{"keyphraseInDescription":{"score":9,"maxScore":9,"error":0},"keyphraseLength":{"score":9,"maxScore":9,"error":0,"length":1},"keyphraseInIntroduction":{"score":3,"maxScore":9,"error":1},"keyphraseInImageAlt":{"score":3,"maxScore":9,"error":1},"keywordDensity":{"type":"best","score":9,"maxScore":9,"error":0}}}]},"primary_term":null,"canonical_url":null,"og_title":null,"og_description":null,"og_object_type":"default","og_image_type":"default","og_image_url":null,"og_image_width":null,"og_image_height":null,"og_image_custom_url":null,"og_image_custom_fields":null,"og_video":"","og_custom_url":null,"og_article_section":null,"og_article_tags":null,"twitter_use_og":false,"twitter_card":"default","twitter_image_type":"default","twitter_image_url":null,"twitter_image_custom_url":null,"twitter_image_custom_fields":null,"twitter_title":null,"twitter_description":null,"schema":{"blockGraphs":[],"customGraphs":[],"default":{"data":{"Article":[],"Course":[],"Dataset":[],"FAQPage":[],"Movie":[],"Person":[],"Product":[],"ProductReview":[],"Car":[],"Recipe":[],"Service":[],"SoftwareApplication":[],"WebPage":[]},"graphName":"none","isEnabled":true},"graphs":[]},"schema_type":"default","schema_type_options":null,"pillar_content":false,"robots_default":true,"robots_noindex":false,"robots_noarchive":false,"robots_nosnippet":false,"robots_nofollow":false,"robots_noimageindex":false,"robots_noodp":false,"robots_notranslate":false,"robots_max_snippet":"-1","robots_max_videopreview":"-1","robots_max_imagepreview":"large","priority":null,"frequency":"default","local_seo":null,"seo_analyzer_scan_date":"2025-10-09 07:47:20","breadcrumb_settings":null,"limit_modified_date":false,"reviewed_by":"0","open_ai":null,"ai":{"faqs":[],"keyPoints":[],"titles":[],"descriptions":[],"socialPosts":{"email":[],"linkedin":[],"twitter":[],"facebook":[],"instagram":[]}},"created":"2025-08-18 19:12:44","updated":"2026-02-05 04:19:38"},"aioseo_breadcrumb":"<div class=\"aioseo-breadcrumbs\"><span class=\"aioseo-breadcrumb\">\n\t<a href=\"https:\/\/soymigrante.com\/revista\" title=\"Home\">Home<\/a>\n<\/span><span class=\"aioseo-breadcrumb-separator\">\u00bb<\/span><span class=\"aioseo-breadcrumb\">\n\t<a href=\"https:\/\/soymigrante.com\/revista\/category\/guate-nuestra\/\" title=\"Guate Nuestra\">Guate Nuestra<\/a>\n<\/span><span class=\"aioseo-breadcrumb-separator\">\u00bb<\/span><span class=\"aioseo-breadcrumb\">\n\t5 productos de  SoyMigrante.com MERCADO perfectos para relajarte\n<\/span><\/div>","aioseo_breadcrumb_json":[{"label":"Home","link":"https:\/\/soymigrante.com\/revista"},{"label":"Guate Nuestra","link":"https:\/\/soymigrante.com\/revista\/category\/guate-nuestra\/"},{"label":"5 productos de  SoyMigrante.com MERCADO perfectos para relajarte","link":"https:\/\/soymigrante.com\/revista\/5-productos-de-soymigrante-com-mercado-perfectos-para-relajarte\/"}],"_links":{"self":[{"href":"https:\/\/soymigrante.com\/revista\/wp-json\/wp\/v2\/posts\/42295","targetHints":{"allow":["GET"]}}],"collection":[{"href":"https:\/\/soymigrante.com\/revista\/wp-json\/wp\/v2\/posts"}],"about":[{"href":"https:\/\/soymigrante.com\/revista\/wp-json\/wp\/v2\/types\/post"}],"author":[{"embeddable":true,"href":"https:\/\/soymigrante.com\/revista\/wp-json\/wp\/v2\/users\/19"}],"replies":[{"embeddable":true,"href":"https:\/\/soymigrante.com\/revista\/wp-json\/wp\/v2\/comments?post=42295"}],"version-history":[{"count":13,"href":"https:\/\/soymigrante.com\/revista\/wp-json\/wp\/v2\/posts\/42295\/revisions"}],"predecessor-version":[{"id":42326,"href":"https:\/\/soymigrante.com\/revista\/wp-json\/wp\/v2\/posts\/42295\/revisions\/42326"}],"wp:featuredmedia":[{"embeddable":true,"href":"https:\/\/soymigrante.com\/revista\/wp-json\/wp\/v2\/media\/42296"}],"wp:attachment":[{"href":"https:\/\/soymigrante.com\/revista\/wp-json\/wp\/v2\/media?parent=42295"}],"wp:term":[{"taxonomy":"category","embeddable":true,"href":"https:\/\/soymigrante.com\/revista\/wp-json\/wp\/v2\/categories?post=42295"},{"taxonomy":"post_tag","embeddable":true,"href":"https:\/\/soymigrante.com\/revista\/wp-json\/wp\/v2\/tags?post=42295"}],"curies":[{"name":"wp","href":"https:\/\/api.w.org\/{rel}","templated":true}]}}