{"id":42288,"date":"2025-08-19T06:00:00","date_gmt":"2025-08-19T12:00:00","guid":{"rendered":"https:\/\/soymigrante.com\/revista\/?p=42288"},"modified":"2025-08-18T20:21:07","modified_gmt":"2025-08-19T02:21:07","slug":"guatemaltecos-en-new-jersey-ofrecen-becas-para-hijos-de-migrantes-en-el-area","status":"publish","type":"post","link":"https:\/\/soymigrante.com\/revista\/guatemaltecos-en-new-jersey-ofrecen-becas-para-hijos-de-migrantes-en-el-area\/","title":{"rendered":"Guatemaltecos en New Jersey ofrecen becas para hijos de migrantes en el \u00e1rea"},"content":{"rendered":"\t\t<div data-elementor-type=\"wp-post\" data-elementor-id=\"42288\" class=\"elementor elementor-42288\" data-elementor-post-type=\"post\">\n\t\t\t\t<div data-particle_enable=\"false\" data-particle-mobile-disabled=\"false\" class=\"elementor-element elementor-element-a335402 e-flex e-con-boxed e-con e-parent\" data-id=\"a335402\" data-element_type=\"container\" data-e-type=\"container\">\n\t\t\t\t\t<div class=\"e-con-inner\">\n\t\t\t\t<div class=\"elementor-element elementor-element-6022f97 elementor-widget elementor-widget-heading\" data-id=\"6022f97\" data-element_type=\"widget\" data-e-type=\"widget\" data-widget_type=\"heading.default\">\n\t\t\t\t\t<h2 class=\"elementor-heading-title elementor-size-default\">Los guatemaltecos en New Jersey ofrecen becas para j\u00f3venes que quieran destacar en los estudios. \n<\/h2>\t\t\t\t<\/div>\n\t\t\t\t\t<\/div>\n\t\t\t\t<\/div>\n\t\t<div data-particle_enable=\"false\" data-particle-mobile-disabled=\"false\" class=\"elementor-element elementor-element-017dcce e-flex e-con-boxed e-con e-parent\" data-id=\"017dcce\" data-element_type=\"container\" data-e-type=\"container\">\n\t\t\t\t\t<div class=\"e-con-inner\">\n\t\t\t\t<div class=\"elementor-element elementor-element-27cbb18 elementor-widget elementor-widget-text-editor\" data-id=\"27cbb18\" data-element_type=\"widget\" data-e-type=\"widget\" data-widget_type=\"text-editor.default\">\n\t\t\t\t\t\t\t\t\t<p>La <a href=\"https:\/\/soymigrante.com\/revista\/guatemaltecos-unidos-en-paterson-new-jersey-impulsan-cena-para-fondo-de-becas-estudiantiles\/\" target=\"_blank\" rel=\"noopener\">Asociaci\u00f3n de Guatemaltecos Unidos de Paterson lanz\u00f3 una convocatoria de becas dirigida a estudiantes de descendencia guatemalteca<\/a> con el prop\u00f3sito de empoderar y apoyar a los j\u00f3venes en sus trayectorias acad\u00e9micas, aliviando las cargas financieras que con frecuencia obstaculizan el acceso a la educaci\u00f3n superior.<\/p>\t\t\t\t\t\t\t\t<\/div>\n\t\t\t\t\t<\/div>\n\t\t\t\t<\/div>\n\t\t<div data-particle_enable=\"false\" data-particle-mobile-disabled=\"false\" class=\"elementor-element elementor-element-db06e7a e-flex e-con-boxed e-con e-parent\" data-id=\"db06e7a\" data-element_type=\"container\" data-e-type=\"container\">\n\t\t\t\t\t<div class=\"e-con-inner\">\n\t\t\t\t<div class=\"elementor-element elementor-element-d35986c elementor-widget elementor-widget-heading\" data-id=\"d35986c\" data-element_type=\"widget\" data-e-type=\"widget\" data-widget_type=\"heading.default\">\n\t\t\t\t\t<h3 class=\"elementor-heading-title elementor-size-default\">Requisitos de elegibilidad<\/h3>\t\t\t\t<\/div>\n\t\t\t\t\t<\/div>\n\t\t\t\t<\/div>\n\t\t<div data-particle_enable=\"false\" data-particle-mobile-disabled=\"false\" class=\"elementor-element elementor-element-5c97723 e-flex e-con-boxed e-con e-parent\" data-id=\"5c97723\" data-element_type=\"container\" data-e-type=\"container\">\n\t\t\t\t\t<div class=\"e-con-inner\">\n\t\t\t\t<div class=\"elementor-element elementor-element-40327b6 elementor-widget elementor-widget-text-editor\" data-id=\"40327b6\" data-element_type=\"widget\" data-e-type=\"widget\" data-widget_type=\"text-editor.default\">\n\t\t\t\t\t\t\t\t\t<div><a href=\"https:\/\/soymigrante.com\/revista\/guatemaltecos-unidos-en-paterson-new-jersey-impulsan-cena-para-fondo-de-becas-estudiantiles\/\" target=\"_blank\" rel=\"noopener\">Las becas est\u00e1n abiertas a estudiantes que cumplan con las siguientes condiciones<\/a>:<\/div><div>\u2022Ser de descendencia guatemalteca, ya sea por haber nacido en Guatemala, por tener al menos uno de los padres guatemalteco o por contar con un abuelo guatemalteco.<\/div><div>\u2022Estar cursando el \u00faltimo a\u00f1o de secundaria e ingresar a la universidad en septiembre, o ser estudiante de primer o segundo a\u00f1o universitario.<\/div>\t\t\t\t\t\t\t\t<\/div>\n\t\t\t\t\t<\/div>\n\t\t\t\t<\/div>\n\t\t<div data-particle_enable=\"false\" data-particle-mobile-disabled=\"false\" class=\"elementor-element elementor-element-2f9db0d e-flex e-con-boxed e-con e-parent\" data-id=\"2f9db0d\" data-element_type=\"container\" data-e-type=\"container\">\n\t\t\t\t\t<div class=\"e-con-inner\">\n\t\t\t\t<div class=\"elementor-element elementor-element-6ad679c elementor-invisible elementor-widget elementor-widget-facebook-embed\" data-id=\"6ad679c\" data-element_type=\"widget\" data-e-type=\"widget\" data-settings=\"{&quot;_animation&quot;:&quot;zoomInDown&quot;}\" data-widget_type=\"facebook-embed.default\">\n\t\t\t\t\t<div style=\"min-height: 1px\" class=\"elementor-facebook-widget fb-post\" data-href=\"https:\/\/www.facebook.com\/photo\/?fbid=24711899728394798&#038;set=a.496768917001217\" data-show-text=\"false\"><\/div>\t\t\t\t<\/div>\n\t\t\t\t\t<\/div>\n\t\t\t\t<\/div>\n\t\t<div data-particle_enable=\"false\" data-particle-mobile-disabled=\"false\" class=\"elementor-element elementor-element-55c7273 e-flex e-con-boxed e-con e-parent\" data-id=\"55c7273\" data-element_type=\"container\" data-e-type=\"container\">\n\t\t\t\t\t<div class=\"e-con-inner\">\n\t\t\t\t<div class=\"elementor-element elementor-element-e39df88 elementor-widget elementor-widget-heading\" data-id=\"e39df88\" data-element_type=\"widget\" data-e-type=\"widget\" data-widget_type=\"heading.default\">\n\t\t\t\t\t<h3 class=\"elementor-heading-title elementor-size-default\">Documentaci\u00f3n necesaria<\/h3>\t\t\t\t<\/div>\n\t\t\t\t\t<\/div>\n\t\t\t\t<\/div>\n\t\t<div data-particle_enable=\"false\" data-particle-mobile-disabled=\"false\" class=\"elementor-element elementor-element-f086a1c e-flex e-con-boxed e-con e-parent\" data-id=\"f086a1c\" data-element_type=\"container\" data-e-type=\"container\">\n\t\t\t\t\t<div class=\"e-con-inner\">\n\t\t\t\t<div class=\"elementor-element elementor-element-a88fea5 elementor-widget elementor-widget-text-editor\" data-id=\"a88fea5\" data-element_type=\"widget\" data-e-type=\"widget\" data-widget_type=\"text-editor.default\">\n\t\t\t\t\t\t\t\t\t<div><a href=\"https:\/\/soymigrante.com\/revista\/guatemaltecos-unidos-en-paterson-new-jersey-impulsan-cena-para-fondo-de-becas-estudiantiles\/\" target=\"_blank\" rel=\"noopener\">Los interesados deben presentar:<\/a><\/div><div>\u2022Copia de la carta de aceptaci\u00f3n de la instituci\u00f3n educativa.<\/div><div>\u2022Comprobante de descendencia guatemalteca.<\/div><div>\u2022Completar la solicitud requerida por la asociaci\u00f3n.<\/div>\t\t\t\t\t\t\t\t<\/div>\n\t\t\t\t\t<\/div>\n\t\t\t\t<\/div>\n\t\t<div data-particle_enable=\"false\" data-particle-mobile-disabled=\"false\" class=\"elementor-element elementor-element-27b0ff1 e-flex e-con-boxed e-con e-parent\" data-id=\"27b0ff1\" data-element_type=\"container\" data-e-type=\"container\">\n\t\t\t\t\t<div class=\"e-con-inner\">\n\t\t\t\t<div class=\"elementor-element elementor-element-5736f4c elementor-widget elementor-widget-heading\" data-id=\"5736f4c\" data-element_type=\"widget\" data-e-type=\"widget\" data-widget_type=\"heading.default\">\n\t\t\t\t\t<h3 class=\"elementor-heading-title elementor-size-default\">Plazo de aplicaci\u00f3n<\/h3>\t\t\t\t<\/div>\n\t\t\t\t\t<\/div>\n\t\t\t\t<\/div>\n\t\t<div data-particle_enable=\"false\" data-particle-mobile-disabled=\"false\" class=\"elementor-element elementor-element-b6bfe2f e-flex e-con-boxed e-con e-parent\" data-id=\"b6bfe2f\" data-element_type=\"container\" data-e-type=\"container\">\n\t\t\t\t\t<div class=\"e-con-inner\">\n\t\t\t\t<div class=\"elementor-element elementor-element-e455b91 elementor-widget elementor-widget-text-editor\" data-id=\"e455b91\" data-element_type=\"widget\" data-e-type=\"widget\" data-widget_type=\"text-editor.default\">\n\t\t\t\t\t\t\t\t\t<p>La fecha l\u00edmite para presentar solicitudes es el<strong> 5 de septiembre de 2025.<\/strong><\/p>\t\t\t\t\t\t\t\t<\/div>\n\t\t\t\t\t<\/div>\n\t\t\t\t<\/div>\n\t\t<div data-particle_enable=\"false\" data-particle-mobile-disabled=\"false\" class=\"elementor-element elementor-element-0f305aa e-flex e-con-boxed e-con e-parent\" data-id=\"0f305aa\" data-element_type=\"container\" data-e-type=\"container\">\n\t\t\t\t\t<div class=\"e-con-inner\">\n\t\t\t\t<div class=\"elementor-element elementor-element-cd8b9ec elementor-grid-eael-col-1 elementor-grid-tablet-eael-col-2 elementor-grid-mobile-eael-col-1 elementor-invisible elementor-widget elementor-widget-eael-post-grid\" data-id=\"cd8b9ec\" data-element_type=\"widget\" data-e-type=\"widget\" data-settings=\"{&quot;eael_post_grid_columns&quot;:&quot;eael-col-1&quot;,&quot;_animation&quot;:&quot;rollIn&quot;,&quot;eael_post_grid_columns_tablet&quot;:&quot;eael-col-2&quot;,&quot;eael_post_grid_columns_mobile&quot;:&quot;eael-col-1&quot;}\" data-widget_type=\"eael-post-grid.default\">\n\t\t\t\t\t<div id=\"eael-post-grid-cd8b9ec\" class=\"eael-post-grid-container\">\n            <div class=\"eael-post-grid eael-post-appender eael-post-appender-cd8b9ec eael-post-grid-style-one\" data-layout-mode=\"masonry\"><article class=\"eael-grid-post  eael-post-grid-column eael-pg-post-27940 category-estamos-unidos\" data-id=\"27940\">\n        <div class=\"eael-grid-post-holder\">\n            <div class=\"eael-grid-post-holder-inner\"><div class=\"eael-entry-media\"><div class=\"eael-entry-overlay fade-in\"><i class=\"far fa-hand-pointer\" aria-hidden=\"true\"><\/i><a href=\"https:\/\/soymigrante.com\/revista\/guatemaltecos-unidos-en-paterson-new-jersey-impulsan-cena-para-fondo-de-becas-estudiantiles\/\"><\/a><\/div><div class=\"eael-entry-thumbnail eael-image-ratio\">\n                <img fetchpriority=\"high\" decoding=\"async\" width=\"710\" height=\"710\" src=\"https:\/\/soymigrante.com\/revista\/wp-content\/uploads\/2025\/03\/becas-new-jersey-2.webp\" class=\"attachment-large size-large wp-image-27941\" alt=\"Estudiantes graduados con toga y birrete en ceremonia acad\u00e9mica en la revista SoyMigrante.com REVISTA.\" srcset=\"https:\/\/soymigrante.com\/revista\/wp-content\/uploads\/2025\/03\/becas-new-jersey-2.webp 710w, https:\/\/soymigrante.com\/revista\/wp-content\/uploads\/2025\/03\/becas-new-jersey-2-300x300.jpg 300w, https:\/\/soymigrante.com\/revista\/wp-content\/uploads\/2025\/03\/becas-new-jersey-2-150x150.jpg 150w, https:\/\/soymigrante.com\/revista\/wp-content\/uploads\/2025\/03\/becas-new-jersey-2-75x75.webp 75w\" sizes=\"(max-width: 710px) 100vw, 710px\" \/>\n            <\/div>\n        <\/div><div class=\"eael-entry-wrapper\"><header class=\"eael-entry-header\"><h2 class=\"eael-entry-title\"><a class=\"eael-grid-post-link\" href=\"https:\/\/soymigrante.com\/revista\/guatemaltecos-unidos-en-paterson-new-jersey-impulsan-cena-para-fondo-de-becas-estudiantiles\/\" title=\"Guatemaltecos Unidos en Paterson, New Jersey, impulsan cena para fondo de becas estudiantiles\">Guatemaltecos Unidos en Paterson, New Jersey, impulsan cena para fondo de becas estudiantiles<\/a><\/h2><\/header><div class=\"eael-entry-content\">\n                        <div class=\"eael-grid-post-excerpt\"><a href=\"https:\/\/soymigrante.com\/revista\/guatemaltecos-unidos-en-paterson-new-jersey-impulsan-cena-para-fondo-de-becas-estudiantiles\/\" class=\"eael-post-elements-readmore-btn\">CONOCE SU HISTORIA <\/a><\/div>\n                    <\/div><\/div><\/div>\n        <\/div>\n    <\/article><\/div>\n            <div class=\"clearfix\"><\/div>\n        <\/div>\t\t\t\t<\/div>\n\t\t\t\t\t<\/div>\n\t\t\t\t<\/div>\n\t\t<div data-particle_enable=\"false\" data-particle-mobile-disabled=\"false\" class=\"elementor-element elementor-element-129245b e-flex e-con-boxed e-con e-parent\" data-id=\"129245b\" data-element_type=\"container\" data-e-type=\"container\">\n\t\t\t\t\t<div class=\"e-con-inner\">\n\t\t\t\t<div class=\"elementor-element elementor-element-b903520 elementor-widget elementor-widget-heading\" data-id=\"b903520\" data-element_type=\"widget\" data-e-type=\"widget\" data-widget_type=\"heading.default\">\n\t\t\t\t\t<h3 class=\"elementor-heading-title elementor-size-default\">Un apoyo con identidad<\/h3>\t\t\t\t<\/div>\n\t\t\t\t\t<\/div>\n\t\t\t\t<\/div>\n\t\t<div data-particle_enable=\"false\" data-particle-mobile-disabled=\"false\" class=\"elementor-element elementor-element-5aca491 e-flex e-con-boxed e-con e-parent\" data-id=\"5aca491\" data-element_type=\"container\" data-e-type=\"container\">\n\t\t\t\t\t<div class=\"e-con-inner\">\n\t\t\t\t<div class=\"elementor-element elementor-element-6ac4652 elementor-widget elementor-widget-text-editor\" data-id=\"6ac4652\" data-element_type=\"widget\" data-e-type=\"widget\" data-widget_type=\"text-editor.default\">\n\t\t\t\t\t\t\t\t\t<p>Con esta iniciativa, <a href=\"https:\/\/soymigrante.com\/revista\/guatemaltecos-unidos-en-paterson-new-jersey-impulsan-cena-para-fondo-de-becas-estudiantiles\/\" target=\"_blank\" rel=\"noopener\">la Asociaci\u00f3n de Guatemaltecos Unidos de Paterson busca fortalecer los lazos comunitarios en New Jersey<\/a> y abrir m\u00e1s oportunidades para que los j\u00f3venes de origen guatemalteco puedan continuar sus estudios.\u00a0<\/p>\t\t\t\t\t\t\t\t<\/div>\n\t\t\t\t\t<\/div>\n\t\t\t\t<\/div>\n\t\t<div data-particle_enable=\"false\" data-particle-mobile-disabled=\"false\" class=\"elementor-element elementor-element-82f5a95 e-flex e-con-boxed e-con e-parent\" data-id=\"82f5a95\" data-element_type=\"container\" data-e-type=\"container\">\n\t\t\t\t\t<div class=\"e-con-inner\">\n\t\t\t\t<div class=\"elementor-element elementor-element-4d32315 elementor-widget elementor-widget-heading\" data-id=\"4d32315\" data-element_type=\"widget\" data-e-type=\"widget\" data-widget_type=\"heading.default\">\n\t\t\t\t\t<h2 class=\"elementor-heading-title elementor-size-default\">Conoce esta informaci\u00f3n que te puede ayudar...<\/h2>\t\t\t\t<\/div>\n\t\t\t\t\t<\/div>\n\t\t\t\t<\/div>\n\t\t<div data-particle_enable=\"false\" data-particle-mobile-disabled=\"false\" class=\"elementor-element elementor-element-c916cd3 e-flex e-con-boxed e-con e-parent\" data-id=\"c916cd3\" data-element_type=\"container\" data-e-type=\"container\">\n\t\t\t\t\t<div class=\"e-con-inner\">\n\t\t\t\t<div class=\"elementor-element elementor-element-54a8268 elementor-grid-eael-col-3 elementor-grid-tablet-eael-col-2 elementor-grid-mobile-eael-col-1 elementor-invisible elementor-widget elementor-widget-eael-post-grid\" data-id=\"54a8268\" data-element_type=\"widget\" data-e-type=\"widget\" data-settings=\"{&quot;eael_post_grid_columns&quot;:&quot;eael-col-3&quot;,&quot;_animation&quot;:&quot;rollIn&quot;,&quot;eael_post_grid_columns_tablet&quot;:&quot;eael-col-2&quot;,&quot;eael_post_grid_columns_mobile&quot;:&quot;eael-col-1&quot;}\" data-widget_type=\"eael-post-grid.default\">\n\t\t\t\t\t<div id=\"eael-post-grid-54a8268\" class=\"eael-post-grid-container\">\n            <div class=\"eael-post-grid eael-post-appender eael-post-appender-54a8268 eael-post-grid-style-one\" data-layout-mode=\"masonry\"><article class=\"eael-grid-post  eael-post-grid-column eael-pg-post-36164 category-estamos-unidos\" data-id=\"36164\">\n        <div class=\"eael-grid-post-holder\">\n            <div class=\"eael-grid-post-holder-inner\"><div class=\"eael-entry-media\"><div class=\"eael-entry-overlay fade-in\"><i class=\"far fa-hand-pointer\" aria-hidden=\"true\"><\/i><a href=\"https:\/\/soymigrante.com\/revista\/artistas-y-figuras-publicas-alzan-la-voz-en-apoyo-a-migrantes-en-estados-unidos\/\"><\/a><\/div><div class=\"eael-entry-thumbnail \">\n                <img decoding=\"async\" width=\"819\" height=\"1024\" src=\"https:\/\/soymigrante.com\/revista\/wp-content\/uploads\/2025\/06\/thalia-2-819x1024.jpg\" class=\"attachment-large size-large wp-image-36165\" alt=\"Vestido amarillo brillante de gala, mujer posando en un fondo de paredes de m\u00e1rmol, estilo elegante y sofisticado, revista SoyMigrante.com, enfoque en moda y cultura migrante en espa\u00f1ol.\" srcset=\"https:\/\/soymigrante.com\/revista\/wp-content\/uploads\/2025\/06\/thalia-2-819x1024.jpg 819w, https:\/\/soymigrante.com\/revista\/wp-content\/uploads\/2025\/06\/thalia-2-240x300.jpg 240w, https:\/\/soymigrante.com\/revista\/wp-content\/uploads\/2025\/06\/thalia-2-768x960.jpg 768w, https:\/\/soymigrante.com\/revista\/wp-content\/uploads\/2025\/06\/thalia-2-1229x1536.jpg 1229w, https:\/\/soymigrante.com\/revista\/wp-content\/uploads\/2025\/06\/thalia-2-750x938.jpg 750w, https:\/\/soymigrante.com\/revista\/wp-content\/uploads\/2025\/06\/thalia-2-1140x1425.jpg 1140w, https:\/\/soymigrante.com\/revista\/wp-content\/uploads\/2025\/06\/thalia-2.webp 1440w\" sizes=\"(max-width: 819px) 100vw, 819px\" \/>\n            <\/div>\n        <\/div><div class=\"eael-entry-wrapper\"><header class=\"eael-entry-header\"><h2 class=\"eael-entry-title\"><a class=\"eael-grid-post-link\" href=\"https:\/\/soymigrante.com\/revista\/artistas-y-figuras-publicas-alzan-la-voz-en-apoyo-a-migrantes-en-estados-unidos\/\" title=\"Artistas y figuras p\u00fablicas alzan la voz en apoyo a migrantes en Estados Unidos\">Artistas y figuras p\u00fablicas alzan la voz en apoyo a migrantes en Estados Unidos<\/a><\/h2><\/header><div class=\"eael-entry-content\">\n                        <div class=\"eael-grid-post-excerpt\"><a href=\"https:\/\/soymigrante.com\/revista\/artistas-y-figuras-publicas-alzan-la-voz-en-apoyo-a-migrantes-en-estados-unidos\/\" class=\"eael-post-elements-readmore-btn\">CONOCE SU HISTORIA <\/a><\/div>\n                    <\/div><\/div><\/div>\n        <\/div>\n    <\/article><article class=\"eael-grid-post  eael-post-grid-column eael-pg-post-3469 category-estamos-unidos\" data-id=\"3469\">\n        <div class=\"eael-grid-post-holder\">\n            <div class=\"eael-grid-post-holder-inner\"><div class=\"eael-entry-media\"><div class=\"eael-entry-overlay fade-in\"><i class=\"far fa-hand-pointer\" aria-hidden=\"true\"><\/i><a href=\"https:\/\/soymigrante.com\/revista\/migrantes-retornados-por-tierra-reciben-apoyo-en-san-marcos\/\"><\/a><\/div><div class=\"eael-entry-thumbnail \">\n                <img decoding=\"async\" width=\"1024\" height=\"705\" src=\"https:\/\/soymigrante.com\/revista\/wp-content\/uploads\/2023\/11\/Murales-informativos-de-migracion-e1700692598843-1024x705.webp\" class=\"attachment-large size-large wp-image-3463\" alt=\"\" srcset=\"https:\/\/soymigrante.com\/revista\/wp-content\/uploads\/2023\/11\/Murales-informativos-de-migracion-e1700692598843-1024x705.webp 1024w, https:\/\/soymigrante.com\/revista\/wp-content\/uploads\/2023\/11\/Murales-informativos-de-migracion-e1700692598843-300x207.webp 300w, https:\/\/soymigrante.com\/revista\/wp-content\/uploads\/2023\/11\/Murales-informativos-de-migracion-e1700692598843-768x529.webp 768w, https:\/\/soymigrante.com\/revista\/wp-content\/uploads\/2023\/11\/Murales-informativos-de-migracion-e1700692598843-750x517.webp 750w, https:\/\/soymigrante.com\/revista\/wp-content\/uploads\/2023\/11\/Murales-informativos-de-migracion-e1700692598843.webp 1044w\" sizes=\"(max-width: 1024px) 100vw, 1024px\" \/>\n            <\/div>\n        <\/div><div class=\"eael-entry-wrapper\"><header class=\"eael-entry-header\"><h2 class=\"eael-entry-title\"><a class=\"eael-grid-post-link\" href=\"https:\/\/soymigrante.com\/revista\/migrantes-retornados-por-tierra-reciben-apoyo-en-san-marcos\/\" title=\"Migrantes retornados por tierra reciben apoyo en San Marcos\">Migrantes retornados por tierra reciben apoyo en San Marcos<\/a><\/h2><\/header><div class=\"eael-entry-content\">\n                        <div class=\"eael-grid-post-excerpt\"><a href=\"https:\/\/soymigrante.com\/revista\/migrantes-retornados-por-tierra-reciben-apoyo-en-san-marcos\/\" class=\"eael-post-elements-readmore-btn\">CONOCE SU HISTORIA <\/a><\/div>\n                    <\/div><\/div><\/div>\n        <\/div>\n    <\/article><article class=\"eael-grid-post  eael-post-grid-column eael-pg-post-33909 category-estamos-unidos\" data-id=\"33909\">\n        <div class=\"eael-grid-post-holder\">\n            <div class=\"eael-grid-post-holder-inner\"><div class=\"eael-entry-media\"><div class=\"eael-entry-overlay fade-in\"><i class=\"far fa-hand-pointer\" aria-hidden=\"true\"><\/i><a href=\"https:\/\/soymigrante.com\/revista\/becas-de-apoyo-y-certificacion-a-migrantes-retornados-brinda-el-intecap\/\"><\/a><\/div><div class=\"eael-entry-thumbnail \">\n                <img loading=\"lazy\" decoding=\"async\" width=\"1024\" height=\"683\" src=\"https:\/\/soymigrante.com\/revista\/wp-content\/uploads\/2025\/05\/Foto-Intecap-2-1024x683.jpg\" class=\"attachment-large size-large wp-image-33910\" alt=\"Cocinero con guantes azules cortando chocolate en una cocina profesional.\" \/>\n            <\/div>\n        <\/div><div class=\"eael-entry-wrapper\"><header class=\"eael-entry-header\"><h2 class=\"eael-entry-title\"><a class=\"eael-grid-post-link\" href=\"https:\/\/soymigrante.com\/revista\/becas-de-apoyo-y-certificacion-a-migrantes-retornados-brinda-el-intecap\/\" title=\"Becas de apoyo y certificaci\u00f3n a migrantes retornados brinda el INTECAP.\">Becas de apoyo y certificaci\u00f3n a migrantes retornados brinda el INTECAP.<\/a><\/h2><\/header><div class=\"eael-entry-content\">\n                        <div class=\"eael-grid-post-excerpt\"><a href=\"https:\/\/soymigrante.com\/revista\/becas-de-apoyo-y-certificacion-a-migrantes-retornados-brinda-el-intecap\/\" class=\"eael-post-elements-readmore-btn\">CONOCE SU HISTORIA <\/a><\/div>\n                    <\/div><\/div><\/div>\n        <\/div>\n    <\/article><\/div>\n            <div class=\"clearfix\"><\/div>\n        <\/div>\t\t\t\t<\/div>\n\t\t\t\t\t<\/div>\n\t\t\t\t<\/div>\n\t\t\t\t<\/div>\n\t\t","protected":false},"excerpt":{"rendered":"<p>Los guatemaltecos en New Jersey ofrecen becas para j\u00f3venes que quieran destacar en los estudios. La Asociaci\u00f3n de Guatemaltecos Unidos de Paterson lanz\u00f3 una convocatoria de becas dirigida a estudiantes de descendencia guatemalteca con el prop\u00f3sito de empoderar y apoyar a los j\u00f3venes en sus trayectorias acad\u00e9micas, aliviando las cargas financieras que con frecuencia obstaculizan [&hellip;]<\/p>\n","protected":false},"author":19,"featured_media":42289,"comment_status":"open","ping_status":"open","sticky":false,"template":"","format":"standard","meta":{"_acf_changed":false,"_eb_attr":"","footnotes":""},"categories":[54],"tags":[],"class_list":["post-42288","post","type-post","status-publish","format-standard","has-post-thumbnail","hentry","category-estamos-unidos"],"acf":[],"aioseo_notices":[],"aioseo_head":"\n\t\t<!-- All in One SEO Pro 4.9.6.2 - aioseo.com -->\n\t<meta name=\"description\" content=\"El programa de Becas para Retornados abre oportunidades de certificaci\u00f3n y especializaci\u00f3n laboral basado en experiencias de trabajo en Estados Unidos.\" \/>\n\t<meta name=\"robots\" content=\"max-snippet:-1, max-image-preview:large, max-video-preview:-1\" \/>\n\t<meta name=\"author\" content=\"Marysabel Aldana\"\/>\n\t<link rel=\"canonical\" href=\"https:\/\/soymigrante.com\/revista\/becas-de-apoyo-y-certificacion-a-migrantes-retornados-brinda-el-intecap\/\" \/>\n\t<meta name=\"generator\" content=\"All in One SEO Pro (AIOSEO) 4.9.6.2\" \/>\n\n\t\t<link rel=\"preconnect\" href=\"https:\/\/fonts.googleapis.com\" crossorigin>\n<link rel=\"preconnect\" href=\"https:\/\/fonts.gstatic.com\" crossorigin>\n\t\t<meta property=\"og:locale\" content=\"es_ES\" \/>\n\t\t<meta property=\"og:site_name\" content=\"SoyMigrante.com REVISTA \u2013 Nuestra misi\u00f3n es reconocer y dignificar al migrante.\" \/>\n\t\t<meta property=\"og:type\" content=\"article\" \/>\n\t\t<meta property=\"og:title\" content=\"Becas de apoyo y certificaci\u00f3n a migrantes retornados brinda el INTECAP.\" \/>\n\t\t<meta property=\"og:description\" content=\"El programa de Becas para Retornados abre oportunidades de certificaci\u00f3n y especializaci\u00f3n laboral basado en experiencias de trabajo en Estados Unidos.\" \/>\n\t\t<meta property=\"og:url\" content=\"https:\/\/soymigrante.com\/revista\/becas-de-apoyo-y-certificacion-a-migrantes-retornados-brinda-el-intecap\/\" \/>\n\t\t<meta property=\"og:image\" content=\"https:\/\/soymigrante.com\/revista\/wp-content\/uploads\/2025\/05\/Foto-Intecap-2-e1747681976618.webp\" \/>\n\t\t<meta property=\"og:image:secure_url\" content=\"https:\/\/soymigrante.com\/revista\/wp-content\/uploads\/2025\/05\/Foto-Intecap-2-e1747681976618.webp\" \/>\n\t\t<meta property=\"og:image:width\" content=\"800\" \/>\n\t\t<meta property=\"og:image:height\" content=\"800\" \/>\n\t\t<meta property=\"article:published_time\" content=\"2025-05-20T00:34:01+00:00\" \/>\n\t\t<meta property=\"article:modified_time\" content=\"2025-05-20T00:34:03+00:00\" \/>\n\t\t<meta property=\"article:publisher\" content=\"https:\/\/www.facebook.com\/soymigrantecom\" \/>\n\t\t<meta name=\"twitter:card\" content=\"summary_large_image\" \/>\n\t\t<meta name=\"twitter:site\" content=\"@SoyMigrante_com\" \/>\n\t\t<meta name=\"twitter:title\" content=\"Becas de apoyo y certificaci\u00f3n a migrantes retornados brinda el INTECAP.\" \/>\n\t\t<meta name=\"twitter:description\" content=\"El programa de Becas para Retornados abre oportunidades de certificaci\u00f3n y especializaci\u00f3n laboral basado en experiencias de trabajo en Estados Unidos.\" \/>\n\t\t<meta name=\"twitter:creator\" content=\"@SoyMigrante_com\" \/>\n\t\t<meta name=\"twitter:image\" content=\"https:\/\/soymigrante.com\/revista\/wp-content\/uploads\/2025\/05\/Foto-Intecap-2-e1747681976618.webp\" \/>\n\t\t<!-- All in One SEO Pro -->\r\n\t\t<title>Becas de apoyo y certificaci\u00f3n a migrantes retornados brinda el INTECAP.<\/title>\n\n","aioseo_head_json":{"title":"Becas de apoyo y certificaci\u00f3n a migrantes retornados brinda el INTECAP.","description":"El programa de Becas para Retornados abre oportunidades de certificaci\u00f3n y especializaci\u00f3n laboral basado en experiencias de trabajo en Estados Unidos.","canonical_url":"https:\/\/soymigrante.com\/revista\/becas-de-apoyo-y-certificacion-a-migrantes-retornados-brinda-el-intecap\/","robots":"max-snippet:-1, max-image-preview:large, max-video-preview:-1","keywords":"","webmasterTools":{"miscellaneous":"&lt;link rel=\"preconnect\" href=\"https:\/\/fonts.googleapis.com\" crossorigin&gt;\n&lt;link rel=\"preconnect\" href=\"https:\/\/fonts.gstatic.com\" crossorigin&gt;"},"schema":null,"og:locale":"es_ES","og:site_name":"SoyMigrante.com REVISTA \u2013 Nuestra misi\u00f3n es reconocer y dignificar al migrante.","og:type":"article","og:title":"Becas de apoyo y certificaci\u00f3n a migrantes retornados brinda el INTECAP.","og:description":"El programa de Becas para Retornados abre oportunidades de certificaci\u00f3n y especializaci\u00f3n laboral basado en experiencias de trabajo en Estados Unidos.","og:url":"https:\/\/soymigrante.com\/revista\/becas-de-apoyo-y-certificacion-a-migrantes-retornados-brinda-el-intecap\/","og:image":"https:\/\/soymigrante.com\/revista\/wp-content\/uploads\/2025\/05\/Foto-Intecap-2-e1747681976618.webp","og:image:secure_url":"https:\/\/soymigrante.com\/revista\/wp-content\/uploads\/2025\/05\/Foto-Intecap-2-e1747681976618.webp","og:image:width":800,"og:image:height":800,"article:published_time":"2025-05-20T00:34:01+00:00","article:modified_time":"2025-05-20T00:34:03+00:00","article:publisher":"https:\/\/www.facebook.com\/soymigrantecom","twitter:card":"summary_large_image","twitter:site":"@SoyMigrante_com","twitter:title":"Becas de apoyo y certificaci\u00f3n a migrantes retornados brinda el INTECAP.","twitter:description":"El programa de Becas para Retornados abre oportunidades de certificaci\u00f3n y especializaci\u00f3n laboral basado en experiencias de trabajo en Estados Unidos.","twitter:creator":"@SoyMigrante_com","twitter:image":"https:\/\/soymigrante.com\/revista\/wp-content\/uploads\/2025\/05\/Foto-Intecap-2-e1747681976618.webp"},"aioseo_meta_data":{"post_id":"42288","title":"Guatemaltecos en New Jersey impulsan programa de becas","description":"Becas est\u00e1n orientadas a j\u00f3venes migrantes nacidos en Guatemala o hijos de migrantes guatemaltecos que deseen proseguir sus estudios con excelencia. Conoce m\u00e1s.","keywords":null,"keyphrases":{"focus":{"keyphrase":"guatemaltecos","score":91,"analysis":{"keyphraseInTitle":{"score":9,"maxScore":9,"error":0},"keyphraseInDescription":{"score":9,"maxScore":9,"error":0},"keyphraseLength":{"score":9,"maxScore":9,"error":0,"length":1},"keyphraseInURL":{"score":5,"maxScore":5,"error":0},"keyphraseInIntroduction":{"score":9,"maxScore":9,"error":0},"keyphraseInSubHeadings":{"score":3,"maxScore":9,"error":1},"keyphraseInImageAlt":{"score":9,"maxScore":9,"error":0},"keywordDensity":{"type":"best","score":9,"maxScore":9,"error":0}}},"additional":[{"keyphrase":"New Jersey","score":73,"analysis":{"keyphraseInDescription":{"score":3,"maxScore":9,"error":1},"keyphraseLength":{"score":9,"maxScore":9,"error":0,"length":2},"keyphraseInIntroduction":{"score":3,"maxScore":9,"error":1},"keyphraseInImageAlt":{"score":9,"maxScore":9,"error":0},"keywordDensity":{"type":"best","score":9,"maxScore":9,"error":0}}}]},"primary_term":null,"canonical_url":null,"og_title":null,"og_description":null,"og_object_type":"default","og_image_type":"default","og_image_url":null,"og_image_width":null,"og_image_height":null,"og_image_custom_url":null,"og_image_custom_fields":null,"og_video":"","og_custom_url":null,"og_article_section":null,"og_article_tags":null,"twitter_use_og":false,"twitter_card":"default","twitter_image_type":"default","twitter_image_url":null,"twitter_image_custom_url":null,"twitter_image_custom_fields":null,"twitter_title":null,"twitter_description":null,"schema":{"blockGraphs":[],"customGraphs":[],"default":{"data":{"Article":[],"Course":[],"Dataset":[],"FAQPage":[],"Movie":[],"Person":[],"Product":[],"ProductReview":[],"Car":[],"Recipe":[],"Service":[],"SoftwareApplication":[],"WebPage":[]},"graphName":"none","isEnabled":true},"graphs":[]},"schema_type":"default","schema_type_options":null,"pillar_content":false,"robots_default":true,"robots_noindex":false,"robots_noarchive":false,"robots_nosnippet":false,"robots_nofollow":false,"robots_noimageindex":false,"robots_noodp":false,"robots_notranslate":false,"robots_max_snippet":"-1","robots_max_videopreview":"-1","robots_max_imagepreview":"large","priority":null,"frequency":"default","local_seo":null,"seo_analyzer_scan_date":"2025-10-09 07:47:20","breadcrumb_settings":null,"limit_modified_date":false,"reviewed_by":"0","open_ai":null,"ai":{"faqs":[],"keyPoints":[],"titles":[],"descriptions":[],"socialPosts":{"email":[],"linkedin":[],"twitter":[],"facebook":[],"instagram":[]}},"created":"2025-08-18 18:41:20","updated":"2026-02-05 04:21:49"},"aioseo_breadcrumb":"<div class=\"aioseo-breadcrumbs\"><span class=\"aioseo-breadcrumb\">\n\t<a href=\"https:\/\/soymigrante.com\/revista\" title=\"Home\">Home<\/a>\n<\/span><span class=\"aioseo-breadcrumb-separator\">\u00bb<\/span><span class=\"aioseo-breadcrumb\">\n\t<a href=\"https:\/\/soymigrante.com\/revista\/category\/estamos-unidos\/\" title=\"Estamos Unidos\">Estamos Unidos<\/a>\n<\/span><span class=\"aioseo-breadcrumb-separator\">\u00bb<\/span><span class=\"aioseo-breadcrumb\">\n\tGuatemaltecos en New Jersey ofrecen becas para hijos de migrantes en el \u00e1rea\n<\/span><\/div>","aioseo_breadcrumb_json":[{"label":"Home","link":"https:\/\/soymigrante.com\/revista"},{"label":"Estamos Unidos","link":"https:\/\/soymigrante.com\/revista\/category\/estamos-unidos\/"},{"label":"Guatemaltecos en New Jersey ofrecen becas para hijos de migrantes en el \u00e1rea","link":"https:\/\/soymigrante.com\/revista\/guatemaltecos-en-new-jersey-ofrecen-becas-para-hijos-de-migrantes-en-el-area\/"}],"_links":{"self":[{"href":"https:\/\/soymigrante.com\/revista\/wp-json\/wp\/v2\/posts\/42288","targetHints":{"allow":["GET"]}}],"collection":[{"href":"https:\/\/soymigrante.com\/revista\/wp-json\/wp\/v2\/posts"}],"about":[{"href":"https:\/\/soymigrante.com\/revista\/wp-json\/wp\/v2\/types\/post"}],"author":[{"embeddable":true,"href":"https:\/\/soymigrante.com\/revista\/wp-json\/wp\/v2\/users\/19"}],"replies":[{"embeddable":true,"href":"https:\/\/soymigrante.com\/revista\/wp-json\/wp\/v2\/comments?post=42288"}],"version-history":[{"count":5,"href":"https:\/\/soymigrante.com\/revista\/wp-json\/wp\/v2\/posts\/42288\/revisions"}],"predecessor-version":[{"id":42332,"href":"https:\/\/soymigrante.com\/revista\/wp-json\/wp\/v2\/posts\/42288\/revisions\/42332"}],"wp:featuredmedia":[{"embeddable":true,"href":"https:\/\/soymigrante.com\/revista\/wp-json\/wp\/v2\/media\/42289"}],"wp:attachment":[{"href":"https:\/\/soymigrante.com\/revista\/wp-json\/wp\/v2\/media?parent=42288"}],"wp:term":[{"taxonomy":"category","embeddable":true,"href":"https:\/\/soymigrante.com\/revista\/wp-json\/wp\/v2\/categories?post=42288"},{"taxonomy":"post_tag","embeddable":true,"href":"https:\/\/soymigrante.com\/revista\/wp-json\/wp\/v2\/tags?post=42288"}],"curies":[{"name":"wp","href":"https:\/\/api.w.org\/{rel}","templated":true}]}}