{"id":4221,"date":"2024-01-06T11:55:12","date_gmt":"2024-01-06T17:55:12","guid":{"rendered":"https:\/\/soymigrante.com\/revista\/?p=4221"},"modified":"2024-11-01T08:38:30","modified_gmt":"2024-11-01T14:38:30","slug":"walter-batres-presidente-red-migrante-guatemalteca-experiencia-los-angeles","status":"publish","type":"post","link":"https:\/\/soymigrante.com\/revista\/walter-batres-presidente-red-migrante-guatemalteca-experiencia-los-angeles\/","title":{"rendered":"Una red de hermandad y servicio preside el migrante Walter Batres"},"content":{"rendered":"\t\t<div data-elementor-type=\"wp-post\" data-elementor-id=\"4221\" class=\"elementor elementor-4221\" data-elementor-post-type=\"post\">\n\t\t\t\t\t\t<section data-particle_enable=\"false\" data-particle-mobile-disabled=\"false\" class=\"elementor-section elementor-top-section elementor-element elementor-element-4e62a22 elementor-section-boxed elementor-section-height-default elementor-section-height-default\" data-id=\"4e62a22\" data-element_type=\"section\" data-e-type=\"section\">\n\t\t\t\t\t\t<div class=\"elementor-container elementor-column-gap-default\">\n\t\t\t\t\t<div class=\"elementor-column elementor-col-100 elementor-top-column elementor-element elementor-element-64ba649\" data-id=\"64ba649\" data-element_type=\"column\" data-e-type=\"column\">\n\t\t\t<div class=\"elementor-widget-wrap elementor-element-populated\">\n\t\t\t\t\t\t<div class=\"elementor-element elementor-element-ac01829 elementor-widget elementor-widget-heading\" data-id=\"ac01829\" data-element_type=\"widget\" data-e-type=\"widget\" data-widget_type=\"heading.default\">\n\t\t\t\t\t<h1 class=\"elementor-heading-title elementor-size-default\">El migrante guatemalteco Walter Batres junto a otros compatriotas fundan en 2015 la Red Migrante Guatemalteca, un grupo de servicio voluntario para  dar apoyo legal en casos de repatriaci\u00f3n de cuerpos. Desde entonces ha  ampliado su proyecci\u00f3n y \u00e1reas de acci\u00f3n. Tiene integrantes en 31 estados de Estados Unidos, tambi\u00e9n en M\u00e9xico, Canad\u00e1, Espa\u00f1a y en varios municipios en Guatemala. <\/h1>\t\t\t\t<\/div>\n\t\t\t\t\t<\/div>\n\t\t<\/div>\n\t\t\t\t\t<\/div>\n\t\t<\/section>\n\t\t\t\t<section data-particle_enable=\"false\" data-particle-mobile-disabled=\"false\" class=\"elementor-section elementor-top-section elementor-element elementor-element-7c8c344 elementor-section-boxed elementor-section-height-default elementor-section-height-default\" data-id=\"7c8c344\" data-element_type=\"section\" data-e-type=\"section\">\n\t\t\t\t\t\t<div class=\"elementor-container elementor-column-gap-default\">\n\t\t\t\t\t<div class=\"elementor-column elementor-col-100 elementor-top-column elementor-element elementor-element-b89d53e\" data-id=\"b89d53e\" data-element_type=\"column\" data-e-type=\"column\">\n\t\t\t<div class=\"elementor-widget-wrap elementor-element-populated\">\n\t\t\t\t\t\t<div class=\"elementor-element elementor-element-0b196d7 elementor-widget elementor-widget-video\" data-id=\"0b196d7\" data-element_type=\"widget\" data-e-type=\"widget\" data-settings=\"{&quot;youtube_url&quot;:&quot;https:\\\/\\\/youtu.be\\\/JSosZ5clNU4&quot;,&quot;autoplay&quot;:&quot;yes&quot;,&quot;video_type&quot;:&quot;youtube&quot;}\" data-widget_type=\"video.default\">\n\t\t\t\t\t\t\t<div class=\"elementor-wrapper elementor-open-inline\">\n\t\t\t<div class=\"elementor-video\"><\/div>\t\t<\/div>\n\t\t\t\t\t\t<\/div>\n\t\t\t\t\t<\/div>\n\t\t<\/div>\n\t\t\t\t\t<\/div>\n\t\t<\/section>\n\t\t\t\t<section data-particle_enable=\"false\" data-particle-mobile-disabled=\"false\" class=\"elementor-section elementor-top-section elementor-element elementor-element-a18376c elementor-section-boxed elementor-section-height-default elementor-section-height-default\" data-id=\"a18376c\" data-element_type=\"section\" data-e-type=\"section\">\n\t\t\t\t\t\t<div class=\"elementor-container elementor-column-gap-default\">\n\t\t\t\t\t<div class=\"elementor-column elementor-col-100 elementor-top-column elementor-element elementor-element-89ef2fc\" data-id=\"89ef2fc\" data-element_type=\"column\" data-e-type=\"column\">\n\t\t\t<div class=\"elementor-widget-wrap elementor-element-populated\">\n\t\t\t\t\t\t<div class=\"elementor-element elementor-element-74ad9f6 elementor-widget elementor-widget-heading\" data-id=\"74ad9f6\" data-element_type=\"widget\" data-e-type=\"widget\" data-widget_type=\"heading.default\">\n\t\t\t\t\t<h2 class=\"elementor-heading-title elementor-size-default\">Servicio inspirado en falta de apoyo <\/h2>\t\t\t\t<\/div>\n\t\t\t\t\t<\/div>\n\t\t<\/div>\n\t\t\t\t\t<\/div>\n\t\t<\/section>\n\t\t\t\t<section data-particle_enable=\"false\" data-particle-mobile-disabled=\"false\" class=\"elementor-section elementor-top-section elementor-element elementor-element-2214413 elementor-section-boxed elementor-section-height-default elementor-section-height-default\" data-id=\"2214413\" data-element_type=\"section\" data-e-type=\"section\">\n\t\t\t\t\t\t<div class=\"elementor-container elementor-column-gap-default\">\n\t\t\t\t\t<div class=\"elementor-column elementor-col-100 elementor-top-column elementor-element elementor-element-cf33ed2\" data-id=\"cf33ed2\" data-element_type=\"column\" data-e-type=\"column\">\n\t\t\t<div class=\"elementor-widget-wrap elementor-element-populated\">\n\t\t\t\t\t\t<div class=\"elementor-element elementor-element-dbd7fde elementor-widget elementor-widget-text-editor\" data-id=\"dbd7fde\" data-element_type=\"widget\" data-e-type=\"widget\" data-widget_type=\"text-editor.default\">\n\t\t\t\t\t\t\t\t\t<p><span style=\"font-weight: 400;\">Walter Batres naci\u00f3 en Nueva Concepci\u00f3n, Escuintla. A los 18 a\u00f1os estudiante de diversificado y deportista. Practicaba el boxeo y el futbol. Pero el conflicto armado interno que viv\u00eda Guatemala le llev\u00f3 a tomar la dif\u00edcil decisi\u00f3n de migrar a Los Angeles California. En aquel tiempo, el Ej\u00e9rcito efectuaba operativos de reclutamiento militar forzoso y a menudo los atletas j\u00f3venes eran el objetivo. &#8220;Migr\u00e9 con dos amigos, atravesamos M\u00e9xico. fue muy dif\u00edcil y hoy representa mucho m\u00e1s peligro&#8221;.<\/span><\/p><p><span style=\"font-weight: 400;\">Establecerse en EE.UU. no fue f\u00e1cil. Walter vivi\u00f3 con dificultad esos tiempos. Encontr\u00f3 trabajo en la construcci\u00f3n y sigue dedic\u00e1ndose a dicha labor. Eso s\u00ed, d<\/span><span style=\"font-weight: 400; color: var( --e-global-color-text );\">esde su llegada a Estados Unidos, nunca dej\u00f3 de lado sus ra\u00edces guatemaltecas. El acercamiento a su cultura y necesidades le ha permitido formar organizaciones\u00a0 para promoverlas. \u201cHemos sido testigos de los cambios en el sistema migratorio, hemos vivido la metamorfosis de la migraci\u00f3n de Latinoam\u00e9rica\u201d.<\/span><\/p><p>Descubrir las dificultades migrantes de los guatemaltecos en EE.UU y observar la falta de apoyo del Estado de Guatemala para ellos, lo motiv\u00f3 a impulsar la formaci\u00f3n de\u00a0<span style=\"color: var( --e-global-color-text ); font-weight: 400;\">la Red Migrante Guatemalteca (RMG) primero para brindar apoyo y orientaci\u00f3n en el retorno de restos de migrantes fallecidos, por enfermedad o sucesos tr\u00e1gicos. Pero luego se ha ampliado a promover la identidad, el deporte y a efectuar actividades humanitarias.<\/span><span style=\"color: var( --e-global-color-text ); font-weight: 400;\">\u00a0\u201cTenemos la vocaci\u00f3n y el deseo de ayudar a la gente en especial a los migrantes, esto nos ayudado entender el sistema migratorio\u201d. Actualmente preside la RMG.<\/span><\/p>\t\t\t\t\t\t\t\t<\/div>\n\t\t\t\t\t<\/div>\n\t\t<\/div>\n\t\t\t\t\t<\/div>\n\t\t<\/section>\n\t\t\t\t<section data-particle_enable=\"false\" data-particle-mobile-disabled=\"false\" class=\"elementor-section elementor-top-section elementor-element elementor-element-e91f470 elementor-section-boxed elementor-section-height-default elementor-section-height-default\" data-id=\"e91f470\" data-element_type=\"section\" data-e-type=\"section\">\n\t\t\t\t\t\t<div class=\"elementor-container elementor-column-gap-default\">\n\t\t\t\t\t<div class=\"elementor-column elementor-col-100 elementor-top-column elementor-element elementor-element-b4836b7\" data-id=\"b4836b7\" data-element_type=\"column\" data-e-type=\"column\">\n\t\t\t<div class=\"elementor-widget-wrap elementor-element-populated\">\n\t\t\t\t\t\t<div class=\"elementor-element elementor-element-e8d6593 elementor-arrows-position-inside elementor-pagination-position-outside elementor-widget elementor-widget-image-carousel\" data-id=\"e8d6593\" data-element_type=\"widget\" data-e-type=\"widget\" data-settings=\"{&quot;slides_to_show&quot;:&quot;1&quot;,&quot;navigation&quot;:&quot;both&quot;,&quot;autoplay&quot;:&quot;yes&quot;,&quot;pause_on_hover&quot;:&quot;yes&quot;,&quot;pause_on_interaction&quot;:&quot;yes&quot;,&quot;autoplay_speed&quot;:5000,&quot;infinite&quot;:&quot;yes&quot;,&quot;effect&quot;:&quot;slide&quot;,&quot;speed&quot;:500}\" data-widget_type=\"image-carousel.default\">\n\t\t\t\t\t\t\t<div class=\"elementor-image-carousel-wrapper swiper\" role=\"region\" aria-roledescription=\"carousel\" aria-label=\"Carrusel de im\u00e1genes\" dir=\"ltr\">\n\t\t\t<div class=\"elementor-image-carousel swiper-wrapper\" aria-live=\"off\">\n\t\t\t\t\t\t\t\t<div class=\"swiper-slide\" role=\"group\" aria-roledescription=\"slide\" aria-label=\"1 de 4\"><figure class=\"swiper-slide-inner\"><img decoding=\"async\" class=\"swiper-slide-image\" src=\"https:\/\/soymigrante.com\/revista\/wp-content\/uploads\/2024\/01\/Walter-768x864.webp\" alt=\"Walter Batres es originario de nueva Concepci\u00f3n Escuintla Guatemala, dej\u00f3 su tierra natal por la situaci\u00f3n del conflicto armado interno.\" \/><figcaption class=\"elementor-image-carousel-caption\">Walter Batres es originario de nueva Concepci\u00f3n Escuintla Guatemala, dej\u00f3 su tierra natal por la situaci\u00f3n del conflicto armado interno.<\/figcaption><\/figure><\/div><div class=\"swiper-slide\" role=\"group\" aria-roledescription=\"slide\" aria-label=\"2 de 4\"><figure class=\"swiper-slide-inner\"><img decoding=\"async\" class=\"swiper-slide-image\" src=\"https:\/\/soymigrante.com\/revista\/wp-content\/uploads\/2024\/01\/Walter-y-su-esposa-768x864.webp\" alt=\"Arely es esposa de Walter Batres y est\u00e1n en la lucha constante de las necesidades, ambos trabajan proyectos personales. Siempre destacan el apoyo mutuo y el amor por la familia.\" \/><figcaption class=\"elementor-image-carousel-caption\">Arely es esposa de Walter Batres y est\u00e1n en la lucha constante de las necesidades, ambos trabajan proyectos personales. Siempre destacan el apoyo mutuo y el amor por la familia.\n<\/figcaption><\/figure><\/div><div class=\"swiper-slide\" role=\"group\" aria-roledescription=\"slide\" aria-label=\"3 de 4\"><figure class=\"swiper-slide-inner\"><img decoding=\"async\" class=\"swiper-slide-image\" src=\"https:\/\/soymigrante.com\/revista\/wp-content\/uploads\/2024\/01\/walter-y-sus-amigos-768x864.webp\" alt=\"Walter Batres fue un joven estudiante y deportista en Guatemala\" \/><figcaption class=\"elementor-image-carousel-caption\">Walter Batres fue un joven estudiante y deportista en Guatemala<\/figcaption><\/figure><\/div><div class=\"swiper-slide\" role=\"group\" aria-roledescription=\"slide\" aria-label=\"4 de 4\"><figure class=\"swiper-slide-inner\"><img decoding=\"async\" class=\"swiper-slide-image\" src=\"https:\/\/soymigrante.com\/revista\/wp-content\/uploads\/2024\/01\/equipo-de-fut-768x864.webp\" alt=\"Walter fue un joven deportista en Guatemala\" \/><figcaption class=\"elementor-image-carousel-caption\">Walter fue un joven deportista en Guatemala <\/figcaption><\/figure><\/div>\t\t\t<\/div>\n\t\t\t\t\t\t\t\t\t\t\t\t<div class=\"elementor-swiper-button elementor-swiper-button-prev\" role=\"button\" tabindex=\"0\">\n\t\t\t\t\t\t<i aria-hidden=\"true\" class=\"eicon-chevron-left\"><\/i>\t\t\t\t\t<\/div>\n\t\t\t\t\t<div class=\"elementor-swiper-button elementor-swiper-button-next\" role=\"button\" tabindex=\"0\">\n\t\t\t\t\t\t<i aria-hidden=\"true\" class=\"eicon-chevron-right\"><\/i>\t\t\t\t\t<\/div>\n\t\t\t\t\n\t\t\t\t\t\t\t\t\t<div class=\"swiper-pagination\"><\/div>\n\t\t\t\t\t\t\t\t\t<\/div>\n\t\t\t\t\t\t<\/div>\n\t\t\t\t\t<\/div>\n\t\t<\/div>\n\t\t\t\t\t<\/div>\n\t\t<\/section>\n\t\t\t\t<section data-particle_enable=\"false\" data-particle-mobile-disabled=\"false\" class=\"elementor-section elementor-top-section elementor-element elementor-element-97ca310 elementor-section-boxed elementor-section-height-default elementor-section-height-default\" data-id=\"97ca310\" data-element_type=\"section\" data-e-type=\"section\">\n\t\t\t\t\t\t<div class=\"elementor-container elementor-column-gap-default\">\n\t\t\t\t\t<div class=\"elementor-column elementor-col-100 elementor-top-column elementor-element elementor-element-e42c9ba\" data-id=\"e42c9ba\" data-element_type=\"column\" data-e-type=\"column\">\n\t\t\t<div class=\"elementor-widget-wrap elementor-element-populated\">\n\t\t\t\t\t\t<div class=\"elementor-element elementor-element-b598ea5 elementor-widget elementor-widget-text-editor\" data-id=\"b598ea5\" data-element_type=\"widget\" data-e-type=\"widget\" data-widget_type=\"text-editor.default\">\n\t\t\t\t\t\t\t\t\t<p><span style=\"font-weight: 400;\">Walter consigui\u00f3 permiso para trabajar legalmente en 1,991\u00a0 y posteriormente logr\u00f3 tramitar su residencia legal. A la vez que trabajaba, estudi\u00f3 la High School y luego estudi\u00f3 una carrera t\u00e9cnica en atenci\u00f3n de emergencias. Actualmente es supervisor en el \u00e1rea de construcci\u00f3n, pero su tiempo libre lo dedica al voluntariado de servicio a los migrantes.\u00a0<\/span><\/p><p><span style=\"font-family: Roboto, sans-serif; font-size: 16px; font-style: normal; font-variant-ligatures: normal; font-variant-caps: normal; font-weight: 400;\">\u201cEs importante tener una base de conocimiento, por ejemplo, el idioma ingl\u00e9s y tener habilidades en cocina, panadero, mec\u00e1nico u otro oficio te permite mayores oportunidades&#8221; dice<\/span><span style=\"font-weight: 400;\"><br \/><\/span><\/p><p>\u00a0<\/p>\t\t\t\t\t\t\t\t<\/div>\n\t\t\t\t\t<\/div>\n\t\t<\/div>\n\t\t\t\t\t<\/div>\n\t\t<\/section>\n\t\t\t\t<section data-particle_enable=\"false\" data-particle-mobile-disabled=\"false\" class=\"elementor-section elementor-top-section elementor-element elementor-element-2a66985 elementor-section-boxed elementor-section-height-default elementor-section-height-default\" data-id=\"2a66985\" data-element_type=\"section\" data-e-type=\"section\">\n\t\t\t\t\t\t<div class=\"elementor-container elementor-column-gap-default\">\n\t\t\t\t\t<div class=\"elementor-column elementor-col-100 elementor-top-column elementor-element elementor-element-d704ea3\" data-id=\"d704ea3\" data-element_type=\"column\" data-e-type=\"column\">\n\t\t\t<div class=\"elementor-widget-wrap elementor-element-populated\">\n\t\t\t\t\t\t<div class=\"elementor-element elementor-element-5c866c5 elementor-testimonial--skin-default elementor-testimonial--layout-image_inline elementor-testimonial--align-center elementor-arrows-yes elementor-pagination-type-bullets elementor-widget elementor-widget-testimonial-carousel\" data-id=\"5c866c5\" data-element_type=\"widget\" data-e-type=\"widget\" data-settings=\"{&quot;show_arrows&quot;:&quot;yes&quot;,&quot;pagination&quot;:&quot;bullets&quot;,&quot;speed&quot;:500,&quot;autoplay&quot;:&quot;yes&quot;,&quot;autoplay_speed&quot;:5000,&quot;loop&quot;:&quot;yes&quot;,&quot;pause_on_hover&quot;:&quot;yes&quot;,&quot;pause_on_interaction&quot;:&quot;yes&quot;,&quot;space_between&quot;:{&quot;unit&quot;:&quot;px&quot;,&quot;size&quot;:10,&quot;sizes&quot;:[]},&quot;space_between_tablet&quot;:{&quot;unit&quot;:&quot;px&quot;,&quot;size&quot;:10,&quot;sizes&quot;:[]},&quot;space_between_mobile&quot;:{&quot;unit&quot;:&quot;px&quot;,&quot;size&quot;:10,&quot;sizes&quot;:[]}}\" data-widget_type=\"testimonial-carousel.default\">\n\t\t\t\t\t\t\t\t\t\t<div class=\"elementor-main-swiper swiper\" role=\"region\" aria-roledescription=\"carousel\" aria-label=\"Diapositivas\">\n\t\t\t\t<div class=\"swiper-wrapper\">\n\t\t\t\t\t\t\t\t\t\t\t<div class=\"swiper-slide\" role=\"group\" aria-roledescription=\"slide\">\n\t\t\t\t\t\t\t\t\t<div class=\"elementor-testimonial\">\n\t\t\t\t\t\t\t<div class=\"elementor-testimonial__content\">\n\t\t\t\t\t<div class=\"elementor-testimonial__text\">\n\t\t\t\t\t\t\u201cNosotros como migrantes no queremos que nuestros hijos nacidos en Estados Unidos sigan la misma l\u00ednea de los padres, porque nos ha tocado lo m\u00e1s duro, le apostamos a la educaci\u00f3n. Por eso luchamos por nuestros derechos y espacios\u201d\t\t\t\t\t<\/div>\n\t\t\t\t\t\t\t\t\t<\/div>\n\t\t\t\t\t\t<div class=\"elementor-testimonial__footer\">\n\t\t\t\t\t\t\t\t\t<div class=\"elementor-testimonial__image\">\n\t\t\t\t\t\t<img decoding=\"async\" src=\"https:\/\/soymigrante.com\/revista\/wp-content\/uploads\/2024\/01\/Walter-e1704488945482.webp\" alt=\"Walter Batres es originario de nueva Concepci\u00f3n Escuintla Guatemala, dej\u00f3 su tierra natal por la situaci\u00f3n del conflicto armado interno.\">\n\t\t\t\t\t\t\t\t\t\t\t<\/div>\n\t\t\t\t\t\t\t\t<cite class=\"elementor-testimonial__cite\"><span class=\"elementor-testimonial__name\">Walter Leonel Batres<\/span><span class=\"elementor-testimonial__title\">Migrante guatemalteco <\/span><\/cite>\t\t\t<\/div>\n\t\t<\/div>\n\t\t\t\t\t\t\t\t<\/div>\n\t\t\t\t\t\t\t\t\t<\/div>\n\t\t\t\t\t\t\t<\/div>\n\t\t\t\t\t\t\t\t<\/div>\n\t\t\t\t\t<\/div>\n\t\t<\/div>\n\t\t\t\t\t<\/div>\n\t\t<\/section>\n\t\t\t\t<section data-particle_enable=\"false\" data-particle-mobile-disabled=\"false\" class=\"elementor-section elementor-top-section elementor-element elementor-element-106f4b9 elementor-section-boxed elementor-section-height-default elementor-section-height-default\" data-id=\"106f4b9\" data-element_type=\"section\" data-e-type=\"section\">\n\t\t\t\t\t\t<div class=\"elementor-container elementor-column-gap-default\">\n\t\t\t\t\t<div class=\"elementor-column elementor-col-100 elementor-top-column elementor-element elementor-element-0f0af46\" data-id=\"0f0af46\" data-element_type=\"column\" data-e-type=\"column\">\n\t\t\t<div class=\"elementor-widget-wrap elementor-element-populated\">\n\t\t\t\t\t\t<div class=\"elementor-element elementor-element-bc85ceb elementor-widget elementor-widget-heading\" data-id=\"bc85ceb\" data-element_type=\"widget\" data-e-type=\"widget\" data-widget_type=\"heading.default\">\n\t\t\t\t\t<h2 class=\"elementor-heading-title elementor-size-default\">Solidaridad en momentos dif\u00edciles  <\/h2>\t\t\t\t<\/div>\n\t\t\t\t\t<\/div>\n\t\t<\/div>\n\t\t\t\t\t<\/div>\n\t\t<\/section>\n\t\t\t\t<section data-particle_enable=\"false\" data-particle-mobile-disabled=\"false\" class=\"elementor-section elementor-top-section elementor-element elementor-element-41fb57c elementor-section-boxed elementor-section-height-default elementor-section-height-default\" data-id=\"41fb57c\" data-element_type=\"section\" data-e-type=\"section\">\n\t\t\t\t\t\t<div class=\"elementor-container elementor-column-gap-default\">\n\t\t\t\t\t<div class=\"elementor-column elementor-col-100 elementor-top-column elementor-element elementor-element-3f835e4\" data-id=\"3f835e4\" data-element_type=\"column\" data-e-type=\"column\">\n\t\t\t<div class=\"elementor-widget-wrap elementor-element-populated\">\n\t\t\t\t\t\t<div class=\"elementor-element elementor-element-ef22e8b elementor-widget elementor-widget-text-editor\" data-id=\"ef22e8b\" data-element_type=\"widget\" data-e-type=\"widget\" data-widget_type=\"text-editor.default\">\n\t\t\t\t\t\t\t\t\t<p><span style=\"font-weight: 400; color: var( --e-global-color-text );\">Una tragedia lamentablemente frecuente es el fallecimiento de migrantes guatemaltecos en tr\u00e1nsito por M\u00e9xico o radicados en Estados Unidos. \u201cCuando fallece un compatriota, la mayor\u00eda de gente no sabe que hacer. Nosotros empezamos a apoyar con estas situaciones\u201d.<\/span><\/p><p><span style=\"font-weight: 400; color: var( --e-global-color-text );\">A comienzos de 2015, varios migrantes guatemaltecos comenzaron a apoyar a familias de migrantes fallecidos para repatriar sus restos al pa\u00eds. Walter era uno de ellos y\u00a0<\/span><span style=\"font-weight: 400; color: var( --e-global-color-text );\">el 5 de marzo del a\u00f1o 2015 se conform\u00f3 la Red Migrante Guatemalteca (RMG).<\/span><\/p><p><span style=\"font-weight: 400;\">\u201cDe repente llamaba una persona con el tono de voz cortante solicitando apoyo y no econ\u00f3micamente si pidiendo orientaci\u00f3n sobre qu\u00e9 hacer. Empezamos con el apoyo de informaci\u00f3n telef\u00f3nica (que a\u00fan existe), luego se cre\u00f3 un espacio f\u00edsico en la comunidad. Comenzamos a repatriar cad\u00e1veres y dar seguimiento a los tr\u00e1mites. empezamos a exigir al gobierno de Guatemala m\u00e1s apoyo, pero este vino de m\u00e1s a menos\u201d.<\/span><\/p><p><span style=\"font-weight: 400;\">Batres se\u00f1ala que\u00a0el presupuesto de apoyo a repatriaci\u00f3n de restos por parte del gobierno guatemalteco sigue siendo el mismo desde hace 20 a\u00f1os. \u201cAntes te daban tres mil d\u00f3lares a trav\u00e9s de Canciller\u00eda. Ahora te dan mil d\u00f3lares y los tr\u00e1mites son complicados, pero los costos han aumentado\u201d, comenta.<\/span><\/p>\t\t\t\t\t\t\t\t<\/div>\n\t\t\t\t\t<\/div>\n\t\t<\/div>\n\t\t\t\t\t<\/div>\n\t\t<\/section>\n\t\t\t\t<section data-particle_enable=\"false\" data-particle-mobile-disabled=\"false\" class=\"elementor-section elementor-top-section elementor-element elementor-element-d2ea582 elementor-section-boxed elementor-section-height-default elementor-section-height-default\" data-id=\"d2ea582\" data-element_type=\"section\" data-e-type=\"section\">\n\t\t\t\t\t\t<div class=\"elementor-container elementor-column-gap-default\">\n\t\t\t\t\t<div class=\"elementor-column elementor-col-100 elementor-top-column elementor-element elementor-element-1f6ab62\" data-id=\"1f6ab62\" data-element_type=\"column\" data-e-type=\"column\">\n\t\t\t<div class=\"elementor-widget-wrap elementor-element-populated\">\n\t\t\t\t\t\t<div class=\"elementor-element elementor-element-bc264a2 elementor-arrows-position-inside elementor-pagination-position-outside elementor-widget elementor-widget-image-carousel\" data-id=\"bc264a2\" data-element_type=\"widget\" data-e-type=\"widget\" data-settings=\"{&quot;slides_to_show&quot;:&quot;1&quot;,&quot;navigation&quot;:&quot;both&quot;,&quot;autoplay&quot;:&quot;yes&quot;,&quot;pause_on_hover&quot;:&quot;yes&quot;,&quot;pause_on_interaction&quot;:&quot;yes&quot;,&quot;autoplay_speed&quot;:5000,&quot;infinite&quot;:&quot;yes&quot;,&quot;effect&quot;:&quot;slide&quot;,&quot;speed&quot;:500}\" data-widget_type=\"image-carousel.default\">\n\t\t\t\t\t\t\t<div class=\"elementor-image-carousel-wrapper swiper\" role=\"region\" aria-roledescription=\"carousel\" aria-label=\"Carrusel de im\u00e1genes\" dir=\"ltr\">\n\t\t\t<div class=\"elementor-image-carousel swiper-wrapper\" aria-live=\"off\">\n\t\t\t\t\t\t\t\t<div class=\"swiper-slide\" role=\"group\" aria-roledescription=\"slide\" aria-label=\"1 de 9\"><figure class=\"swiper-slide-inner\"><img decoding=\"async\" class=\"swiper-slide-image\" src=\"https:\/\/soymigrante.com\/revista\/wp-content\/uploads\/2023\/12\/Red-migrante-768x576.webp\" alt=\"Realizaron el evento denominado Navidad Chapina cont\u00f3 con la participaci\u00f3n de Artistas tambi\u00e9n de actividades como rifas y Convivio.\" \/><figcaption class=\"elementor-image-carousel-caption\">Realizaron el evento denominado Navidad Chapina cont\u00f3 con la participaci\u00f3n de  Artistas tambi\u00e9n de actividades como rifas y Convivio.<\/figcaption><\/figure><\/div><div class=\"swiper-slide\" role=\"group\" aria-roledescription=\"slide\" aria-label=\"2 de 9\"><figure class=\"swiper-slide-inner\"><img decoding=\"async\" class=\"swiper-slide-image\" src=\"https:\/\/soymigrante.com\/revista\/wp-content\/uploads\/2023\/12\/ninos-y-ninas-en-la-frontera-768x576.webp\" alt=\"Visitando los Albergues para personas migrantes en la frontera entre M\u00e9xico\/USA,\" \/><figcaption class=\"elementor-image-carousel-caption\">Visitando los Albergues para personas migrantes en la frontera  entre M\u00e9xico\/USA, <\/figcaption><\/figure><\/div><div class=\"swiper-slide\" role=\"group\" aria-roledescription=\"slide\" aria-label=\"3 de 9\"><figure class=\"swiper-slide-inner\"><img decoding=\"async\" class=\"swiper-slide-image\" src=\"https:\/\/soymigrante.com\/revista\/wp-content\/uploads\/2023\/12\/apoyo-en-alimentos-768x576.webp\" alt=\"Visitando los Albergues para personas migrantes en la frontera entre M\u00e9xico\/USA,\" \/><figcaption class=\"elementor-image-carousel-caption\">Visitando los Albergues para personas migrantes en la frontera  entre M\u00e9xico\/USA, <\/figcaption><\/figure><\/div><div class=\"swiper-slide\" role=\"group\" aria-roledescription=\"slide\" aria-label=\"4 de 9\"><figure class=\"swiper-slide-inner\"><img decoding=\"async\" class=\"swiper-slide-image\" src=\"https:\/\/soymigrante.com\/revista\/wp-content\/uploads\/2023\/12\/ayuda-768x576.webp\" alt=\"Visitando los Albergues para personas migrantes en la frontera entre M\u00e9xico\/USA,\" \/><figcaption class=\"elementor-image-carousel-caption\">Visitando los Albergues para personas migrantes en la frontera  entre M\u00e9xico\/USA, <\/figcaption><\/figure><\/div><div class=\"swiper-slide\" role=\"group\" aria-roledescription=\"slide\" aria-label=\"5 de 9\"><figure class=\"swiper-slide-inner\"><img decoding=\"async\" class=\"swiper-slide-image\" src=\"https:\/\/soymigrante.com\/revista\/wp-content\/uploads\/2023\/12\/ayuda-mutua--768x576.webp\" alt=\"Visitando los Albergues para personas migrantes en la frontera entre M\u00e9xico\/USA,\" \/><figcaption class=\"elementor-image-carousel-caption\">Visitando los Albergues para personas migrantes en la frontera  entre M\u00e9xico\/USA, <\/figcaption><\/figure><\/div><div class=\"swiper-slide\" role=\"group\" aria-roledescription=\"slide\" aria-label=\"6 de 9\"><figure class=\"swiper-slide-inner\"><img decoding=\"async\" class=\"swiper-slide-image\" src=\"https:\/\/soymigrante.com\/revista\/wp-content\/uploads\/2023\/12\/apoyo-a-traves-de-la-red--768x576.webp\" alt=\"Visitando los Albergues para personas migrantes en la frontera entre M\u00e9xico\/USA,\" \/><figcaption class=\"elementor-image-carousel-caption\">Visitando los Albergues para personas migrantes en la frontera  entre M\u00e9xico\/USA, <\/figcaption><\/figure><\/div><div class=\"swiper-slide\" role=\"group\" aria-roledescription=\"slide\" aria-label=\"7 de 9\"><figure class=\"swiper-slide-inner\"><img decoding=\"async\" class=\"swiper-slide-image\" src=\"https:\/\/soymigrante.com\/revista\/wp-content\/uploads\/2023\/12\/actividades-768x576.webp\" alt=\"Visitando los Albergues para personas migrantes en la frontera entre M\u00e9xico\/USA,\" \/><figcaption class=\"elementor-image-carousel-caption\">Visitando los Albergues para personas migrantes en la frontera  entre M\u00e9xico\/USA, <\/figcaption><\/figure><\/div><div class=\"swiper-slide\" role=\"group\" aria-roledescription=\"slide\" aria-label=\"8 de 9\"><figure class=\"swiper-slide-inner\"><img decoding=\"async\" class=\"swiper-slide-image\" src=\"https:\/\/soymigrante.com\/revista\/wp-content\/uploads\/2023\/12\/coordinacion--768x576.webp\" alt=\"Visitando los Albergues para personas migrantes en la frontera entre M\u00e9xico\/USA,\" \/><figcaption class=\"elementor-image-carousel-caption\">Visitando los Albergues para personas migrantes en la frontera  entre M\u00e9xico\/USA, <\/figcaption><\/figure><\/div><div class=\"swiper-slide\" role=\"group\" aria-roledescription=\"slide\" aria-label=\"9 de 9\"><figure class=\"swiper-slide-inner\"><img decoding=\"async\" class=\"swiper-slide-image\" src=\"https:\/\/soymigrante.com\/revista\/wp-content\/uploads\/2023\/12\/recursos-basicos--768x576.webp\" alt=\"Visitando los Albergues para personas migrantes en la frontera entre M\u00e9xico\/USA,\" \/><figcaption class=\"elementor-image-carousel-caption\">Visitando los Albergues para personas migrantes en la frontera  entre M\u00e9xico\/USA, <\/figcaption><\/figure><\/div>\t\t\t<\/div>\n\t\t\t\t\t\t\t\t\t\t\t\t<div class=\"elementor-swiper-button elementor-swiper-button-prev\" role=\"button\" tabindex=\"0\">\n\t\t\t\t\t\t<i aria-hidden=\"true\" class=\"eicon-chevron-left\"><\/i>\t\t\t\t\t<\/div>\n\t\t\t\t\t<div class=\"elementor-swiper-button elementor-swiper-button-next\" role=\"button\" tabindex=\"0\">\n\t\t\t\t\t\t<i aria-hidden=\"true\" class=\"eicon-chevron-right\"><\/i>\t\t\t\t\t<\/div>\n\t\t\t\t\n\t\t\t\t\t\t\t\t\t<div class=\"swiper-pagination\"><\/div>\n\t\t\t\t\t\t\t\t\t<\/div>\n\t\t\t\t\t\t<\/div>\n\t\t\t\t\t<\/div>\n\t\t<\/div>\n\t\t\t\t\t<\/div>\n\t\t<\/section>\n\t\t\t\t<section data-particle_enable=\"false\" data-particle-mobile-disabled=\"false\" class=\"elementor-section elementor-top-section elementor-element elementor-element-d27ed92 elementor-section-boxed elementor-section-height-default elementor-section-height-default\" data-id=\"d27ed92\" data-element_type=\"section\" data-e-type=\"section\">\n\t\t\t\t\t\t<div class=\"elementor-container elementor-column-gap-default\">\n\t\t\t\t\t<div class=\"elementor-column elementor-col-100 elementor-top-column elementor-element elementor-element-dea89b2\" data-id=\"dea89b2\" data-element_type=\"column\" data-e-type=\"column\">\n\t\t\t<div class=\"elementor-widget-wrap elementor-element-populated\">\n\t\t\t\t\t\t<div class=\"elementor-element elementor-element-b73ebd5 elementor-widget elementor-widget-heading\" data-id=\"b73ebd5\" data-element_type=\"widget\" data-e-type=\"widget\" data-widget_type=\"heading.default\">\n\t\t\t\t\t<h2 class=\"elementor-heading-title elementor-size-default\">Cifra de migrantes ha crecido..  y las \u00e1reas de servicio tambi\u00e9n\n<\/h2>\t\t\t\t<\/div>\n\t\t\t\t\t<\/div>\n\t\t<\/div>\n\t\t\t\t\t<\/div>\n\t\t<\/section>\n\t\t\t\t<section data-particle_enable=\"false\" data-particle-mobile-disabled=\"false\" class=\"elementor-section elementor-top-section elementor-element elementor-element-b1b18ce elementor-section-boxed elementor-section-height-default elementor-section-height-default\" data-id=\"b1b18ce\" data-element_type=\"section\" data-e-type=\"section\">\n\t\t\t\t\t\t<div class=\"elementor-container elementor-column-gap-default\">\n\t\t\t\t\t<div class=\"elementor-column elementor-col-100 elementor-top-column elementor-element elementor-element-b475bbc\" data-id=\"b475bbc\" data-element_type=\"column\" data-e-type=\"column\">\n\t\t\t<div class=\"elementor-widget-wrap elementor-element-populated\">\n\t\t\t\t\t\t<div class=\"elementor-element elementor-element-49ece39 elementor-widget elementor-widget-text-editor\" data-id=\"49ece39\" data-element_type=\"widget\" data-e-type=\"widget\" data-widget_type=\"text-editor.default\">\n\t\t\t\t\t\t\t\t\t<p><\/p>\n<p><span style=\"font-weight: 400;\">El trabajo de la RMG se enfoca actualmente en diez \u00e1reas prioritarias para la comunidad migrante entre procesos de orientaci\u00f3n, coordinaciones, gestiones y promoci\u00f3n cultural.\u201cEntonces enfocamos esfuerzos y talentos de cada \u00e1rea para conformar una red internacional que cuenta con elementos importantes, en ning\u00fan momento cobramos. Somos una red sin fines de lucro\u201d.<\/span><\/p>\n<p>Por tel\u00e9fono o por redes sociales, todo migrante puede buscar informaci\u00f3n o asesor\u00eda de&nbsp;<span style=\"font-weight: 400; color: var( --e-global-color-text );\">la RMG. NO SE PIDE NINGUNA MEMBRES\u00cdA NI COBRO. \u00danicamente se le piden sus datos b\u00e1sicos como nombre, direcci\u00f3n y un n\u00famero telef\u00f3nico de contacto. &#8220;<\/span><span style=\"font-weight: 400; color: var( --e-global-color-text );\">El objetivo de la RMG es lograr atender las necesidades bajo los procesos de orientaci\u00f3n y coordinaci\u00f3n&nbsp; interinstitucional. La RMG tambi\u00e9n resguarda bajo confidencialidad los datos de toda persona&#8221; afirma Batres.<\/span><\/p>\n<p><span style=\"font-weight: 400;\">La RMG cuenta actualmente con delegados y miembros en 31 estados de la Uni\u00f3n Americana,&nbsp; en y m\u00e1s de 100 municipios de Guatemala.<\/span><\/p>\t\t\t\t\t\t\t\t<\/div>\n\t\t\t\t\t<\/div>\n\t\t<\/div>\n\t\t\t\t\t<\/div>\n\t\t<\/section>\n\t\t\t\t<section data-particle_enable=\"false\" data-particle-mobile-disabled=\"false\" class=\"elementor-section elementor-top-section elementor-element elementor-element-3b47538 elementor-section-boxed elementor-section-height-default elementor-section-height-default\" data-id=\"3b47538\" data-element_type=\"section\" data-e-type=\"section\">\n\t\t\t\t\t\t<div class=\"elementor-container elementor-column-gap-default\">\n\t\t\t\t\t<div class=\"elementor-column elementor-col-100 elementor-top-column elementor-element elementor-element-ab34285\" data-id=\"ab34285\" data-element_type=\"column\" data-e-type=\"column\">\n\t\t\t<div class=\"elementor-widget-wrap elementor-element-populated\">\n\t\t\t\t\t\t<div class=\"elementor-element elementor-element-70ea026 elementor-arrows-position-inside elementor-pagination-position-outside elementor-widget elementor-widget-image-carousel\" data-id=\"70ea026\" data-element_type=\"widget\" data-e-type=\"widget\" data-settings=\"{&quot;slides_to_show&quot;:&quot;1&quot;,&quot;navigation&quot;:&quot;both&quot;,&quot;autoplay&quot;:&quot;yes&quot;,&quot;pause_on_hover&quot;:&quot;yes&quot;,&quot;pause_on_interaction&quot;:&quot;yes&quot;,&quot;autoplay_speed&quot;:5000,&quot;infinite&quot;:&quot;yes&quot;,&quot;effect&quot;:&quot;slide&quot;,&quot;speed&quot;:500}\" data-widget_type=\"image-carousel.default\">\n\t\t\t\t\t\t\t<div class=\"elementor-image-carousel-wrapper swiper\" role=\"region\" aria-roledescription=\"carousel\" aria-label=\"Carrusel de im\u00e1genes\" dir=\"ltr\">\n\t\t\t<div class=\"elementor-image-carousel swiper-wrapper\" aria-live=\"off\">\n\t\t\t\t\t\t\t\t<div class=\"swiper-slide\" role=\"group\" aria-roledescription=\"slide\" aria-label=\"1 de 2\"><figure class=\"swiper-slide-inner\"><img decoding=\"async\" class=\"swiper-slide-image\" src=\"https:\/\/soymigrante.com\/revista\/wp-content\/uploads\/2023\/12\/portada-1-768x578.webp\" alt=\"La red migrante es un grupo de apoyo para familias de migrantes guatemaltecos radicados en Estados Unidos, M\u00e9xico, Canad\u00e1 y Espa\u00f1a.\" \/><figcaption class=\"elementor-image-carousel-caption\">La red migrante es un grupo de apoyo para familias de migrantes guatemaltecos radicados en Estados Unidos, M\u00e9xico, Canad\u00e1 y Espa\u00f1a.  Tambi\u00e9n contactan con un grupo de LING\u00dc\u00cdSTICA, personas conocedoras de idiomas Mayas, Gar\u00edfuna y otros idiomas.<\/figcaption><\/figure><\/div><div class=\"swiper-slide\" role=\"group\" aria-roledescription=\"slide\" aria-label=\"2 de 2\"><figure class=\"swiper-slide-inner\"><img decoding=\"async\" class=\"swiper-slide-image\" src=\"https:\/\/soymigrante.com\/revista\/wp-content\/uploads\/2023\/12\/red-migrante-2023-768x576.webp\" alt=\"Entre Muros : Este es una seccion del Muro de Berlin derrumbado el 9 de Noviembre 1989. Hoy en 2023 se exhibe a la par del Muro Bipartidista de Bush, Clinton, Obama, Trump y Biden aca en la esquinita de Latinoam\u00e9rica en Playas de Tijuana, BC M\u00e9xico .\" \/><figcaption class=\"elementor-image-carousel-caption\">Entre Muros :\nEste es una seccion del Muro de Berlin derrumbado el 9 de Noviembre 1989.  Hoy en 2023 se exhibe a la par del Muro Bipartidista de Bush, Clinton, Obama, Trump y Biden  aca en la esquinita de Latinoam\u00e9rica en Playas de Tijuana, BC  M\u00e9xico .<\/figcaption><\/figure><\/div>\t\t\t<\/div>\n\t\t\t\t\t\t\t\t\t\t\t\t<div class=\"elementor-swiper-button elementor-swiper-button-prev\" role=\"button\" tabindex=\"0\">\n\t\t\t\t\t\t<i aria-hidden=\"true\" class=\"eicon-chevron-left\"><\/i>\t\t\t\t\t<\/div>\n\t\t\t\t\t<div class=\"elementor-swiper-button elementor-swiper-button-next\" role=\"button\" tabindex=\"0\">\n\t\t\t\t\t\t<i aria-hidden=\"true\" class=\"eicon-chevron-right\"><\/i>\t\t\t\t\t<\/div>\n\t\t\t\t\n\t\t\t\t\t\t\t\t\t<div class=\"swiper-pagination\"><\/div>\n\t\t\t\t\t\t\t\t\t<\/div>\n\t\t\t\t\t\t<\/div>\n\t\t\t\t\t<\/div>\n\t\t<\/div>\n\t\t\t\t\t<\/div>\n\t\t<\/section>\n\t\t\t\t<section data-particle_enable=\"false\" data-particle-mobile-disabled=\"false\" class=\"elementor-section elementor-top-section elementor-element elementor-element-37eadfd elementor-section-boxed elementor-section-height-default elementor-section-height-default\" data-id=\"37eadfd\" data-element_type=\"section\" data-e-type=\"section\">\n\t\t\t\t\t\t<div class=\"elementor-container elementor-column-gap-default\">\n\t\t\t\t\t<div class=\"elementor-column elementor-col-100 elementor-top-column elementor-element elementor-element-c415507\" data-id=\"c415507\" data-element_type=\"column\" data-e-type=\"column\">\n\t\t\t<div class=\"elementor-widget-wrap elementor-element-populated\">\n\t\t\t\t\t\t<div class=\"elementor-element elementor-element-8687386 elementor-widget elementor-widget-heading\" data-id=\"8687386\" data-element_type=\"widget\" data-e-type=\"widget\" data-widget_type=\"heading.default\">\n\t\t\t\t\t<h2 class=\"elementor-heading-title elementor-size-default\">Orgullosos de ser guatemaltecos \n<\/h2>\t\t\t\t<\/div>\n\t\t\t\t\t<\/div>\n\t\t<\/div>\n\t\t\t\t\t<\/div>\n\t\t<\/section>\n\t\t\t\t<section data-particle_enable=\"false\" data-particle-mobile-disabled=\"false\" class=\"elementor-section elementor-top-section elementor-element elementor-element-b7754ea elementor-section-boxed elementor-section-height-default elementor-section-height-default\" data-id=\"b7754ea\" data-element_type=\"section\" data-e-type=\"section\">\n\t\t\t\t\t\t<div class=\"elementor-container elementor-column-gap-default\">\n\t\t\t\t\t<div class=\"elementor-column elementor-col-100 elementor-top-column elementor-element elementor-element-3ab6e99\" data-id=\"3ab6e99\" data-element_type=\"column\" data-e-type=\"column\">\n\t\t\t<div class=\"elementor-widget-wrap elementor-element-populated\">\n\t\t\t\t\t\t<div class=\"elementor-element elementor-element-266f787 elementor-widget elementor-widget-text-editor\" data-id=\"266f787\" data-element_type=\"widget\" data-e-type=\"widget\" data-widget_type=\"text-editor.default\">\n\t\t\t\t\t\t\t\t\t<p><span style=\"font-weight: 400;\">Los deportes, la cultura, el arte, la educaci\u00f3n y hasta la incidencia pol\u00edtica son otros aspectos que aborda la RMG,\u00a0 con el fin de tener un abordaje integral.\u00a0<\/span><span style=\"font-weight: 400; color: var( --e-global-color-text );\">\u201cHemos estado cerca de la migraci\u00f3n desde el hombre soltero, hasta ver ni\u00f1os, ni\u00f1as, madres y n\u00facleos familiares integrarse.<\/span><\/p><p><span style=\"font-weight: 400; color: var( --e-global-color-text );\">&#8220;Desarrollamos actividades como\u00a0<\/span><span style=\"color: var( --e-global-color-text ); font-weight: 400;\">apoyo de comida, ropa e insumos b\u00e1sicos de primeros auxilios en comunidades de EE.UU y Guatemala, jornadas de informaci\u00f3n\u00a0 legal, celebraciones patrias y m\u00e1s&#8221; concluye Batres, quien actualmente labora como supervisor de construcci\u00f3n en Los Angeles, California, pero cuya pasi\u00f3n est\u00e1 en supervisar un mejor apoyo a los compatriotas que se vieron obligados a migrar en busca de oportunidades.<\/span><\/p>\t\t\t\t\t\t\t\t<\/div>\n\t\t\t\t\t<\/div>\n\t\t<\/div>\n\t\t\t\t\t<\/div>\n\t\t<\/section>\n\t\t\t\t<section data-particle_enable=\"false\" data-particle-mobile-disabled=\"false\" class=\"elementor-section elementor-top-section elementor-element elementor-element-a792956 elementor-section-boxed elementor-section-height-default elementor-section-height-default\" data-id=\"a792956\" data-element_type=\"section\" data-e-type=\"section\">\n\t\t\t\t\t\t<div class=\"elementor-container elementor-column-gap-default\">\n\t\t\t\t\t<div class=\"elementor-column elementor-col-100 elementor-top-column elementor-element elementor-element-d1a984f\" data-id=\"d1a984f\" data-element_type=\"column\" data-e-type=\"column\">\n\t\t\t<div class=\"elementor-widget-wrap elementor-element-populated\">\n\t\t\t\t\t\t<div class=\"elementor-element elementor-element-595cc2e elementor-widget elementor-widget-facebook-embed\" data-id=\"595cc2e\" data-element_type=\"widget\" data-e-type=\"widget\" data-widget_type=\"facebook-embed.default\">\n\t\t\t\t\t<div style=\"min-height: 1px\" class=\"elementor-facebook-widget fb-post\" data-href=\"https:\/\/www.facebook.com\/walterleonel.batres\/videos\/513671130868845\" data-show-text=\"false\"><\/div>\t\t\t\t<\/div>\n\t\t\t\t\t<\/div>\n\t\t<\/div>\n\t\t\t\t\t<\/div>\n\t\t<\/section>\n\t\t\t\t<section data-particle_enable=\"false\" data-particle-mobile-disabled=\"false\" class=\"elementor-section elementor-top-section elementor-element elementor-element-fd56a12 elementor-section-boxed elementor-section-height-default elementor-section-height-default\" data-id=\"fd56a12\" data-element_type=\"section\" data-e-type=\"section\">\n\t\t\t\t\t\t<div class=\"elementor-container elementor-column-gap-default\">\n\t\t\t\t\t<div class=\"elementor-column elementor-col-100 elementor-top-column elementor-element elementor-element-315cadb\" data-id=\"315cadb\" data-element_type=\"column\" data-e-type=\"column\">\n\t\t\t<div class=\"elementor-widget-wrap elementor-element-populated\">\n\t\t\t\t\t\t<div class=\"elementor-element elementor-element-ba9d162 elementor-testimonial--skin-default elementor-testimonial--layout-image_inline elementor-testimonial--align-center elementor-arrows-yes elementor-pagination-type-bullets elementor-widget elementor-widget-testimonial-carousel\" data-id=\"ba9d162\" data-element_type=\"widget\" data-e-type=\"widget\" data-settings=\"{&quot;show_arrows&quot;:&quot;yes&quot;,&quot;pagination&quot;:&quot;bullets&quot;,&quot;speed&quot;:500,&quot;autoplay&quot;:&quot;yes&quot;,&quot;autoplay_speed&quot;:5000,&quot;loop&quot;:&quot;yes&quot;,&quot;pause_on_hover&quot;:&quot;yes&quot;,&quot;pause_on_interaction&quot;:&quot;yes&quot;,&quot;space_between&quot;:{&quot;unit&quot;:&quot;px&quot;,&quot;size&quot;:10,&quot;sizes&quot;:[]},&quot;space_between_tablet&quot;:{&quot;unit&quot;:&quot;px&quot;,&quot;size&quot;:10,&quot;sizes&quot;:[]},&quot;space_between_mobile&quot;:{&quot;unit&quot;:&quot;px&quot;,&quot;size&quot;:10,&quot;sizes&quot;:[]}}\" data-widget_type=\"testimonial-carousel.default\">\n\t\t\t\t\t\t\t\t\t\t<div class=\"elementor-main-swiper swiper\" role=\"region\" aria-roledescription=\"carousel\" aria-label=\"Diapositivas\">\n\t\t\t\t<div class=\"swiper-wrapper\">\n\t\t\t\t\t\t\t\t\t\t\t<div class=\"swiper-slide\" role=\"group\" aria-roledescription=\"slide\">\n\t\t\t\t\t\t\t\t\t<div class=\"elementor-testimonial\">\n\t\t\t\t\t\t\t<div class=\"elementor-testimonial__content\">\n\t\t\t\t\t<div class=\"elementor-testimonial__text\">\n\t\t\t\t\t\t\u201cMientras m\u00e1s se endurece la frontera y m\u00e1s muros se construyen, vemos que la necesidad encuentra formas legales para las personas, como por ejemplo la legislatura del asilo y protecci\u00f3n de los ciudadanos, nosotros buscamos la manera de comunicarnos con los gobiernos y demostrar las necesidades y los cambios que enfrenta la comunidad\u201d\u00a0\t\t\t\t\t<\/div>\n\t\t\t\t\t\t\t\t\t<\/div>\n\t\t\t\t\t\t<div class=\"elementor-testimonial__footer\">\n\t\t\t\t\t\t\t\t\t<div class=\"elementor-testimonial__image\">\n\t\t\t\t\t\t<img decoding=\"async\" src=\"https:\/\/soymigrante.com\/revista\/wp-content\/uploads\/2024\/01\/Walter-e1704488945482.webp\" alt=\"Walter Batres es originario de nueva Concepci\u00f3n Escuintla Guatemala, dej\u00f3 su tierra natal por la situaci\u00f3n del conflicto armado interno.\">\n\t\t\t\t\t\t\t\t\t\t\t<\/div>\n\t\t\t\t\t\t\t\t<cite class=\"elementor-testimonial__cite\"><span class=\"elementor-testimonial__name\">Walter Batres <\/span><span class=\"elementor-testimonial__title\">Migrante guatemalteco<\/span><\/cite>\t\t\t<\/div>\n\t\t<\/div>\n\t\t\t\t\t\t\t\t<\/div>\n\t\t\t\t\t\t\t\t\t<\/div>\n\t\t\t\t\t\t\t<\/div>\n\t\t\t\t\t\t\t\t<\/div>\n\t\t\t\t\t<\/div>\n\t\t<\/div>\n\t\t\t\t\t<\/div>\n\t\t<\/section>\n\t\t\t\t<section data-particle_enable=\"false\" data-particle-mobile-disabled=\"false\" class=\"elementor-section elementor-top-section elementor-element elementor-element-4ebd166 elementor-section-boxed elementor-section-height-default elementor-section-height-default\" data-id=\"4ebd166\" data-element_type=\"section\" data-e-type=\"section\">\n\t\t\t\t\t\t<div class=\"elementor-container elementor-column-gap-default\">\n\t\t\t\t\t<div class=\"elementor-column elementor-col-100 elementor-top-column elementor-element elementor-element-694ad15\" data-id=\"694ad15\" data-element_type=\"column\" data-e-type=\"column\">\n\t\t\t<div class=\"elementor-widget-wrap elementor-element-populated\">\n\t\t\t\t\t\t<div class=\"elementor-element elementor-element-8c186c9 elementor-widget elementor-widget-video\" data-id=\"8c186c9\" data-element_type=\"widget\" data-e-type=\"widget\" data-settings=\"{&quot;youtube_url&quot;:&quot;https:\\\/\\\/www.youtube.com\\\/watch?v=IHNJrkZsmJw&quot;,&quot;video_type&quot;:&quot;youtube&quot;}\" data-widget_type=\"video.default\">\n\t\t\t\t\t\t\t<div class=\"elementor-wrapper elementor-open-inline\">\n\t\t\t<div class=\"elementor-video\"><\/div>\t\t<\/div>\n\t\t\t\t\t\t<\/div>\n\t\t\t\t\t<\/div>\n\t\t<\/div>\n\t\t\t\t\t<\/div>\n\t\t<\/section>\n\t\t\t\t<section data-particle_enable=\"false\" data-particle-mobile-disabled=\"false\" class=\"elementor-section elementor-top-section elementor-element elementor-element-e95f799 elementor-section-boxed elementor-section-height-default elementor-section-height-default\" data-id=\"e95f799\" data-element_type=\"section\" data-e-type=\"section\">\n\t\t\t\t\t\t<div class=\"elementor-container elementor-column-gap-default\">\n\t\t\t\t\t<div class=\"elementor-column elementor-col-100 elementor-top-column elementor-element elementor-element-df06c07\" data-id=\"df06c07\" data-element_type=\"column\" data-e-type=\"column\">\n\t\t\t<div class=\"elementor-widget-wrap elementor-element-populated\">\n\t\t\t\t\t\t<div class=\"elementor-element elementor-element-98bfd84 elementor-blockquote--skin-boxed elementor-widget elementor-widget-blockquote\" data-id=\"98bfd84\" data-element_type=\"widget\" data-e-type=\"widget\" data-widget_type=\"blockquote.default\">\n\t\t\t\t\t\t\t<blockquote class=\"elementor-blockquote\">\n\t\t\t<p class=\"elementor-blockquote__content\">\n\t\t\t\t\u201cLo que m\u00e1s necesita la comunidad migrante es informaci\u00f3n, ah\u00ed est\u00e1 la clave, esa es la diferencia entre vivir y morir. Si ya no puede vivir en el pa\u00eds inf\u00f3rmese antes de salir o intentar migrar en esta traves\u00eda mortal. M\u00e1s de 600 personas han fallecido en su intento de cruzar. Con los programas de ayuda al migrante en el desierto conocemos la realidad. Es una traves\u00eda peligrosa cu\u00eddese, ases\u00f3rese y por favor no arriesguen a los ni\u00f1os, tengan cuidado. Migrar es un derecho humano, pero debemos ser bastantes responsables y como m\u00ednimo inform\u00e9monos\u201d\n\t\t\t<\/p>\n\t\t\t\t\t\t\t<div class=\"e-q-footer\">\n\t\t\t\t\t\t\t\t\t\t\t<cite class=\"elementor-blockquote__author\">Walter Batres migrante y presidente de la Red Migrante Guatemalteca <\/cite>\n\t\t\t\t\t\t\t\t\t\t\t\t\t\t<\/div>\n\t\t\t\t\t<\/blockquote>\n\t\t\t\t\t\t<\/div>\n\t\t\t\t\t<\/div>\n\t\t<\/div>\n\t\t\t\t\t<\/div>\n\t\t<\/section>\n\t\t\t\t<section data-particle_enable=\"false\" data-particle-mobile-disabled=\"false\" class=\"elementor-section elementor-top-section elementor-element elementor-element-08ad2ff elementor-section-boxed elementor-section-height-default elementor-section-height-default\" data-id=\"08ad2ff\" data-element_type=\"section\" data-e-type=\"section\">\n\t\t\t\t\t\t<div class=\"elementor-container elementor-column-gap-default\">\n\t\t\t\t\t<div class=\"elementor-column elementor-col-100 elementor-top-column elementor-element elementor-element-d8b6df6\" data-id=\"d8b6df6\" data-element_type=\"column\" data-e-type=\"column\">\n\t\t\t<div class=\"elementor-widget-wrap elementor-element-populated\">\n\t\t\t\t\t\t<div class=\"elementor-element elementor-element-1229256 elementor-blockquote--skin-border elementor-widget elementor-widget-blockquote\" data-id=\"1229256\" data-element_type=\"widget\" data-e-type=\"widget\" data-widget_type=\"blockquote.default\">\n\t\t\t\t\t\t\t<blockquote class=\"elementor-blockquote\">\n\t\t\t<p class=\"elementor-blockquote__content\">\n\t\t\t\tSi buscas asesor\u00eda para repatriar a tu familiar u orientaci\u00f3n de alg\u00fan proceso migratorio puedes comunicarte por medio de las redes sociales. WhatsApp 6262307810\t\t\t<\/p>\n\t\t\t\t\t<\/blockquote>\n\t\t\t\t\t\t<\/div>\n\t\t\t\t\t<\/div>\n\t\t<\/div>\n\t\t\t\t\t<\/div>\n\t\t<\/section>\n\t\t\t\t<section data-particle_enable=\"false\" data-particle-mobile-disabled=\"false\" class=\"elementor-section elementor-top-section elementor-element elementor-element-4994254 elementor-section-boxed elementor-section-height-default elementor-section-height-default\" data-id=\"4994254\" data-element_type=\"section\" data-e-type=\"section\">\n\t\t\t\t\t\t<div class=\"elementor-container elementor-column-gap-default\">\n\t\t\t\t\t<div class=\"elementor-column elementor-col-100 elementor-top-column elementor-element elementor-element-639290e\" data-id=\"639290e\" data-element_type=\"column\" data-e-type=\"column\">\n\t\t\t<div class=\"elementor-widget-wrap elementor-element-populated\">\n\t\t\t\t\t\t<div class=\"elementor-element elementor-element-5a7fece elementor-widget elementor-widget-facebook-page\" data-id=\"5a7fece\" data-element_type=\"widget\" data-e-type=\"widget\" data-widget_type=\"facebook-page.default\">\n\t\t\t\t\t<div class=\"elementor-facebook-widget fb-page\" data-href=\"https:\/\/www.facebook.com\/RedMigranteGuate\" data-tabs=\"timeline\" data-height=\"222px\" data-width=\"500px\" data-small-header=\"true\" data-hide-cover=\"false\" data-show-facepile=\"true\" data-hide-cta=\"false\" style=\"min-height: 1px;height:222px\"><\/div>\t\t\t\t<\/div>\n\t\t\t\t\t<\/div>\n\t\t<\/div>\n\t\t\t\t\t<\/div>\n\t\t<\/section>\n\t\t\t\t<section data-particle_enable=\"false\" data-particle-mobile-disabled=\"false\" class=\"elementor-section elementor-top-section elementor-element elementor-element-0fb7c9f elementor-section-boxed elementor-section-height-default elementor-section-height-default\" data-id=\"0fb7c9f\" data-element_type=\"section\" data-e-type=\"section\">\n\t\t\t\t\t\t<div class=\"elementor-container elementor-column-gap-default\">\n\t\t\t\t\t<div class=\"elementor-column elementor-col-100 elementor-top-column elementor-element elementor-element-b465c5f\" data-id=\"b465c5f\" data-element_type=\"column\" data-e-type=\"column\">\n\t\t\t<div class=\"elementor-widget-wrap elementor-element-populated\">\n\t\t\t\t\t\t<div class=\"elementor-element elementor-element-1a80dae elementor-widget elementor-widget-heading\" data-id=\"1a80dae\" data-element_type=\"widget\" data-e-type=\"widget\" data-widget_type=\"heading.default\">\n\t\t\t\t\t<h2 class=\"elementor-heading-title elementor-size-default\">La RMG impulsa la multiculturalidad guatemalteca a lo largo del a\u00f1o<\/h2>\t\t\t\t<\/div>\n\t\t\t\t\t<\/div>\n\t\t<\/div>\n\t\t\t\t\t<\/div>\n\t\t<\/section>\n\t\t\t\t<section data-particle_enable=\"false\" data-particle-mobile-disabled=\"false\" class=\"elementor-section elementor-top-section elementor-element elementor-element-6950ccd elementor-section-boxed elementor-section-height-default elementor-section-height-default\" data-id=\"6950ccd\" data-element_type=\"section\" data-e-type=\"section\">\n\t\t\t\t\t\t<div class=\"elementor-container elementor-column-gap-default\">\n\t\t\t\t\t<div class=\"elementor-column elementor-col-100 elementor-top-column elementor-element elementor-element-714a855\" data-id=\"714a855\" data-element_type=\"column\" data-e-type=\"column\">\n\t\t\t<div class=\"elementor-widget-wrap elementor-element-populated\">\n\t\t\t\t\t\t<div class=\"elementor-element elementor-element-ebdfd1c elementor-arrows-position-inside elementor-pagination-position-outside elementor-widget elementor-widget-image-carousel\" data-id=\"ebdfd1c\" data-element_type=\"widget\" data-e-type=\"widget\" data-settings=\"{&quot;slides_to_show&quot;:&quot;1&quot;,&quot;navigation&quot;:&quot;both&quot;,&quot;autoplay&quot;:&quot;yes&quot;,&quot;pause_on_hover&quot;:&quot;yes&quot;,&quot;pause_on_interaction&quot;:&quot;yes&quot;,&quot;autoplay_speed&quot;:5000,&quot;infinite&quot;:&quot;yes&quot;,&quot;effect&quot;:&quot;slide&quot;,&quot;speed&quot;:500}\" data-widget_type=\"image-carousel.default\">\n\t\t\t\t\t\t\t<div class=\"elementor-image-carousel-wrapper swiper\" role=\"region\" aria-roledescription=\"carousel\" aria-label=\"Carrusel de im\u00e1genes\" dir=\"ltr\">\n\t\t\t<div class=\"elementor-image-carousel swiper-wrapper\" aria-live=\"off\">\n\t\t\t\t\t\t\t\t<div class=\"swiper-slide\" role=\"group\" aria-roledescription=\"slide\" aria-label=\"1 de 4\"><figure class=\"swiper-slide-inner\"><img decoding=\"async\" class=\"swiper-slide-image\" src=\"https:\/\/soymigrante.com\/revista\/wp-content\/uploads\/2023\/12\/portada-1-768x578.webp\" alt=\"La red migrante es un grupo de apoyo para familias de migrantes guatemaltecos radicados en Estados Unidos, M\u00e9xico, Canad\u00e1 y Espa\u00f1a.\" \/><figcaption class=\"elementor-image-carousel-caption\">La red migrante es un grupo de apoyo para familias de migrantes guatemaltecos radicados en Estados Unidos, M\u00e9xico, Canad\u00e1 y Espa\u00f1a.  Tambi\u00e9n contactan con un grupo de LING\u00dc\u00cdSTICA, personas conocedoras de idiomas Mayas, Gar\u00edfuna y otros idiomas.<\/figcaption><\/figure><\/div><div class=\"swiper-slide\" role=\"group\" aria-roledescription=\"slide\" aria-label=\"2 de 4\"><figure class=\"swiper-slide-inner\"><img decoding=\"async\" class=\"swiper-slide-image\" src=\"https:\/\/soymigrante.com\/revista\/wp-content\/uploads\/2023\/12\/reconocimiento-768x576.webp\" alt=\"Desarrollaron el evento denominado &quot;La Navidad Chapina&quot; tuvo participaci\u00f3n de Folclor y grandes Artistas, rifas , juguetes y Convivio.\" \/><figcaption class=\"elementor-image-carousel-caption\">Desarrollaron el evento denominado \"La Navidad Chapina\"  tuvo participaci\u00f3n de Folclor y grandes Artistas, rifas , juguetes y Convivio.<\/figcaption><\/figure><\/div><div class=\"swiper-slide\" role=\"group\" aria-roledescription=\"slide\" aria-label=\"3 de 4\"><figure class=\"swiper-slide-inner\"><img decoding=\"async\" class=\"swiper-slide-image\" src=\"https:\/\/soymigrante.com\/revista\/wp-content\/uploads\/2023\/12\/bailes--768x576.webp\" alt=\"Se realiz\u00f3 la presentaci\u00f3n de danzan con indumentaria maya\" \/><figcaption class=\"elementor-image-carousel-caption\">Se realiz\u00f3 la presentaci\u00f3n de danzan con indumentaria maya <\/figcaption><\/figure><\/div><div class=\"swiper-slide\" role=\"group\" aria-roledescription=\"slide\" aria-label=\"4 de 4\"><figure class=\"swiper-slide-inner\"><img decoding=\"async\" class=\"swiper-slide-image\" src=\"https:\/\/soymigrante.com\/revista\/wp-content\/uploads\/2023\/12\/actividades-culturales--768x576.webp\" alt=\"Festival del Tamal Chap\u00edn en los \u00c1ngeles\" \/><figcaption class=\"elementor-image-carousel-caption\">Festival   del Tamal Chap\u00edn en los \u00c1ngeles <\/figcaption><\/figure><\/div>\t\t\t<\/div>\n\t\t\t\t\t\t\t\t\t\t\t\t<div class=\"elementor-swiper-button elementor-swiper-button-prev\" role=\"button\" tabindex=\"0\">\n\t\t\t\t\t\t<i aria-hidden=\"true\" class=\"eicon-chevron-left\"><\/i>\t\t\t\t\t<\/div>\n\t\t\t\t\t<div class=\"elementor-swiper-button elementor-swiper-button-next\" role=\"button\" tabindex=\"0\">\n\t\t\t\t\t\t<i aria-hidden=\"true\" class=\"eicon-chevron-right\"><\/i>\t\t\t\t\t<\/div>\n\t\t\t\t\n\t\t\t\t\t\t\t\t\t<div class=\"swiper-pagination\"><\/div>\n\t\t\t\t\t\t\t\t\t<\/div>\n\t\t\t\t\t\t<\/div>\n\t\t\t\t\t<\/div>\n\t\t<\/div>\n\t\t\t\t\t<\/div>\n\t\t<\/section>\n\t\t\t\t<section data-particle_enable=\"false\" data-particle-mobile-disabled=\"false\" class=\"elementor-section elementor-top-section elementor-element elementor-element-48a9d63 elementor-section-boxed elementor-section-height-default elementor-section-height-default\" data-id=\"48a9d63\" data-element_type=\"section\" data-e-type=\"section\">\n\t\t\t\t\t\t<div class=\"elementor-container elementor-column-gap-default\">\n\t\t\t\t\t<div class=\"elementor-column elementor-col-100 elementor-top-column elementor-element elementor-element-afeda60\" data-id=\"afeda60\" data-element_type=\"column\" data-e-type=\"column\">\n\t\t\t<div class=\"elementor-widget-wrap elementor-element-populated\">\n\t\t\t\t\t\t<div class=\"elementor-element elementor-element-bc3ebe4 elementor-widget elementor-widget-heading\" data-id=\"bc3ebe4\" data-element_type=\"widget\" data-e-type=\"widget\" data-widget_type=\"heading.default\">\n\t\t\t\t\t<h2 class=\"elementor-heading-title elementor-size-default\">Para m\u00e1s contenido...<\/h2>\t\t\t\t<\/div>\n\t\t\t\t\t<\/div>\n\t\t<\/div>\n\t\t\t\t\t<\/div>\n\t\t<\/section>\n\t\t\t\t<section data-particle_enable=\"false\" data-particle-mobile-disabled=\"false\" class=\"elementor-section elementor-top-section elementor-element elementor-element-9eb6072 elementor-section-boxed elementor-section-height-default elementor-section-height-default\" data-id=\"9eb6072\" data-element_type=\"section\" data-e-type=\"section\">\n\t\t\t\t\t\t<div class=\"elementor-container elementor-column-gap-default\">\n\t\t\t\t\t<div class=\"elementor-column elementor-col-100 elementor-top-column elementor-element elementor-element-2863547\" data-id=\"2863547\" data-element_type=\"column\" data-e-type=\"column\">\n\t\t\t<div class=\"elementor-widget-wrap elementor-element-populated\">\n\t\t\t\t\t\t<div class=\"elementor-element elementor-element-e46f03f elementor-grid-eael-col-2 elementor-grid-tablet-eael-col-2 elementor-grid-mobile-eael-col-1 elementor-widget elementor-widget-eael-post-grid\" data-id=\"e46f03f\" data-element_type=\"widget\" data-e-type=\"widget\" data-settings=\"{&quot;eael_post_grid_columns&quot;:&quot;eael-col-2&quot;,&quot;eael_post_grid_columns_tablet&quot;:&quot;eael-col-2&quot;,&quot;eael_post_grid_columns_mobile&quot;:&quot;eael-col-1&quot;}\" data-widget_type=\"eael-post-grid.default\">\n\t\t\t\t\t<div id=\"eael-post-grid-e46f03f\" class=\"eael-post-grid-container\">\n            <div class=\"eael-post-grid eael-post-appender eael-post-appender-e46f03f eael-post-grid-style-one\" data-layout-mode=\"masonry\"><article class=\"eael-grid-post  eael-post-grid-column eael-pg-post-4187 category-estamos-unidos\" data-id=\"4187\">\n        <div class=\"eael-grid-post-holder\">\n            <div class=\"eael-grid-post-holder-inner\"><div class=\"eael-entry-media\"><div class=\"eael-entry-overlay fade-in\"><i class=\"fas fa-long-arrow-alt-right\" aria-hidden=\"true\"><\/i><a href=\"https:\/\/soymigrante.com\/revista\/migrantes-retornados-inspiran-con-su-ejemplo-de-resiliencia\/\"><\/a><\/div><div class=\"eael-entry-thumbnail \">\n                <img fetchpriority=\"high\" decoding=\"async\" width=\"300\" height=\"300\" src=\"https:\/\/soymigrante.com\/revista\/wp-content\/uploads\/2023\/12\/Tomas-300x300.webp\" class=\"attachment-medium size-medium wp-image-3778\" alt=\"Ovidio\" srcset=\"https:\/\/soymigrante.com\/revista\/wp-content\/uploads\/2023\/12\/Tomas-300x300.webp 300w, https:\/\/soymigrante.com\/revista\/wp-content\/uploads\/2023\/12\/Tomas-1024x1024.webp 1024w, https:\/\/soymigrante.com\/revista\/wp-content\/uploads\/2023\/12\/Tomas-150x150.webp 150w, https:\/\/soymigrante.com\/revista\/wp-content\/uploads\/2023\/12\/Tomas-768x768.webp 768w, https:\/\/soymigrante.com\/revista\/wp-content\/uploads\/2023\/12\/Tomas-1536x1536.webp 1536w, https:\/\/soymigrante.com\/revista\/wp-content\/uploads\/2023\/12\/Tomas-75x75.webp 75w, https:\/\/soymigrante.com\/revista\/wp-content\/uploads\/2023\/12\/Tomas-750x750.webp 750w, https:\/\/soymigrante.com\/revista\/wp-content\/uploads\/2023\/12\/Tomas-1140x1140.webp 1140w, https:\/\/soymigrante.com\/revista\/wp-content\/uploads\/2023\/12\/Tomas-600x600.webp 600w, https:\/\/soymigrante.com\/revista\/wp-content\/uploads\/2023\/12\/Tomas.webp 1920w\" sizes=\"(max-width: 300px) 100vw, 300px\" \/>\n            <\/div>\n        <\/div><div class=\"eael-entry-wrapper\"><header class=\"eael-entry-header\"><h2 class=\"eael-entry-title\"><a class=\"eael-grid-post-link\" href=\"https:\/\/soymigrante.com\/revista\/migrantes-retornados-inspiran-con-su-ejemplo-de-resiliencia\/\" title=\"Migrantes retornados inspiran con su ejemplo de resiliencia\u00a0\u00a0\">Migrantes retornados inspiran con su ejemplo de resiliencia\u00a0\u00a0<\/a><\/h2><\/header><\/div><\/div>\n        <\/div>\n    <\/article><article class=\"eael-grid-post  eael-post-grid-column eael-pg-post-3890 category-estamos-unidos\" data-id=\"3890\">\n        <div class=\"eael-grid-post-holder\">\n            <div class=\"eael-grid-post-holder-inner\"><div class=\"eael-entry-media\"><div class=\"eael-entry-overlay fade-in\"><i class=\"fas fa-long-arrow-alt-right\" aria-hidden=\"true\"><\/i><a href=\"https:\/\/soymigrante.com\/revista\/dia-migrante-esfuerzo-sigue-guatemala-estados-unidos\/\"><\/a><\/div><div class=\"eael-entry-thumbnail \">\n                <img decoding=\"async\" width=\"300\" height=\"300\" src=\"https:\/\/soymigrante.com\/revista\/wp-content\/uploads\/2024\/06\/460054190_937276188438886_7244706262493221936_n-300x300.webp\" class=\"attachment-medium size-medium wp-image-9487\" alt=\"Colorido grupo de migrantes guatemaltecos con trajes tradicionales, representando su cultura y diversidad en una imagen que refleja identidad, comunidad y orgullo migrante en Guatemala.\" srcset=\"https:\/\/soymigrante.com\/revista\/wp-content\/uploads\/2024\/06\/460054190_937276188438886_7244706262493221936_n-300x300.webp 300w, https:\/\/soymigrante.com\/revista\/wp-content\/uploads\/2024\/06\/460054190_937276188438886_7244706262493221936_n-1024x1024.webp 1024w, https:\/\/soymigrante.com\/revista\/wp-content\/uploads\/2024\/06\/460054190_937276188438886_7244706262493221936_n-150x150.webp 150w, https:\/\/soymigrante.com\/revista\/wp-content\/uploads\/2024\/06\/460054190_937276188438886_7244706262493221936_n-768x768.webp 768w, https:\/\/soymigrante.com\/revista\/wp-content\/uploads\/2024\/06\/460054190_937276188438886_7244706262493221936_n-75x75.webp 75w, https:\/\/soymigrante.com\/revista\/wp-content\/uploads\/2024\/06\/460054190_937276188438886_7244706262493221936_n-750x750.webp 750w, https:\/\/soymigrante.com\/revista\/wp-content\/uploads\/2024\/06\/460054190_937276188438886_7244706262493221936_n-1140x1140.webp 1140w, https:\/\/soymigrante.com\/revista\/wp-content\/uploads\/2024\/06\/460054190_937276188438886_7244706262493221936_n.webp 1416w\" sizes=\"(max-width: 300px) 100vw, 300px\" \/>\n            <\/div>\n        <\/div><div class=\"eael-entry-wrapper\"><header class=\"eael-entry-header\"><h2 class=\"eael-entry-title\"><a class=\"eael-grid-post-link\" href=\"https:\/\/soymigrante.com\/revista\/dia-migrante-esfuerzo-sigue-guatemala-estados-unidos\/\" title=\"Celebrar la diversidad va m\u00e1s all\u00e1 del D\u00eda del Migrante\">Celebrar la diversidad va m\u00e1s all\u00e1 del D\u00eda del Migrante<\/a><\/h2><\/header><\/div><\/div>\n        <\/div>\n    <\/article><article class=\"eael-grid-post  eael-post-grid-column eael-pg-post-3877 category-estamos-unidos tags-18-diciembre-dia-del-migrante\" data-id=\"3877\">\n        <div class=\"eael-grid-post-holder\">\n            <div class=\"eael-grid-post-holder-inner\"><div class=\"eael-entry-media\"><div class=\"eael-entry-overlay fade-in\"><i class=\"fas fa-long-arrow-alt-right\" aria-hidden=\"true\"><\/i><a href=\"https:\/\/soymigrante.com\/revista\/editorial-dia-internacional-del-migrante\/\"><\/a><\/div><div class=\"eael-entry-thumbnail \">\n                <img decoding=\"async\" width=\"300\" height=\"176\" src=\"https:\/\/soymigrante.com\/revista\/wp-content\/uploads\/2023\/06\/protesta-300x176.webp\" class=\"attachment-medium size-medium wp-image-1686\" alt=\"Guatemaltecos participan el 30 de junio en las protestas contra la ley antimigrante SB1718\" srcset=\"https:\/\/soymigrante.com\/revista\/wp-content\/uploads\/2023\/06\/protesta-300x176.webp 300w, https:\/\/soymigrante.com\/revista\/wp-content\/uploads\/2023\/06\/protesta-1024x600.webp 1024w, https:\/\/soymigrante.com\/revista\/wp-content\/uploads\/2023\/06\/protesta-768x450.webp 768w, https:\/\/soymigrante.com\/revista\/wp-content\/uploads\/2023\/06\/protesta-1536x899.webp 1536w, https:\/\/soymigrante.com\/revista\/wp-content\/uploads\/2023\/06\/protesta-750x439.webp 750w, https:\/\/soymigrante.com\/revista\/wp-content\/uploads\/2023\/06\/protesta-1140x667.webp 1140w, https:\/\/soymigrante.com\/revista\/wp-content\/uploads\/2023\/06\/protesta.webp 1561w\" sizes=\"(max-width: 300px) 100vw, 300px\" \/>\n            <\/div>\n        <\/div><div class=\"eael-entry-wrapper\"><header class=\"eael-entry-header\"><h2 class=\"eael-entry-title\"><a class=\"eael-grid-post-link\" href=\"https:\/\/soymigrante.com\/revista\/editorial-dia-internacional-del-migrante\/\" title=\"EDITORIAL: Guatemaltecos migrantes merecen ser una prioridad de Estado\">EDITORIAL: Guatemaltecos migrantes merecen ser una prioridad de Estado<\/a><\/h2><\/header><\/div><\/div>\n        <\/div>\n    <\/article><article class=\"eael-grid-post  eael-post-grid-column eael-pg-post-3851 category-estamos-unidos tags-18-diciembre-dia-del-migrante\" data-id=\"3851\">\n        <div class=\"eael-grid-post-holder\">\n            <div class=\"eael-grid-post-holder-inner\"><div class=\"eael-entry-media\"><div class=\"eael-entry-overlay fade-in\"><i class=\"fas fa-long-arrow-alt-right\" aria-hidden=\"true\"><\/i><a href=\"https:\/\/soymigrante.com\/revista\/frontera-de-ee-uu-y-mexico-considerada-la-mas-peligrosa-del-mundo\/\"><\/a><\/div><div class=\"eael-entry-thumbnail \">\n                <img loading=\"lazy\" decoding=\"async\" width=\"300\" height=\"169\" src=\"https:\/\/soymigrante.com\/revista\/wp-content\/uploads\/2023\/12\/bannr-300x169.webp\" class=\"attachment-medium size-medium wp-image-3852\" alt=\"Miles de migrantes desaparecen o fallecen en la frontera m\u00e1s peligrosa entre EE.UU. y M\u00e9xico.\" srcset=\"https:\/\/soymigrante.com\/revista\/wp-content\/uploads\/2023\/12\/bannr-300x169.webp 300w, https:\/\/soymigrante.com\/revista\/wp-content\/uploads\/2023\/12\/bannr-1024x576.webp 1024w, https:\/\/soymigrante.com\/revista\/wp-content\/uploads\/2023\/12\/bannr-768x432.webp 768w, https:\/\/soymigrante.com\/revista\/wp-content\/uploads\/2023\/12\/bannr-1536x864.webp 1536w, https:\/\/soymigrante.com\/revista\/wp-content\/uploads\/2023\/12\/bannr-750x422.webp 750w, https:\/\/soymigrante.com\/revista\/wp-content\/uploads\/2023\/12\/bannr-1140x641.webp 1140w, https:\/\/soymigrante.com\/revista\/wp-content\/uploads\/2023\/12\/bannr.webp 1920w\" sizes=\"(max-width: 300px) 100vw, 300px\" \/>\n            <\/div>\n        <\/div><div class=\"eael-entry-wrapper\"><header class=\"eael-entry-header\"><h2 class=\"eael-entry-title\"><a class=\"eael-grid-post-link\" href=\"https:\/\/soymigrante.com\/revista\/frontera-de-ee-uu-y-mexico-considerada-la-mas-peligrosa-del-mundo\/\" title=\"Cifras lo confirman: la frontera entre EE.UU y M\u00e9xico es la m\u00e1s peligrosa del mundo\">Cifras lo confirman: la frontera entre EE.UU y M\u00e9xico es la m\u00e1s peligrosa del mundo<\/a><\/h2><\/header><\/div><\/div>\n        <\/div>\n    <\/article><article class=\"eael-grid-post  eael-post-grid-column eael-pg-post-3381 category-exitos\" data-id=\"3381\">\n        <div class=\"eael-grid-post-holder\">\n            <div class=\"eael-grid-post-holder-inner\"><div class=\"eael-entry-media\"><div class=\"eael-entry-overlay fade-in\"><i class=\"fas fa-long-arrow-alt-right\" aria-hidden=\"true\"><\/i><a href=\"https:\/\/soymigrante.com\/revista\/migrante-fredy-hernandez-impulsa-musica-arte-y-shukos-gourmet\/\"><\/a><\/div><div class=\"eael-entry-thumbnail \">\n                <img loading=\"lazy\" decoding=\"async\" width=\"300\" height=\"286\" src=\"https:\/\/soymigrante.com\/revista\/wp-content\/uploads\/2023\/11\/fredo-2-300x286.webp\" class=\"attachment-medium size-medium wp-image-3393\" alt=\"\" srcset=\"https:\/\/soymigrante.com\/revista\/wp-content\/uploads\/2023\/11\/fredo-2-300x286.webp 300w, https:\/\/soymigrante.com\/revista\/wp-content\/uploads\/2023\/11\/fredo-2-1024x977.webp 1024w, https:\/\/soymigrante.com\/revista\/wp-content\/uploads\/2023\/11\/fredo-2-768x733.webp 768w, https:\/\/soymigrante.com\/revista\/wp-content\/uploads\/2023\/11\/fredo-2-750x716.webp 750w, https:\/\/soymigrante.com\/revista\/wp-content\/uploads\/2023\/11\/fredo-2-1140x1088.webp 1140w, https:\/\/soymigrante.com\/revista\/wp-content\/uploads\/2023\/11\/fredo-2.webp 1425w\" sizes=\"(max-width: 300px) 100vw, 300px\" \/>\n            <\/div>\n        <\/div><div class=\"eael-entry-wrapper\"><header class=\"eael-entry-header\"><h2 class=\"eael-entry-title\"><a class=\"eael-grid-post-link\" href=\"https:\/\/soymigrante.com\/revista\/migrante-fredy-hernandez-impulsa-musica-arte-y-shukos-gourmet\/\" title=\"Migrante Fredy Hern\u00e1ndez impulsa m\u00fasica, arte y shukos gourmet\">Migrante Fredy Hern\u00e1ndez impulsa m\u00fasica, arte y shukos gourmet<\/a><\/h2><\/header><\/div><\/div>\n        <\/div>\n    <\/article><article class=\"eael-grid-post  eael-post-grid-column eael-pg-post-214 category-exitos-guatemala tags-michigan\" data-id=\"214\">\n        <div class=\"eael-grid-post-holder\">\n            <div class=\"eael-grid-post-holder-inner\"><div class=\"eael-entry-media\"><div class=\"eael-entry-overlay fade-in\"><i class=\"fas fa-long-arrow-alt-right\" aria-hidden=\"true\"><\/i><a href=\"https:\/\/soymigrante.com\/revista\/juan-francisco-es-qanjobal-comunicador-impulsor-de-talentos-y-experto-en-robotica\/\"><\/a><\/div><div class=\"eael-entry-thumbnail \">\n                <img loading=\"lazy\" decoding=\"async\" width=\"202\" height=\"300\" src=\"https:\/\/soymigrante.com\/revista\/wp-content\/uploads\/2023\/02\/PANCHOLON-1-202x300.webp\" class=\"attachment-medium size-medium wp-image-960\" alt=\"Pancolon Radio Internacional Francisco\" srcset=\"https:\/\/soymigrante.com\/revista\/wp-content\/uploads\/2023\/02\/PANCHOLON-1-202x300.webp 202w, https:\/\/soymigrante.com\/revista\/wp-content\/uploads\/2023\/02\/PANCHOLON-1-689x1024.jpg 689w, https:\/\/soymigrante.com\/revista\/wp-content\/uploads\/2023\/02\/PANCHOLON-1.webp 720w\" sizes=\"(max-width: 202px) 100vw, 202px\" \/>\n            <\/div>\n        <\/div><div class=\"eael-entry-wrapper\"><header class=\"eael-entry-header\"><h2 class=\"eael-entry-title\"><a class=\"eael-grid-post-link\" href=\"https:\/\/soymigrante.com\/revista\/juan-francisco-es-qanjobal-comunicador-impulsor-de-talentos-y-experto-en-robotica\/\" title=\"Los guatemaltecos debemos cambiar de chip: Juan Francisco\">Los guatemaltecos debemos cambiar de chip: Juan Francisco<\/a><\/h2><\/header><\/div><\/div>\n        <\/div>\n    <\/article><\/div>\n            <div class=\"clearfix\"><\/div>\n        <\/div>\t\t\t\t<\/div>\n\t\t\t\t\t<\/div>\n\t\t<\/div>\n\t\t\t\t\t<\/div>\n\t\t<\/section>\n\t\t\t\t<\/div>\n\t\t","protected":false},"excerpt":{"rendered":"<p>El migrante guatemalteco Walter Batres junto a otros compatriotas fundan en 2015 la Red Migrante Guatemalteca, un grupo de servicio voluntario para dar apoyo legal en casos de repatriaci\u00f3n de cuerpos. Desde entonces ha ampliado su proyecci\u00f3n y \u00e1reas de acci\u00f3n. Tiene integrantes en 31 estados de Estados Unidos, tambi\u00e9n en M\u00e9xico, Canad\u00e1, Espa\u00f1a y [&hellip;]<\/p>\n","protected":false},"author":10,"featured_media":4257,"comment_status":"open","ping_status":"open","sticky":false,"template":"","format":"standard","meta":{"_acf_changed":false,"_eb_attr":"","footnotes":""},"categories":[50],"tags":[],"class_list":["post-4221","post","type-post","status-publish","format-standard","has-post-thumbnail","hentry","category-exitos"],"acf":[],"aioseo_notices":[],"aioseo_head":"\n\t\t<!-- All in One SEO Pro 4.9.6.2 - aioseo.com -->\n\t<meta name=\"description\" content=\"La radio es su pasi\u00f3n y por alg\u00fan tiempo fue un medio de ingresos. Juan Francisco, maya q\u2019anjob\u2019al guatemalteco, migrante, trabaja en el campo de la programaci\u00f3n rob\u00f3tica para la industria automotriz. No obstante, sigue adelante con el proyecto de sus sue\u00f1os Panchol\u00f3n Radio, una estaci\u00f3n digital que transmite m\u00fasica de marimba desde Michigan para todo el mundo.\" \/>\n\t<meta name=\"robots\" content=\"max-snippet:-1, max-image-preview:large, max-video-preview:-1\" \/>\n\t<meta name=\"author\" content=\"SoyMigrante.com REVISTA\"\/>\n\t<link rel=\"canonical\" href=\"https:\/\/soymigrante.com\/revista\/juan-francisco-es-qanjobal-comunicador-impulsor-de-talentos-y-experto-en-robotica\/\" \/>\n\t<meta name=\"generator\" content=\"All in One SEO Pro (AIOSEO) 4.9.6.2\" \/>\n\n\t\t<link rel=\"preconnect\" href=\"https:\/\/fonts.googleapis.com\" crossorigin>\n<link rel=\"preconnect\" href=\"https:\/\/fonts.gstatic.com\" crossorigin>\n\t\t<meta property=\"og:locale\" content=\"es_ES\" \/>\n\t\t<meta property=\"og:site_name\" content=\"SoyMigrante.com REVISTA \u2013 Nuestra misi\u00f3n es reconocer y dignificar al migrante.\" \/>\n\t\t<meta property=\"og:type\" content=\"article\" \/>\n\t\t<meta property=\"og:title\" content=\"Los guatemaltecos debemos cambiar de chip: Juan Francisco\" \/>\n\t\t<meta property=\"og:description\" content=\"La radio es su pasi\u00f3n y por alg\u00fan tiempo fue un medio de ingresos. Juan Francisco, maya q\u2019anjob\u2019al guatemalteco, migrante, trabaja en el campo de la programaci\u00f3n rob\u00f3tica para la industria automotriz. No obstante, sigue adelante con el proyecto de sus sue\u00f1os Panchol\u00f3n Radio, una estaci\u00f3n digital que transmite m\u00fasica de marimba desde Michigan para todo el mundo.\" \/>\n\t\t<meta property=\"og:url\" content=\"https:\/\/soymigrante.com\/revista\/juan-francisco-es-qanjobal-comunicador-impulsor-de-talentos-y-experto-en-robotica\/\" \/>\n\t\t<meta property=\"og:image\" content=\"https:\/\/soymigrante.com\/revista\/wp-content\/uploads\/2023\/02\/PANCHOLON-1.webp\" \/>\n\t\t<meta property=\"og:image:secure_url\" content=\"https:\/\/soymigrante.com\/revista\/wp-content\/uploads\/2023\/02\/PANCHOLON-1.webp\" \/>\n\t\t<meta property=\"og:image:width\" content=\"720\" \/>\n\t\t<meta property=\"og:image:height\" content=\"1070\" \/>\n\t\t<meta property=\"article:published_time\" content=\"2023-05-26T00:00:08+00:00\" \/>\n\t\t<meta property=\"article:modified_time\" content=\"2026-03-11T20:41:21+00:00\" \/>\n\t\t<meta property=\"article:publisher\" content=\"https:\/\/www.facebook.com\/soymigrantecom\" \/>\n\t\t<meta name=\"twitter:card\" content=\"summary_large_image\" \/>\n\t\t<meta name=\"twitter:site\" content=\"@SoyMigrante_com\" \/>\n\t\t<meta name=\"twitter:title\" content=\"Los guatemaltecos debemos cambiar de chip: Juan Francisco\" \/>\n\t\t<meta name=\"twitter:description\" content=\"La radio es su pasi\u00f3n y por alg\u00fan tiempo fue un medio de ingresos. Juan Francisco, maya q\u2019anjob\u2019al guatemalteco, migrante, trabaja en el campo de la programaci\u00f3n rob\u00f3tica para la industria automotriz. No obstante, sigue adelante con el proyecto de sus sue\u00f1os Panchol\u00f3n Radio, una estaci\u00f3n digital que transmite m\u00fasica de marimba desde Michigan para todo el mundo.\" \/>\n\t\t<meta name=\"twitter:creator\" content=\"@SoyMigrante_com\" \/>\n\t\t<meta name=\"twitter:image\" content=\"https:\/\/soymigrante.com\/revista\/wp-content\/uploads\/2023\/02\/PANCHOLON-1.webp\" \/>\n\t\t<!-- All in One SEO Pro -->\r\n\t\t<title>Los guatemaltecos debemos cambiar de chip: Juan Francisco<\/title>\n\n","aioseo_head_json":{"title":"Los guatemaltecos debemos cambiar de chip: Juan Francisco","description":"La radio es su pasi\u00f3n y por alg\u00fan tiempo fue un medio de ingresos. Juan Francisco, maya q\u2019anjob\u2019al guatemalteco, migrante, trabaja en el campo de la programaci\u00f3n rob\u00f3tica para la industria automotriz. No obstante, sigue adelante con el proyecto de sus sue\u00f1os Panchol\u00f3n Radio, una estaci\u00f3n digital que transmite m\u00fasica de marimba desde Michigan para todo el mundo.","canonical_url":"https:\/\/soymigrante.com\/revista\/juan-francisco-es-qanjobal-comunicador-impulsor-de-talentos-y-experto-en-robotica\/","robots":"max-snippet:-1, max-image-preview:large, max-video-preview:-1","keywords":"","webmasterTools":{"miscellaneous":"&lt;link rel=\"preconnect\" href=\"https:\/\/fonts.googleapis.com\" crossorigin&gt;\n&lt;link rel=\"preconnect\" href=\"https:\/\/fonts.gstatic.com\" crossorigin&gt;"},"schema":null,"og:locale":"es_ES","og:site_name":"SoyMigrante.com REVISTA \u2013 Nuestra misi\u00f3n es reconocer y dignificar al migrante.","og:type":"article","og:title":"Los guatemaltecos debemos cambiar de chip: Juan Francisco","og:description":"La radio es su pasi\u00f3n y por alg\u00fan tiempo fue un medio de ingresos. Juan Francisco, maya q\u2019anjob\u2019al guatemalteco, migrante, trabaja en el campo de la programaci\u00f3n rob\u00f3tica para la industria automotriz. No obstante, sigue adelante con el proyecto de sus sue\u00f1os Panchol\u00f3n Radio, una estaci\u00f3n digital que transmite m\u00fasica de marimba desde Michigan para todo el mundo.","og:url":"https:\/\/soymigrante.com\/revista\/juan-francisco-es-qanjobal-comunicador-impulsor-de-talentos-y-experto-en-robotica\/","og:image":"https:\/\/soymigrante.com\/revista\/wp-content\/uploads\/2023\/02\/PANCHOLON-1.webp","og:image:secure_url":"https:\/\/soymigrante.com\/revista\/wp-content\/uploads\/2023\/02\/PANCHOLON-1.webp","og:image:width":720,"og:image:height":1070,"article:published_time":"2023-05-26T00:00:08+00:00","article:modified_time":"2026-03-11T20:41:21+00:00","article:publisher":"https:\/\/www.facebook.com\/soymigrantecom","twitter:card":"summary_large_image","twitter:site":"@SoyMigrante_com","twitter:title":"Los guatemaltecos debemos cambiar de chip: Juan Francisco","twitter:description":"La radio es su pasi\u00f3n y por alg\u00fan tiempo fue un medio de ingresos. Juan Francisco, maya q\u2019anjob\u2019al guatemalteco, migrante, trabaja en el campo de la programaci\u00f3n rob\u00f3tica para la industria automotriz. No obstante, sigue adelante con el proyecto de sus sue\u00f1os Panchol\u00f3n Radio, una estaci\u00f3n digital que transmite m\u00fasica de marimba desde Michigan para todo el mundo.","twitter:creator":"@SoyMigrante_com","twitter:image":"https:\/\/soymigrante.com\/revista\/wp-content\/uploads\/2023\/02\/PANCHOLON-1.webp"},"aioseo_meta_data":{"post_id":"4221","title":"De migrante a l\u00edder, La red de la dignidad de los migrantes","description":"#post_excerpt La red migrante es un grupo de apoyo para familias de migrantes guatemaltecos radicados en Estados Unidos, M\u00e9xico, Canad\u00e1 y Espa\u00f1a.","keywords":[],"keyphrases":{"focus":{"keyphrase":"migrante","score":82,"analysis":{"keyphraseInTitle":{"score":9,"maxScore":9,"error":0},"keyphraseInDescription":{"score":9,"maxScore":9,"error":0},"keyphraseLength":{"score":9,"maxScore":9,"error":0,"length":1},"keyphraseInURL":{"score":5,"maxScore":5,"error":0},"keyphraseInIntroduction":{"score":3,"maxScore":9,"error":1},"keyphraseInSubHeadings":{"score":3,"maxScore":9,"error":1},"keyphraseInImageAlt":{"score":9,"maxScore":9,"error":0},"keywordDensity":{"type":"best","score":9,"maxScore":9,"error":0}}},"additional":[]},"primary_term":null,"canonical_url":null,"og_title":null,"og_description":null,"og_object_type":"default","og_image_type":"default","og_image_url":null,"og_image_width":null,"og_image_height":null,"og_image_custom_url":null,"og_image_custom_fields":null,"og_video":"","og_custom_url":null,"og_article_section":null,"og_article_tags":[],"twitter_use_og":false,"twitter_card":"default","twitter_image_type":"default","twitter_image_url":null,"twitter_image_custom_url":null,"twitter_image_custom_fields":null,"twitter_title":null,"twitter_description":null,"schema":{"blockGraphs":[],"customGraphs":[],"default":{"data":{"Article":[],"Course":[],"Dataset":[],"FAQPage":[],"Movie":[],"Person":[],"Product":[],"ProductReview":[],"Car":[],"Recipe":[],"Service":[],"SoftwareApplication":[],"WebPage":[]},"graphName":"BlogPosting","isEnabled":true},"graphs":[]},"schema_type":"default","schema_type_options":null,"pillar_content":false,"robots_default":true,"robots_noindex":false,"robots_noarchive":false,"robots_nosnippet":false,"robots_nofollow":false,"robots_noimageindex":false,"robots_noodp":false,"robots_notranslate":false,"robots_max_snippet":"-1","robots_max_videopreview":"-1","robots_max_imagepreview":"large","priority":null,"frequency":"default","local_seo":null,"seo_analyzer_scan_date":"2025-10-08 20:57:15","breadcrumb_settings":null,"limit_modified_date":false,"reviewed_by":null,"open_ai":null,"ai":null,"created":"2024-01-04 05:43:41","updated":"2026-02-04 10:22:16"},"aioseo_breadcrumb":"<div class=\"aioseo-breadcrumbs\"><span class=\"aioseo-breadcrumb\">\n\t<a href=\"https:\/\/soymigrante.com\/revista\" title=\"Home\">Home<\/a>\n<\/span><span class=\"aioseo-breadcrumb-separator\">\u00bb<\/span><span class=\"aioseo-breadcrumb\">\n\t<a href=\"https:\/\/soymigrante.com\/revista\/category\/exitos\/\" title=\"\u00c9xitos\">\u00c9xitos<\/a>\n<\/span><span class=\"aioseo-breadcrumb-separator\">\u00bb<\/span><span class=\"aioseo-breadcrumb\">\n\tUna red de hermandad y servicio preside el migrante Walter Batres\n<\/span><\/div>","aioseo_breadcrumb_json":[{"label":"Home","link":"https:\/\/soymigrante.com\/revista"},{"label":"\u00c9xitos","link":"https:\/\/soymigrante.com\/revista\/category\/exitos\/"},{"label":"Una red de hermandad y servicio preside el migrante Walter Batres","link":"https:\/\/soymigrante.com\/revista\/walter-batres-presidente-red-migrante-guatemalteca-experiencia-los-angeles\/"}],"_links":{"self":[{"href":"https:\/\/soymigrante.com\/revista\/wp-json\/wp\/v2\/posts\/4221","targetHints":{"allow":["GET"]}}],"collection":[{"href":"https:\/\/soymigrante.com\/revista\/wp-json\/wp\/v2\/posts"}],"about":[{"href":"https:\/\/soymigrante.com\/revista\/wp-json\/wp\/v2\/types\/post"}],"author":[{"embeddable":true,"href":"https:\/\/soymigrante.com\/revista\/wp-json\/wp\/v2\/users\/10"}],"replies":[{"embeddable":true,"href":"https:\/\/soymigrante.com\/revista\/wp-json\/wp\/v2\/comments?post=4221"}],"version-history":[{"count":0,"href":"https:\/\/soymigrante.com\/revista\/wp-json\/wp\/v2\/posts\/4221\/revisions"}],"wp:featuredmedia":[{"embeddable":true,"href":"https:\/\/soymigrante.com\/revista\/wp-json\/wp\/v2\/media\/4257"}],"wp:attachment":[{"href":"https:\/\/soymigrante.com\/revista\/wp-json\/wp\/v2\/media?parent=4221"}],"wp:term":[{"taxonomy":"category","embeddable":true,"href":"https:\/\/soymigrante.com\/revista\/wp-json\/wp\/v2\/categories?post=4221"},{"taxonomy":"post_tag","embeddable":true,"href":"https:\/\/soymigrante.com\/revista\/wp-json\/wp\/v2\/tags?post=4221"}],"curies":[{"name":"wp","href":"https:\/\/api.w.org\/{rel}","templated":true}]}}