{"id":42172,"date":"2025-08-15T12:18:26","date_gmt":"2025-08-15T18:18:26","guid":{"rendered":"https:\/\/soymigrante.com\/revista\/?p=42172"},"modified":"2025-08-15T12:32:47","modified_gmt":"2025-08-15T18:32:47","slug":"capital-estuvo-230-anos-en-antigua-guatemala-desafiando-terremotos","status":"publish","type":"post","link":"https:\/\/soymigrante.com\/revista\/capital-estuvo-230-anos-en-antigua-guatemala-desafiando-terremotos\/","title":{"rendered":"Capital estuvo 230 a\u00f1os en el Valle de Panchoy, ahora Antigua Guatemala"},"content":{"rendered":"\t\t<div data-elementor-type=\"wp-post\" data-elementor-id=\"42172\" class=\"elementor elementor-42172\" data-elementor-post-type=\"post\">\n\t\t\t\t<div data-particle_enable=\"false\" data-particle-mobile-disabled=\"false\" class=\"elementor-element elementor-element-ef11377 e-flex e-con-boxed e-con e-parent\" data-id=\"ef11377\" data-element_type=\"container\" data-e-type=\"container\">\n\t\t\t\t\t<div class=\"e-con-inner\">\n\t\t\t\t<div class=\"elementor-element elementor-element-7cd8540 elementor-widget elementor-widget-heading\" data-id=\"7cd8540\" data-element_type=\"widget\" data-e-type=\"widget\" data-widget_type=\"heading.default\">\n\t\t\t\t\t<h2 class=\"elementor-heading-title elementor-size-default\">Despu\u00e9s de estar en Iximch\u00e9 y en el valle de Almolonga, la capital de Guatemala tiene un tercer sitio de asentamiento en el Valle de Panchoy, hoy Antigua Guatemala, donde estuvo de 1543 a 1773. <\/h2>\t\t\t\t<\/div>\n\t\t\t\t\t<\/div>\n\t\t\t\t<\/div>\n\t\t<div data-particle_enable=\"false\" data-particle-mobile-disabled=\"false\" class=\"elementor-element elementor-element-9fba3f3 e-flex e-con-boxed e-con e-parent\" data-id=\"9fba3f3\" data-element_type=\"container\" data-e-type=\"container\">\n\t\t\t\t\t<div class=\"e-con-inner\">\n\t\t\t\t<div class=\"elementor-element elementor-element-e45e369 elementor-widget elementor-widget-text-editor\" data-id=\"e45e369\" data-element_type=\"widget\" data-e-type=\"widget\" data-widget_type=\"text-editor.default\">\n\t\t\t\t\t\t\t\t\t<p>Despu\u00e9s de la destrucci\u00f3n de la naciente ciudad de Santiago de Guatemala en el valle de Almolonga en 1541, las autoridades sobrevivientes comenzaron a buscar otro lugar para establecer la capital del Reino de Guatemala.\u00a0<\/p><p>El gobierno interino recay\u00f3 sobre el obispo Francisco Marroqu\u00edn y de don Francisco de la Cueva \u2014cu\u00f1ado y yerno del fallecido Pedro de Alvarado\u2014, quienes iniciaron las gestiones para el traslado. El sitio elegido fue un valle cercano, conocido por los kaqchikeles como Panc\u00e1n o Panchoy.\u00a0<\/p><p>All\u00ed, rodeada de monta\u00f1as, con el imponente Volc\u00e1n de Agua al sur y el Volc\u00e1n de Fuego al oeste, se trazar\u00eda la nueva ciudad. Se enviaron cartas al virrey y al propio rey Carlos V solicitando autorizaci\u00f3n. En mayo de 1542 lleg\u00f3 Alonso de Maldonado, visitador y gobernador interino, para coordinar la mudanza.<\/p>\t\t\t\t\t\t\t\t<\/div>\n\t\t\t\t\t<\/div>\n\t\t\t\t<\/div>\n\t\t<div data-particle_enable=\"false\" data-particle-mobile-disabled=\"false\" class=\"elementor-element elementor-element-cb5eda7 e-flex e-con-boxed e-con e-parent\" data-id=\"cb5eda7\" data-element_type=\"container\" data-e-type=\"container\">\n\t\t\t\t\t<div class=\"e-con-inner\">\n\t\t\t\t<div class=\"elementor-element elementor-element-573b75c elementor-widget elementor-widget-image\" data-id=\"573b75c\" data-element_type=\"widget\" data-e-type=\"widget\" data-widget_type=\"image.default\">\n\t\t\t\t\t\t\t\t\t\t\t\t<figure class=\"wp-caption\">\n\t\t\t\t\t\t\t\t\t\t<img fetchpriority=\"high\" decoding=\"async\" width=\"1024\" height=\"746\" src=\"https:\/\/soymigrante.com\/revista\/wp-content\/uploads\/2025\/08\/antigua-guatemala-tercera-capital-7-1024x746.jpg\" class=\"attachment-large size-large wp-image-42176\" alt=\"Ancient city of Guatemala with volcano in background, bustling marketplace, colonial architecture, and vibrant community life, illustrating historical and cultural richness.\" srcset=\"https:\/\/soymigrante.com\/revista\/wp-content\/uploads\/2025\/08\/antigua-guatemala-tercera-capital-7-1024x746.jpg 1024w, https:\/\/soymigrante.com\/revista\/wp-content\/uploads\/2025\/08\/antigua-guatemala-tercera-capital-7-300x218.jpg 300w, https:\/\/soymigrante.com\/revista\/wp-content\/uploads\/2025\/08\/antigua-guatemala-tercera-capital-7-768x559.jpg 768w, https:\/\/soymigrante.com\/revista\/wp-content\/uploads\/2025\/08\/antigua-guatemala-tercera-capital-7-120x86.webp 120w, https:\/\/soymigrante.com\/revista\/wp-content\/uploads\/2025\/08\/antigua-guatemala-tercera-capital-7-750x546.webp 750w, https:\/\/soymigrante.com\/revista\/wp-content\/uploads\/2025\/08\/antigua-guatemala-tercera-capital-7-1140x830.webp 1140w, https:\/\/soymigrante.com\/revista\/wp-content\/uploads\/2025\/08\/antigua-guatemala-tercera-capital-7.webp 1280w\" sizes=\"(max-width: 1024px) 100vw, 1024px\" \/>\t\t\t\t\t\t\t\t\t\t\t<figcaption class=\"widget-image-caption wp-caption-text\">Vista de la antigua ciudad de Guatemala con volc\u00e1n en el fondo, mercado animado y arquitectura colonial, reflejando su historia y cultura vibrante.<\/figcaption>\n\t\t\t\t\t\t\t\t\t\t<\/figure>\n\t\t\t\t\t\t\t\t\t<\/div>\n\t\t\t\t\t<\/div>\n\t\t\t\t<\/div>\n\t\t<div data-particle_enable=\"false\" data-particle-mobile-disabled=\"false\" class=\"elementor-element elementor-element-87c30f9 e-flex e-con-boxed e-con e-parent\" data-id=\"87c30f9\" data-element_type=\"container\" data-e-type=\"container\">\n\t\t\t\t\t<div class=\"e-con-inner\">\n\t\t\t\t<div class=\"elementor-element elementor-element-e19d2b7 elementor-widget elementor-widget-heading\" data-id=\"e19d2b7\" data-element_type=\"widget\" data-e-type=\"widget\" data-widget_type=\"heading.default\">\n\t\t\t\t\t<h3 class=\"elementor-heading-title elementor-size-default\">Traslado de Almolonga a Panchoy<\/h3>\t\t\t\t<\/div>\n\t\t\t\t\t<\/div>\n\t\t\t\t<\/div>\n\t\t<div data-particle_enable=\"false\" data-particle-mobile-disabled=\"false\" class=\"elementor-element elementor-element-e1dd3a2 e-flex e-con-boxed e-con e-parent\" data-id=\"e1dd3a2\" data-element_type=\"container\" data-e-type=\"container\">\n\t\t\t\t\t<div class=\"e-con-inner\">\n\t\t\t\t<div class=\"elementor-element elementor-element-5f67899 elementor-widget elementor-widget-text-editor\" data-id=\"5f67899\" data-element_type=\"widget\" data-e-type=\"widget\" data-widget_type=\"text-editor.default\">\n\t\t\t\t\t\t\t\t\t<p>El traslado de pobladores y reparto de solares comenz\u00f3 el 22 de noviembre de 1542, pero la fecha oficial de fundaci\u00f3n se fij\u00f3 el 10 de marzo de 1543, d\u00eda en que el Cabildo celebr\u00f3 su primera sesi\u00f3n en el nuevo asentamiento. En junio de 1543, se proclam\u00f3 su nombre: Santiago de los Caballeros de Guatemala.<\/p><p>Comenz\u00f3 la construcci\u00f3n de edificios p\u00fablicos y el reparto de solares. La traza urbana, atribuida al ingeniero Juan Bautista Antonelli, respond\u00eda a un plan ordenado. Sin embargo, la ubicaci\u00f3n no dejaba de estar en una zona de riesgo volc\u00e1nico y s\u00edsmico.\u00a0\u00a0<\/p>\t\t\t\t\t\t\t\t<\/div>\n\t\t\t\t\t<\/div>\n\t\t\t\t<\/div>\n\t\t<div data-particle_enable=\"false\" data-particle-mobile-disabled=\"false\" class=\"elementor-element elementor-element-3de2e6d e-flex e-con-boxed e-con e-parent\" data-id=\"3de2e6d\" data-element_type=\"container\" data-e-type=\"container\">\n\t\t\t\t\t<div class=\"e-con-inner\">\n\t\t\t\t<div class=\"elementor-element elementor-element-bc2510f elementor-grid-eael-col-1 elementor-grid-tablet-eael-col-2 elementor-grid-mobile-eael-col-1 elementor-invisible elementor-widget elementor-widget-eael-post-grid\" data-id=\"bc2510f\" data-element_type=\"widget\" data-e-type=\"widget\" data-settings=\"{&quot;eael_post_grid_columns&quot;:&quot;eael-col-1&quot;,&quot;_animation&quot;:&quot;rollIn&quot;,&quot;eael_post_grid_columns_tablet&quot;:&quot;eael-col-2&quot;,&quot;eael_post_grid_columns_mobile&quot;:&quot;eael-col-1&quot;}\" data-widget_type=\"eael-post-grid.default\">\n\t\t\t\t\t<div id=\"eael-post-grid-bc2510f\" class=\"eael-post-grid-container\">\n            <div class=\"eael-post-grid eael-post-appender eael-post-appender-bc2510f eael-post-grid-style-one\" data-layout-mode=\"masonry\"><article class=\"eael-grid-post  eael-post-grid-column eael-pg-post-5664 category-arte-cultura-guate-nuestra tags-joyas-de-antigua-guatemala\" data-id=\"5664\">\n        <div class=\"eael-grid-post-holder\">\n            <div class=\"eael-grid-post-holder-inner\"><div class=\"eael-entry-media\"><div class=\"eael-entry-overlay fade-in\"><i class=\"far fa-hand-pointer\" aria-hidden=\"true\"><\/i><a href=\"https:\/\/soymigrante.com\/revista\/joyas-de-antigua-guatemala-7-datos-de-las-ruinas-de-santa-clara\/\"><\/a><\/div><div class=\"eael-entry-thumbnail \">\n                <img decoding=\"async\" width=\"888\" height=\"660\" src=\"https:\/\/soymigrante.com\/revista\/wp-content\/uploads\/2024\/03\/Captura-de-pantalla-2024-03-28-144931.webp\" class=\"attachment-large size-large wp-image-5672\" alt=\"\u00c1ngeles flanquean los lados del atrio interior de Santa Clara. N\u00f3tese el estilo de las columnas a los lados, de tipo serliano. Por eso este frontispicio es una de las mejores muestras del barroco guatemalteco.\" srcset=\"https:\/\/soymigrante.com\/revista\/wp-content\/uploads\/2024\/03\/Captura-de-pantalla-2024-03-28-144931.webp 888w, https:\/\/soymigrante.com\/revista\/wp-content\/uploads\/2024\/03\/Captura-de-pantalla-2024-03-28-144931-300x223.webp 300w, https:\/\/soymigrante.com\/revista\/wp-content\/uploads\/2024\/03\/Captura-de-pantalla-2024-03-28-144931-768x571.webp 768w, https:\/\/soymigrante.com\/revista\/wp-content\/uploads\/2024\/03\/Captura-de-pantalla-2024-03-28-144931-750x557.webp 750w\" sizes=\"(max-width: 888px) 100vw, 888px\" \/>\n            <\/div>\n        <\/div><div class=\"eael-entry-wrapper\"><header class=\"eael-entry-header\"><h2 class=\"eael-entry-title\"><a class=\"eael-grid-post-link\" href=\"https:\/\/soymigrante.com\/revista\/joyas-de-antigua-guatemala-7-datos-de-las-ruinas-de-santa-clara\/\" title=\"Joyas de Antigua Guatemala: 7 datos de las ruinas del convento de Santa Clara\">Joyas de Antigua Guatemala: 7 datos de las ruinas del convento de Santa Clara<\/a><\/h2><\/header><div class=\"eael-entry-content\">\n                        <div class=\"eael-grid-post-excerpt\"><a href=\"https:\/\/soymigrante.com\/revista\/joyas-de-antigua-guatemala-7-datos-de-las-ruinas-de-santa-clara\/\" class=\"eael-post-elements-readmore-btn\">CONOCE SU HISTORIA <\/a><\/div>\n                    <\/div><\/div><\/div>\n        <\/div>\n    <\/article><\/div>\n            <div class=\"clearfix\"><\/div>\n        <\/div>\t\t\t\t<\/div>\n\t\t\t\t\t<\/div>\n\t\t\t\t<\/div>\n\t\t<div data-particle_enable=\"false\" data-particle-mobile-disabled=\"false\" class=\"elementor-element elementor-element-7d04921 e-flex e-con-boxed e-con e-parent\" data-id=\"7d04921\" data-element_type=\"container\" data-e-type=\"container\">\n\t\t\t\t\t<div class=\"e-con-inner\">\n\t\t\t\t<div class=\"elementor-element elementor-element-9499989 elementor-widget elementor-widget-heading\" data-id=\"9499989\" data-element_type=\"widget\" data-e-type=\"widget\" data-widget_type=\"heading.default\">\n\t\t\t\t\t<h3 class=\"elementor-heading-title elementor-size-default\">La Muy Noble y Muy Leal hasta hoy<\/h3>\t\t\t\t<\/div>\n\t\t\t\t\t<\/div>\n\t\t\t\t<\/div>\n\t\t<div data-particle_enable=\"false\" data-particle-mobile-disabled=\"false\" class=\"elementor-element elementor-element-a52ffe3 e-flex e-con-boxed e-con e-parent\" data-id=\"a52ffe3\" data-element_type=\"container\" data-e-type=\"container\">\n\t\t\t\t\t<div class=\"e-con-inner\">\n\t\t\t\t<div class=\"elementor-element elementor-element-b433a20 elementor-widget elementor-widget-text-editor\" data-id=\"b433a20\" data-element_type=\"widget\" data-e-type=\"widget\" data-widget_type=\"text-editor.default\">\n\t\t\t\t\t\t\t\t\t<p>En septiembre de 1543 llegaron las Leyes Nuevas, que prohib\u00edan la esclavitud ind\u00edgena y limitaban las encomiendas, lo que gener\u00f3 gran resistencia entre los conquistadores y encomenderos.\u00a0<\/p><p>A pesar de las tensiones, Santiago de los Caballeros prosper\u00f3 como centro pol\u00edtico, econ\u00f3mico y cultural. En reconocimiento a su importancia, el 10 de junio de 1566 el rey Felipe II le otorg\u00f3 el t\u00edtulo de \u201cMuy Noble y Muy Leal Ciudad de Santiago de los Caballeros de Guatemala\u201d.<\/p>\t\t\t\t\t\t\t\t<\/div>\n\t\t\t\t\t<\/div>\n\t\t\t\t<\/div>\n\t\t<div data-particle_enable=\"false\" data-particle-mobile-disabled=\"false\" class=\"elementor-element elementor-element-a65ba92 e-flex e-con-boxed e-con e-parent\" data-id=\"a65ba92\" data-element_type=\"container\" data-e-type=\"container\">\n\t\t\t\t\t<div class=\"e-con-inner\">\n\t\t\t\t<div class=\"elementor-element elementor-element-5890abd elementor-grid-eael-col-1 elementor-grid-tablet-eael-col-2 elementor-grid-mobile-eael-col-1 elementor-invisible elementor-widget elementor-widget-eael-post-grid\" data-id=\"5890abd\" data-element_type=\"widget\" data-e-type=\"widget\" data-settings=\"{&quot;eael_post_grid_columns&quot;:&quot;eael-col-1&quot;,&quot;_animation&quot;:&quot;rollIn&quot;,&quot;eael_post_grid_columns_tablet&quot;:&quot;eael-col-2&quot;,&quot;eael_post_grid_columns_mobile&quot;:&quot;eael-col-1&quot;}\" data-widget_type=\"eael-post-grid.default\">\n\t\t\t\t\t<div id=\"eael-post-grid-5890abd\" class=\"eael-post-grid-container\">\n            <div class=\"eael-post-grid eael-post-appender eael-post-appender-5890abd eael-post-grid-style-one\" data-layout-mode=\"masonry\"><article class=\"eael-grid-post  eael-post-grid-column eael-pg-post-5538 category-arte-cultura-guate-nuestra tags-joyas-de-antigua-guatemala\" data-id=\"5538\">\n        <div class=\"eael-grid-post-holder\">\n            <div class=\"eael-grid-post-holder-inner\"><div class=\"eael-entry-media\"><div class=\"eael-entry-overlay fade-in\"><i class=\"far fa-hand-pointer\" aria-hidden=\"true\"><\/i><a href=\"https:\/\/soymigrante.com\/revista\/antigua-guatemala-arco-de-santa-catalina-tesoro-colonial-patrimonio\/\"><\/a><\/div><div class=\"eael-entry-thumbnail \">\n                <img decoding=\"async\" width=\"1024\" height=\"760\" src=\"https:\/\/soymigrante.com\/revista\/wp-content\/uploads\/2024\/03\/copia-copia-1024x760.webp\" class=\"attachment-large size-large wp-image-5539\" alt=\"Arco de Santa Catalina cumple 330 a\u00f1os en 2024, se encuentra en Antigua Guatemala, ciudad colonial Patrimonio de la Humanidad.\" srcset=\"https:\/\/soymigrante.com\/revista\/wp-content\/uploads\/2024\/03\/copia-copia-1024x760.webp 1024w, https:\/\/soymigrante.com\/revista\/wp-content\/uploads\/2024\/03\/copia-copia-300x223.webp 300w, https:\/\/soymigrante.com\/revista\/wp-content\/uploads\/2024\/03\/copia-copia-768x570.webp 768w, https:\/\/soymigrante.com\/revista\/wp-content\/uploads\/2024\/03\/copia-copia-750x557.webp 750w, https:\/\/soymigrante.com\/revista\/wp-content\/uploads\/2024\/03\/copia-copia.webp 1048w\" sizes=\"(max-width: 1024px) 100vw, 1024px\" \/>\n            <\/div>\n        <\/div><div class=\"eael-entry-wrapper\"><header class=\"eael-entry-header\"><h2 class=\"eael-entry-title\"><a class=\"eael-grid-post-link\" href=\"https:\/\/soymigrante.com\/revista\/antigua-guatemala-arco-de-santa-catalina-tesoro-colonial-patrimonio\/\" title=\"Joyas de Antigua Guatemala: \u00bfCu\u00e1ndo se construy\u00f3 el ic\u00f3nico Arco de Santa Catalina y por qu\u00e9?\">Joyas de Antigua Guatemala: \u00bfCu\u00e1ndo se construy\u00f3 el ic\u00f3nico Arco de Santa Catalina y por qu\u00e9?<\/a><\/h2><\/header><div class=\"eael-entry-content\">\n                        <div class=\"eael-grid-post-excerpt\"><a href=\"https:\/\/soymigrante.com\/revista\/antigua-guatemala-arco-de-santa-catalina-tesoro-colonial-patrimonio\/\" class=\"eael-post-elements-readmore-btn\">CONOCE SU HISTORIA <\/a><\/div>\n                    <\/div><\/div><\/div>\n        <\/div>\n    <\/article><\/div>\n            <div class=\"clearfix\"><\/div>\n        <\/div>\t\t\t\t<\/div>\n\t\t\t\t\t<\/div>\n\t\t\t\t<\/div>\n\t\t<div data-particle_enable=\"false\" data-particle-mobile-disabled=\"false\" class=\"elementor-element elementor-element-fae7c85 e-flex e-con-boxed e-con e-parent\" data-id=\"fae7c85\" data-element_type=\"container\" data-e-type=\"container\">\n\t\t\t\t\t<div class=\"e-con-inner\">\n\t\t\t\t<div class=\"elementor-element elementor-element-c0c6e3c elementor-widget elementor-widget-heading\" data-id=\"c0c6e3c\" data-element_type=\"widget\" data-e-type=\"widget\" data-widget_type=\"heading.default\">\n\t\t\t\t\t<h3 class=\"elementor-heading-title elementor-size-default\">Cronolog\u00eda de terremotos<\/h3>\t\t\t\t<\/div>\n\t\t\t\t\t<\/div>\n\t\t\t\t<\/div>\n\t\t<div data-particle_enable=\"false\" data-particle-mobile-disabled=\"false\" class=\"elementor-element elementor-element-1bcfae4 e-flex e-con-boxed e-con e-parent\" data-id=\"1bcfae4\" data-element_type=\"container\" data-e-type=\"container\">\n\t\t\t\t\t<div class=\"e-con-inner\">\n\t\t\t\t<div class=\"elementor-element elementor-element-eb00aad elementor-widget elementor-widget-text-editor\" data-id=\"eb00aad\" data-element_type=\"widget\" data-e-type=\"widget\" data-widget_type=\"text-editor.default\">\n\t\t\t\t\t\t\t\t\t<p>Desde su fundaci\u00f3n, la ciudad enfrent\u00f3 una sucesi\u00f3n de desastres naturales que pusieron a prueba su resistencia y la tenacidad de sus habitantes. Una y otra vez hubo da\u00f1os y destrucci\u00f3n, as\u00ed como reconstrucci\u00f3n.\u00a0<\/p><p>Por eso la mayor parte de la hoy ciudad de Antigua Guatemala tiene edificios del siglo 17 y 18.\u00a0\u00a0<\/p><ul><li><b>1565\u00a0<\/b> Terremoto que da\u00f1\u00f3 la mayor\u00eda de edificios.<\/li><li><b>1575, 1576, 1577 y 1585\u00a0<\/b> Repetidos sismos de diversa intensidad.<\/li><li><b>1581-1582\u00a0<\/b> Erupci\u00f3n del Volc\u00e1n de Fuego, con expulsi\u00f3n de lava durante 24 horas.<\/li><li><b>1586<\/b> Terremoto de gran fuerza que dej\u00f3 severos da\u00f1os.<\/li><li><b>1717<\/b> Terremoto extremadamente destructivo que derrib\u00f3 muchos de los edificios.<\/li><li><b>1751<\/b> Terremoto\u00a0 que oblig\u00f3 a reconstruir gran parte de la ciudad.<\/li><li><b>1773\u00a0<\/b> El 29 de julio comienzan los terremotos de Santa Marta, que arrasaron la ciudad y motivaron el traslado al valle de la Ermita, donde hoy se levanta la Ciudad de Guatemala (desde 1776).<\/li><\/ul>\t\t\t\t\t\t\t\t<\/div>\n\t\t\t\t\t<\/div>\n\t\t\t\t<\/div>\n\t\t<div data-particle_enable=\"false\" data-particle-mobile-disabled=\"false\" class=\"elementor-element elementor-element-c938197 e-flex e-con-boxed e-con e-parent\" data-id=\"c938197\" data-element_type=\"container\" data-e-type=\"container\">\n\t\t\t\t\t<div class=\"e-con-inner\">\n\t\t\t\t<div class=\"elementor-element elementor-element-6eaaf7a elementor-widget elementor-widget-html\" data-id=\"6eaaf7a\" data-element_type=\"widget\" data-e-type=\"widget\" data-widget_type=\"html.default\">\n\t\t\t\t\t<iframe width=\"560\" height=\"315\" src=\"https:\/\/www.youtube.com\/embed\/lGg1jqXWC8A?si=iWU-6vnTWXVA85U_\" title=\"YouTube video player\" frameborder=\"0\" allow=\"accelerometer; autoplay; clipboard-write; encrypted-media; gyroscope; picture-in-picture; web-share\" referrerpolicy=\"strict-origin-when-cross-origin\" allowfullscreen><\/iframe>\t\t\t\t<\/div>\n\t\t\t\t\t<\/div>\n\t\t\t\t<\/div>\n\t\t<div data-particle_enable=\"false\" data-particle-mobile-disabled=\"false\" class=\"elementor-element elementor-element-9af27e8 e-flex e-con-boxed e-con e-parent\" data-id=\"9af27e8\" data-element_type=\"container\" data-e-type=\"container\">\n\t\t\t\t\t<div class=\"e-con-inner\">\n\t\t\t\t<div class=\"elementor-element elementor-element-35937e2 elementor-widget elementor-widget-heading\" data-id=\"35937e2\" data-element_type=\"widget\" data-e-type=\"widget\" data-widget_type=\"heading.default\">\n\t\t\t\t\t<h3 class=\"elementor-heading-title elementor-size-default\">Y tambi\u00e9n hubo epidemias<\/h3>\t\t\t\t<\/div>\n\t\t\t\t\t<\/div>\n\t\t\t\t<\/div>\n\t\t<div data-particle_enable=\"false\" data-particle-mobile-disabled=\"false\" class=\"elementor-element elementor-element-e7e89f1 e-flex e-con-boxed e-con e-parent\" data-id=\"e7e89f1\" data-element_type=\"container\" data-e-type=\"container\">\n\t\t\t\t\t<div class=\"e-con-inner\">\n\t\t\t\t<div class=\"elementor-element elementor-element-2d05639 elementor-widget elementor-widget-text-editor\" data-id=\"2d05639\" data-element_type=\"widget\" data-e-type=\"widget\" data-widget_type=\"text-editor.default\">\n\t\t\t\t\t\t\t\t\t<p>A lo largo de 230 a\u00f1os en el Valle de Panchoy, la capital de Santiago de los Caballeros y los pueblos a sus alrededores (que prove\u00edan de verduras, carne, textiles, cueros y otros accesorios) sufrieron otras calamidades, como las epidemias, que a veces surg\u00edan posterior a los terremotos&nbsp;<\/p>\n<ul>\n<li><b>1576\u201377:<\/b> Brote de neumon\u00eda y viruela. Gran mortalidad entre ind\u00edgenas y ni\u00f1os.<\/li>\n<li><b>1582:<\/b> Peste bub\u00f3nica, transmitida por ratas.<\/li>\n<li><b>1601:<\/b> Muchos casos de difteria.<\/li>\n<li><b>1710\u201312:<\/b> Epidemia de rabia propagada por perros.<\/li>\n<li><b>1723\u201325:<\/b> Mort\u00edfera plaga de viruela; se organiz\u00f3 una procesi\u00f3n de rogativa liderada por la Virgen del Socorro.<\/li>\n<li><b>1728:<\/b> Brote de sarampi\u00f3n.<\/li>\n<li><b>1733:<\/b> Otro episodio de viruela que dej\u00f3 alrededor de 1 500 muertos; se realiz\u00f3 una rogativa de Jes\u00fas de Candelaria.<\/li>\n<li><b>1741: <\/b>Se propag\u00f3 tabardillo (tifus), transmitido por pulgas.<\/li>\n<li><b>1769<\/b>: Nuevo brote de sarampi\u00f3n.&nbsp;<\/li>\n<\/ul>\t\t\t\t\t\t\t\t<\/div>\n\t\t\t\t\t<\/div>\n\t\t\t\t<\/div>\n\t\t<div data-particle_enable=\"false\" data-particle-mobile-disabled=\"false\" class=\"elementor-element elementor-element-ce5022d e-flex e-con-boxed e-con e-parent\" data-id=\"ce5022d\" data-element_type=\"container\" data-e-type=\"container\">\n\t\t\t\t\t<div class=\"e-con-inner\">\n\t\t\t\t<div class=\"elementor-element elementor-element-f0dd71d elementor-widget elementor-widget-image\" data-id=\"f0dd71d\" data-element_type=\"widget\" data-e-type=\"widget\" data-widget_type=\"image.default\">\n\t\t\t\t\t\t\t\t\t\t\t\t<figure class=\"wp-caption\">\n\t\t\t\t\t\t\t\t\t\t<img loading=\"lazy\" decoding=\"async\" width=\"815\" height=\"781\" src=\"https:\/\/soymigrante.com\/revista\/wp-content\/uploads\/2025\/08\/antigua-guatemala-tercera-capital-5.webp\" class=\"attachment-large size-large wp-image-42178\" alt=\"Ruinas de la antigua Guatemala, imagen en dibujo de Alberto G. Valdeavellano mostrando restos arquitect\u00f3nicos hist\u00f3ricos.\" srcset=\"https:\/\/soymigrante.com\/revista\/wp-content\/uploads\/2025\/08\/antigua-guatemala-tercera-capital-5.webp 815w, https:\/\/soymigrante.com\/revista\/wp-content\/uploads\/2025\/08\/antigua-guatemala-tercera-capital-5-300x287.jpg 300w, https:\/\/soymigrante.com\/revista\/wp-content\/uploads\/2025\/08\/antigua-guatemala-tercera-capital-5-768x736.jpg 768w, https:\/\/soymigrante.com\/revista\/wp-content\/uploads\/2025\/08\/antigua-guatemala-tercera-capital-5-750x719.webp 750w\" sizes=\"(max-width: 815px) 100vw, 815px\" \/>\t\t\t\t\t\t\t\t\t\t\t<figcaption class=\"widget-image-caption wp-caption-text\">Paisaje de las ruinas de la antig\u00fcedad en Guatemala, ilustraci\u00f3n de Alberto G. Valdeavellano con detalles de edificios en ruinas.<\/figcaption>\n\t\t\t\t\t\t\t\t\t\t<\/figure>\n\t\t\t\t\t\t\t\t\t<\/div>\n\t\t\t\t\t<\/div>\n\t\t\t\t<\/div>\n\t\t<div data-particle_enable=\"false\" data-particle-mobile-disabled=\"false\" class=\"elementor-element elementor-element-feae1fe e-flex e-con-boxed e-con e-parent\" data-id=\"feae1fe\" data-element_type=\"container\" data-e-type=\"container\">\n\t\t\t\t\t<div class=\"e-con-inner\">\n\t\t\t\t<div class=\"elementor-element elementor-element-7d61285 elementor-widget elementor-widget-heading\" data-id=\"7d61285\" data-element_type=\"widget\" data-e-type=\"widget\" data-widget_type=\"heading.default\">\n\t\t\t\t\t<h2 class=\"elementor-heading-title elementor-size-default\">M\u00e1s tesoros coloniales guatemaltecos <\/h2>\t\t\t\t<\/div>\n\t\t\t\t\t<\/div>\n\t\t\t\t<\/div>\n\t\t<div data-particle_enable=\"false\" data-particle-mobile-disabled=\"false\" class=\"elementor-element elementor-element-63c4945 e-flex e-con-boxed e-con e-parent\" data-id=\"63c4945\" data-element_type=\"container\" data-e-type=\"container\">\n\t\t\t\t\t<div class=\"e-con-inner\">\n\t\t\t\t<div class=\"elementor-element elementor-element-96fa39e elementor-grid-eael-col-3 elementor-grid-tablet-eael-col-2 elementor-grid-mobile-eael-col-1 elementor-invisible elementor-widget elementor-widget-eael-post-grid\" data-id=\"96fa39e\" data-element_type=\"widget\" data-e-type=\"widget\" data-settings=\"{&quot;eael_post_grid_columns&quot;:&quot;eael-col-3&quot;,&quot;_animation&quot;:&quot;rollIn&quot;,&quot;eael_post_grid_columns_tablet&quot;:&quot;eael-col-2&quot;,&quot;eael_post_grid_columns_mobile&quot;:&quot;eael-col-1&quot;}\" data-widget_type=\"eael-post-grid.default\">\n\t\t\t\t\t<div id=\"eael-post-grid-96fa39e\" class=\"eael-post-grid-container\">\n            <div class=\"eael-post-grid eael-post-appender eael-post-appender-96fa39e eael-post-grid-style-one\" data-layout-mode=\"masonry\"><article class=\"eael-grid-post  eael-post-grid-column eael-pg-post-5968 category-guate-nuestra\" data-id=\"5968\">\n        <div class=\"eael-grid-post-holder\">\n            <div class=\"eael-grid-post-holder-inner\"><div class=\"eael-entry-media\"><div class=\"eael-entry-overlay fade-in\"><i class=\"far fa-hand-pointer\" aria-hidden=\"true\"><\/i><a href=\"https:\/\/soymigrante.com\/revista\/joyas-de-guatemala-la-colorida-iglesia-de-san-andres-xecul\/\"><\/a><\/div><div class=\"eael-entry-thumbnail \">\n                <img loading=\"lazy\" decoding=\"async\" width=\"1024\" height=\"504\" src=\"https:\/\/soymigrante.com\/revista\/wp-content\/uploads\/2024\/04\/Iglesia-de-San-Andres-Xecul-Totonicapan-fue-edificada-a-finales-del-siglo-XVIII-1024x504.webp\" class=\"attachment-large size-large wp-image-5970\" alt=\"Columna decorada y altar de fiesta patronal en un festival tradicional mexicano, con banderines y elementos culturales, reflejando celebraci\u00f3n y cultura popular.\" srcset=\"https:\/\/soymigrante.com\/revista\/wp-content\/uploads\/2024\/04\/Iglesia-de-San-Andres-Xecul-Totonicapan-fue-edificada-a-finales-del-siglo-XVIII-1024x504.webp 1024w, https:\/\/soymigrante.com\/revista\/wp-content\/uploads\/2024\/04\/Iglesia-de-San-Andres-Xecul-Totonicapan-fue-edificada-a-finales-del-siglo-XVIII-300x148.webp 300w, https:\/\/soymigrante.com\/revista\/wp-content\/uploads\/2024\/04\/Iglesia-de-San-Andres-Xecul-Totonicapan-fue-edificada-a-finales-del-siglo-XVIII-768x378.webp 768w, https:\/\/soymigrante.com\/revista\/wp-content\/uploads\/2024\/04\/Iglesia-de-San-Andres-Xecul-Totonicapan-fue-edificada-a-finales-del-siglo-XVIII-750x369.webp 750w, https:\/\/soymigrante.com\/revista\/wp-content\/uploads\/2024\/04\/Iglesia-de-San-Andres-Xecul-Totonicapan-fue-edificada-a-finales-del-siglo-XVIII-1140x561.webp 1140w, https:\/\/soymigrante.com\/revista\/wp-content\/uploads\/2024\/04\/Iglesia-de-San-Andres-Xecul-Totonicapan-fue-edificada-a-finales-del-siglo-XVIII.webp 1440w\" sizes=\"(max-width: 1024px) 100vw, 1024px\" \/>\n            <\/div>\n        <\/div><div class=\"eael-entry-wrapper\"><header class=\"eael-entry-header\"><h2 class=\"eael-entry-title\"><a class=\"eael-grid-post-link\" href=\"https:\/\/soymigrante.com\/revista\/joyas-de-guatemala-la-colorida-iglesia-de-san-andres-xecul\/\" title=\"Joyas de Guatemala:  la colorida iglesia de San Andr\u00e9s Xecul\">Joyas de Guatemala:  la colorida iglesia de San Andr\u00e9s Xecul<\/a><\/h2><\/header><div class=\"eael-entry-content\">\n                        <div class=\"eael-grid-post-excerpt\"><a href=\"https:\/\/soymigrante.com\/revista\/joyas-de-guatemala-la-colorida-iglesia-de-san-andres-xecul\/\" class=\"eael-post-elements-readmore-btn\">CONOCE SU HISTORIA <\/a><\/div>\n                    <\/div><\/div><\/div>\n        <\/div>\n    <\/article><article class=\"eael-grid-post  eael-post-grid-column eael-pg-post-40651 category-guate-nuestra\" data-id=\"40651\">\n        <div class=\"eael-grid-post-holder\">\n            <div class=\"eael-grid-post-holder-inner\"><div class=\"eael-entry-media\"><div class=\"eael-entry-overlay fade-in\"><i class=\"far fa-hand-pointer\" aria-hidden=\"true\"><\/i><a href=\"https:\/\/soymigrante.com\/revista\/la-iglesia-colonial-de-san-cristobal-totonicapan-es-una-joya-de-fe-y-cultura\/\"><\/a><\/div><div class=\"eael-entry-thumbnail \">\n                <img loading=\"lazy\" decoding=\"async\" width=\"1024\" height=\"768\" src=\"https:\/\/soymigrante.com\/revista\/wp-content\/uploads\/2025\/07\/iglesia-colonial-de-San-Cristobal-Totonicapan1-1024x768.jpeg\" class=\"attachment-large size-large wp-image-40652\" alt=\"Cielo con nubes y banderines de celebraci\u00f3n en una plaza, vista desde abajo, en un d\u00eda soleado y despejado.\" srcset=\"https:\/\/soymigrante.com\/revista\/wp-content\/uploads\/2025\/07\/iglesia-colonial-de-San-Cristobal-Totonicapan1-1024x768.jpeg 1024w, https:\/\/soymigrante.com\/revista\/wp-content\/uploads\/2025\/07\/iglesia-colonial-de-San-Cristobal-Totonicapan1-300x225.jpeg 300w, https:\/\/soymigrante.com\/revista\/wp-content\/uploads\/2025\/07\/iglesia-colonial-de-San-Cristobal-Totonicapan1-768x576.jpeg 768w, https:\/\/soymigrante.com\/revista\/wp-content\/uploads\/2025\/07\/iglesia-colonial-de-San-Cristobal-Totonicapan1-750x563.webp 750w, https:\/\/soymigrante.com\/revista\/wp-content\/uploads\/2025\/07\/iglesia-colonial-de-San-Cristobal-Totonicapan1-1140x855.webp 1140w, https:\/\/soymigrante.com\/revista\/wp-content\/uploads\/2025\/07\/iglesia-colonial-de-San-Cristobal-Totonicapan1.webp 1280w\" sizes=\"(max-width: 1024px) 100vw, 1024px\" \/>\n            <\/div>\n        <\/div><div class=\"eael-entry-wrapper\"><header class=\"eael-entry-header\"><h2 class=\"eael-entry-title\"><a class=\"eael-grid-post-link\" href=\"https:\/\/soymigrante.com\/revista\/la-iglesia-colonial-de-san-cristobal-totonicapan-es-una-joya-de-fe-y-cultura\/\" title=\"La iglesia colonial de San Crist\u00f3bal Totonicap\u00e1n es una joya de fe y cultura\">La iglesia colonial de San Crist\u00f3bal Totonicap\u00e1n es una joya de fe y cultura<\/a><\/h2><\/header><div class=\"eael-entry-content\">\n                        <div class=\"eael-grid-post-excerpt\"><a href=\"https:\/\/soymigrante.com\/revista\/la-iglesia-colonial-de-san-cristobal-totonicapan-es-una-joya-de-fe-y-cultura\/\" class=\"eael-post-elements-readmore-btn\">CONOCE SU HISTORIA <\/a><\/div>\n                    <\/div><\/div><\/div>\n        <\/div>\n    <\/article><article class=\"eael-grid-post  eael-post-grid-column eael-pg-post-32971 category-guate-nuestra\" data-id=\"32971\">\n        <div class=\"eael-grid-post-holder\">\n            <div class=\"eael-grid-post-holder-inner\"><div class=\"eael-entry-media\"><div class=\"eael-entry-overlay fade-in\"><i class=\"far fa-hand-pointer\" aria-hidden=\"true\"><\/i><a href=\"https:\/\/soymigrante.com\/revista\/pueblos-alrededor-de-antigua-guatemala-historia-patrimonio-y-encanto-colonial\/\"><\/a><\/div><div class=\"eael-entry-thumbnail \">\n                <img loading=\"lazy\" decoding=\"async\" width=\"1024\" height=\"767\" src=\"https:\/\/soymigrante.com\/revista\/wp-content\/uploads\/2025\/05\/antigua-guatemala-e1746751289141.webp\" class=\"attachment-large size-large wp-image-32972\" alt=\"Volc\u00e1n de Agua y paisaje urbano de Antigua Guatemala, vista panor\u00e1mica con iglesias coloniales, s\u00edmbolo de historia y cultura, en un entorno de belleza natural y arquitectura colonial, patrimonio de Guatemala.\" \/>\n            <\/div>\n        <\/div><div class=\"eael-entry-wrapper\"><header class=\"eael-entry-header\"><h2 class=\"eael-entry-title\"><a class=\"eael-grid-post-link\" href=\"https:\/\/soymigrante.com\/revista\/pueblos-alrededor-de-antigua-guatemala-historia-patrimonio-y-encanto-colonial\/\" title=\"Pueblos alrededor de Antigua Guatemala: Historia, patrimonio y encanto colonial\">Pueblos alrededor de Antigua Guatemala: Historia, patrimonio y encanto colonial<\/a><\/h2><\/header><div class=\"eael-entry-content\">\n                        <div class=\"eael-grid-post-excerpt\"><a href=\"https:\/\/soymigrante.com\/revista\/pueblos-alrededor-de-antigua-guatemala-historia-patrimonio-y-encanto-colonial\/\" class=\"eael-post-elements-readmore-btn\">CONOCE SU HISTORIA <\/a><\/div>\n                    <\/div><\/div><\/div>\n        <\/div>\n    <\/article><\/div>\n            <div class=\"clearfix\"><\/div>\n        <\/div>\t\t\t\t<\/div>\n\t\t\t\t\t<\/div>\n\t\t\t\t<\/div>\n\t\t\t\t<\/div>\n\t\t","protected":false},"excerpt":{"rendered":"<p>Despu\u00e9s de estar en Iximch\u00e9 y en el valle de Almolonga, la capital de Guatemala tiene un tercer sitio de asentamiento en el Valle de Panchoy, hoy Antigua Guatemala, donde estuvo de 1543 a 1773. Despu\u00e9s de la destrucci\u00f3n de la naciente ciudad de Santiago de Guatemala en el valle de Almolonga en 1541, las [&hellip;]<\/p>\n","protected":false},"author":7,"featured_media":42173,"comment_status":"open","ping_status":"open","sticky":false,"template":"","format":"standard","meta":{"_acf_changed":false,"_eb_attr":"","footnotes":""},"categories":[58],"tags":[258],"class_list":["post-42172","post","type-post","status-publish","format-standard","has-post-thumbnail","hentry","category-guate-nuestra","tag-capitales-de-guatemala"],"acf":[],"aioseo_notices":[],"aioseo_head":"\n\t\t<!-- All in One SEO Pro 4.9.6.2 - aioseo.com -->\n\t<meta name=\"description\" content=\"Los pueblos alrededor de Antigua Guatemala, est\u00e1n cargados e historia, patrimonio y encanto.\" \/>\n\t<meta name=\"robots\" content=\"max-snippet:-1, max-image-preview:large, max-video-preview:-1\" \/>\n\t<meta name=\"author\" content=\"Marysabel Aldana\"\/>\n\t<link rel=\"canonical\" href=\"https:\/\/soymigrante.com\/revista\/pueblos-alrededor-de-antigua-guatemala-historia-patrimonio-y-encanto-colonial\/\" \/>\n\t<meta name=\"generator\" content=\"All in One SEO Pro (AIOSEO) 4.9.6.2\" \/>\n\n\t\t<link rel=\"preconnect\" href=\"https:\/\/fonts.googleapis.com\" crossorigin>\n<link rel=\"preconnect\" href=\"https:\/\/fonts.gstatic.com\" crossorigin>\n\t\t<meta property=\"og:locale\" content=\"es_ES\" \/>\n\t\t<meta property=\"og:site_name\" content=\"SoyMigrante.com REVISTA \u2013 Nuestra misi\u00f3n es reconocer y dignificar al migrante.\" \/>\n\t\t<meta property=\"og:type\" content=\"article\" \/>\n\t\t<meta property=\"og:title\" content=\"Pueblos alrededor de Antigua Guatemala: Historia, patrimonio y encanto colonial\" \/>\n\t\t<meta property=\"og:description\" content=\"Los pueblos alrededor de Antigua Guatemala, est\u00e1n cargados e historia, patrimonio y encanto.\" \/>\n\t\t<meta property=\"og:url\" content=\"https:\/\/soymigrante.com\/revista\/pueblos-alrededor-de-antigua-guatemala-historia-patrimonio-y-encanto-colonial\/\" \/>\n\t\t<meta property=\"og:image\" content=\"https:\/\/soymigrante.com\/revista\/wp-content\/uploads\/2025\/05\/antigua-guatemala-e1746751289141.webp\" \/>\n\t\t<meta property=\"og:image:secure_url\" content=\"https:\/\/soymigrante.com\/revista\/wp-content\/uploads\/2025\/05\/antigua-guatemala-e1746751289141.webp\" \/>\n\t\t<meta property=\"og:image:width\" content=\"1024\" \/>\n\t\t<meta property=\"og:image:height\" content=\"767\" \/>\n\t\t<meta property=\"article:published_time\" content=\"2025-05-12T12:42:52+00:00\" \/>\n\t\t<meta property=\"article:modified_time\" content=\"2025-05-12T12:42:55+00:00\" \/>\n\t\t<meta property=\"article:publisher\" content=\"https:\/\/www.facebook.com\/soymigrantecom\" \/>\n\t\t<meta name=\"twitter:card\" content=\"summary_large_image\" \/>\n\t\t<meta name=\"twitter:site\" content=\"@SoyMigrante_com\" \/>\n\t\t<meta name=\"twitter:title\" content=\"Pueblos alrededor de Antigua Guatemala: Historia, patrimonio y encanto colonial\" \/>\n\t\t<meta name=\"twitter:description\" content=\"Los pueblos alrededor de Antigua Guatemala, est\u00e1n cargados e historia, patrimonio y encanto.\" \/>\n\t\t<meta name=\"twitter:creator\" content=\"@SoyMigrante_com\" \/>\n\t\t<meta name=\"twitter:image\" content=\"https:\/\/soymigrante.com\/revista\/wp-content\/uploads\/2025\/05\/antigua-guatemala-e1746751289141.webp\" \/>\n\t\t<!-- All in One SEO Pro -->\r\n\t\t<title>Pueblos alrededor de Antigua Guatemala: Historia, patrimonio y encanto colonial<\/title>\n\n","aioseo_head_json":{"title":"Pueblos alrededor de Antigua Guatemala: Historia, patrimonio y encanto colonial","description":"Los pueblos alrededor de Antigua Guatemala, est\u00e1n cargados e historia, patrimonio y encanto.","canonical_url":"https:\/\/soymigrante.com\/revista\/pueblos-alrededor-de-antigua-guatemala-historia-patrimonio-y-encanto-colonial\/","robots":"max-snippet:-1, max-image-preview:large, max-video-preview:-1","keywords":"","webmasterTools":{"miscellaneous":"&lt;link rel=\"preconnect\" href=\"https:\/\/fonts.googleapis.com\" crossorigin&gt;\n&lt;link rel=\"preconnect\" href=\"https:\/\/fonts.gstatic.com\" crossorigin&gt;"},"schema":null,"og:locale":"es_ES","og:site_name":"SoyMigrante.com REVISTA \u2013 Nuestra misi\u00f3n es reconocer y dignificar al migrante.","og:type":"article","og:title":"Pueblos alrededor de Antigua Guatemala: Historia, patrimonio y encanto colonial","og:description":"Los pueblos alrededor de Antigua Guatemala, est\u00e1n cargados e historia, patrimonio y encanto.","og:url":"https:\/\/soymigrante.com\/revista\/pueblos-alrededor-de-antigua-guatemala-historia-patrimonio-y-encanto-colonial\/","og:image":"https:\/\/soymigrante.com\/revista\/wp-content\/uploads\/2025\/05\/antigua-guatemala-e1746751289141.webp","og:image:secure_url":"https:\/\/soymigrante.com\/revista\/wp-content\/uploads\/2025\/05\/antigua-guatemala-e1746751289141.webp","og:image:width":1024,"og:image:height":767,"article:published_time":"2025-05-12T12:42:52+00:00","article:modified_time":"2025-05-12T12:42:55+00:00","article:publisher":"https:\/\/www.facebook.com\/soymigrantecom","twitter:card":"summary_large_image","twitter:site":"@SoyMigrante_com","twitter:title":"Pueblos alrededor de Antigua Guatemala: Historia, patrimonio y encanto colonial","twitter:description":"Los pueblos alrededor de Antigua Guatemala, est\u00e1n cargados e historia, patrimonio y encanto.","twitter:creator":"@SoyMigrante_com","twitter:image":"https:\/\/soymigrante.com\/revista\/wp-content\/uploads\/2025\/05\/antigua-guatemala-e1746751289141.webp"},"aioseo_meta_data":{"post_id":"42172","title":"Capital en Antigua Guatemala desaf\u00edo terremotos por 230 a\u00f1os","description":"Tercera ubicaci\u00f3n de la capital de Guatemala estuvo en el Valle de Panchoy: La Muy Noble y Muy Leal ciuudad de Santiago de los Caballeros de Guatemala.","keywords":null,"keyphrases":{"focus":{"keyphrase":"Antigua Guatemala","score":82,"analysis":{"keyphraseInTitle":{"score":9,"maxScore":9,"error":0},"keyphraseInDescription":{"score":3,"maxScore":9,"error":1},"keyphraseLength":{"score":9,"maxScore":9,"error":0,"length":2},"keyphraseInURL":{"score":5,"maxScore":5,"error":0},"keyphraseInIntroduction":{"score":3,"maxScore":9,"error":1},"keyphraseInSubHeadings":{"score":9,"maxScore":9,"error":0},"keyphraseInImageAlt":{"score":9,"maxScore":9,"error":0},"keywordDensity":{"type":"best","score":9,"maxScore":9,"error":0}}},"additional":[{"keyphrase":"capital","score":67,"analysis":{"keyphraseInDescription":{"score":9,"maxScore":9,"error":0},"keyphraseLength":{"score":9,"maxScore":9,"error":0,"length":1},"keyphraseInIntroduction":{"score":9,"maxScore":9,"error":0},"keyphraseInImageAlt":{"score":3,"maxScore":9,"error":1},"keywordDensity":{"score":0,"type":"low","maxScore":9,"error":1}}},{"keyphrase":"Guatemala","score":100,"analysis":{"keyphraseInDescription":{"score":9,"maxScore":9,"error":0},"keyphraseLength":{"score":9,"maxScore":9,"error":0,"length":1},"keyphraseInIntroduction":{"score":9,"maxScore":9,"error":0},"keyphraseInImageAlt":{"score":9,"maxScore":9,"error":0},"keywordDensity":{"type":"best","score":9,"maxScore":9,"error":0}}}]},"primary_term":null,"canonical_url":null,"og_title":null,"og_description":null,"og_object_type":"default","og_image_type":"default","og_image_url":null,"og_image_width":null,"og_image_height":null,"og_image_custom_url":null,"og_image_custom_fields":null,"og_video":"","og_custom_url":null,"og_article_section":null,"og_article_tags":null,"twitter_use_og":false,"twitter_card":"default","twitter_image_type":"default","twitter_image_url":null,"twitter_image_custom_url":null,"twitter_image_custom_fields":null,"twitter_title":null,"twitter_description":null,"schema":{"blockGraphs":[],"customGraphs":[],"default":{"data":{"Article":[],"Course":[],"Dataset":[],"FAQPage":[],"Movie":[],"Person":[],"Product":[],"ProductReview":[],"Car":[],"Recipe":[],"Service":[],"SoftwareApplication":[],"WebPage":[]},"graphName":"none","isEnabled":true},"graphs":[]},"schema_type":"default","schema_type_options":null,"pillar_content":false,"robots_default":true,"robots_noindex":false,"robots_noarchive":false,"robots_nosnippet":false,"robots_nofollow":false,"robots_noimageindex":false,"robots_noodp":false,"robots_notranslate":false,"robots_max_snippet":"-1","robots_max_videopreview":"-1","robots_max_imagepreview":"large","priority":null,"frequency":"default","local_seo":null,"seo_analyzer_scan_date":"2025-10-09 07:44:25","breadcrumb_settings":null,"limit_modified_date":false,"reviewed_by":"0","open_ai":null,"ai":{"faqs":[],"keyPoints":[],"titles":[],"descriptions":[],"socialPosts":{"email":[],"linkedin":[],"twitter":[],"facebook":[],"instagram":[]}},"created":"2025-08-15 17:15:19","updated":"2026-02-05 04:19:37"},"aioseo_breadcrumb":"<div class=\"aioseo-breadcrumbs\"><span class=\"aioseo-breadcrumb\">\n\t<a href=\"https:\/\/soymigrante.com\/revista\" title=\"Home\">Home<\/a>\n<\/span><span class=\"aioseo-breadcrumb-separator\">\u00bb<\/span><span class=\"aioseo-breadcrumb\">\n\t<a href=\"https:\/\/soymigrante.com\/revista\/category\/guate-nuestra\/\" title=\"Guate Nuestra\">Guate Nuestra<\/a>\n<\/span><span class=\"aioseo-breadcrumb-separator\">\u00bb<\/span><span class=\"aioseo-breadcrumb\">\n\tCapital estuvo 230 a\u00f1os en el Valle de Panchoy, ahora Antigua Guatemala\n<\/span><\/div>","aioseo_breadcrumb_json":[{"label":"Home","link":"https:\/\/soymigrante.com\/revista"},{"label":"Guate Nuestra","link":"https:\/\/soymigrante.com\/revista\/category\/guate-nuestra\/"},{"label":"Capital estuvo 230 a\u00f1os en el Valle de Panchoy, ahora Antigua Guatemala","link":"https:\/\/soymigrante.com\/revista\/capital-estuvo-230-anos-en-antigua-guatemala-desafiando-terremotos\/"}],"_links":{"self":[{"href":"https:\/\/soymigrante.com\/revista\/wp-json\/wp\/v2\/posts\/42172","targetHints":{"allow":["GET"]}}],"collection":[{"href":"https:\/\/soymigrante.com\/revista\/wp-json\/wp\/v2\/posts"}],"about":[{"href":"https:\/\/soymigrante.com\/revista\/wp-json\/wp\/v2\/types\/post"}],"author":[{"embeddable":true,"href":"https:\/\/soymigrante.com\/revista\/wp-json\/wp\/v2\/users\/7"}],"replies":[{"embeddable":true,"href":"https:\/\/soymigrante.com\/revista\/wp-json\/wp\/v2\/comments?post=42172"}],"version-history":[{"count":14,"href":"https:\/\/soymigrante.com\/revista\/wp-json\/wp\/v2\/posts\/42172\/revisions"}],"predecessor-version":[{"id":42189,"href":"https:\/\/soymigrante.com\/revista\/wp-json\/wp\/v2\/posts\/42172\/revisions\/42189"}],"wp:featuredmedia":[{"embeddable":true,"href":"https:\/\/soymigrante.com\/revista\/wp-json\/wp\/v2\/media\/42173"}],"wp:attachment":[{"href":"https:\/\/soymigrante.com\/revista\/wp-json\/wp\/v2\/media?parent=42172"}],"wp:term":[{"taxonomy":"category","embeddable":true,"href":"https:\/\/soymigrante.com\/revista\/wp-json\/wp\/v2\/categories?post=42172"},{"taxonomy":"post_tag","embeddable":true,"href":"https:\/\/soymigrante.com\/revista\/wp-json\/wp\/v2\/tags?post=42172"}],"curies":[{"name":"wp","href":"https:\/\/api.w.org\/{rel}","templated":true}]}}