{"id":4215,"date":"2024-01-04T13:47:34","date_gmt":"2024-01-04T19:47:34","guid":{"rendered":"https:\/\/soymigrante.com\/revista\/?p=4215"},"modified":"2024-11-01T14:35:18","modified_gmt":"2024-11-01T20:35:18","slug":"karina-onofre-migrante-emprendedora-guatemalteca-nueva-york","status":"publish","type":"post","link":"https:\/\/soymigrante.com\/revista\/karina-onofre-migrante-emprendedora-guatemalteca-nueva-york\/","title":{"rendered":"Brilla en NY la energ\u00eda festiva y laboriosa de la migrante Karina Onofre"},"content":{"rendered":"\t\t<div data-elementor-type=\"wp-post\" data-elementor-id=\"4215\" class=\"elementor elementor-4215\" data-elementor-post-type=\"post\">\n\t\t\t\t\t\t<section data-particle_enable=\"false\" data-particle-mobile-disabled=\"false\" class=\"elementor-section elementor-top-section elementor-element elementor-element-c80a18e elementor-section-boxed elementor-section-height-default elementor-section-height-default\" data-id=\"c80a18e\" data-element_type=\"section\" data-e-type=\"section\">\n\t\t\t\t\t\t<div class=\"elementor-container elementor-column-gap-default\">\n\t\t\t\t\t<div class=\"elementor-column elementor-col-100 elementor-top-column elementor-element elementor-element-b05de75\" data-id=\"b05de75\" data-element_type=\"column\" data-e-type=\"column\">\n\t\t\t<div class=\"elementor-widget-wrap elementor-element-populated\">\n\t\t\t\t\t\t<div class=\"elementor-element elementor-element-f06ecd1 elementor-widget elementor-widget-heading\" data-id=\"f06ecd1\" data-element_type=\"widget\" data-e-type=\"widget\" data-widget_type=\"heading.default\">\n\t\t\t\t\t<h2 class=\"elementor-heading-title elementor-size-default\">\"Los guatemaltecos somos tendencia y todo mundo quiere saber de nuestra riqueza multicultural\", afirma la migrante Karina Onofre, exitosa organizadora de eventos, actriz, maestra de espa\u00f1ol, influencer y emprendedora gastron\u00f3mica.<\/h2>\t\t\t\t<\/div>\n\t\t\t\t\t<\/div>\n\t\t<\/div>\n\t\t\t\t\t<\/div>\n\t\t<\/section>\n\t\t\t\t<section data-particle_enable=\"false\" data-particle-mobile-disabled=\"false\" class=\"elementor-section elementor-top-section elementor-element elementor-element-72ec654 elementor-section-boxed elementor-section-height-default elementor-section-height-default\" data-id=\"72ec654\" data-element_type=\"section\" data-e-type=\"section\">\n\t\t\t\t\t\t<div class=\"elementor-container elementor-column-gap-default\">\n\t\t\t\t\t<div class=\"elementor-column elementor-col-100 elementor-top-column elementor-element elementor-element-d5a1c64\" data-id=\"d5a1c64\" data-element_type=\"column\" data-e-type=\"column\">\n\t\t\t<div class=\"elementor-widget-wrap elementor-element-populated\">\n\t\t\t\t\t\t<div class=\"elementor-element elementor-element-fc04c1a elementor-widget elementor-widget-image\" data-id=\"fc04c1a\" data-element_type=\"widget\" data-e-type=\"widget\" data-widget_type=\"image.default\">\n\t\t\t\t\t\t\t\t\t\t\t\t<figure class=\"wp-caption\">\n\t\t\t\t\t\t\t\t\t\t<img fetchpriority=\"high\" decoding=\"async\" width=\"768\" height=\"960\" src=\"https:\/\/soymigrante.com\/revista\/wp-content\/uploads\/2024\/01\/kary-onofre-por-julio-nyc-819x1024.webp\" class=\"attachment-large size-large wp-image-4220\" alt=\"\" srcset=\"https:\/\/soymigrante.com\/revista\/wp-content\/uploads\/2024\/01\/kary-onofre-por-julio-nyc-819x1024.webp 819w, https:\/\/soymigrante.com\/revista\/wp-content\/uploads\/2024\/01\/kary-onofre-por-julio-nyc-240x300.webp 240w, https:\/\/soymigrante.com\/revista\/wp-content\/uploads\/2024\/01\/kary-onofre-por-julio-nyc-768x960.jpg 768w, https:\/\/soymigrante.com\/revista\/wp-content\/uploads\/2024\/01\/kary-onofre-por-julio-nyc-1229x1536.jpg 1229w, https:\/\/soymigrante.com\/revista\/wp-content\/uploads\/2024\/01\/kary-onofre-por-julio-nyc-750x938.jpg 750w, https:\/\/soymigrante.com\/revista\/wp-content\/uploads\/2024\/01\/kary-onofre-por-julio-nyc-1140x1425.jpg 1140w, https:\/\/soymigrante.com\/revista\/wp-content\/uploads\/2024\/01\/kary-onofre-por-julio-nyc.webp 1440w\" sizes=\"(max-width: 768px) 100vw, 768px\" title=\"Retrato de Karina Onofre tomado por el fot\u00f3grafo guatemalteco migrante Julio Cota o Julio NYC, en Times Square Nueva York. \u2013 SoyMigrante.com REVISTA\" \/>\t\t\t\t\t\t\t\t\t\t\t<figcaption class=\"widget-image-caption wp-caption-text\">Retrato de Karina Onofre tomado por el fot\u00f3grafo guatemalteco migrante Julio Cota o Julio NYC, en Times Square Nueva York.<\/figcaption>\n\t\t\t\t\t\t\t\t\t\t<\/figure>\n\t\t\t\t\t\t\t\t\t<\/div>\n\t\t\t\t\t<\/div>\n\t\t<\/div>\n\t\t\t\t\t<\/div>\n\t\t<\/section>\n\t\t\t\t<section data-particle_enable=\"false\" data-particle-mobile-disabled=\"false\" class=\"elementor-section elementor-top-section elementor-element elementor-element-00494d7 elementor-section-boxed elementor-section-height-default elementor-section-height-default\" data-id=\"00494d7\" data-element_type=\"section\" data-e-type=\"section\">\n\t\t\t\t\t\t<div class=\"elementor-container elementor-column-gap-default\">\n\t\t\t\t\t<div class=\"elementor-column elementor-col-100 elementor-top-column elementor-element elementor-element-8d80f6a\" data-id=\"8d80f6a\" data-element_type=\"column\" data-e-type=\"column\">\n\t\t\t<div class=\"elementor-widget-wrap elementor-element-populated\">\n\t\t\t\t\t\t<div class=\"elementor-element elementor-element-775bbfd elementor-widget elementor-widget-heading\" data-id=\"775bbfd\" data-element_type=\"widget\" data-e-type=\"widget\" data-widget_type=\"heading.default\">\n\t\t\t\t\t<h2 class=\"elementor-heading-title elementor-size-default\">Piezas de un mosaico de \u00e9xito <\/h2>\t\t\t\t<\/div>\n\t\t\t\t\t<\/div>\n\t\t<\/div>\n\t\t\t\t\t<\/div>\n\t\t<\/section>\n\t\t\t\t<section data-particle_enable=\"false\" data-particle-mobile-disabled=\"false\" class=\"elementor-section elementor-top-section elementor-element elementor-element-d72aa12 elementor-section-boxed elementor-section-height-default elementor-section-height-default\" data-id=\"d72aa12\" data-element_type=\"section\" data-e-type=\"section\">\n\t\t\t\t\t\t<div class=\"elementor-container elementor-column-gap-default\">\n\t\t\t\t\t<div class=\"elementor-column elementor-col-100 elementor-top-column elementor-element elementor-element-abb1d21\" data-id=\"abb1d21\" data-element_type=\"column\" data-e-type=\"column\">\n\t\t\t<div class=\"elementor-widget-wrap elementor-element-populated\">\n\t\t\t\t\t\t<div class=\"elementor-element elementor-element-d7263bd elementor-widget elementor-widget-text-editor\" data-id=\"d7263bd\" data-element_type=\"widget\" data-e-type=\"widget\" data-widget_type=\"text-editor.default\">\n\t\t\t\t\t\t\t\t\t<p>Optimismo, sonrisa, servicio, amor a Guatemala y esfuerzo constante se conjugan en la vida de Karina Onofre, quien es migrante de ida y vuelta: naci\u00f3 en Los Angeles, de madre guatemalteca, quien la llev\u00f3 a vivir a la Tierra del Quetzal, donde creci\u00f3.<\/p>\n<p>\u00a0<\/p>\n<p>Restaurante, festival, marionetas, actuaci\u00f3n, redes sociales y fuertes ra\u00edces son otras piezas de un mosaico inspirador: su vida en Nueva York, en donde radica con su esposo y sus dos hijos.\u00a0 Karina<span style=\"color: var( --e-global-color-text );\">\u00a0arranca el 2024 trazando la realizaci\u00f3n del tercer Chapines Fest, evento del cual es fundadora. Adem\u00e1s en 2023 fund\u00f3, en sociedad con otra familia migrante guatemalteca el restaurante &#8220;Ilegal&#8221;.<\/span><span style=\"color: var( --e-global-color-text );\">\u00a0<\/span><span style=\"color: var( --e-global-color-text );\"><br \/><\/span><\/p>\t\t\t\t\t\t\t\t<\/div>\n\t\t\t\t\t<\/div>\n\t\t<\/div>\n\t\t\t\t\t<\/div>\n\t\t<\/section>\n\t\t\t\t<section data-particle_enable=\"false\" data-particle-mobile-disabled=\"false\" class=\"elementor-section elementor-top-section elementor-element elementor-element-5152aae elementor-section-boxed elementor-section-height-default elementor-section-height-default\" data-id=\"5152aae\" data-element_type=\"section\" data-e-type=\"section\">\n\t\t\t\t\t\t<div class=\"elementor-container elementor-column-gap-default\">\n\t\t\t\t\t<div class=\"elementor-column elementor-col-100 elementor-top-column elementor-element elementor-element-9f0b3b1\" data-id=\"9f0b3b1\" data-element_type=\"column\" data-e-type=\"column\">\n\t\t\t<div class=\"elementor-widget-wrap elementor-element-populated\">\n\t\t\t\t\t\t<div class=\"elementor-element elementor-element-cc9180f elementor-widget elementor-widget-image\" data-id=\"cc9180f\" data-element_type=\"widget\" data-e-type=\"widget\" data-widget_type=\"image.default\">\n\t\t\t\t\t\t\t\t\t\t\t\t<figure class=\"wp-caption\">\n\t\t\t\t\t\t\t\t\t\t<img decoding=\"async\" width=\"768\" height=\"478\" src=\"https:\/\/soymigrante.com\/revista\/wp-content\/uploads\/2024\/01\/d-1024x637.webp\" class=\"attachment-large size-large wp-image-4246\" alt=\"\" srcset=\"https:\/\/soymigrante.com\/revista\/wp-content\/uploads\/2024\/01\/d-1024x637.webp 1024w, https:\/\/soymigrante.com\/revista\/wp-content\/uploads\/2024\/01\/d-300x186.webp 300w, https:\/\/soymigrante.com\/revista\/wp-content\/uploads\/2024\/01\/d-768x477.webp 768w, https:\/\/soymigrante.com\/revista\/wp-content\/uploads\/2024\/01\/d-750x466.webp 750w, https:\/\/soymigrante.com\/revista\/wp-content\/uploads\/2024\/01\/d.webp 1081w\" sizes=\"(max-width: 768px) 100vw, 768px\" title=\"Migrante por doble cuenta: Karina Onofre naci\u00f3 en Estados Unidos pero vivi\u00f3 su ni\u00f1ez y adolescencia en Villa Nueva, Guatemala. Sin embargo lleva ya casi 15 a\u00f1os en Nueva York. \u2013 SoyMigrante.com REVISTA\" \/>\t\t\t\t\t\t\t\t\t\t\t<figcaption class=\"widget-image-caption wp-caption-text\">Migrante por doble cuenta: Karina Onofre naci\u00f3 en Estados Unidos pero vivi\u00f3 su ni\u00f1ez y adolescencia en Villa Nueva, Guatemala. Sin embargo lleva ya casi 15 a\u00f1os en Nueva York.<\/figcaption>\n\t\t\t\t\t\t\t\t\t\t<\/figure>\n\t\t\t\t\t\t\t\t\t<\/div>\n\t\t\t\t\t<\/div>\n\t\t<\/div>\n\t\t\t\t\t<\/div>\n\t\t<\/section>\n\t\t\t\t<section data-particle_enable=\"false\" data-particle-mobile-disabled=\"false\" class=\"elementor-section elementor-top-section elementor-element elementor-element-457a7a4 elementor-section-boxed elementor-section-height-default elementor-section-height-default\" data-id=\"457a7a4\" data-element_type=\"section\" data-e-type=\"section\">\n\t\t\t\t\t\t<div class=\"elementor-container elementor-column-gap-default\">\n\t\t\t\t\t<div class=\"elementor-column elementor-col-100 elementor-top-column elementor-element elementor-element-05b61a2\" data-id=\"05b61a2\" data-element_type=\"column\" data-e-type=\"column\">\n\t\t\t<div class=\"elementor-widget-wrap elementor-element-populated\">\n\t\t\t\t\t\t<div class=\"elementor-element elementor-element-ed0dd85 elementor-widget elementor-widget-heading\" data-id=\"ed0dd85\" data-element_type=\"widget\" data-e-type=\"widget\" data-widget_type=\"heading.default\">\n\t\t\t\t\t<h2 class=\"elementor-heading-title elementor-size-default\">Doble llegada a EE.UU<\/h2>\t\t\t\t<\/div>\n\t\t\t\t\t<\/div>\n\t\t<\/div>\n\t\t\t\t\t<\/div>\n\t\t<\/section>\n\t\t\t\t<section data-particle_enable=\"false\" data-particle-mobile-disabled=\"false\" class=\"elementor-section elementor-top-section elementor-element elementor-element-ac4a8d5 elementor-section-boxed elementor-section-height-default elementor-section-height-default\" data-id=\"ac4a8d5\" data-element_type=\"section\" data-e-type=\"section\">\n\t\t\t\t\t\t<div class=\"elementor-container elementor-column-gap-default\">\n\t\t\t\t\t<div class=\"elementor-column elementor-col-100 elementor-top-column elementor-element elementor-element-1c6960b\" data-id=\"1c6960b\" data-element_type=\"column\" data-e-type=\"column\">\n\t\t\t<div class=\"elementor-widget-wrap elementor-element-populated\">\n\t\t\t\t\t\t<div class=\"elementor-element elementor-element-0af35a1 elementor-widget elementor-widget-text-editor\" data-id=\"0af35a1\" data-element_type=\"widget\" data-e-type=\"widget\" data-widget_type=\"text-editor.default\">\n\t\t\t\t\t\t\t\t\t<p><span style=\"color: var( --e-global-color-text );\">&#8220;Por coincidencias del destino yo nac\u00ed en Los \u00c1ngeles, pero mi mam\u00e1 me llev\u00f3 peque\u00f1ita a Guatemala&#8221;, cuenta la migrante Karina Onofre.&nbsp;<\/span><\/p>\n<p><span style=\"color: var( --e-global-color-text );\">&#8220;Pas\u00e9 mi infancia, mi adolescencia en Guatemala. A los 18 a\u00f1os, despu\u00e9s de graduarme de maestra educaci\u00f3n primaria vengo a EE.UU. pero (risas)no me gust\u00f3 y me regres\u00e9 a Guate otra vez.&nbsp;<\/span><span style=\"color: var( --e-global-color-text );\">Trabaj\u00e9 como maestra con una fundaci\u00f3n y me toc\u00f3 ir a educar a aldeas lejanas de Quiche&#8221;, relata. Pasaron casi tres a\u00f1os y de nueva cuenta se marcha a EE.UU., a Nueva York.<\/span><\/p>\n<p><span style=\"color: var( --e-global-color-text );\">&#8220;Cuando regres\u00e9 empec\u00e9 a trabajar en la limpieza de casas de unos jud\u00edos. El trabajo era duro y minucioso. No sab\u00eda ingl\u00e9s, pero empec\u00e9 a estudiar. Al dominarlo un poco, pude buscar trabajo, de ni\u00f1era&#8221;. En esto le ayud\u00f3 su experiencia como maestra y de hecho, como parte de labor al cuidado de ni\u00f1os, le tocaba llevarlos a la biblioteca. All\u00ed se abri\u00f3 un nuevo escenario para ella&#8230;.<\/span><\/p>\t\t\t\t\t\t\t\t<\/div>\n\t\t\t\t\t<\/div>\n\t\t<\/div>\n\t\t\t\t\t<\/div>\n\t\t<\/section>\n\t\t\t\t<section data-particle_enable=\"false\" data-particle-mobile-disabled=\"false\" class=\"elementor-section elementor-top-section elementor-element elementor-element-462ddd8 elementor-section-boxed elementor-section-height-default elementor-section-height-default\" data-id=\"462ddd8\" data-element_type=\"section\" data-e-type=\"section\">\n\t\t\t\t\t\t<div class=\"elementor-container elementor-column-gap-default\">\n\t\t\t\t\t<div class=\"elementor-column elementor-col-100 elementor-top-column elementor-element elementor-element-5de8619\" data-id=\"5de8619\" data-element_type=\"column\" data-e-type=\"column\">\n\t\t\t<div class=\"elementor-widget-wrap elementor-element-populated\">\n\t\t\t\t\t\t<div class=\"elementor-element elementor-element-8ab6cc5 elementor-widget elementor-widget-facebook-embed\" data-id=\"8ab6cc5\" data-element_type=\"widget\" data-e-type=\"widget\" data-widget_type=\"facebook-embed.default\">\n\t\t\t\t\t<div style=\"min-height: 1px\" class=\"elementor-facebook-widget fb-post\" data-href=\"https:\/\/www.facebook.com\/karina.onofremeneses\/videos\/2769384889798933\" data-show-text=\"false\"><\/div>\t\t\t\t<\/div>\n\t\t\t\t\t<\/div>\n\t\t<\/div>\n\t\t\t\t\t<\/div>\n\t\t<\/section>\n\t\t\t\t<section data-particle_enable=\"false\" data-particle-mobile-disabled=\"false\" class=\"elementor-section elementor-top-section elementor-element elementor-element-dbc85dc elementor-section-boxed elementor-section-height-default elementor-section-height-default\" data-id=\"dbc85dc\" data-element_type=\"section\" data-e-type=\"section\">\n\t\t\t\t\t\t<div class=\"elementor-container elementor-column-gap-default\">\n\t\t\t\t\t<div class=\"elementor-column elementor-col-100 elementor-top-column elementor-element elementor-element-88ca43b\" data-id=\"88ca43b\" data-element_type=\"column\" data-e-type=\"column\">\n\t\t\t<div class=\"elementor-widget-wrap elementor-element-populated\">\n\t\t\t\t\t\t<div class=\"elementor-element elementor-element-08113ad elementor-widget elementor-widget-heading\" data-id=\"08113ad\" data-element_type=\"widget\" data-e-type=\"widget\" data-widget_type=\"heading.default\">\n\t\t\t\t\t<h2 class=\"elementor-heading-title elementor-size-default\"><i>Spanish speaking puppets<\/i><\/h2>\t\t\t\t<\/div>\n\t\t\t\t\t<\/div>\n\t\t<\/div>\n\t\t\t\t\t<\/div>\n\t\t<\/section>\n\t\t\t\t<section data-particle_enable=\"false\" data-particle-mobile-disabled=\"false\" class=\"elementor-section elementor-top-section elementor-element elementor-element-4d980f2 elementor-section-boxed elementor-section-height-default elementor-section-height-default\" data-id=\"4d980f2\" data-element_type=\"section\" data-e-type=\"section\">\n\t\t\t\t\t\t<div class=\"elementor-container elementor-column-gap-default\">\n\t\t\t\t\t<div class=\"elementor-column elementor-col-100 elementor-top-column elementor-element elementor-element-99d968a\" data-id=\"99d968a\" data-element_type=\"column\" data-e-type=\"column\">\n\t\t\t<div class=\"elementor-widget-wrap elementor-element-populated\">\n\t\t\t\t\t\t<div class=\"elementor-element elementor-element-45c9f66 elementor-widget elementor-widget-text-editor\" data-id=\"45c9f66\" data-element_type=\"widget\" data-e-type=\"widget\" data-widget_type=\"text-editor.default\">\n\t\t\t\t\t\t\t\t\t<p><span style=\"color: var( --e-global-color-text );\">&#8220;En una biblioteca v\u00ed un show de t\u00edteres para ense\u00f1ar ingl\u00e9s Yo ten\u00eda una marioneta que usaba con los ni\u00f1os a mi cuidado. Mi esposo me la fabric\u00f3 con un calcet\u00edn. Me la llev\u00e9 y le dijo a la se\u00f1ora de la biblioteca, una rumana llamada Carmen:\u00bfqu\u00e9 te parece si ense\u00f1o espa\u00f1ol? Entonces me dice, d\u00e9mole. Los martes presentaba ese show en la biblioteca&#8221;, cuenta.<\/span><\/p>\n<p><span style=\"color: var( --e-global-color-text );\">Hasta la fecha, la migrante Karina sigue presentando shows did\u00e1cticos de marionetas en espa\u00f1ol y ha sido invitada muchos lugares como voluntariado.. En 2023 tuvo dos presentacionesen el Museo de los Ni\u00f1os de Brooklyn, pero tambi\u00e9n en asilos de ancianos. Gracias al patrocinio de empresas y personas migrantes tambi\u00e9n se present\u00f3 en una comunidad de Quich\u00e9, en Guatemala el a\u00f1o pasado.<\/span><\/p>\t\t\t\t\t\t\t\t<\/div>\n\t\t\t\t\t<\/div>\n\t\t<\/div>\n\t\t\t\t\t<\/div>\n\t\t<\/section>\n\t\t\t\t<section data-particle_enable=\"false\" data-particle-mobile-disabled=\"false\" class=\"elementor-section elementor-top-section elementor-element elementor-element-569667d elementor-section-boxed elementor-section-height-default elementor-section-height-default\" data-id=\"569667d\" data-element_type=\"section\" data-e-type=\"section\">\n\t\t\t\t\t\t<div class=\"elementor-container elementor-column-gap-default\">\n\t\t\t\t\t<div class=\"elementor-column elementor-col-100 elementor-top-column elementor-element elementor-element-fb14125\" data-id=\"fb14125\" data-element_type=\"column\" data-e-type=\"column\">\n\t\t\t<div class=\"elementor-widget-wrap elementor-element-populated\">\n\t\t\t\t\t\t<div class=\"elementor-element elementor-element-10d2865 elementor-widget elementor-widget-image\" data-id=\"10d2865\" data-element_type=\"widget\" data-e-type=\"widget\" data-widget_type=\"image.default\">\n\t\t\t\t\t\t\t\t\t\t\t\t<figure class=\"wp-caption\">\n\t\t\t\t\t\t\t\t\t\t<img decoding=\"async\" width=\"768\" height=\"628\" src=\"https:\/\/soymigrante.com\/revista\/wp-content\/uploads\/2024\/01\/titeres-karina-en-guatemala-1024x837.webp\" class=\"attachment-large size-large wp-image-4224\" alt=\"\" srcset=\"https:\/\/soymigrante.com\/revista\/wp-content\/uploads\/2024\/01\/titeres-karina-en-guatemala-1024x837.webp 1024w, https:\/\/soymigrante.com\/revista\/wp-content\/uploads\/2024\/01\/titeres-karina-en-guatemala-300x245.webp 300w, https:\/\/soymigrante.com\/revista\/wp-content\/uploads\/2024\/01\/titeres-karina-en-guatemala-768x628.webp 768w, https:\/\/soymigrante.com\/revista\/wp-content\/uploads\/2024\/01\/titeres-karina-en-guatemala-750x613.webp 750w, https:\/\/soymigrante.com\/revista\/wp-content\/uploads\/2024\/01\/titeres-karina-en-guatemala-1140x932.webp 1140w, https:\/\/soymigrante.com\/revista\/wp-content\/uploads\/2024\/01\/titeres-karina-en-guatemala.webp 1417w\" sizes=\"(max-width: 768px) 100vw, 768px\" title=\"En enero de 2023, Karina Onofre  efectu\u00f3 presentaciones de sus marionetas en escuelas de provincia en Guatemala, gracias al apoyo de personas y empresas demigrantes.  M\u00e1s de 300 peque\u00f1os asistieron al show en la escuela de la aldea Belej\u00fa, San Crist\u00f3bal Verapaz, Alta Verapaz. \u2013 SoyMigrante.com REVISTA\" \/>\t\t\t\t\t\t\t\t\t\t\t<figcaption class=\"widget-image-caption wp-caption-text\">En enero de 2023, Karina Onofre  efectu\u00f3 presentaciones de sus marionetas en escuelas de provincia en Guatemala, gracias al apoyo de personas y empresas demigrantes.  M\u00e1s de 300 peque\u00f1os asistieron al show en la escuela de la aldea Belej\u00fa, San Crist\u00f3bal Verapaz, Alta Verapaz. <\/figcaption>\n\t\t\t\t\t\t\t\t\t\t<\/figure>\n\t\t\t\t\t\t\t\t\t<\/div>\n\t\t\t\t\t<\/div>\n\t\t<\/div>\n\t\t\t\t\t<\/div>\n\t\t<\/section>\n\t\t\t\t<section data-particle_enable=\"false\" data-particle-mobile-disabled=\"false\" class=\"elementor-section elementor-top-section elementor-element elementor-element-9467580 elementor-section-boxed elementor-section-height-default elementor-section-height-default\" data-id=\"9467580\" data-element_type=\"section\" data-e-type=\"section\">\n\t\t\t\t\t\t<div class=\"elementor-container elementor-column-gap-default\">\n\t\t\t\t\t<div class=\"elementor-column elementor-col-100 elementor-top-column elementor-element elementor-element-9b724f2\" data-id=\"9b724f2\" data-element_type=\"column\" data-e-type=\"column\">\n\t\t\t<div class=\"elementor-widget-wrap elementor-element-populated\">\n\t\t\t\t\t\t<div class=\"elementor-element elementor-element-148e40a elementor-widget elementor-widget-heading\" data-id=\"148e40a\" data-element_type=\"widget\" data-e-type=\"widget\" data-widget_type=\"heading.default\">\n\t\t\t\t\t<h2 class=\"elementor-heading-title elementor-size-default\">Fiesta de chapines para chapines<\/h2>\t\t\t\t<\/div>\n\t\t\t\t\t<\/div>\n\t\t<\/div>\n\t\t\t\t\t<\/div>\n\t\t<\/section>\n\t\t\t\t<section data-particle_enable=\"false\" data-particle-mobile-disabled=\"false\" class=\"elementor-section elementor-top-section elementor-element elementor-element-8de49b2 elementor-section-boxed elementor-section-height-default elementor-section-height-default\" data-id=\"8de49b2\" data-element_type=\"section\" data-e-type=\"section\">\n\t\t\t\t\t\t<div class=\"elementor-container elementor-column-gap-default\">\n\t\t\t\t\t<div class=\"elementor-column elementor-col-100 elementor-top-column elementor-element elementor-element-65468ac\" data-id=\"65468ac\" data-element_type=\"column\" data-e-type=\"column\">\n\t\t\t<div class=\"elementor-widget-wrap elementor-element-populated\">\n\t\t\t\t\t\t<div class=\"elementor-element elementor-element-6584b84 elementor-widget elementor-widget-text-editor\" data-id=\"6584b84\" data-element_type=\"widget\" data-e-type=\"widget\" data-widget_type=\"text-editor.default\">\n\t\t\t\t\t\t\t\t\t<p><span style=\"color: var( --e-global-color-text );\">&#8220;La comunidad guatemalteca es grande en Nueva York. pero\u00a0 no exist\u00eda ning\u00fan evento para ella, para nosotros. En 2022 se organiza el primer Chapines Fest.\u00a0<\/span><span style=\"color: var( --e-global-color-text );\">\u00a0Fue un \u00e9xito, un lleno total, con ventas de comida, emprendedores y artistas chapines&#8221;, cuenta Karina, quien a ra\u00edz de dicho evento fund\u00f3 la productora Chapines Entertainment.\u00a0<\/span><\/p>\n<p><span style=\"color: var( --e-global-color-text );\">En 2023 se repiti\u00f3 el evento y creci\u00f3. &#8220;Para este 2024\u00a0<\/span><span style=\"color: var( --e-global-color-text );\">estamos analizando si buscamos un espacio m\u00e1s amplio. Tenemos el cari\u00f1o de la gente, confiamos en que vendr\u00e1n m\u00e1s guatemaltecos porque apoyamos negocios a darse a conocer y traemos artistas guatemaltecos. Este a\u00f1o estar\u00e1 Viernes Verde&#8221;, cuenta.<\/span><\/p>\t\t\t\t\t\t\t\t<\/div>\n\t\t\t\t\t<\/div>\n\t\t<\/div>\n\t\t\t\t\t<\/div>\n\t\t<\/section>\n\t\t\t\t<section data-particle_enable=\"false\" data-particle-mobile-disabled=\"false\" class=\"elementor-section elementor-top-section elementor-element elementor-element-d15b755 elementor-section-boxed elementor-section-height-default elementor-section-height-default\" data-id=\"d15b755\" data-element_type=\"section\" data-e-type=\"section\">\n\t\t\t\t\t\t<div class=\"elementor-container elementor-column-gap-default\">\n\t\t\t\t\t<div class=\"elementor-column elementor-col-100 elementor-top-column elementor-element elementor-element-f82eeab\" data-id=\"f82eeab\" data-element_type=\"column\" data-e-type=\"column\">\n\t\t\t<div class=\"elementor-widget-wrap elementor-element-populated\">\n\t\t\t\t\t\t<div class=\"elementor-element elementor-element-ebc3f48 elementor-widget elementor-widget-video\" data-id=\"ebc3f48\" data-element_type=\"widget\" data-e-type=\"widget\" data-settings=\"{&quot;youtube_url&quot;:&quot;https:\\\/\\\/www.youtube.com\\\/watch?v=VXSAdwglRSY&quot;,&quot;start&quot;:1,&quot;end&quot;:59,&quot;autoplay&quot;:&quot;yes&quot;,&quot;video_type&quot;:&quot;youtube&quot;,&quot;controls&quot;:&quot;yes&quot;}\" data-widget_type=\"video.default\">\n\t\t\t\t\t\t\t<div class=\"elementor-wrapper elementor-open-inline\">\n\t\t\t<div class=\"elementor-video\"><\/div>\t\t<\/div>\n\t\t\t\t\t\t<\/div>\n\t\t\t\t\t<\/div>\n\t\t<\/div>\n\t\t\t\t\t<\/div>\n\t\t<\/section>\n\t\t\t\t<section data-particle_enable=\"false\" data-particle-mobile-disabled=\"false\" class=\"elementor-section elementor-top-section elementor-element elementor-element-8e57d1a elementor-section-boxed elementor-section-height-default elementor-section-height-default\" data-id=\"8e57d1a\" data-element_type=\"section\" data-e-type=\"section\">\n\t\t\t\t\t\t<div class=\"elementor-container elementor-column-gap-default\">\n\t\t\t\t\t<div class=\"elementor-column elementor-col-100 elementor-top-column elementor-element elementor-element-c18b2fe\" data-id=\"c18b2fe\" data-element_type=\"column\" data-e-type=\"column\">\n\t\t\t<div class=\"elementor-widget-wrap elementor-element-populated\">\n\t\t\t\t\t\t<div class=\"elementor-element elementor-element-9a50ae3 elementor-widget elementor-widget-text-editor\" data-id=\"9a50ae3\" data-element_type=\"widget\" data-e-type=\"widget\" data-widget_type=\"text-editor.default\">\n\t\t\t\t\t\t\t\t\t<p>Una de las presentaciones efectuadas en el Chapines Fest de 2023.<\/p>\t\t\t\t\t\t\t\t<\/div>\n\t\t\t\t\t<\/div>\n\t\t<\/div>\n\t\t\t\t\t<\/div>\n\t\t<\/section>\n\t\t\t\t<section data-particle_enable=\"false\" data-particle-mobile-disabled=\"false\" class=\"elementor-section elementor-top-section elementor-element elementor-element-cedba67 elementor-section-boxed elementor-section-height-default elementor-section-height-default\" data-id=\"cedba67\" data-element_type=\"section\" data-e-type=\"section\">\n\t\t\t\t\t\t<div class=\"elementor-container elementor-column-gap-default\">\n\t\t\t\t\t<div class=\"elementor-column elementor-col-100 elementor-top-column elementor-element elementor-element-8968211\" data-id=\"8968211\" data-element_type=\"column\" data-e-type=\"column\">\n\t\t\t<div class=\"elementor-widget-wrap elementor-element-populated\">\n\t\t\t\t\t\t<div class=\"elementor-element elementor-element-7eaa064 elementor-widget elementor-widget-heading\" data-id=\"7eaa064\" data-element_type=\"widget\" data-e-type=\"widget\" data-widget_type=\"heading.default\">\n\t\t\t\t\t<h2 class=\"elementor-heading-title elementor-size-default\">Tacos, valores y consejos<\/h2>\t\t\t\t<\/div>\n\t\t\t\t\t<\/div>\n\t\t<\/div>\n\t\t\t\t\t<\/div>\n\t\t<\/section>\n\t\t\t\t<section data-particle_enable=\"false\" data-particle-mobile-disabled=\"false\" class=\"elementor-section elementor-top-section elementor-element elementor-element-7f4c184 elementor-section-boxed elementor-section-height-default elementor-section-height-default\" data-id=\"7f4c184\" data-element_type=\"section\" data-e-type=\"section\">\n\t\t\t\t\t\t<div class=\"elementor-container elementor-column-gap-default\">\n\t\t\t\t\t<div class=\"elementor-column elementor-col-100 elementor-top-column elementor-element elementor-element-f3b33a5\" data-id=\"f3b33a5\" data-element_type=\"column\" data-e-type=\"column\">\n\t\t\t<div class=\"elementor-widget-wrap elementor-element-populated\">\n\t\t\t\t\t\t<div class=\"elementor-element elementor-element-f250a90 elementor-widget elementor-widget-text-editor\" data-id=\"f250a90\" data-element_type=\"widget\" data-e-type=\"widget\" data-widget_type=\"text-editor.default\">\n\t\t\t\t\t\t\t\t\t<p><span style=\"color: var( --e-global-color-text );\">&#8220;En Brooklyn existe el restaurante Tikal Cofeee, los due\u00f1os son de Totonicapan y\u00a0 nos unimos con ellos para abrir una taquer\u00eda, que se llama Ilegal. Abri\u00f3 en octubre de 2023 y pues vamos para adelante&#8221;, relata Karina, quien adem\u00e1s prosigue con sus labores de marketing digital a trav\u00e9s de sus redes sociales, un potencial que se expandi\u00f3 despu\u00e9s de la pandemia casi por accidente.<\/span><\/p>\n<p><span style=\"color: var( --e-global-color-text );\">&#8220;Unos amigos de Guatemala me mandaron un video de mi casa en Villa Nueva, donde crec\u00ed. Yo lo publiqu\u00e9 en Tiktok con tono de nostalgia y empezaron a responderme muchos migrantes. Fueron decenas de miles de likes y comentarios. \u00a1Un momento, aqu\u00ed hay algo, hay una audiencia!, dije&#8230; y seguimos creciendo en redes&#8221;, cuenta. Pero lo atribuye no a s\u00ed misma, sino a la necesidad de uni\u00f3n y a la identificaci\u00f3n de los guatemaltecos fuera de su tierra.<\/span><span style=\"color: var( --e-global-color-text );\">\u00a0<\/span><\/p>\n<p>A su vez esto la llev\u00f3 a un nuevo emprendimiento:\u00a0<span style=\"color: var( --e-global-color-text );\">En Brooklyn existe el restaurante Tikal Cofeee, los due\u00f1os son de Totonicapan y\u00a0 nos unimos con ellos para abrir la taquer\u00eda Ilegal. Se inaugur\u00f3 en octubre y ha ido muy bien&#8221;.<\/span><\/p>\n<p>\u00a0<\/p>\t\t\t\t\t\t\t\t<\/div>\n\t\t\t\t\t<\/div>\n\t\t<\/div>\n\t\t\t\t\t<\/div>\n\t\t<\/section>\n\t\t\t\t<section data-particle_enable=\"false\" data-particle-mobile-disabled=\"false\" class=\"elementor-section elementor-top-section elementor-element elementor-element-6b39705 elementor-section-boxed elementor-section-height-default elementor-section-height-default\" data-id=\"6b39705\" data-element_type=\"section\" data-e-type=\"section\">\n\t\t\t\t\t\t<div class=\"elementor-container elementor-column-gap-default\">\n\t\t\t\t\t<div class=\"elementor-column elementor-col-100 elementor-top-column elementor-element elementor-element-9ce5574\" data-id=\"9ce5574\" data-element_type=\"column\" data-e-type=\"column\">\n\t\t\t<div class=\"elementor-widget-wrap elementor-element-populated\">\n\t\t\t\t\t\t<div class=\"elementor-element elementor-element-49e5026 elementor-widget elementor-widget-facebook-embed\" data-id=\"49e5026\" data-element_type=\"widget\" data-e-type=\"widget\" data-widget_type=\"facebook-embed.default\">\n\t\t\t\t\t<div style=\"min-height: 1px\" class=\"elementor-facebook-widget fb-post\" data-href=\"https:\/\/www.facebook.com\/photo\/?fbid=23975511458759635&#038;set=pcb.23975544838756297\" data-show-text=\"false\"><\/div>\t\t\t\t<\/div>\n\t\t\t\t\t<\/div>\n\t\t<\/div>\n\t\t\t\t\t<\/div>\n\t\t<\/section>\n\t\t\t\t<section data-particle_enable=\"false\" data-particle-mobile-disabled=\"false\" class=\"elementor-section elementor-top-section elementor-element elementor-element-1f2b6d7 elementor-section-boxed elementor-section-height-default elementor-section-height-default\" data-id=\"1f2b6d7\" data-element_type=\"section\" data-e-type=\"section\">\n\t\t\t\t\t\t<div class=\"elementor-container elementor-column-gap-default\">\n\t\t\t\t\t<div class=\"elementor-column elementor-col-100 elementor-top-column elementor-element elementor-element-55083c8\" data-id=\"55083c8\" data-element_type=\"column\" data-e-type=\"column\">\n\t\t\t<div class=\"elementor-widget-wrap elementor-element-populated\">\n\t\t\t\t\t\t<div class=\"elementor-element elementor-element-79573a5 elementor-widget elementor-widget-heading\" data-id=\"79573a5\" data-element_type=\"widget\" data-e-type=\"widget\" data-widget_type=\"heading.default\">\n\t\t\t\t\t<h2 class=\"elementor-heading-title elementor-size-default\">El valor de ser guatemalteco <\/h2>\t\t\t\t<\/div>\n\t\t\t\t\t<\/div>\n\t\t<\/div>\n\t\t\t\t\t<\/div>\n\t\t<\/section>\n\t\t\t\t<section data-particle_enable=\"false\" data-particle-mobile-disabled=\"false\" class=\"elementor-section elementor-top-section elementor-element elementor-element-5e12841 elementor-section-boxed elementor-section-height-default elementor-section-height-default\" data-id=\"5e12841\" data-element_type=\"section\" data-e-type=\"section\">\n\t\t\t\t\t\t<div class=\"elementor-container elementor-column-gap-default\">\n\t\t\t\t\t<div class=\"elementor-column elementor-col-100 elementor-top-column elementor-element elementor-element-c54612e\" data-id=\"c54612e\" data-element_type=\"column\" data-e-type=\"column\">\n\t\t\t<div class=\"elementor-widget-wrap elementor-element-populated\">\n\t\t\t\t\t\t<div class=\"elementor-element elementor-element-78bdbb0 elementor-widget elementor-widget-text-editor\" data-id=\"78bdbb0\" data-element_type=\"widget\" data-e-type=\"widget\" data-widget_type=\"text-editor.default\">\n\t\t\t\t\t\t\t\t\t<p><span style=\"color: var( --e-global-color-text );\">Karina Onofre, como migrante conf\u00eda en las cualidades de la comunidad guatemalteca, de la cual se siente orgullosa de pertenecer:&nbsp;<\/span><\/p>\n<p><span style=\"color: var( --e-global-color-text );\">&#8220;L<b>os guatemaltecos somos enfocados. Tenemos fama de ser super trabajadores, no le hacemos mala cara a ning\u00fan trabajo. Tenemos una multiculturalidad muy grande y la prueba es que cada vez miras m\u00e1s personas con su indumentaria tradicional aqu\u00ed en NY. El migrante guatemalteco debe aprovechar porque los guatemaltecos estamos en tendencia&#8230; La gente quiere saber m\u00e1s&nbsp; nuestra gastronom\u00eda, de nuestra cultura y tradiciones&#8221;.&nbsp;<\/b><\/span><\/p>\n<p><span style=\"color: var( --e-global-color-text );\">Pero no basta con ello: hay que cultivarse y seguir aprendiendo recomienda Karina: &#8220;El ingl\u00e9s hay que aprenderlo como herramienta b\u00e1sica. Existen much\u00edsimas oportunidades de cursos a bajo costo o gratuitos. Solo es cuesti\u00f3n de buscar y asistir. A m\u00ed me cost\u00f3 seis a\u00f1os dominar la pronunciaci\u00f3n, pero si uno quiere lo puede hacer. Pero m\u00e1s importante: hablar ingl\u00e9s abre muchas oportunidades. Las oportunidades no vienen solas&#8221;, finaliza.<\/span><\/p>\n<p><\/p>\t\t\t\t\t\t\t\t<\/div>\n\t\t\t\t\t<\/div>\n\t\t<\/div>\n\t\t\t\t\t<\/div>\n\t\t<\/section>\n\t\t\t\t<section data-particle_enable=\"false\" data-particle-mobile-disabled=\"false\" class=\"elementor-section elementor-top-section elementor-element elementor-element-fbd8465 elementor-section-boxed elementor-section-height-default elementor-section-height-default\" data-id=\"fbd8465\" data-element_type=\"section\" data-e-type=\"section\">\n\t\t\t\t\t\t<div class=\"elementor-container elementor-column-gap-default\">\n\t\t\t\t\t<div class=\"elementor-column elementor-col-100 elementor-top-column elementor-element elementor-element-4f683bf\" data-id=\"4f683bf\" data-element_type=\"column\" data-e-type=\"column\">\n\t\t\t<div class=\"elementor-widget-wrap elementor-element-populated\">\n\t\t\t\t\t\t<div class=\"elementor-element elementor-element-871d837 elementor-widget__width-auto elementor-arrows-position-inside elementor-pagination-position-outside elementor-widget elementor-widget-image-carousel\" data-id=\"871d837\" data-element_type=\"widget\" data-e-type=\"widget\" data-settings=\"{&quot;slides_to_show&quot;:&quot;1&quot;,&quot;effect&quot;:&quot;fade&quot;,&quot;navigation&quot;:&quot;both&quot;,&quot;autoplay&quot;:&quot;yes&quot;,&quot;pause_on_hover&quot;:&quot;yes&quot;,&quot;pause_on_interaction&quot;:&quot;yes&quot;,&quot;autoplay_speed&quot;:5000,&quot;infinite&quot;:&quot;yes&quot;,&quot;speed&quot;:500}\" data-widget_type=\"image-carousel.default\">\n\t\t\t\t\t\t\t<div class=\"elementor-image-carousel-wrapper swiper\" role=\"region\" aria-roledescription=\"carousel\" aria-label=\"Carrusel de im\u00e1genes\" dir=\"ltr\">\n\t\t\t<div class=\"elementor-image-carousel swiper-wrapper\" aria-live=\"off\">\n\t\t\t\t\t\t\t\t<div class=\"swiper-slide\" role=\"group\" aria-roledescription=\"slide\" aria-label=\"1 de 4\"><figure class=\"swiper-slide-inner\"><img decoding=\"async\" class=\"swiper-slide-image\" src=\"https:\/\/soymigrante.com\/revista\/wp-content\/uploads\/2024\/01\/Captura-de-pantalla-2024-01-04-093956.webp\" alt=\"Despu\u00e9s de la pandemia Karina encontr\u00f3 en las redes sociales una oportunidad pra apoyar a emprendimient6os y marcas, con un tono fresco y aut\u00e9ntico.\" \/><figcaption class=\"elementor-image-carousel-caption\">Despu\u00e9s de la pandemia Karina encontr\u00f3 en las redes sociales una oportunidad pra apoyar a emprendimient6os y marcas, con un tono fresco y aut\u00e9ntico.<\/figcaption><\/figure><\/div><div class=\"swiper-slide\" role=\"group\" aria-roledescription=\"slide\" aria-label=\"2 de 4\"><figure class=\"swiper-slide-inner\"><img decoding=\"async\" class=\"swiper-slide-image\" src=\"https:\/\/soymigrante.com\/revista\/wp-content\/uploads\/2024\/01\/karina-bandera-1-768x1162.webp\" alt=\"Las ra\u00edces guatemaltecas son nuesra mayor riqueza, expresa Karina Onofre.\" \/><figcaption class=\"elementor-image-carousel-caption\">Las ra\u00edces guatemaltecas son nuesra mayor riqueza, expresa Karina Onofre.<\/figcaption><\/figure><\/div><div class=\"swiper-slide\" role=\"group\" aria-roledescription=\"slide\" aria-label=\"3 de 4\"><figure class=\"swiper-slide-inner\"><img decoding=\"async\" class=\"swiper-slide-image\" src=\"https:\/\/soymigrante.com\/revista\/wp-content\/uploads\/2024\/01\/familia-768x1024.webp\" alt=\"El tiempo en familia es un aut\u00e9ntico tesoro, expresa karina\" \/><figcaption class=\"elementor-image-carousel-caption\">El tiempo en familia es un aut\u00e9ntico tesoro, expresa karina<\/figcaption><\/figure><\/div><div class=\"swiper-slide\" role=\"group\" aria-roledescription=\"slide\" aria-label=\"4 de 4\"><figure class=\"swiper-slide-inner\"><img decoding=\"async\" class=\"swiper-slide-image\" src=\"https:\/\/soymigrante.com\/revista\/wp-content\/uploads\/2024\/01\/hogar-768x1024.webp\" alt=\"Las presentaciones de marionetas de la migrante Karina Onofre llegan a bibliotecas, escuelas y tambi\u00e9n hogares de ancianos.\" \/><figcaption class=\"elementor-image-carousel-caption\">Las presentaciones de marionetas de la migrante Karina Onofre llegan a bibliotecas, escuelas y tambi\u00e9n hogares de ancianos.<\/figcaption><\/figure><\/div>\t\t\t<\/div>\n\t\t\t\t\t\t\t\t\t\t\t\t<div class=\"elementor-swiper-button elementor-swiper-button-prev\" role=\"button\" tabindex=\"0\">\n\t\t\t\t\t\t<i aria-hidden=\"true\" class=\"eicon-chevron-left\"><\/i>\t\t\t\t\t<\/div>\n\t\t\t\t\t<div class=\"elementor-swiper-button elementor-swiper-button-next\" role=\"button\" tabindex=\"0\">\n\t\t\t\t\t\t<i aria-hidden=\"true\" class=\"eicon-chevron-right\"><\/i>\t\t\t\t\t<\/div>\n\t\t\t\t\n\t\t\t\t\t\t\t\t\t<div class=\"swiper-pagination\"><\/div>\n\t\t\t\t\t\t\t\t\t<\/div>\n\t\t\t\t\t\t<\/div>\n\t\t\t\t\t<\/div>\n\t\t<\/div>\n\t\t\t\t\t<\/div>\n\t\t<\/section>\n\t\t\t\t<section data-particle_enable=\"false\" data-particle-mobile-disabled=\"false\" class=\"elementor-section elementor-top-section elementor-element elementor-element-1cf6534 elementor-section-boxed elementor-section-height-default elementor-section-height-default\" data-id=\"1cf6534\" data-element_type=\"section\" data-e-type=\"section\">\n\t\t\t\t\t\t<div class=\"elementor-container elementor-column-gap-default\">\n\t\t\t\t\t<div class=\"elementor-column elementor-col-100 elementor-top-column elementor-element elementor-element-082bde7\" data-id=\"082bde7\" data-element_type=\"column\" data-e-type=\"column\">\n\t\t\t<div class=\"elementor-widget-wrap elementor-element-populated\">\n\t\t\t\t\t\t<div class=\"elementor-element elementor-element-68a0e62 elementor-widget elementor-widget-testimonial\" data-id=\"68a0e62\" data-element_type=\"widget\" data-e-type=\"widget\" data-widget_type=\"testimonial.default\">\n\t\t\t\t\t\t\t<div class=\"elementor-testimonial-wrapper\">\n\t\t\t\t\t\t\t<div class=\"elementor-testimonial-content\">\"Los guatemaltecos estamos en tendencia: m\u00e1s gente en Nueva York quiere conocer nuestra gastronom\u00eda, nuestra multiculturalidad, nuestros valores\"<\/div>\n\t\t\t\n\t\t\t\t\t\t<div class=\"elementor-testimonial-meta elementor-has-image elementor-testimonial-image-position-aside\">\n\t\t\t\t<div class=\"elementor-testimonial-meta-inner\">\n\t\t\t\t\t\t\t\t\t\t\t<div class=\"elementor-testimonial-image\">\n\t\t\t\t\t\t\t<img loading=\"lazy\" decoding=\"async\" width=\"1920\" height=\"1281\" src=\"https:\/\/soymigrante.com\/revista\/wp-content\/uploads\/2024\/01\/karina-marionetas.webp\" class=\"attachment-full size-full wp-image-4230\" alt=\"\" title=\"karina marionetas \u2013 SoyMigrante.com REVISTA\" srcset=\"https:\/\/soymigrante.com\/revista\/wp-content\/uploads\/2024\/01\/karina-marionetas.webp 1920w, https:\/\/soymigrante.com\/revista\/wp-content\/uploads\/2024\/01\/karina-marionetas-300x200.webp 300w, https:\/\/soymigrante.com\/revista\/wp-content\/uploads\/2024\/01\/karina-marionetas-1024x683.webp 1024w, https:\/\/soymigrante.com\/revista\/wp-content\/uploads\/2024\/01\/karina-marionetas-768x512.webp 768w, https:\/\/soymigrante.com\/revista\/wp-content\/uploads\/2024\/01\/karina-marionetas-1536x1025.webp 1536w, https:\/\/soymigrante.com\/revista\/wp-content\/uploads\/2024\/01\/karina-marionetas-750x500.webp 750w, https:\/\/soymigrante.com\/revista\/wp-content\/uploads\/2024\/01\/karina-marionetas-1140x760.webp 1140w, https:\/\/soymigrante.com\/revista\/wp-content\/uploads\/2024\/01\/karina-marionetas-600x400.webp 600w\" sizes=\"(max-width: 1920px) 100vw, 1920px\" \/>\t\t\t\t\t\t<\/div>\n\t\t\t\t\t\n\t\t\t\t\t\t\t\t\t\t<div class=\"elementor-testimonial-details\">\n\t\t\t\t\t\t\t\t\t\t\t\t\t\t<div class=\"elementor-testimonial-name\">Karina Onofre<\/div>\n\t\t\t\t\t\t\t\t\t\t\t\t\t\t\t\t\t\t\t\t\t\t<div class=\"elementor-testimonial-job\">Migrante, emprendedora, artista y educadora guatemalteca<\/div>\n\t\t\t\t\t\t\t\t\t\t\t\t\t<\/div>\n\t\t\t\t\t\t\t\t\t<\/div>\n\t\t\t<\/div>\n\t\t\t\t\t<\/div>\n\t\t\t\t\t\t<\/div>\n\t\t\t\t\t<\/div>\n\t\t<\/div>\n\t\t\t\t\t<\/div>\n\t\t<\/section>\n\t\t\t\t<section data-particle_enable=\"false\" data-particle-mobile-disabled=\"false\" class=\"elementor-section elementor-top-section elementor-element elementor-element-aa72ab8 elementor-section-boxed elementor-section-height-default elementor-section-height-default\" data-id=\"aa72ab8\" data-element_type=\"section\" data-e-type=\"section\">\n\t\t\t\t\t\t<div class=\"elementor-container elementor-column-gap-default\">\n\t\t\t\t\t<div class=\"elementor-column elementor-col-100 elementor-top-column elementor-element elementor-element-0ad3c55\" data-id=\"0ad3c55\" data-element_type=\"column\" data-e-type=\"column\">\n\t\t\t<div class=\"elementor-widget-wrap elementor-element-populated\">\n\t\t\t\t\t\t<div class=\"elementor-element elementor-element-818e9b1 elementor-widget elementor-widget-heading\" data-id=\"818e9b1\" data-element_type=\"widget\" data-e-type=\"widget\" data-widget_type=\"heading.default\">\n\t\t\t\t\t<h2 class=\"elementor-heading-title elementor-size-default\">Claves para un mejor d\u00eda a d\u00eda migrante<\/h2>\t\t\t\t<\/div>\n\t\t\t\t\t<\/div>\n\t\t<\/div>\n\t\t\t\t\t<\/div>\n\t\t<\/section>\n\t\t\t\t<section data-particle_enable=\"false\" data-particle-mobile-disabled=\"false\" class=\"elementor-section elementor-top-section elementor-element elementor-element-a64961f elementor-section-boxed elementor-section-height-default elementor-section-height-default\" data-id=\"a64961f\" data-element_type=\"section\" data-e-type=\"section\">\n\t\t\t\t\t\t<div class=\"elementor-container elementor-column-gap-default\">\n\t\t\t\t\t<div class=\"elementor-column elementor-col-100 elementor-top-column elementor-element elementor-element-ecb0ac9\" data-id=\"ecb0ac9\" data-element_type=\"column\" data-e-type=\"column\">\n\t\t\t<div class=\"elementor-widget-wrap elementor-element-populated\">\n\t\t\t\t\t\t<div class=\"elementor-element elementor-element-cc499ae elementor-widget elementor-widget-blfe-post-grid\" data-id=\"cc499ae\" data-element_type=\"widget\" data-e-type=\"widget\" data-settings=\"{&quot;columns&quot;:&quot;3&quot;,&quot;columns_tablet&quot;:&quot;6&quot;,&quot;columns_mobile&quot;:&quot;12&quot;,&quot;hero1_layout_column_gap&quot;:{&quot;unit&quot;:&quot;px&quot;,&quot;size&quot;:30,&quot;sizes&quot;:[]},&quot;hero1_layout_column_gap_tablet&quot;:{&quot;unit&quot;:&quot;px&quot;,&quot;size&quot;:&quot;&quot;,&quot;sizes&quot;:[]},&quot;hero1_layout_column_gap_mobile&quot;:{&quot;unit&quot;:&quot;px&quot;,&quot;size&quot;:&quot;&quot;,&quot;sizes&quot;:[]},&quot;hero1_layout_row_gap&quot;:{&quot;unit&quot;:&quot;px&quot;,&quot;size&quot;:30,&quot;sizes&quot;:[]},&quot;hero1_layout_row_gap_tablet&quot;:{&quot;unit&quot;:&quot;px&quot;,&quot;size&quot;:&quot;&quot;,&quot;sizes&quot;:[]},&quot;hero1_layout_row_gap_mobile&quot;:{&quot;unit&quot;:&quot;px&quot;,&quot;size&quot;:&quot;&quot;,&quot;sizes&quot;:[]}}\" data-widget_type=\"blfe-post-grid.hero1\">\n\t\t\t\t<div class=\"elementor-widget-container\">\n\t\t\t\t\t\n                        <div class=\"blfe-post-grid-container \">\n            \n                <div data-skin=\"hero1\" class=\"blfe-row blfe-posts-inner blfe-hero1 blfe-posts-inner blfe-col-3 blfe-col-tab-6 blfe-col-mob-12     \">\n                            <div class=\"blfe-post-grid-item\">\n            <div class=\"blfe-post-grid-item-inner blfe-modern-zoom\">\n                        <div class=\"blfe-post-grid-bg-image\">\n            <a class=\"blfe-post-grid-image-inner\" href=\"https:\/\/soymigrante.com\/revista\/consejos-para-ayudar-a-enfrentar-el-duelo-migratorio-en-ninos\/\" title=\"Consejos para ayudar a enfrentar el duelo migratorio en ni\u00f1os\" rel=\"nofollow\" target=\"_blank\"><img decoding=\"async\" src=\"https:\/\/soymigrante.com\/revista\/wp-content\/uploads\/2024\/08\/Consejos-para-ayudar-a-enfrentar-el-duelo-migratorio-en-ninos2-scaled-e1725058578930.webp\" alt=\"Consejos para ayudar a enfrentar el duelo migratorio en ni\u00f1os\"\/><\/a>        <\/div>\n                        <div class=\"blfe-post-grid-details\">\n                    <div class=\"blfe-post-grid-details-inner\">\n                        <span class=\"blfe-post-category\"><a href=\"https:\/\/soymigrante.com\/revista\/category\/bienestar\/salud-emocional\/\">Salud Emocional<\/a><\/span>                        <h3 class=\"blfe-post-grid-title\">\n            <a href=\"https:\/\/soymigrante.com\/revista\/consejos-para-ayudar-a-enfrentar-el-duelo-migratorio-en-ninos\/\" title=\"Consejos para ayudar a enfrentar el duelo migratorio en ni\u00f1os\" rel=\"nofollow\" target=\"_blank\">Consejos para ayudar a enfrentar el duelo migratorio en ni\u00f1os<\/a>\n            <\/h3>                                                            <div class=\"blfe-post-grid-meta\">\n                <span class=\"blfe-post-grid-author\"><i class=\"fa fa-user far fa-user\"><\/i>by <a href=\"https:\/\/soymigrante.com\/revista\/author\/marysabel-aldana\/\">Marysabel Aldana<\/a><\/span>                    <div class=\"blfe-post-meta-dot\"><\/div>\n                    <span class=\"blfe-post-grid-date\"><i class=\"fa fa-calendar-alt far fa-calendar-alt\"><\/i>30\/08\/2024<\/span>                    <div class=\"blfe-post-meta-dot\"><\/div>\n                                <\/div>\n                                                        <\/div>\n                <\/div>\n\n            <\/div>\n        <\/div>\n                <div class=\"blfe-post-grid-item\">\n            <div class=\"blfe-post-grid-item-inner blfe-modern-zoom\">\n                        <div class=\"blfe-post-grid-bg-image\">\n            <a class=\"blfe-post-grid-image-inner\" href=\"https:\/\/soymigrante.com\/revista\/siete-recomendaciones-para-elaborar-un-presupuesto-y-no-gastar-de-mas\/\" title=\"Siete recomendaciones para elaborar un presupuesto y no gastar de m\u00e1s\" rel=\"nofollow\" target=\"_blank\"><img decoding=\"async\" src=\"https:\/\/soymigrante.com\/revista\/wp-content\/uploads\/2024\/09\/Recomendaciones-para-hacer-un-presupuesto-y-no-gastar-de-mas-e1725403512406.webp\" alt=\"Siete recomendaciones para elaborar un presupuesto y no gastar de m\u00e1s\"\/><\/a>        <\/div>\n                        <div class=\"blfe-post-grid-details\">\n                    <div class=\"blfe-post-grid-details-inner\">\n                        <span class=\"blfe-post-category\"><a href=\"https:\/\/soymigrante.com\/revista\/category\/bienestar\/\">Bienestar<\/a><\/span>                        <h3 class=\"blfe-post-grid-title\">\n            <a href=\"https:\/\/soymigrante.com\/revista\/siete-recomendaciones-para-elaborar-un-presupuesto-y-no-gastar-de-mas\/\" title=\"Siete recomendaciones para elaborar un presupuesto y no gastar de m\u00e1s\" rel=\"nofollow\" target=\"_blank\">Siete recomendaciones para elaborar un presupuesto y no gastar de m\u00e1s<\/a>\n            <\/h3>                                                            <div class=\"blfe-post-grid-meta\">\n                <span class=\"blfe-post-grid-author\"><i class=\"fa fa-user far fa-user\"><\/i>by <a href=\"https:\/\/soymigrante.com\/revista\/author\/marysabel-aldana\/\">Marysabel Aldana<\/a><\/span>                    <div class=\"blfe-post-meta-dot\"><\/div>\n                    <span class=\"blfe-post-grid-date\"><i class=\"fa fa-calendar-alt far fa-calendar-alt\"><\/i>03\/01\/2025<\/span>                    <div class=\"blfe-post-meta-dot\"><\/div>\n                                <\/div>\n                                                        <\/div>\n                <\/div>\n\n            <\/div>\n        <\/div>\n                <div class=\"blfe-post-grid-item\">\n            <div class=\"blfe-post-grid-item-inner blfe-modern-zoom\">\n                        <div class=\"blfe-post-grid-bg-image\">\n            <a class=\"blfe-post-grid-image-inner\" href=\"https:\/\/soymigrante.com\/revista\/sugerencias-para-crear-mensajes-motivadores-de-ano-nuevo-para-familiares-migrantes\/\" title=\"Sugerencias para crear mensajes motivadores de A\u00f1o Nuevo para familiares migrantes\" rel=\"nofollow\" target=\"_blank\"><img decoding=\"async\" src=\"https:\/\/soymigrante.com\/revista\/wp-content\/uploads\/2024\/12\/nube-palabras-ano-nuevo-e1735315993154.webp\" alt=\"Sugerencias para crear mensajes motivadores de A\u00f1o Nuevo para familiares migrantes\"\/><\/a>        <\/div>\n                        <div class=\"blfe-post-grid-details\">\n                    <div class=\"blfe-post-grid-details-inner\">\n                        <span class=\"blfe-post-category\"><a href=\"https:\/\/soymigrante.com\/revista\/category\/bienestar\/en-familia\/\">En Familia<\/a><\/span>                        <h3 class=\"blfe-post-grid-title\">\n            <a href=\"https:\/\/soymigrante.com\/revista\/sugerencias-para-crear-mensajes-motivadores-de-ano-nuevo-para-familiares-migrantes\/\" title=\"Sugerencias para crear mensajes motivadores de A\u00f1o Nuevo para familiares migrantes\" rel=\"nofollow\" target=\"_blank\">Sugerencias para crear mensajes motivadores de A\u00f1o Nuevo para familiares migrantes<\/a>\n            <\/h3>                                                            <div class=\"blfe-post-grid-meta\">\n                <span class=\"blfe-post-grid-author\"><i class=\"fa fa-user far fa-user\"><\/i>by <a href=\"https:\/\/soymigrante.com\/revista\/author\/marysabel-aldana\/\">Marysabel Aldana<\/a><\/span>                    <div class=\"blfe-post-meta-dot\"><\/div>\n                    <span class=\"blfe-post-grid-date\"><i class=\"fa fa-calendar-alt far fa-calendar-alt\"><\/i>27\/12\/2024<\/span>                    <div class=\"blfe-post-meta-dot\"><\/div>\n                                <\/div>\n                                                        <\/div>\n                <\/div>\n\n            <\/div>\n        <\/div>\n                        <\/div>\n\n                        <\/div>\n            \n                        <div class=\"blfe-post-footer\">\n                        <\/div>\n            \t\t\t\t<\/div>\n\t\t\t\t<\/div>\n\t\t\t\t\t<\/div>\n\t\t<\/div>\n\t\t\t\t\t<\/div>\n\t\t<\/section>\n\t\t\t\t<\/div>\n\t\t","protected":false},"excerpt":{"rendered":"<p>&#8220;Los guatemaltecos somos tendencia y todo mundo quiere saber de nuestra riqueza multicultural&#8221;, afirma la migrante Karina Onofre, exitosa organizadora de eventos, actriz, maestra de espa\u00f1ol, influencer y emprendedora gastron\u00f3mica. Retrato de Karina Onofre tomado por el fot\u00f3grafo guatemalteco migrante Julio Cota o Julio NYC, en Times Square Nueva York. Piezas de un mosaico de [&hellip;]<\/p>\n","protected":false},"author":7,"featured_media":4219,"comment_status":"open","ping_status":"open","sticky":false,"template":"","format":"standard","meta":{"_acf_changed":false,"_eb_attr":"","footnotes":""},"categories":[50],"tags":[],"class_list":["post-4215","post","type-post","status-publish","format-standard","has-post-thumbnail","hentry","category-exitos"],"acf":[],"aioseo_notices":[],"aioseo_head":"\n\t\t<!-- All in One SEO Pro 4.9.6.2 - aioseo.com -->\n\t<meta name=\"description\" content=\"Un mensaje optimista fortalece el puente emocional entre las familias guatemaltecas y sus seres queridos en USA. Estas son algunas ideas para expresar.\" \/>\n\t<meta name=\"robots\" content=\"max-snippet:-1, max-image-preview:large, max-video-preview:-1\" \/>\n\t<meta name=\"author\" content=\"Marysabel Aldana\"\/>\n\t<link rel=\"canonical\" href=\"https:\/\/soymigrante.com\/revista\/sugerencias-para-crear-mensajes-motivadores-de-ano-nuevo-para-familiares-migrantes\/\" \/>\n\t<meta name=\"generator\" content=\"All in One SEO Pro (AIOSEO) 4.9.6.2\" \/>\n\n\t\t<link rel=\"preconnect\" href=\"https:\/\/fonts.googleapis.com\" crossorigin>\n<link rel=\"preconnect\" href=\"https:\/\/fonts.gstatic.com\" crossorigin>\n\t\t<meta property=\"og:locale\" content=\"es_ES\" \/>\n\t\t<meta property=\"og:site_name\" content=\"SoyMigrante.com REVISTA \u2013 Nuestra misi\u00f3n es reconocer y dignificar al migrante.\" \/>\n\t\t<meta property=\"og:type\" content=\"article\" \/>\n\t\t<meta property=\"og:title\" content=\"Sugerencias para crear mensajes motivadores de A\u00f1o Nuevo para familiares migrantes\" \/>\n\t\t<meta property=\"og:description\" content=\"Un mensaje optimista fortalece el puente emocional entre las familias guatemaltecas y sus seres queridos en USA. Estas son algunas ideas para expresar.\" \/>\n\t\t<meta property=\"og:url\" content=\"https:\/\/soymigrante.com\/revista\/sugerencias-para-crear-mensajes-motivadores-de-ano-nuevo-para-familiares-migrantes\/\" \/>\n\t\t<meta property=\"og:image\" content=\"https:\/\/soymigrante.com\/revista\/wp-content\/uploads\/2024\/12\/nube-palabras-ano-nuevo-e1735315993154.webp\" \/>\n\t\t<meta property=\"og:image:secure_url\" content=\"https:\/\/soymigrante.com\/revista\/wp-content\/uploads\/2024\/12\/nube-palabras-ano-nuevo-e1735315993154.webp\" \/>\n\t\t<meta property=\"og:image:width\" content=\"690\" \/>\n\t\t<meta property=\"og:image:height\" content=\"690\" \/>\n\t\t<meta property=\"article:published_time\" content=\"2024-12-27T16:22:30+00:00\" \/>\n\t\t<meta property=\"article:modified_time\" content=\"2025-08-28T05:40:49+00:00\" \/>\n\t\t<meta property=\"article:publisher\" content=\"https:\/\/www.facebook.com\/soymigrantecom\" \/>\n\t\t<meta name=\"twitter:card\" content=\"summary_large_image\" \/>\n\t\t<meta name=\"twitter:site\" content=\"@SoyMigrante_com\" \/>\n\t\t<meta name=\"twitter:title\" content=\"Sugerencias para crear mensajes motivadores de A\u00f1o Nuevo para familiares migrantes\" \/>\n\t\t<meta name=\"twitter:description\" content=\"Un mensaje optimista fortalece el puente emocional entre las familias guatemaltecas y sus seres queridos en USA. Estas son algunas ideas para expresar.\" \/>\n\t\t<meta name=\"twitter:creator\" content=\"@SoyMigrante_com\" \/>\n\t\t<meta name=\"twitter:image\" content=\"https:\/\/soymigrante.com\/revista\/wp-content\/uploads\/2024\/12\/nube-palabras-ano-nuevo-e1735315993154.webp\" \/>\n\t\t<!-- All in One SEO Pro -->\r\n\t\t<title>Sugerencias para crear mensajes motivadores de A\u00f1o Nuevo para familiares migrantes<\/title>\n\n","aioseo_head_json":{"title":"Sugerencias para crear mensajes motivadores de A\u00f1o Nuevo para familiares migrantes","description":"Un mensaje optimista fortalece el puente emocional entre las familias guatemaltecas y sus seres queridos en USA. Estas son algunas ideas para expresar.","canonical_url":"https:\/\/soymigrante.com\/revista\/sugerencias-para-crear-mensajes-motivadores-de-ano-nuevo-para-familiares-migrantes\/","robots":"max-snippet:-1, max-image-preview:large, max-video-preview:-1","keywords":"","webmasterTools":{"miscellaneous":"&lt;link rel=\"preconnect\" href=\"https:\/\/fonts.googleapis.com\" crossorigin&gt;\n&lt;link rel=\"preconnect\" href=\"https:\/\/fonts.gstatic.com\" crossorigin&gt;"},"schema":null,"og:locale":"es_ES","og:site_name":"SoyMigrante.com REVISTA \u2013 Nuestra misi\u00f3n es reconocer y dignificar al migrante.","og:type":"article","og:title":"Sugerencias para crear mensajes motivadores de A\u00f1o Nuevo para familiares migrantes","og:description":"Un mensaje optimista fortalece el puente emocional entre las familias guatemaltecas y sus seres queridos en USA. Estas son algunas ideas para expresar.","og:url":"https:\/\/soymigrante.com\/revista\/sugerencias-para-crear-mensajes-motivadores-de-ano-nuevo-para-familiares-migrantes\/","og:image":"https:\/\/soymigrante.com\/revista\/wp-content\/uploads\/2024\/12\/nube-palabras-ano-nuevo-e1735315993154.webp","og:image:secure_url":"https:\/\/soymigrante.com\/revista\/wp-content\/uploads\/2024\/12\/nube-palabras-ano-nuevo-e1735315993154.webp","og:image:width":690,"og:image:height":690,"article:published_time":"2024-12-27T16:22:30+00:00","article:modified_time":"2025-08-28T05:40:49+00:00","article:publisher":"https:\/\/www.facebook.com\/soymigrantecom","twitter:card":"summary_large_image","twitter:site":"@SoyMigrante_com","twitter:title":"Sugerencias para crear mensajes motivadores de A\u00f1o Nuevo para familiares migrantes","twitter:description":"Un mensaje optimista fortalece el puente emocional entre las familias guatemaltecas y sus seres queridos en USA. Estas son algunas ideas para expresar.","twitter:creator":"@SoyMigrante_com","twitter:image":"https:\/\/soymigrante.com\/revista\/wp-content\/uploads\/2024\/12\/nube-palabras-ano-nuevo-e1735315993154.webp"},"aioseo_meta_data":{"post_id":"4215","title":null,"description":null,"keywords":[],"keyphrases":{"focus":{"keyphrase":"Migrante","score":82,"analysis":{"keyphraseInTitle":{"score":9,"maxScore":9,"error":0},"keyphraseInDescription":{"score":9,"maxScore":9,"error":0},"keyphraseLength":{"score":9,"maxScore":9,"error":0,"length":1},"keyphraseInURL":{"score":5,"maxScore":5,"error":0},"keyphraseInIntroduction":{"score":3,"maxScore":9,"error":1},"keyphraseInSubHeadings":{"score":3,"maxScore":9,"error":1},"keyphraseInImageAlt":{"score":9,"maxScore":9,"error":0},"keywordDensity":{"type":"best","score":9,"maxScore":9,"error":0}}},"additional":[]},"primary_term":null,"canonical_url":null,"og_title":null,"og_description":null,"og_object_type":"default","og_image_type":"default","og_image_url":null,"og_image_width":null,"og_image_height":null,"og_image_custom_url":null,"og_image_custom_fields":null,"og_video":"","og_custom_url":null,"og_article_section":null,"og_article_tags":[],"twitter_use_og":false,"twitter_card":"default","twitter_image_type":"default","twitter_image_url":null,"twitter_image_custom_url":null,"twitter_image_custom_fields":null,"twitter_title":null,"twitter_description":null,"schema":{"blockGraphs":[],"customGraphs":[],"default":{"data":{"Article":[],"Course":[],"Dataset":[],"FAQPage":[],"Movie":[],"Person":[],"Product":[],"ProductReview":[],"Car":[],"Recipe":[],"Service":[],"SoftwareApplication":[],"WebPage":[]},"graphName":"BlogPosting","isEnabled":true},"graphs":[]},"schema_type":"default","schema_type_options":null,"pillar_content":false,"robots_default":true,"robots_noindex":false,"robots_noarchive":false,"robots_nosnippet":false,"robots_nofollow":false,"robots_noimageindex":false,"robots_noodp":false,"robots_notranslate":false,"robots_max_snippet":"-1","robots_max_videopreview":"-1","robots_max_imagepreview":"large","priority":null,"frequency":"default","local_seo":null,"seo_analyzer_scan_date":"2025-10-08 20:57:14","breadcrumb_settings":null,"limit_modified_date":false,"reviewed_by":null,"open_ai":null,"ai":null,"created":"2024-01-03 18:45:57","updated":"2026-02-04 10:22:16"},"aioseo_breadcrumb":"<div class=\"aioseo-breadcrumbs\"><span class=\"aioseo-breadcrumb\">\n\t<a href=\"https:\/\/soymigrante.com\/revista\" title=\"Home\">Home<\/a>\n<\/span><span class=\"aioseo-breadcrumb-separator\">\u00bb<\/span><span class=\"aioseo-breadcrumb\">\n\t<a href=\"https:\/\/soymigrante.com\/revista\/category\/exitos\/\" title=\"\u00c9xitos\">\u00c9xitos<\/a>\n<\/span><span class=\"aioseo-breadcrumb-separator\">\u00bb<\/span><span class=\"aioseo-breadcrumb\">\n\tBrilla en NY la energ\u00eda festiva y laboriosa de la migrante Karina Onofre\n<\/span><\/div>","aioseo_breadcrumb_json":[{"label":"Home","link":"https:\/\/soymigrante.com\/revista"},{"label":"\u00c9xitos","link":"https:\/\/soymigrante.com\/revista\/category\/exitos\/"},{"label":"Brilla en NY la energ\u00eda festiva y laboriosa de la migrante Karina Onofre","link":"https:\/\/soymigrante.com\/revista\/karina-onofre-migrante-emprendedora-guatemalteca-nueva-york\/"}],"_links":{"self":[{"href":"https:\/\/soymigrante.com\/revista\/wp-json\/wp\/v2\/posts\/4215","targetHints":{"allow":["GET"]}}],"collection":[{"href":"https:\/\/soymigrante.com\/revista\/wp-json\/wp\/v2\/posts"}],"about":[{"href":"https:\/\/soymigrante.com\/revista\/wp-json\/wp\/v2\/types\/post"}],"author":[{"embeddable":true,"href":"https:\/\/soymigrante.com\/revista\/wp-json\/wp\/v2\/users\/7"}],"replies":[{"embeddable":true,"href":"https:\/\/soymigrante.com\/revista\/wp-json\/wp\/v2\/comments?post=4215"}],"version-history":[{"count":0,"href":"https:\/\/soymigrante.com\/revista\/wp-json\/wp\/v2\/posts\/4215\/revisions"}],"wp:featuredmedia":[{"embeddable":true,"href":"https:\/\/soymigrante.com\/revista\/wp-json\/wp\/v2\/media\/4219"}],"wp:attachment":[{"href":"https:\/\/soymigrante.com\/revista\/wp-json\/wp\/v2\/media?parent=4215"}],"wp:term":[{"taxonomy":"category","embeddable":true,"href":"https:\/\/soymigrante.com\/revista\/wp-json\/wp\/v2\/categories?post=4215"},{"taxonomy":"post_tag","embeddable":true,"href":"https:\/\/soymigrante.com\/revista\/wp-json\/wp\/v2\/tags?post=4215"}],"curies":[{"name":"wp","href":"https:\/\/api.w.org\/{rel}","templated":true}]}}