{"id":42131,"date":"2025-08-15T08:00:00","date_gmt":"2025-08-15T14:00:00","guid":{"rendered":"https:\/\/soymigrante.com\/revista\/?p=42131"},"modified":"2025-08-14T21:00:18","modified_gmt":"2025-08-15T03:00:18","slug":"cementerio-general-de-guatemala-historia-arte-y-leyendas","status":"publish","type":"post","link":"https:\/\/soymigrante.com\/revista\/cementerio-general-de-guatemala-historia-arte-y-leyendas\/","title":{"rendered":"Cementerio General de Guatemala: historia, arte y leyendas"},"content":{"rendered":"\t\t<div data-elementor-type=\"wp-post\" data-elementor-id=\"42131\" class=\"elementor elementor-42131\" data-elementor-post-type=\"post\">\n\t\t\t\t<div data-particle_enable=\"false\" data-particle-mobile-disabled=\"false\" class=\"elementor-element elementor-element-d5b3923 e-flex e-con-boxed e-con e-parent\" data-id=\"d5b3923\" data-element_type=\"container\" data-e-type=\"container\">\n\t\t\t\t\t<div class=\"e-con-inner\">\n\t\t\t\t<div class=\"elementor-element elementor-element-c5ec1c5 elementor-widget elementor-widget-heading\" data-id=\"c5ec1c5\" data-element_type=\"widget\" data-e-type=\"widget\" data-widget_type=\"heading.default\">\n\t\t\t\t\t<h2 class=\"elementor-heading-title elementor-size-default\">El Cementerio General de Guatemala tiene historia, arte y leyendas que nos hacen estremecer, pero tambi\u00e9n es un lugar de respeto.\n<\/h2>\t\t\t\t<\/div>\n\t\t\t\t\t<\/div>\n\t\t\t\t<\/div>\n\t\t<div data-particle_enable=\"false\" data-particle-mobile-disabled=\"false\" class=\"elementor-element elementor-element-01a47fa e-flex e-con-boxed e-con e-parent\" data-id=\"01a47fa\" data-element_type=\"container\" data-e-type=\"container\">\n\t\t\t\t\t<div class=\"e-con-inner\">\n\t\t\t\t<div class=\"elementor-element elementor-element-c6b17b4 elementor-widget elementor-widget-text-editor\" data-id=\"c6b17b4\" data-element_type=\"widget\" data-e-type=\"widget\" data-widget_type=\"text-editor.default\">\n\t\t\t\t\t\t\t\t\t<p><a href=\"https:\/\/soymigrante.com\/revista\/descubre-la-ruta-historica-de-la-ciudad-de-guatemala-un-viaje-de-memorias\/\" target=\"_blank\" rel=\"noopener\">Ubicado en la zona 3 de la capital, el Cementerio General de Guatemala<\/a> no es solo el lugar de descanso de miles de personas, sino tambi\u00e9n un museo al aire libre y un escenario de historias que combinan arte, memoria y misterio.<\/p><p>Inaugurado en 1881, este camposanto alberga mausoleos imponentes, esculturas de m\u00e1rmol y panteones que reflejan la grandeza de distintas \u00e9pocas de la historia guatemalteca.<\/p>\t\t\t\t\t\t\t\t<\/div>\n\t\t\t\t\t<\/div>\n\t\t\t\t<\/div>\n\t\t<div data-particle_enable=\"false\" data-particle-mobile-disabled=\"false\" class=\"elementor-element elementor-element-9ef7b6d e-flex e-con-boxed e-con e-parent\" data-id=\"9ef7b6d\" data-element_type=\"container\" data-e-type=\"container\">\n\t\t\t\t\t<div class=\"e-con-inner\">\n\t\t\t\t<div class=\"elementor-element elementor-element-d79a637 elementor-widget elementor-widget-google_maps\" data-id=\"d79a637\" data-element_type=\"widget\" data-e-type=\"widget\" data-widget_type=\"google_maps.default\">\n\t\t\t\t\t\t\t<div class=\"elementor-custom-embed\">\n\t\t\t<iframe loading=\"lazy\"\n\t\t\t\t\tsrc=\"https:\/\/maps.google.com\/maps?q=cementerio%20general&#038;t=m&#038;z=10&#038;output=embed&#038;iwloc=near\"\n\t\t\t\t\ttitle=\"cementerio general\"\n\t\t\t\t\taria-label=\"cementerio general\"\n\t\t\t><\/iframe>\n\t\t<\/div>\n\t\t\t\t\t\t<\/div>\n\t\t\t\t\t<\/div>\n\t\t\t\t<\/div>\n\t\t<div data-particle_enable=\"false\" data-particle-mobile-disabled=\"false\" class=\"elementor-element elementor-element-2de5650 e-flex e-con-boxed e-con e-parent\" data-id=\"2de5650\" data-element_type=\"container\" data-e-type=\"container\">\n\t\t\t\t\t<div class=\"e-con-inner\">\n\t\t\t\t<div class=\"elementor-element elementor-element-0ece0bc elementor-widget elementor-widget-heading\" data-id=\"0ece0bc\" data-element_type=\"widget\" data-e-type=\"widget\" data-widget_type=\"heading.default\">\n\t\t\t\t\t<h3 class=\"elementor-heading-title elementor-size-default\">Personajes en el cementerio <\/h3>\t\t\t\t<\/div>\n\t\t\t\t\t<\/div>\n\t\t\t\t<\/div>\n\t\t<div data-particle_enable=\"false\" data-particle-mobile-disabled=\"false\" class=\"elementor-element elementor-element-982b659 e-flex e-con-boxed e-con e-parent\" data-id=\"982b659\" data-element_type=\"container\" data-e-type=\"container\">\n\t\t\t\t\t<div class=\"e-con-inner\">\n\t\t\t\t<div class=\"elementor-element elementor-element-88cd96e elementor-widget elementor-widget-text-editor\" data-id=\"88cd96e\" data-element_type=\"widget\" data-e-type=\"widget\" data-widget_type=\"text-editor.default\">\n\t\t\t\t\t\t\t\t\t<p><a href=\"https:\/\/soymigrante.com\/revista\/descubre-la-ruta-historica-de-la-ciudad-de-guatemala-un-viaje-de-memorias\/\" target=\"_blank\" rel=\"noopener\">Caminar por sus avenidas es recorrer un libro abierto<\/a>: aqu\u00ed descansan expresidentes, poetas, empresarios y figuras emblem\u00e1ticas de la cultura nacional. Entre los m\u00e1s visitados est\u00e1n las tumbas de Justo Rufino Barrios, Miguel \u00c1ngel Asturias y Mar\u00eda Chinchilla.<\/p>\t\t\t\t\t\t\t\t<\/div>\n\t\t\t\t\t<\/div>\n\t\t\t\t<\/div>\n\t\t<div data-particle_enable=\"false\" data-particle-mobile-disabled=\"false\" class=\"elementor-element elementor-element-34080c8 e-flex e-con-boxed e-con e-parent\" data-id=\"34080c8\" data-element_type=\"container\" data-e-type=\"container\">\n\t\t\t\t\t<div class=\"e-con-inner\">\n\t\t\t\t<div class=\"elementor-element elementor-element-78b0259 elementor-widget elementor-widget-heading\" data-id=\"78b0259\" data-element_type=\"widget\" data-e-type=\"widget\" data-widget_type=\"heading.default\">\n\t\t\t\t\t<h3 class=\"elementor-heading-title elementor-size-default\">Leyendas de ac\u00e1 y all\u00e1 <\/h3>\t\t\t\t<\/div>\n\t\t\t\t\t<\/div>\n\t\t\t\t<\/div>\n\t\t<div data-particle_enable=\"false\" data-particle-mobile-disabled=\"false\" class=\"elementor-element elementor-element-05ee856 e-flex e-con-boxed e-con e-parent\" data-id=\"05ee856\" data-element_type=\"container\" data-e-type=\"container\">\n\t\t\t\t\t<div class=\"e-con-inner\">\n\t\t\t\t<div class=\"elementor-element elementor-element-4ada80f elementor-widget elementor-widget-text-editor\" data-id=\"4ada80f\" data-element_type=\"widget\" data-e-type=\"widget\" data-widget_type=\"text-editor.default\">\n\t\t\t\t\t\t\t\t\t<p><a href=\"https:\/\/soymigrante.com\/revista\/descubre-la-ruta-historica-de-la-ciudad-de-guatemala-un-viaje-de-memorias\/\" target=\"_blank\" rel=\"noopener\">Pero no todo es solemnidad y belleza arquitect\u00f3nica. Entre pasillos y l\u00e1pidas tambi\u00e9n viven las leyendas.<\/a> Visitantes y trabajadores han contado que, al caer la noche, se escuchan pasos, susurros y hasta llantos que no parecen de este mundo.<\/p><p>Algunos aseguran haber visto sombras moverse entre las tumbas o figuras vestidas de blanco que desaparecen al acercarse. Hay quien afirma que, en la zona de los mausoleos antiguos, se sienten escalofr\u00edos sin explicaci\u00f3n y que las velas encendidas en ciertas tumbas se prenden solas.<\/p>\t\t\t\t\t\t\t\t<\/div>\n\t\t\t\t\t<\/div>\n\t\t\t\t<\/div>\n\t\t<div data-particle_enable=\"false\" data-particle-mobile-disabled=\"false\" class=\"elementor-element elementor-element-94da478 e-flex e-con-boxed e-con e-parent\" data-id=\"94da478\" data-element_type=\"container\" data-e-type=\"container\">\n\t\t\t\t\t<div class=\"e-con-inner\">\n\t\t\t\t<div class=\"elementor-element elementor-element-0b25205 elementor-widget elementor-widget-image\" data-id=\"0b25205\" data-element_type=\"widget\" data-e-type=\"widget\" data-widget_type=\"image.default\">\n\t\t\t\t\t\t\t\t\t\t\t\t<figure class=\"wp-caption\">\n\t\t\t\t\t\t\t\t\t\t<img fetchpriority=\"high\" decoding=\"async\" width=\"768\" height=\"602\" src=\"https:\/\/soymigrante.com\/revista\/wp-content\/uploads\/2025\/08\/cementerio-general-3-1024x802.jpg\" class=\"attachment-large size-large wp-image-42138\" alt=\"\u00c1rboles grandes y un cementerio con tumbas en un entorno tranquilo y sombr\u00edo en un d\u00eda soleado en un barrio antiguo de la ciudad.\" srcset=\"https:\/\/soymigrante.com\/revista\/wp-content\/uploads\/2025\/08\/cementerio-general-3-1024x802.jpg 1024w, https:\/\/soymigrante.com\/revista\/wp-content\/uploads\/2025\/08\/cementerio-general-3-300x235.jpg 300w, https:\/\/soymigrante.com\/revista\/wp-content\/uploads\/2025\/08\/cementerio-general-3-768x602.jpg 768w, https:\/\/soymigrante.com\/revista\/wp-content\/uploads\/2025\/08\/cementerio-general-3-750x588.webp 750w, https:\/\/soymigrante.com\/revista\/wp-content\/uploads\/2025\/08\/cementerio-general-3-1140x893.webp 1140w, https:\/\/soymigrante.com\/revista\/wp-content\/uploads\/2025\/08\/cementerio-general-3.webp 1200w\" sizes=\"(max-width: 768px) 100vw, 768px\" title=\"A la fecha se desconoce cuentas tumbas tiene el cementerio. (Foto: INGUAT) \u2013 SoyMigrante.com REVISTA\" \/>\t\t\t\t\t\t\t\t\t\t\t<figcaption class=\"widget-image-caption wp-caption-text\">Cementerio hist\u00f3rico rodeado de \u00e1rboles grandes con mausoleos antiguos y un ambiente pac\u00edfico en un entorno urbano, ideal para historia y cultura.<\/figcaption>\n\t\t\t\t\t\t\t\t\t\t<\/figure>\n\t\t\t\t\t\t\t\t\t<\/div>\n\t\t\t\t\t<\/div>\n\t\t\t\t<\/div>\n\t\t<div data-particle_enable=\"false\" data-particle-mobile-disabled=\"false\" class=\"elementor-element elementor-element-a25b204 e-flex e-con-boxed e-con e-parent\" data-id=\"a25b204\" data-element_type=\"container\" data-e-type=\"container\">\n\t\t\t\t\t<div class=\"e-con-inner\">\n\t\t\t\t<div class=\"elementor-element elementor-element-4b68ff1 elementor-widget elementor-widget-heading\" data-id=\"4b68ff1\" data-element_type=\"widget\" data-e-type=\"widget\" data-widget_type=\"heading.default\">\n\t\t\t\t\t<h3 class=\"elementor-heading-title elementor-size-default\">Un lugar para recordar <\/h3>\t\t\t\t<\/div>\n\t\t\t\t\t<\/div>\n\t\t\t\t<\/div>\n\t\t<div data-particle_enable=\"false\" data-particle-mobile-disabled=\"false\" class=\"elementor-element elementor-element-8e8a4f2 e-flex e-con-boxed e-con e-parent\" data-id=\"8e8a4f2\" data-element_type=\"container\" data-e-type=\"container\">\n\t\t\t\t\t<div class=\"e-con-inner\">\n\t\t\t\t<div class=\"elementor-element elementor-element-a9e6c59 elementor-widget elementor-widget-text-editor\" data-id=\"a9e6c59\" data-element_type=\"widget\" data-e-type=\"widget\" data-widget_type=\"text-editor.default\">\n\t\t\t\t\t\t\t\t\t<p><a href=\"https:\/\/soymigrante.com\/revista\/descubre-la-ruta-historica-de-la-ciudad-de-guatemala-un-viaje-de-memorias\/\" target=\"_blank\" rel=\"noopener\">El Cementerio General tambi\u00e9n se convierte en un lugar muy concurrido cada 1 de noviembre<\/a>, cuando familias enteras llegan para honrar a sus seres queridos con flores, m\u00fasica y comida, transformando el silencio habitual en un ambiente lleno de color y vida.<\/p><p>Sea por su valor hist\u00f3rico, por su impresionante arte funerario o por las historias que hacen erizar la piel, este camposanto sigue siendo uno de los lugares m\u00e1s fascinantes y enigm\u00e1ticos de la ciudad de Guatemala.<\/p>\t\t\t\t\t\t\t\t<\/div>\n\t\t\t\t\t<\/div>\n\t\t\t\t<\/div>\n\t\t<div data-particle_enable=\"false\" data-particle-mobile-disabled=\"false\" class=\"elementor-element elementor-element-f758f02 e-flex e-con-boxed e-con e-parent\" data-id=\"f758f02\" data-element_type=\"container\" data-e-type=\"container\">\n\t\t\t\t\t<div class=\"e-con-inner\">\n\t\t\t\t<div class=\"elementor-element elementor-element-d36b27b elementor-widget elementor-widget-image\" data-id=\"d36b27b\" data-element_type=\"widget\" data-e-type=\"widget\" data-widget_type=\"image.default\">\n\t\t\t\t\t\t\t\t\t\t\t\t<figure class=\"wp-caption\">\n\t\t\t\t\t\t\t\t\t\t<img decoding=\"async\" width=\"768\" height=\"384\" src=\"https:\/\/soymigrante.com\/revista\/wp-content\/uploads\/2025\/08\/cementerio-general-5.webp\" class=\"attachment-large size-large wp-image-42139\" alt=\"Puerta de entrada hist\u00f3rica en una ciudad mexicana, s\u00edmbolo de migraci\u00f3n y ra\u00edces culturales en M\u00e9xico y Estados Unidos. Imagen en blanco y negro relacionada con temas de migrantes y comunidades fronterizas.\" srcset=\"https:\/\/soymigrante.com\/revista\/wp-content\/uploads\/2025\/08\/cementerio-general-5.webp 800w, https:\/\/soymigrante.com\/revista\/wp-content\/uploads\/2025\/08\/cementerio-general-5-300x150.jpg 300w, https:\/\/soymigrante.com\/revista\/wp-content\/uploads\/2025\/08\/cementerio-general-5-768x384.jpg 768w, https:\/\/soymigrante.com\/revista\/wp-content\/uploads\/2025\/08\/cementerio-general-5-360x180.webp 360w, https:\/\/soymigrante.com\/revista\/wp-content\/uploads\/2025\/08\/cementerio-general-5-750x375.webp 750w\" sizes=\"(max-width: 768px) 100vw, 768px\" title=\"El cementerio alberga el recuerdo de cientos de personas. (Foto: INGUAT) \u2013 SoyMigrante.com REVISTA\" \/>\t\t\t\t\t\t\t\t\t\t\t<figcaption class=\"widget-image-caption wp-caption-text\">Puerta de entrada emblem\u00e1tica en ciudad mexicana, representando temas migratorios y comunidades en frontera entre M\u00e9xico y Estados Unidos, ideal para art\u00edculos y publicaciones sobre migraci\u00f3n y cultura.<\/figcaption>\n\t\t\t\t\t\t\t\t\t\t<\/figure>\n\t\t\t\t\t\t\t\t\t<\/div>\n\t\t\t\t\t<\/div>\n\t\t\t\t<\/div>\n\t\t<div data-particle_enable=\"false\" data-particle-mobile-disabled=\"false\" class=\"elementor-element elementor-element-55120b1 e-flex e-con-boxed e-con e-parent\" data-id=\"55120b1\" data-element_type=\"container\" data-e-type=\"container\">\n\t\t\t\t\t<div class=\"e-con-inner\">\n\t\t\t\t<div class=\"elementor-element elementor-element-584b260 elementor-widget elementor-widget-heading\" data-id=\"584b260\" data-element_type=\"widget\" data-e-type=\"widget\" data-widget_type=\"heading.default\">\n\t\t\t\t\t<h3 class=\"elementor-heading-title elementor-size-default\">Capacidad al tope <\/h3>\t\t\t\t<\/div>\n\t\t\t\t\t<\/div>\n\t\t\t\t<\/div>\n\t\t<div data-particle_enable=\"false\" data-particle-mobile-disabled=\"false\" class=\"elementor-element elementor-element-b8013a8 e-flex e-con-boxed e-con e-parent\" data-id=\"b8013a8\" data-element_type=\"container\" data-e-type=\"container\">\n\t\t\t\t\t<div class=\"e-con-inner\">\n\t\t\t\t<div class=\"elementor-element elementor-element-1bfa28b elementor-widget elementor-widget-text-editor\" data-id=\"1bfa28b\" data-element_type=\"widget\" data-e-type=\"widget\" data-widget_type=\"text-editor.default\">\n\t\t\t\t\t\t\t\t\t<p>Las autoridades del Ministerio de Salud de Guatemala han informado que el camposanto ya se encuentra sobre su capacidad y que a\u00f1o tras a\u00f1o se van liberando tumbas, <a href=\"https:\/\/soymigrante.com\/revista\/descubre-la-ruta-historica-de-la-ciudad-de-guatemala-un-viaje-de-memorias\/\" target=\"_blank\" rel=\"noopener\">porque algunos familiares dejan de pagar por la limpieza del lugar a la fecha se desconocen cuantas tumbas tiene el cementerio.<\/a><\/p>\t\t\t\t\t\t\t\t<\/div>\n\t\t\t\t\t<\/div>\n\t\t\t\t<\/div>\n\t\t<div data-particle_enable=\"false\" data-particle-mobile-disabled=\"false\" class=\"elementor-element elementor-element-c421b36 e-flex e-con-boxed e-con e-parent\" data-id=\"c421b36\" data-element_type=\"container\" data-e-type=\"container\">\n\t\t\t\t\t<div class=\"e-con-inner\">\n\t\t\t\t<div class=\"elementor-element elementor-element-ccae740 elementor-widget elementor-widget-heading\" data-id=\"ccae740\" data-element_type=\"widget\" data-e-type=\"widget\" data-widget_type=\"heading.default\">\n\t\t\t\t\t<h2 class=\"elementor-heading-title elementor-size-default\">Conoce m\u00e1s de otros lugares de Guatemala, ac\u00e1...<\/h2>\t\t\t\t<\/div>\n\t\t\t\t\t<\/div>\n\t\t\t\t<\/div>\n\t\t<div data-particle_enable=\"false\" data-particle-mobile-disabled=\"false\" class=\"elementor-element elementor-element-9770393 e-flex e-con-boxed e-con e-parent\" data-id=\"9770393\" data-element_type=\"container\" data-e-type=\"container\">\n\t\t\t\t\t<div class=\"e-con-inner\">\n\t\t\t\t<div class=\"elementor-element elementor-element-90375ab elementor-grid-eael-col-3 elementor-grid-tablet-eael-col-2 elementor-grid-mobile-eael-col-1 elementor-invisible elementor-widget elementor-widget-eael-post-grid\" data-id=\"90375ab\" data-element_type=\"widget\" data-e-type=\"widget\" data-settings=\"{&quot;eael_post_grid_columns&quot;:&quot;eael-col-3&quot;,&quot;_animation&quot;:&quot;rollIn&quot;,&quot;eael_post_grid_columns_tablet&quot;:&quot;eael-col-2&quot;,&quot;eael_post_grid_columns_mobile&quot;:&quot;eael-col-1&quot;}\" data-widget_type=\"eael-post-grid.default\">\n\t\t\t\t\t<div id=\"eael-post-grid-90375ab\" class=\"eael-post-grid-container\">\n            <div class=\"eael-post-grid eael-post-appender eael-post-appender-90375ab eael-post-grid-style-one\" data-layout-mode=\"masonry\"><article class=\"eael-grid-post  eael-post-grid-column eael-pg-post-40976 category-guate-nuestra\" data-id=\"40976\">\n        <div class=\"eael-grid-post-holder\">\n            <div class=\"eael-grid-post-holder-inner\"><div class=\"eael-entry-media\"><div class=\"eael-entry-overlay fade-in\"><i class=\"far fa-hand-pointer\" aria-hidden=\"true\"><\/i><a href=\"https:\/\/soymigrante.com\/revista\/catedral-metropolitana-de-guatemala-historia-fe-y-paz-en-el-corazon-de-la-capital\/\"><\/a><\/div><div class=\"eael-entry-thumbnail \">\n                <img decoding=\"async\" width=\"504\" height=\"504\" src=\"https:\/\/soymigrante.com\/revista\/wp-content\/uploads\/2025\/07\/Catedral-metropolitana-3-e1753996409329.webp\" class=\"attachment-large size-large wp-image-40977\" alt=\"Majestuosa fachada de una catedral colonial en una ciudad hist\u00f3rica, con torres gemelas y un cielo nublado, representando arquitectura religiosa y patrimonio cultural en Latinoam\u00e9rica.\" srcset=\"https:\/\/soymigrante.com\/revista\/wp-content\/uploads\/2025\/07\/Catedral-metropolitana-3-e1753996409329.webp 504w, https:\/\/soymigrante.com\/revista\/wp-content\/uploads\/2025\/07\/Catedral-metropolitana-3-e1753996409329-300x300.webp 300w, https:\/\/soymigrante.com\/revista\/wp-content\/uploads\/2025\/07\/Catedral-metropolitana-3-e1753996409329-150x150.webp 150w, https:\/\/soymigrante.com\/revista\/wp-content\/uploads\/2025\/07\/Catedral-metropolitana-3-e1753996409329-75x75.webp 75w\" sizes=\"(max-width: 504px) 100vw, 504px\" \/>\n            <\/div>\n        <\/div><div class=\"eael-entry-wrapper\"><header class=\"eael-entry-header\"><h2 class=\"eael-entry-title\"><a class=\"eael-grid-post-link\" href=\"https:\/\/soymigrante.com\/revista\/catedral-metropolitana-de-guatemala-historia-fe-y-paz-en-el-corazon-de-la-capital\/\" title=\"Catedral Metropolitana de Guatemala: historia, fe y paz en el coraz\u00f3n de la capital\">Catedral Metropolitana de Guatemala: historia, fe y paz en el coraz\u00f3n de la capital<\/a><\/h2><\/header><div class=\"eael-entry-content\">\n                        <div class=\"eael-grid-post-excerpt\"><a href=\"https:\/\/soymigrante.com\/revista\/catedral-metropolitana-de-guatemala-historia-fe-y-paz-en-el-corazon-de-la-capital\/\" class=\"eael-post-elements-readmore-btn\">CONOCE SU HISTORIA <\/a><\/div>\n                    <\/div><\/div><\/div>\n        <\/div>\n    <\/article><article class=\"eael-grid-post  eael-post-grid-column eael-pg-post-41901 category-guate-nuestra\" data-id=\"41901\">\n        <div class=\"eael-grid-post-holder\">\n            <div class=\"eael-grid-post-holder-inner\"><div class=\"eael-entry-media\"><div class=\"eael-entry-overlay fade-in\"><i class=\"far fa-hand-pointer\" aria-hidden=\"true\"><\/i><a href=\"https:\/\/soymigrante.com\/revista\/mercado-de-flores-tradicion-y-color-en-la-zona-3-de-guatemala\/\"><\/a><\/div><div class=\"eael-entry-thumbnail \">\n                <img loading=\"lazy\" decoding=\"async\" width=\"452\" height=\"452\" src=\"https:\/\/soymigrante.com\/revista\/wp-content\/uploads\/2025\/08\/mercado-de-flores-3-e1755028554312.webp\" class=\"attachment-large size-large wp-image-41902\" alt=\"Flores en el mercado de flores, Mercado de Flores, flores frescas y arreglos florales, entorno colorido y vibrante en el mercado, lugar popular para comprar flores en SoyMigrante.com REVISTA.\" srcset=\"https:\/\/soymigrante.com\/revista\/wp-content\/uploads\/2025\/08\/mercado-de-flores-3-e1755028554312.webp 452w, https:\/\/soymigrante.com\/revista\/wp-content\/uploads\/2025\/08\/mercado-de-flores-3-e1755028554312-300x300.jpg 300w, https:\/\/soymigrante.com\/revista\/wp-content\/uploads\/2025\/08\/mercado-de-flores-3-e1755028554312-150x150.jpg 150w, https:\/\/soymigrante.com\/revista\/wp-content\/uploads\/2025\/08\/mercado-de-flores-3-e1755028554312-75x75.webp 75w\" sizes=\"(max-width: 452px) 100vw, 452px\" \/>\n            <\/div>\n        <\/div><div class=\"eael-entry-wrapper\"><header class=\"eael-entry-header\"><h2 class=\"eael-entry-title\"><a class=\"eael-grid-post-link\" href=\"https:\/\/soymigrante.com\/revista\/mercado-de-flores-tradicion-y-color-en-la-zona-3-de-guatemala\/\" title=\"Mercado de Flores: Tradici\u00f3n y color cerca del Cementerio General de Guatemala\">Mercado de Flores: Tradici\u00f3n y color cerca del Cementerio General de Guatemala<\/a><\/h2><\/header><div class=\"eael-entry-content\">\n                        <div class=\"eael-grid-post-excerpt\"><a href=\"https:\/\/soymigrante.com\/revista\/mercado-de-flores-tradicion-y-color-en-la-zona-3-de-guatemala\/\" class=\"eael-post-elements-readmore-btn\">CONOCE SU HISTORIA <\/a><\/div>\n                    <\/div><\/div><\/div>\n        <\/div>\n    <\/article><article class=\"eael-grid-post  eael-post-grid-column eael-pg-post-38394 category-guate-nuestra\" data-id=\"38394\">\n        <div class=\"eael-grid-post-holder\">\n            <div class=\"eael-grid-post-holder-inner\"><div class=\"eael-entry-media\"><div class=\"eael-entry-overlay fade-in\"><i class=\"far fa-hand-pointer\" aria-hidden=\"true\"><\/i><a href=\"https:\/\/soymigrante.com\/revista\/lugares-emblematicos-de-guatemala-el-palacio-nacional-de-la-cultura\/\"><\/a><\/div><div class=\"eael-entry-thumbnail \">\n                <img loading=\"lazy\" decoding=\"async\" width=\"940\" height=\"627\" src=\"https:\/\/soymigrante.com\/revista\/wp-content\/uploads\/2025\/07\/palacio-nacional-de-la-cultura-e1751579496903.webp\" class=\"attachment-large size-large wp-image-38395\" alt=\"Palacio del Congreso de Guatemala con bandera nacional y vista del edificio hist\u00f3rico en el centro de la ciudad.\" \/>\n            <\/div>\n        <\/div><div class=\"eael-entry-wrapper\"><header class=\"eael-entry-header\"><h2 class=\"eael-entry-title\"><a class=\"eael-grid-post-link\" href=\"https:\/\/soymigrante.com\/revista\/lugares-emblematicos-de-guatemala-el-palacio-nacional-de-la-cultura\/\" title=\"Lugares emblem\u00e1ticos de Guatemala: el Palacio Nacional de la Cultura\">Lugares emblem\u00e1ticos de Guatemala: el Palacio Nacional de la Cultura<\/a><\/h2><\/header><div class=\"eael-entry-content\">\n                        <div class=\"eael-grid-post-excerpt\"><a href=\"https:\/\/soymigrante.com\/revista\/lugares-emblematicos-de-guatemala-el-palacio-nacional-de-la-cultura\/\" class=\"eael-post-elements-readmore-btn\">CONOCE SU HISTORIA <\/a><\/div>\n                    <\/div><\/div><\/div>\n        <\/div>\n    <\/article><\/div>\n            <div class=\"clearfix\"><\/div>\n        <\/div>\t\t\t\t<\/div>\n\t\t\t\t\t<\/div>\n\t\t\t\t<\/div>\n\t\t\t\t<\/div>\n\t\t","protected":false},"excerpt":{"rendered":"<p>El Cementerio General de Guatemala tiene historia, arte y leyendas que nos hacen estremecer, pero tambi\u00e9n es un lugar de respeto. Ubicado en la zona 3 de la capital, el Cementerio General de Guatemala no es solo el lugar de descanso de miles de personas, sino tambi\u00e9n un museo al aire libre y un escenario [&hellip;]<\/p>\n","protected":false},"author":19,"featured_media":42132,"comment_status":"open","ping_status":"open","sticky":false,"template":"","format":"standard","meta":{"_acf_changed":false,"_eb_attr":"","footnotes":""},"categories":[58],"tags":[],"class_list":["post-42131","post","type-post","status-publish","format-standard","has-post-thumbnail","hentry","category-guate-nuestra"],"acf":[],"aioseo_notices":[],"aioseo_head":"\n\t\t<!-- All in One SEO Pro 4.9.6.2 - aioseo.com -->\n\t<meta name=\"description\" content=\"El Palacio Nacional de la Cultura de Guatemala es rico en historia, arquitectura, arte y memorias. Como y cu\u00e1ndo se puede visitar.\" \/>\n\t<meta name=\"robots\" content=\"max-snippet:-1, max-image-preview:large, max-video-preview:-1\" \/>\n\t<meta name=\"author\" content=\"Marysabel Aldana\"\/>\n\t<link rel=\"canonical\" href=\"https:\/\/soymigrante.com\/revista\/lugares-emblematicos-de-guatemala-el-palacio-nacional-de-la-cultura\/\" \/>\n\t<meta name=\"generator\" content=\"All in One SEO Pro (AIOSEO) 4.9.6.2\" \/>\n\n\t\t<link rel=\"preconnect\" href=\"https:\/\/fonts.googleapis.com\" crossorigin>\n<link rel=\"preconnect\" href=\"https:\/\/fonts.gstatic.com\" crossorigin>\n\t\t<meta property=\"og:locale\" content=\"es_ES\" \/>\n\t\t<meta property=\"og:site_name\" content=\"SoyMigrante.com REVISTA \u2013 Nuestra misi\u00f3n es reconocer y dignificar al migrante.\" \/>\n\t\t<meta property=\"og:type\" content=\"article\" \/>\n\t\t<meta property=\"og:title\" content=\"Lugares emblem\u00e1ticos de Guatemala: el Palacio Nacional de la Cultura\" \/>\n\t\t<meta property=\"og:description\" content=\"El Palacio Nacional de la Cultura de Guatemala es rico en historia, arquitectura, arte y memorias. Como y cu\u00e1ndo se puede visitar.\" \/>\n\t\t<meta property=\"og:url\" content=\"https:\/\/soymigrante.com\/revista\/lugares-emblematicos-de-guatemala-el-palacio-nacional-de-la-cultura\/\" \/>\n\t\t<meta property=\"og:image\" content=\"https:\/\/soymigrante.com\/revista\/wp-content\/uploads\/2025\/07\/palacio-nacional-de-la-cultura-e1751579496903.webp\" \/>\n\t\t<meta property=\"og:image:secure_url\" content=\"https:\/\/soymigrante.com\/revista\/wp-content\/uploads\/2025\/07\/palacio-nacional-de-la-cultura-e1751579496903.webp\" \/>\n\t\t<meta property=\"og:image:width\" content=\"940\" \/>\n\t\t<meta property=\"og:image:height\" content=\"627\" \/>\n\t\t<meta property=\"article:published_time\" content=\"2025-07-07T20:00:00+00:00\" \/>\n\t\t<meta property=\"article:modified_time\" content=\"2025-07-07T19:26:09+00:00\" \/>\n\t\t<meta property=\"article:publisher\" content=\"https:\/\/www.facebook.com\/soymigrantecom\" \/>\n\t\t<meta name=\"twitter:card\" content=\"summary_large_image\" \/>\n\t\t<meta name=\"twitter:site\" content=\"@SoyMigrante_com\" \/>\n\t\t<meta name=\"twitter:title\" content=\"Lugares emblem\u00e1ticos de Guatemala: el Palacio Nacional de la Cultura\" \/>\n\t\t<meta name=\"twitter:description\" content=\"El Palacio Nacional de la Cultura de Guatemala es rico en historia, arquitectura, arte y memorias. Como y cu\u00e1ndo se puede visitar.\" \/>\n\t\t<meta name=\"twitter:creator\" content=\"@SoyMigrante_com\" \/>\n\t\t<meta name=\"twitter:image\" content=\"https:\/\/soymigrante.com\/revista\/wp-content\/uploads\/2025\/07\/palacio-nacional-de-la-cultura-e1751579496903.webp\" \/>\n\t\t<!-- All in One SEO Pro -->\r\n\t\t<title>Lugares emblem\u00e1ticos de Guatemala: el Palacio Nacional de la Cultura<\/title>\n\n","aioseo_head_json":{"title":"Lugares emblem\u00e1ticos de Guatemala: el Palacio Nacional de la Cultura","description":"El Palacio Nacional de la Cultura de Guatemala es rico en historia, arquitectura, arte y memorias. Como y cu\u00e1ndo se puede visitar.","canonical_url":"https:\/\/soymigrante.com\/revista\/lugares-emblematicos-de-guatemala-el-palacio-nacional-de-la-cultura\/","robots":"max-snippet:-1, max-image-preview:large, max-video-preview:-1","keywords":"","webmasterTools":{"miscellaneous":"&lt;link rel=\"preconnect\" href=\"https:\/\/fonts.googleapis.com\" crossorigin&gt;\n&lt;link rel=\"preconnect\" href=\"https:\/\/fonts.gstatic.com\" crossorigin&gt;"},"schema":null,"og:locale":"es_ES","og:site_name":"SoyMigrante.com REVISTA \u2013 Nuestra misi\u00f3n es reconocer y dignificar al migrante.","og:type":"article","og:title":"Lugares emblem\u00e1ticos de Guatemala: el Palacio Nacional de la Cultura","og:description":"El Palacio Nacional de la Cultura de Guatemala es rico en historia, arquitectura, arte y memorias. Como y cu\u00e1ndo se puede visitar.","og:url":"https:\/\/soymigrante.com\/revista\/lugares-emblematicos-de-guatemala-el-palacio-nacional-de-la-cultura\/","og:image":"https:\/\/soymigrante.com\/revista\/wp-content\/uploads\/2025\/07\/palacio-nacional-de-la-cultura-e1751579496903.webp","og:image:secure_url":"https:\/\/soymigrante.com\/revista\/wp-content\/uploads\/2025\/07\/palacio-nacional-de-la-cultura-e1751579496903.webp","og:image:width":940,"og:image:height":627,"article:published_time":"2025-07-07T20:00:00+00:00","article:modified_time":"2025-07-07T19:26:09+00:00","article:publisher":"https:\/\/www.facebook.com\/soymigrantecom","twitter:card":"summary_large_image","twitter:site":"@SoyMigrante_com","twitter:title":"Lugares emblem\u00e1ticos de Guatemala: el Palacio Nacional de la Cultura","twitter:description":"El Palacio Nacional de la Cultura de Guatemala es rico en historia, arquitectura, arte y memorias. Como y cu\u00e1ndo se puede visitar.","twitter:creator":"@SoyMigrante_com","twitter:image":"https:\/\/soymigrante.com\/revista\/wp-content\/uploads\/2025\/07\/palacio-nacional-de-la-cultura-e1751579496903.webp"},"aioseo_meta_data":{"post_id":"42131","title":null,"description":"El Cementerio General de Guatemala tiene historia, arte y leyendas que nos hacen estremecer, pero tambi\u00e9n es un lugar de respeto.","keywords":null,"keyphrases":{"focus":{"keyphrase":"Cementerio general","score":91,"analysis":{"keyphraseInTitle":{"score":9,"maxScore":9,"error":0},"keyphraseInDescription":{"score":9,"maxScore":9,"error":0},"keyphraseLength":{"score":9,"maxScore":9,"error":0,"length":2},"keyphraseInURL":{"score":5,"maxScore":5,"error":0},"keyphraseInIntroduction":{"score":9,"maxScore":9,"error":0},"keyphraseInSubHeadings":{"score":3,"maxScore":9,"error":1},"keyphraseInImageAlt":{"score":9,"maxScore":9,"error":0},"keywordDensity":{"type":"best","score":9,"maxScore":9,"error":0}}},"additional":[{"keyphrase":"Guatemala","score":100,"analysis":{"keyphraseInDescription":{"score":9,"maxScore":9,"error":0},"keyphraseLength":{"score":9,"maxScore":9,"error":0,"length":1},"keyphraseInIntroduction":{"score":9,"maxScore":9,"error":0},"keyphraseInImageAlt":{"score":9,"maxScore":9,"error":0},"keywordDensity":{"type":"best","score":9,"maxScore":9,"error":0}}}]},"primary_term":null,"canonical_url":null,"og_title":null,"og_description":null,"og_object_type":"default","og_image_type":"default","og_image_url":null,"og_image_width":null,"og_image_height":null,"og_image_custom_url":null,"og_image_custom_fields":null,"og_video":"","og_custom_url":null,"og_article_section":null,"og_article_tags":null,"twitter_use_og":false,"twitter_card":"default","twitter_image_type":"default","twitter_image_url":null,"twitter_image_custom_url":null,"twitter_image_custom_fields":null,"twitter_title":null,"twitter_description":null,"schema":{"blockGraphs":[],"customGraphs":[],"default":{"data":{"Article":[],"Course":[],"Dataset":[],"FAQPage":[],"Movie":[],"Person":[],"Product":[],"ProductReview":[],"Car":[],"Recipe":[],"Service":[],"SoftwareApplication":[],"WebPage":[]},"graphName":"none","isEnabled":true},"graphs":[]},"schema_type":"default","schema_type_options":null,"pillar_content":false,"robots_default":true,"robots_noindex":false,"robots_noarchive":false,"robots_nosnippet":false,"robots_nofollow":false,"robots_noimageindex":false,"robots_noodp":false,"robots_notranslate":false,"robots_max_snippet":"-1","robots_max_videopreview":"-1","robots_max_imagepreview":"large","priority":null,"frequency":"default","local_seo":null,"seo_analyzer_scan_date":"2025-10-09 07:42:19","breadcrumb_settings":null,"limit_modified_date":false,"reviewed_by":"0","open_ai":null,"ai":{"faqs":[],"keyPoints":[],"titles":[],"descriptions":[],"socialPosts":{"email":[],"linkedin":[],"twitter":[],"facebook":[],"instagram":[]}},"created":"2025-08-15 01:15:52","updated":"2026-02-05 04:19:36"},"aioseo_breadcrumb":"<div class=\"aioseo-breadcrumbs\"><span class=\"aioseo-breadcrumb\">\n\t<a href=\"https:\/\/soymigrante.com\/revista\" title=\"Home\">Home<\/a>\n<\/span><span class=\"aioseo-breadcrumb-separator\">\u00bb<\/span><span class=\"aioseo-breadcrumb\">\n\t<a href=\"https:\/\/soymigrante.com\/revista\/category\/guate-nuestra\/\" title=\"Guate Nuestra\">Guate Nuestra<\/a>\n<\/span><span class=\"aioseo-breadcrumb-separator\">\u00bb<\/span><span class=\"aioseo-breadcrumb\">\n\tCementerio General de Guatemala: historia, arte y leyendas\n<\/span><\/div>","aioseo_breadcrumb_json":[{"label":"Home","link":"https:\/\/soymigrante.com\/revista"},{"label":"Guate Nuestra","link":"https:\/\/soymigrante.com\/revista\/category\/guate-nuestra\/"},{"label":"Cementerio General de Guatemala: historia, arte y leyendas","link":"https:\/\/soymigrante.com\/revista\/cementerio-general-de-guatemala-historia-arte-y-leyendas\/"}],"_links":{"self":[{"href":"https:\/\/soymigrante.com\/revista\/wp-json\/wp\/v2\/posts\/42131","targetHints":{"allow":["GET"]}}],"collection":[{"href":"https:\/\/soymigrante.com\/revista\/wp-json\/wp\/v2\/posts"}],"about":[{"href":"https:\/\/soymigrante.com\/revista\/wp-json\/wp\/v2\/types\/post"}],"author":[{"embeddable":true,"href":"https:\/\/soymigrante.com\/revista\/wp-json\/wp\/v2\/users\/19"}],"replies":[{"embeddable":true,"href":"https:\/\/soymigrante.com\/revista\/wp-json\/wp\/v2\/comments?post=42131"}],"version-history":[{"count":13,"href":"https:\/\/soymigrante.com\/revista\/wp-json\/wp\/v2\/posts\/42131\/revisions"}],"predecessor-version":[{"id":42168,"href":"https:\/\/soymigrante.com\/revista\/wp-json\/wp\/v2\/posts\/42131\/revisions\/42168"}],"wp:featuredmedia":[{"embeddable":true,"href":"https:\/\/soymigrante.com\/revista\/wp-json\/wp\/v2\/media\/42132"}],"wp:attachment":[{"href":"https:\/\/soymigrante.com\/revista\/wp-json\/wp\/v2\/media?parent=42131"}],"wp:term":[{"taxonomy":"category","embeddable":true,"href":"https:\/\/soymigrante.com\/revista\/wp-json\/wp\/v2\/categories?post=42131"},{"taxonomy":"post_tag","embeddable":true,"href":"https:\/\/soymigrante.com\/revista\/wp-json\/wp\/v2\/tags?post=42131"}],"curies":[{"name":"wp","href":"https:\/\/api.w.org\/{rel}","templated":true}]}}