{"id":42094,"date":"2025-08-15T06:00:00","date_gmt":"2025-08-15T12:00:00","guid":{"rendered":"https:\/\/soymigrante.com\/revista\/?p=42094"},"modified":"2026-03-05T15:51:11","modified_gmt":"2026-03-05T21:51:11","slug":"5-productos-muy-originales-que-puedes-encontrar-en-mercado-para-regalar-o-regalarte","status":"publish","type":"post","link":"https:\/\/soymigrante.com\/revista\/5-productos-muy-originales-que-puedes-encontrar-en-mercado-para-regalar-o-regalarte\/","title":{"rendered":"5 productos muy originales que puedes encontrar en MERCADO, para regalar o regalarte"},"content":{"rendered":"\t\t<div data-elementor-type=\"wp-post\" data-elementor-id=\"42094\" class=\"elementor elementor-42094\" data-elementor-post-type=\"post\">\n\t\t\t\t<div data-particle_enable=\"false\" data-particle-mobile-disabled=\"false\" class=\"elementor-element elementor-element-5441e42 e-flex e-con-boxed e-con e-parent\" data-id=\"5441e42\" data-element_type=\"container\" data-e-type=\"container\">\n\t\t\t\t\t<div class=\"e-con-inner\">\n\t\t\t\t<div class=\"elementor-element elementor-element-eea289f elementor-widget elementor-widget-heading\" data-id=\"eea289f\" data-element_type=\"widget\" data-e-type=\"widget\" data-widget_type=\"heading.default\">\n\t\t\t\t\t<h2 class=\"elementor-heading-title elementor-size-default\">Los productos de MERCADO son muy especiales, la mayor\u00eda hechos a manos, pero 5 destacan por su peculiaridad. <\/h2>\t\t\t\t<\/div>\n\t\t\t\t\t<\/div>\n\t\t\t\t<\/div>\n\t\t<div data-particle_enable=\"false\" data-particle-mobile-disabled=\"false\" class=\"elementor-element elementor-element-dd28b76 e-flex e-con-boxed e-con e-parent\" data-id=\"dd28b76\" data-element_type=\"container\" data-e-type=\"container\">\n\t\t\t\t\t<div class=\"e-con-inner\">\n\t\t\t\t<div class=\"elementor-element elementor-element-f896367 elementor-widget elementor-widget-text-editor\" data-id=\"f896367\" data-element_type=\"widget\" data-e-type=\"widget\" data-widget_type=\"text-editor.default\">\n\t\t\t\t\t\t\t\t\t<p>El portal <a href=\"https:\/\/soymigrante.com\/mercado\/\" target=\"_blank\" rel=\"noopener\">SoyMigrante.com<\/a>, que conecta a productores, artesanos y emprendedores con clientes en Guatemala y Estados Unidos, se ha convertido en un escaparate para art\u00edculos \u00fanicos que fusionan tradici\u00f3n, creatividad y utilidad.<\/p><p>En su secci\u00f3n <a href=\"https:\/\/soymigrante.com\/mercado\/\" target=\"_blank\" rel=\"noopener\">MERCADO<\/a>, se pueden encontrar productos originales que reflejan la diversidad cultural y el ingenio de quienes los elaboran.<\/p>\t\t\t\t\t\t\t\t<\/div>\n\t\t\t\t\t<\/div>\n\t\t\t\t<\/div>\n\t\t<div data-particle_enable=\"false\" data-particle-mobile-disabled=\"false\" class=\"elementor-element elementor-element-756af11 e-flex e-con-boxed e-con e-parent\" data-id=\"756af11\" data-element_type=\"container\" data-e-type=\"container\">\n\t\t\t\t\t<div class=\"e-con-inner\">\n\t\t\t\t<div class=\"elementor-element elementor-element-bfb10bc elementor-widget elementor-widget-heading\" data-id=\"bfb10bc\" data-element_type=\"widget\" data-e-type=\"widget\" data-widget_type=\"heading.default\">\n\t\t\t\t\t<h3 class=\"elementor-heading-title elementor-size-default\">Estos son cinco de ellos:<\/h3>\t\t\t\t<\/div>\n\t\t\t\t\t<\/div>\n\t\t\t\t<\/div>\n\t\t<div data-particle_enable=\"false\" data-particle-mobile-disabled=\"false\" class=\"elementor-element elementor-element-611be19 e-flex e-con-boxed e-con e-parent\" data-id=\"611be19\" data-element_type=\"container\" data-e-type=\"container\">\n\t\t\t\t\t<div class=\"e-con-inner\">\n\t\t\t\t<div class=\"elementor-element elementor-element-05f14d3 elementor-widget elementor-widget-heading\" data-id=\"05f14d3\" data-element_type=\"widget\" data-e-type=\"widget\" data-widget_type=\"heading.default\">\n\t\t\t\t\t<h3 class=\"elementor-heading-title elementor-size-default\">1.\tSal negra<\/h3>\t\t\t\t<\/div>\n\t\t\t\t\t<\/div>\n\t\t\t\t<\/div>\n\t\t<div data-particle_enable=\"false\" data-particle-mobile-disabled=\"false\" class=\"elementor-element elementor-element-489a990 e-flex e-con-boxed e-con e-parent\" data-id=\"489a990\" data-element_type=\"container\" data-e-type=\"container\">\n\t\t\t\t\t<div class=\"e-con-inner\">\n\t\t\t\t<div class=\"elementor-element elementor-element-e9ee2c6 elementor-widget elementor-widget-text-editor\" data-id=\"e9ee2c6\" data-element_type=\"widget\" data-e-type=\"widget\" data-widget_type=\"text-editor.default\">\n\t\t\t\t\t\t\t\t\t<p>Proveniente de fuentes naturales, la<a href=\"https:\/\/soymigrante.com\/mercado\/sal-negra-artesanal-de-san-mateo-ixtatan-molida-sabor-y-tradicion-ancestral-1-lb\" target=\"_blank\" rel=\"noopener\"> sal negra<\/a> se caracteriza por su color oscuro y su sabor intenso, que combina matices ahumados y minerales. Es utilizada tanto en la cocina gourmet como en pr\u00e1cticas de bienestar, y su origen artesanal la convierte en un ingrediente especial para quienes buscan un toque distinto en sus platillos.<\/p>\t\t\t\t\t\t\t\t<\/div>\n\t\t\t\t\t<\/div>\n\t\t\t\t<\/div>\n\t\t<div data-particle_enable=\"false\" data-particle-mobile-disabled=\"false\" class=\"elementor-element elementor-element-9cec60c e-flex e-con-boxed e-con e-parent\" data-id=\"9cec60c\" data-element_type=\"container\" data-e-type=\"container\">\n\t\t\t\t\t<div class=\"e-con-inner\">\n\t\t\t\t<div class=\"elementor-element elementor-element-6c36d31 elementor-widget elementor-widget-image\" data-id=\"6c36d31\" data-element_type=\"widget\" data-e-type=\"widget\" data-widget_type=\"image.default\">\n\t\t\t\t\t\t\t\t\t\t\t\t<figure class=\"wp-caption\">\n\t\t\t\t\t\t\t\t\t\t<img fetchpriority=\"high\" decoding=\"async\" width=\"1024\" height=\"517\" src=\"https:\/\/soymigrante.com\/revista\/wp-content\/uploads\/2025\/08\/Captura-de-pantalla-2025-08-14-182226-1024x517.png\" class=\"attachment-large size-large wp-image-42101\" alt=\"Sal Negra artesanal de San Mateo Ixtat\u00e1n, tradicional condimento ancestral de Guatemala en bolsas provedoras del comercio justo y preservaci\u00f3n cultural.\" srcset=\"https:\/\/soymigrante.com\/revista\/wp-content\/uploads\/2025\/08\/Captura-de-pantalla-2025-08-14-182226-1024x517.png 1024w, https:\/\/soymigrante.com\/revista\/wp-content\/uploads\/2025\/08\/Captura-de-pantalla-2025-08-14-182226-300x152.png 300w, https:\/\/soymigrante.com\/revista\/wp-content\/uploads\/2025\/08\/Captura-de-pantalla-2025-08-14-182226-768x388.png 768w, https:\/\/soymigrante.com\/revista\/wp-content\/uploads\/2025\/08\/Captura-de-pantalla-2025-08-14-182226-1536x776.png 1536w, https:\/\/soymigrante.com\/revista\/wp-content\/uploads\/2025\/08\/Captura-de-pantalla-2025-08-14-182226-750x379.webp 750w, https:\/\/soymigrante.com\/revista\/wp-content\/uploads\/2025\/08\/Captura-de-pantalla-2025-08-14-182226-1140x576.webp 1140w, https:\/\/soymigrante.com\/revista\/wp-content\/uploads\/2025\/08\/Captura-de-pantalla-2025-08-14-182226.webp 1643w\" sizes=\"(max-width: 1024px) 100vw, 1024px\" title=\"La sal negra se usa en la comida y le da un toque distinto. (Foto: Captura de pantalla) \u2013 SoyMigrante.com REVISTA\" \/>\t\t\t\t\t\t\t\t\t\t\t<figcaption class=\"widget-image-caption wp-caption-text\">La sal negra se usa en la comida y le da un toque distinto. (Foto: Captura de pantalla)<\/figcaption>\n\t\t\t\t\t\t\t\t\t\t<\/figure>\n\t\t\t\t\t\t\t\t\t<\/div>\n\t\t\t\t\t<\/div>\n\t\t\t\t<\/div>\n\t\t<div data-particle_enable=\"false\" data-particle-mobile-disabled=\"false\" class=\"elementor-element elementor-element-468e4fe e-flex e-con-boxed e-con e-parent\" data-id=\"468e4fe\" data-element_type=\"container\" data-e-type=\"container\">\n\t\t\t\t\t<div class=\"e-con-inner\">\n\t\t\t\t<div class=\"elementor-element elementor-element-f1f1c62 elementor-widget elementor-widget-heading\" data-id=\"f1f1c62\" data-element_type=\"widget\" data-e-type=\"widget\" data-widget_type=\"heading.default\">\n\t\t\t\t\t<h3 class=\"elementor-heading-title elementor-size-default\">2. Aretes de alas reales de mariposa<\/h3>\t\t\t\t<\/div>\n\t\t\t\t\t<\/div>\n\t\t\t\t<\/div>\n\t\t<div data-particle_enable=\"false\" data-particle-mobile-disabled=\"false\" class=\"elementor-element elementor-element-9607136 e-flex e-con-boxed e-con e-parent\" data-id=\"9607136\" data-element_type=\"container\" data-e-type=\"container\">\n\t\t\t\t\t<div class=\"e-con-inner\">\n\t\t\t\t<div class=\"elementor-element elementor-element-82eb56f elementor-widget elementor-widget-text-editor\" data-id=\"82eb56f\" data-element_type=\"widget\" data-e-type=\"widget\" data-widget_type=\"text-editor.default\">\n\t\t\t\t\t\t\t\t\t<p>Para echar a volar la imaginaci\u00f3n y lucir sorprendente con un toque natural, a la vez que muy bien conservado en sus colores, estos aretes son el detalle perfecto para toda dama. \u00bfNo hallas que regalar en unos 15 a\u00f1os? \u00bfO el obsequio para una amiga que le gusta el arte y la originalidad?\u00a0 Letras de Roxana ofrece estos <a href=\"https:\/\/soymigrante.com\/mercado\/pendientes-mariposa\">pendientes de alas reales de mariposa <\/a>conservadas perfectamente en resina. Tan sencillo como ingenioso. As\u00ed es lo aut\u00e9ntico.<\/p>\t\t\t\t\t\t\t\t<\/div>\n\t\t\t\t\t<\/div>\n\t\t\t\t<\/div>\n\t\t<div data-particle_enable=\"false\" data-particle-mobile-disabled=\"false\" class=\"elementor-element elementor-element-ff37c60 e-flex e-con-boxed e-con e-parent\" data-id=\"ff37c60\" data-element_type=\"container\" data-e-type=\"container\">\n\t\t\t\t\t<div class=\"e-con-inner\">\n\t\t\t\t<div class=\"elementor-element elementor-element-19d79bd elementor-widget elementor-widget-image\" data-id=\"19d79bd\" data-element_type=\"widget\" data-e-type=\"widget\" data-widget_type=\"image.default\">\n\t\t\t\t\t\t\t\t\t\t\t\t<figure class=\"wp-caption\">\n\t\t\t\t\t\t\t\t\t\t\t<a href=\"https:\/\/soymigrante.com\/mercado\/pendientes-mariposa\">\n\t\t\t\t\t\t\t<img decoding=\"async\" width=\"700\" height=\"602\" src=\"https:\/\/soymigrante.com\/revista\/wp-content\/uploads\/2025\/08\/pendients-de-alas-de-mariposa.png\" class=\"attachment-large size-large wp-image-53234\" alt=\"Pendientes elaborados con alas reales de mariposa, recubiertas y conservadas con resina transparente.\" srcset=\"https:\/\/soymigrante.com\/revista\/wp-content\/uploads\/2025\/08\/pendients-de-alas-de-mariposa.png 700w, https:\/\/soymigrante.com\/revista\/wp-content\/uploads\/2025\/08\/pendients-de-alas-de-mariposa-300x258.png 300w\" sizes=\"(max-width: 700px) 100vw, 700px\" title=\"Pendientes elaborados con alas reales de mariposa, recubiertas y conservadas con resina transparente. \u2013 SoyMigrante.com REVISTA\" \/>\t\t\t\t\t\t\t\t<\/a>\n\t\t\t\t\t\t\t\t\t\t\t<figcaption class=\"widget-image-caption wp-caption-text\">Pendientes elaborados con alas reales de mariposa, recubiertas y conservadas con resina transparente. Para ir a la tienda Letras de Roxana, de San Marcos, Clic en la  Imagen.<\/figcaption>\n\t\t\t\t\t\t\t\t\t\t<\/figure>\n\t\t\t\t\t\t\t\t\t<\/div>\n\t\t\t\t\t<\/div>\n\t\t\t\t<\/div>\n\t\t<div data-particle_enable=\"false\" data-particle-mobile-disabled=\"false\" class=\"elementor-element elementor-element-0468d98 e-flex e-con-boxed e-con e-parent\" data-id=\"0468d98\" data-element_type=\"container\" data-e-type=\"container\">\n\t\t\t\t\t<div class=\"e-con-inner\">\n\t\t\t\t<div class=\"elementor-element elementor-element-b764473 elementor-widget elementor-widget-heading\" data-id=\"b764473\" data-element_type=\"widget\" data-e-type=\"widget\" data-widget_type=\"heading.default\">\n\t\t\t\t\t<h3 class=\"elementor-heading-title elementor-size-default\">3.\tMoro miniatura de madera<\/h3>\t\t\t\t<\/div>\n\t\t\t\t\t<\/div>\n\t\t\t\t<\/div>\n\t\t<div data-particle_enable=\"false\" data-particle-mobile-disabled=\"false\" class=\"elementor-element elementor-element-c37ae24 e-flex e-con-boxed e-con e-parent\" data-id=\"c37ae24\" data-element_type=\"container\" data-e-type=\"container\">\n\t\t\t\t\t<div class=\"e-con-inner\">\n\t\t\t\t<div class=\"elementor-element elementor-element-d69c10c elementor-widget elementor-widget-text-editor\" data-id=\"d69c10c\" data-element_type=\"widget\" data-e-type=\"widget\" data-widget_type=\"text-editor.default\">\n\t\t\t\t\t\t\t\t\t<p>Inspirado en la tradici\u00f3n guatemalteca, este <a href=\"https:\/\/soymigrante.com\/mercado\/moro-de-madera-azul-y-rojo\" target=\"_blank\" rel=\"noopener\">peque\u00f1o moro tallado en madera<\/a> reproduce con detalle los colores y adornos que caracterizan a los moros de las fiestas patronales. Es una pieza decorativa ideal para coleccionistas y para quienes desean llevar un pedazo de la cultura guatemalteca a cualquier rinc\u00f3n del mundo.<\/p>\t\t\t\t\t\t\t\t<\/div>\n\t\t\t\t\t<\/div>\n\t\t\t\t<\/div>\n\t\t<div data-particle_enable=\"false\" data-particle-mobile-disabled=\"false\" class=\"elementor-element elementor-element-98e4bf0 e-flex e-con-boxed e-con e-parent\" data-id=\"98e4bf0\" data-element_type=\"container\" data-e-type=\"container\">\n\t\t\t\t\t<div class=\"e-con-inner\">\n\t\t\t\t<div class=\"elementor-element elementor-element-850cfc9 elementor-widget elementor-widget-image\" data-id=\"850cfc9\" data-element_type=\"widget\" data-e-type=\"widget\" data-widget_type=\"image.default\">\n\t\t\t\t\t\t\t\t\t\t\t\t<figure class=\"wp-caption\">\n\t\t\t\t\t\t\t\t\t\t<img decoding=\"async\" width=\"1024\" height=\"592\" src=\"https:\/\/soymigrante.com\/revista\/wp-content\/uploads\/2025\/08\/Captura-de-pantalla-2025-08-14-182256-1024x592.png\" class=\"attachment-large size-large wp-image-42103\" alt=\"Moro de madera &quot;azul y rojo&quot; artesanal, decorativo, colorido, para colecci\u00f3n o regalo, estilo tradicional de Guatemala, elaborado a mano, pieza decorativa t\u00edpica.\" srcset=\"https:\/\/soymigrante.com\/revista\/wp-content\/uploads\/2025\/08\/Captura-de-pantalla-2025-08-14-182256-1024x592.png 1024w, https:\/\/soymigrante.com\/revista\/wp-content\/uploads\/2025\/08\/Captura-de-pantalla-2025-08-14-182256-300x174.png 300w, https:\/\/soymigrante.com\/revista\/wp-content\/uploads\/2025\/08\/Captura-de-pantalla-2025-08-14-182256-768x444.png 768w, https:\/\/soymigrante.com\/revista\/wp-content\/uploads\/2025\/08\/Captura-de-pantalla-2025-08-14-182256-750x434.png 750w, https:\/\/soymigrante.com\/revista\/wp-content\/uploads\/2025\/08\/Captura-de-pantalla-2025-08-14-182256-1140x660.png 1140w, https:\/\/soymigrante.com\/revista\/wp-content\/uploads\/2025\/08\/Captura-de-pantalla-2025-08-14-182256.webp 1509w\" sizes=\"(max-width: 1024px) 100vw, 1024px\" title=\"Los adornos en madera llaman la atenci\u00f3n por su belleza. (Foto: Captura de pantalla) \u2013 SoyMigrante.com REVISTA\" \/>\t\t\t\t\t\t\t\t\t\t\t<figcaption class=\"widget-image-caption wp-caption-text\">Moro de madera con dise\u00f1o colorido en tonos azules y rojos, elaborado artesanalmente en Guatemala, ideal para colecci\u00f3n o decoraci\u00f3n, representa la cultura y tradici\u00f3n guatemalteca.<\/figcaption>\n\t\t\t\t\t\t\t\t\t\t<\/figure>\n\t\t\t\t\t\t\t\t\t<\/div>\n\t\t\t\t\t<\/div>\n\t\t\t\t<\/div>\n\t\t<div data-particle_enable=\"false\" data-particle-mobile-disabled=\"false\" class=\"elementor-element elementor-element-5c02073 e-flex e-con-boxed e-con e-parent\" data-id=\"5c02073\" data-element_type=\"container\" data-e-type=\"container\">\n\t\t\t\t\t<div class=\"e-con-inner\">\n\t\t\t\t<div class=\"elementor-element elementor-element-9342133 elementor-widget elementor-widget-heading\" data-id=\"9342133\" data-element_type=\"widget\" data-e-type=\"widget\" data-widget_type=\"heading.default\">\n\t\t\t\t\t<h3 class=\"elementor-heading-title elementor-size-default\">4.\t\u00d3xido de hierro negro grado cosm\u00e9tico<\/h3>\t\t\t\t<\/div>\n\t\t\t\t\t<\/div>\n\t\t\t\t<\/div>\n\t\t<div data-particle_enable=\"false\" data-particle-mobile-disabled=\"false\" class=\"elementor-element elementor-element-0bcd383 e-flex e-con-boxed e-con e-parent\" data-id=\"0bcd383\" data-element_type=\"container\" data-e-type=\"container\">\n\t\t\t\t\t<div class=\"e-con-inner\">\n\t\t\t\t<div class=\"elementor-element elementor-element-5d90160 elementor-widget elementor-widget-text-editor\" data-id=\"5d90160\" data-element_type=\"widget\" data-e-type=\"widget\" data-widget_type=\"text-editor.default\">\n\t\t\t\t\t\t\t\t\t<p>Un insumo especializado utilizado en la elaboraci\u00f3n de cosm\u00e9ticos artesanales como jabones, maquillajes y cremas. <a href=\"https:\/\/soymigrante.com\/mercado\/oxido-de-hierro-negro-grado-cosmetico-de-5g\" target=\"_blank\" rel=\"noopener\">Su calidad de grado cosm\u00e9tico garantiza seguridad y pureza<\/a>, y es apreciado por artesanos y peque\u00f1os productores que buscan dar tonalidades naturales y seguras a sus creaciones.<\/p>\t\t\t\t\t\t\t\t<\/div>\n\t\t\t\t\t<\/div>\n\t\t\t\t<\/div>\n\t\t<div data-particle_enable=\"false\" data-particle-mobile-disabled=\"false\" class=\"elementor-element elementor-element-ca0a98d e-flex e-con-boxed e-con e-parent\" data-id=\"ca0a98d\" data-element_type=\"container\" data-e-type=\"container\">\n\t\t\t\t\t<div class=\"e-con-inner\">\n\t\t\t\t<div class=\"elementor-element elementor-element-31dca8a elementor-widget elementor-widget-image\" data-id=\"31dca8a\" data-element_type=\"widget\" data-e-type=\"widget\" data-widget_type=\"image.default\">\n\t\t\t\t\t\t\t\t\t\t\t\t<figure class=\"wp-caption\">\n\t\t\t\t\t\t\t\t\t\t<img loading=\"lazy\" decoding=\"async\" width=\"1024\" height=\"573\" src=\"https:\/\/soymigrante.com\/revista\/wp-content\/uploads\/2025\/08\/Captura-de-pantalla-2025-08-14-182311-1024x573.png\" class=\"attachment-large size-large wp-image-42104\" alt=\"Polvo de \u00f3xido de hierro negro grado cosm\u00e9tico 5g, ingrediente para productos de belleza y maquillaje, uso cosm\u00e9tico de alta calidad, suplemento en polvo para cosm\u00e9tica natural, producto vendido por Altahir-Belleza con Naturaleza.\" srcset=\"https:\/\/soymigrante.com\/revista\/wp-content\/uploads\/2025\/08\/Captura-de-pantalla-2025-08-14-182311-1024x573.png 1024w, https:\/\/soymigrante.com\/revista\/wp-content\/uploads\/2025\/08\/Captura-de-pantalla-2025-08-14-182311-300x168.png 300w, https:\/\/soymigrante.com\/revista\/wp-content\/uploads\/2025\/08\/Captura-de-pantalla-2025-08-14-182311-768x430.png 768w, https:\/\/soymigrante.com\/revista\/wp-content\/uploads\/2025\/08\/Captura-de-pantalla-2025-08-14-182311-1536x860.png 1536w, https:\/\/soymigrante.com\/revista\/wp-content\/uploads\/2025\/08\/Captura-de-pantalla-2025-08-14-182311-750x420.webp 750w, https:\/\/soymigrante.com\/revista\/wp-content\/uploads\/2025\/08\/Captura-de-pantalla-2025-08-14-182311-1140x638.webp 1140w, https:\/\/soymigrante.com\/revista\/wp-content\/uploads\/2025\/08\/Captura-de-pantalla-2025-08-14-182311.webp 1543w\" sizes=\"(max-width: 1024px) 100vw, 1024px\" title=\"Este producto fomenta la salud de la piel. (Foto: Captura de pantalla) \u2013 SoyMigrante.com REVISTA\" \/>\t\t\t\t\t\t\t\t\t\t\t<figcaption class=\"widget-image-caption wp-caption-text\">\u00d3xido de hierro negro grado cosm\u00e9tico en polvo de 5g para maquillaje, productos de belleza y cosm\u00e9tica natural, un componente esencial en la fabricaci\u00f3n de cosm\u00e9ticos, seguro y de alta calidad, vendio por Altahir-Belleza con Naturaleza.<\/figcaption>\n\t\t\t\t\t\t\t\t\t\t<\/figure>\n\t\t\t\t\t\t\t\t\t<\/div>\n\t\t\t\t\t<\/div>\n\t\t\t\t<\/div>\n\t\t<div data-particle_enable=\"false\" data-particle-mobile-disabled=\"false\" class=\"elementor-element elementor-element-0ee94e4 e-flex e-con-boxed e-con e-parent\" data-id=\"0ee94e4\" data-element_type=\"container\" data-e-type=\"container\">\n\t\t\t\t\t<div class=\"e-con-inner\">\n\t\t\t\t<div class=\"elementor-element elementor-element-6a2c01a elementor-widget elementor-widget-heading\" data-id=\"6a2c01a\" data-element_type=\"widget\" data-e-type=\"widget\" data-widget_type=\"heading.default\">\n\t\t\t\t\t<h3 class=\"elementor-heading-title elementor-size-default\">5.\tCuadro de bicicleta con flores en relieve<\/h3>\t\t\t\t<\/div>\n\t\t\t\t\t<\/div>\n\t\t\t\t<\/div>\n\t\t<div data-particle_enable=\"false\" data-particle-mobile-disabled=\"false\" class=\"elementor-element elementor-element-20678fb e-flex e-con-boxed e-con e-parent\" data-id=\"20678fb\" data-element_type=\"container\" data-e-type=\"container\">\n\t\t\t\t\t<div class=\"e-con-inner\">\n\t\t\t\t<div class=\"elementor-element elementor-element-bbffb9b elementor-widget elementor-widget-text-editor\" data-id=\"bbffb9b\" data-element_type=\"widget\" data-e-type=\"widget\" data-widget_type=\"text-editor.default\">\n\t\t\t\t\t\t\t\t\t<p><a href=\"https:\/\/soymigrante.com\/mercado\/cuadro-bicicleta-incluye-pequena-brocha-para-limpieza\" target=\"_blank\" rel=\"noopener\">Una obra art\u00edstica que combina la figura de una bicicleta con flores trabajadas en relieve<\/a>, logrando un efecto tridimensional que aporta textura y vida a la pieza. Ideal para decorar espacios con un toque moderno, natural y creativo.<\/p>\t\t\t\t\t\t\t\t<\/div>\n\t\t\t\t\t<\/div>\n\t\t\t\t<\/div>\n\t\t<div data-particle_enable=\"false\" data-particle-mobile-disabled=\"false\" class=\"elementor-element elementor-element-404aa4a e-flex e-con-boxed e-con e-parent\" data-id=\"404aa4a\" data-element_type=\"container\" data-e-type=\"container\">\n\t\t\t\t\t<div class=\"e-con-inner\">\n\t\t\t\t<div class=\"elementor-element elementor-element-e3d3786 elementor-widget elementor-widget-image\" data-id=\"e3d3786\" data-element_type=\"widget\" data-e-type=\"widget\" data-widget_type=\"image.default\">\n\t\t\t\t\t\t\t\t\t\t\t\t<figure class=\"wp-caption\">\n\t\t\t\t\t\t\t\t\t\t<img loading=\"lazy\" decoding=\"async\" width=\"1024\" height=\"575\" src=\"https:\/\/soymigrante.com\/revista\/wp-content\/uploads\/2025\/08\/Captura-de-pantalla-2025-08-14-182326-1024x575.png\" class=\"attachment-large size-large wp-image-42105\" alt=\"Bicicleta decorativa de hierro con flores y detalles artesanales para decoraci\u00f3n del hogar.\" srcset=\"https:\/\/soymigrante.com\/revista\/wp-content\/uploads\/2025\/08\/Captura-de-pantalla-2025-08-14-182326-1024x575.png 1024w, https:\/\/soymigrante.com\/revista\/wp-content\/uploads\/2025\/08\/Captura-de-pantalla-2025-08-14-182326-300x168.png 300w, https:\/\/soymigrante.com\/revista\/wp-content\/uploads\/2025\/08\/Captura-de-pantalla-2025-08-14-182326-768x431.png 768w, https:\/\/soymigrante.com\/revista\/wp-content\/uploads\/2025\/08\/Captura-de-pantalla-2025-08-14-182326-750x421.webp 750w, https:\/\/soymigrante.com\/revista\/wp-content\/uploads\/2025\/08\/Captura-de-pantalla-2025-08-14-182326-1140x640.webp 1140w, https:\/\/soymigrante.com\/revista\/wp-content\/uploads\/2025\/08\/Captura-de-pantalla-2025-08-14-182326.webp 1535w\" sizes=\"(max-width: 1024px) 100vw, 1024px\" title=\"Esta decoraci\u00f3n es buscada por su belleza y elegancia. (Foto: Captura de pantalla) \u2013 SoyMigrante.com REVISTA\" \/>\t\t\t\t\t\t\t\t\t\t\t<figcaption class=\"widget-image-caption wp-caption-text\">Decoraci\u00f3n de bicicleta con flores y materiales naturales, ideal para adornar espacios con estilo r\u00fastico o bohemio.<\/figcaption>\n\t\t\t\t\t\t\t\t\t\t<\/figure>\n\t\t\t\t\t\t\t\t\t<\/div>\n\t\t\t\t\t<\/div>\n\t\t\t\t<\/div>\n\t\t<div data-particle_enable=\"false\" data-particle-mobile-disabled=\"false\" class=\"elementor-element elementor-element-40a2aad e-flex e-con-boxed e-con e-parent\" data-id=\"40a2aad\" data-element_type=\"container\" data-e-type=\"container\">\n\t\t\t\t\t<div class=\"e-con-inner\">\n\t\t\t\t<div class=\"elementor-element elementor-element-58ebbb1 elementor-widget elementor-widget-text-editor\" data-id=\"58ebbb1\" data-element_type=\"widget\" data-e-type=\"widget\" data-widget_type=\"text-editor.default\">\n\t\t\t\t\t\t\t\t\t<p>La diversidad de estos productos demuestra que <a href=\"https:\/\/soymigrante.com\/mercado\/\" target=\"_blank\" rel=\"noopener\">MERCADO de SoyMigrante.com<\/a> no es solo un espacio de ventas, sino una vitrina cultural que conecta a los migrantes con sus ra\u00edces y les permite compartirlas con el mundo, al tiempo que impulsa la econom\u00eda de peque\u00f1os productores.<\/p>\t\t\t\t\t\t\t\t<\/div>\n\t\t\t\t\t<\/div>\n\t\t\t\t<\/div>\n\t\t<div data-particle_enable=\"false\" data-particle-mobile-disabled=\"false\" class=\"elementor-element elementor-element-a45d7f0 e-flex e-con-boxed e-con e-parent\" data-id=\"a45d7f0\" data-element_type=\"container\" data-e-type=\"container\">\n\t\t\t\t\t<div class=\"e-con-inner\">\n\t\t\t\t<div class=\"elementor-element elementor-element-0b2c86d elementor-widget elementor-widget-heading\" data-id=\"0b2c86d\" data-element_type=\"widget\" data-e-type=\"widget\" data-widget_type=\"heading.default\">\n\t\t\t\t\t<h2 class=\"elementor-heading-title elementor-size-default\">Conoce m\u00e1s de Mercado, ac\u00e1...<\/h2>\t\t\t\t<\/div>\n\t\t\t\t\t<\/div>\n\t\t\t\t<\/div>\n\t\t<div data-particle_enable=\"false\" data-particle-mobile-disabled=\"false\" class=\"elementor-element elementor-element-316670a e-flex e-con-boxed e-con e-parent\" data-id=\"316670a\" data-element_type=\"container\" data-e-type=\"container\">\n\t\t\t\t\t<div class=\"e-con-inner\">\n\t\t\t\t<div class=\"elementor-element elementor-element-080523f elementor-grid-eael-col-3 elementor-grid-tablet-eael-col-2 elementor-grid-mobile-eael-col-1 elementor-invisible elementor-widget elementor-widget-eael-post-grid\" data-id=\"080523f\" data-element_type=\"widget\" data-e-type=\"widget\" data-settings=\"{&quot;eael_post_grid_columns&quot;:&quot;eael-col-3&quot;,&quot;_animation&quot;:&quot;rollIn&quot;,&quot;eael_post_grid_columns_tablet&quot;:&quot;eael-col-2&quot;,&quot;eael_post_grid_columns_mobile&quot;:&quot;eael-col-1&quot;}\" data-widget_type=\"eael-post-grid.default\">\n\t\t\t\t\t<div id=\"eael-post-grid-080523f\" class=\"eael-post-grid-container\">\n            <div class=\"eael-post-grid eael-post-appender eael-post-appender-080523f eael-post-grid-style-one\" data-layout-mode=\"masonry\"><article class=\"eael-grid-post  eael-post-grid-column eael-pg-post-10003\" data-id=\"10003\">\n        <div class=\"eael-grid-post-holder\">\n            <div class=\"eael-grid-post-holder-inner\"><div class=\"eael-entry-wrapper\"><header class=\"eael-entry-header\"><h2 class=\"eael-entry-title\"><a class=\"eael-grid-post-link\" href=\"https:\/\/soymigrante.com\/revista\/gracias-por-tu-interes-en-ser-de-los-primeros-100-emprededores-en-vender-en-mercado\/\" title=\"GRACIAS por tu inter\u00e9s en ser de los primeros 100 emprededores en vender en MERCADO\">GRACIAS por tu inter\u00e9s en ser de los primeros 100 emprededores en vender en MERCADO<\/a><\/h2><\/header><div class=\"eael-entry-content\">\n                        <div class=\"eael-grid-post-excerpt\"><a href=\"https:\/\/soymigrante.com\/revista\/gracias-por-tu-interes-en-ser-de-los-primeros-100-emprededores-en-vender-en-mercado\/\" class=\"eael-post-elements-readmore-btn\">CONOCE SU HISTORIA <\/a><\/div>\n                    <\/div><\/div><\/div>\n        <\/div>\n    <\/article><article class=\"eael-grid-post  eael-post-grid-column eael-pg-post-10104\" data-id=\"10104\">\n        <div class=\"eael-grid-post-holder\">\n            <div class=\"eael-grid-post-holder-inner\"><div class=\"eael-entry-wrapper\"><header class=\"eael-entry-header\"><h2 class=\"eael-entry-title\"><a class=\"eael-grid-post-link\" href=\"https:\/\/soymigrante.com\/revista\/preguntas-y-respuestas\/\" title=\"Preguntas y respuestas de MERCADO @ SoyMigrante.com\">Preguntas y respuestas de MERCADO @ SoyMigrante.com<\/a><\/h2><\/header><div class=\"eael-entry-content\">\n                        <div class=\"eael-grid-post-excerpt\"><a href=\"https:\/\/soymigrante.com\/revista\/preguntas-y-respuestas\/\" class=\"eael-post-elements-readmore-btn\">CONOCE SU HISTORIA <\/a><\/div>\n                    <\/div><\/div><\/div>\n        <\/div>\n    <\/article><article class=\"eael-grid-post  eael-post-grid-column eael-pg-post-10641\" data-id=\"10641\">\n        <div class=\"eael-grid-post-holder\">\n            <div class=\"eael-grid-post-holder-inner\"><div class=\"eael-entry-media\"><div class=\"eael-entry-overlay fade-in\"><i class=\"far fa-hand-pointer\" aria-hidden=\"true\"><\/i><a href=\"https:\/\/soymigrante.com\/revista\/emprendedores-de-mercado\/\"><\/a><\/div><div class=\"eael-entry-thumbnail \">\n                <img loading=\"lazy\" decoding=\"async\" width=\"1024\" height=\"379\" src=\"https:\/\/soymigrante.com\/revista\/wp-content\/uploads\/2024\/09\/soymigrantecom-mercado-1024x379.webp\" class=\"attachment-large size-large wp-image-8884\" alt=\"SoyMigrante.com revista de migrantes y mercado laboral, con noticias y art\u00edculos relevantes para la comunidad migrante en busca de integraci\u00f3n y oportunidades de empleo.\" srcset=\"https:\/\/soymigrante.com\/revista\/wp-content\/uploads\/2024\/09\/soymigrantecom-mercado-1024x379.webp 1024w, https:\/\/soymigrante.com\/revista\/wp-content\/uploads\/2024\/09\/soymigrantecom-mercado-300x111.webp 300w, https:\/\/soymigrante.com\/revista\/wp-content\/uploads\/2024\/09\/soymigrantecom-mercado-768x284.webp 768w, https:\/\/soymigrante.com\/revista\/wp-content\/uploads\/2024\/09\/soymigrantecom-mercado-750x278.webp 750w, https:\/\/soymigrante.com\/revista\/wp-content\/uploads\/2024\/09\/soymigrantecom-mercado.webp 1032w\" sizes=\"(max-width: 1024px) 100vw, 1024px\" \/>\n            <\/div>\n        <\/div><div class=\"eael-entry-wrapper\"><header class=\"eael-entry-header\"><h2 class=\"eael-entry-title\"><a class=\"eael-grid-post-link\" href=\"https:\/\/soymigrante.com\/revista\/emprendedores-de-mercado\/\" title=\"Conoce a los Emprendedores de SoyMigrante.com MERCADO\">Conoce a los Emprendedores de SoyMigrante.com MERCADO<\/a><\/h2><\/header><div class=\"eael-entry-content\">\n                        <div class=\"eael-grid-post-excerpt\"><a href=\"https:\/\/soymigrante.com\/revista\/emprendedores-de-mercado\/\" class=\"eael-post-elements-readmore-btn\">CONOCE SU HISTORIA <\/a><\/div>\n                    <\/div><\/div><\/div>\n        <\/div>\n    <\/article><\/div>\n            <div class=\"clearfix\"><\/div>\n        <\/div>\t\t\t\t<\/div>\n\t\t\t\t\t<\/div>\n\t\t\t\t<\/div>\n\t\t\t\t<\/div>\n\t\t","protected":false},"excerpt":{"rendered":"<p>Los productos de MERCADO son muy especiales, la mayor\u00eda hechos a manos, pero 5 destacan por su peculiaridad. El portal SoyMigrante.com, que conecta a productores, artesanos y emprendedores con clientes en Guatemala y Estados Unidos, se ha convertido en un escaparate para art\u00edculos \u00fanicos que fusionan tradici\u00f3n, creatividad y utilidad. En su secci\u00f3n MERCADO, se [&hellip;]<\/p>\n","protected":false},"author":19,"featured_media":42165,"comment_status":"open","ping_status":"open","sticky":false,"template":"","format":"standard","meta":{"_acf_changed":false,"_eb_attr":"","footnotes":""},"categories":[58],"tags":[],"class_list":["post-42094","post","type-post","status-publish","format-standard","has-post-thumbnail","hentry","category-guate-nuestra"],"acf":[],"aioseo_notices":[],"aioseo_head":"\n\t\t<!-- All in One SEO Pro 4.9.6.2 - aioseo.com -->\n\t<meta name=\"description\" content=\"Detr\u00e1s de cada producto en MERCADO, hay esfuerzo, creatividad y sue\u00f1os. Con\u00f3celas aqu\u00ed. Guate Nuestra Algo original, \u00fanico y aut\u00e9ntico para regalar a mam\u00e1 encu\u00e9ntralo en SoyMigrante.com MERCADO Bienestar Estrategias para fidelizar clientes: peque\u00f1as acciones que te ayudar\u00e1n en el comercio digital Guate Nuestra Celebra el D\u00eda del Libro con inspiraci\u00f3n 100% guatemalteca: adquiere, disfruta\" \/>\n\t<meta name=\"robots\" content=\"max-snippet:-1, max-image-preview:large, max-video-preview:-1\" \/>\n\t<meta name=\"author\" content=\"Marysabel Aldana\"\/>\n\t<link rel=\"canonical\" href=\"https:\/\/soymigrante.com\/revista\/5-productos-muy-originales-que-puedes-encontrar-en-mercado-para-regalar-o-regalarte\/\" \/>\n\t<meta name=\"generator\" content=\"All in One SEO Pro (AIOSEO) 4.9.6.2\" \/>\n\n\t\t<link rel=\"preconnect\" href=\"https:\/\/fonts.googleapis.com\" crossorigin>\n<link rel=\"preconnect\" href=\"https:\/\/fonts.gstatic.com\" crossorigin>\n\t\t<meta property=\"og:locale\" content=\"es_ES\" \/>\n\t\t<meta property=\"og:site_name\" content=\"SoyMigrante.com REVISTA \u2013 Nuestra misi\u00f3n es reconocer y dignificar al migrante.\" \/>\n\t\t<meta property=\"og:type\" content=\"article\" \/>\n\t\t<meta property=\"og:title\" content=\"5 productos muy originales que puedes hallar en MERCADO\" \/>\n\t\t<meta property=\"og:description\" content=\"Los productos de MERCADO son muy especiales, la mayor\u00eda hechos a manos, pero 5 destacan por su peculiaridad.\" \/>\n\t\t<meta property=\"og:url\" content=\"https:\/\/soymigrante.com\/revista\/5-productos-muy-originales-que-puedes-encontrar-en-mercado-para-regalar-o-regalarte\/\" \/>\n\t\t<meta property=\"og:image\" content=\"https:\/\/soymigrante.com\/revista\/wp-content\/uploads\/2025\/08\/Captura-de-pantalla-2025-08-14-205643.webp\" \/>\n\t\t<meta property=\"og:image:secure_url\" content=\"https:\/\/soymigrante.com\/revista\/wp-content\/uploads\/2025\/08\/Captura-de-pantalla-2025-08-14-205643.webp\" \/>\n\t\t<meta property=\"og:image:width\" content=\"567\" \/>\n\t\t<meta property=\"og:image:height\" content=\"552\" \/>\n\t\t<meta property=\"article:published_time\" content=\"2025-08-15T12:00:00+00:00\" \/>\n\t\t<meta property=\"article:modified_time\" content=\"2026-03-05T21:51:11+00:00\" \/>\n\t\t<meta property=\"article:publisher\" content=\"https:\/\/www.facebook.com\/soymigrantecom\" \/>\n\t\t<meta name=\"twitter:card\" content=\"summary_large_image\" \/>\n\t\t<meta name=\"twitter:site\" content=\"@SoyMigrante_com\" \/>\n\t\t<meta name=\"twitter:title\" content=\"5 productos muy originales que puedes hallar en MERCADO\" \/>\n\t\t<meta name=\"twitter:description\" content=\"Los productos de MERCADO son muy especiales, la mayor\u00eda hechos a manos, pero 5 destacan por su peculiaridad.\" \/>\n\t\t<meta name=\"twitter:creator\" content=\"@SoyMigrante_com\" \/>\n\t\t<meta name=\"twitter:image\" content=\"https:\/\/soymigrante.com\/revista\/wp-content\/uploads\/2025\/08\/Captura-de-pantalla-2025-08-14-205643.webp\" \/>\n\t\t<!-- All in One SEO Pro -->\r\n\t\t<title>5 productos muy originales que puedes hallar en MERCADO<\/title>\n\n","aioseo_head_json":{"title":"5 productos muy originales que puedes hallar en MERCADO","description":"Los productos de MERCADO son muy especiales, la mayor\u00eda hechos a manos, pero 5 destacan por su peculiaridad.","canonical_url":"https:\/\/soymigrante.com\/revista\/5-productos-muy-originales-que-puedes-encontrar-en-mercado-para-regalar-o-regalarte\/","robots":"max-snippet:-1, max-image-preview:large, max-video-preview:-1","keywords":"","webmasterTools":{"miscellaneous":"&lt;link rel=\"preconnect\" href=\"https:\/\/fonts.googleapis.com\" crossorigin&gt;\n&lt;link rel=\"preconnect\" href=\"https:\/\/fonts.gstatic.com\" crossorigin&gt;"},"schema":null,"og:locale":"es_ES","og:site_name":"SoyMigrante.com REVISTA \u2013 Nuestra misi\u00f3n es reconocer y dignificar al migrante.","og:type":"article","og:title":"5 productos muy originales que puedes hallar en MERCADO","og:description":"Los productos de MERCADO son muy especiales, la mayor\u00eda hechos a manos, pero 5 destacan por su peculiaridad.","og:url":"https:\/\/soymigrante.com\/revista\/5-productos-muy-originales-que-puedes-encontrar-en-mercado-para-regalar-o-regalarte\/","og:image":"https:\/\/soymigrante.com\/revista\/wp-content\/uploads\/2025\/08\/Captura-de-pantalla-2025-08-14-205643.webp","og:image:secure_url":"https:\/\/soymigrante.com\/revista\/wp-content\/uploads\/2025\/08\/Captura-de-pantalla-2025-08-14-205643.webp","og:image:width":567,"og:image:height":552,"article:published_time":"2025-08-15T12:00:00+00:00","article:modified_time":"2026-03-05T21:51:11+00:00","article:publisher":"https:\/\/www.facebook.com\/soymigrantecom","twitter:card":"summary_large_image","twitter:site":"@SoyMigrante_com","twitter:title":"5 productos muy originales que puedes hallar en MERCADO","twitter:description":"Los productos de MERCADO son muy especiales, la mayor\u00eda hechos a manos, pero 5 destacan por su peculiaridad.","twitter:creator":"@SoyMigrante_com","twitter:image":"https:\/\/soymigrante.com\/revista\/wp-content\/uploads\/2025\/08\/Captura-de-pantalla-2025-08-14-205643.webp"},"aioseo_meta_data":{"post_id":"42094","title":"5 productos muy originales que puedes hallar en MERCADO","description":"Los productos de MERCADO son muy especiales, la mayor\u00eda hechos a manos, pero 5 destacan por su peculiaridad.","keywords":null,"keyphrases":{"focus":{"keyphrase":"Mercado","score":91,"analysis":{"keyphraseInTitle":{"score":9,"maxScore":9,"error":0},"keyphraseInDescription":{"score":9,"maxScore":9,"error":0},"keyphraseLength":{"score":9,"maxScore":9,"error":0,"length":1},"keyphraseInURL":{"score":5,"maxScore":5,"error":0},"keyphraseInIntroduction":{"score":3,"maxScore":9,"error":1},"keyphraseInSubHeadings":{"score":9,"maxScore":9,"error":0},"keyphraseInImageAlt":{"score":9,"maxScore":9,"error":0},"keywordDensity":{"type":"best","score":9,"maxScore":9,"error":0}}},"additional":[{"keyphrase":"productos","score":73,"analysis":{"keyphraseInDescription":{"score":9,"maxScore":9,"error":0},"keyphraseLength":{"score":9,"maxScore":9,"error":0,"length":1},"keyphraseInIntroduction":{"score":3,"maxScore":9,"error":1},"keyphraseInImageAlt":{"score":3,"maxScore":9,"error":1},"keywordDensity":{"type":"best","score":9,"maxScore":9,"error":0}}}]},"primary_term":null,"canonical_url":null,"og_title":null,"og_description":null,"og_object_type":"default","og_image_type":"default","og_image_url":null,"og_image_width":null,"og_image_height":null,"og_image_custom_url":null,"og_image_custom_fields":null,"og_video":"","og_custom_url":null,"og_article_section":null,"og_article_tags":null,"twitter_use_og":false,"twitter_card":"default","twitter_image_type":"default","twitter_image_url":null,"twitter_image_custom_url":null,"twitter_image_custom_fields":null,"twitter_title":null,"twitter_description":null,"schema":{"blockGraphs":[],"customGraphs":[],"default":{"data":{"Article":[],"Course":[],"Dataset":[],"FAQPage":[],"Movie":[],"Person":[],"Product":[],"ProductReview":[],"Car":[],"Recipe":[],"Service":[],"SoftwareApplication":[],"WebPage":[]},"graphName":"none","isEnabled":true},"graphs":[]},"schema_type":"default","schema_type_options":null,"pillar_content":false,"robots_default":true,"robots_noindex":false,"robots_noarchive":false,"robots_nosnippet":false,"robots_nofollow":false,"robots_noimageindex":false,"robots_noodp":false,"robots_notranslate":false,"robots_max_snippet":"-1","robots_max_videopreview":"-1","robots_max_imagepreview":"large","priority":null,"frequency":"default","local_seo":null,"seo_analyzer_scan_date":"2026-03-10 15:35:46","breadcrumb_settings":null,"limit_modified_date":false,"reviewed_by":"0","open_ai":null,"ai":{"faqs":[],"keyPoints":[],"titles":[],"descriptions":[],"socialPosts":{"email":[],"linkedin":[],"twitter":[],"facebook":[],"instagram":[]}},"created":"2025-08-15 00:29:05","updated":"2026-03-10 15:35:46"},"aioseo_breadcrumb":"<div class=\"aioseo-breadcrumbs\"><span class=\"aioseo-breadcrumb\">\n\t<a href=\"https:\/\/soymigrante.com\/revista\" title=\"Home\">Home<\/a>\n<\/span><span class=\"aioseo-breadcrumb-separator\">\u00bb<\/span><span class=\"aioseo-breadcrumb\">\n\t<a href=\"https:\/\/soymigrante.com\/revista\/category\/guate-nuestra\/\" title=\"Guate Nuestra\">Guate Nuestra<\/a>\n<\/span><span class=\"aioseo-breadcrumb-separator\">\u00bb<\/span><span class=\"aioseo-breadcrumb\">\n\t5 productos muy originales que puedes encontrar en MERCADO, para regalar o regalarte\n<\/span><\/div>","aioseo_breadcrumb_json":[{"label":"Home","link":"https:\/\/soymigrante.com\/revista"},{"label":"Guate Nuestra","link":"https:\/\/soymigrante.com\/revista\/category\/guate-nuestra\/"},{"label":"5 productos muy originales que puedes encontrar en MERCADO, para regalar o regalarte","link":"https:\/\/soymigrante.com\/revista\/5-productos-muy-originales-que-puedes-encontrar-en-mercado-para-regalar-o-regalarte\/"}],"_links":{"self":[{"href":"https:\/\/soymigrante.com\/revista\/wp-json\/wp\/v2\/posts\/42094","targetHints":{"allow":["GET"]}}],"collection":[{"href":"https:\/\/soymigrante.com\/revista\/wp-json\/wp\/v2\/posts"}],"about":[{"href":"https:\/\/soymigrante.com\/revista\/wp-json\/wp\/v2\/types\/post"}],"author":[{"embeddable":true,"href":"https:\/\/soymigrante.com\/revista\/wp-json\/wp\/v2\/users\/19"}],"replies":[{"embeddable":true,"href":"https:\/\/soymigrante.com\/revista\/wp-json\/wp\/v2\/comments?post=42094"}],"version-history":[{"count":22,"href":"https:\/\/soymigrante.com\/revista\/wp-json\/wp\/v2\/posts\/42094\/revisions"}],"predecessor-version":[{"id":53237,"href":"https:\/\/soymigrante.com\/revista\/wp-json\/wp\/v2\/posts\/42094\/revisions\/53237"}],"wp:featuredmedia":[{"embeddable":true,"href":"https:\/\/soymigrante.com\/revista\/wp-json\/wp\/v2\/media\/42165"}],"wp:attachment":[{"href":"https:\/\/soymigrante.com\/revista\/wp-json\/wp\/v2\/media?parent=42094"}],"wp:term":[{"taxonomy":"category","embeddable":true,"href":"https:\/\/soymigrante.com\/revista\/wp-json\/wp\/v2\/categories?post=42094"},{"taxonomy":"post_tag","embeddable":true,"href":"https:\/\/soymigrante.com\/revista\/wp-json\/wp\/v2\/tags?post=42094"}],"curies":[{"name":"wp","href":"https:\/\/api.w.org\/{rel}","templated":true}]}}