{"id":42090,"date":"2025-08-15T04:00:00","date_gmt":"2025-08-15T10:00:00","guid":{"rendered":"https:\/\/soymigrante.com\/revista\/?p=42090"},"modified":"2025-08-14T20:51:55","modified_gmt":"2025-08-15T02:51:55","slug":"es-cierto-que-maiz-guatemalteco-fue-llevado-hasta-el-espacio","status":"publish","type":"post","link":"https:\/\/soymigrante.com\/revista\/es-cierto-que-maiz-guatemalteco-fue-llevado-hasta-el-espacio\/","title":{"rendered":"\u00bfEs cierto que el ma\u00edz guatemalteco ya lleg\u00f3 hasta el espacio?"},"content":{"rendered":"\t\t<div data-elementor-type=\"wp-post\" data-elementor-id=\"42090\" class=\"elementor elementor-42090\" data-elementor-post-type=\"post\">\n\t\t\t\t<div data-particle_enable=\"false\" data-particle-mobile-disabled=\"false\" class=\"elementor-element elementor-element-30bc343 e-flex e-con-boxed e-con e-parent\" data-id=\"30bc343\" data-element_type=\"container\" data-e-type=\"container\">\n\t\t\t\t\t<div class=\"e-con-inner\">\n\t\t\t\t<div class=\"elementor-element elementor-element-e3ebac8 elementor-widget elementor-widget-heading\" data-id=\"e3ebac8\" data-element_type=\"widget\" data-e-type=\"widget\" data-widget_type=\"heading.default\">\n\t\t\t\t\t<h2 class=\"elementor-heading-title elementor-size-default\"><span style=\"font-size: 31.2px\">Granos de ma\u00edz guatemalteco llegaron el 2 de agosto a la Estaci\u00f3n Espacial Internacional, junto a semillas de otros pa\u00edses, como parte de un experimento cient\u00edfico impulsado por Jaguar Space.<br><\/span><\/h2>\t\t\t\t<\/div>\n\t\t\t\t\t<\/div>\n\t\t\t\t<\/div>\n\t\t<div data-particle_enable=\"false\" data-particle-mobile-disabled=\"false\" class=\"elementor-element elementor-element-51b0c93 e-flex e-con-boxed e-con e-parent\" data-id=\"51b0c93\" data-element_type=\"container\" data-e-type=\"container\">\n\t\t\t\t\t<div class=\"e-con-inner\">\n\t\t\t\t<div class=\"elementor-element elementor-element-8beb730 elementor-widget elementor-widget-text-editor\" data-id=\"8beb730\" data-element_type=\"widget\" data-e-type=\"widget\" data-widget_type=\"text-editor.default\">\n\t\t\t\t\t\t\t\t\t<p>Por primera vez en la historia, <a href=\"https:\/\/soymigrante.com\/revista\/cual-es-el-origen-del-maiz-este-alimento-es-100-guatemalteco\/\">semillas guatemaltecas de ma\u00edz<\/a>, de dos especies \u2014Zea mays y la especie silvestre Zea luxurians\u2014 han sido enviadas a la Estaci\u00f3n Espacial Internacional (ISS), que orbita a 400 kil\u00f3metros de la Tierra.<\/p><p>Esta iniciativa forma parte del proyecto \u201cWorld Seeds\u201d, desarrollado por la compa\u00f1\u00eda Jaguar Space, fundada por el cient\u00edfico guatemalteco Luis Zea. Este proyectoagrupa semillas globales con fines de investigaci\u00f3n en condiciones de microgravedad. El despegue de la misi\u00f3n fue el 1 de agosto.<\/p>\t\t\t\t\t\t\t\t<\/div>\n\t\t\t\t\t<\/div>\n\t\t\t\t<\/div>\n\t\t<div data-particle_enable=\"false\" data-particle-mobile-disabled=\"false\" class=\"elementor-element elementor-element-8fa2fa1 e-flex e-con-boxed e-con e-parent\" data-id=\"8fa2fa1\" data-element_type=\"container\" data-e-type=\"container\">\n\t\t\t\t\t<div class=\"e-con-inner\">\n\t\t\t\t<div class=\"elementor-element elementor-element-fad1c5b elementor-widget elementor-widget-image\" data-id=\"fad1c5b\" data-element_type=\"widget\" data-e-type=\"widget\" data-widget_type=\"image.default\">\n\t\t\t\t\t\t\t\t\t\t\t\t<figure class=\"wp-caption\">\n\t\t\t\t\t\t\t\t\t\t<img fetchpriority=\"high\" decoding=\"async\" width=\"1024\" height=\"580\" src=\"https:\/\/soymigrante.com\/revista\/wp-content\/uploads\/2025\/08\/descarga-2-1024x580.png\" class=\"attachment-large size-large wp-image-42149\" alt=\"Gu\u00eda de semillas y especias de diferentes pa\u00edses en envases transparentes, ideal para la cultura migrante y diversidad culinaria.\" srcset=\"https:\/\/soymigrante.com\/revista\/wp-content\/uploads\/2025\/08\/descarga-2-1024x580.png 1024w, https:\/\/soymigrante.com\/revista\/wp-content\/uploads\/2025\/08\/descarga-2-300x170.png 300w, https:\/\/soymigrante.com\/revista\/wp-content\/uploads\/2025\/08\/descarga-2-768x435.png 768w, https:\/\/soymigrante.com\/revista\/wp-content\/uploads\/2025\/08\/descarga-2-750x425.png 750w, https:\/\/soymigrante.com\/revista\/wp-content\/uploads\/2025\/08\/descarga-2-1140x646.png 1140w, https:\/\/soymigrante.com\/revista\/wp-content\/uploads\/2025\/08\/descarga-2.png 1206w\" sizes=\"(max-width: 1024px) 100vw, 1024px\" \/>\t\t\t\t\t\t\t\t\t\t\t<figcaption class=\"widget-image-caption wp-caption-text\">Frascos con semillas de diferentes pa\u00edses y variedades, ilustrando la biodiversidad agr\u00edcola y la importancia de conservar las semillas en condiciones controladas, en un entorno de laboratorio o colecci\u00f3n bot\u00e1nica para la preservaci\u00f3n de recursos gen\u00e9ticos.<\/figcaption>\n\t\t\t\t\t\t\t\t\t\t<\/figure>\n\t\t\t\t\t\t\t\t\t<\/div>\n\t\t\t\t\t<\/div>\n\t\t\t\t<\/div>\n\t\t<div data-particle_enable=\"false\" data-particle-mobile-disabled=\"false\" class=\"elementor-element elementor-element-33d79eb e-flex e-con-boxed e-con e-parent\" data-id=\"33d79eb\" data-element_type=\"container\" data-e-type=\"container\">\n\t\t\t\t\t<div class=\"e-con-inner\">\n\t\t\t\t<div class=\"elementor-element elementor-element-52e34a0 elementor-widget elementor-widget-heading\" data-id=\"52e34a0\" data-element_type=\"widget\" data-e-type=\"widget\" data-widget_type=\"heading.default\">\n\t\t\t\t\t<h3 class=\"elementor-heading-title elementor-size-default\">Significado cultural y valor simb\u00f3lico<\/h3>\t\t\t\t<\/div>\n\t\t\t\t\t<\/div>\n\t\t\t\t<\/div>\n\t\t<div data-particle_enable=\"false\" data-particle-mobile-disabled=\"false\" class=\"elementor-element elementor-element-c29da88 e-flex e-con-boxed e-con e-parent\" data-id=\"c29da88\" data-element_type=\"container\" data-e-type=\"container\">\n\t\t\t\t\t<div class=\"e-con-inner\">\n\t\t\t\t<div class=\"elementor-element elementor-element-6ae4e59 elementor-widget elementor-widget-text-editor\" data-id=\"6ae4e59\" data-element_type=\"widget\" data-e-type=\"widget\" data-widget_type=\"text-editor.default\">\n\t\t\t\t\t\t\t\t\t<p>El ma\u00edz desempe\u00f1a un rol central en la cultura, gastronom\u00eda e identidad de Guatemala. Desde la civilizaci\u00f3n maya, se le reconoce no solo como alimento b\u00e1sico, sino tambi\u00e9n como s\u00edmbolo de vida: seg\u00fan el <a href=\"https:\/\/soymigrante.com\/revista\/tag\/personajes-del-popol-vuh\/\">Popol Vuh<\/a>, los primeros seres humanos fueron creados a partir del ma\u00edz.&nbsp;<\/p>\n<p>Por ello, llevar estas semillas al espacio representa una conexi\u00f3n significativa entre el legado ancestral y la exploraci\u00f3n espacial&nbsp;<\/p>\t\t\t\t\t\t\t\t<\/div>\n\t\t\t\t\t<\/div>\n\t\t\t\t<\/div>\n\t\t<div data-particle_enable=\"false\" data-particle-mobile-disabled=\"false\" class=\"elementor-element elementor-element-b035ff1 e-flex e-con-boxed e-con e-parent\" data-id=\"b035ff1\" data-element_type=\"container\" data-e-type=\"container\">\n\t\t\t\t\t<div class=\"e-con-inner\">\n\t\t\t\t<div class=\"elementor-element elementor-element-72f61ea elementor-widget elementor-widget-image\" data-id=\"72f61ea\" data-element_type=\"widget\" data-e-type=\"widget\" data-widget_type=\"image.default\">\n\t\t\t\t\t\t\t\t\t\t\t\t<figure class=\"wp-caption\">\n\t\t\t\t\t\t\t\t\t\t<img decoding=\"async\" width=\"769\" height=\"900\" src=\"https:\/\/soymigrante.com\/revista\/wp-content\/uploads\/2025\/08\/descarga.webp\" class=\"attachment-large size-large wp-image-42150\" alt=\"Diversidad de semillas terrestres en el espacio, con banderas internacionales en un fondo estrellado, promoviendo sostenibilidad y biodiversidad global.\" srcset=\"https:\/\/soymigrante.com\/revista\/wp-content\/uploads\/2025\/08\/descarga.webp 769w, https:\/\/soymigrante.com\/revista\/wp-content\/uploads\/2025\/08\/descarga-256x300.jpeg 256w, https:\/\/soymigrante.com\/revista\/wp-content\/uploads\/2025\/08\/descarga-750x878.webp 750w\" sizes=\"(max-width: 769px) 100vw, 769px\" \/>\t\t\t\t\t\t\t\t\t\t\t<figcaption class=\"widget-image-caption wp-caption-text\">Semillas terrestres variadas en espacio, simbolizando biodiversidad y cooperaci\u00f3n internacional en la conservaci\u00f3n de la naturaleza.<\/figcaption>\n\t\t\t\t\t\t\t\t\t\t<\/figure>\n\t\t\t\t\t\t\t\t\t<\/div>\n\t\t\t\t\t<\/div>\n\t\t\t\t<\/div>\n\t\t<div data-particle_enable=\"false\" data-particle-mobile-disabled=\"false\" class=\"elementor-element elementor-element-2bf18c6 e-flex e-con-boxed e-con e-parent\" data-id=\"2bf18c6\" data-element_type=\"container\" data-e-type=\"container\">\n\t\t\t\t\t<div class=\"e-con-inner\">\n\t\t\t\t<div class=\"elementor-element elementor-element-83fc9da elementor-widget elementor-widget-heading\" data-id=\"83fc9da\" data-element_type=\"widget\" data-e-type=\"widget\" data-widget_type=\"heading.default\">\n\t\t\t\t\t<h3 class=\"elementor-heading-title elementor-size-default\">Objetivo cient\u00edfico, alimentario y futurista<\/h3>\t\t\t\t<\/div>\n\t\t\t\t\t<\/div>\n\t\t\t\t<\/div>\n\t\t<div data-particle_enable=\"false\" data-particle-mobile-disabled=\"false\" class=\"elementor-element elementor-element-0f2f4e9 e-flex e-con-boxed e-con e-parent\" data-id=\"0f2f4e9\" data-element_type=\"container\" data-e-type=\"container\">\n\t\t\t\t\t<div class=\"e-con-inner\">\n\t\t\t\t<div class=\"elementor-element elementor-element-28b2fbc elementor-widget elementor-widget-text-editor\" data-id=\"28b2fbc\" data-element_type=\"widget\" data-e-type=\"widget\" data-widget_type=\"text-editor.default\">\n\t\t\t\t\t\t\t\t\t<p>El env\u00edo de semillas tiene un objetivo cient\u00edfico:\u00a0 estudiar c\u00f3mo la microgravedad afecta la geminaci\u00f3n, la activaci\u00f3n gen\u00e9tica y v\u00edas metab\u00f3licas esenciales para el desarrollo de las plantas en entornos ajenos a la Tierra.\u00a0<\/p><p>Este tipo de experimentos potencialmente pueden derivar en avances en la resiliencia de cultivos, t\u00e9cnicas de conservaci\u00f3n de semillas y soluciones para la seguridad alimentaria, tanto en la Tierra como en entornos espaciales\u00a0<\/p><p>El rol de Guatemala y sus <a href=\"https:\/\/soymigrante.com\/revista\/cual-es-el-origen-del-maiz-este-alimento-es-100-guatemalteco\/\">granos de ma\u00edz<\/a> en esta misi\u00f3n fue posible gracias a una colaboraci\u00f3n entre Jaguar Space, la Secretar\u00eda Nacional de Ciencia y Tecnolog\u00eda (SENACYT) y el Instituto de Ciencia y Tecnolog\u00eda Agr\u00edcolas (ICTA).\u00a0\u00a0<\/p>\t\t\t\t\t\t\t\t<\/div>\n\t\t\t\t\t<\/div>\n\t\t\t\t<\/div>\n\t\t<div data-particle_enable=\"false\" data-particle-mobile-disabled=\"false\" class=\"elementor-element elementor-element-689d7c4 e-flex e-con-boxed e-con e-parent\" data-id=\"689d7c4\" data-element_type=\"container\" data-e-type=\"container\">\n\t\t\t\t\t<div class=\"e-con-inner\">\n\t\t\t\t<div class=\"elementor-element elementor-element-fa82498 elementor-grid-eael-col-1 elementor-grid-tablet-eael-col-2 elementor-grid-mobile-eael-col-1 elementor-invisible elementor-widget elementor-widget-eael-post-grid\" data-id=\"fa82498\" data-element_type=\"widget\" data-e-type=\"widget\" data-settings=\"{&quot;eael_post_grid_columns&quot;:&quot;eael-col-1&quot;,&quot;_animation&quot;:&quot;rollIn&quot;,&quot;eael_post_grid_columns_tablet&quot;:&quot;eael-col-2&quot;,&quot;eael_post_grid_columns_mobile&quot;:&quot;eael-col-1&quot;}\" data-widget_type=\"eael-post-grid.default\">\n\t\t\t\t\t<div id=\"eael-post-grid-fa82498\" class=\"eael-post-grid-container\">\n            <div class=\"eael-post-grid eael-post-appender eael-post-appender-fa82498 eael-post-grid-style-one\" data-layout-mode=\"masonry\"><article class=\"eael-grid-post  eael-post-grid-column eael-pg-post-7680 category-bienestar\" data-id=\"7680\">\n        <div class=\"eael-grid-post-holder\">\n            <div class=\"eael-grid-post-holder-inner\"><div class=\"eael-entry-media\"><div class=\"eael-entry-overlay fade-in\"><i class=\"far fa-hand-pointer\" aria-hidden=\"true\"><\/i><a href=\"https:\/\/soymigrante.com\/revista\/cual-es-el-origen-del-maiz-este-alimento-es-100-guatemalteco\/\"><\/a><\/div><div class=\"eael-entry-thumbnail \">\n                <img decoding=\"async\" width=\"1024\" height=\"682\" src=\"https:\/\/soymigrante.com\/revista\/wp-content\/uploads\/2024\/07\/corn-1235895_1280-1024x682.webp\" class=\"attachment-large size-large wp-image-7685\" alt=\"Ma\u00edz nativo diverso en colores y variedades, tradicional en la cultura agr\u00edcola latinoamericana, ilustrando la riqueza y diversidad de los cultivos tradicionales.\" \/>\n            <\/div>\n        <\/div><div class=\"eael-entry-wrapper\"><header class=\"eael-entry-header\"><h2 class=\"eael-entry-title\"><a class=\"eael-grid-post-link\" href=\"https:\/\/soymigrante.com\/revista\/cual-es-el-origen-del-maiz-este-alimento-es-100-guatemalteco\/\" title=\"\u00bfCu\u00e1l es el origen del ma\u00edz? Este alimento es 100% guatemalteco\">\u00bfCu\u00e1l es el origen del ma\u00edz? Este alimento es 100% guatemalteco<\/a><\/h2><\/header><div class=\"eael-entry-content\">\n                        <div class=\"eael-grid-post-excerpt\"><a href=\"https:\/\/soymigrante.com\/revista\/cual-es-el-origen-del-maiz-este-alimento-es-100-guatemalteco\/\" class=\"eael-post-elements-readmore-btn\">CONOCE SU HISTORIA <\/a><\/div>\n                    <\/div><\/div><\/div>\n        <\/div>\n    <\/article><\/div>\n            <div class=\"clearfix\"><\/div>\n        <\/div>\t\t\t\t<\/div>\n\t\t\t\t\t<\/div>\n\t\t\t\t<\/div>\n\t\t<div data-particle_enable=\"false\" data-particle-mobile-disabled=\"false\" class=\"elementor-element elementor-element-1047bee e-flex e-con-boxed e-con e-parent\" data-id=\"1047bee\" data-element_type=\"container\" data-e-type=\"container\">\n\t\t\t\t\t<div class=\"e-con-inner\">\n\t\t\t\t<div class=\"elementor-element elementor-element-6110c2a elementor-widget elementor-widget-heading\" data-id=\"6110c2a\" data-element_type=\"widget\" data-e-type=\"widget\" data-widget_type=\"heading.default\">\n\t\t\t\t\t<h3 class=\"elementor-heading-title elementor-size-default\">Sobre Jaguar Space, empresa fundada por guatemalteco<\/h3>\t\t\t\t<\/div>\n\t\t\t\t\t<\/div>\n\t\t\t\t<\/div>\n\t\t<div data-particle_enable=\"false\" data-particle-mobile-disabled=\"false\" class=\"elementor-element elementor-element-bbcc99a e-flex e-con-boxed e-con e-parent\" data-id=\"bbcc99a\" data-element_type=\"container\" data-e-type=\"container\">\n\t\t\t\t\t<div class=\"e-con-inner\">\n\t\t\t\t<div class=\"elementor-element elementor-element-2d19d0e elementor-widget elementor-widget-text-editor\" data-id=\"2d19d0e\" data-element_type=\"widget\" data-e-type=\"widget\" data-widget_type=\"text-editor.default\">\n\t\t\t\t\t\t\t\t\t<p><a href=\"https:\/\/jaguarspace.net\/\">Jaguar Space<\/a> es una firma internacional dedicada a la bioastron\u00e1utica y consultor\u00eda en acceso al espacio. Combina ciencia espacial, ingenier\u00eda, gesti\u00f3n de proyectos, asuntos interculturales y desarrollo empresarial para ayudar a gobiernos, acad\u00e9micos e industrias a aprovechar el potencial del espacio como motor de innovaci\u00f3n.<\/p><p><a href=\"https:\/\/jaguarspace.net\/\">Jaguar Space<\/a> fue fundada por el Dr. Luis Zea, ingeniero aeroespacial guatemalteco con experiencia en m\u00e1s de 25 cargas \u00fatiles espaciales, incluyendo misiones a la Estaci\u00f3n Espacial Internacional (ISS) y la Artemis I alrededor de la Luna.\u00a0<\/p><p>Su trayectoria tambi\u00e9n incluye contribuciones a la estrategia cient\u00edfica de EE. UU. para la exploraci\u00f3n de Marte. El nombre Jaguar Space honra al <a href=\"https:\/\/soymigrante.com\/revista\/simbolismo-y-realidad-del-jaguar-en-la-cultura-maya\/\">jaguar, un s\u00edmbolo maya<\/a> que representa el puente entre los mundos, reflejando la conexi\u00f3n entre ra\u00edces culturales y el salto hacia lo espacial<\/p>\t\t\t\t\t\t\t\t<\/div>\n\t\t\t\t\t<\/div>\n\t\t\t\t<\/div>\n\t\t<div data-particle_enable=\"false\" data-particle-mobile-disabled=\"false\" class=\"elementor-element elementor-element-45ed514 e-flex e-con-boxed e-con e-parent\" data-id=\"45ed514\" data-element_type=\"container\" data-e-type=\"container\">\n\t\t\t\t\t<div class=\"e-con-inner\">\n\t\t\t\t<div class=\"elementor-element elementor-element-54a6efb elementor-widget elementor-widget-image\" data-id=\"54a6efb\" data-element_type=\"widget\" data-e-type=\"widget\" data-widget_type=\"image.default\">\n\t\t\t\t\t\t\t\t\t\t\t\t<figure class=\"wp-caption\">\n\t\t\t\t\t\t\t\t\t\t<img loading=\"lazy\" decoding=\"async\" width=\"819\" height=\"1024\" src=\"https:\/\/soymigrante.com\/revista\/wp-content\/uploads\/2025\/08\/maiz-espacio-819x1024.jpeg\" class=\"attachment-large size-large wp-image-42151\" alt=\"Guatemalan mujer ind\u00edgena con falda tradicional llevando un cesto de ma\u00edz en el campo, promoviendo la agricultura ancestral y la historia de Guatemala en el contexto de la seguridad alimentaria.\" srcset=\"https:\/\/soymigrante.com\/revista\/wp-content\/uploads\/2025\/08\/maiz-espacio-819x1024.jpeg 819w, https:\/\/soymigrante.com\/revista\/wp-content\/uploads\/2025\/08\/maiz-espacio-240x300.jpeg 240w, https:\/\/soymigrante.com\/revista\/wp-content\/uploads\/2025\/08\/maiz-espacio-768x960.jpeg 768w, https:\/\/soymigrante.com\/revista\/wp-content\/uploads\/2025\/08\/maiz-espacio-750x938.webp 750w, https:\/\/soymigrante.com\/revista\/wp-content\/uploads\/2025\/08\/maiz-espacio.webp 1080w\" sizes=\"(max-width: 819px) 100vw, 819px\" \/>\t\t\t\t\t\t\t\t\t\t\t<figcaption class=\"widget-image-caption wp-caption-text\">La portada de SoyMigrante.com Revista destaca una mujer guatemalteca con una cesta de ma\u00edz en un campo, simbolizando la importancia del ma\u00edz en la historia y cultura de Guatemala.<\/figcaption>\n\t\t\t\t\t\t\t\t\t\t<\/figure>\n\t\t\t\t\t\t\t\t\t<\/div>\n\t\t\t\t\t<\/div>\n\t\t\t\t<\/div>\n\t\t<div data-particle_enable=\"false\" data-particle-mobile-disabled=\"false\" class=\"elementor-element elementor-element-a1c86cf e-flex e-con-boxed e-con e-parent\" data-id=\"a1c86cf\" data-element_type=\"container\" data-e-type=\"container\">\n\t\t\t\t\t<div class=\"e-con-inner\">\n\t\t\t\t<div class=\"elementor-element elementor-element-2ec9021 elementor-widget elementor-widget-heading\" data-id=\"2ec9021\" data-element_type=\"widget\" data-e-type=\"widget\" data-widget_type=\"heading.default\">\n\t\t\t\t\t<h2 class=\"elementor-heading-title elementor-size-default\">Inteligencia guatemalteca sin fronteras<\/h2>\t\t\t\t<\/div>\n\t\t\t\t\t<\/div>\n\t\t\t\t<\/div>\n\t\t<div data-particle_enable=\"false\" data-particle-mobile-disabled=\"false\" class=\"elementor-element elementor-element-3b4f91a e-flex e-con-boxed e-con e-parent\" data-id=\"3b4f91a\" data-element_type=\"container\" data-e-type=\"container\">\n\t\t\t\t\t<div class=\"e-con-inner\">\n\t\t\t\t<div class=\"elementor-element elementor-element-7af5ecf elementor-grid-eael-col-3 elementor-grid-tablet-eael-col-2 elementor-grid-mobile-eael-col-1 elementor-invisible elementor-widget elementor-widget-eael-post-grid\" data-id=\"7af5ecf\" data-element_type=\"widget\" data-e-type=\"widget\" data-settings=\"{&quot;eael_post_grid_columns&quot;:&quot;eael-col-3&quot;,&quot;_animation&quot;:&quot;rollIn&quot;,&quot;eael_post_grid_columns_tablet&quot;:&quot;eael-col-2&quot;,&quot;eael_post_grid_columns_mobile&quot;:&quot;eael-col-1&quot;}\" data-widget_type=\"eael-post-grid.default\">\n\t\t\t\t\t<div id=\"eael-post-grid-7af5ecf\" class=\"eael-post-grid-container\">\n            <div class=\"eael-post-grid eael-post-appender eael-post-appender-7af5ecf eael-post-grid-style-one\" data-layout-mode=\"masonry\"><article class=\"eael-grid-post  eael-post-grid-column eael-pg-post-33378 category-exitos-guatemala\" data-id=\"33378\">\n        <div class=\"eael-grid-post-holder\">\n            <div class=\"eael-grid-post-holder-inner\"><div class=\"eael-entry-media\"><div class=\"eael-entry-overlay fade-in\"><i class=\"far fa-hand-pointer\" aria-hidden=\"true\"><\/i><a href=\"https:\/\/soymigrante.com\/revista\/ingrid-sub-cuc-migrante-de-solola-estudia-su-doctorado-en-california-sobre-medicina-maya-kaqchikel\/\"><\/a><\/div><div class=\"eael-entry-thumbnail \">\n                <img loading=\"lazy\" decoding=\"async\" width=\"1024\" height=\"1024\" src=\"https:\/\/soymigrante.com\/revista\/wp-content\/uploads\/2025\/05\/ingrid-sub-cuc-solola-maya-10-1024x1024.jpg\" class=\"attachment-large size-large wp-image-33379\" alt=\"Mujer ind\u00edgena con traje tradicional en un entorno natural frente a un lago y volc\u00e1n, s\u00edmbolo de cultura, identidad y orgullo en M\u00e9xico.\" srcset=\"https:\/\/soymigrante.com\/revista\/wp-content\/uploads\/2025\/05\/ingrid-sub-cuc-solola-maya-10-1024x1024.jpg 1024w, https:\/\/soymigrante.com\/revista\/wp-content\/uploads\/2025\/05\/ingrid-sub-cuc-solola-maya-10-300x300.jpg 300w, https:\/\/soymigrante.com\/revista\/wp-content\/uploads\/2025\/05\/ingrid-sub-cuc-solola-maya-10-150x150.jpg 150w, https:\/\/soymigrante.com\/revista\/wp-content\/uploads\/2025\/05\/ingrid-sub-cuc-solola-maya-10-768x768.jpg 768w, https:\/\/soymigrante.com\/revista\/wp-content\/uploads\/2025\/05\/ingrid-sub-cuc-solola-maya-10-75x75.webp 75w, https:\/\/soymigrante.com\/revista\/wp-content\/uploads\/2025\/05\/ingrid-sub-cuc-solola-maya-10-750x750.webp 750w, https:\/\/soymigrante.com\/revista\/wp-content\/uploads\/2025\/05\/ingrid-sub-cuc-solola-maya-10-1140x1140.webp 1140w, https:\/\/soymigrante.com\/revista\/wp-content\/uploads\/2025\/05\/ingrid-sub-cuc-solola-maya-10.webp 1478w\" sizes=\"(max-width: 1024px) 100vw, 1024px\" \/>\n            <\/div>\n        <\/div><div class=\"eael-entry-wrapper\"><header class=\"eael-entry-header\"><h2 class=\"eael-entry-title\"><a class=\"eael-grid-post-link\" href=\"https:\/\/soymigrante.com\/revista\/ingrid-sub-cuc-migrante-de-solola-estudia-su-doctorado-en-california-sobre-medicina-maya-kaqchikel\/\" title=\"Ingrid Sub Cuc, migrante de Solol\u00e1, estudia su doctorado en California sobre medicina maya kaqchikel\">Ingrid Sub Cuc, migrante de Solol\u00e1, estudia su doctorado en California sobre medicina maya kaqchikel<\/a><\/h2><\/header><div class=\"eael-entry-content\">\n                        <div class=\"eael-grid-post-excerpt\"><a href=\"https:\/\/soymigrante.com\/revista\/ingrid-sub-cuc-migrante-de-solola-estudia-su-doctorado-en-california-sobre-medicina-maya-kaqchikel\/\" class=\"eael-post-elements-readmore-btn\">CONOCE SU HISTORIA <\/a><\/div>\n                    <\/div><\/div><\/div>\n        <\/div>\n    <\/article><article class=\"eael-grid-post  eael-post-grid-column eael-pg-post-1845 category-exitos tags-utah\" data-id=\"1845\">\n        <div class=\"eael-grid-post-holder\">\n            <div class=\"eael-grid-post-holder-inner\"><div class=\"eael-entry-media\"><div class=\"eael-entry-overlay fade-in\"><i class=\"far fa-hand-pointer\" aria-hidden=\"true\"><\/i><a href=\"https:\/\/soymigrante.com\/revista\/arquitecto-maya-joaquin-universidad-utah\/\"><\/a><\/div><div class=\"eael-entry-thumbnail \">\n                <img loading=\"lazy\" decoding=\"async\" width=\"1024\" height=\"756\" src=\"https:\/\/soymigrante.com\/revista\/wp-content\/uploads\/2023\/07\/Captura-de-pantalla-2023-07-13-224719-1024x756.webp\" class=\"attachment-large size-large wp-image-1850\" alt=\"Joaqu\u00edn L\u00f3pez se encuentra estudiando el doctorado en planificaci\u00f3n urbana con enfoque ind\u00edgena en la Universidad de Utah. Espec\u00edficamente ha trabajado con la Naci\u00f3n Navajo.\" srcset=\"https:\/\/soymigrante.com\/revista\/wp-content\/uploads\/2023\/07\/Captura-de-pantalla-2023-07-13-224719-1024x756.webp 1024w, https:\/\/soymigrante.com\/revista\/wp-content\/uploads\/2023\/07\/Captura-de-pantalla-2023-07-13-224719-300x221.webp 300w, https:\/\/soymigrante.com\/revista\/wp-content\/uploads\/2023\/07\/Captura-de-pantalla-2023-07-13-224719-768x567.webp 768w, https:\/\/soymigrante.com\/revista\/wp-content\/uploads\/2023\/07\/Captura-de-pantalla-2023-07-13-224719-750x553.webp 750w, https:\/\/soymigrante.com\/revista\/wp-content\/uploads\/2023\/07\/Captura-de-pantalla-2023-07-13-224719-1140x841.webp 1140w, https:\/\/soymigrante.com\/revista\/wp-content\/uploads\/2023\/07\/Captura-de-pantalla-2023-07-13-224719.webp 1255w\" sizes=\"(max-width: 1024px) 100vw, 1024px\" \/>\n            <\/div>\n        <\/div><div class=\"eael-entry-wrapper\"><header class=\"eael-entry-header\"><h2 class=\"eael-entry-title\"><a class=\"eael-grid-post-link\" href=\"https:\/\/soymigrante.com\/revista\/arquitecto-maya-joaquin-universidad-utah\/\" title=\"Identidad maya viaja con arquitecto migrante Joaqu\u00edn L\u00f3pez\">Identidad maya viaja con arquitecto migrante Joaqu\u00edn L\u00f3pez<\/a><\/h2><\/header><div class=\"eael-entry-content\">\n                        <div class=\"eael-grid-post-excerpt\"><a href=\"https:\/\/soymigrante.com\/revista\/arquitecto-maya-joaquin-universidad-utah\/\" class=\"eael-post-elements-readmore-btn\">CONOCE SU HISTORIA <\/a><\/div>\n                    <\/div><\/div><\/div>\n        <\/div>\n    <\/article><article class=\"eael-grid-post  eael-post-grid-column eael-pg-post-27264 category-exitos\" data-id=\"27264\">\n        <div class=\"eael-grid-post-holder\">\n            <div class=\"eael-grid-post-holder-inner\"><div class=\"eael-entry-media\"><div class=\"eael-entry-overlay fade-in\"><i class=\"far fa-hand-pointer\" aria-hidden=\"true\"><\/i><a href=\"https:\/\/soymigrante.com\/revista\/estudiante-guatemalteco-de-ciencias-sebastian-elias-recibe-premio-en-texas\/\"><\/a><\/div><div class=\"eael-entry-thumbnail \">\n                <img loading=\"lazy\" decoding=\"async\" width=\"522\" height=\"522\" src=\"https:\/\/soymigrante.com\/revista\/wp-content\/uploads\/2025\/03\/sebastian-elias.webp\" class=\"attachment-large size-large wp-image-27265\" alt=\"Premio de beca para estudiantes distinguidos, joven sosteniendo un gran cheque en un aula escolar.\" srcset=\"https:\/\/soymigrante.com\/revista\/wp-content\/uploads\/2025\/03\/sebastian-elias.webp 522w, https:\/\/soymigrante.com\/revista\/wp-content\/uploads\/2025\/03\/sebastian-elias-300x300.png 300w, https:\/\/soymigrante.com\/revista\/wp-content\/uploads\/2025\/03\/sebastian-elias-150x150.png 150w, https:\/\/soymigrante.com\/revista\/wp-content\/uploads\/2025\/03\/sebastian-elias-75x75.webp 75w\" sizes=\"(max-width: 522px) 100vw, 522px\" \/>\n            <\/div>\n        <\/div><div class=\"eael-entry-wrapper\"><header class=\"eael-entry-header\"><h2 class=\"eael-entry-title\"><a class=\"eael-grid-post-link\" href=\"https:\/\/soymigrante.com\/revista\/estudiante-guatemalteco-de-ciencias-sebastian-elias-recibe-premio-en-texas\/\" title=\"Estudiante guatemalteco de ciencias Sebasti\u00e1n El\u00edas recibe premio en Houston, Texas\">Estudiante guatemalteco de ciencias Sebasti\u00e1n El\u00edas recibe premio en Houston, Texas<\/a><\/h2><\/header><div class=\"eael-entry-content\">\n                        <div class=\"eael-grid-post-excerpt\"><a href=\"https:\/\/soymigrante.com\/revista\/estudiante-guatemalteco-de-ciencias-sebastian-elias-recibe-premio-en-texas\/\" class=\"eael-post-elements-readmore-btn\">CONOCE SU HISTORIA <\/a><\/div>\n                    <\/div><\/div><\/div>\n        <\/div>\n    <\/article><\/div>\n            <div class=\"clearfix\"><\/div>\n        <\/div>\t\t\t\t<\/div>\n\t\t\t\t\t<\/div>\n\t\t\t\t<\/div>\n\t\t\t\t<\/div>\n\t\t","protected":false},"excerpt":{"rendered":"<p>Granos de ma\u00edz guatemalteco llegaron el 2 de agosto a la Estaci\u00f3n Espacial Internacional, junto a semillas de otros pa\u00edses, como parte de un experimento cient\u00edfico impulsado por Jaguar Space. Por primera vez en la historia, semillas guatemaltecas de ma\u00edz, de dos especies \u2014Zea mays y la especie silvestre Zea luxurians\u2014 han sido enviadas a [&hellip;]<\/p>\n","protected":false},"author":7,"featured_media":42092,"comment_status":"open","ping_status":"open","sticky":false,"template":"","format":"standard","meta":{"_acf_changed":false,"_eb_attr":"","footnotes":""},"categories":[54],"tags":[],"class_list":["post-42090","post","type-post","status-publish","format-standard","has-post-thumbnail","hentry","category-estamos-unidos"],"acf":[],"aioseo_notices":[],"aioseo_head":"\n\t\t<!-- All in One SEO Pro 4.9.6.2 - aioseo.com -->\n\t<meta name=\"description\" content=\"El guatemalteco Sebasti\u00e1n El\u00edas egresa este a\u00f1o de Northbrook Highschool, Houston. Recibi\u00f3 el premio de la petrolera CITGO a alumnos brillantes. Aqu\u00ed la historia.\" \/>\n\t<meta name=\"robots\" content=\"max-snippet:-1, max-image-preview:large, max-video-preview:-1\" \/>\n\t<meta name=\"author\" content=\"Gustavo Montenegro\"\/>\n\t<link rel=\"canonical\" href=\"https:\/\/soymigrante.com\/revista\/estudiante-guatemalteco-de-ciencias-sebastian-elias-recibe-premio-en-texas\/\" \/>\n\t<meta name=\"generator\" content=\"All in One SEO Pro (AIOSEO) 4.9.6.2\" \/>\n\n\t\t<link rel=\"preconnect\" href=\"https:\/\/fonts.googleapis.com\" crossorigin>\n<link rel=\"preconnect\" href=\"https:\/\/fonts.gstatic.com\" crossorigin>\n\t\t<meta property=\"og:locale\" content=\"es_ES\" \/>\n\t\t<meta property=\"og:site_name\" content=\"SoyMigrante.com REVISTA \u2013 Nuestra misi\u00f3n es reconocer y dignificar al migrante.\" \/>\n\t\t<meta property=\"og:type\" content=\"article\" \/>\n\t\t<meta property=\"og:title\" content=\"Estudiante guatemalteco de ciencias es premiado en Texas\" \/>\n\t\t<meta property=\"og:description\" content=\"El guatemalteco Sebasti\u00e1n El\u00edas egresa este a\u00f1o de Northbrook Highschool, Houston. Recibi\u00f3 el premio de la petrolera CITGO a alumnos brillantes. Aqu\u00ed la historia.\" \/>\n\t\t<meta property=\"og:url\" content=\"https:\/\/soymigrante.com\/revista\/estudiante-guatemalteco-de-ciencias-sebastian-elias-recibe-premio-en-texas\/\" \/>\n\t\t<meta property=\"og:image\" content=\"https:\/\/soymigrante.com\/revista\/wp-content\/uploads\/2025\/03\/sebastian-elias.webp\" \/>\n\t\t<meta property=\"og:image:secure_url\" content=\"https:\/\/soymigrante.com\/revista\/wp-content\/uploads\/2025\/03\/sebastian-elias.webp\" \/>\n\t\t<meta property=\"og:image:width\" content=\"522\" \/>\n\t\t<meta property=\"og:image:height\" content=\"522\" \/>\n\t\t<meta property=\"article:published_time\" content=\"2025-03-06T19:18:15+00:00\" \/>\n\t\t<meta property=\"article:modified_time\" content=\"2026-03-06T00:00:09+00:00\" \/>\n\t\t<meta property=\"article:publisher\" content=\"https:\/\/www.facebook.com\/soymigrantecom\" \/>\n\t\t<meta name=\"twitter:card\" content=\"summary_large_image\" \/>\n\t\t<meta name=\"twitter:site\" content=\"@SoyMigrante_com\" \/>\n\t\t<meta name=\"twitter:title\" content=\"Estudiante guatemalteco de ciencias es premiado en Texas\" \/>\n\t\t<meta name=\"twitter:description\" content=\"El guatemalteco Sebasti\u00e1n El\u00edas egresa este a\u00f1o de Northbrook Highschool, Houston. Recibi\u00f3 el premio de la petrolera CITGO a alumnos brillantes. Aqu\u00ed la historia.\" \/>\n\t\t<meta name=\"twitter:creator\" content=\"@SoyMigrante_com\" \/>\n\t\t<meta name=\"twitter:image\" content=\"https:\/\/soymigrante.com\/revista\/wp-content\/uploads\/2025\/03\/sebastian-elias.webp\" \/>\n\t\t<!-- All in One SEO Pro -->\r\n\t\t<title>Estudiante guatemalteco de ciencias es premiado en Texas<\/title>\n\n","aioseo_head_json":{"title":"Estudiante guatemalteco de ciencias es premiado en Texas","description":"El guatemalteco Sebasti\u00e1n El\u00edas egresa este a\u00f1o de Northbrook Highschool, Houston. Recibi\u00f3 el premio de la petrolera CITGO a alumnos brillantes. Aqu\u00ed la historia.","canonical_url":"https:\/\/soymigrante.com\/revista\/estudiante-guatemalteco-de-ciencias-sebastian-elias-recibe-premio-en-texas\/","robots":"max-snippet:-1, max-image-preview:large, max-video-preview:-1","keywords":"","webmasterTools":{"miscellaneous":"&lt;link rel=\"preconnect\" href=\"https:\/\/fonts.googleapis.com\" crossorigin&gt;\n&lt;link rel=\"preconnect\" href=\"https:\/\/fonts.gstatic.com\" crossorigin&gt;"},"schema":null,"og:locale":"es_ES","og:site_name":"SoyMigrante.com REVISTA \u2013 Nuestra misi\u00f3n es reconocer y dignificar al migrante.","og:type":"article","og:title":"Estudiante guatemalteco de ciencias es premiado en Texas","og:description":"El guatemalteco Sebasti\u00e1n El\u00edas egresa este a\u00f1o de Northbrook Highschool, Houston. Recibi\u00f3 el premio de la petrolera CITGO a alumnos brillantes. Aqu\u00ed la historia.","og:url":"https:\/\/soymigrante.com\/revista\/estudiante-guatemalteco-de-ciencias-sebastian-elias-recibe-premio-en-texas\/","og:image":"https:\/\/soymigrante.com\/revista\/wp-content\/uploads\/2025\/03\/sebastian-elias.webp","og:image:secure_url":"https:\/\/soymigrante.com\/revista\/wp-content\/uploads\/2025\/03\/sebastian-elias.webp","og:image:width":522,"og:image:height":522,"article:published_time":"2025-03-06T19:18:15+00:00","article:modified_time":"2026-03-06T00:00:09+00:00","article:publisher":"https:\/\/www.facebook.com\/soymigrantecom","twitter:card":"summary_large_image","twitter:site":"@SoyMigrante_com","twitter:title":"Estudiante guatemalteco de ciencias es premiado en Texas","twitter:description":"El guatemalteco Sebasti\u00e1n El\u00edas egresa este a\u00f1o de Northbrook Highschool, Houston. Recibi\u00f3 el premio de la petrolera CITGO a alumnos brillantes. Aqu\u00ed la historia.","twitter:creator":"@SoyMigrante_com","twitter:image":"https:\/\/soymigrante.com\/revista\/wp-content\/uploads\/2025\/03\/sebastian-elias.webp"},"aioseo_meta_data":{"post_id":"42090","title":null,"description":"S\u00ed, dos muestras de ma\u00edz guatemalteco fueron llevadas a la Estaci\u00f3n Espacial Internacional como parte de un experimento con semillas de varios pa\u00edses.","keywords":null,"keyphrases":{"focus":{"keyphrase":"Ma\u00edz","score":91,"analysis":{"keyphraseInTitle":{"score":9,"maxScore":9,"error":0},"keyphraseInDescription":{"score":9,"maxScore":9,"error":0},"keyphraseLength":{"score":9,"maxScore":9,"error":0,"length":2},"keyphraseInURL":{"score":5,"maxScore":5,"error":0},"keyphraseInIntroduction":{"score":9,"maxScore":9,"error":0},"keyphraseInSubHeadings":{"score":3,"maxScore":9,"error":1},"keyphraseInImageAlt":{"score":9,"maxScore":9,"error":0},"keywordDensity":{"type":"best","score":9,"maxScore":9,"error":0}}},"additional":[{"keyphrase":"Guatemalteco","score":87,"analysis":{"keyphraseInDescription":{"score":9,"maxScore":9,"error":0},"keyphraseLength":{"score":9,"maxScore":9,"error":0,"length":1},"keyphraseInIntroduction":{"score":3,"maxScore":9,"error":1},"keyphraseInImageAlt":{"score":9,"maxScore":9,"error":0},"keywordDensity":{"type":"best","score":9,"maxScore":9,"error":0}}},{"keyphrase":"Espacio","score":73,"analysis":{"keyphraseInDescription":{"score":3,"maxScore":9,"error":1},"keyphraseLength":{"score":9,"maxScore":9,"error":0,"length":1},"keyphraseInIntroduction":{"score":3,"maxScore":9,"error":1},"keyphraseInImageAlt":{"score":9,"maxScore":9,"error":0},"keywordDensity":{"type":"best","score":9,"maxScore":9,"error":0}}}]},"primary_term":null,"canonical_url":null,"og_title":null,"og_description":null,"og_object_type":"default","og_image_type":"default","og_image_url":null,"og_image_width":null,"og_image_height":null,"og_image_custom_url":null,"og_image_custom_fields":null,"og_video":"","og_custom_url":null,"og_article_section":null,"og_article_tags":null,"twitter_use_og":false,"twitter_card":"default","twitter_image_type":"default","twitter_image_url":null,"twitter_image_custom_url":null,"twitter_image_custom_fields":null,"twitter_title":null,"twitter_description":null,"schema":{"blockGraphs":[],"customGraphs":[],"default":{"data":{"Article":[],"Course":[],"Dataset":[],"FAQPage":[],"Movie":[],"Person":[],"Product":[],"ProductReview":[],"Car":[],"Recipe":[],"Service":[],"SoftwareApplication":[],"WebPage":[]},"graphName":"none","isEnabled":true},"graphs":[]},"schema_type":"default","schema_type_options":null,"pillar_content":false,"robots_default":true,"robots_noindex":false,"robots_noarchive":false,"robots_nosnippet":false,"robots_nofollow":false,"robots_noimageindex":false,"robots_noodp":false,"robots_notranslate":false,"robots_max_snippet":"-1","robots_max_videopreview":"-1","robots_max_imagepreview":"large","priority":null,"frequency":"default","local_seo":null,"seo_analyzer_scan_date":"2025-10-09 07:42:18","breadcrumb_settings":null,"limit_modified_date":false,"reviewed_by":"0","open_ai":null,"ai":{"faqs":[],"keyPoints":[],"titles":[],"descriptions":[],"socialPosts":{"email":[],"linkedin":[],"twitter":[],"facebook":[],"instagram":[]}},"created":"2025-08-14 21:57:01","updated":"2026-02-05 04:19:35"},"aioseo_breadcrumb":"<div class=\"aioseo-breadcrumbs\"><span class=\"aioseo-breadcrumb\">\n\t<a href=\"https:\/\/soymigrante.com\/revista\" title=\"Home\">Home<\/a>\n<\/span><span class=\"aioseo-breadcrumb-separator\">\u00bb<\/span><span class=\"aioseo-breadcrumb\">\n\t<a href=\"https:\/\/soymigrante.com\/revista\/category\/estamos-unidos\/\" title=\"Estamos Unidos\">Estamos Unidos<\/a>\n<\/span><span class=\"aioseo-breadcrumb-separator\">\u00bb<\/span><span class=\"aioseo-breadcrumb\">\n\t\u00bfEs cierto que el ma\u00edz guatemalteco ya lleg\u00f3 hasta el espacio?\n<\/span><\/div>","aioseo_breadcrumb_json":[{"label":"Home","link":"https:\/\/soymigrante.com\/revista"},{"label":"Estamos Unidos","link":"https:\/\/soymigrante.com\/revista\/category\/estamos-unidos\/"},{"label":"\u00bfEs cierto que el ma\u00edz guatemalteco ya lleg\u00f3 hasta el espacio?","link":"https:\/\/soymigrante.com\/revista\/es-cierto-que-maiz-guatemalteco-fue-llevado-hasta-el-espacio\/"}],"_links":{"self":[{"href":"https:\/\/soymigrante.com\/revista\/wp-json\/wp\/v2\/posts\/42090","targetHints":{"allow":["GET"]}}],"collection":[{"href":"https:\/\/soymigrante.com\/revista\/wp-json\/wp\/v2\/posts"}],"about":[{"href":"https:\/\/soymigrante.com\/revista\/wp-json\/wp\/v2\/types\/post"}],"author":[{"embeddable":true,"href":"https:\/\/soymigrante.com\/revista\/wp-json\/wp\/v2\/users\/7"}],"replies":[{"embeddable":true,"href":"https:\/\/soymigrante.com\/revista\/wp-json\/wp\/v2\/comments?post=42090"}],"version-history":[{"count":13,"href":"https:\/\/soymigrante.com\/revista\/wp-json\/wp\/v2\/posts\/42090\/revisions"}],"predecessor-version":[{"id":42163,"href":"https:\/\/soymigrante.com\/revista\/wp-json\/wp\/v2\/posts\/42090\/revisions\/42163"}],"wp:featuredmedia":[{"embeddable":true,"href":"https:\/\/soymigrante.com\/revista\/wp-json\/wp\/v2\/media\/42092"}],"wp:attachment":[{"href":"https:\/\/soymigrante.com\/revista\/wp-json\/wp\/v2\/media?parent=42090"}],"wp:term":[{"taxonomy":"category","embeddable":true,"href":"https:\/\/soymigrante.com\/revista\/wp-json\/wp\/v2\/categories?post=42090"},{"taxonomy":"post_tag","embeddable":true,"href":"https:\/\/soymigrante.com\/revista\/wp-json\/wp\/v2\/tags?post=42090"}],"curies":[{"name":"wp","href":"https:\/\/api.w.org\/{rel}","templated":true}]}}