{"id":42044,"date":"2025-08-14T11:30:36","date_gmt":"2025-08-14T17:30:36","guid":{"rendered":"https:\/\/soymigrante.com\/revista\/?p=42044"},"modified":"2025-10-03T14:43:11","modified_gmt":"2025-10-03T20:43:11","slug":"lindsey-mazariegos-la-belleza-que-nace-de-la-fortaleza-y-el-amor-de-familia","status":"publish","type":"post","link":"https:\/\/soymigrante.com\/revista\/lindsey-mazariegos-la-belleza-que-nace-de-la-fortaleza-y-el-amor-de-familia\/","title":{"rendered":"Lindsey Mazariegos: la belleza que nace de la fortaleza y el amor de familia"},"content":{"rendered":"\t\t<div data-elementor-type=\"wp-post\" data-elementor-id=\"42044\" class=\"elementor elementor-42044\" data-elementor-post-type=\"post\">\n\t\t\t\t<div data-particle_enable=\"false\" data-particle-mobile-disabled=\"false\" class=\"elementor-element elementor-element-21bb02a e-flex e-con-boxed e-con e-parent\" data-id=\"21bb02a\" data-element_type=\"container\" data-e-type=\"container\">\n\t\t\t\t\t<div class=\"e-con-inner\">\n\t\t\t\t<div class=\"elementor-element elementor-element-a67d89a elementor-widget elementor-widget-heading\" data-id=\"a67d89a\" data-element_type=\"widget\" data-e-type=\"widget\" data-widget_type=\"heading.default\">\n\t\t\t\t\t<h2 class=\"elementor-heading-title elementor-size-default\">Lindsey Mazariegos, hija de migrantes guatemaltecos, representar\u00e1 a Guatemala en certamen de belleza en Utah; junto a su mam\u00e1, Reina Arreaga, relata sue\u00f1os pero tambi\u00e9n una dif\u00edcil etapa que hoy les hace m\u00e1s fuertes.<\/h2>\t\t\t\t<\/div>\n\t\t\t\t<div class=\"elementor-element elementor-element-257aff4 elementor-widget elementor-widget-html\" data-id=\"257aff4\" data-element_type=\"widget\" data-e-type=\"widget\" data-widget_type=\"html.default\">\n\t\t\t\t\t<div id=\"buzzsprout-player-17672064\"><\/div><script src=\"https:\/\/www.buzzsprout.com\/2444168\/episodes\/17672064-la-historia-de-resiliencia-de-lindsey-mazariegos-en-oklahoma.js?container_id=buzzsprout-player-17672064&player=small\" type=\"text\/javascript\" charset=\"utf-8\"><\/script>\t\t\t\t<\/div>\n\t\t\t\t\t<\/div>\n\t\t\t\t<\/div>\n\t\t<div data-particle_enable=\"false\" data-particle-mobile-disabled=\"false\" class=\"elementor-element elementor-element-40d0fd8 e-flex e-con-boxed e-con e-parent\" data-id=\"40d0fd8\" data-element_type=\"container\" data-e-type=\"container\">\n\t\t\t\t\t<div class=\"e-con-inner\">\n\t\t\t\t<div class=\"elementor-element elementor-element-6f63dec elementor-widget elementor-widget-text-editor\" data-id=\"6f63dec\" data-element_type=\"widget\" data-e-type=\"widget\" data-widget_type=\"text-editor.default\">\n\t\t\t\t\t\t\t\t\t<p>A sus 16 a\u00f1os, Lindsey Mazariegos, hija de migrantes guatemaltecos radicados en <a href=\"https:\/\/soymigrante.com\/revista\/el-comite-guatemalteco-oklahoma-busca-ayudar-a-migrantes\/\">Oklahoma,<\/a> Estados Unidos, se prepara para representar a Guatemala en el certamen Universal Teen USA, que se celebrar\u00e1 del 28 de octubre al 2 de noviembre en Salt Lake City, Utah. \u201cEste a\u00f1o se me abri\u00f3 la puerta de poder representar a Guatemala\u2026 le he dedicado mucho tiempo, esfuerzo, y estoy muy feliz\u201d, cuenta la joven.<\/p>\n<p>Sus padres, originarios de <a href=\"https:\/\/soymigrante.com\/revista\/quetzaltenango-500-15-datos-que-quiza-ya-sabias-o-tal-vez-no\/\">Quetzaltenango<\/a>, llegaron hace 18 a\u00f1os a <a href=\"https:\/\/soymigrante.com\/revista\/el-comite-guatemalteco-oklahoma-busca-ayudar-a-migrantes\/\">Oklahoma<\/a>. Trabajan juntos en su empresa de limpieza de casas, iniciada por Reina Arreaga, quien relata: &#8220;No ha sido f\u00e1cil, nos hemos topado con muchas barreras, pero juntos las hemos ido superando&#8221;.<\/p>\n<p>Y por barreras, se refiere sobre todo a una dif\u00edcil prueba, que no es f\u00e1cil de compartir, pero que fortaleci\u00f3 el liderazdo de Lindsey y le permite ayudar a m\u00e1s ni\u00f1os y j\u00f3venes.&nbsp; Esta es su historia.<\/p>\t\t\t\t\t\t\t\t<\/div>\n\t\t\t\t\t<\/div>\n\t\t\t\t<\/div>\n\t\t<div data-particle_enable=\"false\" data-particle-mobile-disabled=\"false\" class=\"elementor-element elementor-element-ef9d404 e-flex e-con-boxed e-con e-parent\" data-id=\"ef9d404\" data-element_type=\"container\" data-e-type=\"container\">\n\t\t\t\t\t<div class=\"e-con-inner\">\n\t\t\t\t<div class=\"elementor-element elementor-element-a768c4c elementor-widget elementor-widget-image\" data-id=\"a768c4c\" data-element_type=\"widget\" data-e-type=\"widget\" data-widget_type=\"image.default\">\n\t\t\t\t\t\t\t\t\t\t\t\t<figure class=\"wp-caption\">\n\t\t\t\t\t\t\t\t\t\t<img fetchpriority=\"high\" decoding=\"async\" width=\"683\" height=\"1024\" src=\"https:\/\/soymigrante.com\/revista\/wp-content\/uploads\/2025\/08\/lindsey-mazariegos-683x1024.jpg\" class=\"attachment-large size-large wp-image-42050\" alt=\"Hermosa mujer con cabello largo y ondas, vestido blanco elegante y accesorios florales, posando en estudio para revista SoyMigrante.com, reflejando estilo, cultura y diversidad.\" srcset=\"https:\/\/soymigrante.com\/revista\/wp-content\/uploads\/2025\/08\/lindsey-mazariegos-683x1024.jpg 683w, https:\/\/soymigrante.com\/revista\/wp-content\/uploads\/2025\/08\/lindsey-mazariegos-200x300.jpg 200w, https:\/\/soymigrante.com\/revista\/wp-content\/uploads\/2025\/08\/lindsey-mazariegos-768x1152.jpg 768w, https:\/\/soymigrante.com\/revista\/wp-content\/uploads\/2025\/08\/lindsey-mazariegos-1024x1536.jpg 1024w, https:\/\/soymigrante.com\/revista\/wp-content\/uploads\/2025\/08\/lindsey-mazariegos-750x1125.webp 750w, https:\/\/soymigrante.com\/revista\/wp-content\/uploads\/2025\/08\/lindsey-mazariegos-1140x1710.webp 1140w, https:\/\/soymigrante.com\/revista\/wp-content\/uploads\/2025\/08\/lindsey-mazariegos.webp 1280w\" sizes=\"(max-width: 683px) 100vw, 683px\" title=\"La belleza de Lindsey integra rostro, figura y coraz\u00f3n: una personalidad forjada  a partir de desaf\u00edos que, s\u00ed, le hicieron pasar etapas dif\u00edciles, pero que se transformaron en altos ideales. (Fotograf\u00eda Karla Zertuche, cortes\u00eda Lindsey Mazariegos) \u2013 SoyMigrante.com REVISTA\" \/>\t\t\t\t\t\t\t\t\t\t\t<figcaption class=\"widget-image-caption wp-caption-text\">Mujer con estilo elegante y sonrisa, mostrando confianza y belleza natural en fotograf\u00eda profesional de moda.<\/figcaption>\n\t\t\t\t\t\t\t\t\t\t<\/figure>\n\t\t\t\t\t\t\t\t\t<\/div>\n\t\t\t\t\t<\/div>\n\t\t\t\t<\/div>\n\t\t<div data-particle_enable=\"false\" data-particle-mobile-disabled=\"false\" class=\"elementor-element elementor-element-5ed908b e-flex e-con-boxed e-con e-parent\" data-id=\"5ed908b\" data-element_type=\"container\" data-e-type=\"container\">\n\t\t\t\t\t<div class=\"e-con-inner\">\n\t\t\t\t<div class=\"elementor-element elementor-element-c97dea7 elementor-widget elementor-widget-heading\" data-id=\"c97dea7\" data-element_type=\"widget\" data-e-type=\"widget\" data-widget_type=\"heading.default\">\n\t\t\t\t\t<h3 class=\"elementor-heading-title elementor-size-default\">Un cap\u00edtulo dif\u00edcil se convierte en fortaleza de vida<\/h3>\t\t\t\t<\/div>\n\t\t\t\t\t<\/div>\n\t\t\t\t<\/div>\n\t\t<div data-particle_enable=\"false\" data-particle-mobile-disabled=\"false\" class=\"elementor-element elementor-element-5cd25ba e-flex e-con-boxed e-con e-parent\" data-id=\"5cd25ba\" data-element_type=\"container\" data-e-type=\"container\">\n\t\t\t\t\t<div class=\"e-con-inner\">\n\t\t\t\t<div class=\"elementor-element elementor-element-d9c0010 elementor-widget elementor-widget-text-editor\" data-id=\"d9c0010\" data-element_type=\"widget\" data-e-type=\"widget\" data-widget_type=\"text-editor.default\">\n\t\t\t\t\t\t\t\t\t<p>Lindsey combina su preparaci\u00f3n acad\u00e9mica de High School con su pasi\u00f3n por el modelaje y su compromiso social para prevenir el bullying. Y esta misi\u00f3n surge porque ella misma sufri\u00f3 por tal causa.<\/p><p>S\u00ed, la historia de Lindsey incluye un cap\u00edtulo doloroso: cuatro a\u00f1os de <a href=\"https:\/\/soymigrante.com\/revista\/como-detectar-y-prevenir-acoso-escolar-bullying-contra-ninos-migrantes\/\">acoso escolar<\/a> que marcaron su infancia. \u201cCuando fui a la escuela de segundo al octavo grado me hac\u00edan <a href=\"https:\/\/soymigrante.com\/revista\/como-detectar-y-prevenir-acoso-escolar-bullying-contra-ninos-migrantes\/\">bullying.<\/a> Me daba miedo decirles a mis pap\u00e1s pero lleg\u00f3 un momento en que fue insoportable&#8221;, relata.<\/p><p>&#8220;A veces ni me dejaban comer en el almuerzo, porque me tomaban fotos para re\u00edrse de m\u00ed. Me tiraban la comida, me insultaban. Ten\u00eda que ir a comer mi almuerzo al ba\u00f1o y a veces hasta ah\u00ed me segu\u00edan. Lo peor fue cuando empezaron a pegarme&#8221;. Lindsely les cont\u00f3 a sus padres, pero el acoso continu\u00f3. LIndsey cay\u00f3 en depresi\u00f3n. &#8220;Me cost\u00f3 mucho salir de eso&#8221;.<\/p>\t\t\t\t\t\t\t\t<\/div>\n\t\t\t\t\t<\/div>\n\t\t\t\t<\/div>\n\t\t<div data-particle_enable=\"false\" data-particle-mobile-disabled=\"false\" class=\"elementor-element elementor-element-7f76c46 e-flex e-con-boxed e-con e-parent\" data-id=\"7f76c46\" data-element_type=\"container\" data-e-type=\"container\">\n\t\t\t\t\t<div class=\"e-con-inner\">\n\t\t\t\t<div class=\"elementor-element elementor-element-9f2f721 elementor-widget elementor-widget-heading\" data-id=\"9f2f721\" data-element_type=\"widget\" data-e-type=\"widget\" data-widget_type=\"heading.default\">\n\t\t\t\t\t<h3 class=\"elementor-heading-title elementor-size-default\">Creatividad contra la adversidad<\/h3>\t\t\t\t<\/div>\n\t\t\t\t\t<\/div>\n\t\t\t\t<\/div>\n\t\t<div data-particle_enable=\"false\" data-particle-mobile-disabled=\"false\" class=\"elementor-element elementor-element-fc26b5d e-flex e-con-boxed e-con e-parent\" data-id=\"fc26b5d\" data-element_type=\"container\" data-e-type=\"container\">\n\t\t\t\t\t<div class=\"e-con-inner\">\n\t\t\t\t<div class=\"elementor-element elementor-element-18a9006 elementor-widget elementor-widget-text-editor\" data-id=\"18a9006\" data-element_type=\"widget\" data-e-type=\"widget\" data-widget_type=\"text-editor.default\">\n\t\t\t\t\t\t\t\t\t<p>Su mam\u00e1, Reina Arreaga,\u00a0 recuerda:\u00a0 \u201cDenunciamos el <a href=\"https:\/\/soymigrante.com\/revista\/como-detectar-y-prevenir-acoso-escolar-bullying-contra-ninos-migrantes\/\">acoso.<\/a> Al principio fue dif\u00edcil que\u00a0 nos escucharan. Quiz\u00e1 por ser migrantes. Pero Lindsay es ciudadana de Estados Unidos.\u00a0Pero finalmente hallamos v\u00edas legales y la escuela intervino. Esto no deber\u00eda ocurrirle a ning\u00fan estudiante&#8221;.<\/p><p>Lindsey decidi\u00f3 levantarse de aquella terrible <a href=\"https:\/\/soymigrante.com\/revista\/como-puedo-identificar-sintomas-de-depresion-o-ansiedad\/\">depresi\u00f3n<\/a>. Empez\u00f3 a canalizar su energ\u00eda en un emprendimiento: Jilemi\u2019s Drillery, su marca de pulseras artesanales. \u201cDentro de mi depresi\u00f3n\u2026 empezaba a hacer mis brazaletes, mis propios dise\u00f1os&#8221;.<\/p><p>Adem\u00e1s de mensajes contra el acoso escolar, Lindsey ha donado pulseras para apoyar la lucha contra el <a href=\"https:\/\/soymigrante.com\/revista\/desde-florida-migrantes-suman-esfuerzo-para-apoyar-lucha-contra-el-cancer-infantil-en-guatemala\/\">c\u00e1ncer.<\/a> El gesto tiene un sentido especial: su abuela materna, Floridalma de Le\u00f3n, falleci\u00f3 a los 50 a\u00f1os v\u00edctima de esta enfermedad. \u201cEl legado de ella nunca lo vamos a dejar\u2026 la valent\u00eda de ella siempre va conmigo\u201d, asegura Lindsey.<\/p>\t\t\t\t\t\t\t\t<\/div>\n\t\t\t\t\t<\/div>\n\t\t\t\t<\/div>\n\t\t<div data-particle_enable=\"false\" data-particle-mobile-disabled=\"false\" class=\"elementor-element elementor-element-e4b61e7 e-flex e-con-boxed e-con e-parent\" data-id=\"e4b61e7\" data-element_type=\"container\" data-e-type=\"container\">\n\t\t\t\t\t<div class=\"e-con-inner\">\n\t\t\t\t<div class=\"elementor-element elementor-element-73a73cd elementor-arrows-position-inside elementor-pagination-position-outside elementor-widget elementor-widget-image-carousel\" data-id=\"73a73cd\" data-element_type=\"widget\" data-e-type=\"widget\" data-settings=\"{&quot;slides_to_show&quot;:&quot;1&quot;,&quot;navigation&quot;:&quot;both&quot;,&quot;autoplay&quot;:&quot;yes&quot;,&quot;pause_on_hover&quot;:&quot;yes&quot;,&quot;pause_on_interaction&quot;:&quot;yes&quot;,&quot;autoplay_speed&quot;:5000,&quot;infinite&quot;:&quot;yes&quot;,&quot;effect&quot;:&quot;slide&quot;,&quot;speed&quot;:500}\" data-widget_type=\"image-carousel.default\">\n\t\t\t\t\t\t\t<div class=\"elementor-image-carousel-wrapper swiper\" role=\"region\" aria-roledescription=\"carousel\" aria-label=\"Carrusel de im\u00e1genes\" dir=\"ltr\">\n\t\t\t<div class=\"elementor-image-carousel swiper-wrapper\" aria-live=\"off\">\n\t\t\t\t\t\t\t\t<div class=\"swiper-slide\" role=\"group\" aria-roledescription=\"slide\" aria-label=\"1 de 3\"><figure class=\"swiper-slide-inner\"><img decoding=\"async\" class=\"swiper-slide-image\" src=\"https:\/\/soymigrante.com\/revista\/wp-content\/uploads\/2025\/08\/emprendimiento-migrante-en-oklahoma-2-1024x910.png\" alt=\"Lazos y pulseras con abalorios y charms en tonos rosados, ideales para accesorios de moda y regalos para ni\u00f1as.\" \/><figcaption class=\"elementor-image-carousel-caption\">Pulseras y collares hechos a mano con abalorios de colores y detalles infantiles, perfectos para regalar y complementar estilos juveniles.<\/figcaption><\/figure><\/div><div class=\"swiper-slide\" role=\"group\" aria-roledescription=\"slide\" aria-label=\"2 de 3\"><figure class=\"swiper-slide-inner\"><img decoding=\"async\" class=\"swiper-slide-image\" src=\"https:\/\/soymigrante.com\/revista\/wp-content\/uploads\/2025\/08\/emprendimiento-migrante-en-oklahoma-3-1024x903.png\" alt=\"Pulseras de moda con abalorios, ideales para accesorios de estilo juvenil y artesanal. Colores variados y dise\u00f1os \u00fanicos en la colecci\u00f3n de joyer\u00eda en bisuter\u00eda para mujer y ni\u00f1a.\" \/><figcaption class=\"elementor-image-carousel-caption\">Conjunto de pulseras hechas a mano con abalorios de diferentes colores, estilos y tem\u00e1ticas, perfectas para complementar cualquier outfit juvenil y alegre.<\/figcaption><\/figure><\/div><div class=\"swiper-slide\" role=\"group\" aria-roledescription=\"slide\" aria-label=\"3 de 3\"><figure class=\"swiper-slide-inner\"><img decoding=\"async\" class=\"swiper-slide-image\" src=\"https:\/\/soymigrante.com\/revista\/wp-content\/uploads\/2025\/08\/emprendimiento-migrante-en-oklahoma-1-1024x912.png\" alt=\"Pulseras de macram\u00e9 y collares con dijes de mariposa hechos a mano, accesorios de moda coloridos, artesan\u00eda mexicana, accesorios para mujer con cristales y hilos resistentes, ideales para regalar o lucir en cualquier ocasi\u00f3n.\" \/><figcaption class=\"elementor-image-carousel-caption\">Pulsera artesanal de cuerda trenzada con dijes de mariposa y cristales, accesorios de moda hechos a mano en diversos colores para mujer.<\/figcaption><\/figure><\/div>\t\t\t<\/div>\n\t\t\t\t\t\t\t\t\t\t\t\t<div class=\"elementor-swiper-button elementor-swiper-button-prev\" role=\"button\" tabindex=\"0\">\n\t\t\t\t\t\t<i aria-hidden=\"true\" class=\"eicon-chevron-left\"><\/i>\t\t\t\t\t<\/div>\n\t\t\t\t\t<div class=\"elementor-swiper-button elementor-swiper-button-next\" role=\"button\" tabindex=\"0\">\n\t\t\t\t\t\t<i aria-hidden=\"true\" class=\"eicon-chevron-right\"><\/i>\t\t\t\t\t<\/div>\n\t\t\t\t\n\t\t\t\t\t\t\t\t\t<div class=\"swiper-pagination\"><\/div>\n\t\t\t\t\t\t\t\t\t<\/div>\n\t\t\t\t\t\t<\/div>\n\t\t\t\t\t<\/div>\n\t\t\t\t<\/div>\n\t\t<div data-particle_enable=\"false\" data-particle-mobile-disabled=\"false\" class=\"elementor-element elementor-element-7cdb945 e-flex e-con-boxed e-con e-parent\" data-id=\"7cdb945\" data-element_type=\"container\" data-e-type=\"container\">\n\t\t\t\t\t<div class=\"e-con-inner\">\n\t\t\t\t<div class=\"elementor-element elementor-element-de71130 elementor-widget elementor-widget-heading\" data-id=\"de71130\" data-element_type=\"widget\" data-e-type=\"widget\" data-widget_type=\"heading.default\">\n\t\t\t\t\t<h3 class=\"elementor-heading-title elementor-size-default\">Llega la pasarela de belleza<\/h3>\t\t\t\t<\/div>\n\t\t\t\t\t<\/div>\n\t\t\t\t<\/div>\n\t\t<div data-particle_enable=\"false\" data-particle-mobile-disabled=\"false\" class=\"elementor-element elementor-element-a062a44 e-flex e-con-boxed e-con e-parent\" data-id=\"a062a44\" data-element_type=\"container\" data-e-type=\"container\">\n\t\t\t\t\t<div class=\"e-con-inner\">\n\t\t\t\t<div class=\"elementor-element elementor-element-a8aad01 elementor-widget elementor-widget-text-editor\" data-id=\"a8aad01\" data-element_type=\"widget\" data-e-type=\"widget\" data-widget_type=\"text-editor.default\">\n\t\t\t\t\t\t\t\t\t<p>Un d\u00eda, en una feria de emprendedores, conoci\u00f3 a Miss Oklahoma Latina 2024. \u201cElla me invit\u00f3 a un concurso de belleza\u2026 Yo no estaba nada lista. Ten\u00eda mucho miedo a que la gente me mirara. Pero ese llamado me ayud\u00f3 para decidirme a ser alguien, a sentirme orgullosa de m\u00ed y nunca volver\u00eda a ser un chiste para nadie\u201d, afirma.<\/p><p>Adem\u00e1s de lograr una buena participaci\u00f3n en el certamen de belleza Teen Universal, su gran objetivo es finalizar la High School y continuar sus estudios universitarios: especializarse en Bienes Ra\u00edces y administraci\u00f3n de negocios. &#8220;Mis padres y su ejemplo de trabajo son mi inspiraci\u00f3n. Ellos han logrado mucho tras empezar de cero ac\u00e1 en Estados Unidos&#8221;, dice Lindsey.<\/p><p>Reina, madre de Lindsey, confirma ese &#8220;comenzar de cero&#8221;. Tras haber trabajado a\u00f1os en banca y finanzas en Guatemala, decidieron migrar a Estados Unidos para poder sufragar los gastos m\u00e9dicos de tratamiento de su mam\u00e1. &#8220;Yo tambi\u00e9n particip\u00e9 en cert\u00e1menes de belleza en Guatemala&#8221;, recuerda.<\/p><p>Al ver el camino recorrido, Reina recomienda: \u201cComo mujer guatemalteca puedo decir que nunca nos dejamos apagar ni desanimar por nada. Todo esfuerzo vale la pena\u2026 todo se puede alcanzar con la ayuda de Dios y con trabajo\u201d. No puede evitar conmoverse al recordar el fallecimiento de su mam\u00e1, pero le dedica todos sus logros y esfuerzos.<\/p>\t\t\t\t\t\t\t\t<\/div>\n\t\t\t\t\t<\/div>\n\t\t\t\t<\/div>\n\t\t<div data-particle_enable=\"false\" data-particle-mobile-disabled=\"false\" class=\"elementor-element elementor-element-ec604f4 e-flex e-con-boxed e-con e-parent\" data-id=\"ec604f4\" data-element_type=\"container\" data-e-type=\"container\">\n\t\t\t\t\t<div class=\"e-con-inner\">\n\t\t\t\t<div class=\"elementor-element elementor-element-c65685d elementor-widget elementor-widget-image\" data-id=\"c65685d\" data-element_type=\"widget\" data-e-type=\"widget\" data-widget_type=\"image.default\">\n\t\t\t\t\t\t\t\t\t\t\t\t<figure class=\"wp-caption\">\n\t\t\t\t\t\t\t\t\t\t<img decoding=\"async\" width=\"683\" height=\"1024\" src=\"https:\/\/soymigrante.com\/revista\/wp-content\/uploads\/2025\/08\/Imagen-de-WhatsApp-2025-08-11-a-las-174636_519fd53c-683x1024.jpg\" class=\"attachment-large size-large wp-image-42058\" alt=\"Reina de belleza en vestido rojo con corona y banda de Miss Guatemala en la revista SoyMigrante.com, mostrando el logro y orgullo de la cultura guatemalteca.\" srcset=\"https:\/\/soymigrante.com\/revista\/wp-content\/uploads\/2025\/08\/Imagen-de-WhatsApp-2025-08-11-a-las-174636_519fd53c-683x1024.jpg 683w, https:\/\/soymigrante.com\/revista\/wp-content\/uploads\/2025\/08\/Imagen-de-WhatsApp-2025-08-11-a-las-174636_519fd53c-200x300.jpg 200w, https:\/\/soymigrante.com\/revista\/wp-content\/uploads\/2025\/08\/Imagen-de-WhatsApp-2025-08-11-a-las-174636_519fd53c-768x1152.jpg 768w, https:\/\/soymigrante.com\/revista\/wp-content\/uploads\/2025\/08\/Imagen-de-WhatsApp-2025-08-11-a-las-174636_519fd53c-1024x1536.jpg 1024w, https:\/\/soymigrante.com\/revista\/wp-content\/uploads\/2025\/08\/Imagen-de-WhatsApp-2025-08-11-a-las-174636_519fd53c-750x1125.webp 750w, https:\/\/soymigrante.com\/revista\/wp-content\/uploads\/2025\/08\/Imagen-de-WhatsApp-2025-08-11-a-las-174636_519fd53c-1140x1710.webp 1140w, https:\/\/soymigrante.com\/revista\/wp-content\/uploads\/2025\/08\/Imagen-de-WhatsApp-2025-08-11-a-las-174636_519fd53c.webp 1280w\" sizes=\"(max-width: 683px) 100vw, 683px\" title=\"Los sue\u00f1os siguen adelante. En octubre ser\u00e1 el certamen en el que Lindsey representar\u00e1 a Guatemala en Salt Lake, Utah. (Fotograf\u00eda Karla Zertuche) \u2013 SoyMigrante.com REVISTA\" \/>\t\t\t\t\t\t\t\t\t\t\t<figcaption class=\"widget-image-caption wp-caption-text\">Los sue\u00f1os siguen adelante. En octubre ser\u00e1 el certamen en el que Lindsey representar\u00e1 a Guatemala en Salt Lake, Utah. (Fotograf\u00eda Karla Zertuche)<\/figcaption>\n\t\t\t\t\t\t\t\t\t\t<\/figure>\n\t\t\t\t\t\t\t\t\t<\/div>\n\t\t\t\t\t<\/div>\n\t\t\t\t<\/div>\n\t\t<div data-particle_enable=\"false\" data-particle-mobile-disabled=\"false\" class=\"elementor-element elementor-element-16308cd e-flex e-con-boxed e-con e-parent\" data-id=\"16308cd\" data-element_type=\"container\" data-e-type=\"container\">\n\t\t\t\t\t<div class=\"e-con-inner\">\n\t\t\t\t<div class=\"elementor-element elementor-element-d44f968 elementor-widget elementor-widget-heading\" data-id=\"d44f968\" data-element_type=\"widget\" data-e-type=\"widget\" data-widget_type=\"heading.default\">\n\t\t\t\t\t<h3 class=\"elementor-heading-title elementor-size-default\">Valores e identidad guatemalteca sin fronteras<\/h3>\t\t\t\t<\/div>\n\t\t\t\t\t<\/div>\n\t\t\t\t<\/div>\n\t\t<div data-particle_enable=\"false\" data-particle-mobile-disabled=\"false\" class=\"elementor-element elementor-element-41eba09 e-flex e-con-boxed e-con e-parent\" data-id=\"41eba09\" data-element_type=\"container\" data-e-type=\"container\">\n\t\t\t\t\t<div class=\"e-con-inner\">\n\t\t\t\t<div class=\"elementor-element elementor-element-49e1739 elementor-widget elementor-widget-text-editor\" data-id=\"49e1739\" data-element_type=\"widget\" data-e-type=\"widget\" data-widget_type=\"text-editor.default\">\n\t\t\t\t\t\t\t\t\t<p>En casa, la familia Mazariegos Arreaga mantiene vivas sus ra\u00edces. \u201cGuatemala siempre est\u00e1 en nuestros corazones\u2026 no dejo de inculcar a mis hijos que siempre tengan la noci\u00f3n de que es la cultura y la comida guatemalteca y que no se pierda en nuestra familia\u201d, dice Reina.\u00a0 Lindsey agrega con una sonrisa: \u201cA nosotros nos encanta <a href=\"https:\/\/soymigrante.com\/revista\/entre-las-recetas-guatemaltecas-el-jocon-es-una-de-las-estrellas\/\">el joc\u00f3n quetzalteco<\/a>&#8220;.\u00a0<\/p><p>A trav\u00e9s de su participaci\u00f3n en el certamen y de cara al futuro, Lindsey tiene claro el mensaje a transmitir: \u201cOjal\u00e1 pueda ser un apoyo para esas ni\u00f1as que est\u00e1n sufriendo bullying hoy\u2026 quiero que vean que s\u00ed se puede salir adelante, que s\u00ed se puede vencer ese acoso y que nadie debe apagar nuestro futuro\u201d.<\/p>\t\t\t\t\t\t\t\t<\/div>\n\t\t\t\t\t<\/div>\n\t\t\t\t<\/div>\n\t\t<div data-particle_enable=\"false\" data-particle-mobile-disabled=\"false\" class=\"elementor-element elementor-element-3bfedaa e-flex e-con-boxed e-con e-parent\" data-id=\"3bfedaa\" data-element_type=\"container\" data-e-type=\"container\">\n\t\t\t\t\t<div class=\"e-con-inner\">\n\t\t\t\t<div class=\"elementor-element elementor-element-1a21181 elementor-widget elementor-widget-html\" data-id=\"1a21181\" data-element_type=\"widget\" data-e-type=\"widget\" data-widget_type=\"html.default\">\n\t\t\t\t\t<iframe src=\"https:\/\/www.facebook.com\/plugins\/video.php?height=476&href=https%3A%2F%2Fwww.facebook.com%2F61565440901274%2Fvideos%2F1077536771143303%2F&show_text=true&width=357&t=0\" width=\"357\" height=\"591\" style=\"border:none;overflow:hidden\" scrolling=\"no\" frameborder=\"0\" allowfullscreen=\"true\" allow=\"autoplay; clipboard-write; encrypted-media; picture-in-picture; web-share\" allowFullScreen=\"true\"><\/iframe>\t\t\t\t<\/div>\n\t\t\t\t\t<\/div>\n\t\t\t\t<\/div>\n\t\t<div data-particle_enable=\"false\" data-particle-mobile-disabled=\"false\" class=\"elementor-element elementor-element-53e8bdc e-flex e-con-boxed e-con e-parent\" data-id=\"53e8bdc\" data-element_type=\"container\" data-e-type=\"container\">\n\t\t\t\t\t<div class=\"e-con-inner\">\n\t\t\t\t<div class=\"elementor-element elementor-element-920db0a elementor-widget elementor-widget-heading\" data-id=\"920db0a\" data-element_type=\"widget\" data-e-type=\"widget\" data-widget_type=\"heading.default\">\n\t\t\t\t\t<h2 class=\"elementor-heading-title elementor-size-default\">Incre\u00edbles aportes guatemaltecos en Oklahoma<\/h2>\t\t\t\t<\/div>\n\t\t\t\t\t<\/div>\n\t\t\t\t<\/div>\n\t\t<div data-particle_enable=\"false\" data-particle-mobile-disabled=\"false\" class=\"elementor-element elementor-element-b036c40 e-flex e-con-boxed e-con e-parent\" data-id=\"b036c40\" data-element_type=\"container\" data-e-type=\"container\">\n\t\t\t\t\t<div class=\"e-con-inner\">\n\t\t\t\t<div class=\"elementor-element elementor-element-731c049 elementor-grid-eael-col-3 elementor-grid-tablet-eael-col-2 elementor-grid-mobile-eael-col-1 elementor-invisible elementor-widget elementor-widget-eael-post-grid\" data-id=\"731c049\" data-element_type=\"widget\" data-e-type=\"widget\" data-settings=\"{&quot;eael_post_grid_columns&quot;:&quot;eael-col-3&quot;,&quot;_animation&quot;:&quot;rollIn&quot;,&quot;eael_post_grid_columns_tablet&quot;:&quot;eael-col-2&quot;,&quot;eael_post_grid_columns_mobile&quot;:&quot;eael-col-1&quot;}\" data-widget_type=\"eael-post-grid.default\">\n\t\t\t\t\t<div id=\"eael-post-grid-731c049\" class=\"eael-post-grid-container\">\n            <div class=\"eael-post-grid eael-post-appender eael-post-appender-731c049 eael-post-grid-style-one\" data-layout-mode=\"masonry\"><article class=\"eael-grid-post  eael-post-grid-column eael-pg-post-2623 category-exitos\" data-id=\"2623\">\n        <div class=\"eael-grid-post-holder\">\n            <div class=\"eael-grid-post-holder-inner\"><div class=\"eael-entry-media\"><div class=\"eael-entry-overlay fade-in\"><i class=\"far fa-hand-pointer\" aria-hidden=\"true\"><\/i><a href=\"https:\/\/soymigrante.com\/revista\/maestra-guatemalteca-orienta-a-migrantes-en-oklahoma-e-e-u-u\/\"><\/a><\/div><div class=\"eael-entry-thumbnail \">\n                <img decoding=\"async\" width=\"960\" height=\"953\" src=\"https:\/\/soymigrante.com\/revista\/wp-content\/uploads\/2023\/09\/Saidy-fue-electa-como-senora-Guatemala-en-Oklahoma-cargo-que-obtuvo-por-su-proyeccion-social-con-la-comunidad.webp\" class=\"attachment-large size-large wp-image-2631\" alt=\"Saidy fue electa como se\u00f1ora Guatemala en Oklahoma cargo que obtuvo por su proyecci\u00f3n social con la comunidad\" srcset=\"https:\/\/soymigrante.com\/revista\/wp-content\/uploads\/2023\/09\/Saidy-fue-electa-como-senora-Guatemala-en-Oklahoma-cargo-que-obtuvo-por-su-proyeccion-social-con-la-comunidad.webp 960w, https:\/\/soymigrante.com\/revista\/wp-content\/uploads\/2023\/09\/Saidy-fue-electa-como-senora-Guatemala-en-Oklahoma-cargo-que-obtuvo-por-su-proyeccion-social-con-la-comunidad-300x298.webp 300w, https:\/\/soymigrante.com\/revista\/wp-content\/uploads\/2023\/09\/Saidy-fue-electa-como-senora-Guatemala-en-Oklahoma-cargo-que-obtuvo-por-su-proyeccion-social-con-la-comunidad-150x150.webp 150w, https:\/\/soymigrante.com\/revista\/wp-content\/uploads\/2023\/09\/Saidy-fue-electa-como-senora-Guatemala-en-Oklahoma-cargo-que-obtuvo-por-su-proyeccion-social-con-la-comunidad-768x762.webp 768w, https:\/\/soymigrante.com\/revista\/wp-content\/uploads\/2023\/09\/Saidy-fue-electa-como-senora-Guatemala-en-Oklahoma-cargo-que-obtuvo-por-su-proyeccion-social-con-la-comunidad-75x75.webp 75w, https:\/\/soymigrante.com\/revista\/wp-content\/uploads\/2023\/09\/Saidy-fue-electa-como-senora-Guatemala-en-Oklahoma-cargo-que-obtuvo-por-su-proyeccion-social-con-la-comunidad-750x745.webp 750w\" sizes=\"(max-width: 960px) 100vw, 960px\" \/>\n            <\/div>\n        <\/div><div class=\"eael-entry-wrapper\"><header class=\"eael-entry-header\"><h2 class=\"eael-entry-title\"><a class=\"eael-grid-post-link\" href=\"https:\/\/soymigrante.com\/revista\/maestra-guatemalteca-orienta-a-migrantes-en-oklahoma-e-e-u-u\/\" title=\"Maestra y migrante guatemalteca Saidy Orellana orienta a compatriotas en Oklahoma, E.E.U.U.\">Maestra y migrante guatemalteca Saidy Orellana orienta a compatriotas en Oklahoma, E.E.U.U.<\/a><\/h2><\/header><div class=\"eael-entry-content\">\n                        <div class=\"eael-grid-post-excerpt\"><a href=\"https:\/\/soymigrante.com\/revista\/maestra-guatemalteca-orienta-a-migrantes-en-oklahoma-e-e-u-u\/\" class=\"eael-post-elements-readmore-btn\">CONOCE SU HISTORIA <\/a><\/div>\n                    <\/div><\/div><\/div>\n        <\/div>\n    <\/article><article class=\"eael-grid-post  eael-post-grid-column eael-pg-post-4877 category-exitos\" data-id=\"4877\">\n        <div class=\"eael-grid-post-holder\">\n            <div class=\"eael-grid-post-holder-inner\"><div class=\"eael-entry-media\"><div class=\"eael-entry-overlay fade-in\"><i class=\"far fa-hand-pointer\" aria-hidden=\"true\"><\/i><a href=\"https:\/\/soymigrante.com\/revista\/migrante-guatemalteca-emilia-cifuentes-ingeniera-empresaria-supera-dificultades\/\"><\/a><\/div><div class=\"eael-entry-thumbnail \">\n                <img loading=\"lazy\" decoding=\"async\" width=\"1024\" height=\"852\" src=\"https:\/\/soymigrante.com\/revista\/wp-content\/uploads\/2024\/02\/mila-1024x852.webp\" class=\"attachment-large size-large wp-image-4878\" alt=\"\" srcset=\"https:\/\/soymigrante.com\/revista\/wp-content\/uploads\/2024\/02\/mila-1024x852.webp 1024w, https:\/\/soymigrante.com\/revista\/wp-content\/uploads\/2024\/02\/mila-300x250.webp 300w, https:\/\/soymigrante.com\/revista\/wp-content\/uploads\/2024\/02\/mila-768x639.webp 768w, https:\/\/soymigrante.com\/revista\/wp-content\/uploads\/2024\/02\/mila-750x624.webp 750w, https:\/\/soymigrante.com\/revista\/wp-content\/uploads\/2024\/02\/mila.webp 1065w\" sizes=\"(max-width: 1024px) 100vw, 1024px\" \/>\n            <\/div>\n        <\/div><div class=\"eael-entry-wrapper\"><header class=\"eael-entry-header\"><h2 class=\"eael-entry-title\"><a class=\"eael-grid-post-link\" href=\"https:\/\/soymigrante.com\/revista\/migrante-guatemalteca-emilia-cifuentes-ingeniera-empresaria-supera-dificultades\/\" title=\"Emilia Cifuentes es Mrs. Guatemala Oklahoma 2024-25 por su trayectoria y aporte\">Emilia Cifuentes es Mrs. Guatemala Oklahoma 2024-25 por su trayectoria y aporte<\/a><\/h2><\/header><div class=\"eael-entry-content\">\n                        <div class=\"eael-grid-post-excerpt\"><a href=\"https:\/\/soymigrante.com\/revista\/migrante-guatemalteca-emilia-cifuentes-ingeniera-empresaria-supera-dificultades\/\" class=\"eael-post-elements-readmore-btn\">CONOCE SU HISTORIA <\/a><\/div>\n                    <\/div><\/div><\/div>\n        <\/div>\n    <\/article><article class=\"eael-grid-post  eael-post-grid-column eael-pg-post-8505 category-estamos-unidos\" data-id=\"8505\">\n        <div class=\"eael-grid-post-holder\">\n            <div class=\"eael-grid-post-holder-inner\"><div class=\"eael-entry-media\"><div class=\"eael-entry-overlay fade-in\"><i class=\"far fa-hand-pointer\" aria-hidden=\"true\"><\/i><a href=\"https:\/\/soymigrante.com\/revista\/migrante-william-velasquez-en-oklahoma-vuelve-a-abrazar-a-su-mama-despues-de-34-anos\/\"><\/a><\/div><div class=\"eael-entry-thumbnail \">\n                <img loading=\"lazy\" decoding=\"async\" width=\"485\" height=\"491\" src=\"https:\/\/soymigrante.com\/revista\/wp-content\/uploads\/2024\/08\/Captura-de-pantalla-2024-08-24-142237.webp\" class=\"attachment-large size-large wp-image-8506\" alt=\"Inmigrantes en reencuentro emotivo en aeropuerto.\" srcset=\"https:\/\/soymigrante.com\/revista\/wp-content\/uploads\/2024\/08\/Captura-de-pantalla-2024-08-24-142237.webp 485w, https:\/\/soymigrante.com\/revista\/wp-content\/uploads\/2024\/08\/Captura-de-pantalla-2024-08-24-142237-296x300.webp 296w, https:\/\/soymigrante.com\/revista\/wp-content\/uploads\/2024\/08\/Captura-de-pantalla-2024-08-24-142237-75x75.webp 75w\" sizes=\"(max-width: 485px) 100vw, 485px\" \/>\n            <\/div>\n        <\/div><div class=\"eael-entry-wrapper\"><header class=\"eael-entry-header\"><h2 class=\"eael-entry-title\"><a class=\"eael-grid-post-link\" href=\"https:\/\/soymigrante.com\/revista\/migrante-william-velasquez-en-oklahoma-vuelve-a-abrazar-a-su-mama-despues-de-34-anos\/\" title=\"Migrante William Vel\u00e1squez, en Oklahoma, vuelve a abrazar a su mam\u00e1 despu\u00e9s de 34 a\u00f1os\">Migrante William Vel\u00e1squez, en Oklahoma, vuelve a abrazar a su mam\u00e1 despu\u00e9s de 34 a\u00f1os<\/a><\/h2><\/header><div class=\"eael-entry-content\">\n                        <div class=\"eael-grid-post-excerpt\"><a href=\"https:\/\/soymigrante.com\/revista\/migrante-william-velasquez-en-oklahoma-vuelve-a-abrazar-a-su-mama-despues-de-34-anos\/\" class=\"eael-post-elements-readmore-btn\">CONOCE SU HISTORIA <\/a><\/div>\n                    <\/div><\/div><\/div>\n        <\/div>\n    <\/article><\/div>\n            <div class=\"clearfix\"><\/div>\n        <\/div>\t\t\t\t<\/div>\n\t\t\t\t\t<\/div>\n\t\t\t\t<\/div>\n\t\t\t\t<\/div>\n\t\t","protected":false},"excerpt":{"rendered":"<p>Lindsey Mazariegos, hija de migrantes guatemaltecos, representar\u00e1 a Guatemala en certamen de belleza en Utah; junto a su mam\u00e1, Reina Arreaga, relata sue\u00f1os pero tambi\u00e9n una dif\u00edcil etapa que hoy les hace m\u00e1s fuertes. A sus 16 a\u00f1os, Lindsey Mazariegos, hija de migrantes guatemaltecos radicados en Oklahoma, Estados Unidos, se prepara para representar a Guatemala [&hellip;]<\/p>\n","protected":false},"author":7,"featured_media":43020,"comment_status":"open","ping_status":"open","sticky":false,"template":"","format":"standard","meta":{"_acf_changed":false,"_eb_attr":"","footnotes":""},"categories":[50,274],"tags":[],"class_list":["post-42044","post","type-post","status-publish","format-standard","has-post-thumbnail","hentry","category-exitos","category-guatemala"],"acf":[],"aioseo_notices":[],"aioseo_head":"\n\t\t<!-- All in One SEO Pro 4.9.6.2 - aioseo.com -->\n\t<meta name=\"description\" content=\"William Vel\u00e1squez estaba emocionado y nervioso instantes antes del momento que esper\u00f3 por 34 a\u00f1os: poder abrazar a su mam\u00e1. Mira el emocionante reencuentro.\" \/>\n\t<meta name=\"robots\" content=\"max-snippet:-1, max-image-preview:large, max-video-preview:-1\" \/>\n\t<meta name=\"author\" content=\"Gustavo Montenegro\"\/>\n\t<link rel=\"canonical\" href=\"https:\/\/soymigrante.com\/revista\/migrante-william-velasquez-en-oklahoma-vuelve-a-abrazar-a-su-mama-despues-de-34-anos\/\" \/>\n\t<meta name=\"generator\" content=\"All in One SEO Pro (AIOSEO) 4.9.6.2\" \/>\n\n\t\t<link rel=\"preconnect\" href=\"https:\/\/fonts.googleapis.com\" crossorigin>\n<link rel=\"preconnect\" href=\"https:\/\/fonts.gstatic.com\" crossorigin>\n\t\t<meta property=\"og:locale\" content=\"es_ES\" \/>\n\t\t<meta property=\"og:site_name\" content=\"SoyMigrante.com REVISTA \u2013 Nuestra misi\u00f3n es reconocer y dignificar al migrante.\" \/>\n\t\t<meta property=\"og:type\" content=\"article\" \/>\n\t\t<meta property=\"og:title\" content=\"Migrante abraza a su mam\u00e1 despu\u00e9s de 34 a\u00f1os en Oklahoma\" \/>\n\t\t<meta property=\"og:description\" content=\"William Vel\u00e1squez estaba emocionado y nervioso instantes antes del momento que esper\u00f3 por 34 a\u00f1os: poder abrazar a su mam\u00e1. Mira el emocionante reencuentro.\" \/>\n\t\t<meta property=\"og:url\" content=\"https:\/\/soymigrante.com\/revista\/migrante-william-velasquez-en-oklahoma-vuelve-a-abrazar-a-su-mama-despues-de-34-anos\/\" \/>\n\t\t<meta property=\"og:image\" content=\"https:\/\/soymigrante.com\/revista\/wp-content\/uploads\/2024\/08\/Captura-de-pantalla-2024-08-24-142237.webp\" \/>\n\t\t<meta property=\"og:image:secure_url\" content=\"https:\/\/soymigrante.com\/revista\/wp-content\/uploads\/2024\/08\/Captura-de-pantalla-2024-08-24-142237.webp\" \/>\n\t\t<meta property=\"og:image:width\" content=\"485\" \/>\n\t\t<meta property=\"og:image:height\" content=\"491\" \/>\n\t\t<meta property=\"article:published_time\" content=\"2024-08-29T18:18:16+00:00\" \/>\n\t\t<meta property=\"article:modified_time\" content=\"2024-08-29T18:22:37+00:00\" \/>\n\t\t<meta property=\"article:publisher\" content=\"https:\/\/www.facebook.com\/soymigrantecom\" \/>\n\t\t<meta name=\"twitter:card\" content=\"summary_large_image\" \/>\n\t\t<meta name=\"twitter:site\" content=\"@SoyMigrante_com\" \/>\n\t\t<meta name=\"twitter:title\" content=\"Migrante abraza a su mam\u00e1 despu\u00e9s de 34 a\u00f1os en Oklahoma\" \/>\n\t\t<meta name=\"twitter:description\" content=\"William Vel\u00e1squez estaba emocionado y nervioso instantes antes del momento que esper\u00f3 por 34 a\u00f1os: poder abrazar a su mam\u00e1. Mira el emocionante reencuentro.\" \/>\n\t\t<meta name=\"twitter:creator\" content=\"@SoyMigrante_com\" \/>\n\t\t<meta name=\"twitter:image\" content=\"https:\/\/soymigrante.com\/revista\/wp-content\/uploads\/2024\/08\/Captura-de-pantalla-2024-08-24-142237.webp\" \/>\n\t\t<!-- All in One SEO Pro -->\r\n\t\t<title>Migrante abraza a su mam\u00e1 despu\u00e9s de 34 a\u00f1os en Oklahoma<\/title>\n\n","aioseo_head_json":{"title":"Migrante abraza a su mam\u00e1 despu\u00e9s de 34 a\u00f1os en Oklahoma","description":"William Vel\u00e1squez estaba emocionado y nervioso instantes antes del momento que esper\u00f3 por 34 a\u00f1os: poder abrazar a su mam\u00e1. Mira el emocionante reencuentro.","canonical_url":"https:\/\/soymigrante.com\/revista\/migrante-william-velasquez-en-oklahoma-vuelve-a-abrazar-a-su-mama-despues-de-34-anos\/","robots":"max-snippet:-1, max-image-preview:large, max-video-preview:-1","keywords":"","webmasterTools":{"miscellaneous":"&lt;link rel=\"preconnect\" href=\"https:\/\/fonts.googleapis.com\" crossorigin&gt;\n&lt;link rel=\"preconnect\" href=\"https:\/\/fonts.gstatic.com\" crossorigin&gt;"},"schema":null,"og:locale":"es_ES","og:site_name":"SoyMigrante.com REVISTA \u2013 Nuestra misi\u00f3n es reconocer y dignificar al migrante.","og:type":"article","og:title":"Migrante abraza a su mam\u00e1 despu\u00e9s de 34 a\u00f1os en Oklahoma","og:description":"William Vel\u00e1squez estaba emocionado y nervioso instantes antes del momento que esper\u00f3 por 34 a\u00f1os: poder abrazar a su mam\u00e1. Mira el emocionante reencuentro.","og:url":"https:\/\/soymigrante.com\/revista\/migrante-william-velasquez-en-oklahoma-vuelve-a-abrazar-a-su-mama-despues-de-34-anos\/","og:image":"https:\/\/soymigrante.com\/revista\/wp-content\/uploads\/2024\/08\/Captura-de-pantalla-2024-08-24-142237.webp","og:image:secure_url":"https:\/\/soymigrante.com\/revista\/wp-content\/uploads\/2024\/08\/Captura-de-pantalla-2024-08-24-142237.webp","og:image:width":485,"og:image:height":491,"article:published_time":"2024-08-29T18:18:16+00:00","article:modified_time":"2024-08-29T18:22:37+00:00","article:publisher":"https:\/\/www.facebook.com\/soymigrantecom","twitter:card":"summary_large_image","twitter:site":"@SoyMigrante_com","twitter:title":"Migrante abraza a su mam\u00e1 despu\u00e9s de 34 a\u00f1os en Oklahoma","twitter:description":"William Vel\u00e1squez estaba emocionado y nervioso instantes antes del momento que esper\u00f3 por 34 a\u00f1os: poder abrazar a su mam\u00e1. Mira el emocionante reencuentro.","twitter:creator":"@SoyMigrante_com","twitter:image":"https:\/\/soymigrante.com\/revista\/wp-content\/uploads\/2024\/08\/Captura-de-pantalla-2024-08-24-142237.webp"},"aioseo_meta_data":{"post_id":"42044","title":"Lindsey, la belleza que nace de la fortaleza en Oklahoma","description":"Lindsey Mazariegos naci\u00f3 en Oklahoma de padres guatemaltecos. Participa en un certamen de belleza y con su mam\u00e1, Reina Arreaga relata desaf\u00edos que han superado.","keywords":null,"keyphrases":{"focus":{"keyphrase":"Belleza","score":82,"analysis":{"keyphraseInTitle":{"score":9,"maxScore":9,"error":0},"keyphraseInDescription":{"score":9,"maxScore":9,"error":0},"keyphraseLength":{"score":9,"maxScore":9,"error":0,"length":1},"keyphraseInURL":{"score":5,"maxScore":5,"error":0},"keyphraseInIntroduction":{"score":3,"maxScore":9,"error":1},"keyphraseInSubHeadings":{"score":3,"maxScore":9,"error":1},"keyphraseInImageAlt":{"score":9,"maxScore":9,"error":0},"keywordDensity":{"type":"best","score":9,"maxScore":9,"error":0}}},"additional":[{"keyphrase":"Guatemaltecos","score":67,"analysis":{"keyphraseInDescription":{"score":9,"maxScore":9,"error":0},"keyphraseLength":{"score":9,"maxScore":9,"error":0,"length":1},"keyphraseInIntroduction":{"score":9,"maxScore":9,"error":0},"keyphraseInImageAlt":{"score":3,"maxScore":9,"error":1},"keywordDensity":{"score":0,"type":"low","maxScore":9,"error":1}}},{"keyphrase":"Migrantes","score":53,"analysis":{"keyphraseInDescription":{"score":3,"maxScore":9,"error":1},"keyphraseLength":{"score":9,"maxScore":9,"error":0,"length":1},"keyphraseInIntroduction":{"score":9,"maxScore":9,"error":0},"keyphraseInImageAlt":{"score":3,"maxScore":9,"error":1},"keywordDensity":{"score":0,"type":"low","maxScore":9,"error":1}}},{"keyphrase":"Oklahoma","score":100,"analysis":{"keyphraseInDescription":{"score":9,"maxScore":9,"error":0},"keyphraseLength":{"score":9,"maxScore":9,"error":0,"length":1},"keyphraseInIntroduction":{"score":9,"maxScore":9,"error":0},"keyphraseInImageAlt":{"score":9,"maxScore":9,"error":0},"keywordDensity":{"type":"best","score":9,"maxScore":9,"error":0}}}]},"primary_term":null,"canonical_url":null,"og_title":null,"og_description":null,"og_object_type":"default","og_image_type":"default","og_image_url":null,"og_image_width":null,"og_image_height":null,"og_image_custom_url":null,"og_image_custom_fields":null,"og_video":"","og_custom_url":null,"og_article_section":null,"og_article_tags":null,"twitter_use_og":false,"twitter_card":"default","twitter_image_type":"default","twitter_image_url":null,"twitter_image_custom_url":null,"twitter_image_custom_fields":null,"twitter_title":null,"twitter_description":null,"schema":{"blockGraphs":[],"customGraphs":[],"default":{"data":{"Article":[],"Course":[],"Dataset":[],"FAQPage":[],"Movie":[],"Person":[],"Product":[],"ProductReview":[],"Car":[],"Recipe":[],"Service":[],"SoftwareApplication":[],"WebPage":[]},"graphName":"none","isEnabled":true},"graphs":[]},"schema_type":"default","schema_type_options":null,"pillar_content":false,"robots_default":true,"robots_noindex":false,"robots_noarchive":false,"robots_nosnippet":false,"robots_nofollow":false,"robots_noimageindex":false,"robots_noodp":false,"robots_notranslate":false,"robots_max_snippet":"-1","robots_max_videopreview":"-1","robots_max_imagepreview":"large","priority":null,"frequency":"default","local_seo":null,"seo_analyzer_scan_date":"2025-10-09 07:42:18","breadcrumb_settings":null,"limit_modified_date":false,"reviewed_by":"0","open_ai":null,"ai":{"faqs":[],"keyPoints":[],"titles":[],"descriptions":[],"socialPosts":{"email":[],"linkedin":[],"twitter":[],"facebook":[],"instagram":[]}},"created":"2025-08-14 14:26:03","updated":"2026-02-05 04:19:35"},"aioseo_breadcrumb":"<div class=\"aioseo-breadcrumbs\"><span class=\"aioseo-breadcrumb\">\n\t<a href=\"https:\/\/soymigrante.com\/revista\" title=\"Home\">Home<\/a>\n<\/span><span class=\"aioseo-breadcrumb-separator\">\u00bb<\/span><span class=\"aioseo-breadcrumb\">\n\t<a href=\"https:\/\/soymigrante.com\/revista\/category\/exitos\/\" title=\"\u00c9xitos\">\u00c9xitos<\/a>\n<\/span><span class=\"aioseo-breadcrumb-separator\">\u00bb<\/span><span class=\"aioseo-breadcrumb\">\n\t<a href=\"https:\/\/soymigrante.com\/revista\/category\/exitos\/guatemala\/\" title=\"Guatemala\">Guatemala<\/a>\n<\/span><span class=\"aioseo-breadcrumb-separator\">\u00bb<\/span><span class=\"aioseo-breadcrumb\">\n\tLindsey Mazariegos: la belleza que nace de la fortaleza y el amor de familia\n<\/span><\/div>","aioseo_breadcrumb_json":[{"label":"Home","link":"https:\/\/soymigrante.com\/revista"},{"label":"\u00c9xitos","link":"https:\/\/soymigrante.com\/revista\/category\/exitos\/"},{"label":"Guatemala","link":"https:\/\/soymigrante.com\/revista\/category\/exitos\/guatemala\/"},{"label":"Lindsey Mazariegos: la belleza que nace de la fortaleza y el amor de familia","link":"https:\/\/soymigrante.com\/revista\/lindsey-mazariegos-la-belleza-que-nace-de-la-fortaleza-y-el-amor-de-familia\/"}],"_links":{"self":[{"href":"https:\/\/soymigrante.com\/revista\/wp-json\/wp\/v2\/posts\/42044","targetHints":{"allow":["GET"]}}],"collection":[{"href":"https:\/\/soymigrante.com\/revista\/wp-json\/wp\/v2\/posts"}],"about":[{"href":"https:\/\/soymigrante.com\/revista\/wp-json\/wp\/v2\/types\/post"}],"author":[{"embeddable":true,"href":"https:\/\/soymigrante.com\/revista\/wp-json\/wp\/v2\/users\/7"}],"replies":[{"embeddable":true,"href":"https:\/\/soymigrante.com\/revista\/wp-json\/wp\/v2\/comments?post=42044"}],"version-history":[{"count":14,"href":"https:\/\/soymigrante.com\/revista\/wp-json\/wp\/v2\/posts\/42044\/revisions"}],"predecessor-version":[{"id":43024,"href":"https:\/\/soymigrante.com\/revista\/wp-json\/wp\/v2\/posts\/42044\/revisions\/43024"}],"wp:featuredmedia":[{"embeddable":true,"href":"https:\/\/soymigrante.com\/revista\/wp-json\/wp\/v2\/media\/43020"}],"wp:attachment":[{"href":"https:\/\/soymigrante.com\/revista\/wp-json\/wp\/v2\/media?parent=42044"}],"wp:term":[{"taxonomy":"category","embeddable":true,"href":"https:\/\/soymigrante.com\/revista\/wp-json\/wp\/v2\/categories?post=42044"},{"taxonomy":"post_tag","embeddable":true,"href":"https:\/\/soymigrante.com\/revista\/wp-json\/wp\/v2\/tags?post=42044"}],"curies":[{"name":"wp","href":"https:\/\/api.w.org\/{rel}","templated":true}]}}