{"id":42017,"date":"2025-08-14T04:00:00","date_gmt":"2025-08-14T10:00:00","guid":{"rendered":"https:\/\/soymigrante.com\/revista\/?p=42017"},"modified":"2025-08-13T20:00:18","modified_gmt":"2025-08-14T02:00:18","slug":"cuidado-con-la-velocidad-puede-traer-otras-complicaciones-consejo-de-guatemalteco-en-texas","status":"publish","type":"post","link":"https:\/\/soymigrante.com\/revista\/cuidado-con-la-velocidad-puede-traer-otras-complicaciones-consejo-de-guatemalteco-en-texas\/","title":{"rendered":"Cuidado con la velocidad. Puede traer otras complicaciones: consejo de guatemalteco en Texas"},"content":{"rendered":"\t\t<div data-elementor-type=\"wp-post\" data-elementor-id=\"42017\" class=\"elementor elementor-42017\" data-elementor-post-type=\"post\">\n\t\t\t\t<div data-particle_enable=\"false\" data-particle-mobile-disabled=\"false\" class=\"elementor-element elementor-element-f2bec89 e-flex e-con-boxed e-con e-parent\" data-id=\"f2bec89\" data-element_type=\"container\" data-e-type=\"container\">\n\t\t\t\t\t<div class=\"e-con-inner\">\n\t\t\t\t<div class=\"elementor-element elementor-element-42db89c elementor-widget elementor-widget-heading\" data-id=\"42db89c\" data-element_type=\"widget\" data-e-type=\"widget\" data-widget_type=\"heading.default\">\n\t\t\t\t\t<h2 class=\"elementor-heading-title elementor-size-default\">Migrante guatemalteco Pablo Higueros advirti\u00f3 sobre los operativos de velocidad en Texas, porque son la excusa para detener a migrante. \n<\/h2>\t\t\t\t<\/div>\n\t\t\t\t\t<\/div>\n\t\t\t\t<\/div>\n\t\t<div data-particle_enable=\"false\" data-particle-mobile-disabled=\"false\" class=\"elementor-element elementor-element-b131867 e-flex e-con-boxed e-con e-parent\" data-id=\"b131867\" data-element_type=\"container\" data-e-type=\"container\">\n\t\t\t\t\t<div class=\"e-con-inner\">\n\t\t\t\t<div class=\"elementor-element elementor-element-3ab50a4 elementor-widget elementor-widget-text-editor\" data-id=\"3ab50a4\" data-element_type=\"widget\" data-e-type=\"widget\" data-widget_type=\"text-editor.default\">\n\t\t\t\t\t\t\t\t\t<p><a href=\"https:\/\/soymigrante.com\/revista\/7-aprendizajes-vitales-de-pablo-higueros-migrante-y-experto-financiero\/\" target=\"_blank\" rel=\"noopener\">El migrante guatemalteco Pablo Higueros<\/a> lanz\u00f3 una advertencia a la comunidad latina, especialmente a quienes residen en Texas, sobre la intensificaci\u00f3n de operativos contra el exceso de velocidad que podr\u00edan tener implicaciones legales y migratorias.<\/p><p>A trav\u00e9s de un video difundido en redes sociales,<a href=\"https:\/\/soymigrante.com\/revista\/7-aprendizajes-vitales-de-pablo-higueros-migrante-y-experto-financiero\/\" target=\"_blank\" rel=\"noopener\"> Higueros explic\u00f3 que las autoridades de Texas, en coordinaci\u00f3n con agencias locales y estatales,<\/a> han implementado el programa \u201cSlow Down\u201d, que busca frenar las altas velocidades en carreteras y calles del estado. Seg\u00fan su testimonio, el operativo ya est\u00e1 activo y ha provocado un notable aumento de patrullas en las v\u00edas.<\/p>\t\t\t\t\t\t\t\t<\/div>\n\t\t\t\t\t<\/div>\n\t\t\t\t<\/div>\n\t\t<div data-particle_enable=\"false\" data-particle-mobile-disabled=\"false\" class=\"elementor-element elementor-element-34cb1f5 e-flex e-con-boxed e-con e-parent\" data-id=\"34cb1f5\" data-element_type=\"container\" data-e-type=\"container\">\n\t\t\t\t\t<div class=\"e-con-inner\">\n\t\t\t\t<div class=\"elementor-element elementor-element-c3a4cc4 elementor-widget elementor-widget-heading\" data-id=\"c3a4cc4\" data-element_type=\"widget\" data-e-type=\"widget\" data-widget_type=\"heading.default\">\n\t\t\t\t\t<h3 class=\"elementor-heading-title elementor-size-default\">\"Nunca hab\u00edamos visto tantas patrullas\"<\/h3>\t\t\t\t<\/div>\n\t\t\t\t\t<\/div>\n\t\t\t\t<\/div>\n\t\t<div data-particle_enable=\"false\" data-particle-mobile-disabled=\"false\" class=\"elementor-element elementor-element-f58dd5c e-flex e-con-boxed e-con e-parent\" data-id=\"f58dd5c\" data-element_type=\"container\" data-e-type=\"container\">\n\t\t\t\t\t<div class=\"e-con-inner\">\n\t\t\t\t<div class=\"elementor-element elementor-element-3d567b4 elementor-widget elementor-widget-text-editor\" data-id=\"3d567b4\" data-element_type=\"widget\" data-e-type=\"widget\" data-widget_type=\"text-editor.default\">\n\t\t\t\t\t\t\t\t\t<p>\u201cEn nuestro viaje hacia Houston nunca hab\u00edamos visto tantas patrullas como hoy. Muchas ya ten\u00edan veh\u00edculos detenidos\u201d, relat\u00f3. Higueros recalc\u00f3 que <a href=\"https:\/\/soymigrante.com\/revista\/7-aprendizajes-vitales-de-pablo-higueros-migrante-y-experto-financiero\/\" target=\"_blank\" rel=\"noopener\">si un conductor es detenido por exceso de velocidad, est\u00e1 obligado a presentar la documentaci\u00f3n solicitada por el oficial.<\/a> En el caso de personas indocumentadas, la situaci\u00f3n puede complicarse al punto de ser arrestadas y puestas bajo custodia de autoridades migratorias.<\/p><p><a href=\"https:\/\/soymigrante.com\/revista\/7-aprendizajes-vitales-de-pablo-higueros-migrante-y-experto-financiero\/\" target=\"_blank\" rel=\"noopener\">El guatemalteco hizo un llamado a tomar precauciones, evitar manejar si no es estrictamente necesario<\/a> y organizarse para compartir transporte con conductores que cuenten con licencia vigente. \u201cAunque haya que pagar o levantarse m\u00e1s temprano, es mejor prevenir que exponerse a una situaci\u00f3n que pueda terminar en detenci\u00f3n\u201d, advirti\u00f3.<\/p>\t\t\t\t\t\t\t\t<\/div>\n\t\t\t\t\t<\/div>\n\t\t\t\t<\/div>\n\t\t<div data-particle_enable=\"false\" data-particle-mobile-disabled=\"false\" class=\"elementor-element elementor-element-78dd0ef e-flex e-con-boxed e-con e-parent\" data-id=\"78dd0ef\" data-element_type=\"container\" data-e-type=\"container\">\n\t\t\t\t\t<div class=\"e-con-inner\">\n\t\t\t\t<div class=\"elementor-element elementor-element-f62e7a4 elementor-grid-eael-col-1 elementor-grid-tablet-eael-col-2 elementor-grid-mobile-eael-col-1 elementor-invisible elementor-widget elementor-widget-eael-post-grid\" data-id=\"f62e7a4\" data-element_type=\"widget\" data-e-type=\"widget\" data-settings=\"{&quot;eael_post_grid_columns&quot;:&quot;eael-col-1&quot;,&quot;_animation&quot;:&quot;rollIn&quot;,&quot;eael_post_grid_columns_tablet&quot;:&quot;eael-col-2&quot;,&quot;eael_post_grid_columns_mobile&quot;:&quot;eael-col-1&quot;}\" data-widget_type=\"eael-post-grid.default\">\n\t\t\t\t\t<div id=\"eael-post-grid-f62e7a4\" class=\"eael-post-grid-container\">\n            <div class=\"eael-post-grid eael-post-appender eael-post-appender-f62e7a4 eael-post-grid-style-one\" data-layout-mode=\"masonry\"><article class=\"eael-grid-post  eael-post-grid-column eael-pg-post-3726 category-exitos\" data-id=\"3726\">\n        <div class=\"eael-grid-post-holder\">\n            <div class=\"eael-grid-post-holder-inner\"><div class=\"eael-entry-media\"><div class=\"eael-entry-overlay fade-in\"><i class=\"far fa-hand-pointer\" aria-hidden=\"true\"><\/i><a href=\"https:\/\/soymigrante.com\/revista\/7-aprendizajes-vitales-de-pablo-higueros-migrante-y-experto-financiero\/\"><\/a><\/div><div class=\"eael-entry-thumbnail eael-image-ratio\">\n                <img fetchpriority=\"high\" decoding=\"async\" width=\"889\" height=\"846\" src=\"https:\/\/soymigrante.com\/revista\/wp-content\/uploads\/2023\/12\/pablo-oficina.webp\" class=\"attachment-large size-large wp-image-3727\" alt=\"\" srcset=\"https:\/\/soymigrante.com\/revista\/wp-content\/uploads\/2023\/12\/pablo-oficina.webp 889w, https:\/\/soymigrante.com\/revista\/wp-content\/uploads\/2023\/12\/pablo-oficina-300x285.webp 300w, https:\/\/soymigrante.com\/revista\/wp-content\/uploads\/2023\/12\/pablo-oficina-768x731.webp 768w, https:\/\/soymigrante.com\/revista\/wp-content\/uploads\/2023\/12\/pablo-oficina-750x714.webp 750w\" sizes=\"(max-width: 889px) 100vw, 889px\" \/>\n            <\/div>\n        <\/div><div class=\"eael-entry-wrapper\"><header class=\"eael-entry-header\"><h2 class=\"eael-entry-title\"><a class=\"eael-grid-post-link\" href=\"https:\/\/soymigrante.com\/revista\/7-aprendizajes-vitales-de-pablo-higueros-migrante-y-experto-financiero\/\" title=\"7 aprendizajes vitales de Pablo Higueros, migrante y experto financiero\">7 aprendizajes vitales de Pablo Higueros, migrante y experto financiero<\/a><\/h2><\/header><div class=\"eael-entry-content\">\n                        <div class=\"eael-grid-post-excerpt\"><a href=\"https:\/\/soymigrante.com\/revista\/7-aprendizajes-vitales-de-pablo-higueros-migrante-y-experto-financiero\/\" class=\"eael-post-elements-readmore-btn\">CONOCE SU HISTORIA <\/a><\/div>\n                    <\/div><\/div><\/div>\n        <\/div>\n    <\/article><\/div>\n            <div class=\"clearfix\"><\/div>\n        <\/div>\t\t\t\t<\/div>\n\t\t\t\t\t<\/div>\n\t\t\t\t<\/div>\n\t\t<div data-particle_enable=\"false\" data-particle-mobile-disabled=\"false\" class=\"elementor-element elementor-element-c14159f e-flex e-con-boxed e-con e-parent\" data-id=\"c14159f\" data-element_type=\"container\" data-e-type=\"container\">\n\t\t\t\t\t<div class=\"e-con-inner\">\n\t\t\t\t<div class=\"elementor-element elementor-element-fa24122 elementor-widget elementor-widget-heading\" data-id=\"fa24122\" data-element_type=\"widget\" data-e-type=\"widget\" data-widget_type=\"heading.default\">\n\t\t\t\t\t<h3 class=\"elementor-heading-title elementor-size-default\">Importancia de estar informados <\/h3>\t\t\t\t<\/div>\n\t\t\t\t\t<\/div>\n\t\t\t\t<\/div>\n\t\t<div data-particle_enable=\"false\" data-particle-mobile-disabled=\"false\" class=\"elementor-element elementor-element-6d370cd e-flex e-con-boxed e-con e-parent\" data-id=\"6d370cd\" data-element_type=\"container\" data-e-type=\"container\">\n\t\t\t\t\t<div class=\"e-con-inner\">\n\t\t\t\t<div class=\"elementor-element elementor-element-8e755d6 elementor-widget elementor-widget-text-editor\" data-id=\"8e755d6\" data-element_type=\"widget\" data-e-type=\"widget\" data-widget_type=\"text-editor.default\">\n\t\t\t\t\t\t\t\t\t<p><a href=\"https:\/\/soymigrante.com\/revista\/7-aprendizajes-vitales-de-pablo-higueros-migrante-y-experto-financiero\/\" target=\"_blank\" rel=\"noopener\">El mensaje ha generado reacciones en redes sociales, donde migrantes<\/a> que viven en zonas rurales o que viajan largas distancias para trabajar se\u00f1alaron que no siempre es posible evitar conducir. Sin embargo, Higueros reiter\u00f3 la importancia de ser conscientes de que, en Estados Unidos, manejar no es un derecho, sino un privilegio, y que en momentos como este, la prudencia es clave.<\/p>\t\t\t\t\t\t\t\t<\/div>\n\t\t\t\t\t<\/div>\n\t\t\t\t<\/div>\n\t\t<div data-particle_enable=\"false\" data-particle-mobile-disabled=\"false\" class=\"elementor-element elementor-element-fe1618d e-flex e-con-boxed e-con e-parent\" data-id=\"fe1618d\" data-element_type=\"container\" data-e-type=\"container\">\n\t\t\t\t\t<div class=\"e-con-inner\">\n\t\t\t\t<div class=\"elementor-element elementor-element-f4014b8 elementor-invisible elementor-widget elementor-widget-facebook-embed\" data-id=\"f4014b8\" data-element_type=\"widget\" data-e-type=\"widget\" data-settings=\"{&quot;_animation&quot;:&quot;zoomInDown&quot;}\" data-widget_type=\"facebook-embed.default\">\n\t\t\t\t\t<div style=\"min-height: 1px\" class=\"elementor-facebook-widget fb-video\" data-href=\"https:\/\/www.facebook.com\/reel\/2763718424019061\/\" data-show-text=\"false\" data-allowfullscreen=\"false\" data-autoplay=\"false\" data-show-captions=\"false\"><\/div>\t\t\t\t<\/div>\n\t\t\t\t\t<\/div>\n\t\t\t\t<\/div>\n\t\t<div data-particle_enable=\"false\" data-particle-mobile-disabled=\"false\" class=\"elementor-element elementor-element-47dc7d4 e-flex e-con-boxed e-con e-parent\" data-id=\"47dc7d4\" data-element_type=\"container\" data-e-type=\"container\">\n\t\t\t\t\t<div class=\"e-con-inner\">\n\t\t\t\t<div class=\"elementor-element elementor-element-f562231 elementor-widget elementor-widget-heading\" data-id=\"f562231\" data-element_type=\"widget\" data-e-type=\"widget\" data-widget_type=\"heading.default\">\n\t\t\t\t\t<h2 class=\"elementor-heading-title elementor-size-default\">Conoce estos temas que te pueden interesar...<\/h2>\t\t\t\t<\/div>\n\t\t\t\t\t<\/div>\n\t\t\t\t<\/div>\n\t\t<div data-particle_enable=\"false\" data-particle-mobile-disabled=\"false\" class=\"elementor-element elementor-element-22380e4 e-flex e-con-boxed e-con e-parent\" data-id=\"22380e4\" data-element_type=\"container\" data-e-type=\"container\">\n\t\t\t\t\t<div class=\"e-con-inner\">\n\t\t\t\t<div class=\"elementor-element elementor-element-e64e7ec elementor-grid-eael-col-3 elementor-grid-tablet-eael-col-2 elementor-grid-mobile-eael-col-1 elementor-invisible elementor-widget elementor-widget-eael-post-grid\" data-id=\"e64e7ec\" data-element_type=\"widget\" data-e-type=\"widget\" data-settings=\"{&quot;eael_post_grid_columns&quot;:&quot;eael-col-3&quot;,&quot;_animation&quot;:&quot;rollIn&quot;,&quot;eael_post_grid_columns_tablet&quot;:&quot;eael-col-2&quot;,&quot;eael_post_grid_columns_mobile&quot;:&quot;eael-col-1&quot;}\" data-widget_type=\"eael-post-grid.default\">\n\t\t\t\t\t<div id=\"eael-post-grid-e64e7ec\" class=\"eael-post-grid-container\">\n            <div class=\"eael-post-grid eael-post-appender eael-post-appender-e64e7ec eael-post-grid-style-one\" data-layout-mode=\"masonry\"><article class=\"eael-grid-post  eael-post-grid-column eael-pg-post-9575 category-lugar-de-voces\" data-id=\"9575\">\n        <div class=\"eael-grid-post-holder\">\n            <div class=\"eael-grid-post-holder-inner\"><div class=\"eael-entry-media\"><div class=\"eael-entry-overlay fade-in\"><i class=\"far fa-hand-pointer\" aria-hidden=\"true\"><\/i><a href=\"https:\/\/soymigrante.com\/revista\/relato-de-3-dias-de-amor-y-orgullo-por-guatemala-desde-texas\/\"><\/a><\/div><div class=\"eael-entry-thumbnail \">\n                <img decoding=\"async\" width=\"810\" height=\"810\" src=\"https:\/\/soymigrante.com\/revista\/wp-content\/uploads\/2024\/09\/guatemaltecos-dallas-migrantes-5-1.webp\" class=\"attachment-large size-large wp-image-9583\" alt=\"Activistas migrantes con atuendos tradicionales y sonrisas en un evento al aire libre, promoviendo la cultura y la integraci\u00f3n en la comunidad en un d\u00eda soleado en el estacionamiento de una ciudad laboral.\" srcset=\"https:\/\/soymigrante.com\/revista\/wp-content\/uploads\/2024\/09\/guatemaltecos-dallas-migrantes-5-1.webp 810w, https:\/\/soymigrante.com\/revista\/wp-content\/uploads\/2024\/09\/guatemaltecos-dallas-migrantes-5-1-300x300.webp 300w, https:\/\/soymigrante.com\/revista\/wp-content\/uploads\/2024\/09\/guatemaltecos-dallas-migrantes-5-1-150x150.webp 150w, https:\/\/soymigrante.com\/revista\/wp-content\/uploads\/2024\/09\/guatemaltecos-dallas-migrantes-5-1-768x768.webp 768w, https:\/\/soymigrante.com\/revista\/wp-content\/uploads\/2024\/09\/guatemaltecos-dallas-migrantes-5-1-75x75.webp 75w, https:\/\/soymigrante.com\/revista\/wp-content\/uploads\/2024\/09\/guatemaltecos-dallas-migrantes-5-1-750x750.webp 750w\" sizes=\"(max-width: 810px) 100vw, 810px\" \/>\n            <\/div>\n        <\/div><div class=\"eael-entry-wrapper\"><header class=\"eael-entry-header\"><h2 class=\"eael-entry-title\"><a class=\"eael-grid-post-link\" href=\"https:\/\/soymigrante.com\/revista\/relato-de-3-dias-de-amor-y-orgullo-por-guatemala-desde-texas\/\" title=\"Relato de 3 d\u00edas de amor y orgullo por Guatemala desde Texas\">Relato de 3 d\u00edas de amor y orgullo por Guatemala desde Texas<\/a><\/h2><\/header><div class=\"eael-entry-content\">\n                        <div class=\"eael-grid-post-excerpt\"><a href=\"https:\/\/soymigrante.com\/revista\/relato-de-3-dias-de-amor-y-orgullo-por-guatemala-desde-texas\/\" class=\"eael-post-elements-readmore-btn\">CONOCE SU HISTORIA <\/a><\/div>\n                    <\/div><\/div><\/div>\n        <\/div>\n    <\/article><article class=\"eael-grid-post  eael-post-grid-column eael-pg-post-22328 category-recursos-migratorios\" data-id=\"22328\">\n        <div class=\"eael-grid-post-holder\">\n            <div class=\"eael-grid-post-holder-inner\"><div class=\"eael-entry-media\"><div class=\"eael-entry-overlay fade-in\"><i class=\"far fa-hand-pointer\" aria-hidden=\"true\"><\/i><a href=\"https:\/\/soymigrante.com\/revista\/experto-en-migracion-radicado-en-texas-responde-preguntas-sobre-medidas-migratorias\/\"><\/a><\/div><div class=\"eael-entry-thumbnail \">\n                <img decoding=\"async\" width=\"1024\" height=\"1024\" src=\"https:\/\/soymigrante.com\/revista\/wp-content\/uploads\/2025\/01\/inmigracion-1024x1024.jpg\" class=\"attachment-large size-large wp-image-22388\" alt=\"Joven con mochila y bandera estadounidense en una marcha o celebraci\u00f3n, representando el migrante y la comunidad en Estados Unidos, en contexto de inmigraci\u00f3n y diversidad cultural.\" srcset=\"https:\/\/soymigrante.com\/revista\/wp-content\/uploads\/2025\/01\/inmigracion-1024x1024.jpg 1024w, https:\/\/soymigrante.com\/revista\/wp-content\/uploads\/2025\/01\/inmigracion-300x300.jpg 300w, https:\/\/soymigrante.com\/revista\/wp-content\/uploads\/2025\/01\/inmigracion-150x150.jpg 150w, https:\/\/soymigrante.com\/revista\/wp-content\/uploads\/2025\/01\/inmigracion-768x768.jpg 768w, https:\/\/soymigrante.com\/revista\/wp-content\/uploads\/2025\/01\/inmigracion-1536x1536.jpg 1536w, https:\/\/soymigrante.com\/revista\/wp-content\/uploads\/2025\/01\/inmigracion-2048x2048.jpg 2048w, https:\/\/soymigrante.com\/revista\/wp-content\/uploads\/2025\/01\/inmigracion-75x75.webp 75w, https:\/\/soymigrante.com\/revista\/wp-content\/uploads\/2025\/01\/inmigracion-750x750.webp 750w, https:\/\/soymigrante.com\/revista\/wp-content\/uploads\/2025\/01\/inmigracion-1140x1140.webp 1140w, https:\/\/soymigrante.com\/revista\/wp-content\/uploads\/2025\/01\/inmigracion-scaled.webp 1920w\" sizes=\"(max-width: 1024px) 100vw, 1024px\" \/>\n            <\/div>\n        <\/div><div class=\"eael-entry-wrapper\"><header class=\"eael-entry-header\"><h2 class=\"eael-entry-title\"><a class=\"eael-grid-post-link\" href=\"https:\/\/soymigrante.com\/revista\/experto-en-migracion-radicado-en-texas-responde-preguntas-sobre-medidas-migratorias\/\" title=\"Experto en migraci\u00f3n radicado en Texas responde preguntas sobre medidas migratorias\">Experto en migraci\u00f3n radicado en Texas responde preguntas sobre medidas migratorias<\/a><\/h2><\/header><div class=\"eael-entry-content\">\n                        <div class=\"eael-grid-post-excerpt\"><a href=\"https:\/\/soymigrante.com\/revista\/experto-en-migracion-radicado-en-texas-responde-preguntas-sobre-medidas-migratorias\/\" class=\"eael-post-elements-readmore-btn\">CONOCE SU HISTORIA <\/a><\/div>\n                    <\/div><\/div><\/div>\n        <\/div>\n    <\/article><article class=\"eael-grid-post  eael-post-grid-column eael-pg-post-5361 category-recursos-migratorios\" data-id=\"5361\">\n        <div class=\"eael-grid-post-holder\">\n            <div class=\"eael-grid-post-holder-inner\"><div class=\"eael-entry-media\"><div class=\"eael-entry-overlay fade-in\"><i class=\"far fa-hand-pointer\" aria-hidden=\"true\"><\/i><a href=\"https:\/\/soymigrante.com\/revista\/consulados-de-guatemala-en-texas-estados-unidos\/\"><\/a><\/div><div class=\"eael-entry-thumbnail \">\n                <img loading=\"lazy\" decoding=\"async\" width=\"1024\" height=\"680\" src=\"https:\/\/soymigrante.com\/revista\/wp-content\/uploads\/2024\/03\/Consulados-de-Guatemala-en-Texas-1024x680.webp\" class=\"attachment-large size-large wp-image-5362\" alt=\"Consulados de Guatemala en Texas\" srcset=\"https:\/\/soymigrante.com\/revista\/wp-content\/uploads\/2024\/03\/Consulados-de-Guatemala-en-Texas-1024x680.webp 1024w, https:\/\/soymigrante.com\/revista\/wp-content\/uploads\/2024\/03\/Consulados-de-Guatemala-en-Texas-300x199.webp 300w, https:\/\/soymigrante.com\/revista\/wp-content\/uploads\/2024\/03\/Consulados-de-Guatemala-en-Texas-768x510.webp 768w, https:\/\/soymigrante.com\/revista\/wp-content\/uploads\/2024\/03\/Consulados-de-Guatemala-en-Texas-1536x1020.webp 1536w, https:\/\/soymigrante.com\/revista\/wp-content\/uploads\/2024\/03\/Consulados-de-Guatemala-en-Texas-750x498.webp 750w, https:\/\/soymigrante.com\/revista\/wp-content\/uploads\/2024\/03\/Consulados-de-Guatemala-en-Texas-1140x757.webp 1140w, https:\/\/soymigrante.com\/revista\/wp-content\/uploads\/2024\/03\/Consulados-de-Guatemala-en-Texas.webp 1600w\" sizes=\"(max-width: 1024px) 100vw, 1024px\" \/>\n            <\/div>\n        <\/div><div class=\"eael-entry-wrapper\"><header class=\"eael-entry-header\"><h2 class=\"eael-entry-title\"><a class=\"eael-grid-post-link\" href=\"https:\/\/soymigrante.com\/revista\/consulados-de-guatemala-en-texas-estados-unidos\/\" title=\"Consulados de Guatemala en Texas: ubicaci\u00f3n y contacto\">Consulados de Guatemala en Texas: ubicaci\u00f3n y contacto<\/a><\/h2><\/header><div class=\"eael-entry-content\">\n                        <div class=\"eael-grid-post-excerpt\"><a href=\"https:\/\/soymigrante.com\/revista\/consulados-de-guatemala-en-texas-estados-unidos\/\" class=\"eael-post-elements-readmore-btn\">CONOCE SU HISTORIA <\/a><\/div>\n                    <\/div><\/div><\/div>\n        <\/div>\n    <\/article><\/div>\n            <div class=\"clearfix\"><\/div>\n        <\/div>\t\t\t\t<\/div>\n\t\t\t\t\t<\/div>\n\t\t\t\t<\/div>\n\t\t\t\t<\/div>\n\t\t","protected":false},"excerpt":{"rendered":"<p>Texas Migrante guatemalteco Pablo Higueros advirti\u00f3 sobre los operativos de velocidad en Texas, porque son la excusa para detener a migrante. El migrante guatemalteco Pablo Higueros lanz\u00f3 una advertencia a la comunidad latina, especialmente a quienes residen en Texas, sobre la intensificaci\u00f3n de operativos contra el exceso de velocidad que podr\u00edan tener implicaciones legales y [&hellip;]<\/p>\n","protected":false},"author":19,"featured_media":42037,"comment_status":"open","ping_status":"open","sticky":false,"template":"","format":"standard","meta":{"_acf_changed":false,"_eb_attr":"","footnotes":""},"categories":[54],"tags":[],"class_list":["post-42017","post","type-post","status-publish","format-standard","has-post-thumbnail","hentry","category-estamos-unidos"],"acf":[],"aioseo_notices":[],"aioseo_head":"\n\t\t<!-- All in One SEO Pro 4.9.6.2 - aioseo.com -->\n\t<meta name=\"description\" content=\"El Ministerio de Relaciones Exteriores de Guatemala (Minex), tiene cuatro sedes consulares en el estado de Texas para atender de lunes a viernes y en jornadas sabatinas tr\u00e1mites migratorios de guatemaltecos. Paisano guatemalteco, s\u00ed est\u00e1 en Texas o alguna ciudad de este estado y necesita ayuda del consulado de Guatemala es necesario que conozca la Guatemala tiene cuatro sedes consulares en Texas para asistir a los guatemaltecos radicados en ese estado de EE. UU.\" \/>\n\t<meta name=\"robots\" content=\"max-snippet:-1, max-image-preview:large, max-video-preview:-1\" \/>\n\t<meta name=\"author\" content=\"Mynor Toc\"\/>\n\t<link rel=\"canonical\" href=\"https:\/\/soymigrante.com\/revista\/consulados-de-guatemala-en-texas-estados-unidos\/\" \/>\n\t<meta name=\"generator\" content=\"All in One SEO Pro (AIOSEO) 4.9.6.2\" \/>\n\n\t\t<link rel=\"preconnect\" href=\"https:\/\/fonts.googleapis.com\" crossorigin>\n<link rel=\"preconnect\" href=\"https:\/\/fonts.gstatic.com\" crossorigin>\n\t\t<meta property=\"og:locale\" content=\"es_ES\" \/>\n\t\t<meta property=\"og:site_name\" content=\"SoyMigrante.com REVISTA \u2013 Nuestra misi\u00f3n es reconocer y dignificar al migrante.\" \/>\n\t\t<meta property=\"og:type\" content=\"article\" \/>\n\t\t<meta property=\"og:title\" content=\"Consulados de Guatemala en Texas: ubicaci\u00f3n y contacto\" \/>\n\t\t<meta property=\"og:description\" content=\"El Ministerio de Relaciones Exteriores de Guatemala (Minex), tiene cuatro sedes consulares en el estado de Texas para atender de lunes a viernes y en jornadas sabatinas tr\u00e1mites migratorios de guatemaltecos. Paisano guatemalteco, s\u00ed est\u00e1 en Texas o alguna ciudad de este estado y necesita ayuda del consulado de Guatemala es necesario que conozca la Guatemala tiene cuatro sedes consulares en Texas para asistir a los guatemaltecos radicados en ese estado de EE. UU.\" \/>\n\t\t<meta property=\"og:url\" content=\"https:\/\/soymigrante.com\/revista\/consulados-de-guatemala-en-texas-estados-unidos\/\" \/>\n\t\t<meta property=\"og:image\" content=\"https:\/\/soymigrante.com\/revista\/wp-content\/uploads\/2024\/03\/Consulados-de-Guatemala-en-Texas.webp\" \/>\n\t\t<meta property=\"og:image:secure_url\" content=\"https:\/\/soymigrante.com\/revista\/wp-content\/uploads\/2024\/03\/Consulados-de-Guatemala-en-Texas.webp\" \/>\n\t\t<meta property=\"og:image:width\" content=\"1600\" \/>\n\t\t<meta property=\"og:image:height\" content=\"1063\" \/>\n\t\t<meta property=\"article:published_time\" content=\"2024-03-13T14:20:07+00:00\" \/>\n\t\t<meta property=\"article:modified_time\" content=\"2024-03-15T05:04:15+00:00\" \/>\n\t\t<meta property=\"article:publisher\" content=\"https:\/\/www.facebook.com\/soymigrantecom\" \/>\n\t\t<meta name=\"twitter:card\" content=\"summary_large_image\" \/>\n\t\t<meta name=\"twitter:site\" content=\"@SoyMigrante_com\" \/>\n\t\t<meta name=\"twitter:title\" content=\"Consulados de Guatemala en Texas: ubicaci\u00f3n y contacto\" \/>\n\t\t<meta name=\"twitter:description\" content=\"El Ministerio de Relaciones Exteriores de Guatemala (Minex), tiene cuatro sedes consulares en el estado de Texas para atender de lunes a viernes y en jornadas sabatinas tr\u00e1mites migratorios de guatemaltecos. Paisano guatemalteco, s\u00ed est\u00e1 en Texas o alguna ciudad de este estado y necesita ayuda del consulado de Guatemala es necesario que conozca la Guatemala tiene cuatro sedes consulares en Texas para asistir a los guatemaltecos radicados en ese estado de EE. UU.\" \/>\n\t\t<meta name=\"twitter:creator\" content=\"@SoyMigrante_com\" \/>\n\t\t<meta name=\"twitter:image\" content=\"https:\/\/soymigrante.com\/revista\/wp-content\/uploads\/2024\/03\/Consulados-de-Guatemala-en-Texas.webp\" \/>\n\t\t<!-- All in One SEO Pro -->\r\n\t\t<title>Consulados de Guatemala en Texas: ubicaci\u00f3n y contacto<\/title>\n\n","aioseo_head_json":{"title":"Consulados de Guatemala en Texas: ubicaci\u00f3n y contacto","description":"El Ministerio de Relaciones Exteriores de Guatemala (Minex), tiene cuatro sedes consulares en el estado de Texas para atender de lunes a viernes y en jornadas sabatinas tr\u00e1mites migratorios de guatemaltecos. Paisano guatemalteco, s\u00ed est\u00e1 en Texas o alguna ciudad de este estado y necesita ayuda del consulado de Guatemala es necesario que conozca la Guatemala tiene cuatro sedes consulares en Texas para asistir a los guatemaltecos radicados en ese estado de EE. UU.","canonical_url":"https:\/\/soymigrante.com\/revista\/consulados-de-guatemala-en-texas-estados-unidos\/","robots":"max-snippet:-1, max-image-preview:large, max-video-preview:-1","keywords":"","webmasterTools":{"miscellaneous":"&lt;link rel=\"preconnect\" href=\"https:\/\/fonts.googleapis.com\" crossorigin&gt;\n&lt;link rel=\"preconnect\" href=\"https:\/\/fonts.gstatic.com\" crossorigin&gt;"},"schema":null,"og:locale":"es_ES","og:site_name":"SoyMigrante.com REVISTA \u2013 Nuestra misi\u00f3n es reconocer y dignificar al migrante.","og:type":"article","og:title":"Consulados de Guatemala en Texas: ubicaci\u00f3n y contacto","og:description":"El Ministerio de Relaciones Exteriores de Guatemala (Minex), tiene cuatro sedes consulares en el estado de Texas para atender de lunes a viernes y en jornadas sabatinas tr\u00e1mites migratorios de guatemaltecos. Paisano guatemalteco, s\u00ed est\u00e1 en Texas o alguna ciudad de este estado y necesita ayuda del consulado de Guatemala es necesario que conozca la Guatemala tiene cuatro sedes consulares en Texas para asistir a los guatemaltecos radicados en ese estado de EE. UU.","og:url":"https:\/\/soymigrante.com\/revista\/consulados-de-guatemala-en-texas-estados-unidos\/","og:image":"https:\/\/soymigrante.com\/revista\/wp-content\/uploads\/2024\/03\/Consulados-de-Guatemala-en-Texas.webp","og:image:secure_url":"https:\/\/soymigrante.com\/revista\/wp-content\/uploads\/2024\/03\/Consulados-de-Guatemala-en-Texas.webp","og:image:width":1600,"og:image:height":1063,"article:published_time":"2024-03-13T14:20:07+00:00","article:modified_time":"2024-03-15T05:04:15+00:00","article:publisher":"https:\/\/www.facebook.com\/soymigrantecom","twitter:card":"summary_large_image","twitter:site":"@SoyMigrante_com","twitter:title":"Consulados de Guatemala en Texas: ubicaci\u00f3n y contacto","twitter:description":"El Ministerio de Relaciones Exteriores de Guatemala (Minex), tiene cuatro sedes consulares en el estado de Texas para atender de lunes a viernes y en jornadas sabatinas tr\u00e1mites migratorios de guatemaltecos. Paisano guatemalteco, s\u00ed est\u00e1 en Texas o alguna ciudad de este estado y necesita ayuda del consulado de Guatemala es necesario que conozca la Guatemala tiene cuatro sedes consulares en Texas para asistir a los guatemaltecos radicados en ese estado de EE. UU.","twitter:creator":"@SoyMigrante_com","twitter:image":"https:\/\/soymigrante.com\/revista\/wp-content\/uploads\/2024\/03\/Consulados-de-Guatemala-en-Texas.webp"},"aioseo_meta_data":{"post_id":"42017","title":null,"description":"Migrante guatemalteco Pablo Higueros advirti\u00f3 sobre los operativos de velocidad en Texas, porque son la excusa para detener a migrante.","keywords":null,"keyphrases":{"focus":{"keyphrase":"Migrante","score":74,"analysis":{"keyphraseInTitle":{"score":3,"maxScore":9,"error":1},"keyphraseInDescription":{"score":9,"maxScore":9,"error":0},"keyphraseLength":{"score":9,"maxScore":9,"error":0,"length":1},"keyphraseInURL":{"score":5,"maxScore":5,"error":0},"keyphraseInIntroduction":{"score":9,"maxScore":9,"error":0},"keyphraseInSubHeadings":{"score":3,"maxScore":9,"error":1},"keyphraseInImageAlt":{"score":3,"maxScore":9,"error":1},"keywordDensity":{"type":"best","score":9,"maxScore":9,"error":0}}},"additional":[{"keyphrase":"texas","score":100,"analysis":{"keyphraseInDescription":{"score":9,"maxScore":9,"error":0},"keyphraseLength":{"score":9,"maxScore":9,"error":0,"length":1},"keyphraseInIntroduction":{"score":9,"maxScore":9,"error":0},"keyphraseInImageAlt":{"score":9,"maxScore":9,"error":0},"keywordDensity":{"type":"best","score":9,"maxScore":9,"error":0}}}]},"primary_term":null,"canonical_url":null,"og_title":null,"og_description":null,"og_object_type":"default","og_image_type":"default","og_image_url":null,"og_image_width":null,"og_image_height":null,"og_image_custom_url":null,"og_image_custom_fields":null,"og_video":"","og_custom_url":null,"og_article_section":null,"og_article_tags":null,"twitter_use_og":false,"twitter_card":"default","twitter_image_type":"default","twitter_image_url":null,"twitter_image_custom_url":null,"twitter_image_custom_fields":null,"twitter_title":null,"twitter_description":null,"schema":{"blockGraphs":[],"customGraphs":[],"default":{"data":{"Article":[],"Course":[],"Dataset":[],"FAQPage":[],"Movie":[],"Person":[],"Product":[],"ProductReview":[],"Car":[],"Recipe":[],"Service":[],"SoftwareApplication":[],"WebPage":[]},"graphName":"none","isEnabled":true},"graphs":[]},"schema_type":"default","schema_type_options":null,"pillar_content":false,"robots_default":true,"robots_noindex":false,"robots_noarchive":false,"robots_nosnippet":false,"robots_nofollow":false,"robots_noimageindex":false,"robots_noodp":false,"robots_notranslate":false,"robots_max_snippet":"-1","robots_max_videopreview":"-1","robots_max_imagepreview":"large","priority":null,"frequency":"default","local_seo":null,"seo_analyzer_scan_date":"2025-10-09 07:39:46","breadcrumb_settings":null,"limit_modified_date":false,"reviewed_by":"0","open_ai":null,"ai":{"faqs":[],"keyPoints":[],"titles":[],"descriptions":[],"socialPosts":{"email":[],"linkedin":[],"twitter":[],"facebook":[],"instagram":[]}},"created":"2025-08-13 23:31:19","updated":"2026-02-05 04:16:02"},"aioseo_breadcrumb":"<div class=\"aioseo-breadcrumbs\"><span class=\"aioseo-breadcrumb\">\n\t<a href=\"https:\/\/soymigrante.com\/revista\" title=\"Home\">Home<\/a>\n<\/span><span class=\"aioseo-breadcrumb-separator\">\u00bb<\/span><span class=\"aioseo-breadcrumb\">\n\t<a href=\"https:\/\/soymigrante.com\/revista\/category\/estamos-unidos\/\" title=\"Estamos Unidos\">Estamos Unidos<\/a>\n<\/span><span class=\"aioseo-breadcrumb-separator\">\u00bb<\/span><span class=\"aioseo-breadcrumb\">\n\tCuidado con la velocidad. Puede traer otras complicaciones: consejo de guatemalteco en Texas\n<\/span><\/div>","aioseo_breadcrumb_json":[{"label":"Home","link":"https:\/\/soymigrante.com\/revista"},{"label":"Estamos Unidos","link":"https:\/\/soymigrante.com\/revista\/category\/estamos-unidos\/"},{"label":"Cuidado con la velocidad. Puede traer otras complicaciones: consejo de guatemalteco en Texas","link":"https:\/\/soymigrante.com\/revista\/cuidado-con-la-velocidad-puede-traer-otras-complicaciones-consejo-de-guatemalteco-en-texas\/"}],"_links":{"self":[{"href":"https:\/\/soymigrante.com\/revista\/wp-json\/wp\/v2\/posts\/42017","targetHints":{"allow":["GET"]}}],"collection":[{"href":"https:\/\/soymigrante.com\/revista\/wp-json\/wp\/v2\/posts"}],"about":[{"href":"https:\/\/soymigrante.com\/revista\/wp-json\/wp\/v2\/types\/post"}],"author":[{"embeddable":true,"href":"https:\/\/soymigrante.com\/revista\/wp-json\/wp\/v2\/users\/19"}],"replies":[{"embeddable":true,"href":"https:\/\/soymigrante.com\/revista\/wp-json\/wp\/v2\/comments?post=42017"}],"version-history":[{"count":6,"href":"https:\/\/soymigrante.com\/revista\/wp-json\/wp\/v2\/posts\/42017\/revisions"}],"predecessor-version":[{"id":42038,"href":"https:\/\/soymigrante.com\/revista\/wp-json\/wp\/v2\/posts\/42017\/revisions\/42038"}],"wp:featuredmedia":[{"embeddable":true,"href":"https:\/\/soymigrante.com\/revista\/wp-json\/wp\/v2\/media\/42037"}],"wp:attachment":[{"href":"https:\/\/soymigrante.com\/revista\/wp-json\/wp\/v2\/media?parent=42017"}],"wp:term":[{"taxonomy":"category","embeddable":true,"href":"https:\/\/soymigrante.com\/revista\/wp-json\/wp\/v2\/categories?post=42017"},{"taxonomy":"post_tag","embeddable":true,"href":"https:\/\/soymigrante.com\/revista\/wp-json\/wp\/v2\/tags?post=42017"}],"curies":[{"name":"wp","href":"https:\/\/api.w.org\/{rel}","templated":true}]}}