{"id":41986,"date":"2025-08-13T17:18:11","date_gmt":"2025-08-13T23:18:11","guid":{"rendered":"https:\/\/soymigrante.com\/revista\/?p=41986"},"modified":"2025-08-13T19:46:54","modified_gmt":"2025-08-14T01:46:54","slug":"personajes-del-popol-vuh-los-senores-de-xibalba-el-inframundo-maya","status":"publish","type":"post","link":"https:\/\/soymigrante.com\/revista\/personajes-del-popol-vuh-los-senores-de-xibalba-el-inframundo-maya\/","title":{"rendered":"Personajes del Popol Vuh: Los se\u00f1ores de Xibalb\u00e1, el inframundo maya"},"content":{"rendered":"\t\t<div data-elementor-type=\"wp-post\" data-elementor-id=\"41986\" class=\"elementor elementor-41986\" data-elementor-post-type=\"post\">\n\t\t\t\t<div data-particle_enable=\"false\" data-particle-mobile-disabled=\"false\" class=\"elementor-element elementor-element-49c80ed e-flex e-con-boxed e-con e-parent\" data-id=\"49c80ed\" data-element_type=\"container\" data-e-type=\"container\">\n\t\t\t\t\t<div class=\"e-con-inner\">\n\t\t\t\t<div class=\"elementor-element elementor-element-d954fcf elementor-widget elementor-widget-heading\" data-id=\"d954fcf\" data-element_type=\"widget\" data-e-type=\"widget\" data-widget_type=\"heading.default\">\n\t\t\t\t\t<h2 class=\"elementor-heading-title elementor-size-default\"><span style=\"font-size: 31.2px\">Los amos del inframundo eran mal\u00e9volos se\u00f1ores, expertos en enga\u00f1ar y causar sufrimiento. Fueron vencidos por Hunahp\u00fa e Ixbalanqu\u00e9 seg\u00fan el Popol Vuh, libro sagrado maya. \u00bfC\u00f3mo se llamaban y cu\u00e1ntos eran?  <\/span><\/h2>\t\t\t\t<\/div>\n\t\t\t\t<div class=\"elementor-element elementor-element-61fc2e0 elementor-widget elementor-widget-html\" data-id=\"61fc2e0\" data-element_type=\"widget\" data-e-type=\"widget\" data-widget_type=\"html.default\">\n\t\t\t\t\t<div id=\"buzzsprout-player-17668684\"><\/div><script src=\"https:\/\/www.buzzsprout.com\/2444168\/episodes\/17668684-los-12-senores-de-xibalba-el-inframundo-maya-personajes-del-popol-vuh.js?container_id=buzzsprout-player-17668684&player=small\" type=\"text\/javascript\" charset=\"utf-8\"><\/script>\t\t\t\t<\/div>\n\t\t\t\t\t<\/div>\n\t\t\t\t<\/div>\n\t\t<div data-particle_enable=\"false\" data-particle-mobile-disabled=\"false\" class=\"elementor-element elementor-element-d34d0ab e-flex e-con-boxed e-con e-parent\" data-id=\"d34d0ab\" data-element_type=\"container\" data-e-type=\"container\">\n\t\t\t\t\t<div class=\"e-con-inner\">\n\t\t\t\t<div class=\"elementor-element elementor-element-a2074e5 elementor-widget elementor-widget-text-editor\" data-id=\"a2074e5\" data-element_type=\"widget\" data-e-type=\"widget\" data-widget_type=\"text-editor.default\">\n\t\t\t\t\t\t\t\t\t<p>Las profundas cavernas de Alta Verapaz y Pet\u00e9n son consideradas hasta el d\u00eda de hoy como la simb\u00f3lica entrada al inframundo maya: el reino tenebroso\u00a0 de Xibalb\u00e1 cuyos amos y se\u00f1ores fueron vencidos por los gemelos h\u00e9roes <a href=\"https:\/\/soymigrante.com\/revista\/personajes-del-popol-vuh-hun-hunahpu-y-vucub-hunahpu-los-primeros-hermanos\/\">Hunahp\u00fa e Ixbalanqu\u00e9<\/a>, seg\u00fan relata el Popol Wuj.<\/p><p>El libro sagrado maya tambi\u00e9n lo llama &#8220;El lugar del miedo&#8221;, porque sus gobernantes eran crueles y malvados. El poder de los Se\u00f1ores de Xibalb\u00e1 crec\u00eda por el terror que infund\u00edan.\u00a0<\/p><p>Los Se\u00f1ores de Xibalb\u00e1 eran 12, de los cuales hab\u00eda dos principales:Hun Cam\u00e9 (\u201cUno Muerte\u201d) y Vucub Cam\u00e9 (\u201cSiete Muerte\u201d), los grandes dominadores del inframundo, \u201ccuya funci\u00f3n consist\u00eda en asignar sus atribuciones al resto de los se\u00f1ores de Xibalb\u00e1\u201d, que eran 10.<\/p>\t\t\t\t\t\t\t\t<\/div>\n\t\t\t\t\t<\/div>\n\t\t\t\t<\/div>\n\t\t<div data-particle_enable=\"false\" data-particle-mobile-disabled=\"false\" class=\"elementor-element elementor-element-e7abd68 e-flex e-con-boxed e-con e-parent\" data-id=\"e7abd68\" data-element_type=\"container\" data-e-type=\"container\">\n\t\t\t\t\t<div class=\"e-con-inner\">\n\t\t\t\t<div class=\"elementor-element elementor-element-985a464 elementor-widget elementor-widget-image\" data-id=\"985a464\" data-element_type=\"widget\" data-e-type=\"widget\" data-widget_type=\"image.default\">\n\t\t\t\t\t\t\t\t\t\t\t\t<figure class=\"wp-caption\">\n\t\t\t\t\t\t\t\t\t\t<img fetchpriority=\"high\" decoding=\"async\" width=\"1024\" height=\"576\" src=\"https:\/\/soymigrante.com\/revista\/wp-content\/uploads\/2025\/08\/popol-vuh-wuj-personajes-senores-de-Xibalba-soymigrante-3-1024x576.png\" class=\"attachment-large size-large wp-image-41997\" alt=\"Antiguo ritual maya con m\u00e1scaras y sacerdotes en un templo ancestral, ambiente misterioso y cultural, referencia a la historia y mitolog\u00eda de M\u00e9xico.\" srcset=\"https:\/\/soymigrante.com\/revista\/wp-content\/uploads\/2025\/08\/popol-vuh-wuj-personajes-senores-de-Xibalba-soymigrante-3-1024x576.png 1024w, https:\/\/soymigrante.com\/revista\/wp-content\/uploads\/2025\/08\/popol-vuh-wuj-personajes-senores-de-Xibalba-soymigrante-3-300x169.png 300w, https:\/\/soymigrante.com\/revista\/wp-content\/uploads\/2025\/08\/popol-vuh-wuj-personajes-senores-de-Xibalba-soymigrante-3-768x432.png 768w, https:\/\/soymigrante.com\/revista\/wp-content\/uploads\/2025\/08\/popol-vuh-wuj-personajes-senores-de-Xibalba-soymigrante-3-1536x864.png 1536w, https:\/\/soymigrante.com\/revista\/wp-content\/uploads\/2025\/08\/popol-vuh-wuj-personajes-senores-de-Xibalba-soymigrante-3-750x422.png 750w, https:\/\/soymigrante.com\/revista\/wp-content\/uploads\/2025\/08\/popol-vuh-wuj-personajes-senores-de-Xibalba-soymigrante-3-1140x641.png 1140w, https:\/\/soymigrante.com\/revista\/wp-content\/uploads\/2025\/08\/popol-vuh-wuj-personajes-senores-de-Xibalba-soymigrante-3.webp 1820w\" sizes=\"(max-width: 1024px) 100vw, 1024px\" \/>\t\t\t\t\t\t\t\t\t\t\t<figcaption class=\"widget-image-caption wp-caption-text\">Celebraci\u00f3n tradicional ind\u00edgena con sacerdotes mayas intercambiando objetos sagrados en un entorno ceremonial y m\u00edstico.<\/figcaption>\n\t\t\t\t\t\t\t\t\t\t<\/figure>\n\t\t\t\t\t\t\t\t\t<\/div>\n\t\t\t\t\t<\/div>\n\t\t\t\t<\/div>\n\t\t<div data-particle_enable=\"false\" data-particle-mobile-disabled=\"false\" class=\"elementor-element elementor-element-7f774c8 e-flex e-con-boxed e-con e-parent\" data-id=\"7f774c8\" data-element_type=\"container\" data-e-type=\"container\">\n\t\t\t\t\t<div class=\"e-con-inner\">\n\t\t\t\t<div class=\"elementor-element elementor-element-cb1f7c3 elementor-widget elementor-widget-text-editor\" data-id=\"cb1f7c3\" data-element_type=\"widget\" data-e-type=\"widget\" data-widget_type=\"text-editor.default\">\n\t\t\t\t\t\t\t\t\t<p>Desde el inicio, Hun Cam\u00e9 y Vucub Cam\u00e9 detestaban la alegr\u00eda del sagrado juego de pelota de <a href=\"https:\/\/soymigrante.com\/revista\/personajes-del-popol-vuh-hun-hunahpu-y-vucub-hunahpu-los-primeros-hermanos\/\">Hun Hunahp\u00fa y Vucub Hunahp\u00fa, los primeros hermanos.<\/a>\u00a0<\/p><p><b>&#8220;<\/b><i>No\u00a0 nos tienen respeto ni miedo, sino que est\u00e1n ri\u00f1endo sobre nuestras cabezas\u201d. Esto dijeron todos los de Xibalb\u00e1 y luego tomaron consejo todos. Se llamaban <b>Hun Came y Vucub Came&#8230;.<\/b>\u00a0<\/i><\/p>\t\t\t\t\t\t\t\t<\/div>\n\t\t\t\t\t<\/div>\n\t\t\t\t<\/div>\n\t\t<div data-particle_enable=\"false\" data-particle-mobile-disabled=\"false\" class=\"elementor-element elementor-element-bec74b5 e-flex e-con-boxed e-con e-parent\" data-id=\"bec74b5\" data-element_type=\"container\" data-e-type=\"container\">\n\t\t\t\t\t<div class=\"e-con-inner\">\n\t\t\t\t<div class=\"elementor-element elementor-element-7f77981 elementor-widget elementor-widget-image\" data-id=\"7f77981\" data-element_type=\"widget\" data-e-type=\"widget\" data-widget_type=\"image.default\">\n\t\t\t\t\t\t\t\t\t\t\t\t<figure class=\"wp-caption\">\n\t\t\t\t\t\t\t\t\t\t<img decoding=\"async\" width=\"1024\" height=\"855\" src=\"https:\/\/soymigrante.com\/revista\/wp-content\/uploads\/2025\/08\/popol-vuh-wuj-personajes-senores-de-Xibalba-soymigrante-4-1024x855.png\" class=\"attachment-large size-large wp-image-41998\" alt=\"Rostros de diosas y guerreros mayas ancestrales con m\u00e1scaras y adornos dorados en una escena oscura y m\u00edstica del arte tradicional maya.\" srcset=\"https:\/\/soymigrante.com\/revista\/wp-content\/uploads\/2025\/08\/popol-vuh-wuj-personajes-senores-de-Xibalba-soymigrante-4-1024x855.png 1024w, https:\/\/soymigrante.com\/revista\/wp-content\/uploads\/2025\/08\/popol-vuh-wuj-personajes-senores-de-Xibalba-soymigrante-4-300x250.webp 300w, https:\/\/soymigrante.com\/revista\/wp-content\/uploads\/2025\/08\/popol-vuh-wuj-personajes-senores-de-Xibalba-soymigrante-4-768x641.png 768w, https:\/\/soymigrante.com\/revista\/wp-content\/uploads\/2025\/08\/popol-vuh-wuj-personajes-senores-de-Xibalba-soymigrante-4-750x626.webp 750w, https:\/\/soymigrante.com\/revista\/wp-content\/uploads\/2025\/08\/popol-vuh-wuj-personajes-senores-de-Xibalba-soymigrante-4-1140x951.webp 1140w, https:\/\/soymigrante.com\/revista\/wp-content\/uploads\/2025\/08\/popol-vuh-wuj-personajes-senores-de-Xibalba-soymigrante-4.webp 1227w\" sizes=\"(max-width: 1024px) 100vw, 1024px\" \/>\t\t\t\t\t\t\t\t\t\t\t<figcaption class=\"widget-image-caption wp-caption-text\">Estatua maya ancestral con figuras de diosas y guerreros, resaltando en un escenario oscuro y misterioso, representando la cultura y mitolog\u00eda maya antigua.<\/figcaption>\n\t\t\t\t\t\t\t\t\t\t<\/figure>\n\t\t\t\t\t\t\t\t\t<\/div>\n\t\t\t\t\t<\/div>\n\t\t\t\t<\/div>\n\t\t<div data-particle_enable=\"false\" data-particle-mobile-disabled=\"false\" class=\"elementor-element elementor-element-095a08c e-flex e-con-boxed e-con e-parent\" data-id=\"095a08c\" data-element_type=\"container\" data-e-type=\"container\">\n\t\t\t\t\t<div class=\"e-con-inner\">\n\t\t\t\t<div class=\"elementor-element elementor-element-28cdf11 elementor-widget elementor-widget-heading\" data-id=\"28cdf11\" data-element_type=\"widget\" data-e-type=\"widget\" data-widget_type=\"heading.default\">\n\t\t\t\t\t<h3 class=\"elementor-heading-title elementor-size-default\">Los nombres y poderes de los Se\u00f1ores de Xibalb\u00e1<\/h3>\t\t\t\t<\/div>\n\t\t\t\t\t<\/div>\n\t\t\t\t<\/div>\n\t\t<div data-particle_enable=\"false\" data-particle-mobile-disabled=\"false\" class=\"elementor-element elementor-element-9330fe3 e-flex e-con-boxed e-con e-parent\" data-id=\"9330fe3\" data-element_type=\"container\" data-e-type=\"container\">\n\t\t\t\t\t<div class=\"e-con-inner\">\n\t\t\t\t<div class=\"elementor-element elementor-element-e5e3e46 elementor-widget elementor-widget-text-editor\" data-id=\"e5e3e46\" data-element_type=\"widget\" data-e-type=\"widget\" data-widget_type=\"text-editor.default\">\n\t\t\t\t\t\t\t\t\t<p>El libro sagrado quich\u00e9 describe as\u00ed a los otros 10 se\u00f1ores de Xibalb\u00e1, de dos en dos. (Separamos el texto en puntos, pero todo es transcripci\u00f3n textual)<\/p><ul><li><i style=\"font-variant-ligatures: normal; font-variant-caps: normal; font-weight: 400; font-size: 16px; font-family: Roboto, sans-serif;\">Todos los Se\u00f1ores\u00a0 asist\u00edan, serv\u00edan y compon\u00edan el reino de Hun Came y Vucub Came:<\/i><\/li><li><i><b>Xiquiripat y Cuchumaquic,<\/b> el oficio de estos es causar aquella sangre de que se enferman los hombres&#8230; (Cuchumaquic era el padre de la princesa Ixquic)<\/i><\/li><li><i>Otros se llamaban <b>Ahalpuh y Ahalsan\u00e1,<\/b> y su oficio era hinchar a los hombres, causarles pus en sus piernas y causarles amarillez en sus rostros, se llama esta enfermedad chuzanal<\/i><\/li><li><i>Otro se llamaba <b>Chamiabac y otro Chamiaholom.<\/b> Estos eran alguaciles de Xibalb\u00e1, solo eran de huesos sus varas y era su misi\u00f3n enflaquecer a los hombres, y que, sumamente hechos huesos y calaveras, muriesen y solo tuviesen la barriga pegada al espinazo. Este era el oficio de Chamiabac y de Chamiaholom.<\/i><\/li><li><i>Otros se llamaban <b>Ahalmez y Ahaltocob<\/b>, su oficio era punzar a los hombres, que les sucediese el mal y muriesen boca abajo, o a la puerta de la casa o detr\u00e1s de ella; este era el se\u00f1or\u00edo de Ahalmez y Ahaltocob.<\/i><\/li><li><i>Otros se llamaban<b>\u00a0Xic y Pat\u00e1n<\/b> y el oficio de estos era las muertes repentinas de los que mueren por los caminos echando sangre por la boca, y cada uno, su oficio era cargarlos y aporrearles el coraz\u00f3n cuando mor\u00edan por los caminos&#8230; Este era el oficio de Xic y de Pat\u00e1n.\u00a0<\/i><\/li><li><i>Todos estos fueron los del consejo para perseguir a Hun Hunahp\u00fa y a Vucub Hunahp\u00fa.\u00a0<\/i><\/li><\/ul>\t\t\t\t\t\t\t\t<\/div>\n\t\t\t\t\t<\/div>\n\t\t\t\t<\/div>\n\t\t<div data-particle_enable=\"false\" data-particle-mobile-disabled=\"false\" class=\"elementor-element elementor-element-6e42f88 e-flex e-con-boxed e-con e-parent\" data-id=\"6e42f88\" data-element_type=\"container\" data-e-type=\"container\">\n\t\t\t\t\t<div class=\"e-con-inner\">\n\t\t\t\t<div class=\"elementor-element elementor-element-cd107f0 elementor-widget elementor-widget-image\" data-id=\"cd107f0\" data-element_type=\"widget\" data-e-type=\"widget\" data-widget_type=\"image.default\">\n\t\t\t\t\t\t\t\t\t\t\t\t<figure class=\"wp-caption\">\n\t\t\t\t\t\t\t\t\t\t\t<a href=\"https:\/\/soymigrante.com\/revista\/personajes-del-popol-vuh-la-princesa-ixquic-del-inframundo-a-la-vida\/\">\n\t\t\t\t\t\t\t<img decoding=\"async\" width=\"1024\" height=\"743\" src=\"https:\/\/soymigrante.com\/revista\/wp-content\/uploads\/2025\/08\/senores-de-xibalba-generada-por-ia-1024x743.png\" class=\"attachment-large size-large wp-image-42004\" alt=\"Deidad ind\u00edgena con trajes tradicionales en primer plano frente a una escena oscura y m\u00edstica de criaturas con cabezas de aves y insectos en un bosque oscuro, representando historias y cultura ancestral.\" srcset=\"https:\/\/soymigrante.com\/revista\/wp-content\/uploads\/2025\/08\/senores-de-xibalba-generada-por-ia-1024x743.png 1024w, https:\/\/soymigrante.com\/revista\/wp-content\/uploads\/2025\/08\/senores-de-xibalba-generada-por-ia-300x218.png 300w, https:\/\/soymigrante.com\/revista\/wp-content\/uploads\/2025\/08\/senores-de-xibalba-generada-por-ia-768x557.png 768w, https:\/\/soymigrante.com\/revista\/wp-content\/uploads\/2025\/08\/senores-de-xibalba-generada-por-ia-120x86.png 120w, https:\/\/soymigrante.com\/revista\/wp-content\/uploads\/2025\/08\/senores-de-xibalba-generada-por-ia-750x544.png 750w, https:\/\/soymigrante.com\/revista\/wp-content\/uploads\/2025\/08\/senores-de-xibalba-generada-por-ia-1140x827.png 1140w, https:\/\/soymigrante.com\/revista\/wp-content\/uploads\/2025\/08\/senores-de-xibalba-generada-por-ia.webp 1316w\" sizes=\"(max-width: 1024px) 100vw, 1024px\" \/>\t\t\t\t\t\t\t\t<\/a>\n\t\t\t\t\t\t\t\t\t\t\t<figcaption class=\"widget-image-caption wp-caption-text\">La princesa Ixquic era hija de uno de los se\u00f1ores de Xibalb\u00e1. Cuando result\u00f3 embarazada, el consejo del inframundo orden\u00f3 su muerte, pero ella logr\u00f3 escapar a la superficie y all\u00ed dio a luz a los gemelos h\u00e9roes Hunahp\u00fa e Ixbalanqu\u00e9, quienes un d\u00eda regresar\u00edan a vengar la muerte de su padre Hun Hunap\u00fa. (Ilustraci\u00f3n IA elaborada con base en textos del Popol Vuh)<\/figcaption>\n\t\t\t\t\t\t\t\t\t\t<\/figure>\n\t\t\t\t\t\t\t\t\t<\/div>\n\t\t\t\t\t<\/div>\n\t\t\t\t<\/div>\n\t\t<div data-particle_enable=\"false\" data-particle-mobile-disabled=\"false\" class=\"elementor-element elementor-element-bc5452c e-flex e-con-boxed e-con e-parent\" data-id=\"bc5452c\" data-element_type=\"container\" data-e-type=\"container\">\n\t\t\t\t\t<div class=\"e-con-inner\">\n\t\t\t\t<div class=\"elementor-element elementor-element-6cd15d3 elementor-widget elementor-widget-heading\" data-id=\"6cd15d3\" data-element_type=\"widget\" data-e-type=\"widget\" data-widget_type=\"heading.default\">\n\t\t\t\t\t<h3 class=\"elementor-heading-title elementor-size-default\">Usaban trampas y mentiras para hacer da\u00f1o<\/h3>\t\t\t\t<\/div>\n\t\t\t\t\t<\/div>\n\t\t\t\t<\/div>\n\t\t<div data-particle_enable=\"false\" data-particle-mobile-disabled=\"false\" class=\"elementor-element elementor-element-5985d85 e-flex e-con-boxed e-con e-parent\" data-id=\"5985d85\" data-element_type=\"container\" data-e-type=\"container\">\n\t\t\t\t\t<div class=\"e-con-inner\">\n\t\t\t\t<div class=\"elementor-element elementor-element-6083b18 elementor-widget elementor-widget-text-editor\" data-id=\"6083b18\" data-element_type=\"widget\" data-e-type=\"widget\" data-widget_type=\"text-editor.default\">\n\t\t\t\t\t\t\t\t\t<p>Xibalb\u00e1 estaba bajo tierra y era un leberinto. Sus perversos se\u00f1ores\u00a0 invitaban a visitantes bajo enga\u00f1os para someterlos a pruebas dise\u00f1adas para humillar y matar: bancos ardientes disfrazados de tronos, saludos obligatorios a mu\u00f1ecos de palo para provocar la burla del consejo, encierro en casas sobrenaturales como la Casa Oscura o la Casa del Fr\u00edo.<\/p><p>As\u00ed cayeron <a href=\"https:\/\/soymigrante.com\/revista\/personajes-del-popol-vuh-hun-hunahpu-y-vucub-hunahpu-los-primeros-hermanos\/\">Hun Hunahp\u00fa y Vucub Hunahp\u00fa, padre y t\u00edo <\/a>de los h\u00e9roes gemelos,que fueron derrotados y muertos. Sin embargo Hun Hunahp\u00fa logr\u00f3 atraer la atencion de <a href=\"https:\/\/soymigrante.com\/revista\/personajes-del-popol-vuh-la-princesa-ixquic-del-inframundo-a-la-vida\/\">la princesa Ixquic, hija de Cuchumaquic, uno de los se\u00f1ores de Xibalb\u00e1, quien se convertir\u00eda en madre de Hunahp\u00fa e Ixbalanqu\u00e9, <\/a>los gemelos h\u00e9roes.<\/p><p>Con astucia y paciencia, <a href=\"https:\/\/soymigrante.com\/revista\/personajes-del-popol-vuh-hun-hunahpu-y-vucub-hunahpu-los-primeros-hermanos\/\">los gemelos Hunahp\u00fa e Ixbalanqu\u00e9<\/a> atrajeron con su juego de pelota a los Se\u00f1ores de Xibalb\u00e1.\u00a0Estos los invitaron a su reino, al igual que su padre y t\u00edo. Les pusieron varias pruebas y los h\u00e9roes gemelos las superaron. Al final se\u00a0 hicieron pasar por magos que ofrec\u00edan un acto de matarse entre s\u00ed y volverse a la vida.\u00a0<\/p>\t\t\t\t\t\t\t\t<\/div>\n\t\t\t\t\t<\/div>\n\t\t\t\t<\/div>\n\t\t<div data-particle_enable=\"false\" data-particle-mobile-disabled=\"false\" class=\"elementor-element elementor-element-0b41e60 e-flex e-con-boxed e-con e-parent\" data-id=\"0b41e60\" data-element_type=\"container\" data-e-type=\"container\">\n\t\t\t\t\t<div class=\"e-con-inner\">\n\t\t\t\t<div class=\"elementor-element elementor-element-912fb76 elementor-widget elementor-widget-image\" data-id=\"912fb76\" data-element_type=\"widget\" data-e-type=\"widget\" data-widget_type=\"image.default\">\n\t\t\t\t\t\t\t\t\t\t\t\t<figure class=\"wp-caption\">\n\t\t\t\t\t\t\t\t\t\t\t<a href=\"https:\/\/soymigrante.com\/revista\/personajes-del-popol-vuh-hun-hunahpu-y-vucub-hunahpu-los-primeros-hermanos\/\">\n\t\t\t\t\t\t\t<img loading=\"lazy\" decoding=\"async\" width=\"1024\" height=\"559\" src=\"https:\/\/soymigrante.com\/revista\/wp-content\/uploads\/2025\/08\/popol-vuh-wuj-personajes-senores-de-Xibalba-soymigrante-1-1024x559.png\" class=\"attachment-large size-large wp-image-42018\" alt=\"Guerreros mayas bailando en un escenario antiguo, con piedra y relieves, representando cultura y historia de M\u00e9xico. Arte y tradiciones ancestrales en una escena ilustrativa.\" srcset=\"https:\/\/soymigrante.com\/revista\/wp-content\/uploads\/2025\/08\/popol-vuh-wuj-personajes-senores-de-Xibalba-soymigrante-1-1024x559.png 1024w, https:\/\/soymigrante.com\/revista\/wp-content\/uploads\/2025\/08\/popol-vuh-wuj-personajes-senores-de-Xibalba-soymigrante-1-300x164.png 300w, https:\/\/soymigrante.com\/revista\/wp-content\/uploads\/2025\/08\/popol-vuh-wuj-personajes-senores-de-Xibalba-soymigrante-1-768x419.png 768w, https:\/\/soymigrante.com\/revista\/wp-content\/uploads\/2025\/08\/popol-vuh-wuj-personajes-senores-de-Xibalba-soymigrante-1-750x409.webp 750w, https:\/\/soymigrante.com\/revista\/wp-content\/uploads\/2025\/08\/popol-vuh-wuj-personajes-senores-de-Xibalba-soymigrante-1-1140x622.webp 1140w, https:\/\/soymigrante.com\/revista\/wp-content\/uploads\/2025\/08\/popol-vuh-wuj-personajes-senores-de-Xibalba-soymigrante-1.webp 1408w\" sizes=\"(max-width: 1024px) 100vw, 1024px\" \/>\t\t\t\t\t\t\t\t<\/a>\n\t\t\t\t\t\t\t\t\t\t\t<figcaption class=\"widget-image-caption wp-caption-text\">Relevancia: Alta.<\/figcaption>\n\t\t\t\t\t\t\t\t\t\t<\/figure>\n\t\t\t\t\t\t\t\t\t<\/div>\n\t\t\t\t\t<\/div>\n\t\t\t\t<\/div>\n\t\t<div data-particle_enable=\"false\" data-particle-mobile-disabled=\"false\" class=\"elementor-element elementor-element-e499715 e-flex e-con-boxed e-con e-parent\" data-id=\"e499715\" data-element_type=\"container\" data-e-type=\"container\">\n\t\t\t\t\t<div class=\"e-con-inner\">\n\t\t\t\t<div class=\"elementor-element elementor-element-29e8b73 elementor-widget elementor-widget-heading\" data-id=\"29e8b73\" data-element_type=\"widget\" data-e-type=\"widget\" data-widget_type=\"heading.default\">\n\t\t\t\t\t<h3 class=\"elementor-heading-title elementor-size-default\">Hun Cam\u00e9 y Vucub Cam\u00e9, de Xibalb\u00e1, caen en la trampa<\/h3>\t\t\t\t<\/div>\n\t\t\t\t\t<\/div>\n\t\t\t\t<\/div>\n\t\t<div data-particle_enable=\"false\" data-particle-mobile-disabled=\"false\" class=\"elementor-element elementor-element-174a6de e-flex e-con-boxed e-con e-parent\" data-id=\"174a6de\" data-element_type=\"container\" data-e-type=\"container\">\n\t\t\t\t\t<div class=\"e-con-inner\">\n\t\t\t\t<div class=\"elementor-element elementor-element-b5cb01f elementor-widget elementor-widget-text-editor\" data-id=\"b5cb01f\" data-element_type=\"widget\" data-e-type=\"widget\" data-widget_type=\"text-editor.default\">\n\t\t\t\t\t\t\t\t\t<p><i>\u201cAhora, despedazaos a vosotros mismos, que deseamos ver este vuestro baile\u201d, les dijeron los Se\u00f1ores de Xibalb\u00e1: \u201cEst\u00e1 bien\u201d, dijeron ellos y luego se despedazaron. Hunahp\u00fa fue rebanado\u00a0por Xbalanqu\u00e9 &#8230;. Estaban borrachos todos los Se\u00f1ores\u00a0de Xibalb\u00e1 de ver aquello y solo \u00e9l estaba bailando, que era\u00a0Xbalanqu\u00e9, y dijo: \u201c\u00a1\u00c9a, lev\u00e1ntate!\u201d, y luego al punto Hunahp\u00fa resucit\u00f3&#8221;.\u00a0<\/i><\/p><p><i>&#8220;&#8230;Entonces sali\u00f3\u00a0el mandato de Hun Came y Vucub Came: \u201c\u00a1Haced tambi\u00e9n<br \/>con nosotros eso, despedazadnos, de uno en uno\u201d, dijeron Hun Came y Vucub Came a Hunahp\u00fa y\u00a0Xbalanqu\u00e9. Y el primero fue despedazado,\u00a0el que era cabeza y Se\u00f1or de Xibalb\u00e1, llamado Hun Came.\u00a0Muerto ya Hun Came, sigui\u00f3 Vucub Came pero no los resucitaron&#8221;<\/i><\/p>\t\t\t\t\t\t\t\t<\/div>\n\t\t\t\t\t<\/div>\n\t\t\t\t<\/div>\n\t\t<div data-particle_enable=\"false\" data-particle-mobile-disabled=\"false\" class=\"elementor-element elementor-element-9b50a04 e-flex e-con-boxed e-con e-parent\" data-id=\"9b50a04\" data-element_type=\"container\" data-e-type=\"container\">\n\t\t\t\t\t<div class=\"e-con-inner\">\n\t\t\t\t<div class=\"elementor-element elementor-element-2e716d0 elementor-widget elementor-widget-video\" data-id=\"2e716d0\" data-element_type=\"widget\" data-e-type=\"widget\" data-settings=\"{&quot;video_type&quot;:&quot;hosted&quot;,&quot;controls&quot;:&quot;yes&quot;}\" data-widget_type=\"video.default\">\n\t\t\t\t\t\t\t<div class=\"e-hosted-video elementor-wrapper elementor-open-inline\">\n\t\t\t\t\t<video class=\"elementor-video\" src=\"https:\/\/soymigrante.com\/revista\/wp-content\/uploads\/2025\/08\/popol-vuh-personajes-del-popol-vuh.mp4\" controls=\"\" preload=\"metadata\" controlsList=\"nodownload\"><\/video>\n\t\t\t\t<\/div>\n\t\t\t\t\t\t<\/div>\n\t\t\t\t\t<\/div>\n\t\t\t\t<\/div>\n\t\t<div data-particle_enable=\"false\" data-particle-mobile-disabled=\"false\" class=\"elementor-element elementor-element-a73e970 e-flex e-con-boxed e-con e-parent\" data-id=\"a73e970\" data-element_type=\"container\" data-e-type=\"container\">\n\t\t\t\t\t<div class=\"e-con-inner\">\n\t\t\t\t<div class=\"elementor-element elementor-element-78f04e7 elementor-widget elementor-widget-heading\" data-id=\"78f04e7\" data-element_type=\"widget\" data-e-type=\"widget\" data-widget_type=\"heading.default\">\n\t\t\t\t\t<h3 class=\"elementor-heading-title elementor-size-default\">\"Somos los vengadores de nuestros padres\"<\/h3>\t\t\t\t<\/div>\n\t\t\t\t\t<\/div>\n\t\t\t\t<\/div>\n\t\t<div data-particle_enable=\"false\" data-particle-mobile-disabled=\"false\" class=\"elementor-element elementor-element-435c16e e-flex e-con-boxed e-con e-parent\" data-id=\"435c16e\" data-element_type=\"container\" data-e-type=\"container\">\n\t\t\t\t\t<div class=\"e-con-inner\">\n\t\t\t\t<div class=\"elementor-element elementor-element-2a0c1c4 elementor-widget elementor-widget-text-editor\" data-id=\"2a0c1c4\" data-element_type=\"widget\" data-e-type=\"widget\" data-widget_type=\"text-editor.default\">\n\t\t\t\t\t\t\t\t\t<p>Los otros se\u00f1ores de Xibalb\u00e1 al ver esto, salieron corriendo:&nbsp;<\/p>\n<p><i>&#8220;Se metieron en un gran hoyo, all\u00ed estaban todos metidos&nbsp;cuando vinieron infinitas hormigas que los fueron a punzar&nbsp;a la barranca&#8221;<\/i><\/p>\n<p>As\u00ed termin\u00f3 el reinado de los doce se\u00f1ores de Xibalb\u00e1, no con una batalla, sino con una trampa maestra que devolvi\u00f3 la justicia al mundo de los vivos. Al final, Hunahp\u00fa e Ixbalanqu\u00e9 les revelaron su identidad:<\/p>\n<p><i>&#8220;Nosotros somos&nbsp;<a href=\"https:\/\/soymigrante.com\/revista\/personajes-del-popol-vuh-hun-hunahpu-y-vucub-hunahpu-los-primeros-hermanos\/\">Hunahp\u00fa y Ixbalanqu\u00e9,<\/a> as\u00ed nos llamamos y nuestros padres&nbsp;son aquellos que matasteis, que se llamaban <a href=\"https:\/\/soymigrante.com\/revista\/personajes-del-popol-vuh-hun-hunahpu-y-vucub-hunahpu-los-primeros-hermanos\/\">Hun Hunahp\u00fa&nbsp;y Vucub Hunahp\u00fa,<\/a> nosotros somos los vengadores de la pena&nbsp;y dolor de nuestros padres y de todos los males que les hicisteis&#8221;<\/i><\/p>\n<p>Los h\u00e9roes limitaron el poder del inframundo y garantizaron que la humanidad pudiera existir sin ser acosada por las artima\u00f1as de Xibalb\u00e1, aunque a veces estos act\u00faan a trav\u00e9s de hombres malvados.<\/p>\t\t\t\t\t\t\t\t<\/div>\n\t\t\t\t\t<\/div>\n\t\t\t\t<\/div>\n\t\t<div data-particle_enable=\"false\" data-particle-mobile-disabled=\"false\" class=\"elementor-element elementor-element-0515e65 e-flex e-con-boxed e-con e-parent\" data-id=\"0515e65\" data-element_type=\"container\" data-e-type=\"container\">\n\t\t\t\t\t<div class=\"e-con-inner\">\n\t\t\t\t<div class=\"elementor-element elementor-element-644d495 elementor-grid-eael-col-3 elementor-grid-tablet-eael-col-2 elementor-grid-mobile-eael-col-1 elementor-invisible elementor-widget elementor-widget-eael-post-grid\" data-id=\"644d495\" data-element_type=\"widget\" data-e-type=\"widget\" data-settings=\"{&quot;eael_post_grid_columns&quot;:&quot;eael-col-3&quot;,&quot;_animation&quot;:&quot;rollIn&quot;,&quot;eael_post_grid_columns_tablet&quot;:&quot;eael-col-2&quot;,&quot;eael_post_grid_columns_mobile&quot;:&quot;eael-col-1&quot;}\" data-widget_type=\"eael-post-grid.default\">\n\t\t\t\t\t<div id=\"eael-post-grid-644d495\" class=\"eael-post-grid-container\">\n            <div class=\"eael-post-grid eael-post-appender eael-post-appender-644d495 eael-post-grid-style-one\" data-layout-mode=\"masonry\"><article class=\"eael-grid-post  eael-post-grid-column eael-pg-post-38960 category-guate-nuestra tags-personajes-del-popol-vuh\" data-id=\"38960\">\n        <div class=\"eael-grid-post-holder\">\n            <div class=\"eael-grid-post-holder-inner\"><div class=\"eael-entry-media\"><div class=\"eael-entry-overlay fade-in\"><i class=\"far fa-hand-pointer\" aria-hidden=\"true\"><\/i><a href=\"https:\/\/soymigrante.com\/revista\/como-fue-vencido-cabrakan-el-gigante-de-los-terremotos-en-el-popol-vuh\/\"><\/a><\/div><div class=\"eael-entry-thumbnail \">\n                <img loading=\"lazy\" decoding=\"async\" width=\"1024\" height=\"1024\" src=\"https:\/\/soymigrante.com\/revista\/wp-content\/uploads\/2025\/07\/cabracan-o-cabrakan-dios-maya-de-los-terremotos-2.webp\" class=\"attachment-large size-large wp-image-38961\" alt=\"Majestuosa figura de un dios Azteca en un entorno volc\u00e1nico con lava, ilustraci\u00f3n digital de estilo mitol\u00f3gico y cultural, ideal para contenido relacionado con historia, culturas ind\u00edgenas mexicanas y arte digital.\" srcset=\"https:\/\/soymigrante.com\/revista\/wp-content\/uploads\/2025\/07\/cabracan-o-cabrakan-dios-maya-de-los-terremotos-2.webp 1024w, https:\/\/soymigrante.com\/revista\/wp-content\/uploads\/2025\/07\/cabracan-o-cabrakan-dios-maya-de-los-terremotos-2-300x300.jpg 300w, https:\/\/soymigrante.com\/revista\/wp-content\/uploads\/2025\/07\/cabracan-o-cabrakan-dios-maya-de-los-terremotos-2-150x150.jpg 150w, https:\/\/soymigrante.com\/revista\/wp-content\/uploads\/2025\/07\/cabracan-o-cabrakan-dios-maya-de-los-terremotos-2-768x768.jpg 768w, https:\/\/soymigrante.com\/revista\/wp-content\/uploads\/2025\/07\/cabracan-o-cabrakan-dios-maya-de-los-terremotos-2-75x75.webp 75w, https:\/\/soymigrante.com\/revista\/wp-content\/uploads\/2025\/07\/cabracan-o-cabrakan-dios-maya-de-los-terremotos-2-750x750.webp 750w\" sizes=\"(max-width: 1024px) 100vw, 1024px\" \/>\n            <\/div>\n        <\/div><div class=\"eael-entry-wrapper\"><header class=\"eael-entry-header\"><h2 class=\"eael-entry-title\"><a class=\"eael-grid-post-link\" href=\"https:\/\/soymigrante.com\/revista\/como-fue-vencido-cabrakan-el-gigante-de-los-terremotos-en-el-popol-vuh\/\" title=\"\u00bfC\u00f3mo fue vencido Cabrak\u00e1n, el gigante de los terremotos en el Popol Vuh?\">\u00bfC\u00f3mo fue vencido Cabrak\u00e1n, el gigante de los terremotos en el Popol Vuh?<\/a><\/h2><\/header><div class=\"eael-entry-content\">\n                        <div class=\"eael-grid-post-excerpt\"><a href=\"https:\/\/soymigrante.com\/revista\/como-fue-vencido-cabrakan-el-gigante-de-los-terremotos-en-el-popol-vuh\/\" class=\"eael-post-elements-readmore-btn\">CONOCE SU HISTORIA <\/a><\/div>\n                    <\/div><\/div><\/div>\n        <\/div>\n    <\/article><article class=\"eael-grid-post  eael-post-grid-column eael-pg-post-42425 category-guate-nuestra tags-personajes-del-popol-vuh\" data-id=\"42425\">\n        <div class=\"eael-grid-post-holder\">\n            <div class=\"eael-grid-post-holder-inner\"><div class=\"eael-entry-media\"><div class=\"eael-entry-overlay fade-in\"><i class=\"far fa-hand-pointer\" aria-hidden=\"true\"><\/i><a href=\"https:\/\/soymigrante.com\/revista\/personajes-del-popol-vuh-la-gran-abuela-ixmucane\/\"><\/a><\/div><div class=\"eael-entry-thumbnail \">\n                <img loading=\"lazy\" decoding=\"async\" width=\"750\" height=\"536\" src=\"https:\/\/soymigrante.com\/revista\/wp-content\/uploads\/2025\/08\/abuela-ixmucane-5-750x536-copy.webp\" class=\"attachment-large size-large wp-image-42595\" alt=\"Anciana ind\u00edgena sonriendo en campo de ma\u00edz al atardecer, s\u00edmbolo de cultura y tradici\u00f3n en Am\u00e9rica Latina.\" srcset=\"https:\/\/soymigrante.com\/revista\/wp-content\/uploads\/2025\/08\/abuela-ixmucane-5-750x536-copy.webp 750w, https:\/\/soymigrante.com\/revista\/wp-content\/uploads\/2025\/08\/abuela-ixmucane-5-750x536-copy-300x214.webp 300w, https:\/\/soymigrante.com\/revista\/wp-content\/uploads\/2025\/08\/abuela-ixmucane-5-750x536-copy-120x86.webp 120w, https:\/\/soymigrante.com\/revista\/wp-content\/uploads\/2025\/08\/abuela-ixmucane-5-750x536-copy-350x250.webp 350w\" sizes=\"(max-width: 750px) 100vw, 750px\" \/>\n            <\/div>\n        <\/div><div class=\"eael-entry-wrapper\"><header class=\"eael-entry-header\"><h2 class=\"eael-entry-title\"><a class=\"eael-grid-post-link\" href=\"https:\/\/soymigrante.com\/revista\/personajes-del-popol-vuh-la-gran-abuela-ixmucane\/\" title=\"Personajes del Popol Vuh: la gran abuela Ixmucan\u00e9\">Personajes del Popol Vuh: la gran abuela Ixmucan\u00e9<\/a><\/h2><\/header><div class=\"eael-entry-content\">\n                        <div class=\"eael-grid-post-excerpt\"><a href=\"https:\/\/soymigrante.com\/revista\/personajes-del-popol-vuh-la-gran-abuela-ixmucane\/\" class=\"eael-post-elements-readmore-btn\">CONOCE SU HISTORIA <\/a><\/div>\n                    <\/div><\/div><\/div>\n        <\/div>\n    <\/article><article class=\"eael-grid-post  eael-post-grid-column eael-pg-post-39092 category-guate-nuestra tags-personajes-del-popol-vuh\" data-id=\"39092\">\n        <div class=\"eael-grid-post-holder\">\n            <div class=\"eael-grid-post-holder-inner\"><div class=\"eael-entry-media\"><div class=\"eael-entry-overlay fade-in\"><i class=\"far fa-hand-pointer\" aria-hidden=\"true\"><\/i><a href=\"https:\/\/soymigrante.com\/revista\/personajes-del-popol-vuh-el-gran-zipacna\/\"><\/a><\/div><div class=\"eael-entry-thumbnail \">\n                <img loading=\"lazy\" decoding=\"async\" width=\"591\" height=\"591\" src=\"https:\/\/soymigrante.com\/revista\/wp-content\/uploads\/2025\/07\/popol-vuh-personajes-zipacna-c.webp\" class=\"attachment-large size-large wp-image-39101\" alt=\"M\u00e1scara tradicional ind\u00edgena con figura m\u00edstica, simbolizando cultura ancestral y conexi\u00f3n con la naturaleza en Am\u00e9rica Latina.\" srcset=\"https:\/\/soymigrante.com\/revista\/wp-content\/uploads\/2025\/07\/popol-vuh-personajes-zipacna-c.webp 591w, https:\/\/soymigrante.com\/revista\/wp-content\/uploads\/2025\/07\/popol-vuh-personajes-zipacna-c-300x300.jpg 300w, https:\/\/soymigrante.com\/revista\/wp-content\/uploads\/2025\/07\/popol-vuh-personajes-zipacna-c-150x150.jpg 150w, https:\/\/soymigrante.com\/revista\/wp-content\/uploads\/2025\/07\/popol-vuh-personajes-zipacna-c-75x75.webp 75w\" sizes=\"(max-width: 591px) 100vw, 591px\" \/>\n            <\/div>\n        <\/div><div class=\"eael-entry-wrapper\"><header class=\"eael-entry-header\"><h2 class=\"eael-entry-title\"><a class=\"eael-grid-post-link\" href=\"https:\/\/soymigrante.com\/revista\/personajes-del-popol-vuh-el-gran-zipacna\/\" title=\"El poderoso Zipacn\u00e1 tambi\u00e9n produce sismos y derrumbes, seg\u00fan el Popol Vuh\">El poderoso Zipacn\u00e1 tambi\u00e9n produce sismos y derrumbes, seg\u00fan el Popol Vuh<\/a><\/h2><\/header><div class=\"eael-entry-content\">\n                        <div class=\"eael-grid-post-excerpt\"><a href=\"https:\/\/soymigrante.com\/revista\/personajes-del-popol-vuh-el-gran-zipacna\/\" class=\"eael-post-elements-readmore-btn\">CONOCE SU HISTORIA <\/a><\/div>\n                    <\/div><\/div><\/div>\n        <\/div>\n    <\/article><\/div>\n            <div class=\"clearfix\"><\/div>\n        <\/div>            <div class=\"eael-load-more-button-wrap eael-force-hide\">\n                <button class=\"eael-load-more-button\" id=\"eael-load-more-btn-644d495\" data-widget-id=\"644d495\" data-widget=\"644d495\" data-page-id=\"41986\" data-template=\"{&quot;dir&quot;:&quot;lite&quot;,&quot;file_name&quot;:&quot;one.php&quot;,&quot;name&quot;:&quot;Post-Grid&quot;}\" data-class=\"Essential_Addons_Elementor\\Elements\\Post_Grid\" data-layout=\"masonry\" data-page=\"1\" data-args=\"orderby=rand&amp;order=desc&amp;ignore_sticky_posts=1&amp;post_status=publish&amp;posts_per_page=3&amp;offset=0&amp;post_type=post&amp;tax_query%5B0%5D%5Btaxonomy%5D=post_tag&amp;tax_query%5B0%5D%5Bfield%5D=term_id&amp;tax_query%5B0%5D%5Bterms%5D%5B0%5D=257&amp;tax_query%5Brelation%5D=AND\" data-max-page=\"4\">\n                    <span class=\"eael-btn-loader button__loader\"><\/span>\n                    <span class=\"eael_load_more_text\">Load More<\/span>\n                <\/button>\n            <\/div>\n            \t\t\t\t<\/div>\n\t\t\t\t\t<\/div>\n\t\t\t\t<\/div>\n\t\t\t\t<\/div>\n\t\t","protected":false},"excerpt":{"rendered":"<p>Los amos del inframundo eran mal\u00e9volos se\u00f1ores, expertos en enga\u00f1ar y causar sufrimiento. Fueron vencidos por Hunahp\u00fa e Ixbalanqu\u00e9 seg\u00fan el Popol Vuh, libro sagrado maya. \u00bfC\u00f3mo se llamaban y cu\u00e1ntos eran? Las profundas cavernas de Alta Verapaz y Pet\u00e9n son consideradas hasta el d\u00eda de hoy como la simb\u00f3lica entrada al inframundo maya: el [&hellip;]<\/p>\n","protected":false},"author":7,"featured_media":41992,"comment_status":"open","ping_status":"open","sticky":false,"template":"","format":"standard","meta":{"_acf_changed":false,"_eb_attr":"","footnotes":""},"categories":[58],"tags":[257],"class_list":["post-41986","post","type-post","status-publish","format-standard","has-post-thumbnail","hentry","category-guate-nuestra","tag-personajes-del-popol-vuh"],"acf":[],"aioseo_notices":[],"aioseo_head":"\n\t\t<!-- All in One SEO Pro 4.9.6.2 - aioseo.com -->\n\t<meta name=\"description\" content=\"Zipacn\u00e1 era un gigante orgulloso que pod\u00eda mover monta\u00f1as. Hermano de Cabrak\u00e1n Fue vencido por Hunahp\u00fa e Ixbalanqu\u00e9 y se le recuerda en el Palo Volador\" \/>\n\t<meta name=\"robots\" content=\"max-snippet:-1, max-image-preview:large, max-video-preview:-1\" \/>\n\t<meta name=\"author\" content=\"Gustavo Montenegro\"\/>\n\t<link rel=\"canonical\" href=\"https:\/\/soymigrante.com\/revista\/personajes-del-popol-vuh-el-gran-zipacna\/\" \/>\n\t<meta name=\"generator\" content=\"All in One SEO Pro (AIOSEO) 4.9.6.2\" \/>\n\n\t\t<link rel=\"preconnect\" href=\"https:\/\/fonts.googleapis.com\" crossorigin>\n<link rel=\"preconnect\" href=\"https:\/\/fonts.gstatic.com\" crossorigin>\n\t\t<meta property=\"og:locale\" content=\"es_ES\" \/>\n\t\t<meta property=\"og:site_name\" content=\"SoyMigrante.com REVISTA \u2013 Nuestra misi\u00f3n es reconocer y dignificar al migrante.\" \/>\n\t\t<meta property=\"og:type\" content=\"article\" \/>\n\t\t<meta property=\"og:title\" content=\"El poderoso Zipacn\u00e1 tambi\u00e9n ocasiona sismos en el Popol Vuh\" \/>\n\t\t<meta property=\"og:description\" content=\"Zipacn\u00e1 era un gigante orgulloso que pod\u00eda mover monta\u00f1as. Hermano de Cabrak\u00e1n Fue vencido por Hunahp\u00fa e Ixbalanqu\u00e9 y se le recuerda en el Palo Volador\" \/>\n\t\t<meta property=\"og:url\" content=\"https:\/\/soymigrante.com\/revista\/personajes-del-popol-vuh-el-gran-zipacna\/\" \/>\n\t\t<meta property=\"og:image\" content=\"https:\/\/soymigrante.com\/revista\/wp-content\/uploads\/2025\/07\/popol-vuh-personajes-zipacna-c.webp\" \/>\n\t\t<meta property=\"og:image:secure_url\" content=\"https:\/\/soymigrante.com\/revista\/wp-content\/uploads\/2025\/07\/popol-vuh-personajes-zipacna-c.webp\" \/>\n\t\t<meta property=\"og:image:width\" content=\"591\" \/>\n\t\t<meta property=\"og:image:height\" content=\"591\" \/>\n\t\t<meta property=\"article:published_time\" content=\"2025-07-11T19:33:54+00:00\" \/>\n\t\t<meta property=\"article:modified_time\" content=\"2025-07-30T16:19:54+00:00\" \/>\n\t\t<meta property=\"article:publisher\" content=\"https:\/\/www.facebook.com\/soymigrantecom\" \/>\n\t\t<meta name=\"twitter:card\" content=\"summary_large_image\" \/>\n\t\t<meta name=\"twitter:site\" content=\"@SoyMigrante_com\" \/>\n\t\t<meta name=\"twitter:title\" content=\"El poderoso Zipacn\u00e1 tambi\u00e9n ocasiona sismos en el Popol Vuh\" \/>\n\t\t<meta name=\"twitter:description\" content=\"Zipacn\u00e1 era un gigante orgulloso que pod\u00eda mover monta\u00f1as. Hermano de Cabrak\u00e1n Fue vencido por Hunahp\u00fa e Ixbalanqu\u00e9 y se le recuerda en el Palo Volador\" \/>\n\t\t<meta name=\"twitter:creator\" content=\"@SoyMigrante_com\" \/>\n\t\t<meta name=\"twitter:image\" content=\"https:\/\/soymigrante.com\/revista\/wp-content\/uploads\/2025\/07\/popol-vuh-personajes-zipacna-c.webp\" \/>\n\t\t<!-- All in One SEO Pro -->\r\n\t\t<title>El poderoso Zipacn\u00e1 tambi\u00e9n ocasiona sismos en el Popol Vuh<\/title>\n\n","aioseo_head_json":{"title":"El poderoso Zipacn\u00e1 tambi\u00e9n ocasiona sismos en el Popol Vuh","description":"Zipacn\u00e1 era un gigante orgulloso que pod\u00eda mover monta\u00f1as. Hermano de Cabrak\u00e1n Fue vencido por Hunahp\u00fa e Ixbalanqu\u00e9 y se le recuerda en el Palo Volador","canonical_url":"https:\/\/soymigrante.com\/revista\/personajes-del-popol-vuh-el-gran-zipacna\/","robots":"max-snippet:-1, max-image-preview:large, max-video-preview:-1","keywords":"","webmasterTools":{"miscellaneous":"&lt;link rel=\"preconnect\" href=\"https:\/\/fonts.googleapis.com\" crossorigin&gt;\n&lt;link rel=\"preconnect\" href=\"https:\/\/fonts.gstatic.com\" crossorigin&gt;"},"schema":null,"og:locale":"es_ES","og:site_name":"SoyMigrante.com REVISTA \u2013 Nuestra misi\u00f3n es reconocer y dignificar al migrante.","og:type":"article","og:title":"El poderoso Zipacn\u00e1 tambi\u00e9n ocasiona sismos en el Popol Vuh","og:description":"Zipacn\u00e1 era un gigante orgulloso que pod\u00eda mover monta\u00f1as. Hermano de Cabrak\u00e1n Fue vencido por Hunahp\u00fa e Ixbalanqu\u00e9 y se le recuerda en el Palo Volador","og:url":"https:\/\/soymigrante.com\/revista\/personajes-del-popol-vuh-el-gran-zipacna\/","og:image":"https:\/\/soymigrante.com\/revista\/wp-content\/uploads\/2025\/07\/popol-vuh-personajes-zipacna-c.webp","og:image:secure_url":"https:\/\/soymigrante.com\/revista\/wp-content\/uploads\/2025\/07\/popol-vuh-personajes-zipacna-c.webp","og:image:width":591,"og:image:height":591,"article:published_time":"2025-07-11T19:33:54+00:00","article:modified_time":"2025-07-30T16:19:54+00:00","article:publisher":"https:\/\/www.facebook.com\/soymigrantecom","twitter:card":"summary_large_image","twitter:site":"@SoyMigrante_com","twitter:title":"El poderoso Zipacn\u00e1 tambi\u00e9n ocasiona sismos en el Popol Vuh","twitter:description":"Zipacn\u00e1 era un gigante orgulloso que pod\u00eda mover monta\u00f1as. Hermano de Cabrak\u00e1n Fue vencido por Hunahp\u00fa e Ixbalanqu\u00e9 y se le recuerda en el Palo Volador","twitter:creator":"@SoyMigrante_com","twitter:image":"https:\/\/soymigrante.com\/revista\/wp-content\/uploads\/2025\/07\/popol-vuh-personajes-zipacna-c.webp"},"aioseo_meta_data":{"post_id":"41986","title":"Personajes del Popol Vuh: los se\u00f1ores de Xibalb\u00e1","description":"Lugar de tinieblas y miedo bajo tierra: Xibalb\u00e1 era el inframundo maya. Estaba gobernado por Hun Cam\u00e9 y Vucub Cam\u00e9, as\u00ed como otros 10 se\u00f1ores del mal.","keywords":null,"keyphrases":{"focus":{"keyphrase":"Popol Vuh","score":82,"analysis":{"keyphraseInTitle":{"score":9,"maxScore":9,"error":0},"keyphraseInDescription":{"score":3,"maxScore":9,"error":1},"keyphraseLength":{"score":9,"maxScore":9,"error":0,"length":2},"keyphraseInURL":{"score":5,"maxScore":5,"error":0},"keyphraseInIntroduction":{"score":3,"maxScore":9,"error":1},"keyphraseInSubHeadings":{"score":9,"maxScore":9,"error":0},"keyphraseInImageAlt":{"score":9,"maxScore":9,"error":0},"keywordDensity":{"type":"best","score":9,"maxScore":9,"error":0}}},"additional":[{"keyphrase":"Xibalb\u00e1","score":100,"analysis":{"keyphraseInDescription":{"score":9,"maxScore":9,"error":0},"keyphraseLength":{"score":9,"maxScore":9,"error":0,"length":1},"keyphraseInIntroduction":{"score":9,"maxScore":9,"error":0},"keyphraseInImageAlt":{"score":9,"maxScore":9,"error":0},"keywordDensity":{"type":"best","score":9,"maxScore":9,"error":0}}},{"keyphrase":"Maya","score":80,"analysis":{"keyphraseInDescription":{"score":9,"maxScore":9,"error":0},"keyphraseLength":{"score":9,"maxScore":9,"error":0,"length":1},"keyphraseInIntroduction":{"score":9,"maxScore":9,"error":0},"keyphraseInImageAlt":{"score":9,"maxScore":9,"error":0},"keywordDensity":{"score":0,"type":"low","maxScore":9,"error":1}}}]},"primary_term":null,"canonical_url":null,"og_title":null,"og_description":null,"og_object_type":"default","og_image_type":"default","og_image_url":null,"og_image_width":null,"og_image_height":null,"og_image_custom_url":null,"og_image_custom_fields":null,"og_video":"","og_custom_url":null,"og_article_section":null,"og_article_tags":null,"twitter_use_og":false,"twitter_card":"default","twitter_image_type":"default","twitter_image_url":null,"twitter_image_custom_url":null,"twitter_image_custom_fields":null,"twitter_title":null,"twitter_description":null,"schema":{"blockGraphs":[],"customGraphs":[],"default":{"data":{"Article":[],"Course":[],"Dataset":[],"FAQPage":[],"Movie":[],"Person":[],"Product":[],"ProductReview":[],"Car":[],"Recipe":[],"Service":[],"SoftwareApplication":[],"WebPage":[]},"graphName":"none","isEnabled":true},"graphs":[]},"schema_type":"default","schema_type_options":null,"pillar_content":false,"robots_default":true,"robots_noindex":false,"robots_noarchive":false,"robots_nosnippet":false,"robots_nofollow":false,"robots_noimageindex":false,"robots_noodp":false,"robots_notranslate":false,"robots_max_snippet":"-1","robots_max_videopreview":"-1","robots_max_imagepreview":"large","priority":null,"frequency":"default","local_seo":null,"seo_analyzer_scan_date":"2025-10-09 07:39:45","breadcrumb_settings":null,"limit_modified_date":false,"reviewed_by":"0","open_ai":null,"ai":{"faqs":[],"keyPoints":[],"titles":[],"descriptions":[],"socialPosts":{"email":[],"linkedin":[],"twitter":[],"facebook":[],"instagram":[]}},"created":"2025-08-13 17:16:12","updated":"2026-02-05 04:16:01"},"aioseo_breadcrumb":"<div class=\"aioseo-breadcrumbs\"><span class=\"aioseo-breadcrumb\">\n\t<a href=\"https:\/\/soymigrante.com\/revista\" title=\"Home\">Home<\/a>\n<\/span><span class=\"aioseo-breadcrumb-separator\">\u00bb<\/span><span class=\"aioseo-breadcrumb\">\n\t<a href=\"https:\/\/soymigrante.com\/revista\/category\/guate-nuestra\/\" title=\"Guate Nuestra\">Guate Nuestra<\/a>\n<\/span><span class=\"aioseo-breadcrumb-separator\">\u00bb<\/span><span class=\"aioseo-breadcrumb\">\n\tPersonajes del Popol Vuh: Los se\u00f1ores de Xibalb\u00e1, el inframundo maya\n<\/span><\/div>","aioseo_breadcrumb_json":[{"label":"Home","link":"https:\/\/soymigrante.com\/revista"},{"label":"Guate Nuestra","link":"https:\/\/soymigrante.com\/revista\/category\/guate-nuestra\/"},{"label":"Personajes del Popol Vuh: Los se\u00f1ores de Xibalb\u00e1, el inframundo maya","link":"https:\/\/soymigrante.com\/revista\/personajes-del-popol-vuh-los-senores-de-xibalba-el-inframundo-maya\/"}],"_links":{"self":[{"href":"https:\/\/soymigrante.com\/revista\/wp-json\/wp\/v2\/posts\/41986","targetHints":{"allow":["GET"]}}],"collection":[{"href":"https:\/\/soymigrante.com\/revista\/wp-json\/wp\/v2\/posts"}],"about":[{"href":"https:\/\/soymigrante.com\/revista\/wp-json\/wp\/v2\/types\/post"}],"author":[{"embeddable":true,"href":"https:\/\/soymigrante.com\/revista\/wp-json\/wp\/v2\/users\/7"}],"replies":[{"embeddable":true,"href":"https:\/\/soymigrante.com\/revista\/wp-json\/wp\/v2\/comments?post=41986"}],"version-history":[{"count":12,"href":"https:\/\/soymigrante.com\/revista\/wp-json\/wp\/v2\/posts\/41986\/revisions"}],"predecessor-version":[{"id":42035,"href":"https:\/\/soymigrante.com\/revista\/wp-json\/wp\/v2\/posts\/41986\/revisions\/42035"}],"wp:featuredmedia":[{"embeddable":true,"href":"https:\/\/soymigrante.com\/revista\/wp-json\/wp\/v2\/media\/41992"}],"wp:attachment":[{"href":"https:\/\/soymigrante.com\/revista\/wp-json\/wp\/v2\/media?parent=41986"}],"wp:term":[{"taxonomy":"category","embeddable":true,"href":"https:\/\/soymigrante.com\/revista\/wp-json\/wp\/v2\/categories?post=41986"},{"taxonomy":"post_tag","embeddable":true,"href":"https:\/\/soymigrante.com\/revista\/wp-json\/wp\/v2\/tags?post=41986"}],"curies":[{"name":"wp","href":"https:\/\/api.w.org\/{rel}","templated":true}]}}