{"id":41948,"date":"2025-08-13T09:37:21","date_gmt":"2025-08-13T15:37:21","guid":{"rendered":"https:\/\/soymigrante.com\/revista\/?p=41948"},"modified":"2025-08-13T09:37:34","modified_gmt":"2025-08-13T15:37:34","slug":"dia-del-zurdo-y-lo-que-las-personas-con-esta-habilidad-suelen-enfrentar-a-diario","status":"publish","type":"post","link":"https:\/\/soymigrante.com\/revista\/dia-del-zurdo-y-lo-que-las-personas-con-esta-habilidad-suelen-enfrentar-a-diario\/","title":{"rendered":"D\u00eda del Zurdo y lo que las personas con esta habilidad suelen enfrentar a diario"},"content":{"rendered":"\t\t<div data-elementor-type=\"wp-post\" data-elementor-id=\"41948\" class=\"elementor elementor-41948\" data-elementor-post-type=\"post\">\n\t\t\t\t<div data-particle_enable=\"false\" data-particle-mobile-disabled=\"false\" class=\"elementor-element elementor-element-d8e7943 e-flex e-con-boxed e-con e-parent\" data-id=\"d8e7943\" data-element_type=\"container\" data-e-type=\"container\">\n\t\t\t\t\t<div class=\"e-con-inner\">\n\t\t\t\t<div class=\"elementor-element elementor-element-ddd8909 elementor-widget elementor-widget-heading\" data-id=\"ddd8909\" data-element_type=\"widget\" data-e-type=\"widget\" data-widget_type=\"heading.default\">\n\t\t\t\t\t<h2 class=\"elementor-heading-title elementor-size-default\">El d\u00eda del zurdo se celebra cada 13 de agosto, para festejar la diversidad y creatividad en Guatemala. <\/h2>\t\t\t\t<\/div>\n\t\t\t\t\t<\/div>\n\t\t\t\t<\/div>\n\t\t<div data-particle_enable=\"false\" data-particle-mobile-disabled=\"false\" class=\"elementor-element elementor-element-3ca1ac2 e-flex e-con-boxed e-con e-parent\" data-id=\"3ca1ac2\" data-element_type=\"container\" data-e-type=\"container\">\n\t\t\t\t\t<div class=\"e-con-inner\">\n\t\t\t\t<div class=\"elementor-element elementor-element-dce5415 elementor-widget elementor-widget-text-editor\" data-id=\"dce5415\" data-element_type=\"widget\" data-e-type=\"widget\" data-widget_type=\"text-editor.default\">\n\t\t\t\t\t\t\t\t\t<p>Cada 13 de agosto, en Guatemala y en distintas partes del mundo, se conmemora el D\u00eda Internacional del Zurdo, una fecha que busca visibilizar y valorar a las personas que usan con mayor destreza la mano izquierda para realizar sus actividades cotidianas.<\/p><p>La celebraci\u00f3n surgi\u00f3 en 1976 impulsada por la Left-Handers Club de Reino Unido, con el objetivo de crear conciencia sobre las dificultades que enfrentan los zurdos en un mundo dise\u00f1ado principalmente para diestros. Desde entonces, <a href=\"https:\/\/soymigrante.com\/revista\/sabias-que-morderse-las-unas-puede-ser-un-habito-muy-danino-te-decimos-por-que\/\" target=\"_blank\" rel=\"noopener\">la fecha ha servido para resaltar sus habilidades, promover adaptaciones inclusivas y romper mitos que hist\u00f3ricamente han acompa\u00f1ado a la zurdera.<\/a><\/p><p>En Guatemala, aunque no existe una conmemoraci\u00f3n oficial a nivel estatal, cada vez m\u00e1s centros educativos y comunidades aprovechan la fecha para reconocer a estudiantes, docentes y trabajadores zurdos, y reflexionar sobre la importancia de adaptar herramientas y espacios para su comodidad y seguridad.<\/p>\t\t\t\t\t\t\t\t<\/div>\n\t\t\t\t\t<\/div>\n\t\t\t\t<\/div>\n\t\t<div data-particle_enable=\"false\" data-particle-mobile-disabled=\"false\" class=\"elementor-element elementor-element-92d676c e-flex e-con-boxed e-con e-parent\" data-id=\"92d676c\" data-element_type=\"container\" data-e-type=\"container\">\n\t\t\t\t\t<div class=\"e-con-inner\">\n\t\t\t\t<div class=\"elementor-element elementor-element-a25e455 elementor-widget elementor-widget-image\" data-id=\"a25e455\" data-element_type=\"widget\" data-e-type=\"widget\" data-widget_type=\"image.default\">\n\t\t\t\t\t\t\t\t\t\t\t\t<figure class=\"wp-caption\">\n\t\t\t\t\t\t\t\t\t\t<img fetchpriority=\"high\" decoding=\"async\" width=\"682\" height=\"1024\" src=\"https:\/\/soymigrante.com\/revista\/wp-content\/uploads\/2025\/08\/Dia-del-Zurdo1-682x1024.jpeg\" class=\"attachment-large size-large wp-image-41959\" alt=\"Dibujo art\u00edstico en proceso, creado con l\u00e1piz en una hoja blanca, representando talento y creatividad en el arte visual. Fotografiada en un entorno inspirado en la cultura y el talento migrante.\" srcset=\"https:\/\/soymigrante.com\/revista\/wp-content\/uploads\/2025\/08\/Dia-del-Zurdo1-682x1024.jpeg 682w, https:\/\/soymigrante.com\/revista\/wp-content\/uploads\/2025\/08\/Dia-del-Zurdo1-200x300.jpeg 200w, https:\/\/soymigrante.com\/revista\/wp-content\/uploads\/2025\/08\/Dia-del-Zurdo1-768x1153.jpeg 768w, https:\/\/soymigrante.com\/revista\/wp-content\/uploads\/2025\/08\/Dia-del-Zurdo1-1023x1536.jpeg 1023w, https:\/\/soymigrante.com\/revista\/wp-content\/uploads\/2025\/08\/Dia-del-Zurdo1-750x1126.webp 750w, https:\/\/soymigrante.com\/revista\/wp-content\/uploads\/2025\/08\/Dia-del-Zurdo1.webp 1066w\" sizes=\"(max-width: 682px) 100vw, 682px\" title=\"Los zurdos son vistos como personas m\u00e1s creativas. (Foto: ENVATO) \u2013 SoyMigrante.com REVISTA\" \/>\t\t\t\t\t\t\t\t\t\t\t<figcaption class=\"widget-image-caption wp-caption-text\">Un artista est\u00e1 dibujando con l\u00e1piz en una hoja grande blanca, mostrando proceso creativo y expresi\u00f3n art\u00edstica, en el contexto de cultura y talento migrante, destacando la importancia del arte en la comunidad migrante.<\/figcaption>\n\t\t\t\t\t\t\t\t\t\t<\/figure>\n\t\t\t\t\t\t\t\t\t<\/div>\n\t\t\t\t\t<\/div>\n\t\t\t\t<\/div>\n\t\t<div data-particle_enable=\"false\" data-particle-mobile-disabled=\"false\" class=\"elementor-element elementor-element-583fe6a e-flex e-con-boxed e-con e-parent\" data-id=\"583fe6a\" data-element_type=\"container\" data-e-type=\"container\">\n\t\t\t\t\t<div class=\"e-con-inner\">\n\t\t\t\t<div class=\"elementor-element elementor-element-8f986c0 elementor-widget elementor-widget-heading\" data-id=\"8f986c0\" data-element_type=\"widget\" data-e-type=\"widget\" data-widget_type=\"heading.default\">\n\t\t\t\t\t<h3 class=\"elementor-heading-title elementor-size-default\">Habilidades que destacan a los zurdos <\/h3>\t\t\t\t<\/div>\n\t\t\t\t\t<\/div>\n\t\t\t\t<\/div>\n\t\t<div data-particle_enable=\"false\" data-particle-mobile-disabled=\"false\" class=\"elementor-element elementor-element-00087c0 e-flex e-con-boxed e-con e-parent\" data-id=\"00087c0\" data-element_type=\"container\" data-e-type=\"container\">\n\t\t\t\t\t<div class=\"e-con-inner\">\n\t\t\t\t<div class=\"elementor-element elementor-element-7b52d44 elementor-widget elementor-widget-text-editor\" data-id=\"7b52d44\" data-element_type=\"widget\" data-e-type=\"widget\" data-widget_type=\"text-editor.default\">\n\t\t\t\t\t\t\t\t\t<div><a href=\"https:\/\/soymigrante.com\/revista\/sabias-que-morderse-las-unas-puede-ser-un-habito-muy-danino-te-decimos-por-que\/\" target=\"_blank\" rel=\"noopener\">Diversos estudios cient\u00edficos se\u00f1alan que las personas zurdas tienden a tener una mayor actividad en el hemisferio derecho del cerebro<\/a>, lo que est\u00e1 relacionado con la creatividad, la percepci\u00f3n espacial y el pensamiento divergente. Entre las habilidades que suelen desarrollar con m\u00e1s facilidad se encuentran:<\/div><div><strong>\u2022Creatividad art\u00edstica:<\/strong> muchos pintores, m\u00fasicos y escritores son zurdos, lo que se asocia con una visi\u00f3n diferente del mundo.<\/div><div><strong>\u2022Pensamiento estrat\u00e9gico:<\/strong> se ha observado en disciplinas como ajedrez, deportes y resoluci\u00f3n de problemas complejos.<\/div><div>\u2022<strong>Rapidez en reflejos:<\/strong> especialmente \u00fatil en actividades deportivas.<\/div><div><strong>\u2022Adaptabilidad:<\/strong> debido a que viven en un entorno predominantemente diestro, los zurdos suelen desarrollar la capacidad de usar ambas manos para ciertas tareas.<\/div>\t\t\t\t\t\t\t\t<\/div>\n\t\t\t\t\t<\/div>\n\t\t\t\t<\/div>\n\t\t<div data-particle_enable=\"false\" data-particle-mobile-disabled=\"false\" class=\"elementor-element elementor-element-927ac27 e-flex e-con-boxed e-con e-parent\" data-id=\"927ac27\" data-element_type=\"container\" data-e-type=\"container\">\n\t\t\t\t\t<div class=\"e-con-inner\">\n\t\t\t\t<div class=\"elementor-element elementor-element-defef38 elementor-widget elementor-widget-heading\" data-id=\"defef38\" data-element_type=\"widget\" data-e-type=\"widget\" data-widget_type=\"heading.default\">\n\t\t\t\t\t<h3 class=\"elementor-heading-title elementor-size-default\">Situaciones que enfrentan los zurdos en un mundo diestro adaptabilidad <\/h3>\t\t\t\t<\/div>\n\t\t\t\t\t<\/div>\n\t\t\t\t<\/div>\n\t\t<div data-particle_enable=\"false\" data-particle-mobile-disabled=\"false\" class=\"elementor-element elementor-element-e117e63 e-flex e-con-boxed e-con e-parent\" data-id=\"e117e63\" data-element_type=\"container\" data-e-type=\"container\">\n\t\t\t\t\t<div class=\"e-con-inner\">\n\t\t\t\t<div class=\"elementor-element elementor-element-a73fe2a elementor-widget elementor-widget-text-editor\" data-id=\"a73fe2a\" data-element_type=\"widget\" data-e-type=\"widget\" data-widget_type=\"text-editor.default\">\n\t\t\t\t\t\t\t\t\t<p><ul><li><a href=\"https:\/\/soymigrante.com\/revista\/sabias-que-morderse-las-unas-puede-ser-un-habito-muy-danino-te-decimos-por-que\/\" target=\"_blank\" rel=\"noopener\">A pesar de los avances en aceptaci\u00f3n social, a\u00fan existen desaf\u00edos:<\/a>&nbsp;<\/li><li>Muchos ni\u00f1os zurdos se ven obligados a utilizar pupitres escolares para diestros, con lo cual no pueden apoyar adecuadamente el brazo al escribir.<\/li><li>Los m\u00e1rgenes de cuadernos para el aprendizaje de lectoescritura est\u00e1n dise\u00f1ados hist\u00f3ricamente para derechos. Esto lleva a que la letra de los zurdos tenga una inclinaci\u00f3n distinta que a menudo es tomada como defecto por ciertos profesores incautos.<\/li><li>Hay expresiones despectivas como &#8220;patear con la zurda&#8221; que tienen un significado negativo. Sin embargo, ser zurdo no tiene ning\u00fan defecto. Tambi\u00e9n a veces en pol\u00e9micas pol\u00edticas, se suele generalizar como zurdos a quienes tienen posiciones cr\u00edticas.<\/li><li>Muchos instrumentos musicales est\u00e1n dise\u00f1ados para diestros y por lo tanto su ejecuci\u00f3n suele dificultarse para zurdos.<\/li><\/ul><\/p>\n\n\n\n\n<p><\/p>\t\t\t\t\t\t\t\t<\/div>\n\t\t\t\t\t<\/div>\n\t\t\t\t<\/div>\n\t\t<div data-particle_enable=\"false\" data-particle-mobile-disabled=\"false\" class=\"elementor-element elementor-element-13d2cf5 e-flex e-con-boxed e-con e-parent\" data-id=\"13d2cf5\" data-element_type=\"container\" data-e-type=\"container\">\n\t\t\t\t\t<div class=\"e-con-inner\">\n\t\t\t\t<div class=\"elementor-element elementor-element-e400129 elementor-widget elementor-widget-video\" data-id=\"e400129\" data-element_type=\"widget\" data-e-type=\"widget\" data-settings=\"{&quot;youtube_url&quot;:&quot;https:\\\/\\\/www.youtube.com\\\/watch?v=Rt0pH6tCQDw&quot;,&quot;video_type&quot;:&quot;youtube&quot;,&quot;controls&quot;:&quot;yes&quot;}\" data-widget_type=\"video.default\">\n\t\t\t\t\t\t\t<div class=\"elementor-wrapper elementor-open-inline\">\n\t\t\t<div class=\"elementor-video\"><\/div>\t\t<\/div>\n\t\t\t\t\t\t<\/div>\n\t\t\t\t\t<\/div>\n\t\t\t\t<\/div>\n\t\t<div data-particle_enable=\"false\" data-particle-mobile-disabled=\"false\" class=\"elementor-element elementor-element-b9f7036 e-flex e-con-boxed e-con e-parent\" data-id=\"b9f7036\" data-element_type=\"container\" data-e-type=\"container\">\n\t\t\t\t\t<div class=\"e-con-inner\">\n\t\t\t\t<div class=\"elementor-element elementor-element-12d6fb5 elementor-widget elementor-widget-heading\" data-id=\"12d6fb5\" data-element_type=\"widget\" data-e-type=\"widget\" data-widget_type=\"heading.default\">\n\t\t\t\t\t<h2 class=\"elementor-heading-title elementor-size-default\">Conoce esta informaci\u00f3n que te puede ayudar...<\/h2>\t\t\t\t<\/div>\n\t\t\t\t\t<\/div>\n\t\t\t\t<\/div>\n\t\t<div data-particle_enable=\"false\" data-particle-mobile-disabled=\"false\" class=\"elementor-element elementor-element-3b11876 e-flex e-con-boxed e-con e-parent\" data-id=\"3b11876\" data-element_type=\"container\" data-e-type=\"container\">\n\t\t\t\t\t<div class=\"e-con-inner\">\n\t\t\t\t<div class=\"elementor-element elementor-element-9f5c1e0 elementor-grid-eael-col-3 elementor-grid-tablet-eael-col-2 elementor-grid-mobile-eael-col-1 elementor-invisible elementor-widget elementor-widget-eael-post-grid\" data-id=\"9f5c1e0\" data-element_type=\"widget\" data-e-type=\"widget\" data-settings=\"{&quot;eael_post_grid_columns&quot;:&quot;eael-col-3&quot;,&quot;_animation&quot;:&quot;rollIn&quot;,&quot;eael_post_grid_columns_tablet&quot;:&quot;eael-col-2&quot;,&quot;eael_post_grid_columns_mobile&quot;:&quot;eael-col-1&quot;}\" data-widget_type=\"eael-post-grid.default\">\n\t\t\t\t\t<div id=\"eael-post-grid-9f5c1e0\" class=\"eael-post-grid-container\">\n            <div class=\"eael-post-grid eael-post-appender eael-post-appender-9f5c1e0 eael-post-grid-style-one\" data-layout-mode=\"masonry\"><article class=\"eael-grid-post  eael-post-grid-column eael-pg-post-19785 category-bienestar\" data-id=\"19785\">\n        <div class=\"eael-grid-post-holder\">\n            <div class=\"eael-grid-post-holder-inner\"><div class=\"eael-entry-media\"><div class=\"eael-entry-overlay fade-in\"><i class=\"far fa-hand-pointer\" aria-hidden=\"true\"><\/i><a href=\"https:\/\/soymigrante.com\/revista\/cuidarse-las-unas-y-las-manos-trabajando-en-estados-unidos\/\"><\/a><\/div><div class=\"eael-entry-thumbnail \">\n                <img decoding=\"async\" width=\"936\" height=\"936\" src=\"https:\/\/soymigrante.com\/revista\/wp-content\/uploads\/2025\/01\/proteger-manos.webp\" class=\"attachment-large size-large wp-image-20184\" alt=\"Corta descripci\u00f3n de la imagen.\" srcset=\"https:\/\/soymigrante.com\/revista\/wp-content\/uploads\/2025\/01\/proteger-manos.webp 936w, https:\/\/soymigrante.com\/revista\/wp-content\/uploads\/2025\/01\/proteger-manos-300x300.jpg 300w, https:\/\/soymigrante.com\/revista\/wp-content\/uploads\/2025\/01\/proteger-manos-150x150.jpg 150w, https:\/\/soymigrante.com\/revista\/wp-content\/uploads\/2025\/01\/proteger-manos-768x768.jpg 768w, https:\/\/soymigrante.com\/revista\/wp-content\/uploads\/2025\/01\/proteger-manos-75x75.webp 75w, https:\/\/soymigrante.com\/revista\/wp-content\/uploads\/2025\/01\/proteger-manos-750x750.webp 750w\" sizes=\"(max-width: 936px) 100vw, 936px\" \/>\n            <\/div>\n        <\/div><div class=\"eael-entry-wrapper\"><header class=\"eael-entry-header\"><h2 class=\"eael-entry-title\"><a class=\"eael-grid-post-link\" href=\"https:\/\/soymigrante.com\/revista\/cuidarse-las-unas-y-las-manos-trabajando-en-estados-unidos\/\" title=\"\u00bfCuidarse las u\u00f1as y las manos trabajando en Estados Unidos?\">\u00bfCuidarse las u\u00f1as y las manos trabajando en Estados Unidos?<\/a><\/h2><\/header><div class=\"eael-entry-content\">\n                        <div class=\"eael-grid-post-excerpt\"><a href=\"https:\/\/soymigrante.com\/revista\/cuidarse-las-unas-y-las-manos-trabajando-en-estados-unidos\/\" class=\"eael-post-elements-readmore-btn\">CONOCE SU HISTORIA <\/a><\/div>\n                    <\/div><\/div><\/div>\n        <\/div>\n    <\/article><article class=\"eael-grid-post  eael-post-grid-column eael-pg-post-18046 category-bienestar\" data-id=\"18046\">\n        <div class=\"eael-grid-post-holder\">\n            <div class=\"eael-grid-post-holder-inner\"><div class=\"eael-entry-media\"><div class=\"eael-entry-overlay fade-in\"><i class=\"far fa-hand-pointer\" aria-hidden=\"true\"><\/i><a href=\"https:\/\/soymigrante.com\/revista\/es-muy-importante-cuidar-tus-oidos-y-te-damos-algunas-claves-para-hacerlo\/\"><\/a><\/div><div class=\"eael-entry-thumbnail \">\n                <img decoding=\"async\" width=\"1024\" height=\"746\" src=\"https:\/\/soymigrante.com\/revista\/wp-content\/uploads\/2024\/12\/La-importancia-de-cuidar-tus-oi\u0301dos-y-co\u0301mo-hacerlo2-1024x746.jpg\" class=\"attachment-large size-large wp-image-18048\" alt=\"La importancia de cuidar tus o\u00eddos y c\u00f3mo hacerlo\" srcset=\"https:\/\/soymigrante.com\/revista\/wp-content\/uploads\/2024\/12\/La-importancia-de-cuidar-tus-oi\u0301dos-y-co\u0301mo-hacerlo2-1024x746.jpg 1024w, https:\/\/soymigrante.com\/revista\/wp-content\/uploads\/2024\/12\/La-importancia-de-cuidar-tus-oi\u0301dos-y-co\u0301mo-hacerlo2-300x219.jpg 300w, https:\/\/soymigrante.com\/revista\/wp-content\/uploads\/2024\/12\/La-importancia-de-cuidar-tus-oi\u0301dos-y-co\u0301mo-hacerlo2-768x560.jpg 768w, https:\/\/soymigrante.com\/revista\/wp-content\/uploads\/2024\/12\/La-importancia-de-cuidar-tus-oi\u0301dos-y-co\u0301mo-hacerlo2-120x86.webp 120w, https:\/\/soymigrante.com\/revista\/wp-content\/uploads\/2024\/12\/La-importancia-de-cuidar-tus-oi\u0301dos-y-co\u0301mo-hacerlo2-750x547.webp 750w, https:\/\/soymigrante.com\/revista\/wp-content\/uploads\/2024\/12\/La-importancia-de-cuidar-tus-oi\u0301dos-y-co\u0301mo-hacerlo2-1140x831.webp 1140w, https:\/\/soymigrante.com\/revista\/wp-content\/uploads\/2024\/12\/La-importancia-de-cuidar-tus-oi\u0301dos-y-co\u0301mo-hacerlo2.webp 1280w\" sizes=\"(max-width: 1024px) 100vw, 1024px\" \/>\n            <\/div>\n        <\/div><div class=\"eael-entry-wrapper\"><header class=\"eael-entry-header\"><h2 class=\"eael-entry-title\"><a class=\"eael-grid-post-link\" href=\"https:\/\/soymigrante.com\/revista\/es-muy-importante-cuidar-tus-oidos-y-te-damos-algunas-claves-para-hacerlo\/\" title=\"Es muy importante cuidar tus o\u00eddos y te damos algunas claves para hacerlo\">Es muy importante cuidar tus o\u00eddos y te damos algunas claves para hacerlo<\/a><\/h2><\/header><div class=\"eael-entry-content\">\n                        <div class=\"eael-grid-post-excerpt\"><a href=\"https:\/\/soymigrante.com\/revista\/es-muy-importante-cuidar-tus-oidos-y-te-damos-algunas-claves-para-hacerlo\/\" class=\"eael-post-elements-readmore-btn\">CONOCE SU HISTORIA <\/a><\/div>\n                    <\/div><\/div><\/div>\n        <\/div>\n    <\/article><article class=\"eael-grid-post  eael-post-grid-column eael-pg-post-28162 category-bienestar\" data-id=\"28162\">\n        <div class=\"eael-grid-post-holder\">\n            <div class=\"eael-grid-post-holder-inner\"><div class=\"eael-entry-media\"><div class=\"eael-entry-overlay fade-in\"><i class=\"far fa-hand-pointer\" aria-hidden=\"true\"><\/i><a href=\"https:\/\/soymigrante.com\/revista\/ingredientes-naturales-clave-para-favorecer-la-digestion\/\"><\/a><\/div><div class=\"eael-entry-thumbnail \">\n                <img loading=\"lazy\" decoding=\"async\" width=\"484\" height=\"484\" src=\"https:\/\/soymigrante.com\/revista\/wp-content\/uploads\/2025\/03\/ingredientes-saludables-digestion.webp\" class=\"attachment-large size-large wp-image-29609\" alt=\"Ch\u00eda y fruta con granada en un tarro de vidrio, alimentaci\u00f3n saludable, superalimentos, desayuno nutritivo, semillas de ch\u00eda y fruta fresca, tendencia en dietas Wellness y alimentaci\u00f3n consciente.\" srcset=\"https:\/\/soymigrante.com\/revista\/wp-content\/uploads\/2025\/03\/ingredientes-saludables-digestion.webp 484w, https:\/\/soymigrante.com\/revista\/wp-content\/uploads\/2025\/03\/ingredientes-saludables-digestion-300x300.png 300w, https:\/\/soymigrante.com\/revista\/wp-content\/uploads\/2025\/03\/ingredientes-saludables-digestion-150x150.png 150w, https:\/\/soymigrante.com\/revista\/wp-content\/uploads\/2025\/03\/ingredientes-saludables-digestion-75x75.webp 75w\" sizes=\"(max-width: 484px) 100vw, 484px\" \/>\n            <\/div>\n        <\/div><div class=\"eael-entry-wrapper\"><header class=\"eael-entry-header\"><h2 class=\"eael-entry-title\"><a class=\"eael-grid-post-link\" href=\"https:\/\/soymigrante.com\/revista\/ingredientes-naturales-clave-para-favorecer-la-digestion\/\" title=\"Ingredientes naturales clave para favorecer la digesti\u00f3n\">Ingredientes naturales clave para favorecer la digesti\u00f3n<\/a><\/h2><\/header><div class=\"eael-entry-content\">\n                        <div class=\"eael-grid-post-excerpt\"><a href=\"https:\/\/soymigrante.com\/revista\/ingredientes-naturales-clave-para-favorecer-la-digestion\/\" class=\"eael-post-elements-readmore-btn\">CONOCE SU HISTORIA <\/a><\/div>\n                    <\/div><\/div><\/div>\n        <\/div>\n    <\/article><\/div>\n            <div class=\"clearfix\"><\/div>\n        <\/div>\t\t\t\t<\/div>\n\t\t\t\t\t<\/div>\n\t\t\t\t<\/div>\n\t\t\t\t<\/div>\n\t\t","protected":false},"excerpt":{"rendered":"<p>El d\u00eda del zurdo se celebra cada 13 de agosto, para festejar la diversidad y creatividad en Guatemala. Cada 13 de agosto, en Guatemala y en distintas partes del mundo, se conmemora el D\u00eda Internacional del Zurdo, una fecha que busca visibilizar y valorar a las personas que usan con mayor destreza la mano izquierda [&hellip;]<\/p>\n","protected":false},"author":19,"featured_media":41949,"comment_status":"open","ping_status":"open","sticky":false,"template":"","format":"standard","meta":{"_acf_changed":false,"_eb_attr":"","footnotes":""},"categories":[55],"tags":[],"class_list":["post-41948","post","type-post","status-publish","format-standard","has-post-thumbnail","hentry","category-bienestar"],"acf":[],"aioseo_notices":[],"aioseo_head":"\n\t\t<!-- All in One SEO Pro 4.9.6.2 - aioseo.com -->\n\t<meta name=\"description\" content=\"Los ingredientes naturales que te ayudan en la digesti\u00f3n son f\u00e1ciles de encontrar y muy necesarios de implementar en las comidas.\" \/>\n\t<meta name=\"robots\" content=\"max-snippet:-1, max-image-preview:large, max-video-preview:-1\" \/>\n\t<meta name=\"author\" content=\"Marysabel Aldana\"\/>\n\t<link rel=\"canonical\" href=\"https:\/\/soymigrante.com\/revista\/ingredientes-naturales-clave-para-favorecer-la-digestion\/\" \/>\n\t<meta name=\"generator\" content=\"All in One SEO Pro (AIOSEO) 4.9.6.2\" \/>\n\n\t\t<link rel=\"preconnect\" href=\"https:\/\/fonts.googleapis.com\" crossorigin>\n<link rel=\"preconnect\" href=\"https:\/\/fonts.gstatic.com\" crossorigin>\n\t\t<meta property=\"og:locale\" content=\"es_ES\" \/>\n\t\t<meta property=\"og:site_name\" content=\"SoyMigrante.com REVISTA \u2013 Nuestra misi\u00f3n es reconocer y dignificar al migrante.\" \/>\n\t\t<meta property=\"og:type\" content=\"article\" \/>\n\t\t<meta property=\"og:title\" content=\"Ingredientes naturales clave para favorecer la digesti\u00f3n\" \/>\n\t\t<meta property=\"og:description\" content=\"Los ingredientes naturales que te ayudan en la digesti\u00f3n son f\u00e1ciles de encontrar y muy necesarios de implementar en las comidas.\" \/>\n\t\t<meta property=\"og:url\" content=\"https:\/\/soymigrante.com\/revista\/ingredientes-naturales-clave-para-favorecer-la-digestion\/\" \/>\n\t\t<meta property=\"og:image\" content=\"https:\/\/soymigrante.com\/revista\/wp-content\/uploads\/2025\/03\/ingredientes-saludables-digestion.webp\" \/>\n\t\t<meta property=\"og:image:secure_url\" content=\"https:\/\/soymigrante.com\/revista\/wp-content\/uploads\/2025\/03\/ingredientes-saludables-digestion.webp\" \/>\n\t\t<meta property=\"og:image:width\" content=\"484\" \/>\n\t\t<meta property=\"og:image:height\" content=\"484\" \/>\n\t\t<meta property=\"article:published_time\" content=\"2025-03-31T11:30:00+00:00\" \/>\n\t\t<meta property=\"article:modified_time\" content=\"2025-03-31T02:35:49+00:00\" \/>\n\t\t<meta property=\"article:publisher\" content=\"https:\/\/www.facebook.com\/soymigrantecom\" \/>\n\t\t<meta name=\"twitter:card\" content=\"summary_large_image\" \/>\n\t\t<meta name=\"twitter:site\" content=\"@SoyMigrante_com\" \/>\n\t\t<meta name=\"twitter:title\" content=\"Ingredientes naturales clave para favorecer la digesti\u00f3n\" \/>\n\t\t<meta name=\"twitter:description\" content=\"Los ingredientes naturales que te ayudan en la digesti\u00f3n son f\u00e1ciles de encontrar y muy necesarios de implementar en las comidas.\" \/>\n\t\t<meta name=\"twitter:creator\" content=\"@SoyMigrante_com\" \/>\n\t\t<meta name=\"twitter:image\" content=\"https:\/\/soymigrante.com\/revista\/wp-content\/uploads\/2025\/03\/ingredientes-saludables-digestion.webp\" \/>\n\t\t<!-- All in One SEO Pro -->\r\n\t\t<title>Ingredientes naturales clave para favorecer la digesti\u00f3n<\/title>\n\n","aioseo_head_json":{"title":"Ingredientes naturales clave para favorecer la digesti\u00f3n","description":"Los ingredientes naturales que te ayudan en la digesti\u00f3n son f\u00e1ciles de encontrar y muy necesarios de implementar en las comidas.","canonical_url":"https:\/\/soymigrante.com\/revista\/ingredientes-naturales-clave-para-favorecer-la-digestion\/","robots":"max-snippet:-1, max-image-preview:large, max-video-preview:-1","keywords":"","webmasterTools":{"miscellaneous":"&lt;link rel=\"preconnect\" href=\"https:\/\/fonts.googleapis.com\" crossorigin&gt;\n&lt;link rel=\"preconnect\" href=\"https:\/\/fonts.gstatic.com\" crossorigin&gt;"},"schema":null,"og:locale":"es_ES","og:site_name":"SoyMigrante.com REVISTA \u2013 Nuestra misi\u00f3n es reconocer y dignificar al migrante.","og:type":"article","og:title":"Ingredientes naturales clave para favorecer la digesti\u00f3n","og:description":"Los ingredientes naturales que te ayudan en la digesti\u00f3n son f\u00e1ciles de encontrar y muy necesarios de implementar en las comidas.","og:url":"https:\/\/soymigrante.com\/revista\/ingredientes-naturales-clave-para-favorecer-la-digestion\/","og:image":"https:\/\/soymigrante.com\/revista\/wp-content\/uploads\/2025\/03\/ingredientes-saludables-digestion.webp","og:image:secure_url":"https:\/\/soymigrante.com\/revista\/wp-content\/uploads\/2025\/03\/ingredientes-saludables-digestion.webp","og:image:width":484,"og:image:height":484,"article:published_time":"2025-03-31T11:30:00+00:00","article:modified_time":"2025-03-31T02:35:49+00:00","article:publisher":"https:\/\/www.facebook.com\/soymigrantecom","twitter:card":"summary_large_image","twitter:site":"@SoyMigrante_com","twitter:title":"Ingredientes naturales clave para favorecer la digesti\u00f3n","twitter:description":"Los ingredientes naturales que te ayudan en la digesti\u00f3n son f\u00e1ciles de encontrar y muy necesarios de implementar en las comidas.","twitter:creator":"@SoyMigrante_com","twitter:image":"https:\/\/soymigrante.com\/revista\/wp-content\/uploads\/2025\/03\/ingredientes-saludables-digestion.webp"},"aioseo_meta_data":{"post_id":"41948","title":"D\u00eda del Zurdo conmemora una habilidad que solo 10% tiene","description":"El d\u00eda del zurdo se celebra cada 13 de agosto Las personas con habilidad lateral izquierda se enfrentan a diario a un mundo diestro.","keywords":null,"keyphrases":{"focus":{"keyphrase":"D\u00eda del zurdo","score":60,"analysis":{"keyphraseInTitle":{"score":9,"maxScore":9,"error":0},"keyphraseInDescription":{"score":9,"maxScore":9,"error":0},"keyphraseLength":{"score":9,"maxScore":9,"error":0,"length":4},"keyphraseInURL":{"score":5,"maxScore":5,"error":0},"keyphraseInIntroduction":{"score":3,"maxScore":9,"error":1},"keyphraseInSubHeadings":{"score":3,"maxScore":9,"error":1},"keyphraseInImageAlt":{"score":3,"maxScore":9,"error":1},"keywordDensity":{"score":0,"type":"low","maxScore":9,"error":1}}},"additional":[{"keyphrase":"Guatemala","score":73,"analysis":{"keyphraseInDescription":{"score":3,"maxScore":9,"error":1},"keyphraseLength":{"score":9,"maxScore":9,"error":0,"length":1},"keyphraseInIntroduction":{"score":9,"maxScore":9,"error":0},"keyphraseInImageAlt":{"score":3,"maxScore":9,"error":1},"keywordDensity":{"type":"best","score":9,"maxScore":9,"error":0}}},{"keyphrase":"zurdos","score":73,"analysis":{"keyphraseInDescription":{"score":3,"maxScore":9,"error":1},"keyphraseLength":{"score":9,"maxScore":9,"error":0,"length":1},"keyphraseInIntroduction":{"score":3,"maxScore":9,"error":1},"keyphraseInImageAlt":{"score":9,"maxScore":9,"error":0},"keywordDensity":{"type":"best","score":9,"maxScore":9,"error":0}}}]},"primary_term":null,"canonical_url":null,"og_title":null,"og_description":null,"og_object_type":"default","og_image_type":"default","og_image_url":null,"og_image_width":null,"og_image_height":null,"og_image_custom_url":null,"og_image_custom_fields":null,"og_video":"","og_custom_url":null,"og_article_section":null,"og_article_tags":null,"twitter_use_og":false,"twitter_card":"default","twitter_image_type":"default","twitter_image_url":null,"twitter_image_custom_url":null,"twitter_image_custom_fields":null,"twitter_title":null,"twitter_description":null,"schema":{"blockGraphs":[],"customGraphs":[],"default":{"data":{"Article":[],"Course":[],"Dataset":[],"FAQPage":[],"Movie":[],"Person":[],"Product":[],"ProductReview":[],"Car":[],"Recipe":[],"Service":[],"SoftwareApplication":[],"WebPage":[]},"graphName":"none","isEnabled":true},"graphs":[]},"schema_type":"default","schema_type_options":null,"pillar_content":false,"robots_default":true,"robots_noindex":false,"robots_noarchive":false,"robots_nosnippet":false,"robots_nofollow":false,"robots_noimageindex":false,"robots_noodp":false,"robots_notranslate":false,"robots_max_snippet":"-1","robots_max_videopreview":"-1","robots_max_imagepreview":"large","priority":null,"frequency":"default","local_seo":null,"seo_analyzer_scan_date":"2025-10-09 07:38:16","breadcrumb_settings":null,"limit_modified_date":false,"reviewed_by":"0","open_ai":null,"ai":{"faqs":[],"keyPoints":[],"titles":[],"descriptions":[],"socialPosts":{"email":[],"linkedin":[],"twitter":[],"facebook":[],"instagram":[]}},"created":"2025-08-13 14:43:42","updated":"2026-02-05 04:16:01"},"aioseo_breadcrumb":"<div class=\"aioseo-breadcrumbs\"><span class=\"aioseo-breadcrumb\">\n\t<a href=\"https:\/\/soymigrante.com\/revista\" title=\"Home\">Home<\/a>\n<\/span><span class=\"aioseo-breadcrumb-separator\">\u00bb<\/span><span class=\"aioseo-breadcrumb\">\n\t<a href=\"https:\/\/soymigrante.com\/revista\/category\/bienestar\/\" title=\"Bienestar\">Bienestar<\/a>\n<\/span><span class=\"aioseo-breadcrumb-separator\">\u00bb<\/span><span class=\"aioseo-breadcrumb\">\n\tD\u00eda del Zurdo y lo que las personas con esta habilidad suelen enfrentar a diario\n<\/span><\/div>","aioseo_breadcrumb_json":[{"label":"Home","link":"https:\/\/soymigrante.com\/revista"},{"label":"Bienestar","link":"https:\/\/soymigrante.com\/revista\/category\/bienestar\/"},{"label":"D\u00eda del Zurdo y lo que las personas con esta habilidad suelen enfrentar a diario","link":"https:\/\/soymigrante.com\/revista\/dia-del-zurdo-y-lo-que-las-personas-con-esta-habilidad-suelen-enfrentar-a-diario\/"}],"_links":{"self":[{"href":"https:\/\/soymigrante.com\/revista\/wp-json\/wp\/v2\/posts\/41948","targetHints":{"allow":["GET"]}}],"collection":[{"href":"https:\/\/soymigrante.com\/revista\/wp-json\/wp\/v2\/posts"}],"about":[{"href":"https:\/\/soymigrante.com\/revista\/wp-json\/wp\/v2\/types\/post"}],"author":[{"embeddable":true,"href":"https:\/\/soymigrante.com\/revista\/wp-json\/wp\/v2\/users\/19"}],"replies":[{"embeddable":true,"href":"https:\/\/soymigrante.com\/revista\/wp-json\/wp\/v2\/comments?post=41948"}],"version-history":[{"count":15,"href":"https:\/\/soymigrante.com\/revista\/wp-json\/wp\/v2\/posts\/41948\/revisions"}],"predecessor-version":[{"id":41979,"href":"https:\/\/soymigrante.com\/revista\/wp-json\/wp\/v2\/posts\/41948\/revisions\/41979"}],"wp:featuredmedia":[{"embeddable":true,"href":"https:\/\/soymigrante.com\/revista\/wp-json\/wp\/v2\/media\/41949"}],"wp:attachment":[{"href":"https:\/\/soymigrante.com\/revista\/wp-json\/wp\/v2\/media?parent=41948"}],"wp:term":[{"taxonomy":"category","embeddable":true,"href":"https:\/\/soymigrante.com\/revista\/wp-json\/wp\/v2\/categories?post=41948"},{"taxonomy":"post_tag","embeddable":true,"href":"https:\/\/soymigrante.com\/revista\/wp-json\/wp\/v2\/tags?post=41948"}],"curies":[{"name":"wp","href":"https:\/\/api.w.org\/{rel}","templated":true}]}}