{"id":41918,"date":"2025-08-13T07:00:00","date_gmt":"2025-08-13T13:00:00","guid":{"rendered":"https:\/\/soymigrante.com\/revista\/?p=41918"},"modified":"2025-08-27T11:27:29","modified_gmt":"2025-08-27T17:27:29","slug":"hay-que-saber-cuidarse-la-nariz-para-evitar-lesiones","status":"publish","type":"post","link":"https:\/\/soymigrante.com\/revista\/hay-que-saber-cuidarse-la-nariz-para-evitar-lesiones\/","title":{"rendered":"Hay que saber cuidarse la nariz para evitar lesiones"},"content":{"rendered":"\t\t<div data-elementor-type=\"wp-post\" data-elementor-id=\"41918\" class=\"elementor elementor-41918\" data-elementor-post-type=\"post\">\n\t\t\t\t<div data-particle_enable=\"false\" data-particle-mobile-disabled=\"false\" class=\"elementor-element elementor-element-2574130 e-flex e-con-boxed e-con e-parent\" data-id=\"2574130\" data-element_type=\"container\" data-e-type=\"container\">\n\t\t\t\t\t<div class=\"e-con-inner\">\n\t\t\t\t<div class=\"elementor-element elementor-element-346d472 elementor-widget elementor-widget-heading\" data-id=\"346d472\" data-element_type=\"widget\" data-e-type=\"widget\" data-widget_type=\"heading.default\">\n\t\t\t\t\t<h2 class=\"elementor-heading-title elementor-size-default\">Picarse la nariz o introducir objetos puede hacerte m\u00e1s da\u00f1o del que te imaginas, por eso debes evitarlo. <\/h2>\t\t\t\t<\/div>\n\t\t\t\t\t<\/div>\n\t\t\t\t<\/div>\n\t\t<div data-particle_enable=\"false\" data-particle-mobile-disabled=\"false\" class=\"elementor-element elementor-element-f344326 e-flex e-con-boxed e-con e-parent\" data-id=\"f344326\" data-element_type=\"container\" data-e-type=\"container\">\n\t\t\t\t\t<div class=\"e-con-inner\">\n\t\t\t\t<div class=\"elementor-element elementor-element-3961499 elementor-widget elementor-widget-text-editor\" data-id=\"3961499\" data-element_type=\"widget\" data-e-type=\"widget\" data-widget_type=\"text-editor.default\">\n\t\t\t\t\t\t\t\t\t<p><a href=\"https:\/\/soymigrante.com\/revista\/consejopara-cuidar-tus-ojos-en-el-trabajo-en-casa-y-en-la-calle\/\" target=\"_blank\" rel=\"noopener\">Picarse la nariz o introducir objetos en ella es un h\u00e1bito com\u00fan que,<\/a> aunque muchas personas lo consideran inofensivo, puede traer consecuencias graves para la salud. Ana G\u00f3mez, otorrinologa, advierte que esta pr\u00e1ctica incrementa el riesgo de infecciones, sangrados y da\u00f1os en las estructuras internas de la nariz.<\/p><p><a href=\"https:\/\/soymigrante.com\/revista\/consejopara-cuidar-tus-ojos-en-el-trabajo-en-casa-y-en-la-calle\/\" target=\"_blank\" rel=\"noopener\">La mucosa nasal est\u00e1 recubierta por una fina capa de tejido muy sensible y con abundantes vasos sangu\u00edneos.<\/a> Al introducir los dedos u objetos extra\u00f1os, se pueden provocar microlesiones que facilitan la entrada de bacterias y virus, lo que puede desencadenar infecciones como la rinosinusitis. Adem\u00e1s, en casos m\u00e1s graves, las bacterias pueden pasar al torrente sangu\u00edneo y generar complicaciones.<\/p>\t\t\t\t\t\t\t\t<\/div>\n\t\t\t\t\t<\/div>\n\t\t\t\t<\/div>\n\t\t<div data-particle_enable=\"false\" data-particle-mobile-disabled=\"false\" class=\"elementor-element elementor-element-bb61fc5 e-flex e-con-boxed e-con e-parent\" data-id=\"bb61fc5\" data-element_type=\"container\" data-e-type=\"container\">\n\t\t\t\t\t<div class=\"e-con-inner\">\n\t\t\t\t<div class=\"elementor-element elementor-element-a730328 elementor-widget elementor-widget-image\" data-id=\"a730328\" data-element_type=\"widget\" data-e-type=\"widget\" data-widget_type=\"image.default\">\n\t\t\t\t\t\t\t\t\t\t\t\t<figure class=\"wp-caption\">\n\t\t\t\t\t\t\t\t\t\t<img fetchpriority=\"high\" decoding=\"async\" width=\"1024\" height=\"653\" src=\"https:\/\/soymigrante.com\/revista\/wp-content\/uploads\/2025\/08\/Por-que-es-tan-danino-para-la-salud-picarse-la-nariz-o-introducir-objetos-2-1024x653.jpeg\" class=\"attachment-large size-large wp-image-41925\" alt=\"Ni\u00f1a peque\u00f1a en un parque, se\u00f1alando su nariz con expresi\u00f3n pensativa, en un entorno al aire libre con \u00e1rboles y senderos, promoviendo bienestar infantil y salud mental para ni\u00f1os.\" srcset=\"https:\/\/soymigrante.com\/revista\/wp-content\/uploads\/2025\/08\/Por-que-es-tan-danino-para-la-salud-picarse-la-nariz-o-introducir-objetos-2-1024x653.jpeg 1024w, https:\/\/soymigrante.com\/revista\/wp-content\/uploads\/2025\/08\/Por-que-es-tan-danino-para-la-salud-picarse-la-nariz-o-introducir-objetos-2-300x191.jpeg 300w, https:\/\/soymigrante.com\/revista\/wp-content\/uploads\/2025\/08\/Por-que-es-tan-danino-para-la-salud-picarse-la-nariz-o-introducir-objetos-2-768x490.jpeg 768w, https:\/\/soymigrante.com\/revista\/wp-content\/uploads\/2025\/08\/Por-que-es-tan-danino-para-la-salud-picarse-la-nariz-o-introducir-objetos-2-1536x979.jpeg 1536w, https:\/\/soymigrante.com\/revista\/wp-content\/uploads\/2025\/08\/Por-que-es-tan-danino-para-la-salud-picarse-la-nariz-o-introducir-objetos-2-750x478.webp 750w, https:\/\/soymigrante.com\/revista\/wp-content\/uploads\/2025\/08\/Por-que-es-tan-danino-para-la-salud-picarse-la-nariz-o-introducir-objetos-2-1140x727.webp 1140w, https:\/\/soymigrante.com\/revista\/wp-content\/uploads\/2025\/08\/Por-que-es-tan-danino-para-la-salud-picarse-la-nariz-o-introducir-objetos-2.webp 1600w\" sizes=\"(max-width: 1024px) 100vw, 1024px\" \/>\t\t\t\t\t\t\t\t\t\t\t<figcaption class=\"widget-image-caption wp-caption-text\">Ni\u00f1a peque\u00f1a se\u00f1alando su nariz en un parque, expresa curiosidad y bienestar infantil en un entorno natural con \u00e1rboles y senderos, promoviendo la salud emocional y el desarrollo infantil.<\/figcaption>\n\t\t\t\t\t\t\t\t\t\t<\/figure>\n\t\t\t\t\t\t\t\t\t<\/div>\n\t\t\t\t\t<\/div>\n\t\t\t\t<\/div>\n\t\t<div data-particle_enable=\"false\" data-particle-mobile-disabled=\"false\" class=\"elementor-element elementor-element-74a0a8d e-flex e-con-boxed e-con e-parent\" data-id=\"74a0a8d\" data-element_type=\"container\" data-e-type=\"container\">\n\t\t\t\t\t<div class=\"e-con-inner\">\n\t\t\t\t<div class=\"elementor-element elementor-element-462366f elementor-widget elementor-widget-heading\" data-id=\"462366f\" data-element_type=\"widget\" data-e-type=\"widget\" data-widget_type=\"heading.default\">\n\t\t\t\t\t<h3 class=\"elementor-heading-title elementor-size-default\">Riesgos m\u00e1s frecuentes <\/h3>\t\t\t\t<\/div>\n\t\t\t\t\t<\/div>\n\t\t\t\t<\/div>\n\t\t<div data-particle_enable=\"false\" data-particle-mobile-disabled=\"false\" class=\"elementor-element elementor-element-ca1f7d7 e-flex e-con-boxed e-con e-parent\" data-id=\"ca1f7d7\" data-element_type=\"container\" data-e-type=\"container\">\n\t\t\t\t\t<div class=\"e-con-inner\">\n\t\t\t\t<div class=\"elementor-element elementor-element-2cbd68c elementor-widget elementor-widget-text-editor\" data-id=\"2cbd68c\" data-element_type=\"widget\" data-e-type=\"widget\" data-widget_type=\"text-editor.default\">\n\t\t\t\t\t\t\t\t\t<p><a href=\"https:\/\/soymigrante.com\/revista\/consejopara-cuidar-tus-ojos-en-el-trabajo-en-casa-y-en-la-calle\/\" target=\"_blank\" rel=\"noopener\">Uno de los riesgos m\u00e1s frecuentes es la epistaxis o sangrado nasal.<\/a> Este puede ir desde una peque\u00f1a hemorragia hasta sangrados intensos que requieren atenci\u00f3n m\u00e9dica, especialmente si se da\u00f1an vasos importantes ubicados en la zona conocida como \u201cplexo de Kiesselbach\u201d, altamente propensa a lesiones.<\/p><p>Los m\u00e9dicos tambi\u00e9n alertan sobre el peligro de introducir objetos, particularmente en ni\u00f1os, ya que estos pueden quedar atrapados y causar obstrucciones respiratorias, dolor, inflamaci\u00f3n e incluso perforaciones del tabique nasal. En algunos casos, es necesario realizar procedimientos quir\u00fargicos para retirarlos.<\/p><p>Asimismo, e<a href=\"https:\/\/soymigrante.com\/revista\/consejopara-cuidar-tus-ojos-en-el-trabajo-en-casa-y-en-la-calle\/\" target=\"_blank\" rel=\"noopener\">ste h\u00e1bito puede empeorar problemas respiratorios existentes, como alergias o inflamaciones cr\u00f3nicas, al alterar el equilibrio natural de la mucosa<\/a> y reducir la eficacia de los cilios nasales, que son responsables de filtrar y limpiar el aire que respiramos.<\/p>\t\t\t\t\t\t\t\t<\/div>\n\t\t\t\t\t<\/div>\n\t\t\t\t<\/div>\n\t\t<div data-particle_enable=\"false\" data-particle-mobile-disabled=\"false\" class=\"elementor-element elementor-element-94b018f e-flex e-con-boxed e-con e-parent\" data-id=\"94b018f\" data-element_type=\"container\" data-e-type=\"container\">\n\t\t\t\t\t<div class=\"e-con-inner\">\n\t\t\t\t<div class=\"elementor-element elementor-element-4cf9085 elementor-grid-eael-col-1 elementor-grid-tablet-eael-col-2 elementor-grid-mobile-eael-col-1 elementor-invisible elementor-widget elementor-widget-eael-post-grid\" data-id=\"4cf9085\" data-element_type=\"widget\" data-e-type=\"widget\" data-settings=\"{&quot;eael_post_grid_columns&quot;:&quot;eael-col-1&quot;,&quot;_animation&quot;:&quot;rollIn&quot;,&quot;eael_post_grid_columns_tablet&quot;:&quot;eael-col-2&quot;,&quot;eael_post_grid_columns_mobile&quot;:&quot;eael-col-1&quot;}\" data-widget_type=\"eael-post-grid.default\">\n\t\t\t\t\t<div id=\"eael-post-grid-4cf9085\" class=\"eael-post-grid-container\">\n            <div class=\"eael-post-grid eael-post-appender eael-post-appender-4cf9085 eael-post-grid-style-one\" data-layout-mode=\"masonry\"><article class=\"eael-grid-post  eael-post-grid-column eael-pg-post-28162 category-bienestar\" data-id=\"28162\">\n        <div class=\"eael-grid-post-holder\">\n            <div class=\"eael-grid-post-holder-inner\"><div class=\"eael-entry-media\"><div class=\"eael-entry-overlay fade-in\"><i class=\"far fa-hand-pointer\" aria-hidden=\"true\"><\/i><a href=\"https:\/\/soymigrante.com\/revista\/ingredientes-naturales-clave-para-favorecer-la-digestion\/\"><\/a><\/div><div class=\"eael-entry-thumbnail eael-image-ratio\">\n                <img decoding=\"async\" width=\"484\" height=\"484\" src=\"https:\/\/soymigrante.com\/revista\/wp-content\/uploads\/2025\/03\/ingredientes-saludables-digestion.webp\" class=\"attachment-large size-large wp-image-29609\" alt=\"Ch\u00eda y fruta con granada en un tarro de vidrio, alimentaci\u00f3n saludable, superalimentos, desayuno nutritivo, semillas de ch\u00eda y fruta fresca, tendencia en dietas Wellness y alimentaci\u00f3n consciente.\" srcset=\"https:\/\/soymigrante.com\/revista\/wp-content\/uploads\/2025\/03\/ingredientes-saludables-digestion.webp 484w, https:\/\/soymigrante.com\/revista\/wp-content\/uploads\/2025\/03\/ingredientes-saludables-digestion-300x300.png 300w, https:\/\/soymigrante.com\/revista\/wp-content\/uploads\/2025\/03\/ingredientes-saludables-digestion-150x150.png 150w, https:\/\/soymigrante.com\/revista\/wp-content\/uploads\/2025\/03\/ingredientes-saludables-digestion-75x75.webp 75w\" sizes=\"(max-width: 484px) 100vw, 484px\" \/>\n            <\/div>\n        <\/div><div class=\"eael-entry-wrapper\"><header class=\"eael-entry-header\"><h2 class=\"eael-entry-title\"><a class=\"eael-grid-post-link\" href=\"https:\/\/soymigrante.com\/revista\/ingredientes-naturales-clave-para-favorecer-la-digestion\/\" title=\"Ingredientes naturales clave para favorecer la digesti\u00f3n\">Ingredientes naturales clave para favorecer la digesti\u00f3n<\/a><\/h2><\/header><div class=\"eael-entry-content\">\n                        <div class=\"eael-grid-post-excerpt\"><a href=\"https:\/\/soymigrante.com\/revista\/ingredientes-naturales-clave-para-favorecer-la-digestion\/\" class=\"eael-post-elements-readmore-btn\">CONOCE SU HISTORIA <\/a><\/div>\n                    <\/div><\/div><\/div>\n        <\/div>\n    <\/article><\/div>\n            <div class=\"clearfix\"><\/div>\n        <\/div>\t\t\t\t<\/div>\n\t\t\t\t\t<\/div>\n\t\t\t\t<\/div>\n\t\t<div data-particle_enable=\"false\" data-particle-mobile-disabled=\"false\" class=\"elementor-element elementor-element-d7a4638 e-flex e-con-boxed e-con e-parent\" data-id=\"d7a4638\" data-element_type=\"container\" data-e-type=\"container\">\n\t\t\t\t\t<div class=\"e-con-inner\">\n\t\t\t\t<div class=\"elementor-element elementor-element-8f613fb elementor-widget elementor-widget-heading\" data-id=\"8f613fb\" data-element_type=\"widget\" data-e-type=\"widget\" data-widget_type=\"heading.default\">\n\t\t\t\t\t<h3 class=\"elementor-heading-title elementor-size-default\">Mejorar la higiene nasal <\/h3>\t\t\t\t<\/div>\n\t\t\t\t\t<\/div>\n\t\t\t\t<\/div>\n\t\t<div data-particle_enable=\"false\" data-particle-mobile-disabled=\"false\" class=\"elementor-element elementor-element-9b1c4dc e-flex e-con-boxed e-con e-parent\" data-id=\"9b1c4dc\" data-element_type=\"container\" data-e-type=\"container\">\n\t\t\t\t\t<div class=\"e-con-inner\">\n\t\t\t\t<div class=\"elementor-element elementor-element-ab1acce elementor-widget elementor-widget-text-editor\" data-id=\"ab1acce\" data-element_type=\"widget\" data-e-type=\"widget\" data-widget_type=\"text-editor.default\">\n\t\t\t\t\t\t\t\t\t<p>La recomendaci\u00f3n de los especialistas es mantener una adecuada higiene nasal a trav\u00e9s del lavado con soluciones salinas, evitar manipular la nariz con las manos y buscar atenci\u00f3n m\u00e9dica si hay secreci\u00f3n persistente, sangrados frecuentes o dificultad para respirar.<\/p><p><a href=\"https:\/\/soymigrante.com\/revista\/consejopara-cuidar-tus-ojos-en-el-trabajo-en-casa-y-en-la-calle\/\" target=\"_blank\" rel=\"noopener\">M\u00e1s all\u00e1 de ser un h\u00e1bito poco est\u00e9tico, picarse la nariz o introducir objetos en ella representa un riesgo real<\/a> para la salud que puede prevenirse con informaci\u00f3n y cuidado personal.<\/p>\t\t\t\t\t\t\t\t<\/div>\n\t\t\t\t\t<\/div>\n\t\t\t\t<\/div>\n\t\t<div data-particle_enable=\"false\" data-particle-mobile-disabled=\"false\" class=\"elementor-element elementor-element-5912127 e-flex e-con-boxed e-con e-parent\" data-id=\"5912127\" data-element_type=\"container\" data-e-type=\"container\">\n\t\t\t\t\t<div class=\"e-con-inner\">\n\t\t\t\t<div class=\"elementor-element elementor-element-fdbcfb2 elementor-widget elementor-widget-heading\" data-id=\"fdbcfb2\" data-element_type=\"widget\" data-e-type=\"widget\" data-widget_type=\"heading.default\">\n\t\t\t\t\t<h2 class=\"elementor-heading-title elementor-size-default\">Conoce otros consejos que te pueden servir...<\/h2>\t\t\t\t<\/div>\n\t\t\t\t\t<\/div>\n\t\t\t\t<\/div>\n\t\t<div data-particle_enable=\"false\" data-particle-mobile-disabled=\"false\" class=\"elementor-element elementor-element-9e785bf e-flex e-con-boxed e-con e-parent\" data-id=\"9e785bf\" data-element_type=\"container\" data-e-type=\"container\">\n\t\t\t\t\t<div class=\"e-con-inner\">\n\t\t\t\t<div class=\"elementor-element elementor-element-a3d5047 elementor-grid-eael-col-3 elementor-grid-tablet-eael-col-2 elementor-grid-mobile-eael-col-1 elementor-invisible elementor-widget elementor-widget-eael-post-grid\" data-id=\"a3d5047\" data-element_type=\"widget\" data-e-type=\"widget\" data-settings=\"{&quot;eael_post_grid_columns&quot;:&quot;eael-col-3&quot;,&quot;_animation&quot;:&quot;rollIn&quot;,&quot;eael_post_grid_columns_tablet&quot;:&quot;eael-col-2&quot;,&quot;eael_post_grid_columns_mobile&quot;:&quot;eael-col-1&quot;}\" data-widget_type=\"eael-post-grid.default\">\n\t\t\t\t\t<div id=\"eael-post-grid-a3d5047\" class=\"eael-post-grid-container\">\n            <div class=\"eael-post-grid eael-post-appender eael-post-appender-a3d5047 eael-post-grid-style-one\" data-layout-mode=\"masonry\"><article class=\"eael-grid-post  eael-post-grid-column eael-pg-post-18046 category-bienestar\" data-id=\"18046\">\n        <div class=\"eael-grid-post-holder\">\n            <div class=\"eael-grid-post-holder-inner\"><div class=\"eael-entry-media\"><div class=\"eael-entry-overlay fade-in\"><i class=\"far fa-hand-pointer\" aria-hidden=\"true\"><\/i><a href=\"https:\/\/soymigrante.com\/revista\/es-muy-importante-cuidar-tus-oidos-y-te-damos-algunas-claves-para-hacerlo\/\"><\/a><\/div><div class=\"eael-entry-thumbnail \">\n                <img decoding=\"async\" width=\"1024\" height=\"746\" src=\"https:\/\/soymigrante.com\/revista\/wp-content\/uploads\/2024\/12\/La-importancia-de-cuidar-tus-oi\u0301dos-y-co\u0301mo-hacerlo2-1024x746.jpg\" class=\"attachment-large size-large wp-image-18048\" alt=\"La importancia de cuidar tus o\u00eddos y c\u00f3mo hacerlo\" srcset=\"https:\/\/soymigrante.com\/revista\/wp-content\/uploads\/2024\/12\/La-importancia-de-cuidar-tus-oi\u0301dos-y-co\u0301mo-hacerlo2-1024x746.jpg 1024w, https:\/\/soymigrante.com\/revista\/wp-content\/uploads\/2024\/12\/La-importancia-de-cuidar-tus-oi\u0301dos-y-co\u0301mo-hacerlo2-300x219.jpg 300w, https:\/\/soymigrante.com\/revista\/wp-content\/uploads\/2024\/12\/La-importancia-de-cuidar-tus-oi\u0301dos-y-co\u0301mo-hacerlo2-768x560.jpg 768w, https:\/\/soymigrante.com\/revista\/wp-content\/uploads\/2024\/12\/La-importancia-de-cuidar-tus-oi\u0301dos-y-co\u0301mo-hacerlo2-120x86.webp 120w, https:\/\/soymigrante.com\/revista\/wp-content\/uploads\/2024\/12\/La-importancia-de-cuidar-tus-oi\u0301dos-y-co\u0301mo-hacerlo2-750x547.webp 750w, https:\/\/soymigrante.com\/revista\/wp-content\/uploads\/2024\/12\/La-importancia-de-cuidar-tus-oi\u0301dos-y-co\u0301mo-hacerlo2-1140x831.webp 1140w, https:\/\/soymigrante.com\/revista\/wp-content\/uploads\/2024\/12\/La-importancia-de-cuidar-tus-oi\u0301dos-y-co\u0301mo-hacerlo2.webp 1280w\" sizes=\"(max-width: 1024px) 100vw, 1024px\" \/>\n            <\/div>\n        <\/div><div class=\"eael-entry-wrapper\"><header class=\"eael-entry-header\"><h2 class=\"eael-entry-title\"><a class=\"eael-grid-post-link\" href=\"https:\/\/soymigrante.com\/revista\/es-muy-importante-cuidar-tus-oidos-y-te-damos-algunas-claves-para-hacerlo\/\" title=\"Es muy importante cuidar tus o\u00eddos y te damos algunas claves para hacerlo\">Es muy importante cuidar tus o\u00eddos y te damos algunas claves para hacerlo<\/a><\/h2><\/header><div class=\"eael-entry-content\">\n                        <div class=\"eael-grid-post-excerpt\"><a href=\"https:\/\/soymigrante.com\/revista\/es-muy-importante-cuidar-tus-oidos-y-te-damos-algunas-claves-para-hacerlo\/\" class=\"eael-post-elements-readmore-btn\">CONOCE SU HISTORIA <\/a><\/div>\n                    <\/div><\/div><\/div>\n        <\/div>\n    <\/article><article class=\"eael-grid-post  eael-post-grid-column eael-pg-post-33890 category-bienestar\" data-id=\"33890\">\n        <div class=\"eael-grid-post-holder\">\n            <div class=\"eael-grid-post-holder-inner\"><div class=\"eael-entry-media\"><div class=\"eael-entry-overlay fade-in\"><i class=\"far fa-hand-pointer\" aria-hidden=\"true\"><\/i><a href=\"https:\/\/soymigrante.com\/revista\/consejopara-cuidar-tus-ojos-en-el-trabajo-en-casa-y-en-la-calle\/\"><\/a><\/div><div class=\"eael-entry-thumbnail \">\n                <img loading=\"lazy\" decoding=\"async\" width=\"1024\" height=\"1024\" src=\"https:\/\/soymigrante.com\/revista\/wp-content\/uploads\/2025\/05\/cuidado-de-la-vista-1024x1024.jpg\" class=\"attachment-large size-large wp-image-33929\" alt=\"Maquillaje natural y cuidado de la piel para migrantes: consejos y tendencias en belleza para fortalecer la autoestima en la comunidad migrante.\" srcset=\"https:\/\/soymigrante.com\/revista\/wp-content\/uploads\/2025\/05\/cuidado-de-la-vista-1024x1024.jpg 1024w, https:\/\/soymigrante.com\/revista\/wp-content\/uploads\/2025\/05\/cuidado-de-la-vista-300x300.jpg 300w, https:\/\/soymigrante.com\/revista\/wp-content\/uploads\/2025\/05\/cuidado-de-la-vista-150x150.jpg 150w, https:\/\/soymigrante.com\/revista\/wp-content\/uploads\/2025\/05\/cuidado-de-la-vista-768x768.jpg 768w, https:\/\/soymigrante.com\/revista\/wp-content\/uploads\/2025\/05\/cuidado-de-la-vista-1536x1536.jpg 1536w, https:\/\/soymigrante.com\/revista\/wp-content\/uploads\/2025\/05\/cuidado-de-la-vista-2048x2048.jpg 2048w, https:\/\/soymigrante.com\/revista\/wp-content\/uploads\/2025\/05\/cuidado-de-la-vista-75x75.webp 75w, https:\/\/soymigrante.com\/revista\/wp-content\/uploads\/2025\/05\/cuidado-de-la-vista-750x750.webp 750w, https:\/\/soymigrante.com\/revista\/wp-content\/uploads\/2025\/05\/cuidado-de-la-vista-1140x1140.webp 1140w, https:\/\/soymigrante.com\/revista\/wp-content\/uploads\/2025\/05\/cuidado-de-la-vista-scaled.webp 1920w\" sizes=\"(max-width: 1024px) 100vw, 1024px\" \/>\n            <\/div>\n        <\/div><div class=\"eael-entry-wrapper\"><header class=\"eael-entry-header\"><h2 class=\"eael-entry-title\"><a class=\"eael-grid-post-link\" href=\"https:\/\/soymigrante.com\/revista\/consejopara-cuidar-tus-ojos-en-el-trabajo-en-casa-y-en-la-calle\/\" title=\"Consejos para cuidar tus ojos en el trabajo, en casa y en la calle\">Consejos para cuidar tus ojos en el trabajo, en casa y en la calle<\/a><\/h2><\/header><div class=\"eael-entry-content\">\n                        <div class=\"eael-grid-post-excerpt\"><a href=\"https:\/\/soymigrante.com\/revista\/consejopara-cuidar-tus-ojos-en-el-trabajo-en-casa-y-en-la-calle\/\" class=\"eael-post-elements-readmore-btn\">CONOCE SU HISTORIA <\/a><\/div>\n                    <\/div><\/div><\/div>\n        <\/div>\n    <\/article><article class=\"eael-grid-post  eael-post-grid-column eael-pg-post-19785 category-bienestar\" data-id=\"19785\">\n        <div class=\"eael-grid-post-holder\">\n            <div class=\"eael-grid-post-holder-inner\"><div class=\"eael-entry-media\"><div class=\"eael-entry-overlay fade-in\"><i class=\"far fa-hand-pointer\" aria-hidden=\"true\"><\/i><a href=\"https:\/\/soymigrante.com\/revista\/cuidarse-las-unas-y-las-manos-trabajando-en-estados-unidos\/\"><\/a><\/div><div class=\"eael-entry-thumbnail \">\n                <img loading=\"lazy\" decoding=\"async\" width=\"936\" height=\"936\" src=\"https:\/\/soymigrante.com\/revista\/wp-content\/uploads\/2025\/01\/proteger-manos.webp\" class=\"attachment-large size-large wp-image-20184\" alt=\"Corta descripci\u00f3n de la imagen.\" srcset=\"https:\/\/soymigrante.com\/revista\/wp-content\/uploads\/2025\/01\/proteger-manos.webp 936w, https:\/\/soymigrante.com\/revista\/wp-content\/uploads\/2025\/01\/proteger-manos-300x300.jpg 300w, https:\/\/soymigrante.com\/revista\/wp-content\/uploads\/2025\/01\/proteger-manos-150x150.jpg 150w, https:\/\/soymigrante.com\/revista\/wp-content\/uploads\/2025\/01\/proteger-manos-768x768.jpg 768w, https:\/\/soymigrante.com\/revista\/wp-content\/uploads\/2025\/01\/proteger-manos-75x75.webp 75w, https:\/\/soymigrante.com\/revista\/wp-content\/uploads\/2025\/01\/proteger-manos-750x750.webp 750w\" sizes=\"(max-width: 936px) 100vw, 936px\" \/>\n            <\/div>\n        <\/div><div class=\"eael-entry-wrapper\"><header class=\"eael-entry-header\"><h2 class=\"eael-entry-title\"><a class=\"eael-grid-post-link\" href=\"https:\/\/soymigrante.com\/revista\/cuidarse-las-unas-y-las-manos-trabajando-en-estados-unidos\/\" title=\"\u00bfCuidarse las u\u00f1as y las manos trabajando en Estados Unidos?\">\u00bfCuidarse las u\u00f1as y las manos trabajando en Estados Unidos?<\/a><\/h2><\/header><div class=\"eael-entry-content\">\n                        <div class=\"eael-grid-post-excerpt\"><a href=\"https:\/\/soymigrante.com\/revista\/cuidarse-las-unas-y-las-manos-trabajando-en-estados-unidos\/\" class=\"eael-post-elements-readmore-btn\">CONOCE SU HISTORIA <\/a><\/div>\n                    <\/div><\/div><\/div>\n        <\/div>\n    <\/article><\/div>\n            <div class=\"clearfix\"><\/div>\n        <\/div>\t\t\t\t<\/div>\n\t\t\t\t\t<\/div>\n\t\t\t\t<\/div>\n\t\t\t\t<\/div>\n\t\t","protected":false},"excerpt":{"rendered":"<p>Picarse la nariz o introducir objetos puede hacerte m\u00e1s da\u00f1o del que te imaginas, por eso debes evitarlo. Picarse la nariz o introducir objetos en ella es un h\u00e1bito com\u00fan que, aunque muchas personas lo consideran inofensivo, puede traer consecuencias graves para la salud. Ana G\u00f3mez, otorrinologa, advierte que esta pr\u00e1ctica incrementa el riesgo de [&hellip;]<\/p>\n","protected":false},"author":19,"featured_media":41919,"comment_status":"open","ping_status":"open","sticky":false,"template":"","format":"standard","meta":{"_acf_changed":false,"_eb_attr":"","footnotes":""},"categories":[265],"tags":[264],"class_list":["post-41918","post","type-post","status-publish","format-standard","has-post-thumbnail","hentry","category-salud-fisica","tag-salud-fisica"],"acf":[],"aioseo_notices":[],"aioseo_head":"\n\t\t<!-- All in One SEO Pro 4.9.6.2 - aioseo.com -->\n\t<meta name=\"description\" content=\"Cuidarse las u\u00f1as y manos es vital para los trabajadores en Estados Unidos, no solo por razones est\u00e9ticas o higi\u00e9nicas, sino tambi\u00e9n por seguridad y desempe\u00f1o.\" \/>\n\t<meta name=\"robots\" content=\"max-snippet:-1, max-image-preview:large, max-video-preview:-1\" \/>\n\t<meta name=\"author\" content=\"Marysabel Aldana\"\/>\n\t<link rel=\"canonical\" href=\"https:\/\/soymigrante.com\/revista\/cuidarse-las-unas-y-las-manos-trabajando-en-estados-unidos\/\" \/>\n\t<meta name=\"generator\" content=\"All in One SEO Pro (AIOSEO) 4.9.6.2\" \/>\n\n\t\t<link rel=\"preconnect\" href=\"https:\/\/fonts.googleapis.com\" crossorigin>\n<link rel=\"preconnect\" href=\"https:\/\/fonts.gstatic.com\" crossorigin>\n\t\t<meta property=\"og:locale\" content=\"es_ES\" \/>\n\t\t<meta property=\"og:site_name\" content=\"SoyMigrante.com REVISTA \u2013 Nuestra misi\u00f3n es reconocer y dignificar al migrante.\" \/>\n\t\t<meta property=\"og:type\" content=\"article\" \/>\n\t\t<meta property=\"og:title\" content=\"\u00bfCuidarse las u\u00f1as y las manos trabajando en Estados Unidos?\" \/>\n\t\t<meta property=\"og:description\" content=\"Cuidarse las u\u00f1as y manos es vital para los trabajadores en Estados Unidos, no solo por razones est\u00e9ticas o higi\u00e9nicas, sino tambi\u00e9n por seguridad y desempe\u00f1o.\" \/>\n\t\t<meta property=\"og:url\" content=\"https:\/\/soymigrante.com\/revista\/cuidarse-las-unas-y-las-manos-trabajando-en-estados-unidos\/\" \/>\n\t\t<meta property=\"og:image\" content=\"https:\/\/soymigrante.com\/revista\/wp-content\/uploads\/2025\/01\/proteger-manos.webp\" \/>\n\t\t<meta property=\"og:image:secure_url\" content=\"https:\/\/soymigrante.com\/revista\/wp-content\/uploads\/2025\/01\/proteger-manos.webp\" \/>\n\t\t<meta property=\"og:image:width\" content=\"936\" \/>\n\t\t<meta property=\"og:image:height\" content=\"936\" \/>\n\t\t<meta property=\"article:published_time\" content=\"2025-01-10T12:00:00+00:00\" \/>\n\t\t<meta property=\"article:modified_time\" content=\"2025-01-27T01:08:09+00:00\" \/>\n\t\t<meta property=\"article:publisher\" content=\"https:\/\/www.facebook.com\/soymigrantecom\" \/>\n\t\t<meta name=\"twitter:card\" content=\"summary_large_image\" \/>\n\t\t<meta name=\"twitter:site\" content=\"@SoyMigrante_com\" \/>\n\t\t<meta name=\"twitter:title\" content=\"\u00bfCuidarse las u\u00f1as y las manos trabajando en Estados Unidos?\" \/>\n\t\t<meta name=\"twitter:description\" content=\"Cuidarse las u\u00f1as y manos es vital para los trabajadores en Estados Unidos, no solo por razones est\u00e9ticas o higi\u00e9nicas, sino tambi\u00e9n por seguridad y desempe\u00f1o.\" \/>\n\t\t<meta name=\"twitter:creator\" content=\"@SoyMigrante_com\" \/>\n\t\t<meta name=\"twitter:image\" content=\"https:\/\/soymigrante.com\/revista\/wp-content\/uploads\/2025\/01\/proteger-manos.webp\" \/>\n\t\t<!-- All in One SEO Pro -->\r\n\t\t<title>\u00bfCuidarse las u\u00f1as y las manos trabajando en Estados Unidos?<\/title>\n\n","aioseo_head_json":{"title":"\u00bfCuidarse las u\u00f1as y las manos trabajando en Estados Unidos?","description":"Cuidarse las u\u00f1as y manos es vital para los trabajadores en Estados Unidos, no solo por razones est\u00e9ticas o higi\u00e9nicas, sino tambi\u00e9n por seguridad y desempe\u00f1o.","canonical_url":"https:\/\/soymigrante.com\/revista\/cuidarse-las-unas-y-las-manos-trabajando-en-estados-unidos\/","robots":"max-snippet:-1, max-image-preview:large, max-video-preview:-1","keywords":"","webmasterTools":{"miscellaneous":"&lt;link rel=\"preconnect\" href=\"https:\/\/fonts.googleapis.com\" crossorigin&gt;\n&lt;link rel=\"preconnect\" href=\"https:\/\/fonts.gstatic.com\" crossorigin&gt;"},"schema":null,"og:locale":"es_ES","og:site_name":"SoyMigrante.com REVISTA \u2013 Nuestra misi\u00f3n es reconocer y dignificar al migrante.","og:type":"article","og:title":"\u00bfCuidarse las u\u00f1as y las manos trabajando en Estados Unidos?","og:description":"Cuidarse las u\u00f1as y manos es vital para los trabajadores en Estados Unidos, no solo por razones est\u00e9ticas o higi\u00e9nicas, sino tambi\u00e9n por seguridad y desempe\u00f1o.","og:url":"https:\/\/soymigrante.com\/revista\/cuidarse-las-unas-y-las-manos-trabajando-en-estados-unidos\/","og:image":"https:\/\/soymigrante.com\/revista\/wp-content\/uploads\/2025\/01\/proteger-manos.webp","og:image:secure_url":"https:\/\/soymigrante.com\/revista\/wp-content\/uploads\/2025\/01\/proteger-manos.webp","og:image:width":936,"og:image:height":936,"article:published_time":"2025-01-10T12:00:00+00:00","article:modified_time":"2025-01-27T01:08:09+00:00","article:publisher":"https:\/\/www.facebook.com\/soymigrantecom","twitter:card":"summary_large_image","twitter:site":"@SoyMigrante_com","twitter:title":"\u00bfCuidarse las u\u00f1as y las manos trabajando en Estados Unidos?","twitter:description":"Cuidarse las u\u00f1as y manos es vital para los trabajadores en Estados Unidos, no solo por razones est\u00e9ticas o higi\u00e9nicas, sino tambi\u00e9n por seguridad y desempe\u00f1o.","twitter:creator":"@SoyMigrante_com","twitter:image":"https:\/\/soymigrante.com\/revista\/wp-content\/uploads\/2025\/01\/proteger-manos.webp"},"aioseo_meta_data":{"post_id":"41918","title":null,"description":"Picarse la nariz o introducir objetos puede hacerte m\u00e1s da\u00f1o del que te imaginas, por eso debes evitarlo.","keywords":null,"keyphrases":{"focus":{"keyphrase":"nariz","score":91,"analysis":{"keyphraseInTitle":{"score":9,"maxScore":9,"error":0},"keyphraseInDescription":{"score":9,"maxScore":9,"error":0},"keyphraseLength":{"score":9,"maxScore":9,"error":0,"length":1},"keyphraseInURL":{"score":5,"maxScore":5,"error":0},"keyphraseInIntroduction":{"score":9,"maxScore":9,"error":0},"keyphraseInSubHeadings":{"score":3,"maxScore":9,"error":1},"keyphraseInImageAlt":{"score":9,"maxScore":9,"error":0},"keywordDensity":{"type":"best","score":9,"maxScore":9,"error":0}}},"additional":[{"keyphrase":"Picarse","score":87,"analysis":{"keyphraseInDescription":{"score":9,"maxScore":9,"error":0},"keyphraseLength":{"score":9,"maxScore":9,"error":0,"length":1},"keyphraseInIntroduction":{"score":9,"maxScore":9,"error":0},"keyphraseInImageAlt":{"score":3,"maxScore":9,"error":1},"keywordDensity":{"type":"best","score":9,"maxScore":9,"error":0}}}]},"primary_term":null,"canonical_url":null,"og_title":null,"og_description":null,"og_object_type":"default","og_image_type":"default","og_image_url":null,"og_image_width":null,"og_image_height":null,"og_image_custom_url":null,"og_image_custom_fields":null,"og_video":"","og_custom_url":null,"og_article_section":null,"og_article_tags":null,"twitter_use_og":false,"twitter_card":"default","twitter_image_type":"default","twitter_image_url":null,"twitter_image_custom_url":null,"twitter_image_custom_fields":null,"twitter_title":null,"twitter_description":null,"schema":{"blockGraphs":[],"customGraphs":[],"default":{"data":{"Article":[],"Course":[],"Dataset":[],"FAQPage":[],"Movie":[],"Person":[],"Product":[],"ProductReview":[],"Car":[],"Recipe":[],"Service":[],"SoftwareApplication":[],"WebPage":[]},"graphName":"none","isEnabled":true},"graphs":[]},"schema_type":"default","schema_type_options":null,"pillar_content":false,"robots_default":true,"robots_noindex":false,"robots_noarchive":false,"robots_nosnippet":false,"robots_nofollow":false,"robots_noimageindex":false,"robots_noodp":false,"robots_notranslate":false,"robots_max_snippet":"-1","robots_max_videopreview":"-1","robots_max_imagepreview":"large","priority":null,"frequency":"default","local_seo":null,"seo_analyzer_scan_date":"2025-10-09 07:38:15","breadcrumb_settings":null,"limit_modified_date":false,"reviewed_by":"0","open_ai":null,"ai":{"faqs":[],"keyPoints":[],"titles":[],"descriptions":[],"socialPosts":{"email":[],"linkedin":[],"twitter":[],"facebook":[],"instagram":[]}},"created":"2025-08-12 21:09:08","updated":"2026-02-05 04:15:59"},"aioseo_breadcrumb":"<div class=\"aioseo-breadcrumbs\"><span class=\"aioseo-breadcrumb\">\n\t<a href=\"https:\/\/soymigrante.com\/revista\" title=\"Home\">Home<\/a>\n<\/span><span class=\"aioseo-breadcrumb-separator\">\u00bb<\/span><span class=\"aioseo-breadcrumb\">\n\t<a href=\"https:\/\/soymigrante.com\/revista\/category\/bienestar\/\" title=\"Bienestar\">Bienestar<\/a>\n<\/span><span class=\"aioseo-breadcrumb-separator\">\u00bb<\/span><span class=\"aioseo-breadcrumb\">\n\t<a href=\"https:\/\/soymigrante.com\/revista\/category\/bienestar\/salud-fisica\/\" title=\"Salud F\u00edsica\">Salud F\u00edsica<\/a>\n<\/span><span class=\"aioseo-breadcrumb-separator\">\u00bb<\/span><span class=\"aioseo-breadcrumb\">\n\tHay que saber cuidarse la nariz para evitar lesiones\n<\/span><\/div>","aioseo_breadcrumb_json":[{"label":"Home","link":"https:\/\/soymigrante.com\/revista"},{"label":"Bienestar","link":"https:\/\/soymigrante.com\/revista\/category\/bienestar\/"},{"label":"Salud F\u00edsica","link":"https:\/\/soymigrante.com\/revista\/category\/bienestar\/salud-fisica\/"},{"label":"Hay que saber cuidarse la nariz para evitar lesiones","link":"https:\/\/soymigrante.com\/revista\/hay-que-saber-cuidarse-la-nariz-para-evitar-lesiones\/"}],"_links":{"self":[{"href":"https:\/\/soymigrante.com\/revista\/wp-json\/wp\/v2\/posts\/41918","targetHints":{"allow":["GET"]}}],"collection":[{"href":"https:\/\/soymigrante.com\/revista\/wp-json\/wp\/v2\/posts"}],"about":[{"href":"https:\/\/soymigrante.com\/revista\/wp-json\/wp\/v2\/types\/post"}],"author":[{"embeddable":true,"href":"https:\/\/soymigrante.com\/revista\/wp-json\/wp\/v2\/users\/19"}],"replies":[{"embeddable":true,"href":"https:\/\/soymigrante.com\/revista\/wp-json\/wp\/v2\/comments?post=41918"}],"version-history":[{"count":13,"href":"https:\/\/soymigrante.com\/revista\/wp-json\/wp\/v2\/posts\/41918\/revisions"}],"predecessor-version":[{"id":42847,"href":"https:\/\/soymigrante.com\/revista\/wp-json\/wp\/v2\/posts\/41918\/revisions\/42847"}],"wp:featuredmedia":[{"embeddable":true,"href":"https:\/\/soymigrante.com\/revista\/wp-json\/wp\/v2\/media\/41919"}],"wp:attachment":[{"href":"https:\/\/soymigrante.com\/revista\/wp-json\/wp\/v2\/media?parent=41918"}],"wp:term":[{"taxonomy":"category","embeddable":true,"href":"https:\/\/soymigrante.com\/revista\/wp-json\/wp\/v2\/categories?post=41918"},{"taxonomy":"post_tag","embeddable":true,"href":"https:\/\/soymigrante.com\/revista\/wp-json\/wp\/v2\/tags?post=41918"}],"curies":[{"name":"wp","href":"https:\/\/api.w.org\/{rel}","templated":true}]}}