{"id":41883,"date":"2025-08-13T08:00:00","date_gmt":"2025-08-13T14:00:00","guid":{"rendered":"https:\/\/soymigrante.com\/revista\/?p=41883"},"modified":"2025-10-03T12:51:58","modified_gmt":"2025-10-03T18:51:58","slug":"waykan-store-impulsa-tradicion-talento-y-creatividad-de-tejedoras-mayas-y-ya-esta-en-mercado","status":"publish","type":"post","link":"https:\/\/soymigrante.com\/revista\/waykan-store-impulsa-tradicion-talento-y-creatividad-de-tejedoras-mayas-y-ya-esta-en-mercado\/","title":{"rendered":"Waykan Store impulsa tradici\u00f3n, talento y creatividad de tejedoras mayas y ya est\u00e1 en MERCADO"},"content":{"rendered":"\t\t<div data-elementor-type=\"wp-post\" data-elementor-id=\"41883\" class=\"elementor elementor-41883\" data-elementor-post-type=\"post\">\n\t\t\t\t<div data-particle_enable=\"false\" data-particle-mobile-disabled=\"false\" class=\"elementor-element elementor-element-60845b3 e-flex e-con-boxed e-con e-parent\" data-id=\"60845b3\" data-element_type=\"container\" data-e-type=\"container\">\n\t\t\t\t\t<div class=\"e-con-inner\">\n\t\t\t\t<div class=\"elementor-element elementor-element-138bf78 elementor-widget elementor-widget-heading\" data-id=\"138bf78\" data-element_type=\"widget\" data-e-type=\"widget\" data-widget_type=\"heading.default\">\n\t\t\t\t\t<h2 class=\"elementor-heading-title elementor-size-default\">Waykan Store es un espacio para que las mujeres guatemaltecas muestren su arte al mundo, pero tambi\u00e9n para que se promocionen en MERCADO. \n<\/h2>\t\t\t\t<\/div>\n\t\t\t\t\t<\/div>\n\t\t\t\t<\/div>\n\t\t<div data-particle_enable=\"false\" data-particle-mobile-disabled=\"false\" class=\"elementor-element elementor-element-03051b6 e-flex e-con-boxed e-con e-parent\" data-id=\"03051b6\" data-element_type=\"container\" data-e-type=\"container\">\n\t\t\t\t\t<div class=\"e-con-inner\">\n\t\t\t\t<div class=\"elementor-element elementor-element-2a31320 elementor-widget elementor-widget-text-editor\" data-id=\"2a31320\" data-element_type=\"widget\" data-e-type=\"widget\" data-widget_type=\"text-editor.default\">\n\t\t\t\t\t\t\t\t\t<p>Claudia de Le\u00f3n, encargada de la tienda <a href=\"https:\/\/soymigrante.com\/mercado\/marketplace\/seller\/profile\/waykan\" target=\"_blank\" rel=\"noopener\">Waykan Store<\/a>, ha convertido su emprendimiento en una plataforma de apoyo y oportunidades para mujeres que buscan cumplir sus sue\u00f1os.<\/p><p>El negocio, alojado en la plataforma <a href=\"https:\/\/soymigrante.com\/mercado\/\" target=\"_blank\" rel=\"noopener\">MERCADO dentro de la p\u00e1gina SoyMigrante.com,<\/a> se ha transformado en un escaparate digital que conecta el talento artesanal guatemalteco con clientes en diferentes lugares.<\/p><p>\u201cEsta tienda naci\u00f3 de la necesidad de que las mujeres tuvi\u00e9ramos oportunidades de hacer grandes cosas, al mismo tiempo que logr\u00e1ramos ganar dinero y mostrar nuestro arte\u201d, expres\u00f3 De Le\u00f3n.<\/p>\t\t\t\t\t\t\t\t<\/div>\n\t\t\t\t\t<\/div>\n\t\t\t\t<\/div>\n\t\t<div data-particle_enable=\"false\" data-particle-mobile-disabled=\"false\" class=\"elementor-element elementor-element-9042282 e-flex e-con-boxed e-con e-parent\" data-id=\"9042282\" data-element_type=\"container\" data-e-type=\"container\">\n\t\t\t\t\t<div class=\"e-con-inner\">\n\t\t\t\t<div class=\"elementor-element elementor-element-e0c4340 elementor-widget elementor-widget-video\" data-id=\"e0c4340\" data-element_type=\"widget\" data-e-type=\"widget\" data-settings=\"{&quot;youtube_url&quot;:&quot;https:\\\/\\\/youtu.be\\\/OLamiVMjEUM?si=Vr4mgf23V6ht-rL9&quot;,&quot;video_type&quot;:&quot;youtube&quot;,&quot;controls&quot;:&quot;yes&quot;}\" data-widget_type=\"video.default\">\n\t\t\t\t\t\t\t<div class=\"elementor-wrapper elementor-open-inline\">\n\t\t\t<div class=\"elementor-video\"><\/div>\t\t<\/div>\n\t\t\t\t\t\t<\/div>\n\t\t\t\t<div class=\"elementor-element elementor-element-52bf99f elementor-widget elementor-widget-text-editor\" data-id=\"52bf99f\" data-element_type=\"widget\" data-e-type=\"widget\" data-widget_type=\"text-editor.default\">\n\t\t\t\t\t\t\t\t\t<p><a href=\"https:\/\/soymigrante.com\/mercado\/marketplace\/seller\/profile\/waykan\" target=\"_blank\" rel=\"noopener\">Waykan Store<\/a> ya abri\u00f3 su tienda digital en <a href=\"https:\/\/soymigrante.com\/mercado\/\" target=\"_blank\" rel=\"noopener\">SoyMigrante.com MERCADO,<\/a> la comunidad que une a emprendedores guatemaltecos con compradores en todo el pa\u00eds para impulsar la econom\u00eda familiar y comunitaria, generar oportunidades, facilitar log\u00edstica de pago y entrega, as\u00ed como mostrar el inmenso talento de los guatemaltecos. Y esta es la historia detr\u00e1s de <a href=\"https:\/\/soymigrante.com\/mercado\/marketplace\/seller\/profile\/waykan\" target=\"_blank\" rel=\"noopener\">Waykan Store.<\/a><\/p>\t\t\t\t\t\t\t\t<\/div>\n\t\t\t\t\t<\/div>\n\t\t\t\t<\/div>\n\t\t<div data-particle_enable=\"false\" data-particle-mobile-disabled=\"false\" class=\"elementor-element elementor-element-27f307d e-flex e-con-boxed e-con e-parent\" data-id=\"27f307d\" data-element_type=\"container\" data-e-type=\"container\">\n\t\t\t\t\t<div class=\"e-con-inner\">\n\t\t\t\t<div class=\"elementor-element elementor-element-2e5eb86 elementor-widget elementor-widget-image\" data-id=\"2e5eb86\" data-element_type=\"widget\" data-e-type=\"widget\" data-widget_type=\"image.default\">\n\t\t\t\t\t\t\t\t\t\t\t\t<figure class=\"wp-caption\">\n\t\t\t\t\t\t\t\t\t\t\t<a href=\"https:\/\/soymigrante.com\/mercado\/marketplace\/seller\/profile\/waykan\">\n\t\t\t\t\t\t\t<img fetchpriority=\"high\" decoding=\"async\" width=\"1024\" height=\"381\" src=\"https:\/\/soymigrante.com\/revista\/wp-content\/uploads\/2025\/08\/Claudia-de-Leon-tiene-un-espacio-para-ayudar-mujeres-en-Waykan-Store-que-ahora-esta-en-MERCADO1-1024x381.png\" class=\"attachment-large size-large wp-image-41889\" alt=\"Artesan\u00eda tradicional mexicana con bordados coloridos, moda ind\u00edgena en Huehuetenango, Guatemala, presentada en SoyMigrante.com REVISTA.\" srcset=\"https:\/\/soymigrante.com\/revista\/wp-content\/uploads\/2025\/08\/Claudia-de-Leon-tiene-un-espacio-para-ayudar-mujeres-en-Waykan-Store-que-ahora-esta-en-MERCADO1-1024x381.png 1024w, https:\/\/soymigrante.com\/revista\/wp-content\/uploads\/2025\/08\/Claudia-de-Leon-tiene-un-espacio-para-ayudar-mujeres-en-Waykan-Store-que-ahora-esta-en-MERCADO1-300x112.png 300w, https:\/\/soymigrante.com\/revista\/wp-content\/uploads\/2025\/08\/Claudia-de-Leon-tiene-un-espacio-para-ayudar-mujeres-en-Waykan-Store-que-ahora-esta-en-MERCADO1-768x286.png 768w, https:\/\/soymigrante.com\/revista\/wp-content\/uploads\/2025\/08\/Claudia-de-Leon-tiene-un-espacio-para-ayudar-mujeres-en-Waykan-Store-que-ahora-esta-en-MERCADO1-1536x571.png 1536w, https:\/\/soymigrante.com\/revista\/wp-content\/uploads\/2025\/08\/Claudia-de-Leon-tiene-un-espacio-para-ayudar-mujeres-en-Waykan-Store-que-ahora-esta-en-MERCADO1-750x279.webp 750w, https:\/\/soymigrante.com\/revista\/wp-content\/uploads\/2025\/08\/Claudia-de-Leon-tiene-un-espacio-para-ayudar-mujeres-en-Waykan-Store-que-ahora-esta-en-MERCADO1-1140x424.webp 1140w, https:\/\/soymigrante.com\/revista\/wp-content\/uploads\/2025\/08\/Claudia-de-Leon-tiene-un-espacio-para-ayudar-mujeres-en-Waykan-Store-que-ahora-esta-en-MERCADO1.webp 1729w\" sizes=\"(max-width: 1024px) 100vw, 1024px\" title=\"La tienda tiene productos hermosos. (Foto: captura de pantalla) \u2013 SoyMigrante.com REVISTA\" \/>\t\t\t\t\t\t\t\t<\/a>\n\t\t\t\t\t\t\t\t\t\t\t<figcaption class=\"widget-image-caption wp-caption-text\">Mujer en traje tradicional guatemalteco con bordados vibrantes en un entorno de librer\u00edas, resaltando cultura, identidad y moda \u00e9tnica.<\/figcaption>\n\t\t\t\t\t\t\t\t\t\t<\/figure>\n\t\t\t\t\t\t\t\t\t<\/div>\n\t\t\t\t\t<\/div>\n\t\t\t\t<\/div>\n\t\t<div data-particle_enable=\"false\" data-particle-mobile-disabled=\"false\" class=\"elementor-element elementor-element-f80a4c1 e-flex e-con-boxed e-con e-parent\" data-id=\"f80a4c1\" data-element_type=\"container\" data-e-type=\"container\">\n\t\t\t\t\t<div class=\"e-con-inner\">\n\t\t\t\t<div class=\"elementor-element elementor-element-b0062a0 elementor-widget elementor-widget-heading\" data-id=\"b0062a0\" data-element_type=\"widget\" data-e-type=\"widget\" data-widget_type=\"heading.default\">\n\t\t\t\t\t<h3 class=\"elementor-heading-title elementor-size-default\">Apoyo para todas <\/h3>\t\t\t\t<\/div>\n\t\t\t\t\t<\/div>\n\t\t\t\t<\/div>\n\t\t<div data-particle_enable=\"false\" data-particle-mobile-disabled=\"false\" class=\"elementor-element elementor-element-fcf3629 e-flex e-con-boxed e-con e-parent\" data-id=\"fcf3629\" data-element_type=\"container\" data-e-type=\"container\">\n\t\t\t\t\t<div class=\"e-con-inner\">\n\t\t\t\t<div class=\"elementor-element elementor-element-728462b elementor-widget elementor-widget-text-editor\" data-id=\"728462b\" data-element_type=\"widget\" data-e-type=\"widget\" data-widget_type=\"text-editor.default\">\n\t\t\t\t\t\t\t\t\t<p>En<a href=\"https:\/\/soymigrante.com\/mercado\/marketplace\/seller\/profile\/waykan\" target=\"_blank\" rel=\"noopener\"> Waykan Store<\/a>, varias mujeres elaboran guipiles \u00fanicos, cada uno tejido con dedicaci\u00f3n, arte y coraz\u00f3n. El tiempo de confecci\u00f3n puede variar entre tres d\u00edas y tres semanas, dependiendo de la complejidad del dise\u00f1o. \u201cNo es algo que tomemos tan deprisa, porque es un trabajo que requiere detalle y paciencia\u201d, explic\u00f3.<\/p><p>La tienda ya ha ganado reconocimiento por la calidad de sus productos, atrayendo a clientes que buscan dise\u00f1os aut\u00e9nticos y bien elaborados. \u201cHay clientes que ya nos buscan para pedirnos nuestros productos porque saben la calidad con la que trabajamos\u201d, coment\u00f3 De Le\u00f3n.<\/p>\t\t\t\t\t\t\t\t<\/div>\n\t\t\t\t\t<\/div>\n\t\t\t\t<\/div>\n\t\t<div data-particle_enable=\"false\" data-particle-mobile-disabled=\"false\" class=\"elementor-element elementor-element-56ef313 e-flex e-con-boxed e-con e-parent\" data-id=\"56ef313\" data-element_type=\"container\" data-e-type=\"container\">\n\t\t\t\t\t<div class=\"e-con-inner\">\n\t\t\t\t<div class=\"elementor-element elementor-element-d211be4 elementor-widget elementor-widget-image\" data-id=\"d211be4\" data-element_type=\"widget\" data-e-type=\"widget\" data-widget_type=\"image.default\">\n\t\t\t\t\t\t\t\t\t\t\t\t<figure class=\"wp-caption\">\n\t\t\t\t\t\t\t\t\t\t\t<a href=\"https:\/\/soymigrante.com\/mercado\/marketplace\/seller\/profile\/waykan\">\n\t\t\t\t\t\t\t<img decoding=\"async\" width=\"1024\" height=\"825\" src=\"https:\/\/soymigrante.com\/revista\/wp-content\/uploads\/2025\/08\/Claudia-de-Leon-tiene-un-espacio-para-ayudar-mujeres-en-Waykan-Store-que-ahora-esta-en-MERCADO2-1024x825.png\" class=\"attachment-large size-large wp-image-41890\" alt=\"Coloridos huipiles tradicionales de Guatemala con bordados exclusivos y tejidos aut\u00f3ctonos, ideales para destacar en eventos culturales y celebraciones folcl\u00f3ricas de la moda ind\u00edgena.\" srcset=\"https:\/\/soymigrante.com\/revista\/wp-content\/uploads\/2025\/08\/Claudia-de-Leon-tiene-un-espacio-para-ayudar-mujeres-en-Waykan-Store-que-ahora-esta-en-MERCADO2-1024x825.png 1024w, https:\/\/soymigrante.com\/revista\/wp-content\/uploads\/2025\/08\/Claudia-de-Leon-tiene-un-espacio-para-ayudar-mujeres-en-Waykan-Store-que-ahora-esta-en-MERCADO2-300x242.png 300w, https:\/\/soymigrante.com\/revista\/wp-content\/uploads\/2025\/08\/Claudia-de-Leon-tiene-un-espacio-para-ayudar-mujeres-en-Waykan-Store-que-ahora-esta-en-MERCADO2-768x619.png 768w, https:\/\/soymigrante.com\/revista\/wp-content\/uploads\/2025\/08\/Claudia-de-Leon-tiene-un-espacio-para-ayudar-mujeres-en-Waykan-Store-que-ahora-esta-en-MERCADO2-750x604.webp 750w, https:\/\/soymigrante.com\/revista\/wp-content\/uploads\/2025\/08\/Claudia-de-Leon-tiene-un-espacio-para-ayudar-mujeres-en-Waykan-Store-que-ahora-esta-en-MERCADO2.webp 1134w\" sizes=\"(max-width: 1024px) 100vw, 1024px\" title=\"Las prendas son hermosas y para todos los gustos. (Foto: Captura de pantalla) \u2013 SoyMigrante.com REVISTA\" \/>\t\t\t\t\t\t\t\t<\/a>\n\t\t\t\t\t\t\t\t\t\t\t<figcaption class=\"widget-image-caption wp-caption-text\">Hermoso huipil Guatemalteco con vibrantes colores y bordados tradicionales, perfecto para vestir con estilo en eventos culturales y celebraciones folcl\u00f3ricas, resaltando la riqueza de la moda ind\u00edgena.<\/figcaption>\n\t\t\t\t\t\t\t\t\t\t<\/figure>\n\t\t\t\t\t\t\t\t\t<\/div>\n\t\t\t\t\t<\/div>\n\t\t\t\t<\/div>\n\t\t<div data-particle_enable=\"false\" data-particle-mobile-disabled=\"false\" class=\"elementor-element elementor-element-f8fa123 e-flex e-con-boxed e-con e-parent\" data-id=\"f8fa123\" data-element_type=\"container\" data-e-type=\"container\">\n\t\t\t\t\t<div class=\"e-con-inner\">\n\t\t\t\t<div class=\"elementor-element elementor-element-82f438a elementor-widget elementor-widget-heading\" data-id=\"82f438a\" data-element_type=\"widget\" data-e-type=\"widget\" data-widget_type=\"heading.default\">\n\t\t\t\t\t<h3 class=\"elementor-heading-title elementor-size-default\">No solo son prendas, es arte <\/h3>\t\t\t\t<\/div>\n\t\t\t\t\t<\/div>\n\t\t\t\t<\/div>\n\t\t<div data-particle_enable=\"false\" data-particle-mobile-disabled=\"false\" class=\"elementor-element elementor-element-c725f76 e-flex e-con-boxed e-con e-parent\" data-id=\"c725f76\" data-element_type=\"container\" data-e-type=\"container\">\n\t\t\t\t\t<div class=\"e-con-inner\">\n\t\t\t\t<div class=\"elementor-element elementor-element-5545cd4 elementor-widget elementor-widget-text-editor\" data-id=\"5545cd4\" data-element_type=\"widget\" data-e-type=\"widget\" data-widget_type=\"text-editor.default\">\n\t\t\t\t\t\t\t\t\t<p>Si bien los guipiles son la pieza principal,<a href=\"https:\/\/soymigrante.com\/mercado\/marketplace\/seller\/profile\/waykan\" target=\"_blank\" rel=\"noopener\"> Waykan Store<\/a> busca diversificar su cat\u00e1logo, incluyendo faldas, enterizos, vestidos y otras prendas. \u201cNosotras nos encargamos de promocionar estos guipiles, pero tambi\u00e9n queremos llevar al mercado otras prendas\u201d, se\u00f1al\u00f3.<\/p><p>Para Claudia, lo m\u00e1s gratificante no es solo concretar una venta, sino ver la satisfacci\u00f3n del cliente al recibir una prenda que representa tradici\u00f3n, cultura y calidad. \u201cLo que m\u00e1s nos gusta es ver c\u00f3mo se venden los productos y, sobre todo, la satisfacci\u00f3n del cliente de ver la calidad\u201d, concluy\u00f3.<\/p>\t\t\t\t\t\t\t\t<\/div>\n\t\t\t\t\t<\/div>\n\t\t\t\t<\/div>\n\t\t<div data-particle_enable=\"false\" data-particle-mobile-disabled=\"false\" class=\"elementor-element elementor-element-60c33ce e-flex e-con-boxed e-con e-parent\" data-id=\"60c33ce\" data-element_type=\"container\" data-e-type=\"container\">\n\t\t\t\t\t<div class=\"e-con-inner\">\n\t\t\t\t<div class=\"elementor-element elementor-element-dbb8dc5 elementor-widget elementor-widget-image\" data-id=\"dbb8dc5\" data-element_type=\"widget\" data-e-type=\"widget\" data-widget_type=\"image.default\">\n\t\t\t\t\t\t\t\t\t\t\t\t<figure class=\"wp-caption\">\n\t\t\t\t\t\t\t\t\t\t\t<a href=\"https:\/\/soymigrante.com\/mercado\/marketplace\/seller\/profile\/waykan\">\n\t\t\t\t\t\t\t<img decoding=\"async\" width=\"576\" height=\"1024\" src=\"https:\/\/soymigrante.com\/revista\/wp-content\/uploads\/2025\/08\/Claudia-de-Leon-tiene-un-espacio-para-ayudar-mujeres-en-Waykan-Store-que-ahora-esta-en-MERCADO3-576x1024.jpeg\" class=\"attachment-large size-large wp-image-41891\" alt=\"Colores vibrantes en tela tejida artesanalmente, mostrando el proceso tradicional de fabricaci\u00f3n textil y el arte cultural en la artesan\u00eda ind\u00edgena.\" srcset=\"https:\/\/soymigrante.com\/revista\/wp-content\/uploads\/2025\/08\/Claudia-de-Leon-tiene-un-espacio-para-ayudar-mujeres-en-Waykan-Store-que-ahora-esta-en-MERCADO3-576x1024.jpeg 576w, https:\/\/soymigrante.com\/revista\/wp-content\/uploads\/2025\/08\/Claudia-de-Leon-tiene-un-espacio-para-ayudar-mujeres-en-Waykan-Store-que-ahora-esta-en-MERCADO3-169x300.jpeg 169w, https:\/\/soymigrante.com\/revista\/wp-content\/uploads\/2025\/08\/Claudia-de-Leon-tiene-un-espacio-para-ayudar-mujeres-en-Waykan-Store-que-ahora-esta-en-MERCADO3-768x1365.jpeg 768w, https:\/\/soymigrante.com\/revista\/wp-content\/uploads\/2025\/08\/Claudia-de-Leon-tiene-un-espacio-para-ayudar-mujeres-en-Waykan-Store-que-ahora-esta-en-MERCADO3-864x1536.jpeg 864w, https:\/\/soymigrante.com\/revista\/wp-content\/uploads\/2025\/08\/Claudia-de-Leon-tiene-un-espacio-para-ayudar-mujeres-en-Waykan-Store-que-ahora-esta-en-MERCADO3-750x1333.webp 750w, https:\/\/soymigrante.com\/revista\/wp-content\/uploads\/2025\/08\/Claudia-de-Leon-tiene-un-espacio-para-ayudar-mujeres-en-Waykan-Store-que-ahora-esta-en-MERCADO3.webp 900w\" sizes=\"(max-width: 576px) 100vw, 576px\" title=\"Las prendas son elaboradas con dedicaci\u00f3n. (Foto: Cortes\u00eda) \u2013 SoyMigrante.com REVISTA\" \/>\t\t\t\t\t\t\t\t<\/a>\n\t\t\t\t\t\t\t\t\t\t\t<figcaption class=\"widget-image-caption wp-caption-text\">Aguja y mano trabajando en la fabricaci\u00f3n de textiles coloridos en un telar tradicional, resaltando la riqueza cultural y art\u00edstica de las comunidades originarias.<\/figcaption>\n\t\t\t\t\t\t\t\t\t\t<\/figure>\n\t\t\t\t\t\t\t\t\t<\/div>\n\t\t\t\t\t<\/div>\n\t\t\t\t<\/div>\n\t\t<div data-particle_enable=\"false\" data-particle-mobile-disabled=\"false\" class=\"elementor-element elementor-element-5d7f01f e-flex e-con-boxed e-con e-parent\" data-id=\"5d7f01f\" data-element_type=\"container\" data-e-type=\"container\">\n\t\t\t\t\t<div class=\"e-con-inner\">\n\t\t\t\t<div class=\"elementor-element elementor-element-def444b elementor-widget elementor-widget-heading\" data-id=\"def444b\" data-element_type=\"widget\" data-e-type=\"widget\" data-widget_type=\"heading.default\">\n\t\t\t\t\t<h2 class=\"elementor-heading-title elementor-size-default\">Conoce m\u00e1s de otros emprendedores, ac\u00e1...<\/h2>\t\t\t\t<\/div>\n\t\t\t\t\t<\/div>\n\t\t\t\t<\/div>\n\t\t<div data-particle_enable=\"false\" data-particle-mobile-disabled=\"false\" class=\"elementor-element elementor-element-861f228 e-flex e-con-boxed e-con e-parent\" data-id=\"861f228\" data-element_type=\"container\" data-e-type=\"container\">\n\t\t\t\t\t<div class=\"e-con-inner\">\n\t\t\t\t<div class=\"elementor-element elementor-element-0007ce3 elementor-grid-eael-col-3 elementor-grid-tablet-eael-col-2 elementor-grid-mobile-eael-col-1 elementor-invisible elementor-widget elementor-widget-eael-post-grid\" data-id=\"0007ce3\" data-element_type=\"widget\" data-e-type=\"widget\" data-settings=\"{&quot;eael_post_grid_columns&quot;:&quot;eael-col-3&quot;,&quot;_animation&quot;:&quot;rollIn&quot;,&quot;eael_post_grid_columns_tablet&quot;:&quot;eael-col-2&quot;,&quot;eael_post_grid_columns_mobile&quot;:&quot;eael-col-1&quot;}\" data-widget_type=\"eael-post-grid.default\">\n\t\t\t\t\t<div id=\"eael-post-grid-0007ce3\" class=\"eael-post-grid-container\">\n            <div class=\"eael-post-grid eael-post-appender eael-post-appender-0007ce3 eael-post-grid-style-one\" data-layout-mode=\"masonry\"><article class=\"eael-grid-post  eael-post-grid-column eael-pg-post-41543 category-guate-nuestra tags-mercado-emprendedores\" data-id=\"41543\">\n        <div class=\"eael-grid-post-holder\">\n            <div class=\"eael-grid-post-holder-inner\"><div class=\"eael-entry-media\"><div class=\"eael-entry-overlay fade-in\"><i class=\"far fa-hand-pointer\" aria-hidden=\"true\"><\/i><a href=\"https:\/\/soymigrante.com\/revista\/vanessa-tuy-y-un-arte-terapeutico-sus-mandalas-tejidos-estan-en-mercado\/\"><\/a><\/div><div class=\"eael-entry-thumbnail \">\n                <img loading=\"lazy\" decoding=\"async\" width=\"703\" height=\"1024\" src=\"https:\/\/soymigrante.com\/revista\/wp-content\/uploads\/2025\/08\/Vanessa-Tuy-y-su-arte-sanador-5-703x1024.jpeg\" class=\"attachment-large size-large wp-image-41544\" alt=\"Cr\u00e1neo azteca hecho a mano con detalles coloridos, tradici\u00f3n y cultura mexicana, elaborado con t\u00e9cnicas artesanales para exhibici\u00f3n y coleccionismo.\" srcset=\"https:\/\/soymigrante.com\/revista\/wp-content\/uploads\/2025\/08\/Vanessa-Tuy-y-su-arte-sanador-5-703x1024.jpeg 703w, https:\/\/soymigrante.com\/revista\/wp-content\/uploads\/2025\/08\/Vanessa-Tuy-y-su-arte-sanador-5-206x300.jpeg 206w, https:\/\/soymigrante.com\/revista\/wp-content\/uploads\/2025\/08\/Vanessa-Tuy-y-su-arte-sanador-5-768x1118.jpeg 768w, https:\/\/soymigrante.com\/revista\/wp-content\/uploads\/2025\/08\/Vanessa-Tuy-y-su-arte-sanador-5-750x1092.webp 750w, https:\/\/soymigrante.com\/revista\/wp-content\/uploads\/2025\/08\/Vanessa-Tuy-y-su-arte-sanador-5.webp 879w\" sizes=\"(max-width: 703px) 100vw, 703px\" \/>\n            <\/div>\n        <\/div><div class=\"eael-entry-wrapper\"><header class=\"eael-entry-header\"><h2 class=\"eael-entry-title\"><a class=\"eael-grid-post-link\" href=\"https:\/\/soymigrante.com\/revista\/vanessa-tuy-y-un-arte-terapeutico-sus-mandalas-tejidos-estan-en-mercado\/\" title=\"Vanessa Tuy y un arte terap\u00e9utico: sus mandalas tejidos est\u00e1n en MERCADO\">Vanessa Tuy y un arte terap\u00e9utico: sus mandalas tejidos est\u00e1n en MERCADO<\/a><\/h2><\/header><div class=\"eael-entry-content\">\n                        <div class=\"eael-grid-post-excerpt\"><a href=\"https:\/\/soymigrante.com\/revista\/vanessa-tuy-y-un-arte-terapeutico-sus-mandalas-tejidos-estan-en-mercado\/\" class=\"eael-post-elements-readmore-btn\">CONOCE SU HISTORIA <\/a><\/div>\n                    <\/div><\/div><\/div>\n        <\/div>\n    <\/article><article class=\"eael-grid-post  eael-post-grid-column eael-pg-post-40956 category-guate-nuestra tags-mercado-emprendedores\" data-id=\"40956\">\n        <div class=\"eael-grid-post-holder\">\n            <div class=\"eael-grid-post-holder-inner\"><div class=\"eael-entry-media\"><div class=\"eael-entry-overlay fade-in\"><i class=\"far fa-hand-pointer\" aria-hidden=\"true\"><\/i><a href=\"https:\/\/soymigrante.com\/revista\/los-increibles-paisajes-de-alex-aguilar-artista-de-san-marcos-ya-estan-en-mercado\/\"><\/a><\/div><div class=\"eael-entry-thumbnail \">\n                <img loading=\"lazy\" decoding=\"async\" width=\"616\" height=\"616\" src=\"https:\/\/soymigrante.com\/revista\/wp-content\/uploads\/2025\/08\/alex-aguilar-pintor-mercado.webp\" class=\"attachment-large size-large wp-image-41077\" alt=\"Paisaje pintado de monta\u00f1as, r\u00edo y naturaleza con persona observando mural art\u00edstico en la revista SoyMigrante.com.\" srcset=\"https:\/\/soymigrante.com\/revista\/wp-content\/uploads\/2025\/08\/alex-aguilar-pintor-mercado.webp 616w, https:\/\/soymigrante.com\/revista\/wp-content\/uploads\/2025\/08\/alex-aguilar-pintor-mercado-300x300.png 300w, https:\/\/soymigrante.com\/revista\/wp-content\/uploads\/2025\/08\/alex-aguilar-pintor-mercado-150x150.png 150w, https:\/\/soymigrante.com\/revista\/wp-content\/uploads\/2025\/08\/alex-aguilar-pintor-mercado-75x75.webp 75w\" sizes=\"(max-width: 616px) 100vw, 616px\" \/>\n            <\/div>\n        <\/div><div class=\"eael-entry-wrapper\"><header class=\"eael-entry-header\"><h2 class=\"eael-entry-title\"><a class=\"eael-grid-post-link\" href=\"https:\/\/soymigrante.com\/revista\/los-increibles-paisajes-de-alex-aguilar-artista-de-san-marcos-ya-estan-en-mercado\/\" title=\"Los incre\u00edbles paisajes de Alex Aguilar, artista de San Marcos, ya est\u00e1n en MERCADO\">Los incre\u00edbles paisajes de Alex Aguilar, artista de San Marcos, ya est\u00e1n en MERCADO<\/a><\/h2><\/header><div class=\"eael-entry-content\">\n                        <div class=\"eael-grid-post-excerpt\"><a href=\"https:\/\/soymigrante.com\/revista\/los-increibles-paisajes-de-alex-aguilar-artista-de-san-marcos-ya-estan-en-mercado\/\" class=\"eael-post-elements-readmore-btn\">CONOCE SU HISTORIA <\/a><\/div>\n                    <\/div><\/div><\/div>\n        <\/div>\n    <\/article><article class=\"eael-grid-post  eael-post-grid-column eael-pg-post-40814 category-guate-nuestra tags-mercado-emprendedores\" data-id=\"40814\">\n        <div class=\"eael-grid-post-holder\">\n            <div class=\"eael-grid-post-holder-inner\"><div class=\"eael-entry-media\"><div class=\"eael-entry-overlay fade-in\"><i class=\"far fa-hand-pointer\" aria-hidden=\"true\"><\/i><a href=\"https:\/\/soymigrante.com\/revista\/brenda-francisco-encontro-un-camino-de-miel-y-ahora-esta-en-mercado\/\"><\/a><\/div><div class=\"eael-entry-thumbnail \">\n                <img loading=\"lazy\" decoding=\"async\" width=\"410\" height=\"669\" src=\"https:\/\/soymigrante.com\/revista\/wp-content\/uploads\/2025\/07\/WhatsApp-Image-2025-07-28-at-82945-AM.webp\" class=\"attachment-large size-large wp-image-40815\" alt=\"Botella de miel y productos artesanales en stand de feria cultural en un mercado al aire libre.\" srcset=\"https:\/\/soymigrante.com\/revista\/wp-content\/uploads\/2025\/07\/WhatsApp-Image-2025-07-28-at-82945-AM.webp 410w, https:\/\/soymigrante.com\/revista\/wp-content\/uploads\/2025\/07\/WhatsApp-Image-2025-07-28-at-82945-AM-184x300.jpeg 184w\" sizes=\"(max-width: 410px) 100vw, 410px\" \/>\n            <\/div>\n        <\/div><div class=\"eael-entry-wrapper\"><header class=\"eael-entry-header\"><h2 class=\"eael-entry-title\"><a class=\"eael-grid-post-link\" href=\"https:\/\/soymigrante.com\/revista\/brenda-francisco-encontro-un-camino-de-miel-y-ahora-esta-en-mercado\/\" title=\"Brenda Francisco encontr\u00f3 un camino de miel y ahora est\u00e1 en MERCADO\">Brenda Francisco encontr\u00f3 un camino de miel y ahora est\u00e1 en MERCADO<\/a><\/h2><\/header><div class=\"eael-entry-content\">\n                        <div class=\"eael-grid-post-excerpt\"><a href=\"https:\/\/soymigrante.com\/revista\/brenda-francisco-encontro-un-camino-de-miel-y-ahora-esta-en-mercado\/\" class=\"eael-post-elements-readmore-btn\">CONOCE SU HISTORIA <\/a><\/div>\n                    <\/div><\/div><\/div>\n        <\/div>\n    <\/article><\/div>\n            <div class=\"clearfix\"><\/div>\n        <\/div>\t\t\t\t<\/div>\n\t\t\t\t\t<\/div>\n\t\t\t\t<\/div>\n\t\t\t\t<\/div>\n\t\t","protected":false},"excerpt":{"rendered":"<p>Waykan Store es un espacio para que las mujeres guatemaltecas muestren su arte al mundo, pero tambi\u00e9n para que se promocionen en MERCADO. Claudia de Le\u00f3n, encargada de la tienda Waykan Store, ha convertido su emprendimiento en una plataforma de apoyo y oportunidades para mujeres que buscan cumplir sus sue\u00f1os. El negocio, alojado en la [&hellip;]<\/p>\n","protected":false},"author":19,"featured_media":41976,"comment_status":"open","ping_status":"open","sticky":false,"template":"","format":"standard","meta":{"_acf_changed":false,"_eb_attr":"","footnotes":""},"categories":[58],"tags":[130],"class_list":["post-41883","post","type-post","status-publish","format-standard","has-post-thumbnail","hentry","category-guate-nuestra","tag-mercado-emprendedores"],"acf":[],"aioseo_notices":[],"aioseo_head":"\n\t\t<!-- All in One SEO Pro 4.9.6.2 - aioseo.com -->\n\t<meta name=\"description\" content=\"Brenda Francisco, desde Huehuetenango hasta Quetzaltenango, su pasi\u00f3n por los productos artesanales la llev\u00f3 a abrir su tienda en Mercado.\" \/>\n\t<meta name=\"robots\" content=\"max-snippet:-1, max-image-preview:large, max-video-preview:-1\" \/>\n\t<meta name=\"author\" content=\"Marysabel Aldana\"\/>\n\t<link rel=\"canonical\" href=\"https:\/\/soymigrante.com\/revista\/brenda-francisco-encontro-un-camino-de-miel-y-ahora-esta-en-mercado\/\" \/>\n\t<meta name=\"generator\" content=\"All in One SEO Pro (AIOSEO) 4.9.6.2\" \/>\n\n\t\t<link rel=\"preconnect\" href=\"https:\/\/fonts.googleapis.com\" crossorigin>\n<link rel=\"preconnect\" href=\"https:\/\/fonts.gstatic.com\" crossorigin>\n\t\t<meta property=\"og:locale\" content=\"es_ES\" \/>\n\t\t<meta property=\"og:site_name\" content=\"SoyMigrante.com REVISTA \u2013 Nuestra misi\u00f3n es reconocer y dignificar al migrante.\" \/>\n\t\t<meta property=\"og:type\" content=\"article\" \/>\n\t\t<meta property=\"og:title\" content=\"Brenda Francisco encontr\u00f3 un camino de miel y ahora est\u00e1 en MERCADO\" \/>\n\t\t<meta property=\"og:description\" content=\"Brenda Francisco, desde Huehuetenango hasta Quetzaltenango, su pasi\u00f3n por los productos artesanales la llev\u00f3 a abrir su tienda en Mercado.\" \/>\n\t\t<meta property=\"og:url\" content=\"https:\/\/soymigrante.com\/revista\/brenda-francisco-encontro-un-camino-de-miel-y-ahora-esta-en-mercado\/\" \/>\n\t\t<meta property=\"og:image\" content=\"https:\/\/soymigrante.com\/revista\/wp-content\/uploads\/2025\/07\/WhatsApp-Image-2025-07-28-at-82945-AM.webp\" \/>\n\t\t<meta property=\"og:image:secure_url\" content=\"https:\/\/soymigrante.com\/revista\/wp-content\/uploads\/2025\/07\/WhatsApp-Image-2025-07-28-at-82945-AM.webp\" \/>\n\t\t<meta property=\"og:image:width\" content=\"410\" \/>\n\t\t<meta property=\"og:image:height\" content=\"669\" \/>\n\t\t<meta property=\"article:published_time\" content=\"2025-07-31T14:30:00+00:00\" \/>\n\t\t<meta property=\"article:modified_time\" content=\"2025-07-31T16:22:26+00:00\" \/>\n\t\t<meta property=\"article:publisher\" content=\"https:\/\/www.facebook.com\/soymigrantecom\" \/>\n\t\t<meta name=\"twitter:card\" content=\"summary_large_image\" \/>\n\t\t<meta name=\"twitter:site\" content=\"@SoyMigrante_com\" \/>\n\t\t<meta name=\"twitter:title\" content=\"Brenda Francisco encontr\u00f3 un camino de miel y ahora est\u00e1 en MERCADO\" \/>\n\t\t<meta name=\"twitter:description\" content=\"Brenda Francisco, desde Huehuetenango hasta Quetzaltenango, su pasi\u00f3n por los productos artesanales la llev\u00f3 a abrir su tienda en Mercado.\" \/>\n\t\t<meta name=\"twitter:creator\" content=\"@SoyMigrante_com\" \/>\n\t\t<meta name=\"twitter:image\" content=\"https:\/\/soymigrante.com\/revista\/wp-content\/uploads\/2025\/07\/WhatsApp-Image-2025-07-28-at-82945-AM.webp\" \/>\n\t\t<!-- All in One SEO Pro -->\r\n\t\t<title>Brenda Francisco encontr\u00f3 un camino de miel y ahora est\u00e1 en MERCADO<\/title>\n\n","aioseo_head_json":{"title":"Brenda Francisco encontr\u00f3 un camino de miel y ahora est\u00e1 en MERCADO","description":"Brenda Francisco, desde Huehuetenango hasta Quetzaltenango, su pasi\u00f3n por los productos artesanales la llev\u00f3 a abrir su tienda en Mercado.","canonical_url":"https:\/\/soymigrante.com\/revista\/brenda-francisco-encontro-un-camino-de-miel-y-ahora-esta-en-mercado\/","robots":"max-snippet:-1, max-image-preview:large, max-video-preview:-1","keywords":"","webmasterTools":{"miscellaneous":"&lt;link rel=\"preconnect\" href=\"https:\/\/fonts.googleapis.com\" crossorigin&gt;\n&lt;link rel=\"preconnect\" href=\"https:\/\/fonts.gstatic.com\" crossorigin&gt;"},"schema":null,"og:locale":"es_ES","og:site_name":"SoyMigrante.com REVISTA \u2013 Nuestra misi\u00f3n es reconocer y dignificar al migrante.","og:type":"article","og:title":"Brenda Francisco encontr\u00f3 un camino de miel y ahora est\u00e1 en MERCADO","og:description":"Brenda Francisco, desde Huehuetenango hasta Quetzaltenango, su pasi\u00f3n por los productos artesanales la llev\u00f3 a abrir su tienda en Mercado.","og:url":"https:\/\/soymigrante.com\/revista\/brenda-francisco-encontro-un-camino-de-miel-y-ahora-esta-en-mercado\/","og:image":"https:\/\/soymigrante.com\/revista\/wp-content\/uploads\/2025\/07\/WhatsApp-Image-2025-07-28-at-82945-AM.webp","og:image:secure_url":"https:\/\/soymigrante.com\/revista\/wp-content\/uploads\/2025\/07\/WhatsApp-Image-2025-07-28-at-82945-AM.webp","og:image:width":410,"og:image:height":669,"article:published_time":"2025-07-31T14:30:00+00:00","article:modified_time":"2025-07-31T16:22:26+00:00","article:publisher":"https:\/\/www.facebook.com\/soymigrantecom","twitter:card":"summary_large_image","twitter:site":"@SoyMigrante_com","twitter:title":"Brenda Francisco encontr\u00f3 un camino de miel y ahora est\u00e1 en MERCADO","twitter:description":"Brenda Francisco, desde Huehuetenango hasta Quetzaltenango, su pasi\u00f3n por los productos artesanales la llev\u00f3 a abrir su tienda en Mercado.","twitter:creator":"@SoyMigrante_com","twitter:image":"https:\/\/soymigrante.com\/revista\/wp-content\/uploads\/2025\/07\/WhatsApp-Image-2025-07-28-at-82945-AM.webp"},"aioseo_meta_data":{"post_id":"41883","title":"Waykan Store: talento textil maya est\u00e1 en MERCADO","description":"Waykan Store es un espacio para que tejedoras guatemaltecas muestren su arte y puedan venderlo a todo el pa\u00eds para poder aportar a la mejora de sus comunidades.","keywords":null,"keyphrases":{"focus":{"keyphrase":"Waykan store","score":82,"analysis":{"keyphraseInTitle":{"score":9,"maxScore":9,"error":0},"keyphraseInDescription":{"score":9,"maxScore":9,"error":0},"keyphraseLength":{"score":9,"maxScore":9,"error":0,"length":2},"keyphraseInURL":{"score":5,"maxScore":5,"error":0},"keyphraseInIntroduction":{"score":9,"maxScore":9,"error":0},"keyphraseInSubHeadings":{"score":3,"maxScore":9,"error":1},"keyphraseInImageAlt":{"score":3,"maxScore":9,"error":1},"keywordDensity":{"type":"best","score":9,"maxScore":9,"error":0}}},"additional":[{"keyphrase":"mercado","score":73,"analysis":{"keyphraseInDescription":{"score":3,"maxScore":9,"error":1},"keyphraseLength":{"score":9,"maxScore":9,"error":0,"length":1},"keyphraseInIntroduction":{"score":3,"maxScore":9,"error":1},"keyphraseInImageAlt":{"score":9,"maxScore":9,"error":0},"keywordDensity":{"type":"best","score":9,"maxScore":9,"error":0}}}]},"primary_term":null,"canonical_url":null,"og_title":null,"og_description":null,"og_object_type":"default","og_image_type":"default","og_image_url":null,"og_image_width":null,"og_image_height":null,"og_image_custom_url":null,"og_image_custom_fields":null,"og_video":"","og_custom_url":null,"og_article_section":null,"og_article_tags":null,"twitter_use_og":false,"twitter_card":"default","twitter_image_type":"default","twitter_image_url":null,"twitter_image_custom_url":null,"twitter_image_custom_fields":null,"twitter_title":null,"twitter_description":null,"schema":{"blockGraphs":[],"customGraphs":[],"default":{"data":{"Article":[],"Course":[],"Dataset":[],"FAQPage":[],"Movie":[],"Person":[],"Product":[],"ProductReview":[],"Car":[],"Recipe":[],"Service":[],"SoftwareApplication":[],"WebPage":[]},"graphName":"none","isEnabled":true},"graphs":[]},"schema_type":"default","schema_type_options":null,"pillar_content":false,"robots_default":true,"robots_noindex":false,"robots_noarchive":false,"robots_nosnippet":false,"robots_nofollow":false,"robots_noimageindex":false,"robots_noodp":false,"robots_notranslate":false,"robots_max_snippet":"-1","robots_max_videopreview":"-1","robots_max_imagepreview":"large","priority":null,"frequency":"default","local_seo":null,"seo_analyzer_scan_date":"2025-10-09 07:38:15","breadcrumb_settings":null,"limit_modified_date":false,"reviewed_by":"0","open_ai":null,"ai":{"faqs":[],"keyPoints":[],"titles":[],"descriptions":[],"socialPosts":{"email":[],"linkedin":[],"twitter":[],"facebook":[],"instagram":[]}},"created":"2025-08-12 19:07:26","updated":"2026-02-05 04:16:01"},"aioseo_breadcrumb":"<div class=\"aioseo-breadcrumbs\"><span class=\"aioseo-breadcrumb\">\n\t<a href=\"https:\/\/soymigrante.com\/revista\" title=\"Home\">Home<\/a>\n<\/span><span class=\"aioseo-breadcrumb-separator\">\u00bb<\/span><span class=\"aioseo-breadcrumb\">\n\t<a href=\"https:\/\/soymigrante.com\/revista\/category\/guate-nuestra\/\" title=\"Guate Nuestra\">Guate Nuestra<\/a>\n<\/span><span class=\"aioseo-breadcrumb-separator\">\u00bb<\/span><span class=\"aioseo-breadcrumb\">\n\tWaykan Store impulsa tradici\u00f3n, talento y creatividad de tejedoras mayas y ya est\u00e1 en MERCADO\n<\/span><\/div>","aioseo_breadcrumb_json":[{"label":"Home","link":"https:\/\/soymigrante.com\/revista"},{"label":"Guate Nuestra","link":"https:\/\/soymigrante.com\/revista\/category\/guate-nuestra\/"},{"label":"Waykan Store impulsa tradici\u00f3n, talento y creatividad de tejedoras mayas y ya est\u00e1 en MERCADO","link":"https:\/\/soymigrante.com\/revista\/waykan-store-impulsa-tradicion-talento-y-creatividad-de-tejedoras-mayas-y-ya-esta-en-mercado\/"}],"_links":{"self":[{"href":"https:\/\/soymigrante.com\/revista\/wp-json\/wp\/v2\/posts\/41883","targetHints":{"allow":["GET"]}}],"collection":[{"href":"https:\/\/soymigrante.com\/revista\/wp-json\/wp\/v2\/posts"}],"about":[{"href":"https:\/\/soymigrante.com\/revista\/wp-json\/wp\/v2\/types\/post"}],"author":[{"embeddable":true,"href":"https:\/\/soymigrante.com\/revista\/wp-json\/wp\/v2\/users\/19"}],"replies":[{"embeddable":true,"href":"https:\/\/soymigrante.com\/revista\/wp-json\/wp\/v2\/comments?post=41883"}],"version-history":[{"count":18,"href":"https:\/\/soymigrante.com\/revista\/wp-json\/wp\/v2\/posts\/41883\/revisions"}],"predecessor-version":[{"id":46659,"href":"https:\/\/soymigrante.com\/revista\/wp-json\/wp\/v2\/posts\/41883\/revisions\/46659"}],"wp:featuredmedia":[{"embeddable":true,"href":"https:\/\/soymigrante.com\/revista\/wp-json\/wp\/v2\/media\/41976"}],"wp:attachment":[{"href":"https:\/\/soymigrante.com\/revista\/wp-json\/wp\/v2\/media?parent=41883"}],"wp:term":[{"taxonomy":"category","embeddable":true,"href":"https:\/\/soymigrante.com\/revista\/wp-json\/wp\/v2\/categories?post=41883"},{"taxonomy":"post_tag","embeddable":true,"href":"https:\/\/soymigrante.com\/revista\/wp-json\/wp\/v2\/tags?post=41883"}],"curies":[{"name":"wp","href":"https:\/\/api.w.org\/{rel}","templated":true}]}}