{"id":41864,"date":"2025-08-12T11:14:31","date_gmt":"2025-08-12T17:14:31","guid":{"rendered":"https:\/\/soymigrante.com\/revista\/?p=41864"},"modified":"2025-08-13T08:42:48","modified_gmt":"2025-08-13T14:42:48","slug":"mia-nature-es-sabiduria-en-medicina-natural-desde-huehuetenango-disponible-en-mercado","status":"publish","type":"post","link":"https:\/\/soymigrante.com\/revista\/mia-nature-es-sabiduria-en-medicina-natural-desde-huehuetenango-disponible-en-mercado\/","title":{"rendered":"M\u00eda Nature es sabidur\u00eda en medicina natural desde Huehuetenango disponible en MERCADO"},"content":{"rendered":"\t\t<div data-elementor-type=\"wp-post\" data-elementor-id=\"41864\" class=\"elementor elementor-41864\" data-elementor-post-type=\"post\">\n\t\t\t\t<div data-particle_enable=\"false\" data-particle-mobile-disabled=\"false\" class=\"elementor-element elementor-element-8f09dca e-flex e-con-boxed e-con e-parent\" data-id=\"8f09dca\" data-element_type=\"container\" data-e-type=\"container\">\n\t\t\t\t\t<div class=\"e-con-inner\">\n\t\t\t\t<div class=\"elementor-element elementor-element-4542ef9 elementor-widget elementor-widget-heading\" data-id=\"4542ef9\" data-element_type=\"widget\" data-e-type=\"widget\" data-widget_type=\"heading.default\">\n\t\t\t\t\t<h2 class=\"elementor-heading-title elementor-size-default\">No\u00e9 M\u00e9ndez a\u00fan recuerda cuando, de ni\u00f1o, observaba a su padre, el home\u00f3pata Pascual M\u00e9ndez preparar t\u00e9s y tratamientos naturales para brindar alivio a dolencias. Hoy, prosigue su legado desde Huehuetenango.<\/h2>\t\t\t\t<\/div>\n\t\t\t\t\t<\/div>\n\t\t\t\t<\/div>\n\t\t<div data-particle_enable=\"false\" data-particle-mobile-disabled=\"false\" class=\"elementor-element elementor-element-0b434e3 e-flex e-con-boxed e-con e-parent\" data-id=\"0b434e3\" data-element_type=\"container\" data-e-type=\"container\">\n\t\t\t\t\t<div class=\"e-con-inner\">\n\t\t\t\t<div class=\"elementor-element elementor-element-15a8425 elementor-widget elementor-widget-html\" data-id=\"15a8425\" data-element_type=\"widget\" data-e-type=\"widget\" data-widget_type=\"html.default\">\n\t\t\t\t\t<div id=\"buzzsprout-player-17665287\"><\/div><script src=\"https:\/\/www.buzzsprout.com\/2444168\/episodes\/17665287-terapias-naturales-de-mia-nature-noe-mendez-prosigue-legado-de-su-padre.js?container_id=buzzsprout-player-17665287&player=small\" type=\"text\/javascript\" charset=\"utf-8\"><\/script>\t\t\t\t<\/div>\n\t\t\t\t\t<\/div>\n\t\t\t\t<\/div>\n\t\t<div data-particle_enable=\"false\" data-particle-mobile-disabled=\"false\" class=\"elementor-element elementor-element-59d192e e-flex e-con-boxed e-con e-parent\" data-id=\"59d192e\" data-element_type=\"container\" data-e-type=\"container\">\n\t\t\t\t\t<div class=\"e-con-inner\">\n\t\t\t\t<div class=\"elementor-element elementor-element-aebc1b9 elementor-widget elementor-widget-text-editor\" data-id=\"aebc1b9\" data-element_type=\"widget\" data-e-type=\"widget\" data-widget_type=\"text-editor.default\">\n\t\t\t\t\t\t\t\t\t<p>La historia de M\u00eda Nature es, ante todo, la continuidad de una herencia de sabidur\u00eda ancestral, constante aprendizaje y amor a la naturaleza.\u00a0 \u201cTodo surgi\u00f3 en la \u00e9poca de los a\u00f1os 90, cuando mi pap\u00e1 Pascual M\u00e9ndez comenz\u00f3 a aprender sobre medicina natural. Decidi\u00f3 fundar su venta de productos Volver a la naturaleza\u201d, recuerda el emprendedor No\u00e9 M\u00e9ndez, su hijo, quien desde ni\u00f1o lo ve\u00eda leer y aprender constantemente&#8221;<\/p><p>\u201cEn seguimiento a su obra yo fund\u00e9 mi propio emprendimiento de terapias naturales M\u00eda Nature, hace dos a\u00f1os, en su honor\u201d, agrega desde <a href=\"https:\/\/soymigrante.com\/revista\/departamentos-de-guatemala-huehuetenango-la-tierra-de-kaibil-balam-tesoro-cultural-y-natural\/\">Huehuetenango<\/a>.\u00a0 Hoy, <a href=\"https:\/\/soymigrante.com\/mercado\/marketplace\/seller\/profile\/mianature\">M\u00eda Nature ha dado un paso clave en su crecimiento: abri\u00f3 su tienda digital en SoyMigrante.com MERCADO<\/a>, la plataforma que conecta a emprendedores y compradores de toda Guatemala, impulsando el desarrollo comunitario, generando oportunidades de crecimiento y ayudando a frenar la migraci\u00f3n forzada.\u00a0\u00a0<\/p><p>Y esta es la historia de <a href=\"https:\/\/soymigrante.com\/mercado\/marketplace\/seller\/profile\/mianature\">M\u00eda Nature<\/a>.<\/p>\t\t\t\t\t\t\t\t<\/div>\n\t\t\t\t\t<\/div>\n\t\t\t\t<\/div>\n\t\t<div data-particle_enable=\"false\" data-particle-mobile-disabled=\"false\" class=\"elementor-element elementor-element-f88e54e e-flex e-con-boxed e-con e-parent\" data-id=\"f88e54e\" data-element_type=\"container\" data-e-type=\"container\">\n\t\t\t\t\t<div class=\"e-con-inner\">\n\t\t\t\t<div class=\"elementor-element elementor-element-f723667 elementor-widget elementor-widget-image\" data-id=\"f723667\" data-element_type=\"widget\" data-e-type=\"widget\" data-widget_type=\"image.default\">\n\t\t\t\t\t\t\t\t\t\t\t\t<figure class=\"wp-caption\">\n\t\t\t\t\t\t\t\t\t\t\t<a href=\"https:\/\/soymigrante.com\/mercado\/marketplace\/seller\/profile\/mianature\">\n\t\t\t\t\t\t\t<img fetchpriority=\"high\" decoding=\"async\" width=\"768\" height=\"511\" src=\"https:\/\/soymigrante.com\/revista\/wp-content\/uploads\/2025\/08\/mia-nature-emprendimiento-mercado-soymigrante-3-1024x681.jpg\" class=\"attachment-large size-large wp-image-41869\" alt=\"Productos naturales guatemaltecos en exposici\u00f3n para promover la salud y el bienestar en la comunidad. Emprendedor mostrando su l\u00ednea de productos org\u00e1nicos y artesanales con impacto social y cultural.\" srcset=\"https:\/\/soymigrante.com\/revista\/wp-content\/uploads\/2025\/08\/mia-nature-emprendimiento-mercado-soymigrante-3-1024x681.jpg 1024w, https:\/\/soymigrante.com\/revista\/wp-content\/uploads\/2025\/08\/mia-nature-emprendimiento-mercado-soymigrante-3-300x200.jpg 300w, https:\/\/soymigrante.com\/revista\/wp-content\/uploads\/2025\/08\/mia-nature-emprendimiento-mercado-soymigrante-3-768x511.jpg 768w, https:\/\/soymigrante.com\/revista\/wp-content\/uploads\/2025\/08\/mia-nature-emprendimiento-mercado-soymigrante-3-1536x1022.jpg 1536w, https:\/\/soymigrante.com\/revista\/wp-content\/uploads\/2025\/08\/mia-nature-emprendimiento-mercado-soymigrante-3-2048x1363.jpg 2048w, https:\/\/soymigrante.com\/revista\/wp-content\/uploads\/2025\/08\/mia-nature-emprendimiento-mercado-soymigrante-3-750x499.webp 750w, https:\/\/soymigrante.com\/revista\/wp-content\/uploads\/2025\/08\/mia-nature-emprendimiento-mercado-soymigrante-3-1140x758.webp 1140w, https:\/\/soymigrante.com\/revista\/wp-content\/uploads\/2025\/08\/mia-nature-emprendimiento-mercado-soymigrante-3-scaled.webp 1920w\" sizes=\"(max-width: 768px) 100vw, 768px\" title=\"No\u00e9 M\u00e9ndez se siente orgulloso de proseguir el legado de su padre, el natur\u00f3pata Pascual M\u00e9ndez, a quien acompa\u00f1aba desde que era ni\u00f1o en sus visitas a municipios de Huehuetenango para distribuir sus t\u00e9s y tratamientos a base de hierbas. Ahora todo ese c\u00famulo de conocimientos est\u00e1 en su tienda digital M\u00eda Nature en SoyMigrante.com MERCADO (Foto Abel Ju\u00e1rez) \u2013 SoyMigrante.com REVISTA\" \/>\t\t\t\t\t\t\t\t<\/a>\n\t\t\t\t\t\t\t\t\t\t\t<figcaption class=\"widget-image-caption wp-caption-text\">Emprendedor guatemalteco promociona productos naturales hechos a mano en su local. Productos org\u00e1nicos y tradicionales que apoyan la econom\u00eda local y promueven la cultura del pa\u00eds.<\/figcaption>\n\t\t\t\t\t\t\t\t\t\t<\/figure>\n\t\t\t\t\t\t\t\t\t<\/div>\n\t\t\t\t\t<\/div>\n\t\t\t\t<\/div>\n\t\t<div data-particle_enable=\"false\" data-particle-mobile-disabled=\"false\" class=\"elementor-element elementor-element-2c6bcab e-flex e-con-boxed e-con e-parent\" data-id=\"2c6bcab\" data-element_type=\"container\" data-e-type=\"container\">\n\t\t\t\t\t<div class=\"e-con-inner\">\n\t\t\t\t<div class=\"elementor-element elementor-element-1a2ddfe elementor-widget elementor-widget-heading\" data-id=\"1a2ddfe\" data-element_type=\"widget\" data-e-type=\"widget\" data-widget_type=\"heading.default\">\n\t\t\t\t\t<h3 class=\"elementor-heading-title elementor-size-default\">Sabidur\u00eda transmitida por su padre<\/h3>\t\t\t\t<\/div>\n\t\t\t\t\t<\/div>\n\t\t\t\t<\/div>\n\t\t<div data-particle_enable=\"false\" data-particle-mobile-disabled=\"false\" class=\"elementor-element elementor-element-40c1837 e-flex e-con-boxed e-con e-parent\" data-id=\"40c1837\" data-element_type=\"container\" data-e-type=\"container\">\n\t\t\t\t\t<div class=\"e-con-inner\">\n\t\t\t\t<div class=\"elementor-element elementor-element-dade5c8 elementor-widget elementor-widget-text-editor\" data-id=\"dade5c8\" data-element_type=\"widget\" data-e-type=\"widget\" data-widget_type=\"text-editor.default\">\n\t\t\t\t\t\t\t\t\t<p>El v\u00ednculo con su padre marc\u00f3 positivamente la vida de No\u00e9.\u00a0 De ni\u00f1o, a veces lo acompa\u00f1aba a los pueblos del \u00e1rea mam, como Colotenango, San Ildefonso Ixtahuac\u00e1n, San Sebasti\u00e1n Huehuetenango y San Pedro Necta.\u00a0<\/p><p>\u201cNos daba a mi hermana, a mi mam\u00e1 y a m\u00ed, que ley\u00e9ramos los libros de fitoterapia que \u00e9l ten\u00eda. Nos compart\u00eda apuntes redactados de su pu\u00f1o y letra: el secreto es que se debe estudiar todos los d\u00edas. Aprendan estos conocimientos porque un d\u00eda les servir\u00e1n&#8221;.<\/p><p>De hecho No\u00e9 conserva cuadernos llenos de<a href=\"https:\/\/soymigrante.com\/revista\/acuerdos-entre-padres-e-hijos-son-lo-mas-inteligente-para-fortalecer-la-familia\/\"> anotaciones de su padre<\/a>, ya fallecido. Tambi\u00e9n\u00a0 enciclopedias subrayadas y recetas que Pascual recopil\u00f3 en sus a\u00f1os de experiencia.<\/p>\t\t\t\t\t\t\t\t<\/div>\n\t\t\t\t\t<\/div>\n\t\t\t\t<\/div>\n\t\t<div data-particle_enable=\"false\" data-particle-mobile-disabled=\"false\" class=\"elementor-element elementor-element-d758261 e-flex e-con-boxed e-con e-parent\" data-id=\"d758261\" data-element_type=\"container\" data-e-type=\"container\">\n\t\t\t\t\t<div class=\"e-con-inner\">\n\t\t\t\t<div class=\"elementor-element elementor-element-189a8ae elementor-widget elementor-widget-image\" data-id=\"189a8ae\" data-element_type=\"widget\" data-e-type=\"widget\" data-widget_type=\"image.default\">\n\t\t\t\t\t\t\t\t\t\t\t\t<figure class=\"wp-caption\">\n\t\t\t\t\t\t\t\t\t\t\t<a href=\"https:\/\/soymigrante.com\/mercado\/marketplace\/seller\/profile\/mianature\">\n\t\t\t\t\t\t\t<img decoding=\"async\" width=\"739\" height=\"670\" src=\"https:\/\/soymigrante.com\/revista\/wp-content\/uploads\/2025\/08\/Captura-de-pantalla-2025-08-12-110002.webp\" class=\"attachment-large size-large wp-image-41870\" alt=\"Fibra natural limpia \u00f3rganos, frutos rojos y m\u00e1s | Productos saludables y naturales para bienestar.\" srcset=\"https:\/\/soymigrante.com\/revista\/wp-content\/uploads\/2025\/08\/Captura-de-pantalla-2025-08-12-110002.webp 739w, https:\/\/soymigrante.com\/revista\/wp-content\/uploads\/2025\/08\/Captura-de-pantalla-2025-08-12-110002-300x272.png 300w\" sizes=\"(max-width: 739px) 100vw, 739px\" title=\"Pase adelante a la tienda digital de M\u00eda Nature en SoyMigrante.com MERCADO para conocer la variedad de productos naturales disponibles: desde t\u00e9s relajantes hasta caf\u00e9 sin cafe\u00edna. PARA ENTRAR A LA TIENDA CLIC EN LA IMAGEN \u2013 SoyMigrante.com REVISTA\" \/>\t\t\t\t\t\t\t\t<\/a>\n\t\t\t\t\t\t\t\t\t\t\t<figcaption class=\"widget-image-caption wp-caption-text\">Im\u00e1genes de productos org\u00e1nicos: fibra, yerbas, t\u00e9, crema y caf\u00e9 sin cafe\u00edna para una vida saludable.<\/figcaption>\n\t\t\t\t\t\t\t\t\t\t<\/figure>\n\t\t\t\t\t\t\t\t\t<\/div>\n\t\t\t\t\t<\/div>\n\t\t\t\t<\/div>\n\t\t<div data-particle_enable=\"false\" data-particle-mobile-disabled=\"false\" class=\"elementor-element elementor-element-a306d2e e-flex e-con-boxed e-con e-parent\" data-id=\"a306d2e\" data-element_type=\"container\" data-e-type=\"container\">\n\t\t\t\t\t<div class=\"e-con-inner\">\n\t\t\t\t<div class=\"elementor-element elementor-element-2c46c06 elementor-widget elementor-widget-heading\" data-id=\"2c46c06\" data-element_type=\"widget\" data-e-type=\"widget\" data-widget_type=\"heading.default\">\n\t\t\t\t\t<h3 class=\"elementor-heading-title elementor-size-default\">Cultura natur\u00f3pata y amor a las plantas<\/h3>\t\t\t\t<\/div>\n\t\t\t\t\t<\/div>\n\t\t\t\t<\/div>\n\t\t<div data-particle_enable=\"false\" data-particle-mobile-disabled=\"false\" class=\"elementor-element elementor-element-dac9058 e-flex e-con-boxed e-con e-parent\" data-id=\"dac9058\" data-element_type=\"container\" data-e-type=\"container\">\n\t\t\t\t\t<div class=\"e-con-inner\">\n\t\t\t\t<div class=\"elementor-element elementor-element-e07ea11 elementor-widget elementor-widget-text-editor\" data-id=\"e07ea11\" data-element_type=\"widget\" data-e-type=\"widget\" data-widget_type=\"text-editor.default\">\n\t\t\t\t\t\t\t\t\t<p>Adicionalmente, No\u00e9 M\u00e9ndez se form\u00f3 en el Instituto Naturistas Guatemalteco de Terapias Alternativas (INGTA) y diversos cursos sobre propiedades de plantas, flores, hojas, frutos.<\/p><p>\u201cLamentablemente,\u00a0 hay muchas personas que se ponen a vender por vender, sin tener estudios. Esto crea desconfianza hacia la medicina natural, porque supuestamente no alivia nada. Sin embargo,\u00a0nosotros nos aseguramos de contar con las plantas adecuadas para aliviar dolencias de la digesti\u00f3n, estr\u00e9s, dolores de cabeza\u201d, explica.<\/p><p>De esa cuenta, posee <a href=\"https:\/\/soymigrante.com\/mercado\/ts-y-infusiones-naturales\">varios t\u00e9s<\/a> que pueden ser tomados de forma preventiva o para alivio. Entre sus productos m\u00e1s buscados est\u00e1n el \u201ct\u00e9 limpia \u00f3rganos o<a href=\"https:\/\/soymigrante.com\/mercado\/te-limpia-sangre-bolsa-250g\"> limpia sangre<\/a>\u201d; tambi\u00e9n cuenta con un compuesto de fibra 100 % natural para mejorar la digesti\u00f3n.<\/p><p>&#8220;Tenemos el champ\u00fa de aloe vera con cola de caballo y romero, jabones terap\u00e9uticos para acn\u00e9 y manchas, as\u00ed tambi\u00e9n el caf\u00e9 sin cafe\u00edna elaborado con ingrediente totalmente natural.\u00a0Tenemos el t\u00e9 \u201cCero estr\u00e9s\u201d, hecho con hierbas relajantes&#8221;.\u00a0<\/p>\t\t\t\t\t\t\t\t<\/div>\n\t\t\t\t\t<\/div>\n\t\t\t\t<\/div>\n\t\t<div data-particle_enable=\"false\" data-particle-mobile-disabled=\"false\" class=\"elementor-element elementor-element-917fd09 e-flex e-con-boxed e-con e-parent\" data-id=\"917fd09\" data-element_type=\"container\" data-e-type=\"container\">\n\t\t\t\t\t<div class=\"e-con-inner\">\n\t\t\t\t<div class=\"elementor-element elementor-element-9a371e4 elementor-widget elementor-widget-image\" data-id=\"9a371e4\" data-element_type=\"widget\" data-e-type=\"widget\" data-widget_type=\"image.default\">\n\t\t\t\t\t\t\t\t\t\t\t\t<figure class=\"wp-caption\">\n\t\t\t\t\t\t\t\t\t\t<img decoding=\"async\" width=\"768\" height=\"576\" src=\"https:\/\/soymigrante.com\/revista\/wp-content\/uploads\/2025\/08\/mia-nature-emprendimiento-mercado-huehuetenango-3-1024x768.jpg\" class=\"attachment-large size-large wp-image-41942\" alt=\"Gente en un restaurante, dos hombres, uno joven y otro mayor con sombrero, expresi\u00f3n seria, reuni\u00f3n social, cultura mexicana, comunidad migrante, diversidad generacional, homenaje a las ra\u00edces mexicanas, celebraci\u00f3n cultural, celebraci\u00f3n comunitaria.\" srcset=\"https:\/\/soymigrante.com\/revista\/wp-content\/uploads\/2025\/08\/mia-nature-emprendimiento-mercado-huehuetenango-3-1024x768.jpg 1024w, https:\/\/soymigrante.com\/revista\/wp-content\/uploads\/2025\/08\/mia-nature-emprendimiento-mercado-huehuetenango-3-300x225.jpg 300w, https:\/\/soymigrante.com\/revista\/wp-content\/uploads\/2025\/08\/mia-nature-emprendimiento-mercado-huehuetenango-3-768x576.jpg 768w, https:\/\/soymigrante.com\/revista\/wp-content\/uploads\/2025\/08\/mia-nature-emprendimiento-mercado-huehuetenango-3-1536x1152.jpg 1536w, https:\/\/soymigrante.com\/revista\/wp-content\/uploads\/2025\/08\/mia-nature-emprendimiento-mercado-huehuetenango-3-750x563.webp 750w, https:\/\/soymigrante.com\/revista\/wp-content\/uploads\/2025\/08\/mia-nature-emprendimiento-mercado-huehuetenango-3-1140x855.webp 1140w, https:\/\/soymigrante.com\/revista\/wp-content\/uploads\/2025\/08\/mia-nature-emprendimiento-mercado-huehuetenango-3.webp 1600w\" sizes=\"(max-width: 768px) 100vw, 768px\" title=\"El legado de don Pascual M\u00e9ndez en conocimiento de tratamientos naturales fue la base de la cual parti\u00f3 su hijo No\u00e9 M\u00e9ndez, para seguir aprendiendo y lanzar M\u00eda Nature. (Foto \u00e1lbum familiar familia M\u00e9ndez) \u2013 SoyMigrante.com REVISTA\" \/>\t\t\t\t\t\t\t\t\t\t\t<figcaption class=\"widget-image-caption wp-caption-text\">Alto.<\/figcaption>\n\t\t\t\t\t\t\t\t\t\t<\/figure>\n\t\t\t\t\t\t\t\t\t<\/div>\n\t\t\t\t\t<\/div>\n\t\t\t\t<\/div>\n\t\t<div data-particle_enable=\"false\" data-particle-mobile-disabled=\"false\" class=\"elementor-element elementor-element-eadd249 e-flex e-con-boxed e-con e-parent\" data-id=\"eadd249\" data-element_type=\"container\" data-e-type=\"container\">\n\t\t\t\t\t<div class=\"e-con-inner\">\n\t\t\t\t<div class=\"elementor-element elementor-element-34a8057 elementor-widget elementor-widget-heading\" data-id=\"34a8057\" data-element_type=\"widget\" data-e-type=\"widget\" data-widget_type=\"heading.default\">\n\t\t\t\t\t<h3 class=\"elementor-heading-title elementor-size-default\">\u00bfPor qu\u00e9 decidi\u00f3 abrir su tienda en MERCADO?<\/h3>\t\t\t\t<\/div>\n\t\t\t\t\t<\/div>\n\t\t\t\t<\/div>\n\t\t<div data-particle_enable=\"false\" data-particle-mobile-disabled=\"false\" class=\"elementor-element elementor-element-9974c48 e-flex e-con-boxed e-con e-parent\" data-id=\"9974c48\" data-element_type=\"container\" data-e-type=\"container\">\n\t\t\t\t\t<div class=\"e-con-inner\">\n\t\t\t\t<div class=\"elementor-element elementor-element-ca71e3a elementor-widget elementor-widget-text-editor\" data-id=\"ca71e3a\" data-element_type=\"widget\" data-e-type=\"widget\" data-widget_type=\"text-editor.default\">\n\t\t\t\t\t\t\t\t\t<p>\u201cYo iba muchas veces a atender con mi pap\u00e1 a varios municipios de <a href=\"https:\/\/soymigrante.com\/revista\/departamentos-de-guatemala-huehuetenango-la-tierra-de-kaibil-balam-tesoro-cultural-y-natural\/\">Huehuetenango<\/a>. Viaj\u00e1bamos fines de semana. Me impresionaba c\u00f3mo le creaba sus compuestos para mejorar la salud y todo lo ten\u00eda en la memoria\u201d.<\/p><p>No\u00e9 comparte que la decisi\u00f3n de unirse a SoyMigrante.com MERCADO no fue casual.<b><a href=\"https:\/\/soymigrante.com\/revista\/marcos-antil-expone-plataforma-soymigrante-com-mercado-a-emprendedoras-en-republica-mujer\/\"> \u201cVeo yo que es una plataforma eficiente, moderna y de primer nivel, dise\u00f1ada por Marcos Antil para ayudarnos a todos los emprendedores&#8221;.\u00a0<\/a><\/b><\/p><p>&#8220;MERCADO lleva estos productos comunitarios a toda Guatemala, para que m\u00e1s personas se beneficien. M\u00eda Nature puede llegar ahora a m\u00e1s hogares. Al fin y al cabo, la medicina natural nunca hace da\u00f1o, sobre todo si se toma de forma preventiva&#8221;.\u00a0<\/p>\t\t\t\t\t\t\t\t<\/div>\n\t\t\t\t\t<\/div>\n\t\t\t\t<\/div>\n\t\t<div data-particle_enable=\"false\" data-particle-mobile-disabled=\"false\" class=\"elementor-element elementor-element-a5a36e9 e-flex e-con-boxed e-con e-parent\" data-id=\"a5a36e9\" data-element_type=\"container\" data-e-type=\"container\">\n\t\t\t\t\t<div class=\"e-con-inner\">\n\t\t\t\t<div class=\"elementor-element elementor-element-827a52b elementor-arrows-position-inside elementor-pagination-position-outside elementor-widget elementor-widget-image-carousel\" data-id=\"827a52b\" data-element_type=\"widget\" data-e-type=\"widget\" data-settings=\"{&quot;slides_to_show&quot;:&quot;1&quot;,&quot;navigation&quot;:&quot;both&quot;,&quot;autoplay&quot;:&quot;yes&quot;,&quot;pause_on_hover&quot;:&quot;yes&quot;,&quot;pause_on_interaction&quot;:&quot;yes&quot;,&quot;autoplay_speed&quot;:5000,&quot;infinite&quot;:&quot;yes&quot;,&quot;effect&quot;:&quot;slide&quot;,&quot;speed&quot;:500}\" data-widget_type=\"image-carousel.default\">\n\t\t\t\t\t\t\t<div class=\"elementor-image-carousel-wrapper swiper\" role=\"region\" aria-roledescription=\"carousel\" aria-label=\"Carrusel de im\u00e1genes\" dir=\"ltr\">\n\t\t\t<div class=\"elementor-image-carousel swiper-wrapper\" aria-live=\"off\">\n\t\t\t\t\t\t\t\t<div class=\"swiper-slide\" role=\"group\" aria-roledescription=\"slide\" aria-label=\"1 de 5\"><figure class=\"swiper-slide-inner\"><img decoding=\"async\" class=\"swiper-slide-image\" src=\"https:\/\/soymigrante.com\/revista\/wp-content\/uploads\/2025\/08\/mia-nature-emprendimiento-mercado-huehuetenango-4.webp\" alt=\"Certificado de participaci\u00f3n en conferencia sobre an\u00e1lisis microbiol\u00f3gico en productos naturales, otorgado por Asociaci\u00f3n de Fitoterapia de Guatemala, destacando conocimientos en fitoterapia y salud natural.\" \/><figcaption class=\"elementor-image-carousel-caption\">Certificado de participaci\u00f3n en conferencia sobre an\u00e1lisis microbiol\u00f3gico en productos naturales, otorgado por la Asociaci\u00f3n de Fitoterapia y Productos Naturales de Guatemala, reafirmando conocimientos en salud natural y fitoterapia.<\/figcaption><\/figure><\/div><div class=\"swiper-slide\" role=\"group\" aria-roledescription=\"slide\" aria-label=\"2 de 5\"><figure class=\"swiper-slide-inner\"><img decoding=\"async\" class=\"swiper-slide-image\" src=\"https:\/\/soymigrante.com\/revista\/wp-content\/uploads\/2025\/08\/mia-nature-emprendimiento-mercado-huehuetenango-5.webp\" alt=\"Certificado de participaci\u00f3n en conferencia sobre fitoterapia y productos naturales de Guatemala, otorgado a Diego No\u00e9 M\u00e9ndez Castillo por Afitogua.\" \/><figcaption class=\"elementor-image-carousel-caption\">Reconocimiento en fitoterapia y productos naturales, certificado oficial en Guatemala, feria de fitoterapia, productos fitoterap\u00e9uticos.<\/figcaption><\/figure><\/div><div class=\"swiper-slide\" role=\"group\" aria-roledescription=\"slide\" aria-label=\"3 de 5\"><figure class=\"swiper-slide-inner\"><img decoding=\"async\" class=\"swiper-slide-image\" src=\"https:\/\/soymigrante.com\/revista\/wp-content\/uploads\/2025\/08\/mia-nature-emprendimiento-mercado-huehuetenango-1.webp\" alt=\"Certificado de medicina alternativa, diploma de green life medicinal, reconocimiento en medicina alternativa, certificaci\u00f3n de terapias naturales, diploma de pr\u00e1cticas de medicina complementaria.\" \/><figcaption class=\"elementor-image-carousel-caption\">Algunos de los diplomas obtenidos por No\u00e9 M\u00e9ndez en su b\u00fasqueda de ofrecer productos terap\u00e9uticos naturales de calidad a trav\u00e9s de M\u00eda Nature.<\/figcaption><\/figure><\/div><div class=\"swiper-slide\" role=\"group\" aria-roledescription=\"slide\" aria-label=\"4 de 5\"><figure class=\"swiper-slide-inner\"><img decoding=\"async\" class=\"swiper-slide-image\" src=\"https:\/\/soymigrante.com\/revista\/wp-content\/uploads\/2025\/08\/mia-nature-emprendimiento-mercado-huehuetenango-2-1024x792.jpg\" alt=\"Certificado de estudio de plantas medicinales, con firmas y sello oficial, entregado por INGTA en Guatemala, reconocimiento acad\u00e9mico en terapias alternativas, formaci\u00f3n en medicina natural.\" \/><figcaption class=\"elementor-image-carousel-caption\">Certificado del curso de plantas medicinales de INGTA, en Guatemala, con firmas y sello, acreditando formaci\u00f3n en terapias naturales y medicinas alternativas.<\/figcaption><\/figure><\/div><div class=\"swiper-slide\" role=\"group\" aria-roledescription=\"slide\" aria-label=\"5 de 5\"><figure class=\"swiper-slide-inner\"><img decoding=\"async\" class=\"swiper-slide-image\" src=\"https:\/\/soymigrante.com\/revista\/wp-content\/uploads\/2025\/08\/mia-nature-emprendimiento-mercado-soymigrante-4-1-1024x681.jpg\" alt=\"Operador sanitario realizando pruebas en laboratorio para detecci\u00f3n de migrantes y poblaci\u00f3n vulnerable en M\u00e9xico.\" \/><figcaption class=\"elementor-image-carousel-caption\">Personal de salud en un centro m\u00e9dico realiza pruebas y an\u00e1lisis relacionados con migrantes y el bienestar social.<\/figcaption><\/figure><\/div>\t\t\t<\/div>\n\t\t\t\t\t\t\t\t\t\t\t\t<div class=\"elementor-swiper-button elementor-swiper-button-prev\" role=\"button\" tabindex=\"0\">\n\t\t\t\t\t\t<i aria-hidden=\"true\" class=\"eicon-chevron-left\"><\/i>\t\t\t\t\t<\/div>\n\t\t\t\t\t<div class=\"elementor-swiper-button elementor-swiper-button-next\" role=\"button\" tabindex=\"0\">\n\t\t\t\t\t\t<i aria-hidden=\"true\" class=\"eicon-chevron-right\"><\/i>\t\t\t\t\t<\/div>\n\t\t\t\t\n\t\t\t\t\t\t\t\t\t<div class=\"swiper-pagination\"><\/div>\n\t\t\t\t\t\t\t\t\t<\/div>\n\t\t\t\t\t\t<\/div>\n\t\t\t\t\t<\/div>\n\t\t\t\t<\/div>\n\t\t<div data-particle_enable=\"false\" data-particle-mobile-disabled=\"false\" class=\"elementor-element elementor-element-b76ed3c e-flex e-con-boxed e-con e-parent\" data-id=\"b76ed3c\" data-element_type=\"container\" data-e-type=\"container\">\n\t\t\t\t\t<div class=\"e-con-inner\">\n\t\t\t\t<div class=\"elementor-element elementor-element-c6f24a5 elementor-align-center elementor-widget elementor-widget-global elementor-global-14402 elementor-widget-button\" data-id=\"c6f24a5\" data-element_type=\"widget\" data-e-type=\"widget\" data-widget_type=\"button.default\">\n\t\t\t\t\t\t\t\t\t\t<a class=\"elementor-button elementor-button-link elementor-size-sm\" href=\"https:\/\/soymigrante.com\/mercado\/marketplace\/seller\/register\">\n\t\t\t\t\t\t<span class=\"elementor-button-content-wrapper\">\n\t\t\t\t\t\t<span class=\"elementor-button-icon\">\n\t\t\t\t<i aria-hidden=\"true\" class=\"fas fa-cart-arrow-down\"><\/i>\t\t\t<\/span>\n\t\t\t\t\t\t\t\t\t<span class=\"elementor-button-text\">\u00bfERES EMPRENDEDOR Y QUIERES ENTRAR AL COMERCIO DIGITAL? NO ESPERES M\u00c1S Y  ABRE TU TIENDA DIGITAL  EN SOYMIGRANTE.COM\/MERCADO <\/span>\n\t\t\t\t\t<\/span>\n\t\t\t\t\t<\/a>\n\t\t\t\t\t\t\t\t<\/div>\n\t\t\t\t\t<\/div>\n\t\t\t\t<\/div>\n\t\t<div data-particle_enable=\"false\" data-particle-mobile-disabled=\"false\" class=\"elementor-element elementor-element-bfdabb9 e-flex e-con-boxed e-con e-parent\" data-id=\"bfdabb9\" data-element_type=\"container\" data-e-type=\"container\">\n\t\t\t\t\t<div class=\"e-con-inner\">\n\t\t\t\t<div class=\"elementor-element elementor-element-72640a8 elementor-widget elementor-widget-heading\" data-id=\"72640a8\" data-element_type=\"widget\" data-e-type=\"widget\" data-widget_type=\"heading.default\">\n\t\t\t\t\t<h2 class=\"elementor-heading-title elementor-size-default\">Detr\u00e1s de cada emprendimiento hay siempre una gran historia<\/h2>\t\t\t\t<\/div>\n\t\t\t\t\t<\/div>\n\t\t\t\t<\/div>\n\t\t<div data-particle_enable=\"false\" data-particle-mobile-disabled=\"false\" class=\"elementor-element elementor-element-57dfe21 e-flex e-con-boxed e-con e-parent\" data-id=\"57dfe21\" data-element_type=\"container\" data-e-type=\"container\">\n\t\t\t\t\t<div class=\"e-con-inner\">\n\t\t\t\t<div class=\"elementor-element elementor-element-f150d3f elementor-grid-eael-col-3 elementor-grid-tablet-eael-col-2 elementor-grid-mobile-eael-col-1 elementor-invisible elementor-widget elementor-widget-eael-post-grid\" data-id=\"f150d3f\" data-element_type=\"widget\" data-e-type=\"widget\" data-settings=\"{&quot;eael_post_grid_columns&quot;:&quot;eael-col-3&quot;,&quot;_animation&quot;:&quot;rollIn&quot;,&quot;eael_post_grid_columns_tablet&quot;:&quot;eael-col-2&quot;,&quot;eael_post_grid_columns_mobile&quot;:&quot;eael-col-1&quot;}\" data-widget_type=\"eael-post-grid.default\">\n\t\t\t\t\t<div id=\"eael-post-grid-f150d3f\" class=\"eael-post-grid-container\">\n            <div class=\"eael-post-grid eael-post-appender eael-post-appender-f150d3f eael-post-grid-style-one\" data-layout-mode=\"masonry\"><article class=\"eael-grid-post  eael-post-grid-column eael-pg-post-10732 category-guate-nuestra tags-mercado-emprendedores\" data-id=\"10732\">\n        <div class=\"eael-grid-post-holder\">\n            <div class=\"eael-grid-post-holder-inner\"><div class=\"eael-entry-media\"><div class=\"eael-entry-overlay fade-in\"><i class=\"far fa-hand-pointer\" aria-hidden=\"true\"><\/i><a href=\"https:\/\/soymigrante.com\/revista\/maderas-grissell-de-la-familia-oxom-crea-muebles-y-piezas-decorativas-en-coban\/\"><\/a><\/div><div class=\"eael-entry-thumbnail \">\n                <img loading=\"lazy\" decoding=\"async\" width=\"750\" height=\"750\" src=\"https:\/\/soymigrante.com\/revista\/wp-content\/uploads\/2024\/10\/grissell-coban.webp\" class=\"attachment-large size-large wp-image-10972\" alt=\"Espejo de pie de madera, art\u00edculos de decoraci\u00f3n y accesorios para ba\u00f1os en un espacio comercial. Muestra productos de est\u00e9tica, mobiliario y art\u00edculos de higiene personal.\" srcset=\"https:\/\/soymigrante.com\/revista\/wp-content\/uploads\/2024\/10\/grissell-coban.webp 750w, https:\/\/soymigrante.com\/revista\/wp-content\/uploads\/2024\/10\/grissell-coban-300x300.webp 300w, https:\/\/soymigrante.com\/revista\/wp-content\/uploads\/2024\/10\/grissell-coban-150x150.webp 150w, https:\/\/soymigrante.com\/revista\/wp-content\/uploads\/2024\/10\/grissell-coban-75x75.webp 75w\" sizes=\"(max-width: 750px) 100vw, 750px\" \/>\n            <\/div>\n        <\/div><div class=\"eael-entry-wrapper\"><header class=\"eael-entry-header\"><h2 class=\"eael-entry-title\"><a class=\"eael-grid-post-link\" href=\"https:\/\/soymigrante.com\/revista\/maderas-grissell-de-la-familia-oxom-crea-muebles-y-piezas-decorativas-en-coban\/\" title=\"Familia Oxom crea muebles y piezas decorativas en Maderas Gryssell que ya est\u00e1 en MERCADO\">Familia Oxom crea muebles y piezas decorativas en Maderas Gryssell que ya est\u00e1 en MERCADO<\/a><\/h2><\/header><div class=\"eael-entry-content\">\n                        <div class=\"eael-grid-post-excerpt\"><a href=\"https:\/\/soymigrante.com\/revista\/maderas-grissell-de-la-familia-oxom-crea-muebles-y-piezas-decorativas-en-coban\/\" class=\"eael-post-elements-readmore-btn\">CONOCE SU HISTORIA <\/a><\/div>\n                    <\/div><\/div><\/div>\n        <\/div>\n    <\/article><article class=\"eael-grid-post  eael-post-grid-column eael-pg-post-48735 category-guate-nuestra tags-mercado-emprendedores\" data-id=\"48735\">\n        <div class=\"eael-grid-post-holder\">\n            <div class=\"eael-grid-post-holder-inner\"><div class=\"eael-entry-media\"><div class=\"eael-entry-overlay fade-in\"><i class=\"far fa-hand-pointer\" aria-hidden=\"true\"><\/i><a href=\"https:\/\/soymigrante.com\/revista\/sabiduria-y-medicina-tradicional-se-fusionan-en-la-pomada-de-las-abuelas\/\"><\/a><\/div><div class=\"eael-entry-thumbnail \">\n                <img loading=\"lazy\" decoding=\"async\" width=\"579\" height=\"572\" src=\"https:\/\/soymigrante.com\/revista\/wp-content\/uploads\/2025\/11\/pomada-de-las-abuelas-mercado.png\" class=\"attachment-large size-large wp-image-48736\" alt=\"pomada de las abuelas mercado\" srcset=\"https:\/\/soymigrante.com\/revista\/wp-content\/uploads\/2025\/11\/pomada-de-las-abuelas-mercado.png 579w, https:\/\/soymigrante.com\/revista\/wp-content\/uploads\/2025\/11\/pomada-de-las-abuelas-mercado-300x296.png 300w, https:\/\/soymigrante.com\/revista\/wp-content\/uploads\/2025\/11\/pomada-de-las-abuelas-mercado-75x75.png 75w\" sizes=\"(max-width: 579px) 100vw, 579px\" \/>\n            <\/div>\n        <\/div><div class=\"eael-entry-wrapper\"><header class=\"eael-entry-header\"><h2 class=\"eael-entry-title\"><a class=\"eael-grid-post-link\" href=\"https:\/\/soymigrante.com\/revista\/sabiduria-y-medicina-tradicional-se-fusionan-en-la-pomada-de-las-abuelas\/\" title=\"Sabidur\u00eda y medicina tradicional se fusionan en la Pomada de las Abuelas: de Quetzaltenango a MERCADO\">Sabidur\u00eda y medicina tradicional se fusionan en la Pomada de las Abuelas: de Quetzaltenango a MERCADO<\/a><\/h2><\/header><div class=\"eael-entry-content\">\n                        <div class=\"eael-grid-post-excerpt\"><a href=\"https:\/\/soymigrante.com\/revista\/sabiduria-y-medicina-tradicional-se-fusionan-en-la-pomada-de-las-abuelas\/\" class=\"eael-post-elements-readmore-btn\">CONOCE SU HISTORIA <\/a><\/div>\n                    <\/div><\/div><\/div>\n        <\/div>\n    <\/article><article class=\"eael-grid-post  eael-post-grid-column eael-pg-post-21861 category-guate-nuestra tags-mercado-emprendedores\" data-id=\"21861\">\n        <div class=\"eael-grid-post-holder\">\n            <div class=\"eael-grid-post-holder-inner\"><div class=\"eael-entry-media\"><div class=\"eael-entry-overlay fade-in\"><i class=\"far fa-hand-pointer\" aria-hidden=\"true\"><\/i><a href=\"https:\/\/soymigrante.com\/revista\/a-b-galeria-de-geovani-batz-colorido-creatividad-y-tradicion-de-totonicapan-esta-en-mercado\/\"><\/a><\/div><div class=\"eael-entry-thumbnail \">\n                <img loading=\"lazy\" decoding=\"async\" width=\"921\" height=\"921\" src=\"https:\/\/soymigrante.com\/revista\/wp-content\/uploads\/2025\/01\/Geovani-Batz-e-hijo-1.webp\" class=\"attachment-large size-large wp-image-21905\" alt=\"Profesionales m\u00fasicos latinoamericanos en un evento cultural, tocando instrumentos tradicionales y participando en actividades art\u00edsticas en un entorno vibrante y colorido.\" srcset=\"https:\/\/soymigrante.com\/revista\/wp-content\/uploads\/2025\/01\/Geovani-Batz-e-hijo-1.webp 921w, https:\/\/soymigrante.com\/revista\/wp-content\/uploads\/2025\/01\/Geovani-Batz-e-hijo-1-300x300.jpeg 300w, https:\/\/soymigrante.com\/revista\/wp-content\/uploads\/2025\/01\/Geovani-Batz-e-hijo-1-150x150.jpeg 150w, https:\/\/soymigrante.com\/revista\/wp-content\/uploads\/2025\/01\/Geovani-Batz-e-hijo-1-768x768.jpeg 768w, https:\/\/soymigrante.com\/revista\/wp-content\/uploads\/2025\/01\/Geovani-Batz-e-hijo-1-75x75.webp 75w, https:\/\/soymigrante.com\/revista\/wp-content\/uploads\/2025\/01\/Geovani-Batz-e-hijo-1-750x750.webp 750w\" sizes=\"(max-width: 921px) 100vw, 921px\" \/>\n            <\/div>\n        <\/div><div class=\"eael-entry-wrapper\"><header class=\"eael-entry-header\"><h2 class=\"eael-entry-title\"><a class=\"eael-grid-post-link\" href=\"https:\/\/soymigrante.com\/revista\/a-b-galeria-de-geovani-batz-colorido-creatividad-y-tradicion-de-totonicapan-esta-en-mercado\/\" title=\"B A Galer\u00eda de Geovani Batz: colorido, creatividad y tradici\u00f3n de Totonicap\u00e1n est\u00e1 en MERCADO\">B A Galer\u00eda de Geovani Batz: colorido, creatividad y tradici\u00f3n de Totonicap\u00e1n est\u00e1 en MERCADO<\/a><\/h2><\/header><div class=\"eael-entry-content\">\n                        <div class=\"eael-grid-post-excerpt\"><a href=\"https:\/\/soymigrante.com\/revista\/a-b-galeria-de-geovani-batz-colorido-creatividad-y-tradicion-de-totonicapan-esta-en-mercado\/\" class=\"eael-post-elements-readmore-btn\">CONOCE SU HISTORIA <\/a><\/div>\n                    <\/div><\/div><\/div>\n        <\/div>\n    <\/article><\/div>\n            <div class=\"clearfix\"><\/div>\n        <\/div>            <div class=\"eael-load-more-button-wrap eael-force-hide\">\n                <button class=\"eael-load-more-button\" id=\"eael-load-more-btn-f150d3f\" data-widget-id=\"f150d3f\" data-widget=\"f150d3f\" data-page-id=\"41864\" data-template=\"{&quot;dir&quot;:&quot;lite&quot;,&quot;file_name&quot;:&quot;one.php&quot;,&quot;name&quot;:&quot;Post-Grid&quot;}\" data-class=\"Essential_Addons_Elementor\\Elements\\Post_Grid\" data-layout=\"masonry\" data-page=\"1\" data-args=\"orderby=rand&amp;order=desc&amp;ignore_sticky_posts=1&amp;post_status=publish&amp;posts_per_page=3&amp;offset=0&amp;post_type=post&amp;tax_query%5B0%5D%5Btaxonomy%5D=post_tag&amp;tax_query%5B0%5D%5Bfield%5D=term_id&amp;tax_query%5B0%5D%5Bterms%5D%5B0%5D=130&amp;tax_query%5Brelation%5D=AND\" data-max-page=\"35\">\n                    <span class=\"eael-btn-loader button__loader\"><\/span>\n                    <span class=\"eael_load_more_text\">Load More<\/span>\n                <\/button>\n            <\/div>\n            \t\t\t\t<\/div>\n\t\t\t\t\t<\/div>\n\t\t\t\t<\/div>\n\t\t\t\t<\/div>\n\t\t","protected":false},"excerpt":{"rendered":"<p>No\u00e9 M\u00e9ndez a\u00fan recuerda cuando, de ni\u00f1o, observaba a su padre, el home\u00f3pata Pascual M\u00e9ndez preparar t\u00e9s y tratamientos naturales para brindar alivio a dolencias. Hoy, prosigue su legado desde Huehuetenango. La historia de M\u00eda Nature es, ante todo, la continuidad de una herencia de sabidur\u00eda ancestral, constante aprendizaje y amor a la naturaleza.\u00a0 \u201cTodo [&hellip;]<\/p>\n","protected":false},"author":7,"featured_media":41865,"comment_status":"open","ping_status":"open","sticky":false,"template":"","format":"standard","meta":{"_acf_changed":false,"_eb_attr":"","footnotes":""},"categories":[58],"tags":[130],"class_list":["post-41864","post","type-post","status-publish","format-standard","has-post-thumbnail","hentry","category-guate-nuestra","tag-mercado-emprendedores"],"acf":[],"aioseo_notices":[],"aioseo_head":"\n\t\t<!-- All in One SEO Pro 4.9.6.2 - aioseo.com -->\n\t<meta name=\"description\" content=\"Desde el coraz\u00f3n de Totonicap\u00e1n, B A Galer\u00eda crea piezas que fusionan arte, color e imaginaci\u00f3n. Ya abri\u00f3 su tienda digital en SoyMigrante MERCADO.\" \/>\n\t<meta name=\"robots\" content=\"max-snippet:-1, max-image-preview:large, max-video-preview:-1\" \/>\n\t<meta name=\"author\" content=\"Beatriz Tercero\"\/>\n\t<link rel=\"canonical\" href=\"https:\/\/soymigrante.com\/revista\/a-b-galeria-de-geovani-batz-colorido-creatividad-y-tradicion-de-totonicapan-esta-en-mercado\/\" \/>\n\t<meta name=\"generator\" content=\"All in One SEO Pro (AIOSEO) 4.9.6.2\" \/>\n\n\t\t<link rel=\"preconnect\" href=\"https:\/\/fonts.googleapis.com\" crossorigin>\n<link rel=\"preconnect\" href=\"https:\/\/fonts.gstatic.com\" crossorigin>\n\t\t<meta property=\"og:locale\" content=\"es_ES\" \/>\n\t\t<meta property=\"og:site_name\" content=\"SoyMigrante.com REVISTA \u2013 Nuestra misi\u00f3n es reconocer y dignificar al migrante.\" \/>\n\t\t<meta property=\"og:type\" content=\"article\" \/>\n\t\t<meta property=\"og:title\" content=\"B A Galer\u00eda: Promoviendo el arte y la cultura desde Totonicap\u00e1n\" \/>\n\t\t<meta property=\"og:description\" content=\"Desde el coraz\u00f3n de Totonicap\u00e1n, B A Galer\u00eda crea piezas que fusionan arte, color e imaginaci\u00f3n. Ya abri\u00f3 su tienda digital en SoyMigrante MERCADO.\" \/>\n\t\t<meta property=\"og:url\" content=\"https:\/\/soymigrante.com\/revista\/a-b-galeria-de-geovani-batz-colorido-creatividad-y-tradicion-de-totonicapan-esta-en-mercado\/\" \/>\n\t\t<meta property=\"og:image\" content=\"https:\/\/soymigrante.com\/revista\/wp-content\/uploads\/2025\/01\/Geovani-Batz-e-hijo-1.webp\" \/>\n\t\t<meta property=\"og:image:secure_url\" content=\"https:\/\/soymigrante.com\/revista\/wp-content\/uploads\/2025\/01\/Geovani-Batz-e-hijo-1.webp\" \/>\n\t\t<meta property=\"og:image:width\" content=\"921\" \/>\n\t\t<meta property=\"og:image:height\" content=\"921\" \/>\n\t\t<meta property=\"article:published_time\" content=\"2025-01-23T14:59:12+00:00\" \/>\n\t\t<meta property=\"article:modified_time\" content=\"2025-01-24T17:15:54+00:00\" \/>\n\t\t<meta property=\"article:publisher\" content=\"https:\/\/www.facebook.com\/soymigrantecom\" \/>\n\t\t<meta name=\"twitter:card\" content=\"summary_large_image\" \/>\n\t\t<meta name=\"twitter:site\" content=\"@SoyMigrante_com\" \/>\n\t\t<meta name=\"twitter:title\" content=\"B A Galer\u00eda: Promoviendo el arte y la cultura desde Totonicap\u00e1n\" \/>\n\t\t<meta name=\"twitter:description\" content=\"Desde el coraz\u00f3n de Totonicap\u00e1n, B A Galer\u00eda crea piezas que fusionan arte, color e imaginaci\u00f3n. Ya abri\u00f3 su tienda digital en SoyMigrante MERCADO.\" \/>\n\t\t<meta name=\"twitter:creator\" content=\"@SoyMigrante_com\" \/>\n\t\t<meta name=\"twitter:image\" content=\"https:\/\/soymigrante.com\/revista\/wp-content\/uploads\/2025\/01\/Geovani-Batz-e-hijo-1.webp\" \/>\n\t\t<!-- All in One SEO Pro -->\r\n\t\t<title>B A Galer\u00eda: Promoviendo el arte y la cultura desde Totonicap\u00e1n<\/title>\n\n","aioseo_head_json":{"title":"B A Galer\u00eda: Promoviendo el arte y la cultura desde Totonicap\u00e1n","description":"Desde el coraz\u00f3n de Totonicap\u00e1n, B A Galer\u00eda crea piezas que fusionan arte, color e imaginaci\u00f3n. Ya abri\u00f3 su tienda digital en SoyMigrante MERCADO.","canonical_url":"https:\/\/soymigrante.com\/revista\/a-b-galeria-de-geovani-batz-colorido-creatividad-y-tradicion-de-totonicapan-esta-en-mercado\/","robots":"max-snippet:-1, max-image-preview:large, max-video-preview:-1","keywords":"","webmasterTools":{"miscellaneous":"&lt;link rel=\"preconnect\" href=\"https:\/\/fonts.googleapis.com\" crossorigin&gt;\n&lt;link rel=\"preconnect\" href=\"https:\/\/fonts.gstatic.com\" crossorigin&gt;"},"schema":null,"og:locale":"es_ES","og:site_name":"SoyMigrante.com REVISTA \u2013 Nuestra misi\u00f3n es reconocer y dignificar al migrante.","og:type":"article","og:title":"B A Galer\u00eda: Promoviendo el arte y la cultura desde Totonicap\u00e1n","og:description":"Desde el coraz\u00f3n de Totonicap\u00e1n, B A Galer\u00eda crea piezas que fusionan arte, color e imaginaci\u00f3n. Ya abri\u00f3 su tienda digital en SoyMigrante MERCADO.","og:url":"https:\/\/soymigrante.com\/revista\/a-b-galeria-de-geovani-batz-colorido-creatividad-y-tradicion-de-totonicapan-esta-en-mercado\/","og:image":"https:\/\/soymigrante.com\/revista\/wp-content\/uploads\/2025\/01\/Geovani-Batz-e-hijo-1.webp","og:image:secure_url":"https:\/\/soymigrante.com\/revista\/wp-content\/uploads\/2025\/01\/Geovani-Batz-e-hijo-1.webp","og:image:width":921,"og:image:height":921,"article:published_time":"2025-01-23T14:59:12+00:00","article:modified_time":"2025-01-24T17:15:54+00:00","article:publisher":"https:\/\/www.facebook.com\/soymigrantecom","twitter:card":"summary_large_image","twitter:site":"@SoyMigrante_com","twitter:title":"B A Galer\u00eda: Promoviendo el arte y la cultura desde Totonicap\u00e1n","twitter:description":"Desde el coraz\u00f3n de Totonicap\u00e1n, B A Galer\u00eda crea piezas que fusionan arte, color e imaginaci\u00f3n. Ya abri\u00f3 su tienda digital en SoyMigrante MERCADO.","twitter:creator":"@SoyMigrante_com","twitter:image":"https:\/\/soymigrante.com\/revista\/wp-content\/uploads\/2025\/01\/Geovani-Batz-e-hijo-1.webp"},"aioseo_meta_data":{"post_id":"41864","title":"M\u00eda Nature: tratamientos naturales para la salud en MERCADO","description":"No\u00e9 M\u00e9ndez prosigue el legado de su padre Pascual M\u00e9ndez, quien impuls\u00f3 la medicina natural desde Huehuetenango. Su tienda M\u00eda Nature est\u00e1 en MERCADO","keywords":null,"keyphrases":{"focus":{"keyphrase":"Mercado","score":82,"analysis":{"keyphraseInTitle":{"score":9,"maxScore":9,"error":0},"keyphraseInDescription":{"score":9,"maxScore":9,"error":0},"keyphraseLength":{"score":9,"maxScore":9,"error":0,"length":1},"keyphraseInURL":{"score":5,"maxScore":5,"error":0},"keyphraseInIntroduction":{"score":3,"maxScore":9,"error":1},"keyphraseInSubHeadings":{"score":3,"maxScore":9,"error":1},"keyphraseInImageAlt":{"score":9,"maxScore":9,"error":0},"keywordDensity":{"type":"best","score":9,"maxScore":9,"error":0}}},"additional":[{"keyphrase":"Medicina natural","score":67,"analysis":{"keyphraseInDescription":{"score":9,"maxScore":9,"error":0},"keyphraseLength":{"score":9,"maxScore":9,"error":0,"length":2},"keyphraseInIntroduction":{"score":9,"maxScore":9,"error":0},"keyphraseInImageAlt":{"score":3,"maxScore":9,"error":1},"keywordDensity":{"score":0,"type":"low","maxScore":9,"error":1}}},{"keyphrase":"Huehuetenango","score":87,"analysis":{"keyphraseInDescription":{"score":9,"maxScore":9,"error":0},"keyphraseLength":{"score":9,"maxScore":9,"error":0,"length":1},"keyphraseInIntroduction":{"score":3,"maxScore":9,"error":1},"keyphraseInImageAlt":{"score":9,"maxScore":9,"error":0},"keywordDensity":{"type":"best","score":9,"maxScore":9,"error":0}}}]},"primary_term":null,"canonical_url":null,"og_title":null,"og_description":null,"og_object_type":"default","og_image_type":"default","og_image_url":null,"og_image_width":null,"og_image_height":null,"og_image_custom_url":null,"og_image_custom_fields":null,"og_video":"","og_custom_url":null,"og_article_section":null,"og_article_tags":null,"twitter_use_og":false,"twitter_card":"default","twitter_image_type":"default","twitter_image_url":null,"twitter_image_custom_url":null,"twitter_image_custom_fields":null,"twitter_title":null,"twitter_description":null,"schema":{"blockGraphs":[],"customGraphs":[],"default":{"data":{"Article":[],"Course":[],"Dataset":[],"FAQPage":[],"Movie":[],"Person":[],"Product":[],"ProductReview":[],"Car":[],"Recipe":[],"Service":[],"SoftwareApplication":[],"WebPage":[]},"graphName":"none","isEnabled":true},"graphs":[]},"schema_type":"default","schema_type_options":null,"pillar_content":false,"robots_default":true,"robots_noindex":false,"robots_noarchive":false,"robots_nosnippet":false,"robots_nofollow":false,"robots_noimageindex":false,"robots_noodp":false,"robots_notranslate":false,"robots_max_snippet":"-1","robots_max_videopreview":"-1","robots_max_imagepreview":"large","priority":null,"frequency":"default","local_seo":null,"seo_analyzer_scan_date":"2025-10-09 07:36:43","breadcrumb_settings":null,"limit_modified_date":false,"reviewed_by":"0","open_ai":null,"ai":{"faqs":[],"keyPoints":[],"titles":[],"descriptions":[],"socialPosts":{"email":[],"linkedin":[],"twitter":[],"facebook":[],"instagram":[]}},"created":"2025-08-12 16:36:26","updated":"2026-02-05 04:15:59"},"aioseo_breadcrumb":"<div class=\"aioseo-breadcrumbs\"><span class=\"aioseo-breadcrumb\">\n\t<a href=\"https:\/\/soymigrante.com\/revista\" title=\"Home\">Home<\/a>\n<\/span><span class=\"aioseo-breadcrumb-separator\">\u00bb<\/span><span class=\"aioseo-breadcrumb\">\n\t<a href=\"https:\/\/soymigrante.com\/revista\/category\/guate-nuestra\/\" title=\"Guate Nuestra\">Guate Nuestra<\/a>\n<\/span><span class=\"aioseo-breadcrumb-separator\">\u00bb<\/span><span class=\"aioseo-breadcrumb\">\n\tM\u00eda Nature es sabidur\u00eda en medicina natural desde Huehuetenango disponible en MERCADO\n<\/span><\/div>","aioseo_breadcrumb_json":[{"label":"Home","link":"https:\/\/soymigrante.com\/revista"},{"label":"Guate Nuestra","link":"https:\/\/soymigrante.com\/revista\/category\/guate-nuestra\/"},{"label":"M\u00eda Nature es sabidur\u00eda en medicina natural desde Huehuetenango disponible en MERCADO","link":"https:\/\/soymigrante.com\/revista\/mia-nature-es-sabiduria-en-medicina-natural-desde-huehuetenango-disponible-en-mercado\/"}],"_links":{"self":[{"href":"https:\/\/soymigrante.com\/revista\/wp-json\/wp\/v2\/posts\/41864","targetHints":{"allow":["GET"]}}],"collection":[{"href":"https:\/\/soymigrante.com\/revista\/wp-json\/wp\/v2\/posts"}],"about":[{"href":"https:\/\/soymigrante.com\/revista\/wp-json\/wp\/v2\/types\/post"}],"author":[{"embeddable":true,"href":"https:\/\/soymigrante.com\/revista\/wp-json\/wp\/v2\/users\/7"}],"replies":[{"embeddable":true,"href":"https:\/\/soymigrante.com\/revista\/wp-json\/wp\/v2\/comments?post=41864"}],"version-history":[{"count":14,"href":"https:\/\/soymigrante.com\/revista\/wp-json\/wp\/v2\/posts\/41864\/revisions"}],"predecessor-version":[{"id":41956,"href":"https:\/\/soymigrante.com\/revista\/wp-json\/wp\/v2\/posts\/41864\/revisions\/41956"}],"wp:featuredmedia":[{"embeddable":true,"href":"https:\/\/soymigrante.com\/revista\/wp-json\/wp\/v2\/media\/41865"}],"wp:attachment":[{"href":"https:\/\/soymigrante.com\/revista\/wp-json\/wp\/v2\/media?parent=41864"}],"wp:term":[{"taxonomy":"category","embeddable":true,"href":"https:\/\/soymigrante.com\/revista\/wp-json\/wp\/v2\/categories?post=41864"},{"taxonomy":"post_tag","embeddable":true,"href":"https:\/\/soymigrante.com\/revista\/wp-json\/wp\/v2\/tags?post=41864"}],"curies":[{"name":"wp","href":"https:\/\/api.w.org\/{rel}","templated":true}]}}