{"id":41851,"date":"2025-08-12T08:28:48","date_gmt":"2025-08-12T14:28:48","guid":{"rendered":"https:\/\/soymigrante.com\/revista\/?p=41851"},"modified":"2025-08-15T12:35:01","modified_gmt":"2025-08-15T18:35:01","slug":"la-segunda-capital-de-guatemala-santiago-en-almolonga-solo-duro-14-anos","status":"publish","type":"post","link":"https:\/\/soymigrante.com\/revista\/la-segunda-capital-de-guatemala-santiago-en-almolonga-solo-duro-14-anos\/","title":{"rendered":"La segunda capital de Guatemala: Santiago en Almolonga solo dur\u00f3 14 a\u00f1os"},"content":{"rendered":"\t\t<div data-elementor-type=\"wp-post\" data-elementor-id=\"41851\" class=\"elementor elementor-41851\" data-elementor-post-type=\"post\">\n\t\t\t\t<div data-particle_enable=\"false\" data-particle-mobile-disabled=\"false\" class=\"elementor-element elementor-element-bb42d58 e-flex e-con-boxed e-con e-parent\" data-id=\"bb42d58\" data-element_type=\"container\" data-e-type=\"container\">\n\t\t\t\t\t<div class=\"e-con-inner\">\n\t\t\t\t<div class=\"elementor-element elementor-element-b4ec2c7 elementor-widget elementor-widget-heading\" data-id=\"b4ec2c7\" data-element_type=\"widget\" data-e-type=\"widget\" data-widget_type=\"heading.default\">\n\t\t\t\t\t<h2 class=\"elementor-heading-title elementor-size-default\"><span style=\"font-size: 31.2px\">La primera capital de Guatemala estuvo en Iximch\u00e9 solo unos meses;  el ayuntamiento y pobladores vagaron por varios sitios. Finalmente en 1527 se establece en las faldas del volc\u00e1n de Agua, en Almolonga. Fue destruida por un alud en 1541.<\/span><\/h2>\t\t\t\t<\/div>\n\t\t\t\t\t<\/div>\n\t\t\t\t<\/div>\n\t\t<div data-particle_enable=\"false\" data-particle-mobile-disabled=\"false\" class=\"elementor-element elementor-element-9735672 e-flex e-con-boxed e-con e-parent\" data-id=\"9735672\" data-element_type=\"container\" data-e-type=\"container\">\n\t\t\t\t\t<div class=\"e-con-inner\">\n\t\t\t\t<div class=\"elementor-element elementor-element-cafa7ce elementor-widget elementor-widget-text-editor\" data-id=\"cafa7ce\" data-element_type=\"widget\" data-e-type=\"widget\" data-widget_type=\"text-editor.default\">\n\t\t\t\t\t\t\t\t\t<p>El 22 de noviembre de 1527 se estableci\u00f3 el segundo asentamiento de la capital de Santiago de Guatemala en la llanura llamada Bulbuxy\u00e1 (en kaqchiq&#8217;el) o Almolonga (en idioma mexica), que significa &#8220;lugar de nacimiento de agua&#8221;.\u00a0 Esta capital fue destruida por un alud del <a href=\"https:\/\/soymigrante.com\/revista\/ruta-volcanica-hunahpu-el-antiguo-nombre-del-volcan-de-agua-lo-sabias\/\">volc\u00e1n de Agua<\/a> en 1541 y no qued\u00f3 rastro de ella.<\/p><p>Durante muchos a\u00f1os se afirm\u00f3 que esta capital estuvo en el \u00e1rea de la actual Ciudad Vieja, <a href=\"https:\/\/soymigrante.com\/revista\/departamentos-de-guatemala-sacatepequez-surgio-en-1839-y-alguna-vez-tuvo-hasta-24-municipios\/\">Sacatep\u00e9quez,<\/a> sin embargo, investigaciones arqueol\u00f3gicas han demostrado no es as\u00ed. Y que en realidad no qued\u00f3 nada de la segunda capital, sobre todo porque a\u00fan estaba en construcci\u00f3n.<\/p><p>La primera capital estuvo en <a href=\"https:\/\/soymigrante.com\/revista\/en-iximche-se-fundo-la-primera-capital-de-guatemala-hace-500-anos\/\">Iximch\u00e9 <\/a>desde el 25 de julio de 1525. Sin embargo a causa de los abusos de los conquistadores, los ind\u00edgenas kaqchiq\u2019el se rebelaron. Las hostilidades prosiguieron y abandonaron Iximch\u00e9. Durante casi dos a\u00f1os, la capital, es decir, sus autoridades y vecinos, cambiaba de lugar.\u00a0 Era m\u00e1s bien un campamento con soldados y algunos pobladores.\u00a0<\/p><p>\u201cPrimero estuvo en Xepau (cerca o en el actual Olintepeque, <a href=\"https:\/\/soymigrante.com\/revista\/quetzaltenango-500-15-datos-que-quiza-ya-sabias-o-tal-vez-no\/\">Quetzaltenango<\/a>), y luego en Chij Xot, no lejos de la actual San Juan Comalapa, <a href=\"https:\/\/soymigrante.com\/revista\/departamentos-de-guatemala-chimaltenango-tiene-montanas-tradicion-y-la-primera-capital-de-guatemala\/\">Chimaltenango<\/a>\u201d.\u00a0<\/p>\t\t\t\t\t\t\t\t<\/div>\n\t\t\t\t\t<\/div>\n\t\t\t\t<\/div>\n\t\t<div data-particle_enable=\"false\" data-particle-mobile-disabled=\"false\" class=\"elementor-element elementor-element-2666c0c e-flex e-con-boxed e-con e-parent\" data-id=\"2666c0c\" data-element_type=\"container\" data-e-type=\"container\">\n\t\t\t\t\t<div class=\"e-con-inner\">\n\t\t\t\t<div class=\"elementor-element elementor-element-5420c49 elementor-widget elementor-widget-image\" data-id=\"5420c49\" data-element_type=\"widget\" data-e-type=\"widget\" data-widget_type=\"image.default\">\n\t\t\t\t\t\t\t\t\t\t\t\t<figure class=\"wp-caption\">\n\t\t\t\t\t\t\t\t\t\t<img fetchpriority=\"high\" decoding=\"async\" width=\"1024\" height=\"470\" src=\"https:\/\/soymigrante.com\/revista\/wp-content\/uploads\/2025\/08\/ruta-hasta-la-segunda-capital-1024x470.png\" class=\"attachment-large size-large wp-image-41856\" alt=\"Paisaje satelital de Comalapa y sitios arqueol\u00f3gicos en el estado de Chiapas, M\u00e9xico, destacando el Sitio Arqueol\u00f3gico Iximche y la Iglesia Cat\u00f3lica San Miguel Escobar.\" srcset=\"https:\/\/soymigrante.com\/revista\/wp-content\/uploads\/2025\/08\/ruta-hasta-la-segunda-capital-1024x470.png 1024w, https:\/\/soymigrante.com\/revista\/wp-content\/uploads\/2025\/08\/ruta-hasta-la-segunda-capital-300x138.png 300w, https:\/\/soymigrante.com\/revista\/wp-content\/uploads\/2025\/08\/ruta-hasta-la-segunda-capital-768x353.png 768w, https:\/\/soymigrante.com\/revista\/wp-content\/uploads\/2025\/08\/ruta-hasta-la-segunda-capital-1536x705.png 1536w, https:\/\/soymigrante.com\/revista\/wp-content\/uploads\/2025\/08\/ruta-hasta-la-segunda-capital-750x344.webp 750w, https:\/\/soymigrante.com\/revista\/wp-content\/uploads\/2025\/08\/ruta-hasta-la-segunda-capital-1140x523.webp 1140w, https:\/\/soymigrante.com\/revista\/wp-content\/uploads\/2025\/08\/ruta-hasta-la-segunda-capital.webp 1821w\" sizes=\"(max-width: 1024px) 100vw, 1024px\" \/>\t\t\t\t\t\t\t\t\t\t\t<figcaption class=\"widget-image-caption wp-caption-text\">Vista a\u00e9rea de puntos tur\u00edsticos y culturales en Chiapas, ideal para turistas y estudios arqueol\u00f3gicos.<\/figcaption>\n\t\t\t\t\t\t\t\t\t\t<\/figure>\n\t\t\t\t\t\t\t\t\t<\/div>\n\t\t\t\t\t<\/div>\n\t\t\t\t<\/div>\n\t\t<div data-particle_enable=\"false\" data-particle-mobile-disabled=\"false\" class=\"elementor-element elementor-element-6352a0d e-flex e-con-boxed e-con e-parent\" data-id=\"6352a0d\" data-element_type=\"container\" data-e-type=\"container\">\n\t\t\t\t\t<div class=\"e-con-inner\">\n\t\t\t\t<div class=\"elementor-element elementor-element-0f5a6e3 elementor-widget elementor-widget-heading\" data-id=\"0f5a6e3\" data-element_type=\"widget\" data-e-type=\"widget\" data-widget_type=\"heading.default\">\n\t\t\t\t\t<h3 class=\"elementor-heading-title elementor-size-default\">En las faldas del volc\u00e1n de Agua<\/h3>\t\t\t\t<\/div>\n\t\t\t\t\t<\/div>\n\t\t\t\t<\/div>\n\t\t<div data-particle_enable=\"false\" data-particle-mobile-disabled=\"false\" class=\"elementor-element elementor-element-cd16dbd e-flex e-con-boxed e-con e-parent\" data-id=\"cd16dbd\" data-element_type=\"container\" data-e-type=\"container\">\n\t\t\t\t\t<div class=\"e-con-inner\">\n\t\t\t\t<div class=\"elementor-element elementor-element-b1bd4e1 elementor-widget elementor-widget-text-editor\" data-id=\"b1bd4e1\" data-element_type=\"widget\" data-e-type=\"widget\" data-widget_type=\"text-editor.default\">\n\t\t\t\t\t\t\t\t\t<p>Finalmente, bajo las \u00f3rdenes de Jorge de Alvarado (pues el conquistador Pedro de Alvarado se hab\u00eda ido en viaje a la corte en Espa\u00f1a) se fund\u00f3 el segundo asentamiento de la capital en los llanos de Almolonga, en la falda norte del volc\u00e1n de Agua. Los kaqchiq\u2019el le llamaban\u00a0 Bulbuxy\u00e1 (lugar de manantiales): la fecha era 27 de noviembre de 1527.<\/p><p>Aunque tradicionalmente se dice que el sitio del asentamiento era la actual Ciudad Vieja, en realidad pudo ser en donde hoy est\u00e1 el pueblo de San Miguel Escobar, seg\u00fan excavaciones arqueol\u00f3gicas.\u00a0<\/p><p>\u201cSin ning\u00fan fundamento se atribuyeron como vestigios de la ciudad de Santiago a ciertos monumentos y restos arquitect\u00f3nicos en los cuales se colocaron placas conmemorativas que identifican la iglesia parroquial de la poblaci\u00f3n como primera catedral y las ruinas situadas al sur del edificio municipal como antigua Capilla de do\u00f1a Beatriz de la Cueva\u201d expuso el arque\u00f3logo Miguel Valencia en 1991.<\/p><p>\u00a0<\/p>\t\t\t\t\t\t\t\t<\/div>\n\t\t\t\t\t<\/div>\n\t\t\t\t<\/div>\n\t\t<div data-particle_enable=\"false\" data-particle-mobile-disabled=\"false\" class=\"elementor-element elementor-element-785486d e-flex e-con-boxed e-con e-parent\" data-id=\"785486d\" data-element_type=\"container\" data-e-type=\"container\">\n\t\t\t\t\t<div class=\"e-con-inner\">\n\t\t\t\t<div class=\"elementor-element elementor-element-cbb0a5c elementor-widget elementor-widget-image\" data-id=\"cbb0a5c\" data-element_type=\"widget\" data-e-type=\"widget\" data-widget_type=\"image.default\">\n\t\t\t\t\t\t\t\t\t\t\t\t<figure class=\"wp-caption\">\n\t\t\t\t\t\t\t\t\t\t<img decoding=\"async\" width=\"1024\" height=\"1024\" src=\"https:\/\/soymigrante.com\/revista\/wp-content\/uploads\/2025\/08\/santiago-en-almolonga-segunda-capital-de-guatemala-1-1024x1024.jpg\" class=\"attachment-large size-large wp-image-41857\" alt=\"Paisaje volc\u00e1nico con pintoresca escena hist\u00f3rica de caballeros y personajes en un entorno natural, representando cultura y tradici\u00f3n en un contexto latinoamericano.\" srcset=\"https:\/\/soymigrante.com\/revista\/wp-content\/uploads\/2025\/08\/santiago-en-almolonga-segunda-capital-de-guatemala-1-1024x1024.jpg 1024w, https:\/\/soymigrante.com\/revista\/wp-content\/uploads\/2025\/08\/santiago-en-almolonga-segunda-capital-de-guatemala-1-300x300.jpg 300w, https:\/\/soymigrante.com\/revista\/wp-content\/uploads\/2025\/08\/santiago-en-almolonga-segunda-capital-de-guatemala-1-150x150.jpg 150w, https:\/\/soymigrante.com\/revista\/wp-content\/uploads\/2025\/08\/santiago-en-almolonga-segunda-capital-de-guatemala-1-768x768.jpg 768w, https:\/\/soymigrante.com\/revista\/wp-content\/uploads\/2025\/08\/santiago-en-almolonga-segunda-capital-de-guatemala-1-1536x1536.jpg 1536w, https:\/\/soymigrante.com\/revista\/wp-content\/uploads\/2025\/08\/santiago-en-almolonga-segunda-capital-de-guatemala-1-75x75.webp 75w, https:\/\/soymigrante.com\/revista\/wp-content\/uploads\/2025\/08\/santiago-en-almolonga-segunda-capital-de-guatemala-1-750x750.webp 750w, https:\/\/soymigrante.com\/revista\/wp-content\/uploads\/2025\/08\/santiago-en-almolonga-segunda-capital-de-guatemala-1-1140x1140.webp 1140w, https:\/\/soymigrante.com\/revista\/wp-content\/uploads\/2025\/08\/santiago-en-almolonga-segunda-capital-de-guatemala-1.webp 1844w\" sizes=\"(max-width: 1024px) 100vw, 1024px\" \/>\t\t\t\t\t\t\t\t\t\t\t<figcaption class=\"widget-image-caption wp-caption-text\">Escena hist\u00f3rica y cultural en un paisaje volc\u00e1nico, con caballeros y personajes en un entorno natural, evocando historia y tradici\u00f3n en Latinoam\u00e9rica.<\/figcaption>\n\t\t\t\t\t\t\t\t\t\t<\/figure>\n\t\t\t\t\t\t\t\t\t<\/div>\n\t\t\t\t\t<\/div>\n\t\t\t\t<\/div>\n\t\t<div data-particle_enable=\"false\" data-particle-mobile-disabled=\"false\" class=\"elementor-element elementor-element-6f643b1 e-flex e-con-boxed e-con e-parent\" data-id=\"6f643b1\" data-element_type=\"container\" data-e-type=\"container\">\n\t\t\t\t\t<div class=\"e-con-inner\">\n\t\t\t\t<div class=\"elementor-element elementor-element-39d8273 elementor-widget elementor-widget-heading\" data-id=\"39d8273\" data-element_type=\"widget\" data-e-type=\"widget\" data-widget_type=\"heading.default\">\n\t\t\t\t\t<h3 class=\"elementor-heading-title elementor-size-default\">La vida en la segunda capital<\/h3>\t\t\t\t<\/div>\n\t\t\t\t\t<\/div>\n\t\t\t\t<\/div>\n\t\t<div data-particle_enable=\"false\" data-particle-mobile-disabled=\"false\" class=\"elementor-element elementor-element-6baf37f e-flex e-con-boxed e-con e-parent\" data-id=\"6baf37f\" data-element_type=\"container\" data-e-type=\"container\">\n\t\t\t\t\t<div class=\"e-con-inner\">\n\t\t\t\t<div class=\"elementor-element elementor-element-096bf72 elementor-widget elementor-widget-text-editor\" data-id=\"096bf72\" data-element_type=\"widget\" data-e-type=\"widget\" data-widget_type=\"text-editor.default\">\n\t\t\t\t\t\t\t\t\t<p>\u201cEn 1529 hab\u00eda 150 vecinos en la ciudad de Santiago, y en 1531, s\u00f3lo 100. Los primeros miembros de las \u00f3rdenes religiosas arribaron entre 1535\u201d, refiere el historiador Horacio Cabezas Carcache. \u201cLas primeras mujeres espa\u00f1olas lo hicieron probablemente en 1539, cuando Pedro de Alvarado retorn\u00f3 de Espa\u00f1a, en compa\u00f1\u00eda de su segunda esposa, Beatriz de la Cueva y de 20 doncellas\u201d.<\/p><p>Los primeros mestizos y mulatos fueron el producto de las relaciones de espa\u00f1oles con ind\u00edgenas y esclavas africanas, explica Carache. Estos mestizos deambulaban en condiciones de pobreza, lo cual llev\u00f3 al obispo Francisco Marroqu\u00edn, a impulsar la creaci\u00f3n de escuelas. En 1537, Marroqu\u00edn se\u00f1al\u00f3 que era preocupante \u201cla mucha abundancia que hay de ni\u00f1as de espa\u00f1oles habidas en esta tierra; unas tienen padre, otras no\u201d.<\/p>\t\t\t\t\t\t\t\t<\/div>\n\t\t\t\t\t<\/div>\n\t\t\t\t<\/div>\n\t\t<div data-particle_enable=\"false\" data-particle-mobile-disabled=\"false\" class=\"elementor-element elementor-element-930a250 e-flex e-con-boxed e-con e-parent\" data-id=\"930a250\" data-element_type=\"container\" data-e-type=\"container\">\n\t\t\t\t\t<div class=\"e-con-inner\">\n\t\t\t\t<div class=\"elementor-element elementor-element-8614af7 elementor-widget elementor-widget-image\" data-id=\"8614af7\" data-element_type=\"widget\" data-e-type=\"widget\" data-widget_type=\"image.default\">\n\t\t\t\t\t\t\t\t\t\t\t\t<figure class=\"wp-caption\">\n\t\t\t\t\t\t\t\t\t\t<img decoding=\"async\" width=\"867\" height=\"652\" src=\"https:\/\/soymigrante.com\/revista\/wp-content\/uploads\/2025\/08\/san-miguel-escobar.png\" class=\"attachment-large size-large wp-image-41858\" alt=\"Iglesia colonial amarilla en Guatemala en la plaza principal de un pueblo, con \u00e1rbol grande a la izquierda, cruz y cielo nublado, representando patrimonio cultural y arquitectura hist\u00f3rica.\" srcset=\"https:\/\/soymigrante.com\/revista\/wp-content\/uploads\/2025\/08\/san-miguel-escobar.png 867w, https:\/\/soymigrante.com\/revista\/wp-content\/uploads\/2025\/08\/san-miguel-escobar-300x226.png 300w, https:\/\/soymigrante.com\/revista\/wp-content\/uploads\/2025\/08\/san-miguel-escobar-768x578.png 768w, https:\/\/soymigrante.com\/revista\/wp-content\/uploads\/2025\/08\/san-miguel-escobar-750x564.png 750w\" sizes=\"(max-width: 867px) 100vw, 867px\" \/>\t\t\t\t\t\t\t\t\t\t\t<figcaption class=\"widget-image-caption wp-caption-text\">Fachada de iglesia colonial en Guatemala, situada en la plaza principal, destacando su arquitectura hist\u00f3rica, color amarillo, y entorno cultural, ideal para art\u00edculos sobre migrantes y patrimonio.<\/figcaption>\n\t\t\t\t\t\t\t\t\t\t<\/figure>\n\t\t\t\t\t\t\t\t\t<\/div>\n\t\t\t\t\t<\/div>\n\t\t\t\t<\/div>\n\t\t<div data-particle_enable=\"false\" data-particle-mobile-disabled=\"false\" class=\"elementor-element elementor-element-bfeed8e e-flex e-con-boxed e-con e-parent\" data-id=\"bfeed8e\" data-element_type=\"container\" data-e-type=\"container\">\n\t\t\t\t\t<div class=\"e-con-inner\">\n\t\t\t\t<div class=\"elementor-element elementor-element-e27fe76 elementor-widget elementor-widget-heading\" data-id=\"e27fe76\" data-element_type=\"widget\" data-e-type=\"widget\" data-widget_type=\"heading.default\">\n\t\t\t\t\t<h3 class=\"elementor-heading-title elementor-size-default\">Segunda capital solo dur\u00f3 14 a\u00f1os<\/h3>\t\t\t\t<\/div>\n\t\t\t\t\t<\/div>\n\t\t\t\t<\/div>\n\t\t<div data-particle_enable=\"false\" data-particle-mobile-disabled=\"false\" class=\"elementor-element elementor-element-042f9d1 e-flex e-con-boxed e-con e-parent\" data-id=\"042f9d1\" data-element_type=\"container\" data-e-type=\"container\">\n\t\t\t\t\t<div class=\"e-con-inner\">\n\t\t\t\t<div class=\"elementor-element elementor-element-74735d6 elementor-widget elementor-widget-text-editor\" data-id=\"74735d6\" data-element_type=\"widget\" data-e-type=\"widget\" data-widget_type=\"text-editor.default\">\n\t\t\t\t\t\t\t\t\t<p>Pedro de Alvarado emprendi\u00f3 una expedici\u00f3n para, seg\u00fan \u00e9l, conquistar territorio de Sudam\u00e9rica. Pero fracas\u00f3. Muri\u00f3 el 4 de julio de 1541 en Nochistl\u00e1n (Nueva Galicia, M\u00e9xico), aplastado por un caballo durante un combate.<\/p><p>El cabildo nombr\u00f3 a la viuda, Beatriz de la Cueva, como Gobernadora, pero dur\u00f3 s\u00f3lo dos d\u00edas en el desempe\u00f1o de su cargo, pues el 11 de septiembre de 1541, a las 2 de la ma\u00f1ana, un alud de lodo, piedras y troncos arras\u00f3 con la ciudad de Santiago, que qued\u00f3 sepultada. \u201cFue encontrada con un crucifijo en la mano y abrazada al cuerpo de do\u00f1a Anita, ni\u00f1a de cinco a\u00f1os, hija natural del Adelantado y otras de sus doncellas\u201d.\u00a0<\/p><p>El alud pudo deberse a la combinaci\u00f3n de intensas lluvias y alg\u00fan sismo. El tr\u00e1gico alud de 2018 del volc\u00e1n de Fuego que sepult\u00f3 la aldea de San Miguel Los Lotes, en Escuintla, brinda una referencia de \u00e7omo pudo haber ocurrido este suceso.<\/p>\t\t\t\t\t\t\t\t<\/div>\n\t\t\t\t\t<\/div>\n\t\t\t\t<\/div>\n\t\t<div data-particle_enable=\"false\" data-particle-mobile-disabled=\"false\" class=\"elementor-element elementor-element-093bef6 e-flex e-con-boxed e-con e-parent\" data-id=\"093bef6\" data-element_type=\"container\" data-e-type=\"container\">\n\t\t\t\t\t<div class=\"e-con-inner\">\n\t\t\t\t<div class=\"elementor-element elementor-element-a5e6d24 elementor-widget elementor-widget-image\" data-id=\"a5e6d24\" data-element_type=\"widget\" data-e-type=\"widget\" data-widget_type=\"image.default\">\n\t\t\t\t\t\t\t\t\t\t\t\t<figure class=\"wp-caption\">\n\t\t\t\t\t\t\t\t\t\t<img loading=\"lazy\" decoding=\"async\" width=\"1001\" height=\"626\" src=\"https:\/\/soymigrante.com\/revista\/wp-content\/uploads\/2025\/08\/guatemala.webp\" class=\"attachment-large size-large wp-image-41859\" alt=\"Guatemala paisaje volc\u00e1nico y rural, ilustraci\u00f3n antigua en blanco y negro, reflejando la historia y cultura del pa\u00eds, ideal para art\u00edculos sobre Guatemala en Revista SoyMigrante.com.\" srcset=\"https:\/\/soymigrante.com\/revista\/wp-content\/uploads\/2025\/08\/guatemala.webp 1001w, https:\/\/soymigrante.com\/revista\/wp-content\/uploads\/2025\/08\/guatemala-300x188.jpg 300w, https:\/\/soymigrante.com\/revista\/wp-content\/uploads\/2025\/08\/guatemala-768x480.jpg 768w, https:\/\/soymigrante.com\/revista\/wp-content\/uploads\/2025\/08\/guatemala-750x469.jpg 750w\" sizes=\"(max-width: 1001px) 100vw, 1001px\" \/>\t\t\t\t\t\t\t\t\t\t\t<figcaption class=\"widget-image-caption wp-caption-text\">Una vista hist\u00f3rica de Guatemala con cerros, volcanes y actividades rurales, ilustrando su riqueza cultural y geogr\u00e1fica en un grabado antiguo que refleja la historia del pa\u00eds.<\/figcaption>\n\t\t\t\t\t\t\t\t\t\t<\/figure>\n\t\t\t\t\t\t\t\t\t<\/div>\n\t\t\t\t\t<\/div>\n\t\t\t\t<\/div>\n\t\t<div data-particle_enable=\"false\" data-particle-mobile-disabled=\"false\" class=\"elementor-element elementor-element-ddd2019 e-flex e-con-boxed e-con e-parent\" data-id=\"ddd2019\" data-element_type=\"container\" data-e-type=\"container\">\n\t\t\t\t\t<div class=\"e-con-inner\">\n\t\t\t\t<div class=\"elementor-element elementor-element-50d905a elementor-widget elementor-widget-heading\" data-id=\"50d905a\" data-element_type=\"widget\" data-e-type=\"widget\" data-widget_type=\"heading.default\">\n\t\t\t\t\t<h3 class=\"elementor-heading-title elementor-size-default\">Testigo ocular describe la destrucci\u00f3n por alud<\/h3>\t\t\t\t<\/div>\n\t\t\t\t\t<\/div>\n\t\t\t\t<\/div>\n\t\t<div data-particle_enable=\"false\" data-particle-mobile-disabled=\"false\" class=\"elementor-element elementor-element-ed657bf e-flex e-con-boxed e-con e-parent\" data-id=\"ed657bf\" data-element_type=\"container\" data-e-type=\"container\">\n\t\t\t\t\t<div class=\"e-con-inner\">\n\t\t\t\t<div class=\"elementor-element elementor-element-4fa1c38 elementor-widget elementor-widget-text-editor\" data-id=\"4fa1c38\" data-element_type=\"widget\" data-e-type=\"widget\" data-widget_type=\"text-editor.default\">\n\t\t\t\t\t\t\t\t\t<p>Juan Rodr\u00edguez Cabrillo, cronista espa\u00f1ol, fue testigo y sobreviviente de la tragedia. Y este es un fragmento de lo que escribi\u00f3:\u00a0<\/p><p>\u201cS\u00e1bado, a diez de septiembre de mil quinientos y cuarenta y un a\u00f1os a dos horas de la noche; habiendo llovido jueves y viernes, no mucho ni mucha agua, el dicho s\u00e1bado se asegura como dicho es. Y dos horas de la noche hubo muy gran tormenta de agua de lo alto del volc\u00e1n que est\u00e1 encima de Guatemala y, fue tan s\u00fabita, que no hubo lugar de remediar las muertes y da\u00f1os que se recrecieron; fue tanta la tormenta de la tierra, que trajo por delante agua y piedras y \u00e1rboles, que los que lo vimos quedamos admirados\u201d.\u00a0<\/p>\t\t\t\t\t\t\t\t<\/div>\n\t\t\t\t\t<\/div>\n\t\t\t\t<\/div>\n\t\t<div data-particle_enable=\"false\" data-particle-mobile-disabled=\"false\" class=\"elementor-element elementor-element-ea067d2 e-flex e-con-boxed e-con e-parent\" data-id=\"ea067d2\" data-element_type=\"container\" data-e-type=\"container\">\n\t\t\t\t\t<div class=\"e-con-inner\">\n\t\t\t\t<div class=\"elementor-element elementor-element-2fa0711 elementor-widget elementor-widget-image\" data-id=\"2fa0711\" data-element_type=\"widget\" data-e-type=\"widget\" data-widget_type=\"image.default\">\n\t\t\t\t\t\t\t\t\t\t\t\t<figure class=\"wp-caption\">\n\t\t\t\t\t\t\t\t\t\t<img loading=\"lazy\" decoding=\"async\" width=\"665\" height=\"661\" src=\"https:\/\/soymigrante.com\/revista\/wp-content\/uploads\/2025\/08\/Captura-de-pantalla-2025-08-12-070317.webp\" class=\"attachment-large size-large wp-image-41860\" alt=\"Relaci\u00f3n del espanto, texto religioso antiguo, en una pagina de manuscrito hist\u00f3rico con ornamentaci\u00f3n decorativa.\" srcset=\"https:\/\/soymigrante.com\/revista\/wp-content\/uploads\/2025\/08\/Captura-de-pantalla-2025-08-12-070317.webp 665w, https:\/\/soymigrante.com\/revista\/wp-content\/uploads\/2025\/08\/Captura-de-pantalla-2025-08-12-070317-300x298.png 300w, https:\/\/soymigrante.com\/revista\/wp-content\/uploads\/2025\/08\/Captura-de-pantalla-2025-08-12-070317-150x150.png 150w, https:\/\/soymigrante.com\/revista\/wp-content\/uploads\/2025\/08\/Captura-de-pantalla-2025-08-12-070317-75x75.webp 75w\" sizes=\"(max-width: 665px) 100vw, 665px\" \/>\t\t\t\t\t\t\t\t\t\t\t<figcaption class=\"widget-image-caption wp-caption-text\">Revista SoyMigrante.com presenta contenido hist\u00f3rico y religioso, destacando textos antiguos y su importancia en el contexto migratorio y cultural.<\/figcaption>\n\t\t\t\t\t\t\t\t\t\t<\/figure>\n\t\t\t\t\t\t\t\t\t<\/div>\n\t\t\t\t\t<\/div>\n\t\t\t\t<\/div>\n\t\t<div data-particle_enable=\"false\" data-particle-mobile-disabled=\"false\" class=\"elementor-element elementor-element-0be6bbb e-flex e-con-boxed e-con e-parent\" data-id=\"0be6bbb\" data-element_type=\"container\" data-e-type=\"container\">\n\t\t\t\t\t<div class=\"e-con-inner\">\n\t\t\t\t<div class=\"elementor-element elementor-element-3d7050b elementor-widget elementor-widget-heading\" data-id=\"3d7050b\" data-element_type=\"widget\" data-e-type=\"widget\" data-widget_type=\"heading.default\">\n\t\t\t\t\t<h2 class=\"elementor-heading-title elementor-size-default\">Guatemala est\u00e1 llena de historia<\/h2>\t\t\t\t<\/div>\n\t\t\t\t\t<\/div>\n\t\t\t\t<\/div>\n\t\t<div data-particle_enable=\"false\" data-particle-mobile-disabled=\"false\" class=\"elementor-element elementor-element-db589d6 e-flex e-con-boxed e-con e-parent\" data-id=\"db589d6\" data-element_type=\"container\" data-e-type=\"container\">\n\t\t\t\t\t<div class=\"e-con-inner\">\n\t\t\t\t<div class=\"elementor-element elementor-element-01a7a09 elementor-grid-eael-col-3 elementor-grid-tablet-eael-col-2 elementor-grid-mobile-eael-col-1 elementor-invisible elementor-widget elementor-widget-eael-post-grid\" data-id=\"01a7a09\" data-element_type=\"widget\" data-e-type=\"widget\" data-settings=\"{&quot;eael_post_grid_columns&quot;:&quot;eael-col-3&quot;,&quot;_animation&quot;:&quot;rollIn&quot;,&quot;eael_post_grid_columns_tablet&quot;:&quot;eael-col-2&quot;,&quot;eael_post_grid_columns_mobile&quot;:&quot;eael-col-1&quot;}\" data-widget_type=\"eael-post-grid.default\">\n\t\t\t\t\t<div id=\"eael-post-grid-01a7a09\" class=\"eael-post-grid-container\">\n            <div class=\"eael-post-grid eael-post-appender eael-post-appender-01a7a09 eael-post-grid-style-two\" data-layout-mode=\"masonry\"><article class=\"eael-grid-post  eael-post-grid-column eael-pg-post-41793 category-guate-nuestra\" data-id=\"41793\">\n    <div class=\"eael-grid-post-holder\">\n        <div class=\"eael-grid-post-holder-inner\"><div class=\"eael-entry-media\"><div class=\"eael-entry-overlay fade-in\"><i class=\"far fa-hand-pointer\" aria-hidden=\"true\"><\/i><a href=\"https:\/\/soymigrante.com\/revista\/kaminaljuyu-corazon-maya-que-late-bajo-la-actual-capital-de-guatemala\/\"><\/a><\/div><div class=\"eael-entry-thumbnail \">\n                            <img loading=\"lazy\" decoding=\"async\" width=\"1024\" height=\"465\" src=\"https:\/\/soymigrante.com\/revista\/wp-content\/uploads\/2025\/08\/Kaminaljuyu-1-1024x465.jpg\" class=\"attachment-large size-large wp-image-41794\" alt=\"Antiguas escaleras y muros de piedra en un sitio arqueol\u00f3gico, protegido con techumbre met\u00e1lica, en un contexto de historia y cultura prehisp\u00e1nica mexicana.\" \/>\n                            <\/div>\n                    <\/div><div class=\"eael-entry-wrapper\"><header class=\"eael-entry-header\"><h2 class=\"eael-entry-title\"><a class=\"eael-grid-post-link\" href=\"https:\/\/soymigrante.com\/revista\/kaminaljuyu-corazon-maya-que-late-bajo-la-actual-capital-de-guatemala\/\" title=\"Kaminal Juy\u00fa: Coraz\u00f3n maya que late bajo la actual capital de Guatemala\">Kaminal Juy\u00fa: Coraz\u00f3n maya que late bajo la actual capital de Guatemala<\/a><\/h2><\/header><div class=\"eael-entry-content\">\n                                <div class=\"eael-grid-post-excerpt\"><a href=\"https:\/\/soymigrante.com\/revista\/kaminaljuyu-corazon-maya-que-late-bajo-la-actual-capital-de-guatemala\/\" class=\"eael-post-elements-readmore-btn\">CONOCE SU HISTORIA <\/a><\/div>\n                            <\/div><\/div><\/div>\n    <\/div>\n<\/article><article class=\"eael-grid-post  eael-post-grid-column eael-pg-post-7600 category-guate-nuestra\" data-id=\"7600\">\n    <div class=\"eael-grid-post-holder\">\n        <div class=\"eael-grid-post-holder-inner\"><div class=\"eael-entry-media\"><div class=\"eael-entry-overlay fade-in\"><i class=\"far fa-hand-pointer\" aria-hidden=\"true\"><\/i><a href=\"https:\/\/soymigrante.com\/revista\/7-datos-de-antigua-guatemala-que-seguro-ya-sabias-o-quiza-no\/\"><\/a><\/div><div class=\"eael-entry-thumbnail \">\n                            <img loading=\"lazy\" decoding=\"async\" width=\"661\" height=\"662\" src=\"https:\/\/soymigrante.com\/revista\/wp-content\/uploads\/2024\/07\/Antigua-Guatemala-Danny-Gamboa.webp\" class=\"attachment-large size-large wp-image-7610\" alt=\"Vivienda antigua decorada con proyecciones de luz y color en la noche, destacando detalles arquitect\u00f3nicos y efectos visuales para eventos culturales y festivales en M\u00e9xico.\" srcset=\"https:\/\/soymigrante.com\/revista\/wp-content\/uploads\/2024\/07\/Antigua-Guatemala-Danny-Gamboa.webp 661w, https:\/\/soymigrante.com\/revista\/wp-content\/uploads\/2024\/07\/Antigua-Guatemala-Danny-Gamboa-300x300.webp 300w, https:\/\/soymigrante.com\/revista\/wp-content\/uploads\/2024\/07\/Antigua-Guatemala-Danny-Gamboa-150x150.webp 150w, https:\/\/soymigrante.com\/revista\/wp-content\/uploads\/2024\/07\/Antigua-Guatemala-Danny-Gamboa-75x75.webp 75w\" sizes=\"(max-width: 661px) 100vw, 661px\" \/>\n                            <\/div>\n                    <\/div><div class=\"eael-entry-wrapper\"><header class=\"eael-entry-header\"><h2 class=\"eael-entry-title\"><a class=\"eael-grid-post-link\" href=\"https:\/\/soymigrante.com\/revista\/7-datos-de-antigua-guatemala-que-seguro-ya-sabias-o-quiza-no\/\" title=\"Antigua Guatemala: 7 datos que seguro ya conoc\u00edas (\u00a1O quiz\u00e1 no!) Aver\u00edgualo\">Antigua Guatemala: 7 datos que seguro ya conoc\u00edas (\u00a1O quiz\u00e1 no!) Aver\u00edgualo<\/a><\/h2><\/header><div class=\"eael-entry-content\">\n                                <div class=\"eael-grid-post-excerpt\"><a href=\"https:\/\/soymigrante.com\/revista\/7-datos-de-antigua-guatemala-que-seguro-ya-sabias-o-quiza-no\/\" class=\"eael-post-elements-readmore-btn\">CONOCE SU HISTORIA <\/a><\/div>\n                            <\/div><\/div><\/div>\n    <\/div>\n<\/article><article class=\"eael-grid-post  eael-post-grid-column eael-pg-post-7275 category-guate-nuestra tags-capitales-de-guatemala\" data-id=\"7275\">\n    <div class=\"eael-grid-post-holder\">\n        <div class=\"eael-grid-post-holder-inner\"><div class=\"eael-entry-media\"><div class=\"eael-entry-overlay fade-in\"><i class=\"far fa-hand-pointer\" aria-hidden=\"true\"><\/i><a href=\"https:\/\/soymigrante.com\/revista\/en-iximche-se-fundo-la-primera-capital-de-guatemala-hace-500-anos\/\"><\/a><\/div><div class=\"eael-entry-thumbnail \">\n                            <img loading=\"lazy\" decoding=\"async\" width=\"782\" height=\"782\" src=\"https:\/\/soymigrante.com\/revista\/wp-content\/uploads\/2024\/07\/Captura-de-pantalla-2024-07-02-144947.webp\" class=\"attachment-large size-large wp-image-7277\" alt=\"Ruinas arqueol\u00f3gicas en medio de un bosque, vista a\u00e9rea, exploraci\u00f3n hist\u00f3rica y cultura ancestral, vestigios de una antigua civilizaci\u00f3n en un entorno natural.\" srcset=\"https:\/\/soymigrante.com\/revista\/wp-content\/uploads\/2024\/07\/Captura-de-pantalla-2024-07-02-144947.webp 782w, https:\/\/soymigrante.com\/revista\/wp-content\/uploads\/2024\/07\/Captura-de-pantalla-2024-07-02-144947-300x300.webp 300w, https:\/\/soymigrante.com\/revista\/wp-content\/uploads\/2024\/07\/Captura-de-pantalla-2024-07-02-144947-150x150.webp 150w, https:\/\/soymigrante.com\/revista\/wp-content\/uploads\/2024\/07\/Captura-de-pantalla-2024-07-02-144947-768x768.webp 768w, https:\/\/soymigrante.com\/revista\/wp-content\/uploads\/2024\/07\/Captura-de-pantalla-2024-07-02-144947-75x75.webp 75w, https:\/\/soymigrante.com\/revista\/wp-content\/uploads\/2024\/07\/Captura-de-pantalla-2024-07-02-144947-750x750.webp 750w\" sizes=\"(max-width: 782px) 100vw, 782px\" \/>\n                            <\/div>\n                    <\/div><div class=\"eael-entry-wrapper\"><header class=\"eael-entry-header\"><h2 class=\"eael-entry-title\"><a class=\"eael-grid-post-link\" href=\"https:\/\/soymigrante.com\/revista\/en-iximche-se-fundo-la-primera-capital-de-guatemala-hace-500-anos\/\" title=\"En Iximche se fund\u00f3 la primera capital de Guatemala en 1524\">En Iximche se fund\u00f3 la primera capital de Guatemala en 1524<\/a><\/h2><\/header><div class=\"eael-entry-content\">\n                                <div class=\"eael-grid-post-excerpt\"><a href=\"https:\/\/soymigrante.com\/revista\/en-iximche-se-fundo-la-primera-capital-de-guatemala-hace-500-anos\/\" class=\"eael-post-elements-readmore-btn\">CONOCE SU HISTORIA <\/a><\/div>\n                            <\/div><\/div><\/div>\n    <\/div>\n<\/article><\/div>\n            <div class=\"clearfix\"><\/div>\n        <\/div>\t\t\t\t<\/div>\n\t\t\t\t\t<\/div>\n\t\t\t\t<\/div>\n\t\t\t\t<\/div>\n\t\t","protected":false},"excerpt":{"rendered":"<p>La primera capital de Guatemala estuvo en Iximch\u00e9 solo unos meses; el ayuntamiento y pobladores vagaron por varios sitios. Finalmente en 1527 se establece en las faldas del volc\u00e1n de Agua, en Almolonga. Fue destruida por un alud en 1541. El 22 de noviembre de 1527 se estableci\u00f3 el segundo asentamiento de la capital de [&hellip;]<\/p>\n","protected":false},"author":7,"featured_media":41852,"comment_status":"open","ping_status":"open","sticky":false,"template":"","format":"standard","meta":{"_acf_changed":false,"_eb_attr":"","footnotes":""},"categories":[58],"tags":[258],"class_list":["post-41851","post","type-post","status-publish","format-standard","has-post-thumbnail","hentry","category-guate-nuestra","tag-capitales-de-guatemala"],"acf":[],"aioseo_notices":[],"aioseo_head":"\n\t\t<!-- All in One SEO Pro 4.9.6.2 - aioseo.com -->\n\t<meta name=\"description\" content=\"Iximch\u00e9, la capital kaqchiq&#039;el estaba rodeada de barrancos defensivos: el 25 de julio de 1524 se fund\u00f3 all\u00ed la primera capital: Santiago de Guatemala.\" \/>\n\t<meta name=\"robots\" content=\"max-snippet:-1, max-image-preview:large, max-video-preview:-1\" \/>\n\t<meta name=\"author\" content=\"Gustavo Montenegro\"\/>\n\t<link rel=\"canonical\" href=\"https:\/\/soymigrante.com\/revista\/en-iximche-se-fundo-la-primera-capital-de-guatemala-hace-500-anos\/\" \/>\n\t<meta name=\"generator\" content=\"All in One SEO Pro (AIOSEO) 4.9.6.2\" \/>\n\n\t\t<link rel=\"preconnect\" href=\"https:\/\/fonts.googleapis.com\" crossorigin>\n<link rel=\"preconnect\" href=\"https:\/\/fonts.gstatic.com\" crossorigin>\n\t\t<meta property=\"og:locale\" content=\"es_ES\" \/>\n\t\t<meta property=\"og:site_name\" content=\"SoyMigrante.com REVISTA \u2013 Nuestra misi\u00f3n es reconocer y dignificar al migrante.\" \/>\n\t\t<meta property=\"og:type\" content=\"article\" \/>\n\t\t<meta property=\"og:title\" content=\"500 a\u00f1os de la primera capital de Guatemala, en Iximch\u00e9\" \/>\n\t\t<meta property=\"og:description\" content=\"Iximch\u00e9, la capital kaqchiq&#039;el estaba rodeada de barrancos defensivos: el 25 de julio de 1524 se fund\u00f3 all\u00ed la primera capital: Santiago de Guatemala.\" \/>\n\t\t<meta property=\"og:url\" content=\"https:\/\/soymigrante.com\/revista\/en-iximche-se-fundo-la-primera-capital-de-guatemala-hace-500-anos\/\" \/>\n\t\t<meta property=\"og:image\" content=\"https:\/\/soymigrante.com\/revista\/wp-content\/uploads\/2024\/07\/Captura-de-pantalla-2024-07-02-144947.webp\" \/>\n\t\t<meta property=\"og:image:secure_url\" content=\"https:\/\/soymigrante.com\/revista\/wp-content\/uploads\/2024\/07\/Captura-de-pantalla-2024-07-02-144947.webp\" \/>\n\t\t<meta property=\"og:image:width\" content=\"782\" \/>\n\t\t<meta property=\"og:image:height\" content=\"782\" \/>\n\t\t<meta property=\"article:published_time\" content=\"2024-07-02T21:58:09+00:00\" \/>\n\t\t<meta property=\"article:modified_time\" content=\"2025-08-15T18:36:29+00:00\" \/>\n\t\t<meta property=\"article:publisher\" content=\"https:\/\/www.facebook.com\/soymigrantecom\" \/>\n\t\t<meta name=\"twitter:card\" content=\"summary_large_image\" \/>\n\t\t<meta name=\"twitter:site\" content=\"@SoyMigrante_com\" \/>\n\t\t<meta name=\"twitter:title\" content=\"500 a\u00f1os de la primera capital de Guatemala, en Iximch\u00e9\" \/>\n\t\t<meta name=\"twitter:description\" content=\"Iximch\u00e9, la capital kaqchiq&#039;el estaba rodeada de barrancos defensivos: el 25 de julio de 1524 se fund\u00f3 all\u00ed la primera capital: Santiago de Guatemala.\" \/>\n\t\t<meta name=\"twitter:creator\" content=\"@SoyMigrante_com\" \/>\n\t\t<meta name=\"twitter:image\" content=\"https:\/\/soymigrante.com\/revista\/wp-content\/uploads\/2024\/07\/Captura-de-pantalla-2024-07-02-144947.webp\" \/>\n\t\t<!-- All in One SEO Pro -->\r\n\t\t<title>500 a\u00f1os de la primera capital de Guatemala, en Iximch\u00e9<\/title>\n\n","aioseo_head_json":{"title":"500 a\u00f1os de la primera capital de Guatemala, en Iximch\u00e9","description":"Iximch\u00e9, la capital kaqchiq'el estaba rodeada de barrancos defensivos: el 25 de julio de 1524 se fund\u00f3 all\u00ed la primera capital: Santiago de Guatemala.","canonical_url":"https:\/\/soymigrante.com\/revista\/en-iximche-se-fundo-la-primera-capital-de-guatemala-hace-500-anos\/","robots":"max-snippet:-1, max-image-preview:large, max-video-preview:-1","keywords":"","webmasterTools":{"miscellaneous":"&lt;link rel=\"preconnect\" href=\"https:\/\/fonts.googleapis.com\" crossorigin&gt;\n&lt;link rel=\"preconnect\" href=\"https:\/\/fonts.gstatic.com\" crossorigin&gt;"},"schema":null,"og:locale":"es_ES","og:site_name":"SoyMigrante.com REVISTA \u2013 Nuestra misi\u00f3n es reconocer y dignificar al migrante.","og:type":"article","og:title":"500 a\u00f1os de la primera capital de Guatemala, en Iximch\u00e9","og:description":"Iximch\u00e9, la capital kaqchiq'el estaba rodeada de barrancos defensivos: el 25 de julio de 1524 se fund\u00f3 all\u00ed la primera capital: Santiago de Guatemala.","og:url":"https:\/\/soymigrante.com\/revista\/en-iximche-se-fundo-la-primera-capital-de-guatemala-hace-500-anos\/","og:image":"https:\/\/soymigrante.com\/revista\/wp-content\/uploads\/2024\/07\/Captura-de-pantalla-2024-07-02-144947.webp","og:image:secure_url":"https:\/\/soymigrante.com\/revista\/wp-content\/uploads\/2024\/07\/Captura-de-pantalla-2024-07-02-144947.webp","og:image:width":782,"og:image:height":782,"article:published_time":"2024-07-02T21:58:09+00:00","article:modified_time":"2025-08-15T18:36:29+00:00","article:publisher":"https:\/\/www.facebook.com\/soymigrantecom","twitter:card":"summary_large_image","twitter:site":"@SoyMigrante_com","twitter:title":"500 a\u00f1os de la primera capital de Guatemala, en Iximch\u00e9","twitter:description":"Iximch\u00e9, la capital kaqchiq'el estaba rodeada de barrancos defensivos: el 25 de julio de 1524 se fund\u00f3 all\u00ed la primera capital: Santiago de Guatemala.","twitter:creator":"@SoyMigrante_com","twitter:image":"https:\/\/soymigrante.com\/revista\/wp-content\/uploads\/2024\/07\/Captura-de-pantalla-2024-07-02-144947.webp"},"aioseo_meta_data":{"post_id":"41851","title":"Santiago en Almolonga, segunda capital de Guatemala 1527-41","description":"La primera capital en Iximch\u00e9 solo dur\u00f3 unos meses. Por dos a\u00f1os se busc\u00f3 un nuevo lugar. En 1527 se asent\u00f3 junto al volc\u00e1n de Agua. Un alud la destruye en 1541.","keywords":null,"keyphrases":{"focus":{"keyphrase":"Guatemala","score":91,"analysis":{"keyphraseInTitle":{"score":9,"maxScore":9,"error":0},"keyphraseInDescription":{"score":3,"maxScore":9,"error":1},"keyphraseLength":{"score":9,"maxScore":9,"error":0,"length":1},"keyphraseInURL":{"score":5,"maxScore":5,"error":0},"keyphraseInIntroduction":{"score":9,"maxScore":9,"error":0},"keyphraseInSubHeadings":{"score":9,"maxScore":9,"error":0},"keyphraseInImageAlt":{"score":9,"maxScore":9,"error":0},"keywordDensity":{"type":"best","score":9,"maxScore":9,"error":0}}},"additional":[{"keyphrase":"Almolonga","score":67,"analysis":{"keyphraseInDescription":{"score":3,"maxScore":9,"error":1},"keyphraseLength":{"score":9,"maxScore":9,"error":0,"length":1},"keyphraseInIntroduction":{"score":9,"maxScore":9,"error":0},"keyphraseInImageAlt":{"score":9,"maxScore":9,"error":0},"keywordDensity":{"score":0,"type":"low","maxScore":9,"error":1}}},{"keyphrase":"Iximch\u00e9","score":67,"analysis":{"keyphraseInDescription":{"score":9,"maxScore":9,"error":0},"keyphraseLength":{"score":9,"maxScore":9,"error":0,"length":1},"keyphraseInIntroduction":{"score":3,"maxScore":9,"error":1},"keyphraseInImageAlt":{"score":9,"maxScore":9,"error":0},"keywordDensity":{"score":0,"type":"low","maxScore":9,"error":1}}}]},"primary_term":null,"canonical_url":null,"og_title":null,"og_description":null,"og_object_type":"default","og_image_type":"default","og_image_url":null,"og_image_width":null,"og_image_height":null,"og_image_custom_url":null,"og_image_custom_fields":null,"og_video":"","og_custom_url":null,"og_article_section":null,"og_article_tags":null,"twitter_use_og":false,"twitter_card":"default","twitter_image_type":"default","twitter_image_url":null,"twitter_image_custom_url":null,"twitter_image_custom_fields":null,"twitter_title":null,"twitter_description":null,"schema":{"blockGraphs":[],"customGraphs":[],"default":{"data":{"Article":[],"Course":[],"Dataset":[],"FAQPage":[],"Movie":[],"Person":[],"Product":[],"ProductReview":[],"Car":[],"Recipe":[],"Service":[],"SoftwareApplication":[],"WebPage":[]},"graphName":"none","isEnabled":true},"graphs":[]},"schema_type":"default","schema_type_options":null,"pillar_content":false,"robots_default":true,"robots_noindex":false,"robots_noarchive":false,"robots_nosnippet":false,"robots_nofollow":false,"robots_noimageindex":false,"robots_noodp":false,"robots_notranslate":false,"robots_max_snippet":"-1","robots_max_videopreview":"-1","robots_max_imagepreview":"large","priority":null,"frequency":"default","local_seo":null,"seo_analyzer_scan_date":"2025-10-09 07:36:42","breadcrumb_settings":null,"limit_modified_date":false,"reviewed_by":"0","open_ai":null,"ai":{"faqs":[],"keyPoints":[],"titles":[],"descriptions":[],"socialPosts":{"email":[],"linkedin":[],"twitter":[],"facebook":[],"instagram":[]}},"created":"2025-08-12 13:23:40","updated":"2026-02-05 04:15:58"},"aioseo_breadcrumb":"<div class=\"aioseo-breadcrumbs\"><span class=\"aioseo-breadcrumb\">\n\t<a href=\"https:\/\/soymigrante.com\/revista\" title=\"Home\">Home<\/a>\n<\/span><span class=\"aioseo-breadcrumb-separator\">\u00bb<\/span><span class=\"aioseo-breadcrumb\">\n\t<a href=\"https:\/\/soymigrante.com\/revista\/category\/guate-nuestra\/\" title=\"Guate Nuestra\">Guate Nuestra<\/a>\n<\/span><span class=\"aioseo-breadcrumb-separator\">\u00bb<\/span><span class=\"aioseo-breadcrumb\">\n\tLa segunda capital de Guatemala: Santiago en Almolonga solo dur\u00f3 14 a\u00f1os\n<\/span><\/div>","aioseo_breadcrumb_json":[{"label":"Home","link":"https:\/\/soymigrante.com\/revista"},{"label":"Guate Nuestra","link":"https:\/\/soymigrante.com\/revista\/category\/guate-nuestra\/"},{"label":"La segunda capital de Guatemala: Santiago en Almolonga solo dur\u00f3 14 a\u00f1os","link":"https:\/\/soymigrante.com\/revista\/la-segunda-capital-de-guatemala-santiago-en-almolonga-solo-duro-14-anos\/"}],"_links":{"self":[{"href":"https:\/\/soymigrante.com\/revista\/wp-json\/wp\/v2\/posts\/41851","targetHints":{"allow":["GET"]}}],"collection":[{"href":"https:\/\/soymigrante.com\/revista\/wp-json\/wp\/v2\/posts"}],"about":[{"href":"https:\/\/soymigrante.com\/revista\/wp-json\/wp\/v2\/types\/post"}],"author":[{"embeddable":true,"href":"https:\/\/soymigrante.com\/revista\/wp-json\/wp\/v2\/users\/7"}],"replies":[{"embeddable":true,"href":"https:\/\/soymigrante.com\/revista\/wp-json\/wp\/v2\/comments?post=41851"}],"version-history":[{"count":6,"href":"https:\/\/soymigrante.com\/revista\/wp-json\/wp\/v2\/posts\/41851\/revisions"}],"predecessor-version":[{"id":42191,"href":"https:\/\/soymigrante.com\/revista\/wp-json\/wp\/v2\/posts\/41851\/revisions\/42191"}],"wp:featuredmedia":[{"embeddable":true,"href":"https:\/\/soymigrante.com\/revista\/wp-json\/wp\/v2\/media\/41852"}],"wp:attachment":[{"href":"https:\/\/soymigrante.com\/revista\/wp-json\/wp\/v2\/media?parent=41851"}],"wp:term":[{"taxonomy":"category","embeddable":true,"href":"https:\/\/soymigrante.com\/revista\/wp-json\/wp\/v2\/categories?post=41851"},{"taxonomy":"post_tag","embeddable":true,"href":"https:\/\/soymigrante.com\/revista\/wp-json\/wp\/v2\/tags?post=41851"}],"curies":[{"name":"wp","href":"https:\/\/api.w.org\/{rel}","templated":true}]}}