{"id":41806,"date":"2026-01-02T07:31:22","date_gmt":"2026-01-02T13:31:22","guid":{"rendered":"https:\/\/soymigrante.com\/revista\/?p=41806"},"modified":"2026-01-02T12:55:01","modified_gmt":"2026-01-02T18:55:01","slug":"nueva-guatemala-de-la-asuncion-naturaleza-diseno-y-desafios-en-su-fundacion-en-1776","status":"publish","type":"post","link":"https:\/\/soymigrante.com\/revista\/nueva-guatemala-de-la-asuncion-naturaleza-diseno-y-desafios-en-su-fundacion-en-1776\/","title":{"rendered":"Nueva Guatemala de la Asunci\u00f3n cumple 250 a\u00f1os: as\u00ed fue la fundaci\u00f3n de la actual capital el 2 de enero de 1776"},"content":{"rendered":"\t\t<div data-elementor-type=\"wp-post\" data-elementor-id=\"41806\" class=\"elementor elementor-41806\" data-elementor-post-type=\"post\">\n\t\t\t\t<div data-particle_enable=\"false\" data-particle-mobile-disabled=\"false\" class=\"elementor-element elementor-element-a7609d9 e-flex e-con-boxed e-con e-parent\" data-id=\"a7609d9\" data-element_type=\"container\" data-e-type=\"container\">\n\t\t\t\t\t<div class=\"e-con-inner\">\n\t\t\t\t<div class=\"elementor-element elementor-element-47858ff elementor-widget elementor-widget-heading\" data-id=\"47858ff\" data-element_type=\"widget\" data-e-type=\"widget\" data-widget_type=\"heading.default\">\n\t\t\t\t\t<h2 class=\"elementor-heading-title elementor-size-default\">La actual capital de Guatemala fue fundada en 1776, despu\u00e9s de la destrucci\u00f3n del tercer asentamiento en el Valle de Panchoy, tres a\u00f1os antes.<\/h2>\t\t\t\t<\/div>\n\t\t\t\t\t<\/div>\n\t\t\t\t<\/div>\n\t\t<div data-particle_enable=\"false\" data-particle-mobile-disabled=\"false\" class=\"elementor-element elementor-element-a31950e e-flex e-con-boxed e-con e-parent\" data-id=\"a31950e\" data-element_type=\"container\" data-e-type=\"container\">\n\t\t\t\t\t<div class=\"e-con-inner\">\n\t\t\t\t<div class=\"elementor-element elementor-element-a17f7f8 elementor-widget elementor-widget-text-editor\" data-id=\"a17f7f8\" data-element_type=\"widget\" data-e-type=\"widget\" data-widget_type=\"text-editor.default\">\n\t\t\t\t\t\t\t\t\t<p><a href=\"https:\/\/soymigrante.com\/revista\/hablando-de-sismos-un-29-de-julio-de-1773-ocurrio-el-terremoto-que-asolo-antigua-guatemala\/\" target=\"_blank\" rel=\"noopener\">El traslado de la capital de Guatemala a su actual emplazamiento<\/a> \u2014la entonces llamada Nueva Guatemala de la Asunci\u00f3n\u2014 se oficializ\u00f3 en 1776, luego de que los devastadores terremotos de Santa Marta en 1773 destruyeran la Antigua Guatemala.<\/p><p>El 23 de mayo de ese a\u00f1o, el rey Carlos III autoriz\u00f3 el nombre oficial para la nueva ciudad, marcada por ser la primera fundada seg\u00fan los ideales ilustrados en la regi\u00f3n.<\/p>\t\t\t\t\t\t\t\t<\/div>\n\t\t\t\t\t<\/div>\n\t\t\t\t<\/div>\n\t\t<div data-particle_enable=\"false\" data-particle-mobile-disabled=\"false\" class=\"elementor-element elementor-element-ad0c3d0 e-flex e-con-boxed e-con e-parent\" data-id=\"ad0c3d0\" data-element_type=\"container\" data-e-type=\"container\">\n\t\t\t\t\t<div class=\"e-con-inner\">\n\t\t\t\t<div class=\"elementor-element elementor-element-6b817af elementor-widget elementor-widget-image\" data-id=\"6b817af\" data-element_type=\"widget\" data-e-type=\"widget\" data-widget_type=\"image.default\">\n\t\t\t\t\t\t\t\t\t\t\t\t<figure class=\"wp-caption\">\n\t\t\t\t\t\t\t\t\t\t<img fetchpriority=\"high\" decoding=\"async\" width=\"1024\" height=\"576\" src=\"https:\/\/soymigrante.com\/revista\/wp-content\/uploads\/2025\/08\/Nueva-Guatemala-de-la-Asuncion-2-1024x576.jpg\" class=\"attachment-large size-large wp-image-41808\" alt=\"Arquitectura hist\u00f3rica de la iglesia en un estilo colonial en el centro de M\u00e9xico, en tonos sepia, con un entorno rural y \u00e1rboles, reflejando momentos pasados de la historia migrante.\" srcset=\"https:\/\/soymigrante.com\/revista\/wp-content\/uploads\/2025\/08\/Nueva-Guatemala-de-la-Asuncion-2-1024x576.jpg 1024w, https:\/\/soymigrante.com\/revista\/wp-content\/uploads\/2025\/08\/Nueva-Guatemala-de-la-Asuncion-2-300x169.jpg 300w, https:\/\/soymigrante.com\/revista\/wp-content\/uploads\/2025\/08\/Nueva-Guatemala-de-la-Asuncion-2-768x432.jpg 768w, https:\/\/soymigrante.com\/revista\/wp-content\/uploads\/2025\/08\/Nueva-Guatemala-de-la-Asuncion-2-750x422.webp 750w, https:\/\/soymigrante.com\/revista\/wp-content\/uploads\/2025\/08\/Nueva-Guatemala-de-la-Asuncion-2-1140x641.webp 1140w, https:\/\/soymigrante.com\/revista\/wp-content\/uploads\/2025\/08\/Nueva-Guatemala-de-la-Asuncion-2.webp 1280w\" sizes=\"(max-width: 1024px) 100vw, 1024px\" title=\"Nueva Guatemala de la Asunci\u00f3n 2 \u2013 SoyMigrante.com REVISTA\" \/>\t\t\t\t\t\t\t\t\t\t\t<figcaption class=\"widget-image-caption wp-caption-text\">Iglesia colonial hist\u00f3rica en fotograf\u00eda en blanco y negro, con detalles arquitect\u00f3nicos antiguos y ambiente rural, representando el patrimonio cultural en el contexto de la migraci\u00f3n.<\/figcaption>\n\t\t\t\t\t\t\t\t\t\t<\/figure>\n\t\t\t\t\t\t\t\t\t<\/div>\n\t\t\t\t\t<\/div>\n\t\t\t\t<\/div>\n\t\t<div data-particle_enable=\"false\" data-particle-mobile-disabled=\"false\" class=\"elementor-element elementor-element-1d7e953 e-flex e-con-boxed e-con e-parent\" data-id=\"1d7e953\" data-element_type=\"container\" data-e-type=\"container\">\n\t\t\t\t\t<div class=\"e-con-inner\">\n\t\t\t\t<div class=\"elementor-element elementor-element-0fbc35d elementor-widget elementor-widget-heading\" data-id=\"0fbc35d\" data-element_type=\"widget\" data-e-type=\"widget\" data-widget_type=\"heading.default\">\n\t\t\t\t\t<h3 class=\"elementor-heading-title elementor-size-default\">Elecci\u00f3n del terreno: Valle de la Ermita<\/h3>\t\t\t\t<\/div>\n\t\t\t\t\t<\/div>\n\t\t\t\t<\/div>\n\t\t<div data-particle_enable=\"false\" data-particle-mobile-disabled=\"false\" class=\"elementor-element elementor-element-3b4c440 e-flex e-con-boxed e-con e-parent\" data-id=\"3b4c440\" data-element_type=\"container\" data-e-type=\"container\">\n\t\t\t\t\t<div class=\"e-con-inner\">\n\t\t\t\t<div class=\"elementor-element elementor-element-57c5a70 elementor-widget elementor-widget-text-editor\" data-id=\"57c5a70\" data-element_type=\"widget\" data-e-type=\"widget\" data-widget_type=\"text-editor.default\">\n\t\t\t\t\t\t\t\t\t<p><a href=\"https:\/\/soymigrante.com\/revista\/hablando-de-sismos-un-29-de-julio-de-1773-ocurrio-el-terremoto-que-asolo-antigua-guatemala\/\" target=\"_blank\" rel=\"noopener\">La ubicaci\u00f3n fue pensada cuidadosamente<\/a>: se escogi\u00f3 el Valle de la Ermita (tambi\u00e9n conocido como valle de las Vacas o de la Virgen) por caracter\u00edsticas favorables \u2014distancia segura de los volcanes, clima templado, buena disponibilidad de agua, drenajes naturales y fertilidad para cultivos\u2014 adem\u00e1s de contar con asentamientos previos que facilitaron su ocupaci\u00f3n.<\/p>\t\t\t\t\t\t\t\t<\/div>\n\t\t\t\t\t<\/div>\n\t\t\t\t<\/div>\n\t\t<div data-particle_enable=\"false\" data-particle-mobile-disabled=\"false\" class=\"elementor-element elementor-element-8d89d42 e-flex e-con-boxed e-con e-parent\" data-id=\"8d89d42\" data-element_type=\"container\" data-e-type=\"container\">\n\t\t\t\t\t<div class=\"e-con-inner\">\n\t\t\t\t<div class=\"elementor-element elementor-element-feb63b5 elementor-widget elementor-widget-text-editor\" data-id=\"feb63b5\" data-element_type=\"widget\" data-e-type=\"widget\" data-widget_type=\"text-editor.default\">\n\t\t\t\t\t\t\t\t\t<p>El historiador \u00c9dgar Chut\u00e1n Alvarado, afirma que ese valle comprend\u00eda diversos parajes como Mixco, Chinautla, Canalitos, Los Ocotes, El Incienso, El Naranjo, La Culebra, y Las Vacas, que a su vez inclu\u00edan \u00e1reas como San Jos\u00e9 del Golfo, Palencia, El Fiscal y Las Navajas. <a href=\"https:\/\/soymigrante.com\/revista\/hablando-de-sismos-un-29-de-julio-de-1773-ocurrio-el-terremoto-que-asolo-antigua-guatemala\/\" target=\"_blank\" rel=\"noopener\">Argumenta que el sitio fue elegido por sus condiciones geogr\u00e1ficas y disponibilidad de recursos<\/a>, adem\u00e1s de su clima y cercan\u00eda con otros pueblos importantes.<\/p>\t\t\t\t\t\t\t\t<\/div>\n\t\t\t\t\t<\/div>\n\t\t\t\t<\/div>\n\t\t<div data-particle_enable=\"false\" data-particle-mobile-disabled=\"false\" class=\"elementor-element elementor-element-b8f6a2b e-flex e-con-boxed e-con e-parent\" data-id=\"b8f6a2b\" data-element_type=\"container\" data-e-type=\"container\">\n\t\t\t\t\t<div class=\"e-con-inner\">\n\t\t\t\t<div class=\"elementor-element elementor-element-7901dbf elementor-widget elementor-widget-image\" data-id=\"7901dbf\" data-element_type=\"widget\" data-e-type=\"widget\" data-widget_type=\"image.default\">\n\t\t\t\t\t\t\t\t\t\t\t\t<figure class=\"wp-caption\">\n\t\t\t\t\t\t\t\t\t\t<img decoding=\"async\" width=\"638\" height=\"439\" src=\"https:\/\/soymigrante.com\/revista\/wp-content\/uploads\/2025\/08\/Nueva-Guatemala-de-la-Asuncion-3.webp\" class=\"attachment-large size-large wp-image-41813\" alt=\"Fachada hist\u00f3rica de una iglesia en ruinas en un entorno urbano antiguo, en tonos sepia, reflejando la historia y el patrimonio cultural de M\u00e9xico.\" srcset=\"https:\/\/soymigrante.com\/revista\/wp-content\/uploads\/2025\/08\/Nueva-Guatemala-de-la-Asuncion-3.webp 638w, https:\/\/soymigrante.com\/revista\/wp-content\/uploads\/2025\/08\/Nueva-Guatemala-de-la-Asuncion-3-300x206.jpg 300w\" sizes=\"(max-width: 638px) 100vw, 638px\" title=\"En 1776, se fund\u00f3 Nueva Guatemala de la Asunci\u00f3n tras los terremotos que destruyeron la capital anterior. Imagen de la Catedral Metropolitana a\u00fan sin sus campanarios. (Foto: INGUAT) \u2013 SoyMigrante.com REVISTA\" \/>\t\t\t\t\t\t\t\t\t\t\t<figcaption class=\"widget-image-caption wp-caption-text\">Iglesia en ruinas en un entorno urbano hist\u00f3rico, s\u00edmbolo del patrimonio cultural mexicano y la historia de migrantes en el pa\u00eds.<\/figcaption>\n\t\t\t\t\t\t\t\t\t\t<\/figure>\n\t\t\t\t\t\t\t\t\t<\/div>\n\t\t\t\t\t<\/div>\n\t\t\t\t<\/div>\n\t\t<div data-particle_enable=\"false\" data-particle-mobile-disabled=\"false\" class=\"elementor-element elementor-element-b31a99d e-flex e-con-boxed e-con e-parent\" data-id=\"b31a99d\" data-element_type=\"container\" data-e-type=\"container\">\n\t\t\t\t\t<div class=\"e-con-inner\">\n\t\t\t\t<div class=\"elementor-element elementor-element-fdfe1b5 elementor-widget elementor-widget-heading\" data-id=\"fdfe1b5\" data-element_type=\"widget\" data-e-type=\"widget\" data-widget_type=\"heading.default\">\n\t\t\t\t\t<h3 class=\"elementor-heading-title elementor-size-default\">Trazado urbano: orden colonial con influencias ilustradas<\/h3>\t\t\t\t<\/div>\n\t\t\t\t\t<\/div>\n\t\t\t\t<\/div>\n\t\t<div data-particle_enable=\"false\" data-particle-mobile-disabled=\"false\" class=\"elementor-element elementor-element-c4aef46 e-flex e-con-boxed e-con e-parent\" data-id=\"c4aef46\" data-element_type=\"container\" data-e-type=\"container\">\n\t\t\t\t\t<div class=\"e-con-inner\">\n\t\t\t\t<div class=\"elementor-element elementor-element-0fe3999 elementor-widget elementor-widget-text-editor\" data-id=\"0fe3999\" data-element_type=\"widget\" data-e-type=\"widget\" data-widget_type=\"text-editor.default\">\n\t\t\t\t\t\t\t\t\t<p>El dise\u00f1o urbano sigui\u00f3 el modelo reticular, con manzanas cuadradas, orientadas a los puntos cardinales y una plaza central rodeada de edificios civiles y religiosos, replicando el patr\u00f3n urbano espa\u00f1ol.<\/p><p>El primer proyecto fue obra de Luis D\u00edez Navarro, con aportes posteriores de arquitectos como Marcos Ib\u00e1\u00f1ez, Sebasti\u00e1n Gamundi, Antonio Bernasconi, Antonio Porta y Bernardo Ram\u00edrez.<\/p>\t\t\t\t\t\t\t\t<\/div>\n\t\t\t\t\t<\/div>\n\t\t\t\t<\/div>\n\t\t<div data-particle_enable=\"false\" data-particle-mobile-disabled=\"false\" class=\"elementor-element elementor-element-a62d9a1 e-flex e-con-boxed e-con e-parent\" data-id=\"a62d9a1\" data-element_type=\"container\" data-e-type=\"container\">\n\t\t\t\t\t<div class=\"e-con-inner\">\n\t\t\t\t<div class=\"elementor-element elementor-element-bc6a3d2 elementor-arrows-position-inside elementor-pagination-position-outside elementor-widget elementor-widget-image-carousel\" data-id=\"bc6a3d2\" data-element_type=\"widget\" data-e-type=\"widget\" data-settings=\"{&quot;slides_to_show&quot;:&quot;1&quot;,&quot;navigation&quot;:&quot;both&quot;,&quot;autoplay&quot;:&quot;yes&quot;,&quot;pause_on_hover&quot;:&quot;yes&quot;,&quot;pause_on_interaction&quot;:&quot;yes&quot;,&quot;autoplay_speed&quot;:5000,&quot;infinite&quot;:&quot;yes&quot;,&quot;effect&quot;:&quot;slide&quot;,&quot;speed&quot;:500}\" data-widget_type=\"image-carousel.default\">\n\t\t\t\t\t\t\t<div class=\"elementor-image-carousel-wrapper swiper\" role=\"region\" aria-roledescription=\"carousel\" aria-label=\"Carrusel de im\u00e1genes\" dir=\"ltr\">\n\t\t\t<div class=\"elementor-image-carousel swiper-wrapper\" aria-live=\"off\">\n\t\t\t\t\t\t\t\t<div class=\"swiper-slide\" role=\"group\" aria-roledescription=\"slide\" aria-label=\"1 de 5\"><figure class=\"swiper-slide-inner\"><img decoding=\"async\" class=\"swiper-slide-image\" src=\"https:\/\/soymigrante.com\/revista\/wp-content\/uploads\/2025\/08\/default-1.webp\" alt=\"Paisaje rural con monta\u00f1as en el fondo, vista panor\u00e1mica de la campi\u00f1a, im\u00e1genes relacionadas con migraci\u00f3n y vida en comunidades agr\u00edcolas en M\u00e9xico y Am\u00e9rica Latina.\" \/><figcaption class=\"elementor-image-carousel-caption\">Una vista panor\u00e1mica de una zona rural con monta\u00f1as vistas desde un lugar elevado, que refleja la vida en comunidades agr\u00edcolas y el entorno natural en regiones de M\u00e9xico y Am\u00e9rica Latina.<\/figcaption><\/figure><\/div><div class=\"swiper-slide\" role=\"group\" aria-roledescription=\"slide\" aria-label=\"2 de 5\"><figure class=\"swiper-slide-inner\"><img decoding=\"async\" class=\"swiper-slide-image\" src=\"https:\/\/soymigrante.com\/revista\/wp-content\/uploads\/2025\/08\/default-3.webp\" alt=\"Camino rural en pa\u00eds agr\u00edcola antiguo con campesinos trabajando, \u00e1rboles y casas en colina, imagen hist\u00f3rica en blanco y negro, reflejando la vida rural mexicana.\" \/><figcaption class=\"elementor-image-carousel-caption\">Paisaje rural hist\u00f3rico en blanco y negro, campesinos trabajando en campo con casas en colina y \u00e1rboles, representando la vida agr\u00edcola tradicional en M\u00e9xico.<\/figcaption><\/figure><\/div><div class=\"swiper-slide\" role=\"group\" aria-roledescription=\"slide\" aria-label=\"3 de 5\"><figure class=\"swiper-slide-inner\"><img decoding=\"async\" class=\"swiper-slide-image\" src=\"https:\/\/soymigrante.com\/revista\/wp-content\/uploads\/2025\/08\/default-4.webp\" alt=\"Catedral hist\u00f3rica en M\u00e9xico, fotograf\u00eda en blanco y negro mostrando arquitectura colonial y escena rural.\" \/><figcaption class=\"elementor-image-carousel-caption\">Fotograf\u00eda antigua de una catedral colonial en M\u00e9xico, con dos burros en primer plano y un entorno hist\u00f3rico y cultural.<\/figcaption><\/figure><\/div><div class=\"swiper-slide\" role=\"group\" aria-roledescription=\"slide\" aria-label=\"4 de 5\"><figure class=\"swiper-slide-inner\"><img decoding=\"async\" class=\"swiper-slide-image\" src=\"https:\/\/soymigrante.com\/revista\/wp-content\/uploads\/2025\/08\/default.webp\" alt=\"Paisaje rural en blanco y negro con una persona sentada en un campo, vista panor\u00e1mica de un pueblo con casas y naturaleza, destacando la historia y cultura de los migrantes en M\u00e9xico.\" \/><figcaption class=\"elementor-image-carousel-caption\">Vista panor\u00e1mica de un paisaje rural en blanco y negro con una persona en primer plano, capturando la historia y cultura de la migraci\u00f3n en M\u00e9xico y su entorno natural.<\/figcaption><\/figure><\/div><div class=\"swiper-slide\" role=\"group\" aria-roledescription=\"slide\" aria-label=\"5 de 5\"><figure class=\"swiper-slide-inner\"><img decoding=\"async\" class=\"swiper-slide-image\" src=\"https:\/\/soymigrante.com\/revista\/wp-content\/uploads\/2025\/08\/default-5.webp\" alt=\"Catedral hist\u00f3rica en estilo colonial con techos ornamentados y murallas de piedra, ubicada en un entorno tradicional latinoamericano.\" \/><figcaption class=\"elementor-image-carousel-caption\">Vista de una antigua catedral colonial en una ubicaci\u00f3n hist\u00f3rica, con arquitectura cl\u00e1sica y muros de piedra, reflejando la herencia cultural y arquitect\u00f3nica de la regi\u00f3n.<\/figcaption><\/figure><\/div>\t\t\t<\/div>\n\t\t\t\t\t\t\t\t\t\t\t\t<div class=\"elementor-swiper-button elementor-swiper-button-prev\" role=\"button\" tabindex=\"0\">\n\t\t\t\t\t\t<i aria-hidden=\"true\" class=\"eicon-chevron-left\"><\/i>\t\t\t\t\t<\/div>\n\t\t\t\t\t<div class=\"elementor-swiper-button elementor-swiper-button-next\" role=\"button\" tabindex=\"0\">\n\t\t\t\t\t\t<i aria-hidden=\"true\" class=\"eicon-chevron-right\"><\/i>\t\t\t\t\t<\/div>\n\t\t\t\t\n\t\t\t\t\t\t\t\t\t<div class=\"swiper-pagination\"><\/div>\n\t\t\t\t\t\t\t\t\t<\/div>\n\t\t\t\t\t\t<\/div>\n\t\t\t\t\t<\/div>\n\t\t\t\t<\/div>\n\t\t<div data-particle_enable=\"false\" data-particle-mobile-disabled=\"false\" class=\"elementor-element elementor-element-a9a9773 e-flex e-con-boxed e-con e-parent\" data-id=\"a9a9773\" data-element_type=\"container\" data-e-type=\"container\">\n\t\t\t\t\t<div class=\"e-con-inner\">\n\t\t\t\t<div class=\"elementor-element elementor-element-9538fc2 elementor-widget elementor-widget-heading\" data-id=\"9538fc2\" data-element_type=\"widget\" data-e-type=\"widget\" data-widget_type=\"heading.default\">\n\t\t\t\t\t<h3 class=\"elementor-heading-title elementor-size-default\">Dificultades t\u00e9cnicas y suministro de agua<\/h3>\t\t\t\t<\/div>\n\t\t\t\t\t<\/div>\n\t\t\t\t<\/div>\n\t\t<div data-particle_enable=\"false\" data-particle-mobile-disabled=\"false\" class=\"elementor-element elementor-element-1844828 e-flex e-con-boxed e-con e-parent\" data-id=\"1844828\" data-element_type=\"container\" data-e-type=\"container\">\n\t\t\t\t\t<div class=\"e-con-inner\">\n\t\t\t\t<div class=\"elementor-element elementor-element-2397441 elementor-widget elementor-widget-text-editor\" data-id=\"2397441\" data-element_type=\"widget\" data-e-type=\"widget\" data-widget_type=\"text-editor.default\">\n\t\t\t\t\t\t\t\t\t<p><a href=\"https:\/\/soymigrante.com\/revista\/hablando-de-sismos-un-29-de-julio-de-1773-ocurrio-el-terremoto-que-asolo-antigua-guatemala\/\" target=\"_blank\" rel=\"noopener\">En cuanto al agua, se enfrent\u00f3 un reto significativo. La ciudad se abastec\u00eda principalmente por dos acueductos<\/a>: uno proveniente de Mixco (desde el r\u00edo Panzal\u00edc) y otro de Pinula, instalado en 1775 y que corr\u00eda sobre el cerro de La Culebra hasta un dep\u00f3sito ubicado en lo que actualmente es la zona 1. El desarrollo inicial fue modesto: las calles se empedraron s\u00f3lo alrededor de la Plaza Mayor y las infraestructuras como agua y drenajes eran muy limitadas.<\/p>\t\t\t\t\t\t\t\t<\/div>\n\t\t\t\t\t<\/div>\n\t\t\t\t<\/div>\n\t\t<div data-particle_enable=\"false\" data-particle-mobile-disabled=\"false\" class=\"elementor-element elementor-element-1791c9e e-flex e-con-boxed e-con e-parent\" data-id=\"1791c9e\" data-element_type=\"container\" data-e-type=\"container\">\n\t\t\t\t\t<div class=\"e-con-inner\">\n\t\t\t\t<div class=\"elementor-element elementor-element-c0e7d04 elementor-widget elementor-widget-image\" data-id=\"c0e7d04\" data-element_type=\"widget\" data-e-type=\"widget\" data-widget_type=\"image.default\">\n\t\t\t\t\t\t\t\t\t\t\t\t<figure class=\"wp-caption\">\n\t\t\t\t\t\t\t\t\t\t<img decoding=\"async\" width=\"984\" height=\"952\" src=\"https:\/\/soymigrante.com\/revista\/wp-content\/uploads\/2025\/08\/Nueva-Guatemala-de-la-Asuncion-4.webp\" class=\"attachment-large size-large wp-image-41814\" alt=\"Ni\u00f1os y adultos en una celebraci\u00f3n en la plaza principal, con un edificio hist\u00f3rico decorado con guirnaldas y banderas, en una imagen antigua que destaca la cultura y tradiciones locales.\" srcset=\"https:\/\/soymigrante.com\/revista\/wp-content\/uploads\/2025\/08\/Nueva-Guatemala-de-la-Asuncion-4.webp 984w, https:\/\/soymigrante.com\/revista\/wp-content\/uploads\/2025\/08\/Nueva-Guatemala-de-la-Asuncion-4-300x290.jpg 300w, https:\/\/soymigrante.com\/revista\/wp-content\/uploads\/2025\/08\/Nueva-Guatemala-de-la-Asuncion-4-768x743.jpg 768w, https:\/\/soymigrante.com\/revista\/wp-content\/uploads\/2025\/08\/Nueva-Guatemala-de-la-Asuncion-4-750x726.webp 750w\" sizes=\"(max-width: 984px) 100vw, 984px\" title=\"Se eligi\u00f3 el Valle de la Ermita por sus condiciones favorables: clima, agua, recursos, topograf\u00eda y seguridad frente a volcanes. (Foto: INGUAT) \u2013 SoyMigrante.com REVISTA\" \/>\t\t\t\t\t\t\t\t\t\t\t<figcaption class=\"widget-image-caption wp-caption-text\">Celebraci\u00f3n tradicional en la plaza principal con ni\u00f1os, adultos y decoraci\u00f3n festiva en una imagen hist\u00f3rica.<\/figcaption>\n\t\t\t\t\t\t\t\t\t\t<\/figure>\n\t\t\t\t\t\t\t\t\t<\/div>\n\t\t\t\t\t<\/div>\n\t\t\t\t<\/div>\n\t\t<div data-particle_enable=\"false\" data-particle-mobile-disabled=\"false\" class=\"elementor-element elementor-element-3a582a3 e-flex e-con-boxed e-con e-parent\" data-id=\"3a582a3\" data-element_type=\"container\" data-e-type=\"container\">\n\t\t\t\t\t<div class=\"e-con-inner\">\n\t\t\t\t<div class=\"elementor-element elementor-element-1c4a474 elementor-widget elementor-widget-heading\" data-id=\"1c4a474\" data-element_type=\"widget\" data-e-type=\"widget\" data-widget_type=\"heading.default\">\n\t\t\t\t\t<h3 class=\"elementor-heading-title elementor-size-default\">Primeros barrios y orden social<\/h3>\t\t\t\t<\/div>\n\t\t\t\t\t<\/div>\n\t\t\t\t<\/div>\n\t\t<div data-particle_enable=\"false\" data-particle-mobile-disabled=\"false\" class=\"elementor-element elementor-element-4520f68 e-flex e-con-boxed e-con e-parent\" data-id=\"4520f68\" data-element_type=\"container\" data-e-type=\"container\">\n\t\t\t\t\t<div class=\"e-con-inner\">\n\t\t\t\t<div class=\"elementor-element elementor-element-d9c920d elementor-widget elementor-widget-text-editor\" data-id=\"d9c920d\" data-element_type=\"widget\" data-e-type=\"widget\" data-widget_type=\"text-editor.default\">\n\t\t\t\t\t\t\t\t\t<p>La estructura social colonial tambi\u00e9n qued\u00f3 reflejada en el dise\u00f1o urbano. Alrededor de la Plaza Mayor se concentraban la \u00e9lite, con residencias espaciosas, mientras que la poblaci\u00f3n ind\u00edgena viv\u00eda en los barrios perif\u00e9ricos, aleda\u00f1os a conventos y parroquias: barro cl\u00e1sicos como San Jos\u00e9, La Merced, El Calvario, Santa Rosa, San Sebasti\u00e1n, La Recolecci\u00f3n, Santa Catarina, Santuario de Guadalupe, San Gaspar, La Parroquia y La Candelaria fueron los primeros en conformar la ciudad.<\/p>\t\t\t\t\t\t\t\t<\/div>\n\t\t\t\t\t<\/div>\n\t\t\t\t<\/div>\n\t\t<div data-particle_enable=\"false\" data-particle-mobile-disabled=\"false\" class=\"elementor-element elementor-element-4f996e8 e-flex e-con-boxed e-con e-parent\" data-id=\"4f996e8\" data-element_type=\"container\" data-e-type=\"container\">\n\t\t\t\t\t<div class=\"e-con-inner\">\n\t\t\t\t<div class=\"elementor-element elementor-element-e6f93da elementor-widget elementor-widget-heading\" data-id=\"e6f93da\" data-element_type=\"widget\" data-e-type=\"widget\" data-widget_type=\"heading.default\">\n\t\t\t\t\t<h3 class=\"elementor-heading-title elementor-size-default\">Balance hist\u00f3rico<\/h3>\t\t\t\t<\/div>\n\t\t\t\t\t<\/div>\n\t\t\t\t<\/div>\n\t\t<div data-particle_enable=\"false\" data-particle-mobile-disabled=\"false\" class=\"elementor-element elementor-element-16af073 e-flex e-con-boxed e-con e-parent\" data-id=\"16af073\" data-element_type=\"container\" data-e-type=\"container\">\n\t\t\t\t\t<div class=\"e-con-inner\">\n\t\t\t\t<div class=\"elementor-element elementor-element-22faed5 elementor-widget elementor-widget-text-editor\" data-id=\"22faed5\" data-element_type=\"widget\" data-e-type=\"widget\" data-widget_type=\"text-editor.default\">\n\t\t\t\t\t\t\t\t\t<p><a href=\"https:\/\/soymigrante.com\/revista\/hablando-de-sismos-un-29-de-julio-de-1773-ocurrio-el-terremoto-que-asolo-antigua-guatemala\/\" target=\"_blank\" rel=\"noopener\">La fundaci\u00f3n de la nueva capital en 1776 simboliza el fin de una era marcada por sismos y el inicio de un proyecto urbano ordenado,<\/a> influido por la Ilustraci\u00f3n.<\/p><p>A pesar de los desaf\u00edos t\u00e9cnicos, el suministro de agua limitado y la necesidad de consolidar servicios b\u00e1sicos, se puso en marcha una ciudad que reflejaba tanto las prioridades pol\u00edticas como las aspiraciones sociales del momento.<\/p>\t\t\t\t\t\t\t\t<\/div>\n\t\t\t\t\t<\/div>\n\t\t\t\t<\/div>\n\t\t<div data-particle_enable=\"false\" data-particle-mobile-disabled=\"false\" class=\"elementor-element elementor-element-818164d e-flex e-con-boxed e-con e-parent\" data-id=\"818164d\" data-element_type=\"container\" data-e-type=\"container\">\n\t\t\t\t\t<div class=\"e-con-inner\">\n\t\t\t\t<div class=\"elementor-element elementor-element-be9cbc0 elementor-widget elementor-widget-html\" data-id=\"be9cbc0\" data-element_type=\"widget\" data-e-type=\"widget\" data-widget_type=\"html.default\">\n\t\t\t\t\t<iframe width=\"560\" height=\"315\" src=\"https:\/\/www.youtube.com\/embed\/c8UOi6lFicI?si=wOkRCzMs469b9ECo\" title=\"YouTube video player\" frameborder=\"0\" allow=\"accelerometer; autoplay; clipboard-write; encrypted-media; gyroscope; picture-in-picture; web-share\" referrerpolicy=\"strict-origin-when-cross-origin\" allowfullscreen><\/iframe>\t\t\t\t<\/div>\n\t\t\t\t\t<\/div>\n\t\t\t\t<\/div>\n\t\t<div data-particle_enable=\"false\" data-particle-mobile-disabled=\"false\" class=\"elementor-element elementor-element-610f8fe e-flex e-con-boxed e-con e-parent\" data-id=\"610f8fe\" data-element_type=\"container\" data-e-type=\"container\">\n\t\t\t\t\t<div class=\"e-con-inner\">\n\t\t\t\t<div class=\"elementor-element elementor-element-b60a707 elementor-widget elementor-widget-text-editor\" data-id=\"b60a707\" data-element_type=\"widget\" data-e-type=\"widget\" data-widget_type=\"text-editor.default\">\n\t\t\t\t\t\t\t\t\t<div><ul><li>En 1776, se fund\u00f3 Nueva Guatemala de la Asunci\u00f3n tras los terremotos que destruyeron la capital anterior.<\/li><li><a href=\"https:\/\/soymigrante.com\/revista\/hablando-de-sismos-un-29-de-julio-de-1773-ocurrio-el-terremoto-que-asolo-antigua-guatemala\/\" target=\"_blank\" rel=\"noopener\">Se eligi\u00f3 el Valle de la Ermita por sus condiciones favorables:<\/a> clima, agua, recursos, topograf\u00eda y seguridad frente a volcanes.<\/li><li>El trazo urbano sigui\u00f3 una cuadricula t\u00edpica colonial, con una plaza central, dise\u00f1ada por Luis D\u00edez Navarro y otros arquitectos.<\/li><li>El abastecimiento de agua se garantizaba mediante acueductos desde Mixco y Pinula, aunque con infraestructura limitada.<\/li><li>Los primeros barrios se formaron alrededor de conventos y parroquias, reflejando una estructura social desigual.<\/li><\/ul><\/div>\t\t\t\t\t\t\t\t<\/div>\n\t\t\t\t\t<\/div>\n\t\t\t\t<\/div>\n\t\t<div data-particle_enable=\"false\" data-particle-mobile-disabled=\"false\" class=\"elementor-element elementor-element-fc7bc42 e-flex e-con-boxed e-con e-parent\" data-id=\"fc7bc42\" data-element_type=\"container\" data-e-type=\"container\">\n\t\t\t\t\t<div class=\"e-con-inner\">\n\t\t\t\t<div class=\"elementor-element elementor-element-ad45d83 elementor-widget elementor-widget-heading\" data-id=\"ad45d83\" data-element_type=\"widget\" data-e-type=\"widget\" data-widget_type=\"heading.default\">\n\t\t\t\t\t<h2 class=\"elementor-heading-title elementor-size-default\">Lugares emblem\u00e1ticos de Guatemala<\/h2>\t\t\t\t<\/div>\n\t\t\t\t\t<\/div>\n\t\t\t\t<\/div>\n\t\t<div data-particle_enable=\"false\" data-particle-mobile-disabled=\"false\" class=\"elementor-element elementor-element-f0e3ced e-flex e-con-boxed e-con e-parent\" data-id=\"f0e3ced\" data-element_type=\"container\" data-e-type=\"container\">\n\t\t\t\t\t<div class=\"e-con-inner\">\n\t\t\t\t<div class=\"elementor-element elementor-element-a9a6242 elementor-grid-eael-col-3 elementor-grid-tablet-eael-col-2 elementor-grid-mobile-eael-col-1 elementor-invisible elementor-widget elementor-widget-eael-post-grid\" data-id=\"a9a6242\" data-element_type=\"widget\" data-e-type=\"widget\" data-settings=\"{&quot;eael_post_grid_columns&quot;:&quot;eael-col-3&quot;,&quot;_animation&quot;:&quot;rollIn&quot;,&quot;eael_post_grid_columns_tablet&quot;:&quot;eael-col-2&quot;,&quot;eael_post_grid_columns_mobile&quot;:&quot;eael-col-1&quot;}\" data-widget_type=\"eael-post-grid.default\">\n\t\t\t\t\t<div id=\"eael-post-grid-a9a6242\" class=\"eael-post-grid-container\">\n            <div class=\"eael-post-grid eael-post-appender eael-post-appender-a9a6242 eael-post-grid-style-one\" data-layout-mode=\"masonry\"><article class=\"eael-grid-post  eael-post-grid-column eael-pg-post-41027 category-guate-nuestra\" data-id=\"41027\">\n        <div class=\"eael-grid-post-holder\">\n            <div class=\"eael-grid-post-holder-inner\"><div class=\"eael-entry-media\"><div class=\"eael-entry-overlay fade-in\"><i class=\"far fa-hand-pointer\" aria-hidden=\"true\"><\/i><a href=\"https:\/\/soymigrante.com\/revista\/el-mercado-central-de-guatemala-historia-ubicacion-y-datos-curiosos\/\"><\/a><\/div><div class=\"eael-entry-thumbnail \">\n                <img loading=\"lazy\" decoding=\"async\" width=\"1024\" height=\"576\" src=\"https:\/\/soymigrante.com\/revista\/wp-content\/uploads\/2025\/08\/mercado-central-1-1024x576.jpg\" class=\"attachment-large size-large wp-image-41028\" alt=\"Bolsos y accesorios tradicionales en mercado mexicano, artesan\u00eda mexicana, productos culturales, tiendas de souvenirs, compras en M\u00e9xico, art\u00edculos de regalo, mercado artesanal mexicano.\" srcset=\"https:\/\/soymigrante.com\/revista\/wp-content\/uploads\/2025\/08\/mercado-central-1-1024x576.jpg 1024w, https:\/\/soymigrante.com\/revista\/wp-content\/uploads\/2025\/08\/mercado-central-1-300x169.jpg 300w, https:\/\/soymigrante.com\/revista\/wp-content\/uploads\/2025\/08\/mercado-central-1-768x432.jpg 768w, https:\/\/soymigrante.com\/revista\/wp-content\/uploads\/2025\/08\/mercado-central-1-750x422.jpg 750w, https:\/\/soymigrante.com\/revista\/wp-content\/uploads\/2025\/08\/mercado-central-1-1140x641.jpg 1140w, https:\/\/soymigrante.com\/revista\/wp-content\/uploads\/2025\/08\/mercado-central-1.webp 1280w\" sizes=\"(max-width: 1024px) 100vw, 1024px\" \/>\n            <\/div>\n        <\/div><div class=\"eael-entry-wrapper\"><header class=\"eael-entry-header\"><h2 class=\"eael-entry-title\"><a class=\"eael-grid-post-link\" href=\"https:\/\/soymigrante.com\/revista\/el-mercado-central-de-guatemala-historia-ubicacion-y-datos-curiosos\/\" title=\"Es infaltable la visita al Mercado Central de Guatemala: historia, ubicaci\u00f3n y \u00e1reas\">Es infaltable la visita al Mercado Central de Guatemala: historia, ubicaci\u00f3n y \u00e1reas<\/a><\/h2><\/header><div class=\"eael-entry-content\">\n                        <div class=\"eael-grid-post-excerpt\"><a href=\"https:\/\/soymigrante.com\/revista\/el-mercado-central-de-guatemala-historia-ubicacion-y-datos-curiosos\/\" class=\"eael-post-elements-readmore-btn\">CONOCE SU HISTORIA <\/a><\/div>\n                    <\/div><\/div><\/div>\n        <\/div>\n    <\/article><article class=\"eael-grid-post  eael-post-grid-column eael-pg-post-40976 category-guate-nuestra\" data-id=\"40976\">\n        <div class=\"eael-grid-post-holder\">\n            <div class=\"eael-grid-post-holder-inner\"><div class=\"eael-entry-media\"><div class=\"eael-entry-overlay fade-in\"><i class=\"far fa-hand-pointer\" aria-hidden=\"true\"><\/i><a href=\"https:\/\/soymigrante.com\/revista\/catedral-metropolitana-de-guatemala-historia-fe-y-paz-en-el-corazon-de-la-capital\/\"><\/a><\/div><div class=\"eael-entry-thumbnail \">\n                <img loading=\"lazy\" decoding=\"async\" width=\"504\" height=\"504\" src=\"https:\/\/soymigrante.com\/revista\/wp-content\/uploads\/2025\/07\/Catedral-metropolitana-3-e1753996409329.webp\" class=\"attachment-large size-large wp-image-40977\" alt=\"Majestuosa fachada de una catedral colonial en una ciudad hist\u00f3rica, con torres gemelas y un cielo nublado, representando arquitectura religiosa y patrimonio cultural en Latinoam\u00e9rica.\" srcset=\"https:\/\/soymigrante.com\/revista\/wp-content\/uploads\/2025\/07\/Catedral-metropolitana-3-e1753996409329.webp 504w, https:\/\/soymigrante.com\/revista\/wp-content\/uploads\/2025\/07\/Catedral-metropolitana-3-e1753996409329-300x300.webp 300w, https:\/\/soymigrante.com\/revista\/wp-content\/uploads\/2025\/07\/Catedral-metropolitana-3-e1753996409329-150x150.webp 150w, https:\/\/soymigrante.com\/revista\/wp-content\/uploads\/2025\/07\/Catedral-metropolitana-3-e1753996409329-75x75.webp 75w\" sizes=\"(max-width: 504px) 100vw, 504px\" \/>\n            <\/div>\n        <\/div><div class=\"eael-entry-wrapper\"><header class=\"eael-entry-header\"><h2 class=\"eael-entry-title\"><a class=\"eael-grid-post-link\" href=\"https:\/\/soymigrante.com\/revista\/catedral-metropolitana-de-guatemala-historia-fe-y-paz-en-el-corazon-de-la-capital\/\" title=\"Catedral Metropolitana de Guatemala: historia, fe y paz en el coraz\u00f3n de la capital\">Catedral Metropolitana de Guatemala: historia, fe y paz en el coraz\u00f3n de la capital<\/a><\/h2><\/header><div class=\"eael-entry-content\">\n                        <div class=\"eael-grid-post-excerpt\"><a href=\"https:\/\/soymigrante.com\/revista\/catedral-metropolitana-de-guatemala-historia-fe-y-paz-en-el-corazon-de-la-capital\/\" class=\"eael-post-elements-readmore-btn\">CONOCE SU HISTORIA <\/a><\/div>\n                    <\/div><\/div><\/div>\n        <\/div>\n    <\/article><article class=\"eael-grid-post  eael-post-grid-column eael-pg-post-39546 category-guate-nuestra\" data-id=\"39546\">\n        <div class=\"eael-grid-post-holder\">\n            <div class=\"eael-grid-post-holder-inner\"><div class=\"eael-entry-media\"><div class=\"eael-entry-overlay fade-in\"><i class=\"far fa-hand-pointer\" aria-hidden=\"true\"><\/i><a href=\"https:\/\/soymigrante.com\/revista\/el-cerrito-del-carmen-el-corazon-espiritual-de-la-ciudad-de-guatemala\/\"><\/a><\/div><div class=\"eael-entry-thumbnail \">\n                <img loading=\"lazy\" decoding=\"async\" width=\"500\" height=\"500\" src=\"https:\/\/soymigrante.com\/revista\/wp-content\/uploads\/2025\/07\/cerrito-del-carmen-5-e1752701694884.webp\" class=\"attachment-large size-large wp-image-39547\" alt=\"Catedral de Xalapa rodeada de espacios verdes y \u00e1reas recreativas en un parque urbano en la ciudad de Xalapa, Veracruz, M\u00e9xico. Jardines, senderos y \u00e1rboles destacan en esta vista panor\u00e1mica de la naturaleza urbana.\" srcset=\"https:\/\/soymigrante.com\/revista\/wp-content\/uploads\/2025\/07\/cerrito-del-carmen-5-e1752701694884.webp 500w, https:\/\/soymigrante.com\/revista\/wp-content\/uploads\/2025\/07\/cerrito-del-carmen-5-e1752701694884-300x300.jpg 300w, https:\/\/soymigrante.com\/revista\/wp-content\/uploads\/2025\/07\/cerrito-del-carmen-5-e1752701694884-150x150.jpg 150w, https:\/\/soymigrante.com\/revista\/wp-content\/uploads\/2025\/07\/cerrito-del-carmen-5-e1752701694884-75x75.webp 75w\" sizes=\"(max-width: 500px) 100vw, 500px\" \/>\n            <\/div>\n        <\/div><div class=\"eael-entry-wrapper\"><header class=\"eael-entry-header\"><h2 class=\"eael-entry-title\"><a class=\"eael-grid-post-link\" href=\"https:\/\/soymigrante.com\/revista\/el-cerrito-del-carmen-el-corazon-espiritual-de-la-ciudad-de-guatemala\/\" title=\"El Cerrito del Carmen: el coraz\u00f3n espiritual de la Ciudad de Guatemala\">El Cerrito del Carmen: el coraz\u00f3n espiritual de la Ciudad de Guatemala<\/a><\/h2><\/header><div class=\"eael-entry-content\">\n                        <div class=\"eael-grid-post-excerpt\"><a href=\"https:\/\/soymigrante.com\/revista\/el-cerrito-del-carmen-el-corazon-espiritual-de-la-ciudad-de-guatemala\/\" class=\"eael-post-elements-readmore-btn\">CONOCE SU HISTORIA <\/a><\/div>\n                    <\/div><\/div><\/div>\n        <\/div>\n    <\/article><\/div>\n            <div class=\"clearfix\"><\/div>\n        <\/div>\t\t\t\t<\/div>\n\t\t\t\t\t<\/div>\n\t\t\t\t<\/div>\n\t\t\t\t<\/div>\n\t\t","protected":false},"excerpt":{"rendered":"<p>La actual capital de Guatemala fue fundada en 1776, despu\u00e9s de la destrucci\u00f3n del tercer asentamiento en el Valle de Panchoy, tres a\u00f1os antes. El traslado de la capital de Guatemala a su actual emplazamiento \u2014la entonces llamada Nueva Guatemala de la Asunci\u00f3n\u2014 se oficializ\u00f3 en 1776, luego de que los devastadores terremotos de Santa [&hellip;]<\/p>\n","protected":false},"author":1,"featured_media":50531,"comment_status":"open","ping_status":"open","sticky":false,"template":"","format":"standard","meta":{"_acf_changed":false,"_eb_attr":"","footnotes":""},"categories":[58],"tags":[258],"class_list":["post-41806","post","type-post","status-publish","format-standard","has-post-thumbnail","hentry","category-guate-nuestra","tag-capitales-de-guatemala"],"acf":[],"aioseo_notices":[],"aioseo_head":"\n\t\t<!-- All in One SEO Pro 4.9.6.2 - aioseo.com -->\n\t<meta name=\"description\" content=\"El Cerrito del Carmen es un lugar especial y lleno de espiritualidad en la Ciudad de Guatemala.\" \/>\n\t<meta name=\"robots\" content=\"max-snippet:-1, max-image-preview:large, max-video-preview:-1\" \/>\n\t<meta name=\"author\" content=\"Marysabel Aldana\"\/>\n\t<link rel=\"canonical\" href=\"https:\/\/soymigrante.com\/revista\/el-cerrito-del-carmen-el-corazon-espiritual-de-la-ciudad-de-guatemala\/\" \/>\n\t<meta name=\"generator\" content=\"All in One SEO Pro (AIOSEO) 4.9.6.2\" \/>\n\n\t\t<link rel=\"preconnect\" href=\"https:\/\/fonts.googleapis.com\" crossorigin>\n<link rel=\"preconnect\" href=\"https:\/\/fonts.gstatic.com\" crossorigin>\n\t\t<meta property=\"og:locale\" content=\"es_ES\" \/>\n\t\t<meta property=\"og:site_name\" content=\"SoyMigrante.com REVISTA \u2013 Nuestra misi\u00f3n es reconocer y dignificar al migrante.\" \/>\n\t\t<meta property=\"og:type\" content=\"article\" \/>\n\t\t<meta property=\"og:title\" content=\"El Cerrito del Carmen: el coraz\u00f3n espiritual de la Ciudad de Guatemala\" \/>\n\t\t<meta property=\"og:description\" content=\"El Cerrito del Carmen es un lugar especial y lleno de espiritualidad en la Ciudad de Guatemala.\" \/>\n\t\t<meta property=\"og:url\" content=\"https:\/\/soymigrante.com\/revista\/el-cerrito-del-carmen-el-corazon-espiritual-de-la-ciudad-de-guatemala\/\" \/>\n\t\t<meta property=\"og:image\" content=\"https:\/\/soymigrante.com\/revista\/wp-content\/uploads\/2025\/07\/cerrito-del-carmen-5-e1752701694884.webp\" \/>\n\t\t<meta property=\"og:image:secure_url\" content=\"https:\/\/soymigrante.com\/revista\/wp-content\/uploads\/2025\/07\/cerrito-del-carmen-5-e1752701694884.webp\" \/>\n\t\t<meta property=\"og:image:width\" content=\"500\" \/>\n\t\t<meta property=\"og:image:height\" content=\"500\" \/>\n\t\t<meta property=\"article:published_time\" content=\"2025-07-21T14:00:00+00:00\" \/>\n\t\t<meta property=\"article:modified_time\" content=\"2025-07-21T03:04:57+00:00\" \/>\n\t\t<meta property=\"article:publisher\" content=\"https:\/\/www.facebook.com\/soymigrantecom\" \/>\n\t\t<meta name=\"twitter:card\" content=\"summary_large_image\" \/>\n\t\t<meta name=\"twitter:site\" content=\"@SoyMigrante_com\" \/>\n\t\t<meta name=\"twitter:title\" content=\"El Cerrito del Carmen: el coraz\u00f3n espiritual de la Ciudad de Guatemala\" \/>\n\t\t<meta name=\"twitter:description\" content=\"El Cerrito del Carmen es un lugar especial y lleno de espiritualidad en la Ciudad de Guatemala.\" \/>\n\t\t<meta name=\"twitter:creator\" content=\"@SoyMigrante_com\" \/>\n\t\t<meta name=\"twitter:image\" content=\"https:\/\/soymigrante.com\/revista\/wp-content\/uploads\/2025\/07\/cerrito-del-carmen-5-e1752701694884.webp\" \/>\n\t\t<!-- All in One SEO Pro -->\r\n\t\t<title>El Cerrito del Carmen: el coraz\u00f3n espiritual de la Ciudad de Guatemala<\/title>\n\n","aioseo_head_json":{"title":"El Cerrito del Carmen: el coraz\u00f3n espiritual de la Ciudad de Guatemala","description":"El Cerrito del Carmen es un lugar especial y lleno de espiritualidad en la Ciudad de Guatemala.","canonical_url":"https:\/\/soymigrante.com\/revista\/el-cerrito-del-carmen-el-corazon-espiritual-de-la-ciudad-de-guatemala\/","robots":"max-snippet:-1, max-image-preview:large, max-video-preview:-1","keywords":"","webmasterTools":{"miscellaneous":"&lt;link rel=\"preconnect\" href=\"https:\/\/fonts.googleapis.com\" crossorigin&gt;\n&lt;link rel=\"preconnect\" href=\"https:\/\/fonts.gstatic.com\" crossorigin&gt;"},"schema":null,"og:locale":"es_ES","og:site_name":"SoyMigrante.com REVISTA \u2013 Nuestra misi\u00f3n es reconocer y dignificar al migrante.","og:type":"article","og:title":"El Cerrito del Carmen: el coraz\u00f3n espiritual de la Ciudad de Guatemala","og:description":"El Cerrito del Carmen es un lugar especial y lleno de espiritualidad en la Ciudad de Guatemala.","og:url":"https:\/\/soymigrante.com\/revista\/el-cerrito-del-carmen-el-corazon-espiritual-de-la-ciudad-de-guatemala\/","og:image":"https:\/\/soymigrante.com\/revista\/wp-content\/uploads\/2025\/07\/cerrito-del-carmen-5-e1752701694884.webp","og:image:secure_url":"https:\/\/soymigrante.com\/revista\/wp-content\/uploads\/2025\/07\/cerrito-del-carmen-5-e1752701694884.webp","og:image:width":500,"og:image:height":500,"article:published_time":"2025-07-21T14:00:00+00:00","article:modified_time":"2025-07-21T03:04:57+00:00","article:publisher":"https:\/\/www.facebook.com\/soymigrantecom","twitter:card":"summary_large_image","twitter:site":"@SoyMigrante_com","twitter:title":"El Cerrito del Carmen: el coraz\u00f3n espiritual de la Ciudad de Guatemala","twitter:description":"El Cerrito del Carmen es un lugar especial y lleno de espiritualidad en la Ciudad de Guatemala.","twitter:creator":"@SoyMigrante_com","twitter:image":"https:\/\/soymigrante.com\/revista\/wp-content\/uploads\/2025\/07\/cerrito-del-carmen-5-e1752701694884.webp"},"aioseo_meta_data":{"post_id":"41806","title":"As\u00ed se fund\u00f3 la actual capital de Guatemala el 2 de enero 1776","description":"La actual capital de Guatemala se fund\u00f3 hace 250 a\u00f1os. Hubo m\u00faltiples desaf\u00edos tras el traslado desde Santiago de los Caballeros, hoy Antigua Guatemala.","keywords":null,"keyphrases":{"focus":{"keyphrase":"Nueva Guatemala","score":51,"analysis":{"keyphraseInTitle":{"score":3,"maxScore":9,"error":1},"keyphraseInDescription":{"score":3,"maxScore":9,"error":1},"keyphraseLength":{"score":9,"maxScore":9,"error":0,"length":2},"keyphraseInURL":{"score":5,"maxScore":5,"error":0},"keyphraseInIntroduction":{"score":9,"maxScore":9,"error":0},"keyphraseInSubHeadings":{"score":3,"maxScore":9,"error":1},"keyphraseInImageAlt":{"score":3,"maxScore":9,"error":1},"keywordDensity":{"score":0,"type":"low","maxScore":9,"error":1}}},"additional":[{"keyphrase":"capital","score":100,"analysis":{"keyphraseInDescription":{"score":9,"maxScore":9,"error":0},"keyphraseLength":{"score":9,"maxScore":9,"error":0,"length":1},"keyphraseInIntroduction":{"score":9,"maxScore":9,"error":0},"keyphraseInImageAlt":{"score":9,"maxScore":9,"error":0},"keywordDensity":{"type":"best","score":9,"maxScore":9,"error":0}}}]},"primary_term":null,"canonical_url":null,"og_title":null,"og_description":null,"og_object_type":"default","og_image_type":"default","og_image_url":null,"og_image_width":null,"og_image_height":null,"og_image_custom_url":null,"og_image_custom_fields":null,"og_video":"","og_custom_url":null,"og_article_section":null,"og_article_tags":null,"twitter_use_og":false,"twitter_card":"default","twitter_image_type":"default","twitter_image_url":null,"twitter_image_custom_url":null,"twitter_image_custom_fields":null,"twitter_title":null,"twitter_description":null,"schema":{"blockGraphs":[],"customGraphs":[],"default":{"data":{"Article":[],"Course":[],"Dataset":[],"FAQPage":[],"Movie":[],"Person":[],"Product":[],"ProductReview":[],"Car":[],"Recipe":[],"Service":[],"SoftwareApplication":[],"WebPage":[]},"graphName":"NewsArticle","isEnabled":true},"graphs":[]},"schema_type":"default","schema_type_options":null,"pillar_content":false,"robots_default":true,"robots_noindex":false,"robots_noarchive":false,"robots_nosnippet":false,"robots_nofollow":false,"robots_noimageindex":false,"robots_noodp":false,"robots_notranslate":false,"robots_max_snippet":"-1","robots_max_videopreview":"-1","robots_max_imagepreview":"large","priority":null,"frequency":"default","local_seo":null,"seo_analyzer_scan_date":"2026-02-09 21:22:16","breadcrumb_settings":null,"limit_modified_date":false,"reviewed_by":"0","open_ai":null,"ai":{"faqs":[],"keyPoints":[],"titles":[],"descriptions":[],"socialPosts":{"email":[],"linkedin":[],"twitter":[],"facebook":[],"instagram":[]}},"created":"2025-08-11 20:48:16","updated":"2026-02-09 21:22:16"},"aioseo_breadcrumb":"<div class=\"aioseo-breadcrumbs\"><span class=\"aioseo-breadcrumb\">\n\t<a href=\"https:\/\/soymigrante.com\/revista\" title=\"Home\">Home<\/a>\n<\/span><span class=\"aioseo-breadcrumb-separator\">\u00bb<\/span><span class=\"aioseo-breadcrumb\">\n\t<a href=\"https:\/\/soymigrante.com\/revista\/category\/guate-nuestra\/\" title=\"Guate Nuestra\">Guate Nuestra<\/a>\n<\/span><span class=\"aioseo-breadcrumb-separator\">\u00bb<\/span><span class=\"aioseo-breadcrumb\">\n\tNueva Guatemala de la Asunci\u00f3n cumple 250 a\u00f1os: as\u00ed fue la fundaci\u00f3n de la actual capital el 2 de enero de 1776\n<\/span><\/div>","aioseo_breadcrumb_json":[{"label":"Home","link":"https:\/\/soymigrante.com\/revista"},{"label":"Guate Nuestra","link":"https:\/\/soymigrante.com\/revista\/category\/guate-nuestra\/"},{"label":"Nueva Guatemala de la Asunci\u00f3n cumple 250 a\u00f1os: as\u00ed fue la fundaci\u00f3n de la actual capital el 2 de enero de 1776","link":"https:\/\/soymigrante.com\/revista\/nueva-guatemala-de-la-asuncion-naturaleza-diseno-y-desafios-en-su-fundacion-en-1776\/"}],"_links":{"self":[{"href":"https:\/\/soymigrante.com\/revista\/wp-json\/wp\/v2\/posts\/41806","targetHints":{"allow":["GET"]}}],"collection":[{"href":"https:\/\/soymigrante.com\/revista\/wp-json\/wp\/v2\/posts"}],"about":[{"href":"https:\/\/soymigrante.com\/revista\/wp-json\/wp\/v2\/types\/post"}],"author":[{"embeddable":true,"href":"https:\/\/soymigrante.com\/revista\/wp-json\/wp\/v2\/users\/1"}],"replies":[{"embeddable":true,"href":"https:\/\/soymigrante.com\/revista\/wp-json\/wp\/v2\/comments?post=41806"}],"version-history":[{"count":31,"href":"https:\/\/soymigrante.com\/revista\/wp-json\/wp\/v2\/posts\/41806\/revisions"}],"predecessor-version":[{"id":50542,"href":"https:\/\/soymigrante.com\/revista\/wp-json\/wp\/v2\/posts\/41806\/revisions\/50542"}],"wp:featuredmedia":[{"embeddable":true,"href":"https:\/\/soymigrante.com\/revista\/wp-json\/wp\/v2\/media\/50531"}],"wp:attachment":[{"href":"https:\/\/soymigrante.com\/revista\/wp-json\/wp\/v2\/media?parent=41806"}],"wp:term":[{"taxonomy":"category","embeddable":true,"href":"https:\/\/soymigrante.com\/revista\/wp-json\/wp\/v2\/categories?post=41806"},{"taxonomy":"post_tag","embeddable":true,"href":"https:\/\/soymigrante.com\/revista\/wp-json\/wp\/v2\/tags?post=41806"}],"curies":[{"name":"wp","href":"https:\/\/api.w.org\/{rel}","templated":true}]}}