{"id":41771,"date":"2025-08-11T12:34:09","date_gmt":"2025-08-11T18:34:09","guid":{"rendered":"https:\/\/soymigrante.com\/revista\/?p=41771"},"modified":"2025-10-03T14:43:24","modified_gmt":"2025-10-03T20:43:24","slug":"lider-migrante-alfonso-perez-apoya-sirve-e-innova-con-la-energia-del-sol","status":"publish","type":"post","link":"https:\/\/soymigrante.com\/revista\/lider-migrante-alfonso-perez-apoya-sirve-e-innova-con-la-energia-del-sol\/","title":{"rendered":"L\u00edder migrante Alfonso P\u00e9rez apoya, sirve e innova con la energ\u00eda del sol"},"content":{"rendered":"\t\t<div data-elementor-type=\"wp-post\" data-elementor-id=\"41771\" class=\"elementor elementor-41771\" data-elementor-post-type=\"post\">\n\t\t\t\t<div data-particle_enable=\"false\" data-particle-mobile-disabled=\"false\" class=\"elementor-element elementor-element-ae9077d e-flex e-con-boxed e-con e-parent\" data-id=\"ae9077d\" data-element_type=\"container\" data-e-type=\"container\">\n\t\t\t\t\t<div class=\"e-con-inner\">\n\t\t\t\t<div class=\"elementor-element elementor-element-695360d elementor-widget elementor-widget-heading\" data-id=\"695360d\" data-element_type=\"widget\" data-e-type=\"widget\" data-widget_type=\"heading.default\">\n\t\t\t\t\t<h2 class=\"elementor-heading-title elementor-size-default\"><span style=\"font-size: 31.2px\">Experto en instalaci\u00f3n de paneles fotovoltaicos (electricidad solar), Alfonso P\u00e9rez nunca se olvida de las necesidades de connacionales migrantes en California ni de sus paisanos en Retalhuleu. Esta es su  historia.<\/span><\/h2>\t\t\t\t<\/div>\n\t\t\t\t<div class=\"elementor-element elementor-element-15121f7 elementor-widget elementor-widget-html\" data-id=\"15121f7\" data-element_type=\"widget\" data-e-type=\"widget\" data-widget_type=\"html.default\">\n\t\t\t\t\t<div id=\"buzzsprout-player-17654419\"><\/div><script src=\"https:\/\/www.buzzsprout.com\/2444168\/episodes\/17654419-el-afan-de-servicio-e-innovacion-del-migrante-alfonso-perez-en-l-a.js?container_id=buzzsprout-player-17654419&player=small\" type=\"text\/javascript\" charset=\"utf-8\"><\/script>\t\t\t\t<\/div>\n\t\t\t\t\t<\/div>\n\t\t\t\t<\/div>\n\t\t<div data-particle_enable=\"false\" data-particle-mobile-disabled=\"false\" class=\"elementor-element elementor-element-0d20475 e-flex e-con-boxed e-con e-parent\" data-id=\"0d20475\" data-element_type=\"container\" data-e-type=\"container\">\n\t\t\t\t\t<div class=\"e-con-inner\">\n\t\t\t\t<div class=\"elementor-element elementor-element-73ba51c elementor-widget elementor-widget-text-editor\" data-id=\"73ba51c\" data-element_type=\"widget\" data-e-type=\"widget\" data-widget_type=\"text-editor.default\">\n\t\t\t\t\t\t\t\t\t<p>El migrante guatemalteco Alfonso P\u00e9rez, originario de <a href=\"https:\/\/soymigrante.com\/revista\/departamentos-de-guatemala-retalhuleu-tiene-148-anos-de-historia\/\">Retalhuleu,<\/a> ha construido en Los \u00c1ngeles una trayectoria que combina la innovaci\u00f3n tecnol\u00f3gica, el activismo, la empat\u00eda y la solidaridad.\u00a0<\/p><p>Alfonso es experto en instalaci\u00f3n de sistemas de energ\u00eda solar con m\u00e1s de una d\u00e9cada de experiencia y fundador de su propia empresa de instalaciones; coordinador de la Mesa Comunitaria Guatemala de <a href=\"https:\/\/soymigrante.com\/revista\/migrante-guatemalteco-fredy-lopez-los-angeles-gualan-accion-con-amor\/\">Los \u00c1ngeles <\/a>y estudiante de la Licenciatura en Migraci\u00f3n, Alfonso conoce muchas necesidades y carencias de los compatriotas. Act\u00faa y participa sin af\u00e1n de protagonismo: lo hace por genuina solidaridad.<\/p><p>Adem\u00e1s, tambi\u00e9n es bartender certificado, por lo cual no es raro verlo trabajando en exclusivas fiestas en el \u00e1rea de Bel Air o Hollywood. Estas es su historia.<\/p>\t\t\t\t\t\t\t\t<\/div>\n\t\t\t\t\t<\/div>\n\t\t\t\t<\/div>\n\t\t<div data-particle_enable=\"false\" data-particle-mobile-disabled=\"false\" class=\"elementor-element elementor-element-859163c e-flex e-con-boxed e-con e-parent\" data-id=\"859163c\" data-element_type=\"container\" data-e-type=\"container\">\n\t\t\t\t\t<div class=\"e-con-inner\">\n\t\t\t\t<div class=\"elementor-element elementor-element-a17ec88 elementor-widget elementor-widget-image\" data-id=\"a17ec88\" data-element_type=\"widget\" data-e-type=\"widget\" data-widget_type=\"image.default\">\n\t\t\t\t\t\t\t\t\t\t\t\t<figure class=\"wp-caption\">\n\t\t\t\t\t\t\t\t\t\t<img fetchpriority=\"high\" decoding=\"async\" width=\"1024\" height=\"768\" src=\"https:\/\/soymigrante.com\/revista\/wp-content\/uploads\/2025\/08\/alfonso-perez-lider-migrante-guatemalteco-6-1024x768.jpg\" class=\"attachment-large size-large wp-image-41779\" alt=\"Paneles solares en un campo de energ\u00eda renovable, promoviendo la sustentabilidad y la eficiencia energ\u00e9tica.\" srcset=\"https:\/\/soymigrante.com\/revista\/wp-content\/uploads\/2025\/08\/alfonso-perez-lider-migrante-guatemalteco-6-1024x768.jpg 1024w, https:\/\/soymigrante.com\/revista\/wp-content\/uploads\/2025\/08\/alfonso-perez-lider-migrante-guatemalteco-6-300x225.jpg 300w, https:\/\/soymigrante.com\/revista\/wp-content\/uploads\/2025\/08\/alfonso-perez-lider-migrante-guatemalteco-6-768x576.jpg 768w, https:\/\/soymigrante.com\/revista\/wp-content\/uploads\/2025\/08\/alfonso-perez-lider-migrante-guatemalteco-6-1536x1152.jpg 1536w, https:\/\/soymigrante.com\/revista\/wp-content\/uploads\/2025\/08\/alfonso-perez-lider-migrante-guatemalteco-6-750x563.webp 750w, https:\/\/soymigrante.com\/revista\/wp-content\/uploads\/2025\/08\/alfonso-perez-lider-migrante-guatemalteco-6-1140x855.webp 1140w, https:\/\/soymigrante.com\/revista\/wp-content\/uploads\/2025\/08\/alfonso-perez-lider-migrante-guatemalteco-6.webp 1920w\" sizes=\"(max-width: 1024px) 100vw, 1024px\" title=\"Alfonso P\u00e9rez, coordinaro de la Mesa Migrante Guatemalteca de Los Angeles es fundador de su propia compa\u00f1\u00eda de instalaci\u00f3n de sistemas de generaci\u00f3n de energ\u00eda fotovoltaica o solar:  Solarus Systems. \u2013 SoyMigrante.com REVISTA\" \/>\t\t\t\t\t\t\t\t\t\t\t<figcaption class=\"widget-image-caption wp-caption-text\">Persona sonriendo junto a paneles solares en un entorno natural, mostrando apoyo a energ\u00edas renovables y el compromiso ecol\u00f3gico.<\/figcaption>\n\t\t\t\t\t\t\t\t\t\t<\/figure>\n\t\t\t\t\t\t\t\t\t<\/div>\n\t\t\t\t\t<\/div>\n\t\t\t\t<\/div>\n\t\t<div data-particle_enable=\"false\" data-particle-mobile-disabled=\"false\" class=\"elementor-element elementor-element-8dfe650 e-flex e-con-boxed e-con e-parent\" data-id=\"8dfe650\" data-element_type=\"container\" data-e-type=\"container\">\n\t\t\t\t\t<div class=\"e-con-inner\">\n\t\t\t\t<div class=\"elementor-element elementor-element-3f46fd3 elementor-widget elementor-widget-heading\" data-id=\"3f46fd3\" data-element_type=\"widget\" data-e-type=\"widget\" data-widget_type=\"heading.default\">\n\t\t\t\t\t<h3 class=\"elementor-heading-title elementor-size-default\">Reparaci\u00f3n de computadoras, el primer paso <\/h3>\t\t\t\t<\/div>\n\t\t\t\t\t<\/div>\n\t\t\t\t<\/div>\n\t\t<div data-particle_enable=\"false\" data-particle-mobile-disabled=\"false\" class=\"elementor-element elementor-element-9b5f41e e-flex e-con-boxed e-con e-parent\" data-id=\"9b5f41e\" data-element_type=\"container\" data-e-type=\"container\">\n\t\t\t\t\t<div class=\"e-con-inner\">\n\t\t\t\t<div class=\"elementor-element elementor-element-43d0820 elementor-widget elementor-widget-text-editor\" data-id=\"43d0820\" data-element_type=\"widget\" data-e-type=\"widget\" data-widget_type=\"text-editor.default\">\n\t\t\t\t\t\t\t\t\t<p>Alfonso lleg\u00f3 a Estados Unidos en 2007 junto a un amigo de la infancia. No ten\u00eda\u00a0 familiares all\u00ed. En Guatemala hab\u00eda estudiado cuatro semestres de Ingenier\u00eda en Sistemas en <a href=\"https:\/\/soymigrante.com\/revista\/quetzaltenango-500-15-datos-que-quiza-ya-sabias-o-tal-vez-no\/\">Quetzaltenango<\/a> y era instructor de inform\u00e1tica en el Instituto T\u00e9cnico de Productividad, Intecap, donde lleg\u00f3 a ser jefe de la sala educativa del centro de capacitaci\u00f3n de <a href=\"https:\/\/soymigrante.com\/revista\/departamentos-de-guatemala-retalhuleu-tiene-148-anos-de-historia\/\">Retalhuleu.<\/a><\/p><p>Al principio tuvo que trabajar lavando trastos en restaurantes, pero pronto su conocimiento en inform\u00e1tica le abri\u00f3 su primera mejora laboral. \u201cNecesitaban un ayudante en un taller de mantenimiento y reparaci\u00f3n de computadoras. Me asignaron dos, como prueba, y a las cuatro horas, las ten\u00eda listas. Me pagaban 30 d\u00f3lares por cada computadora&#8221;.<\/p><p>Con el tiempo, Fonzy -como le llaman sus amigos- se dio cuenta de que pod\u00eda ganar m\u00e1s\u00a0 por su cuenta. \u201cEl due\u00f1o del taller cobra 150 d\u00f3lares por el servicio y a m\u00ed , que sacaba el trabajo, 30.\u201d, recuerda. &#8220;Hice volantes y los coloqu\u00e9 en lavander\u00edas y paradas de autob\u00fas, ofreciendo servicio a domicilio por 100 d\u00f3lares&#8221;.<\/p>\t\t\t\t\t\t\t\t<\/div>\n\t\t\t\t\t<\/div>\n\t\t\t\t<\/div>\n\t\t<div data-particle_enable=\"false\" data-particle-mobile-disabled=\"false\" class=\"elementor-element elementor-element-89e9ed4 e-flex e-con-boxed e-con e-parent\" data-id=\"89e9ed4\" data-element_type=\"container\" data-e-type=\"container\">\n\t\t\t\t\t<div class=\"e-con-inner\">\n\t\t\t\t<div class=\"elementor-element elementor-element-888ec6f elementor-widget elementor-widget-image\" data-id=\"888ec6f\" data-element_type=\"widget\" data-e-type=\"widget\" data-widget_type=\"image.default\">\n\t\t\t\t\t\t\t\t\t\t\t\t<figure class=\"wp-caption\">\n\t\t\t\t\t\t\t\t\t\t<img decoding=\"async\" width=\"1024\" height=\"649\" src=\"https:\/\/soymigrante.com\/revista\/wp-content\/uploads\/2025\/08\/alfonso-perez-mesa-migrante-guatemalteca-los-anteles-1024x649.jpg\" class=\"attachment-large size-large wp-image-41780\" alt=\"Guatemaltecos en una reuni\u00f3n oficial, con el logo de la Coordinadora General de Guatemala y banderas, promoviendo la comunidad y el apoyo en temas de migraci\u00f3n y derechos humanos en Guatemala.\" srcset=\"https:\/\/soymigrante.com\/revista\/wp-content\/uploads\/2025\/08\/alfonso-perez-mesa-migrante-guatemalteca-los-anteles-1024x649.jpg 1024w, https:\/\/soymigrante.com\/revista\/wp-content\/uploads\/2025\/08\/alfonso-perez-mesa-migrante-guatemalteca-los-anteles-300x190.jpg 300w, https:\/\/soymigrante.com\/revista\/wp-content\/uploads\/2025\/08\/alfonso-perez-mesa-migrante-guatemalteca-los-anteles-768x487.jpg 768w, https:\/\/soymigrante.com\/revista\/wp-content\/uploads\/2025\/08\/alfonso-perez-mesa-migrante-guatemalteca-los-anteles-1536x974.jpg 1536w, https:\/\/soymigrante.com\/revista\/wp-content\/uploads\/2025\/08\/alfonso-perez-mesa-migrante-guatemalteca-los-anteles-750x475.webp 750w, https:\/\/soymigrante.com\/revista\/wp-content\/uploads\/2025\/08\/alfonso-perez-mesa-migrante-guatemalteca-los-anteles-1140x723.webp 1140w, https:\/\/soymigrante.com\/revista\/wp-content\/uploads\/2025\/08\/alfonso-perez-mesa-migrante-guatemalteca-los-anteles.webp 1920w\" sizes=\"(max-width: 1024px) 100vw, 1024px\" title=\"La participaci\u00f3n  voluntaria de Alfonso P\u00e9rez es constante. Actualmente es Coordinador de la Mesa Migrante Guatemalteca, a trav\u00e9s de la cual se gestionan y monitorean mejores en la atenci\u00f3n de connacionales en el Consulado de Guatemala en Los Angeles. \u2013 SoyMigrante.com REVISTA\" \/>\t\t\t\t\t\t\t\t\t\t\t<figcaption class=\"widget-image-caption wp-caption-text\">Reconocimiento de la solidaridad y trabajo en equipo de migrantes guatemaltecos en una reuni\u00f3n institucional para fortalecer v\u00ednculos y promover derechos y apoyo comunitario.<\/figcaption>\n\t\t\t\t\t\t\t\t\t\t<\/figure>\n\t\t\t\t\t\t\t\t\t<\/div>\n\t\t\t\t\t<\/div>\n\t\t\t\t<\/div>\n\t\t<div data-particle_enable=\"false\" data-particle-mobile-disabled=\"false\" class=\"elementor-element elementor-element-a2f1ef3 e-flex e-con-boxed e-con e-parent\" data-id=\"a2f1ef3\" data-element_type=\"container\" data-e-type=\"container\">\n\t\t\t\t\t<div class=\"e-con-inner\">\n\t\t\t\t<div class=\"elementor-element elementor-element-b8e24fc elementor-widget elementor-widget-heading\" data-id=\"b8e24fc\" data-element_type=\"widget\" data-e-type=\"widget\" data-widget_type=\"heading.default\">\n\t\t\t\t\t<h3 class=\"elementor-heading-title elementor-size-default\">Una exigencia que result\u00f3 ser un gran favor<\/h3>\t\t\t\t<\/div>\n\t\t\t\t\t<\/div>\n\t\t\t\t<\/div>\n\t\t<div data-particle_enable=\"false\" data-particle-mobile-disabled=\"false\" class=\"elementor-element elementor-element-8c08aaa e-flex e-con-boxed e-con e-parent\" data-id=\"8c08aaa\" data-element_type=\"container\" data-e-type=\"container\">\n\t\t\t\t\t<div class=\"e-con-inner\">\n\t\t\t\t<div class=\"elementor-element elementor-element-76cdadc elementor-widget elementor-widget-text-editor\" data-id=\"76cdadc\" data-element_type=\"widget\" data-e-type=\"widget\" data-widget_type=\"text-editor.default\">\n\t\t\t\t\t\t\t\t\t<p>En 2008, Alfonso entr\u00f3 a trabajar a una empresa de televisi\u00f3n por cable. Pero su jefe inmediato le puso una condici\u00f3n: &#8220;Te doy un mes para que <a href=\"https:\/\/soymigrante.com\/revista\/migrante-idioma-ingles-aprendizaje-claves-reto-oportunidad\/\">aprendas ingl\u00e9s <\/a>y me traigas un certificado&#8221;. Fue un reto dif\u00edcil,\u00a0 pero logr\u00f3 cumplirlo.\u00a0<\/p><p>&#8220;Entonces empiezaron a enviarme a trabajos por todo el Estado de California, en \u00e1reas donde no hab\u00eda hispanos. Tambi\u00e9n me enviaron a Nevada, donde v\u00edv\u00ed un tiempo&#8221;, relata.<\/p><p>En Nevada conoci\u00f3 la energ\u00eda fotovoltaica: es decir, generada mediante paneles solares. &#8220;Me pareci\u00f3 muy interesante y pagaban muy bien. Me iba a inscribir en un curso pero era muy caro&#8221;. Esto lo llev\u00f3 de regreso a California, donde era m\u00e1s barato. Mas no fue sencillo.<\/p><p>&#8220;En California saqu<a href=\"https:\/\/soymigrante.com\/revista\/el-ged-es-un-test-educativo-para-adultos-que-abre-futuros\/\">\u00e9 mi GED, un certificado equivalente a High School<\/a> y ya con eso me pude inscribir en el programa de energ\u00eda fotovoltaica en una Universidad. Trabajaba de 8 de la noche a 6 de la ma\u00f1ana y entraba a clases a las 7:30 de la ma\u00f1ana. Me quedaba dormido en clase, hasta que el catedr\u00e1tico me habl\u00f3: me dijo que ten\u00eda buen potencial: Me ofreci\u00f3 una beca con la condici\u00f3n de ayudar a otros compa\u00f1eros\u201d.\u00a0<\/p>\t\t\t\t\t\t\t\t<\/div>\n\t\t\t\t\t<\/div>\n\t\t\t\t<\/div>\n\t\t<div data-particle_enable=\"false\" data-particle-mobile-disabled=\"false\" class=\"elementor-element elementor-element-9361eb6 e-flex e-con-boxed e-con e-parent\" data-id=\"9361eb6\" data-element_type=\"container\" data-e-type=\"container\">\n\t\t\t\t\t<div class=\"e-con-inner\">\n\t\t\t\t<div class=\"elementor-element elementor-element-febaeae elementor-widget elementor-widget-image\" data-id=\"febaeae\" data-element_type=\"widget\" data-e-type=\"widget\" data-widget_type=\"image.default\">\n\t\t\t\t\t\t\t\t\t\t\t\t<figure class=\"wp-caption\">\n\t\t\t\t\t\t\t\t\t\t<img decoding=\"async\" width=\"1024\" height=\"624\" src=\"https:\/\/soymigrante.com\/revista\/wp-content\/uploads\/2025\/08\/IMG-20250801-WA0012-1024x624.jpg\" class=\"attachment-large size-large wp-image-41781\" alt=\"Tarjeta de presentaci\u00f3n del proyecto final de solicitud y reposici\u00f3n de pasaporte guatemalteco en la Universidad Mariano G\u00e1lvez, incluyendo datos de contacto y proceso para estudiantes.\" srcset=\"https:\/\/soymigrante.com\/revista\/wp-content\/uploads\/2025\/08\/IMG-20250801-WA0012-1024x624.jpg 1024w, https:\/\/soymigrante.com\/revista\/wp-content\/uploads\/2025\/08\/IMG-20250801-WA0012-300x183.jpg 300w, https:\/\/soymigrante.com\/revista\/wp-content\/uploads\/2025\/08\/IMG-20250801-WA0012-768x468.jpg 768w, https:\/\/soymigrante.com\/revista\/wp-content\/uploads\/2025\/08\/IMG-20250801-WA0012-750x457.jpg 750w, https:\/\/soymigrante.com\/revista\/wp-content\/uploads\/2025\/08\/IMG-20250801-WA0012-1140x694.jpg 1140w, https:\/\/soymigrante.com\/revista\/wp-content\/uploads\/2025\/08\/IMG-20250801-WA0012.jpg 1200w\" sizes=\"(max-width: 1024px) 100vw, 1024px\" title=\"Recientemente Alfonso P\u00e9rez finaliz\u00f3 el s\u00e9ptimo semestre de la Licenciatura en Migraci\u00f3n. Es el \u00fanico migrante guatemalteco que figura en esta cohorte pero espera que m\u00e1s connacionales se interesen por esta carrera a distancia. Su proyecto de tesis ser\u00e1 sobre el derecho a la nacionalidad guatemalteca de ni\u00f1os nacidos en Estados Unidos, hijos de migrantes. \u2013 SoyMigrante.com REVISTA\" \/>\t\t\t\t\t\t\t\t\t\t\t<figcaption class=\"widget-image-caption wp-caption-text\">Imagen que muestra un cartel informativo sobre el proyecto final para tr\u00e1mite de pasaporte guatemalteco, con detalles del solicitante y la universidad, en un contexto de servicios consulares en l\u00ednea.<\/figcaption>\n\t\t\t\t\t\t\t\t\t\t<\/figure>\n\t\t\t\t\t\t\t\t\t<\/div>\n\t\t\t\t\t<\/div>\n\t\t\t\t<\/div>\n\t\t<div data-particle_enable=\"false\" data-particle-mobile-disabled=\"false\" class=\"elementor-element elementor-element-9daac9b e-flex e-con-boxed e-con e-parent\" data-id=\"9daac9b\" data-element_type=\"container\" data-e-type=\"container\">\n\t\t\t\t\t<div class=\"e-con-inner\">\n\t\t\t\t<div class=\"elementor-element elementor-element-9f54af2 elementor-widget elementor-widget-heading\" data-id=\"9f54af2\" data-element_type=\"widget\" data-e-type=\"widget\" data-widget_type=\"heading.default\">\n\t\t\t\t\t<h3 class=\"elementor-heading-title elementor-size-default\">Aprender ense\u00f1ando y ense\u00f1ar haciendo<\/h3>\t\t\t\t<\/div>\n\t\t\t\t\t<\/div>\n\t\t\t\t<\/div>\n\t\t<div data-particle_enable=\"false\" data-particle-mobile-disabled=\"false\" class=\"elementor-element elementor-element-b595e4c e-flex e-con-boxed e-con e-parent\" data-id=\"b595e4c\" data-element_type=\"container\" data-e-type=\"container\">\n\t\t\t\t\t<div class=\"e-con-inner\">\n\t\t\t\t<div class=\"elementor-element elementor-element-f40b1ac elementor-widget elementor-widget-text-editor\" data-id=\"f40b1ac\" data-element_type=\"widget\" data-e-type=\"widget\" data-widget_type=\"text-editor.default\">\n\t\t\t\t\t\t\t\t\t<p>Aquella oportunidad de ser instructor, reforz\u00f3 sus conocimientos y marc\u00f3 el inicio de\u00a0 una carrera que hoy suma m\u00e1s de diez a\u00f1os de experiencia y la fundaci\u00f3n de su propia empresa de energ\u00eda fotovoltaica. Pero Alfonso no solo instala paneles solares.\u00a0<\/p><p>Tambi\u00e9n le pone mucha energ\u00eda a las causas comunitarias. Desde 2014 impulsa la participaci\u00f3n c\u00edvica de los migrantes y ha coordinado acciones humanitarias en desastres como la erupci\u00f3n del Volc\u00e1n de Fuego y huracanes en Guatemala.\u00a0<\/p><p>\u201cA ra\u00edz de mis propias dificultades para obtener documentos, empec\u00e9 en el activismo\u2026 me escogieron como representante de la mesa comunitaria guatemalteca de Los \u00c1ngeles, ante el consulado local, buscando v\u00edas de mejorar la atenci\u00f3n de tr\u00e1mites y orientaci\u00f3n consular\u201d.<\/p><p>&#8220;Actualmente estamos impulsando fuertemente la <a href=\"https:\/\/soymigrante.com\/revista\/participacion-de-migrantes-guatemaltecos-en-estados-unidos\/\">participaci\u00f3n electoral migrante.<\/a> Estamos pidiendo al Congreso que permita la participaci\u00f3n de votantes en Estados Unidos con pasaporte, pues muchos no tienen DPI. Los migrantes aportamos mucho a la econom\u00eda del pa\u00eds y merecemos ser tomados en cuenta con nuestro voto&#8221;, expresa Alfonso.<\/p>\t\t\t\t\t\t\t\t<\/div>\n\t\t\t\t\t<\/div>\n\t\t\t\t<\/div>\n\t\t<div data-particle_enable=\"false\" data-particle-mobile-disabled=\"false\" class=\"elementor-element elementor-element-2a39b1e e-flex e-con-boxed e-con e-parent\" data-id=\"2a39b1e\" data-element_type=\"container\" data-e-type=\"container\">\n\t\t\t\t\t<div class=\"e-con-inner\">\n\t\t\t\t<div class=\"elementor-element elementor-element-39b8ab2 elementor-widget elementor-widget-facebook-page\" data-id=\"39b8ab2\" data-element_type=\"widget\" data-e-type=\"widget\" data-widget_type=\"facebook-page.default\">\n\t\t\t\t\t<div class=\"elementor-facebook-widget fb-page\" data-href=\"https:\/\/www.facebook.com\/SolarUSTechnologies\" data-tabs=\"timeline\" data-height=\"500px\" data-width=\"500px\" data-small-header=\"false\" data-hide-cover=\"false\" data-show-facepile=\"true\" data-hide-cta=\"false\" style=\"min-height: 1px;height:500px\"><\/div>\t\t\t\t<\/div>\n\t\t\t\t\t<\/div>\n\t\t\t\t<\/div>\n\t\t<div data-particle_enable=\"false\" data-particle-mobile-disabled=\"false\" class=\"elementor-element elementor-element-0b3171e e-flex e-con-boxed e-con e-parent\" data-id=\"0b3171e\" data-element_type=\"container\" data-e-type=\"container\">\n\t\t\t\t\t<div class=\"e-con-inner\">\n\t\t\t\t<div class=\"elementor-element elementor-element-fb9d809 elementor-widget elementor-widget-heading\" data-id=\"fb9d809\" data-element_type=\"widget\" data-e-type=\"widget\" data-widget_type=\"heading.default\">\n\t\t\t\t\t<h3 class=\"elementor-heading-title elementor-size-default\">Servicio constante a la comunidad<\/h3>\t\t\t\t<\/div>\n\t\t\t\t\t<\/div>\n\t\t\t\t<\/div>\n\t\t<div data-particle_enable=\"false\" data-particle-mobile-disabled=\"false\" class=\"elementor-element elementor-element-cc899b5 e-flex e-con-boxed e-con e-parent\" data-id=\"cc899b5\" data-element_type=\"container\" data-e-type=\"container\">\n\t\t\t\t\t<div class=\"e-con-inner\">\n\t\t\t\t<div class=\"elementor-element elementor-element-37c3cf7 elementor-widget elementor-widget-text-editor\" data-id=\"37c3cf7\" data-element_type=\"widget\" data-e-type=\"widget\" data-widget_type=\"text-editor.default\">\n\t\t\t\t\t\t\t\t\t<p>El compromiso comnitario se refleja tambi\u00e9n en el \u00e1mbito acad\u00e9mico: Actualmente Alfonso P\u00e9rez est\u00e1 en el \u00faltimo a\u00f1o de la Licenciatura en Migraci\u00f3n, un programa de la Universidad Mariano G\u00e1lvez y el Instituto Guatemalteco de Migraci\u00f3n. Es el \u00fanico migrante de esta promoci\u00f3n, pero a futuro espera que m\u00e1s guatemaltecos en USA entren a este programa a distancia. &#8220;Hay muchos talentos en la comunidad guatemalteca y deben mostrarse para fortalecernos&#8221;.<\/p><p>\u201cEl punto de mi tesis es la nacionalizaci\u00f3n de hijos de guatemaltecos nacidos en Estados Unidos\u2026 para que puedan ejercer su derecho constitucional a ser guatemaltecos de origen\u201d, cuenta.<\/p><p>La cereza en este combo de cualidades de Alfonso es que tambi\u00e9n ejerce como bartender profesional con licencia estatal, labor que complementa sus ingresos y tambi\u00e9n su polifac\u00e9tica personalidad. &#8220;Te podemos preparar cualquier <a href=\"https:\/\/soymigrante.com\/revista\/bebidas-refrescantes-para-el-verano-opciones-sin-alcohol\/\">bebida,<\/a> con calidad, en cualquier evento. No es f\u00e1cil ser bartender pero a m\u00ed me gusta mucho&#8221;.<\/p>\t\t\t\t\t\t\t\t<\/div>\n\t\t\t\t\t<\/div>\n\t\t\t\t<\/div>\n\t\t<div data-particle_enable=\"false\" data-particle-mobile-disabled=\"false\" class=\"elementor-element elementor-element-2357b9d e-flex e-con-boxed e-con e-parent\" data-id=\"2357b9d\" data-element_type=\"container\" data-e-type=\"container\">\n\t\t\t\t\t<div class=\"e-con-inner\">\n\t\t\t\t<div class=\"elementor-element elementor-element-a15dc30 elementor-widget elementor-widget-image\" data-id=\"a15dc30\" data-element_type=\"widget\" data-e-type=\"widget\" data-widget_type=\"image.default\">\n\t\t\t\t\t\t\t\t\t\t\t\t<figure class=\"wp-caption\">\n\t\t\t\t\t\t\t\t\t\t<img loading=\"lazy\" decoding=\"async\" width=\"1024\" height=\"768\" src=\"https:\/\/soymigrante.com\/revista\/wp-content\/uploads\/2025\/08\/alfonso-perez-lider-migrante-guatemalteco-1-1024x768.jpg\" class=\"attachment-large size-large wp-image-41784\" alt=\"Refresco de c\u00f3ctel tropical preparado por bartender en bar de estilo moderno con botellas de licor en estanter\u00edas.\" srcset=\"https:\/\/soymigrante.com\/revista\/wp-content\/uploads\/2025\/08\/alfonso-perez-lider-migrante-guatemalteco-1-1024x768.jpg 1024w, https:\/\/soymigrante.com\/revista\/wp-content\/uploads\/2025\/08\/alfonso-perez-lider-migrante-guatemalteco-1-300x225.jpg 300w, https:\/\/soymigrante.com\/revista\/wp-content\/uploads\/2025\/08\/alfonso-perez-lider-migrante-guatemalteco-1-768x576.jpg 768w, https:\/\/soymigrante.com\/revista\/wp-content\/uploads\/2025\/08\/alfonso-perez-lider-migrante-guatemalteco-1-1536x1152.jpg 1536w, https:\/\/soymigrante.com\/revista\/wp-content\/uploads\/2025\/08\/alfonso-perez-lider-migrante-guatemalteco-1-750x563.jpg 750w, https:\/\/soymigrante.com\/revista\/wp-content\/uploads\/2025\/08\/alfonso-perez-lider-migrante-guatemalteco-1-1140x855.jpg 1140w, https:\/\/soymigrante.com\/revista\/wp-content\/uploads\/2025\/08\/alfonso-perez-lider-migrante-guatemalteco-1.jpg 1600w\" sizes=\"(max-width: 1024px) 100vw, 1024px\" title=\"Adem\u00e1s de su brillante desempe\u00f1o en el \u00e1rea de generaci\u00f3n de energ\u00eda solar, Alfonso P\u00e9rez, &quot;Fonzy&quot; es bartender certificado y con frecuencia atiende eventos en distinguidas \u00e1reas de Los Angeles. \u2013 SoyMigrante.com REVISTA\" \/>\t\t\t\t\t\t\t\t\t\t\t<figcaption class=\"widget-image-caption wp-caption-text\">Varias copas de c\u00f3cteles con frutas y alcohol, bartender en acci\u00f3n en bar con licor en estantes, ambiente de bar con bebidas variadas.<\/figcaption>\n\t\t\t\t\t\t\t\t\t\t<\/figure>\n\t\t\t\t\t\t\t\t\t<\/div>\n\t\t\t\t\t<\/div>\n\t\t\t\t<\/div>\n\t\t<div data-particle_enable=\"false\" data-particle-mobile-disabled=\"false\" class=\"elementor-element elementor-element-f816d6f e-flex e-con-boxed e-con e-parent\" data-id=\"f816d6f\" data-element_type=\"container\" data-e-type=\"container\">\n\t\t\t\t\t<div class=\"e-con-inner\">\n\t\t\t\t<div class=\"elementor-element elementor-element-8f86aef elementor-widget elementor-widget-heading\" data-id=\"8f86aef\" data-element_type=\"widget\" data-e-type=\"widget\" data-widget_type=\"heading.default\">\n\t\t\t\t\t<h3 class=\"elementor-heading-title elementor-size-default\">Hered\u00f3 valores de su mam\u00e1 y abuelita<\/h3>\t\t\t\t<\/div>\n\t\t\t\t\t<\/div>\n\t\t\t\t<\/div>\n\t\t<div data-particle_enable=\"false\" data-particle-mobile-disabled=\"false\" class=\"elementor-element elementor-element-667fe98 e-flex e-con-boxed e-con e-parent\" data-id=\"667fe98\" data-element_type=\"container\" data-e-type=\"container\">\n\t\t\t\t\t<div class=\"e-con-inner\">\n\t\t\t\t<div class=\"elementor-element elementor-element-d1c8b84 elementor-widget elementor-widget-text-editor\" data-id=\"d1c8b84\" data-element_type=\"widget\" data-e-type=\"widget\" data-widget_type=\"text-editor.default\">\n\t\t\t\t\t\t\t\t\t<p>Al preguntarle sobre su gran sue\u00f1o, guarda silencio. \u201cMi gran sue\u00f1o era regresar a Reu para abrazar a mi mam\u00e1 y a mi abuela\u2026 lamentablemente ya no est\u00e1n. Pero les voy a dedicar mi t\u00edtulo universitario el d\u00eda que me grad\u00fae\u201d. Su mam\u00e1 falleci\u00f3 a causa de <a href=\"https:\/\/soymigrante.com\/revista\/25-verdades-sobre-la-diabetes-lo-que-todos-debemos-saber-para-prevenir-o-afrontar\/\">diabetes <\/a>y por ello Alfonso tiene trazado el ideal de fundar una Casa del Diab\u00e9tico en Retalhuleu, para ayudar a m\u00e1s personas.\u00a0<\/p><p>En sus propias palabras: \u201cMientras uno lleve a sus familiares en su coraz\u00f3n y pensamiento, van a seguir vivos. Mi madre y mi abuela siempre creyeron en m\u00ed. Todo lo que hago por mis compatriotas, se los dedico a ellas\u201d.\u00a0<\/p><p>Y as\u00ed, entre paneles solares, cocteles y activismo, Alfonso P\u00e9rez sigue iluminando caminos para su comunidad.<\/p>\t\t\t\t\t\t\t\t<\/div>\n\t\t\t\t\t<\/div>\n\t\t\t\t<\/div>\n\t\t<div data-particle_enable=\"false\" data-particle-mobile-disabled=\"false\" class=\"elementor-element elementor-element-0d90b11 e-flex e-con-boxed e-con e-parent\" data-id=\"0d90b11\" data-element_type=\"container\" data-e-type=\"container\">\n\t\t\t\t\t<div class=\"e-con-inner\">\n\t\t\t\t<div class=\"elementor-element elementor-element-bf46e47 elementor-widget elementor-widget-image\" data-id=\"bf46e47\" data-element_type=\"widget\" data-e-type=\"widget\" data-widget_type=\"image.default\">\n\t\t\t\t\t\t\t\t\t\t\t\t<figure class=\"wp-caption\">\n\t\t\t\t\t\t\t\t\t\t<img loading=\"lazy\" decoding=\"async\" width=\"960\" height=\"960\" src=\"https:\/\/soymigrante.com\/revista\/wp-content\/uploads\/2025\/08\/alfonso-perez-lider-migrante-guatemalteco-5.webp\" class=\"attachment-large size-large wp-image-41785\" alt=\"Discapacidad, envejecimiento, amor y amistad en la comunidad mexicana, dos mujeres mayores felices en un parque, con ilustraciones de corazones, rosa y emoji de hombre con micr\u00f3fono, promoviendo la inclusi\u00f3n y el respeto.\" srcset=\"https:\/\/soymigrante.com\/revista\/wp-content\/uploads\/2025\/08\/alfonso-perez-lider-migrante-guatemalteco-5.webp 960w, https:\/\/soymigrante.com\/revista\/wp-content\/uploads\/2025\/08\/alfonso-perez-lider-migrante-guatemalteco-5-300x300.jpg 300w, https:\/\/soymigrante.com\/revista\/wp-content\/uploads\/2025\/08\/alfonso-perez-lider-migrante-guatemalteco-5-150x150.jpg 150w, https:\/\/soymigrante.com\/revista\/wp-content\/uploads\/2025\/08\/alfonso-perez-lider-migrante-guatemalteco-5-768x768.jpg 768w, https:\/\/soymigrante.com\/revista\/wp-content\/uploads\/2025\/08\/alfonso-perez-lider-migrante-guatemalteco-5-75x75.webp 75w, https:\/\/soymigrante.com\/revista\/wp-content\/uploads\/2025\/08\/alfonso-perez-lider-migrante-guatemalteco-5-750x750.webp 750w\" sizes=\"(max-width: 960px) 100vw, 960px\" title=\"Su mam\u00e1 y su abuelita, ya fallecidas, siguen siendo la gran inspiraci\u00f3n del migrante Alfonso P\u00e9rez. &quot;Ellas siguen en mi coraz\u00f3n, ellas creyeron en m\u00ed y a su memoria dedicar\u00e9 el t\u00edtulo de Licenciatura en Migraci\u00f3n. Ellas me ense\u00f1aron a ser un guatemalteco de servicio&quot;, expresa Alfonso. \u2013 SoyMigrante.com REVISTA\" \/>\t\t\t\t\t\t\t\t\t\t\t<figcaption class=\"widget-image-caption wp-caption-text\">Personas mayores felices en un parque, promoviendo inclusi\u00f3n y amor en comunidad mexicana con ilustraciones de corazones, rosa y emoji, resaltando la importancia de apoyar a adultos mayores en la sociedad.<\/figcaption>\n\t\t\t\t\t\t\t\t\t\t<\/figure>\n\t\t\t\t\t\t\t\t\t<\/div>\n\t\t\t\t\t<\/div>\n\t\t\t\t<\/div>\n\t\t<div data-particle_enable=\"false\" data-particle-mobile-disabled=\"false\" class=\"elementor-element elementor-element-f70fb80 e-flex e-con-boxed e-con e-parent\" data-id=\"f70fb80\" data-element_type=\"container\" data-e-type=\"container\">\n\t\t\t\t\t<div class=\"e-con-inner\">\n\t\t\t\t<div class=\"elementor-element elementor-element-b652a50 elementor-widget elementor-widget-heading\" data-id=\"b652a50\" data-element_type=\"widget\" data-e-type=\"widget\" data-widget_type=\"heading.default\">\n\t\t\t\t\t<h2 class=\"elementor-heading-title elementor-size-default\">Inspiraci\u00f3n y potencial para avanzar<\/h2>\t\t\t\t<\/div>\n\t\t\t\t\t<\/div>\n\t\t\t\t<\/div>\n\t\t<div data-particle_enable=\"false\" data-particle-mobile-disabled=\"false\" class=\"elementor-element elementor-element-d9d57c5 e-flex e-con-boxed e-con e-parent\" data-id=\"d9d57c5\" data-element_type=\"container\" data-e-type=\"container\">\n\t\t\t\t\t<div class=\"e-con-inner\">\n\t\t\t\t<div class=\"elementor-element elementor-element-c27b35b elementor-grid-eael-col-3 elementor-grid-tablet-eael-col-2 elementor-grid-mobile-eael-col-1 elementor-invisible elementor-widget elementor-widget-eael-post-grid\" data-id=\"c27b35b\" data-element_type=\"widget\" data-e-type=\"widget\" data-settings=\"{&quot;eael_post_grid_columns&quot;:&quot;eael-col-3&quot;,&quot;_animation&quot;:&quot;rollIn&quot;,&quot;eael_post_grid_columns_tablet&quot;:&quot;eael-col-2&quot;,&quot;eael_post_grid_columns_mobile&quot;:&quot;eael-col-1&quot;}\" data-widget_type=\"eael-post-grid.default\">\n\t\t\t\t\t<div id=\"eael-post-grid-c27b35b\" class=\"eael-post-grid-container\">\n            <div class=\"eael-post-grid eael-post-appender eael-post-appender-c27b35b eael-post-grid-style-one\" data-layout-mode=\"masonry\"><article class=\"eael-grid-post  eael-post-grid-column eael-pg-post-8258 category-exitos\" data-id=\"8258\">\n        <div class=\"eael-grid-post-holder\">\n            <div class=\"eael-grid-post-holder-inner\"><div class=\"eael-entry-media\"><div class=\"eael-entry-overlay fade-in\"><i class=\"far fa-hand-pointer\" aria-hidden=\"true\"><\/i><a href=\"https:\/\/soymigrante.com\/revista\/jose-coronado-dreamer-guatemalteco-y-graduado-de-harvard-apoya-tps-para-migrantes\/\"><\/a><\/div><div class=\"eael-entry-thumbnail \">\n                <img loading=\"lazy\" decoding=\"async\" width=\"608\" height=\"602\" src=\"https:\/\/soymigrante.com\/revista\/wp-content\/uploads\/2024\/08\/jose-gonzalo-coronado.webp\" class=\"attachment-large size-large wp-image-8259\" alt=\"Trabajador migrante en protesta en M\u00e9xico, derechos laborales, inmigrantes, movilizaci\u00f3n social, SoyMigrante.com REVISTA.\" srcset=\"https:\/\/soymigrante.com\/revista\/wp-content\/uploads\/2024\/08\/jose-gonzalo-coronado.webp 608w, https:\/\/soymigrante.com\/revista\/wp-content\/uploads\/2024\/08\/jose-gonzalo-coronado-300x297.webp 300w, https:\/\/soymigrante.com\/revista\/wp-content\/uploads\/2024\/08\/jose-gonzalo-coronado-150x150.webp 150w, https:\/\/soymigrante.com\/revista\/wp-content\/uploads\/2024\/08\/jose-gonzalo-coronado-75x75.webp 75w\" sizes=\"(max-width: 608px) 100vw, 608px\" \/>\n            <\/div>\n        <\/div><div class=\"eael-entry-wrapper\"><header class=\"eael-entry-header\"><h2 class=\"eael-entry-title\"><a class=\"eael-grid-post-link\" href=\"https:\/\/soymigrante.com\/revista\/jose-coronado-dreamer-guatemalteco-y-graduado-de-harvard-apoya-tps-para-migrantes\/\" title=\"Jos\u00e9 Coronado,  dreamer guatemalteco y graduado de Harvard, apoya TPS para compatriotas\">Jos\u00e9 Coronado,  dreamer guatemalteco y graduado de Harvard, apoya TPS para compatriotas<\/a><\/h2><\/header><div class=\"eael-entry-content\">\n                        <div class=\"eael-grid-post-excerpt\"><a href=\"https:\/\/soymigrante.com\/revista\/jose-coronado-dreamer-guatemalteco-y-graduado-de-harvard-apoya-tps-para-migrantes\/\" class=\"eael-post-elements-readmore-btn\">CONOCE SU HISTORIA <\/a><\/div>\n                    <\/div><\/div><\/div>\n        <\/div>\n    <\/article><article class=\"eael-grid-post  eael-post-grid-column eael-pg-post-7332 category-bienestar\" data-id=\"7332\">\n        <div class=\"eael-grid-post-holder\">\n            <div class=\"eael-grid-post-holder-inner\"><div class=\"eael-entry-media\"><div class=\"eael-entry-overlay fade-in\"><i class=\"far fa-hand-pointer\" aria-hidden=\"true\"><\/i><a href=\"https:\/\/soymigrante.com\/revista\/el-ged-es-un-test-educativo-para-adultos-que-abre-futuros\/\"><\/a><\/div><div class=\"eael-entry-thumbnail \">\n                <img loading=\"lazy\" decoding=\"async\" width=\"1005\" height=\"1005\" src=\"https:\/\/soymigrante.com\/revista\/wp-content\/uploads\/2024\/07\/Male-hispanic-a-da950e86-9243-4342-b2da-be8cbc7fdedc.webp\" class=\"attachment-large size-large wp-image-7333\" alt=\"Estudio de documentos legales y tr\u00e1mites migratorios en un ambiente familiar y c\u00f3modo.\" srcset=\"https:\/\/soymigrante.com\/revista\/wp-content\/uploads\/2024\/07\/Male-hispanic-a-da950e86-9243-4342-b2da-be8cbc7fdedc.webp 1005w, https:\/\/soymigrante.com\/revista\/wp-content\/uploads\/2024\/07\/Male-hispanic-a-da950e86-9243-4342-b2da-be8cbc7fdedc-300x300.webp 300w, https:\/\/soymigrante.com\/revista\/wp-content\/uploads\/2024\/07\/Male-hispanic-a-da950e86-9243-4342-b2da-be8cbc7fdedc-150x150.webp 150w, https:\/\/soymigrante.com\/revista\/wp-content\/uploads\/2024\/07\/Male-hispanic-a-da950e86-9243-4342-b2da-be8cbc7fdedc-768x768.webp 768w, https:\/\/soymigrante.com\/revista\/wp-content\/uploads\/2024\/07\/Male-hispanic-a-da950e86-9243-4342-b2da-be8cbc7fdedc-75x75.webp 75w, https:\/\/soymigrante.com\/revista\/wp-content\/uploads\/2024\/07\/Male-hispanic-a-da950e86-9243-4342-b2da-be8cbc7fdedc-750x750.webp 750w\" sizes=\"(max-width: 1005px) 100vw, 1005px\" \/>\n            <\/div>\n        <\/div><div class=\"eael-entry-wrapper\"><header class=\"eael-entry-header\"><h2 class=\"eael-entry-title\"><a class=\"eael-grid-post-link\" href=\"https:\/\/soymigrante.com\/revista\/el-ged-es-un-test-educativo-para-adultos-que-abre-futuros\/\" title=\"El GED es un certificado educativo que puede abrir puertas en EE.UU.\">El GED es un certificado educativo que puede abrir puertas en EE.UU.<\/a><\/h2><\/header><div class=\"eael-entry-content\">\n                        <div class=\"eael-grid-post-excerpt\"><a href=\"https:\/\/soymigrante.com\/revista\/el-ged-es-un-test-educativo-para-adultos-que-abre-futuros\/\" class=\"eael-post-elements-readmore-btn\">CONOCE SU HISTORIA <\/a><\/div>\n                    <\/div><\/div><\/div>\n        <\/div>\n    <\/article><article class=\"eael-grid-post  eael-post-grid-column eael-pg-post-1156 category-exitos tags-texas\" data-id=\"1156\">\n        <div class=\"eael-grid-post-holder\">\n            <div class=\"eael-grid-post-holder-inner\"><div class=\"eael-entry-media\"><div class=\"eael-entry-overlay fade-in\"><i class=\"far fa-hand-pointer\" aria-hidden=\"true\"><\/i><a href=\"https:\/\/soymigrante.com\/revista\/las-palabras-del-mejor-graduado-de-una-high-school-de-texas-un-migrante-guatemalteco\/\"><\/a><\/div><div class=\"eael-entry-thumbnail \">\n                <img loading=\"lazy\" decoding=\"async\" width=\"1024\" height=\"636\" src=\"https:\/\/soymigrante.com\/revista\/wp-content\/uploads\/2023\/06\/Raul-Lopez-joven-guatemalteco-que-se-graduo-como-el-mejor-de-su-clase-en-la-High-School-Maceo-Smithm-de-Dallas-2-1024x636.jpg\" class=\"attachment-large size-large wp-image-1149\" alt=\"\" srcset=\"https:\/\/soymigrante.com\/revista\/wp-content\/uploads\/2023\/06\/Raul-Lopez-joven-guatemalteco-que-se-graduo-como-el-mejor-de-su-clase-en-la-High-School-Maceo-Smithm-de-Dallas-2-1024x636.jpg 1024w, https:\/\/soymigrante.com\/revista\/wp-content\/uploads\/2023\/06\/Raul-Lopez-joven-guatemalteco-que-se-graduo-como-el-mejor-de-su-clase-en-la-High-School-Maceo-Smithm-de-Dallas-2-300x186.webp 300w, https:\/\/soymigrante.com\/revista\/wp-content\/uploads\/2023\/06\/Raul-Lopez-joven-guatemalteco-que-se-graduo-como-el-mejor-de-su-clase-en-la-High-School-Maceo-Smithm-de-Dallas-2-768x477.jpg 768w, https:\/\/soymigrante.com\/revista\/wp-content\/uploads\/2023\/06\/Raul-Lopez-joven-guatemalteco-que-se-graduo-como-el-mejor-de-su-clase-en-la-High-School-Maceo-Smithm-de-Dallas-2-1536x954.jpg 1536w, https:\/\/soymigrante.com\/revista\/wp-content\/uploads\/2023\/06\/Raul-Lopez-joven-guatemalteco-que-se-graduo-como-el-mejor-de-su-clase-en-la-High-School-Maceo-Smithm-de-Dallas-2-750x466.webp 750w, https:\/\/soymigrante.com\/revista\/wp-content\/uploads\/2023\/06\/Raul-Lopez-joven-guatemalteco-que-se-graduo-como-el-mejor-de-su-clase-en-la-High-School-Maceo-Smithm-de-Dallas-2-1140x708.jpg 1140w, https:\/\/soymigrante.com\/revista\/wp-content\/uploads\/2023\/06\/Raul-Lopez-joven-guatemalteco-que-se-graduo-como-el-mejor-de-su-clase-en-la-High-School-Maceo-Smithm-de-Dallas-2.webp 1632w\" sizes=\"(max-width: 1024px) 100vw, 1024px\" \/>\n            <\/div>\n        <\/div><div class=\"eael-entry-wrapper\"><header class=\"eael-entry-header\"><h2 class=\"eael-entry-title\"><a class=\"eael-grid-post-link\" href=\"https:\/\/soymigrante.com\/revista\/las-palabras-del-mejor-graduado-de-una-high-school-de-texas-un-migrante-guatemalteco\/\" title=\"Migrante guatemalteco,  el mejor graduado de una High School de Texas, relata su vivencia\">Migrante guatemalteco,  el mejor graduado de una High School de Texas, relata su vivencia<\/a><\/h2><\/header><div class=\"eael-entry-content\">\n                        <div class=\"eael-grid-post-excerpt\"><a href=\"https:\/\/soymigrante.com\/revista\/las-palabras-del-mejor-graduado-de-una-high-school-de-texas-un-migrante-guatemalteco\/\" class=\"eael-post-elements-readmore-btn\">CONOCE SU HISTORIA <\/a><\/div>\n                    <\/div><\/div><\/div>\n        <\/div>\n    <\/article><\/div>\n            <div class=\"clearfix\"><\/div>\n        <\/div>\t\t\t\t<\/div>\n\t\t\t\t\t<\/div>\n\t\t\t\t<\/div>\n\t\t\t\t<\/div>\n\t\t","protected":false},"excerpt":{"rendered":"<p>Experto en instalaci\u00f3n de paneles fotovoltaicos (electricidad solar), Alfonso P\u00e9rez nunca se olvida de las necesidades de connacionales migrantes en California ni de sus paisanos en Retalhuleu. Esta es su historia. El migrante guatemalteco Alfonso P\u00e9rez, originario de Retalhuleu, ha construido en Los \u00c1ngeles una trayectoria que combina la innovaci\u00f3n tecnol\u00f3gica, el activismo, la empat\u00eda [&hellip;]<\/p>\n","protected":false},"author":7,"featured_media":41772,"comment_status":"open","ping_status":"open","sticky":false,"template":"","format":"standard","meta":{"_acf_changed":false,"_eb_attr":"","footnotes":""},"categories":[50,274],"tags":[],"class_list":["post-41771","post","type-post","status-publish","format-standard","has-post-thumbnail","hentry","category-exitos","category-guatemala"],"acf":[],"aioseo_notices":[],"aioseo_head":"\n\t\t<!-- All in One SEO Pro 4.9.6.2 - aioseo.com -->\n\t<meta name=\"description\" content=\"Ra\u00fal L\u00f3pez, lleg\u00f3 a Texas en 2014. Enfrent\u00f3 las dificultades de ser migrante guatemalteco, pero el 23 de mayo se gradu\u00f3 como el mejor de su promoci\u00f3m. Escribe su testimonio de vida especialmente para SoyMigrante.com Ra\u00fal L\u00f3pez, migrante guatemalteco y estudiante. Este es mi mensaje. Solo con una maleta y una botella de agua llegu\u00e9\u201d\" \/>\n\t<meta name=\"robots\" content=\"max-snippet:-1, max-image-preview:large, max-video-preview:-1\" \/>\n\t<meta name=\"author\" content=\"SoyMigrante.com REVISTA\"\/>\n\t<link rel=\"canonical\" href=\"https:\/\/soymigrante.com\/revista\/las-palabras-del-mejor-graduado-de-una-high-school-de-texas-un-migrante-guatemalteco\/\" \/>\n\t<meta name=\"generator\" content=\"All in One SEO Pro (AIOSEO) 4.9.6.2\" \/>\n\n\t\t<link rel=\"preconnect\" href=\"https:\/\/fonts.googleapis.com\" crossorigin>\n<link rel=\"preconnect\" href=\"https:\/\/fonts.gstatic.com\" crossorigin>\n\t\t<meta property=\"og:locale\" content=\"es_ES\" \/>\n\t\t<meta property=\"og:site_name\" content=\"SoyMigrante.com REVISTA \u2013 Nuestra misi\u00f3n es reconocer y dignificar al migrante.\" \/>\n\t\t<meta property=\"og:type\" content=\"article\" \/>\n\t\t<meta property=\"og:title\" content=\"Migrante guatemalteco, el mejor graduado de una High School de Texas, relata su vivencia\" \/>\n\t\t<meta property=\"og:description\" content=\"Ra\u00fal L\u00f3pez, lleg\u00f3 a Texas en 2014. Enfrent\u00f3 las dificultades de ser migrante guatemalteco, pero el 23 de mayo se gradu\u00f3 como el mejor de su promoci\u00f3m. Escribe su testimonio de vida especialmente para SoyMigrante.com Ra\u00fal L\u00f3pez, migrante guatemalteco y estudiante. Este es mi mensaje. Solo con una maleta y una botella de agua llegu\u00e9\u201d\" \/>\n\t\t<meta property=\"og:url\" content=\"https:\/\/soymigrante.com\/revista\/las-palabras-del-mejor-graduado-de-una-high-school-de-texas-un-migrante-guatemalteco\/\" \/>\n\t\t<meta property=\"og:image\" content=\"https:\/\/soymigrante.com\/revista\/wp-content\/uploads\/2023\/06\/Raul-Lopez-joven-guatemalteco-que-se-graduo-como-el-mejor-de-su-clase-en-la-High-School-Maceo-Smithm-de-Dallas-2.webp\" \/>\n\t\t<meta property=\"og:image:secure_url\" content=\"https:\/\/soymigrante.com\/revista\/wp-content\/uploads\/2023\/06\/Raul-Lopez-joven-guatemalteco-que-se-graduo-como-el-mejor-de-su-clase-en-la-High-School-Maceo-Smithm-de-Dallas-2.webp\" \/>\n\t\t<meta property=\"og:image:width\" content=\"1632\" \/>\n\t\t<meta property=\"og:image:height\" content=\"1014\" \/>\n\t\t<meta property=\"article:published_time\" content=\"2023-06-01T17:48:49+00:00\" \/>\n\t\t<meta property=\"article:modified_time\" content=\"2026-03-11T22:30:39+00:00\" \/>\n\t\t<meta property=\"article:publisher\" content=\"https:\/\/www.facebook.com\/soymigrantecom\" \/>\n\t\t<meta name=\"twitter:card\" content=\"summary_large_image\" \/>\n\t\t<meta name=\"twitter:site\" content=\"@SoyMigrante_com\" \/>\n\t\t<meta name=\"twitter:title\" content=\"Migrante guatemalteco, el mejor graduado de una High School de Texas, relata su vivencia\" \/>\n\t\t<meta name=\"twitter:description\" content=\"Ra\u00fal L\u00f3pez, lleg\u00f3 a Texas en 2014. Enfrent\u00f3 las dificultades de ser migrante guatemalteco, pero el 23 de mayo se gradu\u00f3 como el mejor de su promoci\u00f3m. Escribe su testimonio de vida especialmente para SoyMigrante.com Ra\u00fal L\u00f3pez, migrante guatemalteco y estudiante. Este es mi mensaje. Solo con una maleta y una botella de agua llegu\u00e9\u201d\" \/>\n\t\t<meta name=\"twitter:creator\" content=\"@SoyMigrante_com\" \/>\n\t\t<meta name=\"twitter:image\" content=\"https:\/\/soymigrante.com\/revista\/wp-content\/uploads\/2023\/06\/Raul-Lopez-joven-guatemalteco-que-se-graduo-como-el-mejor-de-su-clase-en-la-High-School-Maceo-Smithm-de-Dallas-2.webp\" \/>\n\t\t<!-- All in One SEO Pro -->\r\n\t\t<title>Migrante guatemalteco, el mejor graduado de una High School de Texas, relata su vivencia<\/title>\n\n","aioseo_head_json":{"title":"Migrante guatemalteco, el mejor graduado de una High School de Texas, relata su vivencia","description":"Ra\u00fal L\u00f3pez, lleg\u00f3 a Texas en 2014. Enfrent\u00f3 las dificultades de ser migrante guatemalteco, pero el 23 de mayo se gradu\u00f3 como el mejor de su promoci\u00f3m. Escribe su testimonio de vida especialmente para SoyMigrante.com Ra\u00fal L\u00f3pez, migrante guatemalteco y estudiante. Este es mi mensaje. Solo con una maleta y una botella de agua llegu\u00e9\u201d","canonical_url":"https:\/\/soymigrante.com\/revista\/las-palabras-del-mejor-graduado-de-una-high-school-de-texas-un-migrante-guatemalteco\/","robots":"max-snippet:-1, max-image-preview:large, max-video-preview:-1","keywords":"","webmasterTools":{"miscellaneous":"&lt;link rel=\"preconnect\" href=\"https:\/\/fonts.googleapis.com\" crossorigin&gt;\n&lt;link rel=\"preconnect\" href=\"https:\/\/fonts.gstatic.com\" crossorigin&gt;"},"schema":null,"og:locale":"es_ES","og:site_name":"SoyMigrante.com REVISTA \u2013 Nuestra misi\u00f3n es reconocer y dignificar al migrante.","og:type":"article","og:title":"Migrante guatemalteco, el mejor graduado de una High School de Texas, relata su vivencia","og:description":"Ra\u00fal L\u00f3pez, lleg\u00f3 a Texas en 2014. Enfrent\u00f3 las dificultades de ser migrante guatemalteco, pero el 23 de mayo se gradu\u00f3 como el mejor de su promoci\u00f3m. Escribe su testimonio de vida especialmente para SoyMigrante.com Ra\u00fal L\u00f3pez, migrante guatemalteco y estudiante. Este es mi mensaje. Solo con una maleta y una botella de agua llegu\u00e9\u201d","og:url":"https:\/\/soymigrante.com\/revista\/las-palabras-del-mejor-graduado-de-una-high-school-de-texas-un-migrante-guatemalteco\/","og:image":"https:\/\/soymigrante.com\/revista\/wp-content\/uploads\/2023\/06\/Raul-Lopez-joven-guatemalteco-que-se-graduo-como-el-mejor-de-su-clase-en-la-High-School-Maceo-Smithm-de-Dallas-2.webp","og:image:secure_url":"https:\/\/soymigrante.com\/revista\/wp-content\/uploads\/2023\/06\/Raul-Lopez-joven-guatemalteco-que-se-graduo-como-el-mejor-de-su-clase-en-la-High-School-Maceo-Smithm-de-Dallas-2.webp","og:image:width":1632,"og:image:height":1014,"article:published_time":"2023-06-01T17:48:49+00:00","article:modified_time":"2026-03-11T22:30:39+00:00","article:publisher":"https:\/\/www.facebook.com\/soymigrantecom","twitter:card":"summary_large_image","twitter:site":"@SoyMigrante_com","twitter:title":"Migrante guatemalteco, el mejor graduado de una High School de Texas, relata su vivencia","twitter:description":"Ra\u00fal L\u00f3pez, lleg\u00f3 a Texas en 2014. Enfrent\u00f3 las dificultades de ser migrante guatemalteco, pero el 23 de mayo se gradu\u00f3 como el mejor de su promoci\u00f3m. Escribe su testimonio de vida especialmente para SoyMigrante.com Ra\u00fal L\u00f3pez, migrante guatemalteco y estudiante. Este es mi mensaje. Solo con una maleta y una botella de agua llegu\u00e9\u201d","twitter:creator":"@SoyMigrante_com","twitter:image":"https:\/\/soymigrante.com\/revista\/wp-content\/uploads\/2023\/06\/Raul-Lopez-joven-guatemalteco-que-se-graduo-como-el-mejor-de-su-clase-en-la-High-School-Maceo-Smithm-de-Dallas-2.webp"},"aioseo_meta_data":{"post_id":"41771","title":"Migrante Alfonso P\u00e9rez lidera y sirve con la fuerza del sol","description":"Alfonso P\u00e9rez es experto en energ\u00eda solar y tiene su propia compa\u00f1\u00eda; sirve a la comunidad migrante guatemalteca. Esta es su historia de \u00e9xito, esfuerzo y luz","keywords":null,"keyphrases":{"focus":{"keyphrase":"Migrante","score":100,"analysis":{"keyphraseInTitle":{"score":9,"maxScore":9,"error":0},"keyphraseInDescription":{"score":9,"maxScore":9,"error":0},"keyphraseLength":{"score":9,"maxScore":9,"error":0,"length":1},"keyphraseInURL":{"score":5,"maxScore":5,"error":0}}},"additional":[{"keyphrase":"Guatemalteco","score":67,"analysis":{"keyphraseInDescription":{"score":3,"maxScore":9,"error":1},"keyphraseLength":{"score":9,"maxScore":9,"error":0,"length":1}}}]},"primary_term":null,"canonical_url":null,"og_title":null,"og_description":null,"og_object_type":"default","og_image_type":"default","og_image_url":null,"og_image_width":null,"og_image_height":null,"og_image_custom_url":null,"og_image_custom_fields":null,"og_video":"","og_custom_url":null,"og_article_section":null,"og_article_tags":null,"twitter_use_og":false,"twitter_card":"default","twitter_image_type":"default","twitter_image_url":null,"twitter_image_custom_url":null,"twitter_image_custom_fields":null,"twitter_title":null,"twitter_description":null,"schema":{"blockGraphs":[],"customGraphs":[],"default":{"data":{"Article":[],"Course":[],"Dataset":[],"FAQPage":[],"Movie":[],"Person":[],"Product":[],"ProductReview":[],"Car":[],"Recipe":[],"Service":[],"SoftwareApplication":[],"WebPage":[]},"graphName":"none","isEnabled":true},"graphs":[]},"schema_type":"default","schema_type_options":null,"pillar_content":false,"robots_default":true,"robots_noindex":false,"robots_noarchive":false,"robots_nosnippet":false,"robots_nofollow":false,"robots_noimageindex":false,"robots_noodp":false,"robots_notranslate":false,"robots_max_snippet":"-1","robots_max_videopreview":"-1","robots_max_imagepreview":"large","priority":null,"frequency":"default","local_seo":null,"seo_analyzer_scan_date":"2025-10-09 07:34:58","breadcrumb_settings":null,"limit_modified_date":false,"reviewed_by":"0","open_ai":null,"ai":{"faqs":[],"keyPoints":[],"titles":[],"descriptions":[],"socialPosts":{"email":[],"linkedin":[],"twitter":[],"facebook":[],"instagram":[]}},"created":"2025-08-11 18:07:20","updated":"2026-02-05 04:08:49"},"aioseo_breadcrumb":"<div class=\"aioseo-breadcrumbs\"><span class=\"aioseo-breadcrumb\">\n\t<a href=\"https:\/\/soymigrante.com\/revista\" title=\"Home\">Home<\/a>\n<\/span><span class=\"aioseo-breadcrumb-separator\">\u00bb<\/span><span class=\"aioseo-breadcrumb\">\n\t<a href=\"https:\/\/soymigrante.com\/revista\/category\/exitos\/\" title=\"\u00c9xitos\">\u00c9xitos<\/a>\n<\/span><span class=\"aioseo-breadcrumb-separator\">\u00bb<\/span><span class=\"aioseo-breadcrumb\">\n\t<a href=\"https:\/\/soymigrante.com\/revista\/category\/exitos\/guatemala\/\" title=\"Guatemala\">Guatemala<\/a>\n<\/span><span class=\"aioseo-breadcrumb-separator\">\u00bb<\/span><span class=\"aioseo-breadcrumb\">\n\tL\u00edder migrante Alfonso P\u00e9rez apoya, sirve e innova con la energ\u00eda del sol\n<\/span><\/div>","aioseo_breadcrumb_json":[{"label":"Home","link":"https:\/\/soymigrante.com\/revista"},{"label":"\u00c9xitos","link":"https:\/\/soymigrante.com\/revista\/category\/exitos\/"},{"label":"Guatemala","link":"https:\/\/soymigrante.com\/revista\/category\/exitos\/guatemala\/"},{"label":"L\u00edder migrante Alfonso P\u00e9rez apoya, sirve e innova con la energ\u00eda del sol","link":"https:\/\/soymigrante.com\/revista\/lider-migrante-alfonso-perez-apoya-sirve-e-innova-con-la-energia-del-sol\/"}],"_links":{"self":[{"href":"https:\/\/soymigrante.com\/revista\/wp-json\/wp\/v2\/posts\/41771","targetHints":{"allow":["GET"]}}],"collection":[{"href":"https:\/\/soymigrante.com\/revista\/wp-json\/wp\/v2\/posts"}],"about":[{"href":"https:\/\/soymigrante.com\/revista\/wp-json\/wp\/v2\/types\/post"}],"author":[{"embeddable":true,"href":"https:\/\/soymigrante.com\/revista\/wp-json\/wp\/v2\/users\/7"}],"replies":[{"embeddable":true,"href":"https:\/\/soymigrante.com\/revista\/wp-json\/wp\/v2\/comments?post=41771"}],"version-history":[{"count":15,"href":"https:\/\/soymigrante.com\/revista\/wp-json\/wp\/v2\/posts\/41771\/revisions"}],"predecessor-version":[{"id":46668,"href":"https:\/\/soymigrante.com\/revista\/wp-json\/wp\/v2\/posts\/41771\/revisions\/46668"}],"wp:featuredmedia":[{"embeddable":true,"href":"https:\/\/soymigrante.com\/revista\/wp-json\/wp\/v2\/media\/41772"}],"wp:attachment":[{"href":"https:\/\/soymigrante.com\/revista\/wp-json\/wp\/v2\/media?parent=41771"}],"wp:term":[{"taxonomy":"category","embeddable":true,"href":"https:\/\/soymigrante.com\/revista\/wp-json\/wp\/v2\/categories?post=41771"},{"taxonomy":"post_tag","embeddable":true,"href":"https:\/\/soymigrante.com\/revista\/wp-json\/wp\/v2\/tags?post=41771"}],"curies":[{"name":"wp","href":"https:\/\/api.w.org\/{rel}","templated":true}]}}