{"id":41731,"date":"2025-08-11T04:00:00","date_gmt":"2025-08-11T10:00:00","guid":{"rendered":"https:\/\/soymigrante.com\/revista\/?p=41731"},"modified":"2025-08-10T22:23:40","modified_gmt":"2025-08-11T04:23:40","slug":"guatemaltecos-en-el-extranjero-expectativas-de-participacion-en-las-elecciones","status":"publish","type":"post","link":"https:\/\/soymigrante.com\/revista\/guatemaltecos-en-el-extranjero-expectativas-de-participacion-en-las-elecciones\/","title":{"rendered":"Guatemaltecos en el extranjero: expectativas de participaci\u00f3n en las elecciones"},"content":{"rendered":"\t\t<div data-elementor-type=\"wp-post\" data-elementor-id=\"41731\" class=\"elementor elementor-41731\" data-elementor-post-type=\"post\">\n\t\t\t\t<div data-particle_enable=\"false\" data-particle-mobile-disabled=\"false\" class=\"elementor-element elementor-element-b084a3d e-flex e-con-boxed e-con e-parent\" data-id=\"b084a3d\" data-element_type=\"container\" data-e-type=\"container\">\n\t\t\t\t\t<div class=\"e-con-inner\">\n\t\t\t\t<div class=\"elementor-element elementor-element-e17bead elementor-widget elementor-widget-heading\" data-id=\"e17bead\" data-element_type=\"widget\" data-e-type=\"widget\" data-widget_type=\"heading.default\">\n\t\t\t\t\t<h2 class=\"elementor-heading-title elementor-size-default\">Tribunal Supremo Electoral anunci\u00f3 el reinicio del empadronamiento de migrantes guatemaltecos, pero la participaci\u00f3n electoral fuera del pa\u00eds a\u00fan afronta varios desaf\u00edos.<\/h2>\t\t\t\t<\/div>\n\t\t\t\t\t<\/div>\n\t\t\t\t<\/div>\n\t\t<div data-particle_enable=\"false\" data-particle-mobile-disabled=\"false\" class=\"elementor-element elementor-element-4b65676 e-flex e-con-boxed e-con e-parent\" data-id=\"4b65676\" data-element_type=\"container\" data-e-type=\"container\">\n\t\t\t\t\t<div class=\"e-con-inner\">\n\t\t\t\t<div class=\"elementor-element elementor-element-339af43 elementor-widget elementor-widget-text-editor\" data-id=\"339af43\" data-element_type=\"widget\" data-e-type=\"widget\" data-widget_type=\"text-editor.default\">\n\t\t\t\t\t\t\t\t\t<p><a href=\"https:\/\/soymigrante.com\/revista\/voto-de-migrantes-guatemaltecos-impulsa-organizacion\/\" target=\"_blank\" rel=\"noopener\">La comunidad guatemalteca en el extranjero, especialmente en Estados Unidos, se prepara con esperanza y cautela ante las pr\u00f3ximas elecciones generales de Guatemala, programadas para 2027.<\/a> Las proyecciones iniciales apuntan a que la participaci\u00f3n podr\u00eda duplicarse en comparaci\u00f3n con los procesos electorales de 2019 y 2023, si se logran superar varios retos estructurales y pol\u00edticos que hist\u00f3ricamente han limitado el voto migrante.<\/p><p>El Tribunal Supremo Electoral anunci\u00f3 el inicio del empadronamiento o actualizaci\u00f3n de datos de guatemaltecos en el extranjero. PO\u00a0 Seg\u00fan Alfonso P\u00e9rez, miembro de la Mesa Migrante Guatemalteca en Los \u00c1ngeles, esta vez hay se\u00f1ales positivas que podr\u00edan hacer crecer el padr\u00f3n electoral en el exterior.\u00a0<\/p><p>Entre ellas, destaca el incremento en la emisi\u00f3n del Documento Personal de Identificaci\u00f3n (DPI) en los consulados de Guatemala en EE. UU., que podr\u00eda sumar por lo menos 150,000 nuevos registros, m\u00e1s los cerca de 10,000 DPI emitidos cada mes hasta el cierre del padr\u00f3n en marzo de 2027.<\/p>\t\t\t\t\t\t\t\t<\/div>\n\t\t\t\t\t<\/div>\n\t\t\t\t<\/div>\n\t\t<div data-particle_enable=\"false\" data-particle-mobile-disabled=\"false\" class=\"elementor-element elementor-element-31e30cb e-flex e-con-boxed e-con e-parent\" data-id=\"31e30cb\" data-element_type=\"container\" data-e-type=\"container\">\n\t\t\t\t\t<div class=\"e-con-inner\">\n\t\t\t\t<div class=\"elementor-element elementor-element-ae4816a elementor-widget elementor-widget-image\" data-id=\"ae4816a\" data-element_type=\"widget\" data-e-type=\"widget\" data-widget_type=\"image.default\">\n\t\t\t\t\t\t\t\t\t\t\t\t<figure class=\"wp-caption\">\n\t\t\t\t\t\t\t\t\t\t<img fetchpriority=\"high\" decoding=\"async\" width=\"768\" height=\"497\" src=\"https:\/\/soymigrante.com\/revista\/wp-content\/uploads\/2025\/08\/tse-empadronamiento-extranjero-1024x662.jpg\" class=\"attachment-large size-large wp-image-41754\" alt=\"Guatemaltecos residentes en el extranjero participando en las elecciones 2027, derechos ciudadanos, proceso electoral, votar desde el extranjero, portal web de migrantes, derechos del migrante.\" srcset=\"https:\/\/soymigrante.com\/revista\/wp-content\/uploads\/2025\/08\/tse-empadronamiento-extranjero-1024x662.jpg 1024w, https:\/\/soymigrante.com\/revista\/wp-content\/uploads\/2025\/08\/tse-empadronamiento-extranjero-300x194.jpg 300w, https:\/\/soymigrante.com\/revista\/wp-content\/uploads\/2025\/08\/tse-empadronamiento-extranjero-768x497.jpg 768w, https:\/\/soymigrante.com\/revista\/wp-content\/uploads\/2025\/08\/tse-empadronamiento-extranjero-1536x994.jpg 1536w, https:\/\/soymigrante.com\/revista\/wp-content\/uploads\/2025\/08\/tse-empadronamiento-extranjero-750x485.webp 750w, https:\/\/soymigrante.com\/revista\/wp-content\/uploads\/2025\/08\/tse-empadronamiento-extranjero-1140x737.webp 1140w, https:\/\/soymigrante.com\/revista\/wp-content\/uploads\/2025\/08\/tse-empadronamiento-extranjero.webp 1600w\" sizes=\"(max-width: 768px) 100vw, 768px\" title=\"El Tribunal Supremo Electoral ya abri\u00f3 el empadronamiento y actualizaci\u00f3n de datos de guatemaltecos en el extranjero. \u2013 SoyMigrante.com REVISTA\" \/>\t\t\t\t\t\t\t\t\t\t\t<figcaption class=\"widget-image-caption wp-caption-text\">El Tribunal Supremo Electoral ya abri\u00f3 el empadronamiento y actualizaci\u00f3n de datos de guatemaltecos en el extranjero.<\/figcaption>\n\t\t\t\t\t\t\t\t\t\t<\/figure>\n\t\t\t\t\t\t\t\t\t<\/div>\n\t\t\t\t\t<\/div>\n\t\t\t\t<\/div>\n\t\t<div data-particle_enable=\"false\" data-particle-mobile-disabled=\"false\" class=\"elementor-element elementor-element-76431b7 e-flex e-con-boxed e-con e-parent\" data-id=\"76431b7\" data-element_type=\"container\" data-e-type=\"container\">\n\t\t\t\t\t<div class=\"e-con-inner\">\n\t\t\t\t<div class=\"elementor-element elementor-element-b1a2c37 elementor-widget elementor-widget-heading\" data-id=\"b1a2c37\" data-element_type=\"widget\" data-e-type=\"widget\" data-widget_type=\"heading.default\">\n\t\t\t\t\t<h3 class=\"elementor-heading-title elementor-size-default\">El reto: empadronar, informar y reformar<\/h3>\t\t\t\t<\/div>\n\t\t\t\t\t<\/div>\n\t\t\t\t<\/div>\n\t\t<div data-particle_enable=\"false\" data-particle-mobile-disabled=\"false\" class=\"elementor-element elementor-element-2d3ae20 e-flex e-con-boxed e-con e-parent\" data-id=\"2d3ae20\" data-element_type=\"container\" data-e-type=\"container\">\n\t\t\t\t\t<div class=\"e-con-inner\">\n\t\t\t\t<div class=\"elementor-element elementor-element-1f09708 elementor-widget elementor-widget-text-editor\" data-id=\"1f09708\" data-element_type=\"widget\" data-e-type=\"widget\" data-widget_type=\"text-editor.default\">\n\t\t\t\t\t\t\t\t\t<div>A pesar del crecimiento potencial, la participaci\u00f3n real depender\u00e1 de varios factores clave:<\/div><div><strong>\u2022Empadronamiento masivo y campa\u00f1as informativas:<\/strong><a href=\"https:\/\/soymigrante.com\/revista\/voto-de-migrantes-guatemaltecos-impulsa-organizacion\/\" target=\"_blank\" rel=\"noopener\"> Se requiere que el Tribunal Supremo Electoral (TSE), a trav\u00e9s de su Unidad de Comunicaci\u00f3n, promueva campa\u00f1as espec\u00edficas para informar,<\/a> empadronar y concientizar a los migrantes sobre su derecho al voto y c\u00f3mo ejercerlo desde el extranjero.<\/div><div><strong>\u2022Actualizaci\u00f3n de residencia electoral:<\/strong> Muchos connacionales no est\u00e1n registrados en el extranjero o desconocen la necesidad de actualizar su residencia electoral para poder votar fuera del pa\u00eds.<\/div><div><strong>\u2022Reforma al Reglamento del Voto en el Extranjero:<\/strong> Actualmente, la ley obliga a que el voto se realice de forma presencial en sedes consulares, lo que representa una barrera significativa en un pa\u00eds tan extenso como EE. UU., donde hay comunidades que deben viajar entre 3 y 8 horas \u2014o incluso cruzar estados\u2014 para llegar a un consulado.<\/div>\t\t\t\t\t\t\t\t<\/div>\n\t\t\t\t\t<\/div>\n\t\t\t\t<\/div>\n\t\t<div data-particle_enable=\"false\" data-particle-mobile-disabled=\"false\" class=\"elementor-element elementor-element-e2cab26 e-flex e-con-boxed e-con e-parent\" data-id=\"e2cab26\" data-element_type=\"container\" data-e-type=\"container\">\n\t\t\t\t\t<div class=\"e-con-inner\">\n\t\t\t\t<div class=\"elementor-element elementor-element-6bdffb7 elementor-widget elementor-widget-image\" data-id=\"6bdffb7\" data-element_type=\"widget\" data-e-type=\"widget\" data-widget_type=\"image.default\">\n\t\t\t\t\t\t\t\t\t\t\t\t<figure class=\"wp-caption\">\n\t\t\t\t\t\t\t\t\t\t<img decoding=\"async\" width=\"768\" height=\"317\" src=\"https:\/\/soymigrante.com\/revista\/wp-content\/uploads\/2025\/08\/pasos-para-empadronarse-o-actualizar-datos-TSE-2-1024x423.png\" class=\"attachment-large size-large wp-image-41755\" alt=\"Solicitude de empadronamiento en l\u00ednea para el registro de ciudadanos guatemaltecos en el portal web del Tribunal Supremo Electoral.\" srcset=\"https:\/\/soymigrante.com\/revista\/wp-content\/uploads\/2025\/08\/pasos-para-empadronarse-o-actualizar-datos-TSE-2-1024x423.png 1024w, https:\/\/soymigrante.com\/revista\/wp-content\/uploads\/2025\/08\/pasos-para-empadronarse-o-actualizar-datos-TSE-2-300x124.png 300w, https:\/\/soymigrante.com\/revista\/wp-content\/uploads\/2025\/08\/pasos-para-empadronarse-o-actualizar-datos-TSE-2-768x317.png 768w, https:\/\/soymigrante.com\/revista\/wp-content\/uploads\/2025\/08\/pasos-para-empadronarse-o-actualizar-datos-TSE-2-750x310.webp 750w, https:\/\/soymigrante.com\/revista\/wp-content\/uploads\/2025\/08\/pasos-para-empadronarse-o-actualizar-datos-TSE-2-1140x471.webp 1140w, https:\/\/soymigrante.com\/revista\/wp-content\/uploads\/2025\/08\/pasos-para-empadronarse-o-actualizar-datos-TSE-2.webp 1434w\" sizes=\"(max-width: 768px) 100vw, 768px\" title=\"Los pasos para empadronarse o actualizar datos desde el extranjero son sencillos \u2013 SoyMigrante.com REVISTA\" \/>\t\t\t\t\t\t\t\t\t\t\t<figcaption class=\"widget-image-caption wp-caption-text\">P\u00e1gina web del proceso de empadronamiento y actualizaci\u00f3n de datos en el sistema del Tribunal Supremo Electoral.<\/figcaption>\n\t\t\t\t\t\t\t\t\t\t<\/figure>\n\t\t\t\t\t\t\t\t\t<\/div>\n\t\t\t\t\t<\/div>\n\t\t\t\t<\/div>\n\t\t<div data-particle_enable=\"false\" data-particle-mobile-disabled=\"false\" class=\"elementor-element elementor-element-5076717 e-flex e-con-boxed e-con e-parent\" data-id=\"5076717\" data-element_type=\"container\" data-e-type=\"container\">\n\t\t\t\t\t<div class=\"e-con-inner\">\n\t\t\t\t<div class=\"elementor-element elementor-element-63b80c2 elementor-widget elementor-widget-image\" data-id=\"63b80c2\" data-element_type=\"widget\" data-e-type=\"widget\" data-widget_type=\"image.default\">\n\t\t\t\t\t\t\t\t\t\t\t\t<figure class=\"wp-caption\">\n\t\t\t\t\t\t\t\t\t\t<img decoding=\"async\" width=\"768\" height=\"316\" src=\"https:\/\/soymigrante.com\/revista\/wp-content\/uploads\/2025\/08\/pasos-para-empadronarse-o-actualizar-datos-TSE-1-1024x421.png\" class=\"attachment-large size-large wp-image-41756\" alt=\"Permiso de residencia electoral actualizado en Guatemala proceso de tr\u00e1mite para ciudadanos residentes en el extranjero.\" srcset=\"https:\/\/soymigrante.com\/revista\/wp-content\/uploads\/2025\/08\/pasos-para-empadronarse-o-actualizar-datos-TSE-1-1024x421.png 1024w, https:\/\/soymigrante.com\/revista\/wp-content\/uploads\/2025\/08\/pasos-para-empadronarse-o-actualizar-datos-TSE-1-300x123.png 300w, https:\/\/soymigrante.com\/revista\/wp-content\/uploads\/2025\/08\/pasos-para-empadronarse-o-actualizar-datos-TSE-1-768x316.png 768w, https:\/\/soymigrante.com\/revista\/wp-content\/uploads\/2025\/08\/pasos-para-empadronarse-o-actualizar-datos-TSE-1-750x309.webp 750w, https:\/\/soymigrante.com\/revista\/wp-content\/uploads\/2025\/08\/pasos-para-empadronarse-o-actualizar-datos-TSE-1-1140x469.webp 1140w, https:\/\/soymigrante.com\/revista\/wp-content\/uploads\/2025\/08\/pasos-para-empadronarse-o-actualizar-datos-TSE-1.webp 1446w\" sizes=\"(max-width: 768px) 100vw, 768px\" title=\"Desde una computadora  o tel\u00e9fono, todo migrante guatemalteco puede empadronarse \u2013 SoyMigrante.com REVISTA\" \/>\t\t\t\t\t\t\t\t\t\t\t<figcaption class=\"widget-image-caption wp-caption-text\">Imagen que muestra c\u00f3mo actualizar residencia electoral en Guatemala, paso a paso, para residentes en el extranjero, con confirmaci\u00f3n exitosa.<\/figcaption>\n\t\t\t\t\t\t\t\t\t\t<\/figure>\n\t\t\t\t\t\t\t\t\t<\/div>\n\t\t\t\t\t<\/div>\n\t\t\t\t<\/div>\n\t\t<div data-particle_enable=\"false\" data-particle-mobile-disabled=\"false\" class=\"elementor-element elementor-element-a609d8d e-flex e-con-boxed e-con e-parent\" data-id=\"a609d8d\" data-element_type=\"container\" data-e-type=\"container\">\n\t\t\t\t\t<div class=\"e-con-inner\">\n\t\t\t\t<div class=\"elementor-element elementor-element-228f32e elementor-widget elementor-widget-heading\" data-id=\"228f32e\" data-element_type=\"widget\" data-e-type=\"widget\" data-widget_type=\"heading.default\">\n\t\t\t\t\t<h3 class=\"elementor-heading-title elementor-size-default\">El ausente reconocimiento del pasaporte<\/h3>\t\t\t\t<\/div>\n\t\t\t\t\t<\/div>\n\t\t\t\t<\/div>\n\t\t<div data-particle_enable=\"false\" data-particle-mobile-disabled=\"false\" class=\"elementor-element elementor-element-40dfe6e e-flex e-con-boxed e-con e-parent\" data-id=\"40dfe6e\" data-element_type=\"container\" data-e-type=\"container\">\n\t\t\t\t\t<div class=\"e-con-inner\">\n\t\t\t\t<div class=\"elementor-element elementor-element-e8b2ff8 elementor-widget elementor-widget-text-editor\" data-id=\"e8b2ff8\" data-element_type=\"widget\" data-e-type=\"widget\" data-widget_type=\"text-editor.default\">\n\t\t\t\t\t\t\t\t\t<p><a href=\"https:\/\/soymigrante.com\/revista\/voto-de-migrantes-guatemaltecos-impulsa-organizacion\/\" target=\"_blank\" rel=\"noopener\">Una de las mayores cr\u00edticas hacia el sistema electoral guatemalteco es la exigencia exclusiva del DPI como documento v\u00e1lido para votar,<\/a> a pesar de que el pasaporte es el \u00fanico documento reconocido legalmente para identificar a los guatemaltecos en el exterior, seg\u00fan la Ley Migratoria y el Decreto 44-2016. Esta falta de armonizaci\u00f3n legal ha dejado fuera a miles de guatemaltecos en los procesos anteriores.<\/p><p>\u201cEn 2019 y 2023, muchos compatriotas no pudieron votar simplemente porque no ten\u00edan DPI, aunque s\u00ed ten\u00edan pasaporte vigente. El TSE deber\u00eda facilitar el acceso, no poner m\u00e1s trabas\u201d, expres\u00f3 P\u00e9rez.<\/p>\t\t\t\t\t\t\t\t<\/div>\n\t\t\t\t\t<\/div>\n\t\t\t\t<\/div>\n\t\t<div data-particle_enable=\"false\" data-particle-mobile-disabled=\"false\" class=\"elementor-element elementor-element-b18812b e-flex e-con-boxed e-con e-parent\" data-id=\"b18812b\" data-element_type=\"container\" data-e-type=\"container\">\n\t\t\t\t\t<div class=\"e-con-inner\">\n\t\t\t\t<div class=\"elementor-element elementor-element-2a64a90 elementor-widget elementor-widget-heading\" data-id=\"2a64a90\" data-element_type=\"widget\" data-e-type=\"widget\" data-widget_type=\"heading.default\">\n\t\t\t\t\t<h3 class=\"elementor-heading-title elementor-size-default\">Riesgos migratorios y miedo al desplazamiento<\/h3>\t\t\t\t<\/div>\n\t\t\t\t\t<\/div>\n\t\t\t\t<\/div>\n\t\t<div data-particle_enable=\"false\" data-particle-mobile-disabled=\"false\" class=\"elementor-element elementor-element-b163dc4 e-flex e-con-boxed e-con e-parent\" data-id=\"b163dc4\" data-element_type=\"container\" data-e-type=\"container\">\n\t\t\t\t\t<div class=\"e-con-inner\">\n\t\t\t\t<div class=\"elementor-element elementor-element-23a172a elementor-widget elementor-widget-text-editor\" data-id=\"23a172a\" data-element_type=\"widget\" data-e-type=\"widget\" data-widget_type=\"text-editor.default\">\n\t\t\t\t\t\t\t\t\t<p>Otra limitante importante son las pol\u00edticas migratorias en EE. UU. Bajo la nueva administraci\u00f3n del presidente Donald Trump, se han intensificado las redadas migratorias y operativos contra personas sin estatus legal, <a href=\"https:\/\/soymigrante.com\/revista\/voto-de-migrantes-guatemaltecos-impulsa-organizacion\/\" target=\"_blank\" rel=\"noopener\">lo que disuade a muchos guatemaltecos de acudir a los consulados por temor a ser detenidos, incluso si no tienen antecedentes.<\/a><\/p><p>\u201cMuchos guatemaltecos viven en zonas sin representaci\u00f3n consular, y desplazarse a otra ciudad o estado puede implicar un riesgo real de deportaci\u00f3n\u201d, advierte P\u00e9rez.<\/p>\t\t\t\t\t\t\t\t<\/div>\n\t\t\t\t\t<\/div>\n\t\t\t\t<\/div>\n\t\t<div data-particle_enable=\"false\" data-particle-mobile-disabled=\"false\" class=\"elementor-element elementor-element-733e9f5 e-flex e-con-boxed e-con e-parent\" data-id=\"733e9f5\" data-element_type=\"container\" data-e-type=\"container\">\n\t\t\t\t\t<div class=\"e-con-inner\">\n\t\t\t\t<div class=\"elementor-element elementor-element-396a790 elementor-grid-eael-col-1 elementor-grid-tablet-eael-col-2 elementor-grid-mobile-eael-col-1 elementor-invisible elementor-widget elementor-widget-eael-post-grid\" data-id=\"396a790\" data-element_type=\"widget\" data-e-type=\"widget\" data-settings=\"{&quot;eael_post_grid_columns&quot;:&quot;eael-col-1&quot;,&quot;_animation&quot;:&quot;rollIn&quot;,&quot;eael_post_grid_columns_tablet&quot;:&quot;eael-col-2&quot;,&quot;eael_post_grid_columns_mobile&quot;:&quot;eael-col-1&quot;}\" data-widget_type=\"eael-post-grid.default\">\n\t\t\t\t\t<div id=\"eael-post-grid-396a790\" class=\"eael-post-grid-container\">\n            <div class=\"eael-post-grid eael-post-appender eael-post-appender-396a790 eael-post-grid-style-one\" data-layout-mode=\"masonry\"><article class=\"eael-grid-post  eael-post-grid-column eael-pg-post-260 category-estamos-unidos\" data-id=\"260\">\n        <div class=\"eael-grid-post-holder\">\n            <div class=\"eael-grid-post-holder-inner\"><div class=\"eael-entry-media\"><div class=\"eael-entry-overlay fade-in\"><i class=\"far fa-hand-pointer\" aria-hidden=\"true\"><\/i><a href=\"https:\/\/soymigrante.com\/revista\/los-migrantes-tambien-somos-guatemala\/\"><\/a><\/div><div class=\"eael-entry-thumbnail \">\n                <img loading=\"lazy\" decoding=\"async\" width=\"1024\" height=\"768\" src=\"https:\/\/soymigrante.com\/revista\/wp-content\/uploads\/2023\/02\/SOY-BEN-MONTERROSO-3-1024x768.jpg\" class=\"attachment-large size-large wp-image-263\" alt=\"\" srcset=\"https:\/\/soymigrante.com\/revista\/wp-content\/uploads\/2023\/02\/SOY-BEN-MONTERROSO-3-1024x768.jpg 1024w, https:\/\/soymigrante.com\/revista\/wp-content\/uploads\/2023\/02\/SOY-BEN-MONTERROSO-3-300x225.webp 300w, https:\/\/soymigrante.com\/revista\/wp-content\/uploads\/2023\/02\/SOY-BEN-MONTERROSO-3-768x576.jpg 768w, https:\/\/soymigrante.com\/revista\/wp-content\/uploads\/2023\/02\/SOY-BEN-MONTERROSO-3-750x563.webp 750w, https:\/\/soymigrante.com\/revista\/wp-content\/uploads\/2023\/02\/SOY-BEN-MONTERROSO-3-1140x855.jpg 1140w, https:\/\/soymigrante.com\/revista\/wp-content\/uploads\/2023\/02\/SOY-BEN-MONTERROSO-3.webp 1440w\" sizes=\"(max-width: 1024px) 100vw, 1024px\" \/>\n            <\/div>\n        <\/div><div class=\"eael-entry-wrapper\"><header class=\"eael-entry-header\"><h2 class=\"eael-entry-title\"><a class=\"eael-grid-post-link\" href=\"https:\/\/soymigrante.com\/revista\/los-migrantes-tambien-somos-guatemala\/\" title=\"&#8220;Los migrantes tambi\u00e9n somos Guatemala y tenemos derecho a marcar su futuro&#8221;: Ben Monterroso\">&#8220;Los migrantes tambi\u00e9n somos Guatemala y tenemos derecho a marcar su futuro&#8221;: Ben Monterroso<\/a><\/h2><\/header><div class=\"eael-entry-content\">\n                        <div class=\"eael-grid-post-excerpt\"><a href=\"https:\/\/soymigrante.com\/revista\/los-migrantes-tambien-somos-guatemala\/\" class=\"eael-post-elements-readmore-btn\">CONOCE SU HISTORIA <\/a><\/div>\n                    <\/div><\/div><\/div>\n        <\/div>\n    <\/article><\/div>\n            <div class=\"clearfix\"><\/div>\n        <\/div>\t\t\t\t<\/div>\n\t\t\t\t\t<\/div>\n\t\t\t\t<\/div>\n\t\t<div data-particle_enable=\"false\" data-particle-mobile-disabled=\"false\" class=\"elementor-element elementor-element-d97b2bc e-flex e-con-boxed e-con e-parent\" data-id=\"d97b2bc\" data-element_type=\"container\" data-e-type=\"container\">\n\t\t\t\t\t<div class=\"e-con-inner\">\n\t\t\t\t<div class=\"elementor-element elementor-element-28427b0 elementor-widget elementor-widget-heading\" data-id=\"28427b0\" data-element_type=\"widget\" data-e-type=\"widget\" data-widget_type=\"heading.default\">\n\t\t\t\t\t<h3 class=\"elementor-heading-title elementor-size-default\">\u00bfEs posible el voto electr\u00f3nico?<\/h3>\t\t\t\t<\/div>\n\t\t\t\t\t<\/div>\n\t\t\t\t<\/div>\n\t\t<div data-particle_enable=\"false\" data-particle-mobile-disabled=\"false\" class=\"elementor-element elementor-element-93e5f84 e-flex e-con-boxed e-con e-parent\" data-id=\"93e5f84\" data-element_type=\"container\" data-e-type=\"container\">\n\t\t\t\t\t<div class=\"e-con-inner\">\n\t\t\t\t<div class=\"elementor-element elementor-element-e25dd8a elementor-widget elementor-widget-text-editor\" data-id=\"e25dd8a\" data-element_type=\"widget\" data-e-type=\"widget\" data-widget_type=\"text-editor.default\">\n\t\t\t\t\t\t\t\t\t<p>Una de las principales demandas de la di\u00e1spora guatemalteca es la implementaci\u00f3n del voto electr\u00f3nico a distancia, para facilitar la participaci\u00f3n sin poner en riesgo a los votantes. Sin embargo, la \u00faltima reforma legal dej\u00f3 fuera esta posibilidad, limitando el voto a la modalidad presencial.<\/p>\t\t\t\t\t\t\t\t<\/div>\n\t\t\t\t\t<\/div>\n\t\t\t\t<\/div>\n\t\t<div data-particle_enable=\"false\" data-particle-mobile-disabled=\"false\" class=\"elementor-element elementor-element-3d3ff99 e-flex e-con-boxed e-con e-parent\" data-id=\"3d3ff99\" data-element_type=\"container\" data-e-type=\"container\">\n\t\t\t\t\t<div class=\"e-con-inner\">\n\t\t\t\t<div class=\"elementor-element elementor-element-0e91dc3 elementor-widget elementor-widget-heading\" data-id=\"0e91dc3\" data-element_type=\"widget\" data-e-type=\"widget\" data-widget_type=\"heading.default\">\n\t\t\t\t\t<h3 class=\"elementor-heading-title elementor-size-default\">Un derecho en pausa<\/h3>\t\t\t\t<\/div>\n\t\t\t\t\t<\/div>\n\t\t\t\t<\/div>\n\t\t<div data-particle_enable=\"false\" data-particle-mobile-disabled=\"false\" class=\"elementor-element elementor-element-d632829 e-flex e-con-boxed e-con e-parent\" data-id=\"d632829\" data-element_type=\"container\" data-e-type=\"container\">\n\t\t\t\t\t<div class=\"e-con-inner\">\n\t\t\t\t<div class=\"elementor-element elementor-element-faae503 elementor-widget elementor-widget-text-editor\" data-id=\"faae503\" data-element_type=\"widget\" data-e-type=\"widget\" data-widget_type=\"text-editor.default\">\n\t\t\t\t\t\t\t\t\t<p>Para miles de guatemaltecos en el extranjero, el derecho al sufragio sigue siendo un ideal distante, atado a decisiones burocr\u00e1ticas, distancias geogr\u00e1ficas, temor a la persecuci\u00f3n migratoria y un sistema electoral que no termina de adaptarse a su realidad.<\/p><p>\u201cQueremos votar. Queremos ser parte de la construcci\u00f3n democr\u00e1tica de Guatemala, pero necesitamos que el sistema est\u00e9 pensado para nosotros\u201d, concluye Alfonso P\u00e9rez.<\/p>\t\t\t\t\t\t\t\t<\/div>\n\t\t\t\t\t<\/div>\n\t\t\t\t<\/div>\n\t\t<div data-particle_enable=\"false\" data-particle-mobile-disabled=\"false\" class=\"elementor-element elementor-element-c73ba90 e-flex e-con-boxed e-con e-parent\" data-id=\"c73ba90\" data-element_type=\"container\" data-e-type=\"container\">\n\t\t\t\t\t<div class=\"e-con-inner\">\n\t\t\t\t<div class=\"elementor-element elementor-element-686c49c elementor-widget elementor-widget-heading\" data-id=\"686c49c\" data-element_type=\"widget\" data-e-type=\"widget\" data-widget_type=\"heading.default\">\n\t\t\t\t\t<h2 class=\"elementor-heading-title elementor-size-default\">Conoce m\u00e1s temas que te pueden interesar...<\/h2>\t\t\t\t<\/div>\n\t\t\t\t\t<\/div>\n\t\t\t\t<\/div>\n\t\t<div data-particle_enable=\"false\" data-particle-mobile-disabled=\"false\" class=\"elementor-element elementor-element-5bcf2ff e-flex e-con-boxed e-con e-parent\" data-id=\"5bcf2ff\" data-element_type=\"container\" data-e-type=\"container\">\n\t\t\t\t\t<div class=\"e-con-inner\">\n\t\t\t\t<div class=\"elementor-element elementor-element-1f1b9ff elementor-grid-eael-col-3 elementor-grid-tablet-eael-col-2 elementor-grid-mobile-eael-col-1 elementor-invisible elementor-widget elementor-widget-eael-post-grid\" data-id=\"1f1b9ff\" data-element_type=\"widget\" data-e-type=\"widget\" data-settings=\"{&quot;eael_post_grid_columns&quot;:&quot;eael-col-3&quot;,&quot;_animation&quot;:&quot;rollIn&quot;,&quot;eael_post_grid_columns_tablet&quot;:&quot;eael-col-2&quot;,&quot;eael_post_grid_columns_mobile&quot;:&quot;eael-col-1&quot;}\" data-widget_type=\"eael-post-grid.default\">\n\t\t\t\t\t<div id=\"eael-post-grid-1f1b9ff\" class=\"eael-post-grid-container\">\n            <div class=\"eael-post-grid eael-post-appender eael-post-appender-1f1b9ff eael-post-grid-style-one\" data-layout-mode=\"masonry\"><article class=\"eael-grid-post  eael-post-grid-column eael-pg-post-1650 category-estamos-unidos tags-remesas-migrantes\" data-id=\"1650\">\n        <div class=\"eael-grid-post-holder\">\n            <div class=\"eael-grid-post-holder-inner\"><div class=\"eael-entry-media\"><div class=\"eael-entry-overlay fade-in\"><i class=\"far fa-hand-pointer\" aria-hidden=\"true\"><\/i><a href=\"https:\/\/soymigrante.com\/revista\/impacto-remesas-guatemala-desde-eeuu\/\"><\/a><\/div><div class=\"eael-entry-thumbnail \">\n                <img loading=\"lazy\" decoding=\"async\" width=\"1024\" height=\"700\" src=\"https:\/\/soymigrante.com\/revista\/wp-content\/uploads\/2023\/06\/Captura-de-pantalla-2023-06-28-124853-1024x700.webp\" class=\"attachment-large size-large wp-image-1651\" alt=\"Ilustraci\u00f3n de d\u00f3lares para ilustrar tema de remesas migrantes de Estados Unidos a Guatemala\" \/>\n            <\/div>\n        <\/div><div class=\"eael-entry-wrapper\"><header class=\"eael-entry-header\"><h2 class=\"eael-entry-title\"><a class=\"eael-grid-post-link\" href=\"https:\/\/soymigrante.com\/revista\/impacto-remesas-guatemala-desde-eeuu\/\" title=\"\u00bfA d\u00f3nde van las remesas enviadas por migrantes guatemaltecos desde Estados Unidos?\">\u00bfA d\u00f3nde van las remesas enviadas por migrantes guatemaltecos desde Estados Unidos?<\/a><\/h2><\/header><div class=\"eael-entry-content\">\n                        <div class=\"eael-grid-post-excerpt\"><a href=\"https:\/\/soymigrante.com\/revista\/impacto-remesas-guatemala-desde-eeuu\/\" class=\"eael-post-elements-readmore-btn\">CONOCE SU HISTORIA <\/a><\/div>\n                    <\/div><\/div><\/div>\n        <\/div>\n    <\/article><article class=\"eael-grid-post  eael-post-grid-column eael-pg-post-1365 category-exitos\" data-id=\"1365\">\n        <div class=\"eael-grid-post-holder\">\n            <div class=\"eael-grid-post-holder-inner\"><div class=\"eael-entry-media\"><div class=\"eael-entry-overlay fade-in\"><i class=\"far fa-hand-pointer\" aria-hidden=\"true\"><\/i><a href=\"https:\/\/soymigrante.com\/revista\/encomiendas-llevan-a-migrantes-guatemaltecos-el-sabor-y-el-amor-de-su-tierra\/\"><\/a><\/div><div class=\"eael-entry-thumbnail \">\n                <img loading=\"lazy\" decoding=\"async\" width=\"1024\" height=\"679\" src=\"https:\/\/soymigrante.com\/revista\/wp-content\/uploads\/2023\/06\/Servicio-de-encomiendas-conecta-a-guatemaltecos-en-Estados-Unidos-con-el-sabor-de-su-pueblo-5-1024x679.webp\" class=\"attachment-large size-large wp-image-1402\" alt=\"\" srcset=\"https:\/\/soymigrante.com\/revista\/wp-content\/uploads\/2023\/06\/Servicio-de-encomiendas-conecta-a-guatemaltecos-en-Estados-Unidos-con-el-sabor-de-su-pueblo-5-1024x679.webp 1024w, https:\/\/soymigrante.com\/revista\/wp-content\/uploads\/2023\/06\/Servicio-de-encomiendas-conecta-a-guatemaltecos-en-Estados-Unidos-con-el-sabor-de-su-pueblo-5-300x199.webp 300w, https:\/\/soymigrante.com\/revista\/wp-content\/uploads\/2023\/06\/Servicio-de-encomiendas-conecta-a-guatemaltecos-en-Estados-Unidos-con-el-sabor-de-su-pueblo-5-768x509.webp 768w, https:\/\/soymigrante.com\/revista\/wp-content\/uploads\/2023\/06\/Servicio-de-encomiendas-conecta-a-guatemaltecos-en-Estados-Unidos-con-el-sabor-de-su-pueblo-5-750x497.webp 750w, https:\/\/soymigrante.com\/revista\/wp-content\/uploads\/2023\/06\/Servicio-de-encomiendas-conecta-a-guatemaltecos-en-Estados-Unidos-con-el-sabor-de-su-pueblo-5-1140x756.webp 1140w, https:\/\/soymigrante.com\/revista\/wp-content\/uploads\/2023\/06\/Servicio-de-encomiendas-conecta-a-guatemaltecos-en-Estados-Unidos-con-el-sabor-de-su-pueblo-5.webp 1398w\" sizes=\"(max-width: 1024px) 100vw, 1024px\" \/>\n            <\/div>\n        <\/div><div class=\"eael-entry-wrapper\"><header class=\"eael-entry-header\"><h2 class=\"eael-entry-title\"><a class=\"eael-grid-post-link\" href=\"https:\/\/soymigrante.com\/revista\/encomiendas-llevan-a-migrantes-guatemaltecos-el-sabor-y-el-amor-de-su-tierra\/\" title=\"Encomiendas llevan a migrantes guatemaltecos el sabor y el amor de su tierra\">Encomiendas llevan a migrantes guatemaltecos el sabor y el amor de su tierra<\/a><\/h2><\/header><div class=\"eael-entry-content\">\n                        <div class=\"eael-grid-post-excerpt\"><a href=\"https:\/\/soymigrante.com\/revista\/encomiendas-llevan-a-migrantes-guatemaltecos-el-sabor-y-el-amor-de-su-tierra\/\" class=\"eael-post-elements-readmore-btn\">CONOCE SU HISTORIA <\/a><\/div>\n                    <\/div><\/div><\/div>\n        <\/div>\n    <\/article><article class=\"eael-grid-post  eael-post-grid-column eael-pg-post-1308 category-estamos-unidos\" data-id=\"1308\">\n        <div class=\"eael-grid-post-holder\">\n            <div class=\"eael-grid-post-holder-inner\"><div class=\"eael-entry-media\"><div class=\"eael-entry-overlay fade-in\"><i class=\"far fa-hand-pointer\" aria-hidden=\"true\"><\/i><a href=\"https:\/\/soymigrante.com\/revista\/voto-de-migrantes-guatemaltecos-impulsa-organizacion\/\"><\/a><\/div><div class=\"eael-entry-thumbnail \">\n                <img loading=\"lazy\" decoding=\"async\" width=\"940\" height=\"627\" src=\"https:\/\/soymigrante.com\/revista\/wp-content\/uploads\/2023\/06\/voto-en-el-extranjero.webp\" class=\"attachment-large size-large wp-image-1330\" alt=\"voto en el extranjero\" srcset=\"https:\/\/soymigrante.com\/revista\/wp-content\/uploads\/2023\/06\/voto-en-el-extranjero.webp 940w, https:\/\/soymigrante.com\/revista\/wp-content\/uploads\/2023\/06\/voto-en-el-extranjero-300x200.webp 300w, https:\/\/soymigrante.com\/revista\/wp-content\/uploads\/2023\/06\/voto-en-el-extranjero-768x512.webp 768w, https:\/\/soymigrante.com\/revista\/wp-content\/uploads\/2023\/06\/voto-en-el-extranjero-750x500.webp 750w, https:\/\/soymigrante.com\/revista\/wp-content\/uploads\/2023\/06\/voto-en-el-extranjero-600x400.webp 600w\" sizes=\"(max-width: 940px) 100vw, 940px\" \/>\n            <\/div>\n        <\/div><div class=\"eael-entry-wrapper\"><header class=\"eael-entry-header\"><h2 class=\"eael-entry-title\"><a class=\"eael-grid-post-link\" href=\"https:\/\/soymigrante.com\/revista\/voto-de-migrantes-guatemaltecos-impulsa-organizacion\/\" title=\"\u00bfCu\u00e1ntos migrantes guatemaltecos empadronados hay en ciudades de Estados Unidos?\">\u00bfCu\u00e1ntos migrantes guatemaltecos empadronados hay en ciudades de Estados Unidos?<\/a><\/h2><\/header><div class=\"eael-entry-content\">\n                        <div class=\"eael-grid-post-excerpt\"><a href=\"https:\/\/soymigrante.com\/revista\/voto-de-migrantes-guatemaltecos-impulsa-organizacion\/\" class=\"eael-post-elements-readmore-btn\">CONOCE SU HISTORIA <\/a><\/div>\n                    <\/div><\/div><\/div>\n        <\/div>\n    <\/article><\/div>\n            <div class=\"clearfix\"><\/div>\n        <\/div>\t\t\t\t<\/div>\n\t\t\t\t\t<\/div>\n\t\t\t\t<\/div>\n\t\t\t\t<\/div>\n\t\t","protected":false},"excerpt":{"rendered":"<p>Tribunal Supremo Electoral anunci\u00f3 el reinicio del empadronamiento de migrantes guatemaltecos, pero la participaci\u00f3n electoral fuera del pa\u00eds a\u00fan afronta varios desaf\u00edos. La comunidad guatemalteca en el extranjero, especialmente en Estados Unidos, se prepara con esperanza y cautela ante las pr\u00f3ximas elecciones generales de Guatemala, programadas para 2027. Las proyecciones iniciales apuntan a que la [&hellip;]<\/p>\n","protected":false},"author":19,"featured_media":41732,"comment_status":"open","ping_status":"open","sticky":false,"template":"","format":"standard","meta":{"_acf_changed":false,"_eb_attr":"","footnotes":""},"categories":[54],"tags":[],"class_list":["post-41731","post","type-post","status-publish","format-standard","has-post-thumbnail","hentry","category-estamos-unidos"],"acf":[],"aioseo_notices":[],"aioseo_head":"\n\t\t<!-- All in One SEO Pro 4.9.6.2 - aioseo.com -->\n\t<meta name=\"description\" content=\"\u00bfEn d\u00f3nde est\u00e1n los migrantes guatemaltecos empadronados para votar el 25 de junio? Una mayor participaci\u00f3n respecto de las elecciones de 2019 se espera en las elecciones generales del 25 de junio de 2023, que ser\u00e1 la segunda ocasi\u00f3n en que guatemaltecos empadronados en Estados Unidos puedan emitir el sufragio. Esta vez hay 98,708 guatemaltecos\" \/>\n\t<meta name=\"robots\" content=\"max-snippet:-1, max-image-preview:large, max-video-preview:-1\" \/>\n\t<meta name=\"author\" content=\"Diana Batz\"\/>\n\t<link rel=\"canonical\" href=\"https:\/\/soymigrante.com\/revista\/voto-de-migrantes-guatemaltecos-impulsa-organizacion\/\" \/>\n\t<meta name=\"generator\" content=\"All in One SEO Pro (AIOSEO) 4.9.6.2\" \/>\n\n\t\t<link rel=\"preconnect\" href=\"https:\/\/fonts.googleapis.com\" crossorigin>\n<link rel=\"preconnect\" href=\"https:\/\/fonts.gstatic.com\" crossorigin>\n\t\t<meta property=\"og:locale\" content=\"es_ES\" \/>\n\t\t<meta property=\"og:site_name\" content=\"SoyMigrante.com REVISTA \u2013 Nuestra misi\u00f3n es reconocer y dignificar al migrante.\" \/>\n\t\t<meta property=\"og:type\" content=\"article\" \/>\n\t\t<meta property=\"og:title\" content=\"\u00bfCu\u00e1ntos migrantes guatemaltecos empadronados hay en ciudades de Estados Unidos?\" \/>\n\t\t<meta property=\"og:description\" content=\"\u00bfEn d\u00f3nde est\u00e1n los migrantes guatemaltecos empadronados para votar el 25 de junio? Una mayor participaci\u00f3n respecto de las elecciones de 2019 se espera en las elecciones generales del 25 de junio de 2023, que ser\u00e1 la segunda ocasi\u00f3n en que guatemaltecos empadronados en Estados Unidos puedan emitir el sufragio. Esta vez hay 98,708 guatemaltecos\" \/>\n\t\t<meta property=\"og:url\" content=\"https:\/\/soymigrante.com\/revista\/voto-de-migrantes-guatemaltecos-impulsa-organizacion\/\" \/>\n\t\t<meta property=\"og:image\" content=\"https:\/\/soymigrante.com\/revista\/wp-content\/uploads\/2023\/06\/voto-en-el-extranjero.webp\" \/>\n\t\t<meta property=\"og:image:secure_url\" content=\"https:\/\/soymigrante.com\/revista\/wp-content\/uploads\/2023\/06\/voto-en-el-extranjero.webp\" \/>\n\t\t<meta property=\"og:image:width\" content=\"940\" \/>\n\t\t<meta property=\"og:image:height\" content=\"627\" \/>\n\t\t<meta property=\"article:published_time\" content=\"2023-06-12T00:14:35+00:00\" \/>\n\t\t<meta property=\"article:modified_time\" content=\"2024-06-25T22:11:32+00:00\" \/>\n\t\t<meta property=\"article:publisher\" content=\"https:\/\/www.facebook.com\/soymigrantecom\" \/>\n\t\t<meta name=\"twitter:card\" content=\"summary_large_image\" \/>\n\t\t<meta name=\"twitter:site\" content=\"@SoyMigrante_com\" \/>\n\t\t<meta name=\"twitter:title\" content=\"\u00bfCu\u00e1ntos migrantes guatemaltecos empadronados hay en ciudades de Estados Unidos?\" \/>\n\t\t<meta name=\"twitter:description\" content=\"\u00bfEn d\u00f3nde est\u00e1n los migrantes guatemaltecos empadronados para votar el 25 de junio? Una mayor participaci\u00f3n respecto de las elecciones de 2019 se espera en las elecciones generales del 25 de junio de 2023, que ser\u00e1 la segunda ocasi\u00f3n en que guatemaltecos empadronados en Estados Unidos puedan emitir el sufragio. Esta vez hay 98,708 guatemaltecos\" \/>\n\t\t<meta name=\"twitter:creator\" content=\"@SoyMigrante_com\" \/>\n\t\t<meta name=\"twitter:image\" content=\"https:\/\/soymigrante.com\/revista\/wp-content\/uploads\/2023\/06\/voto-en-el-extranjero.webp\" \/>\n\t\t<!-- All in One SEO Pro -->\r\n\t\t<title>\u00bfCu\u00e1ntos migrantes guatemaltecos empadronados hay en ciudades de Estados Unidos?<\/title>\n\n","aioseo_head_json":{"title":"\u00bfCu\u00e1ntos migrantes guatemaltecos empadronados hay en ciudades de Estados Unidos?","description":"\u00bfEn d\u00f3nde est\u00e1n los migrantes guatemaltecos empadronados para votar el 25 de junio? Una mayor participaci\u00f3n respecto de las elecciones de 2019 se espera en las elecciones generales del 25 de junio de 2023, que ser\u00e1 la segunda ocasi\u00f3n en que guatemaltecos empadronados en Estados Unidos puedan emitir el sufragio. Esta vez hay 98,708 guatemaltecos","canonical_url":"https:\/\/soymigrante.com\/revista\/voto-de-migrantes-guatemaltecos-impulsa-organizacion\/","robots":"max-snippet:-1, max-image-preview:large, max-video-preview:-1","keywords":"","webmasterTools":{"miscellaneous":"&lt;link rel=\"preconnect\" href=\"https:\/\/fonts.googleapis.com\" crossorigin&gt;\n&lt;link rel=\"preconnect\" href=\"https:\/\/fonts.gstatic.com\" crossorigin&gt;"},"schema":null,"og:locale":"es_ES","og:site_name":"SoyMigrante.com REVISTA \u2013 Nuestra misi\u00f3n es reconocer y dignificar al migrante.","og:type":"article","og:title":"\u00bfCu\u00e1ntos migrantes guatemaltecos empadronados hay en ciudades de Estados Unidos?","og:description":"\u00bfEn d\u00f3nde est\u00e1n los migrantes guatemaltecos empadronados para votar el 25 de junio? Una mayor participaci\u00f3n respecto de las elecciones de 2019 se espera en las elecciones generales del 25 de junio de 2023, que ser\u00e1 la segunda ocasi\u00f3n en que guatemaltecos empadronados en Estados Unidos puedan emitir el sufragio. Esta vez hay 98,708 guatemaltecos","og:url":"https:\/\/soymigrante.com\/revista\/voto-de-migrantes-guatemaltecos-impulsa-organizacion\/","og:image":"https:\/\/soymigrante.com\/revista\/wp-content\/uploads\/2023\/06\/voto-en-el-extranjero.webp","og:image:secure_url":"https:\/\/soymigrante.com\/revista\/wp-content\/uploads\/2023\/06\/voto-en-el-extranjero.webp","og:image:width":940,"og:image:height":627,"article:published_time":"2023-06-12T00:14:35+00:00","article:modified_time":"2024-06-25T22:11:32+00:00","article:publisher":"https:\/\/www.facebook.com\/soymigrantecom","twitter:card":"summary_large_image","twitter:site":"@SoyMigrante_com","twitter:title":"\u00bfCu\u00e1ntos migrantes guatemaltecos empadronados hay en ciudades de Estados Unidos?","twitter:description":"\u00bfEn d\u00f3nde est\u00e1n los migrantes guatemaltecos empadronados para votar el 25 de junio? Una mayor participaci\u00f3n respecto de las elecciones de 2019 se espera en las elecciones generales del 25 de junio de 2023, que ser\u00e1 la segunda ocasi\u00f3n en que guatemaltecos empadronados en Estados Unidos puedan emitir el sufragio. Esta vez hay 98,708 guatemaltecos","twitter:creator":"@SoyMigrante_com","twitter:image":"https:\/\/soymigrante.com\/revista\/wp-content\/uploads\/2023\/06\/voto-en-el-extranjero.webp"},"aioseo_meta_data":{"post_id":"41731","title":null,"description":"Los guatemaltecos en el extranjero tienen expectativas de participaci\u00f3n en las elecciones, pero a\u00fan con grandes desaf\u00edos pendientes para ampliar su alcance.","keywords":null,"keyphrases":{"focus":{"keyphrase":"elecciones","score":69,"analysis":{"keyphraseInTitle":{"score":9,"maxScore":9,"error":0},"keyphraseInDescription":{"score":9,"maxScore":9,"error":0},"keyphraseLength":{"score":9,"maxScore":9,"error":0,"length":1},"keyphraseInURL":{"score":5,"maxScore":5,"error":0},"keyphraseInIntroduction":{"score":9,"maxScore":9,"error":0},"keyphraseInSubHeadings":{"score":3,"maxScore":9,"error":1},"keyphraseInImageAlt":{"score":3,"maxScore":9,"error":1},"keywordDensity":{"score":0,"type":"low","maxScore":9,"error":1}}},"additional":[{"keyphrase":"guatemaltecos","score":87,"analysis":{"keyphraseInDescription":{"score":9,"maxScore":9,"error":0},"keyphraseLength":{"score":9,"maxScore":9,"error":0,"length":1},"keyphraseInIntroduction":{"score":3,"maxScore":9,"error":1},"keyphraseInImageAlt":{"score":9,"maxScore":9,"error":0},"keywordDensity":{"type":"best","score":9,"maxScore":9,"error":0}}}]},"primary_term":null,"canonical_url":null,"og_title":null,"og_description":null,"og_object_type":"default","og_image_type":"default","og_image_url":null,"og_image_width":null,"og_image_height":null,"og_image_custom_url":null,"og_image_custom_fields":null,"og_video":"","og_custom_url":null,"og_article_section":null,"og_article_tags":null,"twitter_use_og":false,"twitter_card":"default","twitter_image_type":"default","twitter_image_url":null,"twitter_image_custom_url":null,"twitter_image_custom_fields":null,"twitter_title":null,"twitter_description":null,"schema":{"blockGraphs":[],"customGraphs":[],"default":{"data":{"Article":[],"Course":[],"Dataset":[],"FAQPage":[],"Movie":[],"Person":[],"Product":[],"ProductReview":[],"Car":[],"Recipe":[],"Service":[],"SoftwareApplication":[],"WebPage":[]},"graphName":"none","isEnabled":true},"graphs":[]},"schema_type":"default","schema_type_options":null,"pillar_content":false,"robots_default":true,"robots_noindex":false,"robots_noarchive":false,"robots_nosnippet":false,"robots_nofollow":false,"robots_noimageindex":false,"robots_noodp":false,"robots_notranslate":false,"robots_max_snippet":"-1","robots_max_videopreview":"-1","robots_max_imagepreview":"large","priority":null,"frequency":"default","local_seo":null,"seo_analyzer_scan_date":"2025-10-09 07:33:56","breadcrumb_settings":null,"limit_modified_date":false,"reviewed_by":"0","open_ai":null,"ai":{"faqs":[],"keyPoints":[],"titles":[],"descriptions":[],"socialPosts":{"email":[],"linkedin":[],"twitter":[],"facebook":[],"instagram":[]}},"created":"2025-08-08 20:51:03","updated":"2026-02-05 04:08:48"},"aioseo_breadcrumb":"<div class=\"aioseo-breadcrumbs\"><span class=\"aioseo-breadcrumb\">\n\t<a href=\"https:\/\/soymigrante.com\/revista\" title=\"Home\">Home<\/a>\n<\/span><span class=\"aioseo-breadcrumb-separator\">\u00bb<\/span><span class=\"aioseo-breadcrumb\">\n\t<a href=\"https:\/\/soymigrante.com\/revista\/category\/estamos-unidos\/\" title=\"Estamos Unidos\">Estamos Unidos<\/a>\n<\/span><span class=\"aioseo-breadcrumb-separator\">\u00bb<\/span><span class=\"aioseo-breadcrumb\">\n\tGuatemaltecos en el extranjero: expectativas de participaci\u00f3n en las elecciones\n<\/span><\/div>","aioseo_breadcrumb_json":[{"label":"Home","link":"https:\/\/soymigrante.com\/revista"},{"label":"Estamos Unidos","link":"https:\/\/soymigrante.com\/revista\/category\/estamos-unidos\/"},{"label":"Guatemaltecos en el extranjero: expectativas de participaci\u00f3n en las elecciones","link":"https:\/\/soymigrante.com\/revista\/guatemaltecos-en-el-extranjero-expectativas-de-participacion-en-las-elecciones\/"}],"_links":{"self":[{"href":"https:\/\/soymigrante.com\/revista\/wp-json\/wp\/v2\/posts\/41731","targetHints":{"allow":["GET"]}}],"collection":[{"href":"https:\/\/soymigrante.com\/revista\/wp-json\/wp\/v2\/posts"}],"about":[{"href":"https:\/\/soymigrante.com\/revista\/wp-json\/wp\/v2\/types\/post"}],"author":[{"embeddable":true,"href":"https:\/\/soymigrante.com\/revista\/wp-json\/wp\/v2\/users\/19"}],"replies":[{"embeddable":true,"href":"https:\/\/soymigrante.com\/revista\/wp-json\/wp\/v2\/comments?post=41731"}],"version-history":[{"count":21,"href":"https:\/\/soymigrante.com\/revista\/wp-json\/wp\/v2\/posts\/41731\/revisions"}],"predecessor-version":[{"id":41767,"href":"https:\/\/soymigrante.com\/revista\/wp-json\/wp\/v2\/posts\/41731\/revisions\/41767"}],"wp:featuredmedia":[{"embeddable":true,"href":"https:\/\/soymigrante.com\/revista\/wp-json\/wp\/v2\/media\/41732"}],"wp:attachment":[{"href":"https:\/\/soymigrante.com\/revista\/wp-json\/wp\/v2\/media?parent=41731"}],"wp:term":[{"taxonomy":"category","embeddable":true,"href":"https:\/\/soymigrante.com\/revista\/wp-json\/wp\/v2\/categories?post=41731"},{"taxonomy":"post_tag","embeddable":true,"href":"https:\/\/soymigrante.com\/revista\/wp-json\/wp\/v2\/tags?post=41731"}],"curies":[{"name":"wp","href":"https:\/\/api.w.org\/{rel}","templated":true}]}}