{"id":41714,"date":"2025-08-10T10:27:52","date_gmt":"2025-08-10T16:27:52","guid":{"rendered":"https:\/\/soymigrante.com\/revista\/?p=41714"},"modified":"2025-08-10T10:28:02","modified_gmt":"2025-08-10T16:28:02","slug":"museo-miraflores-recibe-triple-reconocimiento-del-travelers-choice-award-de-tripadvisor","status":"publish","type":"post","link":"https:\/\/soymigrante.com\/revista\/museo-miraflores-recibe-triple-reconocimiento-del-travelers-choice-award-de-tripadvisor\/","title":{"rendered":"Museo Miraflores recibe triple reconocimiento del Travelers\u2019 Choice Award de TripAdvisor"},"content":{"rendered":"\t\t<div data-elementor-type=\"wp-post\" data-elementor-id=\"41714\" class=\"elementor elementor-41714\" data-elementor-post-type=\"post\">\n\t\t\t\t<div data-particle_enable=\"false\" data-particle-mobile-disabled=\"false\" class=\"elementor-element elementor-element-3b6d2d4 e-flex e-con-boxed e-con e-parent\" data-id=\"3b6d2d4\" data-element_type=\"container\" data-e-type=\"container\">\n\t\t\t\t\t<div class=\"e-con-inner\">\n\t\t\t\t<div class=\"elementor-element elementor-element-f29f39f elementor-widget elementor-widget-heading\" data-id=\"f29f39f\" data-element_type=\"widget\" data-e-type=\"widget\" data-widget_type=\"heading.default\">\n\t\t\t\t\t<h2 class=\"elementor-heading-title elementor-size-default\">El museo Miraflores se ha caracterizado por su avance tecnol\u00f3gico y rica colecci\u00f3n de piezas de Kaminal Juy\u00fa. Puedes recorrerlo en vista 360 para motivarte a descubrirlo f\u00edsicamente.<\/h2>\t\t\t\t<\/div>\n\t\t\t\t\t<\/div>\n\t\t\t\t<\/div>\n\t\t<div data-particle_enable=\"false\" data-particle-mobile-disabled=\"false\" class=\"elementor-element elementor-element-92350d2 e-flex e-con-boxed e-con e-parent\" data-id=\"92350d2\" data-element_type=\"container\" data-e-type=\"container\">\n\t\t\t\t\t<div class=\"e-con-inner\">\n\t\t\t\t<div class=\"elementor-element elementor-element-1934921 elementor-widget elementor-widget-text-editor\" data-id=\"1934921\" data-element_type=\"widget\" data-e-type=\"widget\" data-widget_type=\"text-editor.default\">\n\t\t\t\t\t\t\t\t\t<p>El Museo Miraflores, ubicado en la zona 11 capitalina, ha sido galardonado por tercer a\u00f1o consecutivo con el prestigioso <a href=\"https:\/\/www.linkedin.com\/posts\/spectrum-inmobiliaria_museomiraflores-travelerschoiceaward-tripadvisor-activity-7355707383634960384-aDqV\/?originalSubdomain=es\" target=\"_blank\" rel=\"noopener\">Travelers\u2019 Choice Award 2025 que otorga TripAdvisor<\/a>, la plataforma de viajes m\u00e1s grande del mundo. Este reconocimiento se concede a los destinos, atracciones y experiencias mejor valoradas por los visitantes internacionales.<\/p><p>Este premio sit\u00faa al Museo Miraflores entre el 10% de las atracciones tur\u00edsticas m\u00e1s populares del mundo, seg\u00fan las calificaciones y opiniones de viajeros durante el \u00faltimo a\u00f1o. Este museo resguarda patrimonio prehisp\u00e1nico del sitio maya de Kaminal Juy\u00fa, que existi\u00f3 entre los siglos 500 A.C. y 800 D.C.<\/p>\t\t\t\t\t\t\t\t<\/div>\n\t\t\t\t\t<\/div>\n\t\t\t\t<\/div>\n\t\t<div data-particle_enable=\"false\" data-particle-mobile-disabled=\"false\" class=\"elementor-element elementor-element-15e508e e-flex e-con-boxed e-con e-parent\" data-id=\"15e508e\" data-element_type=\"container\" data-e-type=\"container\">\n\t\t\t\t\t<div class=\"e-con-inner\">\n\t\t\t\t<div class=\"elementor-element elementor-element-f4c6071 elementor-widget elementor-widget-heading\" data-id=\"f4c6071\" data-element_type=\"widget\" data-e-type=\"widget\" data-widget_type=\"heading.default\">\n\t\t\t\t\t<h4 class=\"elementor-heading-title elementor-size-default\">Recorrido virtal en 360 grados. <\/h4>\t\t\t\t<\/div>\n\t\t\t\t\t<\/div>\n\t\t\t\t<\/div>\n\t\t<div data-particle_enable=\"false\" data-particle-mobile-disabled=\"false\" class=\"elementor-element elementor-element-e6878ef e-flex e-con-boxed e-con e-parent\" data-id=\"e6878ef\" data-element_type=\"container\" data-e-type=\"container\">\n\t\t\t\t\t<div class=\"e-con-inner\">\n\t\t\t\t<div class=\"elementor-element elementor-element-2f68361 elementor-widget elementor-widget-html\" data-id=\"2f68361\" data-element_type=\"widget\" data-e-type=\"widget\" data-widget_type=\"html.default\">\n\t\t\t\t\t<iframe src=\"https:\/\/www.google.com\/maps\/embed?pb=!4v1754842642934!6m8!1m7!1sCAoSF0NJSE0wb2dLRUlDQWdJRDRtX214b2dF!2m2!1d14.62040299714794!2d-90.55398844782471!3f307.12824783218684!4f1.0841344464556641!5f0.7820865974627469\" width=\"600\" height=\"450\" style=\"border:0;\" allowfullscreen=\"\" loading=\"lazy\" referrerpolicy=\"no-referrer-when-downgrade\"><\/iframe>\t\t\t\t<\/div>\n\t\t\t\t\t<\/div>\n\t\t\t\t<\/div>\n\t\t<div data-particle_enable=\"false\" data-particle-mobile-disabled=\"false\" class=\"elementor-element elementor-element-2b12f32 e-flex e-con-boxed e-con e-parent\" data-id=\"2b12f32\" data-element_type=\"container\" data-e-type=\"container\">\n\t\t\t\t\t<div class=\"e-con-inner\">\n\t\t\t\t<div class=\"elementor-element elementor-element-6cb9802 elementor-widget elementor-widget-heading\" data-id=\"6cb9802\" data-element_type=\"widget\" data-e-type=\"widget\" data-widget_type=\"heading.default\">\n\t\t\t\t\t<h3 class=\"elementor-heading-title elementor-size-default\">Un museo que conecta el pasado con el presente<\/h3>\t\t\t\t<\/div>\n\t\t\t\t\t<\/div>\n\t\t\t\t<\/div>\n\t\t<div data-particle_enable=\"false\" data-particle-mobile-disabled=\"false\" class=\"elementor-element elementor-element-e98dc3b e-flex e-con-boxed e-con e-parent\" data-id=\"e98dc3b\" data-element_type=\"container\" data-e-type=\"container\">\n\t\t\t\t\t<div class=\"e-con-inner\">\n\t\t\t\t<div class=\"elementor-element elementor-element-570db6f elementor-widget elementor-widget-text-editor\" data-id=\"570db6f\" data-element_type=\"widget\" data-e-type=\"widget\" data-widget_type=\"text-editor.default\">\n\t\t\t\t\t\t\t\t\t<p><a href=\"https:\/\/www.linkedin.com\/posts\/spectrum-inmobiliaria_museomiraflores-travelerschoiceaward-tripadvisor-activity-7355707383634960384-aDqV\/?originalSubdomain=es\" target=\"_blank\" rel=\"noopener\">El Museo Miraflores se alza sobre los vestigios de la antigua ciudad maya de Kaminaljuy\u00fa, uno de los asentamientos m\u00e1s importantes del per\u00edodo Precl\u00e1sico mesoamericano.<\/a> A trav\u00e9s de sus salas, el museo ofrece una experiencia interactiva que combina arqueolog\u00eda, historia, arte y tecnolog\u00eda.<\/p><p>Desde su renovaci\u00f3n, el museo ha apostado por un enfoque educativo y sensorial: ofrece realidad aumentada, espacios inmersivos, actividades familiares, y visitas guiadas que explican el contexto hist\u00f3rico de la regi\u00f3n. Su integraci\u00f3n entre cultura ancestral y modernidad ha sido clave para atraer tanto a visitantes nacionales como internacionales.<\/p>\t\t\t\t\t\t\t\t<\/div>\n\t\t\t\t\t<\/div>\n\t\t\t\t<\/div>\n\t\t<div data-particle_enable=\"false\" data-particle-mobile-disabled=\"false\" class=\"elementor-element elementor-element-bbd3970 e-flex e-con-boxed e-con e-parent\" data-id=\"bbd3970\" data-element_type=\"container\" data-e-type=\"container\">\n\t\t\t\t\t<div class=\"e-con-inner\">\n\t\t\t\t<div class=\"elementor-element elementor-element-c107667 elementor-widget elementor-widget-image\" data-id=\"c107667\" data-element_type=\"widget\" data-e-type=\"widget\" data-widget_type=\"image.default\">\n\t\t\t\t\t\t\t\t\t\t\t\t<figure class=\"wp-caption\">\n\t\t\t\t\t\t\t\t\t\t<img fetchpriority=\"high\" decoding=\"async\" width=\"680\" height=\"739\" src=\"https:\/\/soymigrante.com\/revista\/wp-content\/uploads\/2025\/08\/figura.webp\" class=\"attachment-large size-large wp-image-41747\" alt=\"Ancient Mayan stone carving depicting mythological figures and intricate designs, symbolizing cultural heritage and historical significance.\" srcset=\"https:\/\/soymigrante.com\/revista\/wp-content\/uploads\/2025\/08\/figura.webp 680w, https:\/\/soymigrante.com\/revista\/wp-content\/uploads\/2025\/08\/figura-276x300.jpg 276w\" sizes=\"(max-width: 680px) 100vw, 680px\" title=\"El Museo Miraflores resguarda impresionantes piezas halladas en el \u00e1rea donde se encuentra el centro comercial del mismo nombre. Estas piezas provienen del sitio arqueol\u00f3gico maya Kaminal Juy\u00fa. \u2013 SoyMigrante.com REVISTA\" \/>\t\t\t\t\t\t\t\t\t\t\t<figcaption class=\"widget-image-caption wp-caption-text\">Imagen de una talla de piedra maya antigua que muestra figuras mitol\u00f3gicas y dise\u00f1os complejos, destacando el patrimonio cultural y su importancia hist\u00f3rica.<\/figcaption>\n\t\t\t\t\t\t\t\t\t\t<\/figure>\n\t\t\t\t\t\t\t\t\t<\/div>\n\t\t\t\t\t<\/div>\n\t\t\t\t<\/div>\n\t\t<div data-particle_enable=\"false\" data-particle-mobile-disabled=\"false\" class=\"elementor-element elementor-element-4587295 e-flex e-con-boxed e-con e-parent\" data-id=\"4587295\" data-element_type=\"container\" data-e-type=\"container\">\n\t\t\t\t\t<div class=\"e-con-inner\">\n\t\t\t\t<div class=\"elementor-element elementor-element-60bbb83 elementor-widget elementor-widget-heading\" data-id=\"60bbb83\" data-element_type=\"widget\" data-e-type=\"widget\" data-widget_type=\"heading.default\">\n\t\t\t\t\t<h3 class=\"elementor-heading-title elementor-size-default\">Reconocimiento al esfuerzo y la innovaci\u00f3n<\/h3>\t\t\t\t<\/div>\n\t\t\t\t\t<\/div>\n\t\t\t\t<\/div>\n\t\t<div data-particle_enable=\"false\" data-particle-mobile-disabled=\"false\" class=\"elementor-element elementor-element-dc50465 e-flex e-con-boxed e-con e-parent\" data-id=\"dc50465\" data-element_type=\"container\" data-e-type=\"container\">\n\t\t\t\t\t<div class=\"e-con-inner\">\n\t\t\t\t<div class=\"elementor-element elementor-element-169cf0e elementor-widget elementor-widget-text-editor\" data-id=\"169cf0e\" data-element_type=\"widget\" data-e-type=\"widget\" data-widget_type=\"text-editor.default\">\n\t\t\t\t\t\t\t\t\t<p>TripAdvisor entrega los <a href=\"https:\/\/www.tripadvisor.com\/TravelersChoice\">Travelers\u2019 Choice Awards<\/a> a partir de millones de opiniones verificadas de viajeros, quienes califican desde la atenci\u00f3n, limpieza, accesibilidad, contenido cultural hasta la experiencia general.<\/p>\t\t\t\t\t\t\t\t<\/div>\n\t\t\t\t\t<\/div>\n\t\t\t\t<\/div>\n\t\t<div data-particle_enable=\"false\" data-particle-mobile-disabled=\"false\" class=\"elementor-element elementor-element-8f6f632 e-flex e-con-boxed e-con e-parent\" data-id=\"8f6f632\" data-element_type=\"container\" data-e-type=\"container\">\n\t\t\t\t\t<div class=\"e-con-inner\">\n\t\t\t\t<div class=\"elementor-element elementor-element-deffe04 elementor-widget elementor-widget-html\" data-id=\"deffe04\" data-element_type=\"widget\" data-e-type=\"widget\" data-widget_type=\"html.default\">\n\t\t\t\t\t<iframe width=\"560\" height=\"315\" src=\"https:\/\/www.youtube.com\/embed\/u5Udx1MLe10?si=7IpA3XwsHDPqpnP5&amp;start=35\" title=\"YouTube video player\" frameborder=\"0\" allow=\"accelerometer; autoplay; clipboard-write; encrypted-media; gyroscope; picture-in-picture; web-share\" referrerpolicy=\"strict-origin-when-cross-origin\" allowfullscreen><\/iframe>\t\t\t\t<\/div>\n\t\t\t\t\t<\/div>\n\t\t\t\t<\/div>\n\t\t<div data-particle_enable=\"false\" data-particle-mobile-disabled=\"false\" class=\"elementor-element elementor-element-738ade3 e-flex e-con-boxed e-con e-parent\" data-id=\"738ade3\" data-element_type=\"container\" data-e-type=\"container\">\n\t\t\t\t\t<div class=\"e-con-inner\">\n\t\t\t\t<div class=\"elementor-element elementor-element-0950c71 elementor-widget elementor-widget-text-editor\" data-id=\"0950c71\" data-element_type=\"widget\" data-e-type=\"widget\" data-widget_type=\"text-editor.default\">\n\t\t\t\t\t\t\t\t\t<p>Adem\u00e1s de sus exhibiciones permanentes, <a href=\"https:\/\/www.linkedin.com\/posts\/spectrum-inmobiliaria_museomiraflores-travelerschoiceaward-tripadvisor-activity-7355707383634960384-aDqV\/?originalSubdomain=es\" target=\"_blank\" rel=\"noopener\">el Museo Miraflores tambi\u00e9n organiza talleres, conferencias, actividades infantiles y exposiciones temporales que promueven la historia guatemalteca y el pensamiento cr\u00edtico.<\/a> Su tienda de regalos y su cafeter\u00eda, con dise\u00f1o contempor\u00e1neo, completan la experiencia del visitante.<\/p><p>Con este nuevo galard\u00f3n, el Museo Miraflores reafirma su posici\u00f3n como un referente cultural en Guatemala y Centroam\u00e9rica, y como uno de los museos m\u00e1s valorados del pa\u00eds.<\/p>\t\t\t\t\t\t\t\t<\/div>\n\t\t\t\t\t<\/div>\n\t\t\t\t<\/div>\n\t\t<div data-particle_enable=\"false\" data-particle-mobile-disabled=\"false\" class=\"elementor-element elementor-element-e13b11b e-flex e-con-boxed e-con e-parent\" data-id=\"e13b11b\" data-element_type=\"container\" data-e-type=\"container\">\n\t\t\t\t\t<div class=\"e-con-inner\">\n\t\t\t\t<div class=\"elementor-element elementor-element-8b7b873 elementor-widget elementor-widget-heading\" data-id=\"8b7b873\" data-element_type=\"widget\" data-e-type=\"widget\" data-widget_type=\"heading.default\">\n\t\t\t\t\t<h2 class=\"elementor-heading-title elementor-size-default\">Conoce m\u00e1s de los museos de Guatemala, ac\u00e1...<\/h2>\t\t\t\t<\/div>\n\t\t\t\t\t<\/div>\n\t\t\t\t<\/div>\n\t\t<div data-particle_enable=\"false\" data-particle-mobile-disabled=\"false\" class=\"elementor-element elementor-element-c8659a6 e-flex e-con-boxed e-con e-parent\" data-id=\"c8659a6\" data-element_type=\"container\" data-e-type=\"container\">\n\t\t\t\t\t<div class=\"e-con-inner\">\n\t\t\t\t<div class=\"elementor-element elementor-element-cf0f5d1 elementor-grid-eael-col-3 elementor-grid-tablet-eael-col-2 elementor-grid-mobile-eael-col-1 elementor-invisible elementor-widget elementor-widget-eael-post-grid\" data-id=\"cf0f5d1\" data-element_type=\"widget\" data-e-type=\"widget\" data-settings=\"{&quot;eael_post_grid_columns&quot;:&quot;eael-col-3&quot;,&quot;_animation&quot;:&quot;rollIn&quot;,&quot;eael_post_grid_columns_tablet&quot;:&quot;eael-col-2&quot;,&quot;eael_post_grid_columns_mobile&quot;:&quot;eael-col-1&quot;}\" data-widget_type=\"eael-post-grid.default\">\n\t\t\t\t\t<div id=\"eael-post-grid-cf0f5d1\" class=\"eael-post-grid-container\">\n            <div class=\"eael-post-grid eael-post-appender eael-post-appender-cf0f5d1 eael-post-grid-style-one\" data-layout-mode=\"masonry\"><article class=\"eael-grid-post  eael-post-grid-column eael-pg-post-39676 category-guate-nuestra\" data-id=\"39676\">\n        <div class=\"eael-grid-post-holder\">\n            <div class=\"eael-grid-post-holder-inner\"><div class=\"eael-entry-media\"><div class=\"eael-entry-overlay fade-in\"><i class=\"far fa-hand-pointer\" aria-hidden=\"true\"><\/i><a href=\"https:\/\/soymigrante.com\/revista\/la-primera-sede-de-la-universidad-de-san-carlos-en-antigua-guatemala\/\"><\/a><\/div><div class=\"eael-entry-thumbnail \">\n                <img decoding=\"async\" width=\"800\" height=\"535\" src=\"https:\/\/soymigrante.com\/revista\/wp-content\/uploads\/2025\/07\/antigua-sede-de-la-Universidad-de-San-Carlos-en-Antigua-Guatemala-e1752783681272.webp\" class=\"attachment-large size-large wp-image-39677\" alt=\"Jard\u00edn hist\u00f3rico en una hacienda colonial mexicana con arquitectura cl\u00e1sica y cielo con nubes, ideal para turismo y cultura.\" \/>\n            <\/div>\n        <\/div><div class=\"eael-entry-wrapper\"><header class=\"eael-entry-header\"><h2 class=\"eael-entry-title\"><a class=\"eael-grid-post-link\" href=\"https:\/\/soymigrante.com\/revista\/la-primera-sede-de-la-universidad-de-san-carlos-en-antigua-guatemala\/\" title=\"La primera sede de la Universidad de San Carlos en Antigua Guatemala es el Museo de Arte Colonial\">La primera sede de la Universidad de San Carlos en Antigua Guatemala es el Museo de Arte Colonial<\/a><\/h2><\/header><div class=\"eael-entry-content\">\n                        <div class=\"eael-grid-post-excerpt\"><a href=\"https:\/\/soymigrante.com\/revista\/la-primera-sede-de-la-universidad-de-san-carlos-en-antigua-guatemala\/\" class=\"eael-post-elements-readmore-btn\">CONOCE SU HISTORIA <\/a><\/div>\n                    <\/div><\/div><\/div>\n        <\/div>\n    <\/article><article class=\"eael-grid-post  eael-post-grid-column eael-pg-post-38394 category-guate-nuestra\" data-id=\"38394\">\n        <div class=\"eael-grid-post-holder\">\n            <div class=\"eael-grid-post-holder-inner\"><div class=\"eael-entry-media\"><div class=\"eael-entry-overlay fade-in\"><i class=\"far fa-hand-pointer\" aria-hidden=\"true\"><\/i><a href=\"https:\/\/soymigrante.com\/revista\/lugares-emblematicos-de-guatemala-el-palacio-nacional-de-la-cultura\/\"><\/a><\/div><div class=\"eael-entry-thumbnail \">\n                <img decoding=\"async\" width=\"940\" height=\"627\" src=\"https:\/\/soymigrante.com\/revista\/wp-content\/uploads\/2025\/07\/palacio-nacional-de-la-cultura-e1751579496903.webp\" class=\"attachment-large size-large wp-image-38395\" alt=\"Palacio del Congreso de Guatemala con bandera nacional y vista del edificio hist\u00f3rico en el centro de la ciudad.\" \/>\n            <\/div>\n        <\/div><div class=\"eael-entry-wrapper\"><header class=\"eael-entry-header\"><h2 class=\"eael-entry-title\"><a class=\"eael-grid-post-link\" href=\"https:\/\/soymigrante.com\/revista\/lugares-emblematicos-de-guatemala-el-palacio-nacional-de-la-cultura\/\" title=\"Lugares emblem\u00e1ticos de Guatemala: el Palacio Nacional de la Cultura\">Lugares emblem\u00e1ticos de Guatemala: el Palacio Nacional de la Cultura<\/a><\/h2><\/header><div class=\"eael-entry-content\">\n                        <div class=\"eael-grid-post-excerpt\"><a href=\"https:\/\/soymigrante.com\/revista\/lugares-emblematicos-de-guatemala-el-palacio-nacional-de-la-cultura\/\" class=\"eael-post-elements-readmore-btn\">CONOCE SU HISTORIA <\/a><\/div>\n                    <\/div><\/div><\/div>\n        <\/div>\n    <\/article><article class=\"eael-grid-post  eael-post-grid-column eael-pg-post-33627 category-guate-nuestra\" data-id=\"33627\">\n        <div class=\"eael-grid-post-holder\">\n            <div class=\"eael-grid-post-holder-inner\"><div class=\"eael-entry-media\"><div class=\"eael-entry-overlay fade-in\"><i class=\"far fa-hand-pointer\" aria-hidden=\"true\"><\/i><a href=\"https:\/\/soymigrante.com\/revista\/viene-el-dia-de-los-museos-15-museos-guatemaltecos-que-siempre-te-sorprenderan\/\"><\/a><\/div><div class=\"eael-entry-thumbnail \">\n                <img loading=\"lazy\" decoding=\"async\" width=\"474\" height=\"314\" src=\"https:\/\/soymigrante.com\/revista\/wp-content\/uploads\/2025\/05\/Museo-nacional-de-arqueologia-e1747330125149.webp\" class=\"attachment-large size-large wp-image-33628\" alt=\"Instituto Nacional de Antropolog\u00eda e Historia (INAH) en M\u00e9xico, edificio hist\u00f3rico y cultural reconocido por su arquitectura colonial y su importancia en la preservaci\u00f3n del patrimonio cultural.\" \/>\n            <\/div>\n        <\/div><div class=\"eael-entry-wrapper\"><header class=\"eael-entry-header\"><h2 class=\"eael-entry-title\"><a class=\"eael-grid-post-link\" href=\"https:\/\/soymigrante.com\/revista\/viene-el-dia-de-los-museos-15-museos-guatemaltecos-que-siempre-te-sorprenderan\/\" title=\"Viene el D\u00eda de los Museos: 15 museos guatemaltecos que siempre te sorprender\u00e1n\">Viene el D\u00eda de los Museos: 15 museos guatemaltecos que siempre te sorprender\u00e1n<\/a><\/h2><\/header><div class=\"eael-entry-content\">\n                        <div class=\"eael-grid-post-excerpt\"><a href=\"https:\/\/soymigrante.com\/revista\/viene-el-dia-de-los-museos-15-museos-guatemaltecos-que-siempre-te-sorprenderan\/\" class=\"eael-post-elements-readmore-btn\">CONOCE SU HISTORIA <\/a><\/div>\n                    <\/div><\/div><\/div>\n        <\/div>\n    <\/article><\/div>\n            <div class=\"clearfix\"><\/div>\n        <\/div>\t\t\t\t<\/div>\n\t\t\t\t\t<\/div>\n\t\t\t\t<\/div>\n\t\t\t\t<\/div>\n\t\t","protected":false},"excerpt":{"rendered":"<p>El museo Miraflores se ha caracterizado por su avance tecnol\u00f3gico y rica colecci\u00f3n de piezas de Kaminal Juy\u00fa. Puedes recorrerlo en vista 360 para motivarte a descubrirlo f\u00edsicamente. El Museo Miraflores, ubicado en la zona 11 capitalina, ha sido galardonado por tercer a\u00f1o consecutivo con el prestigioso Travelers\u2019 Choice Award 2025 que otorga TripAdvisor, la [&hellip;]<\/p>\n","protected":false},"author":19,"featured_media":41751,"comment_status":"open","ping_status":"open","sticky":false,"template":"","format":"standard","meta":{"_acf_changed":false,"_eb_attr":"","footnotes":""},"categories":[58],"tags":[],"class_list":["post-41714","post","type-post","status-publish","format-standard","has-post-thumbnail","hentry","category-guate-nuestra"],"acf":[],"aioseo_notices":[],"aioseo_head":"\n\t\t<!-- All in One SEO Pro 4.9.6.2 - aioseo.com -->\n\t<meta name=\"description\" content=\"Un fascinante viaje por el pasado y las cultura, por las ra\u00edces prehisp\u00e1nicas y coloniales de Guatemala. Estas son 15 sugerencias para ir visitando en familia.\" \/>\n\t<meta name=\"robots\" content=\"max-snippet:-1, max-image-preview:large, max-video-preview:-1\" \/>\n\t<meta name=\"author\" content=\"Marysabel Aldana\"\/>\n\t<link rel=\"canonical\" href=\"https:\/\/soymigrante.com\/revista\/viene-el-dia-de-los-museos-15-museos-guatemaltecos-que-siempre-te-sorprenderan\/\" \/>\n\t<meta name=\"generator\" content=\"All in One SEO Pro (AIOSEO) 4.9.6.2\" \/>\n\n\t\t<link rel=\"preconnect\" href=\"https:\/\/fonts.googleapis.com\" crossorigin>\n<link rel=\"preconnect\" href=\"https:\/\/fonts.gstatic.com\" crossorigin>\n\t\t<meta property=\"og:locale\" content=\"es_ES\" \/>\n\t\t<meta property=\"og:site_name\" content=\"SoyMigrante.com REVISTA \u2013 Nuestra misi\u00f3n es reconocer y dignificar al migrante.\" \/>\n\t\t<meta property=\"og:type\" content=\"article\" \/>\n\t\t<meta property=\"og:title\" content=\"15 museos guatemaltecos que siempre te sorprender\u00e1n\" \/>\n\t\t<meta property=\"og:description\" content=\"Un fascinante viaje por el pasado y las cultura, por las ra\u00edces prehisp\u00e1nicas y coloniales de Guatemala. Estas son 15 sugerencias para ir visitando en familia.\" \/>\n\t\t<meta property=\"og:url\" content=\"https:\/\/soymigrante.com\/revista\/viene-el-dia-de-los-museos-15-museos-guatemaltecos-que-siempre-te-sorprenderan\/\" \/>\n\t\t<meta property=\"og:image\" content=\"https:\/\/soymigrante.com\/revista\/wp-content\/uploads\/2025\/05\/Museo-nacional-de-arqueologia-e1747330125149.webp\" \/>\n\t\t<meta property=\"og:image:secure_url\" content=\"https:\/\/soymigrante.com\/revista\/wp-content\/uploads\/2025\/05\/Museo-nacional-de-arqueologia-e1747330125149.webp\" \/>\n\t\t<meta property=\"og:image:width\" content=\"474\" \/>\n\t\t<meta property=\"og:image:height\" content=\"314\" \/>\n\t\t<meta property=\"article:published_time\" content=\"2025-05-16T14:23:47+00:00\" \/>\n\t\t<meta property=\"article:modified_time\" content=\"2025-05-16T14:23:51+00:00\" \/>\n\t\t<meta property=\"article:publisher\" content=\"https:\/\/www.facebook.com\/soymigrantecom\" \/>\n\t\t<meta name=\"twitter:card\" content=\"summary_large_image\" \/>\n\t\t<meta name=\"twitter:site\" content=\"@SoyMigrante_com\" \/>\n\t\t<meta name=\"twitter:title\" content=\"15 museos guatemaltecos que siempre te sorprender\u00e1n\" \/>\n\t\t<meta name=\"twitter:description\" content=\"Un fascinante viaje por el pasado y las cultura, por las ra\u00edces prehisp\u00e1nicas y coloniales de Guatemala. Estas son 15 sugerencias para ir visitando en familia.\" \/>\n\t\t<meta name=\"twitter:creator\" content=\"@SoyMigrante_com\" \/>\n\t\t<meta name=\"twitter:image\" content=\"https:\/\/soymigrante.com\/revista\/wp-content\/uploads\/2025\/05\/Museo-nacional-de-arqueologia-e1747330125149.webp\" \/>\n\t\t<!-- All in One SEO Pro -->\r\n\t\t<title>15 museos guatemaltecos que siempre te sorprender\u00e1n<\/title>\n\n","aioseo_head_json":{"title":"15 museos guatemaltecos que siempre te sorprender\u00e1n","description":"Un fascinante viaje por el pasado y las cultura, por las ra\u00edces prehisp\u00e1nicas y coloniales de Guatemala. Estas son 15 sugerencias para ir visitando en familia.","canonical_url":"https:\/\/soymigrante.com\/revista\/viene-el-dia-de-los-museos-15-museos-guatemaltecos-que-siempre-te-sorprenderan\/","robots":"max-snippet:-1, max-image-preview:large, max-video-preview:-1","keywords":"","webmasterTools":{"miscellaneous":"&lt;link rel=\"preconnect\" href=\"https:\/\/fonts.googleapis.com\" crossorigin&gt;\n&lt;link rel=\"preconnect\" href=\"https:\/\/fonts.gstatic.com\" crossorigin&gt;"},"schema":null,"og:locale":"es_ES","og:site_name":"SoyMigrante.com REVISTA \u2013 Nuestra misi\u00f3n es reconocer y dignificar al migrante.","og:type":"article","og:title":"15 museos guatemaltecos que siempre te sorprender\u00e1n","og:description":"Un fascinante viaje por el pasado y las cultura, por las ra\u00edces prehisp\u00e1nicas y coloniales de Guatemala. Estas son 15 sugerencias para ir visitando en familia.","og:url":"https:\/\/soymigrante.com\/revista\/viene-el-dia-de-los-museos-15-museos-guatemaltecos-que-siempre-te-sorprenderan\/","og:image":"https:\/\/soymigrante.com\/revista\/wp-content\/uploads\/2025\/05\/Museo-nacional-de-arqueologia-e1747330125149.webp","og:image:secure_url":"https:\/\/soymigrante.com\/revista\/wp-content\/uploads\/2025\/05\/Museo-nacional-de-arqueologia-e1747330125149.webp","og:image:width":474,"og:image:height":314,"article:published_time":"2025-05-16T14:23:47+00:00","article:modified_time":"2025-05-16T14:23:51+00:00","article:publisher":"https:\/\/www.facebook.com\/soymigrantecom","twitter:card":"summary_large_image","twitter:site":"@SoyMigrante_com","twitter:title":"15 museos guatemaltecos que siempre te sorprender\u00e1n","twitter:description":"Un fascinante viaje por el pasado y las cultura, por las ra\u00edces prehisp\u00e1nicas y coloniales de Guatemala. Estas son 15 sugerencias para ir visitando en familia.","twitter:creator":"@SoyMigrante_com","twitter:image":"https:\/\/soymigrante.com\/revista\/wp-content\/uploads\/2025\/05\/Museo-nacional-de-arqueologia-e1747330125149.webp"},"aioseo_meta_data":{"post_id":"41714","title":"Triple premio TripAdvisor para Museo Miraflores Guatemala","description":"Museo Miraflores, que resguarda patrimonio prehisp\u00e1nico de Kaminal Juy\u00fa, est\u00e1 en selecci\u00f3n mundial hecha por viajeros: el jurado m\u00e1s exigente. Con\u00f3celo.","keywords":null,"keyphrases":{"focus":{"keyphrase":"Museo miraflores","score":91,"analysis":{"keyphraseInTitle":{"score":9,"maxScore":9,"error":0},"keyphraseInDescription":{"score":9,"maxScore":9,"error":0},"keyphraseLength":{"score":9,"maxScore":9,"error":0,"length":2},"keyphraseInURL":{"score":5,"maxScore":5,"error":0},"keyphraseInIntroduction":{"score":9,"maxScore":9,"error":0},"keyphraseInSubHeadings":{"score":3,"maxScore":9,"error":1},"keyphraseInImageAlt":{"score":9,"maxScore":9,"error":0},"keywordDensity":{"type":"best","score":9,"maxScore":9,"error":0}}},"additional":[{"keyphrase":"TripAdvisor","score":53,"analysis":{"keyphraseInDescription":{"score":3,"maxScore":9,"error":1},"keyphraseLength":{"score":9,"maxScore":9,"error":0,"length":1},"keyphraseInIntroduction":{"score":9,"maxScore":9,"error":0},"keyphraseInImageAlt":{"score":3,"maxScore":9,"error":1},"keywordDensity":{"score":0,"type":"low","maxScore":9,"error":1}}}]},"primary_term":null,"canonical_url":null,"og_title":null,"og_description":null,"og_object_type":"default","og_image_type":"default","og_image_url":null,"og_image_width":null,"og_image_height":null,"og_image_custom_url":null,"og_image_custom_fields":null,"og_video":"","og_custom_url":null,"og_article_section":null,"og_article_tags":null,"twitter_use_og":false,"twitter_card":"default","twitter_image_type":"default","twitter_image_url":null,"twitter_image_custom_url":null,"twitter_image_custom_fields":null,"twitter_title":null,"twitter_description":null,"schema":{"blockGraphs":[],"customGraphs":[],"default":{"data":{"Article":[],"Course":[],"Dataset":[],"FAQPage":[],"Movie":[],"Person":[],"Product":[],"ProductReview":[],"Car":[],"Recipe":[],"Service":[],"SoftwareApplication":[],"WebPage":[]},"graphName":"none","isEnabled":true},"graphs":[]},"schema_type":"default","schema_type_options":null,"pillar_content":false,"robots_default":true,"robots_noindex":false,"robots_noarchive":false,"robots_nosnippet":false,"robots_nofollow":false,"robots_noimageindex":false,"robots_noodp":false,"robots_notranslate":false,"robots_max_snippet":"-1","robots_max_videopreview":"-1","robots_max_imagepreview":"large","priority":null,"frequency":"default","local_seo":null,"seo_analyzer_scan_date":"2025-10-09 07:33:56","breadcrumb_settings":null,"limit_modified_date":false,"reviewed_by":"0","open_ai":null,"ai":{"faqs":[],"keyPoints":[],"titles":[],"descriptions":[],"socialPosts":{"email":[],"linkedin":[],"twitter":[],"facebook":[],"instagram":[]}},"created":"2025-08-08 20:21:46","updated":"2026-02-05 04:08:48"},"aioseo_breadcrumb":"<div class=\"aioseo-breadcrumbs\"><span class=\"aioseo-breadcrumb\">\n\t<a href=\"https:\/\/soymigrante.com\/revista\" title=\"Home\">Home<\/a>\n<\/span><span class=\"aioseo-breadcrumb-separator\">\u00bb<\/span><span class=\"aioseo-breadcrumb\">\n\t<a href=\"https:\/\/soymigrante.com\/revista\/category\/guate-nuestra\/\" title=\"Guate Nuestra\">Guate Nuestra<\/a>\n<\/span><span class=\"aioseo-breadcrumb-separator\">\u00bb<\/span><span class=\"aioseo-breadcrumb\">\n\tMuseo Miraflores recibe triple reconocimiento del Travelers\u2019 Choice Award de TripAdvisor\n<\/span><\/div>","aioseo_breadcrumb_json":[{"label":"Home","link":"https:\/\/soymigrante.com\/revista"},{"label":"Guate Nuestra","link":"https:\/\/soymigrante.com\/revista\/category\/guate-nuestra\/"},{"label":"Museo Miraflores recibe triple reconocimiento del Travelers\u2019 Choice Award de TripAdvisor","link":"https:\/\/soymigrante.com\/revista\/museo-miraflores-recibe-triple-reconocimiento-del-travelers-choice-award-de-tripadvisor\/"}],"_links":{"self":[{"href":"https:\/\/soymigrante.com\/revista\/wp-json\/wp\/v2\/posts\/41714","targetHints":{"allow":["GET"]}}],"collection":[{"href":"https:\/\/soymigrante.com\/revista\/wp-json\/wp\/v2\/posts"}],"about":[{"href":"https:\/\/soymigrante.com\/revista\/wp-json\/wp\/v2\/types\/post"}],"author":[{"embeddable":true,"href":"https:\/\/soymigrante.com\/revista\/wp-json\/wp\/v2\/users\/19"}],"replies":[{"embeddable":true,"href":"https:\/\/soymigrante.com\/revista\/wp-json\/wp\/v2\/comments?post=41714"}],"version-history":[{"count":16,"href":"https:\/\/soymigrante.com\/revista\/wp-json\/wp\/v2\/posts\/41714\/revisions"}],"predecessor-version":[{"id":41753,"href":"https:\/\/soymigrante.com\/revista\/wp-json\/wp\/v2\/posts\/41714\/revisions\/41753"}],"wp:featuredmedia":[{"embeddable":true,"href":"https:\/\/soymigrante.com\/revista\/wp-json\/wp\/v2\/media\/41751"}],"wp:attachment":[{"href":"https:\/\/soymigrante.com\/revista\/wp-json\/wp\/v2\/media?parent=41714"}],"wp:term":[{"taxonomy":"category","embeddable":true,"href":"https:\/\/soymigrante.com\/revista\/wp-json\/wp\/v2\/categories?post=41714"},{"taxonomy":"post_tag","embeddable":true,"href":"https:\/\/soymigrante.com\/revista\/wp-json\/wp\/v2\/tags?post=41714"}],"curies":[{"name":"wp","href":"https:\/\/api.w.org\/{rel}","templated":true}]}}