{"id":41679,"date":"2025-08-11T06:00:00","date_gmt":"2025-08-11T12:00:00","guid":{"rendered":"https:\/\/soymigrante.com\/revista\/?p=41679"},"modified":"2025-08-10T22:25:52","modified_gmt":"2025-08-11T04:25:52","slug":"ensenar-a-pensar-en-plena-era-de-la-inteligencia-artificial-sugerencias-muy-practicas","status":"publish","type":"post","link":"https:\/\/soymigrante.com\/revista\/ensenar-a-pensar-en-plena-era-de-la-inteligencia-artificial-sugerencias-muy-practicas\/","title":{"rendered":"Ense\u00f1ar a pensar en plena era de la inteligencia artificial: sugerencias muy pr\u00e1cticas"},"content":{"rendered":"\t\t<div data-elementor-type=\"wp-post\" data-elementor-id=\"41679\" class=\"elementor elementor-41679\" data-elementor-post-type=\"post\">\n\t\t\t\t<div data-particle_enable=\"false\" data-particle-mobile-disabled=\"false\" class=\"elementor-element elementor-element-27e5b5f e-flex e-con-boxed e-con e-parent\" data-id=\"27e5b5f\" data-element_type=\"container\" data-e-type=\"container\">\n\t\t\t\t\t<div class=\"e-con-inner\">\n\t\t\t\t<div class=\"elementor-element elementor-element-8db5713 elementor-widget elementor-widget-heading\" data-id=\"8db5713\" data-element_type=\"widget\" data-e-type=\"widget\" data-widget_type=\"heading.default\">\n\t\t\t\t\t<h2 class=\"elementor-heading-title elementor-size-default\">Pensar es una de las herramientas de la humanidad, pero con la inteligencia artificial ha pasado a ser segundo plano, conoce cu\u00e1l es reto ahora. \n<\/h2>\t\t\t\t<\/div>\n\t\t\t\t\t<\/div>\n\t\t\t\t<\/div>\n\t\t<div data-particle_enable=\"false\" data-particle-mobile-disabled=\"false\" class=\"elementor-element elementor-element-d03a668 e-flex e-con-boxed e-con e-parent\" data-id=\"d03a668\" data-element_type=\"container\" data-e-type=\"container\">\n\t\t\t\t\t<div class=\"e-con-inner\">\n\t\t\t\t<div class=\"elementor-element elementor-element-c143286 elementor-widget elementor-widget-text-editor\" data-id=\"c143286\" data-element_type=\"widget\" data-e-type=\"widget\" data-widget_type=\"text-editor.default\">\n\t\t\t\t\t\t\t\t\t<p>En un mundo donde las respuestas est\u00e1n a un clic de distancia y la inteligencia artificial (IA) puede redactar ensayos, <a href=\"https:\/\/soymigrante.com\/revista\/la-falta-de-educacion-formal-limitaciones-y-oportunidades\/\" target=\"_blank\" rel=\"noopener\">resolver ecuaciones y hasta predecir comportamientos, la educaci\u00f3n enfrenta un desaf\u00edo urgente: ense\u00f1ar a pensar.<\/a><\/p><p>No se trata solo de memorizar o reproducir informaci\u00f3n, sino de formar personas cr\u00edticas, creativas y \u00e9ticas capaces de convivir y prosperar en un entorno digital en constante evoluci\u00f3n.<\/p>\t\t\t\t\t\t\t\t<\/div>\n\t\t\t\t\t<\/div>\n\t\t\t\t<\/div>\n\t\t<div data-particle_enable=\"false\" data-particle-mobile-disabled=\"false\" class=\"elementor-element elementor-element-e767d93 e-flex e-con-boxed e-con e-parent\" data-id=\"e767d93\" data-element_type=\"container\" data-e-type=\"container\">\n\t\t\t\t\t<div class=\"e-con-inner\">\n\t\t\t\t<div class=\"elementor-element elementor-element-09c4300 elementor-widget elementor-widget-heading\" data-id=\"09c4300\" data-element_type=\"widget\" data-e-type=\"widget\" data-widget_type=\"heading.default\">\n\t\t\t\t\t<h3 class=\"elementor-heading-title elementor-size-default\">Pensar m\u00e1s all\u00e1 del algoritmo<\/h3>\t\t\t\t<\/div>\n\t\t\t\t\t<\/div>\n\t\t\t\t<\/div>\n\t\t<div data-particle_enable=\"false\" data-particle-mobile-disabled=\"false\" class=\"elementor-element elementor-element-4b41a58 e-flex e-con-boxed e-con e-parent\" data-id=\"4b41a58\" data-element_type=\"container\" data-e-type=\"container\">\n\t\t\t\t\t<div class=\"e-con-inner\">\n\t\t\t\t<div class=\"elementor-element elementor-element-ca4ad4e elementor-widget elementor-widget-text-editor\" data-id=\"ca4ad4e\" data-element_type=\"widget\" data-e-type=\"widget\" data-widget_type=\"text-editor.default\">\n\t\t\t\t\t\t\t\t\t<p>\u201cSi la IA puede escribir por ti, entonces el valor humano no estar\u00e1 en saber, sino en pensar lo que otros no pueden pensar\u201d, afirma la educadora, Marta Rivas, experta en innovaci\u00f3n educativa.<a href=\"https:\/\/soymigrante.com\/revista\/la-falta-de-educacion-formal-limitaciones-y-oportunidades\/\" target=\"_blank\" rel=\"noopener\"> Para ella, ense\u00f1ar a pensar en la era de la IA significa ir m\u00e1s all\u00e1 de la repetici\u00f3n mec\u00e1nica de datos.<\/a> \u201cNecesitamos fomentar el pensamiento cr\u00edtico, la interpretaci\u00f3n profunda y el an\u00e1lisis \u00e9tico de la informaci\u00f3n\u201d, dice.<\/p>\t\t\t\t\t\t\t\t<\/div>\n\t\t\t\t\t<\/div>\n\t\t\t\t<\/div>\n\t\t<div data-particle_enable=\"false\" data-particle-mobile-disabled=\"false\" class=\"elementor-element elementor-element-0b7b7e1 e-flex e-con-boxed e-con e-parent\" data-id=\"0b7b7e1\" data-element_type=\"container\" data-e-type=\"container\">\n\t\t\t\t\t<div class=\"e-con-inner\">\n\t\t\t\t<div class=\"elementor-element elementor-element-1dcc756 elementor-widget elementor-widget-image\" data-id=\"1dcc756\" data-element_type=\"widget\" data-e-type=\"widget\" data-widget_type=\"image.default\">\n\t\t\t\t\t\t\t\t\t\t\t\t<figure class=\"wp-caption\">\n\t\t\t\t\t\t\t\t\t\t<img fetchpriority=\"high\" decoding=\"async\" width=\"768\" height=\"512\" src=\"https:\/\/soymigrante.com\/revista\/wp-content\/uploads\/2025\/08\/Ensenar-a-pensar-en-la-era-de-la-inteligencia-artificial2-1024x682.jpeg\" class=\"attachment-large size-large wp-image-41709\" alt=\"Inteligencia artificial y tecnolog\u00eda digital conectada a recursos como internet, comunicaci\u00f3n y seguridad en una ilustraci\u00f3n futurista.\" srcset=\"https:\/\/soymigrante.com\/revista\/wp-content\/uploads\/2025\/08\/Ensenar-a-pensar-en-la-era-de-la-inteligencia-artificial2-1024x682.jpeg 1024w, https:\/\/soymigrante.com\/revista\/wp-content\/uploads\/2025\/08\/Ensenar-a-pensar-en-la-era-de-la-inteligencia-artificial2-300x200.jpeg 300w, https:\/\/soymigrante.com\/revista\/wp-content\/uploads\/2025\/08\/Ensenar-a-pensar-en-la-era-de-la-inteligencia-artificial2-768x512.jpeg 768w, https:\/\/soymigrante.com\/revista\/wp-content\/uploads\/2025\/08\/Ensenar-a-pensar-en-la-era-de-la-inteligencia-artificial2-1536x1023.jpeg 1536w, https:\/\/soymigrante.com\/revista\/wp-content\/uploads\/2025\/08\/Ensenar-a-pensar-en-la-era-de-la-inteligencia-artificial2-750x500.jpeg 750w, https:\/\/soymigrante.com\/revista\/wp-content\/uploads\/2025\/08\/Ensenar-a-pensar-en-la-era-de-la-inteligencia-artificial2-1140x760.jpeg 1140w, https:\/\/soymigrante.com\/revista\/wp-content\/uploads\/2025\/08\/Ensenar-a-pensar-en-la-era-de-la-inteligencia-artificial2.webp 1600w\" sizes=\"(max-width: 768px) 100vw, 768px\" title=\"El uso de la IA se ha potencializado en los salones de clases. (Foto: ENVATO) \u2013 SoyMigrante.com REVISTA\" \/>\t\t\t\t\t\t\t\t\t\t\t<figcaption class=\"widget-image-caption wp-caption-text\">Ilustraci\u00f3n de inteligencia artificial y tecnolog\u00eda digital conectada a internet, comunicaci\u00f3n y seguridad en un entorno futurista, destacando avances tecnol\u00f3gicos y la transformaci\u00f3n digital en la era moderna.<\/figcaption>\n\t\t\t\t\t\t\t\t\t\t<\/figure>\n\t\t\t\t\t\t\t\t\t<\/div>\n\t\t\t\t\t<\/div>\n\t\t\t\t<\/div>\n\t\t<div data-particle_enable=\"false\" data-particle-mobile-disabled=\"false\" class=\"elementor-element elementor-element-f1f3b8e e-flex e-con-boxed e-con e-parent\" data-id=\"f1f3b8e\" data-element_type=\"container\" data-e-type=\"container\">\n\t\t\t\t\t<div class=\"e-con-inner\">\n\t\t\t\t<div class=\"elementor-element elementor-element-38bab00 elementor-widget elementor-widget-heading\" data-id=\"38bab00\" data-element_type=\"widget\" data-e-type=\"widget\" data-widget_type=\"heading.default\">\n\t\t\t\t\t<h3 class=\"elementor-heading-title elementor-size-default\">M\u00e9todos que cobran fuerza<\/h3>\t\t\t\t<\/div>\n\t\t\t\t\t<\/div>\n\t\t\t\t<\/div>\n\t\t<div data-particle_enable=\"false\" data-particle-mobile-disabled=\"false\" class=\"elementor-element elementor-element-5313104 e-flex e-con-boxed e-con e-parent\" data-id=\"5313104\" data-element_type=\"container\" data-e-type=\"container\">\n\t\t\t\t\t<div class=\"e-con-inner\">\n\t\t\t\t<div class=\"elementor-element elementor-element-1e5e91b elementor-widget elementor-widget-text-editor\" data-id=\"1e5e91b\" data-element_type=\"widget\" data-e-type=\"widget\" data-widget_type=\"text-editor.default\">\n\t\t\t\t\t\t\t\t\t<div><a href=\"https:\/\/soymigrante.com\/revista\/la-falta-de-educacion-formal-limitaciones-y-oportunidades\/\" target=\"_blank\" rel=\"noopener\">Diversos enfoques est\u00e1n siendo aplicados y adaptados para fortalecer la capacidad de razonamiento en ni\u00f1os, j\u00f3venes y adultos:<\/a><\/div><div><strong>1.Aprendizaje basado en proyectos (ABP)<\/strong>: Permite a los estudiantes investigar y resolver problemas reales, desarrollando habilidades de an\u00e1lisis, colaboraci\u00f3n y toma de decisiones.<\/div><div>2.Filosof\u00eda para ni\u00f1os: Introducida en Guatemala por algunos colegios privados, busca que desde temprana edad los estudiantes cuestionen, dialoguen y estructuren argumentos.<\/div><div><strong>3.Pensamiento computacional:<\/strong> No es solo programar, sino aprender a descomponer problemas, identificar patrones y formular soluciones l\u00f3gicas, habilidades clave en la era digital.<\/div><div><strong>4.Rutinas de pensamiento:<\/strong> Herramientas visuales y pr\u00e1cticas como mapas mentales, \u201cveo \u2013 pienso \u2013 me pregunto\u201d o \u201cconectar \u2013 ampliar \u2013 desafiar\u201d ayudan a organizar ideas y desarrollar pensamiento metacognitivo.<\/div><div><strong>5.Discusi\u00f3n socr\u00e1tica y debates guiados:<\/strong> Invitan a los estudiantes a cuestionar, escuchar activamente y sostener argumentos con evidencia, en lugar de depender de respuestas generadas por IA.<\/div>\t\t\t\t\t\t\t\t<\/div>\n\t\t\t\t\t<\/div>\n\t\t\t\t<\/div>\n\t\t<div data-particle_enable=\"false\" data-particle-mobile-disabled=\"false\" class=\"elementor-element elementor-element-ca82ea2 e-flex e-con-boxed e-con e-parent\" data-id=\"ca82ea2\" data-element_type=\"container\" data-e-type=\"container\">\n\t\t\t\t\t<div class=\"e-con-inner\">\n\t\t\t\t<div class=\"elementor-element elementor-element-c252313 elementor-widget elementor-widget-image\" data-id=\"c252313\" data-element_type=\"widget\" data-e-type=\"widget\" data-widget_type=\"image.default\">\n\t\t\t\t\t\t\t\t\t\t\t\t<figure class=\"wp-caption\">\n\t\t\t\t\t\t\t\t\t\t<img decoding=\"async\" width=\"768\" height=\"512\" src=\"https:\/\/soymigrante.com\/revista\/wp-content\/uploads\/2025\/08\/Ensenar-a-pensar-en-la-era-de-la-inteligencia-artificial4-1024x682.jpeg\" class=\"attachment-large size-large wp-image-41708\" alt=\"Rob\u00f3tica educativa para estudiantes en un taller innovador, fomentando habilidades STEM y creatividad en un ambiente multicultural.\" srcset=\"https:\/\/soymigrante.com\/revista\/wp-content\/uploads\/2025\/08\/Ensenar-a-pensar-en-la-era-de-la-inteligencia-artificial4-1024x682.jpeg 1024w, https:\/\/soymigrante.com\/revista\/wp-content\/uploads\/2025\/08\/Ensenar-a-pensar-en-la-era-de-la-inteligencia-artificial4-300x200.jpeg 300w, https:\/\/soymigrante.com\/revista\/wp-content\/uploads\/2025\/08\/Ensenar-a-pensar-en-la-era-de-la-inteligencia-artificial4-768x512.jpeg 768w, https:\/\/soymigrante.com\/revista\/wp-content\/uploads\/2025\/08\/Ensenar-a-pensar-en-la-era-de-la-inteligencia-artificial4-1536x1023.jpeg 1536w, https:\/\/soymigrante.com\/revista\/wp-content\/uploads\/2025\/08\/Ensenar-a-pensar-en-la-era-de-la-inteligencia-artificial4-750x500.jpeg 750w, https:\/\/soymigrante.com\/revista\/wp-content\/uploads\/2025\/08\/Ensenar-a-pensar-en-la-era-de-la-inteligencia-artificial4-1140x760.jpeg 1140w, https:\/\/soymigrante.com\/revista\/wp-content\/uploads\/2025\/08\/Ensenar-a-pensar-en-la-era-de-la-inteligencia-artificial4.webp 1600w\" sizes=\"(max-width: 768px) 100vw, 768px\" title=\"Los profesores se tienen que reformar para no quedarse atr\u00e1s en la inteligencia artificial. (Foto: Envato) \u2013 SoyMigrante.com REVISTA\" \/>\t\t\t\t\t\t\t\t\t\t\t<figcaption class=\"widget-image-caption wp-caption-text\">Escuela de rob\u00f3tica para j\u00f3venes en taller de innovaci\u00f3n y tecnolog\u00eda, promoviendo aprendizaje STEM y habilidades digitales en un entorno inclusivo.<\/figcaption>\n\t\t\t\t\t\t\t\t\t\t<\/figure>\n\t\t\t\t\t\t\t\t\t<\/div>\n\t\t\t\t\t<\/div>\n\t\t\t\t<\/div>\n\t\t<div data-particle_enable=\"false\" data-particle-mobile-disabled=\"false\" class=\"elementor-element elementor-element-8f16d50 e-flex e-con-boxed e-con e-parent\" data-id=\"8f16d50\" data-element_type=\"container\" data-e-type=\"container\">\n\t\t\t\t\t<div class=\"e-con-inner\">\n\t\t\t\t<div class=\"elementor-element elementor-element-82ad134 elementor-widget elementor-widget-heading\" data-id=\"82ad134\" data-element_type=\"widget\" data-e-type=\"widget\" data-widget_type=\"heading.default\">\n\t\t\t\t\t<h3 class=\"elementor-heading-title elementor-size-default\">Docentes que tambi\u00e9n deben repensarse<\/h3>\t\t\t\t<\/div>\n\t\t\t\t\t<\/div>\n\t\t\t\t<\/div>\n\t\t<div data-particle_enable=\"false\" data-particle-mobile-disabled=\"false\" class=\"elementor-element elementor-element-2e6af4e e-flex e-con-boxed e-con e-parent\" data-id=\"2e6af4e\" data-element_type=\"container\" data-e-type=\"container\">\n\t\t\t\t\t<div class=\"e-con-inner\">\n\t\t\t\t<div class=\"elementor-element elementor-element-84d5c28 elementor-widget elementor-widget-text-editor\" data-id=\"84d5c28\" data-element_type=\"widget\" data-e-type=\"widget\" data-widget_type=\"text-editor.default\">\n\t\t\t\t\t\t\t\t\t<p><a href=\"https:\/\/soymigrante.com\/revista\/la-falta-de-educacion-formal-limitaciones-y-oportunidades\/\" target=\"_blank\" rel=\"noopener\">La presencia de la IA en las aulas tambi\u00e9n obliga a repensar el rol del docente<\/a>. Ya no es solo un transmisor de conocimiento, sino un facilitador del pensamiento. \u201cEl reto es dise\u00f1ar preguntas que una inteligencia artificial no pueda responder, pero que despierten la reflexi\u00f3n humana\u201d, apunta Carlos L\u00f3pez, catedr\u00e1tico universitario en pedagog\u00eda.<\/p><p>Adem\u00e1s, los educadores deben acompa\u00f1ar a sus estudiantes en el uso consciente y responsable de las herramientas tecnol\u00f3gicas, ense\u00f1\u00e1ndoles a verificar fuentes, detectar sesgos y reconocer los l\u00edmites \u00e9ticos del uso de la IA.<\/p>\t\t\t\t\t\t\t\t<\/div>\n\t\t\t\t\t<\/div>\n\t\t\t\t<\/div>\n\t\t<div data-particle_enable=\"false\" data-particle-mobile-disabled=\"false\" class=\"elementor-element elementor-element-336b91c e-flex e-con-boxed e-con e-parent\" data-id=\"336b91c\" data-element_type=\"container\" data-e-type=\"container\">\n\t\t\t\t\t<div class=\"e-con-inner\">\n\t\t\t\t<div class=\"elementor-element elementor-element-aea5b1a elementor-widget elementor-widget-heading\" data-id=\"aea5b1a\" data-element_type=\"widget\" data-e-type=\"widget\" data-widget_type=\"heading.default\">\n\t\t\t\t\t<h3 class=\"elementor-heading-title elementor-size-default\">\u00bfUna amenaza o una oportunidad?<\/h3>\t\t\t\t<\/div>\n\t\t\t\t\t<\/div>\n\t\t\t\t<\/div>\n\t\t<div data-particle_enable=\"false\" data-particle-mobile-disabled=\"false\" class=\"elementor-element elementor-element-b43421f e-flex e-con-boxed e-con e-parent\" data-id=\"b43421f\" data-element_type=\"container\" data-e-type=\"container\">\n\t\t\t\t\t<div class=\"e-con-inner\">\n\t\t\t\t<div class=\"elementor-element elementor-element-950b69b elementor-widget elementor-widget-text-editor\" data-id=\"950b69b\" data-element_type=\"widget\" data-e-type=\"widget\" data-widget_type=\"text-editor.default\">\n\t\t\t\t\t\t\t\t\t<p>Lejos de ver a la inteligencia artificial como una amenaza, muchos expertos coinciden en que puede ser una aliada. <a href=\"https:\/\/soymigrante.com\/revista\/la-falta-de-educacion-formal-limitaciones-y-oportunidades\/\" target=\"_blank\" rel=\"noopener\">La IA permite personalizar el aprendizaje, sugerir contenidos ajustados al ritmo del estudiante y generar simulaciones para tomar decisiones.<\/a><\/p><p>\u201cPero ning\u00fan robot puede reemplazar la intuici\u00f3n, la empat\u00eda ni el juicio humano\u201d, recuerda Rivas. \u201cPor eso, hoy m\u00e1s que nunca, ense\u00f1ar a pensar es un acto revolucionario\u201d.<\/p>\t\t\t\t\t\t\t\t<\/div>\n\t\t\t\t\t<\/div>\n\t\t\t\t<\/div>\n\t\t<div data-particle_enable=\"false\" data-particle-mobile-disabled=\"false\" class=\"elementor-element elementor-element-1bbca57 e-flex e-con-boxed e-con e-parent\" data-id=\"1bbca57\" data-element_type=\"container\" data-e-type=\"container\">\n\t\t\t\t\t<div class=\"e-con-inner\">\n\t\t\t\t<div class=\"elementor-element elementor-element-1268b93 elementor-widget elementor-widget-heading\" data-id=\"1268b93\" data-element_type=\"widget\" data-e-type=\"widget\" data-widget_type=\"heading.default\">\n\t\t\t\t\t<h2 class=\"elementor-heading-title elementor-size-default\">Conoce estos temas que te pueden interesar...<\/h2>\t\t\t\t<\/div>\n\t\t\t\t\t<\/div>\n\t\t\t\t<\/div>\n\t\t<div data-particle_enable=\"false\" data-particle-mobile-disabled=\"false\" class=\"elementor-element elementor-element-d90231d e-flex e-con-boxed e-con e-parent\" data-id=\"d90231d\" data-element_type=\"container\" data-e-type=\"container\">\n\t\t\t\t\t<div class=\"e-con-inner\">\n\t\t\t\t<div class=\"elementor-element elementor-element-54aa818 elementor-grid-eael-col-3 elementor-grid-tablet-eael-col-2 elementor-grid-mobile-eael-col-1 elementor-invisible elementor-widget elementor-widget-eael-post-grid\" data-id=\"54aa818\" data-element_type=\"widget\" data-e-type=\"widget\" data-settings=\"{&quot;eael_post_grid_columns&quot;:&quot;eael-col-3&quot;,&quot;_animation&quot;:&quot;rollIn&quot;,&quot;eael_post_grid_columns_tablet&quot;:&quot;eael-col-2&quot;,&quot;eael_post_grid_columns_mobile&quot;:&quot;eael-col-1&quot;}\" data-widget_type=\"eael-post-grid.default\">\n\t\t\t\t\t<div id=\"eael-post-grid-54aa818\" class=\"eael-post-grid-container\">\n            <div class=\"eael-post-grid eael-post-appender eael-post-appender-54aa818 eael-post-grid-style-one\" data-layout-mode=\"masonry\"><article class=\"eael-grid-post  eael-post-grid-column eael-pg-post-30622 category-bienestar\" data-id=\"30622\">\n        <div class=\"eael-grid-post-holder\">\n            <div class=\"eael-grid-post-holder-inner\"><div class=\"eael-entry-media\"><div class=\"eael-entry-overlay fade-in\"><i class=\"far fa-hand-pointer\" aria-hidden=\"true\"><\/i><a href=\"https:\/\/soymigrante.com\/revista\/educacion-en-pertinencia-ambiental-y-respeto-a-la-naturaleza-es-clave-para-el-futuro\/\"><\/a><\/div><div class=\"eael-entry-thumbnail \">\n                <img decoding=\"async\" width=\"1024\" height=\"1024\" src=\"https:\/\/soymigrante.com\/revista\/wp-content\/uploads\/2025\/04\/Crianza-para-la-resiliencia-climatica-Educar-para-un-futuro-sostenible-3-e1744317463397-1024x1024.jpeg\" class=\"attachment-large size-large wp-image-30623\" alt=\"Contaminaci\u00f3n en r\u00edos por basura generada por migrantes y comunidades cercanas. Iniciativa para promover conciencia ambiental y acciones sostenibles en zonas migrantes.\" srcset=\"https:\/\/soymigrante.com\/revista\/wp-content\/uploads\/2025\/04\/Crianza-para-la-resiliencia-climatica-Educar-para-un-futuro-sostenible-3-e1744317463397-1024x1024.jpeg 1024w, https:\/\/soymigrante.com\/revista\/wp-content\/uploads\/2025\/04\/Crianza-para-la-resiliencia-climatica-Educar-para-un-futuro-sostenible-3-e1744317463397-300x300.jpeg 300w, https:\/\/soymigrante.com\/revista\/wp-content\/uploads\/2025\/04\/Crianza-para-la-resiliencia-climatica-Educar-para-un-futuro-sostenible-3-e1744317463397-150x150.jpeg 150w, https:\/\/soymigrante.com\/revista\/wp-content\/uploads\/2025\/04\/Crianza-para-la-resiliencia-climatica-Educar-para-un-futuro-sostenible-3-e1744317463397-768x768.jpeg 768w, https:\/\/soymigrante.com\/revista\/wp-content\/uploads\/2025\/04\/Crianza-para-la-resiliencia-climatica-Educar-para-un-futuro-sostenible-3-e1744317463397-75x75.webp 75w, https:\/\/soymigrante.com\/revista\/wp-content\/uploads\/2025\/04\/Crianza-para-la-resiliencia-climatica-Educar-para-un-futuro-sostenible-3-e1744317463397-750x750.webp 750w, https:\/\/soymigrante.com\/revista\/wp-content\/uploads\/2025\/04\/Crianza-para-la-resiliencia-climatica-Educar-para-un-futuro-sostenible-3-e1744317463397.webp 1060w\" sizes=\"(max-width: 1024px) 100vw, 1024px\" \/>\n            <\/div>\n        <\/div><div class=\"eael-entry-wrapper\"><header class=\"eael-entry-header\"><h2 class=\"eael-entry-title\"><a class=\"eael-grid-post-link\" href=\"https:\/\/soymigrante.com\/revista\/educacion-en-pertinencia-ambiental-y-respeto-a-la-naturaleza-es-clave-para-el-futuro\/\" title=\"Educaci\u00f3n  en pertinencia ambiental y respeto a la naturaleza es clave para el futuro\">Educaci\u00f3n  en pertinencia ambiental y respeto a la naturaleza es clave para el futuro<\/a><\/h2><\/header><div class=\"eael-entry-content\">\n                        <div class=\"eael-grid-post-excerpt\"><a href=\"https:\/\/soymigrante.com\/revista\/educacion-en-pertinencia-ambiental-y-respeto-a-la-naturaleza-es-clave-para-el-futuro\/\" class=\"eael-post-elements-readmore-btn\">CONOCE SU HISTORIA <\/a><\/div>\n                    <\/div><\/div><\/div>\n        <\/div>\n    <\/article><article class=\"eael-grid-post  eael-post-grid-column eael-pg-post-12462 category-bienestar\" data-id=\"12462\">\n        <div class=\"eael-grid-post-holder\">\n            <div class=\"eael-grid-post-holder-inner\"><div class=\"eael-entry-media\"><div class=\"eael-entry-overlay fade-in\"><i class=\"far fa-hand-pointer\" aria-hidden=\"true\"><\/i><a href=\"https:\/\/soymigrante.com\/revista\/tu-hijo-tiene-capacidades-diferentes-y-necesita-educacion-especial-te-decimos-en-donde-buscar\/\"><\/a><\/div><div class=\"eael-entry-thumbnail \">\n                <img loading=\"lazy\" decoding=\"async\" width=\"1024\" height=\"1024\" src=\"https:\/\/soymigrante.com\/revista\/wp-content\/uploads\/2024\/11\/capacidades-diferentes-55-1024x1024.jpg\" class=\"attachment-large size-large wp-image-12469\" alt=\"Joven ni\u00f1a con auriculares y tel\u00e9fono m\u00f3vil, participaci\u00f3n en actividades digitales y de entretenimiento, en un ambiente familiar y moderno.\" srcset=\"https:\/\/soymigrante.com\/revista\/wp-content\/uploads\/2024\/11\/capacidades-diferentes-55-1024x1024.jpg 1024w, https:\/\/soymigrante.com\/revista\/wp-content\/uploads\/2024\/11\/capacidades-diferentes-55-300x300.webp 300w, https:\/\/soymigrante.com\/revista\/wp-content\/uploads\/2024\/11\/capacidades-diferentes-55-150x150.webp 150w, https:\/\/soymigrante.com\/revista\/wp-content\/uploads\/2024\/11\/capacidades-diferentes-55-768x768.jpg 768w, https:\/\/soymigrante.com\/revista\/wp-content\/uploads\/2024\/11\/capacidades-diferentes-55-1536x1536.jpg 1536w, https:\/\/soymigrante.com\/revista\/wp-content\/uploads\/2024\/11\/capacidades-diferentes-55-2048x2048.jpg 2048w, https:\/\/soymigrante.com\/revista\/wp-content\/uploads\/2024\/11\/capacidades-diferentes-55-scaled.webp 1920w\" sizes=\"(max-width: 1024px) 100vw, 1024px\" \/>\n            <\/div>\n        <\/div><div class=\"eael-entry-wrapper\"><header class=\"eael-entry-header\"><h2 class=\"eael-entry-title\"><a class=\"eael-grid-post-link\" href=\"https:\/\/soymigrante.com\/revista\/tu-hijo-tiene-capacidades-diferentes-y-necesita-educacion-especial-te-decimos-en-donde-buscar\/\" title=\"\u00bfTu hijo tiene capacidades diferentes y necesita educaci\u00f3n especial? Te decimos en d\u00f3nde buscar\">\u00bfTu hijo tiene capacidades diferentes y necesita educaci\u00f3n especial? Te decimos en d\u00f3nde buscar<\/a><\/h2><\/header><div class=\"eael-entry-content\">\n                        <div class=\"eael-grid-post-excerpt\"><a href=\"https:\/\/soymigrante.com\/revista\/tu-hijo-tiene-capacidades-diferentes-y-necesita-educacion-especial-te-decimos-en-donde-buscar\/\" class=\"eael-post-elements-readmore-btn\">CONOCE SU HISTORIA <\/a><\/div>\n                    <\/div><\/div><\/div>\n        <\/div>\n    <\/article><article class=\"eael-grid-post  eael-post-grid-column eael-pg-post-1822 category-bienestar\" data-id=\"1822\">\n        <div class=\"eael-grid-post-holder\">\n            <div class=\"eael-grid-post-holder-inner\"><div class=\"eael-entry-media\"><div class=\"eael-entry-overlay fade-in\"><i class=\"far fa-hand-pointer\" aria-hidden=\"true\"><\/i><a href=\"https:\/\/soymigrante.com\/revista\/educacion-financiera-para-migrantes-retornados\/\"><\/a><\/div><div class=\"eael-entry-thumbnail \">\n                <img loading=\"lazy\" decoding=\"async\" width=\"1024\" height=\"683\" src=\"https:\/\/soymigrante.com\/revista\/wp-content\/uploads\/2024\/01\/dolares-azules-regla-1024x683.webp\" class=\"attachment-large size-large wp-image-4267\" alt=\"\" srcset=\"https:\/\/soymigrante.com\/revista\/wp-content\/uploads\/2024\/01\/dolares-azules-regla-1024x683.webp 1024w, https:\/\/soymigrante.com\/revista\/wp-content\/uploads\/2024\/01\/dolares-azules-regla-300x200.webp 300w, https:\/\/soymigrante.com\/revista\/wp-content\/uploads\/2024\/01\/dolares-azules-regla-768x513.webp 768w, https:\/\/soymigrante.com\/revista\/wp-content\/uploads\/2024\/01\/dolares-azules-regla-1536x1025.webp 1536w, https:\/\/soymigrante.com\/revista\/wp-content\/uploads\/2024\/01\/dolares-azules-regla-scaled.webp 1920w, https:\/\/soymigrante.com\/revista\/wp-content\/uploads\/2024\/01\/dolares-azules-regla-750x501.webp 750w, https:\/\/soymigrante.com\/revista\/wp-content\/uploads\/2024\/01\/dolares-azules-regla-1140x761.webp 1140w, https:\/\/soymigrante.com\/revista\/wp-content\/uploads\/2024\/01\/dolares-azules-regla-600x400.webp 600w\" sizes=\"(max-width: 1024px) 100vw, 1024px\" \/>\n            <\/div>\n        <\/div><div class=\"eael-entry-wrapper\"><header class=\"eael-entry-header\"><h2 class=\"eael-entry-title\"><a class=\"eael-grid-post-link\" href=\"https:\/\/soymigrante.com\/revista\/educacion-financiera-para-migrantes-retornados\/\" title=\"Educaci\u00f3n financiera para migrantes retornados: 4 claves\">Educaci\u00f3n financiera para migrantes retornados: 4 claves<\/a><\/h2><\/header><div class=\"eael-entry-content\">\n                        <div class=\"eael-grid-post-excerpt\"><a href=\"https:\/\/soymigrante.com\/revista\/educacion-financiera-para-migrantes-retornados\/\" class=\"eael-post-elements-readmore-btn\">CONOCE SU HISTORIA <\/a><\/div>\n                    <\/div><\/div><\/div>\n        <\/div>\n    <\/article><\/div>\n            <div class=\"clearfix\"><\/div>\n        <\/div>\t\t\t\t<\/div>\n\t\t\t\t\t<\/div>\n\t\t\t\t<\/div>\n\t\t\t\t<\/div>\n\t\t","protected":false},"excerpt":{"rendered":"<p>Pensar es una de las herramientas de la humanidad, pero con la inteligencia artificial ha pasado a ser segundo plano, conoce cu\u00e1l es reto ahora. En un mundo donde las respuestas est\u00e1n a un clic de distancia y la inteligencia artificial (IA) puede redactar ensayos, resolver ecuaciones y hasta predecir comportamientos, la educaci\u00f3n enfrenta un [&hellip;]<\/p>\n","protected":false},"author":19,"featured_media":41683,"comment_status":"open","ping_status":"open","sticky":false,"template":"","format":"standard","meta":{"_acf_changed":false,"_eb_attr":"","footnotes":""},"categories":[55],"tags":[],"class_list":["post-41679","post","type-post","status-publish","format-standard","has-post-thumbnail","hentry","category-bienestar"],"acf":[],"aioseo_notices":[],"aioseo_head":"\n\t\t<!-- All in One SEO Pro 4.9.6.2 - aioseo.com -->\n\t<meta name=\"description\" content=\"Migrantes retornados enfrentan retos financieros \u00fanicos. Aprende c\u00f3mo la educaci\u00f3n financiera puede ser la clave para un futuro pr\u00f3spero.\" \/>\n\t<meta name=\"robots\" content=\"max-snippet:-1, max-image-preview:large, max-video-preview:-1\" \/>\n\t<meta name=\"author\" content=\"Diana Batz\"\/>\n\t<link rel=\"canonical\" href=\"https:\/\/soymigrante.com\/revista\/educacion-financiera-para-migrantes-retornados\/\" \/>\n\t<meta name=\"generator\" content=\"All in One SEO Pro (AIOSEO) 4.9.6.2\" \/>\n\n\t\t<link rel=\"preconnect\" href=\"https:\/\/fonts.googleapis.com\" crossorigin>\n<link rel=\"preconnect\" href=\"https:\/\/fonts.gstatic.com\" crossorigin>\n\t\t<meta property=\"og:locale\" content=\"es_ES\" \/>\n\t\t<meta property=\"og:site_name\" content=\"SoyMigrante.com REVISTA \u2013 Nuestra misi\u00f3n es reconocer y dignificar al migrante.\" \/>\n\t\t<meta property=\"og:type\" content=\"article\" \/>\n\t\t<meta property=\"og:title\" content=\"Educaci\u00f3n financiera para migrantes retornados: 4 claves\" \/>\n\t\t<meta property=\"og:description\" content=\"Migrantes retornados enfrentan retos financieros \u00fanicos. Aprende c\u00f3mo la educaci\u00f3n financiera puede ser la clave para un futuro pr\u00f3spero.\" \/>\n\t\t<meta property=\"og:url\" content=\"https:\/\/soymigrante.com\/revista\/educacion-financiera-para-migrantes-retornados\/\" \/>\n\t\t<meta property=\"og:image\" content=\"https:\/\/soymigrante.com\/revista\/wp-content\/uploads\/2024\/01\/dolares-azules-regla-scaled.webp\" \/>\n\t\t<meta property=\"og:image:secure_url\" content=\"https:\/\/soymigrante.com\/revista\/wp-content\/uploads\/2024\/01\/dolares-azules-regla-scaled.webp\" \/>\n\t\t<meta property=\"og:image:width\" content=\"1920\" \/>\n\t\t<meta property=\"og:image:height\" content=\"1282\" \/>\n\t\t<meta property=\"article:published_time\" content=\"2023-07-12T21:44:39+00:00\" \/>\n\t\t<meta property=\"article:modified_time\" content=\"2024-10-11T00:29:03+00:00\" \/>\n\t\t<meta property=\"article:publisher\" content=\"https:\/\/www.facebook.com\/soymigrantecom\" \/>\n\t\t<meta name=\"twitter:card\" content=\"summary_large_image\" \/>\n\t\t<meta name=\"twitter:site\" content=\"@SoyMigrante_com\" \/>\n\t\t<meta name=\"twitter:title\" content=\"Educaci\u00f3n financiera para migrantes retornados: 4 claves\" \/>\n\t\t<meta name=\"twitter:description\" content=\"Migrantes retornados enfrentan retos financieros \u00fanicos. Aprende c\u00f3mo la educaci\u00f3n financiera puede ser la clave para un futuro pr\u00f3spero.\" \/>\n\t\t<meta name=\"twitter:creator\" content=\"@SoyMigrante_com\" \/>\n\t\t<meta name=\"twitter:image\" content=\"https:\/\/soymigrante.com\/revista\/wp-content\/uploads\/2024\/01\/dolares-azules-regla-scaled.webp\" \/>\n\t\t<!-- All in One SEO Pro -->\r\n\t\t<title>Educaci\u00f3n financiera para migrantes retornados: 4 claves<\/title>\n\n","aioseo_head_json":{"title":"Educaci\u00f3n financiera para migrantes retornados: 4 claves","description":"Migrantes retornados enfrentan retos financieros \u00fanicos. Aprende c\u00f3mo la educaci\u00f3n financiera puede ser la clave para un futuro pr\u00f3spero.","canonical_url":"https:\/\/soymigrante.com\/revista\/educacion-financiera-para-migrantes-retornados\/","robots":"max-snippet:-1, max-image-preview:large, max-video-preview:-1","keywords":"","webmasterTools":{"miscellaneous":"&lt;link rel=\"preconnect\" href=\"https:\/\/fonts.googleapis.com\" crossorigin&gt;\n&lt;link rel=\"preconnect\" href=\"https:\/\/fonts.gstatic.com\" crossorigin&gt;"},"schema":null,"og:locale":"es_ES","og:site_name":"SoyMigrante.com REVISTA \u2013 Nuestra misi\u00f3n es reconocer y dignificar al migrante.","og:type":"article","og:title":"Educaci\u00f3n financiera para migrantes retornados: 4 claves","og:description":"Migrantes retornados enfrentan retos financieros \u00fanicos. Aprende c\u00f3mo la educaci\u00f3n financiera puede ser la clave para un futuro pr\u00f3spero.","og:url":"https:\/\/soymigrante.com\/revista\/educacion-financiera-para-migrantes-retornados\/","og:image":"https:\/\/soymigrante.com\/revista\/wp-content\/uploads\/2024\/01\/dolares-azules-regla-scaled.webp","og:image:secure_url":"https:\/\/soymigrante.com\/revista\/wp-content\/uploads\/2024\/01\/dolares-azules-regla-scaled.webp","og:image:width":1920,"og:image:height":1282,"article:published_time":"2023-07-12T21:44:39+00:00","article:modified_time":"2024-10-11T00:29:03+00:00","article:publisher":"https:\/\/www.facebook.com\/soymigrantecom","twitter:card":"summary_large_image","twitter:site":"@SoyMigrante_com","twitter:title":"Educaci\u00f3n financiera para migrantes retornados: 4 claves","twitter:description":"Migrantes retornados enfrentan retos financieros \u00fanicos. Aprende c\u00f3mo la educaci\u00f3n financiera puede ser la clave para un futuro pr\u00f3spero.","twitter:creator":"@SoyMigrante_com","twitter:image":"https:\/\/soymigrante.com\/revista\/wp-content\/uploads\/2024\/01\/dolares-azules-regla-scaled.webp"},"aioseo_meta_data":{"post_id":"41679","title":null,"description":"Pensar es una de las herramientas de la humanidad, pero con la inteligencia artificial ha pasado a ser segundo plano, conoce cu\u00e1l es reto ahora.","keywords":null,"keyphrases":{"focus":{"keyphrase":"Inteligencia artificial","score":91,"analysis":{"keyphraseInTitle":{"score":9,"maxScore":9,"error":0},"keyphraseInDescription":{"score":9,"maxScore":9,"error":0},"keyphraseLength":{"score":9,"maxScore":9,"error":0,"length":2},"keyphraseInURL":{"score":5,"maxScore":5,"error":0},"keyphraseInIntroduction":{"score":9,"maxScore":9,"error":0},"keyphraseInSubHeadings":{"score":3,"maxScore":9,"error":1},"keyphraseInImageAlt":{"score":9,"maxScore":9,"error":0},"keywordDensity":{"type":"best","score":9,"maxScore":9,"error":0}}},"additional":[{"keyphrase":"pensar","score":87,"analysis":{"keyphraseInDescription":{"score":9,"maxScore":9,"error":0},"keyphraseLength":{"score":9,"maxScore":9,"error":0,"length":1},"keyphraseInIntroduction":{"score":9,"maxScore":9,"error":0},"keyphraseInImageAlt":{"score":3,"maxScore":9,"error":1},"keywordDensity":{"type":"best","score":9,"maxScore":9,"error":0}}}]},"primary_term":null,"canonical_url":null,"og_title":null,"og_description":null,"og_object_type":"default","og_image_type":"default","og_image_url":null,"og_image_width":null,"og_image_height":null,"og_image_custom_url":null,"og_image_custom_fields":null,"og_video":"","og_custom_url":null,"og_article_section":null,"og_article_tags":null,"twitter_use_og":false,"twitter_card":"default","twitter_image_type":"default","twitter_image_url":null,"twitter_image_custom_url":null,"twitter_image_custom_fields":null,"twitter_title":null,"twitter_description":null,"schema":{"blockGraphs":[],"customGraphs":[],"default":{"data":{"Article":[],"Course":[],"Dataset":[],"FAQPage":[],"Movie":[],"Person":[],"Product":[],"ProductReview":[],"Car":[],"Recipe":[],"Service":[],"SoftwareApplication":[],"WebPage":[]},"graphName":"none","isEnabled":true},"graphs":[]},"schema_type":"default","schema_type_options":null,"pillar_content":false,"robots_default":true,"robots_noindex":false,"robots_noarchive":false,"robots_nosnippet":false,"robots_nofollow":false,"robots_noimageindex":false,"robots_noodp":false,"robots_notranslate":false,"robots_max_snippet":"-1","robots_max_videopreview":"-1","robots_max_imagepreview":"large","priority":null,"frequency":"default","local_seo":null,"seo_analyzer_scan_date":"2025-10-09 07:34:58","breadcrumb_settings":null,"limit_modified_date":false,"reviewed_by":"0","open_ai":null,"ai":{"faqs":[],"keyPoints":[],"titles":[],"descriptions":[],"socialPosts":{"email":[],"linkedin":[],"twitter":[],"facebook":[],"instagram":[]}},"created":"2025-08-08 19:51:44","updated":"2026-02-05 04:08:49"},"aioseo_breadcrumb":"<div class=\"aioseo-breadcrumbs\"><span class=\"aioseo-breadcrumb\">\n\t<a href=\"https:\/\/soymigrante.com\/revista\" title=\"Home\">Home<\/a>\n<\/span><span class=\"aioseo-breadcrumb-separator\">\u00bb<\/span><span class=\"aioseo-breadcrumb\">\n\t<a href=\"https:\/\/soymigrante.com\/revista\/category\/bienestar\/\" title=\"Bienestar\">Bienestar<\/a>\n<\/span><span class=\"aioseo-breadcrumb-separator\">\u00bb<\/span><span class=\"aioseo-breadcrumb\">\n\tEnse\u00f1ar a pensar en plena era de la inteligencia artificial: sugerencias muy pr\u00e1cticas\n<\/span><\/div>","aioseo_breadcrumb_json":[{"label":"Home","link":"https:\/\/soymigrante.com\/revista"},{"label":"Bienestar","link":"https:\/\/soymigrante.com\/revista\/category\/bienestar\/"},{"label":"Ense\u00f1ar a pensar en plena era de la inteligencia artificial: sugerencias muy pr\u00e1cticas","link":"https:\/\/soymigrante.com\/revista\/ensenar-a-pensar-en-plena-era-de-la-inteligencia-artificial-sugerencias-muy-practicas\/"}],"_links":{"self":[{"href":"https:\/\/soymigrante.com\/revista\/wp-json\/wp\/v2\/posts\/41679","targetHints":{"allow":["GET"]}}],"collection":[{"href":"https:\/\/soymigrante.com\/revista\/wp-json\/wp\/v2\/posts"}],"about":[{"href":"https:\/\/soymigrante.com\/revista\/wp-json\/wp\/v2\/types\/post"}],"author":[{"embeddable":true,"href":"https:\/\/soymigrante.com\/revista\/wp-json\/wp\/v2\/users\/19"}],"replies":[{"embeddable":true,"href":"https:\/\/soymigrante.com\/revista\/wp-json\/wp\/v2\/comments?post=41679"}],"version-history":[{"count":12,"href":"https:\/\/soymigrante.com\/revista\/wp-json\/wp\/v2\/posts\/41679\/revisions"}],"predecessor-version":[{"id":41769,"href":"https:\/\/soymigrante.com\/revista\/wp-json\/wp\/v2\/posts\/41679\/revisions\/41769"}],"wp:featuredmedia":[{"embeddable":true,"href":"https:\/\/soymigrante.com\/revista\/wp-json\/wp\/v2\/media\/41683"}],"wp:attachment":[{"href":"https:\/\/soymigrante.com\/revista\/wp-json\/wp\/v2\/media?parent=41679"}],"wp:term":[{"taxonomy":"category","embeddable":true,"href":"https:\/\/soymigrante.com\/revista\/wp-json\/wp\/v2\/categories?post=41679"},{"taxonomy":"post_tag","embeddable":true,"href":"https:\/\/soymigrante.com\/revista\/wp-json\/wp\/v2\/tags?post=41679"}],"curies":[{"name":"wp","href":"https:\/\/api.w.org\/{rel}","templated":true}]}}