{"id":41668,"date":"2025-08-08T13:52:11","date_gmt":"2025-08-08T19:52:11","guid":{"rendered":"https:\/\/soymigrante.com\/revista\/?p=41668"},"modified":"2025-08-08T14:01:57","modified_gmt":"2025-08-08T20:01:57","slug":"migrante-guatemalteca-sera-mariscal-en-desfile-hispanoamericano-de-new-jersey","status":"publish","type":"post","link":"https:\/\/soymigrante.com\/revista\/migrante-guatemalteca-sera-mariscal-en-desfile-hispanoamericano-de-new-jersey\/","title":{"rendered":"Migrante guatemalteca ser\u00e1 mariscal en Desfile Hispanoamericano de New Jersey"},"content":{"rendered":"\t\t<div data-elementor-type=\"wp-post\" data-elementor-id=\"41668\" class=\"elementor elementor-41668\" data-elementor-post-type=\"post\">\n\t\t\t\t<div data-particle_enable=\"false\" data-particle-mobile-disabled=\"false\" class=\"elementor-element elementor-element-f52a6a1 e-flex e-con-boxed e-con e-parent\" data-id=\"f52a6a1\" data-element_type=\"container\" data-e-type=\"container\">\n\t\t\t\t\t<div class=\"e-con-inner\">\n\t\t\t\t<div class=\"elementor-element elementor-element-2d0a2b0 elementor-widget elementor-widget-heading\" data-id=\"2d0a2b0\" data-element_type=\"widget\" data-e-type=\"widget\" data-widget_type=\"heading.default\">\n\t\t\t\t\t<h2 class=\"elementor-heading-title elementor-size-default\">Aportes, iniciativas y servicio de la migrante guatemalteca Nydia Cano son reconocidos por el Desfile Hispanoamericano del Estado de New Jersey, en el cual participar\u00e1 como mariscal.<br><\/h2>\t\t\t\t<\/div>\n\t\t\t\t<div class=\"elementor-element elementor-element-2eccc63 elementor-widget elementor-widget-html\" data-id=\"2eccc63\" data-element_type=\"widget\" data-e-type=\"widget\" data-widget_type=\"html.default\">\n\t\t\t\t\t<div id=\"buzzsprout-player-17638127\"><\/div><script src=\"https:\/\/www.buzzsprout.com\/2444168\/episodes\/17638127-nydia-cano-liderazgo-y-servicio-con-valores-guatemaltecos.js?container_id=buzzsprout-player-17638127&player=small\" type=\"text\/javascript\" charset=\"utf-8\"><\/script>\t\t\t\t<\/div>\n\t\t\t\t\t<\/div>\n\t\t\t\t<\/div>\n\t\t<div data-particle_enable=\"false\" data-particle-mobile-disabled=\"false\" class=\"elementor-element elementor-element-8faa5c6 e-flex e-con-boxed e-con e-parent\" data-id=\"8faa5c6\" data-element_type=\"container\" data-e-type=\"container\">\n\t\t\t\t\t<div class=\"e-con-inner\">\n\t\t\t\t<div class=\"elementor-element elementor-element-2327340 elementor-widget elementor-widget-text-editor\" data-id=\"2327340\" data-element_type=\"widget\" data-e-type=\"widget\" data-widget_type=\"text-editor.default\">\n\t\t\t\t\t\t\t\t\t<p>La migrante y emprendedora guatemalteca <a href=\"https:\/\/soymigrante.com\/revista\/nydia-cano-los-guatemaltecos-debemos-ser-aun-mas-unidos\/\">Nydia Cano <\/a>ha sido invitada por la organizaci\u00f3n del <a href=\"https:\/\/www.hispanicstateparadenewjersey.org\/\">Desfile Hispano <\/a>de <a href=\"https:\/\/soymigrante.com\/revista\/guatemaltecos-unidos-en-paterson-new-jersey-impulsan-cena-para-fondo-de-becas-estudiantiles\/\">New Jersey, <\/a>a participar como mariscal por Guatemala, en octubre pr\u00f3ximo.\u00a0<\/p><p>En tiempos como los que se viven en Estados Unidos, esta valoraci\u00f3n de una guatemalteca e hispana trabajadora es relevante y alentadora. &#8220;Cuando recib\u00ed la carta de nominaci\u00f3n, sent\u00ed mucho orgullo, y una emoci\u00f3n tremenda. Agradezco profundamente a la directiva del Desfile Hispanoamericano&#8221;, expresa <a href=\"https:\/\/soymigrante.com\/revista\/nydia-cano-los-guatemaltecos-debemos-ser-aun-mas-unidos\/\">Nydia<\/a>, originaria de Teculut\u00e1n, <a href=\"https:\/\/soymigrante.com\/revista\/departamentos-de-guatemala-zacapa-calurosa-tierra-de-altas-montanas-y-fertiles-valles\/\">Zacapa<\/a> y quien lleva m\u00e1s de 35 a\u00f1os en la Uni\u00f3n Americana.<\/p>\t\t\t\t\t\t\t\t<\/div>\n\t\t\t\t\t<\/div>\n\t\t\t\t<\/div>\n\t\t<div data-particle_enable=\"false\" data-particle-mobile-disabled=\"false\" class=\"elementor-element elementor-element-8c66e00 e-flex e-con-boxed e-con e-parent\" data-id=\"8c66e00\" data-element_type=\"container\" data-e-type=\"container\">\n\t\t\t\t\t<div class=\"e-con-inner\">\n\t\t\t\t<div class=\"elementor-element elementor-element-e677758 elementor-grid-eael-col-1 elementor-grid-tablet-eael-col-2 elementor-grid-mobile-eael-col-1 elementor-invisible elementor-widget elementor-widget-eael-post-grid\" data-id=\"e677758\" data-element_type=\"widget\" data-e-type=\"widget\" data-settings=\"{&quot;eael_post_grid_columns&quot;:&quot;eael-col-1&quot;,&quot;_animation&quot;:&quot;rollIn&quot;,&quot;eael_post_grid_columns_tablet&quot;:&quot;eael-col-2&quot;,&quot;eael_post_grid_columns_mobile&quot;:&quot;eael-col-1&quot;}\" data-widget_type=\"eael-post-grid.default\">\n\t\t\t\t\t<div id=\"eael-post-grid-e677758\" class=\"eael-post-grid-container\">\n            <div class=\"eael-post-grid eael-post-appender eael-post-appender-e677758 eael-post-grid-style-one\" data-layout-mode=\"masonry\"><article class=\"eael-grid-post  eael-post-grid-column eael-pg-post-28457 category-exitos-guatemala\" data-id=\"28457\">\n        <div class=\"eael-grid-post-holder\">\n            <div class=\"eael-grid-post-holder-inner\"><div class=\"eael-entry-media\"><div class=\"eael-entry-overlay fade-in\"><i class=\"far fa-hand-pointer\" aria-hidden=\"true\"><\/i><a href=\"https:\/\/soymigrante.com\/revista\/nydia-cano-los-guatemaltecos-debemos-ser-aun-mas-unidos\/\"><\/a><\/div><div class=\"eael-entry-thumbnail eael-image-ratio\">\n                <img fetchpriority=\"high\" decoding=\"async\" width=\"1024\" height=\"1024\" src=\"https:\/\/soymigrante.com\/revista\/wp-content\/uploads\/2025\/03\/nydia-cano-migrante-New-Jersey-5-1024x1024.jpg\" class=\"attachment-large size-large wp-image-28458\" alt=\"Guatemalteca celebrando en desfile con bandera nacional y traje tradicional, manifestaci\u00f3n cultural y orgullo de Guatemala en evento festive del pa\u00eds.\" srcset=\"https:\/\/soymigrante.com\/revista\/wp-content\/uploads\/2025\/03\/nydia-cano-migrante-New-Jersey-5-1024x1024.jpg 1024w, https:\/\/soymigrante.com\/revista\/wp-content\/uploads\/2025\/03\/nydia-cano-migrante-New-Jersey-5-300x300.jpg 300w, https:\/\/soymigrante.com\/revista\/wp-content\/uploads\/2025\/03\/nydia-cano-migrante-New-Jersey-5-150x150.jpg 150w, https:\/\/soymigrante.com\/revista\/wp-content\/uploads\/2025\/03\/nydia-cano-migrante-New-Jersey-5-768x768.jpg 768w, https:\/\/soymigrante.com\/revista\/wp-content\/uploads\/2025\/03\/nydia-cano-migrante-New-Jersey-5-75x75.webp 75w, https:\/\/soymigrante.com\/revista\/wp-content\/uploads\/2025\/03\/nydia-cano-migrante-New-Jersey-5-750x750.webp 750w, https:\/\/soymigrante.com\/revista\/wp-content\/uploads\/2025\/03\/nydia-cano-migrante-New-Jersey-5-1140x1140.webp 1140w, https:\/\/soymigrante.com\/revista\/wp-content\/uploads\/2025\/03\/nydia-cano-migrante-New-Jersey-5.webp 1349w\" sizes=\"(max-width: 1024px) 100vw, 1024px\" \/>\n            <\/div>\n        <\/div><div class=\"eael-entry-wrapper\"><header class=\"eael-entry-header\"><h2 class=\"eael-entry-title\"><a class=\"eael-grid-post-link\" href=\"https:\/\/soymigrante.com\/revista\/nydia-cano-los-guatemaltecos-debemos-ser-aun-mas-unidos\/\" title=\"Nydia Cano, l\u00edder migrante en Paterson, NJ: &#8220;Los guatemaltecos  debemos ser a\u00fan m\u00e1s unidos&#8221;\">Nydia Cano, l\u00edder migrante en Paterson, NJ: &#8220;Los guatemaltecos  debemos ser a\u00fan m\u00e1s unidos&#8221;<\/a><\/h2><\/header><div class=\"eael-entry-content\">\n                        <div class=\"eael-grid-post-excerpt\"><a href=\"https:\/\/soymigrante.com\/revista\/nydia-cano-los-guatemaltecos-debemos-ser-aun-mas-unidos\/\" class=\"eael-post-elements-readmore-btn\">CONOCE SU HISTORIA <\/a><\/div>\n                    <\/div><\/div><\/div>\n        <\/div>\n    <\/article><\/div>\n            <div class=\"clearfix\"><\/div>\n        <\/div>\t\t\t\t<\/div>\n\t\t\t\t\t<\/div>\n\t\t\t\t<\/div>\n\t\t<div data-particle_enable=\"false\" data-particle-mobile-disabled=\"false\" class=\"elementor-element elementor-element-53314cf e-flex e-con-boxed e-con e-parent\" data-id=\"53314cf\" data-element_type=\"container\" data-e-type=\"container\">\n\t\t\t\t\t<div class=\"e-con-inner\">\n\t\t\t\t<div class=\"elementor-element elementor-element-36f60c4 elementor-widget elementor-widget-text-editor\" data-id=\"36f60c4\" data-element_type=\"widget\" data-e-type=\"widget\" data-widget_type=\"text-editor.default\">\n\t\t\t\t\t\t\t\t\t<p><a href=\"https:\/\/www.hispanicstateparadenewjersey.org\/\">El Desfile Hispanoamericano del Estado de New Jersey <\/a>se efectuar\u00e1 el domingo 5 de octubre y tiene la especial caracter\u00edstica de festejar el 50 aniversario de desarrollarse, como una muestra del aporte de los migrantes y descendientes de migrantes, a la comunidad de este Estado.<\/p><p>Seg\u00fan <a href=\"https:\/\/soymigrante.com\/revista\/cifra-de-migrantes-guatemaltecos-en-usa-subio-entre-2024-y-2025-segun-datos-del-minex\/\">datos de la Canciller\u00eda Guatemalteca<\/a>, en New Jersey hay 158,589 guatemaltecos, lo cual le convierte en el cuarto Estado\u00a0 de la Uni\u00f3n Americana con mayor poblaci\u00f3n chapina.<\/p>\t\t\t\t\t\t\t\t<\/div>\n\t\t\t\t\t<\/div>\n\t\t\t\t<\/div>\n\t\t<div data-particle_enable=\"false\" data-particle-mobile-disabled=\"false\" class=\"elementor-element elementor-element-029e21b e-flex e-con-boxed e-con e-parent\" data-id=\"029e21b\" data-element_type=\"container\" data-e-type=\"container\">\n\t\t\t\t\t<div class=\"e-con-inner\">\n\t\t\t\t<div class=\"elementor-element elementor-element-bd00304 elementor-widget elementor-widget-image\" data-id=\"bd00304\" data-element_type=\"widget\" data-e-type=\"widget\" data-widget_type=\"image.default\">\n\t\t\t\t\t\t\t\t\t\t\t\t<figure class=\"wp-caption\">\n\t\t\t\t\t\t\t\t\t\t\t<a href=\"https:\/\/www.hispanicstateparadenewjersey.org\/\">\n\t\t\t\t\t\t\t<img decoding=\"async\" width=\"695\" height=\"895\" src=\"https:\/\/soymigrante.com\/revista\/wp-content\/uploads\/2025\/08\/INVITACION-DESFILE-HISPANO.webp\" class=\"attachment-large size-large wp-image-41673\" alt=\"50\u00b0 aniversario desfile hispanoamericano de New Jersey, celebraci\u00f3n cultural, evento hist\u00f3rico, comunidad latina, gala conmemorativa, cultura y folklore latino, Nydia Cano, evento en North Bergen, homenaje a la historia latina.\" srcset=\"https:\/\/soymigrante.com\/revista\/wp-content\/uploads\/2025\/08\/INVITACION-DESFILE-HISPANO.webp 695w, https:\/\/soymigrante.com\/revista\/wp-content\/uploads\/2025\/08\/INVITACION-DESFILE-HISPANO-233x300.jpg 233w\" sizes=\"(max-width: 695px) 100vw, 695px\" title=\"Esta es la invitaci\u00f3n oficial dirigida a la guatemalteca Nydia Cano para participar como Mariscal por Guatemala en el Desfile Hispanoamericano de Octubre pr\u00f3ximo. \u2013 SoyMigrante.com REVISTA\" \/>\t\t\t\t\t\t\t\t<\/a>\n\t\t\t\t\t\t\t\t\t\t\t<figcaption class=\"widget-image-caption wp-caption-text\">Conmemora el 50\u00ba aniversario del Desfile Hispanoamericano de New Jersey con eventos en North Bergen, homenajea la cultura latina y celebra los logros de la comunidad hispana en Nueva Jersey y m\u00e1s all\u00e1.<\/figcaption>\n\t\t\t\t\t\t\t\t\t\t<\/figure>\n\t\t\t\t\t\t\t\t\t<\/div>\n\t\t\t\t\t<\/div>\n\t\t\t\t<\/div>\n\t\t<div data-particle_enable=\"false\" data-particle-mobile-disabled=\"false\" class=\"elementor-element elementor-element-1ad5d1d e-flex e-con-boxed e-con e-parent\" data-id=\"1ad5d1d\" data-element_type=\"container\" data-e-type=\"container\">\n\t\t\t\t\t<div class=\"e-con-inner\">\n\t\t\t\t<div class=\"elementor-element elementor-element-d71e6f0 elementor-widget elementor-widget-image\" data-id=\"d71e6f0\" data-element_type=\"widget\" data-e-type=\"widget\" data-widget_type=\"image.default\">\n\t\t\t\t\t\t\t\t\t\t\t\t<figure class=\"wp-caption\">\n\t\t\t\t\t\t\t\t\t\t<img decoding=\"async\" width=\"768\" height=\"298\" src=\"https:\/\/soymigrante.com\/revista\/wp-content\/uploads\/2025\/08\/desfile-hispano-paterson-1024x397.jpg\" class=\"attachment-large size-large wp-image-41674\" alt=\"Estados Unidos y Guatemala en una marcha cultural, portando banderas en una celebraci\u00f3n multitudinaria en la calle, mostrando diversidad y orgullo hispano en un evento comunitario.\" srcset=\"https:\/\/soymigrante.com\/revista\/wp-content\/uploads\/2025\/08\/desfile-hispano-paterson-1024x397.jpg 1024w, https:\/\/soymigrante.com\/revista\/wp-content\/uploads\/2025\/08\/desfile-hispano-paterson-300x116.jpg 300w, https:\/\/soymigrante.com\/revista\/wp-content\/uploads\/2025\/08\/desfile-hispano-paterson-768x298.jpg 768w, https:\/\/soymigrante.com\/revista\/wp-content\/uploads\/2025\/08\/desfile-hispano-paterson-1536x596.jpg 1536w, https:\/\/soymigrante.com\/revista\/wp-content\/uploads\/2025\/08\/desfile-hispano-paterson-750x291.jpg 750w, https:\/\/soymigrante.com\/revista\/wp-content\/uploads\/2025\/08\/desfile-hispano-paterson-1140x442.jpg 1140w, https:\/\/soymigrante.com\/revista\/wp-content\/uploads\/2025\/08\/desfile-hispano-paterson.webp 1920w\" sizes=\"(max-width: 768px) 100vw, 768px\" title=\"Hispanoamericano del Estado de New Jersey es un evento de valoraci\u00f3n festiva y fraternal. La delegaci\u00f3n guatemalteca destaca por su entusiasmo y colorido. \u2013 SoyMigrante.com REVISTA\" \/>\t\t\t\t\t\t\t\t\t\t\t<figcaption class=\"widget-image-caption wp-caption-text\">Manifestantes con banderas oficiales de EE.UU. y Guatemala participando en una manifestaci\u00f3n cultural o migrante en ciudad.<\/figcaption>\n\t\t\t\t\t\t\t\t\t\t<\/figure>\n\t\t\t\t\t\t\t\t\t<\/div>\n\t\t\t\t\t<\/div>\n\t\t\t\t<\/div>\n\t\t<div data-particle_enable=\"false\" data-particle-mobile-disabled=\"false\" class=\"elementor-element elementor-element-da0dd31 e-flex e-con-boxed e-con e-parent\" data-id=\"da0dd31\" data-element_type=\"container\" data-e-type=\"container\">\n\t\t\t\t\t<div class=\"e-con-inner\">\n\t\t\t\t<div class=\"elementor-element elementor-element-32ed73a elementor-widget elementor-widget-text-editor\" data-id=\"32ed73a\" data-element_type=\"widget\" data-e-type=\"widget\" data-widget_type=\"text-editor.default\">\n\t\t\t\t\t\t\t\t\t<p>&#8220;Como migrante guatemalteca en Estados Unidos esta distinci\u00f3n significa un logro m\u00e1s, por ayudar a varias comunidades donde han sabido valorar el esfuerzo y dedicaci\u00f3n&#8221;, agrega.<\/p><p>Cano forma parte de la<a href=\"https:\/\/soymigrante.com\/revista\/carlos-horacio-diaz-fue-pionero-en-izar-la-bandera-de-guatemala-en-new-jersey-en-1986\/\"> Asociaci\u00f3n Guatemaltecos Unidos de Paterson<\/a>, New Jersey. &#8220;He recibido muchas felicitaciones no solo de mis compatriotas, pero\u00a0 de muchas personas de diferentes nacionalidades por los logros obtenidos. Mi lema es unir cada d\u00eda m\u00e1s y estar presente\u00a0 en nuestra comunidad guatemalteca, y que sepan que si se puede&#8221;, expresa <a href=\"https:\/\/soymigrante.com\/revista\/nydia-cano-los-guatemaltecos-debemos-ser-aun-mas-unidos\/\">Nydia Cano.<\/a><\/p><div>\u00a0<\/div>\t\t\t\t\t\t\t\t<\/div>\n\t\t\t\t\t<\/div>\n\t\t\t\t<\/div>\n\t\t<div data-particle_enable=\"false\" data-particle-mobile-disabled=\"false\" class=\"elementor-element elementor-element-f533761 e-flex e-con-boxed e-con e-parent\" data-id=\"f533761\" data-element_type=\"container\" data-e-type=\"container\">\n\t\t\t\t\t<div class=\"e-con-inner\">\n\t\t\t\t<div class=\"elementor-element elementor-element-d6417ca elementor-widget elementor-widget-image\" data-id=\"d6417ca\" data-element_type=\"widget\" data-e-type=\"widget\" data-widget_type=\"image.default\">\n\t\t\t\t\t\t\t\t\t\t\t\t<figure class=\"wp-caption\">\n\t\t\t\t\t\t\t\t\t\t\t<a href=\"https:\/\/soymigrante.com\/revista\/nydia-cano-los-guatemaltecos-debemos-ser-aun-mas-unidos\/\">\n\t\t\t\t\t\t\t<img loading=\"lazy\" decoding=\"async\" width=\"768\" height=\"576\" src=\"https:\/\/soymigrante.com\/revista\/wp-content\/uploads\/2025\/08\/523458836_24639043755680396_5119425192251738930_n.webp\" class=\"attachment-large size-large wp-image-41675\" alt=\"Conferencia de inmigrantes y comunidad internacional en un evento de SoyMigrante.com, con l\u00edderes destacados y representantes, celebrando logros y promoviendo integraci\u00f3n social.\" srcset=\"https:\/\/soymigrante.com\/revista\/wp-content\/uploads\/2025\/08\/523458836_24639043755680396_5119425192251738930_n.webp 960w, https:\/\/soymigrante.com\/revista\/wp-content\/uploads\/2025\/08\/523458836_24639043755680396_5119425192251738930_n-300x225.jpg 300w, https:\/\/soymigrante.com\/revista\/wp-content\/uploads\/2025\/08\/523458836_24639043755680396_5119425192251738930_n-768x576.jpg 768w, https:\/\/soymigrante.com\/revista\/wp-content\/uploads\/2025\/08\/523458836_24639043755680396_5119425192251738930_n-750x563.webp 750w\" sizes=\"(max-width: 768px) 100vw, 768px\" title=\"La guatemalteca Nydia Cano participa activamente en eventos de la comunidad hispana en New Jersey, a la vez que impulsa causas ben\u00e9ficas y donaciones a favor de Guatemala. Son esos m\u00e9ritos los que le han valido la designaci\u00f3n de Mariscal en el pr\u00f3ximo Desfile Hispanoamericano 2025, en su 50 aniversario. \u2013 SoyMigrante.com REVISTA\" \/>\t\t\t\t\t\t\t\t<\/a>\n\t\t\t\t\t\t\t\t\t\t\t<figcaption class=\"widget-image-caption wp-caption-text\">Profesional fotogr\u00e1fico en evento de SoyMigrante.com Revista, mostrando l\u00edderes de la comunidad migrante en ocasi\u00f3n especial, promoviendo inclusi\u00f3n y diversidad.<\/figcaption>\n\t\t\t\t\t\t\t\t\t\t<\/figure>\n\t\t\t\t\t\t\t\t\t<\/div>\n\t\t\t\t\t<\/div>\n\t\t\t\t<\/div>\n\t\t<div data-particle_enable=\"false\" data-particle-mobile-disabled=\"false\" class=\"elementor-element elementor-element-8f7ea68 e-flex e-con-boxed e-con e-parent\" data-id=\"8f7ea68\" data-element_type=\"container\" data-e-type=\"container\">\n\t\t\t\t\t<div class=\"e-con-inner\">\n\t\t\t\t<div class=\"elementor-element elementor-element-e6382de elementor-widget elementor-widget-heading\" data-id=\"e6382de\" data-element_type=\"widget\" data-e-type=\"widget\" data-widget_type=\"heading.default\">\n\t\t\t\t\t<h2 class=\"elementor-heading-title elementor-size-default\">Aporte guatemalteco en Estados Unidos es constante, enriquecedor y valioso<\/h2>\t\t\t\t<\/div>\n\t\t\t\t\t<\/div>\n\t\t\t\t<\/div>\n\t\t<div data-particle_enable=\"false\" data-particle-mobile-disabled=\"false\" class=\"elementor-element elementor-element-35f5aab e-flex e-con-boxed e-con e-parent\" data-id=\"35f5aab\" data-element_type=\"container\" data-e-type=\"container\">\n\t\t\t\t\t<div class=\"e-con-inner\">\n\t\t\t\t<div class=\"elementor-element elementor-element-102c0b4 elementor-grid-eael-col-3 elementor-grid-tablet-eael-col-2 elementor-grid-mobile-eael-col-1 elementor-invisible elementor-widget elementor-widget-eael-post-grid\" data-id=\"102c0b4\" data-element_type=\"widget\" data-e-type=\"widget\" data-settings=\"{&quot;eael_post_grid_columns&quot;:&quot;eael-col-3&quot;,&quot;_animation&quot;:&quot;rollIn&quot;,&quot;eael_post_grid_columns_tablet&quot;:&quot;eael-col-2&quot;,&quot;eael_post_grid_columns_mobile&quot;:&quot;eael-col-1&quot;}\" data-widget_type=\"eael-post-grid.default\">\n\t\t\t\t\t<div id=\"eael-post-grid-102c0b4\" class=\"eael-post-grid-container\">\n            <div class=\"eael-post-grid eael-post-appender eael-post-appender-102c0b4 eael-post-grid-style-one\" data-layout-mode=\"masonry\"><article class=\"eael-grid-post  eael-post-grid-column eael-pg-post-39736 category-exitos-guatemala\" data-id=\"39736\">\n        <div class=\"eael-grid-post-holder\">\n            <div class=\"eael-grid-post-holder-inner\"><div class=\"eael-entry-media\"><div class=\"eael-entry-overlay fade-in\"><i class=\"far fa-hand-pointer\" aria-hidden=\"true\"><\/i><a href=\"https:\/\/soymigrante.com\/revista\/yo-naci-migrante-y-creci-migrante-artista-guatemalteca-magda-leon-en-rhode-island\/\"><\/a><\/div><div class=\"eael-entry-thumbnail \">\n                <img loading=\"lazy\" decoding=\"async\" width=\"1024\" height=\"1024\" src=\"https:\/\/soymigrante.com\/revista\/wp-content\/uploads\/2025\/07\/artista-migrante-guatemalteca-Magda-Leon-1-1024x1024.jpg\" class=\"attachment-large size-large wp-image-39737\" alt=\"Fotograf\u00eda de una mujer sonriente en una exposici\u00f3n al aire libre con retratos en blanco y negro en una valla de malla, destacando arte, cultura y creatividad en el contexto de SoyMigrante.com REVISTA.\" srcset=\"https:\/\/soymigrante.com\/revista\/wp-content\/uploads\/2025\/07\/artista-migrante-guatemalteca-Magda-Leon-1-1024x1024.jpg 1024w, https:\/\/soymigrante.com\/revista\/wp-content\/uploads\/2025\/07\/artista-migrante-guatemalteca-Magda-Leon-1-300x300.jpg 300w, https:\/\/soymigrante.com\/revista\/wp-content\/uploads\/2025\/07\/artista-migrante-guatemalteca-Magda-Leon-1-150x150.jpg 150w, https:\/\/soymigrante.com\/revista\/wp-content\/uploads\/2025\/07\/artista-migrante-guatemalteca-Magda-Leon-1-768x768.jpg 768w, https:\/\/soymigrante.com\/revista\/wp-content\/uploads\/2025\/07\/artista-migrante-guatemalteca-Magda-Leon-1-75x75.jpg 75w, https:\/\/soymigrante.com\/revista\/wp-content\/uploads\/2025\/07\/artista-migrante-guatemalteca-Magda-Leon-1-750x750.jpg 750w, https:\/\/soymigrante.com\/revista\/wp-content\/uploads\/2025\/07\/artista-migrante-guatemalteca-Magda-Leon-1.jpg 1051w\" sizes=\"(max-width: 1024px) 100vw, 1024px\" \/>\n            <\/div>\n        <\/div><div class=\"eael-entry-wrapper\"><header class=\"eael-entry-header\"><h2 class=\"eael-entry-title\"><a class=\"eael-grid-post-link\" href=\"https:\/\/soymigrante.com\/revista\/yo-naci-migrante-y-creci-migrante-artista-guatemalteca-magda-leon-en-rhode-island\/\" title=\"&#8220;Yo nac\u00ed migrante y crec\u00ed migrante&#8221;: artista guatemalteca Magda Le\u00f3n, en Rhode Island\">&#8220;Yo nac\u00ed migrante y crec\u00ed migrante&#8221;: artista guatemalteca Magda Le\u00f3n, en Rhode Island<\/a><\/h2><\/header><div class=\"eael-entry-content\">\n                        <div class=\"eael-grid-post-excerpt\"><a href=\"https:\/\/soymigrante.com\/revista\/yo-naci-migrante-y-creci-migrante-artista-guatemalteca-magda-leon-en-rhode-island\/\" class=\"eael-post-elements-readmore-btn\">CONOCE SU HISTORIA <\/a><\/div>\n                    <\/div><\/div><\/div>\n        <\/div>\n    <\/article><article class=\"eael-grid-post  eael-post-grid-column eael-pg-post-11983 category-exitos\" data-id=\"11983\">\n        <div class=\"eael-grid-post-holder\">\n            <div class=\"eael-grid-post-holder-inner\"><div class=\"eael-entry-media\"><div class=\"eael-entry-overlay fade-in\"><i class=\"far fa-hand-pointer\" aria-hidden=\"true\"><\/i><a href=\"https:\/\/soymigrante.com\/revista\/cada-guatemalteco-que-pueda-votar-en-usa-cuenta-tiana-ochoa-lider-migrante-en-rhode-island\/\"><\/a><\/div><div class=\"eael-entry-thumbnail \">\n                <img loading=\"lazy\" decoding=\"async\" width=\"960\" height=\"959\" src=\"https:\/\/soymigrante.com\/revista\/wp-content\/uploads\/2024\/11\/tiana-ochoa-lider-migrante-rhode-island-18.webp\" class=\"attachment-large size-large wp-image-11984\" alt=\"Vestido de mujer con estampado azul y negro, sonrisa y accesorios elegantes, en fondo negro.\" srcset=\"https:\/\/soymigrante.com\/revista\/wp-content\/uploads\/2024\/11\/tiana-ochoa-lider-migrante-rhode-island-18.webp 960w, https:\/\/soymigrante.com\/revista\/wp-content\/uploads\/2024\/11\/tiana-ochoa-lider-migrante-rhode-island-18-300x300.webp 300w, https:\/\/soymigrante.com\/revista\/wp-content\/uploads\/2024\/11\/tiana-ochoa-lider-migrante-rhode-island-18-150x150.webp 150w, https:\/\/soymigrante.com\/revista\/wp-content\/uploads\/2024\/11\/tiana-ochoa-lider-migrante-rhode-island-18-768x767.jpg 768w, https:\/\/soymigrante.com\/revista\/wp-content\/uploads\/2024\/11\/tiana-ochoa-lider-migrante-rhode-island-18-75x75.webp 75w, https:\/\/soymigrante.com\/revista\/wp-content\/uploads\/2024\/11\/tiana-ochoa-lider-migrante-rhode-island-18-750x749.webp 750w\" sizes=\"(max-width: 960px) 100vw, 960px\" \/>\n            <\/div>\n        <\/div><div class=\"eael-entry-wrapper\"><header class=\"eael-entry-header\"><h2 class=\"eael-entry-title\"><a class=\"eael-grid-post-link\" href=\"https:\/\/soymigrante.com\/revista\/cada-guatemalteco-que-pueda-votar-en-usa-cuenta-tiana-ochoa-lider-migrante-en-rhode-island\/\" title=\"Tiana Ochoa, l\u00edder migrante en Rhode Island, sirve a la comunidad  hispana, especialmente a la ni\u00f1ez\">Tiana Ochoa, l\u00edder migrante en Rhode Island, sirve a la comunidad  hispana, especialmente a la ni\u00f1ez<\/a><\/h2><\/header><div class=\"eael-entry-content\">\n                        <div class=\"eael-grid-post-excerpt\"><a href=\"https:\/\/soymigrante.com\/revista\/cada-guatemalteco-que-pueda-votar-en-usa-cuenta-tiana-ochoa-lider-migrante-en-rhode-island\/\" class=\"eael-post-elements-readmore-btn\">CONOCE SU HISTORIA <\/a><\/div>\n                    <\/div><\/div><\/div>\n        <\/div>\n    <\/article><article class=\"eael-grid-post  eael-post-grid-column eael-pg-post-2674 category-exitos\" data-id=\"2674\">\n        <div class=\"eael-grid-post-holder\">\n            <div class=\"eael-grid-post-holder-inner\"><div class=\"eael-entry-media\"><div class=\"eael-entry-overlay fade-in\"><i class=\"far fa-hand-pointer\" aria-hidden=\"true\"><\/i><a href=\"https:\/\/soymigrante.com\/revista\/animado-corazon-migrante-de-raiz-guatemalteca-el-exitoso-productor-eric-tran\/\"><\/a><\/div><div class=\"eael-entry-thumbnail \">\n                <img loading=\"lazy\" decoding=\"async\" width=\"584\" height=\"440\" src=\"https:\/\/soymigrante.com\/revista\/wp-content\/uploads\/2023\/09\/otra-sipson-e1695655800134.webp\" class=\"attachment-large size-large wp-image-2689\" alt=\"Eric Tran, animador y cineasta estadounidense, de madre migrante guatemalteca\" srcset=\"https:\/\/soymigrante.com\/revista\/wp-content\/uploads\/2023\/09\/otra-sipson-e1695655800134.webp 584w, https:\/\/soymigrante.com\/revista\/wp-content\/uploads\/2023\/09\/otra-sipson-e1695655800134-300x226.webp 300w\" sizes=\"(max-width: 584px) 100vw, 584px\" \/>\n            <\/div>\n        <\/div><div class=\"eael-entry-wrapper\"><header class=\"eael-entry-header\"><h2 class=\"eael-entry-title\"><a class=\"eael-grid-post-link\" href=\"https:\/\/soymigrante.com\/revista\/animado-corazon-migrante-de-raiz-guatemalteca-el-exitoso-productor-eric-tran\/\" title=\"Un coraz\u00f3n migrante de ra\u00edz guatemalteca: el exitoso productor y animador Erick Tran\">Un coraz\u00f3n migrante de ra\u00edz guatemalteca: el exitoso productor y animador Erick Tran<\/a><\/h2><\/header><div class=\"eael-entry-content\">\n                        <div class=\"eael-grid-post-excerpt\"><a href=\"https:\/\/soymigrante.com\/revista\/animado-corazon-migrante-de-raiz-guatemalteca-el-exitoso-productor-eric-tran\/\" class=\"eael-post-elements-readmore-btn\">CONOCE SU HISTORIA <\/a><\/div>\n                    <\/div><\/div><\/div>\n        <\/div>\n    <\/article><\/div>\n            <div class=\"clearfix\"><\/div>\n        <\/div>\t\t\t\t<\/div>\n\t\t\t\t\t<\/div>\n\t\t\t\t<\/div>\n\t\t\t\t<\/div>\n\t\t","protected":false},"excerpt":{"rendered":"<p>Aportes, iniciativas y servicio de la migrante guatemalteca Nydia Cano son reconocidos por el Desfile Hispanoamericano del Estado de New Jersey, en el cual participar\u00e1 como mariscal. La migrante y emprendedora guatemalteca Nydia Cano ha sido invitada por la organizaci\u00f3n del Desfile Hispano de New Jersey, a participar como mariscal por Guatemala, en octubre pr\u00f3ximo.\u00a0 [&hellip;]<\/p>\n","protected":false},"author":7,"featured_media":41669,"comment_status":"open","ping_status":"open","sticky":false,"template":"","format":"standard","meta":{"_acf_changed":false,"_eb_attr":"","footnotes":""},"categories":[54],"tags":[],"class_list":["post-41668","post","type-post","status-publish","format-standard","has-post-thumbnail","hentry","category-estamos-unidos"],"acf":[],"aioseo_notices":[],"aioseo_head":"\n\t\t<!-- All in One SEO Pro 4.9.6.2 - aioseo.com -->\n\t<meta name=\"description\" content=\"Realizador audiovisual Erick Tran, famoso por haber sido animador creativo de Los Simpson por 16 a\u00f1os tiene hoy su propio estudio de animaci\u00f3n. Pero la ruta no fue f\u00e1cil. De joven llor\u00f3 en el auto donde dorm\u00eda porque su familia se qued\u00f3 sin casa y nada parec\u00eda tener sentido. Hay vida m\u00e1s all\u00e1 de Los\" \/>\n\t<meta name=\"robots\" content=\"max-snippet:-1, max-image-preview:large, max-video-preview:-1\" \/>\n\t<meta name=\"author\" content=\"Gustavo Montenegro\"\/>\n\t<link rel=\"canonical\" href=\"https:\/\/soymigrante.com\/revista\/animado-corazon-migrante-de-raiz-guatemalteca-el-exitoso-productor-eric-tran\/\" \/>\n\t<meta name=\"generator\" content=\"All in One SEO Pro (AIOSEO) 4.9.6.2\" \/>\n\n\t\t<link rel=\"preconnect\" href=\"https:\/\/fonts.googleapis.com\" crossorigin>\n<link rel=\"preconnect\" href=\"https:\/\/fonts.gstatic.com\" crossorigin>\n\t\t<meta property=\"og:locale\" content=\"es_ES\" \/>\n\t\t<meta property=\"og:site_name\" content=\"SoyMigrante.com REVISTA \u2013 Nuestra misi\u00f3n es reconocer y dignificar al migrante.\" \/>\n\t\t<meta property=\"og:type\" content=\"article\" \/>\n\t\t<meta property=\"og:title\" content=\"Un coraz\u00f3n migrante de ra\u00edz guatemalteca: el exitoso productor y animador Erick Tran\" \/>\n\t\t<meta property=\"og:description\" content=\"Realizador audiovisual Erick Tran, famoso por haber sido animador creativo de Los Simpson por 16 a\u00f1os tiene hoy su propio estudio de animaci\u00f3n. Pero la ruta no fue f\u00e1cil. De joven llor\u00f3 en el auto donde dorm\u00eda porque su familia se qued\u00f3 sin casa y nada parec\u00eda tener sentido. Hay vida m\u00e1s all\u00e1 de Los\" \/>\n\t\t<meta property=\"og:url\" content=\"https:\/\/soymigrante.com\/revista\/animado-corazon-migrante-de-raiz-guatemalteca-el-exitoso-productor-eric-tran\/\" \/>\n\t\t<meta property=\"og:image\" content=\"https:\/\/soymigrante.com\/revista\/wp-content\/uploads\/2023\/09\/otra-sipson-e1695655800134.webp\" \/>\n\t\t<meta property=\"og:image:secure_url\" content=\"https:\/\/soymigrante.com\/revista\/wp-content\/uploads\/2023\/09\/otra-sipson-e1695655800134.webp\" \/>\n\t\t<meta property=\"og:image:width\" content=\"584\" \/>\n\t\t<meta property=\"og:image:height\" content=\"440\" \/>\n\t\t<meta property=\"article:published_time\" content=\"2023-09-25T19:45:37+00:00\" \/>\n\t\t<meta property=\"article:modified_time\" content=\"2024-07-30T15:59:23+00:00\" \/>\n\t\t<meta property=\"article:publisher\" content=\"https:\/\/www.facebook.com\/soymigrantecom\" \/>\n\t\t<meta name=\"twitter:card\" content=\"summary_large_image\" \/>\n\t\t<meta name=\"twitter:site\" content=\"@SoyMigrante_com\" \/>\n\t\t<meta name=\"twitter:title\" content=\"Un coraz\u00f3n migrante de ra\u00edz guatemalteca: el exitoso productor y animador Erick Tran\" \/>\n\t\t<meta name=\"twitter:description\" content=\"Realizador audiovisual Erick Tran, famoso por haber sido animador creativo de Los Simpson por 16 a\u00f1os tiene hoy su propio estudio de animaci\u00f3n. Pero la ruta no fue f\u00e1cil. De joven llor\u00f3 en el auto donde dorm\u00eda porque su familia se qued\u00f3 sin casa y nada parec\u00eda tener sentido. Hay vida m\u00e1s all\u00e1 de Los\" \/>\n\t\t<meta name=\"twitter:creator\" content=\"@SoyMigrante_com\" \/>\n\t\t<meta name=\"twitter:image\" content=\"https:\/\/soymigrante.com\/revista\/wp-content\/uploads\/2023\/09\/otra-sipson-e1695655800134.webp\" \/>\n\t\t<!-- All in One SEO Pro -->\r\n\t\t<title>Un coraz\u00f3n migrante de ra\u00edz guatemalteca: el exitoso productor y animador Erick Tran<\/title>\n\n","aioseo_head_json":{"title":"Un coraz\u00f3n migrante de ra\u00edz guatemalteca: el exitoso productor y animador Erick Tran","description":"Realizador audiovisual Erick Tran, famoso por haber sido animador creativo de Los Simpson por 16 a\u00f1os tiene hoy su propio estudio de animaci\u00f3n. Pero la ruta no fue f\u00e1cil. De joven llor\u00f3 en el auto donde dorm\u00eda porque su familia se qued\u00f3 sin casa y nada parec\u00eda tener sentido. Hay vida m\u00e1s all\u00e1 de Los","canonical_url":"https:\/\/soymigrante.com\/revista\/animado-corazon-migrante-de-raiz-guatemalteca-el-exitoso-productor-eric-tran\/","robots":"max-snippet:-1, max-image-preview:large, max-video-preview:-1","keywords":"","webmasterTools":{"miscellaneous":"&lt;link rel=\"preconnect\" href=\"https:\/\/fonts.googleapis.com\" crossorigin&gt;\n&lt;link rel=\"preconnect\" href=\"https:\/\/fonts.gstatic.com\" crossorigin&gt;"},"schema":null,"og:locale":"es_ES","og:site_name":"SoyMigrante.com REVISTA \u2013 Nuestra misi\u00f3n es reconocer y dignificar al migrante.","og:type":"article","og:title":"Un coraz\u00f3n migrante de ra\u00edz guatemalteca: el exitoso productor y animador Erick Tran","og:description":"Realizador audiovisual Erick Tran, famoso por haber sido animador creativo de Los Simpson por 16 a\u00f1os tiene hoy su propio estudio de animaci\u00f3n. Pero la ruta no fue f\u00e1cil. De joven llor\u00f3 en el auto donde dorm\u00eda porque su familia se qued\u00f3 sin casa y nada parec\u00eda tener sentido. Hay vida m\u00e1s all\u00e1 de Los","og:url":"https:\/\/soymigrante.com\/revista\/animado-corazon-migrante-de-raiz-guatemalteca-el-exitoso-productor-eric-tran\/","og:image":"https:\/\/soymigrante.com\/revista\/wp-content\/uploads\/2023\/09\/otra-sipson-e1695655800134.webp","og:image:secure_url":"https:\/\/soymigrante.com\/revista\/wp-content\/uploads\/2023\/09\/otra-sipson-e1695655800134.webp","og:image:width":584,"og:image:height":440,"article:published_time":"2023-09-25T19:45:37+00:00","article:modified_time":"2024-07-30T15:59:23+00:00","article:publisher":"https:\/\/www.facebook.com\/soymigrantecom","twitter:card":"summary_large_image","twitter:site":"@SoyMigrante_com","twitter:title":"Un coraz\u00f3n migrante de ra\u00edz guatemalteca: el exitoso productor y animador Erick Tran","twitter:description":"Realizador audiovisual Erick Tran, famoso por haber sido animador creativo de Los Simpson por 16 a\u00f1os tiene hoy su propio estudio de animaci\u00f3n. Pero la ruta no fue f\u00e1cil. De joven llor\u00f3 en el auto donde dorm\u00eda porque su familia se qued\u00f3 sin casa y nada parec\u00eda tener sentido. Hay vida m\u00e1s all\u00e1 de Los","twitter:creator":"@SoyMigrante_com","twitter:image":"https:\/\/soymigrante.com\/revista\/wp-content\/uploads\/2023\/09\/otra-sipson-e1695655800134.webp"},"aioseo_meta_data":{"post_id":"41668","title":"Guatemalteca Nydia Cano ser\u00e1 mariscal en Desfile Hispano NJ","description":"Nydia Cano, originaria de Zacapa y con m\u00e1s de 40 a\u00f1os en Estados Unidos, es invitada para ser Mariscal de Guatemala en Desfile Hispano de octubre pr\u00f3ximo","keywords":null,"keyphrases":{"focus":{"keyphrase":"Guatemalteca","score":91,"analysis":{"keyphraseInTitle":{"score":9,"maxScore":9,"error":0},"keyphraseInDescription":{"score":3,"maxScore":9,"error":1},"keyphraseLength":{"score":9,"maxScore":9,"error":0,"length":1},"keyphraseInURL":{"score":5,"maxScore":5,"error":0},"keyphraseInIntroduction":{"score":9,"maxScore":9,"error":0},"keyphraseInSubHeadings":{"score":9,"maxScore":9,"error":0},"keyphraseInImageAlt":{"score":9,"maxScore":9,"error":0},"keywordDensity":{"type":"best","score":9,"maxScore":9,"error":0}}},"additional":[{"keyphrase":"Migrante","score":87,"analysis":{"keyphraseInDescription":{"score":3,"maxScore":9,"error":1},"keyphraseLength":{"score":9,"maxScore":9,"error":0,"length":1},"keyphraseInIntroduction":{"score":9,"maxScore":9,"error":0},"keyphraseInImageAlt":{"score":9,"maxScore":9,"error":0},"keywordDensity":{"type":"best","score":9,"maxScore":9,"error":0}}},{"keyphrase":"Hispano","score":100,"analysis":{"keyphraseInDescription":{"score":9,"maxScore":9,"error":0},"keyphraseLength":{"score":9,"maxScore":9,"error":0,"length":1},"keyphraseInIntroduction":{"score":9,"maxScore":9,"error":0},"keyphraseInImageAlt":{"score":9,"maxScore":9,"error":0},"keywordDensity":{"type":"best","score":9,"maxScore":9,"error":0}}},{"keyphrase":"Desfile","score":100,"analysis":{"keyphraseInDescription":{"score":9,"maxScore":9,"error":0},"keyphraseLength":{"score":9,"maxScore":9,"error":0,"length":1},"keyphraseInIntroduction":{"score":9,"maxScore":9,"error":0},"keyphraseInImageAlt":{"score":9,"maxScore":9,"error":0},"keywordDensity":{"type":"best","score":9,"maxScore":9,"error":0}}}]},"primary_term":null,"canonical_url":null,"og_title":null,"og_description":null,"og_object_type":"default","og_image_type":"default","og_image_url":null,"og_image_width":null,"og_image_height":null,"og_image_custom_url":null,"og_image_custom_fields":null,"og_video":"","og_custom_url":null,"og_article_section":null,"og_article_tags":null,"twitter_use_og":false,"twitter_card":"default","twitter_image_type":"default","twitter_image_url":null,"twitter_image_custom_url":null,"twitter_image_custom_fields":null,"twitter_title":null,"twitter_description":null,"schema":{"blockGraphs":[],"customGraphs":[],"default":{"data":{"Article":[],"Course":[],"Dataset":[],"FAQPage":[],"Movie":[],"Person":[],"Product":[],"ProductReview":[],"Car":[],"Recipe":[],"Service":[],"SoftwareApplication":[],"WebPage":[]},"graphName":"none","isEnabled":true},"graphs":[]},"schema_type":"default","schema_type_options":null,"pillar_content":false,"robots_default":true,"robots_noindex":false,"robots_noarchive":false,"robots_nosnippet":false,"robots_nofollow":false,"robots_noimageindex":false,"robots_noodp":false,"robots_notranslate":false,"robots_max_snippet":"-1","robots_max_videopreview":"-1","robots_max_imagepreview":"large","priority":null,"frequency":"default","local_seo":null,"seo_analyzer_scan_date":"2025-10-09 07:33:56","breadcrumb_settings":null,"limit_modified_date":false,"reviewed_by":"0","open_ai":null,"ai":{"faqs":[],"keyPoints":[],"titles":[],"descriptions":[],"socialPosts":{"email":[],"linkedin":[],"twitter":[],"facebook":[],"instagram":[]}},"created":"2025-08-08 19:28:37","updated":"2026-02-05 04:08:48"},"aioseo_breadcrumb":"<div class=\"aioseo-breadcrumbs\"><span class=\"aioseo-breadcrumb\">\n\t<a href=\"https:\/\/soymigrante.com\/revista\" title=\"Home\">Home<\/a>\n<\/span><span class=\"aioseo-breadcrumb-separator\">\u00bb<\/span><span class=\"aioseo-breadcrumb\">\n\t<a href=\"https:\/\/soymigrante.com\/revista\/category\/estamos-unidos\/\" title=\"Estamos Unidos\">Estamos Unidos<\/a>\n<\/span><span class=\"aioseo-breadcrumb-separator\">\u00bb<\/span><span class=\"aioseo-breadcrumb\">\n\tMigrante guatemalteca ser\u00e1 mariscal en Desfile Hispanoamericano de New Jersey\n<\/span><\/div>","aioseo_breadcrumb_json":[{"label":"Home","link":"https:\/\/soymigrante.com\/revista"},{"label":"Estamos Unidos","link":"https:\/\/soymigrante.com\/revista\/category\/estamos-unidos\/"},{"label":"Migrante guatemalteca ser\u00e1 mariscal en Desfile Hispanoamericano de New Jersey","link":"https:\/\/soymigrante.com\/revista\/migrante-guatemalteca-sera-mariscal-en-desfile-hispanoamericano-de-new-jersey\/"}],"_links":{"self":[{"href":"https:\/\/soymigrante.com\/revista\/wp-json\/wp\/v2\/posts\/41668","targetHints":{"allow":["GET"]}}],"collection":[{"href":"https:\/\/soymigrante.com\/revista\/wp-json\/wp\/v2\/posts"}],"about":[{"href":"https:\/\/soymigrante.com\/revista\/wp-json\/wp\/v2\/types\/post"}],"author":[{"embeddable":true,"href":"https:\/\/soymigrante.com\/revista\/wp-json\/wp\/v2\/users\/7"}],"replies":[{"embeddable":true,"href":"https:\/\/soymigrante.com\/revista\/wp-json\/wp\/v2\/comments?post=41668"}],"version-history":[{"count":15,"href":"https:\/\/soymigrante.com\/revista\/wp-json\/wp\/v2\/posts\/41668\/revisions"}],"predecessor-version":[{"id":41695,"href":"https:\/\/soymigrante.com\/revista\/wp-json\/wp\/v2\/posts\/41668\/revisions\/41695"}],"wp:featuredmedia":[{"embeddable":true,"href":"https:\/\/soymigrante.com\/revista\/wp-json\/wp\/v2\/media\/41669"}],"wp:attachment":[{"href":"https:\/\/soymigrante.com\/revista\/wp-json\/wp\/v2\/media?parent=41668"}],"wp:term":[{"taxonomy":"category","embeddable":true,"href":"https:\/\/soymigrante.com\/revista\/wp-json\/wp\/v2\/categories?post=41668"},{"taxonomy":"post_tag","embeddable":true,"href":"https:\/\/soymigrante.com\/revista\/wp-json\/wp\/v2\/tags?post=41668"}],"curies":[{"name":"wp","href":"https:\/\/api.w.org\/{rel}","templated":true}]}}