{"id":41637,"date":"2025-08-08T11:41:32","date_gmt":"2025-08-08T17:41:32","guid":{"rendered":"https:\/\/soymigrante.com\/revista\/?p=41637"},"modified":"2025-08-08T12:16:47","modified_gmt":"2025-08-08T18:16:47","slug":"personajes-del-popol-vuh-hunahpu-e-ixbalanque-los-heroes-gemelos","status":"publish","type":"post","link":"https:\/\/soymigrante.com\/revista\/personajes-del-popol-vuh-hunahpu-e-ixbalanque-los-heroes-gemelos\/","title":{"rendered":"Personajes del Popol Vuh: Hunahp\u00fa e Ixbalanqu\u00e9, los h\u00e9roes gemelos"},"content":{"rendered":"\t\t<div data-elementor-type=\"wp-post\" data-elementor-id=\"41637\" class=\"elementor elementor-41637\" data-elementor-post-type=\"post\">\n\t\t\t\t<div data-particle_enable=\"false\" data-particle-mobile-disabled=\"false\" class=\"elementor-element elementor-element-3bf5b4a e-flex e-con-boxed e-con e-parent\" data-id=\"3bf5b4a\" data-element_type=\"container\" data-e-type=\"container\">\n\t\t\t\t\t<div class=\"e-con-inner\">\n\t\t\t\t<div class=\"elementor-element elementor-element-e86670e elementor-widget elementor-widget-heading\" data-id=\"e86670e\" data-element_type=\"widget\" data-e-type=\"widget\" data-widget_type=\"heading.default\">\n\t\t\t\t\t<h2 class=\"elementor-heading-title elementor-size-default\"><span style=\"font-size: 31.2px\">Sin duda alguna, los hermanos Hunahp\u00fa e Ixbalanqu\u00e9 son los m\u00e1s grandes h\u00e9roes de la cosmogon\u00eda del Popol Vuh \u2014tambi\u00e9n escrito Popol Wuj\u2014, desde su origen prodigioso hasta su victoria sobre el inframundo de Xibalb\u00e1<\/span><\/h2>\t\t\t\t<\/div>\n\t\t\t\t<div class=\"elementor-element elementor-element-7c44a73 elementor-widget elementor-widget-html\" data-id=\"7c44a73\" data-element_type=\"widget\" data-e-type=\"widget\" data-widget_type=\"html.default\">\n\t\t\t\t\t<div id=\"buzzsprout-player-17636733\"><\/div><script src=\"https:\/\/www.buzzsprout.com\/2444168\/episodes\/17636733-hunahpu-e-ixbalanque-los-heroes-gemelos-y-sus-proezas.js?container_id=buzzsprout-player-17636733&player=small\" type=\"text\/javascript\" charset=\"utf-8\"><\/script>\t\t\t\t<\/div>\n\t\t\t\t<div class=\"elementor-element elementor-element-82cd454 elementor-widget elementor-widget-heading\" data-id=\"82cd454\" data-element_type=\"widget\" data-e-type=\"widget\" data-widget_type=\"heading.default\">\n\t\t\t\t\t<h3 class=\"elementor-heading-title elementor-size-default\"><div id=\"buzzsprout-player-17636733\"><\/div><\/h3>\t\t\t\t<\/div>\n\t\t\t\t\t<\/div>\n\t\t\t\t<\/div>\n\t\t<div data-particle_enable=\"false\" data-particle-mobile-disabled=\"false\" class=\"elementor-element elementor-element-790fb6d e-flex e-con-boxed e-con e-parent\" data-id=\"790fb6d\" data-element_type=\"container\" data-e-type=\"container\">\n\t\t\t\t\t<div class=\"e-con-inner\">\n\t\t\t\t<div class=\"elementor-element elementor-element-7c69e92 elementor-widget elementor-widget-text-editor\" data-id=\"7c69e92\" data-element_type=\"widget\" data-e-type=\"widget\" data-widget_type=\"text-editor.default\">\n\t\t\t\t\t\t\t\t\t<p>En la cosmogon\u00eda del Popol Vuh, libro sagrado de los mayas quich\u00e9s, resaltan dos figuras centrales: Hunahp\u00fa e Ixbalanqu\u00e9, los h\u00e9roes gemelos, hijos de <a href=\"https:\/\/soymigrante.com\/revista\/personajes-del-popol-vuh-hun-hunahpu-y-vucub-hunahpu-los-primeros-hermanos\/\">Hun Hunahp\u00fa<\/a>\u00a0 y <a href=\"https:\/\/soymigrante.com\/revista\/personajes-del-popol-vuh-la-princesa-ixquic-del-inframundo-a-la-vida\/\">la princesa Ixquic<\/a> (o Ixkik), quienes nacen destinados a combatir y derrotar a los se\u00f1ores de Xibalb\u00e1, el inframundo de maldad y oscuridad.\u00a0\u00a0<\/p><p>La importante presencia de Hunahp\u00fa e Ixbalanqu\u00e9 en la cosmogon\u00eda maya se refleja en inscripciones, murales y vasos prehisp\u00e1nicos. Son dos personalidades distintas, pero que act\u00faan siempre hermanados en unidad. Existen algunas interpretaciones acerca de que Ixbalanqu\u00e9 podr\u00eda tratarse de una mujer. No hay consenso al respecto, aunque esta interpretaci\u00f3n tambi\u00e9n encajar\u00eda en el concepto maya de dualidad.\u00a0<\/p><p>Y este es un perfil de los gemelos h\u00e9roes del Popol Vuh.<\/p>\t\t\t\t\t\t\t\t<\/div>\n\t\t\t\t\t<\/div>\n\t\t\t\t<\/div>\n\t\t<div data-particle_enable=\"false\" data-particle-mobile-disabled=\"false\" class=\"elementor-element elementor-element-187e75b e-flex e-con-boxed e-con e-parent\" data-id=\"187e75b\" data-element_type=\"container\" data-e-type=\"container\">\n\t\t\t\t\t<div class=\"e-con-inner\">\n\t\t\t\t<div class=\"elementor-element elementor-element-3b7a470 elementor-widget elementor-widget-image\" data-id=\"3b7a470\" data-element_type=\"widget\" data-e-type=\"widget\" data-widget_type=\"image.default\">\n\t\t\t\t\t\t\t\t\t\t\t\t<figure class=\"wp-caption\">\n\t\t\t\t\t\t\t\t\t\t<img fetchpriority=\"high\" decoding=\"async\" width=\"768\" height=\"768\" src=\"https:\/\/soymigrante.com\/revista\/wp-content\/uploads\/2025\/08\/hunahpu-e-ixbalanque-personajes-del-popol-vuh-1.webp\" class=\"attachment-large size-large wp-image-41642\" alt=\"Ni\u00f1os vestidos con ropa tradicional brincando sobre un tronco en un bosque verde y luminoso, acompa\u00f1ados de aves, representando alegr\u00eda y cultura en naturaleza.\" srcset=\"https:\/\/soymigrante.com\/revista\/wp-content\/uploads\/2025\/08\/hunahpu-e-ixbalanque-personajes-del-popol-vuh-1.webp 1024w, https:\/\/soymigrante.com\/revista\/wp-content\/uploads\/2025\/08\/hunahpu-e-ixbalanque-personajes-del-popol-vuh-1-300x300.png 300w, https:\/\/soymigrante.com\/revista\/wp-content\/uploads\/2025\/08\/hunahpu-e-ixbalanque-personajes-del-popol-vuh-1-150x150.png 150w, https:\/\/soymigrante.com\/revista\/wp-content\/uploads\/2025\/08\/hunahpu-e-ixbalanque-personajes-del-popol-vuh-1-768x768.png 768w, https:\/\/soymigrante.com\/revista\/wp-content\/uploads\/2025\/08\/hunahpu-e-ixbalanque-personajes-del-popol-vuh-1-75x75.webp 75w, https:\/\/soymigrante.com\/revista\/wp-content\/uploads\/2025\/08\/hunahpu-e-ixbalanque-personajes-del-popol-vuh-1-750x750.webp 750w\" sizes=\"(max-width: 768px) 100vw, 768px\" title=\"Hunahp\u00fa e Ixbalanqu\u00e9 crecieron como grandes cazadores, corriendo todo el tiempo por el bosque. Se divert\u00edan y jugaban. \u2013 SoyMigrante.com REVISTA\" \/>\t\t\t\t\t\t\t\t\t\t\t<figcaption class=\"widget-image-caption wp-caption-text\">Diversi\u00f3n infantil en la naturaleza: ni\u00f1os en un bosque, brincando sobre un tronco, acompa\u00f1ados de aves, resaltando cultura, alegr\u00eda y conexi\u00f3n con la naturaleza.<\/figcaption>\n\t\t\t\t\t\t\t\t\t\t<\/figure>\n\t\t\t\t\t\t\t\t\t<\/div>\n\t\t\t\t\t<\/div>\n\t\t\t\t<\/div>\n\t\t<div data-particle_enable=\"false\" data-particle-mobile-disabled=\"false\" class=\"elementor-element elementor-element-09c929c e-flex e-con-boxed e-con e-parent\" data-id=\"09c929c\" data-element_type=\"container\" data-e-type=\"container\">\n\t\t\t\t\t<div class=\"e-con-inner\">\n\t\t\t\t<div class=\"elementor-element elementor-element-970c0fe elementor-widget elementor-widget-heading\" data-id=\"970c0fe\" data-element_type=\"widget\" data-e-type=\"widget\" data-widget_type=\"heading.default\">\n\t\t\t\t\t<h3 class=\"elementor-heading-title elementor-size-default\">Nacen con inteligencia, valent\u00eda y magia<\/h3>\t\t\t\t<\/div>\n\t\t\t\t\t<\/div>\n\t\t\t\t<\/div>\n\t\t<div data-particle_enable=\"false\" data-particle-mobile-disabled=\"false\" class=\"elementor-element elementor-element-1b3ed53 e-flex e-con-boxed e-con e-parent\" data-id=\"1b3ed53\" data-element_type=\"container\" data-e-type=\"container\">\n\t\t\t\t\t<div class=\"e-con-inner\">\n\t\t\t\t<div class=\"elementor-element elementor-element-4ad1411 elementor-widget elementor-widget-text-editor\" data-id=\"4ad1411\" data-element_type=\"widget\" data-e-type=\"widget\" data-widget_type=\"text-editor.default\">\n\t\t\t\t\t\t\t\t\t<p>Los gemelos nacen tras un embarazo sobrenatural de <a href=\"https:\/\/soymigrante.com\/revista\/personajes-del-popol-vuh-la-princesa-ixquic-del-inframundo-a-la-vida\/\">Ixquic, hija de uno de los se\u00f1ores del inframundo<\/a>. Ella queda encinta al acercarse al \u00e1rbol donde cuelga la cabeza de <a href=\"https:\/\/soymigrante.com\/revista\/personajes-del-popol-vuh-hun-hunahpu-y-vucub-hunahpu-los-primeros-hermanos\/\">Hun Hunahp\u00fa:\u00a0\u00a0<\/a><\/p><p><i>\u201cCuando ella lleg\u00f3 frente al \u00e1rbol&#8230; la calavera de Hun Hunahp\u00fa le escupi\u00f3 en la mano, y al instante qued\u00f3 pre\u00f1ada\u201d\u00a0\u00a0<\/i><\/p><p><a href=\"https:\/\/soymigrante.com\/revista\/personajes-del-popol-vuh-la-princesa-ixquic-del-inframundo-a-la-vida\/\">Ixquic<\/a> escapa al mundo exterior y es recibida por la abuela Ixmucan\u00e9. Da a luz a los dos gemelos. Sus medios hermanos mayores, <a href=\"https:\/\/soymigrante.com\/revista\/personajes-del-popol-vuh-hun-batz-y-hun-chouen-son-convertidos-en-monos-por-envidiosos\/\">Hun Batz y Hun Chouen<\/a>, estaban celosos de ellos.<\/p><p><i>&#8220;Y as\u00ed fue el nacimiento de ellos, que diremos cuando ya estaba justo el tiempo de nacer, nacieron de la doncella que se lamaba Ixquic. No los vio la abuela cuando nacieron. Luego se\u00a0levantaron los dos nacidos a un tiempo. Hunahp\u00fa y Xbalanqu\u00e9 eran llamados&#8230; (<a href=\"https:\/\/soymigrante.com\/revista\/personajes-del-popol-vuh-hun-batz-y-hun-chouen-son-convertidos-en-monos-por-envidiosos\/\">Sus hermanos Hun Batz y Hun Chouen<\/a>) los fueron a poner en un hormiguero y all\u00ed\u00a0durmieron sabrosamente&#8221;<\/i>.\u00a0<\/p><p>Hun Batz y Hun Chouen, envidiosos, buscaban enga\u00f1ar a los gemelos para que se perdieran en el monte; les quitaban las presas que hab\u00edan cazado, se las com\u00edan y luego los enviaban a cazar m\u00e1s. <a href=\"https:\/\/soymigrante.com\/revista\/personajes-del-popol-vuh-hun-batz-y-hun-chouen-son-convertidos-en-monos-por-envidiosos\/\">Hasta que un d\u00eda fueron castigados.<\/a><\/p>\t\t\t\t\t\t\t\t<\/div>\n\t\t\t\t\t<\/div>\n\t\t\t\t<\/div>\n\t\t<div data-particle_enable=\"false\" data-particle-mobile-disabled=\"false\" class=\"elementor-element elementor-element-dc1d2b7 e-flex e-con-boxed e-con e-parent\" data-id=\"dc1d2b7\" data-element_type=\"container\" data-e-type=\"container\">\n\t\t\t\t\t<div class=\"e-con-inner\">\n\t\t\t\t<div class=\"elementor-element elementor-element-3309f1b elementor-widget elementor-widget-image\" data-id=\"3309f1b\" data-element_type=\"widget\" data-e-type=\"widget\" data-widget_type=\"image.default\">\n\t\t\t\t\t\t\t\t\t\t\t\t<figure class=\"wp-caption\">\n\t\t\t\t\t\t\t\t\t\t<img decoding=\"async\" width=\"768\" height=\"506\" src=\"https:\/\/soymigrante.com\/revista\/wp-content\/uploads\/2025\/08\/hunahpu-e-ixbalanque-juego-de-pelota.webp\" class=\"attachment-large size-large wp-image-41652\" alt=\"Saltadores ind\u00edgenas realizando danza tradicional en un entorno ancestral con luz solar filtrada a trav\u00e9s de los \u00e1rboles. Muestra riqueza cultural y patrimonio de las comunidades originarias en una ceremonia ancestral.\" srcset=\"https:\/\/soymigrante.com\/revista\/wp-content\/uploads\/2025\/08\/hunahpu-e-ixbalanque-juego-de-pelota.webp 1024w, https:\/\/soymigrante.com\/revista\/wp-content\/uploads\/2025\/08\/hunahpu-e-ixbalanque-juego-de-pelota-300x198.jpg 300w, https:\/\/soymigrante.com\/revista\/wp-content\/uploads\/2025\/08\/hunahpu-e-ixbalanque-juego-de-pelota-768x506.jpg 768w, https:\/\/soymigrante.com\/revista\/wp-content\/uploads\/2025\/08\/hunahpu-e-ixbalanque-juego-de-pelota-750x494.webp 750w\" sizes=\"(max-width: 768px) 100vw, 768px\" title=\"Hunahp\u00fa e Ixbalanqu\u00e9, al igual que su padre Hun Hunahp\u00fa y su t\u00edo Vucub Hunahp\u00fa, eran grandes jugadores de pelota. Su alegr\u00eda y gritos al jugar irritaban a los se\u00f1ores de la oscuridad, quienes llegaron a desafiarlos para que bajaran a Xibalb\u00e1. (Imagen generada por IA con base en textos del Popol Vuh) \u2013 SoyMigrante.com REVISTA\" \/>\t\t\t\t\t\t\t\t\t\t\t<figcaption class=\"widget-image-caption wp-caption-text\">T\u00edtulos: Saltadores ind\u00edgenas en ceremonia tradicional, cultura originaria, patrimonio cultural, danza ancestral de los pueblos originarios en un entorno natural.<\/figcaption>\n\t\t\t\t\t\t\t\t\t\t<\/figure>\n\t\t\t\t\t\t\t\t\t<\/div>\n\t\t\t\t\t<\/div>\n\t\t\t\t<\/div>\n\t\t<div data-particle_enable=\"false\" data-particle-mobile-disabled=\"false\" class=\"elementor-element elementor-element-3bc67e0 e-flex e-con-boxed e-con e-parent\" data-id=\"3bc67e0\" data-element_type=\"container\" data-e-type=\"container\">\n\t\t\t\t\t<div class=\"e-con-inner\">\n\t\t\t\t<div class=\"elementor-element elementor-element-e14cc93 elementor-widget elementor-widget-heading\" data-id=\"e14cc93\" data-element_type=\"widget\" data-e-type=\"widget\" data-widget_type=\"heading.default\">\n\t\t\t\t\t<h3 class=\"elementor-heading-title elementor-size-default\">Siempre unidos Hunahp\u00fa e Ixbalanqu\u00e9<\/h3>\t\t\t\t<\/div>\n\t\t\t\t\t<\/div>\n\t\t\t\t<\/div>\n\t\t<div data-particle_enable=\"false\" data-particle-mobile-disabled=\"false\" class=\"elementor-element elementor-element-1dbbfef e-flex e-con-boxed e-con e-parent\" data-id=\"1dbbfef\" data-element_type=\"container\" data-e-type=\"container\">\n\t\t\t\t\t<div class=\"e-con-inner\">\n\t\t\t\t<div class=\"elementor-element elementor-element-adcec64 elementor-widget elementor-widget-text-editor\" data-id=\"adcec64\" data-element_type=\"widget\" data-e-type=\"widget\" data-widget_type=\"text-editor.default\">\n\t\t\t\t\t\t\t\t\t<p>Hunahp\u00fa e Ixbalanqu\u00e9 siempre sal\u00edan adelante gracias a su astucia, trabajo en equipo y dones muy especiales para la magia. Al ya no estar sus hermanos mayores, por haber sido convertidos en monos, los gemelos se hacen cargo de su mam\u00e1 y su abuela.<\/p><p><i>\u201cNosotros sembraremos milpa\u201d, dijeron a su abuela <a href=\"https:\/\/soymigrante.com\/revista\/personajes-del-popol-vuh-hun-batz-y-hun-chouen-son-convertidos-en-monos-por-envidiosos\/\">y a su madre<\/a>, \u201cno os aflij\u00e1is, aqu\u00ed estamos nosotros tus nietos,,,\u201d, dijeron Hunahp\u00fa y Xbalanqu\u00e9. Entonces tomando sus hachas y azadones, se fueron con sus cerbatanas al hombro&#8230;\u00a0<\/i><\/p><p><i>Llegando a la<a href=\"https:\/\/soymigrante.com\/revista\/cual-es-el-origen-del-maiz-este-alimento-es-100-guatemalteco\/\"> milpa<\/a> donde hab\u00edan de sembrar, clavaron el azad\u00f3n en la tierra y mucho era lo que se labraba solo por el azad\u00f3n y el hacha clav\u00e1ndola en el palo, se iban todos los palos cayendo tendidos y tambi\u00e9n todos los bejucos; era much\u00edsimo lo que hab\u00eda de palos derribados y cortados con solo un hacha y con solo un azad\u00f3n&#8221;.\u00a0<\/i><\/p><p><span style=\"font-family: Roboto, sans-serif; font-size: 16px; font-style: normal; font-variant-ligatures: normal; font-variant-caps: normal; font-weight: 400;\">Hunahp\u00fa toma la iniciativa de fuerza f\u00edsica, es m\u00e1s impetuoso y directo; sus acciones lo muestran como l\u00edder y hombre de acci\u00f3n. Por su lado Ixbalanqu\u00e9 interviene con sabidur\u00eda y astucia, especialmente en las escenas de transformaci\u00f3n y magia. Su perfil es m\u00e1s reflexivo, apacible y estrat\u00e9gico.\u00a0<\/span><\/p>\t\t\t\t\t\t\t\t<\/div>\n\t\t\t\t\t<\/div>\n\t\t\t\t<\/div>\n\t\t<div data-particle_enable=\"false\" data-particle-mobile-disabled=\"false\" class=\"elementor-element elementor-element-90a082f e-flex e-con-boxed e-con e-parent\" data-id=\"90a082f\" data-element_type=\"container\" data-e-type=\"container\">\n\t\t\t\t\t<div class=\"e-con-inner\">\n\t\t\t\t<div class=\"elementor-element elementor-element-13252e5 elementor-widget elementor-widget-heading\" data-id=\"13252e5\" data-element_type=\"widget\" data-e-type=\"widget\" data-widget_type=\"heading.default\">\n\t\t\t\t\t<h3 class=\"elementor-heading-title elementor-size-default\">H\u00e1biles cazadores en la selva maya<\/h3>\t\t\t\t<\/div>\n\t\t\t\t\t<\/div>\n\t\t\t\t<\/div>\n\t\t<div data-particle_enable=\"false\" data-particle-mobile-disabled=\"false\" class=\"elementor-element elementor-element-1c5cb96 e-flex e-con-boxed e-con e-parent\" data-id=\"1c5cb96\" data-element_type=\"container\" data-e-type=\"container\">\n\t\t\t\t\t<div class=\"e-con-inner\">\n\t\t\t\t<div class=\"elementor-element elementor-element-7741684 elementor-widget elementor-widget-video\" data-id=\"7741684\" data-element_type=\"widget\" data-e-type=\"widget\" data-settings=\"{&quot;video_type&quot;:&quot;hosted&quot;,&quot;controls&quot;:&quot;yes&quot;}\" data-widget_type=\"video.default\">\n\t\t\t\t\t\t\t<div class=\"e-hosted-video elementor-wrapper elementor-open-inline\">\n\t\t\t\t\t<video class=\"elementor-video\" src=\"https:\/\/soymigrante.com\/revista\/wp-content\/uploads\/2025\/08\/hunahpu-e-ixbalanque-personajes-del-popol-vuh-1.mp4\" controls=\"\" preload=\"metadata\" controlsList=\"nodownload\"><\/video>\n\t\t\t\t<\/div>\n\t\t\t\t\t\t<\/div>\n\t\t\t\t\t<\/div>\n\t\t\t\t<\/div>\n\t\t<div data-particle_enable=\"false\" data-particle-mobile-disabled=\"false\" class=\"elementor-element elementor-element-9276600 e-flex e-con-boxed e-con e-parent\" data-id=\"9276600\" data-element_type=\"container\" data-e-type=\"container\">\n\t\t\t\t\t<div class=\"e-con-inner\">\n\t\t\t\t<div class=\"elementor-element elementor-element-7c21561 elementor-widget elementor-widget-heading\" data-id=\"7c21561\" data-element_type=\"widget\" data-e-type=\"widget\" data-widget_type=\"heading.default\">\n\t\t\t\t\t<h3 class=\"elementor-heading-title elementor-size-default\">Xibalb\u00e1 intenta acabar con Hunahp\u00fa e Ixbalanqu\u00e9<\/h3>\t\t\t\t<\/div>\n\t\t\t\t\t<\/div>\n\t\t\t\t<\/div>\n\t\t<div data-particle_enable=\"false\" data-particle-mobile-disabled=\"false\" class=\"elementor-element elementor-element-e4dec73 e-flex e-con-boxed e-con e-parent\" data-id=\"e4dec73\" data-element_type=\"container\" data-e-type=\"container\">\n\t\t\t\t\t<div class=\"e-con-inner\">\n\t\t\t\t<div class=\"elementor-element elementor-element-38e545f elementor-widget elementor-widget-text-editor\" data-id=\"38e545f\" data-element_type=\"widget\" data-e-type=\"widget\" data-widget_type=\"text-editor.default\">\n\t\t\t\t\t\t\t\t\t<p><span style=\"font-family: Roboto, sans-serif; font-size: 16px; font-style: normal; font-variant-ligatures: normal; font-variant-caps: normal; font-weight: 400;\">Crecen como h\u00e1biles cazadores y como jugadores del sagrado juego de pelota. El ruido de sus gritos de alegr\u00eda molestaba a los se\u00f1ores del inframundo, quienes se re\u00fanen y planean matarlos.\u00a0 Los desaf\u00edan a bajar a Xibalb\u00e1 a jugar pelota.<\/span><\/p><p><span style=\"font-family: Roboto, sans-serif; font-size: 16px; font-style: normal; font-variant-ligatures: normal; font-variant-caps: normal; font-weight: 400;\">Los gemelos\u00a0<\/span>ceptan el desaf\u00edo de Xibalb\u00e1, as\u00ed como lo hicieron alguna vez su padre y su t\u00edo, <a href=\"https:\/\/soymigrante.com\/revista\/personajes-del-popol-vuh-hun-hunahpu-y-vucub-hunahpu-los-primeros-hermanos\/\">Hun Hunahp\u00fa y Vucub Hunahp\u00fa,<\/a> que fueron derrotados. Pero esta vez van preparados para enfrentar las pruebas: la Casa Oscura, la Casa del Fr\u00edo, la Casa de los Jaguares, la Casa de los Murci\u00e9lagos y la Casa de los Cuchillos. Sobreviven a todas.<\/p><p>Tras un juego de pelota en el que salen victoriosos, enfrentan un desaf\u00edo mortal. Se dejan matar como su padre y su t\u00edo, pero no mueren:\u00a0\u00a0<\/p><p>\u201c<i>Entonces los mataron (a Hunahp\u00fa e Ixbalanqu\u00e9) y molieron sus huesos, y los echaron al r\u00edo. Pero no se quemaron los huesos, sino que se transformaron en peces.\u201d\u00a0<\/i><\/p>\t\t\t\t\t\t\t\t<\/div>\n\t\t\t\t\t<\/div>\n\t\t\t\t<\/div>\n\t\t<div data-particle_enable=\"false\" data-particle-mobile-disabled=\"false\" class=\"elementor-element elementor-element-34d7dae e-flex e-con-boxed e-con e-parent\" data-id=\"34d7dae\" data-element_type=\"container\" data-e-type=\"container\">\n\t\t\t\t\t<div class=\"e-con-inner\">\n\t\t\t\t<div class=\"elementor-element elementor-element-6cdc767 elementor-widget elementor-widget-image\" data-id=\"6cdc767\" data-element_type=\"widget\" data-e-type=\"widget\" data-widget_type=\"image.default\">\n\t\t\t\t\t\t\t\t\t\t\t\t<figure class=\"wp-caption\">\n\t\t\t\t\t\t\t\t\t\t<img decoding=\"async\" width=\"768\" height=\"432\" src=\"https:\/\/soymigrante.com\/revista\/wp-content\/uploads\/2025\/08\/hunahpu-e-ixbalanque-personajes-del-popol-vuh-1024x576.png\" class=\"attachment-large size-large wp-image-41645\" alt=\"Ancestros aztecas jugando pelota en un escenario en la selva con templo antiguo de fondo en la cultura prehisp\u00e1nica mexicana.\" srcset=\"https:\/\/soymigrante.com\/revista\/wp-content\/uploads\/2025\/08\/hunahpu-e-ixbalanque-personajes-del-popol-vuh-1024x576.png 1024w, https:\/\/soymigrante.com\/revista\/wp-content\/uploads\/2025\/08\/hunahpu-e-ixbalanque-personajes-del-popol-vuh-300x169.png 300w, https:\/\/soymigrante.com\/revista\/wp-content\/uploads\/2025\/08\/hunahpu-e-ixbalanque-personajes-del-popol-vuh-768x432.png 768w, https:\/\/soymigrante.com\/revista\/wp-content\/uploads\/2025\/08\/hunahpu-e-ixbalanque-personajes-del-popol-vuh-1536x864.png 1536w, https:\/\/soymigrante.com\/revista\/wp-content\/uploads\/2025\/08\/hunahpu-e-ixbalanque-personajes-del-popol-vuh-750x422.webp 750w, https:\/\/soymigrante.com\/revista\/wp-content\/uploads\/2025\/08\/hunahpu-e-ixbalanque-personajes-del-popol-vuh-1140x641.webp 1140w, https:\/\/soymigrante.com\/revista\/wp-content\/uploads\/2025\/08\/hunahpu-e-ixbalanque-personajes-del-popol-vuh.webp 1820w\" sizes=\"(max-width: 768px) 100vw, 768px\" title=\"Los gemelos h\u00e9roes aceptan el desaf\u00edo de los se\u00f1ores de Xibalb\u00e1: pasan varias pruebas y al final compiten en juego de pelota. Son derrotados y sacrificados, pero no mueren: reviven. (Imagen generada con IA con base en textos del Popol Vuh) \u2013 SoyMigrante.com REVISTA\" \/>\t\t\t\t\t\t\t\t\t\t\t<figcaption class=\"widget-image-caption wp-caption-text\">Recreaci\u00f3n art\u00edstica de rituales y tradiciones ind\u00edgenas en la historia de M\u00e9xico contada por SoyMigrante.com Revista.<\/figcaption>\n\t\t\t\t\t\t\t\t\t\t<\/figure>\n\t\t\t\t\t\t\t\t\t<\/div>\n\t\t\t\t\t<\/div>\n\t\t\t\t<\/div>\n\t\t<div data-particle_enable=\"false\" data-particle-mobile-disabled=\"false\" class=\"elementor-element elementor-element-a5e570f e-flex e-con-boxed e-con e-parent\" data-id=\"a5e570f\" data-element_type=\"container\" data-e-type=\"container\">\n\t\t\t\t\t<div class=\"e-con-inner\">\n\t\t\t\t<div class=\"elementor-element elementor-element-dc58deb elementor-widget elementor-widget-heading\" data-id=\"dc58deb\" data-element_type=\"widget\" data-e-type=\"widget\" data-widget_type=\"heading.default\">\n\t\t\t\t\t<h3 class=\"elementor-heading-title elementor-size-default\">Hunahp\u00fa e Ixbalanqu\u00e9 derrotan a  los se\u00f1ores del Inframundo<\/h3>\t\t\t\t<\/div>\n\t\t\t\t\t<\/div>\n\t\t\t\t<\/div>\n\t\t<div data-particle_enable=\"false\" data-particle-mobile-disabled=\"false\" class=\"elementor-element elementor-element-d2e2e79 e-flex e-con-boxed e-con e-parent\" data-id=\"d2e2e79\" data-element_type=\"container\" data-e-type=\"container\">\n\t\t\t\t\t<div class=\"e-con-inner\">\n\t\t\t\t<div class=\"elementor-element elementor-element-605b7cc elementor-widget elementor-widget-text-editor\" data-id=\"605b7cc\" data-element_type=\"widget\" data-e-type=\"widget\" data-widget_type=\"text-editor.default\">\n\t\t\t\t\t\t\t\t\t<p>Pero Hunahp\u00fa e Ixbalanqu\u00e9 regresan a Xibalb\u00e1 disfrazados como bailarines y magos. Hac\u00edan trucos para entretener: sacrificaban animales y los reviv\u00edan; se lanzaban al fuego para quemarse y aparec\u00edan sin da\u00f1o alguno; un hermano sacrificaba al otro para despu\u00e9s resucitarlo:\u00a0\u00a0<\/p><p><i>\u201cCuando danzaban, quemaban sus cuerpos y volv\u00edan a la vida, cortaban su cabeza y volv\u00edan a ponerse de pie.\u201d\u00a0<\/i><\/p><p>Impresionados por el espect\u00e1culo, los se\u00f1ores del inframundo aceptaron participar en este truco\u00a0 de magia. Los gemelos los sacrificaron, pero ya no los revivieron. As\u00ed derrotaron al reino de la oscuridad. Acabaron as\u00ed con los se\u00f1ores de Xibalb\u00e1.<\/p><p>\u201cEntonces subieron al cielo. Uno se convirti\u00f3 en el Sol y el otro en la Luna. As\u00ed termin\u00f3 la derrota de los se\u00f1ores de Xibalb\u00e1.\u201d: <a href=\"https:\/\/mcd.gob.gt\/wp-content\/uploads\/2022\/05\/1-Popol-Vuh-Traduccio%E2%95%A0un-de-Francisco-Xime%E2%95%A0unez-Lecturas-Bicentenarias.pdf\">Popol Vuh<\/a>.<\/p>\t\t\t\t\t\t\t\t<\/div>\n\t\t\t\t\t<\/div>\n\t\t\t\t<\/div>\n\t\t<div data-particle_enable=\"false\" data-particle-mobile-disabled=\"false\" class=\"elementor-element elementor-element-f4c8d09 e-flex e-con-boxed e-con e-parent\" data-id=\"f4c8d09\" data-element_type=\"container\" data-e-type=\"container\">\n\t\t\t\t\t<div class=\"e-con-inner\">\n\t\t\t\t<div class=\"elementor-element elementor-element-86d42f9 elementor-widget elementor-widget-image\" data-id=\"86d42f9\" data-element_type=\"widget\" data-e-type=\"widget\" data-widget_type=\"image.default\">\n\t\t\t\t\t\t\t\t\t\t\t\t<figure class=\"wp-caption\">\n\t\t\t\t\t\t\t\t\t\t<img loading=\"lazy\" decoding=\"async\" width=\"768\" height=\"415\" src=\"https:\/\/soymigrante.com\/revista\/wp-content\/uploads\/2025\/08\/hunahpu-e-ixbalanque-personajes-del-popol-vuh-2-1024x553.png\" class=\"attachment-large size-large wp-image-41647\" alt=\"Ni\u00f1os ind\u00edgenas saltando escalinatas en un bosque denso con luz solar, vestimenta tradicional y animales (\u00e1guilas), simbolizando cultura, tradici\u00f3n y naturaleza.\" srcset=\"https:\/\/soymigrante.com\/revista\/wp-content\/uploads\/2025\/08\/hunahpu-e-ixbalanque-personajes-del-popol-vuh-2-1024x553.png 1024w, https:\/\/soymigrante.com\/revista\/wp-content\/uploads\/2025\/08\/hunahpu-e-ixbalanque-personajes-del-popol-vuh-2-300x162.png 300w, https:\/\/soymigrante.com\/revista\/wp-content\/uploads\/2025\/08\/hunahpu-e-ixbalanque-personajes-del-popol-vuh-2-768x415.png 768w, https:\/\/soymigrante.com\/revista\/wp-content\/uploads\/2025\/08\/hunahpu-e-ixbalanque-personajes-del-popol-vuh-2-750x405.webp 750w, https:\/\/soymigrante.com\/revista\/wp-content\/uploads\/2025\/08\/hunahpu-e-ixbalanque-personajes-del-popol-vuh-2-1140x616.webp 1140w, https:\/\/soymigrante.com\/revista\/wp-content\/uploads\/2025\/08\/hunahpu-e-ixbalanque-personajes-del-popol-vuh-2.webp 1392w\" sizes=\"(max-width: 768px) 100vw, 768px\" title=\"Tras derrotar a los se\u00f1ores del inframundo Xibalb\u00e1, los gemelos h\u00e9roes Hunahpu e Ixbalanqu\u00e9 son convertidos en el Sol y la Luna. (Imagen generada por IA con base en textos del Popol Vuh) \u2013 SoyMigrante.com REVISTA\" \/>\t\t\t\t\t\t\t\t\t\t\t<figcaption class=\"widget-image-caption wp-caption-text\">Ni\u00f1os ind\u00edgenas en trajes tradicionales saltando en un entorno selv\u00e1tico con animales, reflejando cultura, herencia y conexi\u00f3n con la naturaleza en la revista SoyMigrante.<\/figcaption>\n\t\t\t\t\t\t\t\t\t\t<\/figure>\n\t\t\t\t\t\t\t\t\t<\/div>\n\t\t\t\t\t<\/div>\n\t\t\t\t<\/div>\n\t\t<div data-particle_enable=\"false\" data-particle-mobile-disabled=\"false\" class=\"elementor-element elementor-element-9b0d016 e-flex e-con-boxed e-con e-parent\" data-id=\"9b0d016\" data-element_type=\"container\" data-e-type=\"container\">\n\t\t\t\t\t<div class=\"e-con-inner\">\n\t\t\t\t<div class=\"elementor-element elementor-element-76e77d0 elementor-widget elementor-widget-heading\" data-id=\"76e77d0\" data-element_type=\"widget\" data-e-type=\"widget\" data-widget_type=\"heading.default\">\n\t\t\t\t\t<h3 class=\"elementor-heading-title elementor-size-default\">\u00bfPudo ser Ixbalanqu\u00e9 una mujer?<\/h3>\t\t\t\t<\/div>\n\t\t\t\t\t<\/div>\n\t\t\t\t<\/div>\n\t\t<div data-particle_enable=\"false\" data-particle-mobile-disabled=\"false\" class=\"elementor-element elementor-element-d3dda96 e-flex e-con-boxed e-con e-parent\" data-id=\"d3dda96\" data-element_type=\"container\" data-e-type=\"container\">\n\t\t\t\t\t<div class=\"e-con-inner\">\n\t\t\t\t<div class=\"elementor-element elementor-element-e83b08f elementor-widget elementor-widget-text-editor\" data-id=\"e83b08f\" data-element_type=\"widget\" data-e-type=\"widget\" data-widget_type=\"text-editor.default\">\n\t\t\t\t\t\t\t\t\t<p>El nombre Ixbalanqu\u00e9 contiene el prefijo \u201cIx\u201d, que en maya quich\u00e9 se utiliza com\u00fanmente para nombres femeninos (como Ixquic, Ixchel o Ixmucan\u00e9). Algunos estudiosos han sugerido que podr\u00eda ser originalmente una mujer, reinterpretada luego como personaje masculino.\u00a0<\/p><p>Entre los argumentos a favor est\u00e1n sus acciones m\u00e1s relacionadas con lo espiritual, lo curativo y lo simb\u00f3lico, atributos tradicionalmente femeninos en la cosmovisi\u00f3n maya.<\/p><p>Sin embargo, el Popol Vuh no lo declara expl\u00edcitamente. De hecho, no detalla cu\u00e1l de los gemelos es el Sol y cu\u00e1l la Luna, aunque algunos estudios asocian al primero con Hunahp\u00fa \u2014m\u00e1s activo y visible\u2014 y a Ixbalanqu\u00e9 con la Luna.<\/p><div>\u00a0<\/div>\t\t\t\t\t\t\t\t<\/div>\n\t\t\t\t\t<\/div>\n\t\t\t\t<\/div>\n\t\t<div data-particle_enable=\"false\" data-particle-mobile-disabled=\"false\" class=\"elementor-element elementor-element-0d388c4 e-flex e-con-boxed e-con e-parent\" data-id=\"0d388c4\" data-element_type=\"container\" data-e-type=\"container\">\n\t\t\t\t\t<div class=\"e-con-inner\">\n\t\t\t\t<div class=\"elementor-element elementor-element-fdb50fd elementor-widget elementor-widget-heading\" data-id=\"fdb50fd\" data-element_type=\"widget\" data-e-type=\"widget\" data-widget_type=\"heading.default\">\n\t\t\t\t\t<h4 class=\"elementor-heading-title elementor-size-default\">Una lecci\u00f3n prehisp\u00e1nica pero muy actual de c\u00f3mo la valent\u00eda, la uni\u00f3n y la inteligencia siempre triunfan sobre la oscuridad<\/h4>\t\t\t\t<\/div>\n\t\t\t\t\t<\/div>\n\t\t\t\t<\/div>\n\t\t<div data-particle_enable=\"false\" data-particle-mobile-disabled=\"false\" class=\"elementor-element elementor-element-aebf9bc e-flex e-con-boxed e-con e-parent\" data-id=\"aebf9bc\" data-element_type=\"container\" data-e-type=\"container\">\n\t\t\t\t\t<div class=\"e-con-inner\">\n\t\t\t\t<div class=\"elementor-element elementor-element-58e5f70 elementor-widget elementor-widget-video\" data-id=\"58e5f70\" data-element_type=\"widget\" data-e-type=\"widget\" data-settings=\"{&quot;video_type&quot;:&quot;hosted&quot;,&quot;controls&quot;:&quot;yes&quot;}\" data-widget_type=\"video.default\">\n\t\t\t\t\t\t\t<div class=\"e-hosted-video elementor-wrapper elementor-open-inline\">\n\t\t\t\t\t<video class=\"elementor-video\" src=\"https:\/\/soymigrante.com\/revista\/wp-content\/uploads\/2025\/08\/hunahpu-e-ixbalanque.mp4\" controls=\"\" preload=\"metadata\" controlsList=\"nodownload\"><\/video>\n\t\t\t\t<\/div>\n\t\t\t\t\t\t<\/div>\n\t\t\t\t\t<\/div>\n\t\t\t\t<\/div>\n\t\t<div data-particle_enable=\"false\" data-particle-mobile-disabled=\"false\" class=\"elementor-element elementor-element-91206ca e-flex e-con-boxed e-con e-parent\" data-id=\"91206ca\" data-element_type=\"container\" data-e-type=\"container\">\n\t\t\t\t\t<div class=\"e-con-inner\">\n\t\t\t\t<div class=\"elementor-element elementor-element-6016c90 elementor-widget elementor-widget-heading\" data-id=\"6016c90\" data-element_type=\"widget\" data-e-type=\"widget\" data-widget_type=\"heading.default\">\n\t\t\t\t\t<h2 class=\"elementor-heading-title elementor-size-default\">M\u00e1s sobre la riqueza maya guatemalteca<\/h2>\t\t\t\t<\/div>\n\t\t\t\t\t<\/div>\n\t\t\t\t<\/div>\n\t\t<div data-particle_enable=\"false\" data-particle-mobile-disabled=\"false\" class=\"elementor-element elementor-element-a2e3df4 e-flex e-con-boxed e-con e-parent\" data-id=\"a2e3df4\" data-element_type=\"container\" data-e-type=\"container\">\n\t\t\t\t\t<div class=\"e-con-inner\">\n\t\t\t\t<div class=\"elementor-element elementor-element-e5787fc elementor-grid-eael-col-3 elementor-grid-tablet-eael-col-2 elementor-grid-mobile-eael-col-1 elementor-invisible elementor-widget elementor-widget-eael-post-grid\" data-id=\"e5787fc\" data-element_type=\"widget\" data-e-type=\"widget\" data-settings=\"{&quot;eael_post_grid_columns&quot;:&quot;eael-col-3&quot;,&quot;_animation&quot;:&quot;rollIn&quot;,&quot;eael_post_grid_columns_tablet&quot;:&quot;eael-col-2&quot;,&quot;eael_post_grid_columns_mobile&quot;:&quot;eael-col-1&quot;}\" data-widget_type=\"eael-post-grid.default\">\n\t\t\t\t\t<div id=\"eael-post-grid-e5787fc\" class=\"eael-post-grid-container\">\n            <div class=\"eael-post-grid eael-post-appender eael-post-appender-e5787fc eael-post-grid-style-one\" data-layout-mode=\"masonry\"><article class=\"eael-grid-post  eael-post-grid-column eael-pg-post-40027 category-guate-nuestra tags-personajes-del-popol-vuh\" data-id=\"40027\">\n        <div class=\"eael-grid-post-holder\">\n            <div class=\"eael-grid-post-holder-inner\"><div class=\"eael-entry-media\"><div class=\"eael-entry-overlay fade-in\"><i class=\"far fa-hand-pointer\" aria-hidden=\"true\"><\/i><a href=\"https:\/\/soymigrante.com\/revista\/personajes-del-popol-vuh-hun-hunahpu-y-vucub-hunahpu-los-primeros-hermanos\/\"><\/a><\/div><div class=\"eael-entry-thumbnail \">\n                <img loading=\"lazy\" decoding=\"async\" width=\"858\" height=\"765\" src=\"https:\/\/soymigrante.com\/revista\/wp-content\/uploads\/2025\/07\/personajes-del-popol-vuh-hun-hunahpu-y-vucub-hunahpu-hermanos.webp\" class=\"attachment-large size-large wp-image-40042\" alt=\"Guerreros aztecas con vestimenta tradicional y tocados de plumas en un retrato cultural y festivo, mostrando la historia y ra\u00edces ind\u00edgenas en M\u00e9xico.\" srcset=\"https:\/\/soymigrante.com\/revista\/wp-content\/uploads\/2025\/07\/personajes-del-popol-vuh-hun-hunahpu-y-vucub-hunahpu-hermanos.webp 858w, https:\/\/soymigrante.com\/revista\/wp-content\/uploads\/2025\/07\/personajes-del-popol-vuh-hun-hunahpu-y-vucub-hunahpu-hermanos-300x267.jpg 300w, https:\/\/soymigrante.com\/revista\/wp-content\/uploads\/2025\/07\/personajes-del-popol-vuh-hun-hunahpu-y-vucub-hunahpu-hermanos-768x685.jpg 768w, https:\/\/soymigrante.com\/revista\/wp-content\/uploads\/2025\/07\/personajes-del-popol-vuh-hun-hunahpu-y-vucub-hunahpu-hermanos-750x669.webp 750w\" sizes=\"(max-width: 858px) 100vw, 858px\" \/>\n            <\/div>\n        <\/div><div class=\"eael-entry-wrapper\"><header class=\"eael-entry-header\"><h2 class=\"eael-entry-title\"><a class=\"eael-grid-post-link\" href=\"https:\/\/soymigrante.com\/revista\/personajes-del-popol-vuh-hun-hunahpu-y-vucub-hunahpu-los-primeros-hermanos\/\" title=\"Personajes del Popol Vuh: Hun-Hunahp\u00fa y Vucub Hunahp\u00fa: los primeros hermanos\">Personajes del Popol Vuh: Hun-Hunahp\u00fa y Vucub Hunahp\u00fa: los primeros hermanos<\/a><\/h2><\/header><div class=\"eael-entry-content\">\n                        <div class=\"eael-grid-post-excerpt\"><a href=\"https:\/\/soymigrante.com\/revista\/personajes-del-popol-vuh-hun-hunahpu-y-vucub-hunahpu-los-primeros-hermanos\/\" class=\"eael-post-elements-readmore-btn\">CONOCE SU HISTORIA <\/a><\/div>\n                    <\/div><\/div><\/div>\n        <\/div>\n    <\/article><article class=\"eael-grid-post  eael-post-grid-column eael-pg-post-5754 category-guate-nuestra\" data-id=\"5754\">\n        <div class=\"eael-grid-post-holder\">\n            <div class=\"eael-grid-post-holder-inner\"><div class=\"eael-entry-media\"><div class=\"eael-entry-overlay fade-in\"><i class=\"far fa-hand-pointer\" aria-hidden=\"true\"><\/i><a href=\"https:\/\/soymigrante.com\/revista\/el-popol-vuh-es-migrante-esta-en-chicago-y-8-datos-que-quiza-no-sabias\/\"><\/a><\/div><div class=\"eael-entry-thumbnail \">\n                <img loading=\"lazy\" decoding=\"async\" width=\"805\" height=\"805\" src=\"https:\/\/soymigrante.com\/revista\/wp-content\/uploads\/2025\/05\/popol-vuh-feature-image.webp\" class=\"attachment-large size-large wp-image-35111\" alt=\"Popol Vuh, acuarela del maestro Maugdo V\u00e1squez. \u00bfEn donde est\u00e1 el manuscrito original del Popol Vuh, libro del pueblo maya k&#039;iche&#039; y Patrimonio Cultural de Guatemala?\" srcset=\"https:\/\/soymigrante.com\/revista\/wp-content\/uploads\/2025\/05\/popol-vuh-feature-image.webp 805w, https:\/\/soymigrante.com\/revista\/wp-content\/uploads\/2025\/05\/popol-vuh-feature-image-300x300.jpg 300w, https:\/\/soymigrante.com\/revista\/wp-content\/uploads\/2025\/05\/popol-vuh-feature-image-150x150.jpg 150w, https:\/\/soymigrante.com\/revista\/wp-content\/uploads\/2025\/05\/popol-vuh-feature-image-768x768.jpg 768w, https:\/\/soymigrante.com\/revista\/wp-content\/uploads\/2025\/05\/popol-vuh-feature-image-75x75.webp 75w, https:\/\/soymigrante.com\/revista\/wp-content\/uploads\/2025\/05\/popol-vuh-feature-image-750x750.jpg 750w\" sizes=\"(max-width: 805px) 100vw, 805px\" \/>\n            <\/div>\n        <\/div><div class=\"eael-entry-wrapper\"><header class=\"eael-entry-header\"><h2 class=\"eael-entry-title\"><a class=\"eael-grid-post-link\" href=\"https:\/\/soymigrante.com\/revista\/el-popol-vuh-es-migrante-esta-en-chicago-y-8-datos-que-quiza-no-sabias\/\" title=\"\u00bfEn donde est\u00e1  el manuscrito original del Popol Vuh, libro del pueblo maya k&#8217;iche&#8217; y Patrimonio Cultural de Guatemala?\">\u00bfEn donde est\u00e1  el manuscrito original del Popol Vuh, libro del pueblo maya k&#8217;iche&#8217; y Patrimonio Cultural de Guatemala?<\/a><\/h2><\/header><div class=\"eael-entry-content\">\n                        <div class=\"eael-grid-post-excerpt\"><a href=\"https:\/\/soymigrante.com\/revista\/el-popol-vuh-es-migrante-esta-en-chicago-y-8-datos-que-quiza-no-sabias\/\" class=\"eael-post-elements-readmore-btn\">CONOCE SU HISTORIA <\/a><\/div>\n                    <\/div><\/div><\/div>\n        <\/div>\n    <\/article><article class=\"eael-grid-post  eael-post-grid-column eael-pg-post-2456 category-guate-nuestra tags-danzas-de-guatemala\" data-id=\"2456\">\n        <div class=\"eael-grid-post-holder\">\n            <div class=\"eael-grid-post-holder-inner\"><div class=\"eael-entry-media\"><div class=\"eael-entry-overlay fade-in\"><i class=\"far fa-hand-pointer\" aria-hidden=\"true\"><\/i><a href=\"https:\/\/soymigrante.com\/revista\/guatemala-danza-el-palo-volador-en-joyabaj-cubulco-o-chichicastenango-siempre-es-memorable\/\"><\/a><\/div><div class=\"eael-entry-thumbnail \">\n                <img loading=\"lazy\" decoding=\"async\" width=\"1024\" height=\"604\" src=\"https:\/\/soymigrante.com\/revista\/wp-content\/uploads\/2023\/09\/Captura-de-pantalla-2023-09-04-073800-e1693837574983-1024x604.webp\" class=\"attachment-large size-large wp-image-2458\" alt=\"Los monos Hun Batz y Hun Chouen en lo alto del palo antes de descender. Captura de pantalla de video de TV Asunci\u00f3n Joyabaj.\" srcset=\"https:\/\/soymigrante.com\/revista\/wp-content\/uploads\/2023\/09\/Captura-de-pantalla-2023-09-04-073800-e1693837574983-1024x604.webp 1024w, https:\/\/soymigrante.com\/revista\/wp-content\/uploads\/2023\/09\/Captura-de-pantalla-2023-09-04-073800-e1693837574983-300x177.webp 300w, https:\/\/soymigrante.com\/revista\/wp-content\/uploads\/2023\/09\/Captura-de-pantalla-2023-09-04-073800-e1693837574983-768x453.webp 768w, https:\/\/soymigrante.com\/revista\/wp-content\/uploads\/2023\/09\/Captura-de-pantalla-2023-09-04-073800-e1693837574983-750x442.webp 750w, https:\/\/soymigrante.com\/revista\/wp-content\/uploads\/2023\/09\/Captura-de-pantalla-2023-09-04-073800-e1693837574983-1140x673.webp 1140w, https:\/\/soymigrante.com\/revista\/wp-content\/uploads\/2023\/09\/Captura-de-pantalla-2023-09-04-073800-e1693837574983.webp 1256w\" sizes=\"(max-width: 1024px) 100vw, 1024px\" \/>\n            <\/div>\n        <\/div><div class=\"eael-entry-wrapper\"><header class=\"eael-entry-header\"><h2 class=\"eael-entry-title\"><a class=\"eael-grid-post-link\" href=\"https:\/\/soymigrante.com\/revista\/guatemala-danza-el-palo-volador-en-joyabaj-cubulco-o-chichicastenango-siempre-es-memorable\/\" title=\"Danzas de Guatemala: El Palo Volador en Joyabaj, Cubulco o Chichicastenango es inolvidable\">Danzas de Guatemala: El Palo Volador en Joyabaj, Cubulco o Chichicastenango es inolvidable<\/a><\/h2><\/header><div class=\"eael-entry-content\">\n                        <div class=\"eael-grid-post-excerpt\"><a href=\"https:\/\/soymigrante.com\/revista\/guatemala-danza-el-palo-volador-en-joyabaj-cubulco-o-chichicastenango-siempre-es-memorable\/\" class=\"eael-post-elements-readmore-btn\">CONOCE SU HISTORIA <\/a><\/div>\n                    <\/div><\/div><\/div>\n        <\/div>\n    <\/article><\/div>\n            <div class=\"clearfix\"><\/div>\n        <\/div>\t\t\t\t<\/div>\n\t\t\t\t\t<\/div>\n\t\t\t\t<\/div>\n\t\t\t\t<\/div>\n\t\t","protected":false},"excerpt":{"rendered":"<p>Sin duda alguna, los hermanos Hunahp\u00fa e Ixbalanqu\u00e9 son los m\u00e1s grandes h\u00e9roes de la cosmogon\u00eda del Popol Vuh \u2014tambi\u00e9n escrito Popol Wuj\u2014, desde su origen prodigioso hasta su victoria sobre el inframundo de Xibalb\u00e1 En la cosmogon\u00eda del Popol Vuh, libro sagrado de los mayas quich\u00e9s, resaltan dos figuras centrales: Hunahp\u00fa e Ixbalanqu\u00e9, los [&hellip;]<\/p>\n","protected":false},"author":7,"featured_media":41664,"comment_status":"open","ping_status":"open","sticky":false,"template":"","format":"standard","meta":{"_acf_changed":false,"_eb_attr":"","footnotes":""},"categories":[58],"tags":[257],"class_list":["post-41637","post","type-post","status-publish","format-standard","has-post-thumbnail","hentry","category-guate-nuestra","tag-personajes-del-popol-vuh"],"acf":[],"aioseo_notices":[],"aioseo_head":"\n\t\t<!-- All in One SEO Pro 4.9.6.2 - aioseo.com -->\n\t<meta name=\"description\" content=\"La danza del Palo Volador evoca la conversi\u00f3n de los gemelos Hun Batz y Hun Chouen en micos a causa de sus acciones. Pero tambi\u00e9n es un mensaje desde el cielo\" \/>\n\t<meta name=\"robots\" content=\"max-snippet:-1, max-image-preview:large, max-video-preview:-1\" \/>\n\t<meta name=\"author\" content=\"Gustavo Montenegro\"\/>\n\t<link rel=\"canonical\" href=\"https:\/\/soymigrante.com\/revista\/guatemala-danza-el-palo-volador-en-joyabaj-cubulco-o-chichicastenango-siempre-es-memorable\/\" \/>\n\t<meta name=\"generator\" content=\"All in One SEO Pro (AIOSEO) 4.9.6.2\" \/>\n\n\t\t<link rel=\"preconnect\" href=\"https:\/\/fonts.googleapis.com\" crossorigin>\n<link rel=\"preconnect\" href=\"https:\/\/fonts.gstatic.com\" crossorigin>\n\t\t<meta property=\"og:locale\" content=\"es_ES\" \/>\n\t\t<meta property=\"og:site_name\" content=\"SoyMigrante.com REVISTA \u2013 Nuestra misi\u00f3n es reconocer y dignificar al migrante.\" \/>\n\t\t<meta property=\"og:type\" content=\"article\" \/>\n\t\t<meta property=\"og:title\" content=\"Danzas de Guatemala: El Palo Volador en Joyabaj, Cubulco o Chichicastenango es inolvidable\" \/>\n\t\t<meta property=\"og:description\" content=\"La danza del Palo Volador evoca la conversi\u00f3n de los gemelos Hun Batz y Hun Chouen en micos a causa de sus acciones. Pero tambi\u00e9n es un mensaje desde el cielo\" \/>\n\t\t<meta property=\"og:url\" content=\"https:\/\/soymigrante.com\/revista\/guatemala-danza-el-palo-volador-en-joyabaj-cubulco-o-chichicastenango-siempre-es-memorable\/\" \/>\n\t\t<meta property=\"og:image\" content=\"https:\/\/soymigrante.com\/revista\/wp-content\/uploads\/2023\/09\/Captura-de-pantalla-2023-09-04-073800-e1693837574983.webp\" \/>\n\t\t<meta property=\"og:image:secure_url\" content=\"https:\/\/soymigrante.com\/revista\/wp-content\/uploads\/2023\/09\/Captura-de-pantalla-2023-09-04-073800-e1693837574983.webp\" \/>\n\t\t<meta property=\"og:image:width\" content=\"1256\" \/>\n\t\t<meta property=\"og:image:height\" content=\"741\" \/>\n\t\t<meta property=\"article:published_time\" content=\"2023-09-04T14:24:29+00:00\" \/>\n\t\t<meta property=\"article:modified_time\" content=\"2025-09-16T14:35:17+00:00\" \/>\n\t\t<meta property=\"article:publisher\" content=\"https:\/\/www.facebook.com\/soymigrantecom\" \/>\n\t\t<meta name=\"twitter:card\" content=\"summary_large_image\" \/>\n\t\t<meta name=\"twitter:site\" content=\"@SoyMigrante_com\" \/>\n\t\t<meta name=\"twitter:title\" content=\"Danzas de Guatemala: El Palo Volador en Joyabaj, Cubulco o Chichicastenango es inolvidable\" \/>\n\t\t<meta name=\"twitter:description\" content=\"La danza del Palo Volador evoca la conversi\u00f3n de los gemelos Hun Batz y Hun Chouen en micos a causa de sus acciones. Pero tambi\u00e9n es un mensaje desde el cielo\" \/>\n\t\t<meta name=\"twitter:creator\" content=\"@SoyMigrante_com\" \/>\n\t\t<meta name=\"twitter:image\" content=\"https:\/\/soymigrante.com\/revista\/wp-content\/uploads\/2023\/09\/Captura-de-pantalla-2023-09-04-073800-e1693837574983.webp\" \/>\n\t\t<!-- All in One SEO Pro -->\r\n\t\t<title>Danzas de Guatemala: El Palo Volador en Joyabaj, Cubulco o Chichicastenango es inolvidable<\/title>\n\n","aioseo_head_json":{"title":"Danzas de Guatemala: El Palo Volador en Joyabaj, Cubulco o Chichicastenango es inolvidable","description":"La danza del Palo Volador evoca la conversi\u00f3n de los gemelos Hun Batz y Hun Chouen en micos a causa de sus acciones. Pero tambi\u00e9n es un mensaje desde el cielo","canonical_url":"https:\/\/soymigrante.com\/revista\/guatemala-danza-el-palo-volador-en-joyabaj-cubulco-o-chichicastenango-siempre-es-memorable\/","robots":"max-snippet:-1, max-image-preview:large, max-video-preview:-1","keywords":"","webmasterTools":{"miscellaneous":"&lt;link rel=\"preconnect\" href=\"https:\/\/fonts.googleapis.com\" crossorigin&gt;\n&lt;link rel=\"preconnect\" href=\"https:\/\/fonts.gstatic.com\" crossorigin&gt;"},"schema":null,"og:locale":"es_ES","og:site_name":"SoyMigrante.com REVISTA \u2013 Nuestra misi\u00f3n es reconocer y dignificar al migrante.","og:type":"article","og:title":"Danzas de Guatemala: El Palo Volador en Joyabaj, Cubulco o Chichicastenango es inolvidable","og:description":"La danza del Palo Volador evoca la conversi\u00f3n de los gemelos Hun Batz y Hun Chouen en micos a causa de sus acciones. Pero tambi\u00e9n es un mensaje desde el cielo","og:url":"https:\/\/soymigrante.com\/revista\/guatemala-danza-el-palo-volador-en-joyabaj-cubulco-o-chichicastenango-siempre-es-memorable\/","og:image":"https:\/\/soymigrante.com\/revista\/wp-content\/uploads\/2023\/09\/Captura-de-pantalla-2023-09-04-073800-e1693837574983.webp","og:image:secure_url":"https:\/\/soymigrante.com\/revista\/wp-content\/uploads\/2023\/09\/Captura-de-pantalla-2023-09-04-073800-e1693837574983.webp","og:image:width":1256,"og:image:height":741,"article:published_time":"2023-09-04T14:24:29+00:00","article:modified_time":"2025-09-16T14:35:17+00:00","article:publisher":"https:\/\/www.facebook.com\/soymigrantecom","twitter:card":"summary_large_image","twitter:site":"@SoyMigrante_com","twitter:title":"Danzas de Guatemala: El Palo Volador en Joyabaj, Cubulco o Chichicastenango es inolvidable","twitter:description":"La danza del Palo Volador evoca la conversi\u00f3n de los gemelos Hun Batz y Hun Chouen en micos a causa de sus acciones. Pero tambi\u00e9n es un mensaje desde el cielo","twitter:creator":"@SoyMigrante_com","twitter:image":"https:\/\/soymigrante.com\/revista\/wp-content\/uploads\/2023\/09\/Captura-de-pantalla-2023-09-04-073800-e1693837574983.webp"},"aioseo_meta_data":{"post_id":"41637","title":"Personajes del Popol Vuh: Gemelos h\u00e9roes Hunahp\u00fa e Ixbalanqu\u00e9","description":"J\u00f3venes h\u00e9roes Hunahp\u00fa e Ixbalanqu\u00e9 son dualidad de fortalezas que vence a los se\u00f1ores de Xibalb\u00e1 seg\u00fan relato cosmog\u00f3nico del Popol Vuh, libro sagrado maya.","keywords":null,"keyphrases":{"focus":{"keyphrase":"Popol Vuh","score":91,"analysis":{"keyphraseInTitle":{"score":9,"maxScore":9,"error":0},"keyphraseInDescription":{"score":9,"maxScore":9,"error":0},"keyphraseLength":{"score":9,"maxScore":9,"error":0,"length":2},"keyphraseInURL":{"score":5,"maxScore":5,"error":0},"keyphraseInIntroduction":{"score":9,"maxScore":9,"error":0},"keyphraseInSubHeadings":{"score":3,"maxScore":9,"error":1},"keyphraseInImageAlt":{"score":9,"maxScore":9,"error":0},"keywordDensity":{"type":"best","score":9,"maxScore":9,"error":0}}},"additional":[{"keyphrase":"Maya","score":73,"analysis":{"keyphraseInDescription":{"score":9,"maxScore":9,"error":0},"keyphraseLength":{"score":9,"maxScore":9,"error":0,"length":1},"keyphraseInIntroduction":{"score":3,"maxScore":9,"error":1},"keyphraseInImageAlt":{"score":3,"maxScore":9,"error":1},"keywordDensity":{"type":"best","score":9,"maxScore":9,"error":0}}},{"keyphrase":"Hunahp\u00fa","score":100,"analysis":{"keyphraseInDescription":{"score":9,"maxScore":9,"error":0},"keyphraseLength":{"score":9,"maxScore":9,"error":0,"length":1},"keyphraseInIntroduction":{"score":9,"maxScore":9,"error":0},"keyphraseInImageAlt":{"score":9,"maxScore":9,"error":0},"keywordDensity":{"type":"best","score":9,"maxScore":9,"error":0}}},{"keyphrase":"Ixbalanqu\u00e9","score":100,"analysis":{"keyphraseInDescription":{"score":9,"maxScore":9,"error":0},"keyphraseLength":{"score":9,"maxScore":9,"error":0,"length":1},"keyphraseInIntroduction":{"score":9,"maxScore":9,"error":0},"keyphraseInImageAlt":{"score":9,"maxScore":9,"error":0},"keywordDensity":{"type":"best","score":9,"maxScore":9,"error":0}}}]},"primary_term":null,"canonical_url":null,"og_title":null,"og_description":null,"og_object_type":"default","og_image_type":"default","og_image_url":null,"og_image_width":null,"og_image_height":null,"og_image_custom_url":null,"og_image_custom_fields":null,"og_video":"","og_custom_url":null,"og_article_section":null,"og_article_tags":null,"twitter_use_og":false,"twitter_card":"default","twitter_image_type":"default","twitter_image_url":null,"twitter_image_custom_url":null,"twitter_image_custom_fields":null,"twitter_title":null,"twitter_description":null,"schema":{"blockGraphs":[],"customGraphs":[],"default":{"data":{"Article":[],"Course":[],"Dataset":[],"FAQPage":[],"Movie":[],"Person":[],"Product":[],"ProductReview":[],"Car":[],"Recipe":[],"Service":[],"SoftwareApplication":[],"WebPage":[]},"graphName":"none","isEnabled":true},"graphs":[]},"schema_type":"default","schema_type_options":null,"pillar_content":false,"robots_default":true,"robots_noindex":false,"robots_noarchive":false,"robots_nosnippet":false,"robots_nofollow":false,"robots_noimageindex":false,"robots_noodp":false,"robots_notranslate":false,"robots_max_snippet":"-1","robots_max_videopreview":"-1","robots_max_imagepreview":"large","priority":null,"frequency":"default","local_seo":null,"seo_analyzer_scan_date":"2025-10-09 07:33:55","breadcrumb_settings":null,"limit_modified_date":false,"reviewed_by":"0","open_ai":null,"ai":{"faqs":[],"keyPoints":[],"titles":[],"descriptions":[],"socialPosts":{"email":[],"linkedin":[],"twitter":[],"facebook":[],"instagram":[]}},"created":"2025-08-08 16:03:58","updated":"2026-02-05 04:08:47"},"aioseo_breadcrumb":"<div class=\"aioseo-breadcrumbs\"><span class=\"aioseo-breadcrumb\">\n\t<a href=\"https:\/\/soymigrante.com\/revista\" title=\"Home\">Home<\/a>\n<\/span><span class=\"aioseo-breadcrumb-separator\">\u00bb<\/span><span class=\"aioseo-breadcrumb\">\n\t<a href=\"https:\/\/soymigrante.com\/revista\/category\/guate-nuestra\/\" title=\"Guate Nuestra\">Guate Nuestra<\/a>\n<\/span><span class=\"aioseo-breadcrumb-separator\">\u00bb<\/span><span class=\"aioseo-breadcrumb\">\n\tPersonajes del Popol Vuh: Hunahp\u00fa e Ixbalanqu\u00e9, los h\u00e9roes gemelos\n<\/span><\/div>","aioseo_breadcrumb_json":[{"label":"Home","link":"https:\/\/soymigrante.com\/revista"},{"label":"Guate Nuestra","link":"https:\/\/soymigrante.com\/revista\/category\/guate-nuestra\/"},{"label":"Personajes del Popol Vuh: Hunahp\u00fa e Ixbalanqu\u00e9, los h\u00e9roes gemelos","link":"https:\/\/soymigrante.com\/revista\/personajes-del-popol-vuh-hunahpu-e-ixbalanque-los-heroes-gemelos\/"}],"_links":{"self":[{"href":"https:\/\/soymigrante.com\/revista\/wp-json\/wp\/v2\/posts\/41637","targetHints":{"allow":["GET"]}}],"collection":[{"href":"https:\/\/soymigrante.com\/revista\/wp-json\/wp\/v2\/posts"}],"about":[{"href":"https:\/\/soymigrante.com\/revista\/wp-json\/wp\/v2\/types\/post"}],"author":[{"embeddable":true,"href":"https:\/\/soymigrante.com\/revista\/wp-json\/wp\/v2\/users\/7"}],"replies":[{"embeddable":true,"href":"https:\/\/soymigrante.com\/revista\/wp-json\/wp\/v2\/comments?post=41637"}],"version-history":[{"count":15,"href":"https:\/\/soymigrante.com\/revista\/wp-json\/wp\/v2\/posts\/41637\/revisions"}],"predecessor-version":[{"id":41667,"href":"https:\/\/soymigrante.com\/revista\/wp-json\/wp\/v2\/posts\/41637\/revisions\/41667"}],"wp:featuredmedia":[{"embeddable":true,"href":"https:\/\/soymigrante.com\/revista\/wp-json\/wp\/v2\/media\/41664"}],"wp:attachment":[{"href":"https:\/\/soymigrante.com\/revista\/wp-json\/wp\/v2\/media?parent=41637"}],"wp:term":[{"taxonomy":"category","embeddable":true,"href":"https:\/\/soymigrante.com\/revista\/wp-json\/wp\/v2\/categories?post=41637"},{"taxonomy":"post_tag","embeddable":true,"href":"https:\/\/soymigrante.com\/revista\/wp-json\/wp\/v2\/tags?post=41637"}],"curies":[{"name":"wp","href":"https:\/\/api.w.org\/{rel}","templated":true}]}}