{"id":41587,"date":"2025-08-07T17:44:52","date_gmt":"2025-08-07T23:44:52","guid":{"rendered":"https:\/\/soymigrante.com\/revista\/?p=41587"},"modified":"2025-08-07T17:45:27","modified_gmt":"2025-08-07T23:45:27","slug":"cuanto-cuesta-hospedarse-en-playas-de-guatemala-guia-de-precios-y-plataformas","status":"publish","type":"post","link":"https:\/\/soymigrante.com\/revista\/cuanto-cuesta-hospedarse-en-playas-de-guatemala-guia-de-precios-y-plataformas\/","title":{"rendered":"\u00bfCu\u00e1nto cuesta hospedarse en algunas playas de Guatemala? Gu\u00eda de precios y plataformas"},"content":{"rendered":"\t\t<div data-elementor-type=\"wp-post\" data-elementor-id=\"41587\" class=\"elementor elementor-41587\" data-elementor-post-type=\"post\">\n\t\t\t\t<div data-particle_enable=\"false\" data-particle-mobile-disabled=\"false\" class=\"elementor-element elementor-element-13e76c7 e-flex e-con-boxed e-con e-parent\" data-id=\"13e76c7\" data-element_type=\"container\" data-e-type=\"container\">\n\t\t\t\t\t<div class=\"e-con-inner\">\n\t\t\t\t<div class=\"elementor-element elementor-element-adf6643 elementor-widget elementor-widget-heading\" data-id=\"adf6643\" data-element_type=\"widget\" data-e-type=\"widget\" data-widget_type=\"heading.default\">\n\t\t\t\t\t<h2 class=\"elementor-heading-title elementor-size-default\">Guatemala tiene playas hermosas, hospedarse puede estar al alcance de la mano, esta es una gu\u00eda de precios y plataformas. <\/h2>\t\t\t\t<\/div>\n\t\t\t\t\t<\/div>\n\t\t\t\t<\/div>\n\t\t<div data-particle_enable=\"false\" data-particle-mobile-disabled=\"false\" class=\"elementor-element elementor-element-0facfa2 e-flex e-con-boxed e-con e-parent\" data-id=\"0facfa2\" data-element_type=\"container\" data-e-type=\"container\">\n\t\t\t\t\t<div class=\"e-con-inner\">\n\t\t\t\t<div class=\"elementor-element elementor-element-4a8bcf8 elementor-widget elementor-widget-text-editor\" data-id=\"4a8bcf8\" data-element_type=\"widget\" data-e-type=\"widget\" data-widget_type=\"text-editor.default\">\n\t\t\t\t\t\t\t\t\t<p>Las costas del Pac\u00edfico guatemalteco siguen siendo uno de los destinos preferidos para vacaciones de fin de semana, escapadas familiares o d\u00edas de descanso. <a href=\"https:\/\/soymigrante.com\/revista\/playas-de-guatemala-donde-el-verano-siempre-esta-encendido\/\" target=\"_blank\" rel=\"noopener\">Playas como Monterrico, Puerto de San Jos\u00e9, Sipacate\u2013El Pared\u00f3n y Las Lisas ofrecen opciones para todos los bolsillos,<\/a> desde hospedajes econ\u00f3micos hasta casas frente al mar con piscina.<\/p><p>Pero, \u00bfcu\u00e1nto cuesta realmente llegar y quedarse en estas playas? Aqu\u00ed te presentamos una gu\u00eda con precios estimados, tipos de alojamiento y plataformas donde puedes hacer tus reservaciones.<\/p>\t\t\t\t\t\t\t\t<\/div>\n\t\t\t\t\t<\/div>\n\t\t\t\t<\/div>\n\t\t<div data-particle_enable=\"false\" data-particle-mobile-disabled=\"false\" class=\"elementor-element elementor-element-90f1bd0 e-flex e-con-boxed e-con e-parent\" data-id=\"90f1bd0\" data-element_type=\"container\" data-e-type=\"container\">\n\t\t\t\t\t<div class=\"e-con-inner\">\n\t\t\t\t<div class=\"elementor-element elementor-element-7fcc9da elementor-widget elementor-widget-heading\" data-id=\"7fcc9da\" data-element_type=\"widget\" data-e-type=\"widget\" data-widget_type=\"heading.default\">\n\t\t\t\t\t<h3 class=\"elementor-heading-title elementor-size-default\">Monterrico: el favorito de turistas y nacionales<\/h3>\t\t\t\t<\/div>\n\t\t\t\t\t<\/div>\n\t\t\t\t<\/div>\n\t\t<div data-particle_enable=\"false\" data-particle-mobile-disabled=\"false\" class=\"elementor-element elementor-element-2757700 e-flex e-con-boxed e-con e-parent\" data-id=\"2757700\" data-element_type=\"container\" data-e-type=\"container\">\n\t\t\t\t\t<div class=\"e-con-inner\">\n\t\t\t\t<div class=\"elementor-element elementor-element-675bdc6 elementor-widget elementor-widget-text-editor\" data-id=\"675bdc6\" data-element_type=\"widget\" data-e-type=\"widget\" data-widget_type=\"text-editor.default\">\n\t\t\t\t\t\t\t\t\t<div><strong>C\u00f3mo llegar:<\/strong><\/div><div>Desde la Ciudad de Guatemala, el viaje toma entre 2.5 y 3.5 horas por carretera.<\/div><div>Costo de transporte:<\/div><div>\u2022Bus (transporte colectivo): Q40\u2013Q60 por persona<\/div><div>\u2022Veh\u00edculo particular: Q200\u2013Q300 en gasolina ida y vuelta<\/div><div>\u00a0<\/div><div><strong>Hospedaje:<\/strong><\/div><div>\u2022Hostales sencillos: desde Q125 por noche por persona<\/div><div>\u2022Hoteles con piscina: Q300\u2013Q600 por noche<\/div><div>\u2022Casas frente al mar (en Airbnb o Booking): Q1,000\u2013Q3,000 por noche para 6\u201310 personas<\/div><div>\u00a0<\/div><div><strong>Plataformas para alquilar:<\/strong><\/div><div><a href=\"https:\/\/www.airbnb.com.gt\/\" target=\"_blank\" rel=\"noopener\">\u2022Airbnb<\/a><\/div><div><a href=\"https:\/\/www.booking.com\/index.es.html?aid=2369661&amp;pagename=es-gt-booking-desktop&amp;label=msn-PlqLc7CYMs4SGPlJ4HI6Cw-79989658705819:tikwd-79989834232424:loc-81:neo:mte:lp142304:dec:qsbooking&amp;utm_campaign=Spanish_Guatemala%20ES%20GT&amp;utm_medium=cpc&amp;utm_source=bing&amp;utm_term=PlqLc7CYMs4SGPlJ4HI6Cw&amp;msclkid=c9d70a39b2c31c2e79fc62acb361d6c9&amp;utm_content=Booking%20-%20Desktop&amp;chal_t=1754595749419&amp;force_referer=https%3A%2F%2Fwww.bing.com%2F\" target=\"_blank\" rel=\"noopener\">\u2022Booking.com<\/a><\/div><div>\u2022[Facebook Marketplace y grupos locales]<\/div>\t\t\t\t\t\t\t\t<\/div>\n\t\t\t\t\t<\/div>\n\t\t\t\t<\/div>\n\t\t<div data-particle_enable=\"false\" data-particle-mobile-disabled=\"false\" class=\"elementor-element elementor-element-c123fa4 e-flex e-con-boxed e-con e-parent\" data-id=\"c123fa4\" data-element_type=\"container\" data-e-type=\"container\">\n\t\t\t\t\t<div class=\"e-con-inner\">\n\t\t\t\t<div class=\"elementor-element elementor-element-943281d elementor-widget elementor-widget-image\" data-id=\"943281d\" data-element_type=\"widget\" data-e-type=\"widget\" data-widget_type=\"image.default\">\n\t\t\t\t\t\t\t\t\t\t\t\t<figure class=\"wp-caption\">\n\t\t\t\t\t\t\t\t\t\t<img fetchpriority=\"high\" decoding=\"async\" width=\"768\" height=\"1024\" src=\"https:\/\/soymigrante.com\/revista\/wp-content\/uploads\/2025\/08\/Cuanto-cuesta-hospedarse-en-las-playas-de-Guatemala5-768x1024.jpeg\" class=\"attachment-large size-large wp-image-41600\" alt=\"Atardecer en la playa con cielo nublado y olas en el mar, vista tranquila y serena perfecta para reflexionar sobre migraci\u00f3n y oportunidades.\" srcset=\"https:\/\/soymigrante.com\/revista\/wp-content\/uploads\/2025\/08\/Cuanto-cuesta-hospedarse-en-las-playas-de-Guatemala5-768x1024.jpeg 768w, https:\/\/soymigrante.com\/revista\/wp-content\/uploads\/2025\/08\/Cuanto-cuesta-hospedarse-en-las-playas-de-Guatemala5-225x300.jpeg 225w, https:\/\/soymigrante.com\/revista\/wp-content\/uploads\/2025\/08\/Cuanto-cuesta-hospedarse-en-las-playas-de-Guatemala5-1152x1536.jpeg 1152w, https:\/\/soymigrante.com\/revista\/wp-content\/uploads\/2025\/08\/Cuanto-cuesta-hospedarse-en-las-playas-de-Guatemala5-750x1000.webp 750w, https:\/\/soymigrante.com\/revista\/wp-content\/uploads\/2025\/08\/Cuanto-cuesta-hospedarse-en-las-playas-de-Guatemala5-1140x1520.webp 1140w, https:\/\/soymigrante.com\/revista\/wp-content\/uploads\/2025\/08\/Cuanto-cuesta-hospedarse-en-las-playas-de-Guatemala5.webp 1200w\" sizes=\"(max-width: 768px) 100vw, 768px\" title=\"Las playas de Guatemala tiene un atractivo especial. (Foto: Marysabel Aldana) \u2013 SoyMigrante.com REVISTA\" \/>\t\t\t\t\t\t\t\t\t\t\t<figcaption class=\"widget-image-caption wp-caption-text\">Un hermoso atardecer en la playa con ondas y cielos nublados, ideales para inspirar reflexiones sobre la migraci\u00f3n y la conexi\u00f3n con la naturaleza.<\/figcaption>\n\t\t\t\t\t\t\t\t\t\t<\/figure>\n\t\t\t\t\t\t\t\t\t<\/div>\n\t\t\t\t\t<\/div>\n\t\t\t\t<\/div>\n\t\t<div data-particle_enable=\"false\" data-particle-mobile-disabled=\"false\" class=\"elementor-element elementor-element-7b64293 e-flex e-con-boxed e-con e-parent\" data-id=\"7b64293\" data-element_type=\"container\" data-e-type=\"container\">\n\t\t\t\t\t<div class=\"e-con-inner\">\n\t\t\t\t<div class=\"elementor-element elementor-element-ee604a9 elementor-widget elementor-widget-heading\" data-id=\"ee604a9\" data-element_type=\"widget\" data-e-type=\"widget\" data-widget_type=\"heading.default\">\n\t\t\t\t\t<h3 class=\"elementor-heading-title elementor-size-default\">Puerto de San Jos\u00e9: ideal para grupos grandes<\/h3>\t\t\t\t<\/div>\n\t\t\t\t\t<\/div>\n\t\t\t\t<\/div>\n\t\t<div data-particle_enable=\"false\" data-particle-mobile-disabled=\"false\" class=\"elementor-element elementor-element-1128e45 e-flex e-con-boxed e-con e-parent\" data-id=\"1128e45\" data-element_type=\"container\" data-e-type=\"container\">\n\t\t\t\t\t<div class=\"e-con-inner\">\n\t\t\t\t<div class=\"elementor-element elementor-element-49e344e elementor-widget elementor-widget-text-editor\" data-id=\"49e344e\" data-element_type=\"widget\" data-e-type=\"widget\" data-widget_type=\"text-editor.default\">\n\t\t\t\t\t\t\t\t\t<div><strong>C\u00f3mo llegar:<\/strong><\/div><div>A solo 1.5\u20132.5 horas desde la capital.<\/div><div>Costo de transporte:<\/div><div>\u2022Bus: Q30\u2013Q50<\/div><div>\u2022Carro: Q150\u2013Q250 en combustible<\/div><div>\u00a0<\/div><div><strong>Hospedaje:<\/strong><\/div><div>\u2022Hoteles locales: desde Q150\u2013Q300 por noche<\/div><div>\u2022Casas con piscina (muy populares en Semana Santa): desde Q1,500 hasta Q5,000 por noche, para grupos de 10 a 20 personas<\/div><div>\u2022Tambi\u00e9n se pueden alquilar casas por el d\u00eda con acceso a piscina y cocina<\/div><div>\u00a0<\/div><div><strong>Plataformas para alquilar:<\/strong><\/div><div><a href=\"https:\/\/www.airbnb.com.gt\/\" target=\"_blank\" rel=\"noopener\">\u2022Airbnb<\/a><\/div><div>\u2022Facebook (grupos como \u201cCasas de playa en alquiler\u201d)<\/div><div>\u2022Agencias privadas con presencia local<\/div>\t\t\t\t\t\t\t\t<\/div>\n\t\t\t\t\t<\/div>\n\t\t\t\t<\/div>\n\t\t<div data-particle_enable=\"false\" data-particle-mobile-disabled=\"false\" class=\"elementor-element elementor-element-267e817 e-flex e-con-boxed e-con e-parent\" data-id=\"267e817\" data-element_type=\"container\" data-e-type=\"container\">\n\t\t\t\t\t<div class=\"e-con-inner\">\n\t\t\t\t<div class=\"elementor-element elementor-element-f531754 elementor-widget elementor-widget-image\" data-id=\"f531754\" data-element_type=\"widget\" data-e-type=\"widget\" data-widget_type=\"image.default\">\n\t\t\t\t\t\t\t\t\t\t\t\t<figure class=\"wp-caption\">\n\t\t\t\t\t\t\t\t\t\t<img decoding=\"async\" width=\"768\" height=\"1024\" src=\"https:\/\/soymigrante.com\/revista\/wp-content\/uploads\/2025\/08\/Cuanto-cuesta-hospedarse-en-las-playas-de-Guatemala7-768x1024.jpeg\" class=\"attachment-large size-large wp-image-41601\" alt=\"Barco naviero en un puerto con vegetaci\u00f3n y cielo despejado, representando temas de migraci\u00f3n y trabajo mar\u00edtimo en Latinoam\u00e9rica.\" srcset=\"https:\/\/soymigrante.com\/revista\/wp-content\/uploads\/2025\/08\/Cuanto-cuesta-hospedarse-en-las-playas-de-Guatemala7-768x1024.jpeg 768w, https:\/\/soymigrante.com\/revista\/wp-content\/uploads\/2025\/08\/Cuanto-cuesta-hospedarse-en-las-playas-de-Guatemala7-225x300.jpeg 225w, https:\/\/soymigrante.com\/revista\/wp-content\/uploads\/2025\/08\/Cuanto-cuesta-hospedarse-en-las-playas-de-Guatemala7-1152x1536.jpeg 1152w, https:\/\/soymigrante.com\/revista\/wp-content\/uploads\/2025\/08\/Cuanto-cuesta-hospedarse-en-las-playas-de-Guatemala7-750x1000.webp 750w, https:\/\/soymigrante.com\/revista\/wp-content\/uploads\/2025\/08\/Cuanto-cuesta-hospedarse-en-las-playas-de-Guatemala7-1140x1520.webp 1140w, https:\/\/soymigrante.com\/revista\/wp-content\/uploads\/2025\/08\/Cuanto-cuesta-hospedarse-en-las-playas-de-Guatemala7.webp 1200w\" sizes=\"(max-width: 768px) 100vw, 768px\" title=\"El puerto de San Jos\u00e9 est\u00e1 m\u00e1s cerca de la ciudad de Guatemala. (Foto: Marysabel Aldana) \u2013 SoyMigrante.com REVISTA\" \/>\t\t\t\t\t\t\t\t\t\t\t<figcaption class=\"widget-image-caption wp-caption-text\">Imagen de un barco de carga en un puerto rodeado de vegetaci\u00f3n y cielo azul, relacionada con migrantes y actividades mar\u00edtimas en la regi\u00f3n.<\/figcaption>\n\t\t\t\t\t\t\t\t\t\t<\/figure>\n\t\t\t\t\t\t\t\t\t<\/div>\n\t\t\t\t\t<\/div>\n\t\t\t\t<\/div>\n\t\t<div data-particle_enable=\"false\" data-particle-mobile-disabled=\"false\" class=\"elementor-element elementor-element-12e7f65 e-flex e-con-boxed e-con e-parent\" data-id=\"12e7f65\" data-element_type=\"container\" data-e-type=\"container\">\n\t\t\t\t\t<div class=\"e-con-inner\">\n\t\t\t\t<div class=\"elementor-element elementor-element-5352016 elementor-widget elementor-widget-heading\" data-id=\"5352016\" data-element_type=\"widget\" data-e-type=\"widget\" data-widget_type=\"heading.default\">\n\t\t\t\t\t<h3 class=\"elementor-heading-title elementor-size-default\">Sipacate \u2013 El Pared\u00f3n: para los amantes del surf y la tranquilidad<\/h3>\t\t\t\t<\/div>\n\t\t\t\t\t<\/div>\n\t\t\t\t<\/div>\n\t\t<div data-particle_enable=\"false\" data-particle-mobile-disabled=\"false\" class=\"elementor-element elementor-element-ecb66d6 e-flex e-con-boxed e-con e-parent\" data-id=\"ecb66d6\" data-element_type=\"container\" data-e-type=\"container\">\n\t\t\t\t\t<div class=\"e-con-inner\">\n\t\t\t\t<div class=\"elementor-element elementor-element-049901f elementor-widget elementor-widget-text-editor\" data-id=\"049901f\" data-element_type=\"widget\" data-e-type=\"widget\" data-widget_type=\"text-editor.default\">\n\t\t\t\t\t\t\t\t\t<div><strong>C\u00f3mo llegar:<\/strong><\/div><div>Un viaje de 3 a 4 horas desde la capital.<\/div><div>Costo de transporte:<\/div><div>\u2022Bus y mototaxi local: Q60\u2013Q80<\/div><div>\u2022Veh\u00edculo propio: Q250\u2013Q350 en gasolina<\/div><div>\u00a0<\/div><div><strong>Hospedaje:<\/strong><\/div><div>\u2022Hostales para surfistas: desde Q100 por noche<\/div><div>\u2022Hoteles boutique: entre Q350 y Q800<\/div><div>\u2022Casas privadas frente al mar: Q1,200\u2013Q2,500 por noche<\/div><div>\u00a0<\/div><div><strong>Plataformas recomendadas:<\/strong><\/div><div>\u2022<a href=\"https:\/\/www.airbnb.com.gt\/\" target=\"_blank\" rel=\"noopener\">Airbnb<\/a><\/div><div><a href=\"https:\/\/www.booking.com\/index.es.html?aid=2369661&amp;pagename=es-gt-booking-desktop&amp;label=msn-PlqLc7CYMs4SGPlJ4HI6Cw-79989658705819:tikwd-79989834232424:loc-81:neo:mte:lp142304:dec:qsbooking&amp;utm_campaign=Spanish_Guatemala%20ES%20GT&amp;utm_medium=cpc&amp;utm_source=bing&amp;utm_term=PlqLc7CYMs4SGPlJ4HI6Cw&amp;msclkid=c9d70a39b2c31c2e79fc62acb361d6c9&amp;utm_content=Booking%20-%20Desktop&amp;chal_t=1754595749419&amp;force_referer=https%3A%2F%2Fwww.bing.com%2F\" target=\"_blank\" rel=\"noopener\">\u2022Booking.com<\/a><\/div><div>\u2022Hostelworld (para opciones m\u00e1s econ\u00f3micas)<\/div><div>\u00a0<\/div>\t\t\t\t\t\t\t\t<\/div>\n\t\t\t\t\t<\/div>\n\t\t\t\t<\/div>\n\t\t<div data-particle_enable=\"false\" data-particle-mobile-disabled=\"false\" class=\"elementor-element elementor-element-e1d3fe3 e-flex e-con-boxed e-con e-parent\" data-id=\"e1d3fe3\" data-element_type=\"container\" data-e-type=\"container\">\n\t\t\t\t\t<div class=\"e-con-inner\">\n\t\t\t\t<div class=\"elementor-element elementor-element-b9c013c elementor-widget elementor-widget-image\" data-id=\"b9c013c\" data-element_type=\"widget\" data-e-type=\"widget\" data-widget_type=\"image.default\">\n\t\t\t\t\t\t\t\t\t\t\t\t<figure class=\"wp-caption\">\n\t\t\t\t\t\t\t\t\t\t<img decoding=\"async\" width=\"768\" height=\"576\" src=\"https:\/\/soymigrante.com\/revista\/wp-content\/uploads\/2025\/08\/Cuanto-cuesta-hospedarse-en-las-playas-de-Guatemala6-1024x768.jpeg\" class=\"attachment-large size-large wp-image-41602\" alt=\"El Pared\u00f3n atrae a turistas para poder surfear. (Foto: Marysabel Aldana)\" srcset=\"https:\/\/soymigrante.com\/revista\/wp-content\/uploads\/2025\/08\/Cuanto-cuesta-hospedarse-en-las-playas-de-Guatemala6-1024x768.jpeg 1024w, https:\/\/soymigrante.com\/revista\/wp-content\/uploads\/2025\/08\/Cuanto-cuesta-hospedarse-en-las-playas-de-Guatemala6-300x225.jpeg 300w, https:\/\/soymigrante.com\/revista\/wp-content\/uploads\/2025\/08\/Cuanto-cuesta-hospedarse-en-las-playas-de-Guatemala6-768x576.jpeg 768w, https:\/\/soymigrante.com\/revista\/wp-content\/uploads\/2025\/08\/Cuanto-cuesta-hospedarse-en-las-playas-de-Guatemala6-1536x1152.jpeg 1536w, https:\/\/soymigrante.com\/revista\/wp-content\/uploads\/2025\/08\/Cuanto-cuesta-hospedarse-en-las-playas-de-Guatemala6-750x563.webp 750w, https:\/\/soymigrante.com\/revista\/wp-content\/uploads\/2025\/08\/Cuanto-cuesta-hospedarse-en-las-playas-de-Guatemala6-1140x855.webp 1140w, https:\/\/soymigrante.com\/revista\/wp-content\/uploads\/2025\/08\/Cuanto-cuesta-hospedarse-en-las-playas-de-Guatemala6.webp 1600w\" sizes=\"(max-width: 768px) 100vw, 768px\" title=\"El Pared\u00f3n atrae a turistas para poder surfear. (Foto: Marysabel Aldana) \u2013 SoyMigrante.com REVISTA\" \/>\t\t\t\t\t\t\t\t\t\t\t<figcaption class=\"widget-image-caption wp-caption-text\">El Pared\u00f3n atrae a turistas para poder surfear. (Foto: Marysabel Aldana)<\/figcaption>\n\t\t\t\t\t\t\t\t\t\t<\/figure>\n\t\t\t\t\t\t\t\t\t<\/div>\n\t\t\t\t\t<\/div>\n\t\t\t\t<\/div>\n\t\t<div data-particle_enable=\"false\" data-particle-mobile-disabled=\"false\" class=\"elementor-element elementor-element-9156437 e-flex e-con-boxed e-con e-parent\" data-id=\"9156437\" data-element_type=\"container\" data-e-type=\"container\">\n\t\t\t\t\t<div class=\"e-con-inner\">\n\t\t\t\t<div class=\"elementor-element elementor-element-4a80a4d elementor-widget elementor-widget-heading\" data-id=\"4a80a4d\" data-element_type=\"widget\" data-e-type=\"widget\" data-widget_type=\"heading.default\">\n\t\t\t\t\t<h3 class=\"elementor-heading-title elementor-size-default\">Las Lisas: la joya escondida del oriente<\/h3>\t\t\t\t<\/div>\n\t\t\t\t\t<\/div>\n\t\t\t\t<\/div>\n\t\t<div data-particle_enable=\"false\" data-particle-mobile-disabled=\"false\" class=\"elementor-element elementor-element-d1bc13a e-flex e-con-boxed e-con e-parent\" data-id=\"d1bc13a\" data-element_type=\"container\" data-e-type=\"container\">\n\t\t\t\t\t<div class=\"e-con-inner\">\n\t\t\t\t<div class=\"elementor-element elementor-element-bdb0560 elementor-widget elementor-widget-text-editor\" data-id=\"bdb0560\" data-element_type=\"widget\" data-e-type=\"widget\" data-widget_type=\"text-editor.default\">\n\t\t\t\t\t\t\t\t\t<div><strong>C\u00f3mo llegar:<\/strong><\/div><div>Desde Ciudad de Guatemala, son entre 4 y 5 horas de viaje.<\/div><div>Costo de transporte:<\/div><div>\u2022Bus (Ruta a Chiquimulilla + lancha): Q80\u2013Q100<\/div><div>\u2022Carro: Q300\u2013Q400 en gasolina<\/div><div>\u00a0<\/div><div><strong>Hospedaje:<\/strong><\/div><div>\u2022Posadas familiares: desde Q100\u2013Q200<\/div><div>\u2022Hoteles medianos: Q250\u2013Q500<\/div><div>\u2022Casas privadas o caba\u00f1as frente al mar: desde Q800 hasta Q2,000 por noche<\/div><div>\u00a0<\/div><div><strong>Plataformas para alquilar:<\/strong><\/div><div>\u2022Facebook Marketplace<\/div><div><a href=\"https:\/\/www.airbnb.com.gt\/\" target=\"_blank\" rel=\"noopener\">\u2022Airbnb<\/a> (menos oferta que en otras playas, pero con opciones)<\/div><div>\u2022Recomendaciones locales en hoteles y restaurantes<\/div><div>\u00a0<\/div>\t\t\t\t\t\t\t\t<\/div>\n\t\t\t\t\t<\/div>\n\t\t\t\t<\/div>\n\t\t<div data-particle_enable=\"false\" data-particle-mobile-disabled=\"false\" class=\"elementor-element elementor-element-8b002f7 e-flex e-con-boxed e-con e-parent\" data-id=\"8b002f7\" data-element_type=\"container\" data-e-type=\"container\">\n\t\t\t\t\t<div class=\"e-con-inner\">\n\t\t\t\t<div class=\"elementor-element elementor-element-e79310e elementor-widget elementor-widget-image\" data-id=\"e79310e\" data-element_type=\"widget\" data-e-type=\"widget\" data-widget_type=\"image.default\">\n\t\t\t\t\t\t\t\t\t\t\t\t<figure class=\"wp-caption\">\n\t\t\t\t\t\t\t\t\t\t<img loading=\"lazy\" decoding=\"async\" width=\"768\" height=\"960\" src=\"https:\/\/soymigrante.com\/revista\/wp-content\/uploads\/2025\/08\/Cuanto-cuesta-hospedarse-en-las-playas-de-Guatemala4-819x1024.jpeg\" class=\"attachment-large size-large wp-image-41604\" alt=\"Atardecer en la playa con cielo colorido y olas suaves, ideal para reflexionar sobre migraci\u00f3n y comunidad en un entorno natural y tranquilo.\" srcset=\"https:\/\/soymigrante.com\/revista\/wp-content\/uploads\/2025\/08\/Cuanto-cuesta-hospedarse-en-las-playas-de-Guatemala4-819x1024.jpeg 819w, https:\/\/soymigrante.com\/revista\/wp-content\/uploads\/2025\/08\/Cuanto-cuesta-hospedarse-en-las-playas-de-Guatemala4-240x300.jpeg 240w, https:\/\/soymigrante.com\/revista\/wp-content\/uploads\/2025\/08\/Cuanto-cuesta-hospedarse-en-las-playas-de-Guatemala4-768x960.jpeg 768w, https:\/\/soymigrante.com\/revista\/wp-content\/uploads\/2025\/08\/Cuanto-cuesta-hospedarse-en-las-playas-de-Guatemala4-1229x1536.jpeg 1229w, https:\/\/soymigrante.com\/revista\/wp-content\/uploads\/2025\/08\/Cuanto-cuesta-hospedarse-en-las-playas-de-Guatemala4-750x938.webp 750w, https:\/\/soymigrante.com\/revista\/wp-content\/uploads\/2025\/08\/Cuanto-cuesta-hospedarse-en-las-playas-de-Guatemala4-1140x1425.webp 1140w, https:\/\/soymigrante.com\/revista\/wp-content\/uploads\/2025\/08\/Cuanto-cuesta-hospedarse-en-las-playas-de-Guatemala4.webp 1280w\" sizes=\"(max-width: 768px) 100vw, 768px\" title=\"Las Lisas es una playa poco conocida en Guatemala. (Foto: Marysabel Aldana) \u2013 SoyMigrante.com REVISTA\" \/>\t\t\t\t\t\t\t\t\t\t\t<figcaption class=\"widget-image-caption wp-caption-text\">Una vista del atardecer en la playa, con cielo en tonos c\u00e1lidos y siluetas de personas disfrutando del ocaso, resaltando la belleza y la calma del entorno mar\u00edtimo, v\u00ednculo con la migraci\u00f3n y cultura.<\/figcaption>\n\t\t\t\t\t\t\t\t\t\t<\/figure>\n\t\t\t\t\t\t\t\t\t<\/div>\n\t\t\t\t\t<\/div>\n\t\t\t\t<\/div>\n\t\t<div data-particle_enable=\"false\" data-particle-mobile-disabled=\"false\" class=\"elementor-element elementor-element-a68b4d1 e-flex e-con-boxed e-con e-parent\" data-id=\"a68b4d1\" data-element_type=\"container\" data-e-type=\"container\">\n\t\t\t\t\t<div class=\"e-con-inner\">\n\t\t\t\t<div class=\"elementor-element elementor-element-2702c80 elementor-widget elementor-widget-heading\" data-id=\"2702c80\" data-element_type=\"widget\" data-e-type=\"widget\" data-widget_type=\"heading.default\">\n\t\t\t\t\t<h3 class=\"elementor-heading-title elementor-size-default\">Recomendaciones generales:<\/h3>\t\t\t\t<\/div>\n\t\t\t\t\t<\/div>\n\t\t\t\t<\/div>\n\t\t<div data-particle_enable=\"false\" data-particle-mobile-disabled=\"false\" class=\"elementor-element elementor-element-a2a23ee e-flex e-con-boxed e-con e-parent\" data-id=\"a2a23ee\" data-element_type=\"container\" data-e-type=\"container\">\n\t\t\t\t\t<div class=\"e-con-inner\">\n\t\t\t\t<div class=\"elementor-element elementor-element-2b89f58 elementor-widget elementor-widget-text-editor\" data-id=\"2b89f58\" data-element_type=\"widget\" data-e-type=\"widget\" data-widget_type=\"text-editor.default\">\n\t\t\t\t\t\t\t\t\t<div>\u2022 Reservar con anticipaci\u00f3n en feriados y fines de semana largos.<\/div><div><a href=\"https:\/\/soymigrante.com\/revista\/playas-de-guatemala-donde-el-verano-siempre-esta-encendido\/\" target=\"_blank\" rel=\"noopener\">\u2022Verificar si el precio incluye limpieza<\/a>, uso de piscina o aire acondicionado.<\/div><div>\u2022Leer bien las condiciones en plataformas como Airbnb: algunas casas tienen precios bajos, pero cobran tarifas extras por n\u00famero de personas o servicios.<\/div><div>\u2022Considerar compartir el hospedaje con amigos o familia para dividir costos.<\/div>\t\t\t\t\t\t\t\t<\/div>\n\t\t\t\t\t<\/div>\n\t\t\t\t<\/div>\n\t\t<div data-particle_enable=\"false\" data-particle-mobile-disabled=\"false\" class=\"elementor-element elementor-element-43425bf e-flex e-con-boxed e-con e-parent\" data-id=\"43425bf\" data-element_type=\"container\" data-e-type=\"container\">\n\t\t\t\t\t<div class=\"e-con-inner\">\n\t\t\t\t<div class=\"elementor-element elementor-element-062faf2 elementor-widget elementor-widget-text-editor\" data-id=\"062faf2\" data-element_type=\"widget\" data-e-type=\"widget\" data-widget_type=\"text-editor.default\">\n\t\t\t\t\t\t\t\t\t<p><a href=\"https:\/\/soymigrante.com\/revista\/playas-de-guatemala-donde-el-verano-siempre-esta-encendido\/\" target=\"_blank\" rel=\"noopener\">Viajar a las playas guatemaltecas puede ser tan econ\u00f3mico o exclusivo como el presupuesto lo permita.<\/a> Ya sea que busques relajarte con los pies en la arena o pasar un fin de semana con amigos en una casa con piscina, hay opciones accesibles y disponibles para todos.<\/p>\t\t\t\t\t\t\t\t<\/div>\n\t\t\t\t\t<\/div>\n\t\t\t\t<\/div>\n\t\t<div data-particle_enable=\"false\" data-particle-mobile-disabled=\"false\" class=\"elementor-element elementor-element-5538073 e-flex e-con-boxed e-con e-parent\" data-id=\"5538073\" data-element_type=\"container\" data-e-type=\"container\">\n\t\t\t\t\t<div class=\"e-con-inner\">\n\t\t\t\t<div class=\"elementor-element elementor-element-e71a765 elementor-widget elementor-widget-heading\" data-id=\"e71a765\" data-element_type=\"widget\" data-e-type=\"widget\" data-widget_type=\"heading.default\">\n\t\t\t\t\t<h2 class=\"elementor-heading-title elementor-size-default\">Conoce m\u00e1s de los atractivos de Guatemala, ac\u00e1...<\/h2>\t\t\t\t<\/div>\n\t\t\t\t\t<\/div>\n\t\t\t\t<\/div>\n\t\t<div data-particle_enable=\"false\" data-particle-mobile-disabled=\"false\" class=\"elementor-element elementor-element-5814267 e-flex e-con-boxed e-con e-parent\" data-id=\"5814267\" data-element_type=\"container\" data-e-type=\"container\">\n\t\t\t\t\t<div class=\"e-con-inner\">\n\t\t\t\t<div class=\"elementor-element elementor-element-16af7a3 elementor-grid-eael-col-3 elementor-grid-tablet-eael-col-2 elementor-grid-mobile-eael-col-1 elementor-invisible elementor-widget elementor-widget-eael-post-grid\" data-id=\"16af7a3\" data-element_type=\"widget\" data-e-type=\"widget\" data-settings=\"{&quot;eael_post_grid_columns&quot;:&quot;eael-col-3&quot;,&quot;_animation&quot;:&quot;rollIn&quot;,&quot;eael_post_grid_columns_tablet&quot;:&quot;eael-col-2&quot;,&quot;eael_post_grid_columns_mobile&quot;:&quot;eael-col-1&quot;}\" data-widget_type=\"eael-post-grid.default\">\n\t\t\t\t\t<div id=\"eael-post-grid-16af7a3\" class=\"eael-post-grid-container\">\n            <div class=\"eael-post-grid eael-post-appender eael-post-appender-16af7a3 eael-post-grid-style-one\" data-layout-mode=\"masonry\"><article class=\"eael-grid-post  eael-post-grid-column eael-pg-post-6717 category-guate-nuestra-riqueza-natural\" data-id=\"6717\">\n        <div class=\"eael-grid-post-holder\">\n            <div class=\"eael-grid-post-holder-inner\"><div class=\"eael-entry-media\"><div class=\"eael-entry-overlay fade-in\"><i class=\"far fa-hand-pointer\" aria-hidden=\"true\"><\/i><a href=\"https:\/\/soymigrante.com\/revista\/playas-de-guatemala-donde-el-verano-siempre-esta-encendido\/\"><\/a><\/div><div class=\"eael-entry-thumbnail \">\n                <img loading=\"lazy\" decoding=\"async\" width=\"671\" height=\"687\" src=\"https:\/\/soymigrante.com\/revista\/wp-content\/uploads\/2024\/05\/PLAYAS-CHILERAS-DE-GUATEMALA-2.webp\" class=\"attachment-large size-large wp-image-6718\" alt=\"Nina en la playa siendo parte de una historia de migrantes, simbolizando el viaje y la esperanza en el contexto de la migraci\u00f3n internacional.\" srcset=\"https:\/\/soymigrante.com\/revista\/wp-content\/uploads\/2024\/05\/PLAYAS-CHILERAS-DE-GUATEMALA-2.webp 671w, https:\/\/soymigrante.com\/revista\/wp-content\/uploads\/2024\/05\/PLAYAS-CHILERAS-DE-GUATEMALA-2-293x300.webp 293w\" sizes=\"(max-width: 671px) 100vw, 671px\" \/>\n            <\/div>\n        <\/div><div class=\"eael-entry-wrapper\"><header class=\"eael-entry-header\"><h2 class=\"eael-entry-title\"><a class=\"eael-grid-post-link\" href=\"https:\/\/soymigrante.com\/revista\/playas-de-guatemala-donde-el-verano-siempre-esta-encendido\/\" title=\"Playas de Guatemala son un verano de todo el a\u00f1o y un sitio al cual siempre queremos volver\">Playas de Guatemala son un verano de todo el a\u00f1o y un sitio al cual siempre queremos volver<\/a><\/h2><\/header><div class=\"eael-entry-content\">\n                        <div class=\"eael-grid-post-excerpt\"><a href=\"https:\/\/soymigrante.com\/revista\/playas-de-guatemala-donde-el-verano-siempre-esta-encendido\/\" class=\"eael-post-elements-readmore-btn\">CONOCE SU HISTORIA <\/a><\/div>\n                    <\/div><\/div><\/div>\n        <\/div>\n    <\/article><article class=\"eael-grid-post  eael-post-grid-column eael-pg-post-26472 category-guate-nuestra\" data-id=\"26472\">\n        <div class=\"eael-grid-post-holder\">\n            <div class=\"eael-grid-post-holder-inner\"><div class=\"eael-entry-media\"><div class=\"eael-entry-overlay fade-in\"><i class=\"far fa-hand-pointer\" aria-hidden=\"true\"><\/i><a href=\"https:\/\/soymigrante.com\/revista\/cuando-se-descubrio-tikal-y-cual-era-su-nombre-prehispanico\/\"><\/a><\/div><div class=\"eael-entry-thumbnail \">\n                <img loading=\"lazy\" decoding=\"async\" width=\"766\" height=\"766\" src=\"https:\/\/soymigrante.com\/revista\/wp-content\/uploads\/2025\/02\/Boda-tikal--e1740608132635.webp\" class=\"attachment-large size-large wp-image-24930\" alt=\"Gran pir\u00e1mide maya en ruinas en un entorno selv\u00e1tico, s\u00edmbolo de la cultura ancestral y el turismo en M\u00e9xico.\" srcset=\"https:\/\/soymigrante.com\/revista\/wp-content\/uploads\/2025\/02\/Boda-tikal--e1740608132635.webp 766w, https:\/\/soymigrante.com\/revista\/wp-content\/uploads\/2025\/02\/Boda-tikal--e1740608132635-300x300.jpeg 300w, https:\/\/soymigrante.com\/revista\/wp-content\/uploads\/2025\/02\/Boda-tikal--e1740608132635-150x150.jpeg 150w, https:\/\/soymigrante.com\/revista\/wp-content\/uploads\/2025\/02\/Boda-tikal--e1740608132635-75x75.webp 75w, https:\/\/soymigrante.com\/revista\/wp-content\/uploads\/2025\/02\/Boda-tikal--e1740608132635-750x750.webp 750w\" sizes=\"(max-width: 766px) 100vw, 766px\" \/>\n            <\/div>\n        <\/div><div class=\"eael-entry-wrapper\"><header class=\"eael-entry-header\"><h2 class=\"eael-entry-title\"><a class=\"eael-grid-post-link\" href=\"https:\/\/soymigrante.com\/revista\/cuando-se-descubrio-tikal-y-cual-era-su-nombre-prehispanico\/\" title=\"\u00bfCu\u00e1ndo se descubri\u00f3 Tikal y cu\u00e1l era su nombre prehisp\u00e1nico?\">\u00bfCu\u00e1ndo se descubri\u00f3 Tikal y cu\u00e1l era su nombre prehisp\u00e1nico?<\/a><\/h2><\/header><div class=\"eael-entry-content\">\n                        <div class=\"eael-grid-post-excerpt\"><a href=\"https:\/\/soymigrante.com\/revista\/cuando-se-descubrio-tikal-y-cual-era-su-nombre-prehispanico\/\" class=\"eael-post-elements-readmore-btn\">CONOCE SU HISTORIA <\/a><\/div>\n                    <\/div><\/div><\/div>\n        <\/div>\n    <\/article><article class=\"eael-grid-post  eael-post-grid-column eael-pg-post-22451 category-guate-nuestra tags-departamentos-de-guatemala\" data-id=\"22451\">\n        <div class=\"eael-grid-post-holder\">\n            <div class=\"eael-grid-post-holder-inner\"><div class=\"eael-entry-media\"><div class=\"eael-entry-overlay fade-in\"><i class=\"far fa-hand-pointer\" aria-hidden=\"true\"><\/i><a href=\"https:\/\/soymigrante.com\/revista\/departamentos-de-guatemala-jutiapa-es-cuna-del-sol-entre-playas-y-montanas\/\"><\/a><\/div><div class=\"eael-entry-thumbnail \">\n                <img loading=\"lazy\" decoding=\"async\" width=\"1024\" height=\"1024\" src=\"https:\/\/soymigrante.com\/revista\/wp-content\/uploads\/2025\/01\/JUTIAPA-LAGUNA-OBRAJUELO-1024x1024.jpg\" class=\"attachment-large size-large wp-image-22735\" alt=\"Puerto y paisaje natural con reflejo en el agua, monta\u00f1as verdes y cielo con nubes, en un entorno tranquilo ideal para la conservaci\u00f3n del medio ambiente y el turismo ecol\u00f3gico.\" srcset=\"https:\/\/soymigrante.com\/revista\/wp-content\/uploads\/2025\/01\/JUTIAPA-LAGUNA-OBRAJUELO-1024x1024.jpg 1024w, https:\/\/soymigrante.com\/revista\/wp-content\/uploads\/2025\/01\/JUTIAPA-LAGUNA-OBRAJUELO-300x300.jpg 300w, https:\/\/soymigrante.com\/revista\/wp-content\/uploads\/2025\/01\/JUTIAPA-LAGUNA-OBRAJUELO-150x150.jpg 150w, https:\/\/soymigrante.com\/revista\/wp-content\/uploads\/2025\/01\/JUTIAPA-LAGUNA-OBRAJUELO-768x768.jpg 768w, https:\/\/soymigrante.com\/revista\/wp-content\/uploads\/2025\/01\/JUTIAPA-LAGUNA-OBRAJUELO-75x75.webp 75w, https:\/\/soymigrante.com\/revista\/wp-content\/uploads\/2025\/01\/JUTIAPA-LAGUNA-OBRAJUELO-750x750.webp 750w, https:\/\/soymigrante.com\/revista\/wp-content\/uploads\/2025\/01\/JUTIAPA-LAGUNA-OBRAJUELO-1140x1140.webp 1140w, https:\/\/soymigrante.com\/revista\/wp-content\/uploads\/2025\/01\/JUTIAPA-LAGUNA-OBRAJUELO.webp 1364w\" sizes=\"(max-width: 1024px) 100vw, 1024px\" \/>\n            <\/div>\n        <\/div><div class=\"eael-entry-wrapper\"><header class=\"eael-entry-header\"><h2 class=\"eael-entry-title\"><a class=\"eael-grid-post-link\" href=\"https:\/\/soymigrante.com\/revista\/departamentos-de-guatemala-jutiapa-es-cuna-del-sol-entre-playas-y-montanas\/\" title=\"Departamentos de Guatemala: Jutiapa es cuna del sol entre playas y monta\u00f1as\">Departamentos de Guatemala: Jutiapa es cuna del sol entre playas y monta\u00f1as<\/a><\/h2><\/header><div class=\"eael-entry-content\">\n                        <div class=\"eael-grid-post-excerpt\"><a href=\"https:\/\/soymigrante.com\/revista\/departamentos-de-guatemala-jutiapa-es-cuna-del-sol-entre-playas-y-montanas\/\" class=\"eael-post-elements-readmore-btn\">CONOCE SU HISTORIA <\/a><\/div>\n                    <\/div><\/div><\/div>\n        <\/div>\n    <\/article><\/div>\n            <div class=\"clearfix\"><\/div>\n        <\/div>\t\t\t\t<\/div>\n\t\t\t\t\t<\/div>\n\t\t\t\t<\/div>\n\t\t\t\t<\/div>\n\t\t","protected":false},"excerpt":{"rendered":"<p>Guatemala tiene playas hermosas, hospedarse puede estar al alcance de la mano, esta es una gu\u00eda de precios y plataformas. Las costas del Pac\u00edfico guatemalteco siguen siendo uno de los destinos preferidos para vacaciones de fin de semana, escapadas familiares o d\u00edas de descanso. Playas como Monterrico, Puerto de San Jos\u00e9, Sipacate\u2013El Pared\u00f3n y Las [&hellip;]<\/p>\n","protected":false},"author":19,"featured_media":6718,"comment_status":"open","ping_status":"open","sticky":false,"template":"","format":"standard","meta":{"_acf_changed":false,"_eb_attr":"","footnotes":""},"categories":[58],"tags":[],"class_list":["post-41587","post","type-post","status-publish","format-standard","has-post-thumbnail","hentry","category-guate-nuestra"],"acf":[],"aioseo_notices":[],"aioseo_head":"\n\t\t<!-- All in One SEO Pro 4.9.6.2 - aioseo.com -->\n\t<meta name=\"description\" content=\"Jutiapa es un departamento fronterizo, con una econom\u00eda enraizada en la agricultura y la ganader\u00eda, as\u00ed como un paisaje de monta\u00f1as y costa. Conoce m\u00e1s\" \/>\n\t<meta name=\"robots\" content=\"max-snippet:-1, max-image-preview:large, max-video-preview:-1\" \/>\n\t<meta name=\"author\" content=\"Marysabel Aldana\"\/>\n\t<link rel=\"canonical\" href=\"https:\/\/soymigrante.com\/revista\/departamentos-de-guatemala-jutiapa-es-cuna-del-sol-entre-playas-y-montanas\/\" \/>\n\t<meta name=\"generator\" content=\"All in One SEO Pro (AIOSEO) 4.9.6.2\" \/>\n\n\t\t<link rel=\"preconnect\" href=\"https:\/\/fonts.googleapis.com\" crossorigin>\n<link rel=\"preconnect\" href=\"https:\/\/fonts.gstatic.com\" crossorigin>\n\t\t<meta property=\"og:locale\" content=\"es_ES\" \/>\n\t\t<meta property=\"og:site_name\" content=\"SoyMigrante.com REVISTA \u2013 Nuestra misi\u00f3n es reconocer y dignificar al migrante.\" \/>\n\t\t<meta property=\"og:type\" content=\"article\" \/>\n\t\t<meta property=\"og:title\" content=\"Departamentos de Guatemala: Jutiapa va de monta\u00f1as a playas\" \/>\n\t\t<meta property=\"og:description\" content=\"Jutiapa es un departamento fronterizo, con una econom\u00eda enraizada en la agricultura y la ganader\u00eda, as\u00ed como un paisaje de monta\u00f1as y costa. Conoce m\u00e1s\" \/>\n\t\t<meta property=\"og:url\" content=\"https:\/\/soymigrante.com\/revista\/departamentos-de-guatemala-jutiapa-es-cuna-del-sol-entre-playas-y-montanas\/\" \/>\n\t\t<meta property=\"og:image\" content=\"https:\/\/soymigrante.com\/revista\/wp-content\/uploads\/2025\/01\/JUTIAPA-LAGUNA-OBRAJUELO.webp\" \/>\n\t\t<meta property=\"og:image:secure_url\" content=\"https:\/\/soymigrante.com\/revista\/wp-content\/uploads\/2025\/01\/JUTIAPA-LAGUNA-OBRAJUELO.webp\" \/>\n\t\t<meta property=\"og:image:width\" content=\"1364\" \/>\n\t\t<meta property=\"og:image:height\" content=\"1364\" \/>\n\t\t<meta property=\"article:published_time\" content=\"2025-01-27T20:55:58+00:00\" \/>\n\t\t<meta property=\"article:modified_time\" content=\"2025-03-04T18:28:28+00:00\" \/>\n\t\t<meta property=\"article:publisher\" content=\"https:\/\/www.facebook.com\/soymigrantecom\" \/>\n\t\t<meta name=\"twitter:card\" content=\"summary_large_image\" \/>\n\t\t<meta name=\"twitter:site\" content=\"@SoyMigrante_com\" \/>\n\t\t<meta name=\"twitter:title\" content=\"Departamentos de Guatemala: Jutiapa va de monta\u00f1as a playas\" \/>\n\t\t<meta name=\"twitter:description\" content=\"Jutiapa es un departamento fronterizo, con una econom\u00eda enraizada en la agricultura y la ganader\u00eda, as\u00ed como un paisaje de monta\u00f1as y costa. Conoce m\u00e1s\" \/>\n\t\t<meta name=\"twitter:creator\" content=\"@SoyMigrante_com\" \/>\n\t\t<meta name=\"twitter:image\" content=\"https:\/\/soymigrante.com\/revista\/wp-content\/uploads\/2025\/01\/JUTIAPA-LAGUNA-OBRAJUELO.webp\" \/>\n\t\t<!-- All in One SEO Pro -->\r\n\t\t<title>Departamentos de Guatemala: Jutiapa va de monta\u00f1as a playas<\/title>\n\n","aioseo_head_json":{"title":"Departamentos de Guatemala: Jutiapa va de monta\u00f1as a playas","description":"Jutiapa es un departamento fronterizo, con una econom\u00eda enraizada en la agricultura y la ganader\u00eda, as\u00ed como un paisaje de monta\u00f1as y costa. Conoce m\u00e1s","canonical_url":"https:\/\/soymigrante.com\/revista\/departamentos-de-guatemala-jutiapa-es-cuna-del-sol-entre-playas-y-montanas\/","robots":"max-snippet:-1, max-image-preview:large, max-video-preview:-1","keywords":"","webmasterTools":{"miscellaneous":"&lt;link rel=\"preconnect\" href=\"https:\/\/fonts.googleapis.com\" crossorigin&gt;\n&lt;link rel=\"preconnect\" href=\"https:\/\/fonts.gstatic.com\" crossorigin&gt;"},"schema":null,"og:locale":"es_ES","og:site_name":"SoyMigrante.com REVISTA \u2013 Nuestra misi\u00f3n es reconocer y dignificar al migrante.","og:type":"article","og:title":"Departamentos de Guatemala: Jutiapa va de monta\u00f1as a playas","og:description":"Jutiapa es un departamento fronterizo, con una econom\u00eda enraizada en la agricultura y la ganader\u00eda, as\u00ed como un paisaje de monta\u00f1as y costa. Conoce m\u00e1s","og:url":"https:\/\/soymigrante.com\/revista\/departamentos-de-guatemala-jutiapa-es-cuna-del-sol-entre-playas-y-montanas\/","og:image":"https:\/\/soymigrante.com\/revista\/wp-content\/uploads\/2025\/01\/JUTIAPA-LAGUNA-OBRAJUELO.webp","og:image:secure_url":"https:\/\/soymigrante.com\/revista\/wp-content\/uploads\/2025\/01\/JUTIAPA-LAGUNA-OBRAJUELO.webp","og:image:width":1364,"og:image:height":1364,"article:published_time":"2025-01-27T20:55:58+00:00","article:modified_time":"2025-03-04T18:28:28+00:00","article:publisher":"https:\/\/www.facebook.com\/soymigrantecom","twitter:card":"summary_large_image","twitter:site":"@SoyMigrante_com","twitter:title":"Departamentos de Guatemala: Jutiapa va de monta\u00f1as a playas","twitter:description":"Jutiapa es un departamento fronterizo, con una econom\u00eda enraizada en la agricultura y la ganader\u00eda, as\u00ed como un paisaje de monta\u00f1as y costa. Conoce m\u00e1s","twitter:creator":"@SoyMigrante_com","twitter:image":"https:\/\/soymigrante.com\/revista\/wp-content\/uploads\/2025\/01\/JUTIAPA-LAGUNA-OBRAJUELO.webp"},"aioseo_meta_data":{"post_id":"41587","title":null,"description":"Guatemala tiene playas hermosas, hospedarse puede estar al alcance de la mano, esta es una gu\u00eda de precios y plataformas.","keywords":null,"keyphrases":{"focus":{"keyphrase":"Guatemala","score":91,"analysis":{"keyphraseInTitle":{"score":9,"maxScore":9,"error":0},"keyphraseInDescription":{"score":9,"maxScore":9,"error":0},"keyphraseLength":{"score":9,"maxScore":9,"error":0,"length":1},"keyphraseInURL":{"score":5,"maxScore":5,"error":0},"keyphraseInIntroduction":{"score":3,"maxScore":9,"error":1},"keyphraseInSubHeadings":{"score":9,"maxScore":9,"error":0},"keyphraseInImageAlt":{"score":9,"maxScore":9,"error":0},"keywordDensity":{"type":"best","score":9,"maxScore":9,"error":0}}},"additional":[{"keyphrase":"Playas","score":100,"analysis":{"keyphraseInDescription":{"score":9,"maxScore":9,"error":0},"keyphraseLength":{"score":9,"maxScore":9,"error":0,"length":1},"keyphraseInIntroduction":{"score":9,"maxScore":9,"error":0},"keyphraseInImageAlt":{"score":9,"maxScore":9,"error":0},"keywordDensity":{"type":"best","score":9,"maxScore":9,"error":0}}},{"keyphrase":"Precios","score":53,"analysis":{"keyphraseInDescription":{"score":9,"maxScore":9,"error":0},"keyphraseLength":{"score":9,"maxScore":9,"error":0,"length":1},"keyphraseInIntroduction":{"score":3,"maxScore":9,"error":1},"keyphraseInImageAlt":{"score":3,"maxScore":9,"error":1},"keywordDensity":{"score":0,"type":"low","maxScore":9,"error":1}}}]},"primary_term":null,"canonical_url":null,"og_title":null,"og_description":null,"og_object_type":"default","og_image_type":"default","og_image_url":null,"og_image_width":null,"og_image_height":null,"og_image_custom_url":null,"og_image_custom_fields":null,"og_video":"","og_custom_url":null,"og_article_section":null,"og_article_tags":null,"twitter_use_og":false,"twitter_card":"default","twitter_image_type":"default","twitter_image_url":null,"twitter_image_custom_url":null,"twitter_image_custom_fields":null,"twitter_title":null,"twitter_description":null,"schema":{"blockGraphs":[],"customGraphs":[],"default":{"data":{"Article":[],"Course":[],"Dataset":[],"FAQPage":[],"Movie":[],"Person":[],"Product":[],"ProductReview":[],"Car":[],"Recipe":[],"Service":[],"SoftwareApplication":[],"WebPage":[]},"graphName":"none","isEnabled":true},"graphs":[]},"schema_type":"default","schema_type_options":null,"pillar_content":false,"robots_default":true,"robots_noindex":false,"robots_noarchive":false,"robots_nosnippet":false,"robots_nofollow":false,"robots_noimageindex":false,"robots_noodp":false,"robots_notranslate":false,"robots_max_snippet":"-1","robots_max_videopreview":"-1","robots_max_imagepreview":"large","priority":null,"frequency":"default","local_seo":null,"seo_analyzer_scan_date":"2025-10-09 07:32:33","breadcrumb_settings":null,"limit_modified_date":false,"reviewed_by":"0","open_ai":null,"ai":{"faqs":[],"keyPoints":[],"titles":[],"descriptions":[],"socialPosts":{"email":[],"linkedin":[],"twitter":[],"facebook":[],"instagram":[]}},"created":"2025-08-07 19:39:51","updated":"2026-02-05 04:01:24"},"aioseo_breadcrumb":"<div class=\"aioseo-breadcrumbs\"><span class=\"aioseo-breadcrumb\">\n\t<a href=\"https:\/\/soymigrante.com\/revista\" title=\"Home\">Home<\/a>\n<\/span><span class=\"aioseo-breadcrumb-separator\">\u00bb<\/span><span class=\"aioseo-breadcrumb\">\n\t<a href=\"https:\/\/soymigrante.com\/revista\/category\/guate-nuestra\/\" title=\"Guate Nuestra\">Guate Nuestra<\/a>\n<\/span><span class=\"aioseo-breadcrumb-separator\">\u00bb<\/span><span class=\"aioseo-breadcrumb\">\n\t\u00bfCu\u00e1nto cuesta hospedarse en algunas playas de Guatemala? Gu\u00eda de precios y plataformas\n<\/span><\/div>","aioseo_breadcrumb_json":[{"label":"Home","link":"https:\/\/soymigrante.com\/revista"},{"label":"Guate Nuestra","link":"https:\/\/soymigrante.com\/revista\/category\/guate-nuestra\/"},{"label":"\u00bfCu\u00e1nto cuesta hospedarse en algunas playas de Guatemala? Gu\u00eda de precios y plataformas","link":"https:\/\/soymigrante.com\/revista\/cuanto-cuesta-hospedarse-en-playas-de-guatemala-guia-de-precios-y-plataformas\/"}],"_links":{"self":[{"href":"https:\/\/soymigrante.com\/revista\/wp-json\/wp\/v2\/posts\/41587","targetHints":{"allow":["GET"]}}],"collection":[{"href":"https:\/\/soymigrante.com\/revista\/wp-json\/wp\/v2\/posts"}],"about":[{"href":"https:\/\/soymigrante.com\/revista\/wp-json\/wp\/v2\/types\/post"}],"author":[{"embeddable":true,"href":"https:\/\/soymigrante.com\/revista\/wp-json\/wp\/v2\/users\/19"}],"replies":[{"embeddable":true,"href":"https:\/\/soymigrante.com\/revista\/wp-json\/wp\/v2\/comments?post=41587"}],"version-history":[{"count":13,"href":"https:\/\/soymigrante.com\/revista\/wp-json\/wp\/v2\/posts\/41587\/revisions"}],"predecessor-version":[{"id":41618,"href":"https:\/\/soymigrante.com\/revista\/wp-json\/wp\/v2\/posts\/41587\/revisions\/41618"}],"wp:featuredmedia":[{"embeddable":true,"href":"https:\/\/soymigrante.com\/revista\/wp-json\/wp\/v2\/media\/6718"}],"wp:attachment":[{"href":"https:\/\/soymigrante.com\/revista\/wp-json\/wp\/v2\/media?parent=41587"}],"wp:term":[{"taxonomy":"category","embeddable":true,"href":"https:\/\/soymigrante.com\/revista\/wp-json\/wp\/v2\/categories?post=41587"},{"taxonomy":"post_tag","embeddable":true,"href":"https:\/\/soymigrante.com\/revista\/wp-json\/wp\/v2\/tags?post=41587"}],"curies":[{"name":"wp","href":"https:\/\/api.w.org\/{rel}","templated":true}]}}