{"id":41543,"date":"2025-08-08T06:00:00","date_gmt":"2025-08-08T12:00:00","guid":{"rendered":"https:\/\/soymigrante.com\/revista\/?p=41543"},"modified":"2025-08-07T21:14:55","modified_gmt":"2025-08-08T03:14:55","slug":"vanessa-tuy-y-un-arte-terapeutico-sus-mandalas-tejidos-estan-en-mercado","status":"publish","type":"post","link":"https:\/\/soymigrante.com\/revista\/vanessa-tuy-y-un-arte-terapeutico-sus-mandalas-tejidos-estan-en-mercado\/","title":{"rendered":"Vanessa Tuy y un arte terap\u00e9utico: sus mandalas tejidos est\u00e1n en MERCADO"},"content":{"rendered":"\t\t<div data-elementor-type=\"wp-post\" data-elementor-id=\"41543\" class=\"elementor elementor-41543\" data-elementor-post-type=\"post\">\n\t\t\t\t<div data-particle_enable=\"false\" data-particle-mobile-disabled=\"false\" class=\"elementor-element elementor-element-e2eff7a e-flex e-con-boxed e-con e-parent\" data-id=\"e2eff7a\" data-element_type=\"container\" data-e-type=\"container\">\n\t\t\t\t\t<div class=\"e-con-inner\">\n\t\t\t\t<div class=\"elementor-element elementor-element-cf45c53 elementor-widget elementor-widget-heading\" data-id=\"cf45c53\" data-element_type=\"widget\" data-e-type=\"widget\" data-widget_type=\"heading.default\">\n\t\t\t\t\t<h2 class=\"elementor-heading-title elementor-size-default\">Vanessa Tuy es una emprendedora que ha llevado su arte a una herramienta sanadora, que ahora est\u00e1 en Mercado. \n<\/h2>\t\t\t\t<\/div>\n\t\t\t\t\t<\/div>\n\t\t\t\t<\/div>\n\t\t<div data-particle_enable=\"false\" data-particle-mobile-disabled=\"false\" class=\"elementor-element elementor-element-00eeb60 e-flex e-con-boxed e-con e-parent\" data-id=\"00eeb60\" data-element_type=\"container\" data-e-type=\"container\">\n\t\t\t\t\t<div class=\"e-con-inner\">\n\t\t\t\t<div class=\"elementor-element elementor-element-e83d762 elementor-widget elementor-widget-text-editor\" data-id=\"e83d762\" data-element_type=\"widget\" data-e-type=\"widget\" data-widget_type=\"text-editor.default\">\n\t\t\t\t\t\t\t\t\t<p>La historia de Vanessa Tuy, fundadora de la empresa <a href=\"https:\/\/soymigrante.com\/mercado\/marketplace\/seller\/profile\/azultuy\" target=\"_blank\" rel=\"noopener\">Azul Tuy,<\/a> es un testimonio de resiliencia, creatividad y b\u00fasqueda de prop\u00f3sito. Su tienda virtual, disponible en la plataforma<a href=\"https:\/\/soymigrante.com\/mercado\/\" target=\"_blank\" rel=\"noopener\"> MERCADO de SoyMigrante.com,<\/a> ofrece arte terap\u00e9utico con mandalas, un emprendimiento que naci\u00f3 en medio de la pandemia y que ha cambiado no solo su vida, sino la de muchas personas que han encontrado en sus creaciones un camino hacia la sanaci\u00f3n emocional.<\/p>\t\t\t\t\t\t\t\t<\/div>\n\t\t\t\t\t<\/div>\n\t\t\t\t<\/div>\n\t\t<div data-particle_enable=\"false\" data-particle-mobile-disabled=\"false\" class=\"elementor-element elementor-element-a76cce0 e-flex e-con-boxed e-con e-parent\" data-id=\"a76cce0\" data-element_type=\"container\" data-e-type=\"container\">\n\t\t\t\t\t<div class=\"e-con-inner\">\n\t\t\t\t<div class=\"elementor-element elementor-element-b9aaadb elementor-widget elementor-widget-image\" data-id=\"b9aaadb\" data-element_type=\"widget\" data-e-type=\"widget\" data-widget_type=\"image.default\">\n\t\t\t\t\t\t\t\t\t\t\t\t<figure class=\"wp-caption\">\n\t\t\t\t\t\t\t\t\t\t\t<a href=\"https:\/\/soymigrante.com\/mercado\/marketplace\/seller\/profile\/azultuy\">\n\t\t\t\t\t\t\t<img fetchpriority=\"high\" decoding=\"async\" width=\"768\" height=\"768\" src=\"https:\/\/soymigrante.com\/revista\/wp-content\/uploads\/2025\/08\/Vanessa-Tuy-y-su-arte-sanador2-1024x1024.jpeg\" class=\"attachment-large size-large wp-image-41553\" alt=\"Multicolores llaveros tejidos a mano con dise\u00f1os de cuadrados en diferentes tonos.\" srcset=\"https:\/\/soymigrante.com\/revista\/wp-content\/uploads\/2025\/08\/Vanessa-Tuy-y-su-arte-sanador2-1024x1024.jpeg 1024w, https:\/\/soymigrante.com\/revista\/wp-content\/uploads\/2025\/08\/Vanessa-Tuy-y-su-arte-sanador2-300x300.jpeg 300w, https:\/\/soymigrante.com\/revista\/wp-content\/uploads\/2025\/08\/Vanessa-Tuy-y-su-arte-sanador2-150x150.jpeg 150w, https:\/\/soymigrante.com\/revista\/wp-content\/uploads\/2025\/08\/Vanessa-Tuy-y-su-arte-sanador2-768x768.jpeg 768w, https:\/\/soymigrante.com\/revista\/wp-content\/uploads\/2025\/08\/Vanessa-Tuy-y-su-arte-sanador2-75x75.webp 75w, https:\/\/soymigrante.com\/revista\/wp-content\/uploads\/2025\/08\/Vanessa-Tuy-y-su-arte-sanador2-750x750.webp 750w, https:\/\/soymigrante.com\/revista\/wp-content\/uploads\/2025\/08\/Vanessa-Tuy-y-su-arte-sanador2-1140x1140.webp 1140w, https:\/\/soymigrante.com\/revista\/wp-content\/uploads\/2025\/08\/Vanessa-Tuy-y-su-arte-sanador2.webp 1280w\" sizes=\"(max-width: 768px) 100vw, 768px\" title=\"Las mandalas son un s\u00edmbolo de tranquilidad para Vanessa. (Foto: Cortes\u00eda) \u2013 SoyMigrante.com REVISTA\" \/>\t\t\t\t\t\t\t\t<\/a>\n\t\t\t\t\t\t\t\t\t\t\t<figcaption class=\"widget-image-caption wp-caption-text\">Llaveros artesanales con patrones geom\u00e9tricos en colores brillantes, ideales para personalizar tus llaves o como regalo cultural.<\/figcaption>\n\t\t\t\t\t\t\t\t\t\t<\/figure>\n\t\t\t\t\t\t\t\t\t<\/div>\n\t\t\t\t\t<\/div>\n\t\t\t\t<\/div>\n\t\t<div data-particle_enable=\"false\" data-particle-mobile-disabled=\"false\" class=\"elementor-element elementor-element-752e1b0 e-flex e-con-boxed e-con e-parent\" data-id=\"752e1b0\" data-element_type=\"container\" data-e-type=\"container\">\n\t\t\t\t\t<div class=\"e-con-inner\">\n\t\t\t\t<div class=\"elementor-element elementor-element-81b48e0 elementor-widget elementor-widget-text-editor\" data-id=\"81b48e0\" data-element_type=\"widget\" data-e-type=\"widget\" data-widget_type=\"text-editor.default\">\n\t\t\t\t\t\t\t\t\t<p><a href=\"https:\/\/soymigrante.com\/mercado\/marketplace\/seller\/profile\/azultuy\" target=\"_blank\" rel=\"noopener\">Azul Tuy<\/a> ya abri\u00f3 su tienda digital en <a href=\"https:\/\/soymigrante.com\/mercado\/\" target=\"_blank\" rel=\"noopener\">SoyMigrante.com MERCADO<\/a>, la comunidad que une a emprendedores guatemaltecos con compradores en todo el pa\u00eds para impulsar la econom\u00eda familiar y comunitaria, generar oportunidades, facilitar log\u00edstica de pago y entrega, as\u00ed como mostrar el inmenso talento de los guatemaltecos. Y esta es la historia detr\u00e1s de <a href=\"https:\/\/soymigrante.com\/mercado\/marketplace\/seller\/profile\/azultuy\" target=\"_blank\" rel=\"noopener\">Azul Tuy.<\/a><\/p>\t\t\t\t\t\t\t\t<\/div>\n\t\t\t\t\t<\/div>\n\t\t\t\t<\/div>\n\t\t<div data-particle_enable=\"false\" data-particle-mobile-disabled=\"false\" class=\"elementor-element elementor-element-cd61174 e-flex e-con-boxed e-con e-parent\" data-id=\"cd61174\" data-element_type=\"container\" data-e-type=\"container\">\n\t\t\t\t\t<div class=\"e-con-inner\">\n\t\t\t\t<div class=\"elementor-element elementor-element-caf79c4 elementor-widget elementor-widget-image\" data-id=\"caf79c4\" data-element_type=\"widget\" data-e-type=\"widget\" data-widget_type=\"image.default\">\n\t\t\t\t\t\t\t\t\t\t\t\t<figure class=\"wp-caption\">\n\t\t\t\t\t\t\t\t\t\t\t<a href=\"https:\/\/soymigrante.com\/mercado\/marketplace\/seller\/profile\/azultuy\">\n\t\t\t\t\t\t\t<img decoding=\"async\" width=\"768\" height=\"344\" src=\"https:\/\/soymigrante.com\/revista\/wp-content\/uploads\/2025\/08\/Captura-de-pantalla-2025-08-07-110735-1024x458.png\" class=\"attachment-large size-large wp-image-41547\" alt=\"Repunte de migrantes guatemaltecos en EE.UU. y su impacto en la comunidad en Guatemala, reflejando temas clave en la revista SoyMigrante.com REVISTA sobre migraci\u00f3n, econom\u00eda y cultura.\" srcset=\"https:\/\/soymigrante.com\/revista\/wp-content\/uploads\/2025\/08\/Captura-de-pantalla-2025-08-07-110735-1024x458.png 1024w, https:\/\/soymigrante.com\/revista\/wp-content\/uploads\/2025\/08\/Captura-de-pantalla-2025-08-07-110735-300x134.png 300w, https:\/\/soymigrante.com\/revista\/wp-content\/uploads\/2025\/08\/Captura-de-pantalla-2025-08-07-110735-768x344.png 768w, https:\/\/soymigrante.com\/revista\/wp-content\/uploads\/2025\/08\/Captura-de-pantalla-2025-08-07-110735-1536x688.png 1536w, https:\/\/soymigrante.com\/revista\/wp-content\/uploads\/2025\/08\/Captura-de-pantalla-2025-08-07-110735-750x336.webp 750w, https:\/\/soymigrante.com\/revista\/wp-content\/uploads\/2025\/08\/Captura-de-pantalla-2025-08-07-110735-1140x510.webp 1140w, https:\/\/soymigrante.com\/revista\/wp-content\/uploads\/2025\/08\/Captura-de-pantalla-2025-08-07-110735.webp 1720w\" sizes=\"(max-width: 768px) 100vw, 768px\" title=\"La tienda cuenta con productos  hechos a mano. (Foto: Captura de pantalla) \u2013 SoyMigrante.com REVISTA\" \/>\t\t\t\t\t\t\t\t<\/a>\n\t\t\t\t\t\t\t\t\t\t\t<figcaption class=\"widget-image-caption wp-caption-text\">Imagen de un mapa de Guatemala con dise\u00f1os de dinero y patrocinadores relacionados con migrantes.<\/figcaption>\n\t\t\t\t\t\t\t\t\t\t<\/figure>\n\t\t\t\t\t\t\t\t\t<\/div>\n\t\t\t\t\t<\/div>\n\t\t\t\t<\/div>\n\t\t<div data-particle_enable=\"false\" data-particle-mobile-disabled=\"false\" class=\"elementor-element elementor-element-d6403b5 e-flex e-con-boxed e-con e-parent\" data-id=\"d6403b5\" data-element_type=\"container\" data-e-type=\"container\">\n\t\t\t\t\t<div class=\"e-con-inner\">\n\t\t\t\t<div class=\"elementor-element elementor-element-1fa64ee elementor-widget elementor-widget-heading\" data-id=\"1fa64ee\" data-element_type=\"widget\" data-e-type=\"widget\" data-widget_type=\"heading.default\">\n\t\t\t\t\t<h3 class=\"elementor-heading-title elementor-size-default\">Desde peque\u00f1a era distinta<\/h3>\t\t\t\t<\/div>\n\t\t\t\t\t<\/div>\n\t\t\t\t<\/div>\n\t\t<div data-particle_enable=\"false\" data-particle-mobile-disabled=\"false\" class=\"elementor-element elementor-element-bfc3d65 e-flex e-con-boxed e-con e-parent\" data-id=\"bfc3d65\" data-element_type=\"container\" data-e-type=\"container\">\n\t\t\t\t\t<div class=\"e-con-inner\">\n\t\t\t\t<div class=\"elementor-element elementor-element-5255120 elementor-widget elementor-widget-text-editor\" data-id=\"5255120\" data-element_type=\"widget\" data-e-type=\"widget\" data-widget_type=\"text-editor.default\">\n\t\t\t\t\t\t\t\t\t<p>Desde peque\u00f1a, Vanessa sinti\u00f3 que no encajaba en los moldes tradicionales. Independiente, curiosa y sensible, nunca se conform\u00f3 con seguir caminos ya trazados. \u201c<em>A m\u00ed no me gusta seguir patrones, sino hacer nuevos caminos<\/em>\u201d, afirma. Su amor por el arte empez\u00f3 desde temprana edad. Aunque lleg\u00f3 a la escuela a los 8 a\u00f1os, recuerda con especial cari\u00f1o su tercer grado de primaria, cuando por fin pudo tener clases de m\u00fasica.<\/p><p>Ese amor creci\u00f3 al punto de llevarla a participar en coros religiosos y, m\u00e1s adelante, conocer el Conservatorio Nacional de M\u00fasica a los 18 a\u00f1os. Sin embargo, la necesidad de ingresos la oblig\u00f3 a buscar empleos formales que no la hac\u00edan feliz. \u201cNo me adaptaba a estar en una oficina de cuatro paredes\u201d, recuerda.<\/p>\t\t\t\t\t\t\t\t<\/div>\n\t\t\t\t\t<\/div>\n\t\t\t\t<\/div>\n\t\t<div data-particle_enable=\"false\" data-particle-mobile-disabled=\"false\" class=\"elementor-element elementor-element-b7bc28a e-flex e-con-boxed e-con e-parent\" data-id=\"b7bc28a\" data-element_type=\"container\" data-e-type=\"container\">\n\t\t\t\t\t<div class=\"e-con-inner\">\n\t\t\t\t<div class=\"elementor-element elementor-element-f8fc026 elementor-widget elementor-widget-image\" data-id=\"f8fc026\" data-element_type=\"widget\" data-e-type=\"widget\" data-widget_type=\"image.default\">\n\t\t\t\t\t\t\t\t\t\t\t\t<figure class=\"wp-caption\">\n\t\t\t\t\t\t\t\t\t\t\t<a href=\"https:\/\/soymigrante.com\/mercado\/marketplace\/seller\/profile\/azultuy\">\n\t\t\t\t\t\t\t<img decoding=\"async\" width=\"768\" height=\"329\" src=\"https:\/\/soymigrante.com\/revista\/wp-content\/uploads\/2025\/08\/Captura-de-pantalla-2025-08-07-110748-1024x438.png\" class=\"attachment-large size-large wp-image-41548\" alt=\"Multicolor tejido en forma de mandala, decoraci\u00f3n artesanal para espacios culturales y religiosos. Ideal para colgar en paredes, con dise\u00f1os vibrantes y t\u00e9cnicas tradicionales mexicanas.\" srcset=\"https:\/\/soymigrante.com\/revista\/wp-content\/uploads\/2025\/08\/Captura-de-pantalla-2025-08-07-110748-1024x438.png 1024w, https:\/\/soymigrante.com\/revista\/wp-content\/uploads\/2025\/08\/Captura-de-pantalla-2025-08-07-110748-300x128.png 300w, https:\/\/soymigrante.com\/revista\/wp-content\/uploads\/2025\/08\/Captura-de-pantalla-2025-08-07-110748-768x329.png 768w, https:\/\/soymigrante.com\/revista\/wp-content\/uploads\/2025\/08\/Captura-de-pantalla-2025-08-07-110748-1140x488.webp 1140w, https:\/\/soymigrante.com\/revista\/wp-content\/uploads\/2025\/08\/Captura-de-pantalla-2025-08-07-110748-750x321.webp 750w, https:\/\/soymigrante.com\/revista\/wp-content\/uploads\/2025\/08\/Captura-de-pantalla-2025-08-07-110748.webp 1143w\" sizes=\"(max-width: 768px) 100vw, 768px\" title=\"Las mandalas son fabricadas por Vanessa Tuy, con su creatividad. (Foto: Captura de pantalla) \u2013 SoyMigrante.com REVISTA\" \/>\t\t\t\t\t\t\t\t<\/a>\n\t\t\t\t\t\t\t\t\t\t\t<figcaption class=\"widget-image-caption wp-caption-text\">Las mandalas son fabricadas por Vanessa Tuy, con su creatividad. (Foto: Captura de pantalla)<\/figcaption>\n\t\t\t\t\t\t\t\t\t\t<\/figure>\n\t\t\t\t\t\t\t\t\t<\/div>\n\t\t\t\t\t<\/div>\n\t\t\t\t<\/div>\n\t\t<div data-particle_enable=\"false\" data-particle-mobile-disabled=\"false\" class=\"elementor-element elementor-element-00be969 e-flex e-con-boxed e-con e-parent\" data-id=\"00be969\" data-element_type=\"container\" data-e-type=\"container\">\n\t\t\t\t\t<div class=\"e-con-inner\">\n\t\t\t\t<div class=\"elementor-element elementor-element-57ffc95 elementor-widget elementor-widget-heading\" data-id=\"57ffc95\" data-element_type=\"widget\" data-e-type=\"widget\" data-widget_type=\"heading.default\">\n\t\t\t\t\t<h3 class=\"elementor-heading-title elementor-size-default\">Las mandalas: un giro inesperado durante la pandemia<\/h3>\t\t\t\t<\/div>\n\t\t\t\t\t<\/div>\n\t\t\t\t<\/div>\n\t\t<div data-particle_enable=\"false\" data-particle-mobile-disabled=\"false\" class=\"elementor-element elementor-element-1a2e22c e-flex e-con-boxed e-con e-parent\" data-id=\"1a2e22c\" data-element_type=\"container\" data-e-type=\"container\">\n\t\t\t\t\t<div class=\"e-con-inner\">\n\t\t\t\t<div class=\"elementor-element elementor-element-c8070a8 elementor-widget elementor-widget-text-editor\" data-id=\"c8070a8\" data-element_type=\"widget\" data-e-type=\"widget\" data-widget_type=\"text-editor.default\">\n\t\t\t\t\t\t\t\t\t<p>Durante la pandemia, Vanessa perdi\u00f3 uno de sus dos trabajos. Afectada emocional y econ\u00f3micamente, navegaba por redes sociales cuando encontr\u00f3 una publicaci\u00f3n sobre un encuentro de mandalas. Aunque en un inicio no sab\u00eda ni el precio ni los detalles, se arriesg\u00f3 a asistir virtualmente. Esa decisi\u00f3n marc\u00f3 un antes y un despu\u00e9s.<\/p><p>\u201c<em>Fue un regalo. El encuentro fue de una semana, conoc\u00ed a mi primer maestro de mandalas, el argentino Pablo Franco, a quien todos llamamos Pablito<\/em>\u201d, recuerda con emoci\u00f3n. Entre l\u00e1grimas, afirma que esa experiencia fue como una respuesta a todas las preguntas que se hac\u00eda desde ni\u00f1a.<\/p><p>A trav\u00e9s del arte de las mandalas, no solo encontr\u00f3 un medio para expresarse, sino tambi\u00e9n una forma de sanar f\u00edsica y emocionalmente. Problemas de espalda derivados del teletrabajo comenzaron a mejorar, y tambi\u00e9n encontr\u00f3 un nuevo camino econ\u00f3mico:<a href=\"https:\/\/soymigrante.com\/mercado\/marketplace\/seller\/profile\/azultuy\" target=\"_blank\" rel=\"noopener\"> empez\u00f3 a vender sus mandalas y a ofrecer cursos en l\u00ednea para ense\u00f1ar a otras personas.<\/a><\/p>\t\t\t\t\t\t\t\t<\/div>\n\t\t\t\t\t<\/div>\n\t\t\t\t<\/div>\n\t\t<div data-particle_enable=\"false\" data-particle-mobile-disabled=\"false\" class=\"elementor-element elementor-element-4c9a214 e-flex e-con-boxed e-con e-parent\" data-id=\"4c9a214\" data-element_type=\"container\" data-e-type=\"container\">\n\t\t\t\t\t<div class=\"e-con-inner\">\n\t\t\t\t<div class=\"elementor-element elementor-element-8bd3621 elementor-widget elementor-widget-image\" data-id=\"8bd3621\" data-element_type=\"widget\" data-e-type=\"widget\" data-widget_type=\"image.default\">\n\t\t\t\t\t\t\t\t\t\t\t\t<figure class=\"wp-caption\">\n\t\t\t\t\t\t\t\t\t\t\t<a href=\"https:\/\/soymigrante.com\/mercado\/marketplace\/seller\/profile\/azultuy\">\n\t\t\t\t\t\t\t<img loading=\"lazy\" decoding=\"async\" width=\"768\" height=\"432\" src=\"https:\/\/soymigrante.com\/revista\/wp-content\/uploads\/2025\/08\/Vanessa-Tuy-y-su-arte-sanador-7-1024x576.jpeg\" class=\"attachment-large size-large wp-image-41551\" alt=\"Tejido y manualidades en grupo, actividades culturales para inmigrantes en M\u00e9xico, promoci\u00f3n de integraci\u00f3n y aprendizaje art\u00edstico, taller comunitario, diversidad cultural, mujeres y ni\u00f1os participando en artesan\u00edas.\" srcset=\"https:\/\/soymigrante.com\/revista\/wp-content\/uploads\/2025\/08\/Vanessa-Tuy-y-su-arte-sanador-7-1024x576.jpeg 1024w, https:\/\/soymigrante.com\/revista\/wp-content\/uploads\/2025\/08\/Vanessa-Tuy-y-su-arte-sanador-7-300x169.jpeg 300w, https:\/\/soymigrante.com\/revista\/wp-content\/uploads\/2025\/08\/Vanessa-Tuy-y-su-arte-sanador-7-768x432.jpeg 768w, https:\/\/soymigrante.com\/revista\/wp-content\/uploads\/2025\/08\/Vanessa-Tuy-y-su-arte-sanador-7-750x422.webp 750w, https:\/\/soymigrante.com\/revista\/wp-content\/uploads\/2025\/08\/Vanessa-Tuy-y-su-arte-sanador-7-1140x641.webp 1140w, https:\/\/soymigrante.com\/revista\/wp-content\/uploads\/2025\/08\/Vanessa-Tuy-y-su-arte-sanador-7.webp 1280w\" sizes=\"(max-width: 768px) 100vw, 768px\" title=\"Vanessa da cursos a personas para hacer mandalas. (Foto: Cortes\u00eda) \u2013 SoyMigrante.com REVISTA\" \/>\t\t\t\t\t\t\t\t<\/a>\n\t\t\t\t\t\t\t\t\t\t\t<figcaption class=\"widget-image-caption wp-caption-text\">Taller de manualidades y tejido en comunidad, promoviendo la inclusi\u00f3n y el arte entre migrantes y tejedoras locales en un entorno educativo y cultural.<\/figcaption>\n\t\t\t\t\t\t\t\t\t\t<\/figure>\n\t\t\t\t\t\t\t\t\t<\/div>\n\t\t\t\t\t<\/div>\n\t\t\t\t<\/div>\n\t\t<div data-particle_enable=\"false\" data-particle-mobile-disabled=\"false\" class=\"elementor-element elementor-element-3f39a51 e-flex e-con-boxed e-con e-parent\" data-id=\"3f39a51\" data-element_type=\"container\" data-e-type=\"container\">\n\t\t\t\t\t<div class=\"e-con-inner\">\n\t\t\t\t<div class=\"elementor-element elementor-element-c2cae9f elementor-widget elementor-widget-heading\" data-id=\"c2cae9f\" data-element_type=\"widget\" data-e-type=\"widget\" data-widget_type=\"heading.default\">\n\t\t\t\t\t<h3 class=\"elementor-heading-title elementor-size-default\">Azul Tuy: arte, sanaci\u00f3n y ense\u00f1anza<\/h3>\t\t\t\t<\/div>\n\t\t\t\t\t<\/div>\n\t\t\t\t<\/div>\n\t\t<div data-particle_enable=\"false\" data-particle-mobile-disabled=\"false\" class=\"elementor-element elementor-element-cf54f75 e-flex e-con-boxed e-con e-parent\" data-id=\"cf54f75\" data-element_type=\"container\" data-e-type=\"container\">\n\t\t\t\t\t<div class=\"e-con-inner\">\n\t\t\t\t<div class=\"elementor-element elementor-element-28355c7 elementor-widget elementor-widget-text-editor\" data-id=\"28355c7\" data-element_type=\"widget\" data-e-type=\"widget\" data-widget_type=\"text-editor.default\">\n\t\t\t\t\t\t\t\t\t<p>As\u00ed naci\u00f3 <a href=\"https:\/\/soymigrante.com\/mercado\/marketplace\/seller\/profile\/azultuy\" target=\"_blank\" rel=\"noopener\">Azul Tuy<\/a>, un emprendimiento que combina terapia, arte y ense\u00f1anza. \u201c<em>Para m\u00ed, m\u00e1s que un simple trabajo, es una oportunidad de encontrarme a m\u00ed misma. Hacer mandalas me sirve para descansar el alma y la mente<\/em>\u201d, explica Vanessa, quien este a\u00f1o cumple 50 a\u00f1os.<\/p><p>Su empresa no solo le ha permitido tener ingresos extra, sino tambi\u00e9n compartir el conocimiento con otras personas que buscan sanar o emprender. \u201cEl beneficio de la ense\u00f1anza es lo que m\u00e1s me gusta. Ganar dinero est\u00e1 bien, pero ayudar a los dem\u00e1s a sanar es lo m\u00e1s valioso para m\u00ed\u201d.<\/p><p>Vanessa reconoce que el arte en Guatemala tiene sus retos, especialmente a nivel econ\u00f3mico, pero la satisfacci\u00f3n personal compensa las dificultades. \u201cHa sido un proceso darme cuenta de todo lo que he superado, de las oportunidades que antes no tuve y ahora han llegado\u201d.<\/p><p>Hoy, desde su tienda<a href=\"https:\/\/soymigrante.com\/mercado\/marketplace\/seller\/profile\/azultuy\" target=\"_blank\" rel=\"noopener\"> Azul Tuy en Mercado<\/a>, Vanessa comparte mandalas hechos con el alma, acompa\u00f1ados de historias y emociones que conectan con quienes buscan algo m\u00e1s que una pieza decorativa: buscan paz, identidad y esperanza.<\/p>\t\t\t\t\t\t\t\t<\/div>\n\t\t\t\t\t<\/div>\n\t\t\t\t<\/div>\n\t\t<div data-particle_enable=\"false\" data-particle-mobile-disabled=\"false\" class=\"elementor-element elementor-element-0faaafe e-flex e-con-boxed e-con e-parent\" data-id=\"0faaafe\" data-element_type=\"container\" data-e-type=\"container\">\n\t\t\t\t\t<div class=\"e-con-inner\">\n\t\t\t\t<div class=\"elementor-element elementor-element-3a16274 elementor-widget elementor-widget-image\" data-id=\"3a16274\" data-element_type=\"widget\" data-e-type=\"widget\" data-widget_type=\"image.default\">\n\t\t\t\t\t\t\t\t\t\t\t\t<figure class=\"wp-caption\">\n\t\t\t\t\t\t\t\t\t\t\t<a href=\"https:\/\/soymigrante.com\/mercado\/marketplace\/seller\/profile\/azultuy\">\n\t\t\t\t\t\t\t<img loading=\"lazy\" decoding=\"async\" width=\"576\" height=\"1024\" src=\"https:\/\/soymigrante.com\/revista\/wp-content\/uploads\/2025\/08\/Vanessa-Tuy-y-su-arte-sanador3-576x1024.jpeg\" class=\"attachment-large size-large wp-image-41552\" alt=\"Colgante decorativo de Navidad con diversos colores y formas geom\u00e9tricas en forma de estrellas y cuadrados, elaborado con filamentos de colores y pompones, ideal para adornar en festividades.\" srcset=\"https:\/\/soymigrante.com\/revista\/wp-content\/uploads\/2025\/08\/Vanessa-Tuy-y-su-arte-sanador3-576x1024.jpeg 576w, https:\/\/soymigrante.com\/revista\/wp-content\/uploads\/2025\/08\/Vanessa-Tuy-y-su-arte-sanador3-169x300.jpeg 169w, https:\/\/soymigrante.com\/revista\/wp-content\/uploads\/2025\/08\/Vanessa-Tuy-y-su-arte-sanador3.webp 719w\" sizes=\"(max-width: 576px) 100vw, 576px\" title=\"Las mandalas son decorativas, pero tambi\u00e9n son una alternativa a terapia. (Foto: Cortes\u00eda) \u2013 SoyMigrante.com REVISTA\" \/>\t\t\t\t\t\t\t\t<\/a>\n\t\t\t\t\t\t\t\t\t\t\t<figcaption class=\"widget-image-caption wp-caption-text\">Decoraci\u00f3n navide\u00f1a colorida y moderna con colgantes de pompones y formas geom\u00e9tricas en colores vibrantes, perfecto para ambientes festivos y celebraciones de fin de a\u00f1o.<\/figcaption>\n\t\t\t\t\t\t\t\t\t\t<\/figure>\n\t\t\t\t\t\t\t\t\t<\/div>\n\t\t\t\t\t<\/div>\n\t\t\t\t<\/div>\n\t\t<div data-particle_enable=\"false\" data-particle-mobile-disabled=\"false\" class=\"elementor-element elementor-element-f24658f e-flex e-con-boxed e-con e-parent\" data-id=\"f24658f\" data-element_type=\"container\" data-e-type=\"container\">\n\t\t\t\t\t<div class=\"e-con-inner\">\n\t\t\t\t<div class=\"elementor-element elementor-element-9d80440 elementor-widget elementor-widget-heading\" data-id=\"9d80440\" data-element_type=\"widget\" data-e-type=\"widget\" data-widget_type=\"heading.default\">\n\t\t\t\t\t<h2 class=\"elementor-heading-title elementor-size-default\">Conoce de otros emprendedores, ac\u00e1...<\/h2>\t\t\t\t<\/div>\n\t\t\t\t\t<\/div>\n\t\t\t\t<\/div>\n\t\t<div data-particle_enable=\"false\" data-particle-mobile-disabled=\"false\" class=\"elementor-element elementor-element-64a43c9 e-flex e-con-boxed e-con e-parent\" data-id=\"64a43c9\" data-element_type=\"container\" data-e-type=\"container\">\n\t\t\t\t\t<div class=\"e-con-inner\">\n\t\t\t\t<div class=\"elementor-element elementor-element-096062c elementor-grid-eael-col-3 elementor-grid-tablet-eael-col-2 elementor-grid-mobile-eael-col-1 elementor-invisible elementor-widget elementor-widget-eael-post-grid\" data-id=\"096062c\" data-element_type=\"widget\" data-e-type=\"widget\" data-settings=\"{&quot;eael_post_grid_columns&quot;:&quot;eael-col-3&quot;,&quot;_animation&quot;:&quot;rollIn&quot;,&quot;eael_post_grid_columns_tablet&quot;:&quot;eael-col-2&quot;,&quot;eael_post_grid_columns_mobile&quot;:&quot;eael-col-1&quot;}\" data-widget_type=\"eael-post-grid.default\">\n\t\t\t\t\t<div id=\"eael-post-grid-096062c\" class=\"eael-post-grid-container\">\n            <div class=\"eael-post-grid eael-post-appender eael-post-appender-096062c eael-post-grid-style-one\" data-layout-mode=\"masonry\"><article class=\"eael-grid-post  eael-post-grid-column eael-pg-post-40956 category-guate-nuestra tags-mercado-emprendedores\" data-id=\"40956\">\n        <div class=\"eael-grid-post-holder\">\n            <div class=\"eael-grid-post-holder-inner\"><div class=\"eael-entry-media\"><div class=\"eael-entry-overlay fade-in\"><i class=\"far fa-hand-pointer\" aria-hidden=\"true\"><\/i><a href=\"https:\/\/soymigrante.com\/revista\/los-increibles-paisajes-de-alex-aguilar-artista-de-san-marcos-ya-estan-en-mercado\/\"><\/a><\/div><div class=\"eael-entry-thumbnail \">\n                <img loading=\"lazy\" decoding=\"async\" width=\"616\" height=\"616\" src=\"https:\/\/soymigrante.com\/revista\/wp-content\/uploads\/2025\/08\/alex-aguilar-pintor-mercado.webp\" class=\"attachment-large size-large wp-image-41077\" alt=\"Paisaje pintado de monta\u00f1as, r\u00edo y naturaleza con persona observando mural art\u00edstico en la revista SoyMigrante.com.\" srcset=\"https:\/\/soymigrante.com\/revista\/wp-content\/uploads\/2025\/08\/alex-aguilar-pintor-mercado.webp 616w, https:\/\/soymigrante.com\/revista\/wp-content\/uploads\/2025\/08\/alex-aguilar-pintor-mercado-300x300.png 300w, https:\/\/soymigrante.com\/revista\/wp-content\/uploads\/2025\/08\/alex-aguilar-pintor-mercado-150x150.png 150w, https:\/\/soymigrante.com\/revista\/wp-content\/uploads\/2025\/08\/alex-aguilar-pintor-mercado-75x75.webp 75w\" sizes=\"(max-width: 616px) 100vw, 616px\" \/>\n            <\/div>\n        <\/div><div class=\"eael-entry-wrapper\"><header class=\"eael-entry-header\"><h2 class=\"eael-entry-title\"><a class=\"eael-grid-post-link\" href=\"https:\/\/soymigrante.com\/revista\/los-increibles-paisajes-de-alex-aguilar-artista-de-san-marcos-ya-estan-en-mercado\/\" title=\"Los incre\u00edbles paisajes de Alex Aguilar, artista de San Marcos, ya est\u00e1n en MERCADO\">Los incre\u00edbles paisajes de Alex Aguilar, artista de San Marcos, ya est\u00e1n en MERCADO<\/a><\/h2><\/header><div class=\"eael-entry-content\">\n                        <div class=\"eael-grid-post-excerpt\"><a href=\"https:\/\/soymigrante.com\/revista\/los-increibles-paisajes-de-alex-aguilar-artista-de-san-marcos-ya-estan-en-mercado\/\" class=\"eael-post-elements-readmore-btn\">CONOCE SU HISTORIA <\/a><\/div>\n                    <\/div><\/div><\/div>\n        <\/div>\n    <\/article><article class=\"eael-grid-post  eael-post-grid-column eael-pg-post-40814 category-guate-nuestra tags-mercado-emprendedores\" data-id=\"40814\">\n        <div class=\"eael-grid-post-holder\">\n            <div class=\"eael-grid-post-holder-inner\"><div class=\"eael-entry-media\"><div class=\"eael-entry-overlay fade-in\"><i class=\"far fa-hand-pointer\" aria-hidden=\"true\"><\/i><a href=\"https:\/\/soymigrante.com\/revista\/brenda-francisco-encontro-un-camino-de-miel-y-ahora-esta-en-mercado\/\"><\/a><\/div><div class=\"eael-entry-thumbnail \">\n                <img loading=\"lazy\" decoding=\"async\" width=\"410\" height=\"669\" src=\"https:\/\/soymigrante.com\/revista\/wp-content\/uploads\/2025\/07\/WhatsApp-Image-2025-07-28-at-82945-AM.webp\" class=\"attachment-large size-large wp-image-40815\" alt=\"Botella de miel y productos artesanales en stand de feria cultural en un mercado al aire libre.\" srcset=\"https:\/\/soymigrante.com\/revista\/wp-content\/uploads\/2025\/07\/WhatsApp-Image-2025-07-28-at-82945-AM.webp 410w, https:\/\/soymigrante.com\/revista\/wp-content\/uploads\/2025\/07\/WhatsApp-Image-2025-07-28-at-82945-AM-184x300.jpeg 184w\" sizes=\"(max-width: 410px) 100vw, 410px\" \/>\n            <\/div>\n        <\/div><div class=\"eael-entry-wrapper\"><header class=\"eael-entry-header\"><h2 class=\"eael-entry-title\"><a class=\"eael-grid-post-link\" href=\"https:\/\/soymigrante.com\/revista\/brenda-francisco-encontro-un-camino-de-miel-y-ahora-esta-en-mercado\/\" title=\"Brenda Francisco encontr\u00f3 un camino de miel y ahora est\u00e1 en MERCADO\">Brenda Francisco encontr\u00f3 un camino de miel y ahora est\u00e1 en MERCADO<\/a><\/h2><\/header><div class=\"eael-entry-content\">\n                        <div class=\"eael-grid-post-excerpt\"><a href=\"https:\/\/soymigrante.com\/revista\/brenda-francisco-encontro-un-camino-de-miel-y-ahora-esta-en-mercado\/\" class=\"eael-post-elements-readmore-btn\">CONOCE SU HISTORIA <\/a><\/div>\n                    <\/div><\/div><\/div>\n        <\/div>\n    <\/article><article class=\"eael-grid-post  eael-post-grid-column eael-pg-post-40725 category-guate-nuestra tags-mercado-emprendedores\" data-id=\"40725\">\n        <div class=\"eael-grid-post-holder\">\n            <div class=\"eael-grid-post-holder-inner\"><div class=\"eael-entry-media\"><div class=\"eael-entry-overlay fade-in\"><i class=\"far fa-hand-pointer\" aria-hidden=\"true\"><\/i><a href=\"https:\/\/soymigrante.com\/revista\/mateo-baten-da-pasos-al-exito-a-traves-de-store-ae-comex-en-mercado\/\"><\/a><\/div><div class=\"eael-entry-thumbnail \">\n                <img loading=\"lazy\" decoding=\"async\" width=\"960\" height=\"958\" src=\"https:\/\/soymigrante.com\/revista\/wp-content\/uploads\/2025\/07\/480806972_509147092219057_8122839892770285748_n.webp\" class=\"attachment-large size-large wp-image-40763\" alt=\"Importaci\u00f3n A&amp;E y OMEX logo con avi\u00f3n y colores vibrantes, representando servicios de importaci\u00f3n y exportaci\u00f3n para la comunidad migrante. Dise\u00f1ado para destacar en la revista SoyMigrante.com REVISTA.\" srcset=\"https:\/\/soymigrante.com\/revista\/wp-content\/uploads\/2025\/07\/480806972_509147092219057_8122839892770285748_n.webp 960w, https:\/\/soymigrante.com\/revista\/wp-content\/uploads\/2025\/07\/480806972_509147092219057_8122839892770285748_n-300x300.jpg 300w, https:\/\/soymigrante.com\/revista\/wp-content\/uploads\/2025\/07\/480806972_509147092219057_8122839892770285748_n-150x150.jpg 150w, https:\/\/soymigrante.com\/revista\/wp-content\/uploads\/2025\/07\/480806972_509147092219057_8122839892770285748_n-768x766.jpg 768w, https:\/\/soymigrante.com\/revista\/wp-content\/uploads\/2025\/07\/480806972_509147092219057_8122839892770285748_n-75x75.webp 75w, https:\/\/soymigrante.com\/revista\/wp-content\/uploads\/2025\/07\/480806972_509147092219057_8122839892770285748_n-750x748.webp 750w\" sizes=\"(max-width: 960px) 100vw, 960px\" \/>\n            <\/div>\n        <\/div><div class=\"eael-entry-wrapper\"><header class=\"eael-entry-header\"><h2 class=\"eael-entry-title\"><a class=\"eael-grid-post-link\" href=\"https:\/\/soymigrante.com\/revista\/mateo-baten-da-pasos-al-exito-a-traves-de-store-ae-comex-en-mercado\/\" title=\"Mateo Baten da pasos al \u00e9xito a trav\u00e9s de Store A&amp;E Comex en Mercado\">Mateo Baten da pasos al \u00e9xito a trav\u00e9s de Store A&amp;E Comex en Mercado<\/a><\/h2><\/header><div class=\"eael-entry-content\">\n                        <div class=\"eael-grid-post-excerpt\"><a href=\"https:\/\/soymigrante.com\/revista\/mateo-baten-da-pasos-al-exito-a-traves-de-store-ae-comex-en-mercado\/\" class=\"eael-post-elements-readmore-btn\">CONOCE SU HISTORIA <\/a><\/div>\n                    <\/div><\/div><\/div>\n        <\/div>\n    <\/article><\/div>\n            <div class=\"clearfix\"><\/div>\n        <\/div>\t\t\t\t<\/div>\n\t\t\t\t\t<\/div>\n\t\t\t\t<\/div>\n\t\t\t\t<\/div>\n\t\t","protected":false},"excerpt":{"rendered":"<p>Vanessa Tuy es una emprendedora que ha llevado su arte a una herramienta sanadora, que ahora est\u00e1 en Mercado. La historia de Vanessa Tuy, fundadora de la empresa Azul Tuy, es un testimonio de resiliencia, creatividad y b\u00fasqueda de prop\u00f3sito. Su tienda virtual, disponible en la plataforma Mercado de SoyMigrante.com, ofrece arte terap\u00e9utico con mandalas, [&hellip;]<\/p>\n","protected":false},"author":19,"featured_media":41544,"comment_status":"open","ping_status":"open","sticky":false,"template":"","format":"standard","meta":{"_acf_changed":false,"_eb_attr":"","footnotes":""},"categories":[58],"tags":[130],"class_list":["post-41543","post","type-post","status-publish","format-standard","has-post-thumbnail","hentry","category-guate-nuestra","tag-mercado-emprendedores"],"acf":[],"aioseo_notices":[],"aioseo_head":"\n\t\t<!-- All in One SEO Pro 4.9.6.2 - aioseo.com -->\n\t<meta name=\"description\" content=\"Mateo Baten es un joven que desde la pandemia busca innovar en su tienda, Store A&amp;EComex. Ahora vende zapatos desde Huehuetenango en SoyMigrante.com MERCADO\" \/>\n\t<meta name=\"robots\" content=\"max-snippet:-1, max-image-preview:large, max-video-preview:-1\" \/>\n\t<meta name=\"author\" content=\"Marysabel Aldana\"\/>\n\t<link rel=\"canonical\" href=\"https:\/\/soymigrante.com\/revista\/mateo-baten-da-pasos-al-exito-a-traves-de-store-ae-comex-en-mercado\/\" \/>\n\t<meta name=\"generator\" content=\"All in One SEO Pro (AIOSEO) 4.9.6.2\" \/>\n\n\t\t<link rel=\"preconnect\" href=\"https:\/\/fonts.googleapis.com\" crossorigin>\n<link rel=\"preconnect\" href=\"https:\/\/fonts.gstatic.com\" crossorigin>\n\t\t<meta property=\"og:locale\" content=\"es_ES\" \/>\n\t\t<meta property=\"og:site_name\" content=\"SoyMigrante.com REVISTA \u2013 Nuestra misi\u00f3n es reconocer y dignificar al migrante.\" \/>\n\t\t<meta property=\"og:type\" content=\"article\" \/>\n\t\t<meta property=\"og:title\" content=\"Paso a paso al \u00e9xito: Mateo Baten de A&amp;E Comex en MERCADO\" \/>\n\t\t<meta property=\"og:description\" content=\"Mateo Baten es un joven que desde la pandemia busca innovar en su tienda, Store A&amp;EComex. Ahora vende zapatos desde Huehuetenango en SoyMigrante.com MERCADO\" \/>\n\t\t<meta property=\"og:url\" content=\"https:\/\/soymigrante.com\/revista\/mateo-baten-da-pasos-al-exito-a-traves-de-store-ae-comex-en-mercado\/\" \/>\n\t\t<meta property=\"og:image\" content=\"https:\/\/soymigrante.com\/revista\/wp-content\/uploads\/2025\/07\/480806972_509147092219057_8122839892770285748_n.webp\" \/>\n\t\t<meta property=\"og:image:secure_url\" content=\"https:\/\/soymigrante.com\/revista\/wp-content\/uploads\/2025\/07\/480806972_509147092219057_8122839892770285748_n.webp\" \/>\n\t\t<meta property=\"og:image:width\" content=\"960\" \/>\n\t\t<meta property=\"og:image:height\" content=\"958\" \/>\n\t\t<meta property=\"article:published_time\" content=\"2025-07-30T10:00:00+00:00\" \/>\n\t\t<meta property=\"article:modified_time\" content=\"2025-07-30T04:00:10+00:00\" \/>\n\t\t<meta property=\"article:publisher\" content=\"https:\/\/www.facebook.com\/soymigrantecom\" \/>\n\t\t<meta name=\"twitter:card\" content=\"summary_large_image\" \/>\n\t\t<meta name=\"twitter:site\" content=\"@SoyMigrante_com\" \/>\n\t\t<meta name=\"twitter:title\" content=\"Paso a paso al \u00e9xito: Mateo Baten de A&amp;E Comex en MERCADO\" \/>\n\t\t<meta name=\"twitter:description\" content=\"Mateo Baten es un joven que desde la pandemia busca innovar en su tienda, Store A&amp;EComex. Ahora vende zapatos desde Huehuetenango en SoyMigrante.com MERCADO\" \/>\n\t\t<meta name=\"twitter:creator\" content=\"@SoyMigrante_com\" \/>\n\t\t<meta name=\"twitter:image\" content=\"https:\/\/soymigrante.com\/revista\/wp-content\/uploads\/2025\/07\/480806972_509147092219057_8122839892770285748_n.webp\" \/>\n\t\t<!-- All in One SEO Pro -->\r\n\t\t<title>Paso a paso al \u00e9xito: Mateo Baten de A&amp;E Comex en MERCADO<\/title>\n\n","aioseo_head_json":{"title":"Paso a paso al \u00e9xito: Mateo Baten de A&E Comex en MERCADO","description":"Mateo Baten es un joven que desde la pandemia busca innovar en su tienda, Store A&EComex. Ahora vende zapatos desde Huehuetenango en SoyMigrante.com MERCADO","canonical_url":"https:\/\/soymigrante.com\/revista\/mateo-baten-da-pasos-al-exito-a-traves-de-store-ae-comex-en-mercado\/","robots":"max-snippet:-1, max-image-preview:large, max-video-preview:-1","keywords":"","webmasterTools":{"miscellaneous":"&lt;link rel=\"preconnect\" href=\"https:\/\/fonts.googleapis.com\" crossorigin&gt;\n&lt;link rel=\"preconnect\" href=\"https:\/\/fonts.gstatic.com\" crossorigin&gt;"},"schema":null,"og:locale":"es_ES","og:site_name":"SoyMigrante.com REVISTA \u2013 Nuestra misi\u00f3n es reconocer y dignificar al migrante.","og:type":"article","og:title":"Paso a paso al \u00e9xito: Mateo Baten de A&amp;E Comex en MERCADO","og:description":"Mateo Baten es un joven que desde la pandemia busca innovar en su tienda, Store A&amp;EComex. Ahora vende zapatos desde Huehuetenango en SoyMigrante.com MERCADO","og:url":"https:\/\/soymigrante.com\/revista\/mateo-baten-da-pasos-al-exito-a-traves-de-store-ae-comex-en-mercado\/","og:image":"https:\/\/soymigrante.com\/revista\/wp-content\/uploads\/2025\/07\/480806972_509147092219057_8122839892770285748_n.webp","og:image:secure_url":"https:\/\/soymigrante.com\/revista\/wp-content\/uploads\/2025\/07\/480806972_509147092219057_8122839892770285748_n.webp","og:image:width":960,"og:image:height":958,"article:published_time":"2025-07-30T10:00:00+00:00","article:modified_time":"2025-07-30T04:00:10+00:00","article:publisher":"https:\/\/www.facebook.com\/soymigrantecom","twitter:card":"summary_large_image","twitter:site":"@SoyMigrante_com","twitter:title":"Paso a paso al \u00e9xito: Mateo Baten de A&amp;E Comex en MERCADO","twitter:description":"Mateo Baten es un joven que desde la pandemia busca innovar en su tienda, Store A&amp;EComex. Ahora vende zapatos desde Huehuetenango en SoyMigrante.com MERCADO","twitter:creator":"@SoyMigrante_com","twitter:image":"https:\/\/soymigrante.com\/revista\/wp-content\/uploads\/2025\/07\/480806972_509147092219057_8122839892770285748_n.webp"},"aioseo_meta_data":{"post_id":"41543","title":"Los mandalas tejidos de Vanessa est\u00e1n en MERCADO","description":"En un momento cr\u00edtico, Vanessa Tuy decidi\u00f3 continuar el camino con creatividad. Empez\u00f3 a elaborar mandalas tejidos con arte y dedicaci\u00f3n. Ahora est\u00e1 en MERCADO","keywords":null,"keyphrases":{"focus":{"keyphrase":"mandalas","score":91,"analysis":{"keyphraseInTitle":{"score":9,"maxScore":9,"error":0},"keyphraseInDescription":{"score":9,"maxScore":9,"error":0},"keyphraseLength":{"score":9,"maxScore":9,"error":0,"length":1},"keyphraseInURL":{"score":5,"maxScore":5,"error":0},"keyphraseInIntroduction":{"score":9,"maxScore":9,"error":0},"keyphraseInSubHeadings":{"score":3,"maxScore":9,"error":1},"keyphraseInImageAlt":{"score":9,"maxScore":9,"error":0},"keywordDensity":{"type":"best","score":9,"maxScore":9,"error":0}}},"additional":[{"keyphrase":"Mercado","score":100,"analysis":{"keyphraseInDescription":{"score":9,"maxScore":9,"error":0},"keyphraseLength":{"score":9,"maxScore":9,"error":0,"length":1},"keyphraseInIntroduction":{"score":9,"maxScore":9,"error":0},"keyphraseInImageAlt":{"score":9,"maxScore":9,"error":0},"keywordDensity":{"type":"best","score":9,"maxScore":9,"error":0}}},{"keyphrase":"emprendimiento","score":53,"analysis":{"keyphraseInDescription":{"score":3,"maxScore":9,"error":1},"keyphraseLength":{"score":9,"maxScore":9,"error":0,"length":1},"keyphraseInIntroduction":{"score":9,"maxScore":9,"error":0},"keyphraseInImageAlt":{"score":3,"maxScore":9,"error":1},"keywordDensity":{"score":0,"type":"low","maxScore":9,"error":1}}}]},"primary_term":null,"canonical_url":null,"og_title":null,"og_description":null,"og_object_type":"default","og_image_type":"default","og_image_url":null,"og_image_width":null,"og_image_height":null,"og_image_custom_url":null,"og_image_custom_fields":null,"og_video":"","og_custom_url":null,"og_article_section":null,"og_article_tags":null,"twitter_use_og":false,"twitter_card":"default","twitter_image_type":"default","twitter_image_url":null,"twitter_image_custom_url":null,"twitter_image_custom_fields":null,"twitter_title":null,"twitter_description":null,"schema":{"blockGraphs":[],"customGraphs":[],"default":{"data":{"Article":[],"Course":[],"Dataset":[],"FAQPage":[],"Movie":[],"Person":[],"Product":[],"ProductReview":[],"Car":[],"Recipe":[],"Service":[],"SoftwareApplication":[],"WebPage":[]},"graphName":"none","isEnabled":true},"graphs":[]},"schema_type":"default","schema_type_options":null,"pillar_content":false,"robots_default":true,"robots_noindex":false,"robots_noarchive":false,"robots_nosnippet":false,"robots_nofollow":false,"robots_noimageindex":false,"robots_noodp":false,"robots_notranslate":false,"robots_max_snippet":"-1","robots_max_videopreview":"-1","robots_max_imagepreview":"large","priority":null,"frequency":"default","local_seo":null,"seo_analyzer_scan_date":"2025-10-09 07:32:33","breadcrumb_settings":null,"limit_modified_date":false,"reviewed_by":"0","open_ai":null,"ai":{"faqs":[],"keyPoints":[],"titles":[],"descriptions":[],"socialPosts":{"email":[],"linkedin":[],"twitter":[],"facebook":[],"instagram":[]}},"created":"2025-08-07 17:12:55","updated":"2026-02-05 04:08:47"},"aioseo_breadcrumb":"<div class=\"aioseo-breadcrumbs\"><span class=\"aioseo-breadcrumb\">\n\t<a href=\"https:\/\/soymigrante.com\/revista\" title=\"Home\">Home<\/a>\n<\/span><span class=\"aioseo-breadcrumb-separator\">\u00bb<\/span><span class=\"aioseo-breadcrumb\">\n\t<a href=\"https:\/\/soymigrante.com\/revista\/category\/guate-nuestra\/\" title=\"Guate Nuestra\">Guate Nuestra<\/a>\n<\/span><span class=\"aioseo-breadcrumb-separator\">\u00bb<\/span><span class=\"aioseo-breadcrumb\">\n\tVanessa Tuy y un arte terap\u00e9utico: sus mandalas tejidos est\u00e1n en MERCADO\n<\/span><\/div>","aioseo_breadcrumb_json":[{"label":"Home","link":"https:\/\/soymigrante.com\/revista"},{"label":"Guate Nuestra","link":"https:\/\/soymigrante.com\/revista\/category\/guate-nuestra\/"},{"label":"Vanessa Tuy y un arte terap\u00e9utico: sus mandalas tejidos est\u00e1n en MERCADO","link":"https:\/\/soymigrante.com\/revista\/vanessa-tuy-y-un-arte-terapeutico-sus-mandalas-tejidos-estan-en-mercado\/"}],"_links":{"self":[{"href":"https:\/\/soymigrante.com\/revista\/wp-json\/wp\/v2\/posts\/41543","targetHints":{"allow":["GET"]}}],"collection":[{"href":"https:\/\/soymigrante.com\/revista\/wp-json\/wp\/v2\/posts"}],"about":[{"href":"https:\/\/soymigrante.com\/revista\/wp-json\/wp\/v2\/types\/post"}],"author":[{"embeddable":true,"href":"https:\/\/soymigrante.com\/revista\/wp-json\/wp\/v2\/users\/19"}],"replies":[{"embeddable":true,"href":"https:\/\/soymigrante.com\/revista\/wp-json\/wp\/v2\/comments?post=41543"}],"version-history":[{"count":20,"href":"https:\/\/soymigrante.com\/revista\/wp-json\/wp\/v2\/posts\/41543\/revisions"}],"predecessor-version":[{"id":41636,"href":"https:\/\/soymigrante.com\/revista\/wp-json\/wp\/v2\/posts\/41543\/revisions\/41636"}],"wp:featuredmedia":[{"embeddable":true,"href":"https:\/\/soymigrante.com\/revista\/wp-json\/wp\/v2\/media\/41544"}],"wp:attachment":[{"href":"https:\/\/soymigrante.com\/revista\/wp-json\/wp\/v2\/media?parent=41543"}],"wp:term":[{"taxonomy":"category","embeddable":true,"href":"https:\/\/soymigrante.com\/revista\/wp-json\/wp\/v2\/categories?post=41543"},{"taxonomy":"post_tag","embeddable":true,"href":"https:\/\/soymigrante.com\/revista\/wp-json\/wp\/v2\/tags?post=41543"}],"curies":[{"name":"wp","href":"https:\/\/api.w.org\/{rel}","templated":true}]}}