{"id":41524,"date":"2025-08-07T06:46:55","date_gmt":"2025-08-07T12:46:55","guid":{"rendered":"https:\/\/soymigrante.com\/revista\/?p=41524"},"modified":"2025-08-07T06:59:46","modified_gmt":"2025-08-07T12:59:46","slug":"un-adios-a-franklin-cantautor-migrante-walter-villatoro-dedica-emotiva-despedida","status":"publish","type":"post","link":"https:\/\/soymigrante.com\/revista\/un-adios-a-franklin-cantautor-migrante-walter-villatoro-dedica-emotiva-despedida\/","title":{"rendered":"Un adi\u00f3s a Franklin: cantautor migrante Walter Villatoro dedica emotiva despedida"},"content":{"rendered":"\t\t<div data-elementor-type=\"wp-post\" data-elementor-id=\"41524\" class=\"elementor elementor-41524\" data-elementor-post-type=\"post\">\n\t\t\t\t<div data-particle_enable=\"false\" data-particle-mobile-disabled=\"false\" class=\"elementor-element elementor-element-f868430 e-flex e-con-boxed e-con e-parent\" data-id=\"f868430\" data-element_type=\"container\" data-e-type=\"container\">\n\t\t\t\t\t<div class=\"e-con-inner\">\n\t\t\t\t<div class=\"elementor-element elementor-element-f654d3f elementor-widget elementor-widget-heading\" data-id=\"f654d3f\" data-element_type=\"widget\" data-e-type=\"widget\" data-widget_type=\"heading.default\">\n\t\t\t\t\t<h2 class=\"elementor-heading-title elementor-size-default\"><a href=\"https:\/\/soymigrante.com\/revista\/walter-villatoro-mariachi-migrante-guatemalteco\/\">\"\u00c9ramos una familia feliz\". As\u00ed comienza el mensaje del cantautor guatemalteco Walter Villatoro, radicado en San Diego, para despedir a Franklin Quintanilla, joven guatemalteco a quien recibi\u00f3 en su familia como un hijo.<\/a><\/h2>\t\t\t\t<\/div>\n\t\t\t\t\t<\/div>\n\t\t\t\t<\/div>\n\t\t<div data-particle_enable=\"false\" data-particle-mobile-disabled=\"false\" class=\"elementor-element elementor-element-af39da8 e-flex e-con-boxed e-con e-parent\" data-id=\"af39da8\" data-element_type=\"container\" data-e-type=\"container\">\n\t\t\t\t\t<div class=\"e-con-inner\">\n\t\t\t\t<div class=\"elementor-element elementor-element-76a12d2 elementor-widget elementor-widget-text-editor\" data-id=\"76a12d2\" data-element_type=\"widget\" data-e-type=\"widget\" data-widget_type=\"text-editor.default\">\n\t\t\t\t\t\t\t\t\t<p><b>Por <a href=\"https:\/\/soymigrante.com\/revista\/walter-villatoro-mariachi-migrante-guatemalteco\/\">Walter Villatoro<\/a>, cantautor y cineasta migrante guatemalteco\u00a0 radicado en San Diego, California<\/b><\/p>\t\t\t\t\t\t\t\t<\/div>\n\t\t\t\t\t<\/div>\n\t\t\t\t<\/div>\n\t\t<div data-particle_enable=\"false\" data-particle-mobile-disabled=\"false\" class=\"elementor-element elementor-element-57457ed e-flex e-con-boxed e-con e-parent\" data-id=\"57457ed\" data-element_type=\"container\" data-e-type=\"container\">\n\t\t\t\t\t<div class=\"e-con-inner\">\n\t\t\t\t<div class=\"elementor-element elementor-element-3a80d08 elementor-widget elementor-widget-text-editor\" data-id=\"3a80d08\" data-element_type=\"widget\" data-e-type=\"widget\" data-widget_type=\"text-editor.default\">\n\t\t\t\t\t\t\t\t\t<p>\u00c9ramos una familia feliz.\u00a0 Hace no muchos a\u00f1os, cuando Anthony, mi <a href=\"https:\/\/soymigrante.com\/revista\/como-brindar-seguridad-a-nuestros-hijos-claves-desde-la-psicologia\/\">hijo<\/a> era un ni\u00f1o, sol\u00eda jugar con sus vecinos, era pura alegr\u00eda todo el d\u00eda. De pronto se uni\u00f3 a ellos otro ni\u00f1o vecino.\u00a0<\/p><p>Viv\u00eda a algunos cuantos metros de distancia de nuestra casa en Coatepeque.\u00a0 Llegaba todos los d\u00edas a jugar, su nombre: Franklin Quintanilla. De inmediato, con humor infantil, de inmediato lo bautizaron con el apodo de &#8220;Picoro&#8221;. A la hora de la comida, era para nosotros alegr\u00eda verlo comer a la par de Anthony. Pero\u00a0al pap\u00e1 de Franklin -a quien llamaban el Negro-\u00a0 un muchacho de pocas palabras, no le gustaba que su hijo saliera. Y seg\u00fan contaba Franklin, siempre lo recib\u00eda con golpes.<\/p><p>Pasaron los d\u00edas.De pronto corri\u00f3 con la noticia que le hab\u00edan quitado la vida al Negro,\u00a0 all\u00e1 frente a una iglesia. Franklin, ya no volvi\u00f3 a su casa y su mam\u00e1 le dio la libertad de crecer con nosotros. Fue as\u00ed,\u00a0 como Picoro, se hizo un miembro mas de la familia Villatoro. Sigui\u00f3 creciendo hasta hacerse un jovencito. Yo como siempre viviendo y trabajando <a href=\"https:\/\/soymigrante.com\/revista\/walter-villatoro-mariachi-migrante-guatemalteco\/\">entre Estados Unidos y Guatemala.<\/a><\/p><p>Por no tener mi apellido, no lo pude traer legalmente a \u00e9ste pa\u00eds del norte y cuando ya me dispon\u00eda a traerlo de otra manera,\u00a0 me habl\u00f3 mi hermano Hever. Me dijo que lo necesitaba en Atlanta Georgia y fue as\u00ed como Franklin lleg\u00f3 a Atlanta.\u00a0<\/p>\t\t\t\t\t\t\t\t<\/div>\n\t\t\t\t\t<\/div>\n\t\t\t\t<\/div>\n\t\t<div data-particle_enable=\"false\" data-particle-mobile-disabled=\"false\" class=\"elementor-element elementor-element-ee8b0eb e-flex e-con-boxed e-con e-parent\" data-id=\"ee8b0eb\" data-element_type=\"container\" data-e-type=\"container\">\n\t\t\t\t\t<div class=\"e-con-inner\">\n\t\t\t\t<div class=\"elementor-element elementor-element-a890ad6 elementor-widget elementor-widget-image\" data-id=\"a890ad6\" data-element_type=\"widget\" data-e-type=\"widget\" data-widget_type=\"image.default\">\n\t\t\t\t\t\t\t\t\t\t\t\t<figure class=\"wp-caption\">\n\t\t\t\t\t\t\t\t\t\t<img fetchpriority=\"high\" decoding=\"async\" width=\"768\" height=\"768\" src=\"https:\/\/soymigrante.com\/revista\/wp-content\/uploads\/2025\/08\/walter-villatoro-con-franklin-1-1024x1024.jpg\" class=\"attachment-large size-large wp-image-41530\" alt=\"Vigilantes de la frontera entre M\u00e9xico y Estados Unidos en una zona con cerca y muro fronterizo, reflejando temas de migraci\u00f3n, protecci\u00f3n fronteriza y derechos de los migrantes en la revista SoyMigrante.com REVISTA.\" srcset=\"https:\/\/soymigrante.com\/revista\/wp-content\/uploads\/2025\/08\/walter-villatoro-con-franklin-1-1024x1024.jpg 1024w, https:\/\/soymigrante.com\/revista\/wp-content\/uploads\/2025\/08\/walter-villatoro-con-franklin-1-300x300.jpg 300w, https:\/\/soymigrante.com\/revista\/wp-content\/uploads\/2025\/08\/walter-villatoro-con-franklin-1-150x150.jpg 150w, https:\/\/soymigrante.com\/revista\/wp-content\/uploads\/2025\/08\/walter-villatoro-con-franklin-1-768x768.jpg 768w, https:\/\/soymigrante.com\/revista\/wp-content\/uploads\/2025\/08\/walter-villatoro-con-franklin-1-75x75.webp 75w, https:\/\/soymigrante.com\/revista\/wp-content\/uploads\/2025\/08\/walter-villatoro-con-franklin-1-750x750.webp 750w, https:\/\/soymigrante.com\/revista\/wp-content\/uploads\/2025\/08\/walter-villatoro-con-franklin-1-1140x1140.webp 1140w, https:\/\/soymigrante.com\/revista\/wp-content\/uploads\/2025\/08\/walter-villatoro-con-franklin-1.webp 1536w\" sizes=\"(max-width: 768px) 100vw, 768px\" title=\"El cantautor y cineasta migrante Walter Villatoro junto a Franklin Quintanilla, a quien pr\u00e1cticamente adopt\u00f3 como a un hijo. Franklin quer\u00eda ir a conocer el muro fronterizo entre USA y M\u00e9xico. (Foto cortes\u00eda Walter Villatoro) \u2013 SoyMigrante.com REVISTA\" \/>\t\t\t\t\t\t\t\t\t\t\t<figcaption class=\"widget-image-caption wp-caption-text\">Seguridad fronteriza y migraci\u00f3n en la frontera entre M\u00e9xico y EE.UU. con una cerca met\u00e1lica y muro, en un contexto de protecci\u00f3n y derechos migratorios, ilustrando contenido de SoyMigrante.com REVISTA.<\/figcaption>\n\t\t\t\t\t\t\t\t\t\t<\/figure>\n\t\t\t\t\t\t\t\t\t<\/div>\n\t\t\t\t\t<\/div>\n\t\t\t\t<\/div>\n\t\t<div data-particle_enable=\"false\" data-particle-mobile-disabled=\"false\" class=\"elementor-element elementor-element-5209e60 e-flex e-con-boxed e-con e-parent\" data-id=\"5209e60\" data-element_type=\"container\" data-e-type=\"container\">\n\t\t\t\t\t<div class=\"e-con-inner\">\n\t\t\t\t<div class=\"elementor-element elementor-element-263c8b7 elementor-widget elementor-widget-text-editor\" data-id=\"263c8b7\" data-element_type=\"widget\" data-e-type=\"widget\" data-widget_type=\"text-editor.default\">\n\t\t\t\t\t\t\t\t\t<p>Por all\u00e1 estaba muy feliz, estaba prosperando muy bonito y siempre muy agradecido con mi esposa Cristina. &#8220;Gracias a usted, soy lo que soy&#8221;, sol\u00eda decirle. &#8220;Me sirvieron sus rega\u00f1os y <a href=\"https:\/\/soymigrante.com\/revista\/como-brindar-seguridad-a-nuestros-hijos-claves-desde-la-psicologia\/\">consejos<\/a>, ya no s\u00e9 ni cuantas veces la llamaron de la escuela para darle quejas m\u00edas,\u00a0 pero gracias por haberme aguantado y ya ve, hicieron efecto sus concejos. Entre risas y recuerdos fue pasando el tiempo&#8221;.<\/p><p>De pronto Franklin enferm\u00f3.\u00a0 \u00bfQue tiene m&#8217;ijo doctor? pregunt\u00f3 Cristina. El doctor en voz baja le contest\u00f3: <a href=\"https:\/\/soymigrante.com\/revista\/desde-florida-migrantes-suman-esfuerzo-para-apoyar-lucha-contra-el-cancer-infantil-en-guatemala\/\">C\u00e1ncer<\/a>. Ella estall\u00f3 en llando, pero agarr\u00f3 valor para darle aliento. Te vas a levantar mijo le dec\u00eda y el contestaba que s\u00ed. Pero el c\u00e1ncer lo fue inmovilizado d\u00eda tras d\u00eda.\u00a0\u00a0<\/p>\t\t\t\t\t\t\t\t<\/div>\n\t\t\t\t\t<\/div>\n\t\t\t\t<\/div>\n\t\t<div data-particle_enable=\"false\" data-particle-mobile-disabled=\"false\" class=\"elementor-element elementor-element-01b6148 e-flex e-con-boxed e-con e-parent\" data-id=\"01b6148\" data-element_type=\"container\" data-e-type=\"container\">\n\t\t\t\t\t<div class=\"e-con-inner\">\n\t\t\t\t<div class=\"elementor-element elementor-element-1a65966 elementor-widget elementor-widget-image\" data-id=\"1a65966\" data-element_type=\"widget\" data-e-type=\"widget\" data-widget_type=\"image.default\">\n\t\t\t\t\t\t\t\t\t\t\t\t<figure class=\"wp-caption\">\n\t\t\t\t\t\t\t\t\t\t<img decoding=\"async\" width=\"720\" height=\"384\" src=\"https:\/\/soymigrante.com\/revista\/wp-content\/uploads\/2025\/08\/walter-villatoro-cantautor.webp\" class=\"attachment-large size-large wp-image-41531\" alt=\"Disfrutando una comida en familia en un restaurante, en un ambiente acogedor y amistoso, promoviendo la cultura hispana y la importancia de la comunidad en el contexto de migraci\u00f3n y vida en el extranjero.\" srcset=\"https:\/\/soymigrante.com\/revista\/wp-content\/uploads\/2025\/08\/walter-villatoro-cantautor.webp 720w, https:\/\/soymigrante.com\/revista\/wp-content\/uploads\/2025\/08\/walter-villatoro-cantautor-300x160.jpg 300w\" sizes=\"(max-width: 720px) 100vw, 720px\" title=\"Foto para la memoria: Franklin Quintanilla, al fondo, compartiendo con el cantautor Walter Villatoro, su esposa Cristina y su hijo Anthony. \u2013 SoyMigrante.com REVISTA\" \/>\t\t\t\t\t\t\t\t\t\t\t<figcaption class=\"widget-image-caption wp-caption-text\">Cena familiar en restaurante mexicano, mostrando la uni\u00f3n y cultura hispana, con platos tradicionales y ambiente c\u00e1lido, en un contexto de migraci\u00f3n y comunidad.<\/figcaption>\n\t\t\t\t\t\t\t\t\t\t<\/figure>\n\t\t\t\t\t\t\t\t\t<\/div>\n\t\t\t\t\t<\/div>\n\t\t\t\t<\/div>\n\t\t<div data-particle_enable=\"false\" data-particle-mobile-disabled=\"false\" class=\"elementor-element elementor-element-a1c9fe5 e-flex e-con-boxed e-con e-parent\" data-id=\"a1c9fe5\" data-element_type=\"container\" data-e-type=\"container\">\n\t\t\t\t\t<div class=\"e-con-inner\">\n\t\t\t\t<div class=\"elementor-element elementor-element-e5c7686 elementor-widget elementor-widget-text-editor\" data-id=\"e5c7686\" data-element_type=\"widget\" data-e-type=\"widget\" data-widget_type=\"text-editor.default\">\n\t\t\t\t\t\t\t\t\t<p>Cristina le tomaba la mano y le dec\u00eda,&nbsp; si me estas escuchando,&nbsp; apri\u00e9tame la mano, pero Franklin ya no respondi\u00f3. Cristina le animaba diciendo: M&#8217;ijo no me podes dejar sola, dijiste que me ibas a cuidar cuando fuera ancianita&#8221;.&nbsp;<\/p>\n<p><a href=\"https:\/\/soymigrante.com\/revista\/el-duelo-a-la-distancia-cuando-los-papeles-migratorios-separan-a-los-enfermos\/\">Falleci\u00f3<\/a> Picoro y yo en lo personal te digo: \u00a1Gracias por todo m&#8217;ijo, nos dejaste llorando a Anthony,&nbsp; Vanessa,&nbsp; Cristina y ya mi. Ya voy para <a href=\"https:\/\/soymigrante.com\/revista\/migrante-guatemalteca-apoya-a-compatriotas-en-tennessee\/\">Tennessee<\/a> otra vez, pero esta vez ya no vas a ir con migo y ya no me vas ayudar a manejar.&nbsp; Te quiero mucho papi. Me dejaste bonitos recuerdos por ejemplo esta foto de los 15 a\u00f1os de Vanesa, que est\u00e1 al centro; Cristina y atr\u00e1s de ella, Anthony. Y all\u00ed cerca de m\u00ed, est\u00e1s t\u00fa y se que siempre estar\u00e1s con nosotros.&nbsp; Hasta pronto m&#8217;ijo.<\/p>\t\t\t\t\t\t\t\t<\/div>\n\t\t\t\t\t<\/div>\n\t\t\t\t<\/div>\n\t\t<div data-particle_enable=\"false\" data-particle-mobile-disabled=\"false\" class=\"elementor-element elementor-element-5efa654 e-flex e-con-boxed e-con e-parent\" data-id=\"5efa654\" data-element_type=\"container\" data-e-type=\"container\">\n\t\t\t\t\t<div class=\"e-con-inner\">\n\t\t\t\t<div class=\"elementor-element elementor-element-611aef3 elementor-widget elementor-widget-image\" data-id=\"611aef3\" data-element_type=\"widget\" data-e-type=\"widget\" data-widget_type=\"image.default\">\n\t\t\t\t\t\t\t\t\t\t\t\t<figure class=\"wp-caption\">\n\t\t\t\t\t\t\t\t\t\t<img decoding=\"async\" width=\"768\" height=\"511\" src=\"https:\/\/soymigrante.com\/revista\/wp-content\/uploads\/2025\/08\/franklin-walter-villatoro-1024x681.jpg\" class=\"attachment-large size-large wp-image-41532\" alt=\"Boda de ensue\u00f1o con familia orgullosa en celebraci\u00f3n especial, destacando la importancia de la comunidad y los valores familiares en la cultura migrante mexicana.\" srcset=\"https:\/\/soymigrante.com\/revista\/wp-content\/uploads\/2025\/08\/franklin-walter-villatoro-1024x681.jpg 1024w, https:\/\/soymigrante.com\/revista\/wp-content\/uploads\/2025\/08\/franklin-walter-villatoro-300x200.jpg 300w, https:\/\/soymigrante.com\/revista\/wp-content\/uploads\/2025\/08\/franklin-walter-villatoro-768x511.jpg 768w, https:\/\/soymigrante.com\/revista\/wp-content\/uploads\/2025\/08\/franklin-walter-villatoro-750x499.jpg 750w, https:\/\/soymigrante.com\/revista\/wp-content\/uploads\/2025\/08\/franklin-walter-villatoro.webp 1066w\" sizes=\"(max-width: 768px) 100vw, 768px\" title=\"Foto familiar en  los 15 a\u00f1os de Vanessa Villatoro, junto a Walter, Cristina y Anthony Villatoro. De corbat\u00edn, sonriente, Franklin, a quien el cantautor dedica estas palabras de adi\u00f3s. \u2013 SoyMigrante.com REVISTA\" \/>\t\t\t\t\t\t\t\t\t\t\t<figcaption class=\"widget-image-caption wp-caption-text\">Familia mexicana en celebraci\u00f3n de boda, resaltando tradiciones y uni\u00f3n familiar, ideal para informes sobre inmigraci\u00f3n y cultura en SoyMigrante.com Revista.<\/figcaption>\n\t\t\t\t\t\t\t\t\t\t<\/figure>\n\t\t\t\t\t\t\t\t\t<\/div>\n\t\t\t\t\t<\/div>\n\t\t\t\t<\/div>\n\t\t<div data-particle_enable=\"false\" data-particle-mobile-disabled=\"false\" class=\"elementor-element elementor-element-c62ff7d e-flex e-con-boxed e-con e-parent\" data-id=\"c62ff7d\" data-element_type=\"container\" data-e-type=\"container\">\n\t\t\t\t\t<div class=\"e-con-inner\">\n\t\t\t\t<div class=\"elementor-element elementor-element-fe49759 elementor-grid-eael-col-3 elementor-grid-tablet-eael-col-2 elementor-grid-mobile-eael-col-1 elementor-invisible elementor-widget elementor-widget-eael-post-grid\" data-id=\"fe49759\" data-element_type=\"widget\" data-e-type=\"widget\" data-settings=\"{&quot;eael_post_grid_columns&quot;:&quot;eael-col-3&quot;,&quot;_animation&quot;:&quot;rollIn&quot;,&quot;eael_post_grid_columns_tablet&quot;:&quot;eael-col-2&quot;,&quot;eael_post_grid_columns_mobile&quot;:&quot;eael-col-1&quot;}\" data-widget_type=\"eael-post-grid.default\">\n\t\t\t\t\t<div id=\"eael-post-grid-fe49759\" class=\"eael-post-grid-container\">\n            <div class=\"eael-post-grid eael-post-appender eael-post-appender-fe49759 eael-post-grid-style-one\" data-layout-mode=\"masonry\"><article class=\"eael-grid-post  eael-post-grid-column eael-pg-post-5630 category-estamos-unidos\" data-id=\"5630\">\n        <div class=\"eael-grid-post-holder\">\n            <div class=\"eael-grid-post-holder-inner\"><div class=\"eael-entry-media\"><div class=\"eael-entry-overlay fade-in\"><i class=\"far fa-hand-pointer\" aria-hidden=\"true\"><\/i><a href=\"https:\/\/soymigrante.com\/revista\/migrante-y-actor-walter-villatoro-estrena-pelicula-gratuita-en-linea\/\"><\/a><\/div><div class=\"eael-entry-thumbnail \">\n                <img loading=\"lazy\" decoding=\"async\" width=\"723\" height=\"752\" src=\"https:\/\/soymigrante.com\/revista\/wp-content\/uploads\/2024\/03\/Captura-de-pantalla-2024-03-26-171145.webp\" class=\"attachment-large size-large wp-image-5631\" alt=\"Poster de la cinta Amigos y Traiciones del guatemalteco Walter Villatoro\" srcset=\"https:\/\/soymigrante.com\/revista\/wp-content\/uploads\/2024\/03\/Captura-de-pantalla-2024-03-26-171145.webp 723w, https:\/\/soymigrante.com\/revista\/wp-content\/uploads\/2024\/03\/Captura-de-pantalla-2024-03-26-171145-288x300.webp 288w\" sizes=\"(max-width: 723px) 100vw, 723px\" \/>\n            <\/div>\n        <\/div><div class=\"eael-entry-wrapper\"><header class=\"eael-entry-header\"><h2 class=\"eael-entry-title\"><a class=\"eael-grid-post-link\" href=\"https:\/\/soymigrante.com\/revista\/migrante-y-actor-walter-villatoro-estrena-pelicula-gratuita-en-linea\/\" title=\"Migrante y actor Walter Villatoro estren\u00f3 en l\u00ednea y gratis su pel\u00edcula #24\">Migrante y actor Walter Villatoro estren\u00f3 en l\u00ednea y gratis su pel\u00edcula #24<\/a><\/h2><\/header><div class=\"eael-entry-content\">\n                        <div class=\"eael-grid-post-excerpt\"><a href=\"https:\/\/soymigrante.com\/revista\/migrante-y-actor-walter-villatoro-estrena-pelicula-gratuita-en-linea\/\" class=\"eael-post-elements-readmore-btn\">CONOCE M\u00c1S AQU\u00cd<\/a><\/div>\n                    <\/div><\/div><\/div>\n        <\/div>\n    <\/article><article class=\"eael-grid-post  eael-post-grid-column eael-pg-post-1870 category-exitos tags-california\" data-id=\"1870\">\n        <div class=\"eael-grid-post-holder\">\n            <div class=\"eael-grid-post-holder-inner\"><div class=\"eael-entry-media\"><div class=\"eael-entry-overlay fade-in\"><i class=\"far fa-hand-pointer\" aria-hidden=\"true\"><\/i><a href=\"https:\/\/soymigrante.com\/revista\/walter-villatoro-mariachi-migrante-guatemalteco\/\"><\/a><\/div><div class=\"eael-entry-thumbnail \">\n                <img loading=\"lazy\" decoding=\"async\" width=\"1024\" height=\"614\" src=\"https:\/\/soymigrante.com\/revista\/wp-content\/uploads\/2023\/07\/Captura-de-pantalla-2023-07-14-142215-1024x614.webp\" class=\"attachment-large size-large wp-image-1872\" alt=\"Walter Villatoro, migrante guatemalteco, cantante, compositor, productor art\u00edstico residente en San Diego, California\" srcset=\"https:\/\/soymigrante.com\/revista\/wp-content\/uploads\/2023\/07\/Captura-de-pantalla-2023-07-14-142215-1024x614.webp 1024w, https:\/\/soymigrante.com\/revista\/wp-content\/uploads\/2023\/07\/Captura-de-pantalla-2023-07-14-142215-300x180.webp 300w, https:\/\/soymigrante.com\/revista\/wp-content\/uploads\/2023\/07\/Captura-de-pantalla-2023-07-14-142215-768x460.webp 768w, https:\/\/soymigrante.com\/revista\/wp-content\/uploads\/2023\/07\/Captura-de-pantalla-2023-07-14-142215-1536x920.webp 1536w, https:\/\/soymigrante.com\/revista\/wp-content\/uploads\/2023\/07\/Captura-de-pantalla-2023-07-14-142215-750x449.webp 750w, https:\/\/soymigrante.com\/revista\/wp-content\/uploads\/2023\/07\/Captura-de-pantalla-2023-07-14-142215-1140x683.webp 1140w, https:\/\/soymigrante.com\/revista\/wp-content\/uploads\/2023\/07\/Captura-de-pantalla-2023-07-14-142215.webp 1587w\" sizes=\"(max-width: 1024px) 100vw, 1024px\" \/>\n            <\/div>\n        <\/div><div class=\"eael-entry-wrapper\"><header class=\"eael-entry-header\"><h2 class=\"eael-entry-title\"><a class=\"eael-grid-post-link\" href=\"https:\/\/soymigrante.com\/revista\/walter-villatoro-mariachi-migrante-guatemalteco\/\" title=\"Walter Villatoro: la inspiradora historia de El Mariachi Guatemalteco\">Walter Villatoro: la inspiradora historia de El Mariachi Guatemalteco<\/a><\/h2><\/header><div class=\"eael-entry-content\">\n                        <div class=\"eael-grid-post-excerpt\"><a href=\"https:\/\/soymigrante.com\/revista\/walter-villatoro-mariachi-migrante-guatemalteco\/\" class=\"eael-post-elements-readmore-btn\">CONOCE M\u00c1S AQU\u00cd<\/a><\/div>\n                    <\/div><\/div><\/div>\n        <\/div>\n    <\/article><article class=\"eael-grid-post  eael-post-grid-column eael-pg-post-300 category-bienestar\" data-id=\"300\">\n        <div class=\"eael-grid-post-holder\">\n            <div class=\"eael-grid-post-holder-inner\"><div class=\"eael-entry-media\"><div class=\"eael-entry-overlay fade-in\"><i class=\"far fa-hand-pointer\" aria-hidden=\"true\"><\/i><a href=\"https:\/\/soymigrante.com\/revista\/el-duelo-migratorio-existe-y-no-solo-es-uno-son-siete-los-duelos-del-migrante\/\"><\/a><\/div><div class=\"eael-entry-thumbnail \">\n                <img loading=\"lazy\" decoding=\"async\" width=\"1024\" height=\"1024\" src=\"https:\/\/soymigrante.com\/revista\/wp-content\/uploads\/2024\/01\/Duelo-de-distancia-es-real.webp\" class=\"attachment-large size-large wp-image-6099\" alt=\"Hermosa ilustraci\u00f3n de un atardecer en una cafeter\u00eda, mostrando una figura sentada contemplando el paisaje y la luna llena, con tonos c\u00e1lidos y un ambiente introspectivo, ideal para temas de migraci\u00f3n, reflexi\u00f3n y cultura.\" srcset=\"https:\/\/soymigrante.com\/revista\/wp-content\/uploads\/2024\/01\/Duelo-de-distancia-es-real.webp 1024w, https:\/\/soymigrante.com\/revista\/wp-content\/uploads\/2024\/01\/Duelo-de-distancia-es-real-300x300.webp 300w, https:\/\/soymigrante.com\/revista\/wp-content\/uploads\/2024\/01\/Duelo-de-distancia-es-real-150x150.webp 150w, https:\/\/soymigrante.com\/revista\/wp-content\/uploads\/2024\/01\/Duelo-de-distancia-es-real-768x768.webp 768w, https:\/\/soymigrante.com\/revista\/wp-content\/uploads\/2024\/01\/Duelo-de-distancia-es-real-75x75.webp 75w, https:\/\/soymigrante.com\/revista\/wp-content\/uploads\/2024\/01\/Duelo-de-distancia-es-real-750x750.webp 750w, https:\/\/soymigrante.com\/revista\/wp-content\/uploads\/2024\/01\/Duelo-de-distancia-es-real-600x600.webp 600w\" sizes=\"(max-width: 1024px) 100vw, 1024px\" \/>\n            <\/div>\n        <\/div><div class=\"eael-entry-wrapper\"><header class=\"eael-entry-header\"><h2 class=\"eael-entry-title\"><a class=\"eael-grid-post-link\" href=\"https:\/\/soymigrante.com\/revista\/el-duelo-migratorio-existe-y-no-solo-es-uno-son-siete-los-duelos-del-migrante\/\" title=\"Duelo de distancia  es real pero se puede y se debe superar\">Duelo de distancia  es real pero se puede y se debe superar<\/a><\/h2><\/header><div class=\"eael-entry-content\">\n                        <div class=\"eael-grid-post-excerpt\"><a href=\"https:\/\/soymigrante.com\/revista\/el-duelo-migratorio-existe-y-no-solo-es-uno-son-siete-los-duelos-del-migrante\/\" class=\"eael-post-elements-readmore-btn\">CONOCE M\u00c1S AQU\u00cd<\/a><\/div>\n                    <\/div><\/div><\/div>\n        <\/div>\n    <\/article><\/div>\n            <div class=\"clearfix\"><\/div>\n        <\/div>\t\t\t\t<\/div>\n\t\t\t\t\t<\/div>\n\t\t\t\t<\/div>\n\t\t\t\t<\/div>\n\t\t","protected":false},"excerpt":{"rendered":"<p>&#8220;\u00c9ramos una familia feliz&#8221;. As\u00ed comienza el mensaje del cantautor guatemalteco Walter Villatoro, radicado en San Diego, para despedir a Franklin Quintanilla, joven guatemalteco a quien recibi\u00f3 en su familia como un hijo. Por Walter Villatoro, cantautor y cineasta migrante guatemalteco\u00a0 radicado en San Diego, California \u00c9ramos una familia feliz.\u00a0 Hace no muchos a\u00f1os, cuando [&hellip;]<\/p>\n","protected":false},"author":1,"featured_media":41525,"comment_status":"open","ping_status":"open","sticky":false,"template":"","format":"standard","meta":{"_acf_changed":false,"_eb_attr":"","footnotes":""},"categories":[56],"tags":[],"class_list":["post-41524","post","type-post","status-publish","format-standard","has-post-thumbnail","hentry","category-lugar-de-voces"],"acf":[],"aioseo_notices":[],"aioseo_head":"\n\t\t<!-- All in One SEO Pro 4.9.6.2 - aioseo.com -->\n\t<meta name=\"description\" content=\"Toda persona que se traslada a vivir a una localidad distante de su lugar de origen o de habitual residencia...\" \/>\n\t<meta name=\"robots\" content=\"max-snippet:-1, max-image-preview:large, max-video-preview:-1\" \/>\n\t<meta name=\"author\" content=\"SoyMigrante.com REVISTA\"\/>\n\t<link rel=\"canonical\" href=\"https:\/\/soymigrante.com\/revista\/el-duelo-migratorio-existe-y-no-solo-es-uno-son-siete-los-duelos-del-migrante\/\" \/>\n\t<meta name=\"generator\" content=\"All in One SEO Pro (AIOSEO) 4.9.6.2\" \/>\n\n\t\t<link rel=\"preconnect\" href=\"https:\/\/fonts.googleapis.com\" crossorigin>\n<link rel=\"preconnect\" href=\"https:\/\/fonts.gstatic.com\" crossorigin>\n\t\t<meta property=\"og:locale\" content=\"es_ES\" \/>\n\t\t<meta property=\"og:site_name\" content=\"SoyMigrante.com REVISTA \u2013 Nuestra misi\u00f3n es reconocer y dignificar al migrante.\" \/>\n\t\t<meta property=\"og:type\" content=\"article\" \/>\n\t\t<meta property=\"og:title\" content=\"Duelo de distancia es real pero se puede y se debe superar\" \/>\n\t\t<meta property=\"og:description\" content=\"Toda persona que se traslada a vivir a una localidad distante de su lugar de origen o de habitual residencia...\" \/>\n\t\t<meta property=\"og:url\" content=\"https:\/\/soymigrante.com\/revista\/el-duelo-migratorio-existe-y-no-solo-es-uno-son-siete-los-duelos-del-migrante\/\" \/>\n\t\t<meta property=\"og:image\" content=\"https:\/\/soymigrante.com\/revista\/wp-content\/uploads\/2024\/01\/Duelo-de-distancia-es-real.webp\" \/>\n\t\t<meta property=\"og:image:secure_url\" content=\"https:\/\/soymigrante.com\/revista\/wp-content\/uploads\/2024\/01\/Duelo-de-distancia-es-real.webp\" \/>\n\t\t<meta property=\"og:image:width\" content=\"1024\" \/>\n\t\t<meta property=\"og:image:height\" content=\"1024\" \/>\n\t\t<meta property=\"article:published_time\" content=\"2023-05-26T00:42:37+00:00\" \/>\n\t\t<meta property=\"article:modified_time\" content=\"2024-06-25T22:34:59+00:00\" \/>\n\t\t<meta property=\"article:publisher\" content=\"https:\/\/www.facebook.com\/soymigrantecom\" \/>\n\t\t<meta name=\"twitter:card\" content=\"summary_large_image\" \/>\n\t\t<meta name=\"twitter:site\" content=\"@SoyMigrante_com\" \/>\n\t\t<meta name=\"twitter:title\" content=\"Duelo de distancia es real pero se puede y se debe superar\" \/>\n\t\t<meta name=\"twitter:description\" content=\"Toda persona que se traslada a vivir a una localidad distante de su lugar de origen o de habitual residencia...\" \/>\n\t\t<meta name=\"twitter:creator\" content=\"@SoyMigrante_com\" \/>\n\t\t<meta name=\"twitter:image\" content=\"https:\/\/soymigrante.com\/revista\/wp-content\/uploads\/2024\/01\/Duelo-de-distancia-es-real.webp\" \/>\n\t\t<!-- All in One SEO Pro -->\r\n\t\t<title>Duelo de distancia es real pero se puede y se debe superar<\/title>\n\n","aioseo_head_json":{"title":"Duelo de distancia es real pero se puede y se debe superar","description":"Toda persona que se traslada a vivir a una localidad distante de su lugar de origen o de habitual residencia...","canonical_url":"https:\/\/soymigrante.com\/revista\/el-duelo-migratorio-existe-y-no-solo-es-uno-son-siete-los-duelos-del-migrante\/","robots":"max-snippet:-1, max-image-preview:large, max-video-preview:-1","keywords":"","webmasterTools":{"miscellaneous":"&lt;link rel=\"preconnect\" href=\"https:\/\/fonts.googleapis.com\" crossorigin&gt;\n&lt;link rel=\"preconnect\" href=\"https:\/\/fonts.gstatic.com\" crossorigin&gt;"},"schema":null,"og:locale":"es_ES","og:site_name":"SoyMigrante.com REVISTA \u2013 Nuestra misi\u00f3n es reconocer y dignificar al migrante.","og:type":"article","og:title":"Duelo de distancia es real pero se puede y se debe superar","og:description":"Toda persona que se traslada a vivir a una localidad distante de su lugar de origen o de habitual residencia...","og:url":"https:\/\/soymigrante.com\/revista\/el-duelo-migratorio-existe-y-no-solo-es-uno-son-siete-los-duelos-del-migrante\/","og:image":"https:\/\/soymigrante.com\/revista\/wp-content\/uploads\/2024\/01\/Duelo-de-distancia-es-real.webp","og:image:secure_url":"https:\/\/soymigrante.com\/revista\/wp-content\/uploads\/2024\/01\/Duelo-de-distancia-es-real.webp","og:image:width":1024,"og:image:height":1024,"article:published_time":"2023-05-26T00:42:37+00:00","article:modified_time":"2024-06-25T22:34:59+00:00","article:publisher":"https:\/\/www.facebook.com\/soymigrantecom","twitter:card":"summary_large_image","twitter:site":"@SoyMigrante_com","twitter:title":"Duelo de distancia es real pero se puede y se debe superar","twitter:description":"Toda persona que se traslada a vivir a una localidad distante de su lugar de origen o de habitual residencia...","twitter:creator":"@SoyMigrante_com","twitter:image":"https:\/\/soymigrante.com\/revista\/wp-content\/uploads\/2024\/01\/Duelo-de-distancia-es-real.webp"},"aioseo_meta_data":{"post_id":"41524","title":"Adios Franklin: cantautor migrante escribe emotiva despedida","description":"El cantautor y cineasta migrante guatemalteco se despide con solidaridad y cari\u00f1o, de Franklin, joven guatemalteco a quien adopt\u00f3 con amor de familia en USA.","keywords":null,"keyphrases":{"focus":{"keyphrase":"Migrante","score":100,"analysis":{"keyphraseInTitle":{"score":9,"maxScore":9,"error":0},"keyphraseInDescription":{"score":9,"maxScore":9,"error":0},"keyphraseLength":{"score":9,"maxScore":9,"error":0,"length":1},"keyphraseInURL":{"score":5,"maxScore":5,"error":0}}},"additional":[{"keyphrase":"Adi\u00f3s","score":67,"analysis":{"keyphraseInDescription":{"score":3,"maxScore":9,"error":1},"keyphraseLength":{"score":9,"maxScore":9,"error":0,"length":2}}}]},"primary_term":null,"canonical_url":null,"og_title":null,"og_description":null,"og_object_type":"default","og_image_type":"default","og_image_url":null,"og_image_width":null,"og_image_height":null,"og_image_custom_url":null,"og_image_custom_fields":null,"og_video":"","og_custom_url":null,"og_article_section":null,"og_article_tags":null,"twitter_use_og":false,"twitter_card":"default","twitter_image_type":"default","twitter_image_url":null,"twitter_image_custom_url":null,"twitter_image_custom_fields":null,"twitter_title":null,"twitter_description":null,"schema":{"blockGraphs":[],"customGraphs":[],"default":{"data":{"Article":[],"Course":[],"Dataset":[],"FAQPage":[],"Movie":[],"Person":[],"Product":[],"ProductReview":[],"Car":[],"Recipe":[],"Service":[],"SoftwareApplication":[],"WebPage":[]},"graphName":"none","isEnabled":true},"graphs":[]},"schema_type":"default","schema_type_options":null,"pillar_content":false,"robots_default":true,"robots_noindex":false,"robots_noarchive":false,"robots_nosnippet":false,"robots_nofollow":false,"robots_noimageindex":false,"robots_noodp":false,"robots_notranslate":false,"robots_max_snippet":"-1","robots_max_videopreview":"-1","robots_max_imagepreview":"large","priority":null,"frequency":"default","local_seo":null,"seo_analyzer_scan_date":"2025-10-09 07:31:09","breadcrumb_settings":null,"limit_modified_date":false,"reviewed_by":"0","open_ai":null,"ai":{"faqs":[],"keyPoints":[],"titles":[],"descriptions":[],"socialPosts":{"email":[],"linkedin":[],"twitter":[],"facebook":[],"instagram":[]}},"created":"2025-08-07 12:16:28","updated":"2026-02-05 04:01:24"},"aioseo_breadcrumb":"<div class=\"aioseo-breadcrumbs\"><span class=\"aioseo-breadcrumb\">\n\t<a href=\"https:\/\/soymigrante.com\/revista\" title=\"Home\">Home<\/a>\n<\/span><span class=\"aioseo-breadcrumb-separator\">\u00bb<\/span><span class=\"aioseo-breadcrumb\">\n\t<a href=\"https:\/\/soymigrante.com\/revista\/category\/estamos-unidos\/\" title=\"Estamos Unidos\">Estamos Unidos<\/a>\n<\/span><span class=\"aioseo-breadcrumb-separator\">\u00bb<\/span><span class=\"aioseo-breadcrumb\">\n\t<a href=\"https:\/\/soymigrante.com\/revista\/category\/estamos-unidos\/lugar-de-voces\/\" title=\"Lugar de Voces\">Lugar de Voces<\/a>\n<\/span><span class=\"aioseo-breadcrumb-separator\">\u00bb<\/span><span class=\"aioseo-breadcrumb\">\n\tUn adi\u00f3s a Franklin: cantautor migrante Walter Villatoro dedica emotiva despedida\n<\/span><\/div>","aioseo_breadcrumb_json":[{"label":"Home","link":"https:\/\/soymigrante.com\/revista"},{"label":"Estamos Unidos","link":"https:\/\/soymigrante.com\/revista\/category\/estamos-unidos\/"},{"label":"Lugar de Voces","link":"https:\/\/soymigrante.com\/revista\/category\/estamos-unidos\/lugar-de-voces\/"},{"label":"Un adi\u00f3s a Franklin: cantautor migrante Walter Villatoro dedica emotiva despedida","link":"https:\/\/soymigrante.com\/revista\/un-adios-a-franklin-cantautor-migrante-walter-villatoro-dedica-emotiva-despedida\/"}],"_links":{"self":[{"href":"https:\/\/soymigrante.com\/revista\/wp-json\/wp\/v2\/posts\/41524","targetHints":{"allow":["GET"]}}],"collection":[{"href":"https:\/\/soymigrante.com\/revista\/wp-json\/wp\/v2\/posts"}],"about":[{"href":"https:\/\/soymigrante.com\/revista\/wp-json\/wp\/v2\/types\/post"}],"author":[{"embeddable":true,"href":"https:\/\/soymigrante.com\/revista\/wp-json\/wp\/v2\/users\/1"}],"replies":[{"embeddable":true,"href":"https:\/\/soymigrante.com\/revista\/wp-json\/wp\/v2\/comments?post=41524"}],"version-history":[{"count":8,"href":"https:\/\/soymigrante.com\/revista\/wp-json\/wp\/v2\/posts\/41524\/revisions"}],"predecessor-version":[{"id":41538,"href":"https:\/\/soymigrante.com\/revista\/wp-json\/wp\/v2\/posts\/41524\/revisions\/41538"}],"wp:featuredmedia":[{"embeddable":true,"href":"https:\/\/soymigrante.com\/revista\/wp-json\/wp\/v2\/media\/41525"}],"wp:attachment":[{"href":"https:\/\/soymigrante.com\/revista\/wp-json\/wp\/v2\/media?parent=41524"}],"wp:term":[{"taxonomy":"category","embeddable":true,"href":"https:\/\/soymigrante.com\/revista\/wp-json\/wp\/v2\/categories?post=41524"},{"taxonomy":"post_tag","embeddable":true,"href":"https:\/\/soymigrante.com\/revista\/wp-json\/wp\/v2\/tags?post=41524"}],"curies":[{"name":"wp","href":"https:\/\/api.w.org\/{rel}","templated":true}]}}