{"id":4149,"date":"2023-12-30T10:24:27","date_gmt":"2023-12-30T16:24:27","guid":{"rendered":"https:\/\/soymigrante.com\/revista\/?p=4149"},"modified":"2024-11-01T06:31:16","modified_gmt":"2024-11-01T12:31:16","slug":"migrante-guatemalteco-empresario-construccion-jardineria-carlos-reyes","status":"publish","type":"post","link":"https:\/\/soymigrante.com\/revista\/migrante-guatemalteco-empresario-construccion-jardineria-carlos-reyes\/","title":{"rendered":"Exitosa ruta migrante pintada, remodelada y compartida por Carlos Reyes, en Nashville"},"content":{"rendered":"\t\t<div data-elementor-type=\"wp-post\" data-elementor-id=\"4149\" class=\"elementor elementor-4149\" data-elementor-post-type=\"post\">\n\t\t\t\t\t\t<section data-particle_enable=\"false\" data-particle-mobile-disabled=\"false\" class=\"elementor-section elementor-top-section elementor-element elementor-element-2692abe elementor-section-boxed elementor-section-height-default elementor-section-height-default\" data-id=\"2692abe\" data-element_type=\"section\" data-e-type=\"section\">\n\t\t\t\t\t\t<div class=\"elementor-container elementor-column-gap-default\">\n\t\t\t\t\t<div class=\"elementor-column elementor-col-100 elementor-top-column elementor-element elementor-element-ab2c29e\" data-id=\"ab2c29e\" data-element_type=\"column\" data-e-type=\"column\">\n\t\t\t<div class=\"elementor-widget-wrap elementor-element-populated\">\n\t\t\t\t\t\t<div class=\"elementor-element elementor-element-f8fa842 elementor-widget elementor-widget-heading\" data-id=\"f8fa842\" data-element_type=\"widget\" data-e-type=\"widget\" data-widget_type=\"heading.default\">\n\t\t\t\t\t<h1 class=\"elementor-heading-title elementor-size-default\">Carlos Reyes, migrante originario de Quetzaltenango residente en Nashville Tennessee genera trabajo para carpinteros, electricistas, alba\u00f1iles y jardineros, en su compa\u00f1\u00eda de remodelaci\u00f3n, la cual naci\u00f3 cuando alguna vez \u00e9l se qued\u00f3 sin empleo. Este es su camino de vida.<br><\/h1>\t\t\t\t<\/div>\n\t\t\t\t\t<\/div>\n\t\t<\/div>\n\t\t\t\t\t<\/div>\n\t\t<\/section>\n\t\t\t\t<section data-particle_enable=\"false\" data-particle-mobile-disabled=\"false\" class=\"elementor-section elementor-top-section elementor-element elementor-element-a1766f0 elementor-section-boxed elementor-section-height-default elementor-section-height-default\" data-id=\"a1766f0\" data-element_type=\"section\" data-e-type=\"section\">\n\t\t\t\t\t\t<div class=\"elementor-container elementor-column-gap-default\">\n\t\t\t\t\t<div class=\"elementor-column elementor-col-100 elementor-top-column elementor-element elementor-element-0396771\" data-id=\"0396771\" data-element_type=\"column\" data-e-type=\"column\">\n\t\t\t<div class=\"elementor-widget-wrap elementor-element-populated\">\n\t\t\t\t\t\t<div class=\"elementor-element elementor-element-0b66990 elementor-widget elementor-widget-image\" data-id=\"0b66990\" data-element_type=\"widget\" data-e-type=\"widget\" data-widget_type=\"image.default\">\n\t\t\t\t\t\t\t\t\t\t\t\t<figure class=\"wp-caption\">\n\t\t\t\t\t\t\t\t\t\t<img fetchpriority=\"high\" decoding=\"async\" width=\"768\" height=\"768\" src=\"https:\/\/soymigrante.com\/revista\/wp-content\/uploads\/2023\/12\/casas-768x768.webp\" class=\"attachment-medium_large size-medium_large wp-image-4130\" alt=\"El migrante Carlos Reyes tom\u00f3 la decisi\u00f3n de migrar cuando ten\u00eda 20 a\u00f1os de edad. En Guatemala se dedic\u00f3 a trabajar en una empresa de pintura como mezclador. Emprendi\u00f3 su empresa de remodelaci\u00f3n en Nashville Tennessee\" srcset=\"https:\/\/soymigrante.com\/revista\/wp-content\/uploads\/2023\/12\/casas-768x768.webp 768w, https:\/\/soymigrante.com\/revista\/wp-content\/uploads\/2023\/12\/casas-300x300.webp 300w, https:\/\/soymigrante.com\/revista\/wp-content\/uploads\/2023\/12\/casas-150x150.webp 150w, https:\/\/soymigrante.com\/revista\/wp-content\/uploads\/2023\/12\/casas-75x75.webp 75w, https:\/\/soymigrante.com\/revista\/wp-content\/uploads\/2023\/12\/casas-750x750.webp 750w, https:\/\/soymigrante.com\/revista\/wp-content\/uploads\/2023\/12\/casas-600x600.webp 600w, https:\/\/soymigrante.com\/revista\/wp-content\/uploads\/2023\/12\/casas.webp 800w\" sizes=\"(max-width: 768px) 100vw, 768px\" title=\"casas \u2013 SoyMigrante.com REVISTA\" \/>\t\t\t\t\t\t\t\t\t\t\t<figcaption class=\"widget-image-caption wp-caption-text\">El migrante Carlos Reyes tom\u00f3 la decisi\u00f3n de migrar cuando ten\u00eda 20 a\u00f1os de edad. En Guatemala se dedic\u00f3 a trabajar en una empresa de pintura como mezclador.  Emprendi\u00f3 su empresa de remodelaci\u00f3n en Nashville Tennessee  <\/figcaption>\n\t\t\t\t\t\t\t\t\t\t<\/figure>\n\t\t\t\t\t\t\t\t\t<\/div>\n\t\t\t\t\t<\/div>\n\t\t<\/div>\n\t\t\t\t\t<\/div>\n\t\t<\/section>\n\t\t\t\t<section data-particle_enable=\"false\" data-particle-mobile-disabled=\"false\" class=\"elementor-section elementor-top-section elementor-element elementor-element-9a2db2f elementor-section-boxed elementor-section-height-default elementor-section-height-default\" data-id=\"9a2db2f\" data-element_type=\"section\" data-e-type=\"section\">\n\t\t\t\t\t\t<div class=\"elementor-container elementor-column-gap-default\">\n\t\t\t\t\t<div class=\"elementor-column elementor-col-100 elementor-top-column elementor-element elementor-element-8b71977\" data-id=\"8b71977\" data-element_type=\"column\" data-e-type=\"column\">\n\t\t\t<div class=\"elementor-widget-wrap elementor-element-populated\">\n\t\t\t\t\t\t<div class=\"elementor-element elementor-element-ac9738f elementor-widget elementor-widget-text-editor\" data-id=\"ac9738f\" data-element_type=\"widget\" data-e-type=\"widget\" data-widget_type=\"text-editor.default\">\n\t\t\t\t\t\t\t\t\t<p><span style=\"font-weight: 400;\">Carlos Reyes mira atr\u00e1s su camino en Estados Unidos, a donde lleg\u00f3 en 1991 en busca de un mejor futuro. Tuvo varios empleos en los cuales aprendi\u00f3 de construcci\u00f3n, pintura, remodelaci\u00f3n, electricidad, jardiner\u00eda. Pero por m\u00e1s empe\u00f1o que puso a su labor, qued\u00f3 desempleado en 2015.\u00a0 Descubri\u00f3 que en sus manos ten\u00eda habilidades y experiencia: as\u00ed que fund\u00f3 su propia empresa Carlos Reyes Painting, en Nashville, Tennessee, donde ahora genera empleos, sostiene a su familia y tambi\u00e9n ayuda a familias en Guatemala. Esta es el testimonio de ese camino migrante.<\/span><\/p>\t\t\t\t\t\t\t\t<\/div>\n\t\t\t\t\t<\/div>\n\t\t<\/div>\n\t\t\t\t\t<\/div>\n\t\t<\/section>\n\t\t\t\t<section data-particle_enable=\"false\" data-particle-mobile-disabled=\"false\" class=\"elementor-section elementor-top-section elementor-element elementor-element-1c75368 elementor-section-boxed elementor-section-height-default elementor-section-height-default\" data-id=\"1c75368\" data-element_type=\"section\" data-e-type=\"section\">\n\t\t\t\t\t\t<div class=\"elementor-container elementor-column-gap-default\">\n\t\t\t\t\t<div class=\"elementor-column elementor-col-100 elementor-top-column elementor-element elementor-element-90b5e36\" data-id=\"90b5e36\" data-element_type=\"column\" data-e-type=\"column\">\n\t\t\t<div class=\"elementor-widget-wrap elementor-element-populated\">\n\t\t\t\t\t\t<div class=\"elementor-element elementor-element-9c732f6 elementor-widget elementor-widget-heading\" data-id=\"9c732f6\" data-element_type=\"widget\" data-e-type=\"widget\" data-widget_type=\"heading.default\">\n\t\t\t\t\t<h2 class=\"elementor-heading-title elementor-size-default\">Pintando un mejor porvenir<\/h2>\t\t\t\t<\/div>\n\t\t\t\t\t<\/div>\n\t\t<\/div>\n\t\t\t\t\t<\/div>\n\t\t<\/section>\n\t\t\t\t<section data-particle_enable=\"false\" data-particle-mobile-disabled=\"false\" class=\"elementor-section elementor-top-section elementor-element elementor-element-88bdf7e elementor-section-boxed elementor-section-height-default elementor-section-height-default\" data-id=\"88bdf7e\" data-element_type=\"section\" data-e-type=\"section\">\n\t\t\t\t\t\t<div class=\"elementor-container elementor-column-gap-default\">\n\t\t\t\t\t<div class=\"elementor-column elementor-col-100 elementor-top-column elementor-element elementor-element-ac76528\" data-id=\"ac76528\" data-element_type=\"column\" data-e-type=\"column\">\n\t\t\t<div class=\"elementor-widget-wrap elementor-element-populated\">\n\t\t\t\t\t\t<div class=\"elementor-element elementor-element-2caf349 elementor-widget elementor-widget-text-editor\" data-id=\"2caf349\" data-element_type=\"widget\" data-e-type=\"widget\" data-widget_type=\"text-editor.default\">\n\t\t\t\t\t\t\t\t\t<p>\u00a0<span style=\"font-weight: 400; color: var( --e-global-color-text );\">El migrante Carlos Reyes tom\u00f3 la decisi\u00f3n de migrar cuando ten\u00eda 20 a\u00f1os de edad. En Guatemala se dedic\u00f3 a trabajar en una empresa de pintura como mezclador. El salario que recib\u00eda era poco para mantener a su familia por ende decidi\u00f3 migrar y buscar una oportunidad. \u201cLo m\u00e1s dif\u00edcil fue dejar a la familia porque no sabemos cu\u00e1ndo nos volveremos a ver, al llegar ac\u00e1 solo quedan recuerdos de la traves\u00eda\u201d.\u00a0<\/span><\/p><p><span style=\"font-weight: 400;\">El viaje a Estados Unidos lo recuerda triste y doloroso, por ello no entra en detalles. Al llegar a ese pa\u00eds se enfrent\u00f3 a varios desaf\u00edos como el idioma y la cultura. Su primer trabajo fue en un club como conserje en Houston Texas. \u201cEl local ten\u00eda problemas con la ley y ten\u00edamos m\u00e1s de seis semanas de trabajar, pero lo triste fue que no nos pagaron nada\u201d. En ese momento fue una crisis para Carlos y sus compa\u00f1eros de trabajo.<\/span><\/p><p><span style=\"font-weight: 400;\">Luego de unas semanas consigui\u00f3 un trabajo en un hotel donde el salario era bajo. A pesar de los esfuerzos Carlos comenz\u00f3 con trabajos sencillos, extensos y mal pagados, pero era la \u00fanica opci\u00f3n en Estados Unidos. Por la misma necesidad decidi\u00f3 moverse de Houston a Nashville. Donde \u00e9l comenzar\u00eda con esperanza y perseverancia.<\/span><\/p>\t\t\t\t\t\t\t\t<\/div>\n\t\t\t\t\t<\/div>\n\t\t<\/div>\n\t\t\t\t\t<\/div>\n\t\t<\/section>\n\t\t\t\t<section data-particle_enable=\"false\" data-particle-mobile-disabled=\"false\" class=\"elementor-section elementor-top-section elementor-element elementor-element-9e19786 elementor-section-boxed elementor-section-height-default elementor-section-height-default\" data-id=\"9e19786\" data-element_type=\"section\" data-e-type=\"section\">\n\t\t\t\t\t\t<div class=\"elementor-container elementor-column-gap-default\">\n\t\t\t\t\t<div class=\"elementor-column elementor-col-100 elementor-top-column elementor-element elementor-element-75d1dad\" data-id=\"75d1dad\" data-element_type=\"column\" data-e-type=\"column\">\n\t\t\t<div class=\"elementor-widget-wrap elementor-element-populated\">\n\t\t\t\t\t\t<div class=\"elementor-element elementor-element-5073246 elementor-widget elementor-widget-video\" data-id=\"5073246\" data-element_type=\"widget\" data-e-type=\"widget\" data-settings=\"{&quot;youtube_url&quot;:&quot;https:\\\/\\\/www.youtube.com\\\/watch?v=3vqggwshfNU&quot;,&quot;autoplay&quot;:&quot;yes&quot;,&quot;video_type&quot;:&quot;youtube&quot;}\" data-widget_type=\"video.default\">\n\t\t\t\t\t\t\t<div class=\"elementor-wrapper elementor-open-inline\">\n\t\t\t<div class=\"elementor-video\"><\/div>\t\t<\/div>\n\t\t\t\t\t\t<\/div>\n\t\t\t\t\t<\/div>\n\t\t<\/div>\n\t\t\t\t\t<\/div>\n\t\t<\/section>\n\t\t\t\t<section data-particle_enable=\"false\" data-particle-mobile-disabled=\"false\" class=\"elementor-section elementor-top-section elementor-element elementor-element-ab6ab4e elementor-section-boxed elementor-section-height-default elementor-section-height-default\" data-id=\"ab6ab4e\" data-element_type=\"section\" data-e-type=\"section\">\n\t\t\t\t\t\t<div class=\"elementor-container elementor-column-gap-default\">\n\t\t\t\t\t<div class=\"elementor-column elementor-col-100 elementor-top-column elementor-element elementor-element-d73acfd\" data-id=\"d73acfd\" data-element_type=\"column\" data-e-type=\"column\">\n\t\t\t<div class=\"elementor-widget-wrap elementor-element-populated\">\n\t\t\t\t\t\t<div class=\"elementor-element elementor-element-8007860 elementor-widget elementor-widget-heading\" data-id=\"8007860\" data-element_type=\"widget\" data-e-type=\"widget\" data-widget_type=\"heading.default\">\n\t\t\t\t\t<h2 class=\"elementor-heading-title elementor-size-default\">El vuelo del emprendimiento\n<\/h2>\t\t\t\t<\/div>\n\t\t\t\t\t<\/div>\n\t\t<\/div>\n\t\t\t\t\t<\/div>\n\t\t<\/section>\n\t\t\t\t<section data-particle_enable=\"false\" data-particle-mobile-disabled=\"false\" class=\"elementor-section elementor-top-section elementor-element elementor-element-886e0fb elementor-section-boxed elementor-section-height-default elementor-section-height-default\" data-id=\"886e0fb\" data-element_type=\"section\" data-e-type=\"section\">\n\t\t\t\t\t\t<div class=\"elementor-container elementor-column-gap-default\">\n\t\t\t\t\t<div class=\"elementor-column elementor-col-100 elementor-top-column elementor-element elementor-element-56bc013\" data-id=\"56bc013\" data-element_type=\"column\" data-e-type=\"column\">\n\t\t\t<div class=\"elementor-widget-wrap elementor-element-populated\">\n\t\t\t\t\t\t<div class=\"elementor-element elementor-element-132ed19 elementor-widget elementor-widget-text-editor\" data-id=\"132ed19\" data-element_type=\"widget\" data-e-type=\"widget\" data-widget_type=\"text-editor.default\">\n\t\t\t\t\t\t\t\t\t<p><span style=\"font-weight: 400;\">Al llegar a Nashville comenz\u00f3 a trabajar en una compa\u00f1\u00eda de mantenimiento, misma donde conoci\u00f3 a grandes personas que le ayudar\u00edan en su crecimiento profesional. \u201cAprend\u00ed a hacer de todo, uno de mis compa\u00f1eros de trabajo me ense\u00f1\u00f3 sobre jardiner\u00eda, carpinter\u00eda y mucho m\u00e1s\u201d. Luego de 15 a\u00f1os de trabajo ambos fueron despedidos.<\/span><\/p><p><span style=\"font-weight: 400;\">Punto donde naci\u00f3 la idea de emprender independiente una compa\u00f1\u00eda sobre remodelaci\u00f3n y mantenimiento. \u201cDespu\u00e9s de haber pasado cosas dif\u00edciles se ven\u00eda una bendici\u00f3n que tambi\u00e9n hab\u00eda que construir\u201d. Los permisos, los clientes, las herramientas y la inversi\u00f3n se fueron concretaron con el tiempo.<\/span><\/p><p><span style=\"font-weight: 400;\">La compa\u00f1\u00eda lleva por nombre Carlos Reyes Pa<\/span><span style=\"font-weight: 400;\">inting <\/span><span style=\"font-weight: 400;\">fue creada hace siete a\u00f1os, misma que ofrece servicios de remodelaci\u00f3n en empresas, viviendas y exteriores. La compa\u00f1\u00eda es liderada por el migrante Carlos qui\u00e9n se encarga de los materiales, contratos con clientes, adem\u00e1s de orientar a su equipo de trabajo que est\u00e1 conformado tambi\u00e9n por migrantes centroamericanos y locales de Nashville.<\/span><\/p><p><span style=\"font-weight: 400;\">Carpinteros, electricistas, jardineros, plomeros, alba\u00f1iles y muchas personas son funcionales e importantes para desarrollar cada actividad de la compa\u00f1\u00eda. \u201cLa bendici\u00f3n no es solo para m\u00ed, es para muchas que trabajan conmigo. Ya que en este negocio ocupamos a varias personas de diferentes \u00e1reas en la remodelaci\u00f3n\u201d. La empresa ha generado impacto en la econom\u00eda de las dem\u00e1s familias.<\/span><\/p><p><span style=\"font-weight: 400;\">El fruto del trabajo se ve reflejado cada d\u00eda. El migrante Carlos sue\u00f1a con ver crecer la empresa en este estado para aportar a m\u00e1s de las familias migrantes. \u201cCuando estaba en Guatemala mi pap\u00e1 siempre so\u00f1\u00f3 con ver emprender a uno de sus hijos, lamentablemente \u00e9l falleci\u00f3 hace 12 a\u00f1os atr\u00e1s y no logr\u00f3 ver la bendici\u00f3n. Pero \u00e9l me motiv\u00f3 a seguir adelante\u201d.<\/span><\/p>\t\t\t\t\t\t\t\t<\/div>\n\t\t\t\t\t<\/div>\n\t\t<\/div>\n\t\t\t\t\t<\/div>\n\t\t<\/section>\n\t\t\t\t<section data-particle_enable=\"false\" data-particle-mobile-disabled=\"false\" class=\"elementor-section elementor-top-section elementor-element elementor-element-a9c03a3 elementor-section-boxed elementor-section-height-default elementor-section-height-default\" data-id=\"a9c03a3\" data-element_type=\"section\" data-e-type=\"section\">\n\t\t\t\t\t\t<div class=\"elementor-container elementor-column-gap-default\">\n\t\t\t\t\t<div class=\"elementor-column elementor-col-100 elementor-top-column elementor-element elementor-element-288e3e9\" data-id=\"288e3e9\" data-element_type=\"column\" data-e-type=\"column\">\n\t\t\t<div class=\"elementor-widget-wrap elementor-element-populated\">\n\t\t\t\t\t\t<div class=\"elementor-element elementor-element-a679e16 elementor-arrows-position-inside elementor-pagination-position-outside elementor-widget elementor-widget-image-carousel\" data-id=\"a679e16\" data-element_type=\"widget\" data-e-type=\"widget\" data-settings=\"{&quot;slides_to_show&quot;:&quot;1&quot;,&quot;navigation&quot;:&quot;both&quot;,&quot;autoplay&quot;:&quot;yes&quot;,&quot;pause_on_hover&quot;:&quot;yes&quot;,&quot;pause_on_interaction&quot;:&quot;yes&quot;,&quot;autoplay_speed&quot;:5000,&quot;infinite&quot;:&quot;yes&quot;,&quot;effect&quot;:&quot;slide&quot;,&quot;speed&quot;:500}\" data-widget_type=\"image-carousel.default\">\n\t\t\t\t\t\t\t<div class=\"elementor-image-carousel-wrapper swiper\" role=\"region\" aria-roledescription=\"carousel\" aria-label=\"Carrusel de im\u00e1genes\" dir=\"ltr\">\n\t\t\t<div class=\"elementor-image-carousel swiper-wrapper\" aria-live=\"off\">\n\t\t\t\t\t\t\t\t<div class=\"swiper-slide\" role=\"group\" aria-roledescription=\"slide\" aria-label=\"1 de 13\"><figure class=\"swiper-slide-inner\"><img decoding=\"async\" class=\"swiper-slide-image\" src=\"https:\/\/soymigrante.com\/revista\/wp-content\/uploads\/2023\/12\/trabajos-768x768.webp\" alt=\"TRABAJO Y DISE\u00d1O DE GRADAS\" \/><figcaption class=\"elementor-image-carousel-caption\">TRABAJO Y DISE\u00d1O DE GRADAS<\/figcaption><\/figure><\/div><div class=\"swiper-slide\" role=\"group\" aria-roledescription=\"slide\" aria-label=\"2 de 13\"><figure class=\"swiper-slide-inner\"><img decoding=\"async\" class=\"swiper-slide-image\" src=\"https:\/\/soymigrante.com\/revista\/wp-content\/uploads\/2023\/12\/trabajo-768x768.webp\" alt=\"TRABAJO Y DISE\u00d1O DE GRADAS\" \/><figcaption class=\"elementor-image-carousel-caption\">TRABAJO Y DISE\u00d1O DE GRADAS<\/figcaption><\/figure><\/div><div class=\"swiper-slide\" role=\"group\" aria-roledescription=\"slide\" aria-label=\"3 de 13\"><figure class=\"swiper-slide-inner\"><img decoding=\"async\" class=\"swiper-slide-image\" src=\"https:\/\/soymigrante.com\/revista\/wp-content\/uploads\/2023\/12\/resultado-768x768.webp\" alt=\"TRABAJO Y DISE\u00d1O DE GRADAS\" \/><figcaption class=\"elementor-image-carousel-caption\">TRABAJO Y DISE\u00d1O DE GRADAS<\/figcaption><\/figure><\/div><div class=\"swiper-slide\" role=\"group\" aria-roledescription=\"slide\" aria-label=\"4 de 13\"><figure class=\"swiper-slide-inner\"><img decoding=\"async\" class=\"swiper-slide-image\" src=\"https:\/\/soymigrante.com\/revista\/wp-content\/uploads\/2023\/12\/CONSTRUCION-Y-MODIFICACIONES-768x768.webp\" alt=\"CONSTRUCION Y MODIFICACIONES\" \/><figcaption class=\"elementor-image-carousel-caption\">CONSTRUCION Y MODIFICACIONES<\/figcaption><\/figure><\/div><div class=\"swiper-slide\" role=\"group\" aria-roledescription=\"slide\" aria-label=\"5 de 13\"><figure class=\"swiper-slide-inner\"><img decoding=\"async\" class=\"swiper-slide-image\" src=\"https:\/\/soymigrante.com\/revista\/wp-content\/uploads\/2023\/12\/construccion-768x768.webp\" alt=\"CONSTRUCION Y MODIFICACIONES\" \/><figcaption class=\"elementor-image-carousel-caption\">CONSTRUCION Y MODIFICACIONES<\/figcaption><\/figure><\/div><div class=\"swiper-slide\" role=\"group\" aria-roledescription=\"slide\" aria-label=\"6 de 13\"><figure class=\"swiper-slide-inner\"><img decoding=\"async\" class=\"swiper-slide-image\" src=\"https:\/\/soymigrante.com\/revista\/wp-content\/uploads\/2023\/12\/construciones-768x768.webp\" alt=\"CONSTRUCION Y MODIFICACIONES\" \/><figcaption class=\"elementor-image-carousel-caption\">CONSTRUCION Y MODIFICACIONES<\/figcaption><\/figure><\/div><div class=\"swiper-slide\" role=\"group\" aria-roledescription=\"slide\" aria-label=\"7 de 13\"><figure class=\"swiper-slide-inner\"><img decoding=\"async\" class=\"swiper-slide-image\" src=\"https:\/\/soymigrante.com\/revista\/wp-content\/uploads\/2023\/12\/diseno-768x768.webp\" alt=\"CONSTRUCION Y MODIFICACIONES\" \/><figcaption class=\"elementor-image-carousel-caption\">CONSTRUCION Y MODIFICACIONES<\/figcaption><\/figure><\/div><div class=\"swiper-slide\" role=\"group\" aria-roledescription=\"slide\" aria-label=\"8 de 13\"><figure class=\"swiper-slide-inner\"><img decoding=\"async\" class=\"swiper-slide-image\" src=\"https:\/\/soymigrante.com\/revista\/wp-content\/uploads\/2023\/12\/limpieza-768x768.webp\" alt=\"CONSTRUCCION EN TECHO\" \/><figcaption class=\"elementor-image-carousel-caption\">CONSTRUCCION EN TECHO<\/figcaption><\/figure><\/div><div class=\"swiper-slide\" role=\"group\" aria-roledescription=\"slide\" aria-label=\"9 de 13\"><figure class=\"swiper-slide-inner\"><img decoding=\"async\" class=\"swiper-slide-image\" src=\"https:\/\/soymigrante.com\/revista\/wp-content\/uploads\/2023\/12\/TRABAJO-EN-TECHO-768x768.webp\" alt=\"TRABAJO EN TECHO\" \/><figcaption class=\"elementor-image-carousel-caption\">TRABAJO EN TECHO<\/figcaption><\/figure><\/div><div class=\"swiper-slide\" role=\"group\" aria-roledescription=\"slide\" aria-label=\"10 de 13\"><figure class=\"swiper-slide-inner\"><img decoding=\"async\" class=\"swiper-slide-image\" src=\"https:\/\/soymigrante.com\/revista\/wp-content\/uploads\/2023\/12\/trabajos-de-construcicion-768x768.webp\" alt=\"TRABAJO DE CONSTRUCCI\u00d3N\" \/><figcaption class=\"elementor-image-carousel-caption\">TRABAJO DE CONSTRUCCI\u00d3N <\/figcaption><\/figure><\/div><div class=\"swiper-slide\" role=\"group\" aria-roledescription=\"slide\" aria-label=\"11 de 13\"><figure class=\"swiper-slide-inner\"><img decoding=\"async\" class=\"swiper-slide-image\" src=\"https:\/\/soymigrante.com\/revista\/wp-content\/uploads\/2023\/12\/empleados-beneficiados-768x768.webp\" alt=\"CONSTRUCION Y MODIFICACIONES EN JARDINERIA\" \/><figcaption class=\"elementor-image-carousel-caption\">CONSTRUCION Y MODIFICACIONES EN JARDINERIA <\/figcaption><\/figure><\/div><div class=\"swiper-slide\" role=\"group\" aria-roledescription=\"slide\" aria-label=\"12 de 13\"><figure class=\"swiper-slide-inner\"><img decoding=\"async\" class=\"swiper-slide-image\" src=\"https:\/\/soymigrante.com\/revista\/wp-content\/uploads\/2023\/12\/Jardineria-en-EU-768x768.webp\" alt=\"CONSTRUCION Y MODIFICACIONES EN JARDINERIA\" \/><figcaption class=\"elementor-image-carousel-caption\">CONSTRUCION Y MODIFICACIONES EN JARDINERIA <\/figcaption><\/figure><\/div><div class=\"swiper-slide\" role=\"group\" aria-roledescription=\"slide\" aria-label=\"13 de 13\"><figure class=\"swiper-slide-inner\"><img decoding=\"async\" class=\"swiper-slide-image\" src=\"https:\/\/soymigrante.com\/revista\/wp-content\/uploads\/2023\/12\/jardineria-768x768.webp\" alt=\"CONSTRUCION Y MODIFICACIONES EN JARDINERIA\" \/><figcaption class=\"elementor-image-carousel-caption\">CONSTRUCION Y MODIFICACIONES EN JARDINERIA <\/figcaption><\/figure><\/div>\t\t\t<\/div>\n\t\t\t\t\t\t\t\t\t\t\t\t<div class=\"elementor-swiper-button elementor-swiper-button-prev\" role=\"button\" tabindex=\"0\">\n\t\t\t\t\t\t<i aria-hidden=\"true\" class=\"eicon-chevron-left\"><\/i>\t\t\t\t\t<\/div>\n\t\t\t\t\t<div class=\"elementor-swiper-button elementor-swiper-button-next\" role=\"button\" tabindex=\"0\">\n\t\t\t\t\t\t<i aria-hidden=\"true\" class=\"eicon-chevron-right\"><\/i>\t\t\t\t\t<\/div>\n\t\t\t\t\n\t\t\t\t\t\t\t\t\t<div class=\"swiper-pagination\"><\/div>\n\t\t\t\t\t\t\t\t\t<\/div>\n\t\t\t\t\t\t<\/div>\n\t\t\t\t\t<\/div>\n\t\t<\/div>\n\t\t\t\t\t<\/div>\n\t\t<\/section>\n\t\t\t\t<section data-particle_enable=\"false\" data-particle-mobile-disabled=\"false\" class=\"elementor-section elementor-top-section elementor-element elementor-element-d568a7e elementor-section-boxed elementor-section-height-default elementor-section-height-default\" data-id=\"d568a7e\" data-element_type=\"section\" data-e-type=\"section\">\n\t\t\t\t\t\t<div class=\"elementor-container elementor-column-gap-default\">\n\t\t\t\t\t<div class=\"elementor-column elementor-col-100 elementor-top-column elementor-element elementor-element-08c341b\" data-id=\"08c341b\" data-element_type=\"column\" data-e-type=\"column\">\n\t\t\t<div class=\"elementor-widget-wrap elementor-element-populated\">\n\t\t\t\t\t\t<div class=\"elementor-element elementor-element-678fd18 elementor-widget elementor-widget-heading\" data-id=\"678fd18\" data-element_type=\"widget\" data-e-type=\"widget\" data-widget_type=\"heading.default\">\n\t\t\t\t\t<h2 class=\"elementor-heading-title elementor-size-default\">Solidaridad con los necesitados en Guatemala \n<\/h2>\t\t\t\t<\/div>\n\t\t\t\t\t<\/div>\n\t\t<\/div>\n\t\t\t\t\t<\/div>\n\t\t<\/section>\n\t\t\t\t<section data-particle_enable=\"false\" data-particle-mobile-disabled=\"false\" class=\"elementor-section elementor-top-section elementor-element elementor-element-74c6755 elementor-section-boxed elementor-section-height-default elementor-section-height-default\" data-id=\"74c6755\" data-element_type=\"section\" data-e-type=\"section\">\n\t\t\t\t\t\t<div class=\"elementor-container elementor-column-gap-default\">\n\t\t\t\t\t<div class=\"elementor-column elementor-col-100 elementor-top-column elementor-element elementor-element-74f2b47\" data-id=\"74f2b47\" data-element_type=\"column\" data-e-type=\"column\">\n\t\t\t<div class=\"elementor-widget-wrap elementor-element-populated\">\n\t\t\t\t\t\t<div class=\"elementor-element elementor-element-163d48e elementor-widget elementor-widget-text-editor\" data-id=\"163d48e\" data-element_type=\"widget\" data-e-type=\"widget\" data-widget_type=\"text-editor.default\">\n\t\t\t\t\t\t\t\t\t<p><span style=\"font-weight: 400;\">El objetivo del migrante Carlos Reyes es contribuir a Guatemala de diferentes formas. \u201cLo que se hace de coraz\u00f3n ah\u00ed se lleva\u201d.\u00a0 El junto a otros migrantes guatemaltecos radicados en Estados Unidos tratan de gestionar ayuda a varias familias y personas que lo necesitan. Su meta es identificar las necesidades y atenderlas mediante las posibilidades.<\/span><\/p><p><span style=\"font-weight: 400;\">Uno de los aportes se ha realizado al Centro de Bienestar Social de Quetzaltenango, tambi\u00e9n a varios departamentos como San Marcos, Escuintla y otras partes del territorio guatemalteco. Ropa e insumos de primera necesidad se han reunido para ser enviados a Guatemala. \u201cEstamos al pendiente de las necesidades\u201d\u00a0<\/span><\/p><p><span style=\"font-weight: 400;\">\u201cAhora nos estamos esforzando por ayudar a una persona que tiene c\u00e1ncer en la nariz, \u00e9l tiene m\u00e1s de 80 a\u00f1os, vive solo, ya no trabaja y estamos al pendiente para apoyar. No es la cantidad, es la calidad de servicio que uno puede darle a las personas. La humildad tambi\u00e9n se muestra a trav\u00e9s del agradecimiento\u201d.<\/span><\/p><p><span style=\"font-weight: 400;\">Los recursos reunidos son enviados a Guatemala para personas que realmente lo necesitan. Cada insumo se coordina y se gestiona con elementos de confianza. \u201cNosotros no nos olvidamos de nuestras ra\u00edces\u201d.\u00a0<\/span><\/p>\t\t\t\t\t\t\t\t<\/div>\n\t\t\t\t\t<\/div>\n\t\t<\/div>\n\t\t\t\t\t<\/div>\n\t\t<\/section>\n\t\t\t\t<section data-particle_enable=\"false\" data-particle-mobile-disabled=\"false\" class=\"elementor-section elementor-top-section elementor-element elementor-element-2cb7553 elementor-section-boxed elementor-section-height-default elementor-section-height-default\" data-id=\"2cb7553\" data-element_type=\"section\" data-e-type=\"section\">\n\t\t\t\t\t\t<div class=\"elementor-container elementor-column-gap-default\">\n\t\t\t\t\t<div class=\"elementor-column elementor-col-100 elementor-top-column elementor-element elementor-element-dd17bb3\" data-id=\"dd17bb3\" data-element_type=\"column\" data-e-type=\"column\">\n\t\t\t<div class=\"elementor-widget-wrap elementor-element-populated\">\n\t\t\t\t\t\t<div class=\"elementor-element elementor-element-35bd2c3 elementor-arrows-position-inside elementor-pagination-position-outside elementor-widget elementor-widget-image-carousel\" data-id=\"35bd2c3\" data-element_type=\"widget\" data-e-type=\"widget\" data-settings=\"{&quot;slides_to_show&quot;:&quot;1&quot;,&quot;navigation&quot;:&quot;both&quot;,&quot;autoplay&quot;:&quot;yes&quot;,&quot;pause_on_hover&quot;:&quot;yes&quot;,&quot;pause_on_interaction&quot;:&quot;yes&quot;,&quot;autoplay_speed&quot;:5000,&quot;infinite&quot;:&quot;yes&quot;,&quot;effect&quot;:&quot;slide&quot;,&quot;speed&quot;:500}\" data-widget_type=\"image-carousel.default\">\n\t\t\t\t\t\t\t<div class=\"elementor-image-carousel-wrapper swiper\" role=\"region\" aria-roledescription=\"carousel\" aria-label=\"Carrusel de im\u00e1genes\" dir=\"ltr\">\n\t\t\t<div class=\"elementor-image-carousel swiper-wrapper\" aria-live=\"off\">\n\t\t\t\t\t\t\t\t<div class=\"swiper-slide\" role=\"group\" aria-roledescription=\"slide\" aria-label=\"1 de 2\"><figure class=\"swiper-slide-inner\"><img decoding=\"async\" class=\"swiper-slide-image\" src=\"https:\/\/soymigrante.com\/revista\/wp-content\/uploads\/2023\/12\/apoyo-en-guatemala-768x768.webp\" alt=\"Junto a un grupo de migrantes guatemaltecos se realiza la colecta de vivieres, ropa e insumos de primera necesidad para personas de escasos recursos en Guatemala\" \/><figcaption class=\"elementor-image-carousel-caption\">Junto a un grupo de migrantes guatemaltecos se realiza la colecta de vivieres, ropa e insumos de primera necesidad para personas de escasos recursos en Guatemala <\/figcaption><\/figure><\/div><div class=\"swiper-slide\" role=\"group\" aria-roledescription=\"slide\" aria-label=\"2 de 2\"><figure class=\"swiper-slide-inner\"><img decoding=\"async\" class=\"swiper-slide-image\" src=\"https:\/\/soymigrante.com\/revista\/wp-content\/uploads\/2023\/12\/ayuda-en-guatemala-768x768.webp\" alt=\"El apoyo se realiza a trav\u00e9s de la coordinaci\u00f3n con personas en Guatemala e instancias en Quetzaltenango. Guatemala.\" \/><figcaption class=\"elementor-image-carousel-caption\">El apoyo se realiza a trav\u00e9s de la coordinaci\u00f3n con personas en Guatemala e instancias en Quetzaltenango. Guatemala.<\/figcaption><\/figure><\/div>\t\t\t<\/div>\n\t\t\t\t\t\t\t\t\t\t\t\t<div class=\"elementor-swiper-button elementor-swiper-button-prev\" role=\"button\" tabindex=\"0\">\n\t\t\t\t\t\t<i aria-hidden=\"true\" class=\"eicon-chevron-left\"><\/i>\t\t\t\t\t<\/div>\n\t\t\t\t\t<div class=\"elementor-swiper-button elementor-swiper-button-next\" role=\"button\" tabindex=\"0\">\n\t\t\t\t\t\t<i aria-hidden=\"true\" class=\"eicon-chevron-right\"><\/i>\t\t\t\t\t<\/div>\n\t\t\t\t\n\t\t\t\t\t\t\t\t\t<div class=\"swiper-pagination\"><\/div>\n\t\t\t\t\t\t\t\t\t<\/div>\n\t\t\t\t\t\t<\/div>\n\t\t\t\t\t<\/div>\n\t\t<\/div>\n\t\t\t\t\t<\/div>\n\t\t<\/section>\n\t\t\t\t<section data-particle_enable=\"false\" data-particle-mobile-disabled=\"false\" class=\"elementor-section elementor-top-section elementor-element elementor-element-df340de elementor-section-boxed elementor-section-height-default elementor-section-height-default\" data-id=\"df340de\" data-element_type=\"section\" data-e-type=\"section\">\n\t\t\t\t\t\t<div class=\"elementor-container elementor-column-gap-default\">\n\t\t\t\t\t<div class=\"elementor-column elementor-col-100 elementor-top-column elementor-element elementor-element-4358070\" data-id=\"4358070\" data-element_type=\"column\" data-e-type=\"column\">\n\t\t\t<div class=\"elementor-widget-wrap elementor-element-populated\">\n\t\t\t\t\t\t<div class=\"elementor-element elementor-element-f237e09 elementor-testimonial--skin-default elementor-testimonial--layout-image_inline elementor-testimonial--align-center elementor-arrows-yes elementor-pagination-type-bullets elementor-widget elementor-widget-testimonial-carousel\" data-id=\"f237e09\" data-element_type=\"widget\" data-e-type=\"widget\" data-settings=\"{&quot;show_arrows&quot;:&quot;yes&quot;,&quot;pagination&quot;:&quot;bullets&quot;,&quot;speed&quot;:500,&quot;autoplay&quot;:&quot;yes&quot;,&quot;autoplay_speed&quot;:5000,&quot;loop&quot;:&quot;yes&quot;,&quot;pause_on_hover&quot;:&quot;yes&quot;,&quot;pause_on_interaction&quot;:&quot;yes&quot;,&quot;space_between&quot;:{&quot;unit&quot;:&quot;px&quot;,&quot;size&quot;:10,&quot;sizes&quot;:[]},&quot;space_between_tablet&quot;:{&quot;unit&quot;:&quot;px&quot;,&quot;size&quot;:10,&quot;sizes&quot;:[]},&quot;space_between_mobile&quot;:{&quot;unit&quot;:&quot;px&quot;,&quot;size&quot;:10,&quot;sizes&quot;:[]}}\" data-widget_type=\"testimonial-carousel.default\">\n\t\t\t\t\t\t\t\t\t\t<div class=\"elementor-main-swiper swiper\" role=\"region\" aria-roledescription=\"carousel\" aria-label=\"Diapositivas\">\n\t\t\t\t<div class=\"swiper-wrapper\">\n\t\t\t\t\t\t\t\t\t\t\t<div class=\"swiper-slide\" role=\"group\" aria-roledescription=\"slide\">\n\t\t\t\t\t\t\t\t\t<div class=\"elementor-testimonial\">\n\t\t\t\t\t\t\t<div class=\"elementor-testimonial__content\">\n\t\t\t\t\t<div class=\"elementor-testimonial__text\">\n\t\t\t\t\t\t\u201cPara mi servir al pr\u00f3jimo es la mayor satisfacci\u00f3n, muchos van con un solo tiempo de comida y por eso no podemos ignorar las necesidades de las personas. La gente necesita m\u00e1s que oraci\u00f3n, necesita acci\u00f3n. Quiz\u00e1 no podamos resolver todos los problemas, pero podemos aportar y Dios bendice\u201d.\n\t\t\t\t\t<\/div>\n\t\t\t\t\t\t\t\t\t<\/div>\n\t\t\t\t\t\t<div class=\"elementor-testimonial__footer\">\n\t\t\t\t\t\t\t\t\t<div class=\"elementor-testimonial__image\">\n\t\t\t\t\t\t<img decoding=\"async\" src=\"https:\/\/soymigrante.com\/revista\/wp-content\/uploads\/2023\/12\/Carlos-Reyes.webp\" alt=\"Carlos Reyes migrante guatemalteco \">\n\t\t\t\t\t\t\t\t\t\t\t<\/div>\n\t\t\t\t\t\t\t\t<cite class=\"elementor-testimonial__cite\"><span class=\"elementor-testimonial__name\">Juan Reyes <\/span><span class=\"elementor-testimonial__title\">Empresario migrante guatemalteco<\/span><\/cite>\t\t\t<\/div>\n\t\t<\/div>\n\t\t\t\t\t\t\t\t<\/div>\n\t\t\t\t\t\t\t\t\t<\/div>\n\t\t\t\t\t\t\t<\/div>\n\t\t\t\t\t\t\t\t<\/div>\n\t\t\t\t\t<\/div>\n\t\t<\/div>\n\t\t\t\t\t<\/div>\n\t\t<\/section>\n\t\t\t\t<section data-particle_enable=\"false\" data-particle-mobile-disabled=\"false\" class=\"elementor-section elementor-top-section elementor-element elementor-element-05deff1 elementor-section-boxed elementor-section-height-default elementor-section-height-default\" data-id=\"05deff1\" data-element_type=\"section\" data-e-type=\"section\">\n\t\t\t\t\t\t<div class=\"elementor-container elementor-column-gap-default\">\n\t\t\t\t\t<div class=\"elementor-column elementor-col-100 elementor-top-column elementor-element elementor-element-d342738\" data-id=\"d342738\" data-element_type=\"column\" data-e-type=\"column\">\n\t\t\t<div class=\"elementor-widget-wrap elementor-element-populated\">\n\t\t\t\t\t\t<div class=\"elementor-element elementor-element-e804fb3 elementor-arrows-position-inside elementor-pagination-position-outside elementor-widget elementor-widget-image-carousel\" data-id=\"e804fb3\" data-element_type=\"widget\" data-e-type=\"widget\" data-settings=\"{&quot;slides_to_show&quot;:&quot;1&quot;,&quot;navigation&quot;:&quot;both&quot;,&quot;autoplay&quot;:&quot;yes&quot;,&quot;pause_on_hover&quot;:&quot;yes&quot;,&quot;pause_on_interaction&quot;:&quot;yes&quot;,&quot;autoplay_speed&quot;:5000,&quot;infinite&quot;:&quot;yes&quot;,&quot;effect&quot;:&quot;slide&quot;,&quot;speed&quot;:500}\" data-widget_type=\"image-carousel.default\">\n\t\t\t\t\t\t\t<div class=\"elementor-image-carousel-wrapper swiper\" role=\"region\" aria-roledescription=\"carousel\" aria-label=\"Carrusel de im\u00e1genes\" dir=\"ltr\">\n\t\t\t<div class=\"elementor-image-carousel swiper-wrapper\" aria-live=\"off\">\n\t\t\t\t\t\t\t\t<div class=\"swiper-slide\" role=\"group\" aria-roledescription=\"slide\" aria-label=\"1 de 2\"><figure class=\"swiper-slide-inner\"><img decoding=\"async\" class=\"swiper-slide-image\" src=\"https:\/\/soymigrante.com\/revista\/wp-content\/uploads\/2023\/12\/padres-768x768.webp\" alt=\"Genaro Reyes, Carmelina Ajpacaja fueron los padres de Carlos, siempre lo impulsaron a seguir adelante y luchar para construir un hogar.\" \/><figcaption class=\"elementor-image-carousel-caption\">Genaro Reyes, Carmelina Ajpacaja fueron los padres de Carlos, siempre lo impulsaron a seguir adelante y luchar para construir un hogar.<\/figcaption><\/figure><\/div><div class=\"swiper-slide\" role=\"group\" aria-roledescription=\"slide\" aria-label=\"2 de 2\"><figure class=\"swiper-slide-inner\"><img decoding=\"async\" class=\"swiper-slide-image\" src=\"https:\/\/soymigrante.com\/revista\/wp-content\/uploads\/2023\/12\/hijos-y-nietos-768x768.webp\" alt=\"El migrante Carlos form\u00f3 su hogar en Estados Unidos y declara la importancia de estar reunida con la familia que le ha brindado bastante apoyo. Los padres de Carlos se encuentran ya fallecidos, a pesar del dolor siempre los recuerda con el ejemplo amor.\" \/><figcaption class=\"elementor-image-carousel-caption\">El migrante Carlos form\u00f3 su hogar en Estados Unidos y declara la importancia de estar reunida con la familia que le ha brindado bastante apoyo. Los padres de Carlos se encuentran ya fallecidos, a pesar del dolor siempre los recuerda con el ejemplo amor.\n<\/figcaption><\/figure><\/div>\t\t\t<\/div>\n\t\t\t\t\t\t\t\t\t\t\t\t<div class=\"elementor-swiper-button elementor-swiper-button-prev\" role=\"button\" tabindex=\"0\">\n\t\t\t\t\t\t<i aria-hidden=\"true\" class=\"eicon-chevron-left\"><\/i>\t\t\t\t\t<\/div>\n\t\t\t\t\t<div class=\"elementor-swiper-button elementor-swiper-button-next\" role=\"button\" tabindex=\"0\">\n\t\t\t\t\t\t<i aria-hidden=\"true\" class=\"eicon-chevron-right\"><\/i>\t\t\t\t\t<\/div>\n\t\t\t\t\n\t\t\t\t\t\t\t\t\t<div class=\"swiper-pagination\"><\/div>\n\t\t\t\t\t\t\t\t\t<\/div>\n\t\t\t\t\t\t<\/div>\n\t\t\t\t\t<\/div>\n\t\t<\/div>\n\t\t\t\t\t<\/div>\n\t\t<\/section>\n\t\t\t\t<section data-particle_enable=\"false\" data-particle-mobile-disabled=\"false\" class=\"elementor-section elementor-top-section elementor-element elementor-element-35a165b elementor-section-boxed elementor-section-height-default elementor-section-height-default\" data-id=\"35a165b\" data-element_type=\"section\" data-e-type=\"section\">\n\t\t\t\t\t\t<div class=\"elementor-container elementor-column-gap-default\">\n\t\t\t\t\t<div class=\"elementor-column elementor-col-100 elementor-top-column elementor-element elementor-element-d661e36\" data-id=\"d661e36\" data-element_type=\"column\" data-e-type=\"column\">\n\t\t\t<div class=\"elementor-widget-wrap elementor-element-populated\">\n\t\t\t\t\t\t<div class=\"elementor-element elementor-element-f696e34 elementor-widget elementor-widget-text-editor\" data-id=\"f696e34\" data-element_type=\"widget\" data-e-type=\"widget\" data-widget_type=\"text-editor.default\">\n\t\t\t\t\t\t\t\t\t<p><span style=\"font-weight: 400;\">Genaro Reyes, Carmelina Ajpacaja fueron los padres de Carlos, siempre lo impulsaron a seguir adelante y luchar para construir un hogar. Su esposa Mar\u00eda, sus hijos Aron, Kimberly y Laura son el centro para continuar con la prosperidad del negocio y el amor familiar.<\/span><\/p><p><span style=\"font-weight: 400;\">\u201cEstados Unidos dej\u00f3 de ser el sue\u00f1o americano. Hoy en d\u00eda habr\u00eda que pensar la decisi\u00f3n de migrar. Existen casos de estafa y los costos son demasiado altos, entre 150 mil quetzales a m\u00e1s ascienden las deudas y trabajar es dif\u00edcil. Invit\u00f3 a los j\u00f3venes para que estudien carreras t\u00e9cnicas que les permita desarrollar habilidades y sobre todo emprender oportunidades en el pa\u00eds\u201d<\/span><\/p>\t\t\t\t\t\t\t\t<\/div>\n\t\t\t\t\t<\/div>\n\t\t<\/div>\n\t\t\t\t\t<\/div>\n\t\t<\/section>\n\t\t\t\t<section data-particle_enable=\"false\" data-particle-mobile-disabled=\"false\" class=\"elementor-section elementor-top-section elementor-element elementor-element-fcc770c elementor-section-boxed elementor-section-height-default elementor-section-height-default\" data-id=\"fcc770c\" data-element_type=\"section\" data-e-type=\"section\">\n\t\t\t\t\t\t<div class=\"elementor-container elementor-column-gap-default\">\n\t\t\t\t\t<div class=\"elementor-column elementor-col-100 elementor-top-column elementor-element elementor-element-82db0d1\" data-id=\"82db0d1\" data-element_type=\"column\" data-e-type=\"column\">\n\t\t\t<div class=\"elementor-widget-wrap elementor-element-populated\">\n\t\t\t\t\t\t<div class=\"elementor-element elementor-element-5f49382 elementor-testimonial--skin-default elementor-testimonial--layout-image_inline elementor-testimonial--align-center elementor-arrows-yes elementor-pagination-type-bullets elementor-widget elementor-widget-testimonial-carousel\" data-id=\"5f49382\" data-element_type=\"widget\" data-e-type=\"widget\" data-settings=\"{&quot;show_arrows&quot;:&quot;yes&quot;,&quot;pagination&quot;:&quot;bullets&quot;,&quot;speed&quot;:500,&quot;autoplay&quot;:&quot;yes&quot;,&quot;autoplay_speed&quot;:5000,&quot;loop&quot;:&quot;yes&quot;,&quot;pause_on_hover&quot;:&quot;yes&quot;,&quot;pause_on_interaction&quot;:&quot;yes&quot;,&quot;space_between&quot;:{&quot;unit&quot;:&quot;px&quot;,&quot;size&quot;:10,&quot;sizes&quot;:[]},&quot;space_between_tablet&quot;:{&quot;unit&quot;:&quot;px&quot;,&quot;size&quot;:10,&quot;sizes&quot;:[]},&quot;space_between_mobile&quot;:{&quot;unit&quot;:&quot;px&quot;,&quot;size&quot;:10,&quot;sizes&quot;:[]}}\" data-widget_type=\"testimonial-carousel.default\">\n\t\t\t\t\t\t\t\t\t\t<div class=\"elementor-main-swiper swiper\" role=\"region\" aria-roledescription=\"carousel\" aria-label=\"Diapositivas\">\n\t\t\t\t<div class=\"swiper-wrapper\">\n\t\t\t\t\t\t\t\t\t\t\t<div class=\"swiper-slide\" role=\"group\" aria-roledescription=\"slide\">\n\t\t\t\t\t\t\t\t\t<div class=\"elementor-testimonial\">\n\t\t\t\t\t\t\t<div class=\"elementor-testimonial__content\">\n\t\t\t\t\t<div class=\"elementor-testimonial__text\">\n\t\t\t\t\t\t\u201cEs importante enfocarse en las metas. Muchas personas vienen y se pierden en los vicios y eso dificulta el crecimiento personal. Por eso es importante pensar cuales son nuestros objetivos y nunca perder el prop\u00f3sito\u201d.\n\t\t\t\t\t<\/div>\n\t\t\t\t\t\t\t\t\t<\/div>\n\t\t\t\t\t\t<div class=\"elementor-testimonial__footer\">\n\t\t\t\t\t\t\t\t\t<div class=\"elementor-testimonial__image\">\n\t\t\t\t\t\t<img decoding=\"async\" src=\"https:\/\/soymigrante.com\/revista\/wp-content\/uploads\/2023\/12\/Carlos-Reyes.webp\" alt=\"Carlos Reyes migrante guatemalteco\">\n\t\t\t\t\t\t\t\t\t\t\t<\/div>\n\t\t\t\t\t\t\t\t<cite class=\"elementor-testimonial__cite\"><span class=\"elementor-testimonial__name\">Carlos Reyes <\/span><span class=\"elementor-testimonial__title\">Empresario migrante guatemalteco <\/span><\/cite>\t\t\t<\/div>\n\t\t<\/div>\n\t\t\t\t\t\t\t\t<\/div>\n\t\t\t\t\t\t\t\t\t<\/div>\n\t\t\t\t\t\t\t<\/div>\n\t\t\t\t\t\t\t\t<\/div>\n\t\t\t\t\t<\/div>\n\t\t<\/div>\n\t\t\t\t\t<\/div>\n\t\t<\/section>\n\t\t\t\t<section data-particle_enable=\"false\" data-particle-mobile-disabled=\"false\" class=\"elementor-section elementor-top-section elementor-element elementor-element-c62ca9d elementor-section-boxed elementor-section-height-default elementor-section-height-default\" data-id=\"c62ca9d\" data-element_type=\"section\" data-e-type=\"section\">\n\t\t\t\t\t\t<div class=\"elementor-container elementor-column-gap-default\">\n\t\t\t\t\t<div class=\"elementor-column elementor-col-100 elementor-top-column elementor-element elementor-element-7971efa\" data-id=\"7971efa\" data-element_type=\"column\" data-e-type=\"column\">\n\t\t\t<div class=\"elementor-widget-wrap elementor-element-populated\">\n\t\t\t\t\t\t<div class=\"elementor-element elementor-element-57ffd1a elementor-widget elementor-widget-heading\" data-id=\"57ffd1a\" data-element_type=\"widget\" data-e-type=\"widget\" data-widget_type=\"heading.default\">\n\t\t\t\t\t<h2 class=\"elementor-heading-title elementor-size-default\">M\u00e1s relatos te esperan...<\/h2>\t\t\t\t<\/div>\n\t\t\t\t\t<\/div>\n\t\t<\/div>\n\t\t\t\t\t<\/div>\n\t\t<\/section>\n\t\t\t\t<section data-particle_enable=\"false\" data-particle-mobile-disabled=\"false\" class=\"elementor-section elementor-top-section elementor-element elementor-element-772f069 elementor-section-boxed elementor-section-height-default elementor-section-height-default\" data-id=\"772f069\" data-element_type=\"section\" data-e-type=\"section\">\n\t\t\t\t\t\t<div class=\"elementor-container elementor-column-gap-default\">\n\t\t\t\t\t<div class=\"elementor-column elementor-col-100 elementor-top-column elementor-element elementor-element-3a1256b\" data-id=\"3a1256b\" data-element_type=\"column\" data-e-type=\"column\">\n\t\t\t<div class=\"elementor-widget-wrap elementor-element-populated\">\n\t\t\t\t\t\t<div class=\"elementor-element elementor-element-3870e09 elementor-grid-eael-col-2 elementor-grid-tablet-eael-col-2 elementor-grid-mobile-eael-col-1 elementor-widget elementor-widget-eael-post-grid\" data-id=\"3870e09\" data-element_type=\"widget\" data-e-type=\"widget\" data-settings=\"{&quot;eael_post_grid_columns&quot;:&quot;eael-col-2&quot;,&quot;eael_post_grid_columns_tablet&quot;:&quot;eael-col-2&quot;,&quot;eael_post_grid_columns_mobile&quot;:&quot;eael-col-1&quot;}\" data-widget_type=\"eael-post-grid.default\">\n\t\t\t\t\t<div id=\"eael-post-grid-3870e09\" class=\"eael-post-grid-container\">\n            <div class=\"eael-post-grid eael-post-appender eael-post-appender-3870e09 eael-post-grid-style-one\" data-layout-mode=\"masonry\"><article class=\"eael-grid-post  eael-post-grid-column eael-pg-post-4097 category-exitos\" data-id=\"4097\">\n        <div class=\"eael-grid-post-holder\">\n            <div class=\"eael-grid-post-holder-inner\"><div class=\"eael-entry-media\"><div class=\"eael-entry-overlay fade-in\"><i class=\"fas fa-long-arrow-alt-right\" aria-hidden=\"true\"><\/i><a href=\"https:\/\/soymigrante.com\/revista\/migrante-guatemalteca-milwaukee-wisconsin-guarderia-ninera-panaderia-organica\/\"><\/a><\/div><div class=\"eael-entry-thumbnail \">\n                <img decoding=\"async\" width=\"262\" height=\"300\" src=\"https:\/\/soymigrante.com\/revista\/wp-content\/uploads\/2023\/12\/MIGRANTE-GUATEMALTECA-MARIA-ELENA-MORALES-EN-MILWAUKEE-WISCONSIN-2-262x300.webp\" class=\"attachment-medium size-medium wp-image-4100\" alt=\"\" srcset=\"https:\/\/soymigrante.com\/revista\/wp-content\/uploads\/2023\/12\/MIGRANTE-GUATEMALTECA-MARIA-ELENA-MORALES-EN-MILWAUKEE-WISCONSIN-2-262x300.webp 262w, https:\/\/soymigrante.com\/revista\/wp-content\/uploads\/2023\/12\/MIGRANTE-GUATEMALTECA-MARIA-ELENA-MORALES-EN-MILWAUKEE-WISCONSIN-2.webp 321w\" sizes=\"(max-width: 262px) 100vw, 262px\" \/>\n            <\/div>\n        <\/div><div class=\"eael-entry-wrapper\"><header class=\"eael-entry-header\"><h2 class=\"eael-entry-title\"><a class=\"eael-grid-post-link\" href=\"https:\/\/soymigrante.com\/revista\/migrante-guatemalteca-milwaukee-wisconsin-guarderia-ninera-panaderia-organica\/\" title=\"Maestra migrante Mar\u00eda Elena Morales amasa un fresco porvenir\">Maestra migrante Mar\u00eda Elena Morales amasa un fresco porvenir<\/a><\/h2><\/header><\/div><\/div>\n        <\/div>\n    <\/article><article class=\"eael-grid-post  eael-post-grid-column eael-pg-post-4008 category-exitos\" data-id=\"4008\">\n        <div class=\"eael-grid-post-holder\">\n            <div class=\"eael-grid-post-holder-inner\"><div class=\"eael-entry-media\"><div class=\"eael-entry-overlay fade-in\"><i class=\"fas fa-long-arrow-alt-right\" aria-hidden=\"true\"><\/i><a href=\"https:\/\/soymigrante.com\/revista\/matrimonio-migrante-marine-corps-finanzas-amor-familia-guatemalteca-finanzas\/\"><\/a><\/div><div class=\"eael-entry-thumbnail \">\n                <img decoding=\"async\" width=\"300\" height=\"244\" src=\"https:\/\/soymigrante.com\/revista\/wp-content\/uploads\/2023\/12\/JONATHANY-EYLI-MARINE-FOTO-e1703652746213-300x244.webp\" class=\"attachment-medium size-medium wp-image-4013\" alt=\"\" srcset=\"https:\/\/soymigrante.com\/revista\/wp-content\/uploads\/2023\/12\/JONATHANY-EYLI-MARINE-FOTO-e1703652746213-300x244.webp 300w, https:\/\/soymigrante.com\/revista\/wp-content\/uploads\/2023\/12\/JONATHANY-EYLI-MARINE-FOTO-e1703652746213-1024x835.webp 1024w, https:\/\/soymigrante.com\/revista\/wp-content\/uploads\/2023\/12\/JONATHANY-EYLI-MARINE-FOTO-e1703652746213-768x626.webp 768w, https:\/\/soymigrante.com\/revista\/wp-content\/uploads\/2023\/12\/JONATHANY-EYLI-MARINE-FOTO-e1703652746213-1536x1252.webp 1536w, https:\/\/soymigrante.com\/revista\/wp-content\/uploads\/2023\/12\/JONATHANY-EYLI-MARINE-FOTO-e1703652746213-750x611.webp 750w, https:\/\/soymigrante.com\/revista\/wp-content\/uploads\/2023\/12\/JONATHANY-EYLI-MARINE-FOTO-e1703652746213-1140x929.webp 1140w, https:\/\/soymigrante.com\/revista\/wp-content\/uploads\/2023\/12\/JONATHANY-EYLI-MARINE-FOTO-e1703652746213.webp 1920w\" sizes=\"(max-width: 300px) 100vw, 300px\" \/>\n            <\/div>\n        <\/div><div class=\"eael-entry-wrapper\"><header class=\"eael-entry-header\"><h2 class=\"eael-entry-title\"><a class=\"eael-grid-post-link\" href=\"https:\/\/soymigrante.com\/revista\/matrimonio-migrante-marine-corps-finanzas-amor-familia-guatemalteca-finanzas\/\" title=\"Eyly y Jonathan Luna: historia de amor, lucha y superaci\u00f3n migrante\">Eyly y Jonathan Luna: historia de amor, lucha y superaci\u00f3n migrante<\/a><\/h2><\/header><\/div><\/div>\n        <\/div>\n    <\/article><article class=\"eael-grid-post  eael-post-grid-column eael-pg-post-3908 category-exitos\" data-id=\"3908\">\n        <div class=\"eael-grid-post-holder\">\n            <div class=\"eael-grid-post-holder-inner\"><div class=\"eael-entry-media\"><div class=\"eael-entry-overlay fade-in\"><i class=\"fas fa-long-arrow-alt-right\" aria-hidden=\"true\"><\/i><a href=\"https:\/\/soymigrante.com\/revista\/familia-migrante-guatemalteca-comparte-del-horno-a-la-mesa\/\"><\/a><\/div><div class=\"eael-entry-thumbnail \">\n                <img loading=\"lazy\" decoding=\"async\" width=\"300\" height=\"169\" src=\"https:\/\/soymigrante.com\/revista\/wp-content\/uploads\/2023\/12\/destacada-1-1-300x169.webp\" class=\"attachment-medium size-medium wp-image-3911\" alt=\"La familia migrante guatemalteca Cabrera S\u00e1nchez son propietarios de la panader\u00eda Quetzalpan bakery, ofrece variedad de panes artesanales y pasteles tradicionales\" srcset=\"https:\/\/soymigrante.com\/revista\/wp-content\/uploads\/2023\/12\/destacada-1-1-300x169.webp 300w, https:\/\/soymigrante.com\/revista\/wp-content\/uploads\/2023\/12\/destacada-1-1-1024x576.webp 1024w, https:\/\/soymigrante.com\/revista\/wp-content\/uploads\/2023\/12\/destacada-1-1-768x432.webp 768w, https:\/\/soymigrante.com\/revista\/wp-content\/uploads\/2023\/12\/destacada-1-1-1536x864.webp 1536w, https:\/\/soymigrante.com\/revista\/wp-content\/uploads\/2023\/12\/destacada-1-1-scaled.webp 1920w, https:\/\/soymigrante.com\/revista\/wp-content\/uploads\/2023\/12\/destacada-1-1-750x422.webp 750w, https:\/\/soymigrante.com\/revista\/wp-content\/uploads\/2023\/12\/destacada-1-1-1140x641.webp 1140w\" sizes=\"(max-width: 300px) 100vw, 300px\" \/>\n            <\/div>\n        <\/div><div class=\"eael-entry-wrapper\"><header class=\"eael-entry-header\"><h2 class=\"eael-entry-title\"><a class=\"eael-grid-post-link\" href=\"https:\/\/soymigrante.com\/revista\/familia-migrante-guatemalteca-comparte-del-horno-a-la-mesa\/\" title=\"Familia migrante guatemalteca hornea con amor en Maryland\">Familia migrante guatemalteca hornea con amor en Maryland<\/a><\/h2><\/header><\/div><\/div>\n        <\/div>\n    <\/article><article class=\"eael-grid-post  eael-post-grid-column eael-pg-post-3799 category-exitos\" data-id=\"3799\">\n        <div class=\"eael-grid-post-holder\">\n            <div class=\"eael-grid-post-holder-inner\"><div class=\"eael-entry-media\"><div class=\"eael-entry-overlay fade-in\"><i class=\"fas fa-long-arrow-alt-right\" aria-hidden=\"true\"><\/i><a href=\"https:\/\/soymigrante.com\/revista\/migrante-estilista-guatemalteco-sergio-arevalo-increible-historia-ayuda-ninez\/\"><\/a><\/div><div class=\"eael-entry-thumbnail \">\n                <img loading=\"lazy\" decoding=\"async\" width=\"300\" height=\"259\" src=\"https:\/\/soymigrante.com\/revista\/wp-content\/uploads\/2023\/12\/sergio-fernando-arevalo-chilera-300x259.webp\" class=\"attachment-medium size-medium wp-image-3800\" alt=\"sergio fernando arevalo chilera\" srcset=\"https:\/\/soymigrante.com\/revista\/wp-content\/uploads\/2023\/12\/sergio-fernando-arevalo-chilera-300x259.webp 300w, https:\/\/soymigrante.com\/revista\/wp-content\/uploads\/2023\/12\/sergio-fernando-arevalo-chilera-1024x883.webp 1024w, https:\/\/soymigrante.com\/revista\/wp-content\/uploads\/2023\/12\/sergio-fernando-arevalo-chilera-768x662.webp 768w, https:\/\/soymigrante.com\/revista\/wp-content\/uploads\/2023\/12\/sergio-fernando-arevalo-chilera-750x646.jpg 750w, https:\/\/soymigrante.com\/revista\/wp-content\/uploads\/2023\/12\/sergio-fernando-arevalo-chilera-1140x983.jpg 1140w, https:\/\/soymigrante.com\/revista\/wp-content\/uploads\/2023\/12\/sergio-fernando-arevalo-chilera.webp 1333w\" sizes=\"(max-width: 300px) 100vw, 300px\" \/>\n            <\/div>\n        <\/div><div class=\"eael-entry-wrapper\"><header class=\"eael-entry-header\"><h2 class=\"eael-entry-title\"><a class=\"eael-grid-post-link\" href=\"https:\/\/soymigrante.com\/revista\/migrante-estilista-guatemalteco-sergio-arevalo-increible-historia-ayuda-ninez\/\" title=\"&#8220;Nunca paro de so\u00f1ar&#8221;: la incre\u00edble historia del estilista y migrante Sergio Fernando Ar\u00e9valo\">&#8220;Nunca paro de so\u00f1ar&#8221;: la incre\u00edble historia del estilista y migrante Sergio Fernando Ar\u00e9valo<\/a><\/h2><\/header><\/div><\/div>\n        <\/div>\n    <\/article><article class=\"eael-grid-post  eael-post-grid-column eael-pg-post-3091 category-exitos\" data-id=\"3091\">\n        <div class=\"eael-grid-post-holder\">\n            <div class=\"eael-grid-post-holder-inner\"><div class=\"eael-entry-media\"><div class=\"eael-entry-overlay fade-in\"><i class=\"fas fa-long-arrow-alt-right\" aria-hidden=\"true\"><\/i><a href=\"https:\/\/soymigrante.com\/revista\/migrante-guatemalteca-juana-lopez-ingenio-del-sabor-chapin\/\"><\/a><\/div><div class=\"eael-entry-thumbnail \">\n                <img loading=\"lazy\" decoding=\"async\" width=\"300\" height=\"256\" src=\"https:\/\/soymigrante.com\/revista\/wp-content\/uploads\/2023\/10\/juanita-300x256.webp\" class=\"attachment-medium size-medium wp-image-3108\" alt=\"\" srcset=\"https:\/\/soymigrante.com\/revista\/wp-content\/uploads\/2023\/10\/juanita-300x256.webp 300w, https:\/\/soymigrante.com\/revista\/wp-content\/uploads\/2023\/10\/juanita-768x655.webp 768w, https:\/\/soymigrante.com\/revista\/wp-content\/uploads\/2023\/10\/juanita-750x640.webp 750w, https:\/\/soymigrante.com\/revista\/wp-content\/uploads\/2023\/10\/juanita.webp 917w\" sizes=\"(max-width: 300px) 100vw, 300px\" \/>\n            <\/div>\n        <\/div><div class=\"eael-entry-wrapper\"><header class=\"eael-entry-header\"><h2 class=\"eael-entry-title\"><a class=\"eael-grid-post-link\" href=\"https:\/\/soymigrante.com\/revista\/migrante-guatemalteca-juana-lopez-ingenio-del-sabor-chapin\/\" title=\"La migrante Juana L\u00f3pez y el dulce sabor de una familia unida\">La migrante Juana L\u00f3pez y el dulce sabor de una familia unida<\/a><\/h2><\/header><\/div><\/div>\n        <\/div>\n    <\/article><article class=\"eael-grid-post  eael-post-grid-column eael-pg-post-1118 category-exitos\" data-id=\"1118\">\n        <div class=\"eael-grid-post-holder\">\n            <div class=\"eael-grid-post-holder-inner\"><div class=\"eael-entry-media\"><div class=\"eael-entry-overlay fade-in\"><i class=\"fas fa-long-arrow-alt-right\" aria-hidden=\"true\"><\/i><a href=\"https:\/\/soymigrante.com\/revista\/migrante-guatemalteco-julio-cota-es-fotografo-en-nueva-york\/\"><\/a><\/div><div class=\"eael-entry-thumbnail \">\n                <img loading=\"lazy\" decoding=\"async\" width=\"300\" height=\"300\" src=\"https:\/\/soymigrante.com\/revista\/wp-content\/uploads\/2023\/06\/SM_7-300x300.webp\" class=\"attachment-medium size-medium wp-image-1167\" alt=\"Julio Cota fotografo migrante en nueva york\" srcset=\"https:\/\/soymigrante.com\/revista\/wp-content\/uploads\/2023\/06\/SM_7-300x300.webp 300w, https:\/\/soymigrante.com\/revista\/wp-content\/uploads\/2023\/06\/SM_7-150x150.webp 150w, https:\/\/soymigrante.com\/revista\/wp-content\/uploads\/2023\/06\/SM_7-75x75.webp 75w, https:\/\/soymigrante.com\/revista\/wp-content\/uploads\/2023\/06\/SM_7.webp 400w\" sizes=\"(max-width: 300px) 100vw, 300px\" \/>\n            <\/div>\n        <\/div><div class=\"eael-entry-wrapper\"><header class=\"eael-entry-header\"><h2 class=\"eael-entry-title\"><a class=\"eael-grid-post-link\" href=\"https:\/\/soymigrante.com\/revista\/migrante-guatemalteco-julio-cota-es-fotografo-en-nueva-york\/\" title=\"Migrante guatemalteco Julio Cota cuenta historias fotogr\u00e1ficas en Nueva York\">Migrante guatemalteco Julio Cota cuenta historias fotogr\u00e1ficas en Nueva York<\/a><\/h2><\/header><\/div><\/div>\n        <\/div>\n    <\/article><\/div>\n            <div class=\"clearfix\"><\/div>\n        <\/div>\t\t\t\t<\/div>\n\t\t\t\t\t<\/div>\n\t\t<\/div>\n\t\t\t\t\t<\/div>\n\t\t<\/section>\n\t\t\t\t<\/div>\n\t\t","protected":false},"excerpt":{"rendered":"<p>Carlos Reyes, migrante originario de Quetzaltenango residente en Nashville Tennessee genera trabajo para carpinteros, electricistas, alba\u00f1iles y jardineros, en su compa\u00f1\u00eda de remodelaci\u00f3n, la cual naci\u00f3 cuando alguna vez \u00e9l se qued\u00f3 sin empleo. Este es su camino de vida. El migrante Carlos Reyes tom\u00f3 la decisi\u00f3n de migrar cuando ten\u00eda 20 a\u00f1os de edad. [&hellip;]<\/p>\n","protected":false},"author":10,"featured_media":4172,"comment_status":"open","ping_status":"open","sticky":false,"template":"","format":"standard","meta":{"_acf_changed":false,"_eb_attr":"","footnotes":""},"categories":[50],"tags":[],"class_list":["post-4149","post","type-post","status-publish","format-standard","has-post-thumbnail","hentry","category-exitos"],"acf":[],"aioseo_notices":[],"aioseo_head":"\n\t\t<!-- All in One SEO Pro 4.9.6.2 - aioseo.com -->\n\t<meta name=\"description\" content=\"Julio Cota Julajuj, oriundo del caser\u00edo Tierra Linda departamento de Solol\u00e1, llego a Estados Unidos hace tres a\u00f1os y medio. Este migrante guatemalteco trabaj\u00f3 en un restaurantes, pero su pasi\u00f3n y talento es la fotograf\u00eda. Se siente muy orgulloso de ser migrante y guatemalteco. Desde la tierra del paisaje departamento de Solol\u00e1, Julio a la\" \/>\n\t<meta name=\"robots\" content=\"max-snippet:-1, max-image-preview:large, max-video-preview:-1\" \/>\n\t<meta name=\"author\" content=\"Diana Batz\"\/>\n\t<link rel=\"canonical\" href=\"https:\/\/soymigrante.com\/revista\/migrante-guatemalteco-julio-cota-es-fotografo-en-nueva-york\/\" \/>\n\t<meta name=\"generator\" content=\"All in One SEO Pro (AIOSEO) 4.9.6.2\" \/>\n\n\t\t<link rel=\"preconnect\" href=\"https:\/\/fonts.googleapis.com\" crossorigin>\n<link rel=\"preconnect\" href=\"https:\/\/fonts.gstatic.com\" crossorigin>\n\t\t<meta property=\"og:locale\" content=\"es_ES\" \/>\n\t\t<meta property=\"og:site_name\" content=\"SoyMigrante.com REVISTA \u2013 Nuestra misi\u00f3n es reconocer y dignificar al migrante.\" \/>\n\t\t<meta property=\"og:type\" content=\"article\" \/>\n\t\t<meta property=\"og:title\" content=\"Migrante guatemalteco Julio Cota cuenta historias fotogr\u00e1ficas en Nueva York\" \/>\n\t\t<meta property=\"og:description\" content=\"Julio Cota Julajuj, oriundo del caser\u00edo Tierra Linda departamento de Solol\u00e1, llego a Estados Unidos hace tres a\u00f1os y medio. Este migrante guatemalteco trabaj\u00f3 en un restaurantes, pero su pasi\u00f3n y talento es la fotograf\u00eda. Se siente muy orgulloso de ser migrante y guatemalteco. Desde la tierra del paisaje departamento de Solol\u00e1, Julio a la\" \/>\n\t\t<meta property=\"og:url\" content=\"https:\/\/soymigrante.com\/revista\/migrante-guatemalteco-julio-cota-es-fotografo-en-nueva-york\/\" \/>\n\t\t<meta property=\"og:image\" content=\"https:\/\/soymigrante.com\/revista\/wp-content\/uploads\/2023\/06\/SM_7.webp\" \/>\n\t\t<meta property=\"og:image:secure_url\" content=\"https:\/\/soymigrante.com\/revista\/wp-content\/uploads\/2023\/06\/SM_7.webp\" \/>\n\t\t<meta property=\"og:image:width\" content=\"400\" \/>\n\t\t<meta property=\"og:image:height\" content=\"400\" \/>\n\t\t<meta property=\"article:published_time\" content=\"2023-05-31T21:35:39+00:00\" \/>\n\t\t<meta property=\"article:modified_time\" content=\"2024-11-01T12:54:39+00:00\" \/>\n\t\t<meta property=\"article:publisher\" content=\"https:\/\/www.facebook.com\/soymigrantecom\" \/>\n\t\t<meta name=\"twitter:card\" content=\"summary_large_image\" \/>\n\t\t<meta name=\"twitter:site\" content=\"@SoyMigrante_com\" \/>\n\t\t<meta name=\"twitter:title\" content=\"Migrante guatemalteco Julio Cota cuenta historias fotogr\u00e1ficas en Nueva York\" \/>\n\t\t<meta name=\"twitter:description\" content=\"Julio Cota Julajuj, oriundo del caser\u00edo Tierra Linda departamento de Solol\u00e1, llego a Estados Unidos hace tres a\u00f1os y medio. Este migrante guatemalteco trabaj\u00f3 en un restaurantes, pero su pasi\u00f3n y talento es la fotograf\u00eda. Se siente muy orgulloso de ser migrante y guatemalteco. Desde la tierra del paisaje departamento de Solol\u00e1, Julio a la\" \/>\n\t\t<meta name=\"twitter:creator\" content=\"@SoyMigrante_com\" \/>\n\t\t<meta name=\"twitter:image\" content=\"https:\/\/soymigrante.com\/revista\/wp-content\/uploads\/2023\/06\/SM_7.webp\" \/>\n\t\t<!-- All in One SEO Pro -->\r\n\t\t<title>Migrante guatemalteco Julio Cota cuenta historias fotogr\u00e1ficas en Nueva York<\/title>\n\n","aioseo_head_json":{"title":"Migrante guatemalteco Julio Cota cuenta historias fotogr\u00e1ficas en Nueva York","description":"Julio Cota Julajuj, oriundo del caser\u00edo Tierra Linda departamento de Solol\u00e1, llego a Estados Unidos hace tres a\u00f1os y medio. Este migrante guatemalteco trabaj\u00f3 en un restaurantes, pero su pasi\u00f3n y talento es la fotograf\u00eda. Se siente muy orgulloso de ser migrante y guatemalteco. Desde la tierra del paisaje departamento de Solol\u00e1, Julio a la","canonical_url":"https:\/\/soymigrante.com\/revista\/migrante-guatemalteco-julio-cota-es-fotografo-en-nueva-york\/","robots":"max-snippet:-1, max-image-preview:large, max-video-preview:-1","keywords":"","webmasterTools":{"miscellaneous":"&lt;link rel=\"preconnect\" href=\"https:\/\/fonts.googleapis.com\" crossorigin&gt;\n&lt;link rel=\"preconnect\" href=\"https:\/\/fonts.gstatic.com\" crossorigin&gt;"},"schema":null,"og:locale":"es_ES","og:site_name":"SoyMigrante.com REVISTA \u2013 Nuestra misi\u00f3n es reconocer y dignificar al migrante.","og:type":"article","og:title":"Migrante guatemalteco Julio Cota cuenta historias fotogr\u00e1ficas en Nueva York","og:description":"Julio Cota Julajuj, oriundo del caser\u00edo Tierra Linda departamento de Solol\u00e1, llego a Estados Unidos hace tres a\u00f1os y medio. Este migrante guatemalteco trabaj\u00f3 en un restaurantes, pero su pasi\u00f3n y talento es la fotograf\u00eda. Se siente muy orgulloso de ser migrante y guatemalteco. Desde la tierra del paisaje departamento de Solol\u00e1, Julio a la","og:url":"https:\/\/soymigrante.com\/revista\/migrante-guatemalteco-julio-cota-es-fotografo-en-nueva-york\/","og:image":"https:\/\/soymigrante.com\/revista\/wp-content\/uploads\/2023\/06\/SM_7.webp","og:image:secure_url":"https:\/\/soymigrante.com\/revista\/wp-content\/uploads\/2023\/06\/SM_7.webp","og:image:width":400,"og:image:height":400,"article:published_time":"2023-05-31T21:35:39+00:00","article:modified_time":"2024-11-01T12:54:39+00:00","article:publisher":"https:\/\/www.facebook.com\/soymigrantecom","twitter:card":"summary_large_image","twitter:site":"@SoyMigrante_com","twitter:title":"Migrante guatemalteco Julio Cota cuenta historias fotogr\u00e1ficas en Nueva York","twitter:description":"Julio Cota Julajuj, oriundo del caser\u00edo Tierra Linda departamento de Solol\u00e1, llego a Estados Unidos hace tres a\u00f1os y medio. Este migrante guatemalteco trabaj\u00f3 en un restaurantes, pero su pasi\u00f3n y talento es la fotograf\u00eda. Se siente muy orgulloso de ser migrante y guatemalteco. Desde la tierra del paisaje departamento de Solol\u00e1, Julio a la","twitter:creator":"@SoyMigrante_com","twitter:image":"https:\/\/soymigrante.com\/revista\/wp-content\/uploads\/2023\/06\/SM_7.webp"},"aioseo_meta_data":{"post_id":"4149","title":"Carlos migrante guatemalteco trasforma hogares con ingenio","description":"#post_excerpt El migrante guatemalteco Carlos Reyes es l\u00edder se su empresa de remodelaci\u00f3n y jardiner\u00eda en Estados Unidos. Reside en ese pa\u00eds desde hace 33 a\u00f1os.","keywords":[],"keyphrases":{"focus":{"keyphrase":"migrante","score":82,"analysis":{"keyphraseInTitle":{"score":9,"maxScore":9,"error":0},"keyphraseInDescription":{"score":9,"maxScore":9,"error":0},"keyphraseLength":{"score":9,"maxScore":9,"error":0,"length":1},"keyphraseInURL":{"score":5,"maxScore":5,"error":0},"keyphraseInIntroduction":{"score":3,"maxScore":9,"error":1},"keyphraseInSubHeadings":{"score":3,"maxScore":9,"error":1},"keyphraseInImageAlt":{"score":9,"maxScore":9,"error":0},"keywordDensity":{"type":"best","score":9,"maxScore":9,"error":0}}},"additional":[]},"primary_term":null,"canonical_url":null,"og_title":null,"og_description":null,"og_object_type":"default","og_image_type":"default","og_image_url":null,"og_image_width":null,"og_image_height":null,"og_image_custom_url":null,"og_image_custom_fields":null,"og_video":"","og_custom_url":null,"og_article_section":null,"og_article_tags":[],"twitter_use_og":false,"twitter_card":"default","twitter_image_type":"default","twitter_image_url":null,"twitter_image_custom_url":null,"twitter_image_custom_fields":null,"twitter_title":null,"twitter_description":null,"schema":{"blockGraphs":[],"customGraphs":[],"default":{"data":{"Article":[],"Course":[],"Dataset":[],"FAQPage":[],"Movie":[],"Person":[],"Product":[],"ProductReview":[],"Car":[],"Recipe":[],"Service":[],"SoftwareApplication":[],"WebPage":[]},"graphName":"BlogPosting","isEnabled":true},"graphs":[]},"schema_type":"default","schema_type_options":null,"pillar_content":false,"robots_default":true,"robots_noindex":false,"robots_noarchive":false,"robots_nosnippet":false,"robots_nofollow":false,"robots_noimageindex":false,"robots_noodp":false,"robots_notranslate":false,"robots_max_snippet":"-1","robots_max_videopreview":"-1","robots_max_imagepreview":"large","priority":null,"frequency":"default","local_seo":null,"seo_analyzer_scan_date":"2025-10-08 20:55:11","breadcrumb_settings":null,"limit_modified_date":false,"reviewed_by":null,"open_ai":null,"ai":null,"created":"2023-12-29 18:11:11","updated":"2026-02-04 10:22:16"},"aioseo_breadcrumb":"<div class=\"aioseo-breadcrumbs\"><span class=\"aioseo-breadcrumb\">\n\t<a href=\"https:\/\/soymigrante.com\/revista\" title=\"Home\">Home<\/a>\n<\/span><span class=\"aioseo-breadcrumb-separator\">\u00bb<\/span><span class=\"aioseo-breadcrumb\">\n\t<a href=\"https:\/\/soymigrante.com\/revista\/category\/exitos\/\" title=\"\u00c9xitos\">\u00c9xitos<\/a>\n<\/span><span class=\"aioseo-breadcrumb-separator\">\u00bb<\/span><span class=\"aioseo-breadcrumb\">\n\tExitosa ruta migrante pintada, remodelada y compartida por Carlos Reyes, en Nashville\n<\/span><\/div>","aioseo_breadcrumb_json":[{"label":"Home","link":"https:\/\/soymigrante.com\/revista"},{"label":"\u00c9xitos","link":"https:\/\/soymigrante.com\/revista\/category\/exitos\/"},{"label":"Exitosa ruta migrante pintada, remodelada y compartida por Carlos Reyes, en Nashville","link":"https:\/\/soymigrante.com\/revista\/migrante-guatemalteco-empresario-construccion-jardineria-carlos-reyes\/"}],"_links":{"self":[{"href":"https:\/\/soymigrante.com\/revista\/wp-json\/wp\/v2\/posts\/4149","targetHints":{"allow":["GET"]}}],"collection":[{"href":"https:\/\/soymigrante.com\/revista\/wp-json\/wp\/v2\/posts"}],"about":[{"href":"https:\/\/soymigrante.com\/revista\/wp-json\/wp\/v2\/types\/post"}],"author":[{"embeddable":true,"href":"https:\/\/soymigrante.com\/revista\/wp-json\/wp\/v2\/users\/10"}],"replies":[{"embeddable":true,"href":"https:\/\/soymigrante.com\/revista\/wp-json\/wp\/v2\/comments?post=4149"}],"version-history":[{"count":0,"href":"https:\/\/soymigrante.com\/revista\/wp-json\/wp\/v2\/posts\/4149\/revisions"}],"wp:featuredmedia":[{"embeddable":true,"href":"https:\/\/soymigrante.com\/revista\/wp-json\/wp\/v2\/media\/4172"}],"wp:attachment":[{"href":"https:\/\/soymigrante.com\/revista\/wp-json\/wp\/v2\/media?parent=4149"}],"wp:term":[{"taxonomy":"category","embeddable":true,"href":"https:\/\/soymigrante.com\/revista\/wp-json\/wp\/v2\/categories?post=4149"},{"taxonomy":"post_tag","embeddable":true,"href":"https:\/\/soymigrante.com\/revista\/wp-json\/wp\/v2\/tags?post=4149"}],"curies":[{"name":"wp","href":"https:\/\/api.w.org\/{rel}","templated":true}]}}