{"id":41414,"date":"2025-08-07T05:41:12","date_gmt":"2025-08-07T11:41:12","guid":{"rendered":"https:\/\/soymigrante.com\/revista\/?p=41414"},"modified":"2025-08-27T23:22:40","modified_gmt":"2025-08-28T05:22:40","slug":"la-rueda-de-chicago-es-el-icono-de-toda-feria-guatemalteca-por-que-se-llama-asi","status":"publish","type":"post","link":"https:\/\/soymigrante.com\/revista\/la-rueda-de-chicago-es-el-icono-de-toda-feria-guatemalteca-por-que-se-llama-asi\/","title":{"rendered":"La rueda &#8220;de Chicago&#8221; es el \u00edcono de toda feria guatemalteca \u00bfPor qu\u00e9 se llama as\u00ed?"},"content":{"rendered":"\t\t<div data-elementor-type=\"wp-post\" data-elementor-id=\"41414\" class=\"elementor elementor-41414\" data-elementor-post-type=\"post\">\n\t\t\t\t<div data-particle_enable=\"false\" data-particle-mobile-disabled=\"false\" class=\"elementor-element elementor-element-de666b7 e-flex e-con-boxed e-con e-parent\" data-id=\"de666b7\" data-element_type=\"container\" data-e-type=\"container\">\n\t\t\t\t\t<div class=\"e-con-inner\">\n\t\t\t\t<div class=\"elementor-element elementor-element-5d4734c elementor-widget elementor-widget-heading\" data-id=\"5d4734c\" data-element_type=\"widget\" data-e-type=\"widget\" data-widget_type=\"heading.default\">\n\t\t\t\t\t<h2 class=\"elementor-heading-title elementor-size-default\">Las ferias guatemaltecas tienen varios elementos infaltables, pero desde lejos siempre se mira la rueda de sillas o \"ruedas de Chicago\", que siempre se llena de sonrisas... y gritos.<\/h2>\t\t\t\t<\/div>\n\t\t\t\t\t<\/div>\n\t\t\t\t<\/div>\n\t\t<div data-particle_enable=\"false\" data-particle-mobile-disabled=\"false\" class=\"elementor-element elementor-element-80359a6 e-flex e-con-boxed e-con e-parent\" data-id=\"80359a6\" data-element_type=\"container\" data-e-type=\"container\">\n\t\t\t\t\t<div class=\"e-con-inner\">\n\t\t\t\t<div class=\"elementor-element elementor-element-8fc6b3c elementor-widget elementor-widget-text-editor\" data-id=\"8fc6b3c\" data-element_type=\"widget\" data-e-type=\"widget\" data-widget_type=\"text-editor.default\">\n\t\t\t\t\t\t\t\t\t<p><a href=\"https:\/\/soymigrante.com\/revista\/fiestas-patronales-en-guatemala-busque-su-municipio\/\" target=\"_blank\" rel=\"noopener\">Imponente, giratoria y llena de luces, la rueda de Chicago no solo ha sido una atracci\u00f3n de feria,<\/a> sino tambi\u00e9n un s\u00edmbolo de innovaci\u00f3n, emoci\u00f3n y nostalgia para millones de personas en el mundo. Su historia comenz\u00f3 en el siglo XIX, con un objetivo ambicioso: sorprender al mundo.<\/p><p>Aunque obviamente su origen no es guatemalteco, s\u00ed ha pasado a convertirse en un aut\u00e9ntico s\u00edmbolo de que hay una feria patronal en el pueblo, la colonia o la ciudad. Desde lejos se mira, de d\u00eda o de noche.<\/p>\t\t\t\t\t\t\t\t<\/div>\n\t\t\t\t\t<\/div>\n\t\t\t\t<\/div>\n\t\t<div data-particle_enable=\"false\" data-particle-mobile-disabled=\"false\" class=\"elementor-element elementor-element-b76ca26 e-flex e-con-boxed e-con e-parent\" data-id=\"b76ca26\" data-element_type=\"container\" data-e-type=\"container\">\n\t\t\t\t\t<div class=\"e-con-inner\">\n\t\t\t\t<div class=\"elementor-element elementor-element-92954dc elementor-widget elementor-widget-heading\" data-id=\"92954dc\" data-element_type=\"widget\" data-e-type=\"widget\" data-widget_type=\"heading.default\">\n\t\t\t\t\t<h3 class=\"elementor-heading-title elementor-size-default\">Un invento para competir con la Torre Eiffel<\/h3>\t\t\t\t<\/div>\n\t\t\t\t\t<\/div>\n\t\t\t\t<\/div>\n\t\t<div data-particle_enable=\"false\" data-particle-mobile-disabled=\"false\" class=\"elementor-element elementor-element-426d83a e-flex e-con-boxed e-con e-parent\" data-id=\"426d83a\" data-element_type=\"container\" data-e-type=\"container\">\n\t\t\t\t\t<div class=\"e-con-inner\">\n\t\t\t\t<div class=\"elementor-element elementor-element-bb93485 elementor-widget elementor-widget-text-editor\" data-id=\"bb93485\" data-element_type=\"widget\" data-e-type=\"widget\" data-widget_type=\"text-editor.default\">\n\t\t\t\t\t\t\t\t\t<p>La primera rueda de este tipo fue construida para la Exposici\u00f3n Mundial de Chicago en 1893, <a href=\"https:\/\/soymigrante.com\/revista\/fiestas-patronales-en-guatemala-busque-su-municipio\/\" target=\"_blank\" rel=\"noopener\">organizada para celebrar el 400 aniversario de la llegada de Crist\u00f3bal Col\u00f3n a Am\u00e9rica.<\/a> El objetivo de esta feria era demostrar el poder industrial y cultural de Estados Unidos. Sin embargo, hab\u00eda un gran reto: superar el impacto que caus\u00f3 la Torre Eiffel en la Exposici\u00f3n Universal de Par\u00eds de 1889.<\/p><p>La tarea recay\u00f3 sobre el ingeniero estadounidense George Washington Gale Ferris Jr., quien dise\u00f1\u00f3 una estructura nunca antes vista: una enorme rueda giratoria de acero con capacidad para transportar a m\u00e1s de 2,000 personas a la vez. <a href=\"https:\/\/soymigrante.com\/revista\/fiestas-patronales-en-guatemala-busque-su-municipio\/\" target=\"_blank\" rel=\"noopener\">Su rueda med\u00eda 80 metros de altura y se convirti\u00f3 en la atracci\u00f3n principal de la exposici\u00f3n.<\/a><\/p><p>As\u00ed naci\u00f3 la primera \u201cFerris Wheel\u201d o rueda de Ferris como se le llam\u00f3 en honor a su creador. Sin embargo, en otros \u00e1mbitos, pas\u00f3 a ser llamada Rueda de Chicago.<\/p>\t\t\t\t\t\t\t\t<\/div>\n\t\t\t\t\t<\/div>\n\t\t\t\t<\/div>\n\t\t<div data-particle_enable=\"false\" data-particle-mobile-disabled=\"false\" class=\"elementor-element elementor-element-7c74d2a e-flex e-con-boxed e-con e-parent\" data-id=\"7c74d2a\" data-element_type=\"container\" data-e-type=\"container\">\n\t\t\t\t\t<div class=\"e-con-inner\">\n\t\t\t\t<div class=\"elementor-element elementor-element-0a4a2f3 elementor-widget elementor-widget-image\" data-id=\"0a4a2f3\" data-element_type=\"widget\" data-e-type=\"widget\" data-widget_type=\"image.default\">\n\t\t\t\t\t\t\t\t\t\t\t\t<figure class=\"wp-caption\">\n\t\t\t\t\t\t\t\t\t\t<img fetchpriority=\"high\" decoding=\"async\" width=\"1024\" height=\"682\" src=\"https:\/\/soymigrante.com\/revista\/wp-content\/uploads\/2025\/08\/La-rueda-de-Chicago-2-1024x682.jpeg\" class=\"attachment-large size-large wp-image-41424\" alt=\"Vuelta en feria con nubes oscuras, atracciones como la rueda de la fortuna y puestos con algodones de az\u00facar, en un ambiente de celebraci\u00f3n y diversi\u00f3n en un lugar popular de migrantes.\" srcset=\"https:\/\/soymigrante.com\/revista\/wp-content\/uploads\/2025\/08\/La-rueda-de-Chicago-2-1024x682.jpeg 1024w, https:\/\/soymigrante.com\/revista\/wp-content\/uploads\/2025\/08\/La-rueda-de-Chicago-2-300x200.jpeg 300w, https:\/\/soymigrante.com\/revista\/wp-content\/uploads\/2025\/08\/La-rueda-de-Chicago-2-768x512.jpeg 768w, https:\/\/soymigrante.com\/revista\/wp-content\/uploads\/2025\/08\/La-rueda-de-Chicago-2-750x500.jpeg 750w, https:\/\/soymigrante.com\/revista\/wp-content\/uploads\/2025\/08\/La-rueda-de-Chicago-2-1140x760.jpeg 1140w, https:\/\/soymigrante.com\/revista\/wp-content\/uploads\/2025\/08\/La-rueda-de-Chicago-2.webp 1280w\" sizes=\"(max-width: 1024px) 100vw, 1024px\" \/>\t\t\t\t\t\t\t\t\t\t\t<figcaption class=\"widget-image-caption wp-caption-text\">Caption: Imagen de una feria mexicana con divertida monta\u00f1a rusa, puestos de algod\u00f3n de az\u00facar de colores y numerosos visitantes, reflejando la alegr\u00eda y tradici\u00f3n en eventos culturales del pa\u00eds.<\/figcaption>\n\t\t\t\t\t\t\t\t\t\t<\/figure>\n\t\t\t\t\t\t\t\t\t<\/div>\n\t\t\t\t\t<\/div>\n\t\t\t\t<\/div>\n\t\t<div data-particle_enable=\"false\" data-particle-mobile-disabled=\"false\" class=\"elementor-element elementor-element-e478440 e-flex e-con-boxed e-con e-parent\" data-id=\"e478440\" data-element_type=\"container\" data-e-type=\"container\">\n\t\t\t\t\t<div class=\"e-con-inner\">\n\t\t\t\t<div class=\"elementor-element elementor-element-367770e elementor-widget elementor-widget-heading\" data-id=\"367770e\" data-element_type=\"widget\" data-e-type=\"widget\" data-widget_type=\"heading.default\">\n\t\t\t\t\t<h3 class=\"elementor-heading-title elementor-size-default\">\u00bfPor qu\u00e9 se hizo tan famosa?<\/h3>\t\t\t\t<\/div>\n\t\t\t\t\t<\/div>\n\t\t\t\t<\/div>\n\t\t<div data-particle_enable=\"false\" data-particle-mobile-disabled=\"false\" class=\"elementor-element elementor-element-e1d8704 e-flex e-con-boxed e-con e-parent\" data-id=\"e1d8704\" data-element_type=\"container\" data-e-type=\"container\">\n\t\t\t\t\t<div class=\"e-con-inner\">\n\t\t\t\t<div class=\"elementor-element elementor-element-f84e773 elementor-widget elementor-widget-text-editor\" data-id=\"f84e773\" data-element_type=\"widget\" data-e-type=\"widget\" data-widget_type=\"text-editor.default\">\n\t\t\t\t\t\t\t\t\t<p><a href=\"https:\/\/soymigrante.com\/revista\/fiestas-patronales-en-guatemala-busque-su-municipio\/\" target=\"_blank\" rel=\"noopener\">Desde su debut en Chicago, la rueda cautiv\u00f3 al p\u00fablico por su tama\u00f1o, su movimiento majestuoso y la vista panor\u00e1mica que ofrec\u00eda<\/a>. No solo era una atracci\u00f3n mec\u00e1nica, sino una experiencia emocional: subir a la cima significaba ver el mundo desde otra perspectiva.<\/p><p>La rueda Ferris se convirti\u00f3 en un \u00edcono cultural y pronto se replic\u00f3 en otros pa\u00edses. Su popularidad creci\u00f3 con las ferias, los parques de diversiones y los centros tur\u00edsticos. Hoy existen versiones modernas y colosales en ciudades como Londres (London Eye), Las Vegas (High Roller) y Dub\u00e1i (Ain Dubai), todas inspiradas en aquella original de hace m\u00e1s de 130 a\u00f1os.<\/p>\t\t\t\t\t\t\t\t<\/div>\n\t\t\t\t\t<\/div>\n\t\t\t\t<\/div>\n\t\t<div data-particle_enable=\"false\" data-particle-mobile-disabled=\"false\" class=\"elementor-element elementor-element-436b927 e-flex e-con-boxed e-con e-parent\" data-id=\"436b927\" data-element_type=\"container\" data-e-type=\"container\">\n\t\t\t\t\t<div class=\"e-con-inner\">\n\t\t\t\t<div class=\"elementor-element elementor-element-4200fe9 elementor-widget elementor-widget-image\" data-id=\"4200fe9\" data-element_type=\"widget\" data-e-type=\"widget\" data-widget_type=\"image.default\">\n\t\t\t\t\t\t\t\t\t\t\t\t<figure class=\"wp-caption\">\n\t\t\t\t\t\t\t\t\t\t<img decoding=\"async\" width=\"1024\" height=\"682\" src=\"https:\/\/soymigrante.com\/revista\/wp-content\/uploads\/2025\/08\/La-rueda-de-Chicago-3-1024x682.jpeg\" class=\"attachment-large size-large wp-image-41426\" alt=\"Vendedoras ind\u00edgenas en feria tradicional, celebraci\u00f3n cultural en Guatemala, ropa t\u00edpica y ambiente festivo, en un d\u00eda nublado, comunidad y tradici\u00f3n viva.\" srcset=\"https:\/\/soymigrante.com\/revista\/wp-content\/uploads\/2025\/08\/La-rueda-de-Chicago-3-1024x682.jpeg 1024w, https:\/\/soymigrante.com\/revista\/wp-content\/uploads\/2025\/08\/La-rueda-de-Chicago-3-300x200.jpeg 300w, https:\/\/soymigrante.com\/revista\/wp-content\/uploads\/2025\/08\/La-rueda-de-Chicago-3-768x512.jpeg 768w, https:\/\/soymigrante.com\/revista\/wp-content\/uploads\/2025\/08\/La-rueda-de-Chicago-3-750x500.webp 750w, https:\/\/soymigrante.com\/revista\/wp-content\/uploads\/2025\/08\/La-rueda-de-Chicago-3-1140x760.webp 1140w, https:\/\/soymigrante.com\/revista\/wp-content\/uploads\/2025\/08\/La-rueda-de-Chicago-3.webp 1280w\" sizes=\"(max-width: 1024px) 100vw, 1024px\" \/>\t\t\t\t\t\t\t\t\t\t\t<figcaption class=\"widget-image-caption wp-caption-text\">La rueda de Chicago ha llegado a varios rincones del mundo, entre ellos, Guatemala. (Foto: Cortes\u00eda)<\/figcaption>\n\t\t\t\t\t\t\t\t\t\t<\/figure>\n\t\t\t\t\t\t\t\t\t<\/div>\n\t\t\t\t\t<\/div>\n\t\t\t\t<\/div>\n\t\t<div data-particle_enable=\"false\" data-particle-mobile-disabled=\"false\" class=\"elementor-element elementor-element-8a907a7 e-flex e-con-boxed e-con e-parent\" data-id=\"8a907a7\" data-element_type=\"container\" data-e-type=\"container\">\n\t\t\t\t\t<div class=\"e-con-inner\">\n\t\t\t\t<div class=\"elementor-element elementor-element-5e42d44 elementor-widget elementor-widget-heading\" data-id=\"5e42d44\" data-element_type=\"widget\" data-e-type=\"widget\" data-widget_type=\"heading.default\">\n\t\t\t\t\t<h3 class=\"elementor-heading-title elementor-size-default\">La emoci\u00f3n de subir a una rueda<\/h3>\t\t\t\t<\/div>\n\t\t\t\t\t<\/div>\n\t\t\t\t<\/div>\n\t\t<div data-particle_enable=\"false\" data-particle-mobile-disabled=\"false\" class=\"elementor-element elementor-element-edd8f87 e-flex e-con-boxed e-con e-parent\" data-id=\"edd8f87\" data-element_type=\"container\" data-e-type=\"container\">\n\t\t\t\t\t<div class=\"e-con-inner\">\n\t\t\t\t<div class=\"elementor-element elementor-element-27d5fbf elementor-widget elementor-widget-text-editor\" data-id=\"27d5fbf\" data-element_type=\"widget\" data-e-type=\"widget\" data-widget_type=\"text-editor.default\">\n\t\t\t\t\t\t\t\t\t<p><a href=\"https:\/\/soymigrante.com\/revista\/fiestas-patronales-en-guatemala-busque-su-municipio\/\" target=\"_blank\" rel=\"noopener\">M\u00e1s all\u00e1 de su historia, lo que ha hecho que la rueda de Chicago<\/a> siga siendo popular hasta hoy es la emoci\u00f3n que provoca: la mezcla de v\u00e9rtigo, expectativa, nostalgia y romanticismo. Es com\u00fan que familias, parejas o viajeros la elijan como punto clave para una experiencia inolvidable.<\/p>\n<p>Para muchos, representa una pausa en el tiempo: el suave giro, la vista desde lo alto, el sonido del viento y la sensaci\u00f3n de flotar por unos minutos. Es tambi\u00e9n un s\u00edmbolo de ni\u00f1ez, de aventura y de conexi\u00f3n con los sentidos.&nbsp; Las ruedas instaladas en Guatemala var\u00edan seg\u00fan la feria, pero tienen entre 30 y 40 metros, con entre 20 y 25 sillas. Suelen ser movidas por un motor de cami\u00f3n modificado para ser estacionario.<\/p>\t\t\t\t\t\t\t\t<\/div>\n\t\t\t\t\t<\/div>\n\t\t\t\t<\/div>\n\t\t<div data-particle_enable=\"false\" data-particle-mobile-disabled=\"false\" class=\"elementor-element elementor-element-20e6408 e-flex e-con-boxed e-con e-parent\" data-id=\"20e6408\" data-element_type=\"container\" data-e-type=\"container\">\n\t\t\t\t\t<div class=\"e-con-inner\">\n\t\t\t\t<div class=\"elementor-element elementor-element-75f757a elementor-widget elementor-widget-image\" data-id=\"75f757a\" data-element_type=\"widget\" data-e-type=\"widget\" data-widget_type=\"image.default\">\n\t\t\t\t\t\t\t\t\t\t\t\t<figure class=\"wp-caption\">\n\t\t\t\t\t\t\t\t\t\t<img decoding=\"async\" width=\"1024\" height=\"676\" src=\"https:\/\/soymigrante.com\/revista\/wp-content\/uploads\/2025\/08\/La-rueda-de-Chicago-4-1024x676.jpeg\" class=\"attachment-large size-large wp-image-41427\" alt=\"Nuevos momentos de diversi\u00f3n en la feria con la monta\u00f1a rusa en operaci\u00f3n durante la noche.\" srcset=\"https:\/\/soymigrante.com\/revista\/wp-content\/uploads\/2025\/08\/La-rueda-de-Chicago-4-1024x676.jpeg 1024w, https:\/\/soymigrante.com\/revista\/wp-content\/uploads\/2025\/08\/La-rueda-de-Chicago-4-300x198.jpeg 300w, https:\/\/soymigrante.com\/revista\/wp-content\/uploads\/2025\/08\/La-rueda-de-Chicago-4-768x507.jpeg 768w, https:\/\/soymigrante.com\/revista\/wp-content\/uploads\/2025\/08\/La-rueda-de-Chicago-4-750x495.webp 750w, https:\/\/soymigrante.com\/revista\/wp-content\/uploads\/2025\/08\/La-rueda-de-Chicago-4-1140x753.webp 1140w, https:\/\/soymigrante.com\/revista\/wp-content\/uploads\/2025\/08\/La-rueda-de-Chicago-4.webp 1280w\" sizes=\"(max-width: 1024px) 100vw, 1024px\" \/>\t\t\t\t\t\t\t\t\t\t\t<figcaption class=\"widget-image-caption wp-caption-text\">Diversi\u00f3n en familia en la feria nocturna con la monta\u00f1a rusa iluminada y en movimiento.<\/figcaption>\n\t\t\t\t\t\t\t\t\t\t<\/figure>\n\t\t\t\t\t\t\t\t\t<\/div>\n\t\t\t\t\t<\/div>\n\t\t\t\t<\/div>\n\t\t<div data-particle_enable=\"false\" data-particle-mobile-disabled=\"false\" class=\"elementor-element elementor-element-a80cc7e e-flex e-con-boxed e-con e-parent\" data-id=\"a80cc7e\" data-element_type=\"container\" data-e-type=\"container\">\n\t\t\t\t\t<div class=\"e-con-inner\">\n\t\t\t\t<div class=\"elementor-element elementor-element-7aea946 elementor-widget elementor-widget-heading\" data-id=\"7aea946\" data-element_type=\"widget\" data-e-type=\"widget\" data-widget_type=\"heading.default\">\n\t\t\t\t\t<h3 class=\"elementor-heading-title elementor-size-default\">Un legado que sigue girando<\/h3>\t\t\t\t<\/div>\n\t\t\t\t\t<\/div>\n\t\t\t\t<\/div>\n\t\t<div data-particle_enable=\"false\" data-particle-mobile-disabled=\"false\" class=\"elementor-element elementor-element-bc4d6dd e-flex e-con-boxed e-con e-parent\" data-id=\"bc4d6dd\" data-element_type=\"container\" data-e-type=\"container\">\n\t\t\t\t\t<div class=\"e-con-inner\">\n\t\t\t\t<div class=\"elementor-element elementor-element-b16d3b8 elementor-widget elementor-widget-text-editor\" data-id=\"b16d3b8\" data-element_type=\"widget\" data-e-type=\"widget\" data-widget_type=\"text-editor.default\">\n\t\t\t\t\t\t\t\t\t<p>Aunque la rueda original fue desmantelada en 1906, su legado vive en cada nueva versi\u00f3n que se construye. <a href=\"https:\/\/soymigrante.com\/revista\/fiestas-patronales-en-guatemala-busque-su-municipio\/\" target=\"_blank\" rel=\"noopener\">En Chicago, una nueva noria moderna fue instalada en Navy Pier en 2016, como homenaje a aquella que cambi\u00f3 la historia del entretenimiento.<\/a><\/p><p>Hoy, m\u00e1s que una atracci\u00f3n mec\u00e1nica, la rueda Ferris es una invitaci\u00f3n a so\u00f1ar, a sentir y a mirar el mundo con otros ojos.<\/p>\t\t\t\t\t\t\t\t<\/div>\n\t\t\t\t\t<\/div>\n\t\t\t\t<\/div>\n\t\t<div data-particle_enable=\"false\" data-particle-mobile-disabled=\"false\" class=\"elementor-element elementor-element-758f7b7 e-flex e-con-boxed e-con e-parent\" data-id=\"758f7b7\" data-element_type=\"container\" data-e-type=\"container\">\n\t\t\t\t\t<div class=\"e-con-inner\">\n\t\t\t\t<div class=\"elementor-element elementor-element-356709d elementor-widget elementor-widget-heading\" data-id=\"356709d\" data-element_type=\"widget\" data-e-type=\"widget\" data-widget_type=\"heading.default\">\n\t\t\t\t\t<h2 class=\"elementor-heading-title elementor-size-default\">Conoce estos temas que te pueden interesar...<\/h2>\t\t\t\t<\/div>\n\t\t\t\t\t<\/div>\n\t\t\t\t<\/div>\n\t\t<div data-particle_enable=\"false\" data-particle-mobile-disabled=\"false\" class=\"elementor-element elementor-element-3809054 e-flex e-con-boxed e-con e-parent\" data-id=\"3809054\" data-element_type=\"container\" data-e-type=\"container\">\n\t\t\t\t\t<div class=\"e-con-inner\">\n\t\t\t\t<div class=\"elementor-element elementor-element-4e7432d elementor-grid-eael-col-3 elementor-grid-tablet-eael-col-2 elementor-grid-mobile-eael-col-1 elementor-invisible elementor-widget elementor-widget-eael-post-grid\" data-id=\"4e7432d\" data-element_type=\"widget\" data-e-type=\"widget\" data-settings=\"{&quot;eael_post_grid_columns&quot;:&quot;eael-col-3&quot;,&quot;_animation&quot;:&quot;rollIn&quot;,&quot;eael_post_grid_columns_tablet&quot;:&quot;eael-col-2&quot;,&quot;eael_post_grid_columns_mobile&quot;:&quot;eael-col-1&quot;}\" data-widget_type=\"eael-post-grid.default\">\n\t\t\t\t\t<div id=\"eael-post-grid-4e7432d\" class=\"eael-post-grid-container\">\n            <div class=\"eael-post-grid eael-post-appender eael-post-appender-4e7432d eael-post-grid-style-one\" data-layout-mode=\"masonry\"><article class=\"eael-grid-post  eael-post-grid-column eael-pg-post-33626 category-exitos-guatemala\" data-id=\"33626\">\n        <div class=\"eael-grid-post-holder\">\n            <div class=\"eael-grid-post-holder-inner\"><div class=\"eael-entry-media\"><div class=\"eael-entry-overlay fade-in\"><i class=\"far fa-hand-pointer\" aria-hidden=\"true\"><\/i><a href=\"https:\/\/soymigrante.com\/revista\/arnoldo-estrada-un-pionero-de-la-marimba-guatemalteca-en-chicago-mas-de-50-anos-de-musica-y-legado\/\"><\/a><\/div><div class=\"eael-entry-thumbnail \">\n                <img loading=\"lazy\" decoding=\"async\" width=\"638\" height=\"638\" src=\"https:\/\/soymigrante.com\/revista\/wp-content\/uploads\/2025\/05\/marimbista-migrante-chicago-15.webp\" class=\"attachment-large size-large wp-image-33630\" alt=\"Disfrutando en pareja en un entorno urbano junto al r\u00edo, promoviendo historias de migrantes y comunidad en SoyMigrante.com Revista.\" srcset=\"https:\/\/soymigrante.com\/revista\/wp-content\/uploads\/2025\/05\/marimbista-migrante-chicago-15.webp 638w, https:\/\/soymigrante.com\/revista\/wp-content\/uploads\/2025\/05\/marimbista-migrante-chicago-15-300x300.jpg 300w, https:\/\/soymigrante.com\/revista\/wp-content\/uploads\/2025\/05\/marimbista-migrante-chicago-15-150x150.jpg 150w, https:\/\/soymigrante.com\/revista\/wp-content\/uploads\/2025\/05\/marimbista-migrante-chicago-15-75x75.jpg 75w\" sizes=\"(max-width: 638px) 100vw, 638px\" \/>\n            <\/div>\n        <\/div><div class=\"eael-entry-wrapper\"><header class=\"eael-entry-header\"><h2 class=\"eael-entry-title\"><a class=\"eael-grid-post-link\" href=\"https:\/\/soymigrante.com\/revista\/arnoldo-estrada-un-pionero-de-la-marimba-guatemalteca-en-chicago-mas-de-50-anos-de-musica-y-legado\/\" title=\"Arnoldo Estrada, un pionero de la marimba guatemalteca en Chicago: m\u00e1s de 50 a\u00f1os de m\u00fasica y legado\">Arnoldo Estrada, un pionero de la marimba guatemalteca en Chicago: m\u00e1s de 50 a\u00f1os de m\u00fasica y legado<\/a><\/h2><\/header><div class=\"eael-entry-content\">\n                        <div class=\"eael-grid-post-excerpt\"><a href=\"https:\/\/soymigrante.com\/revista\/arnoldo-estrada-un-pionero-de-la-marimba-guatemalteca-en-chicago-mas-de-50-anos-de-musica-y-legado\/\" class=\"eael-post-elements-readmore-btn\">CONOCE SU HISTORIA <\/a><\/div>\n                    <\/div><\/div><\/div>\n        <\/div>\n    <\/article><article class=\"eael-grid-post  eael-post-grid-column eael-pg-post-13480 category-guate-nuestra tags-joyas-mayas-migrantes\" data-id=\"13480\">\n        <div class=\"eael-grid-post-holder\">\n            <div class=\"eael-grid-post-holder-inner\"><div class=\"eael-entry-media\"><div class=\"eael-entry-overlay fade-in\"><i class=\"far fa-hand-pointer\" aria-hidden=\"true\"><\/i><a href=\"https:\/\/soymigrante.com\/revista\/joyas-mayas-migrantes-el-vaso-de-los-senores-danzantes-esta-en-chicago\/\"><\/a><\/div><div class=\"eael-entry-thumbnail \">\n                <img loading=\"lazy\" decoding=\"async\" width=\"763\" height=\"762\" src=\"https:\/\/soymigrante.com\/revista\/wp-content\/uploads\/2024\/11\/joyas-mayas-vaso-9-e1731906211690.webp\" class=\"attachment-large size-large wp-image-13484\" alt=\"Imagen de mural prehisp\u00e1nico de raza mexicana con estilo ancestral y cultura ind\u00edgena, resaltando la historia y tradiciones en M\u00e9xico.\" srcset=\"https:\/\/soymigrante.com\/revista\/wp-content\/uploads\/2024\/11\/joyas-mayas-vaso-9-e1731906211690.webp 763w, https:\/\/soymigrante.com\/revista\/wp-content\/uploads\/2024\/11\/joyas-mayas-vaso-9-e1731906211690-300x300.jpg 300w, https:\/\/soymigrante.com\/revista\/wp-content\/uploads\/2024\/11\/joyas-mayas-vaso-9-e1731906211690-150x150.jpg 150w, https:\/\/soymigrante.com\/revista\/wp-content\/uploads\/2024\/11\/joyas-mayas-vaso-9-e1731906211690-75x75.webp 75w, https:\/\/soymigrante.com\/revista\/wp-content\/uploads\/2024\/11\/joyas-mayas-vaso-9-e1731906211690-750x749.webp 750w\" sizes=\"(max-width: 763px) 100vw, 763px\" \/>\n            <\/div>\n        <\/div><div class=\"eael-entry-wrapper\"><header class=\"eael-entry-header\"><h2 class=\"eael-entry-title\"><a class=\"eael-grid-post-link\" href=\"https:\/\/soymigrante.com\/revista\/joyas-mayas-migrantes-el-vaso-de-los-senores-danzantes-esta-en-chicago\/\" title=\"Joyas mayas migrantes: El vaso de los Se\u00f1ores Danzantes est\u00e1 en Chicago\">Joyas mayas migrantes: El vaso de los Se\u00f1ores Danzantes est\u00e1 en Chicago<\/a><\/h2><\/header><div class=\"eael-entry-content\">\n                        <div class=\"eael-grid-post-excerpt\"><a href=\"https:\/\/soymigrante.com\/revista\/joyas-mayas-migrantes-el-vaso-de-los-senores-danzantes-esta-en-chicago\/\" class=\"eael-post-elements-readmore-btn\">CONOCE SU HISTORIA <\/a><\/div>\n                    <\/div><\/div><\/div>\n        <\/div>\n    <\/article><article class=\"eael-grid-post  eael-post-grid-column eael-pg-post-2449 category-guate-nuestra tags-danzas-de-guatemala\" data-id=\"2449\">\n        <div class=\"eael-grid-post-holder\">\n            <div class=\"eael-grid-post-holder-inner\"><div class=\"eael-entry-media\"><div class=\"eael-entry-overlay fade-in\"><i class=\"far fa-hand-pointer\" aria-hidden=\"true\"><\/i><a href=\"https:\/\/soymigrante.com\/revista\/danza-guatemala-el-ancestral-baile-del-venado\/\"><\/a><\/div><div class=\"eael-entry-thumbnail \">\n                <img loading=\"lazy\" decoding=\"async\" width=\"1024\" height=\"683\" src=\"https:\/\/soymigrante.com\/revista\/wp-content\/uploads\/2023\/09\/DANZA-DEL-VENADO-CUNEN-QUICHE-1024x683.webp\" class=\"attachment-large size-large wp-image-2450\" alt=\"DANZA DEL VENADO CUNEN QUICHE\" srcset=\"https:\/\/soymigrante.com\/revista\/wp-content\/uploads\/2023\/09\/DANZA-DEL-VENADO-CUNEN-QUICHE-1024x683.webp 1024w, https:\/\/soymigrante.com\/revista\/wp-content\/uploads\/2023\/09\/DANZA-DEL-VENADO-CUNEN-QUICHE-300x200.webp 300w, https:\/\/soymigrante.com\/revista\/wp-content\/uploads\/2023\/09\/DANZA-DEL-VENADO-CUNEN-QUICHE-768x512.webp 768w, https:\/\/soymigrante.com\/revista\/wp-content\/uploads\/2023\/09\/DANZA-DEL-VENADO-CUNEN-QUICHE-1536x1024.webp 1536w, https:\/\/soymigrante.com\/revista\/wp-content\/uploads\/2023\/09\/DANZA-DEL-VENADO-CUNEN-QUICHE-750x500.webp 750w, https:\/\/soymigrante.com\/revista\/wp-content\/uploads\/2023\/09\/DANZA-DEL-VENADO-CUNEN-QUICHE-1140x760.webp 1140w, https:\/\/soymigrante.com\/revista\/wp-content\/uploads\/2023\/09\/DANZA-DEL-VENADO-CUNEN-QUICHE-600x400.webp 600w, https:\/\/soymigrante.com\/revista\/wp-content\/uploads\/2023\/09\/DANZA-DEL-VENADO-CUNEN-QUICHE.webp 1920w\" sizes=\"(max-width: 1024px) 100vw, 1024px\" \/>\n            <\/div>\n        <\/div><div class=\"eael-entry-wrapper\"><header class=\"eael-entry-header\"><h2 class=\"eael-entry-title\"><a class=\"eael-grid-post-link\" href=\"https:\/\/soymigrante.com\/revista\/danza-guatemala-el-ancestral-baile-del-venado\/\" title=\"Danzas de Guatemala: El  Baile del Venado est\u00e1 en la memoria de muchos migrantes.\">Danzas de Guatemala: El  Baile del Venado est\u00e1 en la memoria de muchos migrantes.<\/a><\/h2><\/header><div class=\"eael-entry-content\">\n                        <div class=\"eael-grid-post-excerpt\"><a href=\"https:\/\/soymigrante.com\/revista\/danza-guatemala-el-ancestral-baile-del-venado\/\" class=\"eael-post-elements-readmore-btn\">CONOCE SU HISTORIA <\/a><\/div>\n                    <\/div><\/div><\/div>\n        <\/div>\n    <\/article><\/div>\n            <div class=\"clearfix\"><\/div>\n        <\/div>\t\t\t\t<\/div>\n\t\t\t\t\t<\/div>\n\t\t\t\t<\/div>\n\t\t\t\t<\/div>\n\t\t","protected":false},"excerpt":{"rendered":"<p>Las ferias guatemaltecas tienen varios elementos infaltables, pero desde lejos siempre se mira la rueda de sillas o &#8220;ruedas de Chicago&#8221;, que siempre se llena de sonrisas&#8230; y gritos. Imponente, giratoria y llena de luces, la rueda de Chicago no solo ha sido una atracci\u00f3n de feria, sino tambi\u00e9n un s\u00edmbolo de innovaci\u00f3n, emoci\u00f3n y [&hellip;]<\/p>\n","protected":false},"author":19,"featured_media":41511,"comment_status":"open","ping_status":"open","sticky":false,"template":"","format":"standard","meta":{"_acf_changed":false,"_eb_attr":"","footnotes":""},"categories":[58],"tags":[272],"class_list":["post-41414","post","type-post","status-publish","format-standard","has-post-thumbnail","hentry","category-guate-nuestra","tag-calendario-de-ferias"],"acf":[],"aioseo_notices":[],"aioseo_head":"\n\t\t<!-- All in One SEO Pro 4.9.6.2 - aioseo.com -->\n\t<meta name=\"description\" content=\"Se calcula que El Baile del Venado surgi\u00f3 hace 1,500 a\u00f1os como un ritual de cacer\u00eda; tiene unos 26 danzantes y en cada localidad donde se celebra tiene distintas caracter\u00edsticas. Tradici\u00f3n en al menos 35 comunidades El Baile del Venado es una danza ritual que surgi\u00f3 hace unos 1,500 a\u00f1os, es decir en plena \u00e9poca\" \/>\n\t<meta name=\"robots\" content=\"max-snippet:-1, max-image-preview:large, max-video-preview:-1\" \/>\n\t<meta name=\"author\" content=\"Marysabel Aldana\"\/>\n\t<link rel=\"canonical\" href=\"https:\/\/soymigrante.com\/revista\/la-rueda-de-chicago-es-el-icono-de-toda-feria-guatemalteca-por-que-se-llama-asi\/\" \/>\n\t<meta name=\"generator\" content=\"All in One SEO Pro (AIOSEO) 4.9.6.2\" \/>\n\n\t\t<link rel=\"preconnect\" href=\"https:\/\/fonts.googleapis.com\" crossorigin>\n<link rel=\"preconnect\" href=\"https:\/\/fonts.gstatic.com\" crossorigin>\n\t\t<meta property=\"og:locale\" content=\"es_ES\" \/>\n\t\t<meta property=\"og:site_name\" content=\"SoyMigrante.com REVISTA \u2013 Nuestra misi\u00f3n es reconocer y dignificar al migrante.\" \/>\n\t\t<meta property=\"og:type\" content=\"article\" \/>\n\t\t<meta property=\"og:title\" content=\"La rueda de Chicago, \u00edcono de las ferias guatemaltecas.\" \/>\n\t\t<meta property=\"og:description\" content=\"\u00bfPor qu\u00e9 se llama as\u00ed? Es un aut\u00e9ntico \u00edcono de las ferias guatemaltecas. Tiene sus riesgos pero esto no impide que sus sillas se llenen de sonrisas.\" \/>\n\t\t<meta property=\"og:url\" content=\"https:\/\/soymigrante.com\/revista\/la-rueda-de-chicago-es-el-icono-de-toda-feria-guatemalteca-por-que-se-llama-asi\/\" \/>\n\t\t<meta property=\"og:image\" content=\"https:\/\/soymigrante.com\/revista\/wp-content\/uploads\/2025\/08\/foto-marcos-zarate-momostenango-2.webp\" \/>\n\t\t<meta property=\"og:image:secure_url\" content=\"https:\/\/soymigrante.com\/revista\/wp-content\/uploads\/2025\/08\/foto-marcos-zarate-momostenango-2.webp\" \/>\n\t\t<meta property=\"og:image:width\" content=\"1365\" \/>\n\t\t<meta property=\"og:image:height\" content=\"1365\" \/>\n\t\t<meta property=\"article:published_time\" content=\"2025-08-07T11:41:12+00:00\" \/>\n\t\t<meta property=\"article:modified_time\" content=\"2025-08-28T05:22:40+00:00\" \/>\n\t\t<meta property=\"article:publisher\" content=\"https:\/\/www.facebook.com\/soymigrantecom\" \/>\n\t\t<meta name=\"twitter:card\" content=\"summary_large_image\" \/>\n\t\t<meta name=\"twitter:site\" content=\"@SoyMigrante_com\" \/>\n\t\t<meta name=\"twitter:title\" content=\"La rueda de Chicago, \u00edcono de las ferias guatemaltecas.\" \/>\n\t\t<meta name=\"twitter:description\" content=\"\u00bfPor qu\u00e9 se llama as\u00ed? Es un aut\u00e9ntico \u00edcono de las ferias guatemaltecas. Tiene sus riesgos pero esto no impide que sus sillas se llenen de sonrisas.\" \/>\n\t\t<meta name=\"twitter:creator\" content=\"@SoyMigrante_com\" \/>\n\t\t<meta name=\"twitter:image\" content=\"https:\/\/soymigrante.com\/revista\/wp-content\/uploads\/2025\/08\/foto-marcos-zarate-momostenango-2.webp\" \/>\n\t\t<!-- All in One SEO Pro -->\r\n\t\t<title>La rueda de Chicago, \u00edcono de las ferias guatemaltecas.<\/title>\n\n","aioseo_head_json":{"title":"La rueda de Chicago, \u00edcono de las ferias guatemaltecas.","description":"\u00bfPor qu\u00e9 se llama as\u00ed? Es un aut\u00e9ntico \u00edcono de las ferias guatemaltecas. Tiene sus riesgos pero esto no impide que sus sillas se llenen de sonrisas.","canonical_url":"https:\/\/soymigrante.com\/revista\/la-rueda-de-chicago-es-el-icono-de-toda-feria-guatemalteca-por-que-se-llama-asi\/","robots":"max-snippet:-1, max-image-preview:large, max-video-preview:-1","keywords":"","webmasterTools":{"miscellaneous":"&lt;link rel=\"preconnect\" href=\"https:\/\/fonts.googleapis.com\" crossorigin&gt;\n&lt;link rel=\"preconnect\" href=\"https:\/\/fonts.gstatic.com\" crossorigin&gt;"},"schema":null,"og:locale":"es_ES","og:site_name":"SoyMigrante.com REVISTA \u2013 Nuestra misi\u00f3n es reconocer y dignificar al migrante.","og:type":"article","og:title":"La rueda de Chicago, \u00edcono de las ferias guatemaltecas.","og:description":"\u00bfPor qu\u00e9 se llama as\u00ed? Es un aut\u00e9ntico \u00edcono de las ferias guatemaltecas. Tiene sus riesgos pero esto no impide que sus sillas se llenen de sonrisas.","og:url":"https:\/\/soymigrante.com\/revista\/la-rueda-de-chicago-es-el-icono-de-toda-feria-guatemalteca-por-que-se-llama-asi\/","og:image":"https:\/\/soymigrante.com\/revista\/wp-content\/uploads\/2025\/08\/foto-marcos-zarate-momostenango-2.webp","og:image:secure_url":"https:\/\/soymigrante.com\/revista\/wp-content\/uploads\/2025\/08\/foto-marcos-zarate-momostenango-2.webp","og:image:width":1365,"og:image:height":1365,"article:published_time":"2025-08-07T11:41:12+00:00","article:modified_time":"2025-08-28T05:22:40+00:00","article:publisher":"https:\/\/www.facebook.com\/soymigrantecom","twitter:card":"summary_large_image","twitter:site":"@SoyMigrante_com","twitter:title":"La rueda de Chicago, \u00edcono de las ferias guatemaltecas.","twitter:description":"\u00bfPor qu\u00e9 se llama as\u00ed? Es un aut\u00e9ntico \u00edcono de las ferias guatemaltecas. Tiene sus riesgos pero esto no impide que sus sillas se llenen de sonrisas.","twitter:creator":"@SoyMigrante_com","twitter:image":"https:\/\/soymigrante.com\/revista\/wp-content\/uploads\/2025\/08\/foto-marcos-zarate-momostenango-2.webp"},"aioseo_meta_data":{"post_id":"41414","title":"La rueda de Chicago, \u00edcono de las ferias guatemaltecas.","description":"\u00bfPor qu\u00e9 se llama as\u00ed? Es un aut\u00e9ntico \u00edcono de las ferias guatemaltecas. Tiene sus riesgos pero esto no impide que sus sillas se llenen de sonrisas.","keywords":null,"keyphrases":{"focus":{"keyphrase":"Rueda de Chicago","score":82,"analysis":{"keyphraseInTitle":{"score":9,"maxScore":9,"error":0},"keyphraseInDescription":{"score":3,"maxScore":9,"error":1},"keyphraseLength":{"score":9,"maxScore":9,"error":0,"length":3},"keyphraseInURL":{"score":5,"maxScore":5,"error":0},"keyphraseInIntroduction":{"score":9,"maxScore":9,"error":0},"keyphraseInSubHeadings":{"score":3,"maxScore":9,"error":1},"keyphraseInImageAlt":{"score":9,"maxScore":9,"error":0},"keywordDensity":{"type":"best","score":9,"maxScore":9,"error":0}}},"additional":[{"keyphrase":"Rueda","score":87,"analysis":{"keyphraseInDescription":{"score":3,"maxScore":9,"error":1},"keyphraseLength":{"score":9,"maxScore":9,"error":0,"length":1},"keyphraseInIntroduction":{"score":9,"maxScore":9,"error":0},"keyphraseInImageAlt":{"score":9,"maxScore":9,"error":0},"keywordDensity":{"type":"best","score":9,"maxScore":9,"error":0}}},{"keyphrase":"Ferias","score":53,"analysis":{"keyphraseInDescription":{"score":9,"maxScore":9,"error":0},"keyphraseLength":{"score":9,"maxScore":9,"error":0,"length":1},"keyphraseInIntroduction":{"score":3,"maxScore":9,"error":1},"keyphraseInImageAlt":{"score":3,"maxScore":9,"error":1},"keywordDensity":{"score":0,"type":"low","maxScore":9,"error":1}}}]},"primary_term":null,"canonical_url":null,"og_title":null,"og_description":null,"og_object_type":"default","og_image_type":"default","og_image_url":null,"og_image_width":null,"og_image_height":null,"og_image_custom_url":null,"og_image_custom_fields":null,"og_video":"","og_custom_url":null,"og_article_section":null,"og_article_tags":null,"twitter_use_og":false,"twitter_card":"default","twitter_image_type":"default","twitter_image_url":null,"twitter_image_custom_url":null,"twitter_image_custom_fields":null,"twitter_title":null,"twitter_description":null,"schema":{"blockGraphs":[],"customGraphs":[],"default":{"data":{"Article":[],"Course":[],"Dataset":[],"FAQPage":[],"Movie":[],"Person":[],"Product":[],"ProductReview":[],"Car":[],"Recipe":[],"Service":[],"SoftwareApplication":[],"WebPage":[]},"graphName":"none","isEnabled":true},"graphs":[]},"schema_type":"default","schema_type_options":null,"pillar_content":false,"robots_default":true,"robots_noindex":false,"robots_noarchive":false,"robots_nosnippet":false,"robots_nofollow":false,"robots_noimageindex":false,"robots_noodp":false,"robots_notranslate":false,"robots_max_snippet":"-1","robots_max_videopreview":"-1","robots_max_imagepreview":"large","priority":null,"frequency":"default","local_seo":null,"seo_analyzer_scan_date":"2025-10-09 07:31:09","breadcrumb_settings":null,"limit_modified_date":false,"reviewed_by":"0","open_ai":null,"ai":{"faqs":[],"keyPoints":[],"titles":[],"descriptions":[],"socialPosts":{"email":[],"linkedin":[],"twitter":[],"facebook":[],"instagram":[]}},"created":"2025-08-06 18:56:48","updated":"2026-02-05 04:01:23"},"aioseo_breadcrumb":"<div class=\"aioseo-breadcrumbs\"><span class=\"aioseo-breadcrumb\">\n\t<a href=\"https:\/\/soymigrante.com\/revista\" title=\"Home\">Home<\/a>\n<\/span><span class=\"aioseo-breadcrumb-separator\">\u00bb<\/span><span class=\"aioseo-breadcrumb\">\n\t<a href=\"https:\/\/soymigrante.com\/revista\/category\/guate-nuestra\/\" title=\"Guate Nuestra\">Guate Nuestra<\/a>\n<\/span><span class=\"aioseo-breadcrumb-separator\">\u00bb<\/span><span class=\"aioseo-breadcrumb\">\n\tLa rueda \u201cde Chicago\u201d es el \u00edcono de toda feria guatemalteca \u00bfPor qu\u00e9 se llama as\u00ed?\n<\/span><\/div>","aioseo_breadcrumb_json":[{"label":"Home","link":"https:\/\/soymigrante.com\/revista"},{"label":"Guate Nuestra","link":"https:\/\/soymigrante.com\/revista\/category\/guate-nuestra\/"},{"label":"La rueda &#8220;de Chicago&#8221; es el \u00edcono de toda feria guatemalteca \u00bfPor qu\u00e9 se llama as\u00ed?","link":"https:\/\/soymigrante.com\/revista\/la-rueda-de-chicago-es-el-icono-de-toda-feria-guatemalteca-por-que-se-llama-asi\/"}],"_links":{"self":[{"href":"https:\/\/soymigrante.com\/revista\/wp-json\/wp\/v2\/posts\/41414","targetHints":{"allow":["GET"]}}],"collection":[{"href":"https:\/\/soymigrante.com\/revista\/wp-json\/wp\/v2\/posts"}],"about":[{"href":"https:\/\/soymigrante.com\/revista\/wp-json\/wp\/v2\/types\/post"}],"author":[{"embeddable":true,"href":"https:\/\/soymigrante.com\/revista\/wp-json\/wp\/v2\/users\/19"}],"replies":[{"embeddable":true,"href":"https:\/\/soymigrante.com\/revista\/wp-json\/wp\/v2\/comments?post=41414"}],"version-history":[{"count":25,"href":"https:\/\/soymigrante.com\/revista\/wp-json\/wp\/v2\/posts\/41414\/revisions"}],"predecessor-version":[{"id":41542,"href":"https:\/\/soymigrante.com\/revista\/wp-json\/wp\/v2\/posts\/41414\/revisions\/41542"}],"wp:featuredmedia":[{"embeddable":true,"href":"https:\/\/soymigrante.com\/revista\/wp-json\/wp\/v2\/media\/41511"}],"wp:attachment":[{"href":"https:\/\/soymigrante.com\/revista\/wp-json\/wp\/v2\/media?parent=41414"}],"wp:term":[{"taxonomy":"category","embeddable":true,"href":"https:\/\/soymigrante.com\/revista\/wp-json\/wp\/v2\/categories?post=41414"},{"taxonomy":"post_tag","embeddable":true,"href":"https:\/\/soymigrante.com\/revista\/wp-json\/wp\/v2\/tags?post=41414"}],"curies":[{"name":"wp","href":"https:\/\/api.w.org\/{rel}","templated":true}]}}