{"id":41413,"date":"2025-08-06T13:35:18","date_gmt":"2025-08-06T19:35:18","guid":{"rendered":"https:\/\/soymigrante.com\/revista\/?p=41413"},"modified":"2025-10-03T14:43:39","modified_gmt":"2025-10-03T20:43:39","slug":"es-una-vocacion-ser-migrante-en-el-arte-kika-garces-artista-guatemalteca-cubana","status":"publish","type":"post","link":"https:\/\/soymigrante.com\/revista\/es-una-vocacion-ser-migrante-en-el-arte-kika-garces-artista-guatemalteca-cubana\/","title":{"rendered":"&#8220;Es una vocaci\u00f3n ser migrante en el arte&#8221;: Kika Garc\u00e9s, artista guatemalteca-cubana"},"content":{"rendered":"\t\t<div data-elementor-type=\"wp-post\" data-elementor-id=\"41413\" class=\"elementor elementor-41413\" data-elementor-post-type=\"post\">\n\t\t\t\t<div data-particle_enable=\"false\" data-particle-mobile-disabled=\"false\" class=\"elementor-element elementor-element-4d20502 e-flex e-con-boxed e-con e-parent\" data-id=\"4d20502\" data-element_type=\"container\" data-e-type=\"container\">\n\t\t\t\t\t<div class=\"e-con-inner\">\n\t\t\t\t<div class=\"elementor-element elementor-element-09c6d28 elementor-widget elementor-widget-heading\" data-id=\"09c6d28\" data-element_type=\"widget\" data-e-type=\"widget\" data-widget_type=\"heading.default\">\n\t\t\t\t\t<h2 class=\"elementor-heading-title elementor-size-default\"><span style=\"font-size: 31.2px\">Artista guatemalteca-cubana Kika Garc\u00e9s pas\u00f3 su ni\u00f1ez entre Florida y Guatemala, pero siempre encontr\u00f3 en el arte su forma de sanar, fortalecerse y crear. Dentro de su obra est\u00e1n las famosas \"aguitas en bolsa\".<\/span><\/h2>\t\t\t\t<\/div>\n\t\t\t\t<div class=\"elementor-element elementor-element-8053185 elementor-widget elementor-widget-html\" data-id=\"8053185\" data-element_type=\"widget\" data-e-type=\"widget\" data-widget_type=\"html.default\">\n\t\t\t\t\t<div id=\"buzzsprout-player-17629583\"><\/div><script src=\"https:\/\/www.buzzsprout.com\/2444168\/episodes\/17629583-arte-migracion-y-valores-de-la-artista-kika-garces.js?container_id=buzzsprout-player-17629583&player=small\" type=\"text\/javascript\" charset=\"utf-8\"><\/script>\t\t\t\t<\/div>\n\t\t\t\t\t<\/div>\n\t\t\t\t<\/div>\n\t\t<div data-particle_enable=\"false\" data-particle-mobile-disabled=\"false\" class=\"elementor-element elementor-element-ff8d2b7 e-flex e-con-boxed e-con e-parent\" data-id=\"ff8d2b7\" data-element_type=\"container\" data-e-type=\"container\">\n\t\t\t\t\t<div class=\"e-con-inner\">\n\t\t\t\t<div class=\"elementor-element elementor-element-db67144 elementor-widget elementor-widget-text-editor\" data-id=\"db67144\" data-element_type=\"widget\" data-e-type=\"widget\" data-widget_type=\"text-editor.default\">\n\t\t\t\t\t\t\t\t\t<p>\u201cMe cas\u00e9 con el arte\u201d, declara con resoluci\u00f3n la artista Kika Garc\u00e9s. Y m\u00e1s adelante veremos por qu\u00e9 lo dice.\u00a0 Hija de exiliados cubanos,\u00a0 naci\u00f3 en Guatemala, pero migr\u00f3 de ni\u00f1a junto a su familia a Miami, <a href=\"https:\/\/soymigrante.com\/revista\/desde-florida-migrantes-suman-esfuerzo-para-apoyar-lucha-contra-el-cancer-infantil-en-guatemala\/\">Florida<\/a>. Sin embargo, su coraz\u00f3n siempre estuvo y est\u00e1 en <a href=\"https:\/\/soymigrante.com\/revista\/tag\/departamentos-de-guatemala\/\">Guatemala<\/a>, donde reside.\u00a0\u00a0<\/p><p>Artista multidisciplinaria, sus obras hablan de ra\u00edces, migraci\u00f3n, perd\u00f3n y libertad, sigue exponiendo su obra en Florida tambi\u00e9n, como un s\u00edmbolo de su movilidad creativa. Dentro de sus obras, est\u00e1n las &#8220;aguitas&#8221;, esculturas que evocan tiempos dulces de su\u00a0 ni\u00f1ez y de otras personas.<\/p>\t\t\t\t\t\t\t\t<\/div>\n\t\t\t\t\t<\/div>\n\t\t\t\t<\/div>\n\t\t<div data-particle_enable=\"false\" data-particle-mobile-disabled=\"false\" class=\"elementor-element elementor-element-841cdd6 e-flex e-con-boxed e-con e-parent\" data-id=\"841cdd6\" data-element_type=\"container\" data-e-type=\"container\">\n\t\t\t\t\t<div class=\"e-con-inner\">\n\t\t\t\t<div class=\"elementor-element elementor-element-6eaf8ba elementor-widget elementor-widget-image\" data-id=\"6eaf8ba\" data-element_type=\"widget\" data-e-type=\"widget\" data-widget_type=\"image.default\">\n\t\t\t\t\t\t\t\t\t\t\t\t<figure class=\"wp-caption\">\n\t\t\t\t\t\t\t\t\t\t<img fetchpriority=\"high\" decoding=\"async\" width=\"1024\" height=\"526\" src=\"https:\/\/soymigrante.com\/revista\/wp-content\/uploads\/2025\/07\/Colores-sin-Fronteras-Kika-Garces-de-Marcilla-y-el-Arte-como-Puente-Cultural6-1024x526.jpeg\" class=\"attachment-large size-large wp-image-39096\" alt=\"Perspectiva de una mujer hablando en entrevista en la revista SoyMigrante.com sobre movilidad y derechos de migrantes en M\u00e9xico, fondo con logo de la revista en la pared.\" srcset=\"https:\/\/soymigrante.com\/revista\/wp-content\/uploads\/2025\/07\/Colores-sin-Fronteras-Kika-Garces-de-Marcilla-y-el-Arte-como-Puente-Cultural6-1024x526.jpeg 1024w, https:\/\/soymigrante.com\/revista\/wp-content\/uploads\/2025\/07\/Colores-sin-Fronteras-Kika-Garces-de-Marcilla-y-el-Arte-como-Puente-Cultural6-300x154.jpeg 300w, https:\/\/soymigrante.com\/revista\/wp-content\/uploads\/2025\/07\/Colores-sin-Fronteras-Kika-Garces-de-Marcilla-y-el-Arte-como-Puente-Cultural6-768x394.jpeg 768w, https:\/\/soymigrante.com\/revista\/wp-content\/uploads\/2025\/07\/Colores-sin-Fronteras-Kika-Garces-de-Marcilla-y-el-Arte-como-Puente-Cultural6-750x385.webp 750w, https:\/\/soymigrante.com\/revista\/wp-content\/uploads\/2025\/07\/Colores-sin-Fronteras-Kika-Garces-de-Marcilla-y-el-Arte-como-Puente-Cultural6-1140x585.webp 1140w, https:\/\/soymigrante.com\/revista\/wp-content\/uploads\/2025\/07\/Colores-sin-Fronteras-Kika-Garces-de-Marcilla-y-el-Arte-como-Puente-Cultural6.webp 1221w\" sizes=\"(max-width: 1024px) 100vw, 1024px\" title=\"La artista es conocida por su creatividad. \u2013 SoyMigrante.com REVISTA\" \/>\t\t\t\t\t\t\t\t\t\t\t<figcaption class=\"widget-image-caption wp-caption-text\">Una mujer participando en una entrevista para la revista SoyMigrante.com, abordando temas de movilidad y derechos de migrantes en M\u00e9xico, con fondo que muestra el logo de la publicaci\u00f3n en una pared de piedra.<\/figcaption>\n\t\t\t\t\t\t\t\t\t\t<\/figure>\n\t\t\t\t\t\t\t\t\t<\/div>\n\t\t\t\t\t<\/div>\n\t\t\t\t<\/div>\n\t\t<div data-particle_enable=\"false\" data-particle-mobile-disabled=\"false\" class=\"elementor-element elementor-element-dad2ff6 e-flex e-con-boxed e-con e-parent\" data-id=\"dad2ff6\" data-element_type=\"container\" data-e-type=\"container\">\n\t\t\t\t\t<div class=\"e-con-inner\">\n\t\t\t\t<div class=\"elementor-element elementor-element-5ac79e6 elementor-widget elementor-widget-heading\" data-id=\"5ac79e6\" data-element_type=\"widget\" data-e-type=\"widget\" data-widget_type=\"heading.default\">\n\t\t\t\t\t<h3 class=\"elementor-heading-title elementor-size-default\">Inquietud creadora y fuertes valores<\/h3>\t\t\t\t<\/div>\n\t\t\t\t\t<\/div>\n\t\t\t\t<\/div>\n\t\t<div data-particle_enable=\"false\" data-particle-mobile-disabled=\"false\" class=\"elementor-element elementor-element-dd202a7 e-flex e-con-boxed e-con e-parent\" data-id=\"dd202a7\" data-element_type=\"container\" data-e-type=\"container\">\n\t\t\t\t\t<div class=\"e-con-inner\">\n\t\t\t\t<div class=\"elementor-element elementor-element-47f42d0 elementor-widget elementor-widget-text-editor\" data-id=\"47f42d0\" data-element_type=\"widget\" data-e-type=\"widget\" data-widget_type=\"text-editor.default\">\n\t\t\t\t\t\t\t\t\t<p>\u201cDesde chiquita era muy creativa y ten\u00eda esta inclinaci\u00f3n hacia el arte, la m\u00fasica, escribir\u201d, dice Kika Garc\u00e9s quien recuerda con cari\u00f1o a su mam\u00e1, Mayra Garc\u00e9s,\u00a0 escritora, cantante y pintora: su ejemplo art\u00edstico.\u00a0<\/p><p>Su padre, Jos\u00e9 Garc\u00e9s, ingeniero civil, es su ejemplo de resiliencia y constancia. \u201cMis padres nunca tuvieron miedo: perdieron todo a su salida de Cuba, empezaron de cero y salieron adelante. Esa valent\u00eda molde\u00f3 su car\u00e1cter: \u201cLo que uno tiene aqu\u00ed y aqu\u00ed nadie te lo puede quitar\u201d, a\u00f1ade, se\u00f1alando su cabeza y su pecho.<\/p><p>A los 7 a\u00f1os la familia Garc\u00e9s se traslad\u00f3 a vivir a <a href=\"https:\/\/soymigrante.com\/revista\/arzobispo-de-miami-sale-en-defensa-de-los-migrantes-y-pide-respeto-a-su-dignidad\/\">Miami,<\/a> donde hab\u00eda otros parientes y una fuerte comunidad cubana. &#8220;Pero Guatemala siempre estaba en mi coraz\u00f3n, anhelaba con regresar alg\u00fan d\u00eda&#8221;, cuenta.<\/p>\t\t\t\t\t\t\t\t<\/div>\n\t\t\t\t\t<\/div>\n\t\t\t\t<\/div>\n\t\t<div data-particle_enable=\"false\" data-particle-mobile-disabled=\"false\" class=\"elementor-element elementor-element-79b084c e-flex e-con-boxed e-con e-parent\" data-id=\"79b084c\" data-element_type=\"container\" data-e-type=\"container\">\n\t\t\t\t\t<div class=\"e-con-inner\">\n\t\t\t\t<div class=\"elementor-element elementor-element-6314741 elementor-arrows-position-inside elementor-pagination-position-outside elementor-widget elementor-widget-image-carousel\" data-id=\"6314741\" data-element_type=\"widget\" data-e-type=\"widget\" data-settings=\"{&quot;slides_to_show&quot;:&quot;1&quot;,&quot;navigation&quot;:&quot;both&quot;,&quot;autoplay&quot;:&quot;yes&quot;,&quot;pause_on_hover&quot;:&quot;yes&quot;,&quot;pause_on_interaction&quot;:&quot;yes&quot;,&quot;autoplay_speed&quot;:5000,&quot;infinite&quot;:&quot;yes&quot;,&quot;effect&quot;:&quot;slide&quot;,&quot;speed&quot;:500}\" data-widget_type=\"image-carousel.default\">\n\t\t\t\t\t\t\t<div class=\"elementor-image-carousel-wrapper swiper\" role=\"region\" aria-roledescription=\"carousel\" aria-label=\"Carrusel de im\u00e1genes\" dir=\"ltr\">\n\t\t\t<div class=\"elementor-image-carousel swiper-wrapper\" aria-live=\"off\">\n\t\t\t\t\t\t\t\t<div class=\"swiper-slide\" role=\"group\" aria-roledescription=\"slide\" aria-label=\"1 de 5\"><figure class=\"swiper-slide-inner\"><img decoding=\"async\" class=\"swiper-slide-image\" src=\"https:\/\/soymigrante.com\/revista\/wp-content\/uploads\/2025\/08\/Serie-borradores-de-Kika-Garces-pinta-sobre-prismas-blancos-que-evocan-los-borradores-escolares-sobre-los-cuales-expresa-ideas-y-emociones-con-color-y-a-veces-escritura-1-1-960x1024.jpg\" alt=\"Colorido dise\u00f1o art\u00edstico de una caja, con texto en espa\u00f1ol que promueve la cultura cubana y la gastronom\u00eda, con enfoque en inmigrantes y comunidades latinas. Ideal para art\u00edculos sobre cultura y migraci\u00f3n.\" \/><figcaption class=\"elementor-image-carousel-caption\">Caja de caf\u00e9 cubano con dise\u00f1o art\u00edstico y texto en colores brillantes, representando la cultura del caf\u00e9 en la comunidad migrante, ideal para promover productos culturales en SoyMigrante.com.<\/figcaption><\/figure><\/div><div class=\"swiper-slide\" role=\"group\" aria-roledescription=\"slide\" aria-label=\"2 de 5\"><figure class=\"swiper-slide-inner\"><img decoding=\"async\" class=\"swiper-slide-image\" src=\"https:\/\/soymigrante.com\/revista\/wp-content\/uploads\/2025\/08\/Serie-borradores-de-Kika-Garces-pinta-sobre-prismas-blancos-que-evocan-los-borradores-escolares-sobre-los-cuales-expresa-ideas-y-emociones-con-color-y-a-veces-escritura-2-1-819x1024.jpg\" alt=\"Arte moderna con graffiti colorido y dise\u00f1o abstracto, incluye texto y dibujos, en formato vertical, para ilustrar la secci\u00f3n revistasyomigrante.com.\" \/><figcaption class=\"elementor-image-carousel-caption\">Un arte urbano vibrante y creativo en la portada de la revista SoyMigrante.com, con elementos de graffiti y ilustraciones que representan cultura y migraci\u00f3n, ideal para contenidos sobre derechos y experiencias migrantes.<\/figcaption><\/figure><\/div><div class=\"swiper-slide\" role=\"group\" aria-roledescription=\"slide\" aria-label=\"3 de 5\"><figure class=\"swiper-slide-inner\"><img decoding=\"async\" class=\"swiper-slide-image\" src=\"https:\/\/soymigrante.com\/revista\/wp-content\/uploads\/2025\/08\/Serie-borradores-de-Kika-Garces-pinta-sobre-prismas-blancos-que-evocan-los-borradores-escolares-sobre-los-cuales-expresa-ideas-y-emociones-con-color-y-a-veces-escritura-3-1-822x1024.jpg\" alt=\"Colorido cubo de Rubik decorado con grafitis y frases relacionadas con inmigrantes y migraci\u00f3n.\" \/><figcaption class=\"elementor-image-carousel-caption\">Pieza art\u00edstica que combina graffiti y cultura migrante en un estilo urbano y moderno.<\/figcaption><\/figure><\/div><div class=\"swiper-slide\" role=\"group\" aria-roledescription=\"slide\" aria-label=\"4 de 5\"><figure class=\"swiper-slide-inner\"><img decoding=\"async\" class=\"swiper-slide-image\" src=\"https:\/\/soymigrante.com\/revista\/wp-content\/uploads\/2025\/08\/Serie-borradores-de-Kika-Garces-pinta-sobre-prismas-blancos-que-evocan-los-borradores-escolares-sobre-los-cuales-expresa-ideas-y-emociones-con-color-y-a-veces-escritura-6-1-819x1024.jpg\" alt=\"Colores vibrantes, dibujos y escritura en estilo graffiti en una ilustraci\u00f3n art\u00edstica de la revista SoyMigrante.com REVISTA.\" \/><figcaption class=\"elementor-image-carousel-caption\">Ilustraci\u00f3n creativa y colorida con elementos de graffiti, textos y s\u00edmbolos relacionados con migraci\u00f3n y cultura, en portada de la revista SoyMigrante.com REVISTA.<\/figcaption><\/figure><\/div><div class=\"swiper-slide\" role=\"group\" aria-roledescription=\"slide\" aria-label=\"5 de 5\"><figure class=\"swiper-slide-inner\"><img decoding=\"async\" class=\"swiper-slide-image\" src=\"https:\/\/soymigrante.com\/revista\/wp-content\/uploads\/2025\/08\/Serie-borradores-de-Kika-Garces-pinta-sobre-prismas-blancos-que-evocan-los-borradores-escolares-sobre-los-cuales-expresa-ideas-y-emociones-con-color-y-a-veces-escritura-7-1-819x1024.jpg\" alt=\"Boceto art\u00edstico de la banderas de Ucrania y la Uni\u00f3n Europea en una escultura textil moderna en una galer\u00eda de arte con paredes de concreto.\" \/><figcaption class=\"elementor-image-carousel-caption\">Pieza de arte contempor\u00e1neo que combina textiles y banderas en una escultura vibrante en un entorno minimalista, promoviendo reflexi\u00f3n sobre la unidad y la diversidad.<\/figcaption><\/figure><\/div>\t\t\t<\/div>\n\t\t\t\t\t\t\t\t\t\t\t\t<div class=\"elementor-swiper-button elementor-swiper-button-prev\" role=\"button\" tabindex=\"0\">\n\t\t\t\t\t\t<i aria-hidden=\"true\" class=\"eicon-chevron-left\"><\/i>\t\t\t\t\t<\/div>\n\t\t\t\t\t<div class=\"elementor-swiper-button elementor-swiper-button-next\" role=\"button\" tabindex=\"0\">\n\t\t\t\t\t\t<i aria-hidden=\"true\" class=\"eicon-chevron-right\"><\/i>\t\t\t\t\t<\/div>\n\t\t\t\t\n\t\t\t\t\t\t\t\t\t<div class=\"swiper-pagination\"><\/div>\n\t\t\t\t\t\t\t\t\t<\/div>\n\t\t\t\t\t\t<\/div>\n\t\t\t\t\t<\/div>\n\t\t\t\t<\/div>\n\t\t<div data-particle_enable=\"false\" data-particle-mobile-disabled=\"false\" class=\"elementor-element elementor-element-649a3a8 e-flex e-con-boxed e-con e-parent\" data-id=\"649a3a8\" data-element_type=\"container\" data-e-type=\"container\">\n\t\t\t\t\t<div class=\"e-con-inner\">\n\t\t\t\t<div class=\"elementor-element elementor-element-78863f2 elementor-widget elementor-widget-heading\" data-id=\"78863f2\" data-element_type=\"widget\" data-e-type=\"widget\" data-widget_type=\"heading.default\">\n\t\t\t\t\t<h3 class=\"elementor-heading-title elementor-size-default\">Un refugio con identidad <\/h3>\t\t\t\t<\/div>\n\t\t\t\t\t<\/div>\n\t\t\t\t<\/div>\n\t\t<div data-particle_enable=\"false\" data-particle-mobile-disabled=\"false\" class=\"elementor-element elementor-element-b731b08 e-flex e-con-boxed e-con e-parent\" data-id=\"b731b08\" data-element_type=\"container\" data-e-type=\"container\">\n\t\t\t\t\t<div class=\"e-con-inner\">\n\t\t\t\t<div class=\"elementor-element elementor-element-ef27b34 elementor-widget elementor-widget-text-editor\" data-id=\"ef27b34\" data-element_type=\"widget\" data-e-type=\"widget\" data-widget_type=\"text-editor.default\">\n\t\t\t\t\t\t\t\t\t<p>El arte resurgi\u00f3 con fuerza como un refugio personal durante un momento de crisis. \u201cTuve una experiencia donde me iba a casar. Me dio tanto miedo que esa noche agarr\u00e9 un lienzo y empec\u00e9 a pintar y pintar\u2026 estir\u00e9 mis alas y quise volar. Ah\u00ed empec\u00e9 algo en serio\u201d. \u00bfY se cas\u00f3? Le pregunto. &#8220;No&#8221;. Pero s\u00ed &#8220;Me cas\u00e9 con el arte&#8221;.<\/p><p>Despu\u00e9s de eso, se mud\u00f3 a Italia a estudiar dise\u00f1o gr\u00e1fico, artes pl\u00e1sticas y escultura. A su regreso, empez\u00f3 una ruta creativa guiada por la intuici\u00f3n y la espiritualidad: \u201cMuchas de mis exposiciones me han venido en sue\u00f1os. Siento que este don no es m\u00edo, vino de un ser mayor que es Dios. Me considero una <a href=\"https:\/\/soymigrante.com\/revista\/la-fe-de-las-familias-acompana-a-migrantes-guatemaltecos-que-buscan-salir-adelante\/\">persona de fe<\/a>\u201d.\u00a0<\/p><p>Una de sus creaciones art\u00edsticas m\u00e1s &#8220;chapinas&#8221; son Las Ag\u00fcitas, piezas de resina que evocan la nostalgia por su infancia guatemalteca. Representan las gaseosas servidas en bolsa pl\u00e1stica, que predominaban en Guatemala cuando no hab\u00eda envases pl\u00e1sticos.\u00a0<\/p><p><b>\u201cLas ag\u00fcitas eran como esa nostalgia de la simpleza y la pureza <i><a href=\"https:\/\/soymigrante.com\/revista\/dia-del-nino-migrantes-cuentan-recuerdos-de-infancia-en-guatemala\/\">infantil <\/a><\/i>que recordamos, \u2026 transparente, con la pajilla torcida, una bolsa con agua a la salida de estudiar\u201d.\u00a0<\/b><\/p>\t\t\t\t\t\t\t\t<\/div>\n\t\t\t\t\t<\/div>\n\t\t\t\t<\/div>\n\t\t<div data-particle_enable=\"false\" data-particle-mobile-disabled=\"false\" class=\"elementor-element elementor-element-0ade42c e-flex e-con-boxed e-con e-parent\" data-id=\"0ade42c\" data-element_type=\"container\" data-e-type=\"container\">\n\t\t\t\t\t<div class=\"e-con-inner\">\n\t\t\t\t<div class=\"elementor-element elementor-element-9156983 elementor-arrows-position-inside elementor-pagination-position-outside elementor-widget elementor-widget-image-carousel\" data-id=\"9156983\" data-element_type=\"widget\" data-e-type=\"widget\" data-settings=\"{&quot;slides_to_show&quot;:&quot;1&quot;,&quot;navigation&quot;:&quot;both&quot;,&quot;autoplay&quot;:&quot;yes&quot;,&quot;pause_on_hover&quot;:&quot;yes&quot;,&quot;pause_on_interaction&quot;:&quot;yes&quot;,&quot;autoplay_speed&quot;:5000,&quot;infinite&quot;:&quot;yes&quot;,&quot;effect&quot;:&quot;slide&quot;,&quot;speed&quot;:500}\" data-widget_type=\"image-carousel.default\">\n\t\t\t\t\t\t\t<div class=\"elementor-image-carousel-wrapper swiper\" role=\"region\" aria-roledescription=\"carousel\" aria-label=\"Carrusel de im\u00e1genes\" dir=\"ltr\">\n\t\t\t<div class=\"elementor-image-carousel swiper-wrapper\" aria-live=\"off\">\n\t\t\t\t\t\t\t\t<div class=\"swiper-slide\" role=\"group\" aria-roledescription=\"slide\" aria-label=\"1 de 4\"><figure class=\"swiper-slide-inner\"><img decoding=\"async\" class=\"swiper-slide-image\" src=\"https:\/\/soymigrante.com\/revista\/wp-content\/uploads\/2025\/08\/Serie-escultorica-de-Las-Aguitas-de-Kika-Garcia-1-768x1024.jpg\" alt=\"Jarr\u00f3n de cristal con decoraci\u00f3n en tonos rosados en un ambiente moderno y luminoso.\" \/><figcaption class=\"elementor-image-carousel-caption\">Cristal decorativo en tonos rosas en ambiente contempor\u00e1neo.<\/figcaption><\/figure><\/div><div class=\"swiper-slide\" role=\"group\" aria-roledescription=\"slide\" aria-label=\"2 de 4\"><figure class=\"swiper-slide-inner\"><img decoding=\"async\" class=\"swiper-slide-image\" src=\"https:\/\/soymigrante.com\/revista\/wp-content\/uploads\/2025\/08\/Serie-escultorica-de-Las-Aguitas-de-Kika-Garcia-2-887x1024.jpg\" alt=\"Vidrio decorativo artesanal con forma de flor en tonos anaranjados y transparentes, ideal para decoraci\u00f3n moderna y elegante en interiores.\" \/><figcaption class=\"elementor-image-carousel-caption\">Vaso decorativo de vidrio soplado en forma de flor en tonos naranja y transparente, ideal para decoraci\u00f3n moderna y elegante.<\/figcaption><\/figure><\/div><div class=\"swiper-slide\" role=\"group\" aria-roledescription=\"slide\" aria-label=\"3 de 4\"><figure class=\"swiper-slide-inner\"><img decoding=\"async\" class=\"swiper-slide-image\" src=\"https:\/\/soymigrante.com\/revista\/wp-content\/uploads\/2025\/08\/Serie-escultorica-de-Las-Aguitas-de-Kika-Garcia-3-819x1024.jpg\" alt=\"Vas decorativo de vidrio con aceite, sobres de az\u00facar y plato de m\u00e1rmol en estilo elegante y moderno. Ideal para revistas sobre estilo de vida, arte y dise\u00f1o en la comunidad migrante.\" \/><figcaption class=\"elementor-image-carousel-caption\">Accesorios decorativos de lujo, estilo sofisticado, elementos de hogar, productos de dise\u00f1o, revista SoyMigrante.<\/figcaption><\/figure><\/div><div class=\"swiper-slide\" role=\"group\" aria-roledescription=\"slide\" aria-label=\"4 de 4\"><figure class=\"swiper-slide-inner\"><img decoding=\"async\" class=\"swiper-slide-image\" src=\"https:\/\/soymigrante.com\/revista\/wp-content\/uploads\/2025\/08\/Serie-escultorica-de-Las-Aguitas-de-Kika-Garcia-4-1024x1024.jpg\" alt=\"Jarr\u00f3n de cristal con florero de vidrio en color anaranjado, decorativo y elegante, en un ambiente moderno y luminoso, ideal para la decoraci\u00f3n del hogar o la oficina.\" \/><figcaption class=\"elementor-image-carousel-caption\">Un hermoso jarr\u00f3n de cristal con dise\u00f1o elaborado en vidrio transparente en un entorno interior contempor\u00e1neo, perfecto para accesorios decorativos que aportan estilo y sofisticaci\u00f3n.<\/figcaption><\/figure><\/div>\t\t\t<\/div>\n\t\t\t\t\t\t\t\t\t\t\t\t<div class=\"elementor-swiper-button elementor-swiper-button-prev\" role=\"button\" tabindex=\"0\">\n\t\t\t\t\t\t<i aria-hidden=\"true\" class=\"eicon-chevron-left\"><\/i>\t\t\t\t\t<\/div>\n\t\t\t\t\t<div class=\"elementor-swiper-button elementor-swiper-button-next\" role=\"button\" tabindex=\"0\">\n\t\t\t\t\t\t<i aria-hidden=\"true\" class=\"eicon-chevron-right\"><\/i>\t\t\t\t\t<\/div>\n\t\t\t\t\n\t\t\t\t\t\t\t\t\t<div class=\"swiper-pagination\"><\/div>\n\t\t\t\t\t\t\t\t\t<\/div>\n\t\t\t\t\t\t<\/div>\n\t\t\t\t\t<\/div>\n\t\t\t\t<\/div>\n\t\t<div data-particle_enable=\"false\" data-particle-mobile-disabled=\"false\" class=\"elementor-element elementor-element-dcb5c41 e-flex e-con-boxed e-con e-parent\" data-id=\"dcb5c41\" data-element_type=\"container\" data-e-type=\"container\">\n\t\t\t\t\t<div class=\"e-con-inner\">\n\t\t\t\t<div class=\"elementor-element elementor-element-c9d2e8a elementor-widget elementor-widget-heading\" data-id=\"c9d2e8a\" data-element_type=\"widget\" data-e-type=\"widget\" data-widget_type=\"heading.default\">\n\t\t\t\t\t<h3 class=\"elementor-heading-title elementor-size-default\">Borradores que dejan huella positiva<\/h3>\t\t\t\t<\/div>\n\t\t\t\t\t<\/div>\n\t\t\t\t<\/div>\n\t\t<div data-particle_enable=\"false\" data-particle-mobile-disabled=\"false\" class=\"elementor-element elementor-element-8ff6bee e-flex e-con-boxed e-con e-parent\" data-id=\"8ff6bee\" data-element_type=\"container\" data-e-type=\"container\">\n\t\t\t\t\t<div class=\"e-con-inner\">\n\t\t\t\t<div class=\"elementor-element elementor-element-d13dc01 elementor-widget elementor-widget-text-editor\" data-id=\"d13dc01\" data-element_type=\"widget\" data-e-type=\"widget\" data-widget_type=\"text-editor.default\">\n\t\t\t\t\t\t\t\t\t<p>Otro de sus proyectos m\u00e1s entra\u00f1ables es Borr\u00f3n y cuenta nueva, una serie de esculturas inspiradas en borradores escolares, sobre los cuales pinta, dibuja y escribe. \u201cTiene mucho que ver con el perd\u00f3n, con tener en casa un recordatorio de que todos merecemos una segunda oportunidad. Borrar lo malo y dejar lo bueno\u201d, explica. Kika ha expuesto su trabajo en <a href=\"https:\/\/signatureartgallery.com\/artist\/kika-garces-de-marcilla?fbclid=PAZXh0bgNhZW0CMTEAAafp4acYh8GrsRSYa5zdtrRgniVf7jheEsF52iJrz4jzqGkCGBWrZLVrbsE2Kg_aem_T50LYJp7BeNfhzWpF3PpCw\">Florida <\/a>y Guatemala.<\/p><p>Su proceso art\u00edstico es impulsivo y libre, cuenta Kika. \u201cYo no puedo cocinar con receta, no me gusta. Es igual con el arte: cocino con m\u00fasica, con sentimiento. A veces queda bien, a veces queda terrible, pero aprend\u00ed a no juzgar mi propio arte\u201d.<\/p>\t\t\t\t\t\t\t\t<\/div>\n\t\t\t\t\t<\/div>\n\t\t\t\t<\/div>\n\t\t<div data-particle_enable=\"false\" data-particle-mobile-disabled=\"false\" class=\"elementor-element elementor-element-4996f75 e-flex e-con-boxed e-con e-parent\" data-id=\"4996f75\" data-element_type=\"container\" data-e-type=\"container\">\n\t\t\t\t\t<div class=\"e-con-inner\">\n\t\t\t\t<div class=\"elementor-element elementor-element-c27136b elementor-widget elementor-widget-heading\" data-id=\"c27136b\" data-element_type=\"widget\" data-e-type=\"widget\" data-widget_type=\"heading.default\">\n\t\t\t\t\t<h4 class=\"elementor-heading-title elementor-size-default\">La obra de Kika es una b\u00fasqueda de libertad. <\/h4>\t\t\t\t<\/div>\n\t\t\t\t\t<\/div>\n\t\t\t\t<\/div>\n\t\t<div data-particle_enable=\"false\" data-particle-mobile-disabled=\"false\" class=\"elementor-element elementor-element-654e703 e-flex e-con-boxed e-con e-parent\" data-id=\"654e703\" data-element_type=\"container\" data-e-type=\"container\">\n\t\t\t\t\t<div class=\"e-con-inner\">\n\t\t\t\t<div class=\"elementor-element elementor-element-fed98f9 elementor-arrows-position-inside elementor-pagination-position-outside elementor-widget elementor-widget-image-carousel\" data-id=\"fed98f9\" data-element_type=\"widget\" data-e-type=\"widget\" data-settings=\"{&quot;slides_to_show&quot;:&quot;1&quot;,&quot;navigation&quot;:&quot;both&quot;,&quot;autoplay&quot;:&quot;yes&quot;,&quot;pause_on_hover&quot;:&quot;yes&quot;,&quot;pause_on_interaction&quot;:&quot;yes&quot;,&quot;autoplay_speed&quot;:5000,&quot;infinite&quot;:&quot;yes&quot;,&quot;effect&quot;:&quot;slide&quot;,&quot;speed&quot;:500}\" data-widget_type=\"image-carousel.default\">\n\t\t\t\t\t\t\t<div class=\"elementor-image-carousel-wrapper swiper\" role=\"region\" aria-roledescription=\"carousel\" aria-label=\"Carrusel de im\u00e1genes\" dir=\"ltr\">\n\t\t\t<div class=\"elementor-image-carousel swiper-wrapper\" aria-live=\"off\">\n\t\t\t\t\t\t\t\t<div class=\"swiper-slide\" role=\"group\" aria-roledescription=\"slide\" aria-label=\"1 de 3\"><a data-elementor-open-lightbox=\"yes\" data-elementor-lightbox-slideshow=\"fed98f9\" data-elementor-lightbox-title=\"Serie borradores de Kika Garc\u00e9s pinta sobre prismas blancos que evocan los borradores escolares sobre los cuales expresa ideas y emociones con color y a veces escritura 4\" data-elementor-lightbox-description=\"Una obra de arte en acuarela que muestra un rostro femenino abstracto con colores llamativos y vibrantes, simbolizando la riqueza cultural y emocional, destacada en la revista SoyMigrante.com REVISTA.\" data-e-action-hash=\"#elementor-action%3Aaction%3Dlightbox%26settings%3DeyJpZCI6NDE0NTksInVybCI6Imh0dHBzOlwvXC9zb3ltaWdyYW50ZS5jb21cL3JldmlzdGFcL3dwLWNvbnRlbnRcL3VwbG9hZHNcLzIwMjVcLzA4XC9TZXJpZS1ib3JyYWRvcmVzLWRlLUtpa2EtR2FyY2VzLXBpbnRhLXNvYnJlLXByaXNtYXMtYmxhbmNvcy1xdWUtZXZvY2FuLWxvcy1ib3JyYWRvcmVzLWVzY29sYXJlcy1zb2JyZS1sb3MtY3VhbGVzLWV4cHJlc2EtaWRlYXMteS1lbW9jaW9uZXMtY29uLWNvbG9yLXktYS12ZWNlcy1lc2NyaXR1cmEtNC53ZWJwIiwic2xpZGVzaG93IjoiZmVkOThmOSJ9\" href=\"https:\/\/signatureartgallery.com\/artist\/kika-garces-de-marcilla?fbclid=PAZXh0bgNhZW0CMTEAAafp4acYh8GrsRSYa5zdtrRgniVf7jheEsF52iJrz4jzqGkCGBWrZLVrbsE2Kg_aem_T50LYJp7BeNfhzWpF3PpCw\"><figure class=\"swiper-slide-inner\"><img decoding=\"async\" class=\"swiper-slide-image\" src=\"https:\/\/soymigrante.com\/revista\/wp-content\/uploads\/2025\/08\/Serie-borradores-de-Kika-Garces-pinta-sobre-prismas-blancos-que-evocan-los-borradores-escolares-sobre-los-cuales-expresa-ideas-y-emociones-con-color-y-a-veces-escritura-4-822x1024.jpg\" alt=\"Colorido dibujo abstracto de rostro femenino en acuarela con tonos vibrantes, protagonizado por p\u00farpuras, azules y verdes, enmarcado en blanco, que destaca en la revista SoyMigrante.com REVISTA.\" \/><\/figure><\/a><\/div><div class=\"swiper-slide\" role=\"group\" aria-roledescription=\"slide\" aria-label=\"2 de 3\"><a data-elementor-open-lightbox=\"yes\" data-elementor-lightbox-slideshow=\"fed98f9\" data-elementor-lightbox-title=\"Serie borradores de Kika Garc\u00e9s pinta sobre prismas blancos que evocan los borradores escolares sobre los cuales expresa ideas y emociones con color y a veces escritura 5\" data-elementor-lightbox-description=\"Una obra de arte contempor\u00e1nea que combina elementos visuales y sociales, exhibida en SoyMigrante.com Revista, que refleja la creatividad y la diversidad cultural en el contexto de la migraci\u00f3n y la identidad.\" data-e-action-hash=\"#elementor-action%3Aaction%3Dlightbox%26settings%3DeyJpZCI6NDE0NjAsInVybCI6Imh0dHBzOlwvXC9zb3ltaWdyYW50ZS5jb21cL3JldmlzdGFcL3dwLWNvbnRlbnRcL3VwbG9hZHNcLzIwMjVcLzA4XC9TZXJpZS1ib3JyYWRvcmVzLWRlLUtpa2EtR2FyY2VzLXBpbnRhLXNvYnJlLXByaXNtYXMtYmxhbmNvcy1xdWUtZXZvY2FuLWxvcy1ib3JyYWRvcmVzLWVzY29sYXJlcy1zb2JyZS1sb3MtY3VhbGVzLWV4cHJlc2EtaWRlYXMteS1lbW9jaW9uZXMtY29uLWNvbG9yLXktYS12ZWNlcy1lc2NyaXR1cmEtNS53ZWJwIiwic2xpZGVzaG93IjoiZmVkOThmOSJ9\" href=\"https:\/\/signatureartgallery.com\/artist\/kika-garces-de-marcilla?fbclid=PAZXh0bgNhZW0CMTEAAafp4acYh8GrsRSYa5zdtrRgniVf7jheEsF52iJrz4jzqGkCGBWrZLVrbsE2Kg_aem_T50LYJp7BeNfhzWpF3PpCw\"><figure class=\"swiper-slide-inner\"><img decoding=\"async\" class=\"swiper-slide-image\" src=\"https:\/\/soymigrante.com\/revista\/wp-content\/uploads\/2025\/08\/Serie-borradores-de-Kika-Garces-pinta-sobre-prismas-blancos-que-evocan-los-borradores-escolares-sobre-los-cuales-expresa-ideas-y-emociones-con-color-y-a-veces-escritura-5.webp\" alt=\"Expresi\u00f3n art\u00edstica de una obra de arte contempor\u00e1neo con tem\u00e1tica social y cultural.\" \/><\/figure><\/a><\/div><div class=\"swiper-slide\" role=\"group\" aria-roledescription=\"slide\" aria-label=\"3 de 3\"><a data-elementor-open-lightbox=\"yes\" data-elementor-lightbox-slideshow=\"fed98f9\" data-elementor-lightbox-title=\"524728161_17927045940094312_4690373676361486952_n\" data-elementor-lightbox-description=\"Ilustraci\u00f3n art\u00edstica de una silla en colores azul y verde, simbolizando la migraci\u00f3n, la integraci\u00f3n cultural y la comunidad, presentada en la revista SoyMigrante, focalizada en historia y derechos de migrantes.\" data-e-action-hash=\"#elementor-action%3Aaction%3Dlightbox%26settings%3DeyJpZCI6NDE0NjEsInVybCI6Imh0dHBzOlwvXC9zb3ltaWdyYW50ZS5jb21cL3JldmlzdGFcL3dwLWNvbnRlbnRcL3VwbG9hZHNcLzIwMjVcLzA4XC81MjQ3MjgxNjFfMTc5MjcwNDU5NDAwOTQzMTJfNDY5MDM3MzY3NjM2MTQ4Njk1Ml9uLndlYnAiLCJzbGlkZXNob3ciOiJmZWQ5OGY5In0%3D\" href=\"https:\/\/signatureartgallery.com\/artist\/kika-garces-de-marcilla?fbclid=PAZXh0bgNhZW0CMTEAAafp4acYh8GrsRSYa5zdtrRgniVf7jheEsF52iJrz4jzqGkCGBWrZLVrbsE2Kg_aem_T50LYJp7BeNfhzWpF3PpCw\"><figure class=\"swiper-slide-inner\"><img decoding=\"async\" class=\"swiper-slide-image\" src=\"https:\/\/soymigrante.com\/revista\/wp-content\/uploads\/2025\/08\/524728161_17927045940094312_4690373676361486952_n-768x1024.jpg\" alt=\"Armaz\u00f3n de silla en estilo ilustraci\u00f3n art\u00edstica con colores azul y verde, s\u00edmbolo de migraci\u00f3n y cultura, representada en la revista SoyMigrante.\" \/><\/figure><\/a><\/div>\t\t\t<\/div>\n\t\t\t\t\t\t\t\t\t\t\t\t<div class=\"elementor-swiper-button elementor-swiper-button-prev\" role=\"button\" tabindex=\"0\">\n\t\t\t\t\t\t<i aria-hidden=\"true\" class=\"eicon-chevron-left\"><\/i>\t\t\t\t\t<\/div>\n\t\t\t\t\t<div class=\"elementor-swiper-button elementor-swiper-button-next\" role=\"button\" tabindex=\"0\">\n\t\t\t\t\t\t<i aria-hidden=\"true\" class=\"eicon-chevron-right\"><\/i>\t\t\t\t\t<\/div>\n\t\t\t\t\n\t\t\t\t\t\t\t\t\t<div class=\"swiper-pagination\"><\/div>\n\t\t\t\t\t\t\t\t\t<\/div>\n\t\t\t\t\t\t<\/div>\n\t\t\t\t\t<\/div>\n\t\t\t\t<\/div>\n\t\t<div data-particle_enable=\"false\" data-particle-mobile-disabled=\"false\" class=\"elementor-element elementor-element-3448b04 e-flex e-con-boxed e-con e-parent\" data-id=\"3448b04\" data-element_type=\"container\" data-e-type=\"container\">\n\t\t\t\t\t<div class=\"e-con-inner\">\n\t\t\t\t<div class=\"elementor-element elementor-element-56bc84f elementor-widget elementor-widget-heading\" data-id=\"56bc84f\" data-element_type=\"widget\" data-e-type=\"widget\" data-widget_type=\"heading.default\">\n\t\t\t\t\t<h3 class=\"elementor-heading-title elementor-size-default\">Migrante en el arte<\/h3>\t\t\t\t<\/div>\n\t\t\t\t\t<\/div>\n\t\t\t\t<\/div>\n\t\t<div data-particle_enable=\"false\" data-particle-mobile-disabled=\"false\" class=\"elementor-element elementor-element-0b75ea1 e-flex e-con-boxed e-con e-parent\" data-id=\"0b75ea1\" data-element_type=\"container\" data-e-type=\"container\">\n\t\t\t\t\t<div class=\"e-con-inner\">\n\t\t\t\t<div class=\"elementor-element elementor-element-d08c900 elementor-widget elementor-widget-text-editor\" data-id=\"d08c900\" data-element_type=\"widget\" data-e-type=\"widget\" data-widget_type=\"text-editor.default\">\n\t\t\t\t\t\t\t\t\t<p>Vivir entre dos mundos \u2014Estados Unidos y Guatemala\u2014 tambi\u00e9n ha marcado el arte de Kika. \u201cCuando estoy en Guatemala mucho tiempo siento que me falta mi otra mitad, y cuando estoy en Miami, mi mente est\u00e1 aqu\u00ed\u2026 Es una vocaci\u00f3n de ser migrante en el arte\u201d.<\/p><p>Uno de sus grandes sue\u00f1os es vincular el arte con la transformaci\u00f3n social. En un proyecto llamado Varios por Barrios buscaba llevar arte a zonas vulnerables. \u201cMe encanta ir a \u00e1reas donde existe violencia y crimen e implementar arte. Hace un cambio fuert\u00edsimo, sobre todo si participan artistas como grafiteros\u201d.<\/p><p>La obra de Kika ha migrado como ella. \u201cEs feliz y triste. Feliz porque encontr\u00f3 un lugar donde va a ser amado, y triste porque no lo voy a volver a ver\u201d. Y concluye: \u201cNegar nuestra obra es negar el mensaje. El mensaje para el artista es soltar, todo el tiempo soltar y dejar fluir\u201d.<br \/><a href=\"https:\/\/signatureartgallery.com\/artist\/kika-garces-de-marcilla?fbclid=PAZXh0bgNhZW0CMTEAAafp4acYh8GrsRSYa5zdtrRgniVf7jheEsF52iJrz4jzqGkCGBWrZLVrbsE2Kg_aem_T50LYJp7BeNfhzWpF3PpCw\">Si deseas ver m\u00e1s de la obra reciente de Kika Garc\u00e9s, clic en este l\u00ednk.<\/a><\/p><div>\u00a0<\/div>\t\t\t\t\t\t\t\t<\/div>\n\t\t\t\t\t<\/div>\n\t\t\t\t<\/div>\n\t\t<div data-particle_enable=\"false\" data-particle-mobile-disabled=\"false\" class=\"elementor-element elementor-element-7a06cda e-flex e-con-boxed e-con e-parent\" data-id=\"7a06cda\" data-element_type=\"container\" data-e-type=\"container\">\n\t\t\t\t\t<div class=\"e-con-inner\">\n\t\t\t\t<div class=\"elementor-element elementor-element-55eedb8 elementor-invisible elementor-widget elementor-widget-testimonial\" data-id=\"55eedb8\" data-element_type=\"widget\" data-e-type=\"widget\" data-settings=\"{&quot;_animation&quot;:&quot;rotateInUpRight&quot;}\" data-widget_type=\"testimonial.default\">\n\t\t\t\t\t\t\t<div class=\"elementor-testimonial-wrapper\">\n\t\t\t\t\t\t\t<div class=\"elementor-testimonial-content\">\"Cuando estoy en Guatemala siento que me falta mi otra mitad y cuando estoy en Miami, mi mente est\u00e1 aqu\u00ed en Guatemala. Es una voaci\u00f3n de ser migrante en el arte\"<\/div>\n\t\t\t\n\t\t\t\t\t\t<div class=\"elementor-testimonial-meta elementor-has-image elementor-testimonial-image-position-aside\">\n\t\t\t\t<div class=\"elementor-testimonial-meta-inner\">\n\t\t\t\t\t\t\t\t\t\t\t<div class=\"elementor-testimonial-image\">\n\t\t\t\t\t\t\t<img decoding=\"async\" width=\"738\" height=\"811\" src=\"https:\/\/soymigrante.com\/revista\/wp-content\/uploads\/2025\/08\/kika-garces.jpg\" class=\"attachment-full size-full wp-image-41462\" alt=\"Mujer joven con peinado recogido y ojos claros en evento de SoyMigrante.com REVISTA, fondo rosa.\" title=\"kika garces \u2013 SoyMigrante.com REVISTA\" srcset=\"https:\/\/soymigrante.com\/revista\/wp-content\/uploads\/2025\/08\/kika-garces.jpg 738w, https:\/\/soymigrante.com\/revista\/wp-content\/uploads\/2025\/08\/kika-garces-273x300.jpg 273w\" sizes=\"(max-width: 738px) 100vw, 738px\" \/>\t\t\t\t\t\t<\/div>\n\t\t\t\t\t\n\t\t\t\t\t\t\t\t\t\t<div class=\"elementor-testimonial-details\">\n\t\t\t\t\t\t\t\t\t\t\t\t\t\t<div class=\"elementor-testimonial-name\">Kika Garc\u00e9s<\/div>\n\t\t\t\t\t\t\t\t\t\t\t\t\t\t\t\t\t\t\t\t\t\t<div class=\"elementor-testimonial-job\">Artista guatemalteco-cubana<\/div>\n\t\t\t\t\t\t\t\t\t\t\t\t\t<\/div>\n\t\t\t\t\t\t\t\t\t<\/div>\n\t\t\t<\/div>\n\t\t\t\t\t<\/div>\n\t\t\t\t\t\t<\/div>\n\t\t\t\t\t<\/div>\n\t\t\t\t<\/div>\n\t\t<div data-particle_enable=\"false\" data-particle-mobile-disabled=\"false\" class=\"elementor-element elementor-element-c8eed6a e-flex e-con-boxed e-con e-parent\" data-id=\"c8eed6a\" data-element_type=\"container\" data-e-type=\"container\">\n\t\t\t\t\t<div class=\"e-con-inner\">\n\t\t\t\t<div class=\"elementor-element elementor-element-7c0fd08 elementor-widget elementor-widget-heading\" data-id=\"7c0fd08\" data-element_type=\"widget\" data-e-type=\"widget\" data-widget_type=\"heading.default\">\n\t\t\t\t\t<h2 class=\"elementor-heading-title elementor-size-default\">Creatividad guatemalteca sin fronteras<\/h2>\t\t\t\t<\/div>\n\t\t\t\t\t<\/div>\n\t\t\t\t<\/div>\n\t\t<div data-particle_enable=\"false\" data-particle-mobile-disabled=\"false\" class=\"elementor-element elementor-element-4ff4ad0 e-flex e-con-boxed e-con e-parent\" data-id=\"4ff4ad0\" data-element_type=\"container\" data-e-type=\"container\">\n\t\t\t\t\t<div class=\"e-con-inner\">\n\t\t\t\t<div class=\"elementor-element elementor-element-017df74 elementor-grid-eael-col-3 elementor-grid-tablet-eael-col-2 elementor-grid-mobile-eael-col-1 elementor-invisible elementor-widget elementor-widget-eael-post-grid\" data-id=\"017df74\" data-element_type=\"widget\" data-e-type=\"widget\" data-settings=\"{&quot;eael_post_grid_columns&quot;:&quot;eael-col-3&quot;,&quot;_animation&quot;:&quot;rollIn&quot;,&quot;eael_post_grid_columns_tablet&quot;:&quot;eael-col-2&quot;,&quot;eael_post_grid_columns_mobile&quot;:&quot;eael-col-1&quot;}\" data-widget_type=\"eael-post-grid.default\">\n\t\t\t\t\t<div id=\"eael-post-grid-017df74\" class=\"eael-post-grid-container\">\n            <div class=\"eael-post-grid eael-post-appender eael-post-appender-017df74 eael-post-grid-style-one\" data-layout-mode=\"masonry\"><article class=\"eael-grid-post  eael-post-grid-column eael-pg-post-39736 category-exitos-guatemala\" data-id=\"39736\">\n        <div class=\"eael-grid-post-holder\">\n            <div class=\"eael-grid-post-holder-inner\"><div class=\"eael-entry-media\"><div class=\"eael-entry-overlay fade-in\"><i class=\"far fa-hand-pointer\" aria-hidden=\"true\"><\/i><a href=\"https:\/\/soymigrante.com\/revista\/yo-naci-migrante-y-creci-migrante-artista-guatemalteca-magda-leon-en-rhode-island\/\"><\/a><\/div><div class=\"eael-entry-thumbnail \">\n                <img decoding=\"async\" width=\"1024\" height=\"1024\" src=\"https:\/\/soymigrante.com\/revista\/wp-content\/uploads\/2025\/07\/artista-migrante-guatemalteca-Magda-Leon-1-1024x1024.jpg\" class=\"attachment-large size-large wp-image-39737\" alt=\"Fotograf\u00eda de una mujer sonriente en una exposici\u00f3n al aire libre con retratos en blanco y negro en una valla de malla, destacando arte, cultura y creatividad en el contexto de SoyMigrante.com REVISTA.\" srcset=\"https:\/\/soymigrante.com\/revista\/wp-content\/uploads\/2025\/07\/artista-migrante-guatemalteca-Magda-Leon-1-1024x1024.jpg 1024w, https:\/\/soymigrante.com\/revista\/wp-content\/uploads\/2025\/07\/artista-migrante-guatemalteca-Magda-Leon-1-300x300.jpg 300w, https:\/\/soymigrante.com\/revista\/wp-content\/uploads\/2025\/07\/artista-migrante-guatemalteca-Magda-Leon-1-150x150.jpg 150w, https:\/\/soymigrante.com\/revista\/wp-content\/uploads\/2025\/07\/artista-migrante-guatemalteca-Magda-Leon-1-768x768.jpg 768w, https:\/\/soymigrante.com\/revista\/wp-content\/uploads\/2025\/07\/artista-migrante-guatemalteca-Magda-Leon-1-75x75.jpg 75w, https:\/\/soymigrante.com\/revista\/wp-content\/uploads\/2025\/07\/artista-migrante-guatemalteca-Magda-Leon-1-750x750.jpg 750w, https:\/\/soymigrante.com\/revista\/wp-content\/uploads\/2025\/07\/artista-migrante-guatemalteca-Magda-Leon-1.jpg 1051w\" sizes=\"(max-width: 1024px) 100vw, 1024px\" \/>\n            <\/div>\n        <\/div><div class=\"eael-entry-wrapper\"><header class=\"eael-entry-header\"><h2 class=\"eael-entry-title\"><a class=\"eael-grid-post-link\" href=\"https:\/\/soymigrante.com\/revista\/yo-naci-migrante-y-creci-migrante-artista-guatemalteca-magda-leon-en-rhode-island\/\" title=\"&#8220;Yo nac\u00ed migrante y crec\u00ed migrante&#8221;: artista guatemalteca Magda Le\u00f3n, en Rhode Island\">&#8220;Yo nac\u00ed migrante y crec\u00ed migrante&#8221;: artista guatemalteca Magda Le\u00f3n, en Rhode Island<\/a><\/h2><\/header><div class=\"eael-entry-content\">\n                        <div class=\"eael-grid-post-excerpt\"><a href=\"https:\/\/soymigrante.com\/revista\/yo-naci-migrante-y-creci-migrante-artista-guatemalteca-magda-leon-en-rhode-island\/\" class=\"eael-post-elements-readmore-btn\">CONOCE SU HISTORIA <\/a><\/div>\n                    <\/div><\/div><\/div>\n        <\/div>\n    <\/article><article class=\"eael-grid-post  eael-post-grid-column eael-pg-post-33014 category-exitos-guatemala\" data-id=\"33014\">\n        <div class=\"eael-grid-post-holder\">\n            <div class=\"eael-grid-post-holder-inner\"><div class=\"eael-entry-media\"><div class=\"eael-entry-overlay fade-in\"><i class=\"far fa-hand-pointer\" aria-hidden=\"true\"><\/i><a href=\"https:\/\/soymigrante.com\/revista\/artista-guatemalteca-sharley-rodriguez-vive-para-crear-y-crea-para-inspirar-en-nashville-tennessee\/\"><\/a><\/div><div class=\"eael-entry-thumbnail \">\n                <img loading=\"lazy\" decoding=\"async\" width=\"1024\" height=\"1024\" src=\"https:\/\/soymigrante.com\/revista\/wp-content\/uploads\/2025\/05\/shirley-rodriguez-pintora-guatemalteca-tennessee-cuadrada-1024x1024.jpg\" class=\"attachment-large size-large wp-image-33015\" alt=\"Coj\u00edn de piel con pintura art\u00edstica que representa la cultura y paisajes de M\u00e9xico, con tem\u00e1tica de migrantes y ra\u00edces mexicanas.\" srcset=\"https:\/\/soymigrante.com\/revista\/wp-content\/uploads\/2025\/05\/shirley-rodriguez-pintora-guatemalteca-tennessee-cuadrada-1024x1024.jpg 1024w, https:\/\/soymigrante.com\/revista\/wp-content\/uploads\/2025\/05\/shirley-rodriguez-pintora-guatemalteca-tennessee-cuadrada-300x300.jpg 300w, https:\/\/soymigrante.com\/revista\/wp-content\/uploads\/2025\/05\/shirley-rodriguez-pintora-guatemalteca-tennessee-cuadrada-150x150.jpg 150w, https:\/\/soymigrante.com\/revista\/wp-content\/uploads\/2025\/05\/shirley-rodriguez-pintora-guatemalteca-tennessee-cuadrada-768x768.jpg 768w, https:\/\/soymigrante.com\/revista\/wp-content\/uploads\/2025\/05\/shirley-rodriguez-pintora-guatemalteca-tennessee-cuadrada-75x75.webp 75w, https:\/\/soymigrante.com\/revista\/wp-content\/uploads\/2025\/05\/shirley-rodriguez-pintora-guatemalteca-tennessee-cuadrada-750x750.webp 750w, https:\/\/soymigrante.com\/revista\/wp-content\/uploads\/2025\/05\/shirley-rodriguez-pintora-guatemalteca-tennessee-cuadrada.webp 1094w\" sizes=\"(max-width: 1024px) 100vw, 1024px\" \/>\n            <\/div>\n        <\/div><div class=\"eael-entry-wrapper\"><header class=\"eael-entry-header\"><h2 class=\"eael-entry-title\"><a class=\"eael-grid-post-link\" href=\"https:\/\/soymigrante.com\/revista\/artista-guatemalteca-sharley-rodriguez-vive-para-crear-y-crea-para-inspirar-en-nashville-tennessee\/\" title=\"Artista guatemalteca Sharley Rodr\u00edguez vive para crear y crea para inspirar en Nashville, Tennessee\">Artista guatemalteca Sharley Rodr\u00edguez vive para crear y crea para inspirar en Nashville, Tennessee<\/a><\/h2><\/header><div class=\"eael-entry-content\">\n                        <div class=\"eael-grid-post-excerpt\"><a href=\"https:\/\/soymigrante.com\/revista\/artista-guatemalteca-sharley-rodriguez-vive-para-crear-y-crea-para-inspirar-en-nashville-tennessee\/\" class=\"eael-post-elements-readmore-btn\">CONOCE SU HISTORIA <\/a><\/div>\n                    <\/div><\/div><\/div>\n        <\/div>\n    <\/article><article class=\"eael-grid-post  eael-post-grid-column eael-pg-post-30434 category-exitos-guatemala\" data-id=\"30434\">\n        <div class=\"eael-grid-post-holder\">\n            <div class=\"eael-grid-post-holder-inner\"><div class=\"eael-entry-media\"><div class=\"eael-entry-overlay fade-in\"><i class=\"far fa-hand-pointer\" aria-hidden=\"true\"><\/i><a href=\"https:\/\/soymigrante.com\/revista\/alex-jalapa-convierte-muros-en-caminos-y-la-pintura-spray-en-mundos-nuevos\/\"><\/a><\/div><div class=\"eael-entry-thumbnail \">\n                <img loading=\"lazy\" decoding=\"async\" width=\"1024\" height=\"1024\" src=\"https:\/\/soymigrante.com\/revista\/wp-content\/uploads\/2025\/04\/alex-jalapa-artista-1-1024x1024.jpg\" class=\"attachment-large size-large wp-image-30436\" alt=\"Colaborador de SoyMigrante exhibiendo arte de tatuajes y pinturas en mercado artesanal. Dise\u00f1o y arte en lienzo, inspiraci\u00f3n de migrantes y cultura en evento art\u00edstico.\" srcset=\"https:\/\/soymigrante.com\/revista\/wp-content\/uploads\/2025\/04\/alex-jalapa-artista-1-1024x1024.jpg 1024w, https:\/\/soymigrante.com\/revista\/wp-content\/uploads\/2025\/04\/alex-jalapa-artista-1-300x300.jpg 300w, https:\/\/soymigrante.com\/revista\/wp-content\/uploads\/2025\/04\/alex-jalapa-artista-1-150x150.jpg 150w, https:\/\/soymigrante.com\/revista\/wp-content\/uploads\/2025\/04\/alex-jalapa-artista-1-768x768.jpg 768w, https:\/\/soymigrante.com\/revista\/wp-content\/uploads\/2025\/04\/alex-jalapa-artista-1-75x75.webp 75w, https:\/\/soymigrante.com\/revista\/wp-content\/uploads\/2025\/04\/alex-jalapa-artista-1-750x750.webp 750w, https:\/\/soymigrante.com\/revista\/wp-content\/uploads\/2025\/04\/alex-jalapa-artista-1-1140x1140.webp 1140w, https:\/\/soymigrante.com\/revista\/wp-content\/uploads\/2025\/04\/alex-jalapa-artista-1.webp 1228w\" sizes=\"(max-width: 1024px) 100vw, 1024px\" \/>\n            <\/div>\n        <\/div><div class=\"eael-entry-wrapper\"><header class=\"eael-entry-header\"><h2 class=\"eael-entry-title\"><a class=\"eael-grid-post-link\" href=\"https:\/\/soymigrante.com\/revista\/alex-jalapa-convierte-muros-en-caminos-y-la-pintura-spray-en-mundos-nuevos\/\" title=\"Alex Jalapa convierte muros en caminos y  spray en coloridos mundos, en Florida\">Alex Jalapa convierte muros en caminos y  spray en coloridos mundos, en Florida<\/a><\/h2><\/header><div class=\"eael-entry-content\">\n                        <div class=\"eael-grid-post-excerpt\"><a href=\"https:\/\/soymigrante.com\/revista\/alex-jalapa-convierte-muros-en-caminos-y-la-pintura-spray-en-mundos-nuevos\/\" class=\"eael-post-elements-readmore-btn\">CONOCE SU HISTORIA <\/a><\/div>\n                    <\/div><\/div><\/div>\n        <\/div>\n    <\/article><\/div>\n            <div class=\"clearfix\"><\/div>\n        <\/div>\t\t\t\t<\/div>\n\t\t\t\t\t<\/div>\n\t\t\t\t<\/div>\n\t\t\t\t<\/div>\n\t\t","protected":false},"excerpt":{"rendered":"<p>Artista guatemalteca-cubana Kika Garc\u00e9s pas\u00f3 su ni\u00f1ez entre Florida y Guatemala, pero siempre encontr\u00f3 en el arte su forma de sanar, fortalecerse y crear. Dentro de su obra est\u00e1n las famosas &#8220;aguitas en bolsa&#8221;. \u201cMe cas\u00e9 con el arte\u201d, declara con resoluci\u00f3n la artista Kika Garc\u00e9s. Y m\u00e1s adelante veremos por qu\u00e9 lo dice.\u00a0 Hija [&hellip;]<\/p>\n","protected":false},"author":7,"featured_media":41418,"comment_status":"open","ping_status":"open","sticky":false,"template":"","format":"standard","meta":{"_acf_changed":false,"_eb_attr":"","footnotes":""},"categories":[50,274],"tags":[],"class_list":["post-41413","post","type-post","status-publish","format-standard","has-post-thumbnail","hentry","category-exitos","category-guatemala"],"acf":[],"aioseo_notices":[],"aioseo_head":"\n\t\t<!-- All in One SEO Pro 4.9.6.2 - aioseo.com -->\n\t<meta name=\"description\" content=\"Sobre muros, cartulinas, buses o cualquier superficie, el artista guatemalteco Alex Jalapa sorprende y crea puentes culturales en Florida, USA. Esta es su historia.\" \/>\n\t<meta name=\"robots\" content=\"max-snippet:-1, max-image-preview:large, max-video-preview:-1\" \/>\n\t<meta name=\"author\" content=\"Gustavo Montenegro\"\/>\n\t<link rel=\"canonical\" href=\"https:\/\/soymigrante.com\/revista\/alex-jalapa-convierte-muros-en-caminos-y-la-pintura-spray-en-mundos-nuevos\/\" \/>\n\t<meta name=\"generator\" content=\"All in One SEO Pro (AIOSEO) 4.9.6.2\" \/>\n\n\t\t<link rel=\"preconnect\" href=\"https:\/\/fonts.googleapis.com\" crossorigin>\n<link rel=\"preconnect\" href=\"https:\/\/fonts.gstatic.com\" crossorigin>\n\t\t<meta property=\"og:locale\" content=\"es_ES\" \/>\n\t\t<meta property=\"og:site_name\" content=\"SoyMigrante.com REVISTA \u2013 Nuestra misi\u00f3n es reconocer y dignificar al migrante.\" \/>\n\t\t<meta property=\"og:type\" content=\"article\" \/>\n\t\t<meta property=\"og:title\" content=\"Artista Alex Jalapa abre mundos nuevos con spray en Florida\" \/>\n\t\t<meta property=\"og:description\" content=\"Sobre muros, cartulinas, buses o cualquier superficie, el artista guatemalteco Alex Jalapa sorprende y crea puentes culturales en Florida, USA. Esta es su historia.\" \/>\n\t\t<meta property=\"og:url\" content=\"https:\/\/soymigrante.com\/revista\/alex-jalapa-convierte-muros-en-caminos-y-la-pintura-spray-en-mundos-nuevos\/\" \/>\n\t\t<meta property=\"og:image\" content=\"https:\/\/soymigrante.com\/revista\/wp-content\/uploads\/2025\/04\/alex-jalapa-artista-1.webp\" \/>\n\t\t<meta property=\"og:image:secure_url\" content=\"https:\/\/soymigrante.com\/revista\/wp-content\/uploads\/2025\/04\/alex-jalapa-artista-1.webp\" \/>\n\t\t<meta property=\"og:image:width\" content=\"1228\" \/>\n\t\t<meta property=\"og:image:height\" content=\"1228\" \/>\n\t\t<meta property=\"article:published_time\" content=\"2025-04-09T18:04:56+00:00\" \/>\n\t\t<meta property=\"article:modified_time\" content=\"2025-10-03T20:49:42+00:00\" \/>\n\t\t<meta property=\"article:publisher\" content=\"https:\/\/www.facebook.com\/soymigrantecom\" \/>\n\t\t<meta name=\"twitter:card\" content=\"summary_large_image\" \/>\n\t\t<meta name=\"twitter:site\" content=\"@SoyMigrante_com\" \/>\n\t\t<meta name=\"twitter:title\" content=\"Artista Alex Jalapa abre mundos nuevos con spray en Florida\" \/>\n\t\t<meta name=\"twitter:description\" content=\"Sobre muros, cartulinas, buses o cualquier superficie, el artista guatemalteco Alex Jalapa sorprende y crea puentes culturales en Florida, USA. Esta es su historia.\" \/>\n\t\t<meta name=\"twitter:creator\" content=\"@SoyMigrante_com\" \/>\n\t\t<meta name=\"twitter:image\" content=\"https:\/\/soymigrante.com\/revista\/wp-content\/uploads\/2025\/04\/alex-jalapa-artista-1.webp\" \/>\n\t\t<!-- All in One SEO Pro -->\r\n\t\t<title>Artista Alex Jalapa abre mundos nuevos con spray en Florida<\/title>\n\n","aioseo_head_json":{"title":"Artista Alex Jalapa abre mundos nuevos con spray en Florida","description":"Sobre muros, cartulinas, buses o cualquier superficie, el artista guatemalteco Alex Jalapa sorprende y crea puentes culturales en Florida, USA. Esta es su historia.","canonical_url":"https:\/\/soymigrante.com\/revista\/alex-jalapa-convierte-muros-en-caminos-y-la-pintura-spray-en-mundos-nuevos\/","robots":"max-snippet:-1, max-image-preview:large, max-video-preview:-1","keywords":"","webmasterTools":{"miscellaneous":"&lt;link rel=\"preconnect\" href=\"https:\/\/fonts.googleapis.com\" crossorigin&gt;\n&lt;link rel=\"preconnect\" href=\"https:\/\/fonts.gstatic.com\" crossorigin&gt;"},"schema":null,"og:locale":"es_ES","og:site_name":"SoyMigrante.com REVISTA \u2013 Nuestra misi\u00f3n es reconocer y dignificar al migrante.","og:type":"article","og:title":"Artista Alex Jalapa abre mundos nuevos con spray en Florida","og:description":"Sobre muros, cartulinas, buses o cualquier superficie, el artista guatemalteco Alex Jalapa sorprende y crea puentes culturales en Florida, USA. Esta es su historia.","og:url":"https:\/\/soymigrante.com\/revista\/alex-jalapa-convierte-muros-en-caminos-y-la-pintura-spray-en-mundos-nuevos\/","og:image":"https:\/\/soymigrante.com\/revista\/wp-content\/uploads\/2025\/04\/alex-jalapa-artista-1.webp","og:image:secure_url":"https:\/\/soymigrante.com\/revista\/wp-content\/uploads\/2025\/04\/alex-jalapa-artista-1.webp","og:image:width":1228,"og:image:height":1228,"article:published_time":"2025-04-09T18:04:56+00:00","article:modified_time":"2025-10-03T20:49:42+00:00","article:publisher":"https:\/\/www.facebook.com\/soymigrantecom","twitter:card":"summary_large_image","twitter:site":"@SoyMigrante_com","twitter:title":"Artista Alex Jalapa abre mundos nuevos con spray en Florida","twitter:description":"Sobre muros, cartulinas, buses o cualquier superficie, el artista guatemalteco Alex Jalapa sorprende y crea puentes culturales en Florida, USA. Esta es su historia.","twitter:creator":"@SoyMigrante_com","twitter:image":"https:\/\/soymigrante.com\/revista\/wp-content\/uploads\/2025\/04\/alex-jalapa-artista-1.webp"},"aioseo_meta_data":{"post_id":"41413","title":"\"Es una vocaci\u00f3n ser migrante en el arte\": Kika Garc\u00e9s","description":"A los 7 a\u00f1os su familia, de padres cubanos, migr\u00f3 de Guatemala a Miami. Posteriormente Kika volvi\u00f3 a Guatemala, desde donde sigue creando. Esta es su historia.","keywords":null,"keyphrases":{"focus":{"keyphrase":"Migrante","score":60,"analysis":{"keyphraseInTitle":{"score":9,"maxScore":9,"error":0},"keyphraseInDescription":{"score":3,"maxScore":9,"error":1},"keyphraseLength":{"score":9,"maxScore":9,"error":0,"length":1},"keyphraseInURL":{"score":5,"maxScore":5,"error":0},"keyphraseInIntroduction":{"score":3,"maxScore":9,"error":1},"keyphraseInSubHeadings":{"score":3,"maxScore":9,"error":1},"keyphraseInImageAlt":{"score":9,"maxScore":9,"error":0},"keywordDensity":{"score":0,"type":"low","maxScore":9,"error":1}}},"additional":[{"keyphrase":"Artista","score":87,"analysis":{"keyphraseInDescription":{"score":3,"maxScore":9,"error":1},"keyphraseLength":{"score":9,"maxScore":9,"error":0,"length":1},"keyphraseInIntroduction":{"score":9,"maxScore":9,"error":0},"keyphraseInImageAlt":{"score":9,"maxScore":9,"error":0},"keywordDensity":{"type":"best","score":9,"maxScore":9,"error":0}}},{"keyphrase":"Guatemalteca","score":53,"analysis":{"keyphraseInDescription":{"score":3,"maxScore":9,"error":1},"keyphraseLength":{"score":9,"maxScore":9,"error":0,"length":1},"keyphraseInIntroduction":{"score":3,"maxScore":9,"error":1},"keyphraseInImageAlt":{"score":9,"maxScore":9,"error":0},"keywordDensity":{"score":0,"type":"low","maxScore":9,"error":1}}}]},"primary_term":null,"canonical_url":null,"og_title":null,"og_description":null,"og_object_type":"default","og_image_type":"default","og_image_url":null,"og_image_width":null,"og_image_height":null,"og_image_custom_url":null,"og_image_custom_fields":null,"og_video":"","og_custom_url":null,"og_article_section":null,"og_article_tags":null,"twitter_use_og":false,"twitter_card":"default","twitter_image_type":"default","twitter_image_url":null,"twitter_image_custom_url":null,"twitter_image_custom_fields":null,"twitter_title":null,"twitter_description":null,"schema":{"blockGraphs":[],"customGraphs":[],"default":{"data":{"Article":[],"Course":[],"Dataset":[],"FAQPage":[],"Movie":[],"Person":[],"Product":[],"ProductReview":[],"Car":[],"Recipe":[],"Service":[],"SoftwareApplication":[],"WebPage":[]},"graphName":"none","isEnabled":true},"graphs":[]},"schema_type":"default","schema_type_options":null,"pillar_content":false,"robots_default":true,"robots_noindex":false,"robots_noarchive":false,"robots_nosnippet":false,"robots_nofollow":false,"robots_noimageindex":false,"robots_noodp":false,"robots_notranslate":false,"robots_max_snippet":"-1","robots_max_videopreview":"-1","robots_max_imagepreview":"large","priority":null,"frequency":"default","local_seo":null,"seo_analyzer_scan_date":"2025-10-09 07:31:08","breadcrumb_settings":null,"limit_modified_date":false,"reviewed_by":"0","open_ai":null,"ai":{"faqs":[],"keyPoints":[],"titles":[],"descriptions":[],"socialPosts":{"email":[],"linkedin":[],"twitter":[],"facebook":[],"instagram":[]}},"created":"2025-08-06 19:10:18","updated":"2026-02-05 04:01:22"},"aioseo_breadcrumb":"<div class=\"aioseo-breadcrumbs\"><span class=\"aioseo-breadcrumb\">\n\t<a href=\"https:\/\/soymigrante.com\/revista\" title=\"Home\">Home<\/a>\n<\/span><span class=\"aioseo-breadcrumb-separator\">\u00bb<\/span><span class=\"aioseo-breadcrumb\">\n\t<a href=\"https:\/\/soymigrante.com\/revista\/category\/exitos\/\" title=\"\u00c9xitos\">\u00c9xitos<\/a>\n<\/span><span class=\"aioseo-breadcrumb-separator\">\u00bb<\/span><span class=\"aioseo-breadcrumb\">\n\t<a href=\"https:\/\/soymigrante.com\/revista\/category\/exitos\/guatemala\/\" title=\"Guatemala\">Guatemala<\/a>\n<\/span><span class=\"aioseo-breadcrumb-separator\">\u00bb<\/span><span class=\"aioseo-breadcrumb\">\n\t\u201cEs una vocaci\u00f3n ser migrante en el arte\u201d: Kika Garc\u00e9s, artista guatemalteca-cubana\n<\/span><\/div>","aioseo_breadcrumb_json":[{"label":"Home","link":"https:\/\/soymigrante.com\/revista"},{"label":"\u00c9xitos","link":"https:\/\/soymigrante.com\/revista\/category\/exitos\/"},{"label":"Guatemala","link":"https:\/\/soymigrante.com\/revista\/category\/exitos\/guatemala\/"},{"label":"&#8220;Es una vocaci\u00f3n ser migrante en el arte&#8221;: Kika Garc\u00e9s, artista guatemalteca-cubana","link":"https:\/\/soymigrante.com\/revista\/es-una-vocacion-ser-migrante-en-el-arte-kika-garces-artista-guatemalteca-cubana\/"}],"_links":{"self":[{"href":"https:\/\/soymigrante.com\/revista\/wp-json\/wp\/v2\/posts\/41413","targetHints":{"allow":["GET"]}}],"collection":[{"href":"https:\/\/soymigrante.com\/revista\/wp-json\/wp\/v2\/posts"}],"about":[{"href":"https:\/\/soymigrante.com\/revista\/wp-json\/wp\/v2\/types\/post"}],"author":[{"embeddable":true,"href":"https:\/\/soymigrante.com\/revista\/wp-json\/wp\/v2\/users\/7"}],"replies":[{"embeddable":true,"href":"https:\/\/soymigrante.com\/revista\/wp-json\/wp\/v2\/comments?post=41413"}],"version-history":[{"count":14,"href":"https:\/\/soymigrante.com\/revista\/wp-json\/wp\/v2\/posts\/41413\/revisions"}],"predecessor-version":[{"id":46669,"href":"https:\/\/soymigrante.com\/revista\/wp-json\/wp\/v2\/posts\/41413\/revisions\/46669"}],"wp:featuredmedia":[{"embeddable":true,"href":"https:\/\/soymigrante.com\/revista\/wp-json\/wp\/v2\/media\/41418"}],"wp:attachment":[{"href":"https:\/\/soymigrante.com\/revista\/wp-json\/wp\/v2\/media?parent=41413"}],"wp:term":[{"taxonomy":"category","embeddable":true,"href":"https:\/\/soymigrante.com\/revista\/wp-json\/wp\/v2\/categories?post=41413"},{"taxonomy":"post_tag","embeddable":true,"href":"https:\/\/soymigrante.com\/revista\/wp-json\/wp\/v2\/tags?post=41413"}],"curies":[{"name":"wp","href":"https:\/\/api.w.org\/{rel}","templated":true}]}}