{"id":41396,"date":"2025-08-07T07:00:00","date_gmt":"2025-08-07T13:00:00","guid":{"rendered":"https:\/\/soymigrante.com\/revista\/?p=41396"},"modified":"2025-08-07T14:06:52","modified_gmt":"2025-08-07T20:06:52","slug":"chef-migrante-guatemalteca-amalia-moreno-damgaard-capacita-a-mujeres-de-cahabon","status":"publish","type":"post","link":"https:\/\/soymigrante.com\/revista\/chef-migrante-guatemalteca-amalia-moreno-damgaard-capacita-a-mujeres-de-cahabon\/","title":{"rendered":"Chef migrante guatemalteca Amalia Moreno-Damgaard capacita a mujeres de Cahab\u00f3n"},"content":{"rendered":"\t\t<div data-elementor-type=\"wp-post\" data-elementor-id=\"41396\" class=\"elementor elementor-41396\" data-elementor-post-type=\"post\">\n\t\t\t\t<div data-particle_enable=\"false\" data-particle-mobile-disabled=\"false\" class=\"elementor-element elementor-element-3d46abc e-flex e-con-boxed e-con e-parent\" data-id=\"3d46abc\" data-element_type=\"container\" data-e-type=\"container\">\n\t\t\t\t\t<div class=\"e-con-inner\">\n\t\t\t\t<div class=\"elementor-element elementor-element-899a985 elementor-widget elementor-widget-heading\" data-id=\"899a985\" data-element_type=\"widget\" data-e-type=\"widget\" data-widget_type=\"heading.default\">\n\t\t\t\t\t<h2 class=\"elementor-heading-title elementor-size-default\">La estacada chef Amalia Moreno-Damgaard comparte sus experiencias y conocimientos alimentarios a trav\u00e9s de un voluntariado dirigido a comunitarias de Cahab\u00f3n, Alta Verapaz\n<\/h2>\t\t\t\t<\/div>\n\t\t\t\t<div class=\"elementor-element elementor-element-4620fc3 elementor-widget elementor-widget-html\" data-id=\"4620fc3\" data-element_type=\"widget\" data-e-type=\"widget\" data-widget_type=\"html.default\">\n\t\t\t\t\t<div id=\"buzzsprout-player-16934205\"><\/div><script src=\"https:\/\/www.buzzsprout.com\/2444168\/episodes\/16934205-chef-amalia-moreno-difunde-la-cocina-guatemalteca-e-hispana-en-estados-unidos.js?container_id=buzzsprout-player-16934205&player=small\" type=\"text\/javascript\" charset=\"utf-8\"><\/script>\t\t\t\t<\/div>\n\t\t\t\t\t<\/div>\n\t\t\t\t<\/div>\n\t\t<div data-particle_enable=\"false\" data-particle-mobile-disabled=\"false\" class=\"elementor-element elementor-element-0917505 e-flex e-con-boxed e-con e-parent\" data-id=\"0917505\" data-element_type=\"container\" data-e-type=\"container\">\n\t\t\t\t\t<div class=\"e-con-inner\">\n\t\t\t\t<div class=\"elementor-element elementor-element-6b87ac3 elementor-widget elementor-widget-text-editor\" data-id=\"6b87ac3\" data-element_type=\"widget\" data-e-type=\"widget\" data-widget_type=\"text-editor.default\">\n\t\t\t\t\t\t\t\t\t<p><a href=\"https:\/\/soymigrante.com\/revista\/chef-guatemalteca-amalia-moreno-damgaard-top-5-de-certamen\/\" target=\"_blank\" rel=\"noopener\">La reconocida chef guatemalteca radicada en Estados Unidos, Amalia Moreno-Damgaard<\/a>, visit\u00f3 recientemente el municipio de Cahab\u00f3n para compartir su conocimiento culinario con mujeres comunitarias, en una jornada de aprendizaje centrada en la cocina ancestral y el uso del ma\u00edz como ingrediente sagrado.<\/p><p>Durante dos d\u00edas de talleres, organizados por Fundaemi con el apoyo de Diego Gil y el Instituto Latinoamericano de Gastronom\u00eda (ILAG), <a href=\"https:\/\/soymigrante.com\/revista\/chef-guatemalteca-amalia-moreno-damgaard-top-5-de-certamen\/\" target=\"_blank\" rel=\"noopener\">la chef trabaj\u00f3 de cerca con mujeres locales en un intercambio culinario lleno de tradici\u00f3n, sabores y cultura.<\/a><\/p>\t\t\t\t\t\t\t\t<\/div>\n\t\t\t\t\t<\/div>\n\t\t\t\t<\/div>\n\t\t<div data-particle_enable=\"false\" data-particle-mobile-disabled=\"false\" class=\"elementor-element elementor-element-d8b916f e-flex e-con-boxed e-con e-parent\" data-id=\"d8b916f\" data-element_type=\"container\" data-e-type=\"container\">\n\t\t\t\t\t<div class=\"e-con-inner\">\n\t\t\t\t<div class=\"elementor-element elementor-element-7e0ec1b elementor-invisible elementor-widget elementor-widget-facebook-embed\" data-id=\"7e0ec1b\" data-element_type=\"widget\" data-e-type=\"widget\" data-settings=\"{&quot;_animation&quot;:&quot;zoomInDown&quot;}\" data-widget_type=\"facebook-embed.default\">\n\t\t\t\t\t<div style=\"min-height: 1px\" class=\"elementor-facebook-widget fb-post\" data-href=\"https:\/\/www.facebook.com\/photo\/?fbid=791543496561459&#038;set=pcb.791543713228104\" data-show-text=\"false\"><\/div>\t\t\t\t<\/div>\n\t\t\t\t\t<\/div>\n\t\t\t\t<\/div>\n\t\t<div data-particle_enable=\"false\" data-particle-mobile-disabled=\"false\" class=\"elementor-element elementor-element-362298c e-flex e-con-boxed e-con e-parent\" data-id=\"362298c\" data-element_type=\"container\" data-e-type=\"container\">\n\t\t\t\t\t<div class=\"e-con-inner\">\n\t\t\t\t<div class=\"elementor-element elementor-element-928db87 elementor-widget elementor-widget-text-editor\" data-id=\"928db87\" data-element_type=\"widget\" data-e-type=\"widget\" data-widget_type=\"text-editor.default\">\n\t\t\t\t\t\t\t\t\t<p>El enfoque de la capacitaci\u00f3n fue rescatar y valorar la sabidur\u00eda gastron\u00f3mica de los pueblos originarios, <a href=\"https:\/\/soymigrante.com\/revista\/chef-guatemalteca-amalia-moreno-damgaard-top-5-de-certamen\/\" target=\"_blank\" rel=\"noopener\">con t\u00e9cnicas y platillos que celebran la identidad guatemalteca.<\/a><\/p><p>\u201cHa sido un privilegio participar en dos d\u00edas de incre\u00edbles experiencias culinarias centradas en la sabidur\u00eda ancestral\u201d, expres\u00f3 Moreno-Damgaard en sus redes sociales. \u201cEstoy emocionada por la segunda parte. Gracias de coraz\u00f3n a quienes han hecho esto posible\u201d.<\/p>\t\t\t\t\t\t\t\t<\/div>\n\t\t\t\t\t<\/div>\n\t\t\t\t<\/div>\n\t\t<div data-particle_enable=\"false\" data-particle-mobile-disabled=\"false\" class=\"elementor-element elementor-element-b8d1df7 e-flex e-con-boxed e-con e-parent\" data-id=\"b8d1df7\" data-element_type=\"container\" data-e-type=\"container\">\n\t\t\t\t\t<div class=\"e-con-inner\">\n\t\t\t\t<div class=\"elementor-element elementor-element-3fc5be4 elementor-invisible elementor-widget elementor-widget-facebook-embed\" data-id=\"3fc5be4\" data-element_type=\"widget\" data-e-type=\"widget\" data-settings=\"{&quot;_animation&quot;:&quot;zoomInDown&quot;}\" data-widget_type=\"facebook-embed.default\">\n\t\t\t\t\t<div style=\"min-height: 1px\" class=\"elementor-facebook-widget fb-post\" data-href=\"https:\/\/www.facebook.com\/photo\/?fbid=10239619367527309&#038;set=a.10207723189342789\" data-show-text=\"false\"><\/div>\t\t\t\t<\/div>\n\t\t\t\t\t<\/div>\n\t\t\t\t<\/div>\n\t\t<div data-particle_enable=\"false\" data-particle-mobile-disabled=\"false\" class=\"elementor-element elementor-element-581e5cc e-flex e-con-boxed e-con e-parent\" data-id=\"581e5cc\" data-element_type=\"container\" data-e-type=\"container\">\n\t\t\t\t\t<div class=\"e-con-inner\">\n\t\t\t\t<div class=\"elementor-element elementor-element-8c5ae4f elementor-widget elementor-widget-heading\" data-id=\"8c5ae4f\" data-element_type=\"widget\" data-e-type=\"widget\" data-widget_type=\"heading.default\">\n\t\t\t\t\t<h3 class=\"elementor-heading-title elementor-size-default\">Invitaci\u00f3n para compartir <\/h3>\t\t\t\t<\/div>\n\t\t\t\t\t<\/div>\n\t\t\t\t<\/div>\n\t\t<div data-particle_enable=\"false\" data-particle-mobile-disabled=\"false\" class=\"elementor-element elementor-element-9ad314e e-flex e-con-boxed e-con e-parent\" data-id=\"9ad314e\" data-element_type=\"container\" data-e-type=\"container\">\n\t\t\t\t\t<div class=\"e-con-inner\">\n\t\t\t\t<div class=\"elementor-element elementor-element-5abf4ac elementor-widget elementor-widget-text-editor\" data-id=\"5abf4ac\" data-element_type=\"widget\" data-e-type=\"widget\" data-widget_type=\"text-editor.default\">\n\t\t\t\t\t\t\t\t\t<p><a href=\"https:\/\/soymigrante.com\/revista\/chef-guatemalteca-amalia-moreno-damgaard-top-5-de-certamen\/\" target=\"_blank\" rel=\"noopener\">Uno de los momentos m\u00e1s emotivos de su visita fue cuando fue invitada a desayunar a la casa de una familia local.<\/a> En un gesto de hospitalidad profunda, Ram\u00f3n, su esposa Ver\u00f3nica, sus hijos y su madre la recibieron con tayuyos y tamalitos de elote, todos elaborados con ma\u00edz reci\u00e9n cosechado. La chef destac\u00f3 la belleza del ma\u00edz en sus diferentes etapas \u2014elote y grano\u2014 como s\u00edmbolo de conexi\u00f3n, amor y tradici\u00f3n.<\/p><p>\u201cM\u00e1s que una comida, fue un momento de conexi\u00f3n, tradici\u00f3n y amor\u201d, comparti\u00f3 la chef, quien considera al ma\u00edz no solo un ingrediente, sino un legado cultural que debe ser valorado.<\/p>\t\t\t\t\t\t\t\t<\/div>\n\t\t\t\t\t<\/div>\n\t\t\t\t<\/div>\n\t\t<div data-particle_enable=\"false\" data-particle-mobile-disabled=\"false\" class=\"elementor-element elementor-element-3dbae27 e-flex e-con-boxed e-con e-parent\" data-id=\"3dbae27\" data-element_type=\"container\" data-e-type=\"container\">\n\t\t\t\t\t<div class=\"e-con-inner\">\n\t\t\t\t<div class=\"elementor-element elementor-element-e554309 elementor-invisible elementor-widget elementor-widget-facebook-embed\" data-id=\"e554309\" data-element_type=\"widget\" data-e-type=\"widget\" data-settings=\"{&quot;_animation&quot;:&quot;zoomInDown&quot;}\" data-widget_type=\"facebook-embed.default\">\n\t\t\t\t\t<div style=\"min-height: 1px\" class=\"elementor-facebook-widget fb-video\" data-href=\"https:\/\/www.facebook.com\/1622882340\/videos\/pcb.10233062903427744\/1251115406701511\" data-show-text=\"false\" data-allowfullscreen=\"false\" data-autoplay=\"false\" data-show-captions=\"false\"><\/div>\t\t\t\t<\/div>\n\t\t\t\t\t<\/div>\n\t\t\t\t<\/div>\n\t\t<div data-particle_enable=\"false\" data-particle-mobile-disabled=\"false\" class=\"elementor-element elementor-element-c197c36 e-flex e-con-boxed e-con e-parent\" data-id=\"c197c36\" data-element_type=\"container\" data-e-type=\"container\">\n\t\t\t\t\t<div class=\"e-con-inner\">\n\t\t\t\t<div class=\"elementor-element elementor-element-ad0b9c0 elementor-grid-eael-col-1 elementor-grid-tablet-eael-col-2 elementor-grid-mobile-eael-col-1 elementor-invisible elementor-widget elementor-widget-eael-post-grid\" data-id=\"ad0b9c0\" data-element_type=\"widget\" data-e-type=\"widget\" data-settings=\"{&quot;eael_post_grid_columns&quot;:&quot;eael-col-1&quot;,&quot;_animation&quot;:&quot;rollIn&quot;,&quot;eael_post_grid_columns_tablet&quot;:&quot;eael-col-2&quot;,&quot;eael_post_grid_columns_mobile&quot;:&quot;eael-col-1&quot;}\" data-widget_type=\"eael-post-grid.default\">\n\t\t\t\t\t<div id=\"eael-post-grid-ad0b9c0\" class=\"eael-post-grid-container\">\n            <div class=\"eael-post-grid eael-post-appender eael-post-appender-ad0b9c0 eael-post-grid-style-one\" data-layout-mode=\"masonry\"><article class=\"eael-grid-post  eael-post-grid-column eael-pg-post-30918 category-estamos-unidos\" data-id=\"30918\">\n        <div class=\"eael-grid-post-holder\">\n            <div class=\"eael-grid-post-holder-inner\"><div class=\"eael-entry-media\"><div class=\"eael-entry-overlay fade-in\"><i class=\"far fa-hand-pointer\" aria-hidden=\"true\"><\/i><a href=\"https:\/\/soymigrante.com\/revista\/chef-guatemalteca-amalia-moreno-damgaard-esta-en-top-usa-en-concurso-y-puedes-apoyarla\/\"><\/a><\/div><div class=\"eael-entry-thumbnail eael-image-ratio\">\n                <img fetchpriority=\"high\" decoding=\"async\" width=\"1024\" height=\"1024\" src=\"https:\/\/soymigrante.com\/revista\/wp-content\/uploads\/2025\/04\/amalia-moreno-damgaard-top-15-chef-1.webp\" class=\"attachment-large size-large wp-image-31470\" alt=\"Seguridad y gastronom\u00eda en la comunidad migrante, entrevista exclusiva con Carla Hall en SoyMigrante.com.\" srcset=\"https:\/\/soymigrante.com\/revista\/wp-content\/uploads\/2025\/04\/amalia-moreno-damgaard-top-15-chef-1.webp 1024w, https:\/\/soymigrante.com\/revista\/wp-content\/uploads\/2025\/04\/amalia-moreno-damgaard-top-15-chef-1-300x300.jpg 300w, https:\/\/soymigrante.com\/revista\/wp-content\/uploads\/2025\/04\/amalia-moreno-damgaard-top-15-chef-1-150x150.jpg 150w, https:\/\/soymigrante.com\/revista\/wp-content\/uploads\/2025\/04\/amalia-moreno-damgaard-top-15-chef-1-768x768.jpg 768w, https:\/\/soymigrante.com\/revista\/wp-content\/uploads\/2025\/04\/amalia-moreno-damgaard-top-15-chef-1-75x75.webp 75w, https:\/\/soymigrante.com\/revista\/wp-content\/uploads\/2025\/04\/amalia-moreno-damgaard-top-15-chef-1-750x750.webp 750w\" sizes=\"(max-width: 1024px) 100vw, 1024px\" \/>\n            <\/div>\n        <\/div><div class=\"eael-entry-wrapper\"><header class=\"eael-entry-header\"><h2 class=\"eael-entry-title\"><a class=\"eael-grid-post-link\" href=\"https:\/\/soymigrante.com\/revista\/chef-guatemalteca-amalia-moreno-damgaard-esta-en-top-usa-en-concurso-y-puedes-apoyarla\/\" title=\"Chef guatemalteca Amalia Moreno-Damgaard pasa al Top 15 USA en concurso y puedes apoyarla\">Chef guatemalteca Amalia Moreno-Damgaard pasa al Top 15 USA en concurso y puedes apoyarla<\/a><\/h2><\/header><div class=\"eael-entry-content\">\n                        <div class=\"eael-grid-post-excerpt\"><a href=\"https:\/\/soymigrante.com\/revista\/chef-guatemalteca-amalia-moreno-damgaard-esta-en-top-usa-en-concurso-y-puedes-apoyarla\/\" class=\"eael-post-elements-readmore-btn\">CONOCE SU HISTORIA <\/a><\/div>\n                    <\/div><\/div><\/div>\n        <\/div>\n    <\/article><\/div>\n            <div class=\"clearfix\"><\/div>\n        <\/div>\t\t\t\t<\/div>\n\t\t\t\t\t<\/div>\n\t\t\t\t<\/div>\n\t\t<div data-particle_enable=\"false\" data-particle-mobile-disabled=\"false\" class=\"elementor-element elementor-element-8e87368 e-flex e-con-boxed e-con e-parent\" data-id=\"8e87368\" data-element_type=\"container\" data-e-type=\"container\">\n\t\t\t\t\t<div class=\"e-con-inner\">\n\t\t\t\t<div class=\"elementor-element elementor-element-cb6d02a elementor-widget elementor-widget-heading\" data-id=\"cb6d02a\" data-element_type=\"widget\" data-e-type=\"widget\" data-widget_type=\"heading.default\">\n\t\t\t\t\t<h3 class=\"elementor-heading-title elementor-size-default\">Trayectoria destacada<\/h3>\t\t\t\t<\/div>\n\t\t\t\t\t<\/div>\n\t\t\t\t<\/div>\n\t\t<div data-particle_enable=\"false\" data-particle-mobile-disabled=\"false\" class=\"elementor-element elementor-element-cb73cd2 e-flex e-con-boxed e-con e-parent\" data-id=\"cb73cd2\" data-element_type=\"container\" data-e-type=\"container\">\n\t\t\t\t\t<div class=\"e-con-inner\">\n\t\t\t\t<div class=\"elementor-element elementor-element-6e5261b elementor-widget elementor-widget-text-editor\" data-id=\"6e5261b\" data-element_type=\"widget\" data-e-type=\"widget\" data-widget_type=\"text-editor.default\">\n\t\t\t\t\t\t\t\t\t<p><a href=\"https:\/\/soymigrante.com\/revista\/chef-guatemalteca-amalia-moreno-damgaard-top-5-de-certamen\/\" target=\"_blank\" rel=\"noopener\">Amalia Moreno-Damgaard es una chef galardonada, autora y embajadora cultural guatemalteca que reside en Minnesota, Estados Unidos.<\/a> Tras emigrar desde Guatemala hace m\u00e1s de tres d\u00e9cadas, ha logrado posicionarse como una de las voces m\u00e1s influyentes en la promoci\u00f3n de la gastronom\u00eda centroamericana en Norteam\u00e9rica.<\/p><p>Fundadora de su propia empresa de consultor\u00eda culinaria, <a href=\"https:\/\/soymigrante.com\/revista\/chef-guatemalteca-amalia-moreno-damgaard-top-5-de-certamen\/\" target=\"_blank\" rel=\"noopener\">ha trabajado con importantes medios y organizaciones, y ha publicado libros que rescatan la riqueza de la cocina guatemalteca,<\/a> como Amalia\u2019s Guatemalan Kitchen. Adem\u00e1s, ha sido reconocida por su compromiso con el empoderamiento de mujeres y comunidades a trav\u00e9s de la cocina.<\/p><p>Su participaci\u00f3n en Cahab\u00f3n forma parte de sus esfuerzos constantes por reconectar con sus ra\u00edces y retribuir al pa\u00eds que la vio nacer.<\/p>\t\t\t\t\t\t\t\t<\/div>\n\t\t\t\t\t<\/div>\n\t\t\t\t<\/div>\n\t\t<div data-particle_enable=\"false\" data-particle-mobile-disabled=\"false\" class=\"elementor-element elementor-element-36a4774 e-flex e-con-boxed e-con e-parent\" data-id=\"36a4774\" data-element_type=\"container\" data-e-type=\"container\">\n\t\t\t\t\t<div class=\"e-con-inner\">\n\t\t\t\t<div class=\"elementor-element elementor-element-5ef968b elementor-grid-eael-col-1 elementor-grid-tablet-eael-col-2 elementor-grid-mobile-eael-col-1 elementor-invisible elementor-widget elementor-widget-eael-post-grid\" data-id=\"5ef968b\" data-element_type=\"widget\" data-e-type=\"widget\" data-settings=\"{&quot;eael_post_grid_columns&quot;:&quot;eael-col-1&quot;,&quot;_animation&quot;:&quot;rollIn&quot;,&quot;eael_post_grid_columns_tablet&quot;:&quot;eael-col-2&quot;,&quot;eael_post_grid_columns_mobile&quot;:&quot;eael-col-1&quot;}\" data-widget_type=\"eael-post-grid.default\">\n\t\t\t\t\t<div id=\"eael-post-grid-5ef968b\" class=\"eael-post-grid-container\">\n            <div class=\"eael-post-grid eael-post-appender eael-post-appender-5ef968b eael-post-grid-style-one\" data-layout-mode=\"masonry\"><article class=\"eael-grid-post  eael-post-grid-column eael-pg-post-32367 category-estamos-unidos\" data-id=\"32367\">\n        <div class=\"eael-grid-post-holder\">\n            <div class=\"eael-grid-post-holder-inner\"><div class=\"eael-entry-media\"><div class=\"eael-entry-overlay fade-in\"><i class=\"far fa-hand-pointer\" aria-hidden=\"true\"><\/i><a href=\"https:\/\/soymigrante.com\/revista\/chef-guatemalteca-amalia-moreno-damgaard-top-5-de-certamen\/\"><\/a><\/div><div class=\"eael-entry-thumbnail eael-image-ratio\">\n                <img decoding=\"async\" width=\"1024\" height=\"1024\" src=\"https:\/\/soymigrante.com\/revista\/wp-content\/uploads\/2025\/05\/chef-amalia-moreno-2-1-1024x1024.jpg\" class=\"attachment-large size-large wp-image-32494\" alt=\"Sabores mexicanos en la mesa, mujer cocinando ingredientes tradicionales, cultura gastron\u00f3mica en SoyMigrante.com Revista, ejemplo de comida mexicana, cocina con historia y ra\u00edces culturales.\" srcset=\"https:\/\/soymigrante.com\/revista\/wp-content\/uploads\/2025\/05\/chef-amalia-moreno-2-1-1024x1024.jpg 1024w, https:\/\/soymigrante.com\/revista\/wp-content\/uploads\/2025\/05\/chef-amalia-moreno-2-1-300x300.jpg 300w, https:\/\/soymigrante.com\/revista\/wp-content\/uploads\/2025\/05\/chef-amalia-moreno-2-1-150x150.jpg 150w, https:\/\/soymigrante.com\/revista\/wp-content\/uploads\/2025\/05\/chef-amalia-moreno-2-1-768x768.jpg 768w, https:\/\/soymigrante.com\/revista\/wp-content\/uploads\/2025\/05\/chef-amalia-moreno-2-1-75x75.jpg 75w, https:\/\/soymigrante.com\/revista\/wp-content\/uploads\/2025\/05\/chef-amalia-moreno-2-1-750x750.jpg 750w, https:\/\/soymigrante.com\/revista\/wp-content\/uploads\/2025\/05\/chef-amalia-moreno-2-1-1140x1140.jpg 1140w, https:\/\/soymigrante.com\/revista\/wp-content\/uploads\/2025\/05\/chef-amalia-moreno-2-1.webp 1473w\" sizes=\"(max-width: 1024px) 100vw, 1024px\" \/>\n            <\/div>\n        <\/div><div class=\"eael-entry-wrapper\"><header class=\"eael-entry-header\"><h2 class=\"eael-entry-title\"><a class=\"eael-grid-post-link\" href=\"https:\/\/soymigrante.com\/revista\/chef-guatemalteca-amalia-moreno-damgaard-top-5-de-certamen\/\" title=\"Est\u00e1 entre 5 finalistas de certamen la chef guatemalteca Amalia Moreno-Damgaard: ap\u00f3yala\">Est\u00e1 entre 5 finalistas de certamen la chef guatemalteca Amalia Moreno-Damgaard: ap\u00f3yala<\/a><\/h2><\/header><div class=\"eael-entry-content\">\n                        <div class=\"eael-grid-post-excerpt\"><a href=\"https:\/\/soymigrante.com\/revista\/chef-guatemalteca-amalia-moreno-damgaard-top-5-de-certamen\/\" class=\"eael-post-elements-readmore-btn\">CONOCE SU HISTORIA <\/a><\/div>\n                    <\/div><\/div><\/div>\n        <\/div>\n    <\/article><\/div>\n            <div class=\"clearfix\"><\/div>\n        <\/div>\t\t\t\t<\/div>\n\t\t\t\t\t<\/div>\n\t\t\t\t<\/div>\n\t\t<div data-particle_enable=\"false\" data-particle-mobile-disabled=\"false\" class=\"elementor-element elementor-element-4a9a1b5 e-flex e-con-boxed e-con e-parent\" data-id=\"4a9a1b5\" data-element_type=\"container\" data-e-type=\"container\">\n\t\t\t\t\t<div class=\"e-con-inner\">\n\t\t\t\t<div class=\"elementor-element elementor-element-b10a189 elementor-invisible elementor-widget elementor-widget-facebook-embed\" data-id=\"b10a189\" data-element_type=\"widget\" data-e-type=\"widget\" data-settings=\"{&quot;_animation&quot;:&quot;zoomInDown&quot;}\" data-widget_type=\"facebook-embed.default\">\n\t\t\t\t\t<div style=\"min-height: 1px\" class=\"elementor-facebook-widget fb-video\" data-href=\"https:\/\/www.facebook.com\/1622882340\/videos\/pcb.10233095331998438\/1117279346915533\" data-show-text=\"false\" data-allowfullscreen=\"false\" data-autoplay=\"false\" data-show-captions=\"false\"><\/div>\t\t\t\t<\/div>\n\t\t\t\t\t<\/div>\n\t\t\t\t<\/div>\n\t\t<div data-particle_enable=\"false\" data-particle-mobile-disabled=\"false\" class=\"elementor-element elementor-element-e2c5b5f e-flex e-con-boxed e-con e-parent\" data-id=\"e2c5b5f\" data-element_type=\"container\" data-e-type=\"container\">\n\t\t\t\t\t<div class=\"e-con-inner\">\n\t\t\t\t<div class=\"elementor-element elementor-element-de666bf elementor-widget elementor-widget-heading\" data-id=\"de666bf\" data-element_type=\"widget\" data-e-type=\"widget\" data-widget_type=\"heading.default\">\n\t\t\t\t\t<h2 class=\"elementor-heading-title elementor-size-default\">Conoce m\u00e1s historias de guatemaltecos destacados, ac\u00e1...<\/h2>\t\t\t\t<\/div>\n\t\t\t\t\t<\/div>\n\t\t\t\t<\/div>\n\t\t<div data-particle_enable=\"false\" data-particle-mobile-disabled=\"false\" class=\"elementor-element elementor-element-109aeb8 e-flex e-con-boxed e-con e-parent\" data-id=\"109aeb8\" data-element_type=\"container\" data-e-type=\"container\">\n\t\t\t\t\t<div class=\"e-con-inner\">\n\t\t\t\t<div class=\"elementor-element elementor-element-9c33b44 elementor-grid-eael-col-3 elementor-grid-tablet-eael-col-2 elementor-grid-mobile-eael-col-1 elementor-invisible elementor-widget elementor-widget-eael-post-grid\" data-id=\"9c33b44\" data-element_type=\"widget\" data-e-type=\"widget\" data-settings=\"{&quot;eael_post_grid_columns&quot;:&quot;eael-col-3&quot;,&quot;_animation&quot;:&quot;rollIn&quot;,&quot;eael_post_grid_columns_tablet&quot;:&quot;eael-col-2&quot;,&quot;eael_post_grid_columns_mobile&quot;:&quot;eael-col-1&quot;}\" data-widget_type=\"eael-post-grid.default\">\n\t\t\t\t\t<div id=\"eael-post-grid-9c33b44\" class=\"eael-post-grid-container\">\n            <div class=\"eael-post-grid eael-post-appender eael-post-appender-9c33b44 eael-post-grid-style-one\" data-layout-mode=\"masonry\"><article class=\"eael-grid-post  eael-post-grid-column eael-pg-post-40089 category-guate-nuestra\" data-id=\"40089\">\n        <div class=\"eael-grid-post-holder\">\n            <div class=\"eael-grid-post-holder-inner\"><div class=\"eael-entry-media\"><div class=\"eael-entry-overlay fade-in\"><i class=\"far fa-hand-pointer\" aria-hidden=\"true\"><\/i><a href=\"https:\/\/soymigrante.com\/revista\/de-la-tierra-de-los-mayas-a-los-laboratorios-de-francia-asi-destaca-yucely-beb\/\"><\/a><\/div><div class=\"eael-entry-thumbnail \">\n                <img decoding=\"async\" width=\"1024\" height=\"683\" src=\"https:\/\/soymigrante.com\/revista\/wp-content\/uploads\/2025\/07\/De-la-cuna-maya-a-los-laboratorios-de-Francia-la-historia-de-Yucely-Beb-1024x683.jpg\" class=\"attachment-large size-large wp-image-40091\" alt=\"Participante latina con gafas sonriendo y sosteniendo una tarjeta roja con mensaje inspirador, en un evento de la comunidad migrante, promoviendo la inclusi\u00f3n y el empoderamiento en torno a temas de migraci\u00f3n y participaci\u00f3n social.\" srcset=\"https:\/\/soymigrante.com\/revista\/wp-content\/uploads\/2025\/07\/De-la-cuna-maya-a-los-laboratorios-de-Francia-la-historia-de-Yucely-Beb-1024x683.jpg 1024w, https:\/\/soymigrante.com\/revista\/wp-content\/uploads\/2025\/07\/De-la-cuna-maya-a-los-laboratorios-de-Francia-la-historia-de-Yucely-Beb-300x200.jpg 300w, https:\/\/soymigrante.com\/revista\/wp-content\/uploads\/2025\/07\/De-la-cuna-maya-a-los-laboratorios-de-Francia-la-historia-de-Yucely-Beb-768x512.jpg 768w, https:\/\/soymigrante.com\/revista\/wp-content\/uploads\/2025\/07\/De-la-cuna-maya-a-los-laboratorios-de-Francia-la-historia-de-Yucely-Beb-1536x1025.jpg 1536w, https:\/\/soymigrante.com\/revista\/wp-content\/uploads\/2025\/07\/De-la-cuna-maya-a-los-laboratorios-de-Francia-la-historia-de-Yucely-Beb-750x500.webp 750w, https:\/\/soymigrante.com\/revista\/wp-content\/uploads\/2025\/07\/De-la-cuna-maya-a-los-laboratorios-de-Francia-la-historia-de-Yucely-Beb-1140x760.webp 1140w, https:\/\/soymigrante.com\/revista\/wp-content\/uploads\/2025\/07\/De-la-cuna-maya-a-los-laboratorios-de-Francia-la-historia-de-Yucely-Beb.webp 1920w\" sizes=\"(max-width: 1024px) 100vw, 1024px\" \/>\n            <\/div>\n        <\/div><div class=\"eael-entry-wrapper\"><header class=\"eael-entry-header\"><h2 class=\"eael-entry-title\"><a class=\"eael-grid-post-link\" href=\"https:\/\/soymigrante.com\/revista\/de-la-tierra-de-los-mayas-a-los-laboratorios-de-francia-asi-destaca-yucely-beb\/\" title=\"De la Tierra de los Mayas a los laboratorios de Francia: as\u00ed destaca Yucely Beb\">De la Tierra de los Mayas a los laboratorios de Francia: as\u00ed destaca Yucely Beb<\/a><\/h2><\/header><div class=\"eael-entry-content\">\n                        <div class=\"eael-grid-post-excerpt\"><a href=\"https:\/\/soymigrante.com\/revista\/de-la-tierra-de-los-mayas-a-los-laboratorios-de-francia-asi-destaca-yucely-beb\/\" class=\"eael-post-elements-readmore-btn\">CONOCE SU HISTORIA <\/a><\/div>\n                    <\/div><\/div><\/div>\n        <\/div>\n    <\/article><article class=\"eael-grid-post  eael-post-grid-column eael-pg-post-19139 category-lugar-de-voces\" data-id=\"19139\">\n        <div class=\"eael-grid-post-holder\">\n            <div class=\"eael-grid-post-holder-inner\"><div class=\"eael-entry-media\"><div class=\"eael-entry-overlay fade-in\"><i class=\"far fa-hand-pointer\" aria-hidden=\"true\"><\/i><a href=\"https:\/\/soymigrante.com\/revista\/jovenes-lean-y-participen-el-consejo-de-kaylee-lopez-baran-estudiante-destacada-en-ee-uu-de-familia-guatemalteca\/\"><\/a><\/div><div class=\"eael-entry-thumbnail \">\n                <img loading=\"lazy\" decoding=\"async\" width=\"1024\" height=\"1024\" src=\"https:\/\/soymigrante.com\/revista\/wp-content\/uploads\/2025\/01\/kaylee-lopez-foto-1024x1024.jpg\" class=\"attachment-large size-large wp-image-19140\" alt=\"Joven ind\u00edgena con premio en feria cultural, usando vestimenta tradicional, con la inscripci\u00f3n &quot;Guate&quot;, en evento de reconocimiento a j\u00f3venes talentos en Guatemala, promoviendo la cultura y la identidad ind\u00edgena.\" srcset=\"https:\/\/soymigrante.com\/revista\/wp-content\/uploads\/2025\/01\/kaylee-lopez-foto-1024x1024.jpg 1024w, https:\/\/soymigrante.com\/revista\/wp-content\/uploads\/2025\/01\/kaylee-lopez-foto-300x300.jpg 300w, https:\/\/soymigrante.com\/revista\/wp-content\/uploads\/2025\/01\/kaylee-lopez-foto-150x150.jpg 150w, https:\/\/soymigrante.com\/revista\/wp-content\/uploads\/2025\/01\/kaylee-lopez-foto-768x768.jpg 768w, https:\/\/soymigrante.com\/revista\/wp-content\/uploads\/2025\/01\/kaylee-lopez-foto-75x75.webp 75w, https:\/\/soymigrante.com\/revista\/wp-content\/uploads\/2025\/01\/kaylee-lopez-foto-750x750.webp 750w, https:\/\/soymigrante.com\/revista\/wp-content\/uploads\/2025\/01\/kaylee-lopez-foto-1140x1140.webp 1140w, https:\/\/soymigrante.com\/revista\/wp-content\/uploads\/2025\/01\/kaylee-lopez-foto.webp 1502w\" sizes=\"(max-width: 1024px) 100vw, 1024px\" \/>\n            <\/div>\n        <\/div><div class=\"eael-entry-wrapper\"><header class=\"eael-entry-header\"><h2 class=\"eael-entry-title\"><a class=\"eael-grid-post-link\" href=\"https:\/\/soymigrante.com\/revista\/jovenes-lean-y-participen-el-consejo-de-kaylee-lopez-baran-estudiante-destacada-en-ee-uu-de-familia-guatemalteca\/\" title=\"&#8220;J\u00f3venes: lean y participen&#8221;, el consejo de Kaylee L\u00f3pez Bar\u00e1n, estudiante destacada en EE.UU. de familia guatemalteca\">&#8220;J\u00f3venes: lean y participen&#8221;, el consejo de Kaylee L\u00f3pez Bar\u00e1n, estudiante destacada en EE.UU. de familia guatemalteca<\/a><\/h2><\/header><div class=\"eael-entry-content\">\n                        <div class=\"eael-grid-post-excerpt\"><a href=\"https:\/\/soymigrante.com\/revista\/jovenes-lean-y-participen-el-consejo-de-kaylee-lopez-baran-estudiante-destacada-en-ee-uu-de-familia-guatemalteca\/\" class=\"eael-post-elements-readmore-btn\">CONOCE SU HISTORIA <\/a><\/div>\n                    <\/div><\/div><\/div>\n        <\/div>\n    <\/article><article class=\"eael-grid-post  eael-post-grid-column eael-pg-post-16773 category-guate-nuestra tags-18-diciembre-dia-del-migrante\" data-id=\"16773\">\n        <div class=\"eael-grid-post-holder\">\n            <div class=\"eael-grid-post-holder-inner\"><div class=\"eael-entry-media\"><div class=\"eael-entry-overlay fade-in\"><i class=\"far fa-hand-pointer\" aria-hidden=\"true\"><\/i><a href=\"https:\/\/soymigrante.com\/revista\/construccion-es-un-sector-en-el-cual-destaca-la-dedicacion-muchos-migrantes-guatemaltecos\/\"><\/a><\/div><div class=\"eael-entry-thumbnail \">\n                <img loading=\"lazy\" decoding=\"async\" width=\"1024\" height=\"1024\" src=\"https:\/\/soymigrante.com\/revista\/wp-content\/uploads\/2024\/12\/migrantes-guatemaltecos-1-scaled-e1734379641809-1024x1024.jpg\" class=\"attachment-large size-large wp-image-16777\" alt=\"Taladro inal\u00e1mbrico siendo usado en trabajo de carpinter\u00eda con guante de protecci\u00f3n y ambiente de taller.\" srcset=\"https:\/\/soymigrante.com\/revista\/wp-content\/uploads\/2024\/12\/migrantes-guatemaltecos-1-scaled-e1734379641809-1024x1024.jpg 1024w, https:\/\/soymigrante.com\/revista\/wp-content\/uploads\/2024\/12\/migrantes-guatemaltecos-1-scaled-e1734379641809-300x300.jpg 300w, https:\/\/soymigrante.com\/revista\/wp-content\/uploads\/2024\/12\/migrantes-guatemaltecos-1-scaled-e1734379641809-150x150.jpg 150w, https:\/\/soymigrante.com\/revista\/wp-content\/uploads\/2024\/12\/migrantes-guatemaltecos-1-scaled-e1734379641809-768x768.jpg 768w, https:\/\/soymigrante.com\/revista\/wp-content\/uploads\/2024\/12\/migrantes-guatemaltecos-1-scaled-e1734379641809-1536x1536.jpg 1536w, https:\/\/soymigrante.com\/revista\/wp-content\/uploads\/2024\/12\/migrantes-guatemaltecos-1-scaled-e1734379641809-75x75.webp 75w, https:\/\/soymigrante.com\/revista\/wp-content\/uploads\/2024\/12\/migrantes-guatemaltecos-1-scaled-e1734379641809-750x750.webp 750w, https:\/\/soymigrante.com\/revista\/wp-content\/uploads\/2024\/12\/migrantes-guatemaltecos-1-scaled-e1734379641809-1140x1140.webp 1140w, https:\/\/soymigrante.com\/revista\/wp-content\/uploads\/2024\/12\/migrantes-guatemaltecos-1-scaled-e1734379641809.webp 1707w\" sizes=\"(max-width: 1024px) 100vw, 1024px\" \/>\n            <\/div>\n        <\/div><div class=\"eael-entry-wrapper\"><header class=\"eael-entry-header\"><h2 class=\"eael-entry-title\"><a class=\"eael-grid-post-link\" href=\"https:\/\/soymigrante.com\/revista\/construccion-es-un-sector-en-el-cual-destaca-la-dedicacion-muchos-migrantes-guatemaltecos\/\" title=\"Construcci\u00f3n es un sector en el cual destaca la labor de migrantes guatemaltecos en USA\">Construcci\u00f3n es un sector en el cual destaca la labor de migrantes guatemaltecos en USA<\/a><\/h2><\/header><div class=\"eael-entry-content\">\n                        <div class=\"eael-grid-post-excerpt\"><a href=\"https:\/\/soymigrante.com\/revista\/construccion-es-un-sector-en-el-cual-destaca-la-dedicacion-muchos-migrantes-guatemaltecos\/\" class=\"eael-post-elements-readmore-btn\">CONOCE SU HISTORIA <\/a><\/div>\n                    <\/div><\/div><\/div>\n        <\/div>\n    <\/article><\/div>\n            <div class=\"clearfix\"><\/div>\n        <\/div>\t\t\t\t<\/div>\n\t\t\t\t\t<\/div>\n\t\t\t\t<\/div>\n\t\t\t\t<\/div>\n\t\t","protected":false},"excerpt":{"rendered":"<p>La estacada chef Amalia Moreno-Damgaard comparte sus experiencias y conocimientos alimentarios a trav\u00e9s de un voluntariado dirigido a comunitarias de Cahab\u00f3n, Alta Verapaz La reconocida chef guatemalteca radicada en Estados Unidos, Amalia Moreno-Damgaard, visit\u00f3 recientemente el municipio de Cahab\u00f3n para compartir su conocimiento culinario con mujeres comunitarias, en una jornada de aprendizaje centrada en la [&hellip;]<\/p>\n","protected":false},"author":19,"featured_media":41397,"comment_status":"open","ping_status":"open","sticky":false,"template":"","format":"standard","meta":{"_acf_changed":false,"_eb_attr":"","footnotes":""},"categories":[54],"tags":[],"class_list":["post-41396","post","type-post","status-publish","format-standard","has-post-thumbnail","hentry","category-estamos-unidos"],"acf":[],"aioseo_notices":[],"aioseo_head":"\n\t\t<!-- All in One SEO Pro 4.9.6.2 - aioseo.com -->\n\t<meta name=\"description\" content=\"El aporte de talento y laboriosidad de los migrantes guatemaltecos en el EE.UU destaca en diversos sectores econ\u00f3micos: uno de ellos es la construcci\u00f3n.\" \/>\n\t<meta name=\"robots\" content=\"max-snippet:-1, max-image-preview:large, max-video-preview:-1\" \/>\n\t<meta name=\"author\" content=\"Marysabel Aldana\"\/>\n\t<link rel=\"canonical\" href=\"https:\/\/soymigrante.com\/revista\/construccion-es-un-sector-en-el-cual-destaca-la-dedicacion-muchos-migrantes-guatemaltecos\/\" \/>\n\t<meta name=\"generator\" content=\"All in One SEO Pro (AIOSEO) 4.9.6.2\" \/>\n\n\t\t<link rel=\"preconnect\" href=\"https:\/\/fonts.googleapis.com\" crossorigin>\n<link rel=\"preconnect\" href=\"https:\/\/fonts.gstatic.com\" crossorigin>\n\t\t<meta property=\"og:locale\" content=\"es_ES\" \/>\n\t\t<meta property=\"og:site_name\" content=\"SoyMigrante.com REVISTA \u2013 Nuestra misi\u00f3n es reconocer y dignificar al migrante.\" \/>\n\t\t<meta property=\"og:type\" content=\"article\" \/>\n\t\t<meta property=\"og:title\" content=\"Construcci\u00f3n es un sector en el cual destaca la labor de migrantes guatemaltecos en USA\" \/>\n\t\t<meta property=\"og:description\" content=\"El aporte de talento y laboriosidad de los migrantes guatemaltecos en el EE.UU destaca en diversos sectores econ\u00f3micos: uno de ellos es la construcci\u00f3n.\" \/>\n\t\t<meta property=\"og:url\" content=\"https:\/\/soymigrante.com\/revista\/construccion-es-un-sector-en-el-cual-destaca-la-dedicacion-muchos-migrantes-guatemaltecos\/\" \/>\n\t\t<meta property=\"og:image\" content=\"https:\/\/soymigrante.com\/revista\/wp-content\/uploads\/2024\/12\/migrantes-guatemaltecos-1-scaled-e1734379641809.webp\" \/>\n\t\t<meta property=\"og:image:secure_url\" content=\"https:\/\/soymigrante.com\/revista\/wp-content\/uploads\/2024\/12\/migrantes-guatemaltecos-1-scaled-e1734379641809.webp\" \/>\n\t\t<meta property=\"og:image:width\" content=\"1707\" \/>\n\t\t<meta property=\"og:image:height\" content=\"1707\" \/>\n\t\t<meta property=\"article:published_time\" content=\"2024-12-16T22:25:22+00:00\" \/>\n\t\t<meta property=\"article:modified_time\" content=\"2024-12-22T01:28:33+00:00\" \/>\n\t\t<meta property=\"article:publisher\" content=\"https:\/\/www.facebook.com\/soymigrantecom\" \/>\n\t\t<meta name=\"twitter:card\" content=\"summary_large_image\" \/>\n\t\t<meta name=\"twitter:site\" content=\"@SoyMigrante_com\" \/>\n\t\t<meta name=\"twitter:title\" content=\"Construcci\u00f3n es un sector en el cual destaca la labor de migrantes guatemaltecos en USA\" \/>\n\t\t<meta name=\"twitter:description\" content=\"El aporte de talento y laboriosidad de los migrantes guatemaltecos en el EE.UU destaca en diversos sectores econ\u00f3micos: uno de ellos es la construcci\u00f3n.\" \/>\n\t\t<meta name=\"twitter:creator\" content=\"@SoyMigrante_com\" \/>\n\t\t<meta name=\"twitter:image\" content=\"https:\/\/soymigrante.com\/revista\/wp-content\/uploads\/2024\/12\/migrantes-guatemaltecos-1-scaled-e1734379641809.webp\" \/>\n\t\t<!-- All in One SEO Pro -->\r\n\t\t<title>Construcci\u00f3n es un sector en el cual destaca la labor de migrantes guatemaltecos en USA<\/title>\n\n","aioseo_head_json":{"title":"Construcci\u00f3n es un sector en el cual destaca la labor de migrantes guatemaltecos en USA","description":"El aporte de talento y laboriosidad de los migrantes guatemaltecos en el EE.UU destaca en diversos sectores econ\u00f3micos: uno de ellos es la construcci\u00f3n.","canonical_url":"https:\/\/soymigrante.com\/revista\/construccion-es-un-sector-en-el-cual-destaca-la-dedicacion-muchos-migrantes-guatemaltecos\/","robots":"max-snippet:-1, max-image-preview:large, max-video-preview:-1","keywords":"","webmasterTools":{"miscellaneous":"&lt;link rel=\"preconnect\" href=\"https:\/\/fonts.googleapis.com\" crossorigin&gt;\n&lt;link rel=\"preconnect\" href=\"https:\/\/fonts.gstatic.com\" crossorigin&gt;"},"schema":null,"og:locale":"es_ES","og:site_name":"SoyMigrante.com REVISTA \u2013 Nuestra misi\u00f3n es reconocer y dignificar al migrante.","og:type":"article","og:title":"Construcci\u00f3n es un sector en el cual destaca la labor de migrantes guatemaltecos en USA","og:description":"El aporte de talento y laboriosidad de los migrantes guatemaltecos en el EE.UU destaca en diversos sectores econ\u00f3micos: uno de ellos es la construcci\u00f3n.","og:url":"https:\/\/soymigrante.com\/revista\/construccion-es-un-sector-en-el-cual-destaca-la-dedicacion-muchos-migrantes-guatemaltecos\/","og:image":"https:\/\/soymigrante.com\/revista\/wp-content\/uploads\/2024\/12\/migrantes-guatemaltecos-1-scaled-e1734379641809.webp","og:image:secure_url":"https:\/\/soymigrante.com\/revista\/wp-content\/uploads\/2024\/12\/migrantes-guatemaltecos-1-scaled-e1734379641809.webp","og:image:width":1707,"og:image:height":1707,"article:published_time":"2024-12-16T22:25:22+00:00","article:modified_time":"2024-12-22T01:28:33+00:00","article:publisher":"https:\/\/www.facebook.com\/soymigrantecom","twitter:card":"summary_large_image","twitter:site":"@SoyMigrante_com","twitter:title":"Construcci\u00f3n es un sector en el cual destaca la labor de migrantes guatemaltecos en USA","twitter:description":"El aporte de talento y laboriosidad de los migrantes guatemaltecos en el EE.UU destaca en diversos sectores econ\u00f3micos: uno de ellos es la construcci\u00f3n.","twitter:creator":"@SoyMigrante_com","twitter:image":"https:\/\/soymigrante.com\/revista\/wp-content\/uploads\/2024\/12\/migrantes-guatemaltecos-1-scaled-e1734379641809.webp"},"aioseo_meta_data":{"post_id":"41396","title":"Chef guatemalteca migrante capacita a mujeres de Cahab\u00f3n","description":"La chef guatemalteca Amalia Moreno-Damgaard, residente en Minesota, participa en misi\u00f3n de capacitaci\u00f3n alimentaria en Alta Verapaz. Tambi\u00e9n visita Quich\u00e9.","keywords":null,"keyphrases":{"focus":{"keyphrase":"chef","score":91,"analysis":{"keyphraseInTitle":{"score":9,"maxScore":9,"error":0},"keyphraseInDescription":{"score":9,"maxScore":9,"error":0},"keyphraseLength":{"score":9,"maxScore":9,"error":0,"length":1},"keyphraseInURL":{"score":5,"maxScore":5,"error":0},"keyphraseInIntroduction":{"score":9,"maxScore":9,"error":0},"keyphraseInSubHeadings":{"score":3,"maxScore":9,"error":1},"keyphraseInImageAlt":{"score":9,"maxScore":9,"error":0},"keywordDensity":{"type":"best","score":9,"maxScore":9,"error":0}}},"additional":[{"keyphrase":"guatemalteca","score":100,"analysis":{"keyphraseInDescription":{"score":9,"maxScore":9,"error":0},"keyphraseLength":{"score":9,"maxScore":9,"error":0,"length":1},"keyphraseInIntroduction":{"score":9,"maxScore":9,"error":0},"keyphraseInImageAlt":{"score":9,"maxScore":9,"error":0},"keywordDensity":{"type":"best","score":9,"maxScore":9,"error":0}}}]},"primary_term":null,"canonical_url":null,"og_title":null,"og_description":null,"og_object_type":"default","og_image_type":"default","og_image_url":null,"og_image_width":null,"og_image_height":null,"og_image_custom_url":null,"og_image_custom_fields":null,"og_video":"","og_custom_url":null,"og_article_section":null,"og_article_tags":null,"twitter_use_og":false,"twitter_card":"default","twitter_image_type":"default","twitter_image_url":null,"twitter_image_custom_url":null,"twitter_image_custom_fields":null,"twitter_title":null,"twitter_description":null,"schema":{"blockGraphs":[],"customGraphs":[],"default":{"data":{"Article":[],"Course":[],"Dataset":[],"FAQPage":[],"Movie":[],"Person":[],"Product":[],"ProductReview":[],"Car":[],"Recipe":[],"Service":[],"SoftwareApplication":[],"WebPage":[]},"graphName":"none","isEnabled":true},"graphs":[]},"schema_type":"default","schema_type_options":null,"pillar_content":false,"robots_default":true,"robots_noindex":false,"robots_noarchive":false,"robots_nosnippet":false,"robots_nofollow":false,"robots_noimageindex":false,"robots_noodp":false,"robots_notranslate":false,"robots_max_snippet":"-1","robots_max_videopreview":"-1","robots_max_imagepreview":"large","priority":null,"frequency":"default","local_seo":null,"seo_analyzer_scan_date":"2025-10-09 07:32:32","breadcrumb_settings":null,"limit_modified_date":false,"reviewed_by":"0","open_ai":null,"ai":{"faqs":[],"keyPoints":[],"titles":[],"descriptions":[],"socialPosts":{"email":[],"linkedin":[],"twitter":[],"facebook":[],"instagram":[]}},"created":"2025-08-06 18:19:49","updated":"2026-02-05 04:01:24"},"aioseo_breadcrumb":"<div class=\"aioseo-breadcrumbs\"><span class=\"aioseo-breadcrumb\">\n\t<a href=\"https:\/\/soymigrante.com\/revista\" title=\"Home\">Home<\/a>\n<\/span><span class=\"aioseo-breadcrumb-separator\">\u00bb<\/span><span class=\"aioseo-breadcrumb\">\n\t<a href=\"https:\/\/soymigrante.com\/revista\/category\/estamos-unidos\/\" title=\"Estamos Unidos\">Estamos Unidos<\/a>\n<\/span><span class=\"aioseo-breadcrumb-separator\">\u00bb<\/span><span class=\"aioseo-breadcrumb\">\n\tChef migrante guatemalteca Amalia Moreno-Damgaard capacita a mujeres de Cahab\u00f3n\n<\/span><\/div>","aioseo_breadcrumb_json":[{"label":"Home","link":"https:\/\/soymigrante.com\/revista"},{"label":"Estamos Unidos","link":"https:\/\/soymigrante.com\/revista\/category\/estamos-unidos\/"},{"label":"Chef migrante guatemalteca Amalia Moreno-Damgaard capacita a mujeres de Cahab\u00f3n","link":"https:\/\/soymigrante.com\/revista\/chef-migrante-guatemalteca-amalia-moreno-damgaard-capacita-a-mujeres-de-cahabon\/"}],"_links":{"self":[{"href":"https:\/\/soymigrante.com\/revista\/wp-json\/wp\/v2\/posts\/41396","targetHints":{"allow":["GET"]}}],"collection":[{"href":"https:\/\/soymigrante.com\/revista\/wp-json\/wp\/v2\/posts"}],"about":[{"href":"https:\/\/soymigrante.com\/revista\/wp-json\/wp\/v2\/types\/post"}],"author":[{"embeddable":true,"href":"https:\/\/soymigrante.com\/revista\/wp-json\/wp\/v2\/users\/19"}],"replies":[{"embeddable":true,"href":"https:\/\/soymigrante.com\/revista\/wp-json\/wp\/v2\/comments?post=41396"}],"version-history":[{"count":20,"href":"https:\/\/soymigrante.com\/revista\/wp-json\/wp\/v2\/posts\/41396\/revisions"}],"predecessor-version":[{"id":41599,"href":"https:\/\/soymigrante.com\/revista\/wp-json\/wp\/v2\/posts\/41396\/revisions\/41599"}],"wp:featuredmedia":[{"embeddable":true,"href":"https:\/\/soymigrante.com\/revista\/wp-json\/wp\/v2\/media\/41397"}],"wp:attachment":[{"href":"https:\/\/soymigrante.com\/revista\/wp-json\/wp\/v2\/media?parent=41396"}],"wp:term":[{"taxonomy":"category","embeddable":true,"href":"https:\/\/soymigrante.com\/revista\/wp-json\/wp\/v2\/categories?post=41396"},{"taxonomy":"post_tag","embeddable":true,"href":"https:\/\/soymigrante.com\/revista\/wp-json\/wp\/v2\/tags?post=41396"}],"curies":[{"name":"wp","href":"https:\/\/api.w.org\/{rel}","templated":true}]}}