{"id":41297,"date":"2025-08-05T16:26:21","date_gmt":"2025-08-05T22:26:21","guid":{"rendered":"https:\/\/soymigrante.com\/revista\/?p=41297"},"modified":"2025-08-06T12:36:23","modified_gmt":"2025-08-06T18:36:23","slug":"textiles-kem-colorido-e-identidad-de-adelina-nicho-desde-comalapa","status":"publish","type":"post","link":"https:\/\/soymigrante.com\/revista\/textiles-kem-colorido-e-identidad-de-adelina-nicho-desde-comalapa\/","title":{"rendered":"Kem Textiles Mayas: colorido e identidad de Adelina Nicho desde Comalapa"},"content":{"rendered":"\t\t<div data-elementor-type=\"wp-post\" data-elementor-id=\"41297\" class=\"elementor elementor-41297\" data-elementor-post-type=\"post\">\n\t\t\t\t<div data-particle_enable=\"false\" data-particle-mobile-disabled=\"false\" class=\"elementor-element elementor-element-a9d54e0 e-flex e-con-boxed e-con e-parent\" data-id=\"a9d54e0\" data-element_type=\"container\" data-e-type=\"container\">\n\t\t\t\t\t<div class=\"e-con-inner\">\n\t\t\t\t<div class=\"elementor-element elementor-element-73a472d elementor-widget elementor-widget-heading\" data-id=\"73a472d\" data-element_type=\"widget\" data-e-type=\"widget\" data-widget_type=\"heading.default\">\n\t\t\t\t\t<h2 class=\"elementor-heading-title elementor-size-default\">Kem Textiles Mayas impulsa la tradici\u00f3n del tejido y genera oportunidades, afirma su fundadora Adelina Nicho C\u00famez. Y ahora expande su proyecto a trav\u00e9s de SoyMigrante.com MERCADO. Esta es su historia.<\/h2>\t\t\t\t<\/div>\n\t\t\t\t\t<\/div>\n\t\t\t\t<\/div>\n\t\t<div data-particle_enable=\"false\" data-particle-mobile-disabled=\"false\" class=\"elementor-element elementor-element-5e53b5f e-flex e-con-boxed e-con e-parent\" data-id=\"5e53b5f\" data-element_type=\"container\" data-e-type=\"container\">\n\t\t\t\t\t<div class=\"e-con-inner\">\n\t\t\t\t<div class=\"elementor-element elementor-element-9105293 elementor-widget elementor-widget-text-editor\" data-id=\"9105293\" data-element_type=\"widget\" data-e-type=\"widget\" data-widget_type=\"text-editor.default\">\n\t\t\t\t\t\t\t\t\t<p>\u201cDesde peque\u00f1a empec\u00e9 a tejer\u201d, recuerda Adelina Nicho C\u00famez, originaria de San Juan Comalapa, <a href=\"https:\/\/soymigrante.com\/revista\/departamentos-de-guatemala-chimaltenango-tiene-montanas-tradicion-y-la-primera-capital-de-guatemala\/\">Chimaltenango<\/a>. Proviene de una familia profundamente ligada al arte: su hermana Paula Nicho es una reconocida pintora, y su madre, Adela C\u00famez, una incansable y sabia tejedora que logr\u00f3 su autonom\u00eda econ\u00f3mica hilando servilletas que revend\u00eda por docena, seg\u00fan cuenta.<\/p><p>En esa tradici\u00f3n naci\u00f3<a href=\"https:\/\/soymigrante.com\/mercado\/marketplace\/kem-textiles-mayas\"> Kem\u00a0Textiles Mayas<\/a>, un emprendimiento que honra la memoria textil <a href=\"https:\/\/soymigrante.com\/revista\/el-pueblo-kaqchikel-abarca-a-1-millon-68-mil-guatemaltecos\/\">kaqchik&#8217;el <\/a>y proyecta hacia el futuro la riqueza del tejido maya.\u00a0<\/p><p>Por eso abri\u00f3 su tienda digital en <a href=\"https:\/\/soymigrante.com\/mercado\/\">SoyMigrante.com MERCADO<\/a>, la plataforma que une a emprendedores y compradores de toda Guatemala, para facilitar la log\u00edstica de compra y env\u00edo, potenciar el desarrollo comunitario y ser vitrina de talento.<\/p>\t\t\t\t\t\t\t\t<\/div>\n\t\t\t\t\t<\/div>\n\t\t\t\t<\/div>\n\t\t<div data-particle_enable=\"false\" data-particle-mobile-disabled=\"false\" class=\"elementor-element elementor-element-5c28c71 e-flex e-con-boxed e-con e-parent\" data-id=\"5c28c71\" data-element_type=\"container\" data-e-type=\"container\">\n\t\t\t\t\t<div class=\"e-con-inner\">\n\t\t\t\t<div class=\"elementor-element elementor-element-e71ca3d elementor-widget elementor-widget-image\" data-id=\"e71ca3d\" data-element_type=\"widget\" data-e-type=\"widget\" data-widget_type=\"image.default\">\n\t\t\t\t\t\t\t\t\t\t\t\t<figure class=\"wp-caption\">\n\t\t\t\t\t\t\t\t\t\t\t<a href=\"https:\/\/soymigrante.com\/mercado\/marketplace\/kem-textiles-mayas\">\n\t\t\t\t\t\t\t<img fetchpriority=\"high\" decoding=\"async\" width=\"768\" height=\"645\" src=\"https:\/\/soymigrante.com\/revista\/wp-content\/uploads\/2025\/08\/kem-textiles-soymigrantecom_-1024x860.png\" class=\"attachment-large size-large wp-image-41308\" alt=\"Coloridos textiles mayas de Kem Textile, ideales para proyectos de moda y decoraci\u00f3n, con patrones tradicionales y dise\u00f1os geom\u00e9tricos en colores vibrantes y aut\u00e9nticos.\" srcset=\"https:\/\/soymigrante.com\/revista\/wp-content\/uploads\/2025\/08\/kem-textiles-soymigrantecom_-1024x860.png 1024w, https:\/\/soymigrante.com\/revista\/wp-content\/uploads\/2025\/08\/kem-textiles-soymigrantecom_-300x252.png 300w, https:\/\/soymigrante.com\/revista\/wp-content\/uploads\/2025\/08\/kem-textiles-soymigrantecom_-768x645.png 768w, https:\/\/soymigrante.com\/revista\/wp-content\/uploads\/2025\/08\/kem-textiles-soymigrantecom_-750x630.png 750w, https:\/\/soymigrante.com\/revista\/wp-content\/uploads\/2025\/08\/kem-textiles-soymigrantecom_.png 1108w\" sizes=\"(max-width: 768px) 100vw, 768px\" title=\"A trav\u00e9s de KEM Textiles, Adelina Nicho C\u00famez vende indumentaria tradicional kaqchik&#039;el elaborada por ella pero tambi\u00e9n por otras mujeres artesanas de San Juan Comalapa, Chimaltenango. \u2013 SoyMigrante.com REVISTA\" \/>\t\t\t\t\t\t\t\t<\/a>\n\t\t\t\t\t\t\t\t\t\t\t<figcaption class=\"widget-image-caption wp-caption-text\">Telas mayas tradicionales de Kem Textile, con dise\u00f1os geom\u00e9tricos y colores vivos, perfectas para proyectos artesanales, moda y decoraci\u00f3n con ra\u00edces culturales.<\/figcaption>\n\t\t\t\t\t\t\t\t\t\t<\/figure>\n\t\t\t\t\t\t\t\t\t<\/div>\n\t\t\t\t\t<\/div>\n\t\t\t\t<\/div>\n\t\t<div data-particle_enable=\"false\" data-particle-mobile-disabled=\"false\" class=\"elementor-element elementor-element-29f5c6a e-flex e-con-boxed e-con e-parent\" data-id=\"29f5c6a\" data-element_type=\"container\" data-e-type=\"container\">\n\t\t\t\t\t<div class=\"e-con-inner\">\n\t\t\t\t<div class=\"elementor-element elementor-element-389c0e7 elementor-widget elementor-widget-heading\" data-id=\"389c0e7\" data-element_type=\"widget\" data-e-type=\"widget\" data-widget_type=\"heading.default\">\n\t\t\t\t\t<h3 class=\"elementor-heading-title elementor-size-default\">Retomar la memoria tejida<\/h3>\t\t\t\t<\/div>\n\t\t\t\t\t<\/div>\n\t\t\t\t<\/div>\n\t\t<div data-particle_enable=\"false\" data-particle-mobile-disabled=\"false\" class=\"elementor-element elementor-element-238f8f5 e-flex e-con-boxed e-con e-parent\" data-id=\"238f8f5\" data-element_type=\"container\" data-e-type=\"container\">\n\t\t\t\t\t<div class=\"e-con-inner\">\n\t\t\t\t<div class=\"elementor-element elementor-element-640bf57 elementor-widget elementor-widget-text-editor\" data-id=\"640bf57\" data-element_type=\"widget\" data-e-type=\"widget\" data-widget_type=\"text-editor.default\">\n\t\t\t\t\t\t\t\t\t<p>En 2024, tras jubilarse de un empleo que ocup\u00f3 por m\u00e1s de dos d\u00e9cadas, Adelina retom\u00f3 los hilos con los que creci\u00f3: s\u00ed, decidi\u00f3 cultivar un emprendimiento textil tradicional.<\/p><p>\u201cFue f\u00e1cil, porque la habilidad que uno aprende de peque\u00f1o se queda guardada\u201d, comenta. Comenz\u00f3 con un huipil para su hija, y el entusiasmo fue inmediato, fue una luz y un nuevo entusiasmo.\u00a0<\/p><p>A partir de ah\u00ed surgieron nuevas creaciones: prendas de vestir, centros de mesa y, por supuesto, las servilletas que rinden tributo a su mam\u00e1, quien le ense\u00f1\u00f3 paso a paso, heredando as\u00ed una tradici\u00f3n inmemorial y el lenguaje textil\u00a0 del pueblo kaqchik&#8217;el. Ello la llev\u00f3 a crear <a href=\"https:\/\/soymigrante.com\/mercado\/marketplace\/kem-textiles-mayas\">el emprendimiento Kem\u00a0Textiles Mayas <\/a>que ahora llega al comercio electr\u00f3nico.<\/p>\t\t\t\t\t\t\t\t<\/div>\n\t\t\t\t\t<\/div>\n\t\t\t\t<\/div>\n\t\t<div data-particle_enable=\"false\" data-particle-mobile-disabled=\"false\" class=\"elementor-element elementor-element-306afb1 e-flex e-con-boxed e-con e-parent\" data-id=\"306afb1\" data-element_type=\"container\" data-e-type=\"container\">\n\t\t\t\t\t<div class=\"e-con-inner\">\n\t\t\t\t<div class=\"elementor-element elementor-element-d0eea2b elementor-invisible elementor-widget elementor-widget-testimonial\" data-id=\"d0eea2b\" data-element_type=\"widget\" data-e-type=\"widget\" data-settings=\"{&quot;_animation&quot;:&quot;rotateInUpRight&quot;}\" data-widget_type=\"testimonial.default\">\n\t\t\t\t\t\t\t<div class=\"elementor-testimonial-wrapper\">\n\t\t\t\t\t\t\t<div class=\"elementor-testimonial-content\">\"Este emprendimiento Kem Textiles Mayas est\u00e1 dedicado a la memoria de mi mam\u00e1. Porque ella  se dedic\u00f3 el 100 por ciento en el tejido. Y en Comalapa hay mujeres tejedoras que hacen cosas maravillosas que merecen ser conocidas y difundidas\"<\/div>\n\t\t\t\n\t\t\t\t\t\t<div class=\"elementor-testimonial-meta elementor-has-image elementor-testimonial-image-position-aside\">\n\t\t\t\t<div class=\"elementor-testimonial-meta-inner\">\n\t\t\t\t\t\t\t\t\t\t\t<div class=\"elementor-testimonial-image\">\n\t\t\t\t\t\t\t<img decoding=\"async\" width=\"1280\" height=\"964\" src=\"https:\/\/soymigrante.com\/revista\/wp-content\/uploads\/2025\/08\/Imagen-de-WhatsApp-2025-08-06-a-las-085204_a29d6ed7.webp\" class=\"attachment-full size-full wp-image-41363\" alt=\"Amiga sonriendo con gafas y ropa colorida, foto para revista SoyMigrante.com REVISTA, destacando migrantes hispanohablantes y cultura mexicana, imagen para contenido de inter\u00e9s social e migratorio en Latinoam\u00e9rica.\" title=\"Imagen de WhatsApp 2025-08-06 a las 085204_a29d6ed7 \u2013 SoyMigrante.com REVISTA\" srcset=\"https:\/\/soymigrante.com\/revista\/wp-content\/uploads\/2025\/08\/Imagen-de-WhatsApp-2025-08-06-a-las-085204_a29d6ed7.webp 1280w, https:\/\/soymigrante.com\/revista\/wp-content\/uploads\/2025\/08\/Imagen-de-WhatsApp-2025-08-06-a-las-085204_a29d6ed7-300x226.jpg 300w, https:\/\/soymigrante.com\/revista\/wp-content\/uploads\/2025\/08\/Imagen-de-WhatsApp-2025-08-06-a-las-085204_a29d6ed7-1024x771.jpg 1024w, https:\/\/soymigrante.com\/revista\/wp-content\/uploads\/2025\/08\/Imagen-de-WhatsApp-2025-08-06-a-las-085204_a29d6ed7-768x578.jpg 768w, https:\/\/soymigrante.com\/revista\/wp-content\/uploads\/2025\/08\/Imagen-de-WhatsApp-2025-08-06-a-las-085204_a29d6ed7-750x565.webp 750w, https:\/\/soymigrante.com\/revista\/wp-content\/uploads\/2025\/08\/Imagen-de-WhatsApp-2025-08-06-a-las-085204_a29d6ed7-1140x859.webp 1140w\" sizes=\"(max-width: 1280px) 100vw, 1280px\" \/>\t\t\t\t\t\t<\/div>\n\t\t\t\t\t\n\t\t\t\t\t\t\t\t\t\t<div class=\"elementor-testimonial-details\">\n\t\t\t\t\t\t\t\t\t\t\t\t\t\t<div class=\"elementor-testimonial-name\">Adelina Nicho C\u00famez<\/div>\n\t\t\t\t\t\t\t\t\t\t\t\t\t\t\t\t\t\t\t\t\t\t<div class=\"elementor-testimonial-job\">Emprendedora guatemalteca<\/div>\n\t\t\t\t\t\t\t\t\t\t\t\t\t<\/div>\n\t\t\t\t\t\t\t\t\t<\/div>\n\t\t\t<\/div>\n\t\t\t\t\t<\/div>\n\t\t\t\t\t\t<\/div>\n\t\t\t\t\t<\/div>\n\t\t\t\t<\/div>\n\t\t<div data-particle_enable=\"false\" data-particle-mobile-disabled=\"false\" class=\"elementor-element elementor-element-7f6a303 e-flex e-con-boxed e-con e-parent\" data-id=\"7f6a303\" data-element_type=\"container\" data-e-type=\"container\">\n\t\t\t\t\t<div class=\"e-con-inner\">\n\t\t\t\t<div class=\"elementor-element elementor-element-c342dff elementor-widget elementor-widget-heading\" data-id=\"c342dff\" data-element_type=\"widget\" data-e-type=\"widget\" data-widget_type=\"heading.default\">\n\t\t\t\t\t<h3 class=\"elementor-heading-title elementor-size-default\">Textiles Kem abre su tienda digital en MERCADO<\/h3>\t\t\t\t<\/div>\n\t\t\t\t\t<\/div>\n\t\t\t\t<\/div>\n\t\t<div data-particle_enable=\"false\" data-particle-mobile-disabled=\"false\" class=\"elementor-element elementor-element-db82a93 e-flex e-con-boxed e-con e-parent\" data-id=\"db82a93\" data-element_type=\"container\" data-e-type=\"container\">\n\t\t\t\t\t<div class=\"e-con-inner\">\n\t\t\t\t<div class=\"elementor-element elementor-element-85e433e elementor-widget elementor-widget-text-editor\" data-id=\"85e433e\" data-element_type=\"widget\" data-e-type=\"widget\" data-widget_type=\"text-editor.default\">\n\t\t\t\t\t\t\t\t\t<p>Uno de los pasos m\u00e1s importantes para fortalecer su proyecto es el integrarse a SoyMigrante.com MERCADO, la plataforma digital que conecta a emprendedores con compradores de toda Guatemala.\u00a0<\/p><p>\u201cCuando vi este proyecto pens\u00e9: \u00a1Ah, <a href=\"https:\/\/marcosantil.com\/\">Marcos Antil<\/a>! Ya sab\u00eda de \u00e9l, le\u00ed su libro, admiro su trayectoria y conf\u00edo en su visi\u00f3n. Me pareci\u00f3 una oportunidad muy grande\u201d, relata Adelina, refiri\u00e9ndose al CEO de SoyMigrante.com, emprendedor digital maya q&#8217;anjob&#8217;al, quien a trav\u00e9s de esta tecnolog\u00eda apoya a los artesanos locales.<\/p><p>Gracias a esta alianza, <a href=\"https:\/\/soymigrante.com\/mercado\/marketplace\/kem-textiles-mayas\">Kem Textiles Mayas<\/a>\u00a0no solo encontr\u00f3 una vitrina para mostrar su trabajo, sino tambi\u00e9n una soluci\u00f3n integral de log\u00edstica, cobro y entrega que le permite llegar a m\u00e1s personas y generar desarrollo local.<\/p>\t\t\t\t\t\t\t\t<\/div>\n\t\t\t\t\t<\/div>\n\t\t\t\t<\/div>\n\t\t<div data-particle_enable=\"false\" data-particle-mobile-disabled=\"false\" class=\"elementor-element elementor-element-9a9f237 e-flex e-con-boxed e-con e-parent\" data-id=\"9a9f237\" data-element_type=\"container\" data-e-type=\"container\">\n\t\t\t\t\t<div class=\"e-con-inner\">\n\t\t\t\t<div class=\"elementor-element elementor-element-409873a elementor-widget elementor-widget-image\" data-id=\"409873a\" data-element_type=\"widget\" data-e-type=\"widget\" data-widget_type=\"image.default\">\n\t\t\t\t\t\t\t\t\t\t\t\t<figure class=\"wp-caption\">\n\t\t\t\t\t\t\t\t\t\t<img decoding=\"async\" width=\"768\" height=\"425\" src=\"https:\/\/soymigrante.com\/revista\/wp-content\/uploads\/2025\/08\/adelina-nicho-cumez-textiles-kem-comalapa-mercado-3-1024x567.jpg\" class=\"attachment-large size-large wp-image-41314\" alt=\"Mujeres ind\u00edgenas vestidas con trajes tradicionales en un entorno natural, participando en una celebraci\u00f3n cultural en la comunidad.\" srcset=\"https:\/\/soymigrante.com\/revista\/wp-content\/uploads\/2025\/08\/adelina-nicho-cumez-textiles-kem-comalapa-mercado-3-1024x567.jpg 1024w, https:\/\/soymigrante.com\/revista\/wp-content\/uploads\/2025\/08\/adelina-nicho-cumez-textiles-kem-comalapa-mercado-3-300x166.jpg 300w, https:\/\/soymigrante.com\/revista\/wp-content\/uploads\/2025\/08\/adelina-nicho-cumez-textiles-kem-comalapa-mercado-3-768x425.jpg 768w, https:\/\/soymigrante.com\/revista\/wp-content\/uploads\/2025\/08\/adelina-nicho-cumez-textiles-kem-comalapa-mercado-3-1536x851.jpg 1536w, https:\/\/soymigrante.com\/revista\/wp-content\/uploads\/2025\/08\/adelina-nicho-cumez-textiles-kem-comalapa-mercado-3-750x415.webp 750w, https:\/\/soymigrante.com\/revista\/wp-content\/uploads\/2025\/08\/adelina-nicho-cumez-textiles-kem-comalapa-mercado-3-1140x631.webp 1140w, https:\/\/soymigrante.com\/revista\/wp-content\/uploads\/2025\/08\/adelina-nicho-cumez-textiles-kem-comalapa-mercado-3.webp 1600w\" sizes=\"(max-width: 768px) 100vw, 768px\" title=\"Adelina Nicho C\u00famez  tiene destacada trayectoria en la labor comunitaria. En esta imagen Adelina convive con excompa\u00f1eras de la Escuela Normal de Educaci\u00f3n Biling\u00fce Intercultural &quot;Ruk&#039;u&#039;x Waqxaqi&#039;\u00a0Q&#039;anil&quot;. \u2013 SoyMigrante.com REVISTA\" \/>\t\t\t\t\t\t\t\t\t\t\t<figcaption class=\"widget-image-caption wp-caption-text\">Personas en festividad ind\u00edgena con ropa tradicional en un entorno de bosque, destacando la cultura y tradiciones en eventos sociales.<\/figcaption>\n\t\t\t\t\t\t\t\t\t\t<\/figure>\n\t\t\t\t\t\t\t\t\t<\/div>\n\t\t\t\t\t<\/div>\n\t\t\t\t<\/div>\n\t\t<div data-particle_enable=\"false\" data-particle-mobile-disabled=\"false\" class=\"elementor-element elementor-element-83608dd e-flex e-con-boxed e-con e-parent\" data-id=\"83608dd\" data-element_type=\"container\" data-e-type=\"container\">\n\t\t\t\t\t<div class=\"e-con-inner\">\n\t\t\t\t<div class=\"elementor-element elementor-element-f47e00d elementor-widget elementor-widget-heading\" data-id=\"f47e00d\" data-element_type=\"widget\" data-e-type=\"widget\" data-widget_type=\"heading.default\">\n\t\t\t\t\t<h3 class=\"elementor-heading-title elementor-size-default\">Kem es un obsequio perfecto<\/h3>\t\t\t\t<\/div>\n\t\t\t\t\t<\/div>\n\t\t\t\t<\/div>\n\t\t<div data-particle_enable=\"false\" data-particle-mobile-disabled=\"false\" class=\"elementor-element elementor-element-9184ec8 e-flex e-con-boxed e-con e-parent\" data-id=\"9184ec8\" data-element_type=\"container\" data-e-type=\"container\">\n\t\t\t\t\t<div class=\"e-con-inner\">\n\t\t\t\t<div class=\"elementor-element elementor-element-c8e7fa0 elementor-widget elementor-widget-text-editor\" data-id=\"c8e7fa0\" data-element_type=\"widget\" data-e-type=\"widget\" data-widget_type=\"text-editor.default\">\n\t\t\t\t\t\t\t\t\t<p>La tienda, explica Adelina, no es solo para vender sus tejidos, sino tambi\u00e9n para dar espacio a otras mujeres tejedoras de Comalapa. \u201cHay muchas que hacen cosas extraordinarias y sus creaciones tambi\u00e9n est\u00e1n all\u00ed. No quiero que esto sea solo para m\u00ed. Todos podemos crecer juntos\u201d, afirma Adelina con convicci\u00f3n.&nbsp;<\/p>\n<p>Kem es, en esencia, un proyecto colectivo, una apuesta por el talento local, la autonom\u00eda econ\u00f3mica y la continuidad de un legado, pero a la vez la oportunidad de hacer un obsequio original y aut\u00e9ntico.&nbsp;<\/p>\n<p>Los desaf\u00edos no han sido menores. Adelina confiesa que el manejo de la tecnolog\u00eda ha sido una barrera, desde aprender a usar una c\u00e1mara hasta publicar los productos. Pero no est\u00e1 sola. Su hijo fue quien la anim\u00f3 a inscribirse y la ayud\u00f3 a montar el primer cat\u00e1logo. Su familia la respalda. Y su comunidad la inspira.<\/p>\n<p>Hoy sigue tejiendo con la misma calma y serenidad que da la experiencia. Adelina sigue impulsando el sue\u00f1o guatemalteco de exaltar la cultura original. <a href=\"https:\/\/soymigrante.com\/mercado\/marketplace\/kem-textiles-mayas\">Kem textiles mayas<\/a>&nbsp;no es solo un negocio: es un acto de memoria, de resistencia cultural y de futuro.<\/p>\t\t\t\t\t\t\t\t<\/div>\n\t\t\t\t\t<\/div>\n\t\t\t\t<\/div>\n\t\t<div data-particle_enable=\"false\" data-particle-mobile-disabled=\"false\" class=\"elementor-element elementor-element-210658d e-flex e-con-boxed e-con e-parent\" data-id=\"210658d\" data-element_type=\"container\" data-e-type=\"container\">\n\t\t\t\t\t<div class=\"e-con-inner\">\n\t\t\t\t<div class=\"elementor-element elementor-element-5a99f65 elementor-widget elementor-widget-heading\" data-id=\"5a99f65\" data-element_type=\"widget\" data-e-type=\"widget\" data-widget_type=\"heading.default\">\n\t\t\t\t\t<h2 class=\"elementor-heading-title elementor-size-default\">Detr\u00e1s de cada emprendimiento hay siempre una gran historia<\/h2>\t\t\t\t<\/div>\n\t\t\t\t\t<\/div>\n\t\t\t\t<\/div>\n\t\t<div data-particle_enable=\"false\" data-particle-mobile-disabled=\"false\" class=\"elementor-element elementor-element-2ff9c7e e-flex e-con-boxed e-con e-parent\" data-id=\"2ff9c7e\" data-element_type=\"container\" data-e-type=\"container\">\n\t\t\t\t\t<div class=\"e-con-inner\">\n\t\t\t\t<div class=\"elementor-element elementor-element-311e1f1 elementor-grid-eael-col-3 elementor-grid-tablet-eael-col-2 elementor-grid-mobile-eael-col-1 elementor-invisible elementor-widget elementor-widget-eael-post-grid\" data-id=\"311e1f1\" data-element_type=\"widget\" data-e-type=\"widget\" data-settings=\"{&quot;eael_post_grid_columns&quot;:&quot;eael-col-3&quot;,&quot;_animation&quot;:&quot;rollIn&quot;,&quot;eael_post_grid_columns_tablet&quot;:&quot;eael-col-2&quot;,&quot;eael_post_grid_columns_mobile&quot;:&quot;eael-col-1&quot;}\" data-widget_type=\"eael-post-grid.default\">\n\t\t\t\t\t<div id=\"eael-post-grid-311e1f1\" class=\"eael-post-grid-container\">\n            <div class=\"eael-post-grid eael-post-appender eael-post-appender-311e1f1 eael-post-grid-style-one\" data-layout-mode=\"masonry\"><article class=\"eael-grid-post  eael-post-grid-column eael-pg-post-46859 category-guate-nuestra tags-mercado-emprendedores\" data-id=\"46859\">\n        <div class=\"eael-grid-post-holder\">\n            <div class=\"eael-grid-post-holder-inner\"><div class=\"eael-entry-media\"><div class=\"eael-entry-overlay fade-in\"><i class=\"far fa-hand-pointer\" aria-hidden=\"true\"><\/i><a href=\"https:\/\/soymigrante.com\/revista\/10-motivos-para-preferir-cafe-guatemalteco-de-productores-locales-que-estan-en-mercado\/\"><\/a><\/div><div class=\"eael-entry-thumbnail \">\n                <img loading=\"lazy\" decoding=\"async\" width=\"421\" height=\"416\" src=\"https:\/\/soymigrante.com\/revista\/wp-content\/uploads\/2025\/10\/CAFE-GUATEMALTECO-productores-locales-MERCADO-2.png\" class=\"attachment-large size-large wp-image-46861\" alt=\"CAFE GUATEMALTECO productores locales MERCADO 2\" srcset=\"https:\/\/soymigrante.com\/revista\/wp-content\/uploads\/2025\/10\/CAFE-GUATEMALTECO-productores-locales-MERCADO-2.png 421w, https:\/\/soymigrante.com\/revista\/wp-content\/uploads\/2025\/10\/CAFE-GUATEMALTECO-productores-locales-MERCADO-2-300x296.png 300w, https:\/\/soymigrante.com\/revista\/wp-content\/uploads\/2025\/10\/CAFE-GUATEMALTECO-productores-locales-MERCADO-2-75x75.png 75w\" sizes=\"(max-width: 421px) 100vw, 421px\" \/>\n            <\/div>\n        <\/div><div class=\"eael-entry-wrapper\"><header class=\"eael-entry-header\"><h2 class=\"eael-entry-title\"><a class=\"eael-grid-post-link\" href=\"https:\/\/soymigrante.com\/revista\/10-motivos-para-preferir-cafe-guatemalteco-de-productores-locales-que-estan-en-mercado\/\" title=\"10 motivos para preferir caf\u00e9 guatemalteco de productores locales que est\u00e1n en MERCADO\">10 motivos para preferir caf\u00e9 guatemalteco de productores locales que est\u00e1n en MERCADO<\/a><\/h2><\/header><div class=\"eael-entry-content\">\n                        <div class=\"eael-grid-post-excerpt\"><a href=\"https:\/\/soymigrante.com\/revista\/10-motivos-para-preferir-cafe-guatemalteco-de-productores-locales-que-estan-en-mercado\/\" class=\"eael-post-elements-readmore-btn\">CONOCE SU HISTORIA <\/a><\/div>\n                    <\/div><\/div><\/div>\n        <\/div>\n    <\/article><article class=\"eael-grid-post  eael-post-grid-column eael-pg-post-33668 category-guate-nuestra tags-mercado-emprendedores\" data-id=\"33668\">\n        <div class=\"eael-grid-post-holder\">\n            <div class=\"eael-grid-post-holder-inner\"><div class=\"eael-entry-media\"><div class=\"eael-entry-overlay fade-in\"><i class=\"far fa-hand-pointer\" aria-hidden=\"true\"><\/i><a href=\"https:\/\/soymigrante.com\/revista\/adolfo-figueroa-dio-un-giro-a-su-profesion-de-ingeniero-para-elaborar-las-espumillas-brothaus\/\"><\/a><\/div><div class=\"eael-entry-thumbnail \">\n                <img loading=\"lazy\" decoding=\"async\" width=\"768\" height=\"1024\" src=\"https:\/\/soymigrante.com\/revista\/wp-content\/uploads\/2025\/05\/Adolfo-Figueroa2-768x1024.jpeg\" class=\"attachment-large size-large wp-image-33669\" alt=\"Recetas tradicionales mexicanas preparadas por migrantes en un ambiente de cocina comunitaria, resaltando la cultura, uni\u00f3n y el trabajo en equipo.\" srcset=\"https:\/\/soymigrante.com\/revista\/wp-content\/uploads\/2025\/05\/Adolfo-Figueroa2-768x1024.jpeg 768w, https:\/\/soymigrante.com\/revista\/wp-content\/uploads\/2025\/05\/Adolfo-Figueroa2-225x300.jpeg 225w, https:\/\/soymigrante.com\/revista\/wp-content\/uploads\/2025\/05\/Adolfo-Figueroa2-750x1000.jpeg 750w, https:\/\/soymigrante.com\/revista\/wp-content\/uploads\/2025\/05\/Adolfo-Figueroa2.webp 960w\" sizes=\"(max-width: 768px) 100vw, 768px\" \/>\n            <\/div>\n        <\/div><div class=\"eael-entry-wrapper\"><header class=\"eael-entry-header\"><h2 class=\"eael-entry-title\"><a class=\"eael-grid-post-link\" href=\"https:\/\/soymigrante.com\/revista\/adolfo-figueroa-dio-un-giro-a-su-profesion-de-ingeniero-para-elaborar-las-espumillas-brothaus\/\" title=\"Adolfo Figueroa dio un giro a su profesi\u00f3n de ingeniero para elaborar las espumillas Brothaus\">Adolfo Figueroa dio un giro a su profesi\u00f3n de ingeniero para elaborar las espumillas Brothaus<\/a><\/h2><\/header><div class=\"eael-entry-content\">\n                        <div class=\"eael-grid-post-excerpt\"><a href=\"https:\/\/soymigrante.com\/revista\/adolfo-figueroa-dio-un-giro-a-su-profesion-de-ingeniero-para-elaborar-las-espumillas-brothaus\/\" class=\"eael-post-elements-readmore-btn\">CONOCE SU HISTORIA <\/a><\/div>\n                    <\/div><\/div><\/div>\n        <\/div>\n    <\/article><article class=\"eael-grid-post  eael-post-grid-column eael-pg-post-42866 category-guate-nuestra tags-mercado-emprendedores\" data-id=\"42866\">\n        <div class=\"eael-grid-post-holder\">\n            <div class=\"eael-grid-post-holder-inner\"><div class=\"eael-entry-media\"><div class=\"eael-entry-overlay fade-in\"><i class=\"far fa-hand-pointer\" aria-hidden=\"true\"><\/i><a href=\"https:\/\/soymigrante.com\/revista\/un-elote-con-historia-en-el-emprendimiento-de-las-hermanas-gil\/\"><\/a><\/div><div class=\"eael-entry-thumbnail \">\n                <img loading=\"lazy\" decoding=\"async\" width=\"526\" height=\"526\" src=\"https:\/\/soymigrante.com\/revista\/wp-content\/uploads\/2025\/08\/altair.webp\" class=\"attachment-large size-large wp-image-42952\" alt=\"Botellas de productos cosm\u00e9ticos en un laboratorio de fabricaci\u00f3n, mujer trabajando con \u00e9tica en el sector cosm\u00e9tico, innovaci\u00f3n en la industria de belleza para emigrantes en Latinoam\u00e9rica.\" srcset=\"https:\/\/soymigrante.com\/revista\/wp-content\/uploads\/2025\/08\/altair.webp 526w, https:\/\/soymigrante.com\/revista\/wp-content\/uploads\/2025\/08\/altair-300x300.png 300w, https:\/\/soymigrante.com\/revista\/wp-content\/uploads\/2025\/08\/altair-150x150.png 150w, https:\/\/soymigrante.com\/revista\/wp-content\/uploads\/2025\/08\/altair-75x75.webp 75w\" sizes=\"(max-width: 526px) 100vw, 526px\" \/>\n            <\/div>\n        <\/div><div class=\"eael-entry-wrapper\"><header class=\"eael-entry-header\"><h2 class=\"eael-entry-title\"><a class=\"eael-grid-post-link\" href=\"https:\/\/soymigrante.com\/revista\/un-elote-con-historia-en-el-emprendimiento-de-las-hermanas-gil\/\" title=\"Altahir, emprendimiento de productos cosm\u00e9ticos de las hermanas Gil de Amatitl\u00e1n, est\u00e1 en SoyMigrante.com MERCADO\">Altahir, emprendimiento de productos cosm\u00e9ticos de las hermanas Gil de Amatitl\u00e1n, est\u00e1 en SoyMigrante.com MERCADO<\/a><\/h2><\/header><div class=\"eael-entry-content\">\n                        <div class=\"eael-grid-post-excerpt\"><a href=\"https:\/\/soymigrante.com\/revista\/un-elote-con-historia-en-el-emprendimiento-de-las-hermanas-gil\/\" class=\"eael-post-elements-readmore-btn\">CONOCE SU HISTORIA <\/a><\/div>\n                    <\/div><\/div><\/div>\n        <\/div>\n    <\/article><\/div>\n            <div class=\"clearfix\"><\/div>\n        <\/div>            <div class=\"eael-load-more-button-wrap eael-force-hide\">\n                <button class=\"eael-load-more-button\" id=\"eael-load-more-btn-311e1f1\" data-widget-id=\"311e1f1\" data-widget=\"311e1f1\" data-page-id=\"41297\" data-template=\"{&quot;dir&quot;:&quot;lite&quot;,&quot;file_name&quot;:&quot;one.php&quot;,&quot;name&quot;:&quot;Post-Grid&quot;}\" data-class=\"Essential_Addons_Elementor\\Elements\\Post_Grid\" data-layout=\"masonry\" data-page=\"1\" data-args=\"orderby=title&amp;order=asc&amp;ignore_sticky_posts=1&amp;post_status=publish&amp;posts_per_page=3&amp;offset=0&amp;post_type=post&amp;tax_query%5B0%5D%5Btaxonomy%5D=post_tag&amp;tax_query%5B0%5D%5Bfield%5D=term_id&amp;tax_query%5B0%5D%5Bterms%5D%5B0%5D=130&amp;tax_query%5Brelation%5D=AND\" data-max-page=\"35\">\n                    <span class=\"eael-btn-loader button__loader\"><\/span>\n                    <span class=\"eael_load_more_text\">Load More<\/span>\n                <\/button>\n            <\/div>\n            \t\t\t\t<\/div>\n\t\t\t\t\t<\/div>\n\t\t\t\t<\/div>\n\t\t\t\t<\/div>\n\t\t","protected":false},"excerpt":{"rendered":"<p>Kem Textiles Mayas impulsa la tradici\u00f3n del tejido y genera oportunidades, afirma su fundadora Adelina Nicho C\u00famez. Y ahora expande su proyecto a trav\u00e9s de SoyMigrante.com MERCADO. Esta es su historia. \u201cDesde peque\u00f1a empec\u00e9 a tejer\u201d, recuerda Adelina Nicho C\u00famez, originaria de San Juan Comalapa, Chimaltenango. Proviene de una familia profundamente ligada al arte: su [&hellip;]<\/p>\n","protected":false},"author":7,"featured_media":41302,"comment_status":"open","ping_status":"open","sticky":false,"template":"","format":"standard","meta":{"_acf_changed":false,"_eb_attr":"","footnotes":""},"categories":[58],"tags":[130],"class_list":["post-41297","post","type-post","status-publish","format-standard","has-post-thumbnail","hentry","category-guate-nuestra","tag-mercado-emprendedores"],"acf":[],"aioseo_notices":[],"aioseo_head":"\n\t\t<!-- All in One SEO Pro 4.9.6.2 - aioseo.com -->\n\t<meta name=\"description\" content=\"Al finalizar la grabaci\u00f3n de video para el emprendimiento Altahir de esencias arom\u00e1ticas y cosm\u00e9ticas, en Amatitl\u00e1n, se comparti\u00f3 un elote cocido con historia.\" \/>\n\t<meta name=\"robots\" content=\"max-snippet:-1, max-image-preview:large, max-video-preview:-1\" \/>\n\t<meta name=\"author\" content=\"Gustavo Montenegro\"\/>\n\t<link rel=\"canonical\" href=\"https:\/\/soymigrante.com\/revista\/un-elote-con-historia-en-el-emprendimiento-de-las-hermanas-gil\/\" \/>\n\t<meta name=\"generator\" content=\"All in One SEO Pro (AIOSEO) 4.9.6.2\" \/>\n\n\t\t<link rel=\"preconnect\" href=\"https:\/\/fonts.googleapis.com\" crossorigin>\n<link rel=\"preconnect\" href=\"https:\/\/fonts.gstatic.com\" crossorigin>\n\t\t<meta property=\"og:locale\" content=\"es_ES\" \/>\n\t\t<meta property=\"og:site_name\" content=\"SoyMigrante.com REVISTA \u2013 Nuestra misi\u00f3n es reconocer y dignificar al migrante.\" \/>\n\t\t<meta property=\"og:type\" content=\"article\" \/>\n\t\t<meta property=\"og:title\" content=\"Un elote cocido en casa de las hermanas emprendedorras Gil\" \/>\n\t\t<meta property=\"og:description\" content=\"Al finalizar la grabaci\u00f3n de video para el emprendimiento Altahir de esencias arom\u00e1ticas y cosm\u00e9ticas, en Amatitl\u00e1n, se comparti\u00f3 un elote cocido con historia.\" \/>\n\t\t<meta property=\"og:url\" content=\"https:\/\/soymigrante.com\/revista\/un-elote-con-historia-en-el-emprendimiento-de-las-hermanas-gil\/\" \/>\n\t\t<meta property=\"og:image\" content=\"https:\/\/soymigrante.com\/revista\/wp-content\/uploads\/2025\/08\/altair.webp\" \/>\n\t\t<meta property=\"og:image:secure_url\" content=\"https:\/\/soymigrante.com\/revista\/wp-content\/uploads\/2025\/08\/altair.webp\" \/>\n\t\t<meta property=\"og:image:width\" content=\"526\" \/>\n\t\t<meta property=\"og:image:height\" content=\"526\" \/>\n\t\t<meta property=\"article:published_time\" content=\"2026-04-12T13:22:59+00:00\" \/>\n\t\t<meta property=\"article:modified_time\" content=\"2026-04-12T13:23:06+00:00\" \/>\n\t\t<meta property=\"article:publisher\" content=\"https:\/\/www.facebook.com\/soymigrantecom\" \/>\n\t\t<meta name=\"twitter:card\" content=\"summary_large_image\" \/>\n\t\t<meta name=\"twitter:site\" content=\"@SoyMigrante_com\" \/>\n\t\t<meta name=\"twitter:title\" content=\"Un elote cocido en casa de las hermanas emprendedorras Gil\" \/>\n\t\t<meta name=\"twitter:description\" content=\"Al finalizar la grabaci\u00f3n de video para el emprendimiento Altahir de esencias arom\u00e1ticas y cosm\u00e9ticas, en Amatitl\u00e1n, se comparti\u00f3 un elote cocido con historia.\" \/>\n\t\t<meta name=\"twitter:creator\" content=\"@SoyMigrante_com\" \/>\n\t\t<meta name=\"twitter:image\" content=\"https:\/\/soymigrante.com\/revista\/wp-content\/uploads\/2025\/08\/altair.webp\" \/>\n\t\t<!-- All in One SEO Pro -->\r\n\t\t<title>Un elote cocido en casa de las hermanas emprendedorras Gil<\/title>\n\n","aioseo_head_json":{"title":"Un elote cocido en casa de las hermanas emprendedorras Gil","description":"Al finalizar la grabaci\u00f3n de video para el emprendimiento Altahir de esencias arom\u00e1ticas y cosm\u00e9ticas, en Amatitl\u00e1n, se comparti\u00f3 un elote cocido con historia.","canonical_url":"https:\/\/soymigrante.com\/revista\/un-elote-con-historia-en-el-emprendimiento-de-las-hermanas-gil\/","robots":"max-snippet:-1, max-image-preview:large, max-video-preview:-1","keywords":"","webmasterTools":{"miscellaneous":"&lt;link rel=\"preconnect\" href=\"https:\/\/fonts.googleapis.com\" crossorigin&gt;\n&lt;link rel=\"preconnect\" href=\"https:\/\/fonts.gstatic.com\" crossorigin&gt;"},"schema":null,"og:locale":"es_ES","og:site_name":"SoyMigrante.com REVISTA \u2013 Nuestra misi\u00f3n es reconocer y dignificar al migrante.","og:type":"article","og:title":"Un elote cocido en casa de las hermanas emprendedorras Gil","og:description":"Al finalizar la grabaci\u00f3n de video para el emprendimiento Altahir de esencias arom\u00e1ticas y cosm\u00e9ticas, en Amatitl\u00e1n, se comparti\u00f3 un elote cocido con historia.","og:url":"https:\/\/soymigrante.com\/revista\/un-elote-con-historia-en-el-emprendimiento-de-las-hermanas-gil\/","og:image":"https:\/\/soymigrante.com\/revista\/wp-content\/uploads\/2025\/08\/altair.webp","og:image:secure_url":"https:\/\/soymigrante.com\/revista\/wp-content\/uploads\/2025\/08\/altair.webp","og:image:width":526,"og:image:height":526,"article:published_time":"2026-04-12T13:22:59+00:00","article:modified_time":"2026-04-12T13:23:06+00:00","article:publisher":"https:\/\/www.facebook.com\/soymigrantecom","twitter:card":"summary_large_image","twitter:site":"@SoyMigrante_com","twitter:title":"Un elote cocido en casa de las hermanas emprendedorras Gil","twitter:description":"Al finalizar la grabaci\u00f3n de video para el emprendimiento Altahir de esencias arom\u00e1ticas y cosm\u00e9ticas, en Amatitl\u00e1n, se comparti\u00f3 un elote cocido con historia.","twitter:creator":"@SoyMigrante_com","twitter:image":"https:\/\/soymigrante.com\/revista\/wp-content\/uploads\/2025\/08\/altair.webp"},"aioseo_meta_data":{"post_id":"41297","title":"Textiles Kem: tradici\u00f3n desde Comalapa ya est\u00e1 en MERCADO","description":"Fundado por Adelina Nicho C\u00famez, Kem Textiles Mayas impulsa el tejido artesanal y genera oportunidades. Tiene tienda digital en MERCADO. Conoce su historia.","keywords":null,"keyphrases":{"focus":{"keyphrase":"Textiles mayas","score":59,"analysis":{"keyphraseInTitle":{"score":3,"maxScore":9,"error":1},"keyphraseInDescription":{"score":9,"maxScore":9,"error":0},"keyphraseLength":{"score":9,"maxScore":9,"error":0,"length":2},"keyphraseInURL":{"score":1,"maxScore":5,"error":1},"keyphraseInIntroduction":{"score":3,"maxScore":9,"error":1},"keyphraseInSubHeadings":{"score":3,"maxScore":9,"error":1},"keyphraseInImageAlt":{"score":3,"maxScore":9,"error":1},"keywordDensity":{"type":"best","score":9,"maxScore":9,"error":0}}},"additional":[{"keyphrase":"Comalapa","score":87,"analysis":{"keyphraseInDescription":{"score":3,"maxScore":9,"error":1},"keyphraseLength":{"score":9,"maxScore":9,"error":0,"length":1},"keyphraseInIntroduction":{"score":9,"maxScore":9,"error":0},"keyphraseInImageAlt":{"score":9,"maxScore":9,"error":0},"keywordDensity":{"type":"best","score":9,"maxScore":9,"error":0}}},{"keyphrase":"Tradici\u00f3n","score":40,"analysis":{"keyphraseInDescription":{"score":3,"maxScore":9,"error":1},"keyphraseLength":{"score":9,"maxScore":9,"error":0,"length":2},"keyphraseInIntroduction":{"score":3,"maxScore":9,"error":1},"keyphraseInImageAlt":{"score":3,"maxScore":9,"error":1},"keywordDensity":{"score":0,"type":"low","maxScore":9,"error":1}}}]},"primary_term":null,"canonical_url":null,"og_title":null,"og_description":null,"og_object_type":"default","og_image_type":"default","og_image_url":null,"og_image_width":null,"og_image_height":null,"og_image_custom_url":null,"og_image_custom_fields":null,"og_video":"","og_custom_url":null,"og_article_section":null,"og_article_tags":null,"twitter_use_og":false,"twitter_card":"default","twitter_image_type":"default","twitter_image_url":null,"twitter_image_custom_url":null,"twitter_image_custom_fields":null,"twitter_title":null,"twitter_description":null,"schema":{"blockGraphs":[],"customGraphs":[],"default":{"data":{"Article":[],"Course":[],"Dataset":[],"FAQPage":[],"Movie":[],"Person":[],"Product":[],"ProductReview":[],"Car":[],"Recipe":[],"Service":[],"SoftwareApplication":[],"WebPage":[]},"graphName":"none","isEnabled":true},"graphs":[]},"schema_type":"default","schema_type_options":null,"pillar_content":false,"robots_default":true,"robots_noindex":false,"robots_noarchive":false,"robots_nosnippet":false,"robots_nofollow":false,"robots_noimageindex":false,"robots_noodp":false,"robots_notranslate":false,"robots_max_snippet":"-1","robots_max_videopreview":"-1","robots_max_imagepreview":"large","priority":null,"frequency":"default","local_seo":null,"seo_analyzer_scan_date":"2025-10-09 07:28:22","breadcrumb_settings":null,"limit_modified_date":false,"reviewed_by":"0","open_ai":null,"ai":{"faqs":[],"keyPoints":[],"titles":[],"descriptions":[],"socialPosts":{"email":[],"linkedin":[],"twitter":[],"facebook":[],"instagram":[]}},"created":"2025-08-05 21:52:13","updated":"2026-02-05 04:01:20"},"aioseo_breadcrumb":"<div class=\"aioseo-breadcrumbs\"><span class=\"aioseo-breadcrumb\">\n\t<a href=\"https:\/\/soymigrante.com\/revista\" title=\"Home\">Home<\/a>\n<\/span><span class=\"aioseo-breadcrumb-separator\">\u00bb<\/span><span class=\"aioseo-breadcrumb\">\n\t<a href=\"https:\/\/soymigrante.com\/revista\/category\/guate-nuestra\/\" title=\"Guate Nuestra\">Guate Nuestra<\/a>\n<\/span><span class=\"aioseo-breadcrumb-separator\">\u00bb<\/span><span class=\"aioseo-breadcrumb\">\n\tKem Textiles Mayas: colorido e identidad de Adelina Nicho desde Comalapa\n<\/span><\/div>","aioseo_breadcrumb_json":[{"label":"Home","link":"https:\/\/soymigrante.com\/revista"},{"label":"Guate Nuestra","link":"https:\/\/soymigrante.com\/revista\/category\/guate-nuestra\/"},{"label":"Kem Textiles Mayas: colorido e identidad de Adelina Nicho desde Comalapa","link":"https:\/\/soymigrante.com\/revista\/textiles-kem-colorido-e-identidad-de-adelina-nicho-desde-comalapa\/"}],"_links":{"self":[{"href":"https:\/\/soymigrante.com\/revista\/wp-json\/wp\/v2\/posts\/41297","targetHints":{"allow":["GET"]}}],"collection":[{"href":"https:\/\/soymigrante.com\/revista\/wp-json\/wp\/v2\/posts"}],"about":[{"href":"https:\/\/soymigrante.com\/revista\/wp-json\/wp\/v2\/types\/post"}],"author":[{"embeddable":true,"href":"https:\/\/soymigrante.com\/revista\/wp-json\/wp\/v2\/users\/7"}],"replies":[{"embeddable":true,"href":"https:\/\/soymigrante.com\/revista\/wp-json\/wp\/v2\/comments?post=41297"}],"version-history":[{"count":35,"href":"https:\/\/soymigrante.com\/revista\/wp-json\/wp\/v2\/posts\/41297\/revisions"}],"predecessor-version":[{"id":41411,"href":"https:\/\/soymigrante.com\/revista\/wp-json\/wp\/v2\/posts\/41297\/revisions\/41411"}],"wp:featuredmedia":[{"embeddable":true,"href":"https:\/\/soymigrante.com\/revista\/wp-json\/wp\/v2\/media\/41302"}],"wp:attachment":[{"href":"https:\/\/soymigrante.com\/revista\/wp-json\/wp\/v2\/media?parent=41297"}],"wp:term":[{"taxonomy":"category","embeddable":true,"href":"https:\/\/soymigrante.com\/revista\/wp-json\/wp\/v2\/categories?post=41297"},{"taxonomy":"post_tag","embeddable":true,"href":"https:\/\/soymigrante.com\/revista\/wp-json\/wp\/v2\/tags?post=41297"}],"curies":[{"name":"wp","href":"https:\/\/api.w.org\/{rel}","templated":true}]}}