{"id":41293,"date":"2025-08-05T21:28:12","date_gmt":"2025-08-06T03:28:12","guid":{"rendered":"https:\/\/soymigrante.com\/revista\/?p=41293"},"modified":"2025-08-05T21:38:14","modified_gmt":"2025-08-06T03:38:14","slug":"concurso-de-microrrelatos-abre-categoria-para-migrantes-guatemaltecos-participa-y-cuenta","status":"publish","type":"post","link":"https:\/\/soymigrante.com\/revista\/concurso-de-microrrelatos-abre-categoria-para-migrantes-guatemaltecos-participa-y-cuenta\/","title":{"rendered":"Concurso de microrrelatos  abre espacio a migrantes guatemaltecos  \u00a1Participa y cuenta!"},"content":{"rendered":"\t\t<div data-elementor-type=\"wp-post\" data-elementor-id=\"41293\" class=\"elementor elementor-41293\" data-elementor-post-type=\"post\">\n\t\t\t\t<div data-particle_enable=\"false\" data-particle-mobile-disabled=\"false\" class=\"elementor-element elementor-element-7e4562a e-flex e-con-boxed e-con e-parent\" data-id=\"7e4562a\" data-element_type=\"container\" data-e-type=\"container\">\n\t\t\t\t\t<div class=\"e-con-inner\">\n\t\t\t\t<div class=\"elementor-element elementor-element-e9dc0c2 elementor-widget elementor-widget-heading\" data-id=\"e9dc0c2\" data-element_type=\"widget\" data-e-type=\"widget\" data-widget_type=\"heading.default\">\n\t\t\t\t\t<h2 class=\"elementor-heading-title elementor-size-default\">Concurso de microrrelatos Augusto Monterroso abri\u00f3 una categor\u00eda para migrantes guatemaltecos. La tem\u00e1tica es libre. La extensi\u00f3n es de 300 palabras m\u00e1ximo. An\u00edmate, imagina y escribe.<\/h2>\t\t\t\t<\/div>\n\t\t\t\t\t<\/div>\n\t\t\t\t<\/div>\n\t\t<div data-particle_enable=\"false\" data-particle-mobile-disabled=\"false\" class=\"elementor-element elementor-element-b997e9e e-flex e-con-boxed e-con e-parent\" data-id=\"b997e9e\" data-element_type=\"container\" data-e-type=\"container\">\n\t\t\t\t\t<div class=\"e-con-inner\">\n\t\t\t\t<div class=\"elementor-element elementor-element-9890aac elementor-widget elementor-widget-text-editor\" data-id=\"9890aac\" data-element_type=\"widget\" data-e-type=\"widget\" data-widget_type=\"text-editor.default\">\n\t\t\t\t\t\t\t\t\t<p>Con el objetivo de estimular la creatividad literaria y reflexionar sobre el impacto de la inteligencia artificial en la sociedad actual, fue lanzada la convocatoria al<a href=\"https:\/\/docs.google.com\/document\/d\/1zrE79svhDqxQ9P2biu4hcoG2QZupQ5lE\/edit?tab=t.0\" target=\"_blank\" rel=\"noopener\"> V Concurso de Microrrelato Interuniversitario Augusto Monterroso<\/a>, una iniciativa que honra la memoria del c\u00e9lebre escritor guatemalteco, reconocido mundialmente por su c\u00e9lebre cuento de siete palabras: \u201cCuando despert\u00f3, el dinosaurio todav\u00eda estaba all\u00ed.\u201d<\/p>\n<p><a href=\"https:\/\/docs.google.com\/document\/d\/1zrE79svhDqxQ9P2biu4hcoG2QZupQ5lE\/edit?tab=t.0\" target=\"_blank\" rel=\"noopener\">Organizado por la Universidad Rafael Land\u00edvar, a trav\u00e9s de sus unidades culturales URL Crearte y el Centro de Artes Land\u00edvar,<\/a> el certamen invita a estudiantes, docentes y personal administrativo de universidades guatemaltecas a participar con microrrelatos originales.<\/p>\n<p>Pero este a\u00f1o tambi\u00e9n se abri\u00f3 una categor\u00eda para migrantes guatemaltecos o hijos de migrantes guatemaltecos, que pueden participar. El \u00fanico requisito, ser guatemaltecos o hijos de guatemaltecos; residir en alguna ciudad de Estados Unidos, u otro pa\u00eds&nbsp; La tem\u00e1tica propuesta es LA INTELIGENCIA ARTIFICIAL. El relato debe tener entre 25 y 300 palabras.&nbsp;<\/p>\t\t\t\t\t\t\t\t<\/div>\n\t\t\t\t\t<\/div>\n\t\t\t\t<\/div>\n\t\t<div data-particle_enable=\"false\" data-particle-mobile-disabled=\"false\" class=\"elementor-element elementor-element-04e3609 e-flex e-con-boxed e-con e-parent\" data-id=\"04e3609\" data-element_type=\"container\" data-e-type=\"container\">\n\t\t\t\t\t<div class=\"e-con-inner\">\n\t\t\t\t<div class=\"elementor-element elementor-element-883608b elementor-widget elementor-widget-image\" data-id=\"883608b\" data-element_type=\"widget\" data-e-type=\"widget\" data-widget_type=\"image.default\">\n\t\t\t\t\t\t\t\t\t\t\t\t<figure class=\"wp-caption\">\n\t\t\t\t\t\t\t\t\t\t<img fetchpriority=\"high\" decoding=\"async\" width=\"768\" height=\"768\" src=\"https:\/\/soymigrante.com\/revista\/wp-content\/uploads\/2025\/02\/remesas-migrantes-1024x1024.jpg\" class=\"attachment-large size-large wp-image-26257\" alt=\"Trabajadores de la construcci\u00f3n limpiando las ventanas de un rascacielos en ciudad moderna al atardecer, destacando seguridad laboral y desarrollo urbano.\" srcset=\"https:\/\/soymigrante.com\/revista\/wp-content\/uploads\/2025\/02\/remesas-migrantes-1024x1024.jpg 1024w, https:\/\/soymigrante.com\/revista\/wp-content\/uploads\/2025\/02\/remesas-migrantes-300x300.jpg 300w, https:\/\/soymigrante.com\/revista\/wp-content\/uploads\/2025\/02\/remesas-migrantes-150x150.jpg 150w, https:\/\/soymigrante.com\/revista\/wp-content\/uploads\/2025\/02\/remesas-migrantes-768x768.jpg 768w, https:\/\/soymigrante.com\/revista\/wp-content\/uploads\/2025\/02\/remesas-migrantes-1536x1536.jpg 1536w, https:\/\/soymigrante.com\/revista\/wp-content\/uploads\/2025\/02\/remesas-migrantes-2048x2048.jpg 2048w, https:\/\/soymigrante.com\/revista\/wp-content\/uploads\/2025\/02\/remesas-migrantes-75x75.webp 75w, https:\/\/soymigrante.com\/revista\/wp-content\/uploads\/2025\/02\/remesas-migrantes-750x750.webp 750w, https:\/\/soymigrante.com\/revista\/wp-content\/uploads\/2025\/02\/remesas-migrantes-1140x1140.webp 1140w, https:\/\/soymigrante.com\/revista\/wp-content\/uploads\/2025\/02\/remesas-migrantes.webp 1920w\" sizes=\"(max-width: 768px) 100vw, 768px\" title=\"Las remesas migrantes son mucho m\u00e1s que dinero: son amor, perseverancia, esfuerzos por ahorrar gastos en Estados Unidos para poder enviar recursos a padres, hijos, hermanos, c\u00f3nyuge, en Guatemala: es una convicci\u00f3n que tiene impacto macroecon\u00f3mico. (Imagen generada con Envato Labs) \u2013 SoyMigrante.com REVISTA\" \/>\t\t\t\t\t\t\t\t\t\t\t<figcaption class=\"widget-image-caption wp-caption-text\">El tema del microrrelato es libre pero puede abarcar el impacto de la inteligencia artificial, as\u00ed como las realidades, deseos, sue\u00f1os o inquietudes de los migrantes guatemaltecos en Estados Unidos. <\/figcaption>\n\t\t\t\t\t\t\t\t\t\t<\/figure>\n\t\t\t\t\t\t\t\t\t<\/div>\n\t\t\t\t\t<\/div>\n\t\t\t\t<\/div>\n\t\t<div data-particle_enable=\"false\" data-particle-mobile-disabled=\"false\" class=\"elementor-element elementor-element-c9dec78 e-flex e-con-boxed e-con e-parent\" data-id=\"c9dec78\" data-element_type=\"container\" data-e-type=\"container\">\n\t\t\t\t\t<div class=\"e-con-inner\">\n\t\t\t\t<div class=\"elementor-element elementor-element-d68773d elementor-widget elementor-widget-heading\" data-id=\"d68773d\" data-element_type=\"widget\" data-e-type=\"widget\" data-widget_type=\"heading.default\">\n\t\t\t\t\t<h3 class=\"elementor-heading-title elementor-size-default\">Migrantes pueden enviar sus trabajos<\/h3>\t\t\t\t<\/div>\n\t\t\t\t\t<\/div>\n\t\t\t\t<\/div>\n\t\t<div data-particle_enable=\"false\" data-particle-mobile-disabled=\"false\" class=\"elementor-element elementor-element-896cbed e-flex e-con-boxed e-con e-parent\" data-id=\"896cbed\" data-element_type=\"container\" data-e-type=\"container\">\n\t\t\t\t\t<div class=\"e-con-inner\">\n\t\t\t\t<div class=\"elementor-element elementor-element-e30319e elementor-widget elementor-widget-text-editor\" data-id=\"e30319e\" data-element_type=\"widget\" data-e-type=\"widget\" data-widget_type=\"text-editor.default\">\n\t\t\t\t\t\t\t\t\t<p><a href=\"https:\/\/docs.google.com\/document\/d\/1zrE79svhDqxQ9P2biu4hcoG2QZupQ5lE\/edit?tab=t.0\" target=\"_blank\" rel=\"noopener\">En esta quinta edici\u00f3n, el certamen abre una categor\u00eda especial para guatemaltecos migrantes radicados en Estados Unidos<\/a>, ya sea de forma temporal o permanente, sin importar su estatus migratorio. Pueden participar estudiantes, trabajadores, solicitantes de asilo o cualquier persona de origen guatemalteco, varones o mujeres, j\u00f3venes o adultos, que actualmente residan en EE. UU.<\/p><p>Para concursar en esta categor\u00eda, los participantes deber\u00e1n escribir un relato de 300 palabras o menos y enviarlo con sus datos. En el asunto del correo electr\u00f3nico deben anotar: Concurso de Microrrelatos &#8211; Categor\u00eda Migrante.\u00a0<\/p><p>En el cuerpo del correo debe escribir su nombre completo, ciudad y estado donde residen, lugar de origen en Guatemala y su ocupaci\u00f3n actual.<\/p><p>La direcci\u00f3n de env\u00edo de participaciones es:\u00a0<span style=\"background-color: transparent; color: #000000; font-family: Georgia, serif; font-size: 11pt; font-style: normal; font-variant-ligatures: normal; font-variant-caps: normal; font-weight: bold; white-space-collapse: preserve;\">vconcursointeru@gmail.com<\/span><\/p>\t\t\t\t\t\t\t\t<\/div>\n\t\t\t\t\t<\/div>\n\t\t\t\t<\/div>\n\t\t<div data-particle_enable=\"false\" data-particle-mobile-disabled=\"false\" class=\"elementor-element elementor-element-f8c979c e-flex e-con-boxed e-con e-parent\" data-id=\"f8c979c\" data-element_type=\"container\" data-e-type=\"container\">\n\t\t\t\t\t<div class=\"e-con-inner\">\n\t\t\t\t<div class=\"elementor-element elementor-element-a47e017 elementor-widget elementor-widget-image\" data-id=\"a47e017\" data-element_type=\"widget\" data-e-type=\"widget\" data-widget_type=\"image.default\">\n\t\t\t\t\t\t\t\t\t\t\t\t<figure class=\"wp-caption\">\n\t\t\t\t\t\t\t\t\t\t<img decoding=\"async\" width=\"768\" height=\"512\" src=\"https:\/\/soymigrante.com\/revista\/wp-content\/uploads\/2025\/08\/envato-labs-image-edit-20-1024x683.png\" class=\"attachment-large size-large wp-image-41328\" alt=\"SoyMigrante.com Revista - Imagen de una joven trabajando en un laptop junto a un cartel de ne\u00f3n con un poema, en un entorno urbano y nocturno, resaltando temas de migraci\u00f3n, cultura y reflexi\u00f3n.\" srcset=\"https:\/\/soymigrante.com\/revista\/wp-content\/uploads\/2025\/08\/envato-labs-image-edit-20-1024x683.png 1024w, https:\/\/soymigrante.com\/revista\/wp-content\/uploads\/2025\/08\/envato-labs-image-edit-20-300x200.png 300w, https:\/\/soymigrante.com\/revista\/wp-content\/uploads\/2025\/08\/envato-labs-image-edit-20-768x512.png 768w, https:\/\/soymigrante.com\/revista\/wp-content\/uploads\/2025\/08\/envato-labs-image-edit-20-750x500.png 750w, https:\/\/soymigrante.com\/revista\/wp-content\/uploads\/2025\/08\/envato-labs-image-edit-20-1140x760.png 1140w, https:\/\/soymigrante.com\/revista\/wp-content\/uploads\/2025\/08\/envato-labs-image-edit-20.png 1536w\" sizes=\"(max-width: 768px) 100vw, 768px\" title=\"Todo migrante guatemalteco puede participar en el certamen de cuento breve Augusto Monterroso. Se crea esta categor\u00eda para abrir espacio a la expresi\u00f3n, el sentimiento y el talento de los connacionales. La tem\u00e1tica de este a\u00f1o es sobre el iimpacto de la inteligencia artificial. Animo. Crea. participa. \u2013 SoyMigrante.com REVISTA\" \/>\t\t\t\t\t\t\t\t\t\t\t<figcaption class=\"widget-image-caption wp-caption-text\">Joven mujer usando laptop en ambiente nocturno con cartel de ne\u00f3n, relacionando temas de migraci\u00f3n, cultura y expresiones art\u00edsticas en SoyMigrante.com Revista.<\/figcaption>\n\t\t\t\t\t\t\t\t\t\t<\/figure>\n\t\t\t\t\t\t\t\t\t<\/div>\n\t\t\t\t\t<\/div>\n\t\t\t\t<\/div>\n\t\t<div data-particle_enable=\"false\" data-particle-mobile-disabled=\"false\" class=\"elementor-element elementor-element-8e8849f e-flex e-con-boxed e-con e-parent\" data-id=\"8e8849f\" data-element_type=\"container\" data-e-type=\"container\">\n\t\t\t\t\t<div class=\"e-con-inner\">\n\t\t\t\t<div class=\"elementor-element elementor-element-d430f71 elementor-widget elementor-widget-heading\" data-id=\"d430f71\" data-element_type=\"widget\" data-e-type=\"widget\" data-widget_type=\"heading.default\">\n\t\t\t\t\t<h3 class=\"elementor-heading-title elementor-size-default\">Requisitos del microrrelato<\/h3>\t\t\t\t<\/div>\n\t\t\t\t\t<\/div>\n\t\t\t\t<\/div>\n\t\t<div data-particle_enable=\"false\" data-particle-mobile-disabled=\"false\" class=\"elementor-element elementor-element-a35a1d6 e-flex e-con-boxed e-con e-parent\" data-id=\"a35a1d6\" data-element_type=\"container\" data-e-type=\"container\">\n\t\t\t\t\t<div class=\"e-con-inner\">\n\t\t\t\t<div class=\"elementor-element elementor-element-bc5c050 elementor-widget elementor-widget-text-editor\" data-id=\"bc5c050\" data-element_type=\"widget\" data-e-type=\"widget\" data-widget_type=\"text-editor.default\">\n\t\t\t\t\t\t\t\t\t<p><a href=\"https:\/\/docs.google.com\/document\/d\/1zrE79svhDqxQ9P2biu4hcoG2QZupQ5lE\/edit?tab=t.0\" target=\"_blank\" rel=\"noopener\">Las obras deben tener una extensi\u00f3n m\u00ednima de 25 palabras y m\u00e1xima de 300 palabras.<\/a> Se valorar\u00e1 la capacidad de s\u00edntesis y creatividad narrativa. Los textos deben enviarse en formato PDF, con letra legible y buen interlineado, a la direcci\u00f3n: <b>vconcursointeru@gmail.com <\/b>antes del 31 de agosto Se deben adjuntar dos archivos: uno con el microrrelato y otro con los datos personales del autor.<\/p><p>Un jurado integrado por expertos en literatura y tecnolog\u00eda evaluar\u00e1 los trabajos. Se premiar\u00e1n los tres mejores microrrelatos, cuyos ganadores ser\u00e1n anunciados el 7 de octubre en las redes sociales de URL Crearte y el Centro de Artes Land\u00edvar. La ceremonia de premiaci\u00f3n se llevar\u00e1 a cabo el 6 de noviembre a las 15:00 horas en el sal\u00f3n Borja y Javier, ubicado en el campus San Francisco de Borja.<\/p><p><a href=\"https:\/\/docs.google.com\/document\/d\/1zrE79svhDqxQ9P2biu4hcoG2QZupQ5lE\/edit?tab=t.0\" target=\"_blank\" rel=\"noopener\">Los premios incluyen publicaciones, reconocimientos, productos promocionales y diplomas.<\/a> Adem\u00e1s, se contempla la posible publicaci\u00f3n de las obras en plataformas oficiales, aunque los autores conservar\u00e1n sus derechos de autor.<br \/>Al migrante ganador se le enviar\u00e1 su diploma en formato PDF por correo electr\u00f3nico.<\/p>\t\t\t\t\t\t\t\t<\/div>\n\t\t\t\t\t<\/div>\n\t\t\t\t<\/div>\n\t\t<div data-particle_enable=\"false\" data-particle-mobile-disabled=\"false\" class=\"elementor-element elementor-element-3b48d9a e-flex e-con-boxed e-con e-parent\" data-id=\"3b48d9a\" data-element_type=\"container\" data-e-type=\"container\">\n\t\t\t\t\t<div class=\"e-con-inner\">\n\t\t\t\t<div class=\"elementor-element elementor-element-cf10487 elementor-widget elementor-widget-image\" data-id=\"cf10487\" data-element_type=\"widget\" data-e-type=\"widget\" data-widget_type=\"image.default\">\n\t\t\t\t\t\t\t\t\t\t\t\t<figure class=\"wp-caption\">\n\t\t\t\t\t\t\t\t\t\t<img decoding=\"async\" width=\"768\" height=\"292\" src=\"https:\/\/soymigrante.com\/revista\/wp-content\/uploads\/2025\/08\/Captura-de-pantalla-2025-08-05-212442-1024x389.png\" class=\"attachment-large size-large wp-image-41327\" alt=\"Hombre mayor con gafas y chaqueta en interior con libros de fondo en una estanter\u00eda, imagen relacionada con cultura y migrantes, en el contexto de SoyMigrante.com REVISTA.\" srcset=\"https:\/\/soymigrante.com\/revista\/wp-content\/uploads\/2025\/08\/Captura-de-pantalla-2025-08-05-212442-1024x389.png 1024w, https:\/\/soymigrante.com\/revista\/wp-content\/uploads\/2025\/08\/Captura-de-pantalla-2025-08-05-212442-300x114.png 300w, https:\/\/soymigrante.com\/revista\/wp-content\/uploads\/2025\/08\/Captura-de-pantalla-2025-08-05-212442-768x292.png 768w, https:\/\/soymigrante.com\/revista\/wp-content\/uploads\/2025\/08\/Captura-de-pantalla-2025-08-05-212442-750x285.webp 750w, https:\/\/soymigrante.com\/revista\/wp-content\/uploads\/2025\/08\/Captura-de-pantalla-2025-08-05-212442.webp 1076w\" sizes=\"(max-width: 768px) 100vw, 768px\" title=\"Augusto Monterroso, genial escritor guatemalteco nacido en Guatemala en 1921 y falleci\u00f3 en M\u00e9xico en 2003. \u2013 SoyMigrante.com REVISTA\" \/>\t\t\t\t\t\t\t\t\t\t\t<figcaption class=\"widget-image-caption wp-caption-text\">Hombre adulto con gafas y vestimenta formal en un entorno interior lleno de libros, representando temas de migraci\u00f3n, cultura y sociedad en la revista SoyMigrante.com Revista.<\/figcaption>\n\t\t\t\t\t\t\t\t\t\t<\/figure>\n\t\t\t\t\t\t\t\t\t<\/div>\n\t\t\t\t\t<\/div>\n\t\t\t\t<\/div>\n\t\t<div data-particle_enable=\"false\" data-particle-mobile-disabled=\"false\" class=\"elementor-element elementor-element-912dd70 e-flex e-con-boxed e-con e-parent\" data-id=\"912dd70\" data-element_type=\"container\" data-e-type=\"container\">\n\t\t\t\t\t<div class=\"e-con-inner\">\n\t\t\t\t<div class=\"elementor-element elementor-element-5953585 elementor-widget elementor-widget-heading\" data-id=\"5953585\" data-element_type=\"widget\" data-e-type=\"widget\" data-widget_type=\"heading.default\">\n\t\t\t\t\t<h3 class=\"elementor-heading-title elementor-size-default\">Monterroso: un genio que tambi\u00e9n fue migrante<\/h3>\t\t\t\t<\/div>\n\t\t\t\t\t<\/div>\n\t\t\t\t<\/div>\n\t\t<div data-particle_enable=\"false\" data-particle-mobile-disabled=\"false\" class=\"elementor-element elementor-element-b313bca e-flex e-con-boxed e-con e-parent\" data-id=\"b313bca\" data-element_type=\"container\" data-e-type=\"container\">\n\t\t\t\t\t<div class=\"e-con-inner\">\n\t\t\t\t<div class=\"elementor-element elementor-element-77f6db8 elementor-widget elementor-widget-text-editor\" data-id=\"77f6db8\" data-element_type=\"widget\" data-e-type=\"widget\" data-widget_type=\"text-editor.default\">\n\t\t\t\t\t\t\t\t\t<p>Augusto Monterroso (1921\u20132003), el autor que da nombre al concurso, es considerado uno de los grandes maestros del cuento breve en Hispanoam\u00e9rica. Nacido en Tegucigalpa, Honduras, de padres guatemaltecos, su obra fue marcada por la iron\u00eda, la profundidad y la precisi\u00f3n literaria. \u201cEl dinosaurio\u201d es apenas una muestra de su estilo, capaz de condensar un universo en una sola l\u00ednea. Su legado perdura y contin\u00faa inspirando nuevas generaciones de escritores en toda Am\u00e9rica Latina. Debido a las presiones pol\u00edticas de la \u00e9poca, tuvo que salir de Guatemala y se radic\u00f3 en M\u00e9xico, hasta su fallecimiento en 2003.<\/p><p><a href=\"https:\/\/docs.google.com\/document\/d\/1zrE79svhDqxQ9P2biu4hcoG2QZupQ5lE\/edit?tab=t.0\" target=\"_blank\" rel=\"noopener\">Con esta edici\u00f3n del concurso, se reafirma la vigencia de su obra y se ampl\u00eda el alcance de su influencia,<\/a> incorporando nuevas voces, nuevas tecnolog\u00edas y nuevas realidades, como la migraci\u00f3n y la inteligencia artificial, en el coraz\u00f3n de la literatura contempor\u00e1nea.<\/p>\t\t\t\t\t\t\t\t<\/div>\n\t\t\t\t\t<\/div>\n\t\t\t\t<\/div>\n\t\t<div data-particle_enable=\"false\" data-particle-mobile-disabled=\"false\" class=\"elementor-element elementor-element-6de2555 e-flex e-con-boxed e-con e-parent\" data-id=\"6de2555\" data-element_type=\"container\" data-e-type=\"container\">\n\t\t\t\t\t<div class=\"e-con-inner\">\n\t\t\t\t<div class=\"elementor-element elementor-element-1cdfae5 elementor-widget elementor-widget-heading\" data-id=\"1cdfae5\" data-element_type=\"widget\" data-e-type=\"widget\" data-widget_type=\"heading.default\">\n\t\t\t\t\t<h2 class=\"elementor-heading-title elementor-size-default\">Conoce m\u00e1s de los artistas guatemaltecos, ac\u00e1...<\/h2>\t\t\t\t<\/div>\n\t\t\t\t\t<\/div>\n\t\t\t\t<\/div>\n\t\t<div data-particle_enable=\"false\" data-particle-mobile-disabled=\"false\" class=\"elementor-element elementor-element-df073dd e-flex e-con-boxed e-con e-parent\" data-id=\"df073dd\" data-element_type=\"container\" data-e-type=\"container\">\n\t\t\t\t\t<div class=\"e-con-inner\">\n\t\t\t\t<div class=\"elementor-element elementor-element-73cb984 elementor-grid-eael-col-3 elementor-grid-tablet-eael-col-2 elementor-grid-mobile-eael-col-1 elementor-invisible elementor-widget elementor-widget-eael-post-grid\" data-id=\"73cb984\" data-element_type=\"widget\" data-e-type=\"widget\" data-settings=\"{&quot;eael_post_grid_columns&quot;:&quot;eael-col-3&quot;,&quot;_animation&quot;:&quot;rollIn&quot;,&quot;eael_post_grid_columns_tablet&quot;:&quot;eael-col-2&quot;,&quot;eael_post_grid_columns_mobile&quot;:&quot;eael-col-1&quot;}\" data-widget_type=\"eael-post-grid.default\">\n\t\t\t\t\t<div id=\"eael-post-grid-73cb984\" class=\"eael-post-grid-container\">\n            <div class=\"eael-post-grid eael-post-appender eael-post-appender-73cb984 eael-post-grid-style-one\" data-layout-mode=\"masonry\"><article class=\"eael-grid-post  eael-post-grid-column eael-pg-post-33014 category-exitos-guatemala\" data-id=\"33014\">\n        <div class=\"eael-grid-post-holder\">\n            <div class=\"eael-grid-post-holder-inner\"><div class=\"eael-entry-media\"><div class=\"eael-entry-overlay fade-in\"><i class=\"far fa-hand-pointer\" aria-hidden=\"true\"><\/i><a href=\"https:\/\/soymigrante.com\/revista\/artista-guatemalteca-sharley-rodriguez-vive-para-crear-y-crea-para-inspirar-en-nashville-tennessee\/\"><\/a><\/div><div class=\"eael-entry-thumbnail \">\n                <img loading=\"lazy\" decoding=\"async\" width=\"1024\" height=\"1024\" src=\"https:\/\/soymigrante.com\/revista\/wp-content\/uploads\/2025\/05\/shirley-rodriguez-pintora-guatemalteca-tennessee-cuadrada-1024x1024.jpg\" class=\"attachment-large size-large wp-image-33015\" alt=\"Coj\u00edn de piel con pintura art\u00edstica que representa la cultura y paisajes de M\u00e9xico, con tem\u00e1tica de migrantes y ra\u00edces mexicanas.\" srcset=\"https:\/\/soymigrante.com\/revista\/wp-content\/uploads\/2025\/05\/shirley-rodriguez-pintora-guatemalteca-tennessee-cuadrada-1024x1024.jpg 1024w, https:\/\/soymigrante.com\/revista\/wp-content\/uploads\/2025\/05\/shirley-rodriguez-pintora-guatemalteca-tennessee-cuadrada-300x300.jpg 300w, https:\/\/soymigrante.com\/revista\/wp-content\/uploads\/2025\/05\/shirley-rodriguez-pintora-guatemalteca-tennessee-cuadrada-150x150.jpg 150w, https:\/\/soymigrante.com\/revista\/wp-content\/uploads\/2025\/05\/shirley-rodriguez-pintora-guatemalteca-tennessee-cuadrada-768x768.jpg 768w, https:\/\/soymigrante.com\/revista\/wp-content\/uploads\/2025\/05\/shirley-rodriguez-pintora-guatemalteca-tennessee-cuadrada-75x75.webp 75w, https:\/\/soymigrante.com\/revista\/wp-content\/uploads\/2025\/05\/shirley-rodriguez-pintora-guatemalteca-tennessee-cuadrada-750x750.webp 750w, https:\/\/soymigrante.com\/revista\/wp-content\/uploads\/2025\/05\/shirley-rodriguez-pintora-guatemalteca-tennessee-cuadrada.webp 1094w\" sizes=\"(max-width: 1024px) 100vw, 1024px\" \/>\n            <\/div>\n        <\/div><div class=\"eael-entry-wrapper\"><header class=\"eael-entry-header\"><h2 class=\"eael-entry-title\"><a class=\"eael-grid-post-link\" href=\"https:\/\/soymigrante.com\/revista\/artista-guatemalteca-sharley-rodriguez-vive-para-crear-y-crea-para-inspirar-en-nashville-tennessee\/\" title=\"Artista guatemalteca Sharley Rodr\u00edguez vive para crear y crea para inspirar en Nashville, Tennessee\">Artista guatemalteca Sharley Rodr\u00edguez vive para crear y crea para inspirar en Nashville, Tennessee<\/a><\/h2><\/header><div class=\"eael-entry-content\">\n                        <div class=\"eael-grid-post-excerpt\"><a href=\"https:\/\/soymigrante.com\/revista\/artista-guatemalteca-sharley-rodriguez-vive-para-crear-y-crea-para-inspirar-en-nashville-tennessee\/\" class=\"eael-post-elements-readmore-btn\">CONOCE SU HISTORIA <\/a><\/div>\n                    <\/div><\/div><\/div>\n        <\/div>\n    <\/article><article class=\"eael-grid-post  eael-post-grid-column eael-pg-post-3245 category-estamos-unidos\" data-id=\"3245\">\n        <div class=\"eael-grid-post-holder\">\n            <div class=\"eael-grid-post-holder-inner\"><div class=\"eael-entry-media\"><div class=\"eael-entry-overlay fade-in\"><i class=\"far fa-hand-pointer\" aria-hidden=\"true\"><\/i><a href=\"https:\/\/soymigrante.com\/revista\/houston-artista-maya-tzutujil-efectua-un-performance-en-homenaje-a-migrantes\/\"><\/a><\/div><div class=\"eael-entry-thumbnail \">\n                <img loading=\"lazy\" decoding=\"async\" width=\"1024\" height=\"658\" src=\"https:\/\/soymigrante.com\/revista\/wp-content\/uploads\/2023\/11\/Artista-guatemalteco-Benvenuto-Chavajay-efectua-homenaje-a-migrantes-fallecidos-en-Houston-Texas-3-1024x658.webp\" class=\"attachment-large size-large wp-image-3246\" alt=\"\" srcset=\"https:\/\/soymigrante.com\/revista\/wp-content\/uploads\/2023\/11\/Artista-guatemalteco-Benvenuto-Chavajay-efectua-homenaje-a-migrantes-fallecidos-en-Houston-Texas-3-1024x658.webp 1024w, https:\/\/soymigrante.com\/revista\/wp-content\/uploads\/2023\/11\/Artista-guatemalteco-Benvenuto-Chavajay-efectua-homenaje-a-migrantes-fallecidos-en-Houston-Texas-3-300x193.webp 300w, https:\/\/soymigrante.com\/revista\/wp-content\/uploads\/2023\/11\/Artista-guatemalteco-Benvenuto-Chavajay-efectua-homenaje-a-migrantes-fallecidos-en-Houston-Texas-3-768x493.webp 768w, https:\/\/soymigrante.com\/revista\/wp-content\/uploads\/2023\/11\/Artista-guatemalteco-Benvenuto-Chavajay-efectua-homenaje-a-migrantes-fallecidos-en-Houston-Texas-3-1536x987.webp 1536w, https:\/\/soymigrante.com\/revista\/wp-content\/uploads\/2023\/11\/Artista-guatemalteco-Benvenuto-Chavajay-efectua-homenaje-a-migrantes-fallecidos-en-Houston-Texas-3-750x482.webp 750w, https:\/\/soymigrante.com\/revista\/wp-content\/uploads\/2023\/11\/Artista-guatemalteco-Benvenuto-Chavajay-efectua-homenaje-a-migrantes-fallecidos-en-Houston-Texas-3-1140x732.webp 1140w, https:\/\/soymigrante.com\/revista\/wp-content\/uploads\/2023\/11\/Artista-guatemalteco-Benvenuto-Chavajay-efectua-homenaje-a-migrantes-fallecidos-en-Houston-Texas-3.webp 1600w\" sizes=\"(max-width: 1024px) 100vw, 1024px\" \/>\n            <\/div>\n        <\/div><div class=\"eael-entry-wrapper\"><header class=\"eael-entry-header\"><h2 class=\"eael-entry-title\"><a class=\"eael-grid-post-link\" href=\"https:\/\/soymigrante.com\/revista\/houston-artista-maya-tzutujil-efectua-un-performance-en-homenaje-a-migrantes\/\" title=\"Artista tzutujil efect\u00faa performance en Houston a la memoria de almas de migrantes\">Artista tzutujil efect\u00faa performance en Houston a la memoria de almas de migrantes<\/a><\/h2><\/header><div class=\"eael-entry-content\">\n                        <div class=\"eael-grid-post-excerpt\"><a href=\"https:\/\/soymigrante.com\/revista\/houston-artista-maya-tzutujil-efectua-un-performance-en-homenaje-a-migrantes\/\" class=\"eael-post-elements-readmore-btn\">CONOCE SU HISTORIA <\/a><\/div>\n                    <\/div><\/div><\/div>\n        <\/div>\n    <\/article><article class=\"eael-grid-post  eael-post-grid-column eael-pg-post-1084 category-exitos tags-california\" data-id=\"1084\">\n        <div class=\"eael-grid-post-holder\">\n            <div class=\"eael-grid-post-holder-inner\"><div class=\"eael-entry-media\"><div class=\"eael-entry-overlay fade-in\"><i class=\"far fa-hand-pointer\" aria-hidden=\"true\"><\/i><a href=\"https:\/\/soymigrante.com\/revista\/nuestro-deber-es-impulsar-nuevos-suenos-raul-monterroso-artista-y-constructor-en-l-a\/\"><\/a><\/div><div class=\"eael-entry-thumbnail \">\n                <img loading=\"lazy\" decoding=\"async\" width=\"719\" height=\"719\" src=\"https:\/\/soymigrante.com\/revista\/wp-content\/uploads\/2023\/05\/senor-con-raul.webp\" class=\"attachment-large size-large wp-image-20784\" alt=\"Cristo crucificado y figuras religiosas en un altar en una presentaci\u00f3n cultural.\" srcset=\"https:\/\/soymigrante.com\/revista\/wp-content\/uploads\/2023\/05\/senor-con-raul.webp 719w, https:\/\/soymigrante.com\/revista\/wp-content\/uploads\/2023\/05\/senor-con-raul-300x300.jpg 300w, https:\/\/soymigrante.com\/revista\/wp-content\/uploads\/2023\/05\/senor-con-raul-150x150.jpg 150w, https:\/\/soymigrante.com\/revista\/wp-content\/uploads\/2023\/05\/senor-con-raul-75x75.webp 75w\" sizes=\"(max-width: 719px) 100vw, 719px\" \/>\n            <\/div>\n        <\/div><div class=\"eael-entry-wrapper\"><header class=\"eael-entry-header\"><h2 class=\"eael-entry-title\"><a class=\"eael-grid-post-link\" href=\"https:\/\/soymigrante.com\/revista\/nuestro-deber-es-impulsar-nuevos-suenos-raul-monterroso-artista-y-constructor-en-l-a\/\" title=\"Artista migrante Ra\u00fal Monterroso  elabora piezas en homenaje a emblemas de Guatemala\">Artista migrante Ra\u00fal Monterroso  elabora piezas en homenaje a emblemas de Guatemala<\/a><\/h2><\/header><div class=\"eael-entry-content\">\n                        <div class=\"eael-grid-post-excerpt\"><a href=\"https:\/\/soymigrante.com\/revista\/nuestro-deber-es-impulsar-nuevos-suenos-raul-monterroso-artista-y-constructor-en-l-a\/\" class=\"eael-post-elements-readmore-btn\">CONOCE SU HISTORIA <\/a><\/div>\n                    <\/div><\/div><\/div>\n        <\/div>\n    <\/article><\/div>\n            <div class=\"clearfix\"><\/div>\n        <\/div>\t\t\t\t<\/div>\n\t\t\t\t\t<\/div>\n\t\t\t\t<\/div>\n\t\t\t\t<\/div>\n\t\t","protected":false},"excerpt":{"rendered":"<p>Concurso de microrrelatos Augusto Monterroso abri\u00f3 una categor\u00eda para migrantes guatemaltecos. La tem\u00e1tica es libre. La extensi\u00f3n es de 300 palabras m\u00e1ximo. An\u00edmate, imagina y escribe. Con el objetivo de estimular la creatividad literaria y reflexionar sobre el impacto de la inteligencia artificial en la sociedad actual, fue lanzada la convocatoria al V Concurso de [&hellip;]<\/p>\n","protected":false},"author":19,"featured_media":41322,"comment_status":"open","ping_status":"open","sticky":false,"template":"","format":"standard","meta":{"_acf_changed":false,"_eb_attr":"","footnotes":""},"categories":[54],"tags":[],"class_list":["post-41293","post","type-post","status-publish","format-standard","has-post-thumbnail","hentry","category-estamos-unidos"],"acf":[],"aioseo_notices":[],"aioseo_head":"\n\t\t<!-- All in One SEO Pro 4.9.6.2 - aioseo.com -->\n\t<meta name=\"description\" content=\"Ra\u00fal Monterroso trabaja en construcci\u00f3n,em \u00d1ps Angeles, pero la escultura es su gran pasi\u00f3n y ha creado r\u00e9plicas de El Gran Jaguar o la Bas\u00edlica de Esquipulas.\" \/>\n\t<meta name=\"robots\" content=\"max-snippet:-1, max-image-preview:large, max-video-preview:-1\" \/>\n\t<meta name=\"author\" content=\"Gustavo Montenegro\"\/>\n\t<link rel=\"canonical\" href=\"https:\/\/soymigrante.com\/revista\/nuestro-deber-es-impulsar-nuevos-suenos-raul-monterroso-artista-y-constructor-en-l-a\/\" \/>\n\t<meta name=\"generator\" content=\"All in One SEO Pro (AIOSEO) 4.9.6.2\" \/>\n\n\t\t<link rel=\"preconnect\" href=\"https:\/\/fonts.googleapis.com\" crossorigin>\n<link rel=\"preconnect\" href=\"https:\/\/fonts.gstatic.com\" crossorigin>\n\t\t<meta property=\"og:locale\" content=\"es_ES\" \/>\n\t\t<meta property=\"og:site_name\" content=\"SoyMigrante.com REVISTA \u2013 Nuestra misi\u00f3n es reconocer y dignificar al migrante.\" \/>\n\t\t<meta property=\"og:type\" content=\"article\" \/>\n\t\t<meta property=\"og:title\" content=\"Artista guatemalteco en Los Angeles crea piezas ic\u00f3nicas\" \/>\n\t\t<meta property=\"og:description\" content=\"Ra\u00fal Monterroso trabaja en construcci\u00f3n,em \u00d1ps Angeles, pero la escultura es su gran pasi\u00f3n y ha creado r\u00e9plicas de El Gran Jaguar o la Bas\u00edlica de Esquipulas.\" \/>\n\t\t<meta property=\"og:url\" content=\"https:\/\/soymigrante.com\/revista\/nuestro-deber-es-impulsar-nuevos-suenos-raul-monterroso-artista-y-constructor-en-l-a\/\" \/>\n\t\t<meta property=\"og:image\" content=\"https:\/\/soymigrante.com\/revista\/wp-content\/uploads\/2023\/05\/senor-con-raul.webp\" \/>\n\t\t<meta property=\"og:image:secure_url\" content=\"https:\/\/soymigrante.com\/revista\/wp-content\/uploads\/2023\/05\/senor-con-raul.webp\" \/>\n\t\t<meta property=\"og:image:width\" content=\"719\" \/>\n\t\t<meta property=\"og:image:height\" content=\"719\" \/>\n\t\t<meta property=\"article:published_time\" content=\"2023-05-29T16:17:59+00:00\" \/>\n\t\t<meta property=\"article:modified_time\" content=\"2026-03-11T22:29:29+00:00\" \/>\n\t\t<meta property=\"article:publisher\" content=\"https:\/\/www.facebook.com\/soymigrantecom\" \/>\n\t\t<meta name=\"twitter:card\" content=\"summary_large_image\" \/>\n\t\t<meta name=\"twitter:site\" content=\"@SoyMigrante_com\" \/>\n\t\t<meta name=\"twitter:title\" content=\"Artista guatemalteco en Los Angeles crea piezas ic\u00f3nicas\" \/>\n\t\t<meta name=\"twitter:description\" content=\"Ra\u00fal Monterroso trabaja en construcci\u00f3n,em \u00d1ps Angeles, pero la escultura es su gran pasi\u00f3n y ha creado r\u00e9plicas de El Gran Jaguar o la Bas\u00edlica de Esquipulas.\" \/>\n\t\t<meta name=\"twitter:creator\" content=\"@SoyMigrante_com\" \/>\n\t\t<meta name=\"twitter:image\" content=\"https:\/\/soymigrante.com\/revista\/wp-content\/uploads\/2023\/05\/senor-con-raul.webp\" \/>\n\t\t<!-- All in One SEO Pro -->\r\n\t\t<title>Artista guatemalteco en Los Angeles crea piezas ic\u00f3nicas<\/title>\n\n","aioseo_head_json":{"title":"Artista guatemalteco en Los Angeles crea piezas ic\u00f3nicas","description":"Ra\u00fal Monterroso trabaja en construcci\u00f3n,em \u00d1ps Angeles, pero la escultura es su gran pasi\u00f3n y ha creado r\u00e9plicas de El Gran Jaguar o la Bas\u00edlica de Esquipulas.","canonical_url":"https:\/\/soymigrante.com\/revista\/nuestro-deber-es-impulsar-nuevos-suenos-raul-monterroso-artista-y-constructor-en-l-a\/","robots":"max-snippet:-1, max-image-preview:large, max-video-preview:-1","keywords":"","webmasterTools":{"miscellaneous":"&lt;link rel=\"preconnect\" href=\"https:\/\/fonts.googleapis.com\" crossorigin&gt;\n&lt;link rel=\"preconnect\" href=\"https:\/\/fonts.gstatic.com\" crossorigin&gt;"},"schema":null,"og:locale":"es_ES","og:site_name":"SoyMigrante.com REVISTA \u2013 Nuestra misi\u00f3n es reconocer y dignificar al migrante.","og:type":"article","og:title":"Artista guatemalteco en Los Angeles crea piezas ic\u00f3nicas","og:description":"Ra\u00fal Monterroso trabaja en construcci\u00f3n,em \u00d1ps Angeles, pero la escultura es su gran pasi\u00f3n y ha creado r\u00e9plicas de El Gran Jaguar o la Bas\u00edlica de Esquipulas.","og:url":"https:\/\/soymigrante.com\/revista\/nuestro-deber-es-impulsar-nuevos-suenos-raul-monterroso-artista-y-constructor-en-l-a\/","og:image":"https:\/\/soymigrante.com\/revista\/wp-content\/uploads\/2023\/05\/senor-con-raul.webp","og:image:secure_url":"https:\/\/soymigrante.com\/revista\/wp-content\/uploads\/2023\/05\/senor-con-raul.webp","og:image:width":719,"og:image:height":719,"article:published_time":"2023-05-29T16:17:59+00:00","article:modified_time":"2026-03-11T22:29:29+00:00","article:publisher":"https:\/\/www.facebook.com\/soymigrantecom","twitter:card":"summary_large_image","twitter:site":"@SoyMigrante_com","twitter:title":"Artista guatemalteco en Los Angeles crea piezas ic\u00f3nicas","twitter:description":"Ra\u00fal Monterroso trabaja en construcci\u00f3n,em \u00d1ps Angeles, pero la escultura es su gran pasi\u00f3n y ha creado r\u00e9plicas de El Gran Jaguar o la Bas\u00edlica de Esquipulas.","twitter:creator":"@SoyMigrante_com","twitter:image":"https:\/\/soymigrante.com\/revista\/wp-content\/uploads\/2023\/05\/senor-con-raul.webp"},"aioseo_meta_data":{"post_id":"41293","title":"Concurso de microrrelatos abierto a migrantes guatemaltecos","description":"En el V certamen de microrrelato Augusto Monterroso, se abri\u00f3 una categor\u00eda para migrantes guatemaltecos. Crea y participa con un cuento de 300 palabras o menos","keywords":null,"keyphrases":{"focus":{"keyphrase":"Augusto Monterroso","score":76,"analysis":{"keyphraseInTitle":{"score":3,"maxScore":9,"error":1},"keyphraseInDescription":{"score":9,"maxScore":9,"error":0},"keyphraseLength":{"score":9,"maxScore":9,"error":0,"length":2},"keyphraseInURL":{"score":1,"maxScore":5,"error":1},"keyphraseInIntroduction":{"score":9,"maxScore":9,"error":0},"keyphraseInSubHeadings":{"score":3,"maxScore":9,"error":1},"keyphraseInImageAlt":{"score":9,"maxScore":9,"error":0},"keywordDensity":{"type":"best","score":9,"maxScore":9,"error":0}}},"additional":[{"keyphrase":"Concurso","score":73,"analysis":{"keyphraseInDescription":{"score":3,"maxScore":9,"error":1},"keyphraseLength":{"score":9,"maxScore":9,"error":0,"length":1},"keyphraseInIntroduction":{"score":9,"maxScore":9,"error":0},"keyphraseInImageAlt":{"score":3,"maxScore":9,"error":1},"keywordDensity":{"type":"best","score":9,"maxScore":9,"error":0}}}]},"primary_term":null,"canonical_url":null,"og_title":null,"og_description":null,"og_object_type":"default","og_image_type":"default","og_image_url":null,"og_image_width":null,"og_image_height":null,"og_image_custom_url":null,"og_image_custom_fields":null,"og_video":"","og_custom_url":null,"og_article_section":null,"og_article_tags":null,"twitter_use_og":false,"twitter_card":"default","twitter_image_type":"default","twitter_image_url":null,"twitter_image_custom_url":null,"twitter_image_custom_fields":null,"twitter_title":null,"twitter_description":null,"schema":{"blockGraphs":[],"customGraphs":[],"default":{"data":{"Article":[],"Course":[],"Dataset":[],"FAQPage":[],"Movie":[],"Person":[],"Product":[],"ProductReview":[],"Car":[],"Recipe":[],"Service":[],"SoftwareApplication":[],"WebPage":[]},"graphName":"none","isEnabled":true},"graphs":[]},"schema_type":"default","schema_type_options":null,"pillar_content":false,"robots_default":true,"robots_noindex":false,"robots_noarchive":false,"robots_nosnippet":false,"robots_nofollow":false,"robots_noimageindex":false,"robots_noodp":false,"robots_notranslate":false,"robots_max_snippet":"-1","robots_max_videopreview":"-1","robots_max_imagepreview":"large","priority":null,"frequency":"default","local_seo":null,"seo_analyzer_scan_date":"2025-10-09 07:28:22","breadcrumb_settings":null,"limit_modified_date":false,"reviewed_by":"0","open_ai":null,"ai":{"faqs":[],"keyPoints":[],"titles":[],"descriptions":[],"socialPosts":{"email":[],"linkedin":[],"twitter":[],"facebook":[],"instagram":[]}},"created":"2025-08-05 21:33:33","updated":"2026-02-05 04:01:21"},"aioseo_breadcrumb":"<div class=\"aioseo-breadcrumbs\"><span class=\"aioseo-breadcrumb\">\n\t<a href=\"https:\/\/soymigrante.com\/revista\" title=\"Home\">Home<\/a>\n<\/span><span class=\"aioseo-breadcrumb-separator\">\u00bb<\/span><span class=\"aioseo-breadcrumb\">\n\t<a href=\"https:\/\/soymigrante.com\/revista\/category\/estamos-unidos\/\" title=\"Estamos Unidos\">Estamos Unidos<\/a>\n<\/span><span class=\"aioseo-breadcrumb-separator\">\u00bb<\/span><span class=\"aioseo-breadcrumb\">\n\tConcurso de microrrelatos  abre espacio a migrantes guatemaltecos  \u00a1Participa y cuenta!\n<\/span><\/div>","aioseo_breadcrumb_json":[{"label":"Home","link":"https:\/\/soymigrante.com\/revista"},{"label":"Estamos Unidos","link":"https:\/\/soymigrante.com\/revista\/category\/estamos-unidos\/"},{"label":"Concurso de microrrelatos  abre espacio a migrantes guatemaltecos  \u00a1Participa y cuenta!","link":"https:\/\/soymigrante.com\/revista\/concurso-de-microrrelatos-abre-categoria-para-migrantes-guatemaltecos-participa-y-cuenta\/"}],"_links":{"self":[{"href":"https:\/\/soymigrante.com\/revista\/wp-json\/wp\/v2\/posts\/41293","targetHints":{"allow":["GET"]}}],"collection":[{"href":"https:\/\/soymigrante.com\/revista\/wp-json\/wp\/v2\/posts"}],"about":[{"href":"https:\/\/soymigrante.com\/revista\/wp-json\/wp\/v2\/types\/post"}],"author":[{"embeddable":true,"href":"https:\/\/soymigrante.com\/revista\/wp-json\/wp\/v2\/users\/19"}],"replies":[{"embeddable":true,"href":"https:\/\/soymigrante.com\/revista\/wp-json\/wp\/v2\/comments?post=41293"}],"version-history":[{"count":14,"href":"https:\/\/soymigrante.com\/revista\/wp-json\/wp\/v2\/posts\/41293\/revisions"}],"predecessor-version":[{"id":41335,"href":"https:\/\/soymigrante.com\/revista\/wp-json\/wp\/v2\/posts\/41293\/revisions\/41335"}],"wp:featuredmedia":[{"embeddable":true,"href":"https:\/\/soymigrante.com\/revista\/wp-json\/wp\/v2\/media\/41322"}],"wp:attachment":[{"href":"https:\/\/soymigrante.com\/revista\/wp-json\/wp\/v2\/media?parent=41293"}],"wp:term":[{"taxonomy":"category","embeddable":true,"href":"https:\/\/soymigrante.com\/revista\/wp-json\/wp\/v2\/categories?post=41293"},{"taxonomy":"post_tag","embeddable":true,"href":"https:\/\/soymigrante.com\/revista\/wp-json\/wp\/v2\/tags?post=41293"}],"curies":[{"name":"wp","href":"https:\/\/api.w.org\/{rel}","templated":true}]}}