{"id":41265,"date":"2025-09-16T04:00:00","date_gmt":"2025-09-16T10:00:00","guid":{"rendered":"https:\/\/soymigrante.com\/revista\/?p=41265"},"modified":"2025-09-21T22:25:18","modified_gmt":"2025-09-22T04:25:18","slug":"mira-arte-guatemalteco-carlos-merida-un-genio-que-sigue-siendo-aun-poco-conocido","status":"publish","type":"post","link":"https:\/\/soymigrante.com\/revista\/mira-arte-guatemalteco-carlos-merida-un-genio-que-sigue-siendo-aun-poco-conocido\/","title":{"rendered":"Mira arte guatemalteco: Carlos M\u00e9rida, un genio que sigue siendo a\u00fan poco conocido"},"content":{"rendered":"\t\t<div data-elementor-type=\"wp-post\" data-elementor-id=\"41265\" class=\"elementor elementor-41265\" data-elementor-post-type=\"post\">\n\t\t\t\t<div data-particle_enable=\"false\" data-particle-mobile-disabled=\"false\" class=\"elementor-element elementor-element-0804938 e-flex e-con-boxed e-con e-parent\" data-id=\"0804938\" data-element_type=\"container\" data-e-type=\"container\">\n\t\t\t\t\t<div class=\"e-con-inner\">\n\t\t\t\t<div class=\"elementor-element elementor-element-31e340b elementor-widget elementor-widget-heading\" data-id=\"31e340b\" data-element_type=\"widget\" data-e-type=\"widget\" data-widget_type=\"heading.default\">\n\t\t\t\t\t<h2 class=\"elementor-heading-title elementor-size-default\">Carlos M\u00e9rida (1891-1984) sigue sorprendiendo con su lenguaje geom\u00e9trico, que a primera vista parece dif\u00edcil de entender, pero al observarlo mejor es sencillo y genial.\n<\/h2>\t\t\t\t<\/div>\n\t\t\t\t<div class=\"elementor-element elementor-element-88e4182 elementor-widget elementor-widget-html\" data-id=\"88e4182\" data-element_type=\"widget\" data-e-type=\"widget\" data-widget_type=\"html.default\">\n\t\t\t\t\t<div id=\"buzzsprout-player-17882698\"><\/div><script src=\"https:\/\/www.buzzsprout.com\/2444168\/episodes\/17882698-carlos-merida-revoluciono-el-arte-guatemalteco.js?container_id=buzzsprout-player-17882698&player=small\" type=\"text\/javascript\" charset=\"utf-8\"><\/script>\t\t\t\t<\/div>\n\t\t\t\t\t<\/div>\n\t\t\t\t<\/div>\n\t\t<div data-particle_enable=\"false\" data-particle-mobile-disabled=\"false\" class=\"elementor-element elementor-element-5aae5ea e-flex e-con-boxed e-con e-parent\" data-id=\"5aae5ea\" data-element_type=\"container\" data-e-type=\"container\">\n\t\t\t\t\t<div class=\"e-con-inner\">\n\t\t\t\t<div class=\"elementor-element elementor-element-eb856fa elementor-widget elementor-widget-text-editor\" data-id=\"eb856fa\" data-element_type=\"widget\" data-e-type=\"widget\" data-widget_type=\"text-editor.default\">\n\t\t\t\t\t\t\t\t\t<p>La obra de Carlos M\u00e9rida (1891-1984) est\u00e1 en edificios p\u00fablicos de Guatemala, a la vista de todos, pero a\u00fan as\u00ed, muchos guatemaltecos a\u00fan no lo conocen. El colorido mural frente al Instituto Guatemalteco de Seguridad Social es fascinante; hay otros en la Municipalidad de Guatemala, el Banco de Guatemala y el Cr\u00e9dito Hipotecario Nacional. Pero muchos guatemaltecos nunca los han visto.<\/p><p>Este artista visionario, nacido en <a href=\"https:\/\/soymigrante.com\/revista\/quetzaltenango-500-15-datos-que-quiza-ya-sabias-o-tal-vez-no\/\">Quetzaltenango<\/a>, Guatemala en 1891, es considerado uno de los pioneros del arte moderno en Am\u00e9rica Latina, pero su genialidad permanece muy poco reconocida entre la poblaci\u00f3n en general.<\/p>\t\t\t\t\t\t\t\t<\/div>\n\t\t\t\t\t<\/div>\n\t\t\t\t<\/div>\n\t\t<div data-particle_enable=\"false\" data-particle-mobile-disabled=\"false\" class=\"elementor-element elementor-element-c16614d e-flex e-con-boxed e-con e-parent\" data-id=\"c16614d\" data-element_type=\"container\" data-e-type=\"container\">\n\t\t\t\t\t<div class=\"e-con-inner\">\n\t\t\t\t<div class=\"elementor-element elementor-element-eafbca6 elementor-widget elementor-widget-image\" data-id=\"eafbca6\" data-element_type=\"widget\" data-e-type=\"widget\" data-widget_type=\"image.default\">\n\t\t\t\t\t\t\t\t\t\t\t\t<figure class=\"wp-caption\">\n\t\t\t\t\t\t\t\t\t\t<img fetchpriority=\"high\" decoding=\"async\" width=\"1024\" height=\"154\" src=\"https:\/\/soymigrante.com\/revista\/wp-content\/uploads\/2025\/09\/mural-del-instituto-guatemalteco-de-seguridad-social-1024x154.png\" class=\"attachment-large size-large wp-image-44791\" alt=\"En este mural del IGSS, en el Centro C\u00edvico Guatemala se presenta la Seguridad Social, a trav\u00e9s de diversas figuras que representan al ciudadano, a los pacientes, al personal m\u00e9dico y tambi\u00e9n a las autoridades responsables. (Mural de Carlos M\u00e9rida)\" srcset=\"https:\/\/soymigrante.com\/revista\/wp-content\/uploads\/2025\/09\/mural-del-instituto-guatemalteco-de-seguridad-social-1024x154.png 1024w, https:\/\/soymigrante.com\/revista\/wp-content\/uploads\/2025\/09\/mural-del-instituto-guatemalteco-de-seguridad-social-300x45.png 300w, https:\/\/soymigrante.com\/revista\/wp-content\/uploads\/2025\/09\/mural-del-instituto-guatemalteco-de-seguridad-social-768x115.png 768w, https:\/\/soymigrante.com\/revista\/wp-content\/uploads\/2025\/09\/mural-del-instituto-guatemalteco-de-seguridad-social-750x112.png 750w, https:\/\/soymigrante.com\/revista\/wp-content\/uploads\/2025\/09\/mural-del-instituto-guatemalteco-de-seguridad-social-1140x171.png 1140w, https:\/\/soymigrante.com\/revista\/wp-content\/uploads\/2025\/09\/mural-del-instituto-guatemalteco-de-seguridad-social.png 1527w\" sizes=\"(max-width: 1024px) 100vw, 1024px\" title=\"En este mural del IGSS, en el Centro C\u00edvico Guatemala se presenta la Seguridad Social, a trav\u00e9s de diversas figuras que representan al ciudadano, a los pacientes, al personal m\u00e9dico y tambi\u00e9n a las autoridades responsables. (Mural de Carlos M\u00e9rida) \u2013 SoyMigrante.com REVISTA\" \/>\t\t\t\t\t\t\t\t\t\t\t<figcaption class=\"widget-image-caption wp-caption-text\">En este mural del IGSS, en el Centro C\u00edvico Guatemala se presenta la Seguridad Social, a trav\u00e9s de diversas figuras que representan al ciudadano, a los pacientes, al personal m\u00e9dico y tambi\u00e9n a las autoridades responsables. (Mural de Carlos M\u00e9rida)<\/figcaption>\n\t\t\t\t\t\t\t\t\t\t<\/figure>\n\t\t\t\t\t\t\t\t\t<\/div>\n\t\t\t\t\t<\/div>\n\t\t\t\t<\/div>\n\t\t<div data-particle_enable=\"false\" data-particle-mobile-disabled=\"false\" class=\"elementor-element elementor-element-34f01d2 e-flex e-con-boxed e-con e-parent\" data-id=\"34f01d2\" data-element_type=\"container\" data-e-type=\"container\">\n\t\t\t\t\t<div class=\"e-con-inner\">\n\t\t\t\t<div class=\"elementor-element elementor-element-f8685ce elementor-widget elementor-widget-heading\" data-id=\"f8685ce\" data-element_type=\"widget\" data-e-type=\"widget\" data-widget_type=\"heading.default\">\n\t\t\t\t\t<h3 class=\"elementor-heading-title elementor-size-default\">Revolucionador del arte guatemalteco<\/h3>\t\t\t\t<\/div>\n\t\t\t\t\t<\/div>\n\t\t\t\t<\/div>\n\t\t<div data-particle_enable=\"false\" data-particle-mobile-disabled=\"false\" class=\"elementor-element elementor-element-185c238 e-flex e-con-boxed e-con e-parent\" data-id=\"185c238\" data-element_type=\"container\" data-e-type=\"container\">\n\t\t\t\t\t<div class=\"e-con-inner\">\n\t\t\t\t<div class=\"elementor-element elementor-element-caa2128 elementor-widget elementor-widget-text-editor\" data-id=\"caa2128\" data-element_type=\"widget\" data-e-type=\"widget\" data-widget_type=\"text-editor.default\">\n\t\t\t\t\t\t\t\t\t<p>Con una carrera que abarc\u00f3 m\u00e1s de seis d\u00e9cadas, M\u00e9rida logr\u00f3 fusionar el arte europeo de vanguardia \u2014influenciado por su estancia en Par\u00eds y su cercan\u00eda con artistas como Pablo Picasso y Amedeo Modigliani\u2014 con la cosmovisi\u00f3n y est\u00e9tica de los <a href=\"https:\/\/soymigrante.com\/revista\/category\/guate-nuestra\/pueblos-de-guatemala\/\">pueblos<\/a> ind\u00edgenas de Mesoam\u00e9rica.<\/p><p>De hecho, su obra comenz\u00f3 representando trajes y costumbres de los <a href=\"https:\/\/soymigrante.com\/revista\/category\/guate-nuestra\/pueblos-de-guatemala\/\">pueblos mayas<\/a> de Guatemala, por supuesto con un estilo muy caracter\u00edstico, que ahorraba l\u00edneas y detalles para dar m\u00e1s expresividad y universalidad a la cultura local.\u00a0<\/p>\t\t\t\t\t\t\t\t<\/div>\n\t\t\t\t\t<\/div>\n\t\t\t\t<\/div>\n\t\t<div data-particle_enable=\"false\" data-particle-mobile-disabled=\"false\" class=\"elementor-element elementor-element-5a8582d e-flex e-con-boxed e-con e-parent\" data-id=\"5a8582d\" data-element_type=\"container\" data-e-type=\"container\">\n\t\t\t\t\t<div class=\"e-con-inner\">\n\t\t\t\t<div class=\"elementor-element elementor-element-7577c62 elementor-arrows-position-inside elementor-pagination-position-outside elementor-widget elementor-widget-image-carousel\" data-id=\"7577c62\" data-element_type=\"widget\" data-e-type=\"widget\" data-settings=\"{&quot;slides_to_show&quot;:&quot;1&quot;,&quot;navigation&quot;:&quot;both&quot;,&quot;autoplay&quot;:&quot;yes&quot;,&quot;pause_on_hover&quot;:&quot;yes&quot;,&quot;pause_on_interaction&quot;:&quot;yes&quot;,&quot;autoplay_speed&quot;:5000,&quot;infinite&quot;:&quot;yes&quot;,&quot;effect&quot;:&quot;slide&quot;,&quot;speed&quot;:500}\" data-widget_type=\"image-carousel.default\">\n\t\t\t\t\t\t\t<div class=\"elementor-image-carousel-wrapper swiper\" role=\"region\" aria-roledescription=\"carousel\" aria-label=\"Carrusel de im\u00e1genes\" dir=\"ltr\">\n\t\t\t<div class=\"elementor-image-carousel swiper-wrapper\" aria-live=\"off\">\n\t\t\t\t\t\t\t\t<div class=\"swiper-slide\" role=\"group\" aria-roledescription=\"slide\" aria-label=\"1 de 3\"><figure class=\"swiper-slide-inner\"><img decoding=\"async\" class=\"swiper-slide-image\" src=\"https:\/\/soymigrante.com\/revista\/wp-content\/uploads\/2025\/09\/obras-de-carlos-merida-1.png\" alt=\"Serie de Carlos M\u00e9rida dedicada a los trajes de los pueblos de Guatemala, en la d\u00e9cada 1920.\" \/><figcaption class=\"elementor-image-carousel-caption\">Serie de Carlos M\u00e9rida dedicada a los trajes de los pueblos de Guatemala, en la d\u00e9cada 1920.<\/figcaption><\/figure><\/div><div class=\"swiper-slide\" role=\"group\" aria-roledescription=\"slide\" aria-label=\"2 de 3\"><figure class=\"swiper-slide-inner\"><img decoding=\"async\" class=\"swiper-slide-image\" src=\"https:\/\/soymigrante.com\/revista\/wp-content\/uploads\/2025\/09\/obras-de-carlos-merida-2.png\" alt=\"Serie de Carlos M\u00e9rida dedicada a los trajes de los pueblos de Guatemala, en la d\u00e9cada 1920.\" \/><figcaption class=\"elementor-image-carousel-caption\">Serie de Carlos M\u00e9rida dedicada a los trajes de los pueblos de Guatemala, en la d\u00e9cada 1920.<\/figcaption><\/figure><\/div><div class=\"swiper-slide\" role=\"group\" aria-roledescription=\"slide\" aria-label=\"3 de 3\"><figure class=\"swiper-slide-inner\"><img decoding=\"async\" class=\"swiper-slide-image\" src=\"https:\/\/soymigrante.com\/revista\/wp-content\/uploads\/2025\/09\/obras-de-carlos-merida-3.png\" alt=\"Serie de Carlos M\u00e9rida dedicada a los trajes de los pueblos de Guatemala, en la d\u00e9cada 1920.\" \/><figcaption class=\"elementor-image-carousel-caption\">Serie de Carlos M\u00e9rida dedicada a los trajes de los pueblos de Guatemala, en la d\u00e9cada 1920.<\/figcaption><\/figure><\/div>\t\t\t<\/div>\n\t\t\t\t\t\t\t\t\t\t\t\t<div class=\"elementor-swiper-button elementor-swiper-button-prev\" role=\"button\" tabindex=\"0\">\n\t\t\t\t\t\t<i aria-hidden=\"true\" class=\"eicon-chevron-left\"><\/i>\t\t\t\t\t<\/div>\n\t\t\t\t\t<div class=\"elementor-swiper-button elementor-swiper-button-next\" role=\"button\" tabindex=\"0\">\n\t\t\t\t\t\t<i aria-hidden=\"true\" class=\"eicon-chevron-right\"><\/i>\t\t\t\t\t<\/div>\n\t\t\t\t\n\t\t\t\t\t\t\t\t\t<div class=\"swiper-pagination\"><\/div>\n\t\t\t\t\t\t\t\t\t<\/div>\n\t\t\t\t\t\t<\/div>\n\t\t\t\t\t<\/div>\n\t\t\t\t<\/div>\n\t\t<div data-particle_enable=\"false\" data-particle-mobile-disabled=\"false\" class=\"elementor-element elementor-element-606dbc7 e-flex e-con-boxed e-con e-parent\" data-id=\"606dbc7\" data-element_type=\"container\" data-e-type=\"container\">\n\t\t\t\t\t<div class=\"e-con-inner\">\n\t\t\t\t<div class=\"elementor-element elementor-element-70d89a0 elementor-widget elementor-widget-heading\" data-id=\"70d89a0\" data-element_type=\"widget\" data-e-type=\"widget\" data-widget_type=\"heading.default\">\n\t\t\t\t\t<h3 class=\"elementor-heading-title elementor-size-default\">Cre\u00f3 un nuevo c\u00f3digo para el arte guatemalteco<\/h3>\t\t\t\t<\/div>\n\t\t\t\t\t<\/div>\n\t\t\t\t<\/div>\n\t\t<div data-particle_enable=\"false\" data-particle-mobile-disabled=\"false\" class=\"elementor-element elementor-element-507b6d9 e-flex e-con-boxed e-con e-parent\" data-id=\"507b6d9\" data-element_type=\"container\" data-e-type=\"container\">\n\t\t\t\t\t<div class=\"e-con-inner\">\n\t\t\t\t<div class=\"elementor-element elementor-element-25b94f0 elementor-widget elementor-widget-text-editor\" data-id=\"25b94f0\" data-element_type=\"widget\" data-e-type=\"widget\" data-widget_type=\"text-editor.default\">\n\t\t\t\t\t\t\t\t\t<p>El resultado fue un estilo \u00fanico que combin\u00f3 geometr\u00eda, color y narrativa social, donde lo ancestral y lo moderno conviv\u00edan en armon\u00eda. Se traslad\u00f3 a M\u00e9xico en 1919, donde comenz\u00f3 a practicar el muralismo, que tambi\u00e9n trajo a Guatemala.\u00a0<\/p><p>Carlos M\u00e9rida llev\u00f3 la composici\u00f3n a una m\u00e1xima s\u00edntesis y a veces es esa combinaci\u00f3n geom\u00e9trica la que parece &#8220;complicar&#8221; las figuras, pero en realidad las est\u00e1 simplificando, d\u00e1ndoles m\u00e1s pureza y a la vez m\u00e1s simbolismo.<\/p>\t\t\t\t\t\t\t\t<\/div>\n\t\t\t\t\t<\/div>\n\t\t\t\t<\/div>\n\t\t<div data-particle_enable=\"false\" data-particle-mobile-disabled=\"false\" class=\"elementor-element elementor-element-db9b85f e-flex e-con-boxed e-con e-parent\" data-id=\"db9b85f\" data-element_type=\"container\" data-e-type=\"container\">\n\t\t\t\t\t<div class=\"e-con-inner\">\n\t\t\t\t<div class=\"elementor-element elementor-element-6c909d6 elementor-widget elementor-widget-facebook-page\" data-id=\"6c909d6\" data-element_type=\"widget\" data-e-type=\"widget\" data-widget_type=\"facebook-page.default\">\n\t\t\t\t\t<div class=\"elementor-facebook-widget fb-page\" data-href=\"https:\/\/www.facebook.com\/meridaguatemalaviva\" data-tabs=\"timeline\" data-height=\"500px\" data-width=\"500px\" data-small-header=\"false\" data-hide-cover=\"false\" data-show-facepile=\"true\" data-hide-cta=\"false\" style=\"min-height: 1px;height:500px\"><\/div>\t\t\t\t<\/div>\n\t\t\t\t\t<\/div>\n\t\t\t\t<\/div>\n\t\t<div data-particle_enable=\"false\" data-particle-mobile-disabled=\"false\" class=\"elementor-element elementor-element-d0a4eb5 e-flex e-con-boxed e-con e-parent\" data-id=\"d0a4eb5\" data-element_type=\"container\" data-e-type=\"container\">\n\t\t\t\t\t<div class=\"e-con-inner\">\n\t\t\t\t<div class=\"elementor-element elementor-element-e3a550e elementor-widget elementor-widget-heading\" data-id=\"e3a550e\" data-element_type=\"widget\" data-e-type=\"widget\" data-widget_type=\"heading.default\">\n\t\t\t\t\t<h3 class=\"elementor-heading-title elementor-size-default\">Murales que siguen hablando<\/h3>\t\t\t\t<\/div>\n\t\t\t\t\t<\/div>\n\t\t\t\t<\/div>\n\t\t<div data-particle_enable=\"false\" data-particle-mobile-disabled=\"false\" class=\"elementor-element elementor-element-f1f65b1 e-flex e-con-boxed e-con e-parent\" data-id=\"f1f65b1\" data-element_type=\"container\" data-e-type=\"container\">\n\t\t\t\t\t<div class=\"e-con-inner\">\n\t\t\t\t<div class=\"elementor-element elementor-element-121e4c1 elementor-widget elementor-widget-text-editor\" data-id=\"121e4c1\" data-element_type=\"widget\" data-e-type=\"widget\" data-widget_type=\"text-editor.default\">\n\t\t\t\t\t\t\t\t\t<p>Uno de los m\u00e1s grandes legados visibles de M\u00e9rida en Guatemala se encuentra en el Instituto Guatemalteco de Seguridad Social (IGSS), en la zona 1 capitalina. All\u00ed, los murales que decoran el edificio central no solo embellecen el espacio, sino que cuentan una historia visual del trabajo, la salud y el desarrollo del pa\u00eds.<\/p>\t\t\t\t\t\t\t\t<\/div>\n\t\t\t\t\t<\/div>\n\t\t\t\t<\/div>\n\t\t<div data-particle_enable=\"false\" data-particle-mobile-disabled=\"false\" class=\"elementor-element elementor-element-ba82b82 e-flex e-con-boxed e-con e-parent\" data-id=\"ba82b82\" data-element_type=\"container\" data-e-type=\"container\">\n\t\t\t\t\t<div class=\"e-con-inner\">\n\t\t\t\t<div class=\"elementor-element elementor-element-9772dc0 elementor-widget elementor-widget-image\" data-id=\"9772dc0\" data-element_type=\"widget\" data-e-type=\"widget\" data-widget_type=\"image.default\">\n\t\t\t\t\t\t\t\t\t\t\t\t<figure class=\"wp-caption\">\n\t\t\t\t\t\t\t\t\t\t<img decoding=\"async\" width=\"465\" height=\"465\" src=\"https:\/\/soymigrante.com\/revista\/wp-content\/uploads\/2025\/09\/img-vision7.jpg\" class=\"attachment-large size-large wp-image-44799\" alt=\"Elogio del Quetzal, obra que se puede admirar en el Museo de Arte Moderno de Guatemala. Si te fijas bien podr\u00e1s ver al Quetzal en la parte superior, y los bailarines mayas, ataviados con sus trajes en pleno ritual. (Obra de Carlos M\u00e9rida)\" srcset=\"https:\/\/soymigrante.com\/revista\/wp-content\/uploads\/2025\/09\/img-vision7.jpg 465w, https:\/\/soymigrante.com\/revista\/wp-content\/uploads\/2025\/09\/img-vision7-300x300.jpg 300w, https:\/\/soymigrante.com\/revista\/wp-content\/uploads\/2025\/09\/img-vision7-150x150.jpg 150w, https:\/\/soymigrante.com\/revista\/wp-content\/uploads\/2025\/09\/img-vision7-75x75.jpg 75w\" sizes=\"(max-width: 465px) 100vw, 465px\" title=\"Elogio del Quetzal, obra que se puede admirar en el Museo de Arte Moderno de Guatemala. Si te fijas bien podr\u00e1s ver al Quetzal en la parte superior, y los bailarines mayas, ataviados con sus trajes en pleno ritual. (Obra de Carlos M\u00e9rida) \u2013 SoyMigrante.com REVISTA\" \/>\t\t\t\t\t\t\t\t\t\t\t<figcaption class=\"widget-image-caption wp-caption-text\">Glorificaci\u00f3n del Quetzal, obra que se puede admirar en el Museo de Arte Moderno de Guatemala. Si te fijas bien podr\u00e1s ver al Quetzal en la parte superior, y los bailarines mayas, ataviados con sus trajes en pleno ritual. (Obra de Carlos M\u00e9rida)<\/figcaption>\n\t\t\t\t\t\t\t\t\t\t<\/figure>\n\t\t\t\t\t\t\t\t\t<\/div>\n\t\t\t\t\t<\/div>\n\t\t\t\t<\/div>\n\t\t<div data-particle_enable=\"false\" data-particle-mobile-disabled=\"false\" class=\"elementor-element elementor-element-7c8b7ae e-flex e-con-boxed e-con e-parent\" data-id=\"7c8b7ae\" data-element_type=\"container\" data-e-type=\"container\">\n\t\t\t\t\t<div class=\"e-con-inner\">\n\t\t\t\t<div class=\"elementor-element elementor-element-99cc7ed elementor-widget elementor-widget-text-editor\" data-id=\"99cc7ed\" data-element_type=\"widget\" data-e-type=\"widget\" data-widget_type=\"text-editor.default\">\n\t\t\t\t\t\t\t\t\t<p>Estas obras, realizadas en la d\u00e9cada de 1950, utilizan el mosaico como t\u00e9cnica predominante, y est\u00e1n inspiradas en el movimiento de integraci\u00f3n pl\u00e1stica promovido tambi\u00e9n por artistas mexicanos como Diego Rivera y Jos\u00e9 Clemente Orozco. M\u00e9rida logr\u00f3 que arte y arquitectura se fundieran, convirtiendo muros, pasillos y fachadas en lienzos vivos. En M\u00e9xico y Estados Unidos hay obras murales suyas muy apreciadas y admiradas.<\/p>\t\t\t\t\t\t\t\t<\/div>\n\t\t\t\t\t<\/div>\n\t\t\t\t<\/div>\n\t\t<div data-particle_enable=\"false\" data-particle-mobile-disabled=\"false\" class=\"elementor-element elementor-element-65caf84 e-flex e-con-boxed e-con e-parent\" data-id=\"65caf84\" data-element_type=\"container\" data-e-type=\"container\">\n\t\t\t\t\t<div class=\"e-con-inner\">\n\t\t\t\t<div class=\"elementor-element elementor-element-304efd6 elementor-widget elementor-widget-image\" data-id=\"304efd6\" data-element_type=\"widget\" data-e-type=\"widget\" data-widget_type=\"image.default\">\n\t\t\t\t\t\t\t\t\t\t\t\t<figure class=\"wp-caption\">\n\t\t\t\t\t\t\t\t\t\t<img decoding=\"async\" width=\"1024\" height=\"757\" src=\"https:\/\/soymigrante.com\/revista\/wp-content\/uploads\/2025\/08\/carlos-merida-3-1024x757.jpg\" class=\"attachment-large size-large wp-image-41271\" alt=\"Coloreada pintura abstracta de formas geom\u00e9tricas y personajes, obra de Carlos Merida de 1974, reflejando el arte y cultura en contexto migrante y social.\" srcset=\"https:\/\/soymigrante.com\/revista\/wp-content\/uploads\/2025\/08\/carlos-merida-3-1024x757.jpg 1024w, https:\/\/soymigrante.com\/revista\/wp-content\/uploads\/2025\/08\/carlos-merida-3-300x222.jpg 300w, https:\/\/soymigrante.com\/revista\/wp-content\/uploads\/2025\/08\/carlos-merida-3-768x568.jpg 768w, https:\/\/soymigrante.com\/revista\/wp-content\/uploads\/2025\/08\/carlos-merida-3-1536x1136.jpg 1536w, https:\/\/soymigrante.com\/revista\/wp-content\/uploads\/2025\/08\/carlos-merida-3-2048x1514.jpg 2048w, https:\/\/soymigrante.com\/revista\/wp-content\/uploads\/2025\/08\/carlos-merida-3-750x555.webp 750w, https:\/\/soymigrante.com\/revista\/wp-content\/uploads\/2025\/08\/carlos-merida-3-1140x843.webp 1140w, https:\/\/soymigrante.com\/revista\/wp-content\/uploads\/2025\/08\/carlos-merida-3-scaled.webp 1920w\" sizes=\"(max-width: 1024px) 100vw, 1024px\" title=\"Uno de los murales que pinto el artista. (Foto: IGSS) \u2013 SoyMigrante.com REVISTA\" \/>\t\t\t\t\t\t\t\t\t\t\t<figcaption class=\"widget-image-caption wp-caption-text\">Pintura moderna con formas geom\u00e9tricas, coloridas, influencias culturales y expresivas.<\/figcaption>\n\t\t\t\t\t\t\t\t\t\t<\/figure>\n\t\t\t\t\t\t\t\t\t<\/div>\n\t\t\t\t\t<\/div>\n\t\t\t\t<\/div>\n\t\t<div data-particle_enable=\"false\" data-particle-mobile-disabled=\"false\" class=\"elementor-element elementor-element-5db663a e-flex e-con-boxed e-con e-parent\" data-id=\"5db663a\" data-element_type=\"container\" data-e-type=\"container\">\n\t\t\t\t\t<div class=\"e-con-inner\">\n\t\t\t\t<div class=\"elementor-element elementor-element-3a594cc elementor-widget elementor-widget-heading\" data-id=\"3a594cc\" data-element_type=\"widget\" data-e-type=\"widget\" data-widget_type=\"heading.default\">\n\t\t\t\t\t<h3 class=\"elementor-heading-title elementor-size-default\">Museo Nacional de Arte Moderno lleva su nombre<\/h3>\t\t\t\t<\/div>\n\t\t\t\t\t<\/div>\n\t\t\t\t<\/div>\n\t\t<div data-particle_enable=\"false\" data-particle-mobile-disabled=\"false\" class=\"elementor-element elementor-element-0e02833 e-flex e-con-boxed e-con e-parent\" data-id=\"0e02833\" data-element_type=\"container\" data-e-type=\"container\">\n\t\t\t\t\t<div class=\"e-con-inner\">\n\t\t\t\t<div class=\"elementor-element elementor-element-4f5e670 elementor-widget elementor-widget-text-editor\" data-id=\"4f5e670\" data-element_type=\"widget\" data-e-type=\"widget\" data-widget_type=\"text-editor.default\">\n\t\t\t\t\t\t\t\t\t<p>En el Museo Nacional de Arte Moderno de Guatemala se exhibe obra de artistas desde 1880 hasta 1980 aproximadamente. Lleva el nombre de Carlos M\u00e9rida, en homenaje a que se le considera el iniciador de las vanguardias art\u00edsticas en el pa\u00eds.<\/p><p>Parte de su obra pict\u00f3rica es exhibida aqu\u00ed y t\u00fa puedes verla en este recorrido virtual, a continuaci\u00f3n.<\/p>\t\t\t\t\t\t\t\t<\/div>\n\t\t\t\t\t<\/div>\n\t\t\t\t<\/div>\n\t\t<div data-particle_enable=\"false\" data-particle-mobile-disabled=\"false\" class=\"elementor-element elementor-element-8e57304 e-flex e-con-boxed e-con e-parent\" data-id=\"8e57304\" data-element_type=\"container\" data-e-type=\"container\">\n\t\t\t\t\t<div class=\"e-con-inner\">\n\t\t\t\t<div class=\"elementor-element elementor-element-cb5dcfa elementor-widget elementor-widget-html\" data-id=\"cb5dcfa\" data-element_type=\"widget\" data-e-type=\"widget\" data-widget_type=\"html.default\">\n\t\t\t\t\t<iframe src=\"https:\/\/www.google.com\/maps\/embed?pb=!4v1757995990939!6m8!1m7!1sCAoSF0NJSE0wb2dLRUlDQWdJQ215WS1tMmdF!2m2!1d14.59748101215719!2d-90.52887293107892!3f98.08496744483989!4f-12.581582827149603!5f0.7820865974627469\" width=\"600\" height=\"450\" style=\"border:0;\" allowfullscreen=\"\" loading=\"lazy\" referrerpolicy=\"no-referrer-when-downgrade\"><\/iframe>\t\t\t\t<\/div>\n\t\t\t\t\t<\/div>\n\t\t\t\t<\/div>\n\t\t<div data-particle_enable=\"false\" data-particle-mobile-disabled=\"false\" class=\"elementor-element elementor-element-b68c4f9 e-flex e-con-boxed e-con e-parent\" data-id=\"b68c4f9\" data-element_type=\"container\" data-e-type=\"container\">\n\t\t\t\t\t<div class=\"e-con-inner\">\n\t\t\t\t<div class=\"elementor-element elementor-element-3539522 elementor-widget elementor-widget-heading\" data-id=\"3539522\" data-element_type=\"widget\" data-e-type=\"widget\" data-widget_type=\"heading.default\">\n\t\t\t\t\t<h3 class=\"elementor-heading-title elementor-size-default\">Un legado internacional, un reconocimiento local pendiente<\/h3>\t\t\t\t<\/div>\n\t\t\t\t\t<\/div>\n\t\t\t\t<\/div>\n\t\t<div data-particle_enable=\"false\" data-particle-mobile-disabled=\"false\" class=\"elementor-element elementor-element-d9d07a0 e-flex e-con-boxed e-con e-parent\" data-id=\"d9d07a0\" data-element_type=\"container\" data-e-type=\"container\">\n\t\t\t\t\t<div class=\"e-con-inner\">\n\t\t\t\t<div class=\"elementor-element elementor-element-39ae24c elementor-widget elementor-widget-text-editor\" data-id=\"39ae24c\" data-element_type=\"widget\" data-e-type=\"widget\" data-widget_type=\"text-editor.default\">\n\t\t\t\t\t\t\t\t\t<p>Aunque M\u00e9rida desarroll\u00f3 gran parte de su carrera en M\u00e9xico, <a href=\"https:\/\/soymigrante.com\/revista\/viene-el-dia-de-los-museos-15-museos-guatemaltecos-que-siempre-te-sorprenderan\/\" target=\"_blank\" rel=\"noopener\">donde colabor\u00f3 incluso con el reconocido arquitecto Mario Pani, siempre mantuvo un v\u00ednculo profundo con Guatemala<\/a>. Su identidad ind\u00edgena \u2014era descendiente de k\u2019iches\u2014 y su inter\u00e9s por las ra\u00edces mesoamericanas se reflejan en toda su obra.<\/p><p><a href=\"https:\/\/soymigrante.com\/revista\/viene-el-dia-de-los-museos-15-museos-guatemaltecos-que-siempre-te-sorprenderan\/\" target=\"_blank\" rel=\"noopener\">Adem\u00e1s de sus murales, el artista produjo litograf\u00edas, \u00f3leos, tapices, vestuarios para danza, y hasta proyectos esc\u00e9nicos.<\/a> Su serie \u201cEstampas del Popol Vuh\u201d es una de las interpretaciones visuales m\u00e1s impactantes del texto sagrado maya.<\/p>\t\t\t\t\t\t\t\t<\/div>\n\t\t\t\t\t<\/div>\n\t\t\t\t<\/div>\n\t\t<div data-particle_enable=\"false\" data-particle-mobile-disabled=\"false\" class=\"elementor-element elementor-element-0d8b981 e-flex e-con-boxed e-con e-parent\" data-id=\"0d8b981\" data-element_type=\"container\" data-e-type=\"container\">\n\t\t\t\t\t<div class=\"e-con-inner\">\n\t\t\t\t<div class=\"elementor-element elementor-element-750a741 elementor-widget elementor-widget-html\" data-id=\"750a741\" data-element_type=\"widget\" data-e-type=\"widget\" data-widget_type=\"html.default\">\n\t\t\t\t\t<iframe width=\"560\" height=\"415\" src=\"https:\/\/www.youtube.com\/embed\/FbUlmRwn2jg?si=aVnI-N_I7o9oOze9\" title=\"YouTube video player\" frameborder=\"0\" allow=\"accelerometer; autoplay; clipboard-write; encrypted-media; gyroscope; picture-in-picture; web-share\" referrerpolicy=\"strict-origin-when-cross-origin\" allowfullscreen><\/iframe>\t\t\t\t<\/div>\n\t\t\t\t\t<\/div>\n\t\t\t\t<\/div>\n\t\t<div data-particle_enable=\"false\" data-particle-mobile-disabled=\"false\" class=\"elementor-element elementor-element-edd4555 e-flex e-con-boxed e-con e-parent\" data-id=\"edd4555\" data-element_type=\"container\" data-e-type=\"container\">\n\t\t\t\t\t<div class=\"e-con-inner\">\n\t\t\t\t<div class=\"elementor-element elementor-element-cdf2aef elementor-widget elementor-widget-text-editor\" data-id=\"cdf2aef\" data-element_type=\"widget\" data-e-type=\"widget\" data-widget_type=\"text-editor.default\">\n\t\t\t\t\t\t\t\t\t<p>En 2025, diversos colectivos de artistas visuales han iniciado campa\u00f1as para rescatar su memoria, incluyendo propuestas para declarar sus murales patrimonio cultural, restaurarlos y desarrollar programas educativos que incluyan su obra en los curr\u00edculos escolares.<\/p><p><a href=\"https:\/\/soymigrante.com\/revista\/viene-el-dia-de-los-museos-15-museos-guatemaltecos-que-siempre-te-sorprenderan\/\" target=\"_blank\" rel=\"noopener\">A m\u00e1s de tres d\u00e9cadas de su fallecimiento en 1984, la figura de M\u00e9rida sigue viva en sus colores, en sus formas, y en el di\u00e1logo que propone entre tradici\u00f3n y modernidad.<\/a> Redescubrirlo es tambi\u00e9n redescubrir una parte profunda de la identidad guatemalteca.<\/p>\t\t\t\t\t\t\t\t<\/div>\n\t\t\t\t\t<\/div>\n\t\t\t\t<\/div>\n\t\t<div data-particle_enable=\"false\" data-particle-mobile-disabled=\"false\" class=\"elementor-element elementor-element-3da3d33 e-flex e-con-boxed e-con e-parent\" data-id=\"3da3d33\" data-element_type=\"container\" data-e-type=\"container\">\n\t\t\t\t\t<div class=\"e-con-inner\">\n\t\t\t\t<div class=\"elementor-element elementor-element-f0b30bd elementor-widget elementor-widget-image\" data-id=\"f0b30bd\" data-element_type=\"widget\" data-e-type=\"widget\" data-widget_type=\"image.default\">\n\t\t\t\t\t\t\t\t\t\t\t\t<figure class=\"wp-caption\">\n\t\t\t\t\t\t\t\t\t\t\t<a href=\"https:\/\/meridaguatemalaviva.com\/\">\n\t\t\t\t\t\t\t<img loading=\"lazy\" decoding=\"async\" width=\"1024\" height=\"490\" src=\"https:\/\/soymigrante.com\/revista\/wp-content\/uploads\/2025\/09\/Captura-de-pantalla-2025-09-15-222705-1024x490.png\" class=\"attachment-large size-large wp-image-44803\" alt=\"El sitio web M\u00e9rida Guatemala Viva ofrece vistas interactivas de los murales de Carlos M\u00e9rida en el pa\u00eds. CLIC PARA IR AL SITIO.\" srcset=\"https:\/\/soymigrante.com\/revista\/wp-content\/uploads\/2025\/09\/Captura-de-pantalla-2025-09-15-222705-1024x490.png 1024w, https:\/\/soymigrante.com\/revista\/wp-content\/uploads\/2025\/09\/Captura-de-pantalla-2025-09-15-222705-300x144.png 300w, https:\/\/soymigrante.com\/revista\/wp-content\/uploads\/2025\/09\/Captura-de-pantalla-2025-09-15-222705-768x368.png 768w, https:\/\/soymigrante.com\/revista\/wp-content\/uploads\/2025\/09\/Captura-de-pantalla-2025-09-15-222705-1536x736.png 1536w, https:\/\/soymigrante.com\/revista\/wp-content\/uploads\/2025\/09\/Captura-de-pantalla-2025-09-15-222705-750x359.png 750w, https:\/\/soymigrante.com\/revista\/wp-content\/uploads\/2025\/09\/Captura-de-pantalla-2025-09-15-222705-1140x546.png 1140w, https:\/\/soymigrante.com\/revista\/wp-content\/uploads\/2025\/09\/Captura-de-pantalla-2025-09-15-222705.png 1823w\" sizes=\"(max-width: 1024px) 100vw, 1024px\" title=\"El sitio web M\u00e9rida Guatemala Viva ofrece vistas interactivas de los murales de Carlos M\u00e9rida en el pa\u00eds. CLIC PARA IR AL SITIO. \u2013 SoyMigrante.com REVISTA\" \/>\t\t\t\t\t\t\t\t<\/a>\n\t\t\t\t\t\t\t\t\t\t\t<figcaption class=\"widget-image-caption wp-caption-text\">El sitio web M\u00e9rida Guatemala Viva ofrece vistas interactivas de los murales de Carlos M\u00e9rida en el pa\u00eds. CLIC PARA IR AL SITIO.<\/figcaption>\n\t\t\t\t\t\t\t\t\t\t<\/figure>\n\t\t\t\t\t\t\t\t\t<\/div>\n\t\t\t\t\t<\/div>\n\t\t\t\t<\/div>\n\t\t<div data-particle_enable=\"false\" data-particle-mobile-disabled=\"false\" class=\"elementor-element elementor-element-29cdf5a e-flex e-con-boxed e-con e-parent\" data-id=\"29cdf5a\" data-element_type=\"container\" data-e-type=\"container\">\n\t\t\t\t\t<div class=\"e-con-inner\">\n\t\t\t\t<div class=\"elementor-element elementor-element-1461d2a elementor-widget elementor-widget-heading\" data-id=\"1461d2a\" data-element_type=\"widget\" data-e-type=\"widget\" data-widget_type=\"heading.default\">\n\t\t\t\t\t<h2 class=\"elementor-heading-title elementor-size-default\">Conoce m\u00e1s de otros guatemaltecos ilustres...<\/h2>\t\t\t\t<\/div>\n\t\t\t\t\t<\/div>\n\t\t\t\t<\/div>\n\t\t<div data-particle_enable=\"false\" data-particle-mobile-disabled=\"false\" class=\"elementor-element elementor-element-9ccd000 e-flex e-con-boxed e-con e-parent\" data-id=\"9ccd000\" data-element_type=\"container\" data-e-type=\"container\">\n\t\t\t\t\t<div class=\"e-con-inner\">\n\t\t\t\t<div class=\"elementor-element elementor-element-037540c elementor-grid-eael-col-3 elementor-grid-tablet-eael-col-2 elementor-grid-mobile-eael-col-1 elementor-invisible elementor-widget elementor-widget-eael-post-grid\" data-id=\"037540c\" data-element_type=\"widget\" data-e-type=\"widget\" data-settings=\"{&quot;eael_post_grid_columns&quot;:&quot;eael-col-3&quot;,&quot;_animation&quot;:&quot;rollIn&quot;,&quot;eael_post_grid_columns_tablet&quot;:&quot;eael-col-2&quot;,&quot;eael_post_grid_columns_mobile&quot;:&quot;eael-col-1&quot;}\" data-widget_type=\"eael-post-grid.default\">\n\t\t\t\t\t<div id=\"eael-post-grid-037540c\" class=\"eael-post-grid-container\">\n            <div class=\"eael-post-grid eael-post-appender eael-post-appender-037540c eael-post-grid-style-one\" data-layout-mode=\"masonry\"><article class=\"eael-grid-post  eael-post-grid-column eael-pg-post-39088 category-estamos-unidos\" data-id=\"39088\">\n        <div class=\"eael-grid-post-holder\">\n            <div class=\"eael-grid-post-holder-inner\"><div class=\"eael-entry-media\"><div class=\"eael-entry-overlay fade-in\"><i class=\"far fa-hand-pointer\" aria-hidden=\"true\"><\/i><a href=\"https:\/\/soymigrante.com\/revista\/colores-sin-fronteras-brilla-el-arte-de-la-artista-cubano-guatemalteca-kika-garces\/\"><\/a><\/div><div class=\"eael-entry-thumbnail \">\n                <img loading=\"lazy\" decoding=\"async\" width=\"1024\" height=\"1024\" src=\"https:\/\/soymigrante.com\/revista\/wp-content\/uploads\/2025\/07\/Colores-sin-Fronteras-Kika-Garces-de-Marcilla-y-el-Arte-como-Puente-Cultural5-e1752258511792-1024x1024.jpeg\" class=\"attachment-large size-large wp-image-39089\" alt=\"Bote de vidrio con l\u00edquido naranja, envuelto en pl\u00e1stico transparente, sobre fondo blanco.\" srcset=\"https:\/\/soymigrante.com\/revista\/wp-content\/uploads\/2025\/07\/Colores-sin-Fronteras-Kika-Garces-de-Marcilla-y-el-Arte-como-Puente-Cultural5-e1752258511792-1024x1024.jpeg 1024w, https:\/\/soymigrante.com\/revista\/wp-content\/uploads\/2025\/07\/Colores-sin-Fronteras-Kika-Garces-de-Marcilla-y-el-Arte-como-Puente-Cultural5-e1752258511792-300x300.jpeg 300w, https:\/\/soymigrante.com\/revista\/wp-content\/uploads\/2025\/07\/Colores-sin-Fronteras-Kika-Garces-de-Marcilla-y-el-Arte-como-Puente-Cultural5-e1752258511792-150x150.jpeg 150w, https:\/\/soymigrante.com\/revista\/wp-content\/uploads\/2025\/07\/Colores-sin-Fronteras-Kika-Garces-de-Marcilla-y-el-Arte-como-Puente-Cultural5-e1752258511792-768x768.jpeg 768w, https:\/\/soymigrante.com\/revista\/wp-content\/uploads\/2025\/07\/Colores-sin-Fronteras-Kika-Garces-de-Marcilla-y-el-Arte-como-Puente-Cultural5-e1752258511792-75x75.webp 75w, https:\/\/soymigrante.com\/revista\/wp-content\/uploads\/2025\/07\/Colores-sin-Fronteras-Kika-Garces-de-Marcilla-y-el-Arte-como-Puente-Cultural5-e1752258511792-750x750.jpeg 750w, https:\/\/soymigrante.com\/revista\/wp-content\/uploads\/2025\/07\/Colores-sin-Fronteras-Kika-Garces-de-Marcilla-y-el-Arte-como-Puente-Cultural5-e1752258511792.webp 1080w\" sizes=\"(max-width: 1024px) 100vw, 1024px\" \/>\n            <\/div>\n        <\/div><div class=\"eael-entry-wrapper\"><header class=\"eael-entry-header\"><h2 class=\"eael-entry-title\"><a class=\"eael-grid-post-link\" href=\"https:\/\/soymigrante.com\/revista\/colores-sin-fronteras-brilla-el-arte-de-la-artista-cubano-guatemalteca-kika-garces\/\" title=\"Colores sin fronteras: brilla el arte de la artista cubano-guatemalteca Kika Garc\u00e9s\">Colores sin fronteras: brilla el arte de la artista cubano-guatemalteca Kika Garc\u00e9s<\/a><\/h2><\/header><div class=\"eael-entry-content\">\n                        <div class=\"eael-grid-post-excerpt\"><a href=\"https:\/\/soymigrante.com\/revista\/colores-sin-fronteras-brilla-el-arte-de-la-artista-cubano-guatemalteca-kika-garces\/\" class=\"eael-post-elements-readmore-btn\">CONOCE SU HISTORIA <\/a><\/div>\n                    <\/div><\/div><\/div>\n        <\/div>\n    <\/article><article class=\"eael-grid-post  eael-post-grid-column eael-pg-post-29698 category-guate-nuestra\" data-id=\"29698\">\n        <div class=\"eael-grid-post-holder\">\n            <div class=\"eael-grid-post-holder-inner\"><div class=\"eael-entry-media\"><div class=\"eael-entry-overlay fade-in\"><i class=\"far fa-hand-pointer\" aria-hidden=\"true\"><\/i><a href=\"https:\/\/soymigrante.com\/revista\/cantautora-gaby-moreno-lanza-el-videoclip-lamento-un-tributo-a-los-migrantes-guatemaltecos\/\"><\/a><\/div><div class=\"eael-entry-thumbnail \">\n                <img loading=\"lazy\" decoding=\"async\" width=\"1024\" height=\"1024\" src=\"https:\/\/soymigrante.com\/revista\/wp-content\/uploads\/2025\/03\/Gaby-Moreno--e1743449314894-1024x1024.webp\" class=\"attachment-large size-large wp-image-29699\" alt=\"Varios ni\u00f1os en la playa durante el atardecer, con estructuras en el fondo y luces brillantes, en una escena que combina nostalgia y misterio, reflejando temas de migraci\u00f3n y presencia humana en ambientes costeros.\" srcset=\"https:\/\/soymigrante.com\/revista\/wp-content\/uploads\/2025\/03\/Gaby-Moreno--e1743449314894-1024x1024.webp 1024w, https:\/\/soymigrante.com\/revista\/wp-content\/uploads\/2025\/03\/Gaby-Moreno--e1743449314894-300x300.webp 300w, https:\/\/soymigrante.com\/revista\/wp-content\/uploads\/2025\/03\/Gaby-Moreno--e1743449314894-150x150.webp 150w, https:\/\/soymigrante.com\/revista\/wp-content\/uploads\/2025\/03\/Gaby-Moreno--e1743449314894-768x768.webp 768w, https:\/\/soymigrante.com\/revista\/wp-content\/uploads\/2025\/03\/Gaby-Moreno--e1743449314894-75x75.webp 75w, https:\/\/soymigrante.com\/revista\/wp-content\/uploads\/2025\/03\/Gaby-Moreno--e1743449314894-750x750.webp 750w, https:\/\/soymigrante.com\/revista\/wp-content\/uploads\/2025\/03\/Gaby-Moreno--e1743449314894.webp 1080w\" sizes=\"(max-width: 1024px) 100vw, 1024px\" \/>\n            <\/div>\n        <\/div><div class=\"eael-entry-wrapper\"><header class=\"eael-entry-header\"><h2 class=\"eael-entry-title\"><a class=\"eael-grid-post-link\" href=\"https:\/\/soymigrante.com\/revista\/cantautora-gaby-moreno-lanza-el-videoclip-lamento-un-tributo-a-los-migrantes-guatemaltecos\/\" title=\"Cantautora Gaby Moreno lanza el videoclip Lamento, un tributo a los migrantes guatemaltecos\">Cantautora Gaby Moreno lanza el videoclip Lamento, un tributo a los migrantes guatemaltecos<\/a><\/h2><\/header><div class=\"eael-entry-content\">\n                        <div class=\"eael-grid-post-excerpt\"><a href=\"https:\/\/soymigrante.com\/revista\/cantautora-gaby-moreno-lanza-el-videoclip-lamento-un-tributo-a-los-migrantes-guatemaltecos\/\" class=\"eael-post-elements-readmore-btn\">CONOCE SU HISTORIA <\/a><\/div>\n                    <\/div><\/div><\/div>\n        <\/div>\n    <\/article><article class=\"eael-grid-post  eael-post-grid-column eael-pg-post-1283 category-exitos tags-california\" data-id=\"1283\">\n        <div class=\"eael-grid-post-holder\">\n            <div class=\"eael-grid-post-holder-inner\"><div class=\"eael-entry-media\"><div class=\"eael-entry-overlay fade-in\"><i class=\"far fa-hand-pointer\" aria-hidden=\"true\"><\/i><a href=\"https:\/\/soymigrante.com\/revista\/cantautor-guatemalteco-migrante-gustavo-septimo\/\"><\/a><\/div><div class=\"eael-entry-thumbnail \">\n                <img loading=\"lazy\" decoding=\"async\" width=\"750\" height=\"751\" src=\"https:\/\/soymigrante.com\/revista\/wp-content\/uploads\/2023\/06\/Gustavo-VII-cantautor-guatemalteco-migrante-residente-en-Los-Angeles-4-1.webp\" class=\"attachment-large size-large wp-image-1304\" alt=\"\" srcset=\"https:\/\/soymigrante.com\/revista\/wp-content\/uploads\/2023\/06\/Gustavo-VII-cantautor-guatemalteco-migrante-residente-en-Los-Angeles-4-1.webp 750w, https:\/\/soymigrante.com\/revista\/wp-content\/uploads\/2023\/06\/Gustavo-VII-cantautor-guatemalteco-migrante-residente-en-Los-Angeles-4-1-300x300.webp 300w, https:\/\/soymigrante.com\/revista\/wp-content\/uploads\/2023\/06\/Gustavo-VII-cantautor-guatemalteco-migrante-residente-en-Los-Angeles-4-1-150x150.webp 150w, https:\/\/soymigrante.com\/revista\/wp-content\/uploads\/2023\/06\/Gustavo-VII-cantautor-guatemalteco-migrante-residente-en-Los-Angeles-4-1-75x75.webp 75w, https:\/\/soymigrante.com\/revista\/wp-content\/uploads\/2023\/06\/Gustavo-VII-cantautor-guatemalteco-migrante-residente-en-Los-Angeles-4-1-600x600.jpg 600w\" sizes=\"(max-width: 750px) 100vw, 750px\" \/>\n            <\/div>\n        <\/div><div class=\"eael-entry-wrapper\"><header class=\"eael-entry-header\"><h2 class=\"eael-entry-title\"><a class=\"eael-grid-post-link\" href=\"https:\/\/soymigrante.com\/revista\/cantautor-guatemalteco-migrante-gustavo-septimo\/\" title=\"Canci\u00f3n de vida, amor y servicio del artista migrante Gustavo VII\">Canci\u00f3n de vida, amor y servicio del artista migrante Gustavo VII<\/a><\/h2><\/header><div class=\"eael-entry-content\">\n                        <div class=\"eael-grid-post-excerpt\"><a href=\"https:\/\/soymigrante.com\/revista\/cantautor-guatemalteco-migrante-gustavo-septimo\/\" class=\"eael-post-elements-readmore-btn\">CONOCE SU HISTORIA <\/a><\/div>\n                    <\/div><\/div><\/div>\n        <\/div>\n    <\/article><\/div>\n            <div class=\"clearfix\"><\/div>\n        <\/div>\t\t\t\t<\/div>\n\t\t\t\t\t<\/div>\n\t\t\t\t<\/div>\n\t\t\t\t<\/div>\n\t\t","protected":false},"excerpt":{"rendered":"<p>Carlos M\u00e9rida (1891-1984) sigue sorprendiendo con su lenguaje geom\u00e9trico, que a primera vista parece dif\u00edcil de entender, pero al observarlo mejor es sencillo y genial. La obra de Carlos M\u00e9rida (1891-1984) est\u00e1 en edificios p\u00fablicos de Guatemala, a la vista de todos, pero a\u00fan as\u00ed, muchos guatemaltecos a\u00fan no lo conocen. El colorido mural frente [&hellip;]<\/p>\n","protected":false},"author":19,"featured_media":44788,"comment_status":"open","ping_status":"open","sticky":false,"template":"","format":"standard","meta":{"_acf_changed":false,"_eb_attr":"","footnotes":""},"categories":[91,58],"tags":[],"class_list":["post-41265","post","type-post","status-publish","format-standard","has-post-thumbnail","hentry","category-arte-cultura","category-guate-nuestra"],"acf":[],"aioseo_notices":[],"aioseo_head":"\n\t\t<!-- All in One SEO Pro 4.9.6.2 - aioseo.com -->\n\t<meta name=\"description\" content=\"Artista polifac\u00e9tico: cantante, compositor, promotor cultural y mucho m\u00e1s. Gustavo VII lleva 49 a\u00f1os de camino musical, pero sobre todo de impulsar valores de identidad guatemalteca y talentos de la m\u00fasica de Guatemala desde Los Angeles, donde reside. Todav\u00eda no cumpl\u00eda 15 a\u00f1os Gustavo Castillo cuando se present\u00f3 en televisi\u00f3n, en un programa del canal\" \/>\n\t<meta name=\"robots\" content=\"max-snippet:-1, max-image-preview:large, max-video-preview:-1\" \/>\n\t<meta name=\"author\" content=\"Gustavo Montenegro\"\/>\n\t<link rel=\"canonical\" href=\"https:\/\/soymigrante.com\/revista\/cantautor-guatemalteco-migrante-gustavo-septimo\/\" \/>\n\t<meta name=\"generator\" content=\"All in One SEO Pro (AIOSEO) 4.9.6.2\" \/>\n\n\t\t<link rel=\"preconnect\" href=\"https:\/\/fonts.googleapis.com\" crossorigin>\n<link rel=\"preconnect\" href=\"https:\/\/fonts.gstatic.com\" crossorigin>\n\t\t<meta property=\"og:locale\" content=\"es_ES\" \/>\n\t\t<meta property=\"og:site_name\" content=\"SoyMigrante.com REVISTA \u2013 Nuestra misi\u00f3n es reconocer y dignificar al migrante.\" \/>\n\t\t<meta property=\"og:type\" content=\"article\" \/>\n\t\t<meta property=\"og:title\" content=\"Canci\u00f3n de vida, amor y servicio del artista migrante Gustavo VII\" \/>\n\t\t<meta property=\"og:description\" content=\"Artista polifac\u00e9tico: cantante, compositor, promotor cultural y mucho m\u00e1s. Gustavo VII lleva 49 a\u00f1os de camino musical, pero sobre todo de impulsar valores de identidad guatemalteca y talentos de la m\u00fasica de Guatemala desde Los Angeles, donde reside. Todav\u00eda no cumpl\u00eda 15 a\u00f1os Gustavo Castillo cuando se present\u00f3 en televisi\u00f3n, en un programa del canal\" \/>\n\t\t<meta property=\"og:url\" content=\"https:\/\/soymigrante.com\/revista\/cantautor-guatemalteco-migrante-gustavo-septimo\/\" \/>\n\t\t<meta property=\"og:image\" content=\"https:\/\/soymigrante.com\/revista\/wp-content\/uploads\/2023\/06\/Gustavo-VII-cantautor-guatemalteco-migrante-residente-en-Los-Angeles-4-1.webp\" \/>\n\t\t<meta property=\"og:image:secure_url\" content=\"https:\/\/soymigrante.com\/revista\/wp-content\/uploads\/2023\/06\/Gustavo-VII-cantautor-guatemalteco-migrante-residente-en-Los-Angeles-4-1.webp\" \/>\n\t\t<meta property=\"og:image:width\" content=\"750\" \/>\n\t\t<meta property=\"og:image:height\" content=\"751\" \/>\n\t\t<meta property=\"article:published_time\" content=\"2023-06-08T23:26:29+00:00\" \/>\n\t\t<meta property=\"article:modified_time\" content=\"2026-03-11T22:35:10+00:00\" \/>\n\t\t<meta property=\"article:publisher\" content=\"https:\/\/www.facebook.com\/soymigrantecom\" \/>\n\t\t<meta name=\"twitter:card\" content=\"summary_large_image\" \/>\n\t\t<meta name=\"twitter:site\" content=\"@SoyMigrante_com\" \/>\n\t\t<meta name=\"twitter:title\" content=\"Canci\u00f3n de vida, amor y servicio del artista migrante Gustavo VII\" \/>\n\t\t<meta name=\"twitter:description\" content=\"Artista polifac\u00e9tico: cantante, compositor, promotor cultural y mucho m\u00e1s. Gustavo VII lleva 49 a\u00f1os de camino musical, pero sobre todo de impulsar valores de identidad guatemalteca y talentos de la m\u00fasica de Guatemala desde Los Angeles, donde reside. Todav\u00eda no cumpl\u00eda 15 a\u00f1os Gustavo Castillo cuando se present\u00f3 en televisi\u00f3n, en un programa del canal\" \/>\n\t\t<meta name=\"twitter:creator\" content=\"@SoyMigrante_com\" \/>\n\t\t<meta name=\"twitter:image\" content=\"https:\/\/soymigrante.com\/revista\/wp-content\/uploads\/2023\/06\/Gustavo-VII-cantautor-guatemalteco-migrante-residente-en-Los-Angeles-4-1.webp\" \/>\n\t\t<!-- All in One SEO Pro -->\r\n\t\t<title>Canci\u00f3n de vida, amor y servicio del artista migrante Gustavo VII<\/title>\n\n","aioseo_head_json":{"title":"Canci\u00f3n de vida, amor y servicio del artista migrante Gustavo VII","description":"Artista polifac\u00e9tico: cantante, compositor, promotor cultural y mucho m\u00e1s. Gustavo VII lleva 49 a\u00f1os de camino musical, pero sobre todo de impulsar valores de identidad guatemalteca y talentos de la m\u00fasica de Guatemala desde Los Angeles, donde reside. Todav\u00eda no cumpl\u00eda 15 a\u00f1os Gustavo Castillo cuando se present\u00f3 en televisi\u00f3n, en un programa del canal","canonical_url":"https:\/\/soymigrante.com\/revista\/cantautor-guatemalteco-migrante-gustavo-septimo\/","robots":"max-snippet:-1, max-image-preview:large, max-video-preview:-1","keywords":"","webmasterTools":{"miscellaneous":"&lt;link rel=\"preconnect\" href=\"https:\/\/fonts.googleapis.com\" crossorigin&gt;\n&lt;link rel=\"preconnect\" href=\"https:\/\/fonts.gstatic.com\" crossorigin&gt;"},"schema":null,"og:locale":"es_ES","og:site_name":"SoyMigrante.com REVISTA \u2013 Nuestra misi\u00f3n es reconocer y dignificar al migrante.","og:type":"article","og:title":"Canci\u00f3n de vida, amor y servicio del artista migrante Gustavo VII","og:description":"Artista polifac\u00e9tico: cantante, compositor, promotor cultural y mucho m\u00e1s. Gustavo VII lleva 49 a\u00f1os de camino musical, pero sobre todo de impulsar valores de identidad guatemalteca y talentos de la m\u00fasica de Guatemala desde Los Angeles, donde reside. Todav\u00eda no cumpl\u00eda 15 a\u00f1os Gustavo Castillo cuando se present\u00f3 en televisi\u00f3n, en un programa del canal","og:url":"https:\/\/soymigrante.com\/revista\/cantautor-guatemalteco-migrante-gustavo-septimo\/","og:image":"https:\/\/soymigrante.com\/revista\/wp-content\/uploads\/2023\/06\/Gustavo-VII-cantautor-guatemalteco-migrante-residente-en-Los-Angeles-4-1.webp","og:image:secure_url":"https:\/\/soymigrante.com\/revista\/wp-content\/uploads\/2023\/06\/Gustavo-VII-cantautor-guatemalteco-migrante-residente-en-Los-Angeles-4-1.webp","og:image:width":750,"og:image:height":751,"article:published_time":"2023-06-08T23:26:29+00:00","article:modified_time":"2026-03-11T22:35:10+00:00","article:publisher":"https:\/\/www.facebook.com\/soymigrantecom","twitter:card":"summary_large_image","twitter:site":"@SoyMigrante_com","twitter:title":"Canci\u00f3n de vida, amor y servicio del artista migrante Gustavo VII","twitter:description":"Artista polifac\u00e9tico: cantante, compositor, promotor cultural y mucho m\u00e1s. Gustavo VII lleva 49 a\u00f1os de camino musical, pero sobre todo de impulsar valores de identidad guatemalteca y talentos de la m\u00fasica de Guatemala desde Los Angeles, donde reside. Todav\u00eda no cumpl\u00eda 15 a\u00f1os Gustavo Castillo cuando se present\u00f3 en televisi\u00f3n, en un programa del canal","twitter:creator":"@SoyMigrante_com","twitter:image":"https:\/\/soymigrante.com\/revista\/wp-content\/uploads\/2023\/06\/Gustavo-VII-cantautor-guatemalteco-migrante-residente-en-Los-Angeles-4-1.webp"},"aioseo_meta_data":{"post_id":"41265","title":"Carlos M\u00e9rida, genio fundador del arte moderno guatemalteco","description":"Carlos M\u00e9rida (1891-1984) conoci\u00f3 las vanguardias art\u00edsticas en Par\u00eds y las trajo a Guatemala, donde las combin\u00f3 con la cosmovisi\u00f3n maya: una fusi\u00f3n fascinante.","keywords":null,"keyphrases":{"focus":{"keyphrase":"Carlos M\u00e9rida","score":91,"analysis":{"keyphraseInTitle":{"score":9,"maxScore":9,"error":0},"keyphraseInDescription":{"score":9,"maxScore":9,"error":0},"keyphraseLength":{"score":9,"maxScore":9,"error":0,"length":3},"keyphraseInURL":{"score":5,"maxScore":5,"error":0},"keyphraseInIntroduction":{"score":9,"maxScore":9,"error":0},"keyphraseInSubHeadings":{"score":3,"maxScore":9,"error":1},"keyphraseInImageAlt":{"score":9,"maxScore":9,"error":0},"keywordDensity":{"type":"best","score":9,"maxScore":9,"error":0}}},"additional":[{"keyphrase":"artista","score":60,"analysis":{"keyphraseInDescription":{"score":3,"maxScore":9,"error":1},"keyphraseLength":{"score":9,"maxScore":9,"error":0,"length":1},"keyphraseInIntroduction":{"score":3,"maxScore":9,"error":1},"keyphraseInImageAlt":{"score":3,"maxScore":9,"error":1},"keywordDensity":{"type":"best","score":9,"maxScore":9,"error":0}}},{"keyphrase":"guatemalteco","score":73,"analysis":{"keyphraseInDescription":{"score":3,"maxScore":9,"error":1},"keyphraseLength":{"score":9,"maxScore":9,"error":0,"length":1},"keyphraseInIntroduction":{"score":9,"maxScore":9,"error":0},"keyphraseInImageAlt":{"score":3,"maxScore":9,"error":1},"keywordDensity":{"type":"best","score":9,"maxScore":9,"error":0}}}]},"primary_term":null,"canonical_url":null,"og_title":null,"og_description":null,"og_object_type":"default","og_image_type":"default","og_image_url":null,"og_image_width":null,"og_image_height":null,"og_image_custom_url":null,"og_image_custom_fields":null,"og_video":"","og_custom_url":null,"og_article_section":null,"og_article_tags":null,"twitter_use_og":false,"twitter_card":"default","twitter_image_type":"default","twitter_image_url":null,"twitter_image_custom_url":null,"twitter_image_custom_fields":null,"twitter_title":null,"twitter_description":null,"schema":{"blockGraphs":[],"customGraphs":[],"default":{"data":{"Article":[],"Course":[],"Dataset":[],"FAQPage":[],"Movie":[],"Person":[],"Product":[],"ProductReview":[],"Car":[],"Recipe":[],"Service":[],"SoftwareApplication":[],"WebPage":[]},"graphName":"none","isEnabled":true},"graphs":[]},"schema_type":"default","schema_type_options":null,"pillar_content":false,"robots_default":true,"robots_noindex":false,"robots_noarchive":false,"robots_nosnippet":false,"robots_nofollow":false,"robots_noimageindex":false,"robots_noodp":false,"robots_notranslate":false,"robots_max_snippet":"-1","robots_max_videopreview":"-1","robots_max_imagepreview":"large","priority":null,"frequency":"default","local_seo":null,"seo_analyzer_scan_date":"2025-10-09 08:31:32","breadcrumb_settings":null,"limit_modified_date":false,"reviewed_by":"0","open_ai":null,"ai":{"faqs":[],"keyPoints":[],"titles":[],"descriptions":[],"socialPosts":{"email":[],"linkedin":[],"twitter":[],"facebook":[],"instagram":[]}},"created":"2025-08-05 18:18:40","updated":"2026-02-05 04:58:06"},"aioseo_breadcrumb":"<div class=\"aioseo-breadcrumbs\"><span class=\"aioseo-breadcrumb\">\n\t<a href=\"https:\/\/soymigrante.com\/revista\" title=\"Home\">Home<\/a>\n<\/span><span class=\"aioseo-breadcrumb-separator\">\u00bb<\/span><span class=\"aioseo-breadcrumb\">\n\t<a href=\"https:\/\/soymigrante.com\/revista\/category\/guate-nuestra\/\" title=\"Guate Nuestra\">Guate Nuestra<\/a>\n<\/span><span class=\"aioseo-breadcrumb-separator\">\u00bb<\/span><span class=\"aioseo-breadcrumb\">\n\t<a href=\"https:\/\/soymigrante.com\/revista\/category\/guate-nuestra\/arte-cultura\/\" title=\"Cultura de Guatemala\">Cultura de Guatemala<\/a>\n<\/span><span class=\"aioseo-breadcrumb-separator\">\u00bb<\/span><span class=\"aioseo-breadcrumb\">\n\tMira arte guatemalteco: Carlos M\u00e9rida, un genio que sigue siendo a\u00fan poco conocido\n<\/span><\/div>","aioseo_breadcrumb_json":[{"label":"Home","link":"https:\/\/soymigrante.com\/revista"},{"label":"Guate Nuestra","link":"https:\/\/soymigrante.com\/revista\/category\/guate-nuestra\/"},{"label":"Cultura de Guatemala","link":"https:\/\/soymigrante.com\/revista\/category\/guate-nuestra\/arte-cultura\/"},{"label":"Mira arte guatemalteco: Carlos M\u00e9rida, un genio que sigue siendo a\u00fan poco conocido","link":"https:\/\/soymigrante.com\/revista\/mira-arte-guatemalteco-carlos-merida-un-genio-que-sigue-siendo-aun-poco-conocido\/"}],"_links":{"self":[{"href":"https:\/\/soymigrante.com\/revista\/wp-json\/wp\/v2\/posts\/41265","targetHints":{"allow":["GET"]}}],"collection":[{"href":"https:\/\/soymigrante.com\/revista\/wp-json\/wp\/v2\/posts"}],"about":[{"href":"https:\/\/soymigrante.com\/revista\/wp-json\/wp\/v2\/types\/post"}],"author":[{"embeddable":true,"href":"https:\/\/soymigrante.com\/revista\/wp-json\/wp\/v2\/users\/19"}],"replies":[{"embeddable":true,"href":"https:\/\/soymigrante.com\/revista\/wp-json\/wp\/v2\/comments?post=41265"}],"version-history":[{"count":27,"href":"https:\/\/soymigrante.com\/revista\/wp-json\/wp\/v2\/posts\/41265\/revisions"}],"predecessor-version":[{"id":45606,"href":"https:\/\/soymigrante.com\/revista\/wp-json\/wp\/v2\/posts\/41265\/revisions\/45606"}],"wp:featuredmedia":[{"embeddable":true,"href":"https:\/\/soymigrante.com\/revista\/wp-json\/wp\/v2\/media\/44788"}],"wp:attachment":[{"href":"https:\/\/soymigrante.com\/revista\/wp-json\/wp\/v2\/media?parent=41265"}],"wp:term":[{"taxonomy":"category","embeddable":true,"href":"https:\/\/soymigrante.com\/revista\/wp-json\/wp\/v2\/categories?post=41265"},{"taxonomy":"post_tag","embeddable":true,"href":"https:\/\/soymigrante.com\/revista\/wp-json\/wp\/v2\/tags?post=41265"}],"curies":[{"name":"wp","href":"https:\/\/api.w.org\/{rel}","templated":true}]}}