{"id":41254,"date":"2025-08-05T14:35:33","date_gmt":"2025-08-05T20:35:33","guid":{"rendered":"https:\/\/soymigrante.com\/revista\/?p=41254"},"modified":"2025-08-05T14:35:42","modified_gmt":"2025-08-05T20:35:42","slug":"safe-passage-guatemala-educacion-que-transforma-comunidades-y-futuros","status":"publish","type":"post","link":"https:\/\/soymigrante.com\/revista\/safe-passage-guatemala-educacion-que-transforma-comunidades-y-futuros\/","title":{"rendered":"Safe Passage Guatemala: Educaci\u00f3n que transforma comunidades y futuros"},"content":{"rendered":"\t\t<div data-elementor-type=\"wp-post\" data-elementor-id=\"41254\" class=\"elementor elementor-41254\" data-elementor-post-type=\"post\">\n\t\t\t\t<div data-particle_enable=\"false\" data-particle-mobile-disabled=\"false\" class=\"elementor-element elementor-element-3a0cf78 e-flex e-con-boxed e-con e-parent\" data-id=\"3a0cf78\" data-element_type=\"container\" data-e-type=\"container\">\n\t\t\t\t\t<div class=\"e-con-inner\">\n\t\t\t\t<div class=\"elementor-element elementor-element-c11d572 elementor-widget elementor-widget-heading\" data-id=\"c11d572\" data-element_type=\"widget\" data-e-type=\"widget\" data-widget_type=\"heading.default\">\n\t\t\t\t\t<h2 class=\"elementor-heading-title elementor-size-default\">Safe Passage Guatemala es una organizaci\u00f3n que lucha para que las comunidades se transformen y rompan la pobreza. <\/h2>\t\t\t\t<\/div>\n\t\t\t\t\t<\/div>\n\t\t\t\t<\/div>\n\t\t<div data-particle_enable=\"false\" data-particle-mobile-disabled=\"false\" class=\"elementor-element elementor-element-7fcf1e3 e-flex e-con-boxed e-con e-parent\" data-id=\"7fcf1e3\" data-element_type=\"container\" data-e-type=\"container\">\n\t\t\t\t\t<div class=\"e-con-inner\">\n\t\t\t\t<div class=\"elementor-element elementor-element-b81b8c1 elementor-widget elementor-widget-text-editor\" data-id=\"b81b8c1\" data-element_type=\"widget\" data-e-type=\"widget\" data-widget_type=\"text-editor.default\">\n\t\t\t\t\t\t\t\t\t<p>En un pa\u00eds donde menos de la mitad de los j\u00f3venes concluyen la secundaria, una organizaci\u00f3n ha demostrado que el cambio es posible. <a href=\"https:\/\/www.instagram.com\/p\/DMONR8XzWUo\/\" target=\"_blank\" rel=\"noopener\">Safe Passage, una iniciativa educativa sin fines de lucro que trabaja con comunidades de escasos recursos en Ciudad de Guatemala,<\/a> ha logrado que m\u00e1s del 95% de sus estudiantes permanezcan en la escuela, superando ampliamente el promedio nacional, donde apenas 4 de cada 10 estudiantes logran graduarse de nivel medio.<\/p><p>Este notable \u00e9xito educativo ha sido compartido recientemente a trav\u00e9s de sus redes sociales oficiales, donde <a href=\"https:\/\/www.instagram.com\/p\/DMONR8XzWUo\/\" target=\"_blank\" rel=\"noopener\">Safe Passage resalt\u00f3 el impacto positivo de su programa integral, que no solo ofrece clases formales, sino tambi\u00e9n alimentaci\u00f3n,<\/a> apoyo emocional, talleres para padres y formaci\u00f3n t\u00e9cnica.<\/p>\t\t\t\t\t\t\t\t<\/div>\n\t\t\t\t\t<\/div>\n\t\t\t\t<\/div>\n\t\t<div data-particle_enable=\"false\" data-particle-mobile-disabled=\"false\" class=\"elementor-element elementor-element-8a4854b e-flex e-con-boxed e-con e-parent\" data-id=\"8a4854b\" data-element_type=\"container\" data-e-type=\"container\">\n\t\t\t\t\t<div class=\"e-con-inner\">\n\t\t\t\t<div class=\"elementor-element elementor-element-5bb0a08 elementor-widget elementor-widget-image\" data-id=\"5bb0a08\" data-element_type=\"widget\" data-e-type=\"widget\" data-widget_type=\"image.default\">\n\t\t\t\t\t\t\t\t\t\t\t\t<figure class=\"wp-caption\">\n\t\t\t\t\t\t\t\t\t\t<img fetchpriority=\"high\" decoding=\"async\" width=\"768\" height=\"409\" src=\"https:\/\/soymigrante.com\/revista\/wp-content\/uploads\/2025\/08\/Captura-de-pantalla-2025-08-05-113708.webp\" class=\"attachment-large size-large wp-image-41260\" alt=\"Mejorando la educaci\u00f3n de ni\u00f1os migrantes en clase interactiva, con profesores y estudiantes felices en un aula colorida y motivadora, promoviendo integraci\u00f3n y crecimiento cultural.\" srcset=\"https:\/\/soymigrante.com\/revista\/wp-content\/uploads\/2025\/08\/Captura-de-pantalla-2025-08-05-113708.webp 861w, https:\/\/soymigrante.com\/revista\/wp-content\/uploads\/2025\/08\/Captura-de-pantalla-2025-08-05-113708-300x160.png 300w, https:\/\/soymigrante.com\/revista\/wp-content\/uploads\/2025\/08\/Captura-de-pantalla-2025-08-05-113708-768x409.png 768w, https:\/\/soymigrante.com\/revista\/wp-content\/uploads\/2025\/08\/Captura-de-pantalla-2025-08-05-113708-750x399.webp 750w\" sizes=\"(max-width: 768px) 100vw, 768px\" title=\"Los ni\u00f1os son atendidos por la organizaci\u00f3n para alentarlos a seguir con su educaci\u00f3n. (Foto: Redes sociales de la organizaci\u00f3n) \u2013 SoyMigrante.com REVISTA\" \/>\t\t\t\t\t\t\t\t\t\t\t<figcaption class=\"widget-image-caption wp-caption-text\">Grupo de ni\u00f1os y profesores en aula escolar, promoviendo educaci\u00f3n inclusiva y derechos de migrantes en un ambiente positivo y de aprendizaje.<\/figcaption>\n\t\t\t\t\t\t\t\t\t\t<\/figure>\n\t\t\t\t\t\t\t\t\t<\/div>\n\t\t\t\t\t<\/div>\n\t\t\t\t<\/div>\n\t\t<div data-particle_enable=\"false\" data-particle-mobile-disabled=\"false\" class=\"elementor-element elementor-element-314d774 e-flex e-con-boxed e-con e-parent\" data-id=\"314d774\" data-element_type=\"container\" data-e-type=\"container\">\n\t\t\t\t\t<div class=\"e-con-inner\">\n\t\t\t\t<div class=\"elementor-element elementor-element-3688b58 elementor-widget elementor-widget-heading\" data-id=\"3688b58\" data-element_type=\"widget\" data-e-type=\"widget\" data-widget_type=\"heading.default\">\n\t\t\t\t\t<h3 class=\"elementor-heading-title elementor-size-default\">Un espacio seguro para los ni\u00f1os <\/h3>\t\t\t\t<\/div>\n\t\t\t\t\t<\/div>\n\t\t\t\t<\/div>\n\t\t<div data-particle_enable=\"false\" data-particle-mobile-disabled=\"false\" class=\"elementor-element elementor-element-fa06dd6 e-flex e-con-boxed e-con e-parent\" data-id=\"fa06dd6\" data-element_type=\"container\" data-e-type=\"container\">\n\t\t\t\t\t<div class=\"e-con-inner\">\n\t\t\t\t<div class=\"elementor-element elementor-element-a9d2d97 elementor-widget elementor-widget-text-editor\" data-id=\"a9d2d97\" data-element_type=\"widget\" data-e-type=\"widget\" data-widget_type=\"text-editor.default\">\n\t\t\t\t\t\t\t\t\t<p>La organizaci\u00f3n \u2014fundada en 1999 por Hanley Denning\u2014 trabaja con familias que viven en los alrededores del vertedero de la zona 3, una de las zonas m\u00e1s vulnerables del pa\u00eds.<a href=\"https:\/\/www.instagram.com\/p\/DMONR8XzWUo\/\" target=\"_blank\" rel=\"noopener\"> All\u00ed, Safe Passage ha construido un espacio seguro donde los ni\u00f1os y j\u00f3venes pueden acceder a educaci\u00f3n de calidad<\/a> y romper el ciclo de pobreza que por generaciones ha limitado sus oportunidades.<\/p><p>\u201cCuando les damos a los estudiantes el acompa\u00f1amiento, los recursos y la motivaci\u00f3n necesarios, las barreras estructurales pueden ser superadas. Estos logros no solo transforman vidas individuales, sino que tambi\u00e9n fortalecen comunidades enteras\u201d, menciona la publicaci\u00f3n de la organizaci\u00f3n en Instagram.<\/p>\t\t\t\t\t\t\t\t<\/div>\n\t\t\t\t\t<\/div>\n\t\t\t\t<\/div>\n\t\t<div data-particle_enable=\"false\" data-particle-mobile-disabled=\"false\" class=\"elementor-element elementor-element-3d274e2 e-flex e-con-boxed e-con e-parent\" data-id=\"3d274e2\" data-element_type=\"container\" data-e-type=\"container\">\n\t\t\t\t\t<div class=\"e-con-inner\">\n\t\t\t\t<div class=\"elementor-element elementor-element-4513b5d elementor-widget elementor-widget-image\" data-id=\"4513b5d\" data-element_type=\"widget\" data-e-type=\"widget\" data-widget_type=\"image.default\">\n\t\t\t\t\t\t\t\t\t\t\t\t<figure class=\"wp-caption\">\n\t\t\t\t\t\t\t\t\t\t<img decoding=\"async\" width=\"684\" height=\"856\" src=\"https:\/\/soymigrante.com\/revista\/wp-content\/uploads\/2025\/08\/Captura-de-pantalla-2025-08-05-113645.webp\" class=\"attachment-large size-large wp-image-41258\" alt=\"Personalizada por SoyMigrante.com REVISTA, fotogr\u00e1fica de una mujer migrante y ni\u00f1a sonriendo juntas en un entorno natural.\" srcset=\"https:\/\/soymigrante.com\/revista\/wp-content\/uploads\/2025\/08\/Captura-de-pantalla-2025-08-05-113645.webp 684w, https:\/\/soymigrante.com\/revista\/wp-content\/uploads\/2025\/08\/Captura-de-pantalla-2025-08-05-113645-240x300.png 240w\" sizes=\"(max-width: 684px) 100vw, 684px\" title=\"Safe Passage contin\u00faa recibiendo apoyo de voluntarios, donantes internacionales y aliados locales. (Foto: Redes sociales de la organizaci\u00f3n) \u2013 SoyMigrante.com REVISTA\" \/>\t\t\t\t\t\t\t\t\t\t\t<figcaption class=\"widget-image-caption wp-caption-text\">Mujer migrante y ni\u00f1a en un ambiente natural, promoviendo historias de migrantes y temas de integraci\u00f3n en la comunidad.<\/figcaption>\n\t\t\t\t\t\t\t\t\t\t<\/figure>\n\t\t\t\t\t\t\t\t\t<\/div>\n\t\t\t\t\t<\/div>\n\t\t\t\t<\/div>\n\t\t<div data-particle_enable=\"false\" data-particle-mobile-disabled=\"false\" class=\"elementor-element elementor-element-c38ddf7 e-flex e-con-boxed e-con e-parent\" data-id=\"c38ddf7\" data-element_type=\"container\" data-e-type=\"container\">\n\t\t\t\t\t<div class=\"e-con-inner\">\n\t\t\t\t<div class=\"elementor-element elementor-element-035a472 elementor-widget elementor-widget-heading\" data-id=\"035a472\" data-element_type=\"widget\" data-e-type=\"widget\" data-widget_type=\"heading.default\">\n\t\t\t\t\t<h3 class=\"elementor-heading-title elementor-size-default\">Apoyo clave en las comunidades <\/h3>\t\t\t\t<\/div>\n\t\t\t\t\t<\/div>\n\t\t\t\t<\/div>\n\t\t<div data-particle_enable=\"false\" data-particle-mobile-disabled=\"false\" class=\"elementor-element elementor-element-a6372d6 e-flex e-con-boxed e-con e-parent\" data-id=\"a6372d6\" data-element_type=\"container\" data-e-type=\"container\">\n\t\t\t\t\t<div class=\"e-con-inner\">\n\t\t\t\t<div class=\"elementor-element elementor-element-b556599 elementor-widget elementor-widget-text-editor\" data-id=\"b556599\" data-element_type=\"widget\" data-e-type=\"widget\" data-widget_type=\"text-editor.default\">\n\t\t\t\t\t\t\t\t\t<p><a href=\"https:\/\/www.instagram.com\/p\/DMONR8XzWUo\/\" target=\"_blank\" rel=\"noopener\">El enfoque hol\u00edstico de Safe Passage ha demostrado ser clave: combinando educaci\u00f3n con apoyo psicosocial, orientaci\u00f3n vocacional y un fuerte v\u00ednculo con las familias,<\/a> el programa ha generado un impacto sostenible. En un contexto donde muchos j\u00f3venes deben abandonar la escuela por razones econ\u00f3micas o sociales, esta tasa de retenci\u00f3n superior al 95% marca una diferencia significativa.<\/p><p>Actualmente, Safe Passage contin\u00faa recibiendo apoyo de voluntarios, donantes internacionales y aliados locales, y busca expandir su modelo educativo para seguir transformando vidas a trav\u00e9s del poder de la educaci\u00f3n.<\/p>\t\t\t\t\t\t\t\t<\/div>\n\t\t\t\t\t<\/div>\n\t\t\t\t<\/div>\n\t\t<div data-particle_enable=\"false\" data-particle-mobile-disabled=\"false\" class=\"elementor-element elementor-element-1b1706f e-flex e-con-boxed e-con e-parent\" data-id=\"1b1706f\" data-element_type=\"container\" data-e-type=\"container\">\n\t\t\t\t\t<div class=\"e-con-inner\">\n\t\t\t\t<div class=\"elementor-element elementor-element-e36e92b elementor-widget elementor-widget-heading\" data-id=\"e36e92b\" data-element_type=\"widget\" data-e-type=\"widget\" data-widget_type=\"heading.default\">\n\t\t\t\t\t<h2 class=\"elementor-heading-title elementor-size-default\">Estos temas te pueden interesar...<\/h2>\t\t\t\t<\/div>\n\t\t\t\t\t<\/div>\n\t\t\t\t<\/div>\n\t\t<div data-particle_enable=\"false\" data-particle-mobile-disabled=\"false\" class=\"elementor-element elementor-element-d30cbd5 e-flex e-con-boxed e-con e-parent\" data-id=\"d30cbd5\" data-element_type=\"container\" data-e-type=\"container\">\n\t\t\t\t\t<div class=\"e-con-inner\">\n\t\t\t\t<div class=\"elementor-element elementor-element-137d4f0 elementor-grid-eael-col-3 elementor-grid-tablet-eael-col-2 elementor-grid-mobile-eael-col-1 elementor-invisible elementor-widget elementor-widget-eael-post-grid\" data-id=\"137d4f0\" data-element_type=\"widget\" data-e-type=\"widget\" data-settings=\"{&quot;eael_post_grid_columns&quot;:&quot;eael-col-3&quot;,&quot;_animation&quot;:&quot;rollIn&quot;,&quot;eael_post_grid_columns_tablet&quot;:&quot;eael-col-2&quot;,&quot;eael_post_grid_columns_mobile&quot;:&quot;eael-col-1&quot;}\" data-widget_type=\"eael-post-grid.default\">\n\t\t\t\t\t<div id=\"eael-post-grid-137d4f0\" class=\"eael-post-grid-container\">\n            <div class=\"eael-post-grid eael-post-appender eael-post-appender-137d4f0 eael-post-grid-style-one\" data-layout-mode=\"masonry\"><article class=\"eael-grid-post  eael-post-grid-column eael-pg-post-30622 category-bienestar\" data-id=\"30622\">\n        <div class=\"eael-grid-post-holder\">\n            <div class=\"eael-grid-post-holder-inner\"><div class=\"eael-entry-media\"><div class=\"eael-entry-overlay fade-in\"><i class=\"far fa-hand-pointer\" aria-hidden=\"true\"><\/i><a href=\"https:\/\/soymigrante.com\/revista\/educacion-en-pertinencia-ambiental-y-respeto-a-la-naturaleza-es-clave-para-el-futuro\/\"><\/a><\/div><div class=\"eael-entry-thumbnail \">\n                <img decoding=\"async\" width=\"1024\" height=\"1024\" src=\"https:\/\/soymigrante.com\/revista\/wp-content\/uploads\/2025\/04\/Crianza-para-la-resiliencia-climatica-Educar-para-un-futuro-sostenible-3-e1744317463397-1024x1024.jpeg\" class=\"attachment-large size-large wp-image-30623\" alt=\"Contaminaci\u00f3n en r\u00edos por basura generada por migrantes y comunidades cercanas. Iniciativa para promover conciencia ambiental y acciones sostenibles en zonas migrantes.\" srcset=\"https:\/\/soymigrante.com\/revista\/wp-content\/uploads\/2025\/04\/Crianza-para-la-resiliencia-climatica-Educar-para-un-futuro-sostenible-3-e1744317463397-1024x1024.jpeg 1024w, https:\/\/soymigrante.com\/revista\/wp-content\/uploads\/2025\/04\/Crianza-para-la-resiliencia-climatica-Educar-para-un-futuro-sostenible-3-e1744317463397-300x300.jpeg 300w, https:\/\/soymigrante.com\/revista\/wp-content\/uploads\/2025\/04\/Crianza-para-la-resiliencia-climatica-Educar-para-un-futuro-sostenible-3-e1744317463397-150x150.jpeg 150w, https:\/\/soymigrante.com\/revista\/wp-content\/uploads\/2025\/04\/Crianza-para-la-resiliencia-climatica-Educar-para-un-futuro-sostenible-3-e1744317463397-768x768.jpeg 768w, https:\/\/soymigrante.com\/revista\/wp-content\/uploads\/2025\/04\/Crianza-para-la-resiliencia-climatica-Educar-para-un-futuro-sostenible-3-e1744317463397-75x75.webp 75w, https:\/\/soymigrante.com\/revista\/wp-content\/uploads\/2025\/04\/Crianza-para-la-resiliencia-climatica-Educar-para-un-futuro-sostenible-3-e1744317463397-750x750.webp 750w, https:\/\/soymigrante.com\/revista\/wp-content\/uploads\/2025\/04\/Crianza-para-la-resiliencia-climatica-Educar-para-un-futuro-sostenible-3-e1744317463397.webp 1060w\" sizes=\"(max-width: 1024px) 100vw, 1024px\" \/>\n            <\/div>\n        <\/div><div class=\"eael-entry-wrapper\"><header class=\"eael-entry-header\"><h2 class=\"eael-entry-title\"><a class=\"eael-grid-post-link\" href=\"https:\/\/soymigrante.com\/revista\/educacion-en-pertinencia-ambiental-y-respeto-a-la-naturaleza-es-clave-para-el-futuro\/\" title=\"Educaci\u00f3n  en pertinencia ambiental y respeto a la naturaleza es clave para el futuro\">Educaci\u00f3n  en pertinencia ambiental y respeto a la naturaleza es clave para el futuro<\/a><\/h2><\/header><div class=\"eael-entry-content\">\n                        <div class=\"eael-grid-post-excerpt\"><a href=\"https:\/\/soymigrante.com\/revista\/educacion-en-pertinencia-ambiental-y-respeto-a-la-naturaleza-es-clave-para-el-futuro\/\" class=\"eael-post-elements-readmore-btn\">CONOCE SU HISTORIA <\/a><\/div>\n                    <\/div><\/div><\/div>\n        <\/div>\n    <\/article><article class=\"eael-grid-post  eael-post-grid-column eael-pg-post-12462 category-bienestar\" data-id=\"12462\">\n        <div class=\"eael-grid-post-holder\">\n            <div class=\"eael-grid-post-holder-inner\"><div class=\"eael-entry-media\"><div class=\"eael-entry-overlay fade-in\"><i class=\"far fa-hand-pointer\" aria-hidden=\"true\"><\/i><a href=\"https:\/\/soymigrante.com\/revista\/tu-hijo-tiene-capacidades-diferentes-y-necesita-educacion-especial-te-decimos-en-donde-buscar\/\"><\/a><\/div><div class=\"eael-entry-thumbnail \">\n                <img loading=\"lazy\" decoding=\"async\" width=\"1024\" height=\"1024\" src=\"https:\/\/soymigrante.com\/revista\/wp-content\/uploads\/2024\/11\/capacidades-diferentes-55-1024x1024.jpg\" class=\"attachment-large size-large wp-image-12469\" alt=\"Joven ni\u00f1a con auriculares y tel\u00e9fono m\u00f3vil, participaci\u00f3n en actividades digitales y de entretenimiento, en un ambiente familiar y moderno.\" srcset=\"https:\/\/soymigrante.com\/revista\/wp-content\/uploads\/2024\/11\/capacidades-diferentes-55-1024x1024.jpg 1024w, https:\/\/soymigrante.com\/revista\/wp-content\/uploads\/2024\/11\/capacidades-diferentes-55-300x300.webp 300w, https:\/\/soymigrante.com\/revista\/wp-content\/uploads\/2024\/11\/capacidades-diferentes-55-150x150.webp 150w, https:\/\/soymigrante.com\/revista\/wp-content\/uploads\/2024\/11\/capacidades-diferentes-55-768x768.jpg 768w, https:\/\/soymigrante.com\/revista\/wp-content\/uploads\/2024\/11\/capacidades-diferentes-55-1536x1536.jpg 1536w, https:\/\/soymigrante.com\/revista\/wp-content\/uploads\/2024\/11\/capacidades-diferentes-55-2048x2048.jpg 2048w, https:\/\/soymigrante.com\/revista\/wp-content\/uploads\/2024\/11\/capacidades-diferentes-55-scaled.webp 1920w\" sizes=\"(max-width: 1024px) 100vw, 1024px\" \/>\n            <\/div>\n        <\/div><div class=\"eael-entry-wrapper\"><header class=\"eael-entry-header\"><h2 class=\"eael-entry-title\"><a class=\"eael-grid-post-link\" href=\"https:\/\/soymigrante.com\/revista\/tu-hijo-tiene-capacidades-diferentes-y-necesita-educacion-especial-te-decimos-en-donde-buscar\/\" title=\"\u00bfTu hijo tiene capacidades diferentes y necesita educaci\u00f3n especial? Te decimos en d\u00f3nde buscar\">\u00bfTu hijo tiene capacidades diferentes y necesita educaci\u00f3n especial? Te decimos en d\u00f3nde buscar<\/a><\/h2><\/header><div class=\"eael-entry-content\">\n                        <div class=\"eael-grid-post-excerpt\"><a href=\"https:\/\/soymigrante.com\/revista\/tu-hijo-tiene-capacidades-diferentes-y-necesita-educacion-especial-te-decimos-en-donde-buscar\/\" class=\"eael-post-elements-readmore-btn\">CONOCE SU HISTORIA <\/a><\/div>\n                    <\/div><\/div><\/div>\n        <\/div>\n    <\/article><article class=\"eael-grid-post  eael-post-grid-column eael-pg-post-1822 category-bienestar\" data-id=\"1822\">\n        <div class=\"eael-grid-post-holder\">\n            <div class=\"eael-grid-post-holder-inner\"><div class=\"eael-entry-media\"><div class=\"eael-entry-overlay fade-in\"><i class=\"far fa-hand-pointer\" aria-hidden=\"true\"><\/i><a href=\"https:\/\/soymigrante.com\/revista\/educacion-financiera-para-migrantes-retornados\/\"><\/a><\/div><div class=\"eael-entry-thumbnail \">\n                <img loading=\"lazy\" decoding=\"async\" width=\"1024\" height=\"683\" src=\"https:\/\/soymigrante.com\/revista\/wp-content\/uploads\/2024\/01\/dolares-azules-regla-1024x683.webp\" class=\"attachment-large size-large wp-image-4267\" alt=\"\" srcset=\"https:\/\/soymigrante.com\/revista\/wp-content\/uploads\/2024\/01\/dolares-azules-regla-1024x683.webp 1024w, https:\/\/soymigrante.com\/revista\/wp-content\/uploads\/2024\/01\/dolares-azules-regla-300x200.webp 300w, https:\/\/soymigrante.com\/revista\/wp-content\/uploads\/2024\/01\/dolares-azules-regla-768x513.webp 768w, https:\/\/soymigrante.com\/revista\/wp-content\/uploads\/2024\/01\/dolares-azules-regla-1536x1025.webp 1536w, https:\/\/soymigrante.com\/revista\/wp-content\/uploads\/2024\/01\/dolares-azules-regla-scaled.webp 1920w, https:\/\/soymigrante.com\/revista\/wp-content\/uploads\/2024\/01\/dolares-azules-regla-750x501.webp 750w, https:\/\/soymigrante.com\/revista\/wp-content\/uploads\/2024\/01\/dolares-azules-regla-1140x761.webp 1140w, https:\/\/soymigrante.com\/revista\/wp-content\/uploads\/2024\/01\/dolares-azules-regla-600x400.webp 600w\" sizes=\"(max-width: 1024px) 100vw, 1024px\" \/>\n            <\/div>\n        <\/div><div class=\"eael-entry-wrapper\"><header class=\"eael-entry-header\"><h2 class=\"eael-entry-title\"><a class=\"eael-grid-post-link\" href=\"https:\/\/soymigrante.com\/revista\/educacion-financiera-para-migrantes-retornados\/\" title=\"Educaci\u00f3n financiera para migrantes retornados: 4 claves\">Educaci\u00f3n financiera para migrantes retornados: 4 claves<\/a><\/h2><\/header><div class=\"eael-entry-content\">\n                        <div class=\"eael-grid-post-excerpt\"><a href=\"https:\/\/soymigrante.com\/revista\/educacion-financiera-para-migrantes-retornados\/\" class=\"eael-post-elements-readmore-btn\">CONOCE SU HISTORIA <\/a><\/div>\n                    <\/div><\/div><\/div>\n        <\/div>\n    <\/article><\/div>\n            <div class=\"clearfix\"><\/div>\n        <\/div>\t\t\t\t<\/div>\n\t\t\t\t\t<\/div>\n\t\t\t\t<\/div>\n\t\t\t\t<\/div>\n\t\t","protected":false},"excerpt":{"rendered":"<p>Safe Passage Guatemala es una organizaci\u00f3n que lucha para que las comunidades se transformen y rompan la pobreza. En un pa\u00eds donde menos de la mitad de los j\u00f3venes concluyen la secundaria, una organizaci\u00f3n ha demostrado que el cambio es posible. Safe Passage, una iniciativa educativa sin fines de lucro que trabaja con comunidades de [&hellip;]<\/p>\n","protected":false},"author":19,"featured_media":41255,"comment_status":"open","ping_status":"open","sticky":false,"template":"","format":"standard","meta":{"_acf_changed":false,"_eb_attr":"","footnotes":""},"categories":[54],"tags":[],"class_list":["post-41254","post","type-post","status-publish","format-standard","has-post-thumbnail","hentry","category-estamos-unidos"],"acf":[],"aioseo_notices":[],"aioseo_head":"\n\t\t<!-- All in One SEO Pro 4.9.6.2 - aioseo.com -->\n\t<meta name=\"description\" content=\"Migrantes retornados enfrentan retos financieros \u00fanicos. Aprende c\u00f3mo la educaci\u00f3n financiera puede ser la clave para un futuro pr\u00f3spero.\" \/>\n\t<meta name=\"robots\" content=\"max-snippet:-1, max-image-preview:large, max-video-preview:-1\" \/>\n\t<meta name=\"author\" content=\"Diana Batz\"\/>\n\t<link rel=\"canonical\" href=\"https:\/\/soymigrante.com\/revista\/educacion-financiera-para-migrantes-retornados\/\" \/>\n\t<meta name=\"generator\" content=\"All in One SEO Pro (AIOSEO) 4.9.6.2\" \/>\n\n\t\t<link rel=\"preconnect\" href=\"https:\/\/fonts.googleapis.com\" crossorigin>\n<link rel=\"preconnect\" href=\"https:\/\/fonts.gstatic.com\" crossorigin>\n\t\t<meta property=\"og:locale\" content=\"es_ES\" \/>\n\t\t<meta property=\"og:site_name\" content=\"SoyMigrante.com REVISTA \u2013 Nuestra misi\u00f3n es reconocer y dignificar al migrante.\" \/>\n\t\t<meta property=\"og:type\" content=\"article\" \/>\n\t\t<meta property=\"og:title\" content=\"Educaci\u00f3n financiera para migrantes retornados: 4 claves\" \/>\n\t\t<meta property=\"og:description\" content=\"Migrantes retornados enfrentan retos financieros \u00fanicos. Aprende c\u00f3mo la educaci\u00f3n financiera puede ser la clave para un futuro pr\u00f3spero.\" \/>\n\t\t<meta property=\"og:url\" content=\"https:\/\/soymigrante.com\/revista\/educacion-financiera-para-migrantes-retornados\/\" \/>\n\t\t<meta property=\"og:image\" content=\"https:\/\/soymigrante.com\/revista\/wp-content\/uploads\/2024\/01\/dolares-azules-regla-scaled.webp\" \/>\n\t\t<meta property=\"og:image:secure_url\" content=\"https:\/\/soymigrante.com\/revista\/wp-content\/uploads\/2024\/01\/dolares-azules-regla-scaled.webp\" \/>\n\t\t<meta property=\"og:image:width\" content=\"1920\" \/>\n\t\t<meta property=\"og:image:height\" content=\"1282\" \/>\n\t\t<meta property=\"article:published_time\" content=\"2023-07-12T21:44:39+00:00\" \/>\n\t\t<meta property=\"article:modified_time\" content=\"2024-10-11T00:29:03+00:00\" \/>\n\t\t<meta property=\"article:publisher\" content=\"https:\/\/www.facebook.com\/soymigrantecom\" \/>\n\t\t<meta name=\"twitter:card\" content=\"summary_large_image\" \/>\n\t\t<meta name=\"twitter:site\" content=\"@SoyMigrante_com\" \/>\n\t\t<meta name=\"twitter:title\" content=\"Educaci\u00f3n financiera para migrantes retornados: 4 claves\" \/>\n\t\t<meta name=\"twitter:description\" content=\"Migrantes retornados enfrentan retos financieros \u00fanicos. Aprende c\u00f3mo la educaci\u00f3n financiera puede ser la clave para un futuro pr\u00f3spero.\" \/>\n\t\t<meta name=\"twitter:creator\" content=\"@SoyMigrante_com\" \/>\n\t\t<meta name=\"twitter:image\" content=\"https:\/\/soymigrante.com\/revista\/wp-content\/uploads\/2024\/01\/dolares-azules-regla-scaled.webp\" \/>\n\t\t<!-- All in One SEO Pro -->\r\n\t\t<title>Educaci\u00f3n financiera para migrantes retornados: 4 claves<\/title>\n\n","aioseo_head_json":{"title":"Educaci\u00f3n financiera para migrantes retornados: 4 claves","description":"Migrantes retornados enfrentan retos financieros \u00fanicos. Aprende c\u00f3mo la educaci\u00f3n financiera puede ser la clave para un futuro pr\u00f3spero.","canonical_url":"https:\/\/soymigrante.com\/revista\/educacion-financiera-para-migrantes-retornados\/","robots":"max-snippet:-1, max-image-preview:large, max-video-preview:-1","keywords":"","webmasterTools":{"miscellaneous":"&lt;link rel=\"preconnect\" href=\"https:\/\/fonts.googleapis.com\" crossorigin&gt;\n&lt;link rel=\"preconnect\" href=\"https:\/\/fonts.gstatic.com\" crossorigin&gt;"},"schema":null,"og:locale":"es_ES","og:site_name":"SoyMigrante.com REVISTA \u2013 Nuestra misi\u00f3n es reconocer y dignificar al migrante.","og:type":"article","og:title":"Educaci\u00f3n financiera para migrantes retornados: 4 claves","og:description":"Migrantes retornados enfrentan retos financieros \u00fanicos. Aprende c\u00f3mo la educaci\u00f3n financiera puede ser la clave para un futuro pr\u00f3spero.","og:url":"https:\/\/soymigrante.com\/revista\/educacion-financiera-para-migrantes-retornados\/","og:image":"https:\/\/soymigrante.com\/revista\/wp-content\/uploads\/2024\/01\/dolares-azules-regla-scaled.webp","og:image:secure_url":"https:\/\/soymigrante.com\/revista\/wp-content\/uploads\/2024\/01\/dolares-azules-regla-scaled.webp","og:image:width":1920,"og:image:height":1282,"article:published_time":"2023-07-12T21:44:39+00:00","article:modified_time":"2024-10-11T00:29:03+00:00","article:publisher":"https:\/\/www.facebook.com\/soymigrantecom","twitter:card":"summary_large_image","twitter:site":"@SoyMigrante_com","twitter:title":"Educaci\u00f3n financiera para migrantes retornados: 4 claves","twitter:description":"Migrantes retornados enfrentan retos financieros \u00fanicos. Aprende c\u00f3mo la educaci\u00f3n financiera puede ser la clave para un futuro pr\u00f3spero.","twitter:creator":"@SoyMigrante_com","twitter:image":"https:\/\/soymigrante.com\/revista\/wp-content\/uploads\/2024\/01\/dolares-azules-regla-scaled.webp"},"aioseo_meta_data":{"post_id":"41254","title":"Safe Passage Guatemala: educaci\u00f3n que transforma futuros","description":"Safe Passage Guatemala es una organizaci\u00f3n que aporta oportunidades educativas para la ni\u00f1ez y juventud.","keywords":null,"keyphrases":{"focus":{"keyphrase":"Safe Passage","score":91,"analysis":{"keyphraseInTitle":{"score":9,"maxScore":9,"error":0},"keyphraseInDescription":{"score":9,"maxScore":9,"error":0},"keyphraseLength":{"score":9,"maxScore":9,"error":0,"length":2},"keyphraseInURL":{"score":5,"maxScore":5,"error":0},"keyphraseInIntroduction":{"score":9,"maxScore":9,"error":0},"keyphraseInSubHeadings":{"score":3,"maxScore":9,"error":1},"keyphraseInImageAlt":{"score":9,"maxScore":9,"error":0},"keywordDensity":{"type":"best","score":9,"maxScore":9,"error":0}}},"additional":[{"keyphrase":"Guatemala","score":67,"analysis":{"keyphraseInDescription":{"score":9,"maxScore":9,"error":0},"keyphraseLength":{"score":9,"maxScore":9,"error":0,"length":1},"keyphraseInIntroduction":{"score":9,"maxScore":9,"error":0},"keyphraseInImageAlt":{"score":3,"maxScore":9,"error":1},"keywordDensity":{"score":0,"type":"low","maxScore":9,"error":1}}}]},"primary_term":null,"canonical_url":null,"og_title":null,"og_description":null,"og_object_type":"default","og_image_type":"default","og_image_url":null,"og_image_width":null,"og_image_height":null,"og_image_custom_url":null,"og_image_custom_fields":null,"og_video":"","og_custom_url":null,"og_article_section":null,"og_article_tags":null,"twitter_use_og":false,"twitter_card":"default","twitter_image_type":"default","twitter_image_url":null,"twitter_image_custom_url":null,"twitter_image_custom_fields":null,"twitter_title":null,"twitter_description":null,"schema":{"blockGraphs":[],"customGraphs":[],"default":{"data":{"Article":[],"Course":[],"Dataset":[],"FAQPage":[],"Movie":[],"Person":[],"Product":[],"ProductReview":[],"Car":[],"Recipe":[],"Service":[],"SoftwareApplication":[],"WebPage":[]},"graphName":"none","isEnabled":true},"graphs":[]},"schema_type":"default","schema_type_options":null,"pillar_content":false,"robots_default":true,"robots_noindex":false,"robots_noarchive":false,"robots_nosnippet":false,"robots_nofollow":false,"robots_noimageindex":false,"robots_noodp":false,"robots_notranslate":false,"robots_max_snippet":"-1","robots_max_videopreview":"-1","robots_max_imagepreview":"large","priority":null,"frequency":"default","local_seo":null,"seo_analyzer_scan_date":"2025-10-09 07:26:16","breadcrumb_settings":null,"limit_modified_date":false,"reviewed_by":"0","open_ai":null,"ai":{"faqs":[],"keyPoints":[],"titles":[],"descriptions":[],"socialPosts":{"email":[],"linkedin":[],"twitter":[],"facebook":[],"instagram":[]}},"created":"2025-08-05 17:45:46","updated":"2026-02-05 03:30:16"},"aioseo_breadcrumb":"<div class=\"aioseo-breadcrumbs\"><span class=\"aioseo-breadcrumb\">\n\t<a href=\"https:\/\/soymigrante.com\/revista\" title=\"Home\">Home<\/a>\n<\/span><span class=\"aioseo-breadcrumb-separator\">\u00bb<\/span><span class=\"aioseo-breadcrumb\">\n\t<a href=\"https:\/\/soymigrante.com\/revista\/category\/estamos-unidos\/\" title=\"Estamos Unidos\">Estamos Unidos<\/a>\n<\/span><span class=\"aioseo-breadcrumb-separator\">\u00bb<\/span><span class=\"aioseo-breadcrumb\">\n\tSafe Passage Guatemala: Educaci\u00f3n que transforma comunidades y futuros\n<\/span><\/div>","aioseo_breadcrumb_json":[{"label":"Home","link":"https:\/\/soymigrante.com\/revista"},{"label":"Estamos Unidos","link":"https:\/\/soymigrante.com\/revista\/category\/estamos-unidos\/"},{"label":"Safe Passage Guatemala: Educaci\u00f3n que transforma comunidades y futuros","link":"https:\/\/soymigrante.com\/revista\/safe-passage-guatemala-educacion-que-transforma-comunidades-y-futuros\/"}],"_links":{"self":[{"href":"https:\/\/soymigrante.com\/revista\/wp-json\/wp\/v2\/posts\/41254","targetHints":{"allow":["GET"]}}],"collection":[{"href":"https:\/\/soymigrante.com\/revista\/wp-json\/wp\/v2\/posts"}],"about":[{"href":"https:\/\/soymigrante.com\/revista\/wp-json\/wp\/v2\/types\/post"}],"author":[{"embeddable":true,"href":"https:\/\/soymigrante.com\/revista\/wp-json\/wp\/v2\/users\/19"}],"replies":[{"embeddable":true,"href":"https:\/\/soymigrante.com\/revista\/wp-json\/wp\/v2\/comments?post=41254"}],"version-history":[{"count":6,"href":"https:\/\/soymigrante.com\/revista\/wp-json\/wp\/v2\/posts\/41254\/revisions"}],"predecessor-version":[{"id":41283,"href":"https:\/\/soymigrante.com\/revista\/wp-json\/wp\/v2\/posts\/41254\/revisions\/41283"}],"wp:featuredmedia":[{"embeddable":true,"href":"https:\/\/soymigrante.com\/revista\/wp-json\/wp\/v2\/media\/41255"}],"wp:attachment":[{"href":"https:\/\/soymigrante.com\/revista\/wp-json\/wp\/v2\/media?parent=41254"}],"wp:term":[{"taxonomy":"category","embeddable":true,"href":"https:\/\/soymigrante.com\/revista\/wp-json\/wp\/v2\/categories?post=41254"},{"taxonomy":"post_tag","embeddable":true,"href":"https:\/\/soymigrante.com\/revista\/wp-json\/wp\/v2\/tags?post=41254"}],"curies":[{"name":"wp","href":"https:\/\/api.w.org\/{rel}","templated":true}]}}