{"id":41196,"date":"2025-08-05T06:02:56","date_gmt":"2025-08-05T12:02:56","guid":{"rendered":"https:\/\/soymigrante.com\/revista\/?p=41196"},"modified":"2025-08-05T06:03:08","modified_gmt":"2025-08-05T12:03:08","slug":"ya-suenan-las-practicas-de-bandas-escolares-de-guatemala-rumbo-al-15-de-septiembre","status":"publish","type":"post","link":"https:\/\/soymigrante.com\/revista\/ya-suenan-las-practicas-de-bandas-escolares-de-guatemala-rumbo-al-15-de-septiembre\/","title":{"rendered":"Ya suenan las pr\u00e1cticas de bandas escolares de Guatemala  rumbo al 15 de septiembre"},"content":{"rendered":"\t\t<div data-elementor-type=\"wp-post\" data-elementor-id=\"41196\" class=\"elementor elementor-41196\" data-elementor-post-type=\"post\">\n\t\t\t\t<div data-particle_enable=\"false\" data-particle-mobile-disabled=\"false\" class=\"elementor-element elementor-element-14f74b6 e-flex e-con-boxed e-con e-parent\" data-id=\"14f74b6\" data-element_type=\"container\" data-e-type=\"container\">\n\t\t\t\t\t<div class=\"e-con-inner\">\n\t\t\t\t<div class=\"elementor-element elementor-element-6acf378 elementor-widget elementor-widget-heading\" data-id=\"6acf378\" data-element_type=\"widget\" data-e-type=\"widget\" data-widget_type=\"heading.default\">\n\t\t\t\t\t<h2 class=\"elementor-heading-title elementor-size-default\">Las bandas escolares de Guatemala ya se est\u00e1n alistando para desfilar el 15 de septiembre, una tradici\u00f3n y festejo. \n<\/h2>\t\t\t\t<\/div>\n\t\t\t\t\t<\/div>\n\t\t\t\t<\/div>\n\t\t<div data-particle_enable=\"false\" data-particle-mobile-disabled=\"false\" class=\"elementor-element elementor-element-2033b8f e-flex e-con-boxed e-con e-parent\" data-id=\"2033b8f\" data-element_type=\"container\" data-e-type=\"container\">\n\t\t\t\t\t<div class=\"e-con-inner\">\n\t\t\t\t<div class=\"elementor-element elementor-element-b63ff79 elementor-widget elementor-widget-text-editor\" data-id=\"b63ff79\" data-element_type=\"widget\" data-e-type=\"widget\" data-widget_type=\"text-editor.default\">\n\t\t\t\t\t\t\t\t\t<p>En cada rinc\u00f3n del pa\u00eds, los ecos de tambores, liras, bombos y trompetas ya comienzan a escucharse con fuerza.<a href=\"https:\/\/soymigrante.com\/revista\/migrantes-guatemaltecos-en-usa-se-unieron-para-festejar-el-15-de-septiembre\/\" target=\"_blank\" rel=\"noopener\"> Las bandas escolares de Guatemala se preparan con entusiasmo para celebrar el pr\u00f3ximo 15 de septiembre, D\u00eda de la Independencia,<\/a> una fecha que despierta orgullo nacional y una competencia amistosa entre centros educativos por ofrecer los mejores desfiles y presentaciones musicales.<\/p><p>Desde principios de julio, y en algunos casos desde junio, miles de estudiantes dedican horas de ensayo tras las jornadas escolares, impulsados por su amor a la patria y el deseo de representar dignamente a sus establecimientos. Los patios de escuelas e institutos se convierten en escenarios de disciplina, coordinaci\u00f3n, y sobre todo, de trabajo en equipo.<\/p>\t\t\t\t\t\t\t\t<\/div>\n\t\t\t\t\t<\/div>\n\t\t\t\t<\/div>\n\t\t<div data-particle_enable=\"false\" data-particle-mobile-disabled=\"false\" class=\"elementor-element elementor-element-c610ccd e-flex e-con-boxed e-con e-parent\" data-id=\"c610ccd\" data-element_type=\"container\" data-e-type=\"container\">\n\t\t\t\t\t<div class=\"e-con-inner\">\n\t\t\t\t<div class=\"elementor-element elementor-element-7afc014 elementor-widget elementor-widget-video\" data-id=\"7afc014\" data-element_type=\"widget\" data-e-type=\"widget\" data-settings=\"{&quot;youtube_url&quot;:&quot;https:\\\/\\\/www.youtube.com\\\/watch?v=UiaAObGU6E4&quot;,&quot;video_type&quot;:&quot;youtube&quot;,&quot;controls&quot;:&quot;yes&quot;}\" data-widget_type=\"video.default\">\n\t\t\t\t\t\t\t<div class=\"elementor-wrapper elementor-open-inline\">\n\t\t\t<div class=\"elementor-video\"><\/div>\t\t<\/div>\n\t\t\t\t\t\t<\/div>\n\t\t\t\t\t<\/div>\n\t\t\t\t<\/div>\n\t\t<div data-particle_enable=\"false\" data-particle-mobile-disabled=\"false\" class=\"elementor-element elementor-element-5adabfd e-flex e-con-boxed e-con e-parent\" data-id=\"5adabfd\" data-element_type=\"container\" data-e-type=\"container\">\n\t\t\t\t\t<div class=\"e-con-inner\">\n\t\t\t\t<div class=\"elementor-element elementor-element-a8f790e elementor-widget elementor-widget-heading\" data-id=\"a8f790e\" data-element_type=\"widget\" data-e-type=\"widget\" data-widget_type=\"heading.default\">\n\t\t\t\t\t<h3 class=\"elementor-heading-title elementor-size-default\">Preparativos que requieren pasi\u00f3n y compromiso<\/h3>\t\t\t\t<\/div>\n\t\t\t\t\t<\/div>\n\t\t\t\t<\/div>\n\t\t<div data-particle_enable=\"false\" data-particle-mobile-disabled=\"false\" class=\"elementor-element elementor-element-6d790bc e-flex e-con-boxed e-con e-parent\" data-id=\"6d790bc\" data-element_type=\"container\" data-e-type=\"container\">\n\t\t\t\t\t<div class=\"e-con-inner\">\n\t\t\t\t<div class=\"elementor-element elementor-element-4ede4e6 elementor-widget elementor-widget-text-editor\" data-id=\"4ede4e6\" data-element_type=\"widget\" data-e-type=\"widget\" data-widget_type=\"text-editor.default\">\n\t\t\t\t\t\t\t\t\t<p><a href=\"https:\/\/soymigrante.com\/revista\/migrantes-guatemaltecos-en-usa-se-unieron-para-festejar-el-15-de-septiembre\/\" target=\"_blank\" rel=\"noopener\">La preparaci\u00f3n de una banda escolar no solo consiste en tocar m\u00fasica.<\/a> Implica una organizaci\u00f3n completa que incluye coreograf\u00edas, uniformes, instrumentos, repertorios y formaci\u00f3n c\u00edvica. Cada integrante cumple un rol importante: desde los tamboristas y lireristas, hasta los portaestandartes, abanderados y bastoneras.<\/p><p>\u201c<em>Ensayamos todos los d\u00edas despu\u00e9s de clases, y los s\u00e1bados tambi\u00e9n. A veces hasta tres horas. Es cansado, pero vale la pena cuando desfilamos y vemos a la gente aplaudiendo<\/em>\u201d, comenta Bryan L\u00f3pez, estudiante de tercero b\u00e1sico en el Colegio Hispanoamericano.<\/p><p><a href=\"https:\/\/soymigrante.com\/revista\/migrantes-guatemaltecos-en-usa-se-unieron-para-festejar-el-15-de-septiembre\/\" target=\"_blank\" rel=\"noopener\">Los docentes de m\u00fasica y educaci\u00f3n f\u00edsica tambi\u00e9n juegan un papel clave en la direcci\u00f3n<\/a> y motivaci\u00f3n de los j\u00f3venes, ense\u00f1\u00e1ndoles no solo t\u00e9cnicas musicales, sino tambi\u00e9n valores como la perseverancia, el respeto y el compa\u00f1erismo.<\/p>\t\t\t\t\t\t\t\t<\/div>\n\t\t\t\t\t<\/div>\n\t\t\t\t<\/div>\n\t\t<div data-particle_enable=\"false\" data-particle-mobile-disabled=\"false\" class=\"elementor-element elementor-element-0c1635d e-flex e-con-boxed e-con e-parent\" data-id=\"0c1635d\" data-element_type=\"container\" data-e-type=\"container\">\n\t\t\t\t\t<div class=\"e-con-inner\">\n\t\t\t\t<div class=\"elementor-element elementor-element-66a0bf2 elementor-widget elementor-widget-image\" data-id=\"66a0bf2\" data-element_type=\"widget\" data-e-type=\"widget\" data-widget_type=\"image.default\">\n\t\t\t\t\t\t\t\t\t\t\t\t<figure class=\"wp-caption\">\n\t\t\t\t\t\t\t\t\t\t<img fetchpriority=\"high\" decoding=\"async\" width=\"768\" height=\"512\" src=\"https:\/\/soymigrante.com\/revista\/wp-content\/uploads\/2025\/08\/Bandas-escolares-de-Guatemala-5-1024x683.jpg\" class=\"attachment-large size-large wp-image-41206\" alt=\"Banda musical en desfile c\u00edvico con p\u00fablico asistiendo, celebraci\u00f3n patri\u00f3tica en la calle, evento cultural y tradicional en M\u00e9xico, expresando orgullo nacional y alegr\u00eda popular.\" srcset=\"https:\/\/soymigrante.com\/revista\/wp-content\/uploads\/2025\/08\/Bandas-escolares-de-Guatemala-5-1024x683.jpg 1024w, https:\/\/soymigrante.com\/revista\/wp-content\/uploads\/2025\/08\/Bandas-escolares-de-Guatemala-5-300x200.jpg 300w, https:\/\/soymigrante.com\/revista\/wp-content\/uploads\/2025\/08\/Bandas-escolares-de-Guatemala-5-768x512.jpg 768w, https:\/\/soymigrante.com\/revista\/wp-content\/uploads\/2025\/08\/Bandas-escolares-de-Guatemala-5-1536x1024.jpg 1536w, https:\/\/soymigrante.com\/revista\/wp-content\/uploads\/2025\/08\/Bandas-escolares-de-Guatemala-5-2048x1366.jpg 2048w, https:\/\/soymigrante.com\/revista\/wp-content\/uploads\/2025\/08\/Bandas-escolares-de-Guatemala-5-750x500.webp 750w, https:\/\/soymigrante.com\/revista\/wp-content\/uploads\/2025\/08\/Bandas-escolares-de-Guatemala-5-1140x760.webp 1140w, https:\/\/soymigrante.com\/revista\/wp-content\/uploads\/2025\/08\/Bandas-escolares-de-Guatemala-5.webp 1920w\" sizes=\"(max-width: 768px) 100vw, 768px\" title=\"Las bandas escolares se preparan con suficiente tiempo para mostrar sus mejores pasos y melod\u00edas en el desfile. (Foto: INGUAT) \u2013 SoyMigrante.com REVISTA\" \/>\t\t\t\t\t\t\t\t\t\t\t<figcaption class=\"widget-image-caption wp-caption-text\">Desfile c\u00edvico con banda musical en la calle, participaci\u00f3n ciudadana en celebraci\u00f3n nacional, evento cultural y desfile escolar en M\u00e9xico.<\/figcaption>\n\t\t\t\t\t\t\t\t\t\t<\/figure>\n\t\t\t\t\t\t\t\t\t<\/div>\n\t\t\t\t\t<\/div>\n\t\t\t\t<\/div>\n\t\t<div data-particle_enable=\"false\" data-particle-mobile-disabled=\"false\" class=\"elementor-element elementor-element-2103947 e-flex e-con-boxed e-con e-parent\" data-id=\"2103947\" data-element_type=\"container\" data-e-type=\"container\">\n\t\t\t\t\t<div class=\"e-con-inner\">\n\t\t\t\t<div class=\"elementor-element elementor-element-a953487 elementor-widget elementor-widget-heading\" data-id=\"a953487\" data-element_type=\"widget\" data-e-type=\"widget\" data-widget_type=\"heading.default\">\n\t\t\t\t\t<h3 class=\"elementor-heading-title elementor-size-default\">Un orgullo que traspasa generaciones<\/h3>\t\t\t\t<\/div>\n\t\t\t\t\t<\/div>\n\t\t\t\t<\/div>\n\t\t<div data-particle_enable=\"false\" data-particle-mobile-disabled=\"false\" class=\"elementor-element elementor-element-308dfcd e-flex e-con-boxed e-con e-parent\" data-id=\"308dfcd\" data-element_type=\"container\" data-e-type=\"container\">\n\t\t\t\t\t<div class=\"e-con-inner\">\n\t\t\t\t<div class=\"elementor-element elementor-element-aae327d elementor-widget elementor-widget-text-editor\" data-id=\"aae327d\" data-element_type=\"widget\" data-e-type=\"widget\" data-widget_type=\"text-editor.default\">\n\t\t\t\t\t\t\t\t\t<p><a href=\"https:\/\/soymigrante.com\/revista\/migrantes-guatemaltecos-en-usa-se-unieron-para-festejar-el-15-de-septiembre\/\" target=\"_blank\" rel=\"noopener\">Para muchas comunidades, las bandas escolares son motivo de orgullo local.<\/a> Padres de familia, exalumnos y vecinos colaboran con recursos para la compra o reparaci\u00f3n de instrumentos, uniformes y transporte, especialmente en los municipios donde participar en el desfile del 15 de septiembre implica viajar a las cabeceras departamentales o a la capital.<\/p><p>\u201cEl sonido de una banda hace vibrar el coraz\u00f3n. Mi hija est\u00e1 en la lira y yo no me pierdo ni un ensayo\u201d, afirma Do\u00f1a Estela Rodr\u00edguez, madre de familia en Villa Nueva.<\/p>\t\t\t\t\t\t\t\t<\/div>\n\t\t\t\t\t<\/div>\n\t\t\t\t<\/div>\n\t\t<div data-particle_enable=\"false\" data-particle-mobile-disabled=\"false\" class=\"elementor-element elementor-element-717c6d4 e-flex e-con-boxed e-con e-parent\" data-id=\"717c6d4\" data-element_type=\"container\" data-e-type=\"container\">\n\t\t\t\t\t<div class=\"e-con-inner\">\n\t\t\t\t<div class=\"elementor-element elementor-element-bd6e37e elementor-widget elementor-widget-heading\" data-id=\"bd6e37e\" data-element_type=\"widget\" data-e-type=\"widget\" data-widget_type=\"heading.default\">\n\t\t\t\t\t<h3 class=\"elementor-heading-title elementor-size-default\">Repertorios patri\u00f3ticos y culturales<\/h3>\t\t\t\t<\/div>\n\t\t\t\t\t<\/div>\n\t\t\t\t<\/div>\n\t\t<div data-particle_enable=\"false\" data-particle-mobile-disabled=\"false\" class=\"elementor-element elementor-element-af20a5c e-flex e-con-boxed e-con e-parent\" data-id=\"af20a5c\" data-element_type=\"container\" data-e-type=\"container\">\n\t\t\t\t\t<div class=\"e-con-inner\">\n\t\t\t\t<div class=\"elementor-element elementor-element-53e8314 elementor-widget elementor-widget-text-editor\" data-id=\"53e8314\" data-element_type=\"widget\" data-e-type=\"widget\" data-widget_type=\"text-editor.default\">\n\t\t\t\t\t\t\t\t\t<p>El repertorio de las bandas incluye himnos patri\u00f3ticos como el Himno Nacional de Guatemala, la Granadera y el Himno a Centroam\u00e9rica, pero tambi\u00e9n melod\u00edas populares que permiten innovar y atraer a un p\u00fablico joven. <a href=\"https:\/\/soymigrante.com\/revista\/migrantes-guatemaltecos-en-usa-se-unieron-para-festejar-el-15-de-septiembre\/\" target=\"_blank\" rel=\"noopener\">En los \u00faltimos a\u00f1os, muchas bandas han incorporado ritmos modernos, sin perder la esencia c\u00edvica del desfile.<\/a><\/p><p>En algunos casos, las bandas tambi\u00e9n ensayan coreograf\u00edas sincronizadas que mezclan movimientos de marcha con presentaciones tipo show, especialmente en colegios privados o institutos que participan en competencias interdepartamentales.<\/p>\t\t\t\t\t\t\t\t<\/div>\n\t\t\t\t\t<\/div>\n\t\t\t\t<\/div>\n\t\t<div data-particle_enable=\"false\" data-particle-mobile-disabled=\"false\" class=\"elementor-element elementor-element-dc9a827 e-flex e-con-boxed e-con e-parent\" data-id=\"dc9a827\" data-element_type=\"container\" data-e-type=\"container\">\n\t\t\t\t\t<div class=\"e-con-inner\">\n\t\t\t\t<div class=\"elementor-element elementor-element-1688033 elementor-widget elementor-widget-image\" data-id=\"1688033\" data-element_type=\"widget\" data-e-type=\"widget\" data-widget_type=\"image.default\">\n\t\t\t\t\t\t\t\t\t\t\t\t<figure class=\"wp-caption\">\n\t\t\t\t\t\t\t\t\t\t<img decoding=\"async\" width=\"768\" height=\"434\" src=\"https:\/\/soymigrante.com\/revista\/wp-content\/uploads\/2025\/08\/Bandas-escolares-de-Guatemala-3.webp\" class=\"attachment-large size-large wp-image-41207\" alt=\"Banda de m\u00fasicos en uniforme tocando instrumentos en un desfile con banderas de Guatemala en un evento cultural.\" srcset=\"https:\/\/soymigrante.com\/revista\/wp-content\/uploads\/2025\/08\/Bandas-escolares-de-Guatemala-3.webp 885w, https:\/\/soymigrante.com\/revista\/wp-content\/uploads\/2025\/08\/Bandas-escolares-de-Guatemala-3-300x169.jpg 300w, https:\/\/soymigrante.com\/revista\/wp-content\/uploads\/2025\/08\/Bandas-escolares-de-Guatemala-3-768x434.jpg 768w, https:\/\/soymigrante.com\/revista\/wp-content\/uploads\/2025\/08\/Bandas-escolares-de-Guatemala-3-750x424.webp 750w\" sizes=\"(max-width: 768px) 100vw, 768px\" title=\"Las bandas de m\u00fasica de Guatemala desfilan el 15 de septiembre en zona 1. (Foto: INGUAT) \u2013 SoyMigrante.com REVISTA\" \/>\t\t\t\t\t\t\t\t\t\t\t<figcaption class=\"widget-image-caption wp-caption-text\">Escuela de m\u00fasica, desfile c\u00edvico, banda militar, celebraci\u00f3n cultural, Guatemala, m\u00fasica tradicional, evento p\u00fablico, ceremonia oficial.<\/figcaption>\n\t\t\t\t\t\t\t\t\t\t<\/figure>\n\t\t\t\t\t\t\t\t\t<\/div>\n\t\t\t\t\t<\/div>\n\t\t\t\t<\/div>\n\t\t<div data-particle_enable=\"false\" data-particle-mobile-disabled=\"false\" class=\"elementor-element elementor-element-1a4f014 e-flex e-con-boxed e-con e-parent\" data-id=\"1a4f014\" data-element_type=\"container\" data-e-type=\"container\">\n\t\t\t\t\t<div class=\"e-con-inner\">\n\t\t\t\t<div class=\"elementor-element elementor-element-4c1092c elementor-widget elementor-widget-heading\" data-id=\"4c1092c\" data-element_type=\"widget\" data-e-type=\"widget\" data-widget_type=\"heading.default\">\n\t\t\t\t\t<h3 class=\"elementor-heading-title elementor-size-default\">Una celebraci\u00f3n que une<\/h3>\t\t\t\t<\/div>\n\t\t\t\t\t<\/div>\n\t\t\t\t<\/div>\n\t\t<div data-particle_enable=\"false\" data-particle-mobile-disabled=\"false\" class=\"elementor-element elementor-element-d00b8d9 e-flex e-con-boxed e-con e-parent\" data-id=\"d00b8d9\" data-element_type=\"container\" data-e-type=\"container\">\n\t\t\t\t\t<div class=\"e-con-inner\">\n\t\t\t\t<div class=\"elementor-element elementor-element-9e6341a elementor-widget elementor-widget-text-editor\" data-id=\"9e6341a\" data-element_type=\"widget\" data-e-type=\"widget\" data-widget_type=\"text-editor.default\">\n\t\t\t\t\t\t\t\t\t<p><a href=\"https:\/\/soymigrante.com\/revista\/migrantes-guatemaltecos-en-usa-se-unieron-para-festejar-el-15-de-septiembre\/\" target=\"_blank\" rel=\"noopener\">A un mes del 15 de septiembre, la emoci\u00f3n crece.<\/a> Las bandas escolares se convierten en el alma de los desfiles c\u00edvicos, portando no solo instrumentos, sino la historia de un pa\u00eds que sigue construyendo identidad y orgullo en sus j\u00f3venes.<\/p><p>Ya sea en los parques de municipios peque\u00f1os o en las avenidas principales de la capital, la m\u00fasica retumba con fuerza y los colores azul y blanco ondean al comp\u00e1s del coraz\u00f3n patriota de la ni\u00f1ez y juventud guatemalteca.<\/p>\t\t\t\t\t\t\t\t<\/div>\n\t\t\t\t\t<\/div>\n\t\t\t\t<\/div>\n\t\t<div data-particle_enable=\"false\" data-particle-mobile-disabled=\"false\" class=\"elementor-element elementor-element-c4dfa78 e-flex e-con-boxed e-con e-parent\" data-id=\"c4dfa78\" data-element_type=\"container\" data-e-type=\"container\">\n\t\t\t\t\t<div class=\"e-con-inner\">\n\t\t\t\t<div class=\"elementor-element elementor-element-848df62 elementor-widget elementor-widget-video\" data-id=\"848df62\" data-element_type=\"widget\" data-e-type=\"widget\" data-settings=\"{&quot;youtube_url&quot;:&quot;https:\\\/\\\/www.youtube.com\\\/watch?v=8yzXPrhmyvI&quot;,&quot;video_type&quot;:&quot;youtube&quot;,&quot;controls&quot;:&quot;yes&quot;}\" data-widget_type=\"video.default\">\n\t\t\t\t\t\t\t<div class=\"elementor-wrapper elementor-open-inline\">\n\t\t\t<div class=\"elementor-video\"><\/div>\t\t<\/div>\n\t\t\t\t\t\t<\/div>\n\t\t\t\t\t<\/div>\n\t\t\t\t<\/div>\n\t\t<div data-particle_enable=\"false\" data-particle-mobile-disabled=\"false\" class=\"elementor-element elementor-element-62be008 e-flex e-con-boxed e-con e-parent\" data-id=\"62be008\" data-element_type=\"container\" data-e-type=\"container\">\n\t\t\t\t\t<div class=\"e-con-inner\">\n\t\t\t\t<div class=\"elementor-element elementor-element-c06bcc2 elementor-widget elementor-widget-heading\" data-id=\"c06bcc2\" data-element_type=\"widget\" data-e-type=\"widget\" data-widget_type=\"heading.default\">\n\t\t\t\t\t<h2 class=\"elementor-heading-title elementor-size-default\">Conoce estos temas que te pueden interesar...<\/h2>\t\t\t\t<\/div>\n\t\t\t\t\t<\/div>\n\t\t\t\t<\/div>\n\t\t<div data-particle_enable=\"false\" data-particle-mobile-disabled=\"false\" class=\"elementor-element elementor-element-e12cde2 e-flex e-con-boxed e-con e-parent\" data-id=\"e12cde2\" data-element_type=\"container\" data-e-type=\"container\">\n\t\t\t\t\t<div class=\"e-con-inner\">\n\t\t\t\t<div class=\"elementor-element elementor-element-e72a92b elementor-grid-eael-col-3 elementor-grid-tablet-eael-col-2 elementor-grid-mobile-eael-col-1 elementor-invisible elementor-widget elementor-widget-eael-post-grid\" data-id=\"e72a92b\" data-element_type=\"widget\" data-e-type=\"widget\" data-settings=\"{&quot;eael_post_grid_columns&quot;:&quot;eael-col-3&quot;,&quot;_animation&quot;:&quot;rollIn&quot;,&quot;eael_post_grid_columns_tablet&quot;:&quot;eael-col-2&quot;,&quot;eael_post_grid_columns_mobile&quot;:&quot;eael-col-1&quot;}\" data-widget_type=\"eael-post-grid.default\">\n\t\t\t\t\t<div id=\"eael-post-grid-e72a92b\" class=\"eael-post-grid-container\">\n            <div class=\"eael-post-grid eael-post-appender eael-post-appender-e72a92b eael-post-grid-style-one\" data-layout-mode=\"masonry\"><article class=\"eael-grid-post  eael-post-grid-column eael-pg-post-39646 category-estamos-unidos\" data-id=\"39646\">\n        <div class=\"eael-grid-post-holder\">\n            <div class=\"eael-grid-post-holder-inner\"><div class=\"eael-entry-media\"><div class=\"eael-entry-overlay fade-in\"><i class=\"far fa-hand-pointer\" aria-hidden=\"true\"><\/i><a href=\"https:\/\/soymigrante.com\/revista\/asi-surgio-mojado-cancion-ricardo-arjona-con-grupo-intocable-un-autentico-himno-al-migrante\/\"><\/a><\/div><div class=\"eael-entry-thumbnail \">\n                <img decoding=\"async\" width=\"638\" height=\"638\" src=\"https:\/\/soymigrante.com\/revista\/wp-content\/uploads\/2025\/07\/mojado-ricardo-arjona-2.webp\" class=\"attachment-large size-large wp-image-39653\" alt=\"Migrantes frente a barrera de metal en frontera, buscando ingreso o salida, situaci\u00f3n com\u00fan en migraci\u00f3n y derechos humanos, en contexto de migrantes en movimiento.\" srcset=\"https:\/\/soymigrante.com\/revista\/wp-content\/uploads\/2025\/07\/mojado-ricardo-arjona-2.webp 638w, https:\/\/soymigrante.com\/revista\/wp-content\/uploads\/2025\/07\/mojado-ricardo-arjona-2-300x300.png 300w, https:\/\/soymigrante.com\/revista\/wp-content\/uploads\/2025\/07\/mojado-ricardo-arjona-2-150x150.png 150w, https:\/\/soymigrante.com\/revista\/wp-content\/uploads\/2025\/07\/mojado-ricardo-arjona-2-75x75.webp 75w\" sizes=\"(max-width: 638px) 100vw, 638px\" \/>\n            <\/div>\n        <\/div><div class=\"eael-entry-wrapper\"><header class=\"eael-entry-header\"><h2 class=\"eael-entry-title\"><a class=\"eael-grid-post-link\" href=\"https:\/\/soymigrante.com\/revista\/asi-surgio-mojado-cancion-ricardo-arjona-con-grupo-intocable-un-autentico-himno-al-migrante\/\" title=\"As\u00ed surgi\u00f3 Mojado, canci\u00f3n de Ricardo Arjona con grupo Intocable: un himno al migrante\">As\u00ed surgi\u00f3 Mojado, canci\u00f3n de Ricardo Arjona con grupo Intocable: un himno al migrante<\/a><\/h2><\/header><div class=\"eael-entry-content\">\n                        <div class=\"eael-grid-post-excerpt\"><a href=\"https:\/\/soymigrante.com\/revista\/asi-surgio-mojado-cancion-ricardo-arjona-con-grupo-intocable-un-autentico-himno-al-migrante\/\" class=\"eael-post-elements-readmore-btn\">CONOCE SU HISTORIA <\/a><\/div>\n                    <\/div><\/div><\/div>\n        <\/div>\n    <\/article><article class=\"eael-grid-post  eael-post-grid-column eael-pg-post-11060 category-estamos-unidos\" data-id=\"11060\">\n        <div class=\"eael-grid-post-holder\">\n            <div class=\"eael-grid-post-holder-inner\"><div class=\"eael-entry-media\"><div class=\"eael-entry-overlay fade-in\"><i class=\"far fa-hand-pointer\" aria-hidden=\"true\"><\/i><a href=\"https:\/\/soymigrante.com\/revista\/banda-musical-las-hortensias-de-san-martin-chile-verde-se-presenta-en-california\/\"><\/a><\/div><div class=\"eael-entry-thumbnail \">\n                <img loading=\"lazy\" decoding=\"async\" width=\"864\" height=\"864\" src=\"https:\/\/soymigrante.com\/revista\/wp-content\/uploads\/2024\/11\/banda-hortensia-2.webp\" class=\"attachment-large size-large wp-image-12901\" alt=\"Ra\u00edces culturales de los hortensias en Los \u00c1ngeles frente al letrero de Hollywood en una manifestaci\u00f3n folcl\u00f3rica con banderas tradicionales mexicanas.\" srcset=\"https:\/\/soymigrante.com\/revista\/wp-content\/uploads\/2024\/11\/banda-hortensia-2.webp 864w, https:\/\/soymigrante.com\/revista\/wp-content\/uploads\/2024\/11\/banda-hortensia-2-300x300.webp 300w, https:\/\/soymigrante.com\/revista\/wp-content\/uploads\/2024\/11\/banda-hortensia-2-150x150.webp 150w, https:\/\/soymigrante.com\/revista\/wp-content\/uploads\/2024\/11\/banda-hortensia-2-768x768.jpg 768w, https:\/\/soymigrante.com\/revista\/wp-content\/uploads\/2024\/11\/banda-hortensia-2-75x75.webp 75w, https:\/\/soymigrante.com\/revista\/wp-content\/uploads\/2024\/11\/banda-hortensia-2-750x750.webp 750w\" sizes=\"(max-width: 864px) 100vw, 864px\" \/>\n            <\/div>\n        <\/div><div class=\"eael-entry-wrapper\"><header class=\"eael-entry-header\"><h2 class=\"eael-entry-title\"><a class=\"eael-grid-post-link\" href=\"https:\/\/soymigrante.com\/revista\/banda-musical-las-hortensias-de-san-martin-chile-verde-se-presenta-en-california\/\" title=\"Banda Hortensia de San Mart\u00edn Chile Verde deslumbr\u00f3 con su talento e indumentaria en LA\">Banda Hortensia de San Mart\u00edn Chile Verde deslumbr\u00f3 con su talento e indumentaria en LA<\/a><\/h2><\/header><div class=\"eael-entry-content\">\n                        <div class=\"eael-grid-post-excerpt\"><a href=\"https:\/\/soymigrante.com\/revista\/banda-musical-las-hortensias-de-san-martin-chile-verde-se-presenta-en-california\/\" class=\"eael-post-elements-readmore-btn\">CONOCE SU HISTORIA <\/a><\/div>\n                    <\/div><\/div><\/div>\n        <\/div>\n    <\/article><article class=\"eael-grid-post  eael-post-grid-column eael-pg-post-5851 category-estamos-unidos\" data-id=\"5851\">\n        <div class=\"eael-grid-post-holder\">\n            <div class=\"eael-grid-post-holder-inner\"><div class=\"eael-entry-media\"><div class=\"eael-entry-overlay fade-in\"><i class=\"far fa-hand-pointer\" aria-hidden=\"true\"><\/i><a href=\"https:\/\/soymigrante.com\/revista\/los-francos-de-totonicapan-haran-bailar-a-migrantes-en-ee-uu\/\"><\/a><\/div><div class=\"eael-entry-thumbnail \">\n                <img loading=\"lazy\" decoding=\"async\" width=\"1024\" height=\"576\" src=\"https:\/\/soymigrante.com\/revista\/wp-content\/uploads\/2024\/04\/Grupo-musical-de-Totonicapan-Los-Francos-realizan-gira-por-EE.-UU-1024x576.webp\" class=\"attachment-large size-large wp-image-5852\" alt=\"Gente disfrutando en un evento musical en un escenario con iluminaci\u00f3n vibrante, celebrando la cultura latina y la m\u00fasica en vivo en un ambiente festivo y colorido.\" srcset=\"https:\/\/soymigrante.com\/revista\/wp-content\/uploads\/2024\/04\/Grupo-musical-de-Totonicapan-Los-Francos-realizan-gira-por-EE.-UU-1024x576.webp 1024w, https:\/\/soymigrante.com\/revista\/wp-content\/uploads\/2024\/04\/Grupo-musical-de-Totonicapan-Los-Francos-realizan-gira-por-EE.-UU-300x169.webp 300w, https:\/\/soymigrante.com\/revista\/wp-content\/uploads\/2024\/04\/Grupo-musical-de-Totonicapan-Los-Francos-realizan-gira-por-EE.-UU-768x432.webp 768w, https:\/\/soymigrante.com\/revista\/wp-content\/uploads\/2024\/04\/Grupo-musical-de-Totonicapan-Los-Francos-realizan-gira-por-EE.-UU-1536x863.webp 1536w, https:\/\/soymigrante.com\/revista\/wp-content\/uploads\/2024\/04\/Grupo-musical-de-Totonicapan-Los-Francos-realizan-gira-por-EE.-UU-750x422.webp 750w, https:\/\/soymigrante.com\/revista\/wp-content\/uploads\/2024\/04\/Grupo-musical-de-Totonicapan-Los-Francos-realizan-gira-por-EE.-UU-1140x641.webp 1140w, https:\/\/soymigrante.com\/revista\/wp-content\/uploads\/2024\/04\/Grupo-musical-de-Totonicapan-Los-Francos-realizan-gira-por-EE.-UU.webp 1920w\" sizes=\"(max-width: 1024px) 100vw, 1024px\" \/>\n            <\/div>\n        <\/div><div class=\"eael-entry-wrapper\"><header class=\"eael-entry-header\"><h2 class=\"eael-entry-title\"><a class=\"eael-grid-post-link\" href=\"https:\/\/soymigrante.com\/revista\/los-francos-de-totonicapan-haran-bailar-a-migrantes-en-ee-uu\/\" title=\"Grupo Los Francos de Toto ponen a bailar a migrantes en gira por EE.UU.\">Grupo Los Francos de Toto ponen a bailar a migrantes en gira por EE.UU.<\/a><\/h2><\/header><div class=\"eael-entry-content\">\n                        <div class=\"eael-grid-post-excerpt\"><a href=\"https:\/\/soymigrante.com\/revista\/los-francos-de-totonicapan-haran-bailar-a-migrantes-en-ee-uu\/\" class=\"eael-post-elements-readmore-btn\">CONOCE SU HISTORIA <\/a><\/div>\n                    <\/div><\/div><\/div>\n        <\/div>\n    <\/article><\/div>\n            <div class=\"clearfix\"><\/div>\n        <\/div>\t\t\t\t<\/div>\n\t\t\t\t\t<\/div>\n\t\t\t\t<\/div>\n\t\t\t\t<\/div>\n\t\t","protected":false},"excerpt":{"rendered":"<p>Las bandas escolares de Guatemala ya se est\u00e1n alistando para desfilar el 15 de septiembre, una tradici\u00f3n y festejo. En cada rinc\u00f3n del pa\u00eds, los ecos de tambores, liras, bombos y trompetas ya comienzan a escucharse con fuerza. Las bandas escolares de Guatemala se preparan con entusiasmo para celebrar el pr\u00f3ximo 15 de septiembre, D\u00eda [&hellip;]<\/p>\n","protected":false},"author":19,"featured_media":41197,"comment_status":"open","ping_status":"open","sticky":false,"template":"","format":"standard","meta":{"_acf_changed":false,"_eb_attr":"","footnotes":""},"categories":[58],"tags":[],"class_list":["post-41196","post","type-post","status-publish","format-standard","has-post-thumbnail","hentry","category-guate-nuestra"],"acf":[],"aioseo_notices":[],"aioseo_head":"\n\t\t<!-- All in One SEO Pro 4.9.6.2 - aioseo.com -->\n\t<meta name=\"description\" content=\"Catorce conciertos en igual n\u00famero de ciudades de Estados Unidos ofrecer\u00e1 el grupo Los Francos, que espera poner a bailar a cientos de migrantes guatemaltecos y de otros pa\u00edses. \u201cEs un sentimiento muy grande ofrecer conciertos en Estados Unidos para nuestros hermanos migrantes. El objetivo es llevar un momento alegr\u00eda a nuestros paisanos que salieron de\" \/>\n\t<meta name=\"robots\" content=\"max-snippet:-1, max-image-preview:large, max-video-preview:-1\" \/>\n\t<meta name=\"author\" content=\"Marysabel Aldana\"\/>\n\t<link rel=\"canonical\" href=\"https:\/\/soymigrante.com\/revista\/ya-suenan-las-practicas-de-bandas-escolares-de-guatemala-rumbo-al-15-de-septiembre\/\" \/>\n\t<meta name=\"generator\" content=\"All in One SEO Pro (AIOSEO) 4.9.6.2\" \/>\n\n\t\t<link rel=\"preconnect\" href=\"https:\/\/fonts.googleapis.com\" crossorigin>\n<link rel=\"preconnect\" href=\"https:\/\/fonts.gstatic.com\" crossorigin>\n\t\t<meta property=\"og:locale\" content=\"es_ES\" \/>\n\t\t<meta property=\"og:site_name\" content=\"SoyMigrante.com REVISTA \u2013 Nuestra misi\u00f3n es reconocer y dignificar al migrante.\" \/>\n\t\t<meta property=\"og:type\" content=\"article\" \/>\n\t\t<meta property=\"og:title\" content=\"Ya suenan las pr\u00e1cticas de bandas escolares de Guatemala rumbo al 15 de septiembre\" \/>\n\t\t<meta property=\"og:description\" content=\"Las bandas escolares de Guatemala ya se preparan para las fiestas patrias. En diversos ritmos, coloridos uniformes y coreograf\u00edas creativas: tradici\u00f3n chapina\" \/>\n\t\t<meta property=\"og:url\" content=\"https:\/\/soymigrante.com\/revista\/ya-suenan-las-practicas-de-bandas-escolares-de-guatemala-rumbo-al-15-de-septiembre\/\" \/>\n\t\t<meta property=\"og:image\" content=\"https:\/\/soymigrante.com\/revista\/wp-content\/uploads\/2025\/08\/Bandas-escolares-de-Guatemala-1-e1754338628501.webp\" \/>\n\t\t<meta property=\"og:image:secure_url\" content=\"https:\/\/soymigrante.com\/revista\/wp-content\/uploads\/2025\/08\/Bandas-escolares-de-Guatemala-1-e1754338628501.webp\" \/>\n\t\t<meta property=\"og:image:width\" content=\"885\" \/>\n\t\t<meta property=\"og:image:height\" content=\"500\" \/>\n\t\t<meta property=\"article:published_time\" content=\"2025-08-05T12:02:56+00:00\" \/>\n\t\t<meta property=\"article:modified_time\" content=\"2025-08-05T12:03:08+00:00\" \/>\n\t\t<meta property=\"article:publisher\" content=\"https:\/\/www.facebook.com\/soymigrantecom\" \/>\n\t\t<meta name=\"twitter:card\" content=\"summary_large_image\" \/>\n\t\t<meta name=\"twitter:site\" content=\"@SoyMigrante_com\" \/>\n\t\t<meta name=\"twitter:title\" content=\"Ya suenan las pr\u00e1cticas de bandas escolares de Guatemala rumbo al 15 de septiembre\" \/>\n\t\t<meta name=\"twitter:description\" content=\"Las bandas escolares de Guatemala ya se preparan para las fiestas patrias. En diversos ritmos, coloridos uniformes y coreograf\u00edas creativas: tradici\u00f3n chapina\" \/>\n\t\t<meta name=\"twitter:creator\" content=\"@SoyMigrante_com\" \/>\n\t\t<meta name=\"twitter:image\" content=\"https:\/\/soymigrante.com\/revista\/wp-content\/uploads\/2025\/08\/Bandas-escolares-de-Guatemala-1-e1754338628501.webp\" \/>\n\t\t<!-- All in One SEO Pro -->\r\n\t\t<title>Ya suenan las pr\u00e1cticas de bandas escolares de Guatemala rumbo al 15 de septiembre<\/title>\n\n","aioseo_head_json":{"title":"Ya suenan las pr\u00e1cticas de bandas escolares de Guatemala rumbo al 15 de septiembre","description":"Las bandas escolares de Guatemala ya se preparan para las fiestas patrias. En diversos ritmos, coloridos uniformes y coreograf\u00edas creativas: tradici\u00f3n chapina","canonical_url":"https:\/\/soymigrante.com\/revista\/ya-suenan-las-practicas-de-bandas-escolares-de-guatemala-rumbo-al-15-de-septiembre\/","robots":"max-snippet:-1, max-image-preview:large, max-video-preview:-1","keywords":"","webmasterTools":{"miscellaneous":"&lt;link rel=\"preconnect\" href=\"https:\/\/fonts.googleapis.com\" crossorigin&gt;\n&lt;link rel=\"preconnect\" href=\"https:\/\/fonts.gstatic.com\" crossorigin&gt;"},"schema":null,"og:locale":"es_ES","og:site_name":"SoyMigrante.com REVISTA \u2013 Nuestra misi\u00f3n es reconocer y dignificar al migrante.","og:type":"article","og:title":"Ya suenan las pr\u00e1cticas de bandas escolares de Guatemala rumbo al 15 de septiembre","og:description":"Las bandas escolares de Guatemala ya se preparan para las fiestas patrias. En diversos ritmos, coloridos uniformes y coreograf\u00edas creativas: tradici\u00f3n chapina","og:url":"https:\/\/soymigrante.com\/revista\/ya-suenan-las-practicas-de-bandas-escolares-de-guatemala-rumbo-al-15-de-septiembre\/","og:image":"https:\/\/soymigrante.com\/revista\/wp-content\/uploads\/2025\/08\/Bandas-escolares-de-Guatemala-1-e1754338628501.webp","og:image:secure_url":"https:\/\/soymigrante.com\/revista\/wp-content\/uploads\/2025\/08\/Bandas-escolares-de-Guatemala-1-e1754338628501.webp","og:image:width":885,"og:image:height":500,"article:published_time":"2025-08-05T12:02:56+00:00","article:modified_time":"2025-08-05T12:03:08+00:00","article:publisher":"https:\/\/www.facebook.com\/soymigrantecom","twitter:card":"summary_large_image","twitter:site":"@SoyMigrante_com","twitter:title":"Ya suenan las pr\u00e1cticas de bandas escolares de Guatemala rumbo al 15 de septiembre","twitter:description":"Las bandas escolares de Guatemala ya se preparan para las fiestas patrias. En diversos ritmos, coloridos uniformes y coreograf\u00edas creativas: tradici\u00f3n chapina","twitter:creator":"@SoyMigrante_com","twitter:image":"https:\/\/soymigrante.com\/revista\/wp-content\/uploads\/2025\/08\/Bandas-escolares-de-Guatemala-1-e1754338628501.webp"},"aioseo_meta_data":{"post_id":"41196","title":null,"description":"Las bandas escolares de Guatemala ya se preparan para las fiestas patrias. En diversos ritmos, coloridos uniformes y coreograf\u00edas creativas: tradici\u00f3n chapina","keywords":null,"keyphrases":{"focus":{"keyphrase":"bandas escolares","score":91,"analysis":{"keyphraseInTitle":{"score":9,"maxScore":9,"error":0},"keyphraseInDescription":{"score":9,"maxScore":9,"error":0},"keyphraseLength":{"score":9,"maxScore":9,"error":0,"length":2},"keyphraseInURL":{"score":5,"maxScore":5,"error":0},"keyphraseInIntroduction":{"score":9,"maxScore":9,"error":0},"keyphraseInSubHeadings":{"score":3,"maxScore":9,"error":1},"keyphraseInImageAlt":{"score":9,"maxScore":9,"error":0},"keywordDensity":{"type":"best","score":9,"maxScore":9,"error":0}}},"additional":[{"keyphrase":"Guatemala","score":100,"analysis":{"keyphraseInDescription":{"score":9,"maxScore":9,"error":0},"keyphraseLength":{"score":9,"maxScore":9,"error":0,"length":1},"keyphraseInIntroduction":{"score":9,"maxScore":9,"error":0},"keyphraseInImageAlt":{"score":9,"maxScore":9,"error":0},"keywordDensity":{"type":"best","score":9,"maxScore":9,"error":0}}}]},"primary_term":null,"canonical_url":null,"og_title":null,"og_description":null,"og_object_type":"default","og_image_type":"default","og_image_url":null,"og_image_width":null,"og_image_height":null,"og_image_custom_url":null,"og_image_custom_fields":null,"og_video":"","og_custom_url":null,"og_article_section":null,"og_article_tags":null,"twitter_use_og":false,"twitter_card":"default","twitter_image_type":"default","twitter_image_url":null,"twitter_image_custom_url":null,"twitter_image_custom_fields":null,"twitter_title":null,"twitter_description":null,"schema":{"blockGraphs":[],"customGraphs":[],"default":{"data":{"Article":[],"Course":[],"Dataset":[],"FAQPage":[],"Movie":[],"Person":[],"Product":[],"ProductReview":[],"Car":[],"Recipe":[],"Service":[],"SoftwareApplication":[],"WebPage":[]},"graphName":"none","isEnabled":true},"graphs":[]},"schema_type":"default","schema_type_options":null,"pillar_content":false,"robots_default":true,"robots_noindex":false,"robots_noarchive":false,"robots_nosnippet":false,"robots_nofollow":false,"robots_noimageindex":false,"robots_noodp":false,"robots_notranslate":false,"robots_max_snippet":"-1","robots_max_videopreview":"-1","robots_max_imagepreview":"large","priority":null,"frequency":"default","local_seo":null,"seo_analyzer_scan_date":"2025-10-09 07:26:16","breadcrumb_settings":null,"limit_modified_date":false,"reviewed_by":"0","open_ai":null,"ai":{"faqs":[],"keyPoints":[],"titles":[],"descriptions":[],"socialPosts":{"email":[],"linkedin":[],"twitter":[],"facebook":[],"instagram":[]}},"created":"2025-08-04 20:18:51","updated":"2026-02-05 03:30:15"},"aioseo_breadcrumb":"<div class=\"aioseo-breadcrumbs\"><span class=\"aioseo-breadcrumb\">\n\t<a href=\"https:\/\/soymigrante.com\/revista\" title=\"Home\">Home<\/a>\n<\/span><span class=\"aioseo-breadcrumb-separator\">\u00bb<\/span><span class=\"aioseo-breadcrumb\">\n\t<a href=\"https:\/\/soymigrante.com\/revista\/category\/guate-nuestra\/\" title=\"Guate Nuestra\">Guate Nuestra<\/a>\n<\/span><span class=\"aioseo-breadcrumb-separator\">\u00bb<\/span><span class=\"aioseo-breadcrumb\">\n\tYa suenan las pr\u00e1cticas de bandas escolares de Guatemala  rumbo al 15 de septiembre\n<\/span><\/div>","aioseo_breadcrumb_json":[{"label":"Home","link":"https:\/\/soymigrante.com\/revista"},{"label":"Guate Nuestra","link":"https:\/\/soymigrante.com\/revista\/category\/guate-nuestra\/"},{"label":"Ya suenan las pr\u00e1cticas de bandas escolares de Guatemala  rumbo al 15 de septiembre","link":"https:\/\/soymigrante.com\/revista\/ya-suenan-las-practicas-de-bandas-escolares-de-guatemala-rumbo-al-15-de-septiembre\/"}],"_links":{"self":[{"href":"https:\/\/soymigrante.com\/revista\/wp-json\/wp\/v2\/posts\/41196","targetHints":{"allow":["GET"]}}],"collection":[{"href":"https:\/\/soymigrante.com\/revista\/wp-json\/wp\/v2\/posts"}],"about":[{"href":"https:\/\/soymigrante.com\/revista\/wp-json\/wp\/v2\/types\/post"}],"author":[{"embeddable":true,"href":"https:\/\/soymigrante.com\/revista\/wp-json\/wp\/v2\/users\/19"}],"replies":[{"embeddable":true,"href":"https:\/\/soymigrante.com\/revista\/wp-json\/wp\/v2\/comments?post=41196"}],"version-history":[{"count":16,"href":"https:\/\/soymigrante.com\/revista\/wp-json\/wp\/v2\/posts\/41196\/revisions"}],"predecessor-version":[{"id":41252,"href":"https:\/\/soymigrante.com\/revista\/wp-json\/wp\/v2\/posts\/41196\/revisions\/41252"}],"wp:featuredmedia":[{"embeddable":true,"href":"https:\/\/soymigrante.com\/revista\/wp-json\/wp\/v2\/media\/41197"}],"wp:attachment":[{"href":"https:\/\/soymigrante.com\/revista\/wp-json\/wp\/v2\/media?parent=41196"}],"wp:term":[{"taxonomy":"category","embeddable":true,"href":"https:\/\/soymigrante.com\/revista\/wp-json\/wp\/v2\/categories?post=41196"},{"taxonomy":"post_tag","embeddable":true,"href":"https:\/\/soymigrante.com\/revista\/wp-json\/wp\/v2\/tags?post=41196"}],"curies":[{"name":"wp","href":"https:\/\/api.w.org\/{rel}","templated":true}]}}