{"id":41129,"date":"2025-08-04T07:00:00","date_gmt":"2025-08-04T13:00:00","guid":{"rendered":"https:\/\/soymigrante.com\/revista\/?p=41129"},"modified":"2025-08-04T15:53:54","modified_gmt":"2025-08-04T21:53:54","slug":"lamparas-con-alma-textil-guatemalteca-wikoniq-ya-esta-en-mercado","status":"publish","type":"post","link":"https:\/\/soymigrante.com\/revista\/lamparas-con-alma-textil-guatemalteca-wikoniq-ya-esta-en-mercado\/","title":{"rendered":"Wikoniq y sus originales l\u00e1mparas con alma textil guatemalteca ya est\u00e1n en MERCADO"},"content":{"rendered":"\t\t<div data-elementor-type=\"wp-post\" data-elementor-id=\"41129\" class=\"elementor elementor-41129\" data-elementor-post-type=\"post\">\n\t\t\t\t<div data-particle_enable=\"false\" data-particle-mobile-disabled=\"false\" class=\"elementor-element elementor-element-2e5b990 e-flex e-con-boxed e-con e-parent\" data-id=\"2e5b990\" data-element_type=\"container\" data-e-type=\"container\">\n\t\t\t\t\t<div class=\"e-con-inner\">\n\t\t\t\t<div class=\"elementor-element elementor-element-ea307fb elementor-widget elementor-widget-heading\" data-id=\"ea307fb\" data-element_type=\"widget\" data-e-type=\"widget\" data-widget_type=\"heading.default\">\n\t\t\t\t\t<h2 class=\"elementor-heading-title elementor-size-default\">Iluminaci\u00f3n, decoraci\u00f3n y tradici\u00f3n se fusionan en las l\u00e1mparas Wikoniq. Pueden lucir geniales en tu hogar u oficina, o ser un obsequio perfecto. Su elaboraci\u00f3n genera oportunidades y est\u00e1 disponible en SoyMigrante.com MERCADO<\/h2>\t\t\t\t<\/div>\n\t\t\t\t<div class=\"elementor-element elementor-element-d741a9e elementor-widget elementor-widget-html\" data-id=\"d741a9e\" data-element_type=\"widget\" data-e-type=\"widget\" data-widget_type=\"html.default\">\n\t\t\t\t\t<div id=\"buzzsprout-player-17614876\"><\/div><script src=\"https:\/\/www.buzzsprout.com\/2444168\/episodes\/17614876-wikoniq-ilumina-con-lamparas-e-identidad.js?container_id=buzzsprout-player-17614876&player=small\" type=\"text\/javascript\" charset=\"utf-8\"><\/script>\t\t\t\t<\/div>\n\t\t\t\t\t<\/div>\n\t\t\t\t<\/div>\n\t\t<div data-particle_enable=\"false\" data-particle-mobile-disabled=\"false\" class=\"elementor-element elementor-element-4c28dd3 e-flex e-con-boxed e-con e-parent\" data-id=\"4c28dd3\" data-element_type=\"container\" data-e-type=\"container\">\n\t\t\t\t\t<div class=\"e-con-inner\">\n\t\t\t\t<div class=\"elementor-element elementor-element-11e070d elementor-widget elementor-widget-text-editor\" data-id=\"11e070d\" data-element_type=\"widget\" data-e-type=\"widget\" data-widget_type=\"text-editor.default\">\n\t\t\t\t\t\t\t\t\t<p>\u201cQuer\u00edamos dise\u00f1ar algo \u00fatil, bonito y con identidad. As\u00ed nacieron nuestras l\u00e1mparas.\u201d: Con esa visi\u00f3n clara y creativa, los dise\u00f1adores industriales \u00c1lvaro Castro y David Ajmac dieron vida a <a href=\"https:\/\/soymigrante.com\/mercado\/marketplace\/Wikoniq\">Wikoniq<\/a>, un emprendimiento artesanal que ilumina espacios con alma guatemalteca desde su taller en <a href=\"https:\/\/soymigrante.com\/revista\/departamentos-de-guatemala-chimaltenango-tiene-montanas-tradicion-y-la-primera-capital-de-guatemala\/\">Chimaltenango<\/a>. Su propuesta: l\u00e1mparas decorativas elaboradas con textiles tradicionales y bastidores hechos a mano, que fusionan dise\u00f1o contempor\u00e1neo con herencia maya.<\/p>\n<p>Ahora <a href=\"https:\/\/soymigrante.com\/mercado\/marketplace\/Wikoniq\">Wikoniq<\/a> tiene su tienda digital en <a href=\"https:\/\/soymigrante.com\/mercado\/\">SoyMigrante.com MERCADO<\/a>, la plataforma que une a emprendedores y compradores de toda Guatemala, para potenciar la creatividad, fomentar el desarrollo comunitario y proveer facilidades de compra, log\u00edstica de env\u00edo y cobro seguro.&nbsp;<\/p>\n<p>Y esta es la historia de c\u00f3mo naci\u00f3 este luminoso emprendimiento.<\/p>\t\t\t\t\t\t\t\t<\/div>\n\t\t\t\t\t<\/div>\n\t\t\t\t<\/div>\n\t\t<div data-particle_enable=\"false\" data-particle-mobile-disabled=\"false\" class=\"elementor-element elementor-element-8f73b98 e-flex e-con-boxed e-con e-parent\" data-id=\"8f73b98\" data-element_type=\"container\" data-e-type=\"container\">\n\t\t\t\t\t<div class=\"e-con-inner\">\n\t\t\t\t<div class=\"elementor-element elementor-element-21eb734 elementor-widget elementor-widget-image\" data-id=\"21eb734\" data-element_type=\"widget\" data-e-type=\"widget\" data-widget_type=\"image.default\">\n\t\t\t\t\t\t\t\t\t\t\t\t<figure class=\"wp-caption\">\n\t\t\t\t\t\t\t\t\t\t\t<a href=\"https:\/\/soymigrante.com\/mercado\/marketplace\/Wikoniq\">\n\t\t\t\t\t\t\t<img fetchpriority=\"high\" decoding=\"async\" width=\"768\" height=\"251\" src=\"https:\/\/soymigrante.com\/revista\/wp-content\/uploads\/2025\/08\/Captura-de-pantalla-2025-08-03-225544-1024x334.png\" class=\"attachment-large size-large wp-image-41134\" alt=\"Colores vibrantes en l\u00e1mparas de estilo tradicional mexicana, decoraciones de fibra y textiles, en un entorno cultural de la Ciudad de M\u00e9xico, ideal para art\u00edculos sobre arte y cultura mexicana.\" srcset=\"https:\/\/soymigrante.com\/revista\/wp-content\/uploads\/2025\/08\/Captura-de-pantalla-2025-08-03-225544-1024x334.png 1024w, https:\/\/soymigrante.com\/revista\/wp-content\/uploads\/2025\/08\/Captura-de-pantalla-2025-08-03-225544-300x98.png 300w, https:\/\/soymigrante.com\/revista\/wp-content\/uploads\/2025\/08\/Captura-de-pantalla-2025-08-03-225544-768x251.png 768w, https:\/\/soymigrante.com\/revista\/wp-content\/uploads\/2025\/08\/Captura-de-pantalla-2025-08-03-225544-1536x502.png 1536w, https:\/\/soymigrante.com\/revista\/wp-content\/uploads\/2025\/08\/Captura-de-pantalla-2025-08-03-225544-750x245.webp 750w, https:\/\/soymigrante.com\/revista\/wp-content\/uploads\/2025\/08\/Captura-de-pantalla-2025-08-03-225544-1140x372.webp 1140w, https:\/\/soymigrante.com\/revista\/wp-content\/uploads\/2025\/08\/Captura-de-pantalla-2025-08-03-225544.webp 1617w\" sizes=\"(max-width: 768px) 100vw, 768px\" title=\"Wikoniq es una decidida apuesta por la creatividad y la funcionalidad. Estas l\u00e1mparas son un obsequio perfecto o un gran detalle para el hogar o la oficina. Para ir a la tienda Wikoniq en SoyMigrante.com MERCADO, CLIC EN LA IMAGEN. \u2013 SoyMigrante.com REVISTA\" \/>\t\t\t\t\t\t\t\t<\/a>\n\t\t\t\t\t\t\t\t\t\t\t<figcaption class=\"widget-image-caption wp-caption-text\">L\u00e1mparas decorativas tradicionales mexicanas de colores vibrantes, en un entorno cultural, resaltando la artesan\u00eda y el dise\u00f1o colorido en M\u00e9xico.<\/figcaption>\n\t\t\t\t\t\t\t\t\t\t<\/figure>\n\t\t\t\t\t\t\t\t\t<\/div>\n\t\t\t\t\t<\/div>\n\t\t\t\t<\/div>\n\t\t<div data-particle_enable=\"false\" data-particle-mobile-disabled=\"false\" class=\"elementor-element elementor-element-baf2acd e-flex e-con-boxed e-con e-parent\" data-id=\"baf2acd\" data-element_type=\"container\" data-e-type=\"container\">\n\t\t\t\t\t<div class=\"e-con-inner\">\n\t\t\t\t<div class=\"elementor-element elementor-element-c3912b6 elementor-widget elementor-widget-heading\" data-id=\"c3912b6\" data-element_type=\"widget\" data-e-type=\"widget\" data-widget_type=\"heading.default\">\n\t\t\t\t\t<h3 class=\"elementor-heading-title elementor-size-default\">Un sue\u00f1o de luz e identidad<\/h3>\t\t\t\t<\/div>\n\t\t\t\t\t<\/div>\n\t\t\t\t<\/div>\n\t\t<div data-particle_enable=\"false\" data-particle-mobile-disabled=\"false\" class=\"elementor-element elementor-element-516da90 e-flex e-con-boxed e-con e-parent\" data-id=\"516da90\" data-element_type=\"container\" data-e-type=\"container\">\n\t\t\t\t\t<div class=\"e-con-inner\">\n\t\t\t\t<div class=\"elementor-element elementor-element-22b406c elementor-widget elementor-widget-text-editor\" data-id=\"22b406c\" data-element_type=\"widget\" data-e-type=\"widget\" data-widget_type=\"text-editor.default\">\n\t\t\t\t\t\t\t\t\t<p>La idea comenz\u00f3 como un experimento. \u201cHicimos pruebas, prototipos, propuestas\u2026 hasta que dimos con algo que no solo funcionara visualmente, sino que tambi\u00e9n fuera pr\u00e1ctico\u201d, cuenta \u00c1lvaro, originario de <a href=\"https:\/\/soymigrante.com\/revista\/san-lucas-toliman-refugio-de-aves-frente-al-lago-de-atitlan-y-al-pie-de-un-majestuoso-volcan\/\">San Lucas Tolim\u00e1n<\/a>. La clave del proyecto fue desarrollar un producto que pudiera armarse y desarmarse f\u00e1cilmente, ideal para env\u00edos nacionales e internacionales.<\/p><p>Se conoci\u00f3 con su socio y amigo David Ajmac, cuando cursaban la carrera de Dise\u00f1o Industrial, una disciplina profesional dirigida a crear soluciones para requerimientos de la vida diaria y productos, con una integraci\u00f3n de funcionalidad, materiales adecuados y atractivo visual. Enfocaron su esfuerzo a las l\u00e1mparas y as\u00ed surgio Wiqonik.<\/p>\t\t\t\t\t\t\t\t<\/div>\n\t\t\t\t\t<\/div>\n\t\t\t\t<\/div>\n\t\t<div data-particle_enable=\"false\" data-particle-mobile-disabled=\"false\" class=\"elementor-element elementor-element-6a9b81a e-flex e-con-boxed e-con e-parent\" data-id=\"6a9b81a\" data-element_type=\"container\" data-e-type=\"container\">\n\t\t\t\t\t<div class=\"e-con-inner\">\n\t\t\t\t<div class=\"elementor-element elementor-element-a818cdc elementor-widget elementor-widget-image-gallery\" data-id=\"a818cdc\" data-element_type=\"widget\" data-e-type=\"widget\" data-widget_type=\"image-gallery.default\">\n\t\t\t\t\t\t\t<div class=\"elementor-image-gallery\">\n\t\t\t<div id='gallery-1' class='gallery galleryid-41129 gallery-columns-2 gallery-size-large'><figure class='gallery-item'>\n\t\t\t<div class='gallery-icon portrait'>\n\t\t\t\t<a data-elementor-open-lightbox=\"yes\" data-elementor-lightbox-slideshow=\"a818cdc\" data-elementor-lightbox-title=\"Alvaro Castro, dise\u00f1ador industrial y cofundador de Wikoniq, trabajando un prototipo.\" data-elementor-lightbox-description=\"Un hombre sentando en el piso, revisando un cuaderno en una caja grande, en una habitaci\u00f3n con muebles y libros, representando el intercambio cultural y la conexi\u00f3n con la comunidad migrante.\" data-e-action-hash=\"#elementor-action%3Aaction%3Dlightbox%26settings%3DeyJpZCI6NDExNTMsInVybCI6Imh0dHBzOlwvXC9zb3ltaWdyYW50ZS5jb21cL3JldmlzdGFcL3dwLWNvbnRlbnRcL3VwbG9hZHNcLzIwMjVcLzA4XC93aWtvbmlxLWxhbXBhcmFzLWVtcHJlbmRpbWllbnRvLW1lcmNhZG8tNi53ZWJwIiwic2xpZGVzaG93IjoiYTgxOGNkYyJ9\" href='https:\/\/soymigrante.com\/revista\/wp-content\/uploads\/2025\/08\/wikoniq-lamparas-emprendimiento-mercado-6.webp'><img decoding=\"async\" width=\"768\" height=\"960\" src=\"https:\/\/soymigrante.com\/revista\/wp-content\/uploads\/2025\/08\/wikoniq-lamparas-emprendimiento-mercado-6-819x1024.jpg\" class=\"attachment-large size-large\" alt=\"Sobre un hombre que viene del extranjero, revisando una caja de cart\u00f3n con un libro o cuaderno abierto, en un ambiente interior.\" aria-describedby=\"gallery-1-41153\" srcset=\"https:\/\/soymigrante.com\/revista\/wp-content\/uploads\/2025\/08\/wikoniq-lamparas-emprendimiento-mercado-6-819x1024.jpg 819w, https:\/\/soymigrante.com\/revista\/wp-content\/uploads\/2025\/08\/wikoniq-lamparas-emprendimiento-mercado-6-240x300.jpg 240w, https:\/\/soymigrante.com\/revista\/wp-content\/uploads\/2025\/08\/wikoniq-lamparas-emprendimiento-mercado-6-768x960.jpg 768w, https:\/\/soymigrante.com\/revista\/wp-content\/uploads\/2025\/08\/wikoniq-lamparas-emprendimiento-mercado-6-750x938.webp 750w, https:\/\/soymigrante.com\/revista\/wp-content\/uploads\/2025\/08\/wikoniq-lamparas-emprendimiento-mercado-6-1140x1425.webp 1140w, https:\/\/soymigrante.com\/revista\/wp-content\/uploads\/2025\/08\/wikoniq-lamparas-emprendimiento-mercado-6.webp 1162w\" sizes=\"(max-width: 768px) 100vw, 768px\" title=\"Alvaro Castro, dise\u00f1ador industrial y cofundador de Wikoniq, trabajando un prototipo. \u2013 SoyMigrante.com REVISTA\" \/><\/a>\n\t\t\t<\/div>\n\t\t\t\t<figcaption class='wp-caption-text gallery-caption' id='gallery-1-41153'>\n\t\t\t\tUn hombre revisa con entusiasmo un cuaderno que acaba de recibir, simbolizando la llegada de informaci\u00f3n precisa y cultural en la revista SoyMigrante.com.\n\t\t\t\t<\/figcaption><\/figure><figure class='gallery-item'>\n\t\t\t<div class='gallery-icon portrait'>\n\t\t\t\t<a data-elementor-open-lightbox=\"yes\" data-elementor-lightbox-slideshow=\"a818cdc\" data-elementor-lightbox-title=\"David Ajmac en plena elaboraci\u00f3n de una pantalla de l\u00e1mpara\" data-elementor-lightbox-description=\"David Ajmac en plena elaboraci\u00f3n de una pantalla de l\u00e1mpara\" data-e-action-hash=\"#elementor-action%3Aaction%3Dlightbox%26settings%3DeyJpZCI6NDExNTQsInVybCI6Imh0dHBzOlwvXC9zb3ltaWdyYW50ZS5jb21cL3JldmlzdGFcL3dwLWNvbnRlbnRcL3VwbG9hZHNcLzIwMjVcLzA4XC93aWtvbmlxLWxhbXBhcmFzLWVtcHJlbmRpbWllbnRvLW1lcmNhZG8tNy0xLndlYnAiLCJzbGlkZXNob3ciOiJhODE4Y2RjIn0%3D\" href='https:\/\/soymigrante.com\/revista\/wp-content\/uploads\/2025\/08\/wikoniq-lamparas-emprendimiento-mercado-7-1.webp'><img decoding=\"async\" width=\"768\" height=\"960\" src=\"https:\/\/soymigrante.com\/revista\/wp-content\/uploads\/2025\/08\/wikoniq-lamparas-emprendimiento-mercado-7-1-819x1024.jpg\" class=\"attachment-large size-large\" alt=\"Reparaci\u00f3n de mobiliario por un hombre en interiores, trabajos manuales, artesan\u00eda en casa, reparaci\u00f3n casera, artesano profesional, trabajo artesanal, mantenimiento del hogar, habilidades manuales, carpinter\u00eda dom\u00e9stica, bricolaje.\" aria-describedby=\"gallery-1-41154\" srcset=\"https:\/\/soymigrante.com\/revista\/wp-content\/uploads\/2025\/08\/wikoniq-lamparas-emprendimiento-mercado-7-1-819x1024.jpg 819w, https:\/\/soymigrante.com\/revista\/wp-content\/uploads\/2025\/08\/wikoniq-lamparas-emprendimiento-mercado-7-1-240x300.jpg 240w, https:\/\/soymigrante.com\/revista\/wp-content\/uploads\/2025\/08\/wikoniq-lamparas-emprendimiento-mercado-7-1-768x960.jpg 768w, https:\/\/soymigrante.com\/revista\/wp-content\/uploads\/2025\/08\/wikoniq-lamparas-emprendimiento-mercado-7-1-750x938.webp 750w, https:\/\/soymigrante.com\/revista\/wp-content\/uploads\/2025\/08\/wikoniq-lamparas-emprendimiento-mercado-7-1-1140x1425.webp 1140w, https:\/\/soymigrante.com\/revista\/wp-content\/uploads\/2025\/08\/wikoniq-lamparas-emprendimiento-mercado-7-1.webp 1162w\" sizes=\"(max-width: 768px) 100vw, 768px\" title=\"David Ajmac en plena elaboraci\u00f3n de una pantalla de l\u00e1mpara \u2013 SoyMigrante.com REVISTA\" \/><\/a>\n\t\t\t<\/div>\n\t\t\t\t<figcaption class='wp-caption-text gallery-caption' id='gallery-1-41154'>\n\t\t\t\tDise\u00f1o de manualidades con cart\u00f3n, creatividad y reciclaje en un taller de artesan\u00eda. Hombre cortando cart\u00f3n en un espacio de trabajo art\u00edstico en casa o estudio.\n\t\t\t\t<\/figcaption><\/figure>\n\t\t<\/div>\n\t\t<\/div>\n\t\t\t\t\t\t<\/div>\n\t\t\t\t\t<\/div>\n\t\t\t\t<\/div>\n\t\t<div data-particle_enable=\"false\" data-particle-mobile-disabled=\"false\" class=\"elementor-element elementor-element-1a2d46a e-flex e-con-boxed e-con e-parent\" data-id=\"1a2d46a\" data-element_type=\"container\" data-e-type=\"container\">\n\t\t\t\t\t<div class=\"e-con-inner\">\n\t\t\t\t<div class=\"elementor-element elementor-element-d1357fb elementor-widget elementor-widget-heading\" data-id=\"d1357fb\" data-element_type=\"widget\" data-e-type=\"widget\" data-widget_type=\"heading.default\">\n\t\t\t\t\t<h3 class=\"elementor-heading-title elementor-size-default\">Wikoniq genera oportunidades para tejedores<\/h3>\t\t\t\t<\/div>\n\t\t\t\t\t<\/div>\n\t\t\t\t<\/div>\n\t\t<div data-particle_enable=\"false\" data-particle-mobile-disabled=\"false\" class=\"elementor-element elementor-element-436dba4 e-flex e-con-boxed e-con e-parent\" data-id=\"436dba4\" data-element_type=\"container\" data-e-type=\"container\">\n\t\t\t\t\t<div class=\"e-con-inner\">\n\t\t\t\t<div class=\"elementor-element elementor-element-70ebfee elementor-widget elementor-widget-text-editor\" data-id=\"70ebfee\" data-element_type=\"widget\" data-e-type=\"widget\" data-widget_type=\"text-editor.default\">\n\t\t\t\t\t\t\t\t\t<p>La pantalla, cuyo textil es elaborado con telar de pedal, es plegable, para facilitar el transporte. La base \u2013de madera s\u00f3lida\u2013 es plegable, pero una vez armada se mantiene fija y estable. \u201cLa parte m\u00e1s complicada fue dise\u00f1ar esa base, porque quer\u00edamos algo est\u00e9tico pero tambi\u00e9n funcional\u201d, agrega \u00c1lvaro.<\/p><p>Uno de los sellos distintivos de Wikoniq es su compromiso con los productores locales. Los textiles son adquiridos directamente a artesanos del Lago de Atitl\u00e1n, en talleres localizados en <a href=\"https:\/\/soymigrante.com\/revista\/san-antonio-palopo-enclave-de-cultura-kaqchiquel-a-orillas-del-lago-de-atitlan\/\">San Antonio Palop\u00f3 <\/a>y <a href=\"https:\/\/soymigrante.com\/revista\/panajachel-lago-atitlan-puerta-entrada-guatemala\/\">Panajachel,<\/a> en <a href=\"https:\/\/soymigrante.com\/revista\/departamentos-de-guatemala-solola-tiene-un-corazon-de-agua-cristalina-entre-montanas\/\">Solol\u00e1<\/a>.\u00a0 \u201cAhora estamos pensando en incorporar tejidos de cintura en futuras colecciones. Es una forma de generar oportunidades para m\u00e1s comunidades\u201d, dice \u00c1lvaro.<\/p>\t\t\t\t\t\t\t\t<\/div>\n\t\t\t\t\t<\/div>\n\t\t\t\t<\/div>\n\t\t<div data-particle_enable=\"false\" data-particle-mobile-disabled=\"false\" class=\"elementor-element elementor-element-ce90451 e-flex e-con-boxed e-con e-parent\" data-id=\"ce90451\" data-element_type=\"container\" data-e-type=\"container\">\n\t\t\t\t\t<div class=\"e-con-inner\">\n\t\t\t\t<div class=\"elementor-element elementor-element-bc920f2 elementor-widget elementor-widget-image\" data-id=\"bc920f2\" data-element_type=\"widget\" data-e-type=\"widget\" data-widget_type=\"image.default\">\n\t\t\t\t\t\t\t\t\t\t\t\t<figure class=\"wp-caption\">\n\t\t\t\t\t\t\t\t\t\t<img loading=\"lazy\" decoding=\"async\" width=\"768\" height=\"576\" src=\"https:\/\/soymigrante.com\/revista\/wp-content\/uploads\/2025\/08\/wikoniq-lamparas-emprendimiento-mercado-21-1024x768.jpg\" class=\"attachment-large size-large wp-image-41157\" alt=\"Tejidos tradicionales con dise\u00f1os coloridos para cultura y artesan\u00eda.\" srcset=\"https:\/\/soymigrante.com\/revista\/wp-content\/uploads\/2025\/08\/wikoniq-lamparas-emprendimiento-mercado-21-1024x768.jpg 1024w, https:\/\/soymigrante.com\/revista\/wp-content\/uploads\/2025\/08\/wikoniq-lamparas-emprendimiento-mercado-21-300x225.jpg 300w, https:\/\/soymigrante.com\/revista\/wp-content\/uploads\/2025\/08\/wikoniq-lamparas-emprendimiento-mercado-21-768x576.jpg 768w, https:\/\/soymigrante.com\/revista\/wp-content\/uploads\/2025\/08\/wikoniq-lamparas-emprendimiento-mercado-21-750x563.webp 750w, https:\/\/soymigrante.com\/revista\/wp-content\/uploads\/2025\/08\/wikoniq-lamparas-emprendimiento-mercado-21-1140x855.webp 1140w, https:\/\/soymigrante.com\/revista\/wp-content\/uploads\/2025\/08\/wikoniq-lamparas-emprendimiento-mercado-21.webp 1280w\" sizes=\"(max-width: 768px) 100vw, 768px\" title=\"Todos los textiles utilizados en las l\u00e1mparas Wikoniq son elaborados en telar de pie, con lo cual generan oportunidad para artesanos de Solol\u00e1 \u2013 SoyMigrante.com REVISTA\" \/>\t\t\t\t\t\t\t\t\t\t\t<figcaption class=\"widget-image-caption wp-caption-text\">Muestra de textiles artesanales mexicanos en diferentes colores y patrones para proyectos culturales o decorativos.<\/figcaption>\n\t\t\t\t\t\t\t\t\t\t<\/figure>\n\t\t\t\t\t\t\t\t\t<\/div>\n\t\t\t\t\t<\/div>\n\t\t\t\t<\/div>\n\t\t<div data-particle_enable=\"false\" data-particle-mobile-disabled=\"false\" class=\"elementor-element elementor-element-fcead92 e-flex e-con-boxed e-con e-parent\" data-id=\"fcead92\" data-element_type=\"container\" data-e-type=\"container\">\n\t\t\t\t\t<div class=\"e-con-inner\">\n\t\t\t\t<div class=\"elementor-element elementor-element-498b8f0 elementor-widget elementor-widget-heading\" data-id=\"498b8f0\" data-element_type=\"widget\" data-e-type=\"widget\" data-widget_type=\"heading.default\">\n\t\t\t\t\t<h3 class=\"elementor-heading-title elementor-size-default\">\u00bfPor qu\u00e9 se decidi\u00f3 a entrar en MERCADO?<\/h3>\t\t\t\t<\/div>\n\t\t\t\t\t<\/div>\n\t\t\t\t<\/div>\n\t\t<div data-particle_enable=\"false\" data-particle-mobile-disabled=\"false\" class=\"elementor-element elementor-element-c3e46bc e-flex e-con-boxed e-con e-parent\" data-id=\"c3e46bc\" data-element_type=\"container\" data-e-type=\"container\">\n\t\t\t\t\t<div class=\"e-con-inner\">\n\t\t\t\t<div class=\"elementor-element elementor-element-e40f91e elementor-widget elementor-widget-text-editor\" data-id=\"e40f91e\" data-element_type=\"widget\" data-e-type=\"widget\" data-widget_type=\"text-editor.default\">\n\t\t\t\t\t\t\t\t\t<p>Aunque actualmente no cuentan con una tienda f\u00edsica, Wikoniq ha tenido presencia en bazares de emprendedores y ahora tiene su tienda digital en <a href=\"https:\/\/soymigrante.com\/mercado\/\">SoyMigrante.com MERCADO<\/a> una vitrina digital impulsada por guatemaltecos en el exterior.\u00a0<\/p><p>\u201cConocimos a <a href=\"https:\/\/marcosantil.com\/\">Marcos Antil <\/a>en una feria de emprendimiento, escuchamos sus ideas y eso nos motiv\u00f3 mucho. \u00c9l tambi\u00e9n empez\u00f3 as\u00ed, con un gran sue\u00f1o. Y eso es lo que le permite creer en los productos y artesanos locales\u201d, agrega.<\/p>\t\t\t\t\t\t\t\t<\/div>\n\t\t\t\t\t<\/div>\n\t\t\t\t<\/div>\n\t\t<div data-particle_enable=\"false\" data-particle-mobile-disabled=\"false\" class=\"elementor-element elementor-element-14fea25 e-flex e-con-boxed e-con e-parent\" data-id=\"14fea25\" data-element_type=\"container\" data-e-type=\"container\">\n\t\t\t\t\t<div class=\"e-con-inner\">\n\t\t\t\t<div class=\"elementor-element elementor-element-2565c1d elementor-widget elementor-widget-heading\" data-id=\"2565c1d\" data-element_type=\"widget\" data-e-type=\"widget\" data-widget_type=\"heading.default\">\n\t\t\t\t\t<h4 class=\"elementor-heading-title elementor-size-default\">Estilo, elegaancia y luz en todo ambiente<\/h4>\t\t\t\t<\/div>\n\t\t\t\t\t<\/div>\n\t\t\t\t<\/div>\n\t\t<div data-particle_enable=\"false\" data-particle-mobile-disabled=\"false\" class=\"elementor-element elementor-element-3548218 e-flex e-con-boxed e-con e-parent\" data-id=\"3548218\" data-element_type=\"container\" data-e-type=\"container\">\n\t\t\t\t\t<div class=\"e-con-inner\">\n\t\t\t\t<div class=\"elementor-element elementor-element-d43af48 elementor-arrows-position-inside elementor-pagination-position-outside elementor-widget elementor-widget-image-carousel\" data-id=\"d43af48\" data-element_type=\"widget\" data-e-type=\"widget\" data-settings=\"{&quot;slides_to_show&quot;:&quot;1&quot;,&quot;navigation&quot;:&quot;both&quot;,&quot;autoplay&quot;:&quot;yes&quot;,&quot;pause_on_hover&quot;:&quot;yes&quot;,&quot;pause_on_interaction&quot;:&quot;yes&quot;,&quot;autoplay_speed&quot;:5000,&quot;infinite&quot;:&quot;yes&quot;,&quot;effect&quot;:&quot;slide&quot;,&quot;speed&quot;:500}\" data-widget_type=\"image-carousel.default\">\n\t\t\t\t\t\t\t<div class=\"elementor-image-carousel-wrapper swiper\" role=\"region\" aria-roledescription=\"carousel\" aria-label=\"Carrusel de im\u00e1genes\" dir=\"ltr\">\n\t\t\t<div class=\"elementor-image-carousel swiper-wrapper\" aria-live=\"off\">\n\t\t\t\t\t\t\t\t<div class=\"swiper-slide\" role=\"group\" aria-roledescription=\"slide\" aria-label=\"1 de 3\"><a data-elementor-open-lightbox=\"yes\" data-elementor-lightbox-slideshow=\"d43af48\" data-elementor-lightbox-title=\"wikoniq lamparas emprendimiento mercado 10\" data-elementor-lightbox-description=\"Imagen de un muelle junto a un r\u00edo con sillas de mimbre en colores vivos y un bote navegando en el agua, rodeado de naturaleza y un cielo despejado; ideal para temas de descanso, turismo y estilo de vida en contacto con la naturaleza.\" data-e-action-hash=\"#elementor-action%3Aaction%3Dlightbox%26settings%3DeyJpZCI6NDExNTksInVybCI6Imh0dHBzOlwvXC9zb3ltaWdyYW50ZS5jb21cL3JldmlzdGFcL3dwLWNvbnRlbnRcL3VwbG9hZHNcLzIwMjVcLzA4XC93aWtvbmlxLWxhbXBhcmFzLWVtcHJlbmRpbWllbnRvLW1lcmNhZG8tMTAtMS53ZWJwIiwic2xpZGVzaG93IjoiZDQzYWY0OCJ9\" href=\"https:\/\/soymigrante.com\/mercado\/marketplace\/Wikoniq\"><figure class=\"swiper-slide-inner\"><img decoding=\"async\" class=\"swiper-slide-image\" src=\"https:\/\/soymigrante.com\/revista\/wp-content\/uploads\/2025\/08\/wikoniq-lamparas-emprendimiento-mercado-10-1-1024x887.jpg\" alt=\"Coloridas sillas de mimbre en un muelle junto a un r\u00edo, con un bote navegando en el fondo, en un paisaje tranquilo y natural.\" \/><\/figure><\/a><\/div><div class=\"swiper-slide\" role=\"group\" aria-roledescription=\"slide\" aria-label=\"2 de 3\"><a data-elementor-open-lightbox=\"yes\" data-elementor-lightbox-slideshow=\"d43af48\" data-elementor-lightbox-title=\"WIKONIQ LAMPARAS ARTESANALES\" data-elementor-lightbox-description=\"Descripci\u00f3n de una sala hogare\u00f1a decorada con muebles de madera, chimenea antigua y detalles tradicionales, perfecta para promover el bienestar y la cultura migrante en la revista SoyMigrante.com.\" data-e-action-hash=\"#elementor-action%3Aaction%3Dlightbox%26settings%3DeyJpZCI6NDExNjAsInVybCI6Imh0dHBzOlwvXC9zb3ltaWdyYW50ZS5jb21cL3JldmlzdGFcL3dwLWNvbnRlbnRcL3VwbG9hZHNcLzIwMjVcLzA4XC9XSUtPTklRLUxBTVBBUkFTLUFSVEVTQU5BTEVTLTEud2VicCIsInNsaWRlc2hvdyI6ImQ0M2FmNDgifQ%3D%3D\" href=\"https:\/\/soymigrante.com\/mercado\/marketplace\/Wikoniq\"><figure class=\"swiper-slide-inner\"><img decoding=\"async\" class=\"swiper-slide-image\" src=\"https:\/\/soymigrante.com\/revista\/wp-content\/uploads\/2025\/08\/WIKONIQ-LAMPARAS-ARTESANALES-1-1024x685.jpg\" alt=\"Acogedora sala con chimenea, muebles de madera y decoraci\u00f3n c\u00e1lida, ideal para disfrutar de momentos de descanso en un ambiente tradicional y confortable.\" \/><\/figure><\/a><\/div><div class=\"swiper-slide\" role=\"group\" aria-roledescription=\"slide\" aria-label=\"3 de 3\"><a data-elementor-open-lightbox=\"yes\" data-elementor-lightbox-slideshow=\"d43af48\" data-elementor-lightbox-title=\"wikoniq lamparas emprendimiento mercado 5\" data-elementor-lightbox-description=\"#image_title #separator_sa\" data-e-action-hash=\"#elementor-action%3Aaction%3Dlightbox%26settings%3DeyJpZCI6NDExNjEsInVybCI6Imh0dHBzOlwvXC9zb3ltaWdyYW50ZS5jb21cL3JldmlzdGFcL3dwLWNvbnRlbnRcL3VwbG9hZHNcLzIwMjVcLzA4XC93aWtvbmlxLWxhbXBhcmFzLWVtcHJlbmRpbWllbnRvLW1lcmNhZG8tNS53ZWJwIiwic2xpZGVzaG93IjoiZDQzYWY0OCJ9\" href=\"https:\/\/soymigrante.com\/mercado\/marketplace\/Wikoniq\"><figure class=\"swiper-slide-inner\"><img decoding=\"async\" class=\"swiper-slide-image\" src=\"https:\/\/soymigrante.com\/revista\/wp-content\/uploads\/2025\/08\/wikoniq-lamparas-emprendimiento-mercado-5-1024x792.jpg\" alt=\"L\u00e1mpara de escritorio con base MDF, pantalla de 18.5 x 18.5 cm y cuerpo decorado con telar de pedal en tonos corintos, incluye cable, bot\u00f3n y no tiene bombilla.\" \/><\/figure><\/a><\/div>\t\t\t<\/div>\n\t\t\t\t\t\t\t\t\t\t\t\t<div class=\"elementor-swiper-button elementor-swiper-button-prev\" role=\"button\" tabindex=\"0\">\n\t\t\t\t\t\t<i aria-hidden=\"true\" class=\"eicon-chevron-left\"><\/i>\t\t\t\t\t<\/div>\n\t\t\t\t\t<div class=\"elementor-swiper-button elementor-swiper-button-next\" role=\"button\" tabindex=\"0\">\n\t\t\t\t\t\t<i aria-hidden=\"true\" class=\"eicon-chevron-right\"><\/i>\t\t\t\t\t<\/div>\n\t\t\t\t\n\t\t\t\t\t\t\t\t\t<div class=\"swiper-pagination\"><\/div>\n\t\t\t\t\t\t\t\t\t<\/div>\n\t\t\t\t\t\t<\/div>\n\t\t\t\t\t<\/div>\n\t\t\t\t<\/div>\n\t\t<div data-particle_enable=\"false\" data-particle-mobile-disabled=\"false\" class=\"elementor-element elementor-element-a73a33d e-flex e-con-boxed e-con e-parent\" data-id=\"a73a33d\" data-element_type=\"container\" data-e-type=\"container\">\n\t\t\t\t\t<div class=\"e-con-inner\">\n\t\t\t\t<div class=\"elementor-element elementor-element-b679e3e elementor-widget elementor-widget-heading\" data-id=\"b679e3e\" data-element_type=\"widget\" data-e-type=\"widget\" data-widget_type=\"heading.default\">\n\t\t\t\t\t<h3 class=\"elementor-heading-title elementor-size-default\">M\u00e1s que l\u00e1mparas:  cultura<\/h3>\t\t\t\t<\/div>\n\t\t\t\t\t<\/div>\n\t\t\t\t<\/div>\n\t\t<div data-particle_enable=\"false\" data-particle-mobile-disabled=\"false\" class=\"elementor-element elementor-element-3e3660b e-flex e-con-boxed e-con e-parent\" data-id=\"3e3660b\" data-element_type=\"container\" data-e-type=\"container\">\n\t\t\t\t\t<div class=\"e-con-inner\">\n\t\t\t\t<div class=\"elementor-element elementor-element-b928d29 elementor-widget elementor-widget-text-editor\" data-id=\"b928d29\" data-element_type=\"widget\" data-e-type=\"widget\" data-widget_type=\"text-editor.default\">\n\t\t\t\t\t\t\t\t\t<p><a href=\"https:\/\/soymigrante.com\/mercado\/marketplace\/Wikoniq\">Wikoniq<\/a> es m\u00e1s que una f\u00e1brica de l\u00e1mparas: es un ejemplo de c\u00f3mo el dise\u00f1o puede convertirse en una herramienta para valorar la cultura, activar la econom\u00eda local y crear objetos con sentido.<\/p><p>Y mientras sus l\u00e1mparas iluminan salas, estudios o rincones del mundo, tambi\u00e9n arrojan luz sobre una verdad sencilla: lo hecho en Guatemala puede ser hermoso, funcional y profundamente significativo.<\/p>\t\t\t\t\t\t\t\t<\/div>\n\t\t\t\t\t<\/div>\n\t\t\t\t<\/div>\n\t\t<div data-particle_enable=\"false\" data-particle-mobile-disabled=\"false\" class=\"elementor-element elementor-element-128c512 e-flex e-con-boxed e-con e-parent\" data-id=\"128c512\" data-element_type=\"container\" data-e-type=\"container\">\n\t\t\t\t\t<div class=\"e-con-inner\">\n\t\t\t\t<div class=\"elementor-element elementor-element-86de9c7 elementor-widget elementor-widget-heading\" data-id=\"86de9c7\" data-element_type=\"widget\" data-e-type=\"widget\" data-widget_type=\"heading.default\">\n\t\t\t\t\t<h2 class=\"elementor-heading-title elementor-size-default\">Emprendedores creativos y proactivos<\/h2>\t\t\t\t<\/div>\n\t\t\t\t\t<\/div>\n\t\t\t\t<\/div>\n\t\t<div data-particle_enable=\"false\" data-particle-mobile-disabled=\"false\" class=\"elementor-element elementor-element-47c90f1 e-flex e-con-boxed e-con e-parent\" data-id=\"47c90f1\" data-element_type=\"container\" data-e-type=\"container\">\n\t\t\t\t\t<div class=\"e-con-inner\">\n\t\t\t\t<div class=\"elementor-element elementor-element-dd3770d elementor-grid-eael-col-3 elementor-grid-tablet-eael-col-2 elementor-grid-mobile-eael-col-1 elementor-invisible elementor-widget elementor-widget-eael-post-grid\" data-id=\"dd3770d\" data-element_type=\"widget\" data-e-type=\"widget\" data-settings=\"{&quot;eael_post_grid_columns&quot;:&quot;eael-col-3&quot;,&quot;_animation&quot;:&quot;rollIn&quot;,&quot;eael_post_grid_columns_tablet&quot;:&quot;eael-col-2&quot;,&quot;eael_post_grid_columns_mobile&quot;:&quot;eael-col-1&quot;}\" data-widget_type=\"eael-post-grid.default\">\n\t\t\t\t\t<div id=\"eael-post-grid-dd3770d\" class=\"eael-post-grid-container\">\n            <div class=\"eael-post-grid eael-post-appender eael-post-appender-dd3770d eael-post-grid-style-one\" data-layout-mode=\"masonry\"><article class=\"eael-grid-post  eael-post-grid-column eael-pg-post-15372 category-guate-nuestra tags-mercado-emprendedores\" data-id=\"15372\">\n        <div class=\"eael-grid-post-holder\">\n            <div class=\"eael-grid-post-holder-inner\"><div class=\"eael-entry-media\"><div class=\"eael-entry-overlay fade-in\"><i class=\"far fa-hand-pointer\" aria-hidden=\"true\"><\/i><a href=\"https:\/\/soymigrante.com\/revista\/regina-ruiz-borda-con-amor-y-dedicacion-en-yumei\/\"><\/a><\/div><div class=\"eael-entry-thumbnail \">\n                <img loading=\"lazy\" decoding=\"async\" width=\"774\" height=\"1024\" src=\"https:\/\/soymigrante.com\/revista\/wp-content\/uploads\/2024\/12\/Regina-Ruiz-es-una-emprendedora-que-hila-con-amor-2-774x1024.jpeg\" class=\"attachment-large size-large wp-image-15374\" alt=\"A mujer cosiendo bordado en bastidor, proyecto de arte y manualidades, t\u00e9cnica de costura creativa y habilidades tradicionales, en un ambiente de trabajo artesanal.\" \/>\n            <\/div>\n        <\/div><div class=\"eael-entry-wrapper\"><header class=\"eael-entry-header\"><h2 class=\"eael-entry-title\"><a class=\"eael-grid-post-link\" href=\"https:\/\/soymigrante.com\/revista\/regina-ruiz-borda-con-amor-y-dedicacion-en-yumei\/\" title=\"Regina Ruiz ofrece art\u00edculos bordados con dedicaci\u00f3n y amor en Yumei\">Regina Ruiz ofrece art\u00edculos bordados con dedicaci\u00f3n y amor en Yumei<\/a><\/h2><\/header><div class=\"eael-entry-content\">\n                        <div class=\"eael-grid-post-excerpt\"><a href=\"https:\/\/soymigrante.com\/revista\/regina-ruiz-borda-con-amor-y-dedicacion-en-yumei\/\" class=\"eael-post-elements-readmore-btn\">CONOCE SU HISTORIA <\/a><\/div>\n                    <\/div><\/div><\/div>\n        <\/div>\n    <\/article><article class=\"eael-grid-post  eael-post-grid-column eael-pg-post-10385 category-guate-nuestra tags-mercado-emprendedores\" data-id=\"10385\">\n        <div class=\"eael-grid-post-holder\">\n            <div class=\"eael-grid-post-holder-inner\"><div class=\"eael-entry-media\"><div class=\"eael-entry-overlay fade-in\"><i class=\"far fa-hand-pointer\" aria-hidden=\"true\"><\/i><a href=\"https:\/\/soymigrante.com\/revista\/cooperativa-yax-transforma-una-planta-recicladora-en-huehuetenango-que-crea-y-genera-empleo\/\"><\/a><\/div><div class=\"eael-entry-thumbnail \">\n                <img loading=\"lazy\" decoding=\"async\" width=\"1024\" height=\"1024\" src=\"https:\/\/soymigrante.com\/revista\/wp-content\/uploads\/2024\/10\/yax-transforma-1024x1024.webp\" class=\"attachment-large size-large wp-image-10489\" alt=\"Transformaci\u00f3n social en eventos de SoyMigrante.com REVISTA, promoviendo inclusi\u00f3n y derechos de migrantes en Am\u00e9rica Latina.\" srcset=\"https:\/\/soymigrante.com\/revista\/wp-content\/uploads\/2024\/10\/yax-transforma-1024x1024.webp 1024w, https:\/\/soymigrante.com\/revista\/wp-content\/uploads\/2024\/10\/yax-transforma-300x300.webp 300w, https:\/\/soymigrante.com\/revista\/wp-content\/uploads\/2024\/10\/yax-transforma-150x150.webp 150w, https:\/\/soymigrante.com\/revista\/wp-content\/uploads\/2024\/10\/yax-transforma-768x768.webp 768w, https:\/\/soymigrante.com\/revista\/wp-content\/uploads\/2024\/10\/yax-transforma-75x75.webp 75w, https:\/\/soymigrante.com\/revista\/wp-content\/uploads\/2024\/10\/yax-transforma-750x750.webp 750w, https:\/\/soymigrante.com\/revista\/wp-content\/uploads\/2024\/10\/yax-transforma.webp 1049w\" sizes=\"(max-width: 1024px) 100vw, 1024px\" \/>\n            <\/div>\n        <\/div><div class=\"eael-entry-wrapper\"><header class=\"eael-entry-header\"><h2 class=\"eael-entry-title\"><a class=\"eael-grid-post-link\" href=\"https:\/\/soymigrante.com\/revista\/cooperativa-yax-transforma-una-planta-recicladora-en-huehuetenango-que-crea-y-genera-empleo\/\" title=\"Yax Transforma recolecta pl\u00e1stico y lo convierte en tablas, mesas, postes y&#8230; empleos\">Yax Transforma recolecta pl\u00e1stico y lo convierte en tablas, mesas, postes y&#8230; empleos<\/a><\/h2><\/header><div class=\"eael-entry-content\">\n                        <div class=\"eael-grid-post-excerpt\"><a href=\"https:\/\/soymigrante.com\/revista\/cooperativa-yax-transforma-una-planta-recicladora-en-huehuetenango-que-crea-y-genera-empleo\/\" class=\"eael-post-elements-readmore-btn\">CONOCE SU HISTORIA <\/a><\/div>\n                    <\/div><\/div><\/div>\n        <\/div>\n    <\/article><article class=\"eael-grid-post  eael-post-grid-column eael-pg-post-20419 category-guate-nuestra tags-mercado-emprendedores\" data-id=\"20419\">\n        <div class=\"eael-grid-post-holder\">\n            <div class=\"eael-grid-post-holder-inner\"><div class=\"eael-entry-media\"><div class=\"eael-entry-overlay fade-in\"><i class=\"far fa-hand-pointer\" aria-hidden=\"true\"><\/i><a href=\"https:\/\/soymigrante.com\/revista\/calzado-ninnke-nacio-del-amor-de-una-mama-y-la-pasion-por-crear-un-estilo-unico\/\"><\/a><\/div><div class=\"eael-entry-thumbnail \">\n                <img loading=\"lazy\" decoding=\"async\" width=\"960\" height=\"960\" src=\"https:\/\/soymigrante.com\/revista\/wp-content\/uploads\/2025\/01\/ninnke-zapatos.webp\" class=\"attachment-large size-large wp-image-20421\" alt=\"Zapatos de tac\u00f3n dorados y pantalones blancos casuales con blusa azul claro, sentada en una silla en una tienda de zapatos con exhibici\u00f3n de sandalias y gafas en el fondo.\" srcset=\"https:\/\/soymigrante.com\/revista\/wp-content\/uploads\/2025\/01\/ninnke-zapatos.webp 960w, https:\/\/soymigrante.com\/revista\/wp-content\/uploads\/2025\/01\/ninnke-zapatos-300x300.jpg 300w, https:\/\/soymigrante.com\/revista\/wp-content\/uploads\/2025\/01\/ninnke-zapatos-150x150.jpg 150w, https:\/\/soymigrante.com\/revista\/wp-content\/uploads\/2025\/01\/ninnke-zapatos-768x768.jpg 768w, https:\/\/soymigrante.com\/revista\/wp-content\/uploads\/2025\/01\/ninnke-zapatos-75x75.webp 75w, https:\/\/soymigrante.com\/revista\/wp-content\/uploads\/2025\/01\/ninnke-zapatos-750x750.webp 750w\" sizes=\"(max-width: 960px) 100vw, 960px\" \/>\n            <\/div>\n        <\/div><div class=\"eael-entry-wrapper\"><header class=\"eael-entry-header\"><h2 class=\"eael-entry-title\"><a class=\"eael-grid-post-link\" href=\"https:\/\/soymigrante.com\/revista\/calzado-ninnke-nacio-del-amor-de-una-mama-y-la-pasion-por-crear-un-estilo-unico\/\" title=\"Calzado Ninnke naci\u00f3 del amor de una mam\u00e1 y la pasi\u00f3n por crear un estilo \u00fanico: ahora est\u00e1 en MERCADO\">Calzado Ninnke naci\u00f3 del amor de una mam\u00e1 y la pasi\u00f3n por crear un estilo \u00fanico: ahora est\u00e1 en MERCADO<\/a><\/h2><\/header><div class=\"eael-entry-content\">\n                        <div class=\"eael-grid-post-excerpt\"><a href=\"https:\/\/soymigrante.com\/revista\/calzado-ninnke-nacio-del-amor-de-una-mama-y-la-pasion-por-crear-un-estilo-unico\/\" class=\"eael-post-elements-readmore-btn\">CONOCE SU HISTORIA <\/a><\/div>\n                    <\/div><\/div><\/div>\n        <\/div>\n    <\/article><\/div>\n            <div class=\"clearfix\"><\/div>\n        <\/div>            <div class=\"eael-load-more-button-wrap eael-force-hide\">\n                <button class=\"eael-load-more-button\" id=\"eael-load-more-btn-dd3770d\" data-widget-id=\"dd3770d\" data-widget=\"dd3770d\" data-page-id=\"41129\" data-template=\"{&quot;dir&quot;:&quot;lite&quot;,&quot;file_name&quot;:&quot;one.php&quot;,&quot;name&quot;:&quot;Post-Grid&quot;}\" data-class=\"Essential_Addons_Elementor\\Elements\\Post_Grid\" data-layout=\"masonry\" data-page=\"1\" data-args=\"orderby=meta_value_num&amp;order=desc&amp;ignore_sticky_posts=1&amp;post_status=publish&amp;posts_per_page=3&amp;offset=0&amp;post_type=post&amp;tax_query%5B0%5D%5Btaxonomy%5D=post_tag&amp;tax_query%5B0%5D%5Bfield%5D=term_id&amp;tax_query%5B0%5D%5Bterms%5D%5B0%5D=130&amp;tax_query%5Brelation%5D=AND&amp;meta_key=_eael_post_view_count\" data-max-page=\"35\">\n                    <span class=\"eael-btn-loader button__loader\"><\/span>\n                    <span class=\"eael_load_more_text\">Load More<\/span>\n                <\/button>\n            <\/div>\n            \t\t\t\t<\/div>\n\t\t\t\t\t<\/div>\n\t\t\t\t<\/div>\n\t\t\t\t<\/div>\n\t\t","protected":false},"excerpt":{"rendered":"<p>Iluminaci\u00f3n, decoraci\u00f3n y tradici\u00f3n se fusionan en las l\u00e1mparas Wikoniq. Pueden lucir geniales en tu hogar u oficina, o ser un obsequio perfecto. Su elaboraci\u00f3n genera oportunidades y est\u00e1 disponible en SoyMigrante.com MERCADO \u201cQuer\u00edamos dise\u00f1ar algo \u00fatil, bonito y con identidad. As\u00ed nacieron nuestras l\u00e1mparas.\u201d: Con esa visi\u00f3n clara y creativa, los dise\u00f1adores industriales \u00c1lvaro [&hellip;]<\/p>\n","protected":false},"author":7,"featured_media":41130,"comment_status":"open","ping_status":"open","sticky":false,"template":"","format":"standard","meta":{"_acf_changed":false,"_eb_attr":"","footnotes":""},"categories":[58],"tags":[130],"class_list":["post-41129","post","type-post","status-publish","format-standard","has-post-thumbnail","hentry","category-guate-nuestra","tag-mercado-emprendedores"],"acf":[],"aioseo_notices":[],"aioseo_head":"\n\t\t<!-- All in One SEO Pro 4.9.6.2 - aioseo.com -->\n\t<meta name=\"description\" content=\"Mar\u00eda Jer\u00f3nimo dise\u00f1a por las noches los zapatos que fabricar\u00e1 ma\u00f1ana. Estilos novedosos, calidad y comodidad se conjugan en su marca Ninnke, ahora en MERCADO\" \/>\n\t<meta name=\"robots\" content=\"max-snippet:-1, max-image-preview:large, max-video-preview:-1\" \/>\n\t<meta name=\"author\" content=\"Gustavo Montenegro\"\/>\n\t<link rel=\"canonical\" href=\"https:\/\/soymigrante.com\/revista\/calzado-ninnke-nacio-del-amor-de-una-mama-y-la-pasion-por-crear-un-estilo-unico\/\" \/>\n\t<meta name=\"generator\" content=\"All in One SEO Pro (AIOSEO) 4.9.6.2\" \/>\n\n\t\t<link rel=\"preconnect\" href=\"https:\/\/fonts.googleapis.com\" crossorigin>\n<link rel=\"preconnect\" href=\"https:\/\/fonts.gstatic.com\" crossorigin>\n\t\t<meta property=\"og:locale\" content=\"es_ES\" \/>\n\t\t<meta property=\"og:site_name\" content=\"SoyMigrante.com REVISTA \u2013 Nuestra misi\u00f3n es reconocer y dignificar al migrante.\" \/>\n\t\t<meta property=\"og:type\" content=\"article\" \/>\n\t\t<meta property=\"og:title\" content=\"Calzado Ninnke naci\u00f3 del amor de una mam\u00e1 muy creativa\" \/>\n\t\t<meta property=\"og:description\" content=\"Mar\u00eda Jer\u00f3nimo dise\u00f1a por las noches los zapatos que fabricar\u00e1 ma\u00f1ana. Estilos novedosos, calidad y comodidad se conjugan en su marca Ninnke, ahora en MERCADO\" \/>\n\t\t<meta property=\"og:url\" content=\"https:\/\/soymigrante.com\/revista\/calzado-ninnke-nacio-del-amor-de-una-mama-y-la-pasion-por-crear-un-estilo-unico\/\" \/>\n\t\t<meta property=\"og:image\" content=\"https:\/\/soymigrante.com\/revista\/wp-content\/uploads\/2025\/01\/ninnke-zapatos.webp\" \/>\n\t\t<meta property=\"og:image:secure_url\" content=\"https:\/\/soymigrante.com\/revista\/wp-content\/uploads\/2025\/01\/ninnke-zapatos.webp\" \/>\n\t\t<meta property=\"og:image:width\" content=\"960\" \/>\n\t\t<meta property=\"og:image:height\" content=\"960\" \/>\n\t\t<meta property=\"article:published_time\" content=\"2025-01-13T13:00:00+00:00\" \/>\n\t\t<meta property=\"article:modified_time\" content=\"2025-01-20T20:33:23+00:00\" \/>\n\t\t<meta property=\"article:publisher\" content=\"https:\/\/www.facebook.com\/soymigrantecom\" \/>\n\t\t<meta name=\"twitter:card\" content=\"summary_large_image\" \/>\n\t\t<meta name=\"twitter:site\" content=\"@SoyMigrante_com\" \/>\n\t\t<meta name=\"twitter:title\" content=\"Calzado Ninnke naci\u00f3 del amor de una mam\u00e1 muy creativa\" \/>\n\t\t<meta name=\"twitter:description\" content=\"Mar\u00eda Jer\u00f3nimo dise\u00f1a por las noches los zapatos que fabricar\u00e1 ma\u00f1ana. Estilos novedosos, calidad y comodidad se conjugan en su marca Ninnke, ahora en MERCADO\" \/>\n\t\t<meta name=\"twitter:creator\" content=\"@SoyMigrante_com\" \/>\n\t\t<meta name=\"twitter:image\" content=\"https:\/\/soymigrante.com\/revista\/wp-content\/uploads\/2025\/01\/ninnke-zapatos.webp\" \/>\n\t\t<!-- All in One SEO Pro -->\r\n\t\t<title>Calzado Ninnke naci\u00f3 del amor de una mam\u00e1 muy creativa<\/title>\n\n","aioseo_head_json":{"title":"Calzado Ninnke naci\u00f3 del amor de una mam\u00e1 muy creativa","description":"Mar\u00eda Jer\u00f3nimo dise\u00f1a por las noches los zapatos que fabricar\u00e1 ma\u00f1ana. Estilos novedosos, calidad y comodidad se conjugan en su marca Ninnke, ahora en MERCADO","canonical_url":"https:\/\/soymigrante.com\/revista\/calzado-ninnke-nacio-del-amor-de-una-mama-y-la-pasion-por-crear-un-estilo-unico\/","robots":"max-snippet:-1, max-image-preview:large, max-video-preview:-1","keywords":"","webmasterTools":{"miscellaneous":"&lt;link rel=\"preconnect\" href=\"https:\/\/fonts.googleapis.com\" crossorigin&gt;\n&lt;link rel=\"preconnect\" href=\"https:\/\/fonts.gstatic.com\" crossorigin&gt;"},"schema":null,"og:locale":"es_ES","og:site_name":"SoyMigrante.com REVISTA \u2013 Nuestra misi\u00f3n es reconocer y dignificar al migrante.","og:type":"article","og:title":"Calzado Ninnke naci\u00f3 del amor de una mam\u00e1 muy creativa","og:description":"Mar\u00eda Jer\u00f3nimo dise\u00f1a por las noches los zapatos que fabricar\u00e1 ma\u00f1ana. Estilos novedosos, calidad y comodidad se conjugan en su marca Ninnke, ahora en MERCADO","og:url":"https:\/\/soymigrante.com\/revista\/calzado-ninnke-nacio-del-amor-de-una-mama-y-la-pasion-por-crear-un-estilo-unico\/","og:image":"https:\/\/soymigrante.com\/revista\/wp-content\/uploads\/2025\/01\/ninnke-zapatos.webp","og:image:secure_url":"https:\/\/soymigrante.com\/revista\/wp-content\/uploads\/2025\/01\/ninnke-zapatos.webp","og:image:width":960,"og:image:height":960,"article:published_time":"2025-01-13T13:00:00+00:00","article:modified_time":"2025-01-20T20:33:23+00:00","article:publisher":"https:\/\/www.facebook.com\/soymigrantecom","twitter:card":"summary_large_image","twitter:site":"@SoyMigrante_com","twitter:title":"Calzado Ninnke naci\u00f3 del amor de una mam\u00e1 muy creativa","twitter:description":"Mar\u00eda Jer\u00f3nimo dise\u00f1a por las noches los zapatos que fabricar\u00e1 ma\u00f1ana. Estilos novedosos, calidad y comodidad se conjugan en su marca Ninnke, ahora en MERCADO","twitter:creator":"@SoyMigrante_com","twitter:image":"https:\/\/soymigrante.com\/revista\/wp-content\/uploads\/2025\/01\/ninnke-zapatos.webp"},"aioseo_meta_data":{"post_id":"41129","title":"Wikoniq crea originales l\u00e1mparas con textiles guatemaltecos","description":"Wikoniq fabrica l\u00e1mparas artesanales con textiles mayas tejidos en Atitl\u00e1n. Dise\u00f1o industrial y tradici\u00f3n. Ya se encuentran en MERCADO y esta es su historia.","keywords":null,"keyphrases":{"focus":{"keyphrase":"L\u00e1mparas","score":100,"analysis":{"keyphraseInTitle":{"score":9,"maxScore":9,"error":0},"keyphraseInDescription":{"score":9,"maxScore":9,"error":0},"keyphraseLength":{"score":9,"maxScore":9,"error":0,"length":2},"keyphraseInURL":{"score":5,"maxScore":5,"error":0}}},"additional":[{"keyphrase":"Mercado","score":100,"analysis":{"keyphraseInDescription":{"score":9,"maxScore":9,"error":0},"keyphraseLength":{"score":9,"maxScore":9,"error":0,"length":1}}},{"keyphrase":"Wikoniq","score":100,"analysis":{"keyphraseInDescription":{"score":9,"maxScore":9,"error":0},"keyphraseLength":{"score":9,"maxScore":9,"error":0,"length":1}}},{"keyphrase":"Emprendedores","score":67,"analysis":{"keyphraseInDescription":{"score":3,"maxScore":9,"error":1},"keyphraseLength":{"score":9,"maxScore":9,"error":0,"length":1}}}]},"primary_term":null,"canonical_url":null,"og_title":null,"og_description":null,"og_object_type":"default","og_image_type":"default","og_image_url":null,"og_image_width":null,"og_image_height":null,"og_image_custom_url":null,"og_image_custom_fields":null,"og_video":"","og_custom_url":null,"og_article_section":null,"og_article_tags":null,"twitter_use_og":false,"twitter_card":"default","twitter_image_type":"default","twitter_image_url":null,"twitter_image_custom_url":null,"twitter_image_custom_fields":null,"twitter_title":null,"twitter_description":null,"schema":{"blockGraphs":[],"customGraphs":[],"default":{"data":{"Article":[],"Course":[],"Dataset":[],"FAQPage":[],"Movie":[],"Person":[],"Product":[],"ProductReview":[],"Car":[],"Recipe":[],"Service":[],"SoftwareApplication":[],"WebPage":[]},"graphName":"none","isEnabled":true},"graphs":[]},"schema_type":"default","schema_type_options":null,"pillar_content":false,"robots_default":true,"robots_noindex":false,"robots_noarchive":false,"robots_nosnippet":false,"robots_nofollow":false,"robots_noimageindex":false,"robots_noodp":false,"robots_notranslate":false,"robots_max_snippet":"-1","robots_max_videopreview":"-1","robots_max_imagepreview":"large","priority":null,"frequency":"default","local_seo":null,"seo_analyzer_scan_date":"2025-10-09 07:24:15","breadcrumb_settings":null,"limit_modified_date":false,"reviewed_by":"0","open_ai":null,"ai":{"faqs":[],"keyPoints":[],"titles":[],"descriptions":[],"socialPosts":{"email":[],"linkedin":[],"twitter":[],"facebook":[],"instagram":[]}},"created":"2025-08-04 05:06:47","updated":"2026-02-05 03:30:14"},"aioseo_breadcrumb":"<div class=\"aioseo-breadcrumbs\"><span class=\"aioseo-breadcrumb\">\n\t<a href=\"https:\/\/soymigrante.com\/revista\" title=\"Home\">Home<\/a>\n<\/span><span class=\"aioseo-breadcrumb-separator\">\u00bb<\/span><span class=\"aioseo-breadcrumb\">\n\t<a href=\"https:\/\/soymigrante.com\/revista\/category\/guate-nuestra\/\" title=\"Guate Nuestra\">Guate Nuestra<\/a>\n<\/span><span class=\"aioseo-breadcrumb-separator\">\u00bb<\/span><span class=\"aioseo-breadcrumb\">\n\tWikoniq y sus originales l\u00e1mparas con alma textil guatemalteca ya est\u00e1n en MERCADO\n<\/span><\/div>","aioseo_breadcrumb_json":[{"label":"Home","link":"https:\/\/soymigrante.com\/revista"},{"label":"Guate Nuestra","link":"https:\/\/soymigrante.com\/revista\/category\/guate-nuestra\/"},{"label":"Wikoniq y sus originales l\u00e1mparas con alma textil guatemalteca ya est\u00e1n en MERCADO","link":"https:\/\/soymigrante.com\/revista\/lamparas-con-alma-textil-guatemalteca-wikoniq-ya-esta-en-mercado\/"}],"_links":{"self":[{"href":"https:\/\/soymigrante.com\/revista\/wp-json\/wp\/v2\/posts\/41129","targetHints":{"allow":["GET"]}}],"collection":[{"href":"https:\/\/soymigrante.com\/revista\/wp-json\/wp\/v2\/posts"}],"about":[{"href":"https:\/\/soymigrante.com\/revista\/wp-json\/wp\/v2\/types\/post"}],"author":[{"embeddable":true,"href":"https:\/\/soymigrante.com\/revista\/wp-json\/wp\/v2\/users\/7"}],"replies":[{"embeddable":true,"href":"https:\/\/soymigrante.com\/revista\/wp-json\/wp\/v2\/comments?post=41129"}],"version-history":[{"count":23,"href":"https:\/\/soymigrante.com\/revista\/wp-json\/wp\/v2\/posts\/41129\/revisions"}],"predecessor-version":[{"id":41245,"href":"https:\/\/soymigrante.com\/revista\/wp-json\/wp\/v2\/posts\/41129\/revisions\/41245"}],"wp:featuredmedia":[{"embeddable":true,"href":"https:\/\/soymigrante.com\/revista\/wp-json\/wp\/v2\/media\/41130"}],"wp:attachment":[{"href":"https:\/\/soymigrante.com\/revista\/wp-json\/wp\/v2\/media?parent=41129"}],"wp:term":[{"taxonomy":"category","embeddable":true,"href":"https:\/\/soymigrante.com\/revista\/wp-json\/wp\/v2\/categories?post=41129"},{"taxonomy":"post_tag","embeddable":true,"href":"https:\/\/soymigrante.com\/revista\/wp-json\/wp\/v2\/tags?post=41129"}],"curies":[{"name":"wp","href":"https:\/\/api.w.org\/{rel}","templated":true}]}}