{"id":41087,"date":"2025-08-03T13:32:30","date_gmt":"2025-08-03T19:32:30","guid":{"rendered":"https:\/\/soymigrante.com\/revista\/?p=41087"},"modified":"2025-08-27T23:37:11","modified_gmt":"2025-08-28T05:37:11","slug":"bienvenidas-en-el-aeropuerto-la-aurora-son-diarias-cada-una-es-unica-emotiva-y-muy-esperada","status":"publish","type":"post","link":"https:\/\/soymigrante.com\/revista\/bienvenidas-en-el-aeropuerto-la-aurora-son-diarias-cada-una-es-unica-emotiva-y-muy-esperada\/","title":{"rendered":"Emocionante y esperada bienvenida: familias reciben a migrantes en aeropuerto La Aurora"},"content":{"rendered":"\t\t<div data-elementor-type=\"wp-post\" data-elementor-id=\"41087\" class=\"elementor elementor-41087\" data-elementor-post-type=\"post\">\n\t\t\t\t<div data-particle_enable=\"false\" data-particle-mobile-disabled=\"false\" class=\"elementor-element elementor-element-dcde3bb e-flex e-con-boxed e-con e-parent\" data-id=\"dcde3bb\" data-element_type=\"container\" data-e-type=\"container\">\n\t\t\t\t\t<div class=\"e-con-inner\">\n\t\t\t\t<div class=\"elementor-element elementor-element-210a392 elementor-widget elementor-widget-heading\" data-id=\"210a392\" data-element_type=\"widget\" data-e-type=\"widget\" data-widget_type=\"heading.default\">\n\t\t\t\t\t<h2 class=\"elementor-heading-title elementor-size-default\">La alegr\u00eda de recibir a un familiar migrante que regresa es tanta que hace llorar. Cada bienvenida es \u00fanica, a veces esperada durante a\u00f1os y d\u00e9cadas. <\/h2>\t\t\t\t<\/div>\n\t\t\t\t<div class=\"elementor-element elementor-element-ba22c13 elementor-widget elementor-widget-html\" data-id=\"ba22c13\" data-element_type=\"widget\" data-e-type=\"widget\" data-widget_type=\"html.default\">\n\t\t\t\t\t<div id=\"buzzsprout-player-17608304\"><\/div><script src=\"https:\/\/www.buzzsprout.com\/2444168\/episodes\/17608304-la-bienvenida-a-casa-emotivas-escenas-diarias-pero-unicas.js?container_id=buzzsprout-player-17608304&player=small\" type=\"text\/javascript\" charset=\"utf-8\"><\/script>\t\t\t\t<\/div>\n\t\t\t\t\t<\/div>\n\t\t\t\t<\/div>\n\t\t<div data-particle_enable=\"false\" data-particle-mobile-disabled=\"false\" class=\"elementor-element elementor-element-b206024 e-flex e-con-boxed e-con e-parent\" data-id=\"b206024\" data-element_type=\"container\" data-e-type=\"container\">\n\t\t\t\t\t<div class=\"e-con-inner\">\n\t\t\t\t<div class=\"elementor-element elementor-element-6eadb46 elementor-widget elementor-widget-text-editor\" data-id=\"6eadb46\" data-element_type=\"widget\" data-e-type=\"widget\" data-widget_type=\"text-editor.default\">\n\t\t\t\t\t\t\t\t\t<p>A diario la puerta de llegadas del <a href=\"https:\/\/soymigrante.com\/revista\/vuelos-aeropuerto-la-aurora-de-guatemala-llegadas-y-salidas\/\">aeropuerto internacional La Aurora en Guatemala <\/a>es una turbina en donde se aceleran las emociones: un reactor nuclear de memorias, compresi\u00f3n molecular de corazones que produce una valios\u00edsima gota de agua en los ojos.<\/p><p>Se fue a trabajar por dos a\u00f1os y se qued\u00f3 doce. Quer\u00eda regresar pero no hab\u00eda arreglado papeles. Arregl\u00f3 papeles pero no lograba permiso del trabajo. Trabaj\u00f3 y trabaj\u00f3 para ayudar a su familia. Y nadie de la familia quiso quedarse en casa a esperar.. todos quer\u00edan venir.<\/p>\t\t\t\t\t\t\t\t<\/div>\n\t\t\t\t\t<\/div>\n\t\t\t\t<\/div>\n\t\t<div data-particle_enable=\"false\" data-particle-mobile-disabled=\"false\" class=\"elementor-element elementor-element-5074bc3 e-flex e-con-boxed e-con e-parent\" data-id=\"5074bc3\" data-element_type=\"container\" data-e-type=\"container\">\n\t\t\t\t\t<div class=\"e-con-inner\">\n\t\t\t\t<div class=\"elementor-element elementor-element-49be550 elementor-widget elementor-widget-image\" data-id=\"49be550\" data-element_type=\"widget\" data-e-type=\"widget\" data-widget_type=\"image.default\">\n\t\t\t\t\t\t\t\t\t\t\t\t<figure class=\"wp-caption\">\n\t\t\t\t\t\t\t\t\t\t<img fetchpriority=\"high\" decoding=\"async\" width=\"1024\" height=\"679\" src=\"https:\/\/soymigrante.com\/revista\/wp-content\/uploads\/2025\/08\/bienvenida-aeropuerto-la-aurora-40-1024x679.jpg\" class=\"attachment-large size-large wp-image-41092\" alt=\"Personas en un evento con globos de coraz\u00f3n de personajes de dibujos animados y figuras de colores, en un ambiente social y festivo, promoviendo la migraci\u00f3n y comunidad en M\u00e9xico.\" srcset=\"https:\/\/soymigrante.com\/revista\/wp-content\/uploads\/2025\/08\/bienvenida-aeropuerto-la-aurora-40-1024x679.jpg 1024w, https:\/\/soymigrante.com\/revista\/wp-content\/uploads\/2025\/08\/bienvenida-aeropuerto-la-aurora-40-300x199.jpg 300w, https:\/\/soymigrante.com\/revista\/wp-content\/uploads\/2025\/08\/bienvenida-aeropuerto-la-aurora-40-768x510.jpg 768w, https:\/\/soymigrante.com\/revista\/wp-content\/uploads\/2025\/08\/bienvenida-aeropuerto-la-aurora-40-750x498.jpg 750w, https:\/\/soymigrante.com\/revista\/wp-content\/uploads\/2025\/08\/bienvenida-aeropuerto-la-aurora-40-1140x756.jpg 1140w, https:\/\/soymigrante.com\/revista\/wp-content\/uploads\/2025\/08\/bienvenida-aeropuerto-la-aurora-40.webp 1483w\" sizes=\"(max-width: 1024px) 100vw, 1024px\" title=\"\u00bfPor qu\u00e9 no sale? Es una pregunta recurrente. Solo han pasado 25 minutos desde que aterriz\u00f3 el vuelo pero la expectativa y la emoci\u00f3n hacen parecer horas los minutos. (Foto Gustavo Montenegro) \u2013 SoyMigrante.com REVISTA\" \/>\t\t\t\t\t\t\t\t\t\t\t<figcaption class=\"widget-image-caption wp-caption-text\">Celebraci\u00f3n en M\u00e9xico con globos de personajes de dibujos animados en un evento social y cultural para la comunidad migrante, creando un ambiente de uni\u00f3n y alegr\u00eda.<\/figcaption>\n\t\t\t\t\t\t\t\t\t\t<\/figure>\n\t\t\t\t\t\t\t\t\t<\/div>\n\t\t\t\t\t<\/div>\n\t\t\t\t<\/div>\n\t\t<div data-particle_enable=\"false\" data-particle-mobile-disabled=\"false\" class=\"elementor-element elementor-element-324354f e-flex e-con-boxed e-con e-parent\" data-id=\"324354f\" data-element_type=\"container\" data-e-type=\"container\">\n\t\t\t\t\t<div class=\"e-con-inner\">\n\t\t\t\t<div class=\"elementor-element elementor-element-cb3a2c8 elementor-widget elementor-widget-heading\" data-id=\"cb3a2c8\" data-element_type=\"widget\" data-e-type=\"widget\" data-widget_type=\"heading.default\">\n\t\t\t\t\t<h3 class=\"elementor-heading-title elementor-size-default\">La bienvenida tan a\u00f1orada<\/h3>\t\t\t\t<\/div>\n\t\t\t\t\t<\/div>\n\t\t\t\t<\/div>\n\t\t<div data-particle_enable=\"false\" data-particle-mobile-disabled=\"false\" class=\"elementor-element elementor-element-92ae4ab e-flex e-con-boxed e-con e-parent\" data-id=\"92ae4ab\" data-element_type=\"container\" data-e-type=\"container\">\n\t\t\t\t\t<div class=\"e-con-inner\">\n\t\t\t\t<div class=\"elementor-element elementor-element-98988c3 elementor-widget elementor-widget-text-editor\" data-id=\"98988c3\" data-element_type=\"widget\" data-e-type=\"widget\" data-widget_type=\"text-editor.default\">\n\t\t\t\t\t\t\t\t\t<p>\u00a1BIENVENIDO HIJO! dice en un globo transparente que parece un planeta de bienvenida: una esfera en la cual el punto de retorno llega por fin despu\u00e9s de una circunnavegaci\u00f3n de a\u00f1os, a veces d\u00e9cadas.<\/p><p>En el \u00e1rea de salida de pasajeros del <a href=\"https:\/\/soymigrante.com\/revista\/vuelos-aeropuerto-la-aurora-de-guatemala-llegadas-y-salidas\/\">aeropuerto La Aurora<\/a> llegan turistas, viajeros asiduos, gente de negocios, pero tambi\u00e9n migrantes guatemaltecos que vuelven al pa\u00eds.<\/p>\t\t\t\t\t\t\t\t<\/div>\n\t\t\t\t\t<\/div>\n\t\t\t\t<\/div>\n\t\t<div data-particle_enable=\"false\" data-particle-mobile-disabled=\"false\" class=\"elementor-element elementor-element-fcf292f e-flex e-con-boxed e-con e-parent\" data-id=\"fcf292f\" data-element_type=\"container\" data-e-type=\"container\">\n\t\t\t\t\t<div class=\"e-con-inner\">\n\t\t\t\t<div class=\"elementor-element elementor-element-013a8af elementor-widget elementor-widget-image\" data-id=\"013a8af\" data-element_type=\"widget\" data-e-type=\"widget\" data-widget_type=\"image.default\">\n\t\t\t\t\t\t\t\t\t\t\t\t<figure class=\"wp-caption\">\n\t\t\t\t\t\t\t\t\t\t<img decoding=\"async\" width=\"1024\" height=\"573\" src=\"https:\/\/soymigrante.com\/revista\/wp-content\/uploads\/2025\/08\/bienvenida-aeropuerto-la-aurora-38-1024x573.jpg\" class=\"attachment-large size-large wp-image-41093\" alt=\"Poblaci\u00f3n migrante en fila con globos en evento cultural, destacando comunidad diversa y uni\u00f3n en movimiento social en Am\u00e9rica Latina.\" srcset=\"https:\/\/soymigrante.com\/revista\/wp-content\/uploads\/2025\/08\/bienvenida-aeropuerto-la-aurora-38-1024x573.jpg 1024w, https:\/\/soymigrante.com\/revista\/wp-content\/uploads\/2025\/08\/bienvenida-aeropuerto-la-aurora-38-300x168.jpg 300w, https:\/\/soymigrante.com\/revista\/wp-content\/uploads\/2025\/08\/bienvenida-aeropuerto-la-aurora-38-768x430.jpg 768w, https:\/\/soymigrante.com\/revista\/wp-content\/uploads\/2025\/08\/bienvenida-aeropuerto-la-aurora-38-1536x860.jpg 1536w, https:\/\/soymigrante.com\/revista\/wp-content\/uploads\/2025\/08\/bienvenida-aeropuerto-la-aurora-38-750x420.webp 750w, https:\/\/soymigrante.com\/revista\/wp-content\/uploads\/2025\/08\/bienvenida-aeropuerto-la-aurora-38-1140x638.webp 1140w, https:\/\/soymigrante.com\/revista\/wp-content\/uploads\/2025\/08\/bienvenida-aeropuerto-la-aurora-38.webp 1600w\" sizes=\"(max-width: 1024px) 100vw, 1024px\" title=\"No importa si hace calor o fr\u00edo, si amenaza lluvia o si el vuelo se retras\u00f3: la familia ya esper\u00f3 por a\u00f1os, as\u00ed que no importan unos minutos m\u00e1s. (Foto Gustavo Montenegro) \u2013 SoyMigrante.com REVISTA\" \/>\t\t\t\t\t\t\t\t\t\t\t<figcaption class=\"widget-image-caption wp-caption-text\">Cola de migrantes con globos en evento cultural, reflejando comunidad diversa y participaci\u00f3n en movimientos sociales en Latinoam\u00e9rica.<\/figcaption>\n\t\t\t\t\t\t\t\t\t\t<\/figure>\n\t\t\t\t\t\t\t\t\t<\/div>\n\t\t\t\t\t<\/div>\n\t\t\t\t<\/div>\n\t\t<div data-particle_enable=\"false\" data-particle-mobile-disabled=\"false\" class=\"elementor-element elementor-element-769e4bf e-flex e-con-boxed e-con e-parent\" data-id=\"769e4bf\" data-element_type=\"container\" data-e-type=\"container\">\n\t\t\t\t\t<div class=\"e-con-inner\">\n\t\t\t\t<div class=\"elementor-element elementor-element-d9221f2 elementor-widget elementor-widget-heading\" data-id=\"d9221f2\" data-element_type=\"widget\" data-e-type=\"widget\" data-widget_type=\"heading.default\">\n\t\t\t\t\t<h3 class=\"elementor-heading-title elementor-size-default\">Todos juntos en el coraz\u00f3n<\/h3>\t\t\t\t<\/div>\n\t\t\t\t\t<\/div>\n\t\t\t\t<\/div>\n\t\t<div data-particle_enable=\"false\" data-particle-mobile-disabled=\"false\" class=\"elementor-element elementor-element-d79ccc0 e-flex e-con-boxed e-con e-parent\" data-id=\"d79ccc0\" data-element_type=\"container\" data-e-type=\"container\">\n\t\t\t\t\t<div class=\"e-con-inner\">\n\t\t\t\t<div class=\"elementor-element elementor-element-5ea48c5 elementor-widget elementor-widget-text-editor\" data-id=\"5ea48c5\" data-element_type=\"widget\" data-e-type=\"widget\" data-widget_type=\"text-editor.default\">\n\t\t\t\t\t\t\t\t\t<p>Padres, madres, hermanos, hermanas, primos, abuelos, hijos reciben al padre, madre, hermano, hermana, primo, abuelo, abuela, hijo que se march\u00f3 en busca de un futuro, de una oportunidad de trabajo, de unos d\u00f3lares que costaron sudor, penuria, a\u00f1oranza y sobre todo distancia.<\/p><p>Pero todo ha valido la pena, estamos de vuelta con la gente que m\u00e1s nos quiere: de donde venimos y para quienes nos esforzamos: la <a href=\"https:\/\/soymigrante.com\/revista\/consejos-para-parejas-migrantes-no-discutir-o-tratar-temas-delicados-frente-a-los-hijos\/\">familia.<\/a><\/p>\t\t\t\t\t\t\t\t<\/div>\n\t\t\t\t\t<\/div>\n\t\t\t\t<\/div>\n\t\t<div data-particle_enable=\"false\" data-particle-mobile-disabled=\"false\" class=\"elementor-element elementor-element-c688382 e-flex e-con-boxed e-con e-parent\" data-id=\"c688382\" data-element_type=\"container\" data-e-type=\"container\">\n\t\t\t\t\t<div class=\"e-con-inner\">\n\t\t\t\t<div class=\"elementor-element elementor-element-8d7844d elementor-widget elementor-widget-image\" data-id=\"8d7844d\" data-element_type=\"widget\" data-e-type=\"widget\" data-widget_type=\"image.default\">\n\t\t\t\t\t\t\t\t\t\t\t\t<figure class=\"wp-caption\">\n\t\t\t\t\t\t\t\t\t\t<img decoding=\"async\" width=\"856\" height=\"591\" src=\"https:\/\/soymigrante.com\/revista\/wp-content\/uploads\/2025\/08\/bienvenida-aeropuerto-la-aurora-25.webp\" class=\"attachment-large size-large wp-image-41094\" alt=\"Relevancia del archivo de imagen para la tem\u00e1tica de memorial y homenaje a una persona fallecida.\" srcset=\"https:\/\/soymigrante.com\/revista\/wp-content\/uploads\/2025\/08\/bienvenida-aeropuerto-la-aurora-25.webp 856w, https:\/\/soymigrante.com\/revista\/wp-content\/uploads\/2025\/08\/bienvenida-aeropuerto-la-aurora-25-300x207.jpg 300w, https:\/\/soymigrante.com\/revista\/wp-content\/uploads\/2025\/08\/bienvenida-aeropuerto-la-aurora-25-768x530.jpg 768w, https:\/\/soymigrante.com\/revista\/wp-content\/uploads\/2025\/08\/bienvenida-aeropuerto-la-aurora-25-750x518.webp 750w\" sizes=\"(max-width: 856px) 100vw, 856px\" title=\"Un globo transparente es un mundo de tiempo y distancia que se resume en una sonrisa muy anhelada. (Foto Gustavo Montenegro) \u2013 SoyMigrante.com REVISTA\" \/>\t\t\t\t\t\t\t\t\t\t\t<figcaption class=\"widget-image-caption wp-caption-text\">L\u00e1grimas de recordatorio en globos de helio en un homenaje con personas asistiendo en el aeropuerto.<\/figcaption>\n\t\t\t\t\t\t\t\t\t\t<\/figure>\n\t\t\t\t\t\t\t\t\t<\/div>\n\t\t\t\t\t<\/div>\n\t\t\t\t<\/div>\n\t\t<div data-particle_enable=\"false\" data-particle-mobile-disabled=\"false\" class=\"elementor-element elementor-element-ae1d212 e-flex e-con-boxed e-con e-parent\" data-id=\"ae1d212\" data-element_type=\"container\" data-e-type=\"container\">\n\t\t\t\t\t<div class=\"e-con-inner\">\n\t\t\t\t<div class=\"elementor-element elementor-element-53276eb elementor-widget elementor-widget-heading\" data-id=\"53276eb\" data-element_type=\"widget\" data-e-type=\"widget\" data-widget_type=\"heading.default\">\n\t\t\t\t\t<h3 class=\"elementor-heading-title elementor-size-default\">Tantas conversaciones pendientes...<\/h3>\t\t\t\t<\/div>\n\t\t\t\t\t<\/div>\n\t\t\t\t<\/div>\n\t\t<div data-particle_enable=\"false\" data-particle-mobile-disabled=\"false\" class=\"elementor-element elementor-element-aa846ce e-flex e-con-boxed e-con e-parent\" data-id=\"aa846ce\" data-element_type=\"container\" data-e-type=\"container\">\n\t\t\t\t\t<div class=\"e-con-inner\">\n\t\t\t\t<div class=\"elementor-element elementor-element-b752eee elementor-widget elementor-widget-text-editor\" data-id=\"b752eee\" data-element_type=\"widget\" data-e-type=\"widget\" data-widget_type=\"text-editor.default\">\n\t\t\t\t\t\t\t\t\t<p>No importa el n\u00famero del vuelo, ni de la ciudad de donde parti\u00f3. Casi podr\u00eda decirse que la gran alegr\u00eda de volverse a ver hace que no importe el tiempo pasado desde que se marcho.\u00a0<\/p><p>Pero s\u00ed importa: hay cabezas m\u00e1s canas, arrugas, rostros que eran de ni\u00f1o y ahora son de joven.\u00a0 Familiares nuevos que solo se conoc\u00edan por foto o videollamada. El pueblo ha cambiado mucho. Pero todav\u00eda existe aquella venta de tamales que tanto te gustaban. El parque lo cambiaron. All\u00e1 donde jugabas ahora hay un edificio&#8230; Tanto qu\u00e9 conversar en el camino a casa.\u00a0<\/p>\t\t\t\t\t\t\t\t<\/div>\n\t\t\t\t\t<\/div>\n\t\t\t\t<\/div>\n\t\t<div data-particle_enable=\"false\" data-particle-mobile-disabled=\"false\" class=\"elementor-element elementor-element-7a4410f e-flex e-con-boxed e-con e-parent\" data-id=\"7a4410f\" data-element_type=\"container\" data-e-type=\"container\">\n\t\t\t\t\t<div class=\"e-con-inner\">\n\t\t\t\t<div class=\"elementor-element elementor-element-4a46ae1 elementor-widget elementor-widget-image\" data-id=\"4a46ae1\" data-element_type=\"widget\" data-e-type=\"widget\" data-widget_type=\"image.default\">\n\t\t\t\t\t\t\t\t\t\t\t\t<figure class=\"wp-caption\">\n\t\t\t\t\t\t\t\t\t\t<img loading=\"lazy\" decoding=\"async\" width=\"883\" height=\"957\" src=\"https:\/\/soymigrante.com\/revista\/wp-content\/uploads\/2025\/08\/bienvenida-aeropuerto-la-aurora-10.webp\" class=\"attachment-large size-large wp-image-41097\" alt=\"Viajeros migrantes con equipaje y globos en evento en aeropuerto o terminal de transporte, s\u00edmbolo de comunidad migrante latinoamericana, presencia de interacci\u00f3n social y despedidas.\" srcset=\"https:\/\/soymigrante.com\/revista\/wp-content\/uploads\/2025\/08\/bienvenida-aeropuerto-la-aurora-10.webp 883w, https:\/\/soymigrante.com\/revista\/wp-content\/uploads\/2025\/08\/bienvenida-aeropuerto-la-aurora-10-277x300.jpg 277w, https:\/\/soymigrante.com\/revista\/wp-content\/uploads\/2025\/08\/bienvenida-aeropuerto-la-aurora-10-768x832.jpg 768w, https:\/\/soymigrante.com\/revista\/wp-content\/uploads\/2025\/08\/bienvenida-aeropuerto-la-aurora-10-750x813.webp 750w\" sizes=\"(max-width: 883px) 100vw, 883px\" title=\"Llegado el momento no hay palabras, solo miradas y abrazos que expresan tantos sentimientos puestos en stand by por mucho tiempo. (Foto Gustavo Montenegro) \u2013 SoyMigrante.com REVISTA\" \/>\t\t\t\t\t\t\t\t\t\t\t<figcaption class=\"widget-image-caption wp-caption-text\">Personas en un espacio p\u00fablico, mostrando movimiento y diversidad, reflejando la realidad de la migraci\u00f3n y la cultura latinoamericana.<\/figcaption>\n\t\t\t\t\t\t\t\t\t\t<\/figure>\n\t\t\t\t\t\t\t\t\t<\/div>\n\t\t\t\t\t<\/div>\n\t\t\t\t<\/div>\n\t\t<div data-particle_enable=\"false\" data-particle-mobile-disabled=\"false\" class=\"elementor-element elementor-element-9b4b9ec e-flex e-con-boxed e-con e-parent\" data-id=\"9b4b9ec\" data-element_type=\"container\" data-e-type=\"container\">\n\t\t\t\t\t<div class=\"e-con-inner\">\n\t\t\t\t<div class=\"elementor-element elementor-element-d20deeb elementor-widget elementor-widget-heading\" data-id=\"d20deeb\" data-element_type=\"widget\" data-e-type=\"widget\" data-widget_type=\"heading.default\">\n\t\t\t\t\t<h3 class=\"elementor-heading-title elementor-size-default\">\u00a1Ah\u00ed viene!<\/h3>\t\t\t\t<\/div>\n\t\t\t\t\t<\/div>\n\t\t\t\t<\/div>\n\t\t<div data-particle_enable=\"false\" data-particle-mobile-disabled=\"false\" class=\"elementor-element elementor-element-6904527 e-flex e-con-boxed e-con e-parent\" data-id=\"6904527\" data-element_type=\"container\" data-e-type=\"container\">\n\t\t\t\t\t<div class=\"e-con-inner\">\n\t\t\t\t<div class=\"elementor-element elementor-element-0af3556 elementor-widget elementor-widget-text-editor\" data-id=\"0af3556\" data-element_type=\"widget\" data-e-type=\"widget\" data-widget_type=\"text-editor.default\">\n\t\t\t\t\t\t\t\t\t<p>La espera es permanente a la puerta del aeropuerto, solo cambian los grupos de personas. Algunos pagan microbuses desde el oriente y el occidente, para venir a ver a la persona reci\u00e9n llegada, que a veces viene con su familia, con hijos, nietos, sobrinos, que no conoc\u00edan la tierra de sus abuelos.<\/p><p>Cuando por fin asoma el reci\u00e9n llegado, lo atrapan los abrazos en la puerta. Se forma un cuello de botella en el que se acumulan nostalgias y hasta la pregunta \u00bfes verdad esto? \u00bfNo estoy so\u00f1ando?<\/p>\t\t\t\t\t\t\t\t<\/div>\n\t\t\t\t\t<\/div>\n\t\t\t\t<\/div>\n\t\t<div data-particle_enable=\"false\" data-particle-mobile-disabled=\"false\" class=\"elementor-element elementor-element-85087cd e-flex e-con-boxed e-con e-parent\" data-id=\"85087cd\" data-element_type=\"container\" data-e-type=\"container\">\n\t\t\t\t\t<div class=\"e-con-inner\">\n\t\t\t\t<div class=\"elementor-element elementor-element-0c2d9d0 elementor-widget elementor-widget-image\" data-id=\"0c2d9d0\" data-element_type=\"widget\" data-e-type=\"widget\" data-widget_type=\"image.default\">\n\t\t\t\t\t\t\t\t\t\t\t\t<figure class=\"wp-caption\">\n\t\t\t\t\t\t\t\t\t\t<img loading=\"lazy\" decoding=\"async\" width=\"913\" height=\"894\" src=\"https:\/\/soymigrante.com\/revista\/wp-content\/uploads\/2025\/08\/bienvenida-aeropuerto-la-aurora-9.webp\" class=\"attachment-large size-large wp-image-41099\" alt=\"Felicitaci\u00f3n y abrazos en evento de migrantes en SoyMigrante.com REVISTA, celebraci\u00f3n de comunidad migrante en un espacio p\u00fablico con interacci\u00f3n y alegr\u00eda.\" srcset=\"https:\/\/soymigrante.com\/revista\/wp-content\/uploads\/2025\/08\/bienvenida-aeropuerto-la-aurora-9.webp 913w, https:\/\/soymigrante.com\/revista\/wp-content\/uploads\/2025\/08\/bienvenida-aeropuerto-la-aurora-9-300x294.jpg 300w, https:\/\/soymigrante.com\/revista\/wp-content\/uploads\/2025\/08\/bienvenida-aeropuerto-la-aurora-9-768x752.jpg 768w, https:\/\/soymigrante.com\/revista\/wp-content\/uploads\/2025\/08\/bienvenida-aeropuerto-la-aurora-9-750x734.webp 750w\" sizes=\"(max-width: 913px) 100vw, 913px\" title=\"\u00bfC\u00f3mo est\u00e1 mam\u00e1?  Y el resto de la multitud a la salida del aeropuerto La Aurora desaparece. Lleg\u00f3 el d\u00eda y el instante que se so\u00f1\u00f3 tantas veces.  (Foto Gustavo Montenegro) \u2013 SoyMigrante.com REVISTA\" \/>\t\t\t\t\t\t\t\t\t\t\t<figcaption class=\"widget-image-caption wp-caption-text\">Un grupo de migrantes en un encuentro emotivo, compartiendo abrazos y sonrisas en un evento promovido por SoyMigrante.com REVISTA, resaltando la importancia de la comunidad migrante.<\/figcaption>\n\t\t\t\t\t\t\t\t\t\t<\/figure>\n\t\t\t\t\t\t\t\t\t<\/div>\n\t\t\t\t\t<\/div>\n\t\t\t\t<\/div>\n\t\t<div data-particle_enable=\"false\" data-particle-mobile-disabled=\"false\" class=\"elementor-element elementor-element-0791075 e-flex e-con-boxed e-con e-parent\" data-id=\"0791075\" data-element_type=\"container\" data-e-type=\"container\">\n\t\t\t\t\t<div class=\"e-con-inner\">\n\t\t\t\t<div class=\"elementor-element elementor-element-b69da61 elementor-widget elementor-widget-heading\" data-id=\"b69da61\" data-element_type=\"widget\" data-e-type=\"widget\" data-widget_type=\"heading.default\">\n\t\t\t\t\t<h3 class=\"elementor-heading-title elementor-size-default\">\u00bfC\u00f3mo est\u00e1 mam\u00e1? (y luego los sollozos)<\/h3>\t\t\t\t<\/div>\n\t\t\t\t\t<\/div>\n\t\t\t\t<\/div>\n\t\t<div data-particle_enable=\"false\" data-particle-mobile-disabled=\"false\" class=\"elementor-element elementor-element-6dbcf2d e-flex e-con-boxed e-con e-parent\" data-id=\"6dbcf2d\" data-element_type=\"container\" data-e-type=\"container\">\n\t\t\t\t\t<div class=\"e-con-inner\">\n\t\t\t\t<div class=\"elementor-element elementor-element-0625e73 elementor-widget elementor-widget-text-editor\" data-id=\"0625e73\" data-element_type=\"widget\" data-e-type=\"widget\" data-widget_type=\"text-editor.default\">\n\t\t\t\t\t\t\t\t\t<p>-\u00a1Abran paso se\u00f1ores, hay m\u00e1s viajeros saliendo!, insiste un encargado aeroportuario.<\/p><p>Pero el abrazo de una madre a su hijo, con todo y l\u00e1grimas y sollozos, no oye nada.<\/p><p>Es el instante a\u00f1orado por el viajero que regresa, con una carreta llena de maletas, de historias, de sentimientos encontrados.<\/p>\t\t\t\t\t\t\t\t<\/div>\n\t\t\t\t\t<\/div>\n\t\t\t\t<\/div>\n\t\t<div data-particle_enable=\"false\" data-particle-mobile-disabled=\"false\" class=\"elementor-element elementor-element-3c35f6f e-flex e-con-boxed e-con e-parent\" data-id=\"3c35f6f\" data-element_type=\"container\" data-e-type=\"container\">\n\t\t\t\t\t<div class=\"e-con-inner\">\n\t\t\t\t<div class=\"elementor-element elementor-element-e1cac4a elementor-widget elementor-widget-heading\" data-id=\"e1cac4a\" data-element_type=\"widget\" data-e-type=\"widget\" data-widget_type=\"heading.default\">\n\t\t\t\t\t<h5 class=\"elementor-heading-title elementor-size-default\">La bienvenida en el Aeropuerto La Aurora es cotidiana pero no una rutina: cada llegada, cada abrazo son \u00fanicos<\/h5>\t\t\t\t<\/div>\n\t\t\t\t\t<\/div>\n\t\t\t\t<\/div>\n\t\t<div data-particle_enable=\"false\" data-particle-mobile-disabled=\"false\" class=\"elementor-element elementor-element-d636261 e-flex e-con-boxed e-con e-parent\" data-id=\"d636261\" data-element_type=\"container\" data-e-type=\"container\">\n\t\t\t\t\t<div class=\"e-con-inner\">\n\t\t\t\t<div class=\"elementor-element elementor-element-50a81c8 elementor-arrows-position-inside elementor-pagination-position-outside elementor-widget elementor-widget-image-carousel\" data-id=\"50a81c8\" data-element_type=\"widget\" data-e-type=\"widget\" data-settings=\"{&quot;slides_to_show&quot;:&quot;1&quot;,&quot;navigation&quot;:&quot;both&quot;,&quot;autoplay&quot;:&quot;yes&quot;,&quot;pause_on_hover&quot;:&quot;yes&quot;,&quot;pause_on_interaction&quot;:&quot;yes&quot;,&quot;autoplay_speed&quot;:5000,&quot;infinite&quot;:&quot;yes&quot;,&quot;effect&quot;:&quot;slide&quot;,&quot;speed&quot;:500}\" data-widget_type=\"image-carousel.default\">\n\t\t\t\t\t\t\t<div class=\"elementor-image-carousel-wrapper swiper\" role=\"region\" aria-roledescription=\"carousel\" aria-label=\"Carrusel de im\u00e1genes\" dir=\"ltr\">\n\t\t\t<div class=\"elementor-image-carousel swiper-wrapper\" aria-live=\"off\">\n\t\t\t\t\t\t\t\t<div class=\"swiper-slide\" role=\"group\" aria-roledescription=\"slide\" aria-label=\"1 de 4\"><figure class=\"swiper-slide-inner\"><img decoding=\"async\" class=\"swiper-slide-image\" src=\"https:\/\/soymigrante.com\/revista\/wp-content\/uploads\/2025\/08\/bienvenida-aeropuerto-la-aurora-31-1024x768.jpg\" alt=\"Multitud de migrantes en evento de bienvenida en un aeropuerto, con balloons decorativos, se\u00f1alando una celebraci\u00f3n de retorno y alegr\u00eda en la comunidad migrante.\" \/><\/figure><\/div><div class=\"swiper-slide\" role=\"group\" aria-roledescription=\"slide\" aria-label=\"2 de 4\"><figure class=\"swiper-slide-inner\"><img decoding=\"async\" class=\"swiper-slide-image\" src=\"https:\/\/soymigrante.com\/revista\/wp-content\/uploads\/2025\/08\/bienvenida-aeropuerto-la-aurora-33-1024x768.jpg\" alt=\"Multitud de pasajeros en la salida de aeropuerto en colorida escena de bienvenida con globos, en el contexto del viaje o migraci\u00f3n, ideal para art\u00edculos sobre viajes, movilidad y comunidad migrante.\" \/><\/figure><\/div><div class=\"swiper-slide\" role=\"group\" aria-roledescription=\"slide\" aria-label=\"3 de 4\"><figure class=\"swiper-slide-inner\"><img decoding=\"async\" class=\"swiper-slide-image\" src=\"https:\/\/soymigrante.com\/revista\/wp-content\/uploads\/2025\/08\/bienvenida-aeropuerto-la-aurora-37-1024x768.jpg\" alt=\"Muchos migrantes en una estaci\u00f3n de transporte con globos de bienvenida, celebrando su llegada y reuni\u00e9ndose en una congregaci\u00f3n bajo un puente o estaci\u00f3n p\u00fablica.\" \/><\/figure><\/div><div class=\"swiper-slide\" role=\"group\" aria-roledescription=\"slide\" aria-label=\"4 de 4\"><figure class=\"swiper-slide-inner\"><img decoding=\"async\" class=\"swiper-slide-image\" src=\"https:\/\/soymigrante.com\/revista\/wp-content\/uploads\/2025\/08\/bienvenida-aeropuerto-la-aurora-41-1024x768.jpg\" alt=\"Personas en una llegada de comunidad migrante con globos de bienvenida, en un evento de integraci\u00f3n y apoyo a migrantes en el aeropuerto, promoviendo inclusi\u00f3n y solidaridad.\" \/><\/figure><\/div>\t\t\t<\/div>\n\t\t\t\t\t\t\t\t\t\t\t\t<div class=\"elementor-swiper-button elementor-swiper-button-prev\" role=\"button\" tabindex=\"0\">\n\t\t\t\t\t\t<i aria-hidden=\"true\" class=\"eicon-chevron-left\"><\/i>\t\t\t\t\t<\/div>\n\t\t\t\t\t<div class=\"elementor-swiper-button elementor-swiper-button-next\" role=\"button\" tabindex=\"0\">\n\t\t\t\t\t\t<i aria-hidden=\"true\" class=\"eicon-chevron-right\"><\/i>\t\t\t\t\t<\/div>\n\t\t\t\t\n\t\t\t\t\t\t\t\t\t<div class=\"swiper-pagination\"><\/div>\n\t\t\t\t\t\t\t\t\t<\/div>\n\t\t\t\t\t\t<\/div>\n\t\t\t\t\t<\/div>\n\t\t\t\t<\/div>\n\t\t<div data-particle_enable=\"false\" data-particle-mobile-disabled=\"false\" class=\"elementor-element elementor-element-cba5b6c e-flex e-con-boxed e-con e-parent\" data-id=\"cba5b6c\" data-element_type=\"container\" data-e-type=\"container\">\n\t\t\t\t\t<div class=\"e-con-inner\">\n\t\t\t\t<div class=\"elementor-element elementor-element-6f50d40 elementor-widget elementor-widget-heading\" data-id=\"6f50d40\" data-element_type=\"widget\" data-e-type=\"widget\" data-widget_type=\"heading.default\">\n\t\t\t\t\t<h3 class=\"elementor-heading-title elementor-size-default\">A\u00f1os comprimidos en segundos<\/h3>\t\t\t\t<\/div>\n\t\t\t\t\t<\/div>\n\t\t\t\t<\/div>\n\t\t<div data-particle_enable=\"false\" data-particle-mobile-disabled=\"false\" class=\"elementor-element elementor-element-f345e80 e-flex e-con-boxed e-con e-parent\" data-id=\"f345e80\" data-element_type=\"container\" data-e-type=\"container\">\n\t\t\t\t\t<div class=\"e-con-inner\">\n\t\t\t\t<div class=\"elementor-element elementor-element-5c74e52 elementor-widget elementor-widget-text-editor\" data-id=\"5c74e52\" data-element_type=\"widget\" data-e-type=\"widget\" data-widget_type=\"text-editor.default\">\n\t\t\t\t\t\t\t\t\t<p>A diario la puerta del aeropuerto se convierte en una embajada ambulante de una aldea distante.\u00a0 Es un portal interdimensional que convierte la ausencia de diez a\u00f1os\u00a0 en un abrazo de diez segundos. Si todav\u00eda est\u00e1 mam\u00e1, pap\u00e1 o el abuelo, seguro vino tambi\u00e9n a dar la bienvenida. Y si <a href=\"https:\/\/soymigrante.com\/revista\/el-duelo-a-la-distancia-cuando-los-papeles-migratorios-separan-a-los-enfermos\/\">muri\u00f3<\/a> durante la ausencia, se notar\u00e1 al instante su vac\u00edo.<\/p><p>Luego m\u00e1s sonrisas, m\u00e1s preguntas. \u00bfQu\u00e9 tal el vuelo? \u00bfTen\u00e9s hambre? Globos en mano, el migrante se va victorioso con los seres que m\u00e1s ama, los que siempre lo esperaron y los que realmente no quieren ni necesitan ning\u00fan regalo: ese padre, madre, hijo, hija, hermano, hermano ES EL REGALO!<\/p>\t\t\t\t\t\t\t\t<\/div>\n\t\t\t\t\t<\/div>\n\t\t\t\t<\/div>\n\t\t<div data-particle_enable=\"false\" data-particle-mobile-disabled=\"false\" class=\"elementor-element elementor-element-98451e7 e-flex e-con-boxed e-con e-parent\" data-id=\"98451e7\" data-element_type=\"container\" data-e-type=\"container\">\n\t\t\t\t\t<div class=\"e-con-inner\">\n\t\t\t\t<div class=\"elementor-element elementor-element-eafc44d elementor-widget elementor-widget-heading\" data-id=\"eafc44d\" data-element_type=\"widget\" data-e-type=\"widget\" data-widget_type=\"heading.default\">\n\t\t\t\t\t<h2 class=\"elementor-heading-title elementor-size-default\">Migrantes ponen en alto a Guatemala<\/h2>\t\t\t\t<\/div>\n\t\t\t\t\t<\/div>\n\t\t\t\t<\/div>\n\t\t<div data-particle_enable=\"false\" data-particle-mobile-disabled=\"false\" class=\"elementor-element elementor-element-b090d93 e-flex e-con-boxed e-con e-parent\" data-id=\"b090d93\" data-element_type=\"container\" data-e-type=\"container\">\n\t\t\t\t\t<div class=\"e-con-inner\">\n\t\t\t\t<div class=\"elementor-element elementor-element-dbe8fae elementor-grid-eael-col-3 elementor-grid-tablet-eael-col-2 elementor-grid-mobile-eael-col-1 elementor-invisible elementor-widget elementor-widget-eael-post-grid\" data-id=\"dbe8fae\" data-element_type=\"widget\" data-e-type=\"widget\" data-settings=\"{&quot;eael_post_grid_columns&quot;:&quot;eael-col-3&quot;,&quot;_animation&quot;:&quot;rollIn&quot;,&quot;eael_post_grid_columns_tablet&quot;:&quot;eael-col-2&quot;,&quot;eael_post_grid_columns_mobile&quot;:&quot;eael-col-1&quot;}\" data-widget_type=\"eael-post-grid.default\">\n\t\t\t\t\t<div id=\"eael-post-grid-dbe8fae\" class=\"eael-post-grid-container\">\n            <div class=\"eael-post-grid eael-post-appender eael-post-appender-dbe8fae eael-post-grid-style-one\" data-layout-mode=\"masonry\"><article class=\"eael-grid-post  eael-post-grid-column eael-pg-post-8417 category-exitos\" data-id=\"8417\">\n        <div class=\"eael-grid-post-holder\">\n            <div class=\"eael-grid-post-holder-inner\"><div class=\"eael-entry-media\"><div class=\"eael-entry-overlay fade-in\"><i class=\"far fa-hand-pointer\" aria-hidden=\"true\"><\/i><a href=\"https:\/\/soymigrante.com\/revista\/chef-manuel-tol-domina-el-idioma-del-sabor-en-miami\/\"><\/a><\/div><div class=\"eael-entry-thumbnail \">\n                <img loading=\"lazy\" decoding=\"async\" width=\"1024\" height=\"683\" src=\"https:\/\/soymigrante.com\/revista\/wp-content\/uploads\/2024\/08\/Manuel_Tol-Web-1024x683.webp\" class=\"attachment-large size-large wp-image-8422\" alt=\"Joven cocinero con uniforme profesional en un fondo oscuro, promoviendo la cultura migrante y el talento en la gastronom\u00eda.\" srcset=\"https:\/\/soymigrante.com\/revista\/wp-content\/uploads\/2024\/08\/Manuel_Tol-Web-1024x683.webp 1024w, https:\/\/soymigrante.com\/revista\/wp-content\/uploads\/2024\/08\/Manuel_Tol-Web-300x200.webp 300w, https:\/\/soymigrante.com\/revista\/wp-content\/uploads\/2024\/08\/Manuel_Tol-Web-768x512.webp 768w, https:\/\/soymigrante.com\/revista\/wp-content\/uploads\/2024\/08\/Manuel_Tol-Web-750x500.webp 750w, https:\/\/soymigrante.com\/revista\/wp-content\/uploads\/2024\/08\/Manuel_Tol-Web-1140x760.webp 1140w, https:\/\/soymigrante.com\/revista\/wp-content\/uploads\/2024\/08\/Manuel_Tol-Web.webp 1200w\" sizes=\"(max-width: 1024px) 100vw, 1024px\" \/>\n            <\/div>\n        <\/div><div class=\"eael-entry-wrapper\"><header class=\"eael-entry-header\"><h2 class=\"eael-entry-title\"><a class=\"eael-grid-post-link\" href=\"https:\/\/soymigrante.com\/revista\/chef-manuel-tol-domina-el-idioma-del-sabor-en-miami\/\" title=\"Chef guatemalteco Manuel Tol domina el idioma del sabor en Miami\">Chef guatemalteco Manuel Tol domina el idioma del sabor en Miami<\/a><\/h2><\/header><div class=\"eael-entry-content\">\n                        <div class=\"eael-grid-post-excerpt\"><a href=\"https:\/\/soymigrante.com\/revista\/chef-manuel-tol-domina-el-idioma-del-sabor-en-miami\/\" class=\"eael-post-elements-readmore-btn\">CONOCE SU HISTORIA <\/a><\/div>\n                    <\/div><\/div><\/div>\n        <\/div>\n    <\/article><article class=\"eael-grid-post  eael-post-grid-column eael-pg-post-2535 category-exitos\" data-id=\"2535\">\n        <div class=\"eael-grid-post-holder\">\n            <div class=\"eael-grid-post-holder-inner\"><div class=\"eael-entry-media\"><div class=\"eael-entry-overlay fade-in\"><i class=\"far fa-hand-pointer\" aria-hidden=\"true\"><\/i><a href=\"https:\/\/soymigrante.com\/revista\/little-guatemala-florece-en-carolina-del-norte-el-sueno-del-migrante-y-emprendedor-cristian-ramazzini\/\"><\/a><\/div><div class=\"eael-entry-thumbnail \">\n                <img loading=\"lazy\" decoding=\"async\" width=\"1024\" height=\"1024\" src=\"https:\/\/soymigrante.com\/revista\/wp-content\/uploads\/2023\/09\/Proyecto-Little-Guatemala-del-migrante-guatemalteco-Cristian-Ramazzini-en-Carolina-del-Norte-1-1-1024x1024.webp\" class=\"attachment-large size-large wp-image-2567\" alt=\"\" srcset=\"https:\/\/soymigrante.com\/revista\/wp-content\/uploads\/2023\/09\/Proyecto-Little-Guatemala-del-migrante-guatemalteco-Cristian-Ramazzini-en-Carolina-del-Norte-1-1-1024x1024.webp 1024w, https:\/\/soymigrante.com\/revista\/wp-content\/uploads\/2023\/09\/Proyecto-Little-Guatemala-del-migrante-guatemalteco-Cristian-Ramazzini-en-Carolina-del-Norte-1-1-300x300.webp 300w, https:\/\/soymigrante.com\/revista\/wp-content\/uploads\/2023\/09\/Proyecto-Little-Guatemala-del-migrante-guatemalteco-Cristian-Ramazzini-en-Carolina-del-Norte-1-1-150x150.webp 150w, https:\/\/soymigrante.com\/revista\/wp-content\/uploads\/2023\/09\/Proyecto-Little-Guatemala-del-migrante-guatemalteco-Cristian-Ramazzini-en-Carolina-del-Norte-1-1-768x768.webp 768w, https:\/\/soymigrante.com\/revista\/wp-content\/uploads\/2023\/09\/Proyecto-Little-Guatemala-del-migrante-guatemalteco-Cristian-Ramazzini-en-Carolina-del-Norte-1-1-75x75.webp 75w, https:\/\/soymigrante.com\/revista\/wp-content\/uploads\/2023\/09\/Proyecto-Little-Guatemala-del-migrante-guatemalteco-Cristian-Ramazzini-en-Carolina-del-Norte-1-1-750x750.webp 750w, https:\/\/soymigrante.com\/revista\/wp-content\/uploads\/2023\/09\/Proyecto-Little-Guatemala-del-migrante-guatemalteco-Cristian-Ramazzini-en-Carolina-del-Norte-1-1-1140x1140.webp 1140w, https:\/\/soymigrante.com\/revista\/wp-content\/uploads\/2023\/09\/Proyecto-Little-Guatemala-del-migrante-guatemalteco-Cristian-Ramazzini-en-Carolina-del-Norte-1-1-600x600.webp 600w, https:\/\/soymigrante.com\/revista\/wp-content\/uploads\/2023\/09\/Proyecto-Little-Guatemala-del-migrante-guatemalteco-Cristian-Ramazzini-en-Carolina-del-Norte-1-1.webp 1190w\" sizes=\"(max-width: 1024px) 100vw, 1024px\" \/>\n            <\/div>\n        <\/div><div class=\"eael-entry-wrapper\"><header class=\"eael-entry-header\"><h2 class=\"eael-entry-title\"><a class=\"eael-grid-post-link\" href=\"https:\/\/soymigrante.com\/revista\/little-guatemala-florece-en-carolina-del-norte-el-sueno-del-migrante-y-emprendedor-cristian-ramazzini\/\" title=\"Little Guatemala florece en Carolina del Norte: el sue\u00f1o del migrante y emprendedor Cristian Ramazzini\">Little Guatemala florece en Carolina del Norte: el sue\u00f1o del migrante y emprendedor Cristian Ramazzini<\/a><\/h2><\/header><div class=\"eael-entry-content\">\n                        <div class=\"eael-grid-post-excerpt\"><a href=\"https:\/\/soymigrante.com\/revista\/little-guatemala-florece-en-carolina-del-norte-el-sueno-del-migrante-y-emprendedor-cristian-ramazzini\/\" class=\"eael-post-elements-readmore-btn\">CONOCE SU HISTORIA <\/a><\/div>\n                    <\/div><\/div><\/div>\n        <\/div>\n    <\/article><article class=\"eael-grid-post  eael-post-grid-column eael-pg-post-2511 category-exitos\" data-id=\"2511\">\n        <div class=\"eael-grid-post-holder\">\n            <div class=\"eael-grid-post-holder-inner\"><div class=\"eael-entry-media\"><div class=\"eael-entry-overlay fade-in\"><i class=\"far fa-hand-pointer\" aria-hidden=\"true\"><\/i><a href=\"https:\/\/soymigrante.com\/revista\/migrante-guatemalteca-cory-tzul-emprendio-su-negocio-en-alabama-y-crea-empleo-en-toto\/\"><\/a><\/div><div class=\"eael-entry-thumbnail \">\n                <img loading=\"lazy\" decoding=\"async\" width=\"508\" height=\"416\" src=\"https:\/\/soymigrante.com\/revista\/wp-content\/uploads\/2023\/09\/Captura-de-pantalla-2023-09-09-131440.webp\" class=\"attachment-large size-large wp-image-2531\" alt=\"\" srcset=\"https:\/\/soymigrante.com\/revista\/wp-content\/uploads\/2023\/09\/Captura-de-pantalla-2023-09-09-131440.webp 508w, https:\/\/soymigrante.com\/revista\/wp-content\/uploads\/2023\/09\/Captura-de-pantalla-2023-09-09-131440-300x246.webp 300w\" sizes=\"(max-width: 508px) 100vw, 508px\" \/>\n            <\/div>\n        <\/div><div class=\"eael-entry-wrapper\"><header class=\"eael-entry-header\"><h2 class=\"eael-entry-title\"><a class=\"eael-grid-post-link\" href=\"https:\/\/soymigrante.com\/revista\/migrante-guatemalteca-cory-tzul-emprendio-su-negocio-en-alabama-y-crea-empleo-en-toto\/\" title=\"Migrante guatemalteca Cori Tzul emprendi\u00f3  negocio en Alabama y genera empleo en su natal  Totonicap\u00e1n\">Migrante guatemalteca Cori Tzul emprendi\u00f3  negocio en Alabama y genera empleo en su natal  Totonicap\u00e1n<\/a><\/h2><\/header><div class=\"eael-entry-content\">\n                        <div class=\"eael-grid-post-excerpt\"><a href=\"https:\/\/soymigrante.com\/revista\/migrante-guatemalteca-cory-tzul-emprendio-su-negocio-en-alabama-y-crea-empleo-en-toto\/\" class=\"eael-post-elements-readmore-btn\">CONOCE SU HISTORIA <\/a><\/div>\n                    <\/div><\/div><\/div>\n        <\/div>\n    <\/article><\/div>\n            <div class=\"clearfix\"><\/div>\n        <\/div>\t\t\t\t<\/div>\n\t\t\t\t\t<\/div>\n\t\t\t\t<\/div>\n\t\t\t\t<\/div>\n\t\t","protected":false},"excerpt":{"rendered":"<p>La alegr\u00eda de recibir a un familiar migrante que regresa es tanta que hace llorar. Cada bienvenida es \u00fanica, a veces esperada durante a\u00f1os y d\u00e9cadas. A diario la puerta de llegadas del aeropuerto internacional La Aurora en Guatemala es una turbina en donde se aceleran las emociones: un reactor nuclear de memorias, compresi\u00f3n molecular [&hellip;]<\/p>\n","protected":false},"author":7,"featured_media":41088,"comment_status":"open","ping_status":"open","sticky":false,"template":"","format":"standard","meta":{"_acf_changed":false,"_eb_attr":"","footnotes":""},"categories":[54],"tags":[81],"class_list":["post-41087","post","type-post","status-publish","format-standard","has-post-thumbnail","hentry","category-estamos-unidos","tag-en-familia"],"acf":[],"aioseo_notices":[],"aioseo_head":"\n\t\t<!-- All in One SEO Pro 4.9.6.2 - aioseo.com -->\n\t<meta name=\"description\" content=\"Madre, hija, migrante emprendedora, Cori Tzul lleg\u00f3 a Estados Unidos hace 25 a\u00f1os, trabaj\u00f3 en restaurantes pero hace 10 a\u00f1os sigui\u00f3 el consejo de su mam\u00e1: &quot;Inicia tu negocio propio en el pa\u00eds de la oportunidad&quot;. Y avanza... Cori se puso muy nerviosa para la entrevista. Pero lo hizo muy bien. Es originaria de la Hace una d\u00e9cada la migrante guatemalteca Cory Tzul empez\u00f3 a vender textiles mayas en Alabama, los cuales son elaborados en un taller familiar en Totonicap\u00e1n.\" \/>\n\t<meta name=\"robots\" content=\"max-snippet:-1, max-image-preview:large, max-video-preview:-1\" \/>\n\t<meta name=\"author\" content=\"Gustavo Montenegro\"\/>\n\t<link rel=\"canonical\" href=\"https:\/\/soymigrante.com\/revista\/migrante-guatemalteca-cory-tzul-emprendio-su-negocio-en-alabama-y-crea-empleo-en-toto\/\" \/>\n\t<meta name=\"generator\" content=\"All in One SEO Pro (AIOSEO) 4.9.6.2\" \/>\n\n\t\t<link rel=\"preconnect\" href=\"https:\/\/fonts.googleapis.com\" crossorigin>\n<link rel=\"preconnect\" href=\"https:\/\/fonts.gstatic.com\" crossorigin>\n\t\t<meta property=\"og:locale\" content=\"es_ES\" \/>\n\t\t<meta property=\"og:site_name\" content=\"SoyMigrante.com REVISTA \u2013 Nuestra misi\u00f3n es reconocer y dignificar al migrante.\" \/>\n\t\t<meta property=\"og:type\" content=\"article\" \/>\n\t\t<meta property=\"og:title\" content=\"Migrante guatemalteca Cori Tzul emprendi\u00f3 negocio en Alabama y genera empleo en su natal Totonicap\u00e1n\" \/>\n\t\t<meta property=\"og:description\" content=\"Madre, hija, migrante emprendedora, Cori Tzul lleg\u00f3 a Estados Unidos hace 25 a\u00f1os, trabaj\u00f3 en restaurantes pero hace 10 a\u00f1os sigui\u00f3 el consejo de su mam\u00e1: &quot;Inicia tu negocio propio en el pa\u00eds de la oportunidad&quot;. Y avanza... Cori se puso muy nerviosa para la entrevista. Pero lo hizo muy bien. Es originaria de la Hace una d\u00e9cada la migrante guatemalteca Cory Tzul empez\u00f3 a vender textiles mayas en Alabama, los cuales son elaborados en un taller familiar en Totonicap\u00e1n.\" \/>\n\t\t<meta property=\"og:url\" content=\"https:\/\/soymigrante.com\/revista\/migrante-guatemalteca-cory-tzul-emprendio-su-negocio-en-alabama-y-crea-empleo-en-toto\/\" \/>\n\t\t<meta property=\"og:image\" content=\"https:\/\/soymigrante.com\/revista\/wp-content\/uploads\/2023\/09\/Captura-de-pantalla-2023-09-09-131440.webp\" \/>\n\t\t<meta property=\"og:image:secure_url\" content=\"https:\/\/soymigrante.com\/revista\/wp-content\/uploads\/2023\/09\/Captura-de-pantalla-2023-09-09-131440.webp\" \/>\n\t\t<meta property=\"og:image:width\" content=\"508\" \/>\n\t\t<meta property=\"og:image:height\" content=\"416\" \/>\n\t\t<meta property=\"article:published_time\" content=\"2023-09-09T19:02:31+00:00\" \/>\n\t\t<meta property=\"article:modified_time\" content=\"2024-07-30T19:25:00+00:00\" \/>\n\t\t<meta property=\"article:publisher\" content=\"https:\/\/www.facebook.com\/soymigrantecom\" \/>\n\t\t<meta name=\"twitter:card\" content=\"summary_large_image\" \/>\n\t\t<meta name=\"twitter:site\" content=\"@SoyMigrante_com\" \/>\n\t\t<meta name=\"twitter:title\" content=\"Migrante guatemalteca Cori Tzul emprendi\u00f3 negocio en Alabama y genera empleo en su natal Totonicap\u00e1n\" \/>\n\t\t<meta name=\"twitter:description\" content=\"Madre, hija, migrante emprendedora, Cori Tzul lleg\u00f3 a Estados Unidos hace 25 a\u00f1os, trabaj\u00f3 en restaurantes pero hace 10 a\u00f1os sigui\u00f3 el consejo de su mam\u00e1: &quot;Inicia tu negocio propio en el pa\u00eds de la oportunidad&quot;. Y avanza... Cori se puso muy nerviosa para la entrevista. Pero lo hizo muy bien. Es originaria de la Hace una d\u00e9cada la migrante guatemalteca Cory Tzul empez\u00f3 a vender textiles mayas en Alabama, los cuales son elaborados en un taller familiar en Totonicap\u00e1n.\" \/>\n\t\t<meta name=\"twitter:creator\" content=\"@SoyMigrante_com\" \/>\n\t\t<meta name=\"twitter:image\" content=\"https:\/\/soymigrante.com\/revista\/wp-content\/uploads\/2023\/09\/Captura-de-pantalla-2023-09-09-131440.webp\" \/>\n\t\t<!-- All in One SEO Pro -->\r\n\t\t<title>Migrante guatemalteca Cori Tzul emprendi\u00f3 negocio en Alabama y genera empleo en su natal Totonicap\u00e1n<\/title>\n\n","aioseo_head_json":{"title":"Migrante guatemalteca Cori Tzul emprendi\u00f3 negocio en Alabama y genera empleo en su natal Totonicap\u00e1n","description":"Madre, hija, migrante emprendedora, Cori Tzul lleg\u00f3 a Estados Unidos hace 25 a\u00f1os, trabaj\u00f3 en restaurantes pero hace 10 a\u00f1os sigui\u00f3 el consejo de su mam\u00e1: \"Inicia tu negocio propio en el pa\u00eds de la oportunidad\". Y avanza... Cori se puso muy nerviosa para la entrevista. Pero lo hizo muy bien. Es originaria de la Hace una d\u00e9cada la migrante guatemalteca Cory Tzul empez\u00f3 a vender textiles mayas en Alabama, los cuales son elaborados en un taller familiar en Totonicap\u00e1n.","canonical_url":"https:\/\/soymigrante.com\/revista\/migrante-guatemalteca-cory-tzul-emprendio-su-negocio-en-alabama-y-crea-empleo-en-toto\/","robots":"max-snippet:-1, max-image-preview:large, max-video-preview:-1","keywords":"","webmasterTools":{"miscellaneous":"&lt;link rel=\"preconnect\" href=\"https:\/\/fonts.googleapis.com\" crossorigin&gt;\n&lt;link rel=\"preconnect\" href=\"https:\/\/fonts.gstatic.com\" crossorigin&gt;"},"schema":null,"og:locale":"es_ES","og:site_name":"SoyMigrante.com REVISTA \u2013 Nuestra misi\u00f3n es reconocer y dignificar al migrante.","og:type":"article","og:title":"Migrante guatemalteca Cori Tzul emprendi\u00f3 negocio en Alabama y genera empleo en su natal Totonicap\u00e1n","og:description":"Madre, hija, migrante emprendedora, Cori Tzul lleg\u00f3 a Estados Unidos hace 25 a\u00f1os, trabaj\u00f3 en restaurantes pero hace 10 a\u00f1os sigui\u00f3 el consejo de su mam\u00e1: &quot;Inicia tu negocio propio en el pa\u00eds de la oportunidad&quot;. Y avanza... Cori se puso muy nerviosa para la entrevista. Pero lo hizo muy bien. Es originaria de la Hace una d\u00e9cada la migrante guatemalteca Cory Tzul empez\u00f3 a vender textiles mayas en Alabama, los cuales son elaborados en un taller familiar en Totonicap\u00e1n.","og:url":"https:\/\/soymigrante.com\/revista\/migrante-guatemalteca-cory-tzul-emprendio-su-negocio-en-alabama-y-crea-empleo-en-toto\/","og:image":"https:\/\/soymigrante.com\/revista\/wp-content\/uploads\/2023\/09\/Captura-de-pantalla-2023-09-09-131440.webp","og:image:secure_url":"https:\/\/soymigrante.com\/revista\/wp-content\/uploads\/2023\/09\/Captura-de-pantalla-2023-09-09-131440.webp","og:image:width":508,"og:image:height":416,"article:published_time":"2023-09-09T19:02:31+00:00","article:modified_time":"2024-07-30T19:25:00+00:00","article:publisher":"https:\/\/www.facebook.com\/soymigrantecom","twitter:card":"summary_large_image","twitter:site":"@SoyMigrante_com","twitter:title":"Migrante guatemalteca Cori Tzul emprendi\u00f3 negocio en Alabama y genera empleo en su natal Totonicap\u00e1n","twitter:description":"Madre, hija, migrante emprendedora, Cori Tzul lleg\u00f3 a Estados Unidos hace 25 a\u00f1os, trabaj\u00f3 en restaurantes pero hace 10 a\u00f1os sigui\u00f3 el consejo de su mam\u00e1: &quot;Inicia tu negocio propio en el pa\u00eds de la oportunidad&quot;. Y avanza... Cori se puso muy nerviosa para la entrevista. Pero lo hizo muy bien. Es originaria de la Hace una d\u00e9cada la migrante guatemalteca Cory Tzul empez\u00f3 a vender textiles mayas en Alabama, los cuales son elaborados en un taller familiar en Totonicap\u00e1n.","twitter:creator":"@SoyMigrante_com","twitter:image":"https:\/\/soymigrante.com\/revista\/wp-content\/uploads\/2023\/09\/Captura-de-pantalla-2023-09-09-131440.webp"},"aioseo_meta_data":{"post_id":"41087","title":"Emociona cada bienvenida migrante en el Aeropuerto La Aurora","description":"Abrazos esperados por a\u00f1os. Por eso parece larga la espera de que un familiar migrante salga del aeropuerto. Globos, letreros y emociones que aterrizan. Cr\u00f3nica","keywords":null,"keyphrases":{"focus":{"keyphrase":"Aeropuerto","score":91,"analysis":{"keyphraseInTitle":{"score":9,"maxScore":9,"error":0},"keyphraseInDescription":{"score":9,"maxScore":9,"error":0},"keyphraseLength":{"score":9,"maxScore":9,"error":0,"length":1},"keyphraseInURL":{"score":5,"maxScore":5,"error":0},"keyphraseInIntroduction":{"score":9,"maxScore":9,"error":0},"keyphraseInSubHeadings":{"score":3,"maxScore":9,"error":1},"keyphraseInImageAlt":{"score":9,"maxScore":9,"error":0},"keywordDensity":{"type":"best","score":9,"maxScore":9,"error":0}}},"additional":[{"keyphrase":"Bienvenidas","score":40,"analysis":{"keyphraseInDescription":{"score":3,"maxScore":9,"error":1},"keyphraseLength":{"score":9,"maxScore":9,"error":0,"length":1},"keyphraseInIntroduction":{"score":3,"maxScore":9,"error":1},"keyphraseInImageAlt":{"score":3,"maxScore":9,"error":1},"keywordDensity":{"score":0,"type":"low","maxScore":9,"error":1}}},{"keyphrase":"Migrante","score":73,"analysis":{"keyphraseInDescription":{"score":9,"maxScore":9,"error":0},"keyphraseLength":{"score":9,"maxScore":9,"error":0,"length":1},"keyphraseInIntroduction":{"score":3,"maxScore":9,"error":1},"keyphraseInImageAlt":{"score":3,"maxScore":9,"error":1},"keywordDensity":{"type":"best","score":9,"maxScore":9,"error":0}}}]},"primary_term":null,"canonical_url":null,"og_title":null,"og_description":null,"og_object_type":"default","og_image_type":"default","og_image_url":null,"og_image_width":null,"og_image_height":null,"og_image_custom_url":null,"og_image_custom_fields":null,"og_video":"","og_custom_url":null,"og_article_section":null,"og_article_tags":null,"twitter_use_og":false,"twitter_card":"default","twitter_image_type":"default","twitter_image_url":null,"twitter_image_custom_url":null,"twitter_image_custom_fields":null,"twitter_title":null,"twitter_description":null,"schema":{"blockGraphs":[],"customGraphs":[],"default":{"data":{"Article":[],"Course":[],"Dataset":[],"FAQPage":[],"Movie":[],"Person":[],"Product":[],"ProductReview":[],"Car":[],"Recipe":[],"Service":[],"SoftwareApplication":[],"WebPage":[]},"graphName":"none","isEnabled":true},"graphs":[]},"schema_type":"default","schema_type_options":null,"pillar_content":false,"robots_default":true,"robots_noindex":false,"robots_noarchive":false,"robots_nosnippet":false,"robots_nofollow":false,"robots_noimageindex":false,"robots_noodp":false,"robots_notranslate":false,"robots_max_snippet":"-1","robots_max_videopreview":"-1","robots_max_imagepreview":"large","priority":null,"frequency":"default","local_seo":null,"seo_analyzer_scan_date":"2025-10-09 07:22:25","breadcrumb_settings":null,"limit_modified_date":false,"reviewed_by":"0","open_ai":null,"ai":{"faqs":[],"keyPoints":[],"titles":[],"descriptions":[],"socialPosts":{"email":[],"linkedin":[],"twitter":[],"facebook":[],"instagram":[]}},"created":"2025-08-03 18:46:22","updated":"2026-02-05 03:30:13"},"aioseo_breadcrumb":"<div class=\"aioseo-breadcrumbs\"><span class=\"aioseo-breadcrumb\">\n\t<a href=\"https:\/\/soymigrante.com\/revista\" title=\"Home\">Home<\/a>\n<\/span><span class=\"aioseo-breadcrumb-separator\">\u00bb<\/span><span class=\"aioseo-breadcrumb\">\n\t<a href=\"https:\/\/soymigrante.com\/revista\/category\/estamos-unidos\/\" title=\"Estamos Unidos\">Estamos Unidos<\/a>\n<\/span><span class=\"aioseo-breadcrumb-separator\">\u00bb<\/span><span class=\"aioseo-breadcrumb\">\n\tEmocionante y esperada bienvenida: familias reciben a migrantes en aeropuerto La Aurora\n<\/span><\/div>","aioseo_breadcrumb_json":[{"label":"Home","link":"https:\/\/soymigrante.com\/revista"},{"label":"Estamos Unidos","link":"https:\/\/soymigrante.com\/revista\/category\/estamos-unidos\/"},{"label":"Emocionante y esperada bienvenida: familias reciben a migrantes en aeropuerto La Aurora","link":"https:\/\/soymigrante.com\/revista\/bienvenidas-en-el-aeropuerto-la-aurora-son-diarias-cada-una-es-unica-emotiva-y-muy-esperada\/"}],"_links":{"self":[{"href":"https:\/\/soymigrante.com\/revista\/wp-json\/wp\/v2\/posts\/41087","targetHints":{"allow":["GET"]}}],"collection":[{"href":"https:\/\/soymigrante.com\/revista\/wp-json\/wp\/v2\/posts"}],"about":[{"href":"https:\/\/soymigrante.com\/revista\/wp-json\/wp\/v2\/types\/post"}],"author":[{"embeddable":true,"href":"https:\/\/soymigrante.com\/revista\/wp-json\/wp\/v2\/users\/7"}],"replies":[{"embeddable":true,"href":"https:\/\/soymigrante.com\/revista\/wp-json\/wp\/v2\/comments?post=41087"}],"version-history":[{"count":15,"href":"https:\/\/soymigrante.com\/revista\/wp-json\/wp\/v2\/posts\/41087\/revisions"}],"predecessor-version":[{"id":41124,"href":"https:\/\/soymigrante.com\/revista\/wp-json\/wp\/v2\/posts\/41087\/revisions\/41124"}],"wp:featuredmedia":[{"embeddable":true,"href":"https:\/\/soymigrante.com\/revista\/wp-json\/wp\/v2\/media\/41088"}],"wp:attachment":[{"href":"https:\/\/soymigrante.com\/revista\/wp-json\/wp\/v2\/media?parent=41087"}],"wp:term":[{"taxonomy":"category","embeddable":true,"href":"https:\/\/soymigrante.com\/revista\/wp-json\/wp\/v2\/categories?post=41087"},{"taxonomy":"post_tag","embeddable":true,"href":"https:\/\/soymigrante.com\/revista\/wp-json\/wp\/v2\/tags?post=41087"}],"curies":[{"name":"wp","href":"https:\/\/api.w.org\/{rel}","templated":true}]}}