{"id":41059,"date":"2025-08-04T06:00:00","date_gmt":"2025-08-04T12:00:00","guid":{"rendered":"https:\/\/soymigrante.com\/revista\/?p=41059"},"modified":"2025-08-03T22:39:38","modified_gmt":"2025-08-04T04:39:38","slug":"la-chapina-ofrece-sabores-de-casa-en-el-corazon-de-texas","status":"publish","type":"post","link":"https:\/\/soymigrante.com\/revista\/la-chapina-ofrece-sabores-de-casa-en-el-corazon-de-texas\/","title":{"rendered":"La Chapina ofrece sabores de casa en el coraz\u00f3n de Texas"},"content":{"rendered":"\t\t<div data-elementor-type=\"wp-post\" data-elementor-id=\"41059\" class=\"elementor elementor-41059\" data-elementor-post-type=\"post\">\n\t\t\t\t<div data-particle_enable=\"false\" data-particle-mobile-disabled=\"false\" class=\"elementor-element elementor-element-d7a0d72 e-flex e-con-boxed e-con e-parent\" data-id=\"d7a0d72\" data-element_type=\"container\" data-e-type=\"container\">\n\t\t\t\t\t<div class=\"e-con-inner\">\n\t\t\t\t<div class=\"elementor-element elementor-element-5956017 elementor-widget elementor-widget-heading\" data-id=\"5956017\" data-element_type=\"widget\" data-e-type=\"widget\" data-widget_type=\"heading.default\">\n\t\t\t\t\t<h2 class=\"elementor-heading-title elementor-size-default\">La Chapina es un restaurante lleno de sabores desde casa, en el coraz\u00f3n de Texas.<\/h2>\t\t\t\t<\/div>\n\t\t\t\t\t<\/div>\n\t\t\t\t<\/div>\n\t\t<div data-particle_enable=\"false\" data-particle-mobile-disabled=\"false\" class=\"elementor-element elementor-element-fa6a981 e-flex e-con-boxed e-con e-parent\" data-id=\"fa6a981\" data-element_type=\"container\" data-e-type=\"container\">\n\t\t\t\t\t<div class=\"e-con-inner\">\n\t\t\t\t<div class=\"elementor-element elementor-element-e0b2157 elementor-widget elementor-widget-text-editor\" data-id=\"e0b2157\" data-element_type=\"widget\" data-e-type=\"widget\" data-widget_type=\"text-editor.default\">\n\t\t\t\t\t\t\t\t\t<p>Desde que lleg\u00f3 a Estados Unidos en 2005, Glendi Garc\u00eda ha recorrido un camino marcado por el esfuerzo, la paciencia y la determinaci\u00f3n. Comenz\u00f3 lavando platos en cocinas de restaurantes y hoy dirige<a href=\"https:\/\/soymigrante.com\/revista\/consulados-de-guatemala-en-texas-estados-unidos\/\" target=\"_blank\" rel=\"noopener\"> La\u202fChapina, un restaurante que ofrece aut\u00e9ntica comida guatemalteca y salvadore\u00f1a en Marshall, Texas<\/a> \u2014 un lugar que hoy brilla como ejemplo de \u00e9xito para mujeres migrantes.<\/p>\t\t\t\t\t\t\t\t<\/div>\n\t\t\t\t\t<\/div>\n\t\t\t\t<\/div>\n\t\t<div data-particle_enable=\"false\" data-particle-mobile-disabled=\"false\" class=\"elementor-element elementor-element-2d62c86 e-flex e-con-boxed e-con e-parent\" data-id=\"2d62c86\" data-element_type=\"container\" data-e-type=\"container\">\n\t\t\t\t\t<div class=\"e-con-inner\">\n\t\t\t\t<div class=\"elementor-element elementor-element-1e28676 elementor-widget elementor-widget-heading\" data-id=\"1e28676\" data-element_type=\"widget\" data-e-type=\"widget\" data-widget_type=\"heading.default\">\n\t\t\t\t\t<h3 class=\"elementor-heading-title elementor-size-default\">De lavar platos al sue\u00f1o propio<\/h3>\t\t\t\t<\/div>\n\t\t\t\t\t<\/div>\n\t\t\t\t<\/div>\n\t\t<div data-particle_enable=\"false\" data-particle-mobile-disabled=\"false\" class=\"elementor-element elementor-element-cd75006 e-flex e-con-boxed e-con e-parent\" data-id=\"cd75006\" data-element_type=\"container\" data-e-type=\"container\">\n\t\t\t\t\t<div class=\"e-con-inner\">\n\t\t\t\t<div class=\"elementor-element elementor-element-3b5310a elementor-widget elementor-widget-text-editor\" data-id=\"3b5310a\" data-element_type=\"widget\" data-e-type=\"widget\" data-widget_type=\"text-editor.default\">\n\t\t\t\t\t\t\t\t\t<p>Originaria de Guatemala, Glendi inici\u00f3 su recorrido laboral en la clandestina esperanza de construir algo propio. Con cada plato que lavaba aprendi\u00f3 t\u00e9cnicas, sazones y el ritmo de la cocina profesional.<\/p><p><a href=\"https:\/\/soymigrante.com\/revista\/consulados-de-guatemala-en-texas-estados-unidos\/\" target=\"_blank\" rel=\"noopener\">Aquella experiencia se volvi\u00f3 la base para lanzar en 2025 su propio hogar culinario en Texas.<\/a> La Chapina es hoy un negocio familiar que materializa el sue\u00f1o de una emprendedora migrante con ra\u00edces firmes.<\/p>\t\t\t\t\t\t\t\t<\/div>\n\t\t\t\t\t<\/div>\n\t\t\t\t<\/div>\n\t\t<div data-particle_enable=\"false\" data-particle-mobile-disabled=\"false\" class=\"elementor-element elementor-element-6f566f7 e-flex e-con-boxed e-con e-parent\" data-id=\"6f566f7\" data-element_type=\"container\" data-e-type=\"container\">\n\t\t\t\t\t<div class=\"e-con-inner\">\n\t\t\t\t<div class=\"elementor-element elementor-element-e6d861f elementor-widget elementor-widget-image\" data-id=\"e6d861f\" data-element_type=\"widget\" data-e-type=\"widget\" data-widget_type=\"image.default\">\n\t\t\t\t\t\t\t\t\t\t\t\t<figure class=\"wp-caption\">\n\t\t\t\t\t\t\t\t\t\t<img fetchpriority=\"high\" decoding=\"async\" width=\"724\" height=\"443\" src=\"https:\/\/soymigrante.com\/revista\/wp-content\/uploads\/2025\/08\/La-Chapina-Sabores-de-casa-en-el-corazon-de-Texas2.webp\" class=\"attachment-large size-large wp-image-41063\" alt=\"Disfruta de deliciosas pupusas en La Changa, un restaurante en Salvadore\u00f1o-Guatemala con ambiente familiar, especialidades en sabores tradicionales y atenci\u00f3n c\u00e1lida, ideal para toda la familia.\" srcset=\"https:\/\/soymigrante.com\/revista\/wp-content\/uploads\/2025\/08\/La-Chapina-Sabores-de-casa-en-el-corazon-de-Texas2.webp 724w, https:\/\/soymigrante.com\/revista\/wp-content\/uploads\/2025\/08\/La-Chapina-Sabores-de-casa-en-el-corazon-de-Texas2-300x184.png 300w\" sizes=\"(max-width: 724px) 100vw, 724px\" title=\"La Chapina es un lugar para degustar de la comida guatemalteca. (Foto: News Messenger) \u2013 SoyMigrante.com REVISTA\" \/>\t\t\t\t\t\t\t\t\t\t\t<figcaption class=\"widget-image-caption wp-caption-text\">Restaurante La Changa en Guatemala, famoso por sus pupusas tradicionales y ambiente familiar, ofreciendo sabores aut\u00e9nticos y atenci\u00f3n c\u00e1lida, perfecto para disfrutar en pareja o en familia.<\/figcaption>\n\t\t\t\t\t\t\t\t\t\t<\/figure>\n\t\t\t\t\t\t\t\t\t<\/div>\n\t\t\t\t\t<\/div>\n\t\t\t\t<\/div>\n\t\t<div data-particle_enable=\"false\" data-particle-mobile-disabled=\"false\" class=\"elementor-element elementor-element-77bf808 e-flex e-con-boxed e-con e-parent\" data-id=\"77bf808\" data-element_type=\"container\" data-e-type=\"container\">\n\t\t\t\t\t<div class=\"e-con-inner\">\n\t\t\t\t<div class=\"elementor-element elementor-element-1fdc367 elementor-widget elementor-widget-heading\" data-id=\"1fdc367\" data-element_type=\"widget\" data-e-type=\"widget\" data-widget_type=\"heading.default\">\n\t\t\t\t\t<h3 class=\"elementor-heading-title elementor-size-default\">La propuesta gastron\u00f3mica: identidad y sabor<\/h3>\t\t\t\t<\/div>\n\t\t\t\t\t<\/div>\n\t\t\t\t<\/div>\n\t\t<div data-particle_enable=\"false\" data-particle-mobile-disabled=\"false\" class=\"elementor-element elementor-element-00153b0 e-flex e-con-boxed e-con e-parent\" data-id=\"00153b0\" data-element_type=\"container\" data-e-type=\"container\">\n\t\t\t\t\t<div class=\"e-con-inner\">\n\t\t\t\t<div class=\"elementor-element elementor-element-3b7958e elementor-widget elementor-widget-text-editor\" data-id=\"3b7958e\" data-element_type=\"widget\" data-e-type=\"widget\" data-widget_type=\"text-editor.default\">\n\t\t\t\t\t\t\t\t\t<p>La Chapina ofrece un men\u00fa que celebra los sabores centroamericanos: pep\u00edan, caldo de res y gallina, shukos, tamales, pupusas, fajitas al estilo chap\u00edn, junto a tortillas reci\u00e9n hechas y salsas caseras que evocan la nostalgia de casa. Tambi\u00e9n incluye platillos salvadore\u00f1os que complementan una experiencia aut\u00e9ntica del istmo.<\/p>\t\t\t\t\t\t\t\t<\/div>\n\t\t\t\t\t<\/div>\n\t\t\t\t<\/div>\n\t\t<div data-particle_enable=\"false\" data-particle-mobile-disabled=\"false\" class=\"elementor-element elementor-element-c88f36d e-flex e-con-boxed e-con e-parent\" data-id=\"c88f36d\" data-element_type=\"container\" data-e-type=\"container\">\n\t\t\t\t\t<div class=\"e-con-inner\">\n\t\t\t\t<div class=\"elementor-element elementor-element-3e41e4a elementor-widget elementor-widget-heading\" data-id=\"3e41e4a\" data-element_type=\"widget\" data-e-type=\"widget\" data-widget_type=\"heading.default\">\n\t\t\t\t\t<h3 class=\"elementor-heading-title elementor-size-default\">Esp\u00edritu emprendedor femenino en escena<\/h3>\t\t\t\t<\/div>\n\t\t\t\t\t<\/div>\n\t\t\t\t<\/div>\n\t\t<div data-particle_enable=\"false\" data-particle-mobile-disabled=\"false\" class=\"elementor-element elementor-element-84cfaa6 e-flex e-con-boxed e-con e-parent\" data-id=\"84cfaa6\" data-element_type=\"container\" data-e-type=\"container\">\n\t\t\t\t\t<div class=\"e-con-inner\">\n\t\t\t\t<div class=\"elementor-element elementor-element-36536b7 elementor-widget elementor-widget-text-editor\" data-id=\"36536b7\" data-element_type=\"widget\" data-e-type=\"widget\" data-widget_type=\"text-editor.default\">\n\t\t\t\t\t\t\t\t\t<p><a href=\"https:\/\/soymigrante.com\/revista\/consulados-de-guatemala-en-texas-estados-unidos\/\" target=\"_blank\" rel=\"noopener\">La historia de Glendi no es solo la de una chef, sino la de una migrante que ha transformado la nostalgia por sus ra\u00edces en una empresa pr\u00f3spera<\/a>. Su historia refleja el esp\u00edritu de resiliencia, especialmente entre las mujeres migrantes, que combinan valores tradicionales con visi\u00f3n empresarial. Su familia ha sido su sost\u00e9n: juntos han convertido recuerdos en \u00e9xitos tangibles.<\/p>\t\t\t\t\t\t\t\t<\/div>\n\t\t\t\t\t<\/div>\n\t\t\t\t<\/div>\n\t\t<div data-particle_enable=\"false\" data-particle-mobile-disabled=\"false\" class=\"elementor-element elementor-element-3815731 e-flex e-con-boxed e-con e-parent\" data-id=\"3815731\" data-element_type=\"container\" data-e-type=\"container\">\n\t\t\t\t\t<div class=\"e-con-inner\">\n\t\t\t\t<div class=\"elementor-element elementor-element-6e5f464 elementor-widget elementor-widget-heading\" data-id=\"6e5f464\" data-element_type=\"widget\" data-e-type=\"widget\" data-widget_type=\"heading.default\">\n\t\t\t\t\t<h3 class=\"elementor-heading-title elementor-size-default\">Comunidad, cultura y reconocimiento local<\/h3>\t\t\t\t<\/div>\n\t\t\t\t\t<\/div>\n\t\t\t\t<\/div>\n\t\t<div data-particle_enable=\"false\" data-particle-mobile-disabled=\"false\" class=\"elementor-element elementor-element-4b9f3ec e-flex e-con-boxed e-con e-parent\" data-id=\"4b9f3ec\" data-element_type=\"container\" data-e-type=\"container\">\n\t\t\t\t\t<div class=\"e-con-inner\">\n\t\t\t\t<div class=\"elementor-element elementor-element-50e5001 elementor-widget elementor-widget-text-editor\" data-id=\"50e5001\" data-element_type=\"widget\" data-e-type=\"widget\" data-widget_type=\"text-editor.default\">\n\t\t\t\t\t\t\t\t\t<p><a href=\"https:\/\/soymigrante.com\/revista\/consulados-de-guatemala-en-texas-estados-unidos\/\" target=\"_blank\" rel=\"noopener\">La Chapina se ha convertido en un punto de encuentro comunitario.<\/a> Entre clientes chapines y latinos que a\u00f1oran sabores de su infancia, muchos estadounidenses descubren por primera vez la riqueza de la cocina guatemalteca y salvadore\u00f1a. El restaurante representa la celebraci\u00f3n de la identidad centroamericana en Texas \u2014 una estancia de cultura, sabor y memoria.<\/p>\t\t\t\t\t\t\t\t<\/div>\n\t\t\t\t\t<\/div>\n\t\t\t\t<\/div>\n\t\t<div data-particle_enable=\"false\" data-particle-mobile-disabled=\"false\" class=\"elementor-element elementor-element-b46d92a e-flex e-con-boxed e-con e-parent\" data-id=\"b46d92a\" data-element_type=\"container\" data-e-type=\"container\">\n\t\t\t\t\t<div class=\"e-con-inner\">\n\t\t\t\t<div class=\"elementor-element elementor-element-eb54481 elementor-widget elementor-widget-image\" data-id=\"eb54481\" data-element_type=\"widget\" data-e-type=\"widget\" data-widget_type=\"image.default\">\n\t\t\t\t\t\t\t\t\t\t\t\t<figure class=\"wp-caption\">\n\t\t\t\t\t\t\t\t\t\t<img decoding=\"async\" width=\"657\" height=\"438\" src=\"https:\/\/soymigrante.com\/revista\/wp-content\/uploads\/2025\/08\/La-Chapina-Sabores-de-casa-en-el-corazon-de-Texas3.webp\" class=\"attachment-large size-large wp-image-41064\" alt=\"Es_ES.\" srcset=\"https:\/\/soymigrante.com\/revista\/wp-content\/uploads\/2025\/08\/La-Chapina-Sabores-de-casa-en-el-corazon-de-Texas3.webp 657w, https:\/\/soymigrante.com\/revista\/wp-content\/uploads\/2025\/08\/La-Chapina-Sabores-de-casa-en-el-corazon-de-Texas3-300x200.png 300w\" sizes=\"(max-width: 657px) 100vw, 657px\" title=\"La Chapina tiene un ambiente familiar, donde se degusta comida deliciosa. (Foto: News Messenger) \u2013 SoyMigrante.com REVISTA\" \/>\t\t\t\t\t\t\t\t\t\t\t<figcaption class=\"widget-image-caption wp-caption-text\">Colorida pared decorativa que representa escenas t\u00edpicas de Guatemala con animales, transporte y paisajes, en un restaurante o cafeter\u00eda, promoviendo la cultura guatemalteca y el turismo local.<\/figcaption>\n\t\t\t\t\t\t\t\t\t\t<\/figure>\n\t\t\t\t\t\t\t\t\t<\/div>\n\t\t\t\t\t<\/div>\n\t\t\t\t<\/div>\n\t\t<div data-particle_enable=\"false\" data-particle-mobile-disabled=\"false\" class=\"elementor-element elementor-element-7b5eaf0 e-flex e-con-boxed e-con e-parent\" data-id=\"7b5eaf0\" data-element_type=\"container\" data-e-type=\"container\">\n\t\t\t\t\t<div class=\"e-con-inner\">\n\t\t\t\t<div class=\"elementor-element elementor-element-62b20c1 elementor-widget elementor-widget-heading\" data-id=\"62b20c1\" data-element_type=\"widget\" data-e-type=\"widget\" data-widget_type=\"heading.default\">\n\t\t\t\t\t<h3 class=\"elementor-heading-title elementor-size-default\">Un ejemplo inspirador<\/h3>\t\t\t\t<\/div>\n\t\t\t\t\t<\/div>\n\t\t\t\t<\/div>\n\t\t<div data-particle_enable=\"false\" data-particle-mobile-disabled=\"false\" class=\"elementor-element elementor-element-411470d e-flex e-con-boxed e-con e-parent\" data-id=\"411470d\" data-element_type=\"container\" data-e-type=\"container\">\n\t\t\t\t\t<div class=\"e-con-inner\">\n\t\t\t\t<div class=\"elementor-element elementor-element-5ea4eaa elementor-widget elementor-widget-text-editor\" data-id=\"5ea4eaa\" data-element_type=\"widget\" data-e-type=\"widget\" data-widget_type=\"text-editor.default\">\n\t\t\t\t\t\t\t\t\t<p><a href=\"https:\/\/soymigrante.com\/revista\/consulados-de-guatemala-en-texas-estados-unidos\/\" target=\"_blank\" rel=\"noopener\">La trajectoria de Glendi Garc\u00eda, desde lavar platos hasta liderar su propio restaurante<\/a>, es un testimonio de perseverancia y emprendimiento.<\/p><p>Su experiencia demuestra que la pasi\u00f3n, sumada a la humildad de aprender desde abajo, puede rescatar y reconstruir identidades culturales.<\/p><p>Mientras La Chapina sigue creciendo, tambi\u00e9n abre puertas para otras mujeres migrantes que buscan transformar sus sue\u00f1os en realidades aut\u00e9nticas.<\/p>\t\t\t\t\t\t\t\t<\/div>\n\t\t\t\t\t<\/div>\n\t\t\t\t<\/div>\n\t\t<div data-particle_enable=\"false\" data-particle-mobile-disabled=\"false\" class=\"elementor-element elementor-element-18ad482 e-flex e-con-boxed e-con e-parent\" data-id=\"18ad482\" data-element_type=\"container\" data-e-type=\"container\">\n\t\t\t\t\t<div class=\"e-con-inner\">\n\t\t\t\t<div class=\"elementor-element elementor-element-b3a2f4e elementor-widget elementor-widget-text-editor\" data-id=\"b3a2f4e\" data-element_type=\"widget\" data-e-type=\"widget\" data-widget_type=\"text-editor.default\">\n\t\t\t\t\t\t\t\t\t<p>La Chapina es m\u00e1s que un restaurante: es el fruto del esfuerzo y la identidad guardada con orgullo por Glendi Garc\u00eda.<\/p><p>En su cocina no solo se preparan platos tradicionales, tambi\u00e9n se cocinan sue\u00f1os, <a href=\"https:\/\/soymigrante.com\/revista\/consulados-de-guatemala-en-texas-estados-unidos\/\" target=\"_blank\" rel=\"noopener\">memorias y el reflejo del esp\u00edritu emprendedor de las mujeres migrantes.<\/a><\/p><p>Con su saz\u00f3n aut\u00e9ntica y su fuerza invisible, La Chapina se ha ganado un lugar en el coraz\u00f3n de Texas.<\/p>\t\t\t\t\t\t\t\t<\/div>\n\t\t\t\t\t<\/div>\n\t\t\t\t<\/div>\n\t\t<div data-particle_enable=\"false\" data-particle-mobile-disabled=\"false\" class=\"elementor-element elementor-element-0089c1e e-flex e-con-boxed e-con e-parent\" data-id=\"0089c1e\" data-element_type=\"container\" data-e-type=\"container\">\n\t\t\t\t\t<div class=\"e-con-inner\">\n\t\t\t\t<div class=\"elementor-element elementor-element-7269bfd elementor-widget elementor-widget-heading\" data-id=\"7269bfd\" data-element_type=\"widget\" data-e-type=\"widget\" data-widget_type=\"heading.default\">\n\t\t\t\t\t<h2 class=\"elementor-heading-title elementor-size-default\">Conoce otras historias inspiradoras, ac\u00e1...<\/h2>\t\t\t\t<\/div>\n\t\t\t\t\t<\/div>\n\t\t\t\t<\/div>\n\t\t<div data-particle_enable=\"false\" data-particle-mobile-disabled=\"false\" class=\"elementor-element elementor-element-58b626e e-flex e-con-boxed e-con e-parent\" data-id=\"58b626e\" data-element_type=\"container\" data-e-type=\"container\">\n\t\t\t\t\t<div class=\"e-con-inner\">\n\t\t\t\t<div class=\"elementor-element elementor-element-eccad44 elementor-grid-eael-col-3 elementor-grid-tablet-eael-col-2 elementor-grid-mobile-eael-col-1 elementor-invisible elementor-widget elementor-widget-eael-post-grid\" data-id=\"eccad44\" data-element_type=\"widget\" data-e-type=\"widget\" data-settings=\"{&quot;eael_post_grid_columns&quot;:&quot;eael-col-3&quot;,&quot;_animation&quot;:&quot;rollIn&quot;,&quot;eael_post_grid_columns_tablet&quot;:&quot;eael-col-2&quot;,&quot;eael_post_grid_columns_mobile&quot;:&quot;eael-col-1&quot;}\" data-widget_type=\"eael-post-grid.default\">\n\t\t\t\t\t<div id=\"eael-post-grid-eccad44\" class=\"eael-post-grid-container\">\n            <div class=\"eael-post-grid eael-post-appender eael-post-appender-eccad44 eael-post-grid-style-one\" data-layout-mode=\"masonry\"><article class=\"eael-grid-post  eael-post-grid-column eael-pg-post-5392 category-exitos\" data-id=\"5392\">\n        <div class=\"eael-grid-post-holder\">\n            <div class=\"eael-grid-post-holder-inner\"><div class=\"eael-entry-media\"><div class=\"eael-entry-overlay fade-in\"><i class=\"far fa-hand-pointer\" aria-hidden=\"true\"><\/i><a href=\"https:\/\/soymigrante.com\/revista\/historia-migrante-juan-guarcas-quiche-chef-exitoso-restaurant-texas\/\"><\/a><\/div><div class=\"eael-entry-thumbnail \">\n                <img decoding=\"async\" width=\"617\" height=\"546\" src=\"https:\/\/soymigrante.com\/revista\/wp-content\/uploads\/2024\/03\/juancho.webp\" class=\"attachment-large size-large wp-image-5395\" alt=\"Migrante Juan Guarcax, originario de Joyabaj, Quich\u00e9, es chef graduado en Estados Unidos y su especialidad es la comida italiana. Su restaurante Bella M\u00eda es un \u00e9xito en McAllen, Texas.\" srcset=\"https:\/\/soymigrante.com\/revista\/wp-content\/uploads\/2024\/03\/juancho.webp 617w, https:\/\/soymigrante.com\/revista\/wp-content\/uploads\/2024\/03\/juancho-300x265.webp 300w\" sizes=\"(max-width: 617px) 100vw, 617px\" \/>\n            <\/div>\n        <\/div><div class=\"eael-entry-wrapper\"><header class=\"eael-entry-header\"><h2 class=\"eael-entry-title\"><a class=\"eael-grid-post-link\" href=\"https:\/\/soymigrante.com\/revista\/historia-migrante-juan-guarcas-quiche-chef-exitoso-restaurant-texas\/\" title=\"Migrante Juan Guarcas, de Joyabaj, es exitoso chef italiano en Texas\">Migrante Juan Guarcas, de Joyabaj, es exitoso chef italiano en Texas<\/a><\/h2><\/header><div class=\"eael-entry-content\">\n                        <div class=\"eael-grid-post-excerpt\"><a href=\"https:\/\/soymigrante.com\/revista\/historia-migrante-juan-guarcas-quiche-chef-exitoso-restaurant-texas\/\" class=\"eael-post-elements-readmore-btn\">CONOCE SU HISTORIA <\/a><\/div>\n                    <\/div><\/div><\/div>\n        <\/div>\n    <\/article><article class=\"eael-grid-post  eael-post-grid-column eael-pg-post-2838 category-exitos\" data-id=\"2838\">\n        <div class=\"eael-grid-post-holder\">\n            <div class=\"eael-grid-post-holder-inner\"><div class=\"eael-entry-media\"><div class=\"eael-entry-overlay fade-in\"><i class=\"far fa-hand-pointer\" aria-hidden=\"true\"><\/i><a href=\"https:\/\/soymigrante.com\/revista\/migrante-y-emprendedora-emi-la-guatemalteca-ofrece-sabores-aromas-y-memorias-en-houston\/\"><\/a><\/div><div class=\"eael-entry-thumbnail \">\n                <img loading=\"lazy\" decoding=\"async\" width=\"768\" height=\"1024\" src=\"https:\/\/soymigrante.com\/revista\/wp-content\/uploads\/2023\/10\/Emi-es-una-emprendedora-guatemalteca-que-disfruta-compartir-con-los-connacionales-es-orgullosa-de-sus-raices-.webp\" class=\"attachment-large size-large wp-image-2833\" alt=\"Emi es una emprendedora guatemalteca que disfruta compartir con los connacionales, es orgullosa de sus ra\u00edces\" srcset=\"https:\/\/soymigrante.com\/revista\/wp-content\/uploads\/2023\/10\/Emi-es-una-emprendedora-guatemalteca-que-disfruta-compartir-con-los-connacionales-es-orgullosa-de-sus-raices-.webp 768w, https:\/\/soymigrante.com\/revista\/wp-content\/uploads\/2023\/10\/Emi-es-una-emprendedora-guatemalteca-que-disfruta-compartir-con-los-connacionales-es-orgullosa-de-sus-raices--225x300.webp 225w, https:\/\/soymigrante.com\/revista\/wp-content\/uploads\/2023\/10\/Emi-es-una-emprendedora-guatemalteca-que-disfruta-compartir-con-los-connacionales-es-orgullosa-de-sus-raices--750x1000.webp 750w\" sizes=\"(max-width: 768px) 100vw, 768px\" \/>\n            <\/div>\n        <\/div><div class=\"eael-entry-wrapper\"><header class=\"eael-entry-header\"><h2 class=\"eael-entry-title\"><a class=\"eael-grid-post-link\" href=\"https:\/\/soymigrante.com\/revista\/migrante-y-emprendedora-emi-la-guatemalteca-ofrece-sabores-aromas-y-memorias-en-houston\/\" title=\"Emi La Guatemalteca ofrece sabores, aromas y memorias en Dallas, Texas\">Emi La Guatemalteca ofrece sabores, aromas y memorias en Dallas, Texas<\/a><\/h2><\/header><div class=\"eael-entry-content\">\n                        <div class=\"eael-grid-post-excerpt\"><a href=\"https:\/\/soymigrante.com\/revista\/migrante-y-emprendedora-emi-la-guatemalteca-ofrece-sabores-aromas-y-memorias-en-houston\/\" class=\"eael-post-elements-readmore-btn\">CONOCE SU HISTORIA <\/a><\/div>\n                    <\/div><\/div><\/div>\n        <\/div>\n    <\/article><article class=\"eael-grid-post  eael-post-grid-column eael-pg-post-1308 category-estamos-unidos\" data-id=\"1308\">\n        <div class=\"eael-grid-post-holder\">\n            <div class=\"eael-grid-post-holder-inner\"><div class=\"eael-entry-media\"><div class=\"eael-entry-overlay fade-in\"><i class=\"far fa-hand-pointer\" aria-hidden=\"true\"><\/i><a href=\"https:\/\/soymigrante.com\/revista\/voto-de-migrantes-guatemaltecos-impulsa-organizacion\/\"><\/a><\/div><div class=\"eael-entry-thumbnail \">\n                <img loading=\"lazy\" decoding=\"async\" width=\"940\" height=\"627\" src=\"https:\/\/soymigrante.com\/revista\/wp-content\/uploads\/2023\/06\/voto-en-el-extranjero.webp\" class=\"attachment-large size-large wp-image-1330\" alt=\"voto en el extranjero\" srcset=\"https:\/\/soymigrante.com\/revista\/wp-content\/uploads\/2023\/06\/voto-en-el-extranjero.webp 940w, https:\/\/soymigrante.com\/revista\/wp-content\/uploads\/2023\/06\/voto-en-el-extranjero-300x200.webp 300w, https:\/\/soymigrante.com\/revista\/wp-content\/uploads\/2023\/06\/voto-en-el-extranjero-768x512.webp 768w, https:\/\/soymigrante.com\/revista\/wp-content\/uploads\/2023\/06\/voto-en-el-extranjero-750x500.webp 750w, https:\/\/soymigrante.com\/revista\/wp-content\/uploads\/2023\/06\/voto-en-el-extranjero-600x400.webp 600w\" sizes=\"(max-width: 940px) 100vw, 940px\" \/>\n            <\/div>\n        <\/div><div class=\"eael-entry-wrapper\"><header class=\"eael-entry-header\"><h2 class=\"eael-entry-title\"><a class=\"eael-grid-post-link\" href=\"https:\/\/soymigrante.com\/revista\/voto-de-migrantes-guatemaltecos-impulsa-organizacion\/\" title=\"\u00bfCu\u00e1ntos migrantes guatemaltecos empadronados hay en ciudades de Estados Unidos?\">\u00bfCu\u00e1ntos migrantes guatemaltecos empadronados hay en ciudades de Estados Unidos?<\/a><\/h2><\/header><div class=\"eael-entry-content\">\n                        <div class=\"eael-grid-post-excerpt\"><a href=\"https:\/\/soymigrante.com\/revista\/voto-de-migrantes-guatemaltecos-impulsa-organizacion\/\" class=\"eael-post-elements-readmore-btn\">CONOCE SU HISTORIA <\/a><\/div>\n                    <\/div><\/div><\/div>\n        <\/div>\n    <\/article><\/div>\n            <div class=\"clearfix\"><\/div>\n        <\/div>\t\t\t\t<\/div>\n\t\t\t\t\t<\/div>\n\t\t\t\t<\/div>\n\t\t\t\t<\/div>\n\t\t","protected":false},"excerpt":{"rendered":"<p>La Chapina es un restaurante lleno de sabores desde casa, en el coraz\u00f3n de Texas. Desde que lleg\u00f3 a Estados Unidos en 2005, Glendi Garc\u00eda ha recorrido un camino marcado por el esfuerzo, la paciencia y la determinaci\u00f3n. Comenz\u00f3 lavando platos en cocinas de restaurantes y hoy dirige La\u202fChapina, un restaurante que ofrece aut\u00e9ntica comida [&hellip;]<\/p>\n","protected":false},"author":19,"featured_media":41060,"comment_status":"open","ping_status":"open","sticky":false,"template":"","format":"standard","meta":{"_acf_changed":false,"_eb_attr":"","footnotes":""},"categories":[58],"tags":[],"class_list":["post-41059","post","type-post","status-publish","format-standard","has-post-thumbnail","hentry","category-guate-nuestra"],"acf":[],"aioseo_notices":[],"aioseo_head":"\n\t\t<!-- All in One SEO Pro 4.9.6.2 - aioseo.com -->\n\t<meta name=\"description\" content=\"\u00bfEn d\u00f3nde est\u00e1n los migrantes guatemaltecos empadronados para votar el 25 de junio? Una mayor participaci\u00f3n respecto de las elecciones de 2019 se espera en las elecciones generales del 25 de junio de 2023, que ser\u00e1 la segunda ocasi\u00f3n en que guatemaltecos empadronados en Estados Unidos puedan emitir el sufragio. Esta vez hay 98,708 guatemaltecos\" \/>\n\t<meta name=\"robots\" content=\"max-snippet:-1, max-image-preview:large, max-video-preview:-1\" \/>\n\t<meta name=\"author\" content=\"Diana Batz\"\/>\n\t<link rel=\"canonical\" href=\"https:\/\/soymigrante.com\/revista\/voto-de-migrantes-guatemaltecos-impulsa-organizacion\/\" \/>\n\t<meta name=\"generator\" content=\"All in One SEO Pro (AIOSEO) 4.9.6.2\" \/>\n\n\t\t<link rel=\"preconnect\" href=\"https:\/\/fonts.googleapis.com\" crossorigin>\n<link rel=\"preconnect\" href=\"https:\/\/fonts.gstatic.com\" crossorigin>\n\t\t<meta property=\"og:locale\" content=\"es_ES\" \/>\n\t\t<meta property=\"og:site_name\" content=\"SoyMigrante.com REVISTA \u2013 Nuestra misi\u00f3n es reconocer y dignificar al migrante.\" \/>\n\t\t<meta property=\"og:type\" content=\"article\" \/>\n\t\t<meta property=\"og:title\" content=\"\u00bfCu\u00e1ntos migrantes guatemaltecos empadronados hay en ciudades de Estados Unidos?\" \/>\n\t\t<meta property=\"og:description\" content=\"\u00bfEn d\u00f3nde est\u00e1n los migrantes guatemaltecos empadronados para votar el 25 de junio? Una mayor participaci\u00f3n respecto de las elecciones de 2019 se espera en las elecciones generales del 25 de junio de 2023, que ser\u00e1 la segunda ocasi\u00f3n en que guatemaltecos empadronados en Estados Unidos puedan emitir el sufragio. Esta vez hay 98,708 guatemaltecos\" \/>\n\t\t<meta property=\"og:url\" content=\"https:\/\/soymigrante.com\/revista\/voto-de-migrantes-guatemaltecos-impulsa-organizacion\/\" \/>\n\t\t<meta property=\"og:image\" content=\"https:\/\/soymigrante.com\/revista\/wp-content\/uploads\/2023\/06\/voto-en-el-extranjero.webp\" \/>\n\t\t<meta property=\"og:image:secure_url\" content=\"https:\/\/soymigrante.com\/revista\/wp-content\/uploads\/2023\/06\/voto-en-el-extranjero.webp\" \/>\n\t\t<meta property=\"og:image:width\" content=\"940\" \/>\n\t\t<meta property=\"og:image:height\" content=\"627\" \/>\n\t\t<meta property=\"article:published_time\" content=\"2023-06-12T00:14:35+00:00\" \/>\n\t\t<meta property=\"article:modified_time\" content=\"2024-06-25T22:11:32+00:00\" \/>\n\t\t<meta property=\"article:publisher\" content=\"https:\/\/www.facebook.com\/soymigrantecom\" \/>\n\t\t<meta name=\"twitter:card\" content=\"summary_large_image\" \/>\n\t\t<meta name=\"twitter:site\" content=\"@SoyMigrante_com\" \/>\n\t\t<meta name=\"twitter:title\" content=\"\u00bfCu\u00e1ntos migrantes guatemaltecos empadronados hay en ciudades de Estados Unidos?\" \/>\n\t\t<meta name=\"twitter:description\" content=\"\u00bfEn d\u00f3nde est\u00e1n los migrantes guatemaltecos empadronados para votar el 25 de junio? Una mayor participaci\u00f3n respecto de las elecciones de 2019 se espera en las elecciones generales del 25 de junio de 2023, que ser\u00e1 la segunda ocasi\u00f3n en que guatemaltecos empadronados en Estados Unidos puedan emitir el sufragio. Esta vez hay 98,708 guatemaltecos\" \/>\n\t\t<meta name=\"twitter:creator\" content=\"@SoyMigrante_com\" \/>\n\t\t<meta name=\"twitter:image\" content=\"https:\/\/soymigrante.com\/revista\/wp-content\/uploads\/2023\/06\/voto-en-el-extranjero.webp\" \/>\n\t\t<!-- All in One SEO Pro -->\r\n\t\t<title>\u00bfCu\u00e1ntos migrantes guatemaltecos empadronados hay en ciudades de Estados Unidos?<\/title>\n\n","aioseo_head_json":{"title":"\u00bfCu\u00e1ntos migrantes guatemaltecos empadronados hay en ciudades de Estados Unidos?","description":"\u00bfEn d\u00f3nde est\u00e1n los migrantes guatemaltecos empadronados para votar el 25 de junio? Una mayor participaci\u00f3n respecto de las elecciones de 2019 se espera en las elecciones generales del 25 de junio de 2023, que ser\u00e1 la segunda ocasi\u00f3n en que guatemaltecos empadronados en Estados Unidos puedan emitir el sufragio. Esta vez hay 98,708 guatemaltecos","canonical_url":"https:\/\/soymigrante.com\/revista\/voto-de-migrantes-guatemaltecos-impulsa-organizacion\/","robots":"max-snippet:-1, max-image-preview:large, max-video-preview:-1","keywords":"","webmasterTools":{"miscellaneous":"&lt;link rel=\"preconnect\" href=\"https:\/\/fonts.googleapis.com\" crossorigin&gt;\n&lt;link rel=\"preconnect\" href=\"https:\/\/fonts.gstatic.com\" crossorigin&gt;"},"schema":null,"og:locale":"es_ES","og:site_name":"SoyMigrante.com REVISTA \u2013 Nuestra misi\u00f3n es reconocer y dignificar al migrante.","og:type":"article","og:title":"\u00bfCu\u00e1ntos migrantes guatemaltecos empadronados hay en ciudades de Estados Unidos?","og:description":"\u00bfEn d\u00f3nde est\u00e1n los migrantes guatemaltecos empadronados para votar el 25 de junio? Una mayor participaci\u00f3n respecto de las elecciones de 2019 se espera en las elecciones generales del 25 de junio de 2023, que ser\u00e1 la segunda ocasi\u00f3n en que guatemaltecos empadronados en Estados Unidos puedan emitir el sufragio. Esta vez hay 98,708 guatemaltecos","og:url":"https:\/\/soymigrante.com\/revista\/voto-de-migrantes-guatemaltecos-impulsa-organizacion\/","og:image":"https:\/\/soymigrante.com\/revista\/wp-content\/uploads\/2023\/06\/voto-en-el-extranjero.webp","og:image:secure_url":"https:\/\/soymigrante.com\/revista\/wp-content\/uploads\/2023\/06\/voto-en-el-extranjero.webp","og:image:width":940,"og:image:height":627,"article:published_time":"2023-06-12T00:14:35+00:00","article:modified_time":"2024-06-25T22:11:32+00:00","article:publisher":"https:\/\/www.facebook.com\/soymigrantecom","twitter:card":"summary_large_image","twitter:site":"@SoyMigrante_com","twitter:title":"\u00bfCu\u00e1ntos migrantes guatemaltecos empadronados hay en ciudades de Estados Unidos?","twitter:description":"\u00bfEn d\u00f3nde est\u00e1n los migrantes guatemaltecos empadronados para votar el 25 de junio? Una mayor participaci\u00f3n respecto de las elecciones de 2019 se espera en las elecciones generales del 25 de junio de 2023, que ser\u00e1 la segunda ocasi\u00f3n en que guatemaltecos empadronados en Estados Unidos puedan emitir el sufragio. Esta vez hay 98,708 guatemaltecos","twitter:creator":"@SoyMigrante_com","twitter:image":"https:\/\/soymigrante.com\/revista\/wp-content\/uploads\/2023\/06\/voto-en-el-extranjero.webp"},"aioseo_meta_data":{"post_id":"41059","title":null,"description":"La Chapina es un restaurante lleno de sabores desde casa, en el coraz\u00f3n de Texas.","keywords":null,"keyphrases":{"focus":{"keyphrase":"Chapina","score":91,"analysis":{"keyphraseInTitle":{"score":9,"maxScore":9,"error":0},"keyphraseInDescription":{"score":9,"maxScore":9,"error":0},"keyphraseLength":{"score":9,"maxScore":9,"error":0,"length":1},"keyphraseInURL":{"score":5,"maxScore":5,"error":0},"keyphraseInIntroduction":{"score":9,"maxScore":9,"error":0},"keyphraseInSubHeadings":{"score":3,"maxScore":9,"error":1},"keyphraseInImageAlt":{"score":9,"maxScore":9,"error":0},"keywordDensity":{"type":"best","score":9,"maxScore":9,"error":0}}},"additional":[{"keyphrase":"texas","score":100,"analysis":{"keyphraseInDescription":{"score":9,"maxScore":9,"error":0},"keyphraseLength":{"score":9,"maxScore":9,"error":0,"length":1},"keyphraseInIntroduction":{"score":9,"maxScore":9,"error":0},"keyphraseInImageAlt":{"score":9,"maxScore":9,"error":0},"keywordDensity":{"type":"best","score":9,"maxScore":9,"error":0}}}]},"primary_term":null,"canonical_url":null,"og_title":null,"og_description":null,"og_object_type":"default","og_image_type":"default","og_image_url":null,"og_image_width":null,"og_image_height":null,"og_image_custom_url":null,"og_image_custom_fields":null,"og_video":"","og_custom_url":null,"og_article_section":null,"og_article_tags":null,"twitter_use_og":false,"twitter_card":"default","twitter_image_type":"default","twitter_image_url":null,"twitter_image_custom_url":null,"twitter_image_custom_fields":null,"twitter_title":null,"twitter_description":null,"schema":{"blockGraphs":[],"customGraphs":[],"default":{"data":{"Article":[],"Course":[],"Dataset":[],"FAQPage":[],"Movie":[],"Person":[],"Product":[],"ProductReview":[],"Car":[],"Recipe":[],"Service":[],"SoftwareApplication":[],"WebPage":[]},"graphName":"none","isEnabled":true},"graphs":[]},"schema_type":"default","schema_type_options":null,"pillar_content":false,"robots_default":true,"robots_noindex":false,"robots_noarchive":false,"robots_nosnippet":false,"robots_nofollow":false,"robots_noimageindex":false,"robots_noodp":false,"robots_notranslate":false,"robots_max_snippet":"-1","robots_max_videopreview":"-1","robots_max_imagepreview":"large","priority":null,"frequency":"default","local_seo":null,"seo_analyzer_scan_date":"2025-10-09 07:24:14","breadcrumb_settings":null,"limit_modified_date":false,"reviewed_by":"0","open_ai":null,"ai":{"faqs":[],"keyPoints":[],"titles":[],"descriptions":[],"socialPosts":{"email":[],"linkedin":[],"twitter":[],"facebook":[],"instagram":[]}},"created":"2025-08-01 18:18:03","updated":"2026-02-05 03:30:13"},"aioseo_breadcrumb":"<div class=\"aioseo-breadcrumbs\"><span class=\"aioseo-breadcrumb\">\n\t<a href=\"https:\/\/soymigrante.com\/revista\" title=\"Home\">Home<\/a>\n<\/span><span class=\"aioseo-breadcrumb-separator\">\u00bb<\/span><span class=\"aioseo-breadcrumb\">\n\t<a href=\"https:\/\/soymigrante.com\/revista\/category\/guate-nuestra\/\" title=\"Guate Nuestra\">Guate Nuestra<\/a>\n<\/span><span class=\"aioseo-breadcrumb-separator\">\u00bb<\/span><span class=\"aioseo-breadcrumb\">\n\tLa Chapina ofrece sabores de casa en el coraz\u00f3n de Texas\n<\/span><\/div>","aioseo_breadcrumb_json":[{"label":"Home","link":"https:\/\/soymigrante.com\/revista"},{"label":"Guate Nuestra","link":"https:\/\/soymigrante.com\/revista\/category\/guate-nuestra\/"},{"label":"La Chapina ofrece sabores de casa en el coraz\u00f3n de Texas","link":"https:\/\/soymigrante.com\/revista\/la-chapina-ofrece-sabores-de-casa-en-el-corazon-de-texas\/"}],"_links":{"self":[{"href":"https:\/\/soymigrante.com\/revista\/wp-json\/wp\/v2\/posts\/41059","targetHints":{"allow":["GET"]}}],"collection":[{"href":"https:\/\/soymigrante.com\/revista\/wp-json\/wp\/v2\/posts"}],"about":[{"href":"https:\/\/soymigrante.com\/revista\/wp-json\/wp\/v2\/types\/post"}],"author":[{"embeddable":true,"href":"https:\/\/soymigrante.com\/revista\/wp-json\/wp\/v2\/users\/19"}],"replies":[{"embeddable":true,"href":"https:\/\/soymigrante.com\/revista\/wp-json\/wp\/v2\/comments?post=41059"}],"version-history":[{"count":10,"href":"https:\/\/soymigrante.com\/revista\/wp-json\/wp\/v2\/posts\/41059\/revisions"}],"predecessor-version":[{"id":41128,"href":"https:\/\/soymigrante.com\/revista\/wp-json\/wp\/v2\/posts\/41059\/revisions\/41128"}],"wp:featuredmedia":[{"embeddable":true,"href":"https:\/\/soymigrante.com\/revista\/wp-json\/wp\/v2\/media\/41060"}],"wp:attachment":[{"href":"https:\/\/soymigrante.com\/revista\/wp-json\/wp\/v2\/media?parent=41059"}],"wp:term":[{"taxonomy":"category","embeddable":true,"href":"https:\/\/soymigrante.com\/revista\/wp-json\/wp\/v2\/categories?post=41059"},{"taxonomy":"post_tag","embeddable":true,"href":"https:\/\/soymigrante.com\/revista\/wp-json\/wp\/v2\/tags?post=41059"}],"curies":[{"name":"wp","href":"https:\/\/api.w.org\/{rel}","templated":true}]}}